{"id":39574,"date":"2019-10-01T20:27:44","date_gmt":"2019-10-01T23:27:44","guid":{"rendered":"https:\/\/www.suno.com.br\/noticias\/?p=39574"},"modified":"2021-05-30T16:04:21","modified_gmt":"2021-05-30T19:04:21","slug":"carrefour-brasil-chega-acordo-ewally","status":"publish","type":"post","link":"https:\/\/www.suno.com.br\/noticias\/carrefour-brasil-chega-acordo-ewally\/","title":{"rendered":"Carrefour Brasil chega a acordo por 49% de Ewally"},"content":{"rendered":"<p>O <a href=\"https:\/\/www.suno.com.br\/noticias\/carrefour-ceo-grupo-pao-de-acucar\/\">Carrefour Brasil (CRFB3)<\/a> comunicou nesta ter\u00e7a-feira (01) que chegou a um acordo para aquisi\u00e7\u00e3o de 49% da fintech <strong>Ewally,<\/strong> com op\u00e7\u00e3o de compra do controle em 2022. A informa\u00e7\u00e3o foi noticiada pela ag\u00eancia Reuters.<\/p>\t<div class=\"wrapper-featured-image\">\n\t\t<figure class=\"spotlightImg\">\n\n\t\t\t<picture>\n\t\t\t\t<source media=\"(max-width: 768px)\" srcset=\"https:\/\/files.sunoresearch.com.br\/n\/uploads\/2019\/08\/f020c177-carrefour-loja-conceito-novarejo-diebold-400x200.webp\">\n\t\t\t\t<img loading=\"lazy\" decoding=\"async\" class=\"newsContent__article__imgCapa lazyloadDisabled newsContent__article__imgCapa--noCaption\" src=\"https:\/\/files.sunoresearch.com.br\/n\/uploads\/2019\/08\/f020c177-carrefour-loja-conceito-novarejo-diebold-jpg.webp\" width=\"800\" height=\"450\" alt=\"Carrefour Brasil chega a acordo por 49% de Ewally\" fetchpriority=high \/>\n\t\t\t<\/picture>\n\n\t\t\t<figcaption class=\"wp-caption-text wp-caption-text--hide\">Banco Carrefour recebe aval do BC para operar como banco m\u00faltiplo<\/figcaption>\n\t\t<\/figure>\n\t<\/div>\n\n\n\n<p>Em comunicado, o <strong>Carrefour Brasil<\/strong> declarou que: \u201cPlenamente alinhada com a estrat\u00e9gia de digitaliza\u00e7\u00e3o da companhia, esse movimento d\u00e1 in\u00edcio \u00e0 atua\u00e7\u00e3o no segmento de conta digital\u201d.<\/p>\n<p>Al\u00e9m disso, a empresa salientou que o acordo acelerar\u00e1 o processo de <strong>transforma\u00e7\u00e3o digital<\/strong> e <strong>inova\u00e7\u00e3o,<\/strong> ampliando seu <strong>ecossistema de pagamentos<\/strong> e <strong>distribui\u00e7\u00e3o de produtos<\/strong> e <strong>servi\u00e7os digitais<\/strong> no Pa\u00eds. Detalhes da transa\u00e7\u00e3o n\u00e3o foram informados.<\/p>\n<h2>Lucro l\u00edquido de R$ 419 milh\u00f5es no 2T19<\/h2>\n<p>O <strong>Carrefour Brasil<\/strong> divulgou em agosto os resultados do segundo trimestre de 2019. A companhia registrou <a href=\"https:\/\/www.suno.com.br\/artigos\/lucro-liquido\/\"><strong>lucro l\u00edquido<\/strong><\/a> de R$ 419 milh\u00f5es. O valor indica alta de 11% em compara\u00e7\u00e3o ao mesmo per\u00edodo do ano passado.<\/p>\n<p>As vendas brutas somaram R$ 15,3 bilh\u00f5es no segundo trimestre deste ano. No total de vendas, a alta foi de 12,9% em rela\u00e7\u00e3o ao segundo semestre de 2018.<\/p>\n<p><a href=\"https:\/\/www.suno.com.br\/noticias\/carrefour-ceo-grupo-pao-de-acucar\/\">Saiba mais:\u00a0Carrefour anuncia ex-executivo do Grupo P\u00e3o de A\u00e7\u00facar como novo CEO<\/a><\/p>\n<p>A <a href=\"https:\/\/www.suno.com.br\/artigos\/margem-ebitda\/\">margem <strong>Ebitda<\/strong><\/a>, calculada por meio da divis\u00e3o do lucro antes dos juros, impostos, deprecia\u00e7\u00e3o e amortiza\u00e7\u00e3o teve alta de 12,7% no 2\u00baT19. O resultado foi de R$ 1,053 bilh\u00e3o. Ao considerar o IFRS 16, norma relacionada ao arrendamento mercantil, a margem foi ajustada para R$ 1,117 bilh\u00e3o.<\/p>\n<h2>CEO do Carrefour<\/h2>\n<p>Em agosto, o <strong>Carrefour<\/strong> anunciou o nome de seu novo presidente respons\u00e1vel pelo varejo, Luis Moreno. O CEO \u00e9 ex-executivo do Grupo P\u00e3o de A\u00e7\u00facar.<\/p>\n<p>De acordo com a nota divulgada pelo <strong>Carrefour,<\/strong> o CEO ocupou o cargo do Jos\u00e9 Luis Gutierrrez Perez que deixou o Pa\u00eds para assumir uma nova posi\u00e7\u00e3o como chefe de opera\u00e7\u00f5es pelo Grupo na It\u00e1lia.<\/p>\n\t<p>\n\t\t<a href=\"https:\/\/lp.suno.com.br\/ao\/cadastro-whatsapp\/\" target=\"_blank\" data-element=\"shortcode-suno-banner\" title=\"Banner SUNO, clique e saiba mais\">\n\t\t\t<picture>\n\t\t\t\t<source media=\"(max-width: 500px)\" srcset=\"https:\/\/files.sunoresearch.com.br\/n\/uploads\/2024\/03\/400x300-whatsapp-Suno.png\">\n\t\t\t\t<img class=\"newsContent__article__imgCapa newsContent__article__imgCapa--banner\"\n\t\t\t\t\tsrc=\"https:\/\/files.sunoresearch.com.br\/n\/uploads\/2024\/03\/1420x240-whatsapp-Suno.png\"\n\t\t\t\t\tdata-promo-id=\"101743\"\t\t\t\t\t\t\t\t\t\twidth='1420' height='240'\t\t\t\t\talt=\"https:\/\/files.sunoresearch.com.br\/n\/uploads\/2024\/03\/1420x240-whatsapp-Suno.png\"\n\t\t\t\t>\n\t\t\t<\/picture>\n\t\t<\/a>\n\t<\/p>\n\n\n<p>Al\u00e9m disso, a companhia reitera que <strong>Moreno<\/strong> possui mais de 27 anos de experi\u00eancia profissional.<\/p>\n<p>&#8220;Luis tem ampla experi\u00eancia internacional atuando no varejo em empresas como <strong>Grupo Carrefour (Espanha<\/strong> e <strong>Cor\u00e9ia do Sul), Ahold, Walmart, Grupo Casino<\/strong> e <strong>Grupo P\u00e3o de A\u00e7\u00facar<\/strong> &#8211; sua mais recente experi\u00eancia&#8221;, informa o comunicado.<\/p>\n","protected":false},"excerpt":{"rendered":"<p>O Carrefour Brasil (CRFB3) comunicou nesta ter\u00e7a-feira (01) que chegou a um acordo para aquisi\u00e7\u00e3o de 49% da fintech Ewally, com op\u00e7\u00e3o de compra do controle em 2022. A informa\u00e7\u00e3o foi noticiada pela ag\u00eancia Reuters. Banco Carrefour recebe aval do BC para operar como banco m\u00faltiplo Em comunicado, o Carrefour Brasil declarou que: \u201cPlenamente alinhada [&hellip;]<\/p>\n","protected":false},"author":23,"featured_media":33053,"comment_status":"closed","ping_status":"closed","sticky":false,"template":"","format":"standard","meta":[],"categories":[64],"tags":[405,1629,1607],"suno_strategy":[],"class_list":["post-39574","post","type-post","status-publish","format-standard","has-post-thumbnail","hentry","category-negocios","tag-carrefour-crfb3","tag-fintechs","tag-resultado-das-empresas"],"yoast_head":"<!-- This site is optimized with the Yoast SEO plugin v24.4 - https:\/\/yoast.com\/wordpress\/plugins\/seo\/ -->\n<title>Carrefour Brasil chega a acordo por 49% de Ewally<\/title>\n<meta name=\"description\" content=\"O Carrefour Brasil chegou a um acordo para aquisi\u00e7\u00e3o de 49% da fintech Ewally, com op\u00e7\u00e3o de compra do controle em 2022. Clique para mais.\" \/>\n<meta name=\"robots\" content=\"index, follow, max-snippet:-1, max-image-preview:large, max-video-preview:-1\" \/>\n<link rel=\"canonical\" href=\"https:\/\/www.suno.com.br\/noticias\/carrefour-brasil-chega-acordo-ewally\/\" \/>\n<meta property=\"og:locale\" content=\"pt_BR\" \/>\n<meta property=\"og:type\" content=\"article\" \/>\n<meta property=\"og:title\" content=\"Carrefour Brasil chega a acordo por 49% de Ewally\" \/>\n<meta property=\"og:description\" content=\"O Carrefour Brasil chegou a um acordo para aquisi\u00e7\u00e3o de 49% da fintech Ewally, com op\u00e7\u00e3o de compra do controle em 2022. Clique para mais.\" \/>\n<meta property=\"og:url\" content=\"https:\/\/www.suno.com.br\/noticias\/carrefour-brasil-chega-acordo-ewally\/\" \/>\n<meta property=\"og:site_name\" content=\"Suno Not\u00edcias\" \/>\n<meta property=\"article:publisher\" content=\"https:\/\/facebook.com\/sunoresearch\" \/>\n<meta property=\"og:image\" content=\"https:\/\/files.sunoresearch.com.br\/n\/uploads\/2019\/08\/f020c177-carrefour-loja-conceito-novarejo-diebold.jpg\" \/>\n\t<meta property=\"og:image:width\" content=\"615\" \/>\n\t<meta property=\"og:image:height\" content=\"422\" \/>\n\t<meta property=\"og:image:type\" content=\"image\/jpeg\" \/>\n<meta name=\"author\" content=\"Rafael Lara\" \/>\n<meta name=\"twitter:card\" content=\"summary_large_image\" \/>\n<meta name=\"twitter:creator\" content=\"@sunoresearch\" \/>\n<meta name=\"twitter:site\" content=\"@sunoresearch\" \/>\n<meta name=\"twitter:label1\" content=\"Escrito por\" \/>\n\t<meta name=\"twitter:data1\" content=\"Rafael Lara\" \/>\n\t<meta name=\"twitter:label2\" content=\"Est. tempo de leitura\" \/>\n\t<meta name=\"twitter:data2\" content=\"2 minutos\" \/>\n<script type=\"application\/ld+json\" class=\"yoast-schema-graph\">{\"@context\":\"https:\/\/schema.org\",\"@graph\":[{\"@type\":\"NewsArticle\",\"@id\":\"https:\/\/www.suno.com.br\/noticias\/carrefour-brasil-chega-acordo-ewally\/#article\",\"isPartOf\":{\"@id\":\"https:\/\/www.suno.com.br\/noticias\/carrefour-brasil-chega-acordo-ewally\/\"},\"author\":{\"name\":\"Rafael Lara\",\"@id\":\"https:\/\/www.suno.com.br\/noticias\/#\/schema\/person\/098743caeed97b37f51315c9576c4078\"},\"headline\":\"Carrefour Brasil chega a acordo por 49% de Ewally\",\"datePublished\":\"2019-10-01T23:27:44+00:00\",\"dateModified\":\"2021-05-30T19:04:21+00:00\",\"mainEntityOfPage\":{\"@id\":\"https:\/\/www.suno.com.br\/noticias\/carrefour-brasil-chega-acordo-ewally\/\"},\"wordCount\":386,\"publisher\":{\"@id\":\"https:\/\/www.suno.com.br\/noticias\/#organization\"},\"image\":{\"@id\":\"https:\/\/www.suno.com.br\/noticias\/carrefour-brasil-chega-acordo-ewally\/#primaryimage\"},\"thumbnailUrl\":\"https:\/\/files.sunoresearch.com.br\/n\/uploads\/2019\/08\/f020c177-carrefour-loja-conceito-novarejo-diebold-jpg.webp\",\"keywords\":[\"Carrefour (CRFB3)\",\"fintechs\",\"Resultado das empresas\"],\"articleSection\":[\"Neg\u00f3cios\"],\"inLanguage\":\"pt-BR\"},{\"@type\":\"WebPage\",\"@id\":\"https:\/\/www.suno.com.br\/noticias\/carrefour-brasil-chega-acordo-ewally\/\",\"url\":\"https:\/\/www.suno.com.br\/noticias\/carrefour-brasil-chega-acordo-ewally\/\",\"name\":\"Carrefour Brasil chega a acordo por 49% de Ewally\",\"isPartOf\":{\"@id\":\"https:\/\/www.suno.com.br\/noticias\/#website\"},\"primaryImageOfPage\":{\"@id\":\"https:\/\/www.suno.com.br\/noticias\/carrefour-brasil-chega-acordo-ewally\/#primaryimage\"},\"image\":{\"@id\":\"https:\/\/www.suno.com.br\/noticias\/carrefour-brasil-chega-acordo-ewally\/#primaryimage\"},\"thumbnailUrl\":\"https:\/\/files.sunoresearch.com.br\/n\/uploads\/2019\/08\/f020c177-carrefour-loja-conceito-novarejo-diebold-jpg.webp\",\"datePublished\":\"2019-10-01T23:27:44+00:00\",\"dateModified\":\"2021-05-30T19:04:21+00:00\",\"description\":\"O Carrefour Brasil chegou a um acordo para aquisi\u00e7\u00e3o de 49% da fintech Ewally, com op\u00e7\u00e3o de compra do controle em 2022. Clique para mais.\",\"breadcrumb\":{\"@id\":\"https:\/\/www.suno.com.br\/noticias\/carrefour-brasil-chega-acordo-ewally\/#breadcrumb\"},\"inLanguage\":\"pt-BR\",\"potentialAction\":[{\"@type\":\"ReadAction\",\"target\":[\"https:\/\/www.suno.com.br\/noticias\/carrefour-brasil-chega-acordo-ewally\/\"]}]},{\"@type\":\"ImageObject\",\"inLanguage\":\"pt-BR\",\"@id\":\"https:\/\/www.suno.com.br\/noticias\/carrefour-brasil-chega-acordo-ewally\/#primaryimage\",\"url\":\"https:\/\/files.sunoresearch.com.br\/n\/uploads\/2019\/08\/f020c177-carrefour-loja-conceito-novarejo-diebold-jpg.webp\",\"contentUrl\":\"https:\/\/files.sunoresearch.com.br\/n\/uploads\/2019\/08\/f020c177-carrefour-loja-conceito-novarejo-diebold-jpg.webp\",\"width\":615,\"height\":422,\"caption\":\"Banco Carrefour recebe aval do BC para operar como banco m\u00faltiplo\"},{\"@type\":\"BreadcrumbList\",\"@id\":\"https:\/\/www.suno.com.br\/noticias\/carrefour-brasil-chega-acordo-ewally\/#breadcrumb\",\"itemListElement\":[{\"@type\":\"ListItem\",\"position\":1,\"name\":\"Not\u00edcias\",\"item\":\"https:\/\/www.suno.com.br\/noticias\/\"},{\"@type\":\"ListItem\",\"position\":2,\"name\":\"Neg\u00f3cios\",\"item\":\"https:\/\/www.suno.com.br\/noticias\/negocios\/\"},{\"@type\":\"ListItem\",\"position\":3,\"name\":\"Carrefour Brasil chega a acordo por 49% de Ewally\"}]},{\"@type\":\"WebSite\",\"@id\":\"https:\/\/www.suno.com.br\/noticias\/#website\",\"url\":\"https:\/\/www.suno.com.br\/noticias\/\",\"name\":\"Suno Not\u00edcias\",\"description\":\"Seu portal de informa\u00e7\u00e3o sobre o mundo dos investimentos\",\"publisher\":{\"@id\":\"https:\/\/www.suno.com.br\/noticias\/#organization\"},\"potentialAction\":[{\"@type\":\"SearchAction\",\"target\":{\"@type\":\"EntryPoint\",\"urlTemplate\":\"https:\/\/www.suno.com.br\/noticias\/?s={search_term_string}\"},\"query-input\":{\"@type\":\"PropertyValueSpecification\",\"valueRequired\":true,\"valueName\":\"search_term_string\"}}],\"inLanguage\":\"pt-BR\"},{\"@type\":\"Organization\",\"@id\":\"https:\/\/www.suno.com.br\/noticias\/#organization\",\"name\":\"Suno Not\u00edcias\",\"url\":\"https:\/\/www.suno.com.br\/noticias\/\",\"logo\":{\"@type\":\"ImageObject\",\"inLanguage\":\"pt-BR\",\"@id\":\"https:\/\/www.suno.com.br\/noticias\/#\/schema\/logo\/image\/\",\"url\":\"https:\/\/files.sunoresearch.com.br\/n\/uploads\/2021\/09\/suno-logo.png\",\"contentUrl\":\"https:\/\/files.sunoresearch.com.br\/n\/uploads\/2021\/09\/suno-logo.png\",\"width\":180,\"height\":180,\"caption\":\"Suno Not\u00edcias\"},\"image\":{\"@id\":\"https:\/\/www.suno.com.br\/noticias\/#\/schema\/logo\/image\/\"},\"sameAs\":[\"https:\/\/facebook.com\/sunoresearch\",\"https:\/\/x.com\/sunoresearch\",\"https:\/\/www.instagram.com\/suno\",\"https:\/\/www.linkedin.com\/company\/suno-research\/\",\"https:\/\/www.youtube.com\/c\/sunoresearch\"]},{\"@type\":\"Person\",\"@id\":\"https:\/\/www.suno.com.br\/noticias\/#\/schema\/person\/098743caeed97b37f51315c9576c4078\",\"name\":\"Rafael Lara\",\"image\":{\"@type\":\"ImageObject\",\"inLanguage\":\"pt-BR\",\"@id\":\"https:\/\/www.suno.com.br\/noticias\/#\/schema\/person\/image\/\",\"url\":\"https:\/\/secure.gravatar.com\/avatar\/dfc254ab9bb2ea1895d98b9e9dae4bdd?s=96&r=g\",\"contentUrl\":\"https:\/\/secure.gravatar.com\/avatar\/dfc254ab9bb2ea1895d98b9e9dae4bdd?s=96&r=g\",\"caption\":\"Rafael Lara\"},\"description\":\"Rafael Lara cursa jornalismo na Faculdade C\u00e1sper L\u00edbero. Escreve sobre pol\u00edtica, economia e neg\u00f3cios para o portal Suno Not\u00edcias. Antes, colaborou na TV Gazeta na produ\u00e7\u00e3o do programa Edi\u00e7\u00e3o Extra.\",\"url\":\"https:\/\/www.suno.com.br\/noticias\/author\/rafael\/\"}]}<\/script>\n<!-- \/ Yoast SEO plugin. -->","yoast_head_json":{"title":"Carrefour Brasil chega a acordo por 49% de Ewally","description":"O Carrefour Brasil chegou a um acordo para aquisi\u00e7\u00e3o de 49% da fintech Ewally, com op\u00e7\u00e3o de compra do controle em 2022. Clique para mais.","robots":{"index":"index","follow":"follow","max-snippet":"max-snippet:-1","max-image-preview":"max-image-preview:large","max-video-preview":"max-video-preview:-1"},"canonical":"https:\/\/www.suno.com.br\/noticias\/carrefour-brasil-chega-acordo-ewally\/","og_locale":"pt_BR","og_type":"article","og_title":"Carrefour Brasil chega a acordo por 49% de Ewally","og_description":"O Carrefour Brasil chegou a um acordo para aquisi\u00e7\u00e3o de 49% da fintech Ewally, com op\u00e7\u00e3o de compra do controle em 2022. Clique para mais.","og_url":"https:\/\/www.suno.com.br\/noticias\/carrefour-brasil-chega-acordo-ewally\/","og_site_name":"Suno Not\u00edcias","article_publisher":"https:\/\/facebook.com\/sunoresearch","og_image":[{"width":615,"height":422,"url":"https:\/\/files.sunoresearch.com.br\/n\/uploads\/2019\/08\/f020c177-carrefour-loja-conceito-novarejo-diebold.jpg","type":"image\/jpeg"}],"author":"Rafael Lara","twitter_card":"summary_large_image","twitter_creator":"@sunoresearch","twitter_site":"@sunoresearch","twitter_misc":{"Escrito por":"Rafael Lara","Est. tempo de leitura":"2 minutos"},"schema":{"@context":"https:\/\/schema.org","@graph":[{"@type":"NewsArticle","@id":"https:\/\/www.suno.com.br\/noticias\/carrefour-brasil-chega-acordo-ewally\/#article","isPartOf":{"@id":"https:\/\/www.suno.com.br\/noticias\/carrefour-brasil-chega-acordo-ewally\/"},"author":{"name":"Rafael Lara","@id":"https:\/\/www.suno.com.br\/noticias\/#\/schema\/person\/098743caeed97b37f51315c9576c4078"},"headline":"Carrefour Brasil chega a acordo por 49% de Ewally","datePublished":"2019-10-01T23:27:44+00:00","dateModified":"2021-05-30T19:04:21+00:00","mainEntityOfPage":{"@id":"https:\/\/www.suno.com.br\/noticias\/carrefour-brasil-chega-acordo-ewally\/"},"wordCount":386,"publisher":{"@id":"https:\/\/www.suno.com.br\/noticias\/#organization"},"image":{"@id":"https:\/\/www.suno.com.br\/noticias\/carrefour-brasil-chega-acordo-ewally\/#primaryimage"},"thumbnailUrl":"https:\/\/files.sunoresearch.com.br\/n\/uploads\/2019\/08\/f020c177-carrefour-loja-conceito-novarejo-diebold-jpg.webp","keywords":["Carrefour (CRFB3)","fintechs","Resultado das empresas"],"articleSection":["Neg\u00f3cios"],"inLanguage":"pt-BR"},{"@type":"WebPage","@id":"https:\/\/www.suno.com.br\/noticias\/carrefour-brasil-chega-acordo-ewally\/","url":"https:\/\/www.suno.com.br\/noticias\/carrefour-brasil-chega-acordo-ewally\/","name":"Carrefour Brasil chega a acordo por 49% de Ewally","isPartOf":{"@id":"https:\/\/www.suno.com.br\/noticias\/#website"},"primaryImageOfPage":{"@id":"https:\/\/www.suno.com.br\/noticias\/carrefour-brasil-chega-acordo-ewally\/#primaryimage"},"image":{"@id":"https:\/\/www.suno.com.br\/noticias\/carrefour-brasil-chega-acordo-ewally\/#primaryimage"},"thumbnailUrl":"https:\/\/files.sunoresearch.com.br\/n\/uploads\/2019\/08\/f020c177-carrefour-loja-conceito-novarejo-diebold-jpg.webp","datePublished":"2019-10-01T23:27:44+00:00","dateModified":"2021-05-30T19:04:21+00:00","description":"O Carrefour Brasil chegou a um acordo para aquisi\u00e7\u00e3o de 49% da fintech Ewally, com op\u00e7\u00e3o de compra do controle em 2022. Clique para mais.","breadcrumb":{"@id":"https:\/\/www.suno.com.br\/noticias\/carrefour-brasil-chega-acordo-ewally\/#breadcrumb"},"inLanguage":"pt-BR","potentialAction":[{"@type":"ReadAction","target":["https:\/\/www.suno.com.br\/noticias\/carrefour-brasil-chega-acordo-ewally\/"]}]},{"@type":"ImageObject","inLanguage":"pt-BR","@id":"https:\/\/www.suno.com.br\/noticias\/carrefour-brasil-chega-acordo-ewally\/#primaryimage","url":"https:\/\/files.sunoresearch.com.br\/n\/uploads\/2019\/08\/f020c177-carrefour-loja-conceito-novarejo-diebold-jpg.webp","contentUrl":"https:\/\/files.sunoresearch.com.br\/n\/uploads\/2019\/08\/f020c177-carrefour-loja-conceito-novarejo-diebold-jpg.webp","width":615,"height":422,"caption":"Banco Carrefour recebe aval do BC para operar como banco m\u00faltiplo"},{"@type":"BreadcrumbList","@id":"https:\/\/www.suno.com.br\/noticias\/carrefour-brasil-chega-acordo-ewally\/#breadcrumb","itemListElement":[{"@type":"ListItem","position":1,"name":"Not\u00edcias","item":"https:\/\/www.suno.com.br\/noticias\/"},{"@type":"ListItem","position":2,"name":"Neg\u00f3cios","item":"https:\/\/www.suno.com.br\/noticias\/negocios\/"},{"@type":"ListItem","position":3,"name":"Carrefour Brasil chega a acordo por 49% de Ewally"}]},{"@type":"WebSite","@id":"https:\/\/www.suno.com.br\/noticias\/#website","url":"https:\/\/www.suno.com.br\/noticias\/","name":"Suno Not\u00edcias","description":"Seu portal de informa\u00e7\u00e3o sobre o mundo dos investimentos","publisher":{"@id":"https:\/\/www.suno.com.br\/noticias\/#organization"},"potentialAction":[{"@type":"SearchAction","target":{"@type":"EntryPoint","urlTemplate":"https:\/\/www.suno.com.br\/noticias\/?s={search_term_string}"},"query-input":{"@type":"PropertyValueSpecification","valueRequired":true,"valueName":"search_term_string"}}],"inLanguage":"pt-BR"},{"@type":"Organization","@id":"https:\/\/www.suno.com.br\/noticias\/#organization","name":"Suno Not\u00edcias","url":"https:\/\/www.suno.com.br\/noticias\/","logo":{"@type":"ImageObject","inLanguage":"pt-BR","@id":"https:\/\/www.suno.com.br\/noticias\/#\/schema\/logo\/image\/","url":"https:\/\/files.sunoresearch.com.br\/n\/uploads\/2021\/09\/suno-logo.png","contentUrl":"https:\/\/files.sunoresearch.com.br\/n\/uploads\/2021\/09\/suno-logo.png","width":180,"height":180,"caption":"Suno Not\u00edcias"},"image":{"@id":"https:\/\/www.suno.com.br\/noticias\/#\/schema\/logo\/image\/"},"sameAs":["https:\/\/facebook.com\/sunoresearch","https:\/\/x.com\/sunoresearch","https:\/\/www.instagram.com\/suno","https:\/\/www.linkedin.com\/company\/suno-research\/","https:\/\/www.youtube.com\/c\/sunoresearch"]},{"@type":"Person","@id":"https:\/\/www.suno.com.br\/noticias\/#\/schema\/person\/098743caeed97b37f51315c9576c4078","name":"Rafael Lara","image":{"@type":"ImageObject","inLanguage":"pt-BR","@id":"https:\/\/www.suno.com.br\/noticias\/#\/schema\/person\/image\/","url":"https:\/\/secure.gravatar.com\/avatar\/dfc254ab9bb2ea1895d98b9e9dae4bdd?s=96&r=g","contentUrl":"https:\/\/secure.gravatar.com\/avatar\/dfc254ab9bb2ea1895d98b9e9dae4bdd?s=96&r=g","caption":"Rafael Lara"},"description":"Rafael Lara cursa jornalismo na Faculdade C\u00e1sper L\u00edbero. Escreve sobre pol\u00edtica, economia e neg\u00f3cios para o portal Suno Not\u00edcias. Antes, colaborou na TV Gazeta na produ\u00e7\u00e3o do programa Edi\u00e7\u00e3o Extra.","url":"https:\/\/www.suno.com.br\/noticias\/author\/rafael\/"}]}},"default_loop_html":"<div class=\"cardsPage__listCard__boxs\"><div class=\"cardsPage__listCard__boxs__img\"><a href=\"https:\/\/www.suno.com.br\/noticias\/carrefour-brasil-chega-acordo-ewally\/\"><img class=\"mask\" src=\"https:\/\/www.suno.com.br\/noticias\/wp-content\/themes\/suno\/resources\/images\/spotlight\/spotlight1img\/bg-mask.png\" alt=\"Image Mask\"\/><img src=\"https:\/\/files.sunoresearch.com.br\/n\/uploads\/2019\/08\/f020c177-carrefour-loja-conceito-novarejo-diebold-400x200.webp\" alt=\"Carrefour Brasil chega a acordo por 49% de Ewally\"\/><\/a><span class=\"spotlightCategory\"><a href=\"https:\/\/www.suno.com.br\/noticias\/negocios\/\">Neg\u00f3cios<\/a><\/span><\/div><div class=\"cardsPage__listCard__boxs__content\"><a href=\"https:\/\/www.suno.com.br\/noticias\/carrefour-brasil-chega-acordo-ewally\/\"><h2 class=\"content__title\">Carrefour Brasil chega a acordo por 49% de Ewally<\/h2><\/a><div class=\"newsContent__article__meta\"><div class=\"newsContent__article__meta__authorBox\"><a href=\"https:\/\/www.suno.com.br\/noticias\/author\/rafael\/\" class=\"authorBox__avatar noMobi\"><img src=\"https:\/\/secure.gravatar.com\/avatar\/dfc254ab9bb2ea1895d98b9e9dae4bdd?s=96&#038;r=g\" alt=\"Rafael Lara\"><\/a><div class=\"authorBox__name\"><span>por\n\t\t\t<a href=\"https:\/\/www.suno.com.br\/noticias\/author\/rafael\/\"><span itemprop=\"author\">Rafael Lara<\/span><\/a><\/span><time datetime=\"2019-10-01T20:27:44-03:00\" itemprop=\"datePublished\">01\/10\/2019 20:27<\/time><\/div><\/div><\/div><\/div><\/div>","single_layout":"posts","amp_enabled":true,"_links":{"self":[{"href":"https:\/\/www.suno.com.br\/noticias\/wp-json\/wp\/v2\/posts\/39574"}],"collection":[{"href":"https:\/\/www.suno.com.br\/noticias\/wp-json\/wp\/v2\/posts"}],"about":[{"href":"https:\/\/www.suno.com.br\/noticias\/wp-json\/wp\/v2\/types\/post"}],"author":[{"embeddable":true,"href":"https:\/\/www.suno.com.br\/noticias\/wp-json\/wp\/v2\/users\/23"}],"replies":[{"embeddable":true,"href":"https:\/\/www.suno.com.br\/noticias\/wp-json\/wp\/v2\/comments?post=39574"}],"version-history":[{"count":1,"href":"https:\/\/www.suno.com.br\/noticias\/wp-json\/wp\/v2\/posts\/39574\/revisions"}],"predecessor-version":[{"id":146821,"href":"https:\/\/www.suno.com.br\/noticias\/wp-json\/wp\/v2\/posts\/39574\/revisions\/146821"}],"wp:featuredmedia":[{"embeddable":true,"href":"https:\/\/www.suno.com.br\/noticias\/wp-json\/wp\/v2\/media\/33053"}],"wp:attachment":[{"href":"https:\/\/www.suno.com.br\/noticias\/wp-json\/wp\/v2\/media?parent=39574"}],"wp:term":[{"taxonomy":"category","embeddable":true,"href":"https:\/\/www.suno.com.br\/noticias\/wp-json\/wp\/v2\/categories?post=39574"},{"taxonomy":"post_tag","embeddable":true,"href":"https:\/\/www.suno.com.br\/noticias\/wp-json\/wp\/v2\/tags?post=39574"},{"taxonomy":"suno_strategy","embeddable":true,"href":"https:\/\/www.suno.com.br\/noticias\/wp-json\/wp\/v2\/suno_strategy?post=39574"}],"curies":[{"name":"wp","href":"https:\/\/api.w.org\/{rel}","templated":true}]}}