{"id":39546,"date":"2019-10-01T17:34:07","date_gmt":"2019-10-01T20:34:07","guid":{"rendered":"https:\/\/www.suno.com.br\/noticias\/?p=39546"},"modified":"2021-02-17T23:03:57","modified_gmt":"2021-02-18T02:03:57","slug":"balanca-comercial-superavit-2-bilhoes-agosto","status":"publish","type":"post","link":"https:\/\/www.suno.com.br\/noticias\/balanca-comercial-superavit-2-bilhoes-agosto\/","title":{"rendered":"Balan\u00e7a comercial registra super\u00e1vit de US$ 2,246 bilh\u00f5es em agosto"},"content":{"rendered":"<p>A <a href=\"https:\/\/www.suno.com.br\/artigos\/balanca-comercial\/\">balan\u00e7a comercial<\/a> brasileira registrou um <strong>super\u00e1vit<\/strong> de US$ 2,246 bilh\u00f5es em agosto. A informa\u00e7\u00e3o foi divulgada nesta ter\u00e7a-feira (1) pela Secretaria de Com\u00e9rcio Exterior do <strong>Minist\u00e9rio da Economia<\/strong>.<\/p>\t<div class=\"wrapper-featured-image\">\n\t\t<figure class=\"spotlightImg\">\n\n\t\t\t<picture>\n\t\t\t\t<source media=\"(max-width: 768px)\" srcset=\"https:\/\/files.sunoresearch.com.br\/n\/uploads\/2019\/02\/8e5b1252-balan\u00e7a-comercial-2-400x200.webp\">\n\t\t\t\t<img loading=\"lazy\" decoding=\"async\" class=\"newsContent__article__imgCapa lazyloadDisabled newsContent__article__imgCapa--noCaption\" src=\"https:\/\/files.sunoresearch.com.br\/n\/uploads\/2019\/02\/8e5b1252-balan\u00e7a-comercial-2-800x450.webp\" width=\"800\" height=\"450\" alt=\"Balan\u00e7a comercial registra super\u00e1vit de US$ 2,246 bilh\u00f5es em agosto\" fetchpriority=high \/>\n\t\t\t<\/picture>\n\n\t\t\t<figcaption class=\"wp-caption-text wp-caption-text--hide\">A balan\u00e7a comercial brasileira reportou um super\u00e1vit de  US$ 3,732 bilh\u00f5es em novembro desse ano<\/figcaption>\n\t\t<\/figure>\n\t<\/div>\n\n\n<p>O resultado da <a href=\"https:\/\/www.suno.com.br\/artigos\/balanca-comercial\/\"><strong>balan\u00e7a comercial<\/strong><\/a> do \u00faltimo m\u00eas foi o pior em cinco anos, ou seja, desde setembro de 2014. Nesta data, foi registrado um d\u00e9ficit de US$ 946,4 milh\u00f5es.<\/p>\n<p>Entre janeiro e setembro, a balan\u00e7a acumula um super\u00e1vit de US$ 33,790 bi. Na compara\u00e7\u00e3o anual, o valor representa queda de 19,5%. Nos nove primeiros meses de 2018, o saldo positivo foi de US$ 41,737 bilh\u00f5es.<\/p>\n<p>No acumulado do ano, as exporta\u00e7\u00f5es somaram US$ 133,589 bilh\u00f5es. O montante \u00e9 1,8% menor na compara\u00e7\u00e3o anual. As exporta\u00e7\u00f5es contabilizam US$ 167,739 bilh\u00f5es, com baixa de 6% ante o mesmo per\u00edodo do ano passado.<\/p>\n<h2>Exporta\u00e7\u00f5es e importa\u00e7\u00f5es<\/h2>\n<p>O resultado positivo indica que o valor obtido por meio das <strong>exporta\u00e7\u00f5es<\/strong> foi maior do que das <strong>importa\u00e7\u00f5es<\/strong>. No \u00faltimo m\u00eas, os produtos exportados somaram US$ 18,740 bilh\u00f5es. Em compara\u00e7\u00e3o ao mesmo per\u00edodo do ano passado, o valor indica uma queda de 11,6%.<\/p>\n<p>Os principais pa\u00edses que compraram produtos brasileiros neste ano foram:<\/p>\n<ul>\n<li>China, Hong Kong e Macau: US$ 48,037 bilh\u00f5es;<\/li>\n<li>Estados Unidos: US$ 21,801 bilh\u00f5es;<\/li>\n<li>Holanda: US$ 8,084 bilh\u00f5es;<\/li>\n<li>Argentina: US$ 7,474 bilh\u00f5es;<\/li>\n<li>Chile: US$ 3,830 bilh\u00f5es.<\/li>\n<\/ul>\n<p><a href=\"https:\/\/www.suno.com.br\/noticias\/guerra-comercial-brasil-vencedor-fintch-solutions\/\">Leia tamb\u00e9m: Guerra comercial beneficia exporta\u00e7\u00f5es do Brasil, diz Fintch Solutions<\/a><\/p>\n<p>J\u00e1 as <strong>importa\u00e7\u00f5es<\/strong> chegaram a US$ 16,429 bilh\u00f5es. Na compara\u00e7\u00e3o anual, o montante representa alta de 5,7%. Nessa categoria, os setores que levaram ao resultado apresentaram os seguintes resultados:<\/p>\n<ul>\n<li>Bens de capital (+95%);<\/li>\n<li>combust\u00edveis e lubrificantes (-6,7%);<\/li>\n<li>bens de consumo (-8,5%);<\/li>\n<li>e bens intermedi\u00e1rios (-3,9%).<\/li>\n<\/ul>\n<h2>Estimativas para a balan\u00e7a comercial<\/h2>\n<p>Em agosto, o<strong> <a href=\"https:\/\/www.suno.com.br\/artigos\/bacen\/\">Banco Central (BC)<\/a><\/strong> divulgou uma estimativa de que as exporta\u00e7\u00f5es devem superar as importa\u00e7\u00f5es em 2019. Segundo o BC, a balan\u00e7a comercial deve somar US$ 46 bilh\u00f5es at\u00e9 o final deste ano.<\/p>\n<p>Ao considerar esse resultado, as exporta\u00e7\u00f5es devem somar US$ 243 bilh\u00f5es ante US$ 197 bilh\u00f5es oriundos das importa\u00e7\u00f5es.<\/p>\n\t<p>\n\t\t<a href=\"https:\/\/lp.suno.com.br\/minicurso-investindo-fiis\/\" target=\"_blank\" data-element=\"shortcode-suno-banner\" title=\"Banner SUNO, clique e saiba mais\">\n\t\t\t<picture>\n\t\t\t\t<source media=\"(max-width: 500px)\" srcset=\"https:\/\/files.sunoresearch.com.br\/n\/uploads\/2023\/07\/400x300-Minicurso-FIIS.png\">\n\t\t\t\t<img class=\"newsContent__article__imgCapa newsContent__article__imgCapa--banner\"\n\t\t\t\t\tsrc=\"https:\/\/files.sunoresearch.com.br\/n\/uploads\/2023\/07\/1420x240-Minicurso-FIIS.png\"\n\t\t\t\t\tdata-promo-id=\"311935\"\t\t\t\t\t\t\t\t\t\twidth='1420' height='240'\t\t\t\t\talt=\"https:\/\/files.sunoresearch.com.br\/n\/uploads\/2023\/07\/1420x240-Minicurso-FIIS.png\"\n\t\t\t\t>\n\t\t\t<\/picture>\n\t\t<\/a>\n\t<\/p>\n\n\n<p>A previs\u00e3o do Minist\u00e9rio da Economia \u00e9 ainda maior. Para a equipe econ\u00f4mica do governo federal, as exporta\u00e7\u00f5es devem somar US$ 234,5 bilh\u00f5es at\u00e9 o final do ano. Em contrapartida, as importa\u00e7\u00f5es somar\u00e3o US$ 177,7 bilh\u00f5es.<\/p>\n<p>Com esses resultados, a <strong>balan\u00e7a comercial<\/strong> deve registrar saldo positivo de US$ 56,7 bilh\u00f5es neste ano.<\/p>\n","protected":false},"excerpt":{"rendered":"<p>A balan\u00e7a comercial brasileira registrou um super\u00e1vit de US$ 2,246 bilh\u00f5es em agosto. A informa\u00e7\u00e3o foi divulgada nesta ter\u00e7a-feira (1) pela Secretaria de Com\u00e9rcio Exterior do Minist\u00e9rio da Economia. A balan\u00e7a comercial brasileira reportou um super\u00e1vit de US$ 3,732 bilh\u00f5es em novembro desse ano O resultado da balan\u00e7a comercial do \u00faltimo m\u00eas foi o pior [&hellip;]<\/p>\n","protected":false},"author":18,"featured_media":16533,"comment_status":"closed","ping_status":"closed","sticky":false,"template":"","format":"standard","meta":[],"categories":[62],"tags":[914,706,909],"suno_strategy":[],"class_list":["post-39546","post","type-post","status-publish","format-standard","has-post-thumbnail","hentry","category-economia","tag-balanca-comercial","tag-importacoes","tag-ministerio-da-economia"],"yoast_head":"<!-- This site is optimized with the Yoast SEO plugin v24.4 - https:\/\/yoast.com\/wordpress\/plugins\/seo\/ -->\n<title>Balan\u00e7a comercial registra super\u00e1vit de US$ 2,246 bilh\u00f5es em agosto<\/title>\n<meta name=\"description\" content=\"A balan\u00e7a comercial registrou um super\u00e1vit de US$ 2,246 bilh\u00f5es em agosto, pior resultado para o m\u00eas desde 2014. Clique para saber mais.\" \/>\n<meta name=\"robots\" content=\"index, follow, max-snippet:-1, max-image-preview:large, max-video-preview:-1\" \/>\n<link rel=\"canonical\" href=\"https:\/\/www.suno.com.br\/noticias\/balanca-comercial-superavit-2-bilhoes-agosto\/\" \/>\n<meta property=\"og:locale\" content=\"pt_BR\" \/>\n<meta property=\"og:type\" content=\"article\" \/>\n<meta property=\"og:title\" content=\"Balan\u00e7a comercial registra super\u00e1vit de US$ 2,246 bilh\u00f5es em agosto\" \/>\n<meta property=\"og:description\" content=\"A balan\u00e7a comercial registrou um super\u00e1vit de US$ 2,246 bilh\u00f5es em agosto, pior resultado para o m\u00eas desde 2014. Clique para saber mais.\" \/>\n<meta property=\"og:url\" content=\"https:\/\/www.suno.com.br\/noticias\/balanca-comercial-superavit-2-bilhoes-agosto\/\" \/>\n<meta property=\"og:site_name\" content=\"Suno Not\u00edcias\" \/>\n<meta property=\"article:publisher\" content=\"https:\/\/facebook.com\/sunoresearch\" \/>\n<meta property=\"og:image\" content=\"https:\/\/files.sunoresearch.com.br\/n\/uploads\/2019\/02\/8e5b1252-balan\u00e7a-comercial-2.jpg\" \/>\n\t<meta property=\"og:image:width\" content=\"1024\" \/>\n\t<meta property=\"og:image:height\" content=\"768\" \/>\n\t<meta property=\"og:image:type\" content=\"image\/jpeg\" \/>\n<meta name=\"author\" content=\"Giovanna Oliveira\" \/>\n<meta name=\"twitter:card\" content=\"summary_large_image\" \/>\n<meta name=\"twitter:creator\" content=\"@sunoresearch\" \/>\n<meta name=\"twitter:site\" content=\"@sunoresearch\" \/>\n<meta name=\"twitter:label1\" content=\"Escrito por\" \/>\n\t<meta name=\"twitter:data1\" content=\"Giovanna Oliveira\" \/>\n\t<meta name=\"twitter:label2\" content=\"Est. tempo de leitura\" \/>\n\t<meta name=\"twitter:data2\" content=\"2 minutos\" \/>\n<script type=\"application\/ld+json\" class=\"yoast-schema-graph\">{\"@context\":\"https:\/\/schema.org\",\"@graph\":[{\"@type\":\"NewsArticle\",\"@id\":\"https:\/\/www.suno.com.br\/noticias\/balanca-comercial-superavit-2-bilhoes-agosto\/#article\",\"isPartOf\":{\"@id\":\"https:\/\/www.suno.com.br\/noticias\/balanca-comercial-superavit-2-bilhoes-agosto\/\"},\"author\":{\"name\":\"Giovanna Oliveira\",\"@id\":\"https:\/\/www.suno.com.br\/noticias\/#\/schema\/person\/4e19e3d2575736e5283d58eb3199d120\"},\"headline\":\"Balan\u00e7a comercial registra super\u00e1vit de US$ 2,246 bilh\u00f5es em agosto\",\"datePublished\":\"2019-10-01T20:34:07+00:00\",\"dateModified\":\"2021-02-18T02:03:57+00:00\",\"mainEntityOfPage\":{\"@id\":\"https:\/\/www.suno.com.br\/noticias\/balanca-comercial-superavit-2-bilhoes-agosto\/\"},\"wordCount\":422,\"publisher\":{\"@id\":\"https:\/\/www.suno.com.br\/noticias\/#organization\"},\"image\":{\"@id\":\"https:\/\/www.suno.com.br\/noticias\/balanca-comercial-superavit-2-bilhoes-agosto\/#primaryimage\"},\"thumbnailUrl\":\"https:\/\/files.sunoresearch.com.br\/n\/uploads\/2019\/02\/8e5b1252-balan\u00e7a-comercial-2-jpg.webp\",\"keywords\":[\"balan\u00e7a comercial\",\"importa\u00e7\u00f5es\",\"Minist\u00e9rio da Economia\"],\"articleSection\":[\"Economia\"],\"inLanguage\":\"pt-BR\"},{\"@type\":\"WebPage\",\"@id\":\"https:\/\/www.suno.com.br\/noticias\/balanca-comercial-superavit-2-bilhoes-agosto\/\",\"url\":\"https:\/\/www.suno.com.br\/noticias\/balanca-comercial-superavit-2-bilhoes-agosto\/\",\"name\":\"Balan\u00e7a comercial registra super\u00e1vit de US$ 2,246 bilh\u00f5es em agosto\",\"isPartOf\":{\"@id\":\"https:\/\/www.suno.com.br\/noticias\/#website\"},\"primaryImageOfPage\":{\"@id\":\"https:\/\/www.suno.com.br\/noticias\/balanca-comercial-superavit-2-bilhoes-agosto\/#primaryimage\"},\"image\":{\"@id\":\"https:\/\/www.suno.com.br\/noticias\/balanca-comercial-superavit-2-bilhoes-agosto\/#primaryimage\"},\"thumbnailUrl\":\"https:\/\/files.sunoresearch.com.br\/n\/uploads\/2019\/02\/8e5b1252-balan\u00e7a-comercial-2-jpg.webp\",\"datePublished\":\"2019-10-01T20:34:07+00:00\",\"dateModified\":\"2021-02-18T02:03:57+00:00\",\"description\":\"A balan\u00e7a comercial registrou um super\u00e1vit de US$ 2,246 bilh\u00f5es em agosto, pior resultado para o m\u00eas desde 2014. Clique para saber mais.\",\"breadcrumb\":{\"@id\":\"https:\/\/www.suno.com.br\/noticias\/balanca-comercial-superavit-2-bilhoes-agosto\/#breadcrumb\"},\"inLanguage\":\"pt-BR\",\"potentialAction\":[{\"@type\":\"ReadAction\",\"target\":[\"https:\/\/www.suno.com.br\/noticias\/balanca-comercial-superavit-2-bilhoes-agosto\/\"]}]},{\"@type\":\"ImageObject\",\"inLanguage\":\"pt-BR\",\"@id\":\"https:\/\/www.suno.com.br\/noticias\/balanca-comercial-superavit-2-bilhoes-agosto\/#primaryimage\",\"url\":\"https:\/\/files.sunoresearch.com.br\/n\/uploads\/2019\/02\/8e5b1252-balan\u00e7a-comercial-2-jpg.webp\",\"contentUrl\":\"https:\/\/files.sunoresearch.com.br\/n\/uploads\/2019\/02\/8e5b1252-balan\u00e7a-comercial-2-jpg.webp\",\"width\":1024,\"height\":768,\"caption\":\"A balan\u00e7a comercial brasileira reportou um super\u00e1vit de US$ 3,732 bilh\u00f5es em novembro desse ano\"},{\"@type\":\"BreadcrumbList\",\"@id\":\"https:\/\/www.suno.com.br\/noticias\/balanca-comercial-superavit-2-bilhoes-agosto\/#breadcrumb\",\"itemListElement\":[{\"@type\":\"ListItem\",\"position\":1,\"name\":\"Not\u00edcias\",\"item\":\"https:\/\/www.suno.com.br\/noticias\/\"},{\"@type\":\"ListItem\",\"position\":2,\"name\":\"Economia\",\"item\":\"https:\/\/www.suno.com.br\/noticias\/economia\/\"},{\"@type\":\"ListItem\",\"position\":3,\"name\":\"Balan\u00e7a comercial registra super\u00e1vit de US$ 2,246 bilh\u00f5es em agosto\"}]},{\"@type\":\"WebSite\",\"@id\":\"https:\/\/www.suno.com.br\/noticias\/#website\",\"url\":\"https:\/\/www.suno.com.br\/noticias\/\",\"name\":\"Suno Not\u00edcias\",\"description\":\"Seu portal de informa\u00e7\u00e3o sobre o mundo dos investimentos\",\"publisher\":{\"@id\":\"https:\/\/www.suno.com.br\/noticias\/#organization\"},\"potentialAction\":[{\"@type\":\"SearchAction\",\"target\":{\"@type\":\"EntryPoint\",\"urlTemplate\":\"https:\/\/www.suno.com.br\/noticias\/?s={search_term_string}\"},\"query-input\":{\"@type\":\"PropertyValueSpecification\",\"valueRequired\":true,\"valueName\":\"search_term_string\"}}],\"inLanguage\":\"pt-BR\"},{\"@type\":\"Organization\",\"@id\":\"https:\/\/www.suno.com.br\/noticias\/#organization\",\"name\":\"Suno Not\u00edcias\",\"url\":\"https:\/\/www.suno.com.br\/noticias\/\",\"logo\":{\"@type\":\"ImageObject\",\"inLanguage\":\"pt-BR\",\"@id\":\"https:\/\/www.suno.com.br\/noticias\/#\/schema\/logo\/image\/\",\"url\":\"https:\/\/files.sunoresearch.com.br\/n\/uploads\/2021\/09\/suno-logo.png\",\"contentUrl\":\"https:\/\/files.sunoresearch.com.br\/n\/uploads\/2021\/09\/suno-logo.png\",\"width\":180,\"height\":180,\"caption\":\"Suno Not\u00edcias\"},\"image\":{\"@id\":\"https:\/\/www.suno.com.br\/noticias\/#\/schema\/logo\/image\/\"},\"sameAs\":[\"https:\/\/facebook.com\/sunoresearch\",\"https:\/\/x.com\/sunoresearch\",\"https:\/\/www.instagram.com\/suno\",\"https:\/\/www.linkedin.com\/company\/suno-research\/\",\"https:\/\/www.youtube.com\/c\/sunoresearch\"]},{\"@type\":\"Person\",\"@id\":\"https:\/\/www.suno.com.br\/noticias\/#\/schema\/person\/4e19e3d2575736e5283d58eb3199d120\",\"name\":\"Giovanna Oliveira\",\"image\":{\"@type\":\"ImageObject\",\"inLanguage\":\"pt-BR\",\"@id\":\"https:\/\/www.suno.com.br\/noticias\/#\/schema\/person\/image\/\",\"url\":\"https:\/\/secure.gravatar.com\/avatar\/9a37b3ae208962ac568992d0ffdbc2eb?s=96&r=g\",\"contentUrl\":\"https:\/\/secure.gravatar.com\/avatar\/9a37b3ae208962ac568992d0ffdbc2eb?s=96&r=g\",\"caption\":\"Giovanna Oliveira\"},\"description\":\"Giovanna Oliveira escreve sobre economia e pol\u00edtica. Foi rep\u00f3rter do portal de jornalismo da ESPM-SP e produziu conte\u00fado para a Corinthians TV. \u00c9 estudante da ESPM.\",\"url\":\"https:\/\/www.suno.com.br\/noticias\/author\/giovanna\/\"}]}<\/script>\n<!-- \/ Yoast SEO plugin. -->","yoast_head_json":{"title":"Balan\u00e7a comercial registra super\u00e1vit de US$ 2,246 bilh\u00f5es em agosto","description":"A balan\u00e7a comercial registrou um super\u00e1vit de US$ 2,246 bilh\u00f5es em agosto, pior resultado para o m\u00eas desde 2014. Clique para saber mais.","robots":{"index":"index","follow":"follow","max-snippet":"max-snippet:-1","max-image-preview":"max-image-preview:large","max-video-preview":"max-video-preview:-1"},"canonical":"https:\/\/www.suno.com.br\/noticias\/balanca-comercial-superavit-2-bilhoes-agosto\/","og_locale":"pt_BR","og_type":"article","og_title":"Balan\u00e7a comercial registra super\u00e1vit de US$ 2,246 bilh\u00f5es em agosto","og_description":"A balan\u00e7a comercial registrou um super\u00e1vit de US$ 2,246 bilh\u00f5es em agosto, pior resultado para o m\u00eas desde 2014. Clique para saber mais.","og_url":"https:\/\/www.suno.com.br\/noticias\/balanca-comercial-superavit-2-bilhoes-agosto\/","og_site_name":"Suno Not\u00edcias","article_publisher":"https:\/\/facebook.com\/sunoresearch","og_image":[{"width":1024,"height":768,"url":"https:\/\/files.sunoresearch.com.br\/n\/uploads\/2019\/02\/8e5b1252-balan\u00e7a-comercial-2.jpg","type":"image\/jpeg"}],"author":"Giovanna Oliveira","twitter_card":"summary_large_image","twitter_creator":"@sunoresearch","twitter_site":"@sunoresearch","twitter_misc":{"Escrito por":"Giovanna Oliveira","Est. tempo de leitura":"2 minutos"},"schema":{"@context":"https:\/\/schema.org","@graph":[{"@type":"NewsArticle","@id":"https:\/\/www.suno.com.br\/noticias\/balanca-comercial-superavit-2-bilhoes-agosto\/#article","isPartOf":{"@id":"https:\/\/www.suno.com.br\/noticias\/balanca-comercial-superavit-2-bilhoes-agosto\/"},"author":{"name":"Giovanna Oliveira","@id":"https:\/\/www.suno.com.br\/noticias\/#\/schema\/person\/4e19e3d2575736e5283d58eb3199d120"},"headline":"Balan\u00e7a comercial registra super\u00e1vit de US$ 2,246 bilh\u00f5es em agosto","datePublished":"2019-10-01T20:34:07+00:00","dateModified":"2021-02-18T02:03:57+00:00","mainEntityOfPage":{"@id":"https:\/\/www.suno.com.br\/noticias\/balanca-comercial-superavit-2-bilhoes-agosto\/"},"wordCount":422,"publisher":{"@id":"https:\/\/www.suno.com.br\/noticias\/#organization"},"image":{"@id":"https:\/\/www.suno.com.br\/noticias\/balanca-comercial-superavit-2-bilhoes-agosto\/#primaryimage"},"thumbnailUrl":"https:\/\/files.sunoresearch.com.br\/n\/uploads\/2019\/02\/8e5b1252-balan\u00e7a-comercial-2-jpg.webp","keywords":["balan\u00e7a comercial","importa\u00e7\u00f5es","Minist\u00e9rio da Economia"],"articleSection":["Economia"],"inLanguage":"pt-BR"},{"@type":"WebPage","@id":"https:\/\/www.suno.com.br\/noticias\/balanca-comercial-superavit-2-bilhoes-agosto\/","url":"https:\/\/www.suno.com.br\/noticias\/balanca-comercial-superavit-2-bilhoes-agosto\/","name":"Balan\u00e7a comercial registra super\u00e1vit de US$ 2,246 bilh\u00f5es em agosto","isPartOf":{"@id":"https:\/\/www.suno.com.br\/noticias\/#website"},"primaryImageOfPage":{"@id":"https:\/\/www.suno.com.br\/noticias\/balanca-comercial-superavit-2-bilhoes-agosto\/#primaryimage"},"image":{"@id":"https:\/\/www.suno.com.br\/noticias\/balanca-comercial-superavit-2-bilhoes-agosto\/#primaryimage"},"thumbnailUrl":"https:\/\/files.sunoresearch.com.br\/n\/uploads\/2019\/02\/8e5b1252-balan\u00e7a-comercial-2-jpg.webp","datePublished":"2019-10-01T20:34:07+00:00","dateModified":"2021-02-18T02:03:57+00:00","description":"A balan\u00e7a comercial registrou um super\u00e1vit de US$ 2,246 bilh\u00f5es em agosto, pior resultado para o m\u00eas desde 2014. Clique para saber mais.","breadcrumb":{"@id":"https:\/\/www.suno.com.br\/noticias\/balanca-comercial-superavit-2-bilhoes-agosto\/#breadcrumb"},"inLanguage":"pt-BR","potentialAction":[{"@type":"ReadAction","target":["https:\/\/www.suno.com.br\/noticias\/balanca-comercial-superavit-2-bilhoes-agosto\/"]}]},{"@type":"ImageObject","inLanguage":"pt-BR","@id":"https:\/\/www.suno.com.br\/noticias\/balanca-comercial-superavit-2-bilhoes-agosto\/#primaryimage","url":"https:\/\/files.sunoresearch.com.br\/n\/uploads\/2019\/02\/8e5b1252-balan\u00e7a-comercial-2-jpg.webp","contentUrl":"https:\/\/files.sunoresearch.com.br\/n\/uploads\/2019\/02\/8e5b1252-balan\u00e7a-comercial-2-jpg.webp","width":1024,"height":768,"caption":"A balan\u00e7a comercial brasileira reportou um super\u00e1vit de US$ 3,732 bilh\u00f5es em novembro desse ano"},{"@type":"BreadcrumbList","@id":"https:\/\/www.suno.com.br\/noticias\/balanca-comercial-superavit-2-bilhoes-agosto\/#breadcrumb","itemListElement":[{"@type":"ListItem","position":1,"name":"Not\u00edcias","item":"https:\/\/www.suno.com.br\/noticias\/"},{"@type":"ListItem","position":2,"name":"Economia","item":"https:\/\/www.suno.com.br\/noticias\/economia\/"},{"@type":"ListItem","position":3,"name":"Balan\u00e7a comercial registra super\u00e1vit de US$ 2,246 bilh\u00f5es em agosto"}]},{"@type":"WebSite","@id":"https:\/\/www.suno.com.br\/noticias\/#website","url":"https:\/\/www.suno.com.br\/noticias\/","name":"Suno Not\u00edcias","description":"Seu portal de informa\u00e7\u00e3o sobre o mundo dos investimentos","publisher":{"@id":"https:\/\/www.suno.com.br\/noticias\/#organization"},"potentialAction":[{"@type":"SearchAction","target":{"@type":"EntryPoint","urlTemplate":"https:\/\/www.suno.com.br\/noticias\/?s={search_term_string}"},"query-input":{"@type":"PropertyValueSpecification","valueRequired":true,"valueName":"search_term_string"}}],"inLanguage":"pt-BR"},{"@type":"Organization","@id":"https:\/\/www.suno.com.br\/noticias\/#organization","name":"Suno Not\u00edcias","url":"https:\/\/www.suno.com.br\/noticias\/","logo":{"@type":"ImageObject","inLanguage":"pt-BR","@id":"https:\/\/www.suno.com.br\/noticias\/#\/schema\/logo\/image\/","url":"https:\/\/files.sunoresearch.com.br\/n\/uploads\/2021\/09\/suno-logo.png","contentUrl":"https:\/\/files.sunoresearch.com.br\/n\/uploads\/2021\/09\/suno-logo.png","width":180,"height":180,"caption":"Suno Not\u00edcias"},"image":{"@id":"https:\/\/www.suno.com.br\/noticias\/#\/schema\/logo\/image\/"},"sameAs":["https:\/\/facebook.com\/sunoresearch","https:\/\/x.com\/sunoresearch","https:\/\/www.instagram.com\/suno","https:\/\/www.linkedin.com\/company\/suno-research\/","https:\/\/www.youtube.com\/c\/sunoresearch"]},{"@type":"Person","@id":"https:\/\/www.suno.com.br\/noticias\/#\/schema\/person\/4e19e3d2575736e5283d58eb3199d120","name":"Giovanna Oliveira","image":{"@type":"ImageObject","inLanguage":"pt-BR","@id":"https:\/\/www.suno.com.br\/noticias\/#\/schema\/person\/image\/","url":"https:\/\/secure.gravatar.com\/avatar\/9a37b3ae208962ac568992d0ffdbc2eb?s=96&r=g","contentUrl":"https:\/\/secure.gravatar.com\/avatar\/9a37b3ae208962ac568992d0ffdbc2eb?s=96&r=g","caption":"Giovanna Oliveira"},"description":"Giovanna Oliveira escreve sobre economia e pol\u00edtica. Foi rep\u00f3rter do portal de jornalismo da ESPM-SP e produziu conte\u00fado para a Corinthians TV. \u00c9 estudante da ESPM.","url":"https:\/\/www.suno.com.br\/noticias\/author\/giovanna\/"}]}},"default_loop_html":"<div class=\"cardsPage__listCard__boxs\"><div class=\"cardsPage__listCard__boxs__img\"><a href=\"https:\/\/www.suno.com.br\/noticias\/balanca-comercial-superavit-2-bilhoes-agosto\/\"><img class=\"mask\" src=\"https:\/\/www.suno.com.br\/noticias\/wp-content\/themes\/suno\/resources\/images\/spotlight\/spotlight1img\/bg-mask.png\" alt=\"Image Mask\"\/><img src=\"https:\/\/files.sunoresearch.com.br\/n\/uploads\/2019\/02\/8e5b1252-balan\u00e7a-comercial-2-400x200.webp\" alt=\"Balan\u00e7a comercial registra super\u00e1vit de US$ 2,246 bilh\u00f5es em agosto\"\/><\/a><span class=\"spotlightCategory\"><a href=\"https:\/\/www.suno.com.br\/noticias\/economia\/\">Economia<\/a><\/span><\/div><div class=\"cardsPage__listCard__boxs__content\"><a href=\"https:\/\/www.suno.com.br\/noticias\/balanca-comercial-superavit-2-bilhoes-agosto\/\"><h2 class=\"content__title\">Balan\u00e7a comercial registra super\u00e1vit de US$ 2,246 bilh\u00f5es em agosto<\/h2><\/a><div class=\"newsContent__article__meta\"><div class=\"newsContent__article__meta__authorBox\"><a href=\"https:\/\/www.suno.com.br\/noticias\/author\/giovanna\/\" class=\"authorBox__avatar noMobi\"><img src=\"https:\/\/files.sunoresearch.com.br\/n\/uploads\/2019\/06\/952a89ca-screenshot_20190608-171507-150x150.webp\" alt=\"Giovanna Oliveira\"><\/a><div class=\"authorBox__name\"><span>por\n\t\t\t<a href=\"https:\/\/www.suno.com.br\/noticias\/author\/giovanna\/\"><span itemprop=\"author\">Giovanna Oliveira<\/span><\/a><\/span><time datetime=\"2019-10-01T17:34:07-03:00\" itemprop=\"datePublished\">01\/10\/2019 17:34<\/time><\/div><\/div><\/div><\/div><\/div>","single_layout":"posts","amp_enabled":true,"_links":{"self":[{"href":"https:\/\/www.suno.com.br\/noticias\/wp-json\/wp\/v2\/posts\/39546"}],"collection":[{"href":"https:\/\/www.suno.com.br\/noticias\/wp-json\/wp\/v2\/posts"}],"about":[{"href":"https:\/\/www.suno.com.br\/noticias\/wp-json\/wp\/v2\/types\/post"}],"author":[{"embeddable":true,"href":"https:\/\/www.suno.com.br\/noticias\/wp-json\/wp\/v2\/users\/18"}],"replies":[{"embeddable":true,"href":"https:\/\/www.suno.com.br\/noticias\/wp-json\/wp\/v2\/comments?post=39546"}],"version-history":[{"count":0,"href":"https:\/\/www.suno.com.br\/noticias\/wp-json\/wp\/v2\/posts\/39546\/revisions"}],"wp:featuredmedia":[{"embeddable":true,"href":"https:\/\/www.suno.com.br\/noticias\/wp-json\/wp\/v2\/media\/16533"}],"wp:attachment":[{"href":"https:\/\/www.suno.com.br\/noticias\/wp-json\/wp\/v2\/media?parent=39546"}],"wp:term":[{"taxonomy":"category","embeddable":true,"href":"https:\/\/www.suno.com.br\/noticias\/wp-json\/wp\/v2\/categories?post=39546"},{"taxonomy":"post_tag","embeddable":true,"href":"https:\/\/www.suno.com.br\/noticias\/wp-json\/wp\/v2\/tags?post=39546"},{"taxonomy":"suno_strategy","embeddable":true,"href":"https:\/\/www.suno.com.br\/noticias\/wp-json\/wp\/v2\/suno_strategy?post=39546"}],"curies":[{"name":"wp","href":"https:\/\/api.w.org\/{rel}","templated":true}]}}