{"id":395385,"date":"2023-04-26T19:02:48","date_gmt":"2023-04-26T22:02:48","guid":{"rendered":"https:\/\/www.suno.com.br\/noticias\/?p=395385"},"modified":"2023-04-26T19:02:54","modified_gmt":"2023-04-26T22:02:54","slug":"meta-m1ta34-balanco-1t23-lucro-queda","status":"publish","type":"post","link":"https:\/\/www.suno.com.br\/noticias\/meta-m1ta34-balanco-1t23-lucro-queda\/","title":{"rendered":"Dona do Facebook, Meta (M1TA34) v\u00ea lucro cair 24% no 1T23, mas n\u00fameros v\u00eam acima do consenso e a\u00e7\u00f5es sobem"},"content":{"rendered":"<p>Dona do Facebook, a <strong>Meta<\/strong> (M1TA34) teve <a class=\"suno-keyword\" data-force=\"no\" data-priority=\"1\" href=\"https:\/\/www.suno.com.br\/artigos\/lucro-liquido\/\" target=\"_blank\" rel=\"noopener\">lucro l\u00edquido<\/a> de US$ 5,7 bilh\u00f5es no primeiro trimestre de 2023, queda de 24% ante o mesmo per\u00edodo de 2022, quando a cifra havia sido de US$ 7,465 bilh\u00f5es. Contudo, mesmo com o tombo, os n\u00fameros vieram acima das expectativas dos analistas, que projetavam um valor por a\u00e7\u00e3o de US$ 2,02 &#8212; o n\u00famero oficial ficou em US$ 2,20.<\/p>\t<div class=\"wrapper-featured-image\">\n\t\t<figure class=\"spotlightImg\">\n\n\t\t\t<picture>\n\t\t\t\t<source media=\"(max-width: 768px)\" srcset=\"https:\/\/files.sunoresearch.com.br\/n\/uploads\/2022\/02\/zuck-400x200.jpg\">\n\t\t\t\t<img loading=\"lazy\" decoding=\"async\" class=\"newsContent__article__imgCapa lazyloadDisabled \" src=\"https:\/\/files.sunoresearch.com.br\/n\/uploads\/2022\/02\/zuck-800x450.jpg\" width=\"800\" height=\"450\" alt=\"Dona do Facebook, Meta (M1TA34) v\u00ea lucro cair 24% no 1T23, mas n\u00fameros v\u00eam acima do consenso e a\u00e7\u00f5es sobem\" fetchpriority=high \/>\n\t\t\t<\/picture>\n\n\t\t\t<figcaption class=\"wp-caption-text wp-caption-text--show\">Mark Zuckerberg em v\u00eddeo da Meta (M1TA34). Foto: Reprodu\u00e7\u00e3o\/Meta Platforms<\/figcaption>\n\t\t<\/figure>\n\t<\/div>\n\n\n\n\n\n\t<p>\n\t\t<a href=\"https:\/\/lp.suno.com.br\/ebook-como-analisar-uma-acao\/\" target=\"_blank\" data-element=\"shortcode-suno-banner\" title=\"Banner SUNO, clique e saiba mais\">\n\t\t\t<picture>\n\t\t\t\t<source media=\"(max-width: 500px)\" srcset=\"https:\/\/files.sunoresearch.com.br\/n\/uploads\/2023\/03\/Ebook-Acoes-Mobile.jpg\">\n\t\t\t\t<img class=\"newsContent__article__imgCapa newsContent__article__imgCapa--banner\"\n\t\t\t\t\tsrc=\"https:\/\/files.sunoresearch.com.br\/n\/uploads\/2023\/03\/Ebook-Acoes-Desktop.jpg\"\n\t\t\t\t\tdata-promo-id=\"378302\"\t\t\t\t\t\t\t\t\t\twidth='1420' height='286'\t\t\t\t\talt=\"https:\/\/files.sunoresearch.com.br\/n\/uploads\/2023\/03\/Ebook-Acoes-Desktop.jpg\"\n\t\t\t\t>\n\t\t\t<\/picture>\n\t\t<\/a>\n\t<\/p>\n\n\n\n\n\n<p>De acordo com os dados apresentados ao mercado nesta quarta (26), a <strong>receita da Meta<\/strong> apresentou um avan\u00e7o de 3% em rela\u00e7\u00e3o ao primeiro trimestre de 2022, avan\u00e7ando de US$ 27,9 bilh\u00f5es para US$ 28,6 bilh\u00f5es. O resultado ficou acima de da expectativa de US$ 27,6 bilh\u00f5es da Refinitiv.<\/p>\n\n\n\n<p>&#8220;Tivemos um bom trimestre e nossa comunidade continua a crescer&#8221;, disse <a class=\"suno-keyword\" data-force=\"no\" data-priority=\"2\" href=\"https:\/\/www.suno.com.br\/tudo-sobre\/mark-zuckerberg\/\" target=\"_blank\" rel=\"noopener\">Mark Zuckerberg<\/a>, fundador e CEO da Meta. &#8220;Nosso trabalho de intelig\u00eancia artificial est\u00e1 gerando bons resultados em aplicativos e neg\u00f3cios. Tamb\u00e9m estamos nos tornando mais eficientes para que possamos criar produtos melhores com mais rapidez e nos colocar em uma posi\u00e7\u00e3o mais forte para entregar nossa vis\u00e3o de <a class=\"suno-keyword\" data-force=\"no\" data-priority=\"1\" href=\"https:\/\/www.suno.com.br\/artigos\/longo-prazo\/\" target=\"_blank\" rel=\"noopener\">longo prazo<\/a>&#8220;, afirmou o executivo.<\/p>\n\n\n\t<p>\n\t\t<a href=\"https:\/\/lp.suno.com.br\/ebook-gratuito-investindo-no-exterior\/\" target=\"_blank\" data-element=\"shortcode-suno-banner\" title=\"Banner SUNO, clique e saiba mais\">\n\t\t\t<picture>\n\t\t\t\t<source media=\"(max-width: 500px)\" srcset=\"https:\/\/files.sunoresearch.com.br\/n\/uploads\/2023\/03\/400x300-Investindo-no-exterior.png\">\n\t\t\t\t<img class=\"newsContent__article__imgCapa newsContent__article__imgCapa--banner\"\n\t\t\t\t\tsrc=\"https:\/\/files.sunoresearch.com.br\/n\/uploads\/2023\/03\/1420x240-Investindo-no-exterior.png\"\n\t\t\t\t\tdata-promo-id=\"383161\"\t\t\t\t\t\t\t\t\t\twidth='1420' height='240'\t\t\t\t\talt=\"https:\/\/files.sunoresearch.com.br\/n\/uploads\/2023\/03\/1420x240-Investindo-no-exterior.png\"\n\t\t\t\t>\n\t\t\t<\/picture>\n\t\t<\/a>\n\t<\/p>\n\n\n\n\n\n<h2 class=\"wp-block-heading\">Demiss\u00f5es na Meta: qual o impacto nos n\u00fameros?<\/h2>\n\n\n\n<p>Em mar\u00e7o de 2023, a empresa anunciou tr\u00eas <strong>rodadas de demiss\u00f5es<\/strong> planejadas, reduzindo a companhia em aproximadamente 10 mil.<\/p>\n\n\n\n<p>&#8220;Em conex\u00e3o com essas demiss\u00f5es, esperamos incorrer em indeniza\u00e7\u00f5es totais antes dos impostos e custos de pessoal relacionados de aproximadamente US$ 1 bilh\u00e3o, dos quais US$ 523 milh\u00f5es foram reconhecidos durante o primeiro trimestre de 2023 e os encargos restantes ser\u00e3o substancialmente registrados at\u00e9 o final de 2023&#8221;, afirma a Meta.<\/p>\n\n\n\n<p>As <strong>BDRs da Meta<\/strong> fecharam o preg\u00e3o desta quarta em alta de 9,28%, ao pre\u00e7o de R$ 41,11. Enquanto isso, na Nasdaq, os pap\u00e9is fecharam o dia em alta de 0,89%, ao pre\u00e7o de US$ 209,40. <\/p>\n\n\n\n<p>Por\u00e9m, ap\u00f3s o <a class=\"suno-keyword\" data-force=\"no\" data-priority=\"1\" href=\"https:\/\/www.suno.com.br\/artigos\/fechamento-do-mercado\/\" target=\"_blank\" rel=\"noopener\">fechamento do mercado<\/a>, as a\u00e7\u00f5es da <strong>Meta<\/strong> dispararam 12%, negociadas a US$ 209,5, \u00e0s 19h, no hor\u00e1rio de Bras\u00edlia.<\/p>\n\n\n\n<p><em>Com Estad\u00e3o Conte\u00fado<\/em><\/p>\n\n\n\t<p>\n\t\t<a href=\"https:\/\/lp.suno.com.br\/suno-one\/?utm_campaign=_SNC6964518A_\" target=\"_blank\" data-element=\"shortcode-suno-banner\" title=\"Banner SUNO, clique e saiba mais\">\n\t\t\t<picture>\n\t\t\t\t<source media=\"(max-width: 500px)\" srcset=\"https:\/\/files.sunoresearch.com.br\/n\/uploads\/2025\/09\/400x300-Suno-One-png.webp\">\n\t\t\t\t<img class=\"newsContent__article__imgCapa newsContent__article__imgCapa--banner\"\n\t\t\t\t\tsrc=\"https:\/\/files.sunoresearch.com.br\/n\/uploads\/2025\/09\/1420x240-Suno-One-png.webp\"\n\t\t\t\t\tdata-promo-id=\"383121\"\t\t\t\t\t\t\t\t\t\twidth='1420' height='240'\t\t\t\t\talt=\"https:\/\/files.sunoresearch.com.br\/n\/uploads\/2025\/09\/1420x240-Suno-One-png.webp\"\n\t\t\t\t>\n\t\t\t<\/picture>\n\t\t<\/a>\n\t<\/p>\n\n\n","protected":false},"excerpt":{"rendered":"<p>Dona do Facebook, a Meta (M1TA34) teve lucro l\u00edquido de US$ 5,7 bilh\u00f5es no primeiro trimestre de 2023, queda de 24% ante o mesmo per\u00edodo de 2022, quando a cifra havia sido de US$ 7,465 bilh\u00f5es. Contudo, mesmo com o tombo, os n\u00fameros vieram acima das expectativas dos analistas, que projetavam um valor por a\u00e7\u00e3o [&hellip;]<\/p>\n","protected":false},"author":232,"featured_media":228434,"comment_status":"closed","ping_status":"closed","sticky":false,"template":"","format":"standard","meta":[],"categories":[63],"tags":[317,733,964],"suno_strategy":[],"class_list":["post-395385","post","type-post","status-publish","format-standard","has-post-thumbnail","hentry","category-internacional","tag-bdrs","tag-facebook-fbok34","tag-nasdaq"],"yoast_head":"<!-- This site is optimized with the Yoast SEO plugin v24.4 - https:\/\/yoast.com\/wordpress\/plugins\/seo\/ -->\n<title>Dona do Facebook, Meta (M1TA34) v\u00ea lucro bilion\u00e1rio cair 24% no 1T23<\/title>\n<meta name=\"description\" content=\"Dona do Facebook, a Meta (M1TA34) teve lucro l\u00edquido de US$ 5,7 bilh\u00f5es no primeiro trimestre de 2023, queda de 24%. Confira!\" \/>\n<meta name=\"robots\" content=\"index, follow, max-snippet:-1, max-image-preview:large, max-video-preview:-1\" \/>\n<link rel=\"canonical\" href=\"https:\/\/www.suno.com.br\/noticias\/meta-m1ta34-balanco-1t23-lucro-queda\/\" \/>\n<meta property=\"og:locale\" content=\"pt_BR\" \/>\n<meta property=\"og:type\" content=\"article\" \/>\n<meta property=\"og:title\" content=\"Dona do Facebook, Meta (M1TA34) v\u00ea lucro bilion\u00e1rio cair 24% no 1T23\" \/>\n<meta property=\"og:description\" content=\"Dona do Facebook, a Meta (M1TA34) teve lucro l\u00edquido de US$ 5,7 bilh\u00f5es no primeiro trimestre de 2023, queda de 24%. Confira!\" \/>\n<meta property=\"og:url\" content=\"https:\/\/www.suno.com.br\/noticias\/meta-m1ta34-balanco-1t23-lucro-queda\/\" \/>\n<meta property=\"og:site_name\" content=\"Suno Not\u00edcias\" \/>\n<meta property=\"article:publisher\" content=\"https:\/\/facebook.com\/sunoresearch\" \/>\n<meta property=\"og:image\" content=\"https:\/\/files.sunoresearch.com.br\/n\/uploads\/2022\/02\/zuck.jpg\" \/>\n\t<meta property=\"og:image:width\" content=\"1200\" \/>\n\t<meta property=\"og:image:height\" content=\"675\" \/>\n\t<meta property=\"og:image:type\" content=\"image\/jpeg\" \/>\n<meta name=\"author\" content=\"Erick Matheus Nery\" \/>\n<meta name=\"twitter:card\" content=\"summary_large_image\" \/>\n<meta name=\"twitter:creator\" content=\"@sunoresearch\" \/>\n<meta name=\"twitter:site\" content=\"@sunoresearch\" \/>\n<meta name=\"twitter:label1\" content=\"Escrito por\" \/>\n\t<meta name=\"twitter:data1\" content=\"Erick Matheus Nery\" \/>\n\t<meta name=\"twitter:label2\" content=\"Est. tempo de leitura\" \/>\n\t<meta name=\"twitter:data2\" content=\"2 minutos\" \/>\n<script type=\"application\/ld+json\" class=\"yoast-schema-graph\">{\"@context\":\"https:\/\/schema.org\",\"@graph\":[{\"@type\":\"NewsArticle\",\"@id\":\"https:\/\/www.suno.com.br\/noticias\/meta-m1ta34-balanco-1t23-lucro-queda\/#article\",\"isPartOf\":{\"@id\":\"https:\/\/www.suno.com.br\/noticias\/meta-m1ta34-balanco-1t23-lucro-queda\/\"},\"author\":{\"name\":\"Erick Matheus Nery\",\"@id\":\"https:\/\/www.suno.com.br\/noticias\/#\/schema\/person\/6899bc3f19d1a7315f807131c2c013a0\"},\"headline\":\"Dona do Facebook, Meta (M1TA34) v\u00ea lucro cair 24% no 1T23, mas n\u00fameros v\u00eam acima do consenso e a\u00e7\u00f5es sobem\",\"datePublished\":\"2023-04-26T22:02:48+00:00\",\"dateModified\":\"2023-04-26T22:02:54+00:00\",\"mainEntityOfPage\":{\"@id\":\"https:\/\/www.suno.com.br\/noticias\/meta-m1ta34-balanco-1t23-lucro-queda\/\"},\"wordCount\":366,\"publisher\":{\"@id\":\"https:\/\/www.suno.com.br\/noticias\/#organization\"},\"image\":{\"@id\":\"https:\/\/www.suno.com.br\/noticias\/meta-m1ta34-balanco-1t23-lucro-queda\/#primaryimage\"},\"thumbnailUrl\":\"https:\/\/files.sunoresearch.com.br\/n\/uploads\/2022\/02\/zuck.jpg\",\"keywords\":[\"BDRs\",\"Facebook (FBOK34)\",\"Nasdaq\"],\"articleSection\":[\"Internacional\"],\"inLanguage\":\"pt-BR\"},{\"@type\":\"WebPage\",\"@id\":\"https:\/\/www.suno.com.br\/noticias\/meta-m1ta34-balanco-1t23-lucro-queda\/\",\"url\":\"https:\/\/www.suno.com.br\/noticias\/meta-m1ta34-balanco-1t23-lucro-queda\/\",\"name\":\"Dona do Facebook, Meta (M1TA34) v\u00ea lucro bilion\u00e1rio cair 24% no 1T23\",\"isPartOf\":{\"@id\":\"https:\/\/www.suno.com.br\/noticias\/#website\"},\"primaryImageOfPage\":{\"@id\":\"https:\/\/www.suno.com.br\/noticias\/meta-m1ta34-balanco-1t23-lucro-queda\/#primaryimage\"},\"image\":{\"@id\":\"https:\/\/www.suno.com.br\/noticias\/meta-m1ta34-balanco-1t23-lucro-queda\/#primaryimage\"},\"thumbnailUrl\":\"https:\/\/files.sunoresearch.com.br\/n\/uploads\/2022\/02\/zuck.jpg\",\"datePublished\":\"2023-04-26T22:02:48+00:00\",\"dateModified\":\"2023-04-26T22:02:54+00:00\",\"description\":\"Dona do Facebook, a Meta (M1TA34) teve lucro l\u00edquido de US$ 5,7 bilh\u00f5es no primeiro trimestre de 2023, queda de 24%. Confira!\",\"breadcrumb\":{\"@id\":\"https:\/\/www.suno.com.br\/noticias\/meta-m1ta34-balanco-1t23-lucro-queda\/#breadcrumb\"},\"inLanguage\":\"pt-BR\",\"potentialAction\":[{\"@type\":\"ReadAction\",\"target\":[\"https:\/\/www.suno.com.br\/noticias\/meta-m1ta34-balanco-1t23-lucro-queda\/\"]}]},{\"@type\":\"ImageObject\",\"inLanguage\":\"pt-BR\",\"@id\":\"https:\/\/www.suno.com.br\/noticias\/meta-m1ta34-balanco-1t23-lucro-queda\/#primaryimage\",\"url\":\"https:\/\/files.sunoresearch.com.br\/n\/uploads\/2022\/02\/zuck.jpg\",\"contentUrl\":\"https:\/\/files.sunoresearch.com.br\/n\/uploads\/2022\/02\/zuck.jpg\",\"width\":1200,\"height\":675,\"caption\":\"Mark Zuckerberg em v\u00eddeo da Meta (M1TA34). Foto: Reprodu\u00e7\u00e3o\/Meta Platforms\"},{\"@type\":\"BreadcrumbList\",\"@id\":\"https:\/\/www.suno.com.br\/noticias\/meta-m1ta34-balanco-1t23-lucro-queda\/#breadcrumb\",\"itemListElement\":[{\"@type\":\"ListItem\",\"position\":1,\"name\":\"Not\u00edcias\",\"item\":\"https:\/\/www.suno.com.br\/noticias\/\"},{\"@type\":\"ListItem\",\"position\":2,\"name\":\"Internacional\",\"item\":\"https:\/\/www.suno.com.br\/noticias\/internacional\/\"},{\"@type\":\"ListItem\",\"position\":3,\"name\":\"Dona do Facebook, Meta (M1TA34) v\u00ea lucro cair 24% no 1T23, mas n\u00fameros v\u00eam acima do consenso e a\u00e7\u00f5es sobem\"}]},{\"@type\":\"WebSite\",\"@id\":\"https:\/\/www.suno.com.br\/noticias\/#website\",\"url\":\"https:\/\/www.suno.com.br\/noticias\/\",\"name\":\"Suno Not\u00edcias\",\"description\":\"Seu portal de informa\u00e7\u00e3o sobre o mundo dos investimentos\",\"publisher\":{\"@id\":\"https:\/\/www.suno.com.br\/noticias\/#organization\"},\"potentialAction\":[{\"@type\":\"SearchAction\",\"target\":{\"@type\":\"EntryPoint\",\"urlTemplate\":\"https:\/\/www.suno.com.br\/noticias\/?s={search_term_string}\"},\"query-input\":{\"@type\":\"PropertyValueSpecification\",\"valueRequired\":true,\"valueName\":\"search_term_string\"}}],\"inLanguage\":\"pt-BR\"},{\"@type\":\"Organization\",\"@id\":\"https:\/\/www.suno.com.br\/noticias\/#organization\",\"name\":\"Suno Not\u00edcias\",\"url\":\"https:\/\/www.suno.com.br\/noticias\/\",\"logo\":{\"@type\":\"ImageObject\",\"inLanguage\":\"pt-BR\",\"@id\":\"https:\/\/www.suno.com.br\/noticias\/#\/schema\/logo\/image\/\",\"url\":\"https:\/\/files.sunoresearch.com.br\/n\/uploads\/2021\/09\/suno-logo.png\",\"contentUrl\":\"https:\/\/files.sunoresearch.com.br\/n\/uploads\/2021\/09\/suno-logo.png\",\"width\":180,\"height\":180,\"caption\":\"Suno Not\u00edcias\"},\"image\":{\"@id\":\"https:\/\/www.suno.com.br\/noticias\/#\/schema\/logo\/image\/\"},\"sameAs\":[\"https:\/\/facebook.com\/sunoresearch\",\"https:\/\/x.com\/sunoresearch\",\"https:\/\/www.instagram.com\/suno\",\"https:\/\/www.linkedin.com\/company\/suno-research\/\",\"https:\/\/www.youtube.com\/c\/sunoresearch\"]},{\"@type\":\"Person\",\"@id\":\"https:\/\/www.suno.com.br\/noticias\/#\/schema\/person\/6899bc3f19d1a7315f807131c2c013a0\",\"name\":\"Erick Matheus Nery\",\"image\":{\"@type\":\"ImageObject\",\"inLanguage\":\"pt-BR\",\"@id\":\"https:\/\/www.suno.com.br\/noticias\/#\/schema\/person\/image\/\",\"url\":\"https:\/\/secure.gravatar.com\/avatar\/518ddffe438ccb767782d372a66304d2?s=96&r=g\",\"contentUrl\":\"https:\/\/secure.gravatar.com\/avatar\/518ddffe438ccb767782d372a66304d2?s=96&r=g\",\"caption\":\"Erick Matheus Nery\"},\"description\":\"Formado em Jornalismo pela Universidade Federal do Par\u00e1 (UFPA), conta com extens\u00e3o em Jornalismo Econ\u00f4mico pela Funda\u00e7\u00e3o Get\u00falio Vargas (FGV). No Suno Not\u00edcias, atua como rep\u00f3rter de Mercado, com foco nos setores de telecomunica\u00e7\u00f5es, varejo, alimentos e renda fixa. Conta com passagens pelo jornal O Estado de S\u00e3o Paulo, como trainee de Jornalismo Econ\u00f4mico, e pelo site Not\u00edcias da TV.\",\"url\":\"https:\/\/www.suno.com.br\/noticias\/author\/erick-nery\/\"}]}<\/script>\n<!-- \/ Yoast SEO plugin. -->","yoast_head_json":{"title":"Dona do Facebook, Meta (M1TA34) v\u00ea lucro bilion\u00e1rio cair 24% no 1T23","description":"Dona do Facebook, a Meta (M1TA34) teve lucro l\u00edquido de US$ 5,7 bilh\u00f5es no primeiro trimestre de 2023, queda de 24%. Confira!","robots":{"index":"index","follow":"follow","max-snippet":"max-snippet:-1","max-image-preview":"max-image-preview:large","max-video-preview":"max-video-preview:-1"},"canonical":"https:\/\/www.suno.com.br\/noticias\/meta-m1ta34-balanco-1t23-lucro-queda\/","og_locale":"pt_BR","og_type":"article","og_title":"Dona do Facebook, Meta (M1TA34) v\u00ea lucro bilion\u00e1rio cair 24% no 1T23","og_description":"Dona do Facebook, a Meta (M1TA34) teve lucro l\u00edquido de US$ 5,7 bilh\u00f5es no primeiro trimestre de 2023, queda de 24%. Confira!","og_url":"https:\/\/www.suno.com.br\/noticias\/meta-m1ta34-balanco-1t23-lucro-queda\/","og_site_name":"Suno Not\u00edcias","article_publisher":"https:\/\/facebook.com\/sunoresearch","og_image":[{"width":1200,"height":675,"url":"https:\/\/files.sunoresearch.com.br\/n\/uploads\/2022\/02\/zuck.jpg","type":"image\/jpeg"}],"author":"Erick Matheus Nery","twitter_card":"summary_large_image","twitter_creator":"@sunoresearch","twitter_site":"@sunoresearch","twitter_misc":{"Escrito por":"Erick Matheus Nery","Est. tempo de leitura":"2 minutos"},"schema":{"@context":"https:\/\/schema.org","@graph":[{"@type":"NewsArticle","@id":"https:\/\/www.suno.com.br\/noticias\/meta-m1ta34-balanco-1t23-lucro-queda\/#article","isPartOf":{"@id":"https:\/\/www.suno.com.br\/noticias\/meta-m1ta34-balanco-1t23-lucro-queda\/"},"author":{"name":"Erick Matheus Nery","@id":"https:\/\/www.suno.com.br\/noticias\/#\/schema\/person\/6899bc3f19d1a7315f807131c2c013a0"},"headline":"Dona do Facebook, Meta (M1TA34) v\u00ea lucro cair 24% no 1T23, mas n\u00fameros v\u00eam acima do consenso e a\u00e7\u00f5es sobem","datePublished":"2023-04-26T22:02:48+00:00","dateModified":"2023-04-26T22:02:54+00:00","mainEntityOfPage":{"@id":"https:\/\/www.suno.com.br\/noticias\/meta-m1ta34-balanco-1t23-lucro-queda\/"},"wordCount":366,"publisher":{"@id":"https:\/\/www.suno.com.br\/noticias\/#organization"},"image":{"@id":"https:\/\/www.suno.com.br\/noticias\/meta-m1ta34-balanco-1t23-lucro-queda\/#primaryimage"},"thumbnailUrl":"https:\/\/files.sunoresearch.com.br\/n\/uploads\/2022\/02\/zuck.jpg","keywords":["BDRs","Facebook (FBOK34)","Nasdaq"],"articleSection":["Internacional"],"inLanguage":"pt-BR"},{"@type":"WebPage","@id":"https:\/\/www.suno.com.br\/noticias\/meta-m1ta34-balanco-1t23-lucro-queda\/","url":"https:\/\/www.suno.com.br\/noticias\/meta-m1ta34-balanco-1t23-lucro-queda\/","name":"Dona do Facebook, Meta (M1TA34) v\u00ea lucro bilion\u00e1rio cair 24% no 1T23","isPartOf":{"@id":"https:\/\/www.suno.com.br\/noticias\/#website"},"primaryImageOfPage":{"@id":"https:\/\/www.suno.com.br\/noticias\/meta-m1ta34-balanco-1t23-lucro-queda\/#primaryimage"},"image":{"@id":"https:\/\/www.suno.com.br\/noticias\/meta-m1ta34-balanco-1t23-lucro-queda\/#primaryimage"},"thumbnailUrl":"https:\/\/files.sunoresearch.com.br\/n\/uploads\/2022\/02\/zuck.jpg","datePublished":"2023-04-26T22:02:48+00:00","dateModified":"2023-04-26T22:02:54+00:00","description":"Dona do Facebook, a Meta (M1TA34) teve lucro l\u00edquido de US$ 5,7 bilh\u00f5es no primeiro trimestre de 2023, queda de 24%. Confira!","breadcrumb":{"@id":"https:\/\/www.suno.com.br\/noticias\/meta-m1ta34-balanco-1t23-lucro-queda\/#breadcrumb"},"inLanguage":"pt-BR","potentialAction":[{"@type":"ReadAction","target":["https:\/\/www.suno.com.br\/noticias\/meta-m1ta34-balanco-1t23-lucro-queda\/"]}]},{"@type":"ImageObject","inLanguage":"pt-BR","@id":"https:\/\/www.suno.com.br\/noticias\/meta-m1ta34-balanco-1t23-lucro-queda\/#primaryimage","url":"https:\/\/files.sunoresearch.com.br\/n\/uploads\/2022\/02\/zuck.jpg","contentUrl":"https:\/\/files.sunoresearch.com.br\/n\/uploads\/2022\/02\/zuck.jpg","width":1200,"height":675,"caption":"Mark Zuckerberg em v\u00eddeo da Meta (M1TA34). Foto: Reprodu\u00e7\u00e3o\/Meta Platforms"},{"@type":"BreadcrumbList","@id":"https:\/\/www.suno.com.br\/noticias\/meta-m1ta34-balanco-1t23-lucro-queda\/#breadcrumb","itemListElement":[{"@type":"ListItem","position":1,"name":"Not\u00edcias","item":"https:\/\/www.suno.com.br\/noticias\/"},{"@type":"ListItem","position":2,"name":"Internacional","item":"https:\/\/www.suno.com.br\/noticias\/internacional\/"},{"@type":"ListItem","position":3,"name":"Dona do Facebook, Meta (M1TA34) v\u00ea lucro cair 24% no 1T23, mas n\u00fameros v\u00eam acima do consenso e a\u00e7\u00f5es sobem"}]},{"@type":"WebSite","@id":"https:\/\/www.suno.com.br\/noticias\/#website","url":"https:\/\/www.suno.com.br\/noticias\/","name":"Suno Not\u00edcias","description":"Seu portal de informa\u00e7\u00e3o sobre o mundo dos investimentos","publisher":{"@id":"https:\/\/www.suno.com.br\/noticias\/#organization"},"potentialAction":[{"@type":"SearchAction","target":{"@type":"EntryPoint","urlTemplate":"https:\/\/www.suno.com.br\/noticias\/?s={search_term_string}"},"query-input":{"@type":"PropertyValueSpecification","valueRequired":true,"valueName":"search_term_string"}}],"inLanguage":"pt-BR"},{"@type":"Organization","@id":"https:\/\/www.suno.com.br\/noticias\/#organization","name":"Suno Not\u00edcias","url":"https:\/\/www.suno.com.br\/noticias\/","logo":{"@type":"ImageObject","inLanguage":"pt-BR","@id":"https:\/\/www.suno.com.br\/noticias\/#\/schema\/logo\/image\/","url":"https:\/\/files.sunoresearch.com.br\/n\/uploads\/2021\/09\/suno-logo.png","contentUrl":"https:\/\/files.sunoresearch.com.br\/n\/uploads\/2021\/09\/suno-logo.png","width":180,"height":180,"caption":"Suno Not\u00edcias"},"image":{"@id":"https:\/\/www.suno.com.br\/noticias\/#\/schema\/logo\/image\/"},"sameAs":["https:\/\/facebook.com\/sunoresearch","https:\/\/x.com\/sunoresearch","https:\/\/www.instagram.com\/suno","https:\/\/www.linkedin.com\/company\/suno-research\/","https:\/\/www.youtube.com\/c\/sunoresearch"]},{"@type":"Person","@id":"https:\/\/www.suno.com.br\/noticias\/#\/schema\/person\/6899bc3f19d1a7315f807131c2c013a0","name":"Erick Matheus Nery","image":{"@type":"ImageObject","inLanguage":"pt-BR","@id":"https:\/\/www.suno.com.br\/noticias\/#\/schema\/person\/image\/","url":"https:\/\/secure.gravatar.com\/avatar\/518ddffe438ccb767782d372a66304d2?s=96&r=g","contentUrl":"https:\/\/secure.gravatar.com\/avatar\/518ddffe438ccb767782d372a66304d2?s=96&r=g","caption":"Erick Matheus Nery"},"description":"Formado em Jornalismo pela Universidade Federal do Par\u00e1 (UFPA), conta com extens\u00e3o em Jornalismo Econ\u00f4mico pela Funda\u00e7\u00e3o Get\u00falio Vargas (FGV). No Suno Not\u00edcias, atua como rep\u00f3rter de Mercado, com foco nos setores de telecomunica\u00e7\u00f5es, varejo, alimentos e renda fixa. Conta com passagens pelo jornal O Estado de S\u00e3o Paulo, como trainee de Jornalismo Econ\u00f4mico, e pelo site Not\u00edcias da TV.","url":"https:\/\/www.suno.com.br\/noticias\/author\/erick-nery\/"}]}},"default_loop_html":"<div class=\"cardsPage__listCard__boxs\"><div class=\"cardsPage__listCard__boxs__img\"><a href=\"https:\/\/www.suno.com.br\/noticias\/meta-m1ta34-balanco-1t23-lucro-queda\/\"><img class=\"mask\" src=\"https:\/\/www.suno.com.br\/noticias\/wp-content\/themes\/suno\/resources\/images\/spotlight\/spotlight1img\/bg-mask.png\" alt=\"Image Mask\"\/><img src=\"https:\/\/files.sunoresearch.com.br\/n\/uploads\/2022\/02\/zuck-400x200.jpg\" alt=\"Dona do Facebook, Meta (M1TA34) v\u00ea lucro cair 24% no 1T23, mas n\u00fameros v\u00eam acima do consenso e a\u00e7\u00f5es sobem\"\/><\/a><span class=\"spotlightCategory\"><a href=\"https:\/\/www.suno.com.br\/noticias\/internacional\/\">Internacional<\/a><\/span><\/div><div class=\"cardsPage__listCard__boxs__content\"><a href=\"https:\/\/www.suno.com.br\/noticias\/meta-m1ta34-balanco-1t23-lucro-queda\/\"><h2 class=\"content__title\">Dona do Facebook, Meta (M1TA34) v\u00ea lucro cair 24% no 1T23, mas n\u00fameros v\u00eam acima do consenso e a\u00e7\u00f5es sobem<\/h2><\/a><div class=\"newsContent__article__meta\"><div class=\"newsContent__article__meta__authorBox\"><a href=\"https:\/\/www.suno.com.br\/noticias\/author\/erick-nery\/\" class=\"authorBox__avatar noMobi\"><img src=\"https:\/\/secure.gravatar.com\/avatar\/518ddffe438ccb767782d372a66304d2?s=96&#038;r=g\" alt=\"Erick Matheus Nery\"><\/a><div class=\"authorBox__name\"><span>por\n\t\t\t<a href=\"https:\/\/www.suno.com.br\/noticias\/author\/erick-nery\/\"><span itemprop=\"author\">Erick Matheus Nery<\/span><\/a><\/span><time datetime=\"2023-04-26T19:02:48-03:00\" itemprop=\"datePublished\">26\/04\/2023 19:02<\/time><\/div><\/div><\/div><\/div><\/div>","single_layout":"posts","amp_enabled":true,"_links":{"self":[{"href":"https:\/\/www.suno.com.br\/noticias\/wp-json\/wp\/v2\/posts\/395385"}],"collection":[{"href":"https:\/\/www.suno.com.br\/noticias\/wp-json\/wp\/v2\/posts"}],"about":[{"href":"https:\/\/www.suno.com.br\/noticias\/wp-json\/wp\/v2\/types\/post"}],"author":[{"embeddable":true,"href":"https:\/\/www.suno.com.br\/noticias\/wp-json\/wp\/v2\/users\/232"}],"replies":[{"embeddable":true,"href":"https:\/\/www.suno.com.br\/noticias\/wp-json\/wp\/v2\/comments?post=395385"}],"version-history":[{"count":2,"href":"https:\/\/www.suno.com.br\/noticias\/wp-json\/wp\/v2\/posts\/395385\/revisions"}],"predecessor-version":[{"id":395461,"href":"https:\/\/www.suno.com.br\/noticias\/wp-json\/wp\/v2\/posts\/395385\/revisions\/395461"}],"wp:featuredmedia":[{"embeddable":true,"href":"https:\/\/www.suno.com.br\/noticias\/wp-json\/wp\/v2\/media\/228434"}],"wp:attachment":[{"href":"https:\/\/www.suno.com.br\/noticias\/wp-json\/wp\/v2\/media?parent=395385"}],"wp:term":[{"taxonomy":"category","embeddable":true,"href":"https:\/\/www.suno.com.br\/noticias\/wp-json\/wp\/v2\/categories?post=395385"},{"taxonomy":"post_tag","embeddable":true,"href":"https:\/\/www.suno.com.br\/noticias\/wp-json\/wp\/v2\/tags?post=395385"},{"taxonomy":"suno_strategy","embeddable":true,"href":"https:\/\/www.suno.com.br\/noticias\/wp-json\/wp\/v2\/suno_strategy?post=395385"}],"curies":[{"name":"wp","href":"https:\/\/api.w.org\/{rel}","templated":true}]}}