{"id":39446,"date":"2019-10-01T10:18:44","date_gmt":"2019-10-01T13:18:44","guid":{"rendered":"https:\/\/www.suno.com.br\/noticias\/?p=39446"},"modified":"2019-10-03T10:37:58","modified_gmt":"2019-10-03T13:37:58","slug":"producao-industrial-registra-melhor-agosto-ultimos-5-anos","status":"publish","type":"post","link":"https:\/\/www.suno.com.br\/noticias\/producao-industrial-registra-melhor-agosto-ultimos-5-anos\/","title":{"rendered":"Produ\u00e7\u00e3o industrial registra melhor agosto dos \u00faltimos 5 anos"},"content":{"rendered":"<p>Ap\u00f3s tr\u00eas meses consecutivos em queda, a produ\u00e7\u00e3o industrial brasileira reportou uma alta de 0,8% em agosto, em compara\u00e7\u00e3o com o m\u00eas de julho.<\/p>\t<div class=\"wrapper-featured-image\">\n\t\t<figure class=\"spotlightImg\">\n\n\t\t\t<picture>\n\t\t\t\t<source media=\"(max-width: 768px)\" srcset=\"https:\/\/files.sunoresearch.com.br\/n\/uploads\/2019\/10\/b549ebe5-industria-400x200.gif\">\n\t\t\t\t<img loading=\"lazy\" decoding=\"async\" class=\"newsContent__article__imgCapa lazyloadDisabled newsContent__article__imgCapa--noCaption\" src=\"https:\/\/files.sunoresearch.com.br\/n\/uploads\/2019\/10\/b549ebe5-industria-800x450.gif\" width=\"800\" height=\"450\" alt=\"Produ\u00e7\u00e3o industrial registra melhor agosto dos \u00faltimos 5 anos\" fetchpriority=high \/>\n\t\t\t<\/picture>\n\n\t\t\t<figcaption class=\"wp-caption-text wp-caption-text--hide\">Coronav\u00edrus ainda n\u00e3o impactou a ind\u00fastria do pa\u00eds, segundo IBGE<\/figcaption>\n\t\t<\/figure>\n\t<\/div>\n\n\n\n<p>De acordo com o <strong>Instituto Brasileiro de Geografia e Estat\u00edstica (IBGE)<\/strong> nesta ter\u00e7a-feira (1), esse \u00e9 o melhor resultado da <strong>produ\u00e7\u00e3o industrial<\/strong> para o m\u00eas de agosto desde 2014, quando foi reportada uma alta de 0,9%.<\/p>\n<p>Agosto tamb\u00e9m registrou a maior alta mensal desde junho de 2018, quando o avan\u00e7o foi de 12,6%, na compara\u00e7\u00e3o com m\u00eas anterior. Em agosto do ano passado, o \u00edndice foi retra\u00eddo em 1%.<\/p>\n<h2>Produ\u00e7\u00e3o industrial esbo\u00e7a recupera\u00e7\u00e3o, mas continua lenta<\/h2>\n<p>De acordo com o <strong>IBGE<\/strong>, a retomada da produ\u00e7\u00e3o industrial em agosto foi impulsionada pela ind\u00fastria extrativa, que cresceu 6,6% no m\u00eas. A evolu\u00e7\u00e3o se deu pelo aumento na extra\u00e7\u00e3o de min\u00e9rio de ferro, petr\u00f3leo e g\u00e1s.<\/p>\n\t<p>\n\t\t<a href=\"https:\/\/lp.suno.com.br\/ebook-10-livros\/\" target=\"_blank\" data-element=\"shortcode-suno-banner\" title=\"Banner SUNO, clique e saiba mais\">\n\t\t\t<picture>\n\t\t\t\t<source media=\"(max-width: 500px)\" srcset=\"https:\/\/files.sunoresearch.com.br\/n\/uploads\/2023\/03\/400x300-10-livros.png\">\n\t\t\t\t<img class=\"newsContent__article__imgCapa newsContent__article__imgCapa--banner\"\n\t\t\t\t\tsrc=\"https:\/\/files.sunoresearch.com.br\/n\/uploads\/2023\/03\/1420x240-10-livros.png\"\n\t\t\t\t\tdata-promo-id=\"383159\"\t\t\t\t\t\t\t\t\t\twidth='1420' height='240'\t\t\t\t\talt=\"https:\/\/files.sunoresearch.com.br\/n\/uploads\/2023\/03\/1420x240-10-livros.png\"\n\t\t\t\t>\n\t\t\t<\/picture>\n\t\t<\/a>\n\t<\/p>\n\n\n<div class=\"mc-column content-text active-extra-styles \" data-block-type=\"unstyled\" data-block-weight=\"21\" data-block-id=\"5\">\n<p class=\"content-text__container \" data-track-category=\"Link no Texto\" data-track-links=\"\">Contudo, por mais que a ind\u00fastria tenha voltado a crescer, o ritmo de recupera\u00e7\u00e3o ainda \u00e9 menor que o registrado no ano passado.<\/p>\n<p data-track-category=\"Link no Texto\" data-track-links=\"\">Nos \u00faltimos 12 meses, a produ\u00e7\u00e3o industrial mostra uma perda ainda maior de em sua progress\u00e3o, ao passar de -1,3% em julho para -1,7% em agosto, perpetuando a trajet\u00f3ria descendente do setor, iniciada em julho do ano passado.<\/p>\n<p><p data-track-category=\"Link no Texto\" data-track-links=\"\"><a href=\"https:\/\/www.suno.com.br\/noticias\/se-inflacao-nao-atrapalhar-taxa-de-juro-deve-cair-a-zero\/\">Confira: Se a infla\u00e7\u00e3o n\u00e3o atrapalhar, a taxa de juros real deve cair a zero, diz Bradesco<\/a><\/p>\n<\/p>\n<p data-track-category=\"Link no Texto\" data-track-links=\"\">Este ano, a produ\u00e7\u00e3o industrial tem sido afetada pelo ritmo lento da economia. Al\u00e9m disso, fatores extraordin\u00e1rios como a queda das exporta\u00e7\u00f5es para a Argentina, devido \u00e0 crise do pa\u00eds vizinho, e reflexos da trag\u00e9dia de Brumadinho (MG) em janeiro, que afetaram a produ\u00e7\u00e3o de min\u00e9rio de ferro da <strong>Vale<\/strong> (VALE3;VALE4).<\/p>\n<p data-track-category=\"Link no Texto\" data-track-links=\"\">Na semana passada, a pesquisa da<strong> Confedera\u00e7\u00e3o Nacional da Ind\u00fastria (CNI)<\/strong> demonstrou que o excesso de estoques foi reduzido em agosto.<\/p>\n<div class=\"mc-column content-text active-extra-styles \" data-block-type=\"unstyled\" data-block-weight=\"58\" data-block-id=\"3\">\n<p class=\"content-text__container \" data-track-category=\"Link no Texto\" data-track-links=\"\">&#8220;Ressalte-se, contudo, que esse movimento de alta na produ\u00e7\u00e3o \u00e9 comum para o m\u00eas e que o \u00edndice de agosto de 2019 \u00e9 inferior ao registrado no mesmo per\u00edodo dos \u00faltimos anos. Isso significa dizer que o crescimento deste ano, na passagem de julho para agosto, foi menor e menos disseminado que em anos anteriores&#8221;, informou a CNI.<\/p>\n<p><p data-track-category=\"Link no Texto\" data-track-links=\"\"><a href=\"https:\/\/www.suno.com.br\/noticias\/fgv-incerteza-da-economia-cresce-2-pontos\/\">Veja tamb\u00e9m: FGV: incerteza da economia cresce 2,7 pontos de agosto para setembro<\/a><\/p>\n<\/p>\n<p data-track-category=\"Link no Texto\" data-track-links=\"\">De acordo com a pesquisa, os \u00edndices que medem a expectativa da demanda, de quantidade exportada e investimentos continuam em queda.<\/p>\n<article>\n<div class=\"wall protected-content\">\n<div data-track-category=\"multicontent\" data-track-action=\"ultimo chunk conteudo\" data-track-noninteraction=\"false\" data-track-scroll=\"view\">\n<div class=\"mc-column content-text active-extra-styles \" data-block-type=\"unstyled\" data-block-weight=\"44\" data-block-id=\"13\">\n<p class=\"content-text__container \" data-track-category=\"Link no Texto\" data-track-links=\"\">Para o consolidado de 2019, os economistas das institui\u00e7\u00f5es financeiras estimam uma queda de 0,54% na <strong>produ\u00e7\u00e3o industrial<\/strong>, segundo pesquisa do <a href=\"https:\/\/www.suno.com.br\/noticias\/boletim-focus-reduz-taxa-selic-a-4-75-ano\/\">Boletim Focus<\/a> do <a href=\"https:\/\/www.suno.com.br\/artigos\/bacen\/\">Banco Central (BC)<\/a>.<\/p>\n<\/div>\n<\/div>\n<\/div>\n<\/article>\n<\/div>\n<\/div>\n","protected":false},"excerpt":{"rendered":"<p>Ap\u00f3s tr\u00eas meses consecutivos em queda, a produ\u00e7\u00e3o industrial brasileira reportou uma alta de 0,8% em agosto, em compara\u00e7\u00e3o com o m\u00eas de julho. Coronav\u00edrus ainda n\u00e3o impactou a ind\u00fastria do pa\u00eds, segundo IBGE De acordo com o Instituto Brasileiro de Geografia e Estat\u00edstica (IBGE) nesta ter\u00e7a-feira (1), esse \u00e9 o melhor resultado da produ\u00e7\u00e3o [&hellip;]<\/p>\n","protected":false},"author":24,"featured_media":39464,"comment_status":"closed","ping_status":"closed","sticky":false,"template":"","format":"standard","meta":[],"categories":[62],"tags":[834,740,820],"suno_strategy":[],"class_list":["post-39446","post","type-post","status-publish","format-standard","has-post-thumbnail","hentry","category-economia","tag-boletim-focus","tag-economia","tag-producao-industrial"],"yoast_head":"<!-- This site is optimized with the Yoast SEO plugin v24.4 - https:\/\/yoast.com\/wordpress\/plugins\/seo\/ -->\n<title>Produ\u00e7\u00e3o industrial registra melhor agosto dos \u00faltimos 5 anos<\/title>\n<meta name=\"description\" content=\"Ap\u00f3s tr\u00eas meses consecutivos em queda, a produ\u00e7\u00e3o industrial brasileira reportou uma alta de 0,8% em agosto. Clique aqui e saiba mais.\" \/>\n<meta name=\"robots\" content=\"index, follow, max-snippet:-1, max-image-preview:large, max-video-preview:-1\" \/>\n<link rel=\"canonical\" href=\"https:\/\/www.suno.com.br\/noticias\/producao-industrial-registra-melhor-agosto-ultimos-5-anos\/\" \/>\n<meta property=\"og:locale\" content=\"pt_BR\" \/>\n<meta property=\"og:type\" content=\"article\" \/>\n<meta property=\"og:title\" content=\"Produ\u00e7\u00e3o industrial registra melhor agosto dos \u00faltimos 5 anos\" \/>\n<meta property=\"og:description\" content=\"Ap\u00f3s tr\u00eas meses consecutivos em queda, a produ\u00e7\u00e3o industrial brasileira reportou uma alta de 0,8% em agosto. Clique aqui e saiba mais.\" \/>\n<meta property=\"og:url\" content=\"https:\/\/www.suno.com.br\/noticias\/producao-industrial-registra-melhor-agosto-ultimos-5-anos\/\" \/>\n<meta property=\"og:site_name\" content=\"Suno Not\u00edcias\" \/>\n<meta property=\"article:publisher\" content=\"https:\/\/facebook.com\/sunoresearch\" \/>\n<meta property=\"og:image\" content=\"https:\/\/files.sunoresearch.com.br\/n\/uploads\/2019\/10\/b549ebe5-industria.gif\" \/>\n\t<meta property=\"og:image:width\" content=\"1380\" \/>\n\t<meta property=\"og:image:height\" content=\"920\" \/>\n\t<meta property=\"og:image:type\" content=\"image\/gif\" \/>\n<meta name=\"author\" content=\"Jader Lazarini\" \/>\n<meta name=\"twitter:card\" content=\"summary_large_image\" \/>\n<meta name=\"twitter:creator\" content=\"@sunoresearch\" \/>\n<meta name=\"twitter:site\" content=\"@sunoresearch\" \/>\n<meta name=\"twitter:label1\" content=\"Escrito por\" \/>\n\t<meta name=\"twitter:data1\" content=\"Jader Lazarini\" \/>\n\t<meta name=\"twitter:label2\" content=\"Est. tempo de leitura\" \/>\n\t<meta name=\"twitter:data2\" content=\"2 minutos\" \/>\n<script type=\"application\/ld+json\" class=\"yoast-schema-graph\">{\"@context\":\"https:\/\/schema.org\",\"@graph\":[{\"@type\":\"NewsArticle\",\"@id\":\"https:\/\/www.suno.com.br\/noticias\/producao-industrial-registra-melhor-agosto-ultimos-5-anos\/#article\",\"isPartOf\":{\"@id\":\"https:\/\/www.suno.com.br\/noticias\/producao-industrial-registra-melhor-agosto-ultimos-5-anos\/\"},\"author\":{\"name\":\"Jader Lazarini\",\"@id\":\"https:\/\/www.suno.com.br\/noticias\/#\/schema\/person\/918d79de1f0281f01599b93f9ea6e23f\"},\"headline\":\"Produ\u00e7\u00e3o industrial registra melhor agosto dos \u00faltimos 5 anos\",\"datePublished\":\"2019-10-01T13:18:44+00:00\",\"dateModified\":\"2019-10-03T13:37:58+00:00\",\"mainEntityOfPage\":{\"@id\":\"https:\/\/www.suno.com.br\/noticias\/producao-industrial-registra-melhor-agosto-ultimos-5-anos\/\"},\"wordCount\":451,\"publisher\":{\"@id\":\"https:\/\/www.suno.com.br\/noticias\/#organization\"},\"image\":{\"@id\":\"https:\/\/www.suno.com.br\/noticias\/producao-industrial-registra-melhor-agosto-ultimos-5-anos\/#primaryimage\"},\"thumbnailUrl\":\"https:\/\/files.sunoresearch.com.br\/n\/uploads\/2019\/10\/b549ebe5-industria.gif\",\"keywords\":[\"Boletim Focus\",\"Economia\",\"produ\u00e7\u00e3o industrial\"],\"articleSection\":[\"Economia\"],\"inLanguage\":\"pt-BR\"},{\"@type\":\"WebPage\",\"@id\":\"https:\/\/www.suno.com.br\/noticias\/producao-industrial-registra-melhor-agosto-ultimos-5-anos\/\",\"url\":\"https:\/\/www.suno.com.br\/noticias\/producao-industrial-registra-melhor-agosto-ultimos-5-anos\/\",\"name\":\"Produ\u00e7\u00e3o industrial registra melhor agosto dos \u00faltimos 5 anos\",\"isPartOf\":{\"@id\":\"https:\/\/www.suno.com.br\/noticias\/#website\"},\"primaryImageOfPage\":{\"@id\":\"https:\/\/www.suno.com.br\/noticias\/producao-industrial-registra-melhor-agosto-ultimos-5-anos\/#primaryimage\"},\"image\":{\"@id\":\"https:\/\/www.suno.com.br\/noticias\/producao-industrial-registra-melhor-agosto-ultimos-5-anos\/#primaryimage\"},\"thumbnailUrl\":\"https:\/\/files.sunoresearch.com.br\/n\/uploads\/2019\/10\/b549ebe5-industria.gif\",\"datePublished\":\"2019-10-01T13:18:44+00:00\",\"dateModified\":\"2019-10-03T13:37:58+00:00\",\"description\":\"Ap\u00f3s tr\u00eas meses consecutivos em queda, a produ\u00e7\u00e3o industrial brasileira reportou uma alta de 0,8% em agosto. Clique aqui e saiba mais.\",\"breadcrumb\":{\"@id\":\"https:\/\/www.suno.com.br\/noticias\/producao-industrial-registra-melhor-agosto-ultimos-5-anos\/#breadcrumb\"},\"inLanguage\":\"pt-BR\",\"potentialAction\":[{\"@type\":\"ReadAction\",\"target\":[\"https:\/\/www.suno.com.br\/noticias\/producao-industrial-registra-melhor-agosto-ultimos-5-anos\/\"]}]},{\"@type\":\"ImageObject\",\"inLanguage\":\"pt-BR\",\"@id\":\"https:\/\/www.suno.com.br\/noticias\/producao-industrial-registra-melhor-agosto-ultimos-5-anos\/#primaryimage\",\"url\":\"https:\/\/files.sunoresearch.com.br\/n\/uploads\/2019\/10\/b549ebe5-industria.gif\",\"contentUrl\":\"https:\/\/files.sunoresearch.com.br\/n\/uploads\/2019\/10\/b549ebe5-industria.gif\",\"width\":1380,\"height\":920,\"caption\":\"Coronav\u00edrus ainda n\u00e3o impactou a ind\u00fastria do pa\u00eds, segundo IBGE\"},{\"@type\":\"BreadcrumbList\",\"@id\":\"https:\/\/www.suno.com.br\/noticias\/producao-industrial-registra-melhor-agosto-ultimos-5-anos\/#breadcrumb\",\"itemListElement\":[{\"@type\":\"ListItem\",\"position\":1,\"name\":\"Not\u00edcias\",\"item\":\"https:\/\/www.suno.com.br\/noticias\/\"},{\"@type\":\"ListItem\",\"position\":2,\"name\":\"Economia\",\"item\":\"https:\/\/www.suno.com.br\/noticias\/economia\/\"},{\"@type\":\"ListItem\",\"position\":3,\"name\":\"Produ\u00e7\u00e3o industrial registra melhor agosto dos \u00faltimos 5 anos\"}]},{\"@type\":\"WebSite\",\"@id\":\"https:\/\/www.suno.com.br\/noticias\/#website\",\"url\":\"https:\/\/www.suno.com.br\/noticias\/\",\"name\":\"Suno Not\u00edcias\",\"description\":\"Seu portal de informa\u00e7\u00e3o sobre o mundo dos investimentos\",\"publisher\":{\"@id\":\"https:\/\/www.suno.com.br\/noticias\/#organization\"},\"potentialAction\":[{\"@type\":\"SearchAction\",\"target\":{\"@type\":\"EntryPoint\",\"urlTemplate\":\"https:\/\/www.suno.com.br\/noticias\/?s={search_term_string}\"},\"query-input\":{\"@type\":\"PropertyValueSpecification\",\"valueRequired\":true,\"valueName\":\"search_term_string\"}}],\"inLanguage\":\"pt-BR\"},{\"@type\":\"Organization\",\"@id\":\"https:\/\/www.suno.com.br\/noticias\/#organization\",\"name\":\"Suno Not\u00edcias\",\"url\":\"https:\/\/www.suno.com.br\/noticias\/\",\"logo\":{\"@type\":\"ImageObject\",\"inLanguage\":\"pt-BR\",\"@id\":\"https:\/\/www.suno.com.br\/noticias\/#\/schema\/logo\/image\/\",\"url\":\"https:\/\/files.sunoresearch.com.br\/n\/uploads\/2021\/09\/suno-logo.png\",\"contentUrl\":\"https:\/\/files.sunoresearch.com.br\/n\/uploads\/2021\/09\/suno-logo.png\",\"width\":180,\"height\":180,\"caption\":\"Suno Not\u00edcias\"},\"image\":{\"@id\":\"https:\/\/www.suno.com.br\/noticias\/#\/schema\/logo\/image\/\"},\"sameAs\":[\"https:\/\/facebook.com\/sunoresearch\",\"https:\/\/x.com\/sunoresearch\",\"https:\/\/www.instagram.com\/suno\",\"https:\/\/www.linkedin.com\/company\/suno-research\/\",\"https:\/\/www.youtube.com\/c\/sunoresearch\"]},{\"@type\":\"Person\",\"@id\":\"https:\/\/www.suno.com.br\/noticias\/#\/schema\/person\/918d79de1f0281f01599b93f9ea6e23f\",\"name\":\"Jader Lazarini\",\"image\":{\"@type\":\"ImageObject\",\"inLanguage\":\"pt-BR\",\"@id\":\"https:\/\/www.suno.com.br\/noticias\/#\/schema\/person\/image\/\",\"url\":\"https:\/\/secure.gravatar.com\/avatar\/3c1ad8caa51589841baeb923fcddea97?s=96&r=g\",\"contentUrl\":\"https:\/\/secure.gravatar.com\/avatar\/3c1ad8caa51589841baeb923fcddea97?s=96&r=g\",\"caption\":\"Jader Lazarini\"},\"description\":\"Jader Lazarini escreve sobre investimentos, finan\u00e7as, economia e neg\u00f3cios. \u00c9 bacharel em Rela\u00e7\u00f5es Internacionais e analista CNPI (2619).\",\"url\":\"https:\/\/www.suno.com.br\/noticias\/author\/jader-lazarini\/\"}]}<\/script>\n<!-- \/ Yoast SEO plugin. -->","yoast_head_json":{"title":"Produ\u00e7\u00e3o industrial registra melhor agosto dos \u00faltimos 5 anos","description":"Ap\u00f3s tr\u00eas meses consecutivos em queda, a produ\u00e7\u00e3o industrial brasileira reportou uma alta de 0,8% em agosto. Clique aqui e saiba mais.","robots":{"index":"index","follow":"follow","max-snippet":"max-snippet:-1","max-image-preview":"max-image-preview:large","max-video-preview":"max-video-preview:-1"},"canonical":"https:\/\/www.suno.com.br\/noticias\/producao-industrial-registra-melhor-agosto-ultimos-5-anos\/","og_locale":"pt_BR","og_type":"article","og_title":"Produ\u00e7\u00e3o industrial registra melhor agosto dos \u00faltimos 5 anos","og_description":"Ap\u00f3s tr\u00eas meses consecutivos em queda, a produ\u00e7\u00e3o industrial brasileira reportou uma alta de 0,8% em agosto. Clique aqui e saiba mais.","og_url":"https:\/\/www.suno.com.br\/noticias\/producao-industrial-registra-melhor-agosto-ultimos-5-anos\/","og_site_name":"Suno Not\u00edcias","article_publisher":"https:\/\/facebook.com\/sunoresearch","og_image":[{"width":1380,"height":920,"url":"https:\/\/files.sunoresearch.com.br\/n\/uploads\/2019\/10\/b549ebe5-industria.gif","type":"image\/gif"}],"author":"Jader Lazarini","twitter_card":"summary_large_image","twitter_creator":"@sunoresearch","twitter_site":"@sunoresearch","twitter_misc":{"Escrito por":"Jader Lazarini","Est. tempo de leitura":"2 minutos"},"schema":{"@context":"https:\/\/schema.org","@graph":[{"@type":"NewsArticle","@id":"https:\/\/www.suno.com.br\/noticias\/producao-industrial-registra-melhor-agosto-ultimos-5-anos\/#article","isPartOf":{"@id":"https:\/\/www.suno.com.br\/noticias\/producao-industrial-registra-melhor-agosto-ultimos-5-anos\/"},"author":{"name":"Jader Lazarini","@id":"https:\/\/www.suno.com.br\/noticias\/#\/schema\/person\/918d79de1f0281f01599b93f9ea6e23f"},"headline":"Produ\u00e7\u00e3o industrial registra melhor agosto dos \u00faltimos 5 anos","datePublished":"2019-10-01T13:18:44+00:00","dateModified":"2019-10-03T13:37:58+00:00","mainEntityOfPage":{"@id":"https:\/\/www.suno.com.br\/noticias\/producao-industrial-registra-melhor-agosto-ultimos-5-anos\/"},"wordCount":451,"publisher":{"@id":"https:\/\/www.suno.com.br\/noticias\/#organization"},"image":{"@id":"https:\/\/www.suno.com.br\/noticias\/producao-industrial-registra-melhor-agosto-ultimos-5-anos\/#primaryimage"},"thumbnailUrl":"https:\/\/files.sunoresearch.com.br\/n\/uploads\/2019\/10\/b549ebe5-industria.gif","keywords":["Boletim Focus","Economia","produ\u00e7\u00e3o industrial"],"articleSection":["Economia"],"inLanguage":"pt-BR"},{"@type":"WebPage","@id":"https:\/\/www.suno.com.br\/noticias\/producao-industrial-registra-melhor-agosto-ultimos-5-anos\/","url":"https:\/\/www.suno.com.br\/noticias\/producao-industrial-registra-melhor-agosto-ultimos-5-anos\/","name":"Produ\u00e7\u00e3o industrial registra melhor agosto dos \u00faltimos 5 anos","isPartOf":{"@id":"https:\/\/www.suno.com.br\/noticias\/#website"},"primaryImageOfPage":{"@id":"https:\/\/www.suno.com.br\/noticias\/producao-industrial-registra-melhor-agosto-ultimos-5-anos\/#primaryimage"},"image":{"@id":"https:\/\/www.suno.com.br\/noticias\/producao-industrial-registra-melhor-agosto-ultimos-5-anos\/#primaryimage"},"thumbnailUrl":"https:\/\/files.sunoresearch.com.br\/n\/uploads\/2019\/10\/b549ebe5-industria.gif","datePublished":"2019-10-01T13:18:44+00:00","dateModified":"2019-10-03T13:37:58+00:00","description":"Ap\u00f3s tr\u00eas meses consecutivos em queda, a produ\u00e7\u00e3o industrial brasileira reportou uma alta de 0,8% em agosto. Clique aqui e saiba mais.","breadcrumb":{"@id":"https:\/\/www.suno.com.br\/noticias\/producao-industrial-registra-melhor-agosto-ultimos-5-anos\/#breadcrumb"},"inLanguage":"pt-BR","potentialAction":[{"@type":"ReadAction","target":["https:\/\/www.suno.com.br\/noticias\/producao-industrial-registra-melhor-agosto-ultimos-5-anos\/"]}]},{"@type":"ImageObject","inLanguage":"pt-BR","@id":"https:\/\/www.suno.com.br\/noticias\/producao-industrial-registra-melhor-agosto-ultimos-5-anos\/#primaryimage","url":"https:\/\/files.sunoresearch.com.br\/n\/uploads\/2019\/10\/b549ebe5-industria.gif","contentUrl":"https:\/\/files.sunoresearch.com.br\/n\/uploads\/2019\/10\/b549ebe5-industria.gif","width":1380,"height":920,"caption":"Coronav\u00edrus ainda n\u00e3o impactou a ind\u00fastria do pa\u00eds, segundo IBGE"},{"@type":"BreadcrumbList","@id":"https:\/\/www.suno.com.br\/noticias\/producao-industrial-registra-melhor-agosto-ultimos-5-anos\/#breadcrumb","itemListElement":[{"@type":"ListItem","position":1,"name":"Not\u00edcias","item":"https:\/\/www.suno.com.br\/noticias\/"},{"@type":"ListItem","position":2,"name":"Economia","item":"https:\/\/www.suno.com.br\/noticias\/economia\/"},{"@type":"ListItem","position":3,"name":"Produ\u00e7\u00e3o industrial registra melhor agosto dos \u00faltimos 5 anos"}]},{"@type":"WebSite","@id":"https:\/\/www.suno.com.br\/noticias\/#website","url":"https:\/\/www.suno.com.br\/noticias\/","name":"Suno Not\u00edcias","description":"Seu portal de informa\u00e7\u00e3o sobre o mundo dos investimentos","publisher":{"@id":"https:\/\/www.suno.com.br\/noticias\/#organization"},"potentialAction":[{"@type":"SearchAction","target":{"@type":"EntryPoint","urlTemplate":"https:\/\/www.suno.com.br\/noticias\/?s={search_term_string}"},"query-input":{"@type":"PropertyValueSpecification","valueRequired":true,"valueName":"search_term_string"}}],"inLanguage":"pt-BR"},{"@type":"Organization","@id":"https:\/\/www.suno.com.br\/noticias\/#organization","name":"Suno Not\u00edcias","url":"https:\/\/www.suno.com.br\/noticias\/","logo":{"@type":"ImageObject","inLanguage":"pt-BR","@id":"https:\/\/www.suno.com.br\/noticias\/#\/schema\/logo\/image\/","url":"https:\/\/files.sunoresearch.com.br\/n\/uploads\/2021\/09\/suno-logo.png","contentUrl":"https:\/\/files.sunoresearch.com.br\/n\/uploads\/2021\/09\/suno-logo.png","width":180,"height":180,"caption":"Suno Not\u00edcias"},"image":{"@id":"https:\/\/www.suno.com.br\/noticias\/#\/schema\/logo\/image\/"},"sameAs":["https:\/\/facebook.com\/sunoresearch","https:\/\/x.com\/sunoresearch","https:\/\/www.instagram.com\/suno","https:\/\/www.linkedin.com\/company\/suno-research\/","https:\/\/www.youtube.com\/c\/sunoresearch"]},{"@type":"Person","@id":"https:\/\/www.suno.com.br\/noticias\/#\/schema\/person\/918d79de1f0281f01599b93f9ea6e23f","name":"Jader Lazarini","image":{"@type":"ImageObject","inLanguage":"pt-BR","@id":"https:\/\/www.suno.com.br\/noticias\/#\/schema\/person\/image\/","url":"https:\/\/secure.gravatar.com\/avatar\/3c1ad8caa51589841baeb923fcddea97?s=96&r=g","contentUrl":"https:\/\/secure.gravatar.com\/avatar\/3c1ad8caa51589841baeb923fcddea97?s=96&r=g","caption":"Jader Lazarini"},"description":"Jader Lazarini escreve sobre investimentos, finan\u00e7as, economia e neg\u00f3cios. \u00c9 bacharel em Rela\u00e7\u00f5es Internacionais e analista CNPI (2619).","url":"https:\/\/www.suno.com.br\/noticias\/author\/jader-lazarini\/"}]}},"default_loop_html":"<div class=\"cardsPage__listCard__boxs\"><div class=\"cardsPage__listCard__boxs__img\"><a href=\"https:\/\/www.suno.com.br\/noticias\/producao-industrial-registra-melhor-agosto-ultimos-5-anos\/\"><img class=\"mask\" src=\"https:\/\/www.suno.com.br\/noticias\/wp-content\/themes\/suno\/resources\/images\/spotlight\/spotlight1img\/bg-mask.png\" alt=\"Image Mask\"\/><img src=\"https:\/\/files.sunoresearch.com.br\/n\/uploads\/2019\/10\/b549ebe5-industria-400x200.gif\" alt=\"Produ\u00e7\u00e3o industrial registra melhor agosto dos \u00faltimos 5 anos\"\/><\/a><span class=\"spotlightCategory\"><a href=\"https:\/\/www.suno.com.br\/noticias\/economia\/\">Economia<\/a><\/span><\/div><div class=\"cardsPage__listCard__boxs__content\"><a href=\"https:\/\/www.suno.com.br\/noticias\/producao-industrial-registra-melhor-agosto-ultimos-5-anos\/\"><h2 class=\"content__title\">Produ\u00e7\u00e3o industrial registra melhor agosto dos \u00faltimos 5 anos<\/h2><\/a><div class=\"newsContent__article__meta\"><div class=\"newsContent__article__meta__authorBox\"><a href=\"https:\/\/www.suno.com.br\/noticias\/author\/jader-lazarini\/\" class=\"authorBox__avatar noMobi\"><img src=\"https:\/\/files.sunoresearch.com.br\/n\/uploads\/2021\/01\/178e6598-foto-perfil-2-150x150.jpg\" alt=\"Jader Lazarini\"><\/a><div class=\"authorBox__name\"><span>por\n\t\t\t<a href=\"https:\/\/www.suno.com.br\/noticias\/author\/jader-lazarini\/\"><span itemprop=\"author\">Jader Lazarini<\/span><\/a><\/span><time datetime=\"2019-10-01T10:18:44-03:00\" itemprop=\"datePublished\">01\/10\/2019 10:18<\/time><\/div><\/div><\/div><\/div><\/div>","single_layout":"posts","amp_enabled":true,"_links":{"self":[{"href":"https:\/\/www.suno.com.br\/noticias\/wp-json\/wp\/v2\/posts\/39446"}],"collection":[{"href":"https:\/\/www.suno.com.br\/noticias\/wp-json\/wp\/v2\/posts"}],"about":[{"href":"https:\/\/www.suno.com.br\/noticias\/wp-json\/wp\/v2\/types\/post"}],"author":[{"embeddable":true,"href":"https:\/\/www.suno.com.br\/noticias\/wp-json\/wp\/v2\/users\/24"}],"replies":[{"embeddable":true,"href":"https:\/\/www.suno.com.br\/noticias\/wp-json\/wp\/v2\/comments?post=39446"}],"version-history":[{"count":0,"href":"https:\/\/www.suno.com.br\/noticias\/wp-json\/wp\/v2\/posts\/39446\/revisions"}],"wp:featuredmedia":[{"embeddable":true,"href":"https:\/\/www.suno.com.br\/noticias\/wp-json\/wp\/v2\/media\/39464"}],"wp:attachment":[{"href":"https:\/\/www.suno.com.br\/noticias\/wp-json\/wp\/v2\/media?parent=39446"}],"wp:term":[{"taxonomy":"category","embeddable":true,"href":"https:\/\/www.suno.com.br\/noticias\/wp-json\/wp\/v2\/categories?post=39446"},{"taxonomy":"post_tag","embeddable":true,"href":"https:\/\/www.suno.com.br\/noticias\/wp-json\/wp\/v2\/tags?post=39446"},{"taxonomy":"suno_strategy","embeddable":true,"href":"https:\/\/www.suno.com.br\/noticias\/wp-json\/wp\/v2\/suno_strategy?post=39446"}],"curies":[{"name":"wp","href":"https:\/\/api.w.org\/{rel}","templated":true}]}}