{"id":394398,"date":"2023-04-25T16:23:22","date_gmt":"2023-04-25T19:23:22","guid":{"rendered":"https:\/\/www.suno.com.br\/noticias\/?p=394398"},"modified":"2023-04-25T16:23:28","modified_gmt":"2023-04-25T19:23:28","slug":"jcp-entra-mira-haddad-relatorio-x","status":"publish","type":"post","link":"https:\/\/www.suno.com.br\/noticias\/jcp-entra-mira-haddad-relatorio-x\/","title":{"rendered":"JCP entra na mira de Haddad, e XP lembra: &#8216;Nem todas as empresas seriam afetadas de forma igual&#8217;"},"content":{"rendered":"<p>O ministro da Fazenda, Fernando Haddad, chamou os <a class=\"suno-keyword\" data-force=\"no\" data-priority=\"1\" href=\"https:\/\/www.suno.com.br\/artigos\/entenda-o-jcp\/\" target=\"_blank\" rel=\"noopener\">Juros sobre Capital Pr\u00f3prio<\/a> (<strong>JCP<\/strong>) de &#8220;caixa preta&#8221; das ren\u00fancias fiscais. Com esse debate na pauta, o time da XP Investimentos diz que ainda \u00e9 cedo para tirar conclus\u00f5es sobre a fala do l\u00edder da equipe econ\u00f4mica e que &#8220;nem todas as empresas seriam afetadas de forma igual&#8221;.<\/p>\t<div class=\"wrapper-featured-image\">\n\t\t<figure class=\"spotlightImg\">\n\n\t\t\t<picture>\n\t\t\t\t<source media=\"(max-width: 768px)\" srcset=\"https:\/\/files.sunoresearch.com.br\/n\/uploads\/2023\/04\/haddad-superlucros-empresas-mira-foto-bandnews-400x200.jpg\">\n\t\t\t\t<img loading=\"lazy\" decoding=\"async\" class=\"newsContent__article__imgCapa lazyloadDisabled \" src=\"https:\/\/files.sunoresearch.com.br\/n\/uploads\/2023\/04\/haddad-superlucros-empresas-mira-foto-bandnews-800x450.jpg\" width=\"800\" height=\"450\" alt=\"JCP entra na mira de Haddad, e XP lembra: &#8216;Nem todas as empresas seriam afetadas de forma igual&#8217;\" fetchpriority=high \/>\n\t\t\t<\/picture>\n\n\t\t\t<figcaption class=\"wp-caption-text wp-caption-text--show\">Fernando Haddad, ministro da Fazenda. Foto: BandNews<\/figcaption>\n\t\t<\/figure>\n\t<\/div>\n\n\n\n\n\n\t<p>\n\t\t<a href=\"https:\/\/lp.suno.com.br\/planilha-da-vida-financeira\/\" target=\"_blank\" data-element=\"shortcode-suno-banner\" title=\"Banner SUNO, clique e saiba mais\">\n\t\t\t<picture>\n\t\t\t\t<source media=\"(max-width: 500px)\" srcset=\"https:\/\/files.sunoresearch.com.br\/n\/uploads\/2023\/04\/400x300-Planilha-vida-financeira-true.png\">\n\t\t\t\t<img class=\"newsContent__article__imgCapa newsContent__article__imgCapa--banner\"\n\t\t\t\t\tsrc=\"https:\/\/files.sunoresearch.com.br\/n\/uploads\/2023\/04\/1420x240-Planilha-vida-financeira-true.png\"\n\t\t\t\t\tdata-promo-id=\"106682\"\t\t\t\t\t\t\t\t\t\twidth='1420' height='240'\t\t\t\t\talt=\"https:\/\/files.sunoresearch.com.br\/n\/uploads\/2023\/04\/1420x240-Planilha-vida-financeira-true.png\"\n\t\t\t\t>\n\t\t\t<\/picture>\n\t\t<\/a>\n\t<\/p>\n\n\n\n\n\n<p>&#8220;Em primeiro lugar, al\u00e9m das distribui\u00e7\u00f5es de<strong> dividendos<\/strong> e JCP, as companhias t\u00eam outra ferramenta para recompensar investidores: a <a class=\"suno-keyword\" target=\"_blank\" data-force=\"no\" data-priority=\"1\" href=\"https:\/\/www.suno.com.br\/artigos\/recompra-de-acoes\/\" rel=\"noopener\">recompra de a\u00e7\u00f5es<\/a>, que diminui o n\u00famero de cotas em circula\u00e7\u00e3o e tende a valorizar os pre\u00e7os dos ativos. Ent\u00e3o, um potencial desincentivo a essa forma de distribui\u00e7\u00e3o n\u00e3o significaria o fim da remunera\u00e7\u00e3o ao acionista&#8221;, aponta Jennie Li, estrategista de a\u00e7\u00f5es da XP, em relat\u00f3rio divulgado nesta ter\u00e7a (25).<\/p>\n\n\n\n<p>Antes da fala de<strong> Fernando Haddad<\/strong>, os juros sobre <a class=\"suno-keyword\" target=\"_blank\" data-force=\"no\" data-priority=\"1\" href=\"https:\/\/www.suno.com.br\/artigos\/capital-proprio\/\" rel=\"noopener\">capital pr\u00f3prio<\/a> j\u00e1 haviam sido questionados pelas autoridades brasileiras.<\/p>\n\n\n\n<p>Em 2021, o ent\u00e3o ministro da Economia, Paulo Guedes, sugeriu o <strong>fim do JCP<\/strong> na proposta de reforma tribut\u00e1ria. Nesta semana, o tema voltou para os holofotes por causa de Haddad. O ministro disse que &#8220;t\u00eam empresas que n\u00e3o est\u00e3o tendo mais lucro&#8221;. <\/p>\n\n\n\n<p>&#8220;T\u00eam empresas muito rent\u00e1veis que n\u00e3o declaram lucro e, portanto, n\u00e3o pagam Imposto de Renda Pessoa Jur\u00eddica. O que elas fizeram? Transformaram lucro artificialmente em JCP. N\u00e3o pagam nem como pessoa jur\u00eddica, nem como <a class=\"suno-keyword\" target=\"_blank\" data-force=\"no\" data-priority=\"1\" href=\"https:\/\/www.suno.com.br\/artigos\/pessoa-fisica\/\" rel=\"noopener\">pessoa f\u00edsica<\/a>&#8220;, argumentou o ministro.<\/p>\n\n\n\t<p>\n\t\t<a href=\"https:\/\/lp.suno.com.br\/ebook-como-analisar-uma-acao\/\" target=\"_blank\" data-element=\"shortcode-suno-banner\" title=\"Banner SUNO, clique e saiba mais\">\n\t\t\t<picture>\n\t\t\t\t<source media=\"(max-width: 500px)\" srcset=\"https:\/\/files.sunoresearch.com.br\/n\/uploads\/2023\/03\/Ebook-Acoes-Mobile.jpg\">\n\t\t\t\t<img class=\"newsContent__article__imgCapa newsContent__article__imgCapa--banner\"\n\t\t\t\t\tsrc=\"https:\/\/files.sunoresearch.com.br\/n\/uploads\/2023\/03\/Ebook-Acoes-Desktop.jpg\"\n\t\t\t\t\tdata-promo-id=\"378302\"\t\t\t\t\t\t\t\t\t\twidth='1420' height='286'\t\t\t\t\talt=\"https:\/\/files.sunoresearch.com.br\/n\/uploads\/2023\/03\/Ebook-Acoes-Desktop.jpg\"\n\t\t\t\t>\n\t\t\t<\/picture>\n\t\t<\/a>\n\t<\/p>\n\n\n\n\n\n<h2 class=\"wp-block-heading\">Fim do JCP? O que o investidor deve ficar de olho!<\/h2>\n\n\n\n<p>No relat\u00f3rio, a estrategista da <strong>XP Investimentos<\/strong> argumentou que o investidor deve ter cuidado com decis\u00f5es precipitadas: &#8220;Apesar do potencial de causar um impacto nos resultados das empresas, nem todas seriam afetadas de forma igual. A princ\u00edpio, o efeito dessa mudan\u00e7a no JCP no balan\u00e7o de cada companhia ainda n\u00e3o \u00e9 claro, dada uma s\u00e9rie de outras altera\u00e7\u00f5es que est\u00e3o sendo discutidas tamb\u00e9m como: mudan\u00e7as no arrecadamento de impostos, altera\u00e7\u00f5es na <a class=\"suno-keyword\" target=\"_blank\" data-force=\"no\" data-priority=\"1\" href=\"https:\/\/www.suno.com.br\/artigos\/carga-tributaria\/\" rel=\"noopener\">carga tribut\u00e1ria<\/a> das empresas, entre outras pautas&#8221;.<\/p>\n\n\n\n<blockquote class=\"wp-block-quote is-layout-flow wp-block-quote-is-layout-flow\">\n<p>Al\u00e9m disso, \u00e9 prov\u00e1vel que as pr\u00f3prias companhias fa\u00e7am mudan\u00e7as nas suas estrat\u00e9gias em termos de tributa\u00e7\u00e3o depois que as diretrizes forem estabelecidas, buscando maior efici\u00eancia para a redu\u00e7\u00e3o de custos em um sistema novo.<\/p>\n<\/blockquote>\n\n\n\n<p>&#8220;Refor\u00e7amos que essa n\u00e3o \u00e9 a primeira reforma tribut\u00e1ria em discuss\u00e3o, e que provavelmente haver\u00e1 bastante discuss\u00e3o ao redor de uma nova proposta. Ou seja, ainda h\u00e1 um longo caminho a ser percorrido para sabermos o desenho final da reforma e o impacto real nas empresas e em suas a\u00e7\u00f5es&#8221;, disse a especialista ao analisar as poss\u00edveis mudan\u00e7as no <strong>JCP<\/strong>.<\/p>\n\n\n\t<p>\n\t\t<a href=\"https:\/\/lp.suno.com.br\/plataforma-de-controle-de-investimentos\/\" target=\"_blank\" data-element=\"shortcode-suno-banner\" title=\"Banner SUNO, clique e saiba mais\">\n\t\t\t<picture>\n\t\t\t\t<source media=\"(max-width: 500px)\" srcset=\"https:\/\/files.sunoresearch.com.br\/n\/uploads\/2023\/03\/400x300-Controle-de-Investimentos.png\">\n\t\t\t\t<img class=\"newsContent__article__imgCapa newsContent__article__imgCapa--banner\"\n\t\t\t\t\tsrc=\"https:\/\/files.sunoresearch.com.br\/n\/uploads\/2023\/03\/1420x240-Controle-de-Investimentos.png\"\n\t\t\t\t\tdata-promo-id=\"383162\"\t\t\t\t\t\t\t\t\t\twidth='1420' height='240'\t\t\t\t\talt=\"https:\/\/files.sunoresearch.com.br\/n\/uploads\/2023\/03\/1420x240-Controle-de-Investimentos.png\"\n\t\t\t\t>\n\t\t\t<\/picture>\n\t\t<\/a>\n\t<\/p>\n\n\n","protected":false},"excerpt":{"rendered":"<p>O ministro da Fazenda, Fernando Haddad, chamou os Juros sobre Capital Pr\u00f3prio (JCP) de &#8220;caixa preta&#8221; das ren\u00fancias fiscais. Com esse debate na pauta, o time da XP Investimentos diz que ainda \u00e9 cedo para tirar conclus\u00f5es sobre a fala do l\u00edder da equipe econ\u00f4mica e que &#8220;nem todas as empresas seriam afetadas de forma [&hellip;]<\/p>\n","protected":false},"author":232,"featured_media":386450,"comment_status":"closed","ping_status":"closed","sticky":false,"template":"","format":"standard","meta":[],"categories":[60],"tags":[105816,1957,888],"suno_strategy":[],"class_list":["post-394398","post","type-post","status-publish","format-standard","has-post-thumbnail","hentry","category-mercado","tag-especialistas","tag-juros-sobre-capital-proprio-jcp","tag-xp-investimentos"],"yoast_head":"<!-- This site is optimized with the Yoast SEO plugin v24.4 - https:\/\/yoast.com\/wordpress\/plugins\/seo\/ -->\n<title>JCP entra na mira de Haddad, e XP faz alerta aos investidores<\/title>\n<meta name=\"description\" content=\"O ministro da Fazenda, Fernando Haddad, chamou os Juros sobre Capital Pr\u00f3prio (JCP) de &quot;caixa preta&quot;. A XP faz um alerta aos investidores.\" \/>\n<meta name=\"robots\" content=\"index, follow, max-snippet:-1, max-image-preview:large, max-video-preview:-1\" \/>\n<link rel=\"canonical\" href=\"https:\/\/www.suno.com.br\/noticias\/jcp-entra-mira-haddad-relatorio-x\/\" \/>\n<meta property=\"og:locale\" content=\"pt_BR\" \/>\n<meta property=\"og:type\" content=\"article\" \/>\n<meta property=\"og:title\" content=\"JCP entra na mira de Haddad, e XP faz alerta aos investidores\" \/>\n<meta property=\"og:description\" content=\"O ministro da Fazenda, Fernando Haddad, chamou os Juros sobre Capital Pr\u00f3prio (JCP) de &quot;caixa preta&quot;. A XP faz um alerta aos investidores.\" \/>\n<meta property=\"og:url\" content=\"https:\/\/www.suno.com.br\/noticias\/jcp-entra-mira-haddad-relatorio-x\/\" \/>\n<meta property=\"og:site_name\" content=\"Suno Not\u00edcias\" \/>\n<meta property=\"article:publisher\" content=\"https:\/\/facebook.com\/sunoresearch\" \/>\n<meta property=\"og:image\" content=\"https:\/\/files.sunoresearch.com.br\/n\/uploads\/2023\/04\/haddad-superlucros-empresas-mira-foto-bandnews.jpg\" \/>\n\t<meta property=\"og:image:width\" content=\"1200\" \/>\n\t<meta property=\"og:image:height\" content=\"675\" \/>\n\t<meta property=\"og:image:type\" content=\"image\/jpeg\" \/>\n<meta name=\"author\" content=\"Erick Matheus Nery\" \/>\n<meta name=\"twitter:card\" content=\"summary_large_image\" \/>\n<meta name=\"twitter:creator\" content=\"@sunoresearch\" \/>\n<meta name=\"twitter:site\" content=\"@sunoresearch\" \/>\n<meta name=\"twitter:label1\" content=\"Escrito por\" \/>\n\t<meta name=\"twitter:data1\" content=\"Erick Matheus Nery\" \/>\n\t<meta name=\"twitter:label2\" content=\"Est. tempo de leitura\" \/>\n\t<meta name=\"twitter:data2\" content=\"3 minutos\" \/>\n<script type=\"application\/ld+json\" class=\"yoast-schema-graph\">{\"@context\":\"https:\/\/schema.org\",\"@graph\":[{\"@type\":\"NewsArticle\",\"@id\":\"https:\/\/www.suno.com.br\/noticias\/jcp-entra-mira-haddad-relatorio-x\/#article\",\"isPartOf\":{\"@id\":\"https:\/\/www.suno.com.br\/noticias\/jcp-entra-mira-haddad-relatorio-x\/\"},\"author\":{\"name\":\"Erick Matheus Nery\",\"@id\":\"https:\/\/www.suno.com.br\/noticias\/#\/schema\/person\/6899bc3f19d1a7315f807131c2c013a0\"},\"headline\":\"JCP entra na mira de Haddad, e XP lembra: &#8216;Nem todas as empresas seriam afetadas de forma igual&#8217;\",\"datePublished\":\"2023-04-25T19:23:22+00:00\",\"dateModified\":\"2023-04-25T19:23:28+00:00\",\"mainEntityOfPage\":{\"@id\":\"https:\/\/www.suno.com.br\/noticias\/jcp-entra-mira-haddad-relatorio-x\/\"},\"wordCount\":493,\"publisher\":{\"@id\":\"https:\/\/www.suno.com.br\/noticias\/#organization\"},\"image\":{\"@id\":\"https:\/\/www.suno.com.br\/noticias\/jcp-entra-mira-haddad-relatorio-x\/#primaryimage\"},\"thumbnailUrl\":\"https:\/\/files.sunoresearch.com.br\/n\/uploads\/2023\/04\/haddad-superlucros-empresas-mira-foto-bandnews.jpg\",\"keywords\":[\"Especialistas\",\"juros sobre capital pr\u00f3prio (JCP)\",\"XP Investimentos\"],\"articleSection\":[\"Mercado\"],\"inLanguage\":\"pt-BR\"},{\"@type\":\"WebPage\",\"@id\":\"https:\/\/www.suno.com.br\/noticias\/jcp-entra-mira-haddad-relatorio-x\/\",\"url\":\"https:\/\/www.suno.com.br\/noticias\/jcp-entra-mira-haddad-relatorio-x\/\",\"name\":\"JCP entra na mira de Haddad, e XP faz alerta aos investidores\",\"isPartOf\":{\"@id\":\"https:\/\/www.suno.com.br\/noticias\/#website\"},\"primaryImageOfPage\":{\"@id\":\"https:\/\/www.suno.com.br\/noticias\/jcp-entra-mira-haddad-relatorio-x\/#primaryimage\"},\"image\":{\"@id\":\"https:\/\/www.suno.com.br\/noticias\/jcp-entra-mira-haddad-relatorio-x\/#primaryimage\"},\"thumbnailUrl\":\"https:\/\/files.sunoresearch.com.br\/n\/uploads\/2023\/04\/haddad-superlucros-empresas-mira-foto-bandnews.jpg\",\"datePublished\":\"2023-04-25T19:23:22+00:00\",\"dateModified\":\"2023-04-25T19:23:28+00:00\",\"description\":\"O ministro da Fazenda, Fernando Haddad, chamou os Juros sobre Capital Pr\u00f3prio (JCP) de \\\"caixa preta\\\". A XP faz um alerta aos investidores.\",\"breadcrumb\":{\"@id\":\"https:\/\/www.suno.com.br\/noticias\/jcp-entra-mira-haddad-relatorio-x\/#breadcrumb\"},\"inLanguage\":\"pt-BR\",\"potentialAction\":[{\"@type\":\"ReadAction\",\"target\":[\"https:\/\/www.suno.com.br\/noticias\/jcp-entra-mira-haddad-relatorio-x\/\"]}]},{\"@type\":\"ImageObject\",\"inLanguage\":\"pt-BR\",\"@id\":\"https:\/\/www.suno.com.br\/noticias\/jcp-entra-mira-haddad-relatorio-x\/#primaryimage\",\"url\":\"https:\/\/files.sunoresearch.com.br\/n\/uploads\/2023\/04\/haddad-superlucros-empresas-mira-foto-bandnews.jpg\",\"contentUrl\":\"https:\/\/files.sunoresearch.com.br\/n\/uploads\/2023\/04\/haddad-superlucros-empresas-mira-foto-bandnews.jpg\",\"width\":1200,\"height\":675,\"caption\":\"Fernando Haddad, ministro da Fazenda. Foto: BandNews\"},{\"@type\":\"BreadcrumbList\",\"@id\":\"https:\/\/www.suno.com.br\/noticias\/jcp-entra-mira-haddad-relatorio-x\/#breadcrumb\",\"itemListElement\":[{\"@type\":\"ListItem\",\"position\":1,\"name\":\"Not\u00edcias\",\"item\":\"https:\/\/www.suno.com.br\/noticias\/\"},{\"@type\":\"ListItem\",\"position\":2,\"name\":\"Mercado\",\"item\":\"https:\/\/www.suno.com.br\/noticias\/mercado\/\"},{\"@type\":\"ListItem\",\"position\":3,\"name\":\"JCP entra na mira de Haddad, e XP lembra: &#8216;Nem todas as empresas seriam afetadas de forma igual&#8217;\"}]},{\"@type\":\"WebSite\",\"@id\":\"https:\/\/www.suno.com.br\/noticias\/#website\",\"url\":\"https:\/\/www.suno.com.br\/noticias\/\",\"name\":\"Suno Not\u00edcias\",\"description\":\"Seu portal de informa\u00e7\u00e3o sobre o mundo dos investimentos\",\"publisher\":{\"@id\":\"https:\/\/www.suno.com.br\/noticias\/#organization\"},\"potentialAction\":[{\"@type\":\"SearchAction\",\"target\":{\"@type\":\"EntryPoint\",\"urlTemplate\":\"https:\/\/www.suno.com.br\/noticias\/?s={search_term_string}\"},\"query-input\":{\"@type\":\"PropertyValueSpecification\",\"valueRequired\":true,\"valueName\":\"search_term_string\"}}],\"inLanguage\":\"pt-BR\"},{\"@type\":\"Organization\",\"@id\":\"https:\/\/www.suno.com.br\/noticias\/#organization\",\"name\":\"Suno Not\u00edcias\",\"url\":\"https:\/\/www.suno.com.br\/noticias\/\",\"logo\":{\"@type\":\"ImageObject\",\"inLanguage\":\"pt-BR\",\"@id\":\"https:\/\/www.suno.com.br\/noticias\/#\/schema\/logo\/image\/\",\"url\":\"https:\/\/files.sunoresearch.com.br\/n\/uploads\/2021\/09\/suno-logo.png\",\"contentUrl\":\"https:\/\/files.sunoresearch.com.br\/n\/uploads\/2021\/09\/suno-logo.png\",\"width\":180,\"height\":180,\"caption\":\"Suno Not\u00edcias\"},\"image\":{\"@id\":\"https:\/\/www.suno.com.br\/noticias\/#\/schema\/logo\/image\/\"},\"sameAs\":[\"https:\/\/facebook.com\/sunoresearch\",\"https:\/\/x.com\/sunoresearch\",\"https:\/\/www.instagram.com\/suno\",\"https:\/\/www.linkedin.com\/company\/suno-research\/\",\"https:\/\/www.youtube.com\/c\/sunoresearch\"]},{\"@type\":\"Person\",\"@id\":\"https:\/\/www.suno.com.br\/noticias\/#\/schema\/person\/6899bc3f19d1a7315f807131c2c013a0\",\"name\":\"Erick Matheus Nery\",\"image\":{\"@type\":\"ImageObject\",\"inLanguage\":\"pt-BR\",\"@id\":\"https:\/\/www.suno.com.br\/noticias\/#\/schema\/person\/image\/\",\"url\":\"https:\/\/secure.gravatar.com\/avatar\/518ddffe438ccb767782d372a66304d2?s=96&r=g\",\"contentUrl\":\"https:\/\/secure.gravatar.com\/avatar\/518ddffe438ccb767782d372a66304d2?s=96&r=g\",\"caption\":\"Erick Matheus Nery\"},\"description\":\"Formado em Jornalismo pela Universidade Federal do Par\u00e1 (UFPA), conta com extens\u00e3o em Jornalismo Econ\u00f4mico pela Funda\u00e7\u00e3o Get\u00falio Vargas (FGV). No Suno Not\u00edcias, atua como rep\u00f3rter de Mercado, com foco nos setores de telecomunica\u00e7\u00f5es, varejo, alimentos e renda fixa. Conta com passagens pelo jornal O Estado de S\u00e3o Paulo, como trainee de Jornalismo Econ\u00f4mico, e pelo site Not\u00edcias da TV.\",\"url\":\"https:\/\/www.suno.com.br\/noticias\/author\/erick-nery\/\"}]}<\/script>\n<!-- \/ Yoast SEO plugin. -->","yoast_head_json":{"title":"JCP entra na mira de Haddad, e XP faz alerta aos investidores","description":"O ministro da Fazenda, Fernando Haddad, chamou os Juros sobre Capital Pr\u00f3prio (JCP) de \"caixa preta\". A XP faz um alerta aos investidores.","robots":{"index":"index","follow":"follow","max-snippet":"max-snippet:-1","max-image-preview":"max-image-preview:large","max-video-preview":"max-video-preview:-1"},"canonical":"https:\/\/www.suno.com.br\/noticias\/jcp-entra-mira-haddad-relatorio-x\/","og_locale":"pt_BR","og_type":"article","og_title":"JCP entra na mira de Haddad, e XP faz alerta aos investidores","og_description":"O ministro da Fazenda, Fernando Haddad, chamou os Juros sobre Capital Pr\u00f3prio (JCP) de \"caixa preta\". A XP faz um alerta aos investidores.","og_url":"https:\/\/www.suno.com.br\/noticias\/jcp-entra-mira-haddad-relatorio-x\/","og_site_name":"Suno Not\u00edcias","article_publisher":"https:\/\/facebook.com\/sunoresearch","og_image":[{"width":1200,"height":675,"url":"https:\/\/files.sunoresearch.com.br\/n\/uploads\/2023\/04\/haddad-superlucros-empresas-mira-foto-bandnews.jpg","type":"image\/jpeg"}],"author":"Erick Matheus Nery","twitter_card":"summary_large_image","twitter_creator":"@sunoresearch","twitter_site":"@sunoresearch","twitter_misc":{"Escrito por":"Erick Matheus Nery","Est. tempo de leitura":"3 minutos"},"schema":{"@context":"https:\/\/schema.org","@graph":[{"@type":"NewsArticle","@id":"https:\/\/www.suno.com.br\/noticias\/jcp-entra-mira-haddad-relatorio-x\/#article","isPartOf":{"@id":"https:\/\/www.suno.com.br\/noticias\/jcp-entra-mira-haddad-relatorio-x\/"},"author":{"name":"Erick Matheus Nery","@id":"https:\/\/www.suno.com.br\/noticias\/#\/schema\/person\/6899bc3f19d1a7315f807131c2c013a0"},"headline":"JCP entra na mira de Haddad, e XP lembra: &#8216;Nem todas as empresas seriam afetadas de forma igual&#8217;","datePublished":"2023-04-25T19:23:22+00:00","dateModified":"2023-04-25T19:23:28+00:00","mainEntityOfPage":{"@id":"https:\/\/www.suno.com.br\/noticias\/jcp-entra-mira-haddad-relatorio-x\/"},"wordCount":493,"publisher":{"@id":"https:\/\/www.suno.com.br\/noticias\/#organization"},"image":{"@id":"https:\/\/www.suno.com.br\/noticias\/jcp-entra-mira-haddad-relatorio-x\/#primaryimage"},"thumbnailUrl":"https:\/\/files.sunoresearch.com.br\/n\/uploads\/2023\/04\/haddad-superlucros-empresas-mira-foto-bandnews.jpg","keywords":["Especialistas","juros sobre capital pr\u00f3prio (JCP)","XP Investimentos"],"articleSection":["Mercado"],"inLanguage":"pt-BR"},{"@type":"WebPage","@id":"https:\/\/www.suno.com.br\/noticias\/jcp-entra-mira-haddad-relatorio-x\/","url":"https:\/\/www.suno.com.br\/noticias\/jcp-entra-mira-haddad-relatorio-x\/","name":"JCP entra na mira de Haddad, e XP faz alerta aos investidores","isPartOf":{"@id":"https:\/\/www.suno.com.br\/noticias\/#website"},"primaryImageOfPage":{"@id":"https:\/\/www.suno.com.br\/noticias\/jcp-entra-mira-haddad-relatorio-x\/#primaryimage"},"image":{"@id":"https:\/\/www.suno.com.br\/noticias\/jcp-entra-mira-haddad-relatorio-x\/#primaryimage"},"thumbnailUrl":"https:\/\/files.sunoresearch.com.br\/n\/uploads\/2023\/04\/haddad-superlucros-empresas-mira-foto-bandnews.jpg","datePublished":"2023-04-25T19:23:22+00:00","dateModified":"2023-04-25T19:23:28+00:00","description":"O ministro da Fazenda, Fernando Haddad, chamou os Juros sobre Capital Pr\u00f3prio (JCP) de \"caixa preta\". A XP faz um alerta aos investidores.","breadcrumb":{"@id":"https:\/\/www.suno.com.br\/noticias\/jcp-entra-mira-haddad-relatorio-x\/#breadcrumb"},"inLanguage":"pt-BR","potentialAction":[{"@type":"ReadAction","target":["https:\/\/www.suno.com.br\/noticias\/jcp-entra-mira-haddad-relatorio-x\/"]}]},{"@type":"ImageObject","inLanguage":"pt-BR","@id":"https:\/\/www.suno.com.br\/noticias\/jcp-entra-mira-haddad-relatorio-x\/#primaryimage","url":"https:\/\/files.sunoresearch.com.br\/n\/uploads\/2023\/04\/haddad-superlucros-empresas-mira-foto-bandnews.jpg","contentUrl":"https:\/\/files.sunoresearch.com.br\/n\/uploads\/2023\/04\/haddad-superlucros-empresas-mira-foto-bandnews.jpg","width":1200,"height":675,"caption":"Fernando Haddad, ministro da Fazenda. Foto: BandNews"},{"@type":"BreadcrumbList","@id":"https:\/\/www.suno.com.br\/noticias\/jcp-entra-mira-haddad-relatorio-x\/#breadcrumb","itemListElement":[{"@type":"ListItem","position":1,"name":"Not\u00edcias","item":"https:\/\/www.suno.com.br\/noticias\/"},{"@type":"ListItem","position":2,"name":"Mercado","item":"https:\/\/www.suno.com.br\/noticias\/mercado\/"},{"@type":"ListItem","position":3,"name":"JCP entra na mira de Haddad, e XP lembra: &#8216;Nem todas as empresas seriam afetadas de forma igual&#8217;"}]},{"@type":"WebSite","@id":"https:\/\/www.suno.com.br\/noticias\/#website","url":"https:\/\/www.suno.com.br\/noticias\/","name":"Suno Not\u00edcias","description":"Seu portal de informa\u00e7\u00e3o sobre o mundo dos investimentos","publisher":{"@id":"https:\/\/www.suno.com.br\/noticias\/#organization"},"potentialAction":[{"@type":"SearchAction","target":{"@type":"EntryPoint","urlTemplate":"https:\/\/www.suno.com.br\/noticias\/?s={search_term_string}"},"query-input":{"@type":"PropertyValueSpecification","valueRequired":true,"valueName":"search_term_string"}}],"inLanguage":"pt-BR"},{"@type":"Organization","@id":"https:\/\/www.suno.com.br\/noticias\/#organization","name":"Suno Not\u00edcias","url":"https:\/\/www.suno.com.br\/noticias\/","logo":{"@type":"ImageObject","inLanguage":"pt-BR","@id":"https:\/\/www.suno.com.br\/noticias\/#\/schema\/logo\/image\/","url":"https:\/\/files.sunoresearch.com.br\/n\/uploads\/2021\/09\/suno-logo.png","contentUrl":"https:\/\/files.sunoresearch.com.br\/n\/uploads\/2021\/09\/suno-logo.png","width":180,"height":180,"caption":"Suno Not\u00edcias"},"image":{"@id":"https:\/\/www.suno.com.br\/noticias\/#\/schema\/logo\/image\/"},"sameAs":["https:\/\/facebook.com\/sunoresearch","https:\/\/x.com\/sunoresearch","https:\/\/www.instagram.com\/suno","https:\/\/www.linkedin.com\/company\/suno-research\/","https:\/\/www.youtube.com\/c\/sunoresearch"]},{"@type":"Person","@id":"https:\/\/www.suno.com.br\/noticias\/#\/schema\/person\/6899bc3f19d1a7315f807131c2c013a0","name":"Erick Matheus Nery","image":{"@type":"ImageObject","inLanguage":"pt-BR","@id":"https:\/\/www.suno.com.br\/noticias\/#\/schema\/person\/image\/","url":"https:\/\/secure.gravatar.com\/avatar\/518ddffe438ccb767782d372a66304d2?s=96&r=g","contentUrl":"https:\/\/secure.gravatar.com\/avatar\/518ddffe438ccb767782d372a66304d2?s=96&r=g","caption":"Erick Matheus Nery"},"description":"Formado em Jornalismo pela Universidade Federal do Par\u00e1 (UFPA), conta com extens\u00e3o em Jornalismo Econ\u00f4mico pela Funda\u00e7\u00e3o Get\u00falio Vargas (FGV). No Suno Not\u00edcias, atua como rep\u00f3rter de Mercado, com foco nos setores de telecomunica\u00e7\u00f5es, varejo, alimentos e renda fixa. Conta com passagens pelo jornal O Estado de S\u00e3o Paulo, como trainee de Jornalismo Econ\u00f4mico, e pelo site Not\u00edcias da TV.","url":"https:\/\/www.suno.com.br\/noticias\/author\/erick-nery\/"}]}},"default_loop_html":"<div class=\"cardsPage__listCard__boxs\"><div class=\"cardsPage__listCard__boxs__img\"><a href=\"https:\/\/www.suno.com.br\/noticias\/jcp-entra-mira-haddad-relatorio-x\/\"><img class=\"mask\" src=\"https:\/\/www.suno.com.br\/noticias\/wp-content\/themes\/suno\/resources\/images\/spotlight\/spotlight1img\/bg-mask.png\" alt=\"Image Mask\"\/><img src=\"https:\/\/files.sunoresearch.com.br\/n\/uploads\/2023\/04\/haddad-superlucros-empresas-mira-foto-bandnews-400x200.jpg\" alt=\"JCP entra na mira de Haddad, e XP lembra: &#8216;Nem todas as empresas seriam afetadas de forma igual&#8217;\"\/><\/a><span class=\"spotlightCategory\"><a href=\"https:\/\/www.suno.com.br\/noticias\/mercado\/\">Mercado<\/a><\/span><\/div><div class=\"cardsPage__listCard__boxs__content\"><a href=\"https:\/\/www.suno.com.br\/noticias\/jcp-entra-mira-haddad-relatorio-x\/\"><h2 class=\"content__title\">JCP entra na mira de Haddad, e XP lembra: &#8216;Nem todas as empresas seriam afetadas de forma igual&#8217;<\/h2><\/a><div class=\"newsContent__article__meta\"><div class=\"newsContent__article__meta__authorBox\"><a href=\"https:\/\/www.suno.com.br\/noticias\/author\/erick-nery\/\" class=\"authorBox__avatar noMobi\"><img src=\"https:\/\/secure.gravatar.com\/avatar\/518ddffe438ccb767782d372a66304d2?s=96&#038;r=g\" alt=\"Erick Matheus Nery\"><\/a><div class=\"authorBox__name\"><span>por\n\t\t\t<a href=\"https:\/\/www.suno.com.br\/noticias\/author\/erick-nery\/\"><span itemprop=\"author\">Erick Matheus Nery<\/span><\/a><\/span><time datetime=\"2023-04-25T16:23:22-03:00\" itemprop=\"datePublished\">25\/04\/2023 16:23<\/time><\/div><\/div><\/div><\/div><\/div>","single_layout":"posts","amp_enabled":true,"_links":{"self":[{"href":"https:\/\/www.suno.com.br\/noticias\/wp-json\/wp\/v2\/posts\/394398"}],"collection":[{"href":"https:\/\/www.suno.com.br\/noticias\/wp-json\/wp\/v2\/posts"}],"about":[{"href":"https:\/\/www.suno.com.br\/noticias\/wp-json\/wp\/v2\/types\/post"}],"author":[{"embeddable":true,"href":"https:\/\/www.suno.com.br\/noticias\/wp-json\/wp\/v2\/users\/232"}],"replies":[{"embeddable":true,"href":"https:\/\/www.suno.com.br\/noticias\/wp-json\/wp\/v2\/comments?post=394398"}],"version-history":[{"count":2,"href":"https:\/\/www.suno.com.br\/noticias\/wp-json\/wp\/v2\/posts\/394398\/revisions"}],"predecessor-version":[{"id":394458,"href":"https:\/\/www.suno.com.br\/noticias\/wp-json\/wp\/v2\/posts\/394398\/revisions\/394458"}],"wp:featuredmedia":[{"embeddable":true,"href":"https:\/\/www.suno.com.br\/noticias\/wp-json\/wp\/v2\/media\/386450"}],"wp:attachment":[{"href":"https:\/\/www.suno.com.br\/noticias\/wp-json\/wp\/v2\/media?parent=394398"}],"wp:term":[{"taxonomy":"category","embeddable":true,"href":"https:\/\/www.suno.com.br\/noticias\/wp-json\/wp\/v2\/categories?post=394398"},{"taxonomy":"post_tag","embeddable":true,"href":"https:\/\/www.suno.com.br\/noticias\/wp-json\/wp\/v2\/tags?post=394398"},{"taxonomy":"suno_strategy","embeddable":true,"href":"https:\/\/www.suno.com.br\/noticias\/wp-json\/wp\/v2\/suno_strategy?post=394398"}],"curies":[{"name":"wp","href":"https:\/\/api.w.org\/{rel}","templated":true}]}}