{"id":39438,"date":"2019-10-01T09:24:47","date_gmt":"2019-10-01T12:24:47","guid":{"rendered":"https:\/\/www.suno.com.br\/noticias\/?p=39438"},"modified":"2019-10-01T12:56:50","modified_gmt":"2019-10-01T15:56:50","slug":"omc-diminui-projecao-de-crescimento-comercio-internacional","status":"publish","type":"post","link":"https:\/\/www.suno.com.br\/noticias\/omc-diminui-projecao-de-crescimento-comercio-internacional\/","title":{"rendered":"OMC diminui proje\u00e7\u00e3o de crescimento do com\u00e9rcio internacional"},"content":{"rendered":"<p>A <a href=\"https:\/\/www.suno.com.br\/artigos\/omc-organizacao-mundial-do-comercio\/\">Organiza\u00e7\u00e3o Mundial do Com\u00e9rcio (OMC)<\/a>\u00a0informou nesta ter\u00e7a-feira (1) que cortou a proje\u00e7\u00e3o de crescimento do com\u00e9rcio internacional de 2019 e 2020.<\/p>\t<div class=\"wrapper-featured-image\">\n\t\t<figure class=\"spotlightImg\">\n\n\t\t\t<picture>\n\t\t\t\t<source media=\"(max-width: 768px)\" srcset=\"https:\/\/files.sunoresearch.com.br\/n\/uploads\/2019\/10\/e15dba8d-omc-400x200.webp\">\n\t\t\t\t<img loading=\"lazy\" decoding=\"async\" class=\"newsContent__article__imgCapa lazyloadDisabled newsContent__article__imgCapa--noCaption\" src=\"https:\/\/files.sunoresearch.com.br\/n\/uploads\/2019\/10\/e15dba8d-omc-800x450.webp\" width=\"800\" height=\"450\" alt=\"OMC diminui proje\u00e7\u00e3o de crescimento do com\u00e9rcio internacional\" fetchpriority=high \/>\n\t\t\t<\/picture>\n\n\t\t\t<figcaption class=\"wp-caption-text wp-caption-text--hide\">OMC<\/figcaption>\n\t\t<\/figure>\n\t<\/div>\n\n\n\n<p>De acordo com a <strong>OMC<\/strong>, o volume de bens e servi\u00e7os transacionados neste ano, dever\u00e1 reportar uma alta de 1,2%. A proje\u00e7\u00e3o anual anterior era de um avan\u00e7o de aproximadamente 2,6%.<\/p>\n<p>Para o ano que vem, a organiza\u00e7\u00e3o internacional prev\u00ea uma expans\u00e3o de 2,7%. Em abril, a proje\u00e7\u00e3o era de 3%.<\/p>\n<p><a href=\"https:\/\/www.suno.com.br\/noticias\/zona-do-euro-atividade-industrial-pib-desemprego-inflacao\/\">Veja tamb\u00e9m: Atividade industrial da zona do euro cai a 45,7 em setembro<\/a><\/p>\n<p>Segundo com o diretor-geral da OMC e tamb\u00e9m diplomata brasileiro, <strong>Roberto Azev\u00eado<\/strong>, &#8220;as piores perspectivas do com\u00e9rcio internacional s\u00e3o desencorajadoras, por\u00e9m, j\u00e1 esperadas&#8221;.<\/p>\n<p>\u201cAtr\u00e1s de seus efeitos diretos, os conflitos comerciais elevam as incertezas, o que leva a alguns empres\u00e1rios postergarem investimentos de eleva\u00e7\u00e3o da produtividade que s\u00e3o essenciais para elevar os padr\u00f5es de vida\u201d, disse.<\/p>\n<p>De acordo com a <a href=\"https:\/\/www.wto.org\/english\/news_e\/pres19_e\/pr837_e.htm\">nota divulgada<\/a> nesta ter\u00e7a, a OMC ressalta que diante do menor investimento \u201ca cria\u00e7\u00e3o de empregos tamb\u00e9m foi dificultada, a medida que as firmas empregam menor n\u00famero de trabalhadores para produzir bens e servi\u00e7os para exporta\u00e7\u00e3o\u201d.<\/p>\n<p><a href=\"https:\/\/www.suno.com.br\/noticias\/bce-deflacao-zona-euro-europa\/\">Confira: Medidas adotadas pelo BCE foram necess\u00e1rias para combater risco de defla\u00e7\u00e3o, diz Visco<\/a><\/p>\n<p>O brasileiro defende a resolu\u00e7\u00e3o das disputas comerciais e a expans\u00e3o de um sistema multilateral no com\u00e9rcio internacional, \u201cprovendo solu\u00e7\u00f5es para os desafios do s\u00e9culo XXI para a economia global\u201d.<\/p>\n<h2>OMC acompanha queda nas proje\u00e7\u00f5es da OCDE<\/h2>\n<p>N\u00e3o foi apenas a OMC que reduziu as suas expectativas para o crescimento do com\u00e9rcio e desenvolvimento econ\u00f4mico internacional. A <a href=\"https:\/\/www.suno.com.br\/artigos\/ocde\/\">Organiza\u00e7\u00e3o para a Coopera\u00e7\u00e3o e Desenvolvimento Econ\u00f4mico (OCDE)<\/a> divulgou no dia 19 de setembro as suas perspectivas sobre o crescimento global para 2019 e 2020.<\/p>\n\t<p>\n\t\t<a href=\"https:\/\/lp.suno.com.br\/minicurso-investindo-fiis\/\" target=\"_blank\" data-element=\"shortcode-suno-banner\" title=\"Banner SUNO, clique e saiba mais\">\n\t\t\t<picture>\n\t\t\t\t<source media=\"(max-width: 500px)\" srcset=\"https:\/\/files.sunoresearch.com.br\/n\/uploads\/2023\/07\/400x300-Minicurso-FIIS.png\">\n\t\t\t\t<img class=\"newsContent__article__imgCapa newsContent__article__imgCapa--banner\"\n\t\t\t\t\tsrc=\"https:\/\/files.sunoresearch.com.br\/n\/uploads\/2023\/07\/1420x240-Minicurso-FIIS.png\"\n\t\t\t\t\tdata-promo-id=\"311935\"\t\t\t\t\t\t\t\t\t\twidth='1420' height='240'\t\t\t\t\talt=\"https:\/\/files.sunoresearch.com.br\/n\/uploads\/2023\/07\/1420x240-Minicurso-FIIS.png\"\n\t\t\t\t>\n\t\t\t<\/picture>\n\t\t<\/a>\n\t<\/p>\n\n\n<p>Segundo a organiza\u00e7\u00e3o internacional, as expectativas para o crescimento internacional est\u00e3o nos menores n\u00edveis dos \u00faltimos 11 anos.<\/p>\n<p>A <strong>OCDE<\/strong> cortou sua proje\u00e7\u00e3o para o crescimento da economia mundial em 2019 para de 3,2% para 2,9%. A estimativa de 2020 tamb\u00e9m foi cortada, de 3,4% para 3,0%.<\/p>\n<p><a href=\"https:\/\/www.suno.com.br\/noticias\/riscos-desaceleracao-economica-contiuam-campos-neto\/\">Saiba mais: Riscos de desacelera\u00e7\u00e3o econ\u00f4mica global continuam, diz Campos Neto<\/a><\/p>\n<p>\u201cA escalada dos conflitos comerciais est\u00e1 afetado cada vez mais a confian\u00e7a e os investimentos, aumentando as incertezas das pol\u00edticas, agravando os riscos nos mercados financeiros e colocando em risco as j\u00e1 fracas perspectivas de crescimento em todo o mundo\u201d, informou a OCDE.<\/p>\n<p>Assim como a <strong>OMC<\/strong>, a <strong>OCDE<\/strong> ressaltou os baixos crescimentos de 2,9% neste ano e 3,0% em 2020 na economia global. Esses patamares s\u00e3o os mais fracos desde a <a href=\"https:\/\/www.suno.com.br\/artigos\/crise-do-subprime\/\">crise financeira de 2008<\/a>.<\/p>\n","protected":false},"excerpt":{"rendered":"<p>A Organiza\u00e7\u00e3o Mundial do Com\u00e9rcio (OMC)\u00a0informou nesta ter\u00e7a-feira (1) que cortou a proje\u00e7\u00e3o de crescimento do com\u00e9rcio internacional de 2019 e 2020. OMC De acordo com a OMC, o volume de bens e servi\u00e7os transacionados neste ano, dever\u00e1 reportar uma alta de 1,2%. A proje\u00e7\u00e3o anual anterior era de um avan\u00e7o de aproximadamente 2,6%. Para [&hellip;]<\/p>\n","protected":false},"author":24,"featured_media":39444,"comment_status":"closed","ping_status":"closed","sticky":false,"template":"","format":"standard","meta":[],"categories":[63],"tags":[923,980,962,813],"suno_strategy":[],"class_list":["post-39438","post","type-post","status-publish","format-standard","has-post-thumbnail","hentry","category-internacional","tag-comercio-exterior","tag-guerra-comercial","tag-ocde","tag-omc"],"yoast_head":"<!-- This site is optimized with the Yoast SEO plugin v24.4 - https:\/\/yoast.com\/wordpress\/plugins\/seo\/ -->\n<title>OMC diminui proje\u00e7\u00e3o de crescimento do com\u00e9rcio internacional<\/title>\n<meta name=\"description\" content=\"A OMC, nesta ter\u00e7a-feira (1), informou que cortou a proje\u00e7\u00e3o de crescimento do com\u00e9rcio internacional de 2019 e 2020. Saiba mais.\" \/>\n<meta name=\"robots\" content=\"index, follow, max-snippet:-1, max-image-preview:large, max-video-preview:-1\" \/>\n<link rel=\"canonical\" href=\"https:\/\/www.suno.com.br\/noticias\/omc-diminui-projecao-de-crescimento-comercio-internacional\/\" \/>\n<meta property=\"og:locale\" content=\"pt_BR\" \/>\n<meta property=\"og:type\" content=\"article\" \/>\n<meta property=\"og:title\" content=\"OMC diminui proje\u00e7\u00e3o de crescimento do com\u00e9rcio internacional\" \/>\n<meta property=\"og:description\" content=\"A OMC, nesta ter\u00e7a-feira (1), informou que cortou a proje\u00e7\u00e3o de crescimento do com\u00e9rcio internacional de 2019 e 2020. Saiba mais.\" \/>\n<meta property=\"og:url\" content=\"https:\/\/www.suno.com.br\/noticias\/omc-diminui-projecao-de-crescimento-comercio-internacional\/\" \/>\n<meta property=\"og:site_name\" content=\"Suno Not\u00edcias\" \/>\n<meta property=\"article:publisher\" content=\"https:\/\/facebook.com\/sunoresearch\" \/>\n<meta property=\"og:image\" content=\"https:\/\/files.sunoresearch.com.br\/n\/uploads\/2019\/10\/e15dba8d-omc.jpg\" \/>\n\t<meta property=\"og:image:width\" content=\"2400\" \/>\n\t<meta property=\"og:image:height\" content=\"1600\" \/>\n\t<meta property=\"og:image:type\" content=\"image\/jpeg\" \/>\n<meta name=\"author\" content=\"Jader Lazarini\" \/>\n<meta name=\"twitter:card\" content=\"summary_large_image\" \/>\n<meta name=\"twitter:creator\" content=\"@sunoresearch\" \/>\n<meta name=\"twitter:site\" content=\"@sunoresearch\" \/>\n<meta name=\"twitter:label1\" content=\"Escrito por\" \/>\n\t<meta name=\"twitter:data1\" content=\"Jader Lazarini\" \/>\n\t<meta name=\"twitter:label2\" content=\"Est. tempo de leitura\" \/>\n\t<meta name=\"twitter:data2\" content=\"2 minutos\" \/>\n<script type=\"application\/ld+json\" class=\"yoast-schema-graph\">{\"@context\":\"https:\/\/schema.org\",\"@graph\":[{\"@type\":\"NewsArticle\",\"@id\":\"https:\/\/www.suno.com.br\/noticias\/omc-diminui-projecao-de-crescimento-comercio-internacional\/#article\",\"isPartOf\":{\"@id\":\"https:\/\/www.suno.com.br\/noticias\/omc-diminui-projecao-de-crescimento-comercio-internacional\/\"},\"author\":{\"name\":\"Jader Lazarini\",\"@id\":\"https:\/\/www.suno.com.br\/noticias\/#\/schema\/person\/918d79de1f0281f01599b93f9ea6e23f\"},\"headline\":\"OMC diminui proje\u00e7\u00e3o de crescimento do com\u00e9rcio internacional\",\"datePublished\":\"2019-10-01T12:24:47+00:00\",\"dateModified\":\"2019-10-01T15:56:50+00:00\",\"mainEntityOfPage\":{\"@id\":\"https:\/\/www.suno.com.br\/noticias\/omc-diminui-projecao-de-crescimento-comercio-internacional\/\"},\"wordCount\":458,\"publisher\":{\"@id\":\"https:\/\/www.suno.com.br\/noticias\/#organization\"},\"image\":{\"@id\":\"https:\/\/www.suno.com.br\/noticias\/omc-diminui-projecao-de-crescimento-comercio-internacional\/#primaryimage\"},\"thumbnailUrl\":\"https:\/\/files.sunoresearch.com.br\/n\/uploads\/2019\/10\/e15dba8d-omc.jpg\",\"keywords\":[\"comercio exterior\",\"guerra comercial\",\"OCDE\",\"OMC\"],\"articleSection\":[\"Internacional\"],\"inLanguage\":\"pt-BR\"},{\"@type\":\"WebPage\",\"@id\":\"https:\/\/www.suno.com.br\/noticias\/omc-diminui-projecao-de-crescimento-comercio-internacional\/\",\"url\":\"https:\/\/www.suno.com.br\/noticias\/omc-diminui-projecao-de-crescimento-comercio-internacional\/\",\"name\":\"OMC diminui proje\u00e7\u00e3o de crescimento do com\u00e9rcio internacional\",\"isPartOf\":{\"@id\":\"https:\/\/www.suno.com.br\/noticias\/#website\"},\"primaryImageOfPage\":{\"@id\":\"https:\/\/www.suno.com.br\/noticias\/omc-diminui-projecao-de-crescimento-comercio-internacional\/#primaryimage\"},\"image\":{\"@id\":\"https:\/\/www.suno.com.br\/noticias\/omc-diminui-projecao-de-crescimento-comercio-internacional\/#primaryimage\"},\"thumbnailUrl\":\"https:\/\/files.sunoresearch.com.br\/n\/uploads\/2019\/10\/e15dba8d-omc.jpg\",\"datePublished\":\"2019-10-01T12:24:47+00:00\",\"dateModified\":\"2019-10-01T15:56:50+00:00\",\"description\":\"A OMC, nesta ter\u00e7a-feira (1), informou que cortou a proje\u00e7\u00e3o de crescimento do com\u00e9rcio internacional de 2019 e 2020. Saiba mais.\",\"breadcrumb\":{\"@id\":\"https:\/\/www.suno.com.br\/noticias\/omc-diminui-projecao-de-crescimento-comercio-internacional\/#breadcrumb\"},\"inLanguage\":\"pt-BR\",\"potentialAction\":[{\"@type\":\"ReadAction\",\"target\":[\"https:\/\/www.suno.com.br\/noticias\/omc-diminui-projecao-de-crescimento-comercio-internacional\/\"]}]},{\"@type\":\"ImageObject\",\"inLanguage\":\"pt-BR\",\"@id\":\"https:\/\/www.suno.com.br\/noticias\/omc-diminui-projecao-de-crescimento-comercio-internacional\/#primaryimage\",\"url\":\"https:\/\/files.sunoresearch.com.br\/n\/uploads\/2019\/10\/e15dba8d-omc.jpg\",\"contentUrl\":\"https:\/\/files.sunoresearch.com.br\/n\/uploads\/2019\/10\/e15dba8d-omc.jpg\",\"width\":2400,\"height\":1600,\"caption\":\"OMC\"},{\"@type\":\"BreadcrumbList\",\"@id\":\"https:\/\/www.suno.com.br\/noticias\/omc-diminui-projecao-de-crescimento-comercio-internacional\/#breadcrumb\",\"itemListElement\":[{\"@type\":\"ListItem\",\"position\":1,\"name\":\"Not\u00edcias\",\"item\":\"https:\/\/www.suno.com.br\/noticias\/\"},{\"@type\":\"ListItem\",\"position\":2,\"name\":\"Internacional\",\"item\":\"https:\/\/www.suno.com.br\/noticias\/internacional\/\"},{\"@type\":\"ListItem\",\"position\":3,\"name\":\"OMC diminui proje\u00e7\u00e3o de crescimento do com\u00e9rcio internacional\"}]},{\"@type\":\"WebSite\",\"@id\":\"https:\/\/www.suno.com.br\/noticias\/#website\",\"url\":\"https:\/\/www.suno.com.br\/noticias\/\",\"name\":\"Suno Not\u00edcias\",\"description\":\"Seu portal de informa\u00e7\u00e3o sobre o mundo dos investimentos\",\"publisher\":{\"@id\":\"https:\/\/www.suno.com.br\/noticias\/#organization\"},\"potentialAction\":[{\"@type\":\"SearchAction\",\"target\":{\"@type\":\"EntryPoint\",\"urlTemplate\":\"https:\/\/www.suno.com.br\/noticias\/?s={search_term_string}\"},\"query-input\":{\"@type\":\"PropertyValueSpecification\",\"valueRequired\":true,\"valueName\":\"search_term_string\"}}],\"inLanguage\":\"pt-BR\"},{\"@type\":\"Organization\",\"@id\":\"https:\/\/www.suno.com.br\/noticias\/#organization\",\"name\":\"Suno Not\u00edcias\",\"url\":\"https:\/\/www.suno.com.br\/noticias\/\",\"logo\":{\"@type\":\"ImageObject\",\"inLanguage\":\"pt-BR\",\"@id\":\"https:\/\/www.suno.com.br\/noticias\/#\/schema\/logo\/image\/\",\"url\":\"https:\/\/files.sunoresearch.com.br\/n\/uploads\/2021\/09\/suno-logo.png\",\"contentUrl\":\"https:\/\/files.sunoresearch.com.br\/n\/uploads\/2021\/09\/suno-logo.png\",\"width\":180,\"height\":180,\"caption\":\"Suno Not\u00edcias\"},\"image\":{\"@id\":\"https:\/\/www.suno.com.br\/noticias\/#\/schema\/logo\/image\/\"},\"sameAs\":[\"https:\/\/facebook.com\/sunoresearch\",\"https:\/\/x.com\/sunoresearch\",\"https:\/\/www.instagram.com\/suno\",\"https:\/\/www.linkedin.com\/company\/suno-research\/\",\"https:\/\/www.youtube.com\/c\/sunoresearch\"]},{\"@type\":\"Person\",\"@id\":\"https:\/\/www.suno.com.br\/noticias\/#\/schema\/person\/918d79de1f0281f01599b93f9ea6e23f\",\"name\":\"Jader Lazarini\",\"image\":{\"@type\":\"ImageObject\",\"inLanguage\":\"pt-BR\",\"@id\":\"https:\/\/www.suno.com.br\/noticias\/#\/schema\/person\/image\/\",\"url\":\"https:\/\/secure.gravatar.com\/avatar\/3c1ad8caa51589841baeb923fcddea97?s=96&r=g\",\"contentUrl\":\"https:\/\/secure.gravatar.com\/avatar\/3c1ad8caa51589841baeb923fcddea97?s=96&r=g\",\"caption\":\"Jader Lazarini\"},\"description\":\"Jader Lazarini escreve sobre investimentos, finan\u00e7as, economia e neg\u00f3cios. \u00c9 bacharel em Rela\u00e7\u00f5es Internacionais e analista CNPI (2619).\",\"url\":\"https:\/\/www.suno.com.br\/noticias\/author\/jader-lazarini\/\"}]}<\/script>\n<!-- \/ Yoast SEO plugin. -->","yoast_head_json":{"title":"OMC diminui proje\u00e7\u00e3o de crescimento do com\u00e9rcio internacional","description":"A OMC, nesta ter\u00e7a-feira (1), informou que cortou a proje\u00e7\u00e3o de crescimento do com\u00e9rcio internacional de 2019 e 2020. Saiba mais.","robots":{"index":"index","follow":"follow","max-snippet":"max-snippet:-1","max-image-preview":"max-image-preview:large","max-video-preview":"max-video-preview:-1"},"canonical":"https:\/\/www.suno.com.br\/noticias\/omc-diminui-projecao-de-crescimento-comercio-internacional\/","og_locale":"pt_BR","og_type":"article","og_title":"OMC diminui proje\u00e7\u00e3o de crescimento do com\u00e9rcio internacional","og_description":"A OMC, nesta ter\u00e7a-feira (1), informou que cortou a proje\u00e7\u00e3o de crescimento do com\u00e9rcio internacional de 2019 e 2020. Saiba mais.","og_url":"https:\/\/www.suno.com.br\/noticias\/omc-diminui-projecao-de-crescimento-comercio-internacional\/","og_site_name":"Suno Not\u00edcias","article_publisher":"https:\/\/facebook.com\/sunoresearch","og_image":[{"width":2400,"height":1600,"url":"https:\/\/files.sunoresearch.com.br\/n\/uploads\/2019\/10\/e15dba8d-omc.jpg","type":"image\/jpeg"}],"author":"Jader Lazarini","twitter_card":"summary_large_image","twitter_creator":"@sunoresearch","twitter_site":"@sunoresearch","twitter_misc":{"Escrito por":"Jader Lazarini","Est. tempo de leitura":"2 minutos"},"schema":{"@context":"https:\/\/schema.org","@graph":[{"@type":"NewsArticle","@id":"https:\/\/www.suno.com.br\/noticias\/omc-diminui-projecao-de-crescimento-comercio-internacional\/#article","isPartOf":{"@id":"https:\/\/www.suno.com.br\/noticias\/omc-diminui-projecao-de-crescimento-comercio-internacional\/"},"author":{"name":"Jader Lazarini","@id":"https:\/\/www.suno.com.br\/noticias\/#\/schema\/person\/918d79de1f0281f01599b93f9ea6e23f"},"headline":"OMC diminui proje\u00e7\u00e3o de crescimento do com\u00e9rcio internacional","datePublished":"2019-10-01T12:24:47+00:00","dateModified":"2019-10-01T15:56:50+00:00","mainEntityOfPage":{"@id":"https:\/\/www.suno.com.br\/noticias\/omc-diminui-projecao-de-crescimento-comercio-internacional\/"},"wordCount":458,"publisher":{"@id":"https:\/\/www.suno.com.br\/noticias\/#organization"},"image":{"@id":"https:\/\/www.suno.com.br\/noticias\/omc-diminui-projecao-de-crescimento-comercio-internacional\/#primaryimage"},"thumbnailUrl":"https:\/\/files.sunoresearch.com.br\/n\/uploads\/2019\/10\/e15dba8d-omc.jpg","keywords":["comercio exterior","guerra comercial","OCDE","OMC"],"articleSection":["Internacional"],"inLanguage":"pt-BR"},{"@type":"WebPage","@id":"https:\/\/www.suno.com.br\/noticias\/omc-diminui-projecao-de-crescimento-comercio-internacional\/","url":"https:\/\/www.suno.com.br\/noticias\/omc-diminui-projecao-de-crescimento-comercio-internacional\/","name":"OMC diminui proje\u00e7\u00e3o de crescimento do com\u00e9rcio internacional","isPartOf":{"@id":"https:\/\/www.suno.com.br\/noticias\/#website"},"primaryImageOfPage":{"@id":"https:\/\/www.suno.com.br\/noticias\/omc-diminui-projecao-de-crescimento-comercio-internacional\/#primaryimage"},"image":{"@id":"https:\/\/www.suno.com.br\/noticias\/omc-diminui-projecao-de-crescimento-comercio-internacional\/#primaryimage"},"thumbnailUrl":"https:\/\/files.sunoresearch.com.br\/n\/uploads\/2019\/10\/e15dba8d-omc.jpg","datePublished":"2019-10-01T12:24:47+00:00","dateModified":"2019-10-01T15:56:50+00:00","description":"A OMC, nesta ter\u00e7a-feira (1), informou que cortou a proje\u00e7\u00e3o de crescimento do com\u00e9rcio internacional de 2019 e 2020. Saiba mais.","breadcrumb":{"@id":"https:\/\/www.suno.com.br\/noticias\/omc-diminui-projecao-de-crescimento-comercio-internacional\/#breadcrumb"},"inLanguage":"pt-BR","potentialAction":[{"@type":"ReadAction","target":["https:\/\/www.suno.com.br\/noticias\/omc-diminui-projecao-de-crescimento-comercio-internacional\/"]}]},{"@type":"ImageObject","inLanguage":"pt-BR","@id":"https:\/\/www.suno.com.br\/noticias\/omc-diminui-projecao-de-crescimento-comercio-internacional\/#primaryimage","url":"https:\/\/files.sunoresearch.com.br\/n\/uploads\/2019\/10\/e15dba8d-omc.jpg","contentUrl":"https:\/\/files.sunoresearch.com.br\/n\/uploads\/2019\/10\/e15dba8d-omc.jpg","width":2400,"height":1600,"caption":"OMC"},{"@type":"BreadcrumbList","@id":"https:\/\/www.suno.com.br\/noticias\/omc-diminui-projecao-de-crescimento-comercio-internacional\/#breadcrumb","itemListElement":[{"@type":"ListItem","position":1,"name":"Not\u00edcias","item":"https:\/\/www.suno.com.br\/noticias\/"},{"@type":"ListItem","position":2,"name":"Internacional","item":"https:\/\/www.suno.com.br\/noticias\/internacional\/"},{"@type":"ListItem","position":3,"name":"OMC diminui proje\u00e7\u00e3o de crescimento do com\u00e9rcio internacional"}]},{"@type":"WebSite","@id":"https:\/\/www.suno.com.br\/noticias\/#website","url":"https:\/\/www.suno.com.br\/noticias\/","name":"Suno Not\u00edcias","description":"Seu portal de informa\u00e7\u00e3o sobre o mundo dos investimentos","publisher":{"@id":"https:\/\/www.suno.com.br\/noticias\/#organization"},"potentialAction":[{"@type":"SearchAction","target":{"@type":"EntryPoint","urlTemplate":"https:\/\/www.suno.com.br\/noticias\/?s={search_term_string}"},"query-input":{"@type":"PropertyValueSpecification","valueRequired":true,"valueName":"search_term_string"}}],"inLanguage":"pt-BR"},{"@type":"Organization","@id":"https:\/\/www.suno.com.br\/noticias\/#organization","name":"Suno Not\u00edcias","url":"https:\/\/www.suno.com.br\/noticias\/","logo":{"@type":"ImageObject","inLanguage":"pt-BR","@id":"https:\/\/www.suno.com.br\/noticias\/#\/schema\/logo\/image\/","url":"https:\/\/files.sunoresearch.com.br\/n\/uploads\/2021\/09\/suno-logo.png","contentUrl":"https:\/\/files.sunoresearch.com.br\/n\/uploads\/2021\/09\/suno-logo.png","width":180,"height":180,"caption":"Suno Not\u00edcias"},"image":{"@id":"https:\/\/www.suno.com.br\/noticias\/#\/schema\/logo\/image\/"},"sameAs":["https:\/\/facebook.com\/sunoresearch","https:\/\/x.com\/sunoresearch","https:\/\/www.instagram.com\/suno","https:\/\/www.linkedin.com\/company\/suno-research\/","https:\/\/www.youtube.com\/c\/sunoresearch"]},{"@type":"Person","@id":"https:\/\/www.suno.com.br\/noticias\/#\/schema\/person\/918d79de1f0281f01599b93f9ea6e23f","name":"Jader Lazarini","image":{"@type":"ImageObject","inLanguage":"pt-BR","@id":"https:\/\/www.suno.com.br\/noticias\/#\/schema\/person\/image\/","url":"https:\/\/secure.gravatar.com\/avatar\/3c1ad8caa51589841baeb923fcddea97?s=96&r=g","contentUrl":"https:\/\/secure.gravatar.com\/avatar\/3c1ad8caa51589841baeb923fcddea97?s=96&r=g","caption":"Jader Lazarini"},"description":"Jader Lazarini escreve sobre investimentos, finan\u00e7as, economia e neg\u00f3cios. \u00c9 bacharel em Rela\u00e7\u00f5es Internacionais e analista CNPI (2619).","url":"https:\/\/www.suno.com.br\/noticias\/author\/jader-lazarini\/"}]}},"default_loop_html":"<div class=\"cardsPage__listCard__boxs\"><div class=\"cardsPage__listCard__boxs__img\"><a href=\"https:\/\/www.suno.com.br\/noticias\/omc-diminui-projecao-de-crescimento-comercio-internacional\/\"><img class=\"mask\" src=\"https:\/\/www.suno.com.br\/noticias\/wp-content\/themes\/suno\/resources\/images\/spotlight\/spotlight1img\/bg-mask.png\" alt=\"Image Mask\"\/><img src=\"https:\/\/files.sunoresearch.com.br\/n\/uploads\/2019\/10\/e15dba8d-omc-400x200.webp\" alt=\"OMC diminui proje\u00e7\u00e3o de crescimento do com\u00e9rcio internacional\"\/><\/a><span class=\"spotlightCategory\"><a href=\"https:\/\/www.suno.com.br\/noticias\/internacional\/\">Internacional<\/a><\/span><\/div><div class=\"cardsPage__listCard__boxs__content\"><a href=\"https:\/\/www.suno.com.br\/noticias\/omc-diminui-projecao-de-crescimento-comercio-internacional\/\"><h2 class=\"content__title\">OMC diminui proje\u00e7\u00e3o de crescimento do com\u00e9rcio internacional<\/h2><\/a><div class=\"newsContent__article__meta\"><div class=\"newsContent__article__meta__authorBox\"><a href=\"https:\/\/www.suno.com.br\/noticias\/author\/jader-lazarini\/\" class=\"authorBox__avatar noMobi\"><img src=\"https:\/\/files.sunoresearch.com.br\/n\/uploads\/2021\/01\/178e6598-foto-perfil-2-150x150.jpg\" alt=\"Jader Lazarini\"><\/a><div class=\"authorBox__name\"><span>por\n\t\t\t<a href=\"https:\/\/www.suno.com.br\/noticias\/author\/jader-lazarini\/\"><span itemprop=\"author\">Jader Lazarini<\/span><\/a><\/span><time datetime=\"2019-10-01T09:24:47-03:00\" itemprop=\"datePublished\">01\/10\/2019 09:24<\/time><\/div><\/div><\/div><\/div><\/div>","single_layout":"posts","amp_enabled":true,"_links":{"self":[{"href":"https:\/\/www.suno.com.br\/noticias\/wp-json\/wp\/v2\/posts\/39438"}],"collection":[{"href":"https:\/\/www.suno.com.br\/noticias\/wp-json\/wp\/v2\/posts"}],"about":[{"href":"https:\/\/www.suno.com.br\/noticias\/wp-json\/wp\/v2\/types\/post"}],"author":[{"embeddable":true,"href":"https:\/\/www.suno.com.br\/noticias\/wp-json\/wp\/v2\/users\/24"}],"replies":[{"embeddable":true,"href":"https:\/\/www.suno.com.br\/noticias\/wp-json\/wp\/v2\/comments?post=39438"}],"version-history":[{"count":0,"href":"https:\/\/www.suno.com.br\/noticias\/wp-json\/wp\/v2\/posts\/39438\/revisions"}],"wp:featuredmedia":[{"embeddable":true,"href":"https:\/\/www.suno.com.br\/noticias\/wp-json\/wp\/v2\/media\/39444"}],"wp:attachment":[{"href":"https:\/\/www.suno.com.br\/noticias\/wp-json\/wp\/v2\/media?parent=39438"}],"wp:term":[{"taxonomy":"category","embeddable":true,"href":"https:\/\/www.suno.com.br\/noticias\/wp-json\/wp\/v2\/categories?post=39438"},{"taxonomy":"post_tag","embeddable":true,"href":"https:\/\/www.suno.com.br\/noticias\/wp-json\/wp\/v2\/tags?post=39438"},{"taxonomy":"suno_strategy","embeddable":true,"href":"https:\/\/www.suno.com.br\/noticias\/wp-json\/wp\/v2\/suno_strategy?post=39438"}],"curies":[{"name":"wp","href":"https:\/\/api.w.org\/{rel}","templated":true}]}}