{"id":3942,"date":"2018-09-14T11:09:52","date_gmt":"2018-09-14T14:09:52","guid":{"rendered":"https:\/\/www.suno.com.br\/noticias\/?p=3942"},"modified":"2018-09-14T12:15:39","modified_gmt":"2018-09-14T15:15:39","slug":"aumento-capital-oi-anatel","status":"publish","type":"post","link":"https:\/\/www.suno.com.br\/noticias\/aumento-capital-oi-anatel\/","title":{"rendered":"Aumento de capital da Oi para R$ 38 bilh\u00f5es \u00e9 aprovado pela Anatel"},"content":{"rendered":"<p>A Oi comunicou ao mercado ontem, por meio de um fato relevante, que o Conselho Diretor da Ag\u00eancia Nacional de Telecomunica\u00e7\u00f5es (Anatel) decidiu aprovar, na quinta-feira, a concess\u00e3o de anu\u00eancia pr\u00e9via para o aumento do limite de capital autorizado da companhia. O aumento foi de R$4 bilh\u00f5es, resultando num novo limite de R$38 bilh\u00f5es.<\/p>\t<div class=\"wrapper-featured-image\">\n\t\t<figure class=\"spotlightImg\">\n\n\t\t\t<picture>\n\t\t\t\t<source media=\"(max-width: 768px)\" srcset=\"https:\/\/files.sunoresearch.com.br\/n\/uploads\/2018\/09\/13540a92-anatel-400x200.webp\">\n\t\t\t\t<img loading=\"lazy\" decoding=\"async\" class=\"newsContent__article__imgCapa lazyloadDisabled newsContent__article__imgCapa--noCaption\" src=\"https:\/\/files.sunoresearch.com.br\/n\/uploads\/2018\/09\/13540a92-anatel-800x450.webp\" width=\"800\" height=\"450\" alt=\"Aumento de capital da Oi para R$ 38 bilh\u00f5es \u00e9 aprovado pela Anatel\" fetchpriority=high \/>\n\t\t\t<\/picture>\n\n\t\t\t<figcaption class=\"wp-caption-text wp-caption-text--hide\">Anatel - Foto: Divulga\u00e7\u00e3o<\/figcaption>\n\t\t<\/figure>\n\t<\/div>\n\n\n<p>A Anatel tamb\u00e9m aprovou a anu\u00eancia pr\u00e9via da efetiva\u00e7\u00e3o de posse dos membros do novo Conselho de Administra\u00e7\u00e3o da Oi, com a condi\u00e7\u00e3o de que isso s\u00f3 ocorra ap\u00f3s a ag\u00eancia reguladora confirmar que as condi\u00e7\u00f5es analisadas pelo Conselho Diretor e apresentadas nos respectivos instrumentos deliberativos sejam equivalentes \u00e0s delibera\u00e7\u00f5es da Assembleia Geral Extraordin\u00e1ria de Acionistas da Companhia que acontecer\u00e1 no dia 17 de setembro de 2019.<\/p>\n<p>Al\u00e9m disso, o Conselheiro Relator manifestou, em sua an\u00e1lise, que as demais altera\u00e7\u00f5es estatut\u00e1rias submetidas \u00e0 delibera\u00e7\u00e3o da AGE n\u00e3o demandam submiss\u00e3o pr\u00e9via \u00e0 Anatel. Seu voto foi seguido pelos outros membros do conselho.<\/p>\n<p>Eurico Teles, diretor presidente e jur\u00eddico da Oi, afirmou no m\u00eas passado que a empresa tem se esfor\u00e7ado \u201carduamente para realizar o aumento de capital o mais r\u00e1pido poss\u00edvel\u201d. O limite para a conclus\u00e3o desta etapa \u00e9 fevereiro de 2019, mas a companhia reiterou sua estimativa de finaliz\u00e1-la ainda em 2018.<\/p>\n<p>Ap\u00f3s concluir a convers\u00e3o de sua d\u00edvida em a\u00e7\u00f5es em julho, a Oi reorganizou sua estrutura societ\u00e1ria e os novos acionistas v\u00e3o votar, em assembleia de setembro, na chapa indicada para compor o novo conselho de administra\u00e7\u00e3o permanente, que ser\u00e1 formado por membros independentes.<\/p>\n","protected":false},"excerpt":{"rendered":"<p>A Oi comunicou ao mercado ontem, por meio de um fato relevante, que o Conselho Diretor da Ag\u00eancia Nacional de Telecomunica\u00e7\u00f5es (Anatel) decidiu aprovar, na quinta-feira, a concess\u00e3o de anu\u00eancia pr\u00e9via para o aumento do limite de capital autorizado da companhia. O aumento foi de R$4 bilh\u00f5es, resultando num novo limite de R$38 bilh\u00f5es. Anatel [&hellip;]<\/p>\n","protected":false},"author":5,"featured_media":3943,"comment_status":"closed","ping_status":"closed","sticky":false,"template":"","format":"standard","meta":[],"categories":[64],"tags":[584],"suno_strategy":[],"class_list":["post-3942","post","type-post","status-publish","format-standard","has-post-thumbnail","hentry","category-negocios","tag-oi-oibr3-oibr4"],"yoast_head":"<!-- This site is optimized with the Yoast SEO plugin v24.4 - https:\/\/yoast.com\/wordpress\/plugins\/seo\/ -->\n<title>Aumento de capital da Oi para R$ 38 bilh\u00f5es \u00e9 aprovado pela Anatel<\/title>\n<meta name=\"description\" content=\"Antecipa\u00e7\u00e3o da anu\u00eancia \u00e9 parte da estrat\u00e9gia da Oi para reorganizar-se e depende de mais fatores. Clique para saber mais.\" \/>\n<meta name=\"robots\" content=\"index, follow, max-snippet:-1, max-image-preview:large, max-video-preview:-1\" \/>\n<link rel=\"canonical\" href=\"https:\/\/www.suno.com.br\/noticias\/aumento-capital-oi-anatel\/\" \/>\n<meta property=\"og:locale\" content=\"pt_BR\" \/>\n<meta property=\"og:type\" content=\"article\" \/>\n<meta property=\"og:title\" content=\"Aumento de capital da Oi para R$ 38 bilh\u00f5es \u00e9 aprovado pela Anatel\" \/>\n<meta property=\"og:description\" content=\"Antecipa\u00e7\u00e3o da anu\u00eancia \u00e9 parte da estrat\u00e9gia da Oi para reorganizar-se e depende de mais fatores. Clique para saber mais.\" \/>\n<meta property=\"og:url\" content=\"https:\/\/www.suno.com.br\/noticias\/aumento-capital-oi-anatel\/\" \/>\n<meta property=\"og:site_name\" content=\"Suno Not\u00edcias\" \/>\n<meta property=\"article:publisher\" content=\"https:\/\/facebook.com\/sunoresearch\" \/>\n<meta property=\"article:author\" content=\"https:\/\/www.linkedin.com\/in\/daniel-quandt-a49985110\/\" \/>\n<meta property=\"og:image\" content=\"https:\/\/files.sunoresearch.com.br\/n\/uploads\/2018\/09\/13540a92-anatel.jpg\" \/>\n\t<meta property=\"og:image:width\" content=\"1600\" \/>\n\t<meta property=\"og:image:height\" content=\"1063\" \/>\n\t<meta property=\"og:image:type\" content=\"image\/jpeg\" \/>\n<meta name=\"author\" content=\"Daniel Quandt\" \/>\n<meta name=\"twitter:card\" content=\"summary_large_image\" \/>\n<meta name=\"twitter:creator\" content=\"@sunoresearch\" \/>\n<meta name=\"twitter:site\" content=\"@sunoresearch\" \/>\n<meta name=\"twitter:label1\" content=\"Escrito por\" \/>\n\t<meta name=\"twitter:data1\" content=\"Daniel Quandt\" \/>\n\t<meta name=\"twitter:label2\" content=\"Est. tempo de leitura\" \/>\n\t<meta name=\"twitter:data2\" content=\"1 minuto\" \/>\n<script type=\"application\/ld+json\" class=\"yoast-schema-graph\">{\"@context\":\"https:\/\/schema.org\",\"@graph\":[{\"@type\":\"NewsArticle\",\"@id\":\"https:\/\/www.suno.com.br\/noticias\/aumento-capital-oi-anatel\/#article\",\"isPartOf\":{\"@id\":\"https:\/\/www.suno.com.br\/noticias\/aumento-capital-oi-anatel\/\"},\"author\":{\"name\":\"Daniel Quandt\",\"@id\":\"https:\/\/www.suno.com.br\/noticias\/#\/schema\/person\/eca2bab82984722db00d1e6facd8bb26\"},\"headline\":\"Aumento de capital da Oi para R$ 38 bilh\u00f5es \u00e9 aprovado pela Anatel\",\"datePublished\":\"2018-09-14T14:09:52+00:00\",\"dateModified\":\"2018-09-14T15:15:39+00:00\",\"mainEntityOfPage\":{\"@id\":\"https:\/\/www.suno.com.br\/noticias\/aumento-capital-oi-anatel\/\"},\"wordCount\":295,\"publisher\":{\"@id\":\"https:\/\/www.suno.com.br\/noticias\/#organization\"},\"image\":{\"@id\":\"https:\/\/www.suno.com.br\/noticias\/aumento-capital-oi-anatel\/#primaryimage\"},\"thumbnailUrl\":\"https:\/\/files.sunoresearch.com.br\/n\/uploads\/2018\/09\/13540a92-anatel-jpg.webp\",\"keywords\":[\"Oi (OIBR3\/OIBR4)\"],\"articleSection\":[\"Neg\u00f3cios\"],\"inLanguage\":\"pt-BR\"},{\"@type\":\"WebPage\",\"@id\":\"https:\/\/www.suno.com.br\/noticias\/aumento-capital-oi-anatel\/\",\"url\":\"https:\/\/www.suno.com.br\/noticias\/aumento-capital-oi-anatel\/\",\"name\":\"Aumento de capital da Oi para R$ 38 bilh\u00f5es \u00e9 aprovado pela Anatel\",\"isPartOf\":{\"@id\":\"https:\/\/www.suno.com.br\/noticias\/#website\"},\"primaryImageOfPage\":{\"@id\":\"https:\/\/www.suno.com.br\/noticias\/aumento-capital-oi-anatel\/#primaryimage\"},\"image\":{\"@id\":\"https:\/\/www.suno.com.br\/noticias\/aumento-capital-oi-anatel\/#primaryimage\"},\"thumbnailUrl\":\"https:\/\/files.sunoresearch.com.br\/n\/uploads\/2018\/09\/13540a92-anatel-jpg.webp\",\"datePublished\":\"2018-09-14T14:09:52+00:00\",\"dateModified\":\"2018-09-14T15:15:39+00:00\",\"description\":\"Antecipa\u00e7\u00e3o da anu\u00eancia \u00e9 parte da estrat\u00e9gia da Oi para reorganizar-se e depende de mais fatores. Clique para saber mais.\",\"breadcrumb\":{\"@id\":\"https:\/\/www.suno.com.br\/noticias\/aumento-capital-oi-anatel\/#breadcrumb\"},\"inLanguage\":\"pt-BR\",\"potentialAction\":[{\"@type\":\"ReadAction\",\"target\":[\"https:\/\/www.suno.com.br\/noticias\/aumento-capital-oi-anatel\/\"]}]},{\"@type\":\"ImageObject\",\"inLanguage\":\"pt-BR\",\"@id\":\"https:\/\/www.suno.com.br\/noticias\/aumento-capital-oi-anatel\/#primaryimage\",\"url\":\"https:\/\/files.sunoresearch.com.br\/n\/uploads\/2018\/09\/13540a92-anatel-jpg.webp\",\"contentUrl\":\"https:\/\/files.sunoresearch.com.br\/n\/uploads\/2018\/09\/13540a92-anatel-jpg.webp\",\"width\":1600,\"height\":1063,\"caption\":\"Anatel - Foto: Divulga\u00e7\u00e3o\"},{\"@type\":\"BreadcrumbList\",\"@id\":\"https:\/\/www.suno.com.br\/noticias\/aumento-capital-oi-anatel\/#breadcrumb\",\"itemListElement\":[{\"@type\":\"ListItem\",\"position\":1,\"name\":\"Not\u00edcias\",\"item\":\"https:\/\/www.suno.com.br\/noticias\/\"},{\"@type\":\"ListItem\",\"position\":2,\"name\":\"Neg\u00f3cios\",\"item\":\"https:\/\/www.suno.com.br\/noticias\/negocios\/\"},{\"@type\":\"ListItem\",\"position\":3,\"name\":\"Aumento de capital da Oi para R$ 38 bilh\u00f5es \u00e9 aprovado pela Anatel\"}]},{\"@type\":\"WebSite\",\"@id\":\"https:\/\/www.suno.com.br\/noticias\/#website\",\"url\":\"https:\/\/www.suno.com.br\/noticias\/\",\"name\":\"Suno Not\u00edcias\",\"description\":\"Seu portal de informa\u00e7\u00e3o sobre o mundo dos investimentos\",\"publisher\":{\"@id\":\"https:\/\/www.suno.com.br\/noticias\/#organization\"},\"potentialAction\":[{\"@type\":\"SearchAction\",\"target\":{\"@type\":\"EntryPoint\",\"urlTemplate\":\"https:\/\/www.suno.com.br\/noticias\/?s={search_term_string}\"},\"query-input\":{\"@type\":\"PropertyValueSpecification\",\"valueRequired\":true,\"valueName\":\"search_term_string\"}}],\"inLanguage\":\"pt-BR\"},{\"@type\":\"Organization\",\"@id\":\"https:\/\/www.suno.com.br\/noticias\/#organization\",\"name\":\"Suno Not\u00edcias\",\"url\":\"https:\/\/www.suno.com.br\/noticias\/\",\"logo\":{\"@type\":\"ImageObject\",\"inLanguage\":\"pt-BR\",\"@id\":\"https:\/\/www.suno.com.br\/noticias\/#\/schema\/logo\/image\/\",\"url\":\"https:\/\/files.sunoresearch.com.br\/n\/uploads\/2021\/09\/suno-logo.png\",\"contentUrl\":\"https:\/\/files.sunoresearch.com.br\/n\/uploads\/2021\/09\/suno-logo.png\",\"width\":180,\"height\":180,\"caption\":\"Suno Not\u00edcias\"},\"image\":{\"@id\":\"https:\/\/www.suno.com.br\/noticias\/#\/schema\/logo\/image\/\"},\"sameAs\":[\"https:\/\/facebook.com\/sunoresearch\",\"https:\/\/x.com\/sunoresearch\",\"https:\/\/www.instagram.com\/suno\",\"https:\/\/www.linkedin.com\/company\/suno-research\/\",\"https:\/\/www.youtube.com\/c\/sunoresearch\"]},{\"@type\":\"Person\",\"@id\":\"https:\/\/www.suno.com.br\/noticias\/#\/schema\/person\/eca2bab82984722db00d1e6facd8bb26\",\"name\":\"Daniel Quandt\",\"image\":{\"@type\":\"ImageObject\",\"inLanguage\":\"pt-BR\",\"@id\":\"https:\/\/www.suno.com.br\/noticias\/#\/schema\/person\/image\/\",\"url\":\"https:\/\/secure.gravatar.com\/avatar\/5faf4378f9fbf4557a5836a88d66f99a?s=96&r=g\",\"contentUrl\":\"https:\/\/secure.gravatar.com\/avatar\/5faf4378f9fbf4557a5836a88d66f99a?s=96&r=g\",\"caption\":\"Daniel Quandt\"},\"description\":\"Aluno da Universidade de S\u00e3o Paulo, Daniel Quandt escreve sobre economia, mercado financeiro e pol\u00edtica no portal da Suno Research. J\u00e1 passou pela Ag\u00eancia USP de Inova\u00e7\u00e3o e pela startup de v\u00eddeo em blockchain Paratii, desenvolvendo seu conhecimento da aplica\u00e7\u00e3o de tecnologia de ponta ao mercado.\",\"sameAs\":[\"https:\/\/www.suno.com.br\/\",\"https:\/\/www.linkedin.com\/in\/daniel-quandt-a49985110\/\"],\"url\":\"https:\/\/www.suno.com.br\/noticias\/author\/daniel-quandt\/\"}]}<\/script>\n<!-- \/ Yoast SEO plugin. -->","yoast_head_json":{"title":"Aumento de capital da Oi para R$ 38 bilh\u00f5es \u00e9 aprovado pela Anatel","description":"Antecipa\u00e7\u00e3o da anu\u00eancia \u00e9 parte da estrat\u00e9gia da Oi para reorganizar-se e depende de mais fatores. Clique para saber mais.","robots":{"index":"index","follow":"follow","max-snippet":"max-snippet:-1","max-image-preview":"max-image-preview:large","max-video-preview":"max-video-preview:-1"},"canonical":"https:\/\/www.suno.com.br\/noticias\/aumento-capital-oi-anatel\/","og_locale":"pt_BR","og_type":"article","og_title":"Aumento de capital da Oi para R$ 38 bilh\u00f5es \u00e9 aprovado pela Anatel","og_description":"Antecipa\u00e7\u00e3o da anu\u00eancia \u00e9 parte da estrat\u00e9gia da Oi para reorganizar-se e depende de mais fatores. Clique para saber mais.","og_url":"https:\/\/www.suno.com.br\/noticias\/aumento-capital-oi-anatel\/","og_site_name":"Suno Not\u00edcias","article_publisher":"https:\/\/facebook.com\/sunoresearch","article_author":"https:\/\/www.linkedin.com\/in\/daniel-quandt-a49985110\/","og_image":[{"width":1600,"height":1063,"url":"https:\/\/files.sunoresearch.com.br\/n\/uploads\/2018\/09\/13540a92-anatel.jpg","type":"image\/jpeg"}],"author":"Daniel Quandt","twitter_card":"summary_large_image","twitter_creator":"@sunoresearch","twitter_site":"@sunoresearch","twitter_misc":{"Escrito por":"Daniel Quandt","Est. tempo de leitura":"1 minuto"},"schema":{"@context":"https:\/\/schema.org","@graph":[{"@type":"NewsArticle","@id":"https:\/\/www.suno.com.br\/noticias\/aumento-capital-oi-anatel\/#article","isPartOf":{"@id":"https:\/\/www.suno.com.br\/noticias\/aumento-capital-oi-anatel\/"},"author":{"name":"Daniel Quandt","@id":"https:\/\/www.suno.com.br\/noticias\/#\/schema\/person\/eca2bab82984722db00d1e6facd8bb26"},"headline":"Aumento de capital da Oi para R$ 38 bilh\u00f5es \u00e9 aprovado pela Anatel","datePublished":"2018-09-14T14:09:52+00:00","dateModified":"2018-09-14T15:15:39+00:00","mainEntityOfPage":{"@id":"https:\/\/www.suno.com.br\/noticias\/aumento-capital-oi-anatel\/"},"wordCount":295,"publisher":{"@id":"https:\/\/www.suno.com.br\/noticias\/#organization"},"image":{"@id":"https:\/\/www.suno.com.br\/noticias\/aumento-capital-oi-anatel\/#primaryimage"},"thumbnailUrl":"https:\/\/files.sunoresearch.com.br\/n\/uploads\/2018\/09\/13540a92-anatel-jpg.webp","keywords":["Oi (OIBR3\/OIBR4)"],"articleSection":["Neg\u00f3cios"],"inLanguage":"pt-BR"},{"@type":"WebPage","@id":"https:\/\/www.suno.com.br\/noticias\/aumento-capital-oi-anatel\/","url":"https:\/\/www.suno.com.br\/noticias\/aumento-capital-oi-anatel\/","name":"Aumento de capital da Oi para R$ 38 bilh\u00f5es \u00e9 aprovado pela Anatel","isPartOf":{"@id":"https:\/\/www.suno.com.br\/noticias\/#website"},"primaryImageOfPage":{"@id":"https:\/\/www.suno.com.br\/noticias\/aumento-capital-oi-anatel\/#primaryimage"},"image":{"@id":"https:\/\/www.suno.com.br\/noticias\/aumento-capital-oi-anatel\/#primaryimage"},"thumbnailUrl":"https:\/\/files.sunoresearch.com.br\/n\/uploads\/2018\/09\/13540a92-anatel-jpg.webp","datePublished":"2018-09-14T14:09:52+00:00","dateModified":"2018-09-14T15:15:39+00:00","description":"Antecipa\u00e7\u00e3o da anu\u00eancia \u00e9 parte da estrat\u00e9gia da Oi para reorganizar-se e depende de mais fatores. Clique para saber mais.","breadcrumb":{"@id":"https:\/\/www.suno.com.br\/noticias\/aumento-capital-oi-anatel\/#breadcrumb"},"inLanguage":"pt-BR","potentialAction":[{"@type":"ReadAction","target":["https:\/\/www.suno.com.br\/noticias\/aumento-capital-oi-anatel\/"]}]},{"@type":"ImageObject","inLanguage":"pt-BR","@id":"https:\/\/www.suno.com.br\/noticias\/aumento-capital-oi-anatel\/#primaryimage","url":"https:\/\/files.sunoresearch.com.br\/n\/uploads\/2018\/09\/13540a92-anatel-jpg.webp","contentUrl":"https:\/\/files.sunoresearch.com.br\/n\/uploads\/2018\/09\/13540a92-anatel-jpg.webp","width":1600,"height":1063,"caption":"Anatel - Foto: Divulga\u00e7\u00e3o"},{"@type":"BreadcrumbList","@id":"https:\/\/www.suno.com.br\/noticias\/aumento-capital-oi-anatel\/#breadcrumb","itemListElement":[{"@type":"ListItem","position":1,"name":"Not\u00edcias","item":"https:\/\/www.suno.com.br\/noticias\/"},{"@type":"ListItem","position":2,"name":"Neg\u00f3cios","item":"https:\/\/www.suno.com.br\/noticias\/negocios\/"},{"@type":"ListItem","position":3,"name":"Aumento de capital da Oi para R$ 38 bilh\u00f5es \u00e9 aprovado pela Anatel"}]},{"@type":"WebSite","@id":"https:\/\/www.suno.com.br\/noticias\/#website","url":"https:\/\/www.suno.com.br\/noticias\/","name":"Suno Not\u00edcias","description":"Seu portal de informa\u00e7\u00e3o sobre o mundo dos investimentos","publisher":{"@id":"https:\/\/www.suno.com.br\/noticias\/#organization"},"potentialAction":[{"@type":"SearchAction","target":{"@type":"EntryPoint","urlTemplate":"https:\/\/www.suno.com.br\/noticias\/?s={search_term_string}"},"query-input":{"@type":"PropertyValueSpecification","valueRequired":true,"valueName":"search_term_string"}}],"inLanguage":"pt-BR"},{"@type":"Organization","@id":"https:\/\/www.suno.com.br\/noticias\/#organization","name":"Suno Not\u00edcias","url":"https:\/\/www.suno.com.br\/noticias\/","logo":{"@type":"ImageObject","inLanguage":"pt-BR","@id":"https:\/\/www.suno.com.br\/noticias\/#\/schema\/logo\/image\/","url":"https:\/\/files.sunoresearch.com.br\/n\/uploads\/2021\/09\/suno-logo.png","contentUrl":"https:\/\/files.sunoresearch.com.br\/n\/uploads\/2021\/09\/suno-logo.png","width":180,"height":180,"caption":"Suno Not\u00edcias"},"image":{"@id":"https:\/\/www.suno.com.br\/noticias\/#\/schema\/logo\/image\/"},"sameAs":["https:\/\/facebook.com\/sunoresearch","https:\/\/x.com\/sunoresearch","https:\/\/www.instagram.com\/suno","https:\/\/www.linkedin.com\/company\/suno-research\/","https:\/\/www.youtube.com\/c\/sunoresearch"]},{"@type":"Person","@id":"https:\/\/www.suno.com.br\/noticias\/#\/schema\/person\/eca2bab82984722db00d1e6facd8bb26","name":"Daniel Quandt","image":{"@type":"ImageObject","inLanguage":"pt-BR","@id":"https:\/\/www.suno.com.br\/noticias\/#\/schema\/person\/image\/","url":"https:\/\/secure.gravatar.com\/avatar\/5faf4378f9fbf4557a5836a88d66f99a?s=96&r=g","contentUrl":"https:\/\/secure.gravatar.com\/avatar\/5faf4378f9fbf4557a5836a88d66f99a?s=96&r=g","caption":"Daniel Quandt"},"description":"Aluno da Universidade de S\u00e3o Paulo, Daniel Quandt escreve sobre economia, mercado financeiro e pol\u00edtica no portal da Suno Research. J\u00e1 passou pela Ag\u00eancia USP de Inova\u00e7\u00e3o e pela startup de v\u00eddeo em blockchain Paratii, desenvolvendo seu conhecimento da aplica\u00e7\u00e3o de tecnologia de ponta ao mercado.","sameAs":["https:\/\/www.suno.com.br\/","https:\/\/www.linkedin.com\/in\/daniel-quandt-a49985110\/"],"url":"https:\/\/www.suno.com.br\/noticias\/author\/daniel-quandt\/"}]}},"default_loop_html":"<div class=\"cardsPage__listCard__boxs\"><div class=\"cardsPage__listCard__boxs__img\"><a href=\"https:\/\/www.suno.com.br\/noticias\/aumento-capital-oi-anatel\/\"><img class=\"mask\" src=\"https:\/\/www.suno.com.br\/noticias\/wp-content\/themes\/suno\/resources\/images\/spotlight\/spotlight1img\/bg-mask.png\" alt=\"Image Mask\"\/><img src=\"https:\/\/files.sunoresearch.com.br\/n\/uploads\/2018\/09\/13540a92-anatel-400x200.webp\" alt=\"Aumento de capital da Oi para R$ 38 bilh\u00f5es \u00e9 aprovado pela Anatel\"\/><\/a><span class=\"spotlightCategory\"><a href=\"https:\/\/www.suno.com.br\/noticias\/negocios\/\">Neg\u00f3cios<\/a><\/span><\/div><div class=\"cardsPage__listCard__boxs__content\"><a href=\"https:\/\/www.suno.com.br\/noticias\/aumento-capital-oi-anatel\/\"><h2 class=\"content__title\">Aumento de capital da Oi para R$ 38 bilh\u00f5es \u00e9 aprovado pela Anatel<\/h2><\/a><div class=\"newsContent__article__meta\"><div class=\"newsContent__article__meta__authorBox\"><a href=\"https:\/\/www.suno.com.br\/noticias\/author\/daniel-quandt\/\" class=\"authorBox__avatar noMobi\"><img src=\"https:\/\/secure.gravatar.com\/avatar\/5faf4378f9fbf4557a5836a88d66f99a?s=96&#038;r=g\" alt=\"Daniel Quandt\"><\/a><div class=\"authorBox__name\"><span>por\n\t\t\t<a href=\"https:\/\/www.suno.com.br\/noticias\/author\/daniel-quandt\/\"><span itemprop=\"author\">Daniel Quandt<\/span><\/a><\/span><time datetime=\"2018-09-14T11:09:52-03:00\" itemprop=\"datePublished\">14\/09\/2018 11:09<\/time><\/div><\/div><\/div><\/div><\/div>","single_layout":"posts","amp_enabled":true,"_links":{"self":[{"href":"https:\/\/www.suno.com.br\/noticias\/wp-json\/wp\/v2\/posts\/3942"}],"collection":[{"href":"https:\/\/www.suno.com.br\/noticias\/wp-json\/wp\/v2\/posts"}],"about":[{"href":"https:\/\/www.suno.com.br\/noticias\/wp-json\/wp\/v2\/types\/post"}],"author":[{"embeddable":true,"href":"https:\/\/www.suno.com.br\/noticias\/wp-json\/wp\/v2\/users\/5"}],"replies":[{"embeddable":true,"href":"https:\/\/www.suno.com.br\/noticias\/wp-json\/wp\/v2\/comments?post=3942"}],"version-history":[{"count":0,"href":"https:\/\/www.suno.com.br\/noticias\/wp-json\/wp\/v2\/posts\/3942\/revisions"}],"wp:featuredmedia":[{"embeddable":true,"href":"https:\/\/www.suno.com.br\/noticias\/wp-json\/wp\/v2\/media\/3943"}],"wp:attachment":[{"href":"https:\/\/www.suno.com.br\/noticias\/wp-json\/wp\/v2\/media?parent=3942"}],"wp:term":[{"taxonomy":"category","embeddable":true,"href":"https:\/\/www.suno.com.br\/noticias\/wp-json\/wp\/v2\/categories?post=3942"},{"taxonomy":"post_tag","embeddable":true,"href":"https:\/\/www.suno.com.br\/noticias\/wp-json\/wp\/v2\/tags?post=3942"},{"taxonomy":"suno_strategy","embeddable":true,"href":"https:\/\/www.suno.com.br\/noticias\/wp-json\/wp\/v2\/suno_strategy?post=3942"}],"curies":[{"name":"wp","href":"https:\/\/api.w.org\/{rel}","templated":true}]}}