{"id":39418,"date":"2019-09-30T21:24:52","date_gmt":"2019-10-01T00:24:52","guid":{"rendered":"https:\/\/www.suno.com.br\/noticias\/?p=39418"},"modified":"2019-09-30T21:24:52","modified_gmt":"2019-10-01T00:24:52","slug":"cielo-isencao-temporaria-taxas-maquininhas","status":"publish","type":"post","link":"https:\/\/www.suno.com.br\/noticias\/cielo-isencao-temporaria-taxas-maquininhas\/","title":{"rendered":"Cielo anuncia isen\u00e7\u00e3o tempor\u00e1ria de taxas em maquininhas"},"content":{"rendered":"<p>A Cielo <strong>(CIEL3)<\/strong> anunciou nesta segunda-feira (30), que refor\u00e7ar\u00e1 a aposta na expans\u00e3o de sua base de pequenos clientes, com isen\u00e7\u00e3o tempor\u00e1ria de taxas na venda de novos terminais de pagamentos. A informa\u00e7\u00e3o foi noticiada pela ag\u00eancia Reuters.<\/p>\t<div class=\"wrapper-featured-image\">\n\t\t<figure class=\"spotlightImg\">\n\n\t\t\t<picture>\n\t\t\t\t<source media=\"(max-width: 768px)\" srcset=\"https:\/\/files.sunoresearch.com.br\/n\/uploads\/2019\/07\/00adcf72-cielo-400x200.webp\">\n\t\t\t\t<img loading=\"lazy\" decoding=\"async\" class=\"newsContent__article__imgCapa lazyloadDisabled newsContent__article__imgCapa--noCaption\" src=\"https:\/\/files.sunoresearch.com.br\/n\/uploads\/2019\/07\/00adcf72-cielo-800x450.webp\" width=\"800\" height=\"450\" alt=\"Cielo anuncia isen\u00e7\u00e3o tempor\u00e1ria de taxas em maquininhas\" fetchpriority=high \/>\n\t\t\t<\/picture>\n\n\t\t\t<figcaption class=\"wp-caption-text wp-caption-text--hide\">Maquininha de pagamentos da Cielo (foto: divulga\u00e7\u00e3o)<\/figcaption>\n\t\t<\/figure>\n\t<\/div>\n\n\n\n<p>A <strong>Cielo<\/strong> afirmou que passar\u00e1 a oferecer a partir da pr\u00f3xima ter\u00e7a (1), taxa zero para consumidores que comprarem os dispositivos da empresa, com marca pr\u00f3pria ou de bancos controladores, <strong>Banco do Brasil (BBAS3)<\/strong> e <strong>Bradesco (BBDC4).<\/strong><\/p>\n<p>A MDR vale por tr\u00eas meses ou at\u00e9 que o cliente chegue a R$ 1,5 mil em vendas no cr\u00e9dito \u00e0 vista ou no d\u00e9bito. Ap\u00f3s isso, a taxa padr\u00e3o passa a valer, com 1,99% nas opera\u00e7\u00f5es com d\u00e9bito e 4,99% com cr\u00e9dito \u00e0 vista.<\/p>\n<p>A <strong>Cielo<\/strong> registra que 65% dos clientes tem receita anual acima de R$ 15 milh\u00f5es. O objetivo, segundo a companhia, \u00e9 de que nos anos seguintes 60 % da base seja de clientes de pequeno porte.<\/p>\n<p>O <strong>vice-presidente<\/strong> da <strong>Cielo,<\/strong> <strong>M\u00e1rio Casasanta<\/strong> declarou: \u201cQueremos ter na prateleira as mais variadas solu\u00e7\u00f5es para esse p\u00fablico de pequenos empreendedores, que tem crescido e deve continuar crescendo forte no ano que vem\u201d.<\/p>\n\t<p>\n\t\t<a href=\"https:\/\/lp2.suno.com.br\/pv\/bolsa-para-iniciantes?utm_campaign=_SNC757A2733_rs.mpr26---meu-primeiro-rendimento---venda---not\u00edcias&#038;utm_source=suno-not\u00edcias&#038;utm_medium=banner.noticias\" target=\"_blank\" data-element=\"shortcode-suno-banner\" title=\"Banner SUNO, clique e saiba mais\">\n\t\t\t<picture>\n\t\t\t\t<source media=\"(max-width: 500px)\" srcset=\"https:\/\/files.sunoresearch.com.br\/n\/uploads\/2026\/04\/400x300-Banner-Materias-01-png.webp\">\n\t\t\t\t<img class=\"newsContent__article__imgCapa newsContent__article__imgCapa--banner\"\n\t\t\t\t\tsrc=\"https:\/\/files.sunoresearch.com.br\/n\/uploads\/2026\/04\/1420x240-Banner-Materias-01-png.webp\"\n\t\t\t\t\tdata-promo-id=\"647482\"\t\t\t\t\t\t\t\t\t\twidth='1420' height='240'\t\t\t\t\talt=\"https:\/\/files.sunoresearch.com.br\/n\/uploads\/2026\/04\/1420x240-Banner-Materias-01-png.webp\"\n\t\t\t\t>\n\t\t\t<\/picture>\n\t\t<\/a>\n\t<\/p>\n\n\n<p>De acordo com <strong>Casasanta,<\/strong> al\u00e9m da pr\u00f3pria rede do <strong>Bradesco<\/strong> e do <strong>BB,<\/strong> a <strong>Cielo<\/strong> realizar\u00e1 campanhas de venda de terminais em feiras setoriais e populares, e multiplicar\u00e1 a quantidade de lojas pr\u00f3prias. \u201cS\u00e3o quatro lojas nossas em funcionamento, ser\u00e3o mais neste ano e mais 12 no ano que vem\u201d, afirmou Casasanta.<\/p>\n<h2>Cielo anunciou mudan\u00e7as na estrutura<\/h2>\n<p>A empresa de servi\u00e7os financeiros informou na \u00faltima ter\u00e7a-feira (24), mudan\u00e7as na estrutura da empresa.<\/p>\n<p>A <strong>Cielo<\/strong> anunciou seu novo chefe\u00a0do departamento de tesouraria da empresa, <strong>Thiago Stanger<\/strong>. Desse modo, <strong>Ricardo Breakwell<\/strong>, que estava \u00e0 frente da tesouraria, permanece como diretor dos departamentos da contabilidade e tributos.<\/p>\n<p><div dir=\"ltr\"><a href=\"https:\/\/www.suno.com.br\/noticias\/cielo-reestruturacao-mudanca-diretor-tesouraria\/\">Saiba mais: Cielo anuncia seu novo diretor do departamento de tesouraria<\/a><\/div>\n<\/p>\n<p>Al\u00e9m disso, a empresa informou que para substituir Stanger, no departamento de rela\u00e7\u00f5es com investidores (RI), <strong>Jean Philippe Leroy<\/strong> se junta a equipe de RI da <strong>Cielo.<\/strong><\/p>\n","protected":false},"excerpt":{"rendered":"<p>A Cielo (CIEL3) anunciou nesta segunda-feira (30), que refor\u00e7ar\u00e1 a aposta na expans\u00e3o de sua base de pequenos clientes, com isen\u00e7\u00e3o tempor\u00e1ria de taxas na venda de novos terminais de pagamentos. A informa\u00e7\u00e3o foi noticiada pela ag\u00eancia Reuters. Maquininha de pagamentos da Cielo (foto: divulga\u00e7\u00e3o) A Cielo afirmou que passar\u00e1 a oferecer a partir da [&hellip;]<\/p>\n","protected":false},"author":23,"featured_media":31915,"comment_status":"closed","ping_status":"closed","sticky":false,"template":"","format":"standard","meta":[],"categories":[64],"tags":[423],"suno_strategy":[],"class_list":["post-39418","post","type-post","status-publish","format-standard","has-post-thumbnail","hentry","category-negocios","tag-cielo-ciel3"],"yoast_head":"<!-- This site is optimized with the Yoast SEO plugin v24.4 - https:\/\/yoast.com\/wordpress\/plugins\/seo\/ -->\n<title>Cielo anuncia isen\u00e7\u00e3o tempor\u00e1ria de taxas em maquininhas<\/title>\n<meta name=\"description\" content=\"A Cielo anunciou isen\u00e7\u00e3o tempor\u00e1ria de taxas na venda de maquininhas como incentivo \u00e0 entrada de pequenos clientes. Clique para mais.\" \/>\n<meta name=\"robots\" content=\"index, follow, max-snippet:-1, max-image-preview:large, max-video-preview:-1\" \/>\n<link rel=\"canonical\" href=\"https:\/\/www.suno.com.br\/noticias\/cielo-isencao-temporaria-taxas-maquininhas\/\" \/>\n<meta property=\"og:locale\" content=\"pt_BR\" \/>\n<meta property=\"og:type\" content=\"article\" \/>\n<meta property=\"og:title\" content=\"Cielo anuncia isen\u00e7\u00e3o tempor\u00e1ria de taxas em maquininhas\" \/>\n<meta property=\"og:description\" content=\"A Cielo anunciou isen\u00e7\u00e3o tempor\u00e1ria de taxas na venda de maquininhas como incentivo \u00e0 entrada de pequenos clientes. Clique para mais.\" \/>\n<meta property=\"og:url\" content=\"https:\/\/www.suno.com.br\/noticias\/cielo-isencao-temporaria-taxas-maquininhas\/\" \/>\n<meta property=\"og:site_name\" content=\"Suno Not\u00edcias\" \/>\n<meta property=\"article:publisher\" content=\"https:\/\/facebook.com\/sunoresearch\" \/>\n<meta property=\"og:image\" content=\"https:\/\/files.sunoresearch.com.br\/n\/uploads\/2019\/07\/00adcf72-cielo.jpg\" \/>\n\t<meta property=\"og:image:width\" content=\"1000\" \/>\n\t<meta property=\"og:image:height\" content=\"665\" \/>\n\t<meta property=\"og:image:type\" content=\"image\/jpeg\" \/>\n<meta name=\"author\" content=\"Rafael Lara\" \/>\n<meta name=\"twitter:card\" content=\"summary_large_image\" \/>\n<meta name=\"twitter:creator\" content=\"@sunoresearch\" \/>\n<meta name=\"twitter:site\" content=\"@sunoresearch\" \/>\n<meta name=\"twitter:label1\" content=\"Escrito por\" \/>\n\t<meta name=\"twitter:data1\" content=\"Rafael Lara\" \/>\n\t<meta name=\"twitter:label2\" content=\"Est. tempo de leitura\" \/>\n\t<meta name=\"twitter:data2\" content=\"2 minutos\" \/>\n<script type=\"application\/ld+json\" class=\"yoast-schema-graph\">{\"@context\":\"https:\/\/schema.org\",\"@graph\":[{\"@type\":\"NewsArticle\",\"@id\":\"https:\/\/www.suno.com.br\/noticias\/cielo-isencao-temporaria-taxas-maquininhas\/#article\",\"isPartOf\":{\"@id\":\"https:\/\/www.suno.com.br\/noticias\/cielo-isencao-temporaria-taxas-maquininhas\/\"},\"author\":{\"name\":\"Rafael Lara\",\"@id\":\"https:\/\/www.suno.com.br\/noticias\/#\/schema\/person\/098743caeed97b37f51315c9576c4078\"},\"headline\":\"Cielo anuncia isen\u00e7\u00e3o tempor\u00e1ria de taxas em maquininhas\",\"datePublished\":\"2019-10-01T00:24:52+00:00\",\"mainEntityOfPage\":{\"@id\":\"https:\/\/www.suno.com.br\/noticias\/cielo-isencao-temporaria-taxas-maquininhas\/\"},\"wordCount\":364,\"publisher\":{\"@id\":\"https:\/\/www.suno.com.br\/noticias\/#organization\"},\"image\":{\"@id\":\"https:\/\/www.suno.com.br\/noticias\/cielo-isencao-temporaria-taxas-maquininhas\/#primaryimage\"},\"thumbnailUrl\":\"https:\/\/files.sunoresearch.com.br\/n\/uploads\/2019\/07\/00adcf72-cielo-jpg.webp\",\"keywords\":[\"Cielo (CIEL3)\"],\"articleSection\":[\"Neg\u00f3cios\"],\"inLanguage\":\"pt-BR\"},{\"@type\":\"WebPage\",\"@id\":\"https:\/\/www.suno.com.br\/noticias\/cielo-isencao-temporaria-taxas-maquininhas\/\",\"url\":\"https:\/\/www.suno.com.br\/noticias\/cielo-isencao-temporaria-taxas-maquininhas\/\",\"name\":\"Cielo anuncia isen\u00e7\u00e3o tempor\u00e1ria de taxas em maquininhas\",\"isPartOf\":{\"@id\":\"https:\/\/www.suno.com.br\/noticias\/#website\"},\"primaryImageOfPage\":{\"@id\":\"https:\/\/www.suno.com.br\/noticias\/cielo-isencao-temporaria-taxas-maquininhas\/#primaryimage\"},\"image\":{\"@id\":\"https:\/\/www.suno.com.br\/noticias\/cielo-isencao-temporaria-taxas-maquininhas\/#primaryimage\"},\"thumbnailUrl\":\"https:\/\/files.sunoresearch.com.br\/n\/uploads\/2019\/07\/00adcf72-cielo-jpg.webp\",\"datePublished\":\"2019-10-01T00:24:52+00:00\",\"description\":\"A Cielo anunciou isen\u00e7\u00e3o tempor\u00e1ria de taxas na venda de maquininhas como incentivo \u00e0 entrada de pequenos clientes. Clique para mais.\",\"breadcrumb\":{\"@id\":\"https:\/\/www.suno.com.br\/noticias\/cielo-isencao-temporaria-taxas-maquininhas\/#breadcrumb\"},\"inLanguage\":\"pt-BR\",\"potentialAction\":[{\"@type\":\"ReadAction\",\"target\":[\"https:\/\/www.suno.com.br\/noticias\/cielo-isencao-temporaria-taxas-maquininhas\/\"]}]},{\"@type\":\"ImageObject\",\"inLanguage\":\"pt-BR\",\"@id\":\"https:\/\/www.suno.com.br\/noticias\/cielo-isencao-temporaria-taxas-maquininhas\/#primaryimage\",\"url\":\"https:\/\/files.sunoresearch.com.br\/n\/uploads\/2019\/07\/00adcf72-cielo-jpg.webp\",\"contentUrl\":\"https:\/\/files.sunoresearch.com.br\/n\/uploads\/2019\/07\/00adcf72-cielo-jpg.webp\",\"width\":1000,\"height\":665,\"caption\":\"Maquininha de pagamentos da Cielo (foto: divulga\u00e7\u00e3o)\"},{\"@type\":\"BreadcrumbList\",\"@id\":\"https:\/\/www.suno.com.br\/noticias\/cielo-isencao-temporaria-taxas-maquininhas\/#breadcrumb\",\"itemListElement\":[{\"@type\":\"ListItem\",\"position\":1,\"name\":\"Not\u00edcias\",\"item\":\"https:\/\/www.suno.com.br\/noticias\/\"},{\"@type\":\"ListItem\",\"position\":2,\"name\":\"Neg\u00f3cios\",\"item\":\"https:\/\/www.suno.com.br\/noticias\/negocios\/\"},{\"@type\":\"ListItem\",\"position\":3,\"name\":\"Cielo anuncia isen\u00e7\u00e3o tempor\u00e1ria de taxas em maquininhas\"}]},{\"@type\":\"WebSite\",\"@id\":\"https:\/\/www.suno.com.br\/noticias\/#website\",\"url\":\"https:\/\/www.suno.com.br\/noticias\/\",\"name\":\"Suno Not\u00edcias\",\"description\":\"Seu portal de informa\u00e7\u00e3o sobre o mundo dos investimentos\",\"publisher\":{\"@id\":\"https:\/\/www.suno.com.br\/noticias\/#organization\"},\"potentialAction\":[{\"@type\":\"SearchAction\",\"target\":{\"@type\":\"EntryPoint\",\"urlTemplate\":\"https:\/\/www.suno.com.br\/noticias\/?s={search_term_string}\"},\"query-input\":{\"@type\":\"PropertyValueSpecification\",\"valueRequired\":true,\"valueName\":\"search_term_string\"}}],\"inLanguage\":\"pt-BR\"},{\"@type\":\"Organization\",\"@id\":\"https:\/\/www.suno.com.br\/noticias\/#organization\",\"name\":\"Suno Not\u00edcias\",\"url\":\"https:\/\/www.suno.com.br\/noticias\/\",\"logo\":{\"@type\":\"ImageObject\",\"inLanguage\":\"pt-BR\",\"@id\":\"https:\/\/www.suno.com.br\/noticias\/#\/schema\/logo\/image\/\",\"url\":\"https:\/\/files.sunoresearch.com.br\/n\/uploads\/2021\/09\/suno-logo.png\",\"contentUrl\":\"https:\/\/files.sunoresearch.com.br\/n\/uploads\/2021\/09\/suno-logo.png\",\"width\":180,\"height\":180,\"caption\":\"Suno Not\u00edcias\"},\"image\":{\"@id\":\"https:\/\/www.suno.com.br\/noticias\/#\/schema\/logo\/image\/\"},\"sameAs\":[\"https:\/\/facebook.com\/sunoresearch\",\"https:\/\/x.com\/sunoresearch\",\"https:\/\/www.instagram.com\/suno\",\"https:\/\/www.linkedin.com\/company\/suno-research\/\",\"https:\/\/www.youtube.com\/c\/sunoresearch\"]},{\"@type\":\"Person\",\"@id\":\"https:\/\/www.suno.com.br\/noticias\/#\/schema\/person\/098743caeed97b37f51315c9576c4078\",\"name\":\"Rafael Lara\",\"image\":{\"@type\":\"ImageObject\",\"inLanguage\":\"pt-BR\",\"@id\":\"https:\/\/www.suno.com.br\/noticias\/#\/schema\/person\/image\/\",\"url\":\"https:\/\/secure.gravatar.com\/avatar\/dfc254ab9bb2ea1895d98b9e9dae4bdd?s=96&r=g\",\"contentUrl\":\"https:\/\/secure.gravatar.com\/avatar\/dfc254ab9bb2ea1895d98b9e9dae4bdd?s=96&r=g\",\"caption\":\"Rafael Lara\"},\"description\":\"Rafael Lara cursa jornalismo na Faculdade C\u00e1sper L\u00edbero. Escreve sobre pol\u00edtica, economia e neg\u00f3cios para o portal Suno Not\u00edcias. Antes, colaborou na TV Gazeta na produ\u00e7\u00e3o do programa Edi\u00e7\u00e3o Extra.\",\"url\":\"https:\/\/www.suno.com.br\/noticias\/author\/rafael\/\"}]}<\/script>\n<!-- \/ Yoast SEO plugin. -->","yoast_head_json":{"title":"Cielo anuncia isen\u00e7\u00e3o tempor\u00e1ria de taxas em maquininhas","description":"A Cielo anunciou isen\u00e7\u00e3o tempor\u00e1ria de taxas na venda de maquininhas como incentivo \u00e0 entrada de pequenos clientes. Clique para mais.","robots":{"index":"index","follow":"follow","max-snippet":"max-snippet:-1","max-image-preview":"max-image-preview:large","max-video-preview":"max-video-preview:-1"},"canonical":"https:\/\/www.suno.com.br\/noticias\/cielo-isencao-temporaria-taxas-maquininhas\/","og_locale":"pt_BR","og_type":"article","og_title":"Cielo anuncia isen\u00e7\u00e3o tempor\u00e1ria de taxas em maquininhas","og_description":"A Cielo anunciou isen\u00e7\u00e3o tempor\u00e1ria de taxas na venda de maquininhas como incentivo \u00e0 entrada de pequenos clientes. Clique para mais.","og_url":"https:\/\/www.suno.com.br\/noticias\/cielo-isencao-temporaria-taxas-maquininhas\/","og_site_name":"Suno Not\u00edcias","article_publisher":"https:\/\/facebook.com\/sunoresearch","og_image":[{"width":1000,"height":665,"url":"https:\/\/files.sunoresearch.com.br\/n\/uploads\/2019\/07\/00adcf72-cielo.jpg","type":"image\/jpeg"}],"author":"Rafael Lara","twitter_card":"summary_large_image","twitter_creator":"@sunoresearch","twitter_site":"@sunoresearch","twitter_misc":{"Escrito por":"Rafael Lara","Est. tempo de leitura":"2 minutos"},"schema":{"@context":"https:\/\/schema.org","@graph":[{"@type":"NewsArticle","@id":"https:\/\/www.suno.com.br\/noticias\/cielo-isencao-temporaria-taxas-maquininhas\/#article","isPartOf":{"@id":"https:\/\/www.suno.com.br\/noticias\/cielo-isencao-temporaria-taxas-maquininhas\/"},"author":{"name":"Rafael Lara","@id":"https:\/\/www.suno.com.br\/noticias\/#\/schema\/person\/098743caeed97b37f51315c9576c4078"},"headline":"Cielo anuncia isen\u00e7\u00e3o tempor\u00e1ria de taxas em maquininhas","datePublished":"2019-10-01T00:24:52+00:00","mainEntityOfPage":{"@id":"https:\/\/www.suno.com.br\/noticias\/cielo-isencao-temporaria-taxas-maquininhas\/"},"wordCount":364,"publisher":{"@id":"https:\/\/www.suno.com.br\/noticias\/#organization"},"image":{"@id":"https:\/\/www.suno.com.br\/noticias\/cielo-isencao-temporaria-taxas-maquininhas\/#primaryimage"},"thumbnailUrl":"https:\/\/files.sunoresearch.com.br\/n\/uploads\/2019\/07\/00adcf72-cielo-jpg.webp","keywords":["Cielo (CIEL3)"],"articleSection":["Neg\u00f3cios"],"inLanguage":"pt-BR"},{"@type":"WebPage","@id":"https:\/\/www.suno.com.br\/noticias\/cielo-isencao-temporaria-taxas-maquininhas\/","url":"https:\/\/www.suno.com.br\/noticias\/cielo-isencao-temporaria-taxas-maquininhas\/","name":"Cielo anuncia isen\u00e7\u00e3o tempor\u00e1ria de taxas em maquininhas","isPartOf":{"@id":"https:\/\/www.suno.com.br\/noticias\/#website"},"primaryImageOfPage":{"@id":"https:\/\/www.suno.com.br\/noticias\/cielo-isencao-temporaria-taxas-maquininhas\/#primaryimage"},"image":{"@id":"https:\/\/www.suno.com.br\/noticias\/cielo-isencao-temporaria-taxas-maquininhas\/#primaryimage"},"thumbnailUrl":"https:\/\/files.sunoresearch.com.br\/n\/uploads\/2019\/07\/00adcf72-cielo-jpg.webp","datePublished":"2019-10-01T00:24:52+00:00","description":"A Cielo anunciou isen\u00e7\u00e3o tempor\u00e1ria de taxas na venda de maquininhas como incentivo \u00e0 entrada de pequenos clientes. Clique para mais.","breadcrumb":{"@id":"https:\/\/www.suno.com.br\/noticias\/cielo-isencao-temporaria-taxas-maquininhas\/#breadcrumb"},"inLanguage":"pt-BR","potentialAction":[{"@type":"ReadAction","target":["https:\/\/www.suno.com.br\/noticias\/cielo-isencao-temporaria-taxas-maquininhas\/"]}]},{"@type":"ImageObject","inLanguage":"pt-BR","@id":"https:\/\/www.suno.com.br\/noticias\/cielo-isencao-temporaria-taxas-maquininhas\/#primaryimage","url":"https:\/\/files.sunoresearch.com.br\/n\/uploads\/2019\/07\/00adcf72-cielo-jpg.webp","contentUrl":"https:\/\/files.sunoresearch.com.br\/n\/uploads\/2019\/07\/00adcf72-cielo-jpg.webp","width":1000,"height":665,"caption":"Maquininha de pagamentos da Cielo (foto: divulga\u00e7\u00e3o)"},{"@type":"BreadcrumbList","@id":"https:\/\/www.suno.com.br\/noticias\/cielo-isencao-temporaria-taxas-maquininhas\/#breadcrumb","itemListElement":[{"@type":"ListItem","position":1,"name":"Not\u00edcias","item":"https:\/\/www.suno.com.br\/noticias\/"},{"@type":"ListItem","position":2,"name":"Neg\u00f3cios","item":"https:\/\/www.suno.com.br\/noticias\/negocios\/"},{"@type":"ListItem","position":3,"name":"Cielo anuncia isen\u00e7\u00e3o tempor\u00e1ria de taxas em maquininhas"}]},{"@type":"WebSite","@id":"https:\/\/www.suno.com.br\/noticias\/#website","url":"https:\/\/www.suno.com.br\/noticias\/","name":"Suno Not\u00edcias","description":"Seu portal de informa\u00e7\u00e3o sobre o mundo dos investimentos","publisher":{"@id":"https:\/\/www.suno.com.br\/noticias\/#organization"},"potentialAction":[{"@type":"SearchAction","target":{"@type":"EntryPoint","urlTemplate":"https:\/\/www.suno.com.br\/noticias\/?s={search_term_string}"},"query-input":{"@type":"PropertyValueSpecification","valueRequired":true,"valueName":"search_term_string"}}],"inLanguage":"pt-BR"},{"@type":"Organization","@id":"https:\/\/www.suno.com.br\/noticias\/#organization","name":"Suno Not\u00edcias","url":"https:\/\/www.suno.com.br\/noticias\/","logo":{"@type":"ImageObject","inLanguage":"pt-BR","@id":"https:\/\/www.suno.com.br\/noticias\/#\/schema\/logo\/image\/","url":"https:\/\/files.sunoresearch.com.br\/n\/uploads\/2021\/09\/suno-logo.png","contentUrl":"https:\/\/files.sunoresearch.com.br\/n\/uploads\/2021\/09\/suno-logo.png","width":180,"height":180,"caption":"Suno Not\u00edcias"},"image":{"@id":"https:\/\/www.suno.com.br\/noticias\/#\/schema\/logo\/image\/"},"sameAs":["https:\/\/facebook.com\/sunoresearch","https:\/\/x.com\/sunoresearch","https:\/\/www.instagram.com\/suno","https:\/\/www.linkedin.com\/company\/suno-research\/","https:\/\/www.youtube.com\/c\/sunoresearch"]},{"@type":"Person","@id":"https:\/\/www.suno.com.br\/noticias\/#\/schema\/person\/098743caeed97b37f51315c9576c4078","name":"Rafael Lara","image":{"@type":"ImageObject","inLanguage":"pt-BR","@id":"https:\/\/www.suno.com.br\/noticias\/#\/schema\/person\/image\/","url":"https:\/\/secure.gravatar.com\/avatar\/dfc254ab9bb2ea1895d98b9e9dae4bdd?s=96&r=g","contentUrl":"https:\/\/secure.gravatar.com\/avatar\/dfc254ab9bb2ea1895d98b9e9dae4bdd?s=96&r=g","caption":"Rafael Lara"},"description":"Rafael Lara cursa jornalismo na Faculdade C\u00e1sper L\u00edbero. Escreve sobre pol\u00edtica, economia e neg\u00f3cios para o portal Suno Not\u00edcias. Antes, colaborou na TV Gazeta na produ\u00e7\u00e3o do programa Edi\u00e7\u00e3o Extra.","url":"https:\/\/www.suno.com.br\/noticias\/author\/rafael\/"}]}},"default_loop_html":"<div class=\"cardsPage__listCard__boxs\"><div class=\"cardsPage__listCard__boxs__img\"><a href=\"https:\/\/www.suno.com.br\/noticias\/cielo-isencao-temporaria-taxas-maquininhas\/\"><img class=\"mask\" src=\"https:\/\/www.suno.com.br\/noticias\/wp-content\/themes\/suno\/resources\/images\/spotlight\/spotlight1img\/bg-mask.png\" alt=\"Image Mask\"\/><img src=\"https:\/\/files.sunoresearch.com.br\/n\/uploads\/2019\/07\/00adcf72-cielo-400x200.webp\" alt=\"Cielo anuncia isen\u00e7\u00e3o tempor\u00e1ria de taxas em maquininhas\"\/><\/a><span class=\"spotlightCategory\"><a href=\"https:\/\/www.suno.com.br\/noticias\/negocios\/\">Neg\u00f3cios<\/a><\/span><\/div><div class=\"cardsPage__listCard__boxs__content\"><a href=\"https:\/\/www.suno.com.br\/noticias\/cielo-isencao-temporaria-taxas-maquininhas\/\"><h2 class=\"content__title\">Cielo anuncia isen\u00e7\u00e3o tempor\u00e1ria de taxas em maquininhas<\/h2><\/a><div class=\"newsContent__article__meta\"><div class=\"newsContent__article__meta__authorBox\"><a href=\"https:\/\/www.suno.com.br\/noticias\/author\/rafael\/\" class=\"authorBox__avatar noMobi\"><img src=\"https:\/\/secure.gravatar.com\/avatar\/dfc254ab9bb2ea1895d98b9e9dae4bdd?s=96&#038;r=g\" alt=\"Rafael Lara\"><\/a><div class=\"authorBox__name\"><span>por\n\t\t\t<a href=\"https:\/\/www.suno.com.br\/noticias\/author\/rafael\/\"><span itemprop=\"author\">Rafael Lara<\/span><\/a><\/span><time datetime=\"2019-09-30T21:24:52-03:00\" itemprop=\"datePublished\">30\/09\/2019 21:24<\/time><\/div><\/div><\/div><\/div><\/div>","single_layout":"posts","amp_enabled":true,"_links":{"self":[{"href":"https:\/\/www.suno.com.br\/noticias\/wp-json\/wp\/v2\/posts\/39418"}],"collection":[{"href":"https:\/\/www.suno.com.br\/noticias\/wp-json\/wp\/v2\/posts"}],"about":[{"href":"https:\/\/www.suno.com.br\/noticias\/wp-json\/wp\/v2\/types\/post"}],"author":[{"embeddable":true,"href":"https:\/\/www.suno.com.br\/noticias\/wp-json\/wp\/v2\/users\/23"}],"replies":[{"embeddable":true,"href":"https:\/\/www.suno.com.br\/noticias\/wp-json\/wp\/v2\/comments?post=39418"}],"version-history":[{"count":0,"href":"https:\/\/www.suno.com.br\/noticias\/wp-json\/wp\/v2\/posts\/39418\/revisions"}],"wp:featuredmedia":[{"embeddable":true,"href":"https:\/\/www.suno.com.br\/noticias\/wp-json\/wp\/v2\/media\/31915"}],"wp:attachment":[{"href":"https:\/\/www.suno.com.br\/noticias\/wp-json\/wp\/v2\/media?parent=39418"}],"wp:term":[{"taxonomy":"category","embeddable":true,"href":"https:\/\/www.suno.com.br\/noticias\/wp-json\/wp\/v2\/categories?post=39418"},{"taxonomy":"post_tag","embeddable":true,"href":"https:\/\/www.suno.com.br\/noticias\/wp-json\/wp\/v2\/tags?post=39418"},{"taxonomy":"suno_strategy","embeddable":true,"href":"https:\/\/www.suno.com.br\/noticias\/wp-json\/wp\/v2\/suno_strategy?post=39418"}],"curies":[{"name":"wp","href":"https:\/\/api.w.org\/{rel}","templated":true}]}}