{"id":394081,"date":"2023-04-25T12:11:11","date_gmt":"2023-04-25T15:11:11","guid":{"rendered":"https:\/\/www.suno.com.br\/noticias\/?p=394081"},"modified":"2023-04-25T12:30:46","modified_gmt":"2023-04-25T15:30:46","slug":"biden-candidato-eleicao-eua-2024","status":"publish","type":"post","link":"https:\/\/www.suno.com.br\/noticias\/biden-candidato-eleicao-eua-2024\/","title":{"rendered":"Biden X Trump &#8216;again&#8217;? Elei\u00e7\u00f5es nos EUA podem ter repeti\u00e7\u00e3o de disputa de 2020; entenda"},"content":{"rendered":"<p>O presidente dos Estados Unidos, Joe<strong> Biden<\/strong>, anunciou hoje (25) a sua recandidatura para as elei\u00e7\u00f5es de 2024. <\/p>\t<div class=\"wrapper-featured-image\">\n\t\t<figure class=\"spotlightImg\">\n\n\t\t\t<picture>\n\t\t\t\t<source media=\"(max-width: 768px)\" srcset=\"https:\/\/files.sunoresearch.com.br\/n\/uploads\/2023\/04\/biden-candidato-eleicao-eua-2024-400x200.jpg\">\n\t\t\t\t<img loading=\"lazy\" decoding=\"async\" class=\"newsContent__article__imgCapa lazyloadDisabled \" src=\"https:\/\/files.sunoresearch.com.br\/n\/uploads\/2023\/04\/biden-candidato-eleicao-eua-2024-800x450.jpg\" width=\"800\" height=\"450\" alt=\"Biden X Trump &#8216;again&#8217;? Elei\u00e7\u00f5es nos EUA podem ter repeti\u00e7\u00e3o de disputa de 2020; entenda\" fetchpriority=high \/>\n\t\t\t<\/picture>\n\n\t\t\t<figcaption class=\"wp-caption-text wp-caption-text--show\">Joe Biden anunciou que vai em busca da reelei\u00e7\u00e3o nos EUA em 2024 - Foto: Flickr<\/figcaption>\n\t\t<\/figure>\n\t<\/div>\n\n\n\n\n\n\n\n\t<p>\n\t\t<a href=\"https:\/\/lp.suno.com.br\/suno-one\/?utm_campaign=_SNC6964518A_\" target=\"_blank\" data-element=\"shortcode-suno-banner\" title=\"Banner SUNO, clique e saiba mais\">\n\t\t\t<picture>\n\t\t\t\t<source media=\"(max-width: 500px)\" srcset=\"https:\/\/files.sunoresearch.com.br\/n\/uploads\/2025\/09\/400x300-Suno-One-png.webp\">\n\t\t\t\t<img class=\"newsContent__article__imgCapa newsContent__article__imgCapa--banner\"\n\t\t\t\t\tsrc=\"https:\/\/files.sunoresearch.com.br\/n\/uploads\/2025\/09\/1420x240-Suno-One-png.webp\"\n\t\t\t\t\tdata-promo-id=\"383121\"\t\t\t\t\t\t\t\t\t\twidth='1420' height='240'\t\t\t\t\talt=\"https:\/\/files.sunoresearch.com.br\/n\/uploads\/2025\/09\/1420x240-Suno-One-png.webp\"\n\t\t\t\t>\n\t\t\t<\/picture>\n\t\t<\/a>\n\t<\/p>\n\n\n\n\n\n<p>Em seu an\u00fancio oficial da campanha, Biden afirma: &#8220;Quando concorri \u00e0 presid\u00eancia quatro anos atr\u00e1s, eu disse que n\u00f3s est\u00e1vamos em uma batalha pela alma da Am\u00e9rica. E n\u00f3s ainda estamos,&#8221; e finaliza dizendo &#8220;\u00c9 por isso que estou concorrendo \u00e0 <strong>reelei\u00e7\u00e3o<\/strong>&#8220;. <\/p>\n\n\n\n<figure class=\"wp-block-embed is-type-rich is-provider-twitter wp-block-embed-twitter\"><div class=\"wp-block-embed__wrapper\">\n<blockquote class=\"twitter-tweet\" data-width=\"550\" data-dnt=\"true\"><p lang=\"en\" dir=\"ltr\">Every generation has a moment where they have had to stand up for democracy. To stand up for their fundamental freedoms. I believe this is ours.<br><br>That\u2019s why I\u2019m running for reelection as President of the United States. Join us. Let\u2019s finish the job. <a href=\"https:\/\/t.co\/V9Mzpw8Sqy\">https:\/\/t.co\/V9Mzpw8Sqy<\/a> <a href=\"https:\/\/t.co\/Y4NXR6B8ly\">pic.twitter.com\/Y4NXR6B8ly<\/a><\/p>&mdash; Joe Biden (@JoeBiden) <a href=\"https:\/\/twitter.com\/JoeBiden\/status\/1650801827728986112?ref_src=twsrc%5Etfw\">April 25, 2023<\/a><\/blockquote>\n<\/div><\/figure>\n\n\n\n<p>Apesar disso, o pol\u00edtico enfrenta uma <strong>taxa de rejei\u00e7\u00e3o<\/strong> de cerca de 70% da popula\u00e7\u00e3o americana, aponta pesquisa da NBC News, publicada no \u00faltimo domingo. O principal motivo para isso, segundo a mesma pesquisa, \u00e9 a idade de Biden, 80 anos. <\/p>\n\n\n\n<p>Al\u00e9m desse fator, o <strong>governo do democrata<\/strong> foi marcado por um panorama de muitas dificuldades para os EUA. O in\u00edcio, desafiador pela continuidade da crise sanit\u00e1ria da covid-19, em janeiro de 2021, englobou uma busca intensa em reerguer a economia americana. <\/p>\n\n\n\n<p>Apesar de suas pol\u00edticas de reaquecimento terem se mostrado bem sucedidas, o pa\u00eds ainda enfrenta uma <strong>infla\u00e7\u00e3o recorde<\/strong>, que recentemente come\u00e7ou a apresentar sinais de recupera\u00e7\u00e3o, chegando a 5,0% no acumulado do ano. <\/p>\n\n\n\t<p>\n\t\t<a href=\"https:\/\/lp.suno.com.br\/ebook-gratuito-investindo-no-exterior\/\" target=\"_blank\" data-element=\"shortcode-suno-banner\" title=\"Banner SUNO, clique e saiba mais\">\n\t\t\t<picture>\n\t\t\t\t<source media=\"(max-width: 500px)\" srcset=\"https:\/\/files.sunoresearch.com.br\/n\/uploads\/2023\/03\/400x300-Investindo-no-exterior.png\">\n\t\t\t\t<img class=\"newsContent__article__imgCapa newsContent__article__imgCapa--banner\"\n\t\t\t\t\tsrc=\"https:\/\/files.sunoresearch.com.br\/n\/uploads\/2023\/03\/1420x240-Investindo-no-exterior.png\"\n\t\t\t\t\tdata-promo-id=\"383161\"\t\t\t\t\t\t\t\t\t\twidth='1420' height='240'\t\t\t\t\talt=\"https:\/\/files.sunoresearch.com.br\/n\/uploads\/2023\/03\/1420x240-Investindo-no-exterior.png\"\n\t\t\t\t>\n\t\t\t<\/picture>\n\t\t<\/a>\n\t<\/p>\n\n\n\n\n\n<p>Em paralelo, o pre\u00e7o de produtos como alimentos e combust\u00edveis sofreu um aumento acelerado e permanece em um patamar quase insatisfat\u00f3rio para o <a href=\"https:\/\/www.suno.com.br\/artigos\/poder-de-compra\/\" target=\"_blank\" rel=\"noreferrer noopener\">poder de compra <\/a>da <strong>classe m\u00e9dia americana<\/strong>. <\/p>\n\n\n\n<p>Por isso, uma reelei\u00e7\u00e3o provavelmente requer que a infla\u00e7\u00e3o continuasse regredindo, assim como o custo de produtos b\u00e1sicos. <\/p>\n\n\n\n<h2 class=\"wp-block-heading\">O confronto se repete?<\/h2>\n\n\n\n<p>As pr\u00f3ximas elei\u00e7\u00f5es presidenciais americanas agora come\u00e7am a desenhar um embate j\u00e1 visto na \u00faltima elei\u00e7\u00e3o, de 2020, com Joe Biden representando o <strong>Partido Democrata<\/strong> e Donald Trump nos <strong>Republicanos<\/strong> &#8211; este \u00faltimo presidente na \u00e9poca, mas n\u00e3o reeleito.<\/p>\n\n\n\n<p>Com uma na\u00e7\u00e3o dividida, a popula\u00e7\u00e3o foi em peso votar nas elei\u00e7\u00f5es de 2020, tanto que os <strong>Estados Unidos<\/strong> registraram a maior participa\u00e7\u00e3o popular desde 1900, em meio aos impactos da pandemia de Covid-19 e  a uma crise social, com os protestos antirracistas.<\/p>\n\n\n\n<p>Agora, enquanto <strong>Trump<\/strong> aguarda a nomea\u00e7\u00e3o pela casa dos Republicanos, ele enfrenta acusa\u00e7\u00f5es de diversos crimes, dentre eles estupro, suborno e ainda \u00e9 suspeito de ter incitado os atos no Capit\u00f3lio em 6 de janeiro.<\/p>\n\n\n\n<p>Inclusive, a escolha da data para an\u00fancio da reelei\u00e7\u00e3o de Biden n\u00e3o poderia ser por acaso: Trump enfrenta nesta ter\u00e7a-feira, a terceira acusa\u00e7\u00e3o do m\u00eas. Desta vez, o processo judicial parte da ex-jornalista da revista Elle, Jean Carroll, que acusa o ex-presidente de estupro. <\/p>\n\n\n\t<p>\n\t\t<a href=\"https:\/\/lp.suno.com.br\/ebook-como-analisar-uma-acao\/\" target=\"_blank\" data-element=\"shortcode-suno-banner\" title=\"Banner SUNO, clique e saiba mais\">\n\t\t\t<picture>\n\t\t\t\t<source media=\"(max-width: 500px)\" srcset=\"https:\/\/files.sunoresearch.com.br\/n\/uploads\/2023\/03\/Ebook-Acoes-Mobile.jpg\">\n\t\t\t\t<img class=\"newsContent__article__imgCapa newsContent__article__imgCapa--banner\"\n\t\t\t\t\tsrc=\"https:\/\/files.sunoresearch.com.br\/n\/uploads\/2023\/03\/Ebook-Acoes-Desktop.jpg\"\n\t\t\t\t\tdata-promo-id=\"378302\"\t\t\t\t\t\t\t\t\t\twidth='1420' height='286'\t\t\t\t\talt=\"https:\/\/files.sunoresearch.com.br\/n\/uploads\/2023\/03\/Ebook-Acoes-Desktop.jpg\"\n\t\t\t\t>\n\t\t\t<\/picture>\n\t\t<\/a>\n\t<\/p>\n\n\n","protected":false},"excerpt":{"rendered":"<p>O presidente dos Estados Unidos, Joe Biden, anunciou hoje (25) a sua recandidatura para as elei\u00e7\u00f5es de 2024. Joe Biden anunciou que vai em busca da reelei\u00e7\u00e3o nos EUA em 2024 &#8211; Foto: Flickr Em seu an\u00fancio oficial da campanha, Biden afirma: &#8220;Quando concorri \u00e0 presid\u00eancia quatro anos atr\u00e1s, eu disse que n\u00f3s est\u00e1vamos em [&hellip;]<\/p>\n","protected":false},"author":283,"featured_media":394088,"comment_status":"closed","ping_status":"closed","sticky":false,"template":"","format":"standard","meta":[],"categories":[63],"tags":[724,104868,793,73481],"suno_strategy":[],"class_list":["post-394081","post","type-post","status-publish","format-standard","has-post-thumbnail","hentry","category-internacional","tag-donald-trump","tag-eleicoes-americanas","tag-estados-unidos-eua","tag-joe-biden"],"yoast_head":"<!-- This site is optimized with the Yoast SEO plugin v24.4 - https:\/\/yoast.com\/wordpress\/plugins\/seo\/ -->\n<title>Biden X Trump &#039;again&#039;? Elei\u00e7\u00f5es nos EUA podem ter repeti\u00e7\u00e3o de disputa<\/title>\n<meta name=\"description\" content=\"Com poss\u00edvel disputa contra Trump, o atual presidente dos EUA acaba de anunciar que vai atr\u00e1s da reelei\u00e7\u00e3o em 2024\" \/>\n<meta name=\"robots\" content=\"index, follow, max-snippet:-1, max-image-preview:large, max-video-preview:-1\" \/>\n<link rel=\"canonical\" href=\"https:\/\/www.suno.com.br\/noticias\/biden-candidato-eleicao-eua-2024\/\" \/>\n<meta property=\"og:locale\" content=\"pt_BR\" \/>\n<meta property=\"og:type\" content=\"article\" \/>\n<meta property=\"og:title\" content=\"Biden X Trump &#039;again&#039;? Elei\u00e7\u00f5es nos EUA podem ter repeti\u00e7\u00e3o de disputa\" \/>\n<meta property=\"og:description\" content=\"Com poss\u00edvel disputa contra Trump, o atual presidente dos EUA acaba de anunciar que vai atr\u00e1s da reelei\u00e7\u00e3o em 2024\" \/>\n<meta property=\"og:url\" content=\"https:\/\/www.suno.com.br\/noticias\/biden-candidato-eleicao-eua-2024\/\" \/>\n<meta property=\"og:site_name\" content=\"Suno Not\u00edcias\" \/>\n<meta property=\"article:publisher\" content=\"https:\/\/facebook.com\/sunoresearch\" \/>\n<meta property=\"og:image\" content=\"https:\/\/files.sunoresearch.com.br\/n\/uploads\/2023\/04\/biden-candidato-eleicao-eua-2024.jpg\" \/>\n\t<meta property=\"og:image:width\" content=\"1200\" \/>\n\t<meta property=\"og:image:height\" content=\"800\" \/>\n\t<meta property=\"og:image:type\" content=\"image\/jpeg\" \/>\n<meta name=\"author\" content=\"Camila Paim\" \/>\n<meta name=\"twitter:card\" content=\"summary_large_image\" \/>\n<meta name=\"twitter:creator\" content=\"@sunoresearch\" \/>\n<meta name=\"twitter:site\" content=\"@sunoresearch\" \/>\n<meta name=\"twitter:label1\" content=\"Escrito por\" \/>\n\t<meta name=\"twitter:data1\" content=\"Camila Paim\" \/>\n\t<meta name=\"twitter:label2\" content=\"Est. tempo de leitura\" \/>\n\t<meta name=\"twitter:data2\" content=\"3 minutos\" \/>\n<script type=\"application\/ld+json\" class=\"yoast-schema-graph\">{\"@context\":\"https:\/\/schema.org\",\"@graph\":[{\"@type\":\"NewsArticle\",\"@id\":\"https:\/\/www.suno.com.br\/noticias\/biden-candidato-eleicao-eua-2024\/#article\",\"isPartOf\":{\"@id\":\"https:\/\/www.suno.com.br\/noticias\/biden-candidato-eleicao-eua-2024\/\"},\"author\":{\"name\":\"Camila Paim\",\"@id\":\"https:\/\/www.suno.com.br\/noticias\/#\/schema\/person\/f341d3ae5d1cc685176c9a5327cdfdbb\"},\"headline\":\"Biden X Trump &#8216;again&#8217;? Elei\u00e7\u00f5es nos EUA podem ter repeti\u00e7\u00e3o de disputa de 2020; entenda\",\"datePublished\":\"2023-04-25T15:11:11+00:00\",\"dateModified\":\"2023-04-25T15:30:46+00:00\",\"mainEntityOfPage\":{\"@id\":\"https:\/\/www.suno.com.br\/noticias\/biden-candidato-eleicao-eua-2024\/\"},\"wordCount\":451,\"publisher\":{\"@id\":\"https:\/\/www.suno.com.br\/noticias\/#organization\"},\"image\":{\"@id\":\"https:\/\/www.suno.com.br\/noticias\/biden-candidato-eleicao-eua-2024\/#primaryimage\"},\"thumbnailUrl\":\"https:\/\/files.sunoresearch.com.br\/n\/uploads\/2023\/04\/biden-candidato-eleicao-eua-2024.jpg\",\"keywords\":[\"Donald Trump\",\"Elei\u00e7\u00f5es americanas\",\"Estados Unidos (EUA)\",\"Joe Biden\"],\"articleSection\":[\"Internacional\"],\"inLanguage\":\"pt-BR\"},{\"@type\":\"WebPage\",\"@id\":\"https:\/\/www.suno.com.br\/noticias\/biden-candidato-eleicao-eua-2024\/\",\"url\":\"https:\/\/www.suno.com.br\/noticias\/biden-candidato-eleicao-eua-2024\/\",\"name\":\"Biden X Trump 'again'? Elei\u00e7\u00f5es nos EUA podem ter repeti\u00e7\u00e3o de disputa\",\"isPartOf\":{\"@id\":\"https:\/\/www.suno.com.br\/noticias\/#website\"},\"primaryImageOfPage\":{\"@id\":\"https:\/\/www.suno.com.br\/noticias\/biden-candidato-eleicao-eua-2024\/#primaryimage\"},\"image\":{\"@id\":\"https:\/\/www.suno.com.br\/noticias\/biden-candidato-eleicao-eua-2024\/#primaryimage\"},\"thumbnailUrl\":\"https:\/\/files.sunoresearch.com.br\/n\/uploads\/2023\/04\/biden-candidato-eleicao-eua-2024.jpg\",\"datePublished\":\"2023-04-25T15:11:11+00:00\",\"dateModified\":\"2023-04-25T15:30:46+00:00\",\"description\":\"Com poss\u00edvel disputa contra Trump, o atual presidente dos EUA acaba de anunciar que vai atr\u00e1s da reelei\u00e7\u00e3o em 2024\",\"breadcrumb\":{\"@id\":\"https:\/\/www.suno.com.br\/noticias\/biden-candidato-eleicao-eua-2024\/#breadcrumb\"},\"inLanguage\":\"pt-BR\",\"potentialAction\":[{\"@type\":\"ReadAction\",\"target\":[\"https:\/\/www.suno.com.br\/noticias\/biden-candidato-eleicao-eua-2024\/\"]}]},{\"@type\":\"ImageObject\",\"inLanguage\":\"pt-BR\",\"@id\":\"https:\/\/www.suno.com.br\/noticias\/biden-candidato-eleicao-eua-2024\/#primaryimage\",\"url\":\"https:\/\/files.sunoresearch.com.br\/n\/uploads\/2023\/04\/biden-candidato-eleicao-eua-2024.jpg\",\"contentUrl\":\"https:\/\/files.sunoresearch.com.br\/n\/uploads\/2023\/04\/biden-candidato-eleicao-eua-2024.jpg\",\"width\":1200,\"height\":800,\"caption\":\"Joe Biden anunciou que vai em busca da reelei\u00e7\u00e3o nos EUA em 2024 - Foto: Flickr\"},{\"@type\":\"BreadcrumbList\",\"@id\":\"https:\/\/www.suno.com.br\/noticias\/biden-candidato-eleicao-eua-2024\/#breadcrumb\",\"itemListElement\":[{\"@type\":\"ListItem\",\"position\":1,\"name\":\"Not\u00edcias\",\"item\":\"https:\/\/www.suno.com.br\/noticias\/\"},{\"@type\":\"ListItem\",\"position\":2,\"name\":\"Internacional\",\"item\":\"https:\/\/www.suno.com.br\/noticias\/internacional\/\"},{\"@type\":\"ListItem\",\"position\":3,\"name\":\"Biden X Trump &#8216;again&#8217;? Elei\u00e7\u00f5es nos EUA podem ter repeti\u00e7\u00e3o de disputa de 2020; entenda\"}]},{\"@type\":\"WebSite\",\"@id\":\"https:\/\/www.suno.com.br\/noticias\/#website\",\"url\":\"https:\/\/www.suno.com.br\/noticias\/\",\"name\":\"Suno Not\u00edcias\",\"description\":\"Seu portal de informa\u00e7\u00e3o sobre o mundo dos investimentos\",\"publisher\":{\"@id\":\"https:\/\/www.suno.com.br\/noticias\/#organization\"},\"potentialAction\":[{\"@type\":\"SearchAction\",\"target\":{\"@type\":\"EntryPoint\",\"urlTemplate\":\"https:\/\/www.suno.com.br\/noticias\/?s={search_term_string}\"},\"query-input\":{\"@type\":\"PropertyValueSpecification\",\"valueRequired\":true,\"valueName\":\"search_term_string\"}}],\"inLanguage\":\"pt-BR\"},{\"@type\":\"Organization\",\"@id\":\"https:\/\/www.suno.com.br\/noticias\/#organization\",\"name\":\"Suno Not\u00edcias\",\"url\":\"https:\/\/www.suno.com.br\/noticias\/\",\"logo\":{\"@type\":\"ImageObject\",\"inLanguage\":\"pt-BR\",\"@id\":\"https:\/\/www.suno.com.br\/noticias\/#\/schema\/logo\/image\/\",\"url\":\"https:\/\/files.sunoresearch.com.br\/n\/uploads\/2021\/09\/suno-logo.png\",\"contentUrl\":\"https:\/\/files.sunoresearch.com.br\/n\/uploads\/2021\/09\/suno-logo.png\",\"width\":180,\"height\":180,\"caption\":\"Suno Not\u00edcias\"},\"image\":{\"@id\":\"https:\/\/www.suno.com.br\/noticias\/#\/schema\/logo\/image\/\"},\"sameAs\":[\"https:\/\/facebook.com\/sunoresearch\",\"https:\/\/x.com\/sunoresearch\",\"https:\/\/www.instagram.com\/suno\",\"https:\/\/www.linkedin.com\/company\/suno-research\/\",\"https:\/\/www.youtube.com\/c\/sunoresearch\"]},{\"@type\":\"Person\",\"@id\":\"https:\/\/www.suno.com.br\/noticias\/#\/schema\/person\/f341d3ae5d1cc685176c9a5327cdfdbb\",\"name\":\"Camila Paim\",\"image\":{\"@type\":\"ImageObject\",\"inLanguage\":\"pt-BR\",\"@id\":\"https:\/\/www.suno.com.br\/noticias\/#\/schema\/person\/image\/\",\"url\":\"https:\/\/secure.gravatar.com\/avatar\/f33728e65febb1aa7ecf6792956f9b20?s=96&r=g\",\"contentUrl\":\"https:\/\/secure.gravatar.com\/avatar\/f33728e65febb1aa7ecf6792956f9b20?s=96&r=g\",\"caption\":\"Camila Paim\"},\"description\":\"Jornalista formada pela USP, tem experi\u00eancia em reda\u00e7\u00f5es, SEO, Branded Content e Webdesign. Com passagem pelo Jornal da USP, Empiricus e C6 Bank, hoje \u00e9 rep\u00f3rter no Suno Not\u00edcias cobrindo macroeconomia, finan\u00e7as pessoais e startups.\",\"url\":\"https:\/\/www.suno.com.br\/noticias\/author\/camila-figueiredosuno-com-br\/\"}]}<\/script>\n<!-- \/ Yoast SEO plugin. -->","yoast_head_json":{"title":"Biden X Trump 'again'? Elei\u00e7\u00f5es nos EUA podem ter repeti\u00e7\u00e3o de disputa","description":"Com poss\u00edvel disputa contra Trump, o atual presidente dos EUA acaba de anunciar que vai atr\u00e1s da reelei\u00e7\u00e3o em 2024","robots":{"index":"index","follow":"follow","max-snippet":"max-snippet:-1","max-image-preview":"max-image-preview:large","max-video-preview":"max-video-preview:-1"},"canonical":"https:\/\/www.suno.com.br\/noticias\/biden-candidato-eleicao-eua-2024\/","og_locale":"pt_BR","og_type":"article","og_title":"Biden X Trump 'again'? Elei\u00e7\u00f5es nos EUA podem ter repeti\u00e7\u00e3o de disputa","og_description":"Com poss\u00edvel disputa contra Trump, o atual presidente dos EUA acaba de anunciar que vai atr\u00e1s da reelei\u00e7\u00e3o em 2024","og_url":"https:\/\/www.suno.com.br\/noticias\/biden-candidato-eleicao-eua-2024\/","og_site_name":"Suno Not\u00edcias","article_publisher":"https:\/\/facebook.com\/sunoresearch","og_image":[{"width":1200,"height":800,"url":"https:\/\/files.sunoresearch.com.br\/n\/uploads\/2023\/04\/biden-candidato-eleicao-eua-2024.jpg","type":"image\/jpeg"}],"author":"Camila Paim","twitter_card":"summary_large_image","twitter_creator":"@sunoresearch","twitter_site":"@sunoresearch","twitter_misc":{"Escrito por":"Camila Paim","Est. tempo de leitura":"3 minutos"},"schema":{"@context":"https:\/\/schema.org","@graph":[{"@type":"NewsArticle","@id":"https:\/\/www.suno.com.br\/noticias\/biden-candidato-eleicao-eua-2024\/#article","isPartOf":{"@id":"https:\/\/www.suno.com.br\/noticias\/biden-candidato-eleicao-eua-2024\/"},"author":{"name":"Camila Paim","@id":"https:\/\/www.suno.com.br\/noticias\/#\/schema\/person\/f341d3ae5d1cc685176c9a5327cdfdbb"},"headline":"Biden X Trump &#8216;again&#8217;? Elei\u00e7\u00f5es nos EUA podem ter repeti\u00e7\u00e3o de disputa de 2020; entenda","datePublished":"2023-04-25T15:11:11+00:00","dateModified":"2023-04-25T15:30:46+00:00","mainEntityOfPage":{"@id":"https:\/\/www.suno.com.br\/noticias\/biden-candidato-eleicao-eua-2024\/"},"wordCount":451,"publisher":{"@id":"https:\/\/www.suno.com.br\/noticias\/#organization"},"image":{"@id":"https:\/\/www.suno.com.br\/noticias\/biden-candidato-eleicao-eua-2024\/#primaryimage"},"thumbnailUrl":"https:\/\/files.sunoresearch.com.br\/n\/uploads\/2023\/04\/biden-candidato-eleicao-eua-2024.jpg","keywords":["Donald Trump","Elei\u00e7\u00f5es americanas","Estados Unidos (EUA)","Joe Biden"],"articleSection":["Internacional"],"inLanguage":"pt-BR"},{"@type":"WebPage","@id":"https:\/\/www.suno.com.br\/noticias\/biden-candidato-eleicao-eua-2024\/","url":"https:\/\/www.suno.com.br\/noticias\/biden-candidato-eleicao-eua-2024\/","name":"Biden X Trump 'again'? Elei\u00e7\u00f5es nos EUA podem ter repeti\u00e7\u00e3o de disputa","isPartOf":{"@id":"https:\/\/www.suno.com.br\/noticias\/#website"},"primaryImageOfPage":{"@id":"https:\/\/www.suno.com.br\/noticias\/biden-candidato-eleicao-eua-2024\/#primaryimage"},"image":{"@id":"https:\/\/www.suno.com.br\/noticias\/biden-candidato-eleicao-eua-2024\/#primaryimage"},"thumbnailUrl":"https:\/\/files.sunoresearch.com.br\/n\/uploads\/2023\/04\/biden-candidato-eleicao-eua-2024.jpg","datePublished":"2023-04-25T15:11:11+00:00","dateModified":"2023-04-25T15:30:46+00:00","description":"Com poss\u00edvel disputa contra Trump, o atual presidente dos EUA acaba de anunciar que vai atr\u00e1s da reelei\u00e7\u00e3o em 2024","breadcrumb":{"@id":"https:\/\/www.suno.com.br\/noticias\/biden-candidato-eleicao-eua-2024\/#breadcrumb"},"inLanguage":"pt-BR","potentialAction":[{"@type":"ReadAction","target":["https:\/\/www.suno.com.br\/noticias\/biden-candidato-eleicao-eua-2024\/"]}]},{"@type":"ImageObject","inLanguage":"pt-BR","@id":"https:\/\/www.suno.com.br\/noticias\/biden-candidato-eleicao-eua-2024\/#primaryimage","url":"https:\/\/files.sunoresearch.com.br\/n\/uploads\/2023\/04\/biden-candidato-eleicao-eua-2024.jpg","contentUrl":"https:\/\/files.sunoresearch.com.br\/n\/uploads\/2023\/04\/biden-candidato-eleicao-eua-2024.jpg","width":1200,"height":800,"caption":"Joe Biden anunciou que vai em busca da reelei\u00e7\u00e3o nos EUA em 2024 - Foto: Flickr"},{"@type":"BreadcrumbList","@id":"https:\/\/www.suno.com.br\/noticias\/biden-candidato-eleicao-eua-2024\/#breadcrumb","itemListElement":[{"@type":"ListItem","position":1,"name":"Not\u00edcias","item":"https:\/\/www.suno.com.br\/noticias\/"},{"@type":"ListItem","position":2,"name":"Internacional","item":"https:\/\/www.suno.com.br\/noticias\/internacional\/"},{"@type":"ListItem","position":3,"name":"Biden X Trump &#8216;again&#8217;? Elei\u00e7\u00f5es nos EUA podem ter repeti\u00e7\u00e3o de disputa de 2020; entenda"}]},{"@type":"WebSite","@id":"https:\/\/www.suno.com.br\/noticias\/#website","url":"https:\/\/www.suno.com.br\/noticias\/","name":"Suno Not\u00edcias","description":"Seu portal de informa\u00e7\u00e3o sobre o mundo dos investimentos","publisher":{"@id":"https:\/\/www.suno.com.br\/noticias\/#organization"},"potentialAction":[{"@type":"SearchAction","target":{"@type":"EntryPoint","urlTemplate":"https:\/\/www.suno.com.br\/noticias\/?s={search_term_string}"},"query-input":{"@type":"PropertyValueSpecification","valueRequired":true,"valueName":"search_term_string"}}],"inLanguage":"pt-BR"},{"@type":"Organization","@id":"https:\/\/www.suno.com.br\/noticias\/#organization","name":"Suno Not\u00edcias","url":"https:\/\/www.suno.com.br\/noticias\/","logo":{"@type":"ImageObject","inLanguage":"pt-BR","@id":"https:\/\/www.suno.com.br\/noticias\/#\/schema\/logo\/image\/","url":"https:\/\/files.sunoresearch.com.br\/n\/uploads\/2021\/09\/suno-logo.png","contentUrl":"https:\/\/files.sunoresearch.com.br\/n\/uploads\/2021\/09\/suno-logo.png","width":180,"height":180,"caption":"Suno Not\u00edcias"},"image":{"@id":"https:\/\/www.suno.com.br\/noticias\/#\/schema\/logo\/image\/"},"sameAs":["https:\/\/facebook.com\/sunoresearch","https:\/\/x.com\/sunoresearch","https:\/\/www.instagram.com\/suno","https:\/\/www.linkedin.com\/company\/suno-research\/","https:\/\/www.youtube.com\/c\/sunoresearch"]},{"@type":"Person","@id":"https:\/\/www.suno.com.br\/noticias\/#\/schema\/person\/f341d3ae5d1cc685176c9a5327cdfdbb","name":"Camila Paim","image":{"@type":"ImageObject","inLanguage":"pt-BR","@id":"https:\/\/www.suno.com.br\/noticias\/#\/schema\/person\/image\/","url":"https:\/\/secure.gravatar.com\/avatar\/f33728e65febb1aa7ecf6792956f9b20?s=96&r=g","contentUrl":"https:\/\/secure.gravatar.com\/avatar\/f33728e65febb1aa7ecf6792956f9b20?s=96&r=g","caption":"Camila Paim"},"description":"Jornalista formada pela USP, tem experi\u00eancia em reda\u00e7\u00f5es, SEO, Branded Content e Webdesign. Com passagem pelo Jornal da USP, Empiricus e C6 Bank, hoje \u00e9 rep\u00f3rter no Suno Not\u00edcias cobrindo macroeconomia, finan\u00e7as pessoais e startups.","url":"https:\/\/www.suno.com.br\/noticias\/author\/camila-figueiredosuno-com-br\/"}]}},"default_loop_html":"<div class=\"cardsPage__listCard__boxs\"><div class=\"cardsPage__listCard__boxs__img\"><a href=\"https:\/\/www.suno.com.br\/noticias\/biden-candidato-eleicao-eua-2024\/\"><img class=\"mask\" src=\"https:\/\/www.suno.com.br\/noticias\/wp-content\/themes\/suno\/resources\/images\/spotlight\/spotlight1img\/bg-mask.png\" alt=\"Image Mask\"\/><img src=\"https:\/\/files.sunoresearch.com.br\/n\/uploads\/2023\/04\/biden-candidato-eleicao-eua-2024-400x200.jpg\" alt=\"Biden X Trump &#8216;again&#8217;? Elei\u00e7\u00f5es nos EUA podem ter repeti\u00e7\u00e3o de disputa de 2020; entenda\"\/><\/a><span class=\"spotlightCategory\"><a href=\"https:\/\/www.suno.com.br\/noticias\/internacional\/\">Internacional<\/a><\/span><\/div><div class=\"cardsPage__listCard__boxs__content\"><a href=\"https:\/\/www.suno.com.br\/noticias\/biden-candidato-eleicao-eua-2024\/\"><h2 class=\"content__title\">Biden X Trump &#8216;again&#8217;? Elei\u00e7\u00f5es nos EUA podem ter repeti\u00e7\u00e3o de disputa de 2020; entenda<\/h2><\/a><div class=\"newsContent__article__meta\"><div class=\"newsContent__article__meta__authorBox\"><a href=\"https:\/\/www.suno.com.br\/noticias\/author\/camila-figueiredosuno-com-br\/\" class=\"authorBox__avatar noMobi\"><img src=\"https:\/\/files.sunoresearch.com.br\/n\/uploads\/2024\/05\/camila-paim-square-150x150.jpg\" alt=\"Camila Paim\"><\/a><div class=\"authorBox__name\"><span>por\n\t\t\t<a href=\"https:\/\/www.suno.com.br\/noticias\/author\/camila-figueiredosuno-com-br\/\"><span itemprop=\"author\">Camila Paim<\/span><\/a><\/span><time datetime=\"2023-04-25T12:11:11-03:00\" itemprop=\"datePublished\">25\/04\/2023 12:11<\/time><\/div><\/div><\/div><\/div><\/div>","single_layout":"posts","amp_enabled":true,"_links":{"self":[{"href":"https:\/\/www.suno.com.br\/noticias\/wp-json\/wp\/v2\/posts\/394081"}],"collection":[{"href":"https:\/\/www.suno.com.br\/noticias\/wp-json\/wp\/v2\/posts"}],"about":[{"href":"https:\/\/www.suno.com.br\/noticias\/wp-json\/wp\/v2\/types\/post"}],"author":[{"embeddable":true,"href":"https:\/\/www.suno.com.br\/noticias\/wp-json\/wp\/v2\/users\/283"}],"replies":[{"embeddable":true,"href":"https:\/\/www.suno.com.br\/noticias\/wp-json\/wp\/v2\/comments?post=394081"}],"version-history":[{"count":4,"href":"https:\/\/www.suno.com.br\/noticias\/wp-json\/wp\/v2\/posts\/394081\/revisions"}],"predecessor-version":[{"id":394203,"href":"https:\/\/www.suno.com.br\/noticias\/wp-json\/wp\/v2\/posts\/394081\/revisions\/394203"}],"wp:featuredmedia":[{"embeddable":true,"href":"https:\/\/www.suno.com.br\/noticias\/wp-json\/wp\/v2\/media\/394088"}],"wp:attachment":[{"href":"https:\/\/www.suno.com.br\/noticias\/wp-json\/wp\/v2\/media?parent=394081"}],"wp:term":[{"taxonomy":"category","embeddable":true,"href":"https:\/\/www.suno.com.br\/noticias\/wp-json\/wp\/v2\/categories?post=394081"},{"taxonomy":"post_tag","embeddable":true,"href":"https:\/\/www.suno.com.br\/noticias\/wp-json\/wp\/v2\/tags?post=394081"},{"taxonomy":"suno_strategy","embeddable":true,"href":"https:\/\/www.suno.com.br\/noticias\/wp-json\/wp\/v2\/suno_strategy?post=394081"}],"curies":[{"name":"wp","href":"https:\/\/api.w.org\/{rel}","templated":true}]}}