{"id":393841,"date":"2023-04-24T19:54:29","date_gmt":"2023-04-24T22:54:29","guid":{"rendered":"https:\/\/www.suno.com.br\/noticias\/?p=393841"},"modified":"2023-04-24T19:54:35","modified_gmt":"2023-04-24T22:54:35","slug":"magazine-luiza-mglu3-fundador-kabum-acusacao-criminosa","status":"publish","type":"post","link":"https:\/\/www.suno.com.br\/noticias\/magazine-luiza-mglu3-fundador-kabum-acusacao-criminosa\/","title":{"rendered":"Ap\u00f3s demiss\u00e3o, fundador do Kabum quebra o sil\u00eancio e diz que Magazine Luiza (MGLU3) faz &#8216;acusa\u00e7\u00e3o criminosa&#8217;"},"content":{"rendered":"<p>Leandro Ramos, fundador e ex-controlador do Kabum, quebrou o sil\u00eancio ap\u00f3s ser demitido por justa causa do <a href=\"https:\/\/suno.com.br\/acoes\/mglu3\/\" target=\"_blank\" rel=\"noreferrer noopener\"><strong>Magazine Luiza<\/strong> (MGLU3)<\/a>. Nesta segunda (24), o executivo afirmou que a varejista fez uma &#8220;acusa\u00e7\u00e3o criminosa&#8221; contra ele e o irm\u00e3o Thiago Ramos. Al\u00e9m disso, o empres\u00e1rio bateu de frente contra <a class=\"suno-keyword\" data-force=\"no\" data-priority=\"2\" href=\"https:\/\/www.suno.com.br\/tudo-sobre\/frederico-trajano\/\" target=\"_blank\" rel=\"noopener\">Frederico Trajano<\/a>, CEO da varejista.<\/p>\t<div class=\"wrapper-featured-image\">\n\t\t<figure class=\"spotlightImg\">\n\n\t\t\t<picture>\n\t\t\t\t<source media=\"(max-width: 768px)\" srcset=\"https:\/\/files.sunoresearch.com.br\/n\/uploads\/2023\/03\/magalu-mglu3-kabum-briga-policia-foto-divulgacao-400x200.jpg\">\n\t\t\t\t<img loading=\"lazy\" decoding=\"async\" class=\"newsContent__article__imgCapa lazyloadDisabled \" src=\"https:\/\/files.sunoresearch.com.br\/n\/uploads\/2023\/03\/magalu-mglu3-kabum-briga-policia-foto-divulgacao-800x450.jpg\" width=\"800\" height=\"450\" alt=\"Ap\u00f3s demiss\u00e3o, fundador do Kabum quebra o sil\u00eancio e diz que Magazine Luiza (MGLU3) faz &#8216;acusa\u00e7\u00e3o criminosa&#8217;\" fetchpriority=high \/>\n\t\t\t<\/picture>\n\n\t\t\t<figcaption class=\"wp-caption-text wp-caption-text--show\">Magazine Luiza (MGLU3). Foto: Divulga\u00e7\u00e3o<\/figcaption>\n\t\t<\/figure>\n\t<\/div>\n\n\n\n\n\n\t<p>\n\t\t<a href=\"\" target=\"_blank\" data-element=\"shortcode-suno-banner\" title=\"Banner SUNO, clique e saiba mais\">\n\t\t\t<picture>\n\t\t\t\t<source media=\"(max-width: 500px)\" srcset=\"\">\n\t\t\t\t<img class=\"newsContent__article__imgCapa newsContent__article__imgCapa--banner\"\n\t\t\t\t\tsrc=\"\"\n\t\t\t\t\tdata-promo-id=\"250704\"\t\t\t\t\t\t\t\t\t\t\t\t\t\t\talt=\"\"\n\t\t\t\t>\n\t\t\t<\/picture>\n\t\t<\/a>\n\t<\/p>\n\n\n\n\n\n<p>Em uma publica\u00e7\u00e3o no LinkedIn, o <strong>fundador do Kabum<\/strong> comentou a not\u00edcia da sua demiss\u00e3o, divulgada pela imprensa na semana passada: &#8220;O Magazine Luiza e seu CEO, Frederico Trajano, decidiram dobrar a aposta e intensificaram as retalia\u00e7\u00f5es contra n\u00f3s, tendo equivocadamente rescindido nosso contrato de trabalho como presidentes do Kabum sob o pretexto absolutamente mentiroso, imagin\u00e1rio e delirante de que &#8216;abrimos uma nova empresa concorrente'&#8221;. <\/p>\n\n\n\n<p>&#8220;Acusaram-nos, portanto, levianamente, sem prova alguma, do crime de concorr\u00eancia desleal, e fabricaram assim uma &#8216;demiss\u00e3o por justa causa&#8217;. Mais que leviana, a acusa\u00e7\u00e3o \u00e9 criminosa. A <strong>diretoria do Magazine Luiza<\/strong> intencional e deliberadamente faz uma acusa\u00e7\u00e3o grave que sabe ser inver\u00eddica. Acusam a mim e ao meu irm\u00e3o de algo que eles t\u00eam certeza de que n\u00e3o fizemos&#8221;, prosseguiu Ramos.<\/p>\n\n\n\n<p>No texto, Ramos disse que fica &#8220;extremamente preocupado ao ver o presidente da companhia adotar estrat\u00e9gias amadoras de defesa, criando cortinas de fuma\u00e7a sobre os graves ind\u00edcios que pesam sobre ele&#8221;.<\/p>\n\n\n\n\t<div data-element=\"shortcode-read-more\" class=\"readToo\">\n\t\t\t\t<span class=\"readToo__title\">Leia mais<\/span>\n\t\t\t\t<ul class=\"readToo__list\">\n\t\t\t<li><a href=\"https:\/\/www.suno.com.br\/noticias\/magazine-luiza-mglu3-demite-fundadores-kabum-justa-causa\/\">Magazine Luiza (MGLU3) demite fundadores do Kabum por justa causa; briga ganha novo cap\u00edtulo na Justi\u00e7a<\/a><\/li><li><a href=\"https:\/\/www.suno.com.br\/noticias\/magazine-luiza-mglu3-venda-kabum-guerra-juridica\/\">Venda do Kabum para Magazine Luiza (MGLU3) vira batalha judicial bilion\u00e1ria; entenda<\/a><\/li>\t\t<\/ul>\n\t<\/div>\n\n\n\n\n<p>&#8220;Essas medidas inconsequentes est\u00e3o apenas adiando o inevit\u00e1vel e expondo ao rid\u00edculo uma das marcas mais valiosas do pa\u00eds, da qual tamb\u00e9m somos um dos donos&#8221;, refor\u00e7ou o executivo, que seguiu com as cr\u00edticas a <strong>Frederico Trajano<\/strong> e sugeriu que o <a class=\"suno-keyword\" data-force=\"no\" data-priority=\"1\" href=\"https:\/\/www.suno.com.br\/artigos\/conselho-administracao\/\" target=\"_blank\" rel=\"noopener\">conselho de administra\u00e7\u00e3o<\/a> da varejista fa\u00e7a uma &#8220;an\u00e1lise minuciosa&#8221; das decis\u00f5es tomadas pelo CEO neste caso.<\/p>\n\n\n\n<p>&#8220;Al\u00e9m disso, \u00e9 importante que o conselho esteja preparado para justificar ao mercado a demiss\u00e3o dos dois fundadores e simultaneamente de outros importantes executivos da mais bem sucedida e lucrativa companhia do Grupo Magazine Luiza, o Kabum, que s\u00e3o respons\u00e1veis pela avassaladora maior contribui\u00e7\u00e3o aos resultados do Grupo &#8211; na contram\u00e3o dos sucessivos preju\u00edzos entregues pelo sr. Frederico Trajano&#8221; comentou Ramos.<\/p>\n\n\n\n<blockquote class=\"wp-block-quote is-layout-flow wp-block-quote-is-layout-flow\">\n<p>\u00c9 fundamental que o Conselho justifique essas decis\u00f5es ao mercado e explique como elas beneficiam a empresa e seus acionistas, em vez de apenas tentar proteger seu presidente. <\/p>\n<\/blockquote>\n\n\n\n<p>&#8220;Tenho certeza de que o Magazine Luiza j\u00e1 possui ou criar\u00e1 instrumentos de governan\u00e7a capazes de corrigir rapidamente este desvio de curso e garantir\u00e1 que a empresa siga o caminho correto e esperado por seus colaboradores e acionistas&#8221;, finalizou Ramos.<\/p>\n\n\n\t<p>\n\t\t<a href=\"https:\/\/lp.suno.com.br\/suno-one\/?utm_campaign=_SNC6964518A_\" target=\"_blank\" data-element=\"shortcode-suno-banner\" title=\"Banner SUNO, clique e saiba mais\">\n\t\t\t<picture>\n\t\t\t\t<source media=\"(max-width: 500px)\" srcset=\"https:\/\/files.sunoresearch.com.br\/n\/uploads\/2025\/09\/400x300-Suno-One-png.webp\">\n\t\t\t\t<img class=\"newsContent__article__imgCapa newsContent__article__imgCapa--banner\"\n\t\t\t\t\tsrc=\"https:\/\/files.sunoresearch.com.br\/n\/uploads\/2025\/09\/1420x240-Suno-One-png.webp\"\n\t\t\t\t\tdata-promo-id=\"383121\"\t\t\t\t\t\t\t\t\t\twidth='1420' height='240'\t\t\t\t\talt=\"https:\/\/files.sunoresearch.com.br\/n\/uploads\/2025\/09\/1420x240-Suno-One-png.webp\"\n\t\t\t\t>\n\t\t\t<\/picture>\n\t\t<\/a>\n\t<\/p>\n\n\n\n\n\n<h2 class=\"wp-block-heading\">Magalu vs Kabum: entenda o caso<\/h2>\n\n\n\n<p>Os irm\u00e3os acusam o Ita\u00fa BBA de conflito de interesses durante as negocia\u00e7\u00f5es para a venda do Kabum ao Magalu. Os advogados da dupla argumentam que o banco &#8220;manobrou para que propostas ou negocia\u00e7\u00f5es com outros interessados fossem sabotadas, minadas ou abandonadas de modo que [os <strong>s\u00f3cios do Kabum<\/strong>] fechassem neg\u00f3cio com o Magazine Luiza&#8221;.<\/p>\n\n\n\n<p>Nos tr\u00e2mites do processo, o Ita\u00fa BBA contestou todas as acusa\u00e7\u00f5es e afirmou que essa \u201cmanobra\u201d da produ\u00e7\u00e3o antecipada de provas est\u00e1 sendo solicitada porque a dupla n\u00e3o tem como sustentar a den\u00fancia de suposta sabotagem na opera\u00e7\u00e3o de<strong>&nbsp;venda do Kabum<\/strong>&nbsp;ao Magazine Luiza. <\/p>\n\n\n\n<p>No final de fevereiro, os irm\u00e3os registraram um boletim de ocorr\u00eancia contra a varejista, logo ap\u00f3s a suspens\u00e3o do contrato de trabalho. De acordo com informa\u00e7\u00f5es publicadas pelo jornal Valor Econ\u00f4mico, ap\u00f3s a demiss\u00e3o por justa causa, os <strong>fundadores do Kabum <\/strong>entraram com uma a\u00e7\u00e3o trabalhista na qual alegam que o t\u00e9rmino ocorreu sem justa causa e, por isso, devem receber verbas rescis\u00f3rias, b\u00f4nus e um pagamento por danos morais.<\/p>\n\n\n\n<p>O Suno Not\u00edcias questionou o <strong>Magazine Luiza<\/strong> sobre as acusa\u00e7\u00f5es de Leandro Ramos, mas n\u00e3o obteve retorno at\u00e9 a publica\u00e7\u00e3o da reportagem.<\/p>\n\n\n\t<p>\n\t\t<a href=\"https:\/\/lp.suno.com.br\/plataforma-de-controle-de-investimentos\/\" target=\"_blank\" data-element=\"shortcode-suno-banner\" title=\"Banner SUNO, clique e saiba mais\">\n\t\t\t<picture>\n\t\t\t\t<source media=\"(max-width: 500px)\" srcset=\"https:\/\/files.sunoresearch.com.br\/n\/uploads\/2023\/03\/400x300-Controle-de-Investimentos.png\">\n\t\t\t\t<img class=\"newsContent__article__imgCapa newsContent__article__imgCapa--banner\"\n\t\t\t\t\tsrc=\"https:\/\/files.sunoresearch.com.br\/n\/uploads\/2023\/03\/1420x240-Controle-de-Investimentos.png\"\n\t\t\t\t\tdata-promo-id=\"383162\"\t\t\t\t\t\t\t\t\t\twidth='1420' height='240'\t\t\t\t\talt=\"https:\/\/files.sunoresearch.com.br\/n\/uploads\/2023\/03\/1420x240-Controle-de-Investimentos.png\"\n\t\t\t\t>\n\t\t\t<\/picture>\n\t\t<\/a>\n\t<\/p>\n\n\n","protected":false},"excerpt":{"rendered":"<p>Leandro Ramos, fundador e ex-controlador do Kabum, quebrou o sil\u00eancio ap\u00f3s ser demitido por justa causa do Magazine Luiza (MGLU3). Nesta segunda (24), o executivo afirmou que a varejista fez uma &#8220;acusa\u00e7\u00e3o criminosa&#8221; contra ele e o irm\u00e3o Thiago Ramos. Al\u00e9m disso, o empres\u00e1rio bateu de frente contra Frederico Trajano, CEO da varejista. Magazine Luiza [&hellip;]<\/p>\n","protected":false},"author":232,"featured_media":370381,"comment_status":"closed","ping_status":"closed","sticky":false,"template":"","format":"standard","meta":[],"categories":[60],"tags":[286,1521,548],"suno_strategy":[],"class_list":["post-393841","post","type-post","status-publish","format-standard","has-post-thumbnail","hentry","category-mercado","tag-acoes","tag-frederico-trajano","tag-magazine-luiza-mglu3"],"yoast_head":"<!-- This site is optimized with the Yoast SEO plugin v24.4 - https:\/\/yoast.com\/wordpress\/plugins\/seo\/ -->\n<title>Fundador do Kabum: Magazine Luiza (MGLU3) faz &#039;acusa\u00e7\u00e3o criminosa&#039;<\/title>\n<meta name=\"description\" content=\"Leandro Ramos, fundador e ex-controlador do Kabum, quebrou o sil\u00eancio ap\u00f3s ser demitido por justa causa do Magazine Luiza (MGLU3). Confira!\" \/>\n<meta name=\"robots\" content=\"index, follow, max-snippet:-1, max-image-preview:large, max-video-preview:-1\" \/>\n<link rel=\"canonical\" href=\"https:\/\/www.suno.com.br\/noticias\/magazine-luiza-mglu3-fundador-kabum-acusacao-criminosa\/\" \/>\n<meta property=\"og:locale\" content=\"pt_BR\" \/>\n<meta property=\"og:type\" content=\"article\" \/>\n<meta property=\"og:title\" content=\"Fundador do Kabum: Magazine Luiza (MGLU3) faz &#039;acusa\u00e7\u00e3o criminosa&#039;\" \/>\n<meta property=\"og:description\" content=\"Leandro Ramos, fundador e ex-controlador do Kabum, quebrou o sil\u00eancio ap\u00f3s ser demitido por justa causa do Magazine Luiza (MGLU3). Confira!\" \/>\n<meta property=\"og:url\" content=\"https:\/\/www.suno.com.br\/noticias\/magazine-luiza-mglu3-fundador-kabum-acusacao-criminosa\/\" \/>\n<meta property=\"og:site_name\" content=\"Suno Not\u00edcias\" \/>\n<meta property=\"article:publisher\" content=\"https:\/\/facebook.com\/sunoresearch\" \/>\n<meta property=\"og:image\" content=\"https:\/\/files.sunoresearch.com.br\/n\/uploads\/2023\/03\/magalu-mglu3-kabum-briga-policia-foto-divulgacao.jpg\" \/>\n\t<meta property=\"og:image:width\" content=\"1200\" \/>\n\t<meta property=\"og:image:height\" content=\"675\" \/>\n\t<meta property=\"og:image:type\" content=\"image\/jpeg\" \/>\n<meta name=\"author\" content=\"Erick Matheus Nery\" \/>\n<meta name=\"twitter:card\" content=\"summary_large_image\" \/>\n<meta name=\"twitter:creator\" content=\"@sunoresearch\" \/>\n<meta name=\"twitter:site\" content=\"@sunoresearch\" \/>\n<meta name=\"twitter:label1\" content=\"Escrito por\" \/>\n\t<meta name=\"twitter:data1\" content=\"Erick Matheus Nery\" \/>\n\t<meta name=\"twitter:label2\" content=\"Est. tempo de leitura\" \/>\n\t<meta name=\"twitter:data2\" content=\"4 minutos\" \/>\n<script type=\"application\/ld+json\" class=\"yoast-schema-graph\">{\"@context\":\"https:\/\/schema.org\",\"@graph\":[{\"@type\":\"NewsArticle\",\"@id\":\"https:\/\/www.suno.com.br\/noticias\/magazine-luiza-mglu3-fundador-kabum-acusacao-criminosa\/#article\",\"isPartOf\":{\"@id\":\"https:\/\/www.suno.com.br\/noticias\/magazine-luiza-mglu3-fundador-kabum-acusacao-criminosa\/\"},\"author\":{\"name\":\"Erick Matheus Nery\",\"@id\":\"https:\/\/www.suno.com.br\/noticias\/#\/schema\/person\/6899bc3f19d1a7315f807131c2c013a0\"},\"headline\":\"Ap\u00f3s demiss\u00e3o, fundador do Kabum quebra o sil\u00eancio e diz que Magazine Luiza (MGLU3) faz &#8216;acusa\u00e7\u00e3o criminosa&#8217;\",\"datePublished\":\"2023-04-24T22:54:29+00:00\",\"dateModified\":\"2023-04-24T22:54:35+00:00\",\"mainEntityOfPage\":{\"@id\":\"https:\/\/www.suno.com.br\/noticias\/magazine-luiza-mglu3-fundador-kabum-acusacao-criminosa\/\"},\"wordCount\":692,\"publisher\":{\"@id\":\"https:\/\/www.suno.com.br\/noticias\/#organization\"},\"image\":{\"@id\":\"https:\/\/www.suno.com.br\/noticias\/magazine-luiza-mglu3-fundador-kabum-acusacao-criminosa\/#primaryimage\"},\"thumbnailUrl\":\"https:\/\/files.sunoresearch.com.br\/n\/uploads\/2023\/03\/magalu-mglu3-kabum-briga-policia-foto-divulgacao.jpg\",\"keywords\":[\"A\u00e7\u00f5es\",\"Frederico Trajano\",\"Magazine Luiza (MGLU3)\"],\"articleSection\":[\"Mercado\"],\"inLanguage\":\"pt-BR\"},{\"@type\":\"WebPage\",\"@id\":\"https:\/\/www.suno.com.br\/noticias\/magazine-luiza-mglu3-fundador-kabum-acusacao-criminosa\/\",\"url\":\"https:\/\/www.suno.com.br\/noticias\/magazine-luiza-mglu3-fundador-kabum-acusacao-criminosa\/\",\"name\":\"Fundador do Kabum: Magazine Luiza (MGLU3) faz 'acusa\u00e7\u00e3o criminosa'\",\"isPartOf\":{\"@id\":\"https:\/\/www.suno.com.br\/noticias\/#website\"},\"primaryImageOfPage\":{\"@id\":\"https:\/\/www.suno.com.br\/noticias\/magazine-luiza-mglu3-fundador-kabum-acusacao-criminosa\/#primaryimage\"},\"image\":{\"@id\":\"https:\/\/www.suno.com.br\/noticias\/magazine-luiza-mglu3-fundador-kabum-acusacao-criminosa\/#primaryimage\"},\"thumbnailUrl\":\"https:\/\/files.sunoresearch.com.br\/n\/uploads\/2023\/03\/magalu-mglu3-kabum-briga-policia-foto-divulgacao.jpg\",\"datePublished\":\"2023-04-24T22:54:29+00:00\",\"dateModified\":\"2023-04-24T22:54:35+00:00\",\"description\":\"Leandro Ramos, fundador e ex-controlador do Kabum, quebrou o sil\u00eancio ap\u00f3s ser demitido por justa causa do Magazine Luiza (MGLU3). Confira!\",\"breadcrumb\":{\"@id\":\"https:\/\/www.suno.com.br\/noticias\/magazine-luiza-mglu3-fundador-kabum-acusacao-criminosa\/#breadcrumb\"},\"inLanguage\":\"pt-BR\",\"potentialAction\":[{\"@type\":\"ReadAction\",\"target\":[\"https:\/\/www.suno.com.br\/noticias\/magazine-luiza-mglu3-fundador-kabum-acusacao-criminosa\/\"]}]},{\"@type\":\"ImageObject\",\"inLanguage\":\"pt-BR\",\"@id\":\"https:\/\/www.suno.com.br\/noticias\/magazine-luiza-mglu3-fundador-kabum-acusacao-criminosa\/#primaryimage\",\"url\":\"https:\/\/files.sunoresearch.com.br\/n\/uploads\/2023\/03\/magalu-mglu3-kabum-briga-policia-foto-divulgacao.jpg\",\"contentUrl\":\"https:\/\/files.sunoresearch.com.br\/n\/uploads\/2023\/03\/magalu-mglu3-kabum-briga-policia-foto-divulgacao.jpg\",\"width\":1200,\"height\":675,\"caption\":\"Magazine Luiza (MGLU3). Foto: Divulga\u00e7\u00e3o\"},{\"@type\":\"BreadcrumbList\",\"@id\":\"https:\/\/www.suno.com.br\/noticias\/magazine-luiza-mglu3-fundador-kabum-acusacao-criminosa\/#breadcrumb\",\"itemListElement\":[{\"@type\":\"ListItem\",\"position\":1,\"name\":\"Not\u00edcias\",\"item\":\"https:\/\/www.suno.com.br\/noticias\/\"},{\"@type\":\"ListItem\",\"position\":2,\"name\":\"Mercado\",\"item\":\"https:\/\/www.suno.com.br\/noticias\/mercado\/\"},{\"@type\":\"ListItem\",\"position\":3,\"name\":\"Ap\u00f3s demiss\u00e3o, fundador do Kabum quebra o sil\u00eancio e diz que Magazine Luiza (MGLU3) faz &#8216;acusa\u00e7\u00e3o criminosa&#8217;\"}]},{\"@type\":\"WebSite\",\"@id\":\"https:\/\/www.suno.com.br\/noticias\/#website\",\"url\":\"https:\/\/www.suno.com.br\/noticias\/\",\"name\":\"Suno Not\u00edcias\",\"description\":\"Seu portal de informa\u00e7\u00e3o sobre o mundo dos investimentos\",\"publisher\":{\"@id\":\"https:\/\/www.suno.com.br\/noticias\/#organization\"},\"potentialAction\":[{\"@type\":\"SearchAction\",\"target\":{\"@type\":\"EntryPoint\",\"urlTemplate\":\"https:\/\/www.suno.com.br\/noticias\/?s={search_term_string}\"},\"query-input\":{\"@type\":\"PropertyValueSpecification\",\"valueRequired\":true,\"valueName\":\"search_term_string\"}}],\"inLanguage\":\"pt-BR\"},{\"@type\":\"Organization\",\"@id\":\"https:\/\/www.suno.com.br\/noticias\/#organization\",\"name\":\"Suno Not\u00edcias\",\"url\":\"https:\/\/www.suno.com.br\/noticias\/\",\"logo\":{\"@type\":\"ImageObject\",\"inLanguage\":\"pt-BR\",\"@id\":\"https:\/\/www.suno.com.br\/noticias\/#\/schema\/logo\/image\/\",\"url\":\"https:\/\/files.sunoresearch.com.br\/n\/uploads\/2021\/09\/suno-logo.png\",\"contentUrl\":\"https:\/\/files.sunoresearch.com.br\/n\/uploads\/2021\/09\/suno-logo.png\",\"width\":180,\"height\":180,\"caption\":\"Suno Not\u00edcias\"},\"image\":{\"@id\":\"https:\/\/www.suno.com.br\/noticias\/#\/schema\/logo\/image\/\"},\"sameAs\":[\"https:\/\/facebook.com\/sunoresearch\",\"https:\/\/x.com\/sunoresearch\",\"https:\/\/www.instagram.com\/suno\",\"https:\/\/www.linkedin.com\/company\/suno-research\/\",\"https:\/\/www.youtube.com\/c\/sunoresearch\"]},{\"@type\":\"Person\",\"@id\":\"https:\/\/www.suno.com.br\/noticias\/#\/schema\/person\/6899bc3f19d1a7315f807131c2c013a0\",\"name\":\"Erick Matheus Nery\",\"image\":{\"@type\":\"ImageObject\",\"inLanguage\":\"pt-BR\",\"@id\":\"https:\/\/www.suno.com.br\/noticias\/#\/schema\/person\/image\/\",\"url\":\"https:\/\/secure.gravatar.com\/avatar\/518ddffe438ccb767782d372a66304d2?s=96&r=g\",\"contentUrl\":\"https:\/\/secure.gravatar.com\/avatar\/518ddffe438ccb767782d372a66304d2?s=96&r=g\",\"caption\":\"Erick Matheus Nery\"},\"description\":\"Formado em Jornalismo pela Universidade Federal do Par\u00e1 (UFPA), conta com extens\u00e3o em Jornalismo Econ\u00f4mico pela Funda\u00e7\u00e3o Get\u00falio Vargas (FGV). No Suno Not\u00edcias, atua como rep\u00f3rter de Mercado, com foco nos setores de telecomunica\u00e7\u00f5es, varejo, alimentos e renda fixa. Conta com passagens pelo jornal O Estado de S\u00e3o Paulo, como trainee de Jornalismo Econ\u00f4mico, e pelo site Not\u00edcias da TV.\",\"url\":\"https:\/\/www.suno.com.br\/noticias\/author\/erick-nery\/\"}]}<\/script>\n<!-- \/ Yoast SEO plugin. -->","yoast_head_json":{"title":"Fundador do Kabum: Magazine Luiza (MGLU3) faz 'acusa\u00e7\u00e3o criminosa'","description":"Leandro Ramos, fundador e ex-controlador do Kabum, quebrou o sil\u00eancio ap\u00f3s ser demitido por justa causa do Magazine Luiza (MGLU3). Confira!","robots":{"index":"index","follow":"follow","max-snippet":"max-snippet:-1","max-image-preview":"max-image-preview:large","max-video-preview":"max-video-preview:-1"},"canonical":"https:\/\/www.suno.com.br\/noticias\/magazine-luiza-mglu3-fundador-kabum-acusacao-criminosa\/","og_locale":"pt_BR","og_type":"article","og_title":"Fundador do Kabum: Magazine Luiza (MGLU3) faz 'acusa\u00e7\u00e3o criminosa'","og_description":"Leandro Ramos, fundador e ex-controlador do Kabum, quebrou o sil\u00eancio ap\u00f3s ser demitido por justa causa do Magazine Luiza (MGLU3). Confira!","og_url":"https:\/\/www.suno.com.br\/noticias\/magazine-luiza-mglu3-fundador-kabum-acusacao-criminosa\/","og_site_name":"Suno Not\u00edcias","article_publisher":"https:\/\/facebook.com\/sunoresearch","og_image":[{"width":1200,"height":675,"url":"https:\/\/files.sunoresearch.com.br\/n\/uploads\/2023\/03\/magalu-mglu3-kabum-briga-policia-foto-divulgacao.jpg","type":"image\/jpeg"}],"author":"Erick Matheus Nery","twitter_card":"summary_large_image","twitter_creator":"@sunoresearch","twitter_site":"@sunoresearch","twitter_misc":{"Escrito por":"Erick Matheus Nery","Est. tempo de leitura":"4 minutos"},"schema":{"@context":"https:\/\/schema.org","@graph":[{"@type":"NewsArticle","@id":"https:\/\/www.suno.com.br\/noticias\/magazine-luiza-mglu3-fundador-kabum-acusacao-criminosa\/#article","isPartOf":{"@id":"https:\/\/www.suno.com.br\/noticias\/magazine-luiza-mglu3-fundador-kabum-acusacao-criminosa\/"},"author":{"name":"Erick Matheus Nery","@id":"https:\/\/www.suno.com.br\/noticias\/#\/schema\/person\/6899bc3f19d1a7315f807131c2c013a0"},"headline":"Ap\u00f3s demiss\u00e3o, fundador do Kabum quebra o sil\u00eancio e diz que Magazine Luiza (MGLU3) faz &#8216;acusa\u00e7\u00e3o criminosa&#8217;","datePublished":"2023-04-24T22:54:29+00:00","dateModified":"2023-04-24T22:54:35+00:00","mainEntityOfPage":{"@id":"https:\/\/www.suno.com.br\/noticias\/magazine-luiza-mglu3-fundador-kabum-acusacao-criminosa\/"},"wordCount":692,"publisher":{"@id":"https:\/\/www.suno.com.br\/noticias\/#organization"},"image":{"@id":"https:\/\/www.suno.com.br\/noticias\/magazine-luiza-mglu3-fundador-kabum-acusacao-criminosa\/#primaryimage"},"thumbnailUrl":"https:\/\/files.sunoresearch.com.br\/n\/uploads\/2023\/03\/magalu-mglu3-kabum-briga-policia-foto-divulgacao.jpg","keywords":["A\u00e7\u00f5es","Frederico Trajano","Magazine Luiza (MGLU3)"],"articleSection":["Mercado"],"inLanguage":"pt-BR"},{"@type":"WebPage","@id":"https:\/\/www.suno.com.br\/noticias\/magazine-luiza-mglu3-fundador-kabum-acusacao-criminosa\/","url":"https:\/\/www.suno.com.br\/noticias\/magazine-luiza-mglu3-fundador-kabum-acusacao-criminosa\/","name":"Fundador do Kabum: Magazine Luiza (MGLU3) faz 'acusa\u00e7\u00e3o criminosa'","isPartOf":{"@id":"https:\/\/www.suno.com.br\/noticias\/#website"},"primaryImageOfPage":{"@id":"https:\/\/www.suno.com.br\/noticias\/magazine-luiza-mglu3-fundador-kabum-acusacao-criminosa\/#primaryimage"},"image":{"@id":"https:\/\/www.suno.com.br\/noticias\/magazine-luiza-mglu3-fundador-kabum-acusacao-criminosa\/#primaryimage"},"thumbnailUrl":"https:\/\/files.sunoresearch.com.br\/n\/uploads\/2023\/03\/magalu-mglu3-kabum-briga-policia-foto-divulgacao.jpg","datePublished":"2023-04-24T22:54:29+00:00","dateModified":"2023-04-24T22:54:35+00:00","description":"Leandro Ramos, fundador e ex-controlador do Kabum, quebrou o sil\u00eancio ap\u00f3s ser demitido por justa causa do Magazine Luiza (MGLU3). Confira!","breadcrumb":{"@id":"https:\/\/www.suno.com.br\/noticias\/magazine-luiza-mglu3-fundador-kabum-acusacao-criminosa\/#breadcrumb"},"inLanguage":"pt-BR","potentialAction":[{"@type":"ReadAction","target":["https:\/\/www.suno.com.br\/noticias\/magazine-luiza-mglu3-fundador-kabum-acusacao-criminosa\/"]}]},{"@type":"ImageObject","inLanguage":"pt-BR","@id":"https:\/\/www.suno.com.br\/noticias\/magazine-luiza-mglu3-fundador-kabum-acusacao-criminosa\/#primaryimage","url":"https:\/\/files.sunoresearch.com.br\/n\/uploads\/2023\/03\/magalu-mglu3-kabum-briga-policia-foto-divulgacao.jpg","contentUrl":"https:\/\/files.sunoresearch.com.br\/n\/uploads\/2023\/03\/magalu-mglu3-kabum-briga-policia-foto-divulgacao.jpg","width":1200,"height":675,"caption":"Magazine Luiza (MGLU3). Foto: Divulga\u00e7\u00e3o"},{"@type":"BreadcrumbList","@id":"https:\/\/www.suno.com.br\/noticias\/magazine-luiza-mglu3-fundador-kabum-acusacao-criminosa\/#breadcrumb","itemListElement":[{"@type":"ListItem","position":1,"name":"Not\u00edcias","item":"https:\/\/www.suno.com.br\/noticias\/"},{"@type":"ListItem","position":2,"name":"Mercado","item":"https:\/\/www.suno.com.br\/noticias\/mercado\/"},{"@type":"ListItem","position":3,"name":"Ap\u00f3s demiss\u00e3o, fundador do Kabum quebra o sil\u00eancio e diz que Magazine Luiza (MGLU3) faz &#8216;acusa\u00e7\u00e3o criminosa&#8217;"}]},{"@type":"WebSite","@id":"https:\/\/www.suno.com.br\/noticias\/#website","url":"https:\/\/www.suno.com.br\/noticias\/","name":"Suno Not\u00edcias","description":"Seu portal de informa\u00e7\u00e3o sobre o mundo dos investimentos","publisher":{"@id":"https:\/\/www.suno.com.br\/noticias\/#organization"},"potentialAction":[{"@type":"SearchAction","target":{"@type":"EntryPoint","urlTemplate":"https:\/\/www.suno.com.br\/noticias\/?s={search_term_string}"},"query-input":{"@type":"PropertyValueSpecification","valueRequired":true,"valueName":"search_term_string"}}],"inLanguage":"pt-BR"},{"@type":"Organization","@id":"https:\/\/www.suno.com.br\/noticias\/#organization","name":"Suno Not\u00edcias","url":"https:\/\/www.suno.com.br\/noticias\/","logo":{"@type":"ImageObject","inLanguage":"pt-BR","@id":"https:\/\/www.suno.com.br\/noticias\/#\/schema\/logo\/image\/","url":"https:\/\/files.sunoresearch.com.br\/n\/uploads\/2021\/09\/suno-logo.png","contentUrl":"https:\/\/files.sunoresearch.com.br\/n\/uploads\/2021\/09\/suno-logo.png","width":180,"height":180,"caption":"Suno Not\u00edcias"},"image":{"@id":"https:\/\/www.suno.com.br\/noticias\/#\/schema\/logo\/image\/"},"sameAs":["https:\/\/facebook.com\/sunoresearch","https:\/\/x.com\/sunoresearch","https:\/\/www.instagram.com\/suno","https:\/\/www.linkedin.com\/company\/suno-research\/","https:\/\/www.youtube.com\/c\/sunoresearch"]},{"@type":"Person","@id":"https:\/\/www.suno.com.br\/noticias\/#\/schema\/person\/6899bc3f19d1a7315f807131c2c013a0","name":"Erick Matheus Nery","image":{"@type":"ImageObject","inLanguage":"pt-BR","@id":"https:\/\/www.suno.com.br\/noticias\/#\/schema\/person\/image\/","url":"https:\/\/secure.gravatar.com\/avatar\/518ddffe438ccb767782d372a66304d2?s=96&r=g","contentUrl":"https:\/\/secure.gravatar.com\/avatar\/518ddffe438ccb767782d372a66304d2?s=96&r=g","caption":"Erick Matheus Nery"},"description":"Formado em Jornalismo pela Universidade Federal do Par\u00e1 (UFPA), conta com extens\u00e3o em Jornalismo Econ\u00f4mico pela Funda\u00e7\u00e3o Get\u00falio Vargas (FGV). No Suno Not\u00edcias, atua como rep\u00f3rter de Mercado, com foco nos setores de telecomunica\u00e7\u00f5es, varejo, alimentos e renda fixa. Conta com passagens pelo jornal O Estado de S\u00e3o Paulo, como trainee de Jornalismo Econ\u00f4mico, e pelo site Not\u00edcias da TV.","url":"https:\/\/www.suno.com.br\/noticias\/author\/erick-nery\/"}]}},"default_loop_html":"<div class=\"cardsPage__listCard__boxs\"><div class=\"cardsPage__listCard__boxs__img\"><a href=\"https:\/\/www.suno.com.br\/noticias\/magazine-luiza-mglu3-fundador-kabum-acusacao-criminosa\/\"><img class=\"mask\" src=\"https:\/\/www.suno.com.br\/noticias\/wp-content\/themes\/suno\/resources\/images\/spotlight\/spotlight1img\/bg-mask.png\" alt=\"Image Mask\"\/><img src=\"https:\/\/files.sunoresearch.com.br\/n\/uploads\/2023\/03\/magalu-mglu3-kabum-briga-policia-foto-divulgacao-400x200.jpg\" alt=\"Ap\u00f3s demiss\u00e3o, fundador do Kabum quebra o sil\u00eancio e diz que Magazine Luiza (MGLU3) faz &#8216;acusa\u00e7\u00e3o criminosa&#8217;\"\/><\/a><span class=\"spotlightCategory\"><a href=\"https:\/\/www.suno.com.br\/noticias\/mercado\/\">Mercado<\/a><\/span><\/div><div class=\"cardsPage__listCard__boxs__content\"><a href=\"https:\/\/www.suno.com.br\/noticias\/magazine-luiza-mglu3-fundador-kabum-acusacao-criminosa\/\"><h2 class=\"content__title\">Ap\u00f3s demiss\u00e3o, fundador do Kabum quebra o sil\u00eancio e diz que Magazine Luiza (MGLU3) faz &#8216;acusa\u00e7\u00e3o criminosa&#8217;<\/h2><\/a><div class=\"newsContent__article__meta\"><div class=\"newsContent__article__meta__authorBox\"><a href=\"https:\/\/www.suno.com.br\/noticias\/author\/erick-nery\/\" class=\"authorBox__avatar noMobi\"><img src=\"https:\/\/secure.gravatar.com\/avatar\/518ddffe438ccb767782d372a66304d2?s=96&#038;r=g\" alt=\"Erick Matheus Nery\"><\/a><div class=\"authorBox__name\"><span>por\n\t\t\t<a href=\"https:\/\/www.suno.com.br\/noticias\/author\/erick-nery\/\"><span itemprop=\"author\">Erick Matheus Nery<\/span><\/a><\/span><time datetime=\"2023-04-24T19:54:29-03:00\" itemprop=\"datePublished\">24\/04\/2023 19:54<\/time><\/div><\/div><\/div><\/div><\/div>","single_layout":"posts","amp_enabled":true,"_links":{"self":[{"href":"https:\/\/www.suno.com.br\/noticias\/wp-json\/wp\/v2\/posts\/393841"}],"collection":[{"href":"https:\/\/www.suno.com.br\/noticias\/wp-json\/wp\/v2\/posts"}],"about":[{"href":"https:\/\/www.suno.com.br\/noticias\/wp-json\/wp\/v2\/types\/post"}],"author":[{"embeddable":true,"href":"https:\/\/www.suno.com.br\/noticias\/wp-json\/wp\/v2\/users\/232"}],"replies":[{"embeddable":true,"href":"https:\/\/www.suno.com.br\/noticias\/wp-json\/wp\/v2\/comments?post=393841"}],"version-history":[{"count":2,"href":"https:\/\/www.suno.com.br\/noticias\/wp-json\/wp\/v2\/posts\/393841\/revisions"}],"predecessor-version":[{"id":393904,"href":"https:\/\/www.suno.com.br\/noticias\/wp-json\/wp\/v2\/posts\/393841\/revisions\/393904"}],"wp:featuredmedia":[{"embeddable":true,"href":"https:\/\/www.suno.com.br\/noticias\/wp-json\/wp\/v2\/media\/370381"}],"wp:attachment":[{"href":"https:\/\/www.suno.com.br\/noticias\/wp-json\/wp\/v2\/media?parent=393841"}],"wp:term":[{"taxonomy":"category","embeddable":true,"href":"https:\/\/www.suno.com.br\/noticias\/wp-json\/wp\/v2\/categories?post=393841"},{"taxonomy":"post_tag","embeddable":true,"href":"https:\/\/www.suno.com.br\/noticias\/wp-json\/wp\/v2\/tags?post=393841"},{"taxonomy":"suno_strategy","embeddable":true,"href":"https:\/\/www.suno.com.br\/noticias\/wp-json\/wp\/v2\/suno_strategy?post=393841"}],"curies":[{"name":"wp","href":"https:\/\/api.w.org\/{rel}","templated":true}]}}