{"id":39357,"date":"2019-09-30T15:11:13","date_gmt":"2019-09-30T18:11:13","guid":{"rendered":"https:\/\/www.suno.com.br\/noticias\/?p=39357"},"modified":"2019-09-30T15:13:06","modified_gmt":"2019-09-30T18:13:06","slug":"mastercard-cancela-alta-tarifa-intercambio-cartoes-credito","status":"publish","type":"post","link":"https:\/\/www.suno.com.br\/noticias\/mastercard-cancela-alta-tarifa-intercambio-cartoes-credito\/","title":{"rendered":"Mastercard cancela aumento de tarifa de interc\u00e2mbio em cart\u00f5es de cr\u00e9dito"},"content":{"rendered":"<p>A Mastercard anunciou a suspens\u00e3o do ajuste da tarifa de interc\u00e2mbio sobre opera\u00e7\u00f5es de <strong>cart\u00f5es de cr\u00e9dito<\/strong>. O aumento da tarifa foi suspenso ap\u00f3s bares e restaurantes, que seriam prejudicados, se mostrarem contra a a\u00e7\u00e3o da empresa. A tarifa seria cobrada apenas na modalidade de transa\u00e7\u00f5es r\u00e1pidas.<\/p>\t<div class=\"wrapper-featured-image\">\n\t\t<figure class=\"spotlightImg\">\n\n\t\t\t<picture>\n\t\t\t\t<source media=\"(max-width: 768px)\" srcset=\"https:\/\/files.sunoresearch.com.br\/n\/uploads\/2019\/09\/b73eccea-mastercard-400x200.webp\">\n\t\t\t\t<img loading=\"lazy\" decoding=\"async\" class=\"newsContent__article__imgCapa lazyloadDisabled newsContent__article__imgCapa--noCaption\" src=\"https:\/\/files.sunoresearch.com.br\/n\/uploads\/2019\/09\/b73eccea-mastercard-800x450.webp\" width=\"800\" height=\"450\" alt=\"Mastercard cancela aumento de tarifa de interc\u00e2mbio em cart\u00f5es de cr\u00e9dito\" fetchpriority=high \/>\n\t\t\t<\/picture>\n\n\t\t\t<figcaption class=\"wp-caption-text wp-caption-text--hide\">Coronav\u00edrus: Mastercard fecha escrit\u00f3rio em S\u00e3o Paulo <\/figcaption>\n\t\t<\/figure>\n\t<\/div>\n\n\n\n<p>A eleva\u00e7\u00e3o da tarifa foi anunciada pela <strong>Mastercard<\/strong> h\u00e1 alguns meses e come\u00e7aria a vigorar a partir desta ter\u00e7a-feira (1). A empresa alega que a medida fazia parte dos ajustes que s\u00e3o feitos periodicamente para equilibrar o mercado.<\/p>\n<p>O diretor de Pol\u00edticas P\u00fablicas e Rela\u00e7\u00f5es Governamentais da Mastercard Brasil e do Cone Sul, Felipe Magrim, afirmou que a empresa decidiu &#8220;reavaliar o reajuste sobre transa\u00e7\u00f5es r\u00e1pidas&#8221;. Al\u00e9m disso, o executivo reiterou que &#8220;a medida \u00e9 resultado do di\u00e1logo com parceiros e participantes do mercado.&#8221;<\/p>\n<p><a href=\"https:\/\/www.suno.com.br\/noticias\/wework-cancela-oferta-publica-inicial-focar-pontos-estrategicos\/\">Veja tamb\u00e9m: WeWork cancela oferta p\u00fablica inicial para focar em neg\u00f3cios estrat\u00e9gicos<\/a><\/p>\n<p>Na \u00faltima semana, a ag\u00eancia &#8220;Reuters&#8221; publicou um texto alegando que o an\u00fancio da <strong>Mastercard<\/strong> havia repercutido negativamente na \u00e1rea de meios de pagamentos e tamb\u00e9m em bancos, que ganhariam com o aumento das tarifas. Com isso, a associa\u00e7\u00e3o que representa os bares e restaurantes tamb\u00e9m se mostrou contr\u00e1ria a a\u00e7\u00e3o e fez uma solicita\u00e7\u00e3o ao Conselho Administrativo de Defesa Econ\u00f4mica (Cade) para que o ajuste fosse indeferido.<\/p>\n<h2>Lojas Americanas e B2W fazem parceria com Mastercard<\/h2>\n<p>A Ame, plataforma digital de pagamentos das Lojas Americanas (LAME4) e B2w (BTOW3), divulgou, no dia 23 de setembro, uma parceria realizada com a Mastercard para oferta de cart\u00e3o pr\u00e9-pago aos clientes e vendedores.<\/p>\n<p>De acordo com a Lojas Americanas<strong>:<\/strong> &#8220;a parceria \u00e9 uma das importantes iniciativas que est\u00e3o no plano de neg\u00f3cios da Ame para ampliar a sua aceita\u00e7\u00e3o nos mundos f\u00edsico e online e possibilitar\u00e1 que o cliente pague com Ame em toda a rede credenciada para aceita\u00e7\u00e3o da bandeira Mastercard\u201d.<\/p>\n<p>O novo cart\u00e3o pr\u00e9-pago Ame com a bandeira <strong>Mastercard<\/strong> deve ser aceito em cerca de 7,8 milh\u00f5es de estabelecimentos comerciais do pa\u00eds e contar\u00e1 com a fun\u00e7\u00e3o de efetuar saques em caixas eletr\u00f4nicos, salientou a companhia.<\/p>\n","protected":false},"excerpt":{"rendered":"<p>A Mastercard anunciou a suspens\u00e3o do ajuste da tarifa de interc\u00e2mbio sobre opera\u00e7\u00f5es de cart\u00f5es de cr\u00e9dito. O aumento da tarifa foi suspenso ap\u00f3s bares e restaurantes, que seriam prejudicados, se mostrarem contra a a\u00e7\u00e3o da empresa. A tarifa seria cobrada apenas na modalidade de transa\u00e7\u00f5es r\u00e1pidas. Coronav\u00edrus: Mastercard fecha escrit\u00f3rio em S\u00e3o Paulo A [&hellip;]<\/p>\n","protected":false},"author":19,"featured_media":39358,"comment_status":"closed","ping_status":"closed","sticky":false,"template":"","format":"standard","meta":[],"categories":[64],"tags":[1440],"suno_strategy":[],"class_list":["post-39357","post","type-post","status-publish","format-standard","has-post-thumbnail","hentry","category-negocios","tag-mastercard-mscd34"],"yoast_head":"<!-- This site is optimized with the Yoast SEO plugin v24.4 - https:\/\/yoast.com\/wordpress\/plugins\/seo\/ -->\n<title>Mastercard cancela alta de tarifa de interc\u00e2mbio em cart\u00f5es de credito<\/title>\n<meta name=\"description\" content=\"A Mastercard anunciou a suspens\u00e3o do ajuste da tarifa de interc\u00e2mbio sobre opera\u00e7\u00f5es de cart\u00f5es de cr\u00e9dito. Clique e saiba mais.\" \/>\n<meta name=\"robots\" content=\"index, follow, max-snippet:-1, max-image-preview:large, max-video-preview:-1\" \/>\n<link rel=\"canonical\" href=\"https:\/\/www.suno.com.br\/noticias\/mastercard-cancela-alta-tarifa-intercambio-cartoes-credito\/\" \/>\n<meta property=\"og:locale\" content=\"pt_BR\" \/>\n<meta property=\"og:type\" content=\"article\" \/>\n<meta property=\"og:title\" content=\"Mastercard cancela alta de tarifa de interc\u00e2mbio em cart\u00f5es de credito\" \/>\n<meta property=\"og:description\" content=\"A Mastercard anunciou a suspens\u00e3o do ajuste da tarifa de interc\u00e2mbio sobre opera\u00e7\u00f5es de cart\u00f5es de cr\u00e9dito. Clique e saiba mais.\" \/>\n<meta property=\"og:url\" content=\"https:\/\/www.suno.com.br\/noticias\/mastercard-cancela-alta-tarifa-intercambio-cartoes-credito\/\" \/>\n<meta property=\"og:site_name\" content=\"Suno Not\u00edcias\" \/>\n<meta property=\"article:publisher\" content=\"https:\/\/facebook.com\/sunoresearch\" \/>\n<meta property=\"og:image\" content=\"https:\/\/files.sunoresearch.com.br\/n\/uploads\/2019\/09\/b73eccea-mastercard.jpg\" \/>\n\t<meta property=\"og:image:width\" content=\"1200\" \/>\n\t<meta property=\"og:image:height\" content=\"480\" \/>\n\t<meta property=\"og:image:type\" content=\"image\/jpeg\" \/>\n<meta name=\"author\" content=\"Juliano Passaro\" \/>\n<meta name=\"twitter:card\" content=\"summary_large_image\" \/>\n<meta name=\"twitter:creator\" content=\"@sunoresearch\" \/>\n<meta name=\"twitter:site\" content=\"@sunoresearch\" \/>\n<meta name=\"twitter:label1\" content=\"Escrito por\" \/>\n\t<meta name=\"twitter:data1\" content=\"Juliano Passaro\" \/>\n\t<meta name=\"twitter:label2\" content=\"Est. tempo de leitura\" \/>\n\t<meta name=\"twitter:data2\" content=\"2 minutos\" \/>\n<script type=\"application\/ld+json\" class=\"yoast-schema-graph\">{\"@context\":\"https:\/\/schema.org\",\"@graph\":[{\"@type\":\"NewsArticle\",\"@id\":\"https:\/\/www.suno.com.br\/noticias\/mastercard-cancela-alta-tarifa-intercambio-cartoes-credito\/#article\",\"isPartOf\":{\"@id\":\"https:\/\/www.suno.com.br\/noticias\/mastercard-cancela-alta-tarifa-intercambio-cartoes-credito\/\"},\"author\":{\"name\":\"Juliano Passaro\",\"@id\":\"https:\/\/www.suno.com.br\/noticias\/#\/schema\/person\/1db762f78ffd8919a648a63e425953e3\"},\"headline\":\"Mastercard cancela aumento de tarifa de interc\u00e2mbio em cart\u00f5es de cr\u00e9dito\",\"datePublished\":\"2019-09-30T18:11:13+00:00\",\"dateModified\":\"2019-09-30T18:13:06+00:00\",\"mainEntityOfPage\":{\"@id\":\"https:\/\/www.suno.com.br\/noticias\/mastercard-cancela-alta-tarifa-intercambio-cartoes-credito\/\"},\"wordCount\":397,\"publisher\":{\"@id\":\"https:\/\/www.suno.com.br\/noticias\/#organization\"},\"image\":{\"@id\":\"https:\/\/www.suno.com.br\/noticias\/mastercard-cancela-alta-tarifa-intercambio-cartoes-credito\/#primaryimage\"},\"thumbnailUrl\":\"https:\/\/files.sunoresearch.com.br\/n\/uploads\/2019\/09\/b73eccea-mastercard-jpg.webp\",\"keywords\":[\"Mastercard (MSCD34)\"],\"articleSection\":[\"Neg\u00f3cios\"],\"inLanguage\":\"pt-BR\"},{\"@type\":\"WebPage\",\"@id\":\"https:\/\/www.suno.com.br\/noticias\/mastercard-cancela-alta-tarifa-intercambio-cartoes-credito\/\",\"url\":\"https:\/\/www.suno.com.br\/noticias\/mastercard-cancela-alta-tarifa-intercambio-cartoes-credito\/\",\"name\":\"Mastercard cancela alta de tarifa de interc\u00e2mbio em cart\u00f5es de credito\",\"isPartOf\":{\"@id\":\"https:\/\/www.suno.com.br\/noticias\/#website\"},\"primaryImageOfPage\":{\"@id\":\"https:\/\/www.suno.com.br\/noticias\/mastercard-cancela-alta-tarifa-intercambio-cartoes-credito\/#primaryimage\"},\"image\":{\"@id\":\"https:\/\/www.suno.com.br\/noticias\/mastercard-cancela-alta-tarifa-intercambio-cartoes-credito\/#primaryimage\"},\"thumbnailUrl\":\"https:\/\/files.sunoresearch.com.br\/n\/uploads\/2019\/09\/b73eccea-mastercard-jpg.webp\",\"datePublished\":\"2019-09-30T18:11:13+00:00\",\"dateModified\":\"2019-09-30T18:13:06+00:00\",\"description\":\"A Mastercard anunciou a suspens\u00e3o do ajuste da tarifa de interc\u00e2mbio sobre opera\u00e7\u00f5es de cart\u00f5es de cr\u00e9dito. Clique e saiba mais.\",\"breadcrumb\":{\"@id\":\"https:\/\/www.suno.com.br\/noticias\/mastercard-cancela-alta-tarifa-intercambio-cartoes-credito\/#breadcrumb\"},\"inLanguage\":\"pt-BR\",\"potentialAction\":[{\"@type\":\"ReadAction\",\"target\":[\"https:\/\/www.suno.com.br\/noticias\/mastercard-cancela-alta-tarifa-intercambio-cartoes-credito\/\"]}]},{\"@type\":\"ImageObject\",\"inLanguage\":\"pt-BR\",\"@id\":\"https:\/\/www.suno.com.br\/noticias\/mastercard-cancela-alta-tarifa-intercambio-cartoes-credito\/#primaryimage\",\"url\":\"https:\/\/files.sunoresearch.com.br\/n\/uploads\/2019\/09\/b73eccea-mastercard-jpg.webp\",\"contentUrl\":\"https:\/\/files.sunoresearch.com.br\/n\/uploads\/2019\/09\/b73eccea-mastercard-jpg.webp\",\"width\":1200,\"height\":480,\"caption\":\"Coronav\u00edrus: Mastercard fecha escrit\u00f3rio em S\u00e3o Paulo\"},{\"@type\":\"BreadcrumbList\",\"@id\":\"https:\/\/www.suno.com.br\/noticias\/mastercard-cancela-alta-tarifa-intercambio-cartoes-credito\/#breadcrumb\",\"itemListElement\":[{\"@type\":\"ListItem\",\"position\":1,\"name\":\"Not\u00edcias\",\"item\":\"https:\/\/www.suno.com.br\/noticias\/\"},{\"@type\":\"ListItem\",\"position\":2,\"name\":\"Neg\u00f3cios\",\"item\":\"https:\/\/www.suno.com.br\/noticias\/negocios\/\"},{\"@type\":\"ListItem\",\"position\":3,\"name\":\"Mastercard cancela aumento de tarifa de interc\u00e2mbio em cart\u00f5es de cr\u00e9dito\"}]},{\"@type\":\"WebSite\",\"@id\":\"https:\/\/www.suno.com.br\/noticias\/#website\",\"url\":\"https:\/\/www.suno.com.br\/noticias\/\",\"name\":\"Suno Not\u00edcias\",\"description\":\"Seu portal de informa\u00e7\u00e3o sobre o mundo dos investimentos\",\"publisher\":{\"@id\":\"https:\/\/www.suno.com.br\/noticias\/#organization\"},\"potentialAction\":[{\"@type\":\"SearchAction\",\"target\":{\"@type\":\"EntryPoint\",\"urlTemplate\":\"https:\/\/www.suno.com.br\/noticias\/?s={search_term_string}\"},\"query-input\":{\"@type\":\"PropertyValueSpecification\",\"valueRequired\":true,\"valueName\":\"search_term_string\"}}],\"inLanguage\":\"pt-BR\"},{\"@type\":\"Organization\",\"@id\":\"https:\/\/www.suno.com.br\/noticias\/#organization\",\"name\":\"Suno Not\u00edcias\",\"url\":\"https:\/\/www.suno.com.br\/noticias\/\",\"logo\":{\"@type\":\"ImageObject\",\"inLanguage\":\"pt-BR\",\"@id\":\"https:\/\/www.suno.com.br\/noticias\/#\/schema\/logo\/image\/\",\"url\":\"https:\/\/files.sunoresearch.com.br\/n\/uploads\/2021\/09\/suno-logo.png\",\"contentUrl\":\"https:\/\/files.sunoresearch.com.br\/n\/uploads\/2021\/09\/suno-logo.png\",\"width\":180,\"height\":180,\"caption\":\"Suno Not\u00edcias\"},\"image\":{\"@id\":\"https:\/\/www.suno.com.br\/noticias\/#\/schema\/logo\/image\/\"},\"sameAs\":[\"https:\/\/facebook.com\/sunoresearch\",\"https:\/\/x.com\/sunoresearch\",\"https:\/\/www.instagram.com\/suno\",\"https:\/\/www.linkedin.com\/company\/suno-research\/\",\"https:\/\/www.youtube.com\/c\/sunoresearch\"]},{\"@type\":\"Person\",\"@id\":\"https:\/\/www.suno.com.br\/noticias\/#\/schema\/person\/1db762f78ffd8919a648a63e425953e3\",\"name\":\"Juliano Passaro\",\"image\":{\"@type\":\"ImageObject\",\"inLanguage\":\"pt-BR\",\"@id\":\"https:\/\/www.suno.com.br\/noticias\/#\/schema\/person\/image\/\",\"url\":\"https:\/\/secure.gravatar.com\/avatar\/743d4df28eebf6dcc46b4ad03c319e92?s=96&r=g\",\"contentUrl\":\"https:\/\/secure.gravatar.com\/avatar\/743d4df28eebf6dcc46b4ad03c319e92?s=96&r=g\",\"caption\":\"Juliano Passaro\"},\"description\":\"Juliano Passaro escreve sobre pol\u00edtica, economia e neg\u00f3cios para o portal da Suno Research. Antes da Suno, trabalhou no Portal da Band. \u00c9 formado em jornalismo pela Universidade Presbiteriana Mackenzie.\",\"url\":\"https:\/\/www.suno.com.br\/noticias\/author\/juliano\/\"}]}<\/script>\n<!-- \/ Yoast SEO plugin. -->","yoast_head_json":{"title":"Mastercard cancela alta de tarifa de interc\u00e2mbio em cart\u00f5es de credito","description":"A Mastercard anunciou a suspens\u00e3o do ajuste da tarifa de interc\u00e2mbio sobre opera\u00e7\u00f5es de cart\u00f5es de cr\u00e9dito. Clique e saiba mais.","robots":{"index":"index","follow":"follow","max-snippet":"max-snippet:-1","max-image-preview":"max-image-preview:large","max-video-preview":"max-video-preview:-1"},"canonical":"https:\/\/www.suno.com.br\/noticias\/mastercard-cancela-alta-tarifa-intercambio-cartoes-credito\/","og_locale":"pt_BR","og_type":"article","og_title":"Mastercard cancela alta de tarifa de interc\u00e2mbio em cart\u00f5es de credito","og_description":"A Mastercard anunciou a suspens\u00e3o do ajuste da tarifa de interc\u00e2mbio sobre opera\u00e7\u00f5es de cart\u00f5es de cr\u00e9dito. Clique e saiba mais.","og_url":"https:\/\/www.suno.com.br\/noticias\/mastercard-cancela-alta-tarifa-intercambio-cartoes-credito\/","og_site_name":"Suno Not\u00edcias","article_publisher":"https:\/\/facebook.com\/sunoresearch","og_image":[{"width":1200,"height":480,"url":"https:\/\/files.sunoresearch.com.br\/n\/uploads\/2019\/09\/b73eccea-mastercard.jpg","type":"image\/jpeg"}],"author":"Juliano Passaro","twitter_card":"summary_large_image","twitter_creator":"@sunoresearch","twitter_site":"@sunoresearch","twitter_misc":{"Escrito por":"Juliano Passaro","Est. tempo de leitura":"2 minutos"},"schema":{"@context":"https:\/\/schema.org","@graph":[{"@type":"NewsArticle","@id":"https:\/\/www.suno.com.br\/noticias\/mastercard-cancela-alta-tarifa-intercambio-cartoes-credito\/#article","isPartOf":{"@id":"https:\/\/www.suno.com.br\/noticias\/mastercard-cancela-alta-tarifa-intercambio-cartoes-credito\/"},"author":{"name":"Juliano Passaro","@id":"https:\/\/www.suno.com.br\/noticias\/#\/schema\/person\/1db762f78ffd8919a648a63e425953e3"},"headline":"Mastercard cancela aumento de tarifa de interc\u00e2mbio em cart\u00f5es de cr\u00e9dito","datePublished":"2019-09-30T18:11:13+00:00","dateModified":"2019-09-30T18:13:06+00:00","mainEntityOfPage":{"@id":"https:\/\/www.suno.com.br\/noticias\/mastercard-cancela-alta-tarifa-intercambio-cartoes-credito\/"},"wordCount":397,"publisher":{"@id":"https:\/\/www.suno.com.br\/noticias\/#organization"},"image":{"@id":"https:\/\/www.suno.com.br\/noticias\/mastercard-cancela-alta-tarifa-intercambio-cartoes-credito\/#primaryimage"},"thumbnailUrl":"https:\/\/files.sunoresearch.com.br\/n\/uploads\/2019\/09\/b73eccea-mastercard-jpg.webp","keywords":["Mastercard (MSCD34)"],"articleSection":["Neg\u00f3cios"],"inLanguage":"pt-BR"},{"@type":"WebPage","@id":"https:\/\/www.suno.com.br\/noticias\/mastercard-cancela-alta-tarifa-intercambio-cartoes-credito\/","url":"https:\/\/www.suno.com.br\/noticias\/mastercard-cancela-alta-tarifa-intercambio-cartoes-credito\/","name":"Mastercard cancela alta de tarifa de interc\u00e2mbio em cart\u00f5es de credito","isPartOf":{"@id":"https:\/\/www.suno.com.br\/noticias\/#website"},"primaryImageOfPage":{"@id":"https:\/\/www.suno.com.br\/noticias\/mastercard-cancela-alta-tarifa-intercambio-cartoes-credito\/#primaryimage"},"image":{"@id":"https:\/\/www.suno.com.br\/noticias\/mastercard-cancela-alta-tarifa-intercambio-cartoes-credito\/#primaryimage"},"thumbnailUrl":"https:\/\/files.sunoresearch.com.br\/n\/uploads\/2019\/09\/b73eccea-mastercard-jpg.webp","datePublished":"2019-09-30T18:11:13+00:00","dateModified":"2019-09-30T18:13:06+00:00","description":"A Mastercard anunciou a suspens\u00e3o do ajuste da tarifa de interc\u00e2mbio sobre opera\u00e7\u00f5es de cart\u00f5es de cr\u00e9dito. Clique e saiba mais.","breadcrumb":{"@id":"https:\/\/www.suno.com.br\/noticias\/mastercard-cancela-alta-tarifa-intercambio-cartoes-credito\/#breadcrumb"},"inLanguage":"pt-BR","potentialAction":[{"@type":"ReadAction","target":["https:\/\/www.suno.com.br\/noticias\/mastercard-cancela-alta-tarifa-intercambio-cartoes-credito\/"]}]},{"@type":"ImageObject","inLanguage":"pt-BR","@id":"https:\/\/www.suno.com.br\/noticias\/mastercard-cancela-alta-tarifa-intercambio-cartoes-credito\/#primaryimage","url":"https:\/\/files.sunoresearch.com.br\/n\/uploads\/2019\/09\/b73eccea-mastercard-jpg.webp","contentUrl":"https:\/\/files.sunoresearch.com.br\/n\/uploads\/2019\/09\/b73eccea-mastercard-jpg.webp","width":1200,"height":480,"caption":"Coronav\u00edrus: Mastercard fecha escrit\u00f3rio em S\u00e3o Paulo"},{"@type":"BreadcrumbList","@id":"https:\/\/www.suno.com.br\/noticias\/mastercard-cancela-alta-tarifa-intercambio-cartoes-credito\/#breadcrumb","itemListElement":[{"@type":"ListItem","position":1,"name":"Not\u00edcias","item":"https:\/\/www.suno.com.br\/noticias\/"},{"@type":"ListItem","position":2,"name":"Neg\u00f3cios","item":"https:\/\/www.suno.com.br\/noticias\/negocios\/"},{"@type":"ListItem","position":3,"name":"Mastercard cancela aumento de tarifa de interc\u00e2mbio em cart\u00f5es de cr\u00e9dito"}]},{"@type":"WebSite","@id":"https:\/\/www.suno.com.br\/noticias\/#website","url":"https:\/\/www.suno.com.br\/noticias\/","name":"Suno Not\u00edcias","description":"Seu portal de informa\u00e7\u00e3o sobre o mundo dos investimentos","publisher":{"@id":"https:\/\/www.suno.com.br\/noticias\/#organization"},"potentialAction":[{"@type":"SearchAction","target":{"@type":"EntryPoint","urlTemplate":"https:\/\/www.suno.com.br\/noticias\/?s={search_term_string}"},"query-input":{"@type":"PropertyValueSpecification","valueRequired":true,"valueName":"search_term_string"}}],"inLanguage":"pt-BR"},{"@type":"Organization","@id":"https:\/\/www.suno.com.br\/noticias\/#organization","name":"Suno Not\u00edcias","url":"https:\/\/www.suno.com.br\/noticias\/","logo":{"@type":"ImageObject","inLanguage":"pt-BR","@id":"https:\/\/www.suno.com.br\/noticias\/#\/schema\/logo\/image\/","url":"https:\/\/files.sunoresearch.com.br\/n\/uploads\/2021\/09\/suno-logo.png","contentUrl":"https:\/\/files.sunoresearch.com.br\/n\/uploads\/2021\/09\/suno-logo.png","width":180,"height":180,"caption":"Suno Not\u00edcias"},"image":{"@id":"https:\/\/www.suno.com.br\/noticias\/#\/schema\/logo\/image\/"},"sameAs":["https:\/\/facebook.com\/sunoresearch","https:\/\/x.com\/sunoresearch","https:\/\/www.instagram.com\/suno","https:\/\/www.linkedin.com\/company\/suno-research\/","https:\/\/www.youtube.com\/c\/sunoresearch"]},{"@type":"Person","@id":"https:\/\/www.suno.com.br\/noticias\/#\/schema\/person\/1db762f78ffd8919a648a63e425953e3","name":"Juliano Passaro","image":{"@type":"ImageObject","inLanguage":"pt-BR","@id":"https:\/\/www.suno.com.br\/noticias\/#\/schema\/person\/image\/","url":"https:\/\/secure.gravatar.com\/avatar\/743d4df28eebf6dcc46b4ad03c319e92?s=96&r=g","contentUrl":"https:\/\/secure.gravatar.com\/avatar\/743d4df28eebf6dcc46b4ad03c319e92?s=96&r=g","caption":"Juliano Passaro"},"description":"Juliano Passaro escreve sobre pol\u00edtica, economia e neg\u00f3cios para o portal da Suno Research. Antes da Suno, trabalhou no Portal da Band. \u00c9 formado em jornalismo pela Universidade Presbiteriana Mackenzie.","url":"https:\/\/www.suno.com.br\/noticias\/author\/juliano\/"}]}},"default_loop_html":"<div class=\"cardsPage__listCard__boxs\"><div class=\"cardsPage__listCard__boxs__img\"><a href=\"https:\/\/www.suno.com.br\/noticias\/mastercard-cancela-alta-tarifa-intercambio-cartoes-credito\/\"><img class=\"mask\" src=\"https:\/\/www.suno.com.br\/noticias\/wp-content\/themes\/suno\/resources\/images\/spotlight\/spotlight1img\/bg-mask.png\" alt=\"Image Mask\"\/><img src=\"https:\/\/files.sunoresearch.com.br\/n\/uploads\/2019\/09\/b73eccea-mastercard-400x200.webp\" alt=\"Mastercard cancela aumento de tarifa de interc\u00e2mbio em cart\u00f5es de cr\u00e9dito\"\/><\/a><span class=\"spotlightCategory\"><a href=\"https:\/\/www.suno.com.br\/noticias\/negocios\/\">Neg\u00f3cios<\/a><\/span><\/div><div class=\"cardsPage__listCard__boxs__content\"><a href=\"https:\/\/www.suno.com.br\/noticias\/mastercard-cancela-alta-tarifa-intercambio-cartoes-credito\/\"><h2 class=\"content__title\">Mastercard cancela aumento de tarifa de interc\u00e2mbio em cart\u00f5es de cr\u00e9dito<\/h2><\/a><div class=\"newsContent__article__meta\"><div class=\"newsContent__article__meta__authorBox\"><a href=\"https:\/\/www.suno.com.br\/noticias\/author\/juliano\/\" class=\"authorBox__avatar noMobi\"><img src=\"https:\/\/files.sunoresearch.com.br\/n\/uploads\/2019\/06\/7cc3efea-whatsapp-image-2019-07-18-at-21.59.33-e1563499821209-150x150.webp\" alt=\"Juliano Passaro\"><\/a><div class=\"authorBox__name\"><span>por\n\t\t\t<a href=\"https:\/\/www.suno.com.br\/noticias\/author\/juliano\/\"><span itemprop=\"author\">Juliano Passaro<\/span><\/a><\/span><time datetime=\"2019-09-30T15:11:13-03:00\" itemprop=\"datePublished\">30\/09\/2019 15:11<\/time><\/div><\/div><\/div><\/div><\/div>","single_layout":"posts","amp_enabled":true,"_links":{"self":[{"href":"https:\/\/www.suno.com.br\/noticias\/wp-json\/wp\/v2\/posts\/39357"}],"collection":[{"href":"https:\/\/www.suno.com.br\/noticias\/wp-json\/wp\/v2\/posts"}],"about":[{"href":"https:\/\/www.suno.com.br\/noticias\/wp-json\/wp\/v2\/types\/post"}],"author":[{"embeddable":true,"href":"https:\/\/www.suno.com.br\/noticias\/wp-json\/wp\/v2\/users\/19"}],"replies":[{"embeddable":true,"href":"https:\/\/www.suno.com.br\/noticias\/wp-json\/wp\/v2\/comments?post=39357"}],"version-history":[{"count":0,"href":"https:\/\/www.suno.com.br\/noticias\/wp-json\/wp\/v2\/posts\/39357\/revisions"}],"wp:featuredmedia":[{"embeddable":true,"href":"https:\/\/www.suno.com.br\/noticias\/wp-json\/wp\/v2\/media\/39358"}],"wp:attachment":[{"href":"https:\/\/www.suno.com.br\/noticias\/wp-json\/wp\/v2\/media?parent=39357"}],"wp:term":[{"taxonomy":"category","embeddable":true,"href":"https:\/\/www.suno.com.br\/noticias\/wp-json\/wp\/v2\/categories?post=39357"},{"taxonomy":"post_tag","embeddable":true,"href":"https:\/\/www.suno.com.br\/noticias\/wp-json\/wp\/v2\/tags?post=39357"},{"taxonomy":"suno_strategy","embeddable":true,"href":"https:\/\/www.suno.com.br\/noticias\/wp-json\/wp\/v2\/suno_strategy?post=39357"}],"curies":[{"name":"wp","href":"https:\/\/api.w.org\/{rel}","templated":true}]}}