{"id":393427,"date":"2023-04-24T12:00:03","date_gmt":"2023-04-24T15:00:03","guid":{"rendered":"https:\/\/www.suno.com.br\/noticias\/?p=393427"},"modified":"2023-04-26T17:41:14","modified_gmt":"2023-04-26T20:41:14","slug":"shein-shopee-aliexpress-acordo-haddad-entenda","status":"publish","type":"post","link":"https:\/\/www.suno.com.br\/noticias\/shein-shopee-aliexpress-acordo-haddad-entenda\/","title":{"rendered":"Shein, Shopee e AliExpress fazem acordo com Haddad; entenda o que muda"},"content":{"rendered":"<p>Ap\u00f3s a pol\u00eamica em torno da taxa\u00e7\u00e3o das encomendas internacionais, varejistas como <strong>Shein<\/strong>, Shopee e AliExpress firmaram um compromisso de aderir a um plano de conformidade com a <a class=\"suno-keyword\" data-force=\"no\" data-priority=\"3\" href=\"https:\/\/www.suno.com.br\/artigos\/receita-federal\/\" target=\"_blank\" rel=\"noopener\">Receita Federal<\/a>. O ministro da Fazenda, Fernando Haddad, disse nesta segunda (24) que o acordo fechado com essas empresas prev\u00ea que os impostos sejam pagos logo na hora da compra.<\/p>\t<div class=\"wrapper-featured-image\">\n\t\t<figure class=\"spotlightImg\">\n\n\t\t\t<picture>\n\t\t\t\t<source media=\"(max-width: 768px)\" srcset=\"https:\/\/files.sunoresearch.com.br\/n\/uploads\/2022\/02\/Shein-400x200.jpg\">\n\t\t\t\t<img loading=\"lazy\" decoding=\"async\" class=\"newsContent__article__imgCapa lazyloadDisabled \" src=\"https:\/\/files.sunoresearch.com.br\/n\/uploads\/2022\/02\/Shein-800x450.jpg\" width=\"800\" height=\"450\" alt=\"Shein, Shopee e AliExpress fazem acordo com Haddad; entenda o que muda\" fetchpriority=high \/>\n\t\t\t<\/picture>\n\n\t\t\t<figcaption class=\"wp-caption-text wp-caption-text--show\">Loja Shein. Foto: Reprodu\u00e7\u00e3o\/ Facebook Shein<\/figcaption>\n\t\t<\/figure>\n\t<\/div>\n\n\n\n\n\n\t<p>\n\t\t<a href=\"https:\/\/lp.suno.com.br\/ebook-como-analisar-uma-acao\/\" target=\"_blank\" data-element=\"shortcode-suno-banner\" title=\"Banner SUNO, clique e saiba mais\">\n\t\t\t<picture>\n\t\t\t\t<source media=\"(max-width: 500px)\" srcset=\"https:\/\/files.sunoresearch.com.br\/n\/uploads\/2023\/03\/Ebook-Acoes-Mobile.jpg\">\n\t\t\t\t<img class=\"newsContent__article__imgCapa newsContent__article__imgCapa--banner\"\n\t\t\t\t\tsrc=\"https:\/\/files.sunoresearch.com.br\/n\/uploads\/2023\/03\/Ebook-Acoes-Desktop.jpg\"\n\t\t\t\t\tdata-promo-id=\"378302\"\t\t\t\t\t\t\t\t\t\twidth='1420' height='286'\t\t\t\t\talt=\"https:\/\/files.sunoresearch.com.br\/n\/uploads\/2023\/03\/Ebook-Acoes-Desktop.jpg\"\n\t\t\t\t>\n\t\t\t<\/picture>\n\t\t<\/a>\n\t<\/p>\n\n\n\n\n\n<p>&#8220;Quando um consumidor compra um bem, a empresa j\u00e1 est\u00e1 pelo plano de conformidade autorizando o poder p\u00fablico a descontar daquilo que o consumidor j\u00e1 pagou o que deveria recolher&#8221;, adiantou Haddad em entrevista ao jornal O Estado de S\u00e3o Paulo.<\/p>\n\n\n\n<p>O sistema citado pelo ministro para <strong>compras internacionais<\/strong> \u00e9 similar ao realizado por plataformas como a Amazon. Assim, na hora da compra, o consumidor j\u00e1 paga os tributos da importa\u00e7\u00e3o. &#8220;Quando o consumidor recebe, ele recebe uma remessa totalmente desembara\u00e7ada. N\u00e3o est\u00e1 sujeita mais a nada, porque no pagamento j\u00e1 foi feito&#8221;, refor\u00e7ou.<\/p>\n\n\n\n<blockquote class=\"wp-block-quote is-layout-flow wp-block-quote-is-layout-flow\">\n<p>Como \u00e9 tudo por cart\u00e3o, o portal, o<em> marketplace<\/em>, aderiu ao plano de conformidade. Vai ficar dif\u00edcil n\u00e3o aderir, porque todos est\u00e3o \u00e0 mesa reunidos, facilita muito a fiscaliza\u00e7\u00e3o. Fica alguma coisa transparente.<\/p>\n<\/blockquote>\n\n\n\n<p>Neste movimento, a <a href=\"https:\/\/www.suno.com.br\/noticias\/shein-reuniao-pressas-haddad\/\" target=\"_blank\" rel=\"noreferrer noopener\">Shein anunciou uma parceria com empresas nacionais<\/a> para a produ\u00e7\u00e3o de 85% dos seus produtos no Brasil at\u00e9 2026. &#8220;Acredito que \u00e9 uma estrat\u00e9gia inteligente de descentraliza\u00e7\u00e3o da produ\u00e7\u00e3o&#8221;, comentou Haddad.<\/p>\n\n\n\n<p>&#8220;O mercado brasileiro \u00e9 enorme, pode exportar para a Am\u00e9rica do Sul inteira; os pre\u00e7os de confec\u00e7\u00e3o brasileira s\u00e3o competitivos e eles percebem a necessidade de descentralizar, n\u00e3o ficar com tudo num Pa\u00eds s\u00f3. At\u00e9 porque hoje, com as tens\u00f5es comerciais e geopol\u00edticas em curso, qualquer empres\u00e1rio vai querer descentralizar suas atividades&#8221;, complementou.<\/p>\n\n\n\t<p>\n\t\t<a href=\"https:\/\/lp.suno.com.br\/ebook-gratuito-investindo-no-exterior\/\" target=\"_blank\" data-element=\"shortcode-suno-banner\" title=\"Banner SUNO, clique e saiba mais\">\n\t\t\t<picture>\n\t\t\t\t<source media=\"(max-width: 500px)\" srcset=\"https:\/\/files.sunoresearch.com.br\/n\/uploads\/2023\/03\/400x300-Investindo-no-exterior.png\">\n\t\t\t\t<img class=\"newsContent__article__imgCapa newsContent__article__imgCapa--banner\"\n\t\t\t\t\tsrc=\"https:\/\/files.sunoresearch.com.br\/n\/uploads\/2023\/03\/1420x240-Investindo-no-exterior.png\"\n\t\t\t\t\tdata-promo-id=\"383161\"\t\t\t\t\t\t\t\t\t\twidth='1420' height='240'\t\t\t\t\talt=\"https:\/\/files.sunoresearch.com.br\/n\/uploads\/2023\/03\/1420x240-Investindo-no-exterior.png\"\n\t\t\t\t>\n\t\t\t<\/picture>\n\t\t<\/a>\n\t<\/p>\n\n\n\n\n\n<h2 class=\"wp-block-heading\">Produtos v\u00e3o ficar mais caros?<\/h2>\n\n\n\n<p>Na vis\u00e3o dos especialistas ouvidos pelo Suno Not\u00edcias, os <strong>produtos importados<\/strong> adquiridos nessas plataformas podem at\u00e9 dobrar de pre\u00e7o com a cobran\u00e7a dos impostos. &#8220;Definitivamente vai ficar mais caro. Al\u00e9m do imposto federal, caso os Estados cobrem o ICMS, o pre\u00e7o dobraria ou quase dobraria na pr\u00e1tica&#8221;, detalha Rodrigo Giraldelli, consultor em importa\u00e7\u00e3o e CEO da China Gate.<\/p>\n\n\n\n\t<div data-element=\"shortcode-read-more\" class=\"readToo\">\n\t\t\t\t<span class=\"readToo__title\">Leia mais<\/span>\n\t\t\t\t<ul class=\"readToo__list\">\n\t\t\t<li><a href=\"https:\/\/www.suno.com.br\/noticias\/shein-coteminas-ctnm3-fecham-acordo\/\">Shein e Coteminas (CTNM4) anunciam acordo para produ\u00e7\u00e3o local; entenda a parceria<\/a><\/li><li><a href=\"https:\/\/www.suno.com.br\/noticias\/tributacao-imposto-shein-shopee-aliexpress\/\">Shein e Shopee taxadas: imposto pode chegar a 113%, mostram especialistas; entenda o motivo<\/a><\/li>\t\t<\/ul>\n\t<\/div>\n\n\n\n\n<p>O especialista em importa\u00e7\u00e3o considera um produto hipot\u00e9tico de US$ 30 somado a um frete de US$ 10 \u2014 ou seja, uma encomenda de US$ 40. &#8220;Vai entrar uma tributa\u00e7\u00e3o de 60% do&nbsp;<strong>imposto de importa\u00e7\u00e3o<\/strong>&nbsp;sobre o produto mais o frete (US$ 40). Isso \u00e9 cobrado antes de a mercadoria chegar, direto na transportadora. Ent\u00e3o, se n\u00e3o pagar, n\u00e3o recebe o produto\u201d, detalha Giraldelli.<\/p>\n\n\n\n<p>Assim, essa encomenda hipot\u00e9tica da <strong>Shein<\/strong>, Shopee ou AliExpress de US$ 40 j\u00e1 sobe para US$ 64. Conforme a legisla\u00e7\u00e3o de cada Estado, o ICMS tamb\u00e9m entra na conta. Usando uma al\u00edquota de 15% (o valor varia em cada unidade federativa), esse produto chega na m\u00e3o do consumidor por US$ 73,6, aumento de 84%.<\/p>\n\n\n\t<p>\n\t\t<a href=\"https:\/\/lp.suno.com.br\/suno-one\/?utm_campaign=_SNC6964518A_\" target=\"_blank\" data-element=\"shortcode-suno-banner\" title=\"Banner SUNO, clique e saiba mais\">\n\t\t\t<picture>\n\t\t\t\t<source media=\"(max-width: 500px)\" srcset=\"https:\/\/files.sunoresearch.com.br\/n\/uploads\/2025\/09\/400x300-Suno-One-png.webp\">\n\t\t\t\t<img class=\"newsContent__article__imgCapa newsContent__article__imgCapa--banner\"\n\t\t\t\t\tsrc=\"https:\/\/files.sunoresearch.com.br\/n\/uploads\/2025\/09\/1420x240-Suno-One-png.webp\"\n\t\t\t\t\tdata-promo-id=\"383121\"\t\t\t\t\t\t\t\t\t\twidth='1420' height='240'\t\t\t\t\talt=\"https:\/\/files.sunoresearch.com.br\/n\/uploads\/2025\/09\/1420x240-Suno-One-png.webp\"\n\t\t\t\t>\n\t\t\t<\/picture>\n\t\t<\/a>\n\t<\/p>\n\n\n","protected":false},"excerpt":{"rendered":"<p>Ap\u00f3s a pol\u00eamica em torno da taxa\u00e7\u00e3o das encomendas internacionais, varejistas como Shein, Shopee e AliExpress firmaram um compromisso de aderir a um plano de conformidade com a Receita Federal. O ministro da Fazenda, Fernando Haddad, disse nesta segunda (24) que o acordo fechado com essas empresas prev\u00ea que os impostos sejam pagos logo na [&hellip;]<\/p>\n","protected":false},"author":232,"featured_media":234056,"comment_status":"closed","ping_status":"closed","sticky":false,"template":"","format":"standard","meta":[],"categories":[60],"tags":[105816,716,706],"suno_strategy":[],"class_list":["post-393427","post","type-post","status-publish","format-standard","has-post-thumbnail","hentry","category-mercado","tag-especialistas","tag-fernando-haddad","tag-importacoes"],"yoast_head":"<!-- This site is optimized with the Yoast SEO plugin v24.4 - https:\/\/yoast.com\/wordpress\/plugins\/seo\/ -->\n<title>Shein, Shopee e AliExpress fazem acordo com Haddad; veja o que muda<\/title>\n<meta name=\"description\" content=\"Varejistas como Shein, Shopee e AliExpress fecharam um acordo com o ministro da Fazenda, Fernando Haddad. Saiba mais!\" \/>\n<meta name=\"robots\" content=\"index, follow, max-snippet:-1, max-image-preview:large, max-video-preview:-1\" \/>\n<link rel=\"canonical\" href=\"https:\/\/www.suno.com.br\/noticias\/shein-shopee-aliexpress-acordo-haddad-entenda\/\" \/>\n<meta property=\"og:locale\" content=\"pt_BR\" \/>\n<meta property=\"og:type\" content=\"article\" \/>\n<meta property=\"og:title\" content=\"Shein, Shopee e AliExpress fazem acordo com Haddad; veja o que muda\" \/>\n<meta property=\"og:description\" content=\"Varejistas como Shein, Shopee e AliExpress fecharam um acordo com o ministro da Fazenda, Fernando Haddad. Saiba mais!\" \/>\n<meta property=\"og:url\" content=\"https:\/\/www.suno.com.br\/noticias\/shein-shopee-aliexpress-acordo-haddad-entenda\/\" \/>\n<meta property=\"og:site_name\" content=\"Suno Not\u00edcias\" \/>\n<meta property=\"article:publisher\" content=\"https:\/\/facebook.com\/sunoresearch\" \/>\n<meta property=\"og:image\" content=\"https:\/\/files.sunoresearch.com.br\/n\/uploads\/2022\/02\/Shein.jpg\" \/>\n\t<meta property=\"og:image:width\" content=\"2048\" \/>\n\t<meta property=\"og:image:height\" content=\"1365\" \/>\n\t<meta property=\"og:image:type\" content=\"image\/jpeg\" \/>\n<meta name=\"author\" content=\"Erick Matheus Nery\" \/>\n<meta name=\"twitter:card\" content=\"summary_large_image\" \/>\n<meta name=\"twitter:creator\" content=\"@sunoresearch\" \/>\n<meta name=\"twitter:site\" content=\"@sunoresearch\" \/>\n<meta name=\"twitter:label1\" content=\"Escrito por\" \/>\n\t<meta name=\"twitter:data1\" content=\"Erick Matheus Nery\" \/>\n\t<meta name=\"twitter:label2\" content=\"Est. tempo de leitura\" \/>\n\t<meta name=\"twitter:data2\" content=\"3 minutos\" \/>\n<script type=\"application\/ld+json\" class=\"yoast-schema-graph\">{\"@context\":\"https:\/\/schema.org\",\"@graph\":[{\"@type\":\"NewsArticle\",\"@id\":\"https:\/\/www.suno.com.br\/noticias\/shein-shopee-aliexpress-acordo-haddad-entenda\/#article\",\"isPartOf\":{\"@id\":\"https:\/\/www.suno.com.br\/noticias\/shein-shopee-aliexpress-acordo-haddad-entenda\/\"},\"author\":{\"name\":\"Erick Matheus Nery\",\"@id\":\"https:\/\/www.suno.com.br\/noticias\/#\/schema\/person\/6899bc3f19d1a7315f807131c2c013a0\"},\"headline\":\"Shein, Shopee e AliExpress fazem acordo com Haddad; entenda o que muda\",\"datePublished\":\"2023-04-24T15:00:03+00:00\",\"dateModified\":\"2023-04-26T20:41:14+00:00\",\"mainEntityOfPage\":{\"@id\":\"https:\/\/www.suno.com.br\/noticias\/shein-shopee-aliexpress-acordo-haddad-entenda\/\"},\"wordCount\":505,\"publisher\":{\"@id\":\"https:\/\/www.suno.com.br\/noticias\/#organization\"},\"image\":{\"@id\":\"https:\/\/www.suno.com.br\/noticias\/shein-shopee-aliexpress-acordo-haddad-entenda\/#primaryimage\"},\"thumbnailUrl\":\"https:\/\/files.sunoresearch.com.br\/n\/uploads\/2022\/02\/Shein.jpg\",\"keywords\":[\"Especialistas\",\"Fernando Haddad\",\"importa\u00e7\u00f5es\"],\"articleSection\":[\"Mercado\"],\"inLanguage\":\"pt-BR\"},{\"@type\":\"WebPage\",\"@id\":\"https:\/\/www.suno.com.br\/noticias\/shein-shopee-aliexpress-acordo-haddad-entenda\/\",\"url\":\"https:\/\/www.suno.com.br\/noticias\/shein-shopee-aliexpress-acordo-haddad-entenda\/\",\"name\":\"Shein, Shopee e AliExpress fazem acordo com Haddad; veja o que muda\",\"isPartOf\":{\"@id\":\"https:\/\/www.suno.com.br\/noticias\/#website\"},\"primaryImageOfPage\":{\"@id\":\"https:\/\/www.suno.com.br\/noticias\/shein-shopee-aliexpress-acordo-haddad-entenda\/#primaryimage\"},\"image\":{\"@id\":\"https:\/\/www.suno.com.br\/noticias\/shein-shopee-aliexpress-acordo-haddad-entenda\/#primaryimage\"},\"thumbnailUrl\":\"https:\/\/files.sunoresearch.com.br\/n\/uploads\/2022\/02\/Shein.jpg\",\"datePublished\":\"2023-04-24T15:00:03+00:00\",\"dateModified\":\"2023-04-26T20:41:14+00:00\",\"description\":\"Varejistas como Shein, Shopee e AliExpress fecharam um acordo com o ministro da Fazenda, Fernando Haddad. Saiba mais!\",\"breadcrumb\":{\"@id\":\"https:\/\/www.suno.com.br\/noticias\/shein-shopee-aliexpress-acordo-haddad-entenda\/#breadcrumb\"},\"inLanguage\":\"pt-BR\",\"potentialAction\":[{\"@type\":\"ReadAction\",\"target\":[\"https:\/\/www.suno.com.br\/noticias\/shein-shopee-aliexpress-acordo-haddad-entenda\/\"]}]},{\"@type\":\"ImageObject\",\"inLanguage\":\"pt-BR\",\"@id\":\"https:\/\/www.suno.com.br\/noticias\/shein-shopee-aliexpress-acordo-haddad-entenda\/#primaryimage\",\"url\":\"https:\/\/files.sunoresearch.com.br\/n\/uploads\/2022\/02\/Shein.jpg\",\"contentUrl\":\"https:\/\/files.sunoresearch.com.br\/n\/uploads\/2022\/02\/Shein.jpg\",\"width\":2048,\"height\":1365,\"caption\":\"Loja Shein. Foto: Reprodu\u00e7\u00e3o\/ Facebook Shein\"},{\"@type\":\"BreadcrumbList\",\"@id\":\"https:\/\/www.suno.com.br\/noticias\/shein-shopee-aliexpress-acordo-haddad-entenda\/#breadcrumb\",\"itemListElement\":[{\"@type\":\"ListItem\",\"position\":1,\"name\":\"Not\u00edcias\",\"item\":\"https:\/\/www.suno.com.br\/noticias\/\"},{\"@type\":\"ListItem\",\"position\":2,\"name\":\"Mercado\",\"item\":\"https:\/\/www.suno.com.br\/noticias\/mercado\/\"},{\"@type\":\"ListItem\",\"position\":3,\"name\":\"Shein, Shopee e AliExpress fazem acordo com Haddad; entenda o que muda\"}]},{\"@type\":\"WebSite\",\"@id\":\"https:\/\/www.suno.com.br\/noticias\/#website\",\"url\":\"https:\/\/www.suno.com.br\/noticias\/\",\"name\":\"Suno Not\u00edcias\",\"description\":\"Seu portal de informa\u00e7\u00e3o sobre o mundo dos investimentos\",\"publisher\":{\"@id\":\"https:\/\/www.suno.com.br\/noticias\/#organization\"},\"potentialAction\":[{\"@type\":\"SearchAction\",\"target\":{\"@type\":\"EntryPoint\",\"urlTemplate\":\"https:\/\/www.suno.com.br\/noticias\/?s={search_term_string}\"},\"query-input\":{\"@type\":\"PropertyValueSpecification\",\"valueRequired\":true,\"valueName\":\"search_term_string\"}}],\"inLanguage\":\"pt-BR\"},{\"@type\":\"Organization\",\"@id\":\"https:\/\/www.suno.com.br\/noticias\/#organization\",\"name\":\"Suno Not\u00edcias\",\"url\":\"https:\/\/www.suno.com.br\/noticias\/\",\"logo\":{\"@type\":\"ImageObject\",\"inLanguage\":\"pt-BR\",\"@id\":\"https:\/\/www.suno.com.br\/noticias\/#\/schema\/logo\/image\/\",\"url\":\"https:\/\/files.sunoresearch.com.br\/n\/uploads\/2021\/09\/suno-logo.png\",\"contentUrl\":\"https:\/\/files.sunoresearch.com.br\/n\/uploads\/2021\/09\/suno-logo.png\",\"width\":180,\"height\":180,\"caption\":\"Suno Not\u00edcias\"},\"image\":{\"@id\":\"https:\/\/www.suno.com.br\/noticias\/#\/schema\/logo\/image\/\"},\"sameAs\":[\"https:\/\/facebook.com\/sunoresearch\",\"https:\/\/x.com\/sunoresearch\",\"https:\/\/www.instagram.com\/suno\",\"https:\/\/www.linkedin.com\/company\/suno-research\/\",\"https:\/\/www.youtube.com\/c\/sunoresearch\"]},{\"@type\":\"Person\",\"@id\":\"https:\/\/www.suno.com.br\/noticias\/#\/schema\/person\/6899bc3f19d1a7315f807131c2c013a0\",\"name\":\"Erick Matheus Nery\",\"image\":{\"@type\":\"ImageObject\",\"inLanguage\":\"pt-BR\",\"@id\":\"https:\/\/www.suno.com.br\/noticias\/#\/schema\/person\/image\/\",\"url\":\"https:\/\/secure.gravatar.com\/avatar\/518ddffe438ccb767782d372a66304d2?s=96&r=g\",\"contentUrl\":\"https:\/\/secure.gravatar.com\/avatar\/518ddffe438ccb767782d372a66304d2?s=96&r=g\",\"caption\":\"Erick Matheus Nery\"},\"description\":\"Formado em Jornalismo pela Universidade Federal do Par\u00e1 (UFPA), conta com extens\u00e3o em Jornalismo Econ\u00f4mico pela Funda\u00e7\u00e3o Get\u00falio Vargas (FGV). No Suno Not\u00edcias, atua como rep\u00f3rter de Mercado, com foco nos setores de telecomunica\u00e7\u00f5es, varejo, alimentos e renda fixa. Conta com passagens pelo jornal O Estado de S\u00e3o Paulo, como trainee de Jornalismo Econ\u00f4mico, e pelo site Not\u00edcias da TV.\",\"url\":\"https:\/\/www.suno.com.br\/noticias\/author\/erick-nery\/\"}]}<\/script>\n<!-- \/ Yoast SEO plugin. -->","yoast_head_json":{"title":"Shein, Shopee e AliExpress fazem acordo com Haddad; veja o que muda","description":"Varejistas como Shein, Shopee e AliExpress fecharam um acordo com o ministro da Fazenda, Fernando Haddad. Saiba mais!","robots":{"index":"index","follow":"follow","max-snippet":"max-snippet:-1","max-image-preview":"max-image-preview:large","max-video-preview":"max-video-preview:-1"},"canonical":"https:\/\/www.suno.com.br\/noticias\/shein-shopee-aliexpress-acordo-haddad-entenda\/","og_locale":"pt_BR","og_type":"article","og_title":"Shein, Shopee e AliExpress fazem acordo com Haddad; veja o que muda","og_description":"Varejistas como Shein, Shopee e AliExpress fecharam um acordo com o ministro da Fazenda, Fernando Haddad. Saiba mais!","og_url":"https:\/\/www.suno.com.br\/noticias\/shein-shopee-aliexpress-acordo-haddad-entenda\/","og_site_name":"Suno Not\u00edcias","article_publisher":"https:\/\/facebook.com\/sunoresearch","og_image":[{"width":2048,"height":1365,"url":"https:\/\/files.sunoresearch.com.br\/n\/uploads\/2022\/02\/Shein.jpg","type":"image\/jpeg"}],"author":"Erick Matheus Nery","twitter_card":"summary_large_image","twitter_creator":"@sunoresearch","twitter_site":"@sunoresearch","twitter_misc":{"Escrito por":"Erick Matheus Nery","Est. tempo de leitura":"3 minutos"},"schema":{"@context":"https:\/\/schema.org","@graph":[{"@type":"NewsArticle","@id":"https:\/\/www.suno.com.br\/noticias\/shein-shopee-aliexpress-acordo-haddad-entenda\/#article","isPartOf":{"@id":"https:\/\/www.suno.com.br\/noticias\/shein-shopee-aliexpress-acordo-haddad-entenda\/"},"author":{"name":"Erick Matheus Nery","@id":"https:\/\/www.suno.com.br\/noticias\/#\/schema\/person\/6899bc3f19d1a7315f807131c2c013a0"},"headline":"Shein, Shopee e AliExpress fazem acordo com Haddad; entenda o que muda","datePublished":"2023-04-24T15:00:03+00:00","dateModified":"2023-04-26T20:41:14+00:00","mainEntityOfPage":{"@id":"https:\/\/www.suno.com.br\/noticias\/shein-shopee-aliexpress-acordo-haddad-entenda\/"},"wordCount":505,"publisher":{"@id":"https:\/\/www.suno.com.br\/noticias\/#organization"},"image":{"@id":"https:\/\/www.suno.com.br\/noticias\/shein-shopee-aliexpress-acordo-haddad-entenda\/#primaryimage"},"thumbnailUrl":"https:\/\/files.sunoresearch.com.br\/n\/uploads\/2022\/02\/Shein.jpg","keywords":["Especialistas","Fernando Haddad","importa\u00e7\u00f5es"],"articleSection":["Mercado"],"inLanguage":"pt-BR"},{"@type":"WebPage","@id":"https:\/\/www.suno.com.br\/noticias\/shein-shopee-aliexpress-acordo-haddad-entenda\/","url":"https:\/\/www.suno.com.br\/noticias\/shein-shopee-aliexpress-acordo-haddad-entenda\/","name":"Shein, Shopee e AliExpress fazem acordo com Haddad; veja o que muda","isPartOf":{"@id":"https:\/\/www.suno.com.br\/noticias\/#website"},"primaryImageOfPage":{"@id":"https:\/\/www.suno.com.br\/noticias\/shein-shopee-aliexpress-acordo-haddad-entenda\/#primaryimage"},"image":{"@id":"https:\/\/www.suno.com.br\/noticias\/shein-shopee-aliexpress-acordo-haddad-entenda\/#primaryimage"},"thumbnailUrl":"https:\/\/files.sunoresearch.com.br\/n\/uploads\/2022\/02\/Shein.jpg","datePublished":"2023-04-24T15:00:03+00:00","dateModified":"2023-04-26T20:41:14+00:00","description":"Varejistas como Shein, Shopee e AliExpress fecharam um acordo com o ministro da Fazenda, Fernando Haddad. Saiba mais!","breadcrumb":{"@id":"https:\/\/www.suno.com.br\/noticias\/shein-shopee-aliexpress-acordo-haddad-entenda\/#breadcrumb"},"inLanguage":"pt-BR","potentialAction":[{"@type":"ReadAction","target":["https:\/\/www.suno.com.br\/noticias\/shein-shopee-aliexpress-acordo-haddad-entenda\/"]}]},{"@type":"ImageObject","inLanguage":"pt-BR","@id":"https:\/\/www.suno.com.br\/noticias\/shein-shopee-aliexpress-acordo-haddad-entenda\/#primaryimage","url":"https:\/\/files.sunoresearch.com.br\/n\/uploads\/2022\/02\/Shein.jpg","contentUrl":"https:\/\/files.sunoresearch.com.br\/n\/uploads\/2022\/02\/Shein.jpg","width":2048,"height":1365,"caption":"Loja Shein. Foto: Reprodu\u00e7\u00e3o\/ Facebook Shein"},{"@type":"BreadcrumbList","@id":"https:\/\/www.suno.com.br\/noticias\/shein-shopee-aliexpress-acordo-haddad-entenda\/#breadcrumb","itemListElement":[{"@type":"ListItem","position":1,"name":"Not\u00edcias","item":"https:\/\/www.suno.com.br\/noticias\/"},{"@type":"ListItem","position":2,"name":"Mercado","item":"https:\/\/www.suno.com.br\/noticias\/mercado\/"},{"@type":"ListItem","position":3,"name":"Shein, Shopee e AliExpress fazem acordo com Haddad; entenda o que muda"}]},{"@type":"WebSite","@id":"https:\/\/www.suno.com.br\/noticias\/#website","url":"https:\/\/www.suno.com.br\/noticias\/","name":"Suno Not\u00edcias","description":"Seu portal de informa\u00e7\u00e3o sobre o mundo dos investimentos","publisher":{"@id":"https:\/\/www.suno.com.br\/noticias\/#organization"},"potentialAction":[{"@type":"SearchAction","target":{"@type":"EntryPoint","urlTemplate":"https:\/\/www.suno.com.br\/noticias\/?s={search_term_string}"},"query-input":{"@type":"PropertyValueSpecification","valueRequired":true,"valueName":"search_term_string"}}],"inLanguage":"pt-BR"},{"@type":"Organization","@id":"https:\/\/www.suno.com.br\/noticias\/#organization","name":"Suno Not\u00edcias","url":"https:\/\/www.suno.com.br\/noticias\/","logo":{"@type":"ImageObject","inLanguage":"pt-BR","@id":"https:\/\/www.suno.com.br\/noticias\/#\/schema\/logo\/image\/","url":"https:\/\/files.sunoresearch.com.br\/n\/uploads\/2021\/09\/suno-logo.png","contentUrl":"https:\/\/files.sunoresearch.com.br\/n\/uploads\/2021\/09\/suno-logo.png","width":180,"height":180,"caption":"Suno Not\u00edcias"},"image":{"@id":"https:\/\/www.suno.com.br\/noticias\/#\/schema\/logo\/image\/"},"sameAs":["https:\/\/facebook.com\/sunoresearch","https:\/\/x.com\/sunoresearch","https:\/\/www.instagram.com\/suno","https:\/\/www.linkedin.com\/company\/suno-research\/","https:\/\/www.youtube.com\/c\/sunoresearch"]},{"@type":"Person","@id":"https:\/\/www.suno.com.br\/noticias\/#\/schema\/person\/6899bc3f19d1a7315f807131c2c013a0","name":"Erick Matheus Nery","image":{"@type":"ImageObject","inLanguage":"pt-BR","@id":"https:\/\/www.suno.com.br\/noticias\/#\/schema\/person\/image\/","url":"https:\/\/secure.gravatar.com\/avatar\/518ddffe438ccb767782d372a66304d2?s=96&r=g","contentUrl":"https:\/\/secure.gravatar.com\/avatar\/518ddffe438ccb767782d372a66304d2?s=96&r=g","caption":"Erick Matheus Nery"},"description":"Formado em Jornalismo pela Universidade Federal do Par\u00e1 (UFPA), conta com extens\u00e3o em Jornalismo Econ\u00f4mico pela Funda\u00e7\u00e3o Get\u00falio Vargas (FGV). No Suno Not\u00edcias, atua como rep\u00f3rter de Mercado, com foco nos setores de telecomunica\u00e7\u00f5es, varejo, alimentos e renda fixa. Conta com passagens pelo jornal O Estado de S\u00e3o Paulo, como trainee de Jornalismo Econ\u00f4mico, e pelo site Not\u00edcias da TV.","url":"https:\/\/www.suno.com.br\/noticias\/author\/erick-nery\/"}]}},"default_loop_html":"<div class=\"cardsPage__listCard__boxs\"><div class=\"cardsPage__listCard__boxs__img\"><a href=\"https:\/\/www.suno.com.br\/noticias\/shein-shopee-aliexpress-acordo-haddad-entenda\/\"><img class=\"mask\" src=\"https:\/\/www.suno.com.br\/noticias\/wp-content\/themes\/suno\/resources\/images\/spotlight\/spotlight1img\/bg-mask.png\" alt=\"Image Mask\"\/><img src=\"https:\/\/files.sunoresearch.com.br\/n\/uploads\/2022\/02\/Shein-400x200.jpg\" alt=\"Shein, Shopee e AliExpress fazem acordo com Haddad; entenda o que muda\"\/><\/a><span class=\"spotlightCategory\"><a href=\"https:\/\/www.suno.com.br\/noticias\/mercado\/\">Mercado<\/a><\/span><\/div><div class=\"cardsPage__listCard__boxs__content\"><a href=\"https:\/\/www.suno.com.br\/noticias\/shein-shopee-aliexpress-acordo-haddad-entenda\/\"><h2 class=\"content__title\">Shein, Shopee e AliExpress fazem acordo com Haddad; entenda o que muda<\/h2><\/a><div class=\"newsContent__article__meta\"><div class=\"newsContent__article__meta__authorBox\"><a href=\"https:\/\/www.suno.com.br\/noticias\/author\/eduardo-vargas\/\" class=\"authorBox__avatar noMobi\"><img src=\"https:\/\/secure.gravatar.com\/avatar\/dac340933427a22924c9f99d1eb2e3f2?s=96&#038;r=g\" alt=\"Eduardo Vargas\"><\/a><div class=\"authorBox__name\"><span>por\n\t\t\t<a href=\"https:\/\/www.suno.com.br\/noticias\/author\/eduardo-vargas\/\"><span itemprop=\"author\">Eduardo Vargas<\/span><\/a><\/span><time datetime=\"2023-04-24T12:00:03-03:00\" itemprop=\"datePublished\">24\/04\/2023 12:00<\/time><\/div><\/div><\/div><\/div><\/div>","single_layout":"posts","amp_enabled":true,"_links":{"self":[{"href":"https:\/\/www.suno.com.br\/noticias\/wp-json\/wp\/v2\/posts\/393427"}],"collection":[{"href":"https:\/\/www.suno.com.br\/noticias\/wp-json\/wp\/v2\/posts"}],"about":[{"href":"https:\/\/www.suno.com.br\/noticias\/wp-json\/wp\/v2\/types\/post"}],"author":[{"embeddable":true,"href":"https:\/\/www.suno.com.br\/noticias\/wp-json\/wp\/v2\/users\/232"}],"replies":[{"embeddable":true,"href":"https:\/\/www.suno.com.br\/noticias\/wp-json\/wp\/v2\/comments?post=393427"}],"version-history":[{"count":3,"href":"https:\/\/www.suno.com.br\/noticias\/wp-json\/wp\/v2\/posts\/393427\/revisions"}],"predecessor-version":[{"id":395351,"href":"https:\/\/www.suno.com.br\/noticias\/wp-json\/wp\/v2\/posts\/393427\/revisions\/395351"}],"wp:featuredmedia":[{"embeddable":true,"href":"https:\/\/www.suno.com.br\/noticias\/wp-json\/wp\/v2\/media\/234056"}],"wp:attachment":[{"href":"https:\/\/www.suno.com.br\/noticias\/wp-json\/wp\/v2\/media?parent=393427"}],"wp:term":[{"taxonomy":"category","embeddable":true,"href":"https:\/\/www.suno.com.br\/noticias\/wp-json\/wp\/v2\/categories?post=393427"},{"taxonomy":"post_tag","embeddable":true,"href":"https:\/\/www.suno.com.br\/noticias\/wp-json\/wp\/v2\/tags?post=393427"},{"taxonomy":"suno_strategy","embeddable":true,"href":"https:\/\/www.suno.com.br\/noticias\/wp-json\/wp\/v2\/suno_strategy?post=393427"}],"curies":[{"name":"wp","href":"https:\/\/api.w.org\/{rel}","templated":true}]}}