{"id":39310,"date":"2019-09-30T12:32:58","date_gmt":"2019-09-30T15:32:58","guid":{"rendered":"https:\/\/www.suno.com.br\/noticias\/?p=39310"},"modified":"2019-10-01T11:17:13","modified_gmt":"2019-10-01T14:17:13","slug":"arezzo-dividendos-pagamentos-suplementares","status":"publish","type":"post","link":"https:\/\/www.suno.com.br\/noticias\/arezzo-dividendos-pagamentos-suplementares\/","title":{"rendered":"Diretoria da Arezzo aprova distribui\u00e7\u00e3o de R$ 17,7 milh\u00f5es em dividendos"},"content":{"rendered":"<p>A Arezzo (ARZZ3) informou que a Diretoria da Companhia aprovou nesta segunda-feira (30) o pagamento dos <a href=\"https:\/\/www.suno.com.br\/dividendos\/\"><strong>dividendos<\/strong><\/a> suplementares no montante de R$ 17,7 milh\u00f5es.<\/p>\t<div class=\"wrapper-featured-image\">\n\t\t<figure class=\"spotlightImg\">\n\n\t\t\t<picture>\n\t\t\t\t<source media=\"(max-width: 768px)\" srcset=\"https:\/\/files.sunoresearch.com.br\/n\/uploads\/2019\/08\/9498f91e-arezzo_2_novarejo-400x200.webp\">\n\t\t\t\t<img loading=\"lazy\" decoding=\"async\" class=\"newsContent__article__imgCapa lazyloadDisabled newsContent__article__imgCapa--noCaption\" src=\"https:\/\/files.sunoresearch.com.br\/n\/uploads\/2019\/08\/9498f91e-arezzo_2_novarejo-jpg.webp\" width=\"800\" height=\"450\" alt=\"Diretoria da Arezzo aprova distribui\u00e7\u00e3o de R$ 17,7 milh\u00f5es em dividendos\" fetchpriority=high \/>\n\t\t\t<\/picture>\n\n\t\t\t<figcaption class=\"wp-caption-text wp-caption-text--hide\">Arezzo (ARZZ3) registra queda de 21,3% no lucro l\u00edquido do 3T20  <\/figcaption>\n\t\t<\/figure>\n\t<\/div>\n\n\n<p>&#8220;O valor total de dividendos corresponde a R$ 0,91641373027 por <a href=\"https:\/\/www.suno.com.br\/artigos\/o-que-sao-acoes-ordinarias-preferenciais-e-units\/\"><strong>a\u00e7\u00e3o ordin\u00e1ria<\/strong><\/a>, desconsideradas as a\u00e7\u00f5es em tesouraria (dividendos), a ser realizado em moeda corrente nacional, em uma \u00fanica parcela, em 15 de outubro de 2019&#8243;, informou a <strong>Arezzo<\/strong>.<\/p>\n\n<p>As pessoas que receber\u00e3o benef\u00edcios ser\u00e3o as inscritas como acionistas da empresa em 30 de abril. O recebimento do dividendo ser\u00e1 isento de Imposto de Renda.<\/p>\n<p>&#8220;Para os acionistas cujo cadastro n\u00e3o contenha a inscri\u00e7\u00e3o do CPF\/<a href=\"https:\/\/www.suno.com.br\/artigos\/cartao-cnpj\/\">CNPJ<\/a> ou a indica\u00e7\u00e3o de Banco, Ag\u00eancia, Conta Corrente, os dividendos somente ser\u00e3o creditados depois da atualiza\u00e7\u00e3o cadastral e nos prazo determinados pela Ita\u00fa Corretora de Valores Mobili\u00e1rios&#8221;, informou o documento.<\/p>\n<p><iframe loading=\"lazy\" title=\"?Eike condenado; Arezzo distribui dividendos; Oi pode obter 7 bi e Alerta da FGV\" width=\"200\" height=\"113\" src=\"https:\/\/www.youtube.com\/embed\/Qd5Y0AcYWgk?feature=oembed\" frameborder=\"0\" allow=\"accelerometer; autoplay; encrypted-media; gyroscope; picture-in-picture\" allowfullscreen><\/iframe><\/p>\n<h2>Arezzo registra lucro l\u00edquido de R$ 42 milh\u00f5es no 2T19<\/h2>\n<p>A empresa de cal\u00e7ados Arezzo reportou uma alta de 22,5% no seu <strong><a href=\"https:\/\/www.suno.com.br\/artigos\/lucro-liquido\/\">lucro l\u00edquido<\/a> <\/strong>do trimestre, que come\u00e7ou em abril e terminou em junho. O valor, sem IFRS, foi de R$ 33,1 milh\u00f5es para R$ 40,5 milh\u00f5es. Com a norma cont\u00e1bil, o lucro chegou a R$ 42,3 milh\u00f5es. O avan\u00e7o foi de 27,9% em rela\u00e7\u00e3o ao igual per\u00edodo do ano passado.<\/p>\n<p>No primeiro semestre deste ano, o lucro da Arezzo<strong>,<\/strong> sem a norma do <a href=\"https:\/\/www.suno.com.br\/artigos\/ifrs\/\">IFRS<\/a>, chegou a R$ 63,7 milh\u00f5es. A alta foi de 5,8% em rela\u00e7\u00e3o ao igual per\u00edodo de 2018. Considerando o IFRS, o valor atingiu R$ 66,2 milh\u00f5es.<\/p>\n<p><a href=\"\/\/www.suno.com.br\/noticias\/reforma-tributaria-dividendos-cpmf\/\">Confira Tamb\u00e9m: Sem CPMF na reforma tribut\u00e1ria, governo estuda tributa\u00e7\u00e3o de dividendos<\/a><\/p>\n<p>O <a href=\"https:\/\/www.suno.com.br\/artigos\/ebitda\/\">Ebtida<\/a>, sem o efeito do IFRS, chegou a R$ 68,9 milh\u00f5es neste segundo trimestre. O crescimento foi de 22% em compara\u00e7\u00e3o ao ano passado. Em 2018, o valor atingido foi de R$ 56,5 milh\u00f5es. Levando em conta o IFRS, o valor diminui para R$ 58,8 milh\u00f5es.<\/p>\n<p>O semestre teve uma alta de 27% em rela\u00e7\u00e3o a 2018. Dessa forma, o valor foi de R$ 97,3 milh\u00f5es para R$ 123,5 milh\u00f5es. Considerando o IFRS, o avan\u00e7o diminui um pouco e chega a R$ 103,6 milh\u00f5es. Assim, o aumento \u00e9 de 6,5%.<\/p>\n\t<p>\n\t\t<a href=\"https:\/\/lp.suno.com.br\/ebook-guia-ir\/\" target=\"_blank\" data-element=\"shortcode-suno-banner\" title=\"Banner SUNO, clique e saiba mais\">\n\t\t\t<picture>\n\t\t\t\t<source media=\"(max-width: 500px)\" srcset=\"https:\/\/files.sunoresearch.com.br\/n\/uploads\/2023\/03\/400x300-Ebook-IR.png\">\n\t\t\t\t<img class=\"newsContent__article__imgCapa newsContent__article__imgCapa--banner\"\n\t\t\t\t\tsrc=\"https:\/\/files.sunoresearch.com.br\/n\/uploads\/2023\/03\/1420x240-Ebook-IR.png\"\n\t\t\t\t\tdata-promo-id=\"383124\"\t\t\t\t\t\t\t\t\t\twidth='1420' height='240'\t\t\t\t\talt=\"https:\/\/files.sunoresearch.com.br\/n\/uploads\/2023\/03\/1420x240-Ebook-IR.png\"\n\t\t\t\t>\n\t\t\t<\/picture>\n\t\t<\/a>\n\t<\/p>\n\n\n<p>As vendas <a href=\"https:\/\/www.suno.com.br\/artigos\/same-store-sales\/\">Same Stores Sales (SSS)<\/a> ca\u00edram em 6% no trimestre de abril a junho. Mesmo assim, houve uma alta de 1,3%. Entretanto, na compara\u00e7\u00e3o com o mesmo semestre do ano passado, a Arezzo teve um baixa de 4,2%. O Same Store Sales \u00e9 um importante indicado para empresas do com\u00e9rcio. O SSS mostra o quanto as vendas cresceram em lojas iguais em rela\u00e7\u00e3o ao per\u00edodo anterior.<\/p>\n<p>Dessa forma, o SSS sell-out, que conta os valores obtidos na web, nas franquias e nas lojas pr\u00f3prias subiu 4,1% no segundo trimestre. A <strong>Arezzo<\/strong> informou que est\u00e1 refor\u00e7ando sua \u00e1rea digital e integrando canais.<\/p>\n","protected":false},"excerpt":{"rendered":"<p>A Arezzo (ARZZ3) informou que a Diretoria da Companhia aprovou nesta segunda-feira (30) o pagamento dos dividendos suplementares no montante de R$ 17,7 milh\u00f5es. Arezzo (ARZZ3) registra queda de 21,3% no lucro l\u00edquido do 3T20 &#8220;O valor total de dividendos corresponde a R$ 0,91641373027 por a\u00e7\u00e3o ordin\u00e1ria, desconsideradas as a\u00e7\u00f5es em tesouraria (dividendos), a ser [&hellip;]<\/p>\n","protected":false},"author":15,"featured_media":33316,"comment_status":"closed","ping_status":"closed","sticky":false,"template":"","format":"standard","meta":[],"categories":[64],"tags":[362,295],"suno_strategy":[],"class_list":["post-39310","post","type-post","status-publish","format-standard","has-post-thumbnail","hentry","category-negocios","tag-arezzo-arzz3","tag-dividendos"],"yoast_head":"<!-- This site is optimized with the Yoast SEO plugin v24.4 - https:\/\/yoast.com\/wordpress\/plugins\/seo\/ -->\n<title>Diretoria da Arezzo aprova distribui\u00e7\u00e3o de R$ 17,7 milh\u00f5es em dividendos<\/title>\n<meta name=\"description\" content=\"A Arezzo informou que a diretoria aprovou nesta segunda (30) o pagamento dos dividendos suplementares no montante de R$ 17,7 mi. Clique aqui\" \/>\n<meta name=\"robots\" content=\"index, follow, max-snippet:-1, max-image-preview:large, max-video-preview:-1\" \/>\n<link rel=\"canonical\" href=\"https:\/\/www.suno.com.br\/noticias\/arezzo-dividendos-pagamentos-suplementares\/\" \/>\n<meta property=\"og:locale\" content=\"pt_BR\" \/>\n<meta property=\"og:type\" content=\"article\" \/>\n<meta property=\"og:title\" content=\"Diretoria da Arezzo aprova distribui\u00e7\u00e3o de R$ 17,7 milh\u00f5es em dividendos\" \/>\n<meta property=\"og:description\" content=\"A Arezzo informou que a diretoria aprovou nesta segunda (30) o pagamento dos dividendos suplementares no montante de R$ 17,7 mi. Clique aqui\" \/>\n<meta property=\"og:url\" content=\"https:\/\/www.suno.com.br\/noticias\/arezzo-dividendos-pagamentos-suplementares\/\" \/>\n<meta property=\"og:site_name\" content=\"Suno Not\u00edcias\" \/>\n<meta property=\"article:publisher\" content=\"https:\/\/facebook.com\/sunoresearch\" \/>\n<meta property=\"og:image\" content=\"https:\/\/files.sunoresearch.com.br\/n\/uploads\/2019\/08\/9498f91e-arezzo_2_novarejo.jpg\" \/>\n\t<meta property=\"og:image:width\" content=\"615\" \/>\n\t<meta property=\"og:image:height\" content=\"422\" \/>\n\t<meta property=\"og:image:type\" content=\"image\/jpeg\" \/>\n<meta name=\"author\" content=\"Poliana Santos\" \/>\n<meta name=\"twitter:card\" content=\"summary_large_image\" \/>\n<meta name=\"twitter:creator\" content=\"@sunoresearch\" \/>\n<meta name=\"twitter:site\" content=\"@sunoresearch\" \/>\n<meta name=\"twitter:label1\" content=\"Escrito por\" \/>\n\t<meta name=\"twitter:data1\" content=\"Poliana Santos\" \/>\n\t<meta name=\"twitter:label2\" content=\"Est. tempo de leitura\" \/>\n\t<meta name=\"twitter:data2\" content=\"2 minutos\" \/>\n<script type=\"application\/ld+json\" class=\"yoast-schema-graph\">{\"@context\":\"https:\/\/schema.org\",\"@graph\":[{\"@type\":\"NewsArticle\",\"@id\":\"https:\/\/www.suno.com.br\/noticias\/arezzo-dividendos-pagamentos-suplementares\/#article\",\"isPartOf\":{\"@id\":\"https:\/\/www.suno.com.br\/noticias\/arezzo-dividendos-pagamentos-suplementares\/\"},\"author\":{\"name\":\"Poliana Santos\",\"@id\":\"https:\/\/www.suno.com.br\/noticias\/#\/schema\/person\/02ec1f752758247878a2bf4abee1aeda\"},\"headline\":\"Diretoria da Arezzo aprova distribui\u00e7\u00e3o de R$ 17,7 milh\u00f5es em dividendos\",\"datePublished\":\"2019-09-30T15:32:58+00:00\",\"dateModified\":\"2019-10-01T14:17:13+00:00\",\"mainEntityOfPage\":{\"@id\":\"https:\/\/www.suno.com.br\/noticias\/arezzo-dividendos-pagamentos-suplementares\/\"},\"wordCount\":491,\"publisher\":{\"@id\":\"https:\/\/www.suno.com.br\/noticias\/#organization\"},\"image\":{\"@id\":\"https:\/\/www.suno.com.br\/noticias\/arezzo-dividendos-pagamentos-suplementares\/#primaryimage\"},\"thumbnailUrl\":\"https:\/\/files.sunoresearch.com.br\/n\/uploads\/2019\/08\/9498f91e-arezzo_2_novarejo-jpg.webp\",\"keywords\":[\"Arezzo (ARZZ3)\",\"dividendos\"],\"articleSection\":[\"Neg\u00f3cios\"],\"inLanguage\":\"pt-BR\"},{\"@type\":\"WebPage\",\"@id\":\"https:\/\/www.suno.com.br\/noticias\/arezzo-dividendos-pagamentos-suplementares\/\",\"url\":\"https:\/\/www.suno.com.br\/noticias\/arezzo-dividendos-pagamentos-suplementares\/\",\"name\":\"Diretoria da Arezzo aprova distribui\u00e7\u00e3o de R$ 17,7 milh\u00f5es em dividendos\",\"isPartOf\":{\"@id\":\"https:\/\/www.suno.com.br\/noticias\/#website\"},\"primaryImageOfPage\":{\"@id\":\"https:\/\/www.suno.com.br\/noticias\/arezzo-dividendos-pagamentos-suplementares\/#primaryimage\"},\"image\":{\"@id\":\"https:\/\/www.suno.com.br\/noticias\/arezzo-dividendos-pagamentos-suplementares\/#primaryimage\"},\"thumbnailUrl\":\"https:\/\/files.sunoresearch.com.br\/n\/uploads\/2019\/08\/9498f91e-arezzo_2_novarejo-jpg.webp\",\"datePublished\":\"2019-09-30T15:32:58+00:00\",\"dateModified\":\"2019-10-01T14:17:13+00:00\",\"description\":\"A Arezzo informou que a diretoria aprovou nesta segunda (30) o pagamento dos dividendos suplementares no montante de R$ 17,7 mi. Clique aqui\",\"breadcrumb\":{\"@id\":\"https:\/\/www.suno.com.br\/noticias\/arezzo-dividendos-pagamentos-suplementares\/#breadcrumb\"},\"inLanguage\":\"pt-BR\",\"potentialAction\":[{\"@type\":\"ReadAction\",\"target\":[\"https:\/\/www.suno.com.br\/noticias\/arezzo-dividendos-pagamentos-suplementares\/\"]}]},{\"@type\":\"ImageObject\",\"inLanguage\":\"pt-BR\",\"@id\":\"https:\/\/www.suno.com.br\/noticias\/arezzo-dividendos-pagamentos-suplementares\/#primaryimage\",\"url\":\"https:\/\/files.sunoresearch.com.br\/n\/uploads\/2019\/08\/9498f91e-arezzo_2_novarejo-jpg.webp\",\"contentUrl\":\"https:\/\/files.sunoresearch.com.br\/n\/uploads\/2019\/08\/9498f91e-arezzo_2_novarejo-jpg.webp\",\"width\":615,\"height\":422,\"caption\":\"Arezzo (ARZZ3) registra queda de 21,3% no lucro l\u00edquido do 3T20\"},{\"@type\":\"BreadcrumbList\",\"@id\":\"https:\/\/www.suno.com.br\/noticias\/arezzo-dividendos-pagamentos-suplementares\/#breadcrumb\",\"itemListElement\":[{\"@type\":\"ListItem\",\"position\":1,\"name\":\"Not\u00edcias\",\"item\":\"https:\/\/www.suno.com.br\/noticias\/\"},{\"@type\":\"ListItem\",\"position\":2,\"name\":\"Neg\u00f3cios\",\"item\":\"https:\/\/www.suno.com.br\/noticias\/negocios\/\"},{\"@type\":\"ListItem\",\"position\":3,\"name\":\"Diretoria da Arezzo aprova distribui\u00e7\u00e3o de R$ 17,7 milh\u00f5es em dividendos\"}]},{\"@type\":\"WebSite\",\"@id\":\"https:\/\/www.suno.com.br\/noticias\/#website\",\"url\":\"https:\/\/www.suno.com.br\/noticias\/\",\"name\":\"Suno Not\u00edcias\",\"description\":\"Seu portal de informa\u00e7\u00e3o sobre o mundo dos investimentos\",\"publisher\":{\"@id\":\"https:\/\/www.suno.com.br\/noticias\/#organization\"},\"potentialAction\":[{\"@type\":\"SearchAction\",\"target\":{\"@type\":\"EntryPoint\",\"urlTemplate\":\"https:\/\/www.suno.com.br\/noticias\/?s={search_term_string}\"},\"query-input\":{\"@type\":\"PropertyValueSpecification\",\"valueRequired\":true,\"valueName\":\"search_term_string\"}}],\"inLanguage\":\"pt-BR\"},{\"@type\":\"Organization\",\"@id\":\"https:\/\/www.suno.com.br\/noticias\/#organization\",\"name\":\"Suno Not\u00edcias\",\"url\":\"https:\/\/www.suno.com.br\/noticias\/\",\"logo\":{\"@type\":\"ImageObject\",\"inLanguage\":\"pt-BR\",\"@id\":\"https:\/\/www.suno.com.br\/noticias\/#\/schema\/logo\/image\/\",\"url\":\"https:\/\/files.sunoresearch.com.br\/n\/uploads\/2021\/09\/suno-logo.png\",\"contentUrl\":\"https:\/\/files.sunoresearch.com.br\/n\/uploads\/2021\/09\/suno-logo.png\",\"width\":180,\"height\":180,\"caption\":\"Suno Not\u00edcias\"},\"image\":{\"@id\":\"https:\/\/www.suno.com.br\/noticias\/#\/schema\/logo\/image\/\"},\"sameAs\":[\"https:\/\/facebook.com\/sunoresearch\",\"https:\/\/x.com\/sunoresearch\",\"https:\/\/www.instagram.com\/suno\",\"https:\/\/www.linkedin.com\/company\/suno-research\/\",\"https:\/\/www.youtube.com\/c\/sunoresearch\"]},{\"@type\":\"Person\",\"@id\":\"https:\/\/www.suno.com.br\/noticias\/#\/schema\/person\/02ec1f752758247878a2bf4abee1aeda\",\"name\":\"Poliana Santos\",\"image\":{\"@type\":\"ImageObject\",\"inLanguage\":\"pt-BR\",\"@id\":\"https:\/\/www.suno.com.br\/noticias\/#\/schema\/person\/image\/\",\"url\":\"https:\/\/secure.gravatar.com\/avatar\/0645bd32f23d87b2130f2b2dff1d3f8d?s=96&r=g\",\"contentUrl\":\"https:\/\/secure.gravatar.com\/avatar\/0645bd32f23d87b2130f2b2dff1d3f8d?s=96&r=g\",\"caption\":\"Poliana Santos\"},\"description\":\"Rep\u00f3rter no Suno Not\u00edcias, com cobertura em mercado financeiro, economia, finan\u00e7as pessoais, renda fixa e varejo. Jornalista formada pela Faculdade C\u00e1sper L\u00edbero e possui passagem na R\u00e1dio Gazeta AM com a produ\u00e7\u00e3o de conte\u00fado sobre economia, pol\u00edtica, sa\u00fade, moda e m\u00fasica. Possui certificado de conclus\u00e3o do curso de An\u00e1lise de Balan\u00e7os pela Funda\u00e7\u00e3o Bradesco, Agenda Brasil pela FAAP, Educa\u00e7\u00e3o Pol\u00edtica por Alexandre Garcia e do Tesouro Direto e Mercado de A\u00e7\u00f5es pela B3.\",\"url\":\"https:\/\/www.suno.com.br\/noticias\/author\/poliana-santos\/\"}]}<\/script>\n<!-- \/ Yoast SEO plugin. -->","yoast_head_json":{"title":"Diretoria da Arezzo aprova distribui\u00e7\u00e3o de R$ 17,7 milh\u00f5es em dividendos","description":"A Arezzo informou que a diretoria aprovou nesta segunda (30) o pagamento dos dividendos suplementares no montante de R$ 17,7 mi. Clique aqui","robots":{"index":"index","follow":"follow","max-snippet":"max-snippet:-1","max-image-preview":"max-image-preview:large","max-video-preview":"max-video-preview:-1"},"canonical":"https:\/\/www.suno.com.br\/noticias\/arezzo-dividendos-pagamentos-suplementares\/","og_locale":"pt_BR","og_type":"article","og_title":"Diretoria da Arezzo aprova distribui\u00e7\u00e3o de R$ 17,7 milh\u00f5es em dividendos","og_description":"A Arezzo informou que a diretoria aprovou nesta segunda (30) o pagamento dos dividendos suplementares no montante de R$ 17,7 mi. Clique aqui","og_url":"https:\/\/www.suno.com.br\/noticias\/arezzo-dividendos-pagamentos-suplementares\/","og_site_name":"Suno Not\u00edcias","article_publisher":"https:\/\/facebook.com\/sunoresearch","og_image":[{"width":615,"height":422,"url":"https:\/\/files.sunoresearch.com.br\/n\/uploads\/2019\/08\/9498f91e-arezzo_2_novarejo.jpg","type":"image\/jpeg"}],"author":"Poliana Santos","twitter_card":"summary_large_image","twitter_creator":"@sunoresearch","twitter_site":"@sunoresearch","twitter_misc":{"Escrito por":"Poliana Santos","Est. tempo de leitura":"2 minutos"},"schema":{"@context":"https:\/\/schema.org","@graph":[{"@type":"NewsArticle","@id":"https:\/\/www.suno.com.br\/noticias\/arezzo-dividendos-pagamentos-suplementares\/#article","isPartOf":{"@id":"https:\/\/www.suno.com.br\/noticias\/arezzo-dividendos-pagamentos-suplementares\/"},"author":{"name":"Poliana Santos","@id":"https:\/\/www.suno.com.br\/noticias\/#\/schema\/person\/02ec1f752758247878a2bf4abee1aeda"},"headline":"Diretoria da Arezzo aprova distribui\u00e7\u00e3o de R$ 17,7 milh\u00f5es em dividendos","datePublished":"2019-09-30T15:32:58+00:00","dateModified":"2019-10-01T14:17:13+00:00","mainEntityOfPage":{"@id":"https:\/\/www.suno.com.br\/noticias\/arezzo-dividendos-pagamentos-suplementares\/"},"wordCount":491,"publisher":{"@id":"https:\/\/www.suno.com.br\/noticias\/#organization"},"image":{"@id":"https:\/\/www.suno.com.br\/noticias\/arezzo-dividendos-pagamentos-suplementares\/#primaryimage"},"thumbnailUrl":"https:\/\/files.sunoresearch.com.br\/n\/uploads\/2019\/08\/9498f91e-arezzo_2_novarejo-jpg.webp","keywords":["Arezzo (ARZZ3)","dividendos"],"articleSection":["Neg\u00f3cios"],"inLanguage":"pt-BR"},{"@type":"WebPage","@id":"https:\/\/www.suno.com.br\/noticias\/arezzo-dividendos-pagamentos-suplementares\/","url":"https:\/\/www.suno.com.br\/noticias\/arezzo-dividendos-pagamentos-suplementares\/","name":"Diretoria da Arezzo aprova distribui\u00e7\u00e3o de R$ 17,7 milh\u00f5es em dividendos","isPartOf":{"@id":"https:\/\/www.suno.com.br\/noticias\/#website"},"primaryImageOfPage":{"@id":"https:\/\/www.suno.com.br\/noticias\/arezzo-dividendos-pagamentos-suplementares\/#primaryimage"},"image":{"@id":"https:\/\/www.suno.com.br\/noticias\/arezzo-dividendos-pagamentos-suplementares\/#primaryimage"},"thumbnailUrl":"https:\/\/files.sunoresearch.com.br\/n\/uploads\/2019\/08\/9498f91e-arezzo_2_novarejo-jpg.webp","datePublished":"2019-09-30T15:32:58+00:00","dateModified":"2019-10-01T14:17:13+00:00","description":"A Arezzo informou que a diretoria aprovou nesta segunda (30) o pagamento dos dividendos suplementares no montante de R$ 17,7 mi. Clique aqui","breadcrumb":{"@id":"https:\/\/www.suno.com.br\/noticias\/arezzo-dividendos-pagamentos-suplementares\/#breadcrumb"},"inLanguage":"pt-BR","potentialAction":[{"@type":"ReadAction","target":["https:\/\/www.suno.com.br\/noticias\/arezzo-dividendos-pagamentos-suplementares\/"]}]},{"@type":"ImageObject","inLanguage":"pt-BR","@id":"https:\/\/www.suno.com.br\/noticias\/arezzo-dividendos-pagamentos-suplementares\/#primaryimage","url":"https:\/\/files.sunoresearch.com.br\/n\/uploads\/2019\/08\/9498f91e-arezzo_2_novarejo-jpg.webp","contentUrl":"https:\/\/files.sunoresearch.com.br\/n\/uploads\/2019\/08\/9498f91e-arezzo_2_novarejo-jpg.webp","width":615,"height":422,"caption":"Arezzo (ARZZ3) registra queda de 21,3% no lucro l\u00edquido do 3T20"},{"@type":"BreadcrumbList","@id":"https:\/\/www.suno.com.br\/noticias\/arezzo-dividendos-pagamentos-suplementares\/#breadcrumb","itemListElement":[{"@type":"ListItem","position":1,"name":"Not\u00edcias","item":"https:\/\/www.suno.com.br\/noticias\/"},{"@type":"ListItem","position":2,"name":"Neg\u00f3cios","item":"https:\/\/www.suno.com.br\/noticias\/negocios\/"},{"@type":"ListItem","position":3,"name":"Diretoria da Arezzo aprova distribui\u00e7\u00e3o de R$ 17,7 milh\u00f5es em dividendos"}]},{"@type":"WebSite","@id":"https:\/\/www.suno.com.br\/noticias\/#website","url":"https:\/\/www.suno.com.br\/noticias\/","name":"Suno Not\u00edcias","description":"Seu portal de informa\u00e7\u00e3o sobre o mundo dos investimentos","publisher":{"@id":"https:\/\/www.suno.com.br\/noticias\/#organization"},"potentialAction":[{"@type":"SearchAction","target":{"@type":"EntryPoint","urlTemplate":"https:\/\/www.suno.com.br\/noticias\/?s={search_term_string}"},"query-input":{"@type":"PropertyValueSpecification","valueRequired":true,"valueName":"search_term_string"}}],"inLanguage":"pt-BR"},{"@type":"Organization","@id":"https:\/\/www.suno.com.br\/noticias\/#organization","name":"Suno Not\u00edcias","url":"https:\/\/www.suno.com.br\/noticias\/","logo":{"@type":"ImageObject","inLanguage":"pt-BR","@id":"https:\/\/www.suno.com.br\/noticias\/#\/schema\/logo\/image\/","url":"https:\/\/files.sunoresearch.com.br\/n\/uploads\/2021\/09\/suno-logo.png","contentUrl":"https:\/\/files.sunoresearch.com.br\/n\/uploads\/2021\/09\/suno-logo.png","width":180,"height":180,"caption":"Suno Not\u00edcias"},"image":{"@id":"https:\/\/www.suno.com.br\/noticias\/#\/schema\/logo\/image\/"},"sameAs":["https:\/\/facebook.com\/sunoresearch","https:\/\/x.com\/sunoresearch","https:\/\/www.instagram.com\/suno","https:\/\/www.linkedin.com\/company\/suno-research\/","https:\/\/www.youtube.com\/c\/sunoresearch"]},{"@type":"Person","@id":"https:\/\/www.suno.com.br\/noticias\/#\/schema\/person\/02ec1f752758247878a2bf4abee1aeda","name":"Poliana Santos","image":{"@type":"ImageObject","inLanguage":"pt-BR","@id":"https:\/\/www.suno.com.br\/noticias\/#\/schema\/person\/image\/","url":"https:\/\/secure.gravatar.com\/avatar\/0645bd32f23d87b2130f2b2dff1d3f8d?s=96&r=g","contentUrl":"https:\/\/secure.gravatar.com\/avatar\/0645bd32f23d87b2130f2b2dff1d3f8d?s=96&r=g","caption":"Poliana Santos"},"description":"Rep\u00f3rter no Suno Not\u00edcias, com cobertura em mercado financeiro, economia, finan\u00e7as pessoais, renda fixa e varejo. Jornalista formada pela Faculdade C\u00e1sper L\u00edbero e possui passagem na R\u00e1dio Gazeta AM com a produ\u00e7\u00e3o de conte\u00fado sobre economia, pol\u00edtica, sa\u00fade, moda e m\u00fasica. Possui certificado de conclus\u00e3o do curso de An\u00e1lise de Balan\u00e7os pela Funda\u00e7\u00e3o Bradesco, Agenda Brasil pela FAAP, Educa\u00e7\u00e3o Pol\u00edtica por Alexandre Garcia e do Tesouro Direto e Mercado de A\u00e7\u00f5es pela B3.","url":"https:\/\/www.suno.com.br\/noticias\/author\/poliana-santos\/"}]}},"default_loop_html":"<div class=\"cardsPage__listCard__boxs\"><div class=\"cardsPage__listCard__boxs__img\"><a href=\"https:\/\/www.suno.com.br\/noticias\/arezzo-dividendos-pagamentos-suplementares\/\"><img class=\"mask\" src=\"https:\/\/www.suno.com.br\/noticias\/wp-content\/themes\/suno\/resources\/images\/spotlight\/spotlight1img\/bg-mask.png\" alt=\"Image Mask\"\/><img src=\"https:\/\/files.sunoresearch.com.br\/n\/uploads\/2019\/08\/9498f91e-arezzo_2_novarejo-400x200.webp\" alt=\"Diretoria da Arezzo aprova distribui\u00e7\u00e3o de R$ 17,7 milh\u00f5es em dividendos\"\/><\/a><span class=\"spotlightCategory\"><a href=\"https:\/\/www.suno.com.br\/noticias\/negocios\/\">Neg\u00f3cios<\/a><\/span><\/div><div class=\"cardsPage__listCard__boxs__content\"><a href=\"https:\/\/www.suno.com.br\/noticias\/arezzo-dividendos-pagamentos-suplementares\/\"><h2 class=\"content__title\">Diretoria da Arezzo aprova distribui\u00e7\u00e3o de R$ 17,7 milh\u00f5es em dividendos<\/h2><\/a><div class=\"newsContent__article__meta\"><div class=\"newsContent__article__meta__authorBox\"><a href=\"https:\/\/www.suno.com.br\/noticias\/author\/poliana-santos\/\" class=\"authorBox__avatar noMobi\"><img src=\"https:\/\/files.sunoresearch.com.br\/n\/uploads\/2020\/08\/7ef34026-whatsapp-image-2020-08-03-at-12.37.57-150x150.webp\" alt=\"Poliana Santos\"><\/a><div class=\"authorBox__name\"><span>por\n\t\t\t<a href=\"https:\/\/www.suno.com.br\/noticias\/author\/poliana-santos\/\"><span itemprop=\"author\">Poliana Santos<\/span><\/a><\/span><time datetime=\"2019-09-30T12:32:58-03:00\" itemprop=\"datePublished\">30\/09\/2019 12:32<\/time><\/div><\/div><\/div><\/div><\/div>","single_layout":"posts","amp_enabled":true,"_links":{"self":[{"href":"https:\/\/www.suno.com.br\/noticias\/wp-json\/wp\/v2\/posts\/39310"}],"collection":[{"href":"https:\/\/www.suno.com.br\/noticias\/wp-json\/wp\/v2\/posts"}],"about":[{"href":"https:\/\/www.suno.com.br\/noticias\/wp-json\/wp\/v2\/types\/post"}],"author":[{"embeddable":true,"href":"https:\/\/www.suno.com.br\/noticias\/wp-json\/wp\/v2\/users\/15"}],"replies":[{"embeddable":true,"href":"https:\/\/www.suno.com.br\/noticias\/wp-json\/wp\/v2\/comments?post=39310"}],"version-history":[{"count":0,"href":"https:\/\/www.suno.com.br\/noticias\/wp-json\/wp\/v2\/posts\/39310\/revisions"}],"wp:featuredmedia":[{"embeddable":true,"href":"https:\/\/www.suno.com.br\/noticias\/wp-json\/wp\/v2\/media\/33316"}],"wp:attachment":[{"href":"https:\/\/www.suno.com.br\/noticias\/wp-json\/wp\/v2\/media?parent=39310"}],"wp:term":[{"taxonomy":"category","embeddable":true,"href":"https:\/\/www.suno.com.br\/noticias\/wp-json\/wp\/v2\/categories?post=39310"},{"taxonomy":"post_tag","embeddable":true,"href":"https:\/\/www.suno.com.br\/noticias\/wp-json\/wp\/v2\/tags?post=39310"},{"taxonomy":"suno_strategy","embeddable":true,"href":"https:\/\/www.suno.com.br\/noticias\/wp-json\/wp\/v2\/suno_strategy?post=39310"}],"curies":[{"name":"wp","href":"https:\/\/api.w.org\/{rel}","templated":true}]}}