{"id":3931,"date":"2018-09-14T09:51:24","date_gmt":"2018-09-14T12:51:24","guid":{"rendered":"https:\/\/www.suno.com.br\/noticias\/?p=3931"},"modified":"2021-05-10T22:41:20","modified_gmt":"2021-05-11T01:41:20","slug":"sexta-politica-negocios-bolsonaro","status":"publish","type":"post","link":"https:\/\/www.suno.com.br\/noticias\/sexta-politica-negocios-bolsonaro\/","title":{"rendered":"O que saber nesta sexta-feira em pol\u00edtica, neg\u00f3cios: aus\u00eancia de Bolsonaro divide campanha, fus\u00e3o da Suzano e Fibria"},"content":{"rendered":"<p>No cen\u00e1rio pol\u00edtico, aten\u00e7\u00e3o para a aparente divis\u00e3o na campanha causada pela aus\u00eancia de Jair Bolsonaro (PSL). A cirurgia de emerg\u00eancia da noite de quarta significa, na pr\u00e1tica, que ele n\u00e3o participar\u00e1 fisicamente dos atos de campanha, seja em v\u00eddeos ou viagens, provavelmente incluindo no segundo turno.<\/p>\t<div class=\"wrapper-featured-image\">\n\t\t<figure class=\"spotlightImg\">\n\n\t\t\t<picture>\n\t\t\t\t<source media=\"(max-width: 768px)\" srcset=\"https:\/\/files.sunoresearch.com.br\/n\/uploads\/2018\/09\/0686537c-bolsonaro-400x200.webp\">\n\t\t\t\t<img loading=\"lazy\" decoding=\"async\" class=\"newsContent__article__imgCapa lazyloadDisabled newsContent__article__imgCapa--noCaption\" src=\"https:\/\/files.sunoresearch.com.br\/n\/uploads\/2018\/09\/0686537c-bolsonaro-800x450.webp\" width=\"800\" height=\"450\" alt=\"O que saber nesta sexta-feira em pol\u00edtica, neg\u00f3cios: aus\u00eancia de Bolsonaro divide campanha, fus\u00e3o da Suzano e Fibria\" fetchpriority=high \/>\n\t\t\t<\/picture>\n\n\t\t\t<figcaption class=\"wp-caption-text wp-caption-text--hide\">Bolsonaro faz novo exame para detectar coronav\u00edrus <\/figcaption>\n\t\t<\/figure>\n\t<\/div>\n\n\n<p>Enquanto de um lado os tr\u00eas filhos mais velhos de Bolsonaro, todos pol\u00edticos, tomam as r\u00e9deas da campanha, do outro h\u00e1 a influ\u00eancia de seu vice Hamilton Mour\u00e3o, do PRTB. Ele consultou o TSE quanto \u00e0 possibilidade de substituir Bolsonaro nos debates, irritando a fam\u00edlia do candidato por ter visto na atitude uma pressa indevida, al\u00e9m da manobra ter sido sem consulta ao PSL.<\/p>\n<p>A fam\u00edlia de Bolsonaro publicou em seu perfil no Twitter um post para tentar apaziguar a sensa\u00e7\u00e3o de &#8220;racha&#8221; na campanha, dizendo que formaram &#8220;um time s\u00f3lido e preparado para a miss\u00e3o de mudar o Brasil! N\u00e3o h\u00e1 divis\u00e3o!&#8221;.<\/p>\n<p>J\u00e1 na esfera corporativa o grande destaque est\u00e1 na aprova\u00e7\u00e3o, em assembleias gerais extraordin\u00e1rias, da fus\u00e3o proposta em mar\u00e7o entre a Suzano e a Fibria. A nova companhia representa a maior produtora de celulose do mundo. Os acionistas da Fibria aceitaram a oferta da Suzano de dinheiro e a\u00e7\u00f5es representando cerca de R$35 bilh\u00f5es. O valor de mercado da fus\u00e3o \u00e9 de cerca de R$100 bilh\u00f5es, o que a torna uma das dez maiores companhias listadas no mercado. A conclus\u00e3o da opera\u00e7\u00e3o ainda aguarda a aprova\u00e7\u00e3o de autoridades de concorr\u00eancia no Brasil e no exterior.<\/p>\n<p>A Equatorial Energia anunciou at\u00e9 R$ 1,43 bilh\u00f5es em emiss\u00f5es de t\u00edtulos. A Eztec anunciou um novo empreendimento residencial de R$ 106 milh\u00f5es em S\u00e3o Paulo.<\/p>\n","protected":false},"excerpt":{"rendered":"<p>No cen\u00e1rio pol\u00edtico, aten\u00e7\u00e3o para a aparente divis\u00e3o na campanha causada pela aus\u00eancia de Jair Bolsonaro (PSL). A cirurgia de emerg\u00eancia da noite de quarta significa, na pr\u00e1tica, que ele n\u00e3o participar\u00e1 fisicamente dos atos de campanha, seja em v\u00eddeos ou viagens, provavelmente incluindo no segundo turno. Bolsonaro faz novo exame para detectar coronav\u00edrus Enquanto [&hellip;]<\/p>\n","protected":false},"author":5,"featured_media":3932,"comment_status":"closed","ping_status":"closed","sticky":false,"template":"","format":"standard","meta":[],"categories":[61],"tags":[697,105039,473,477,719,648],"suno_strategy":[],"class_list":["post-3931","post","type-post","status-publish","format-standard","has-post-thumbnail","hentry","category-politica","tag-eleicoes","tag-equatorial-eqtl3","tag-eztec-eztc3","tag-fibria","tag-jair-bolsonaro","tag-suzano-suzb3"],"yoast_head":"<!-- This site is optimized with the Yoast SEO plugin v24.4 - https:\/\/yoast.com\/wordpress\/plugins\/seo\/ -->\n<title>O que saber nesta sexta-feira em pol\u00edtica, neg\u00f3cios: aus\u00eancia de Bolsonaro divide campanha, fus\u00e3o da Suzano e Fibria<\/title>\n<meta name=\"description\" content=\"Nova cirurgia do candidato o tira da reta de campanha e causa atrito entre seu vice e sua fam\u00edlia. Clique para saber mais.\" \/>\n<meta name=\"robots\" content=\"index, follow, max-snippet:-1, max-image-preview:large, max-video-preview:-1\" \/>\n<link rel=\"canonical\" href=\"https:\/\/www.suno.com.br\/noticias\/sexta-politica-negocios-bolsonaro\/\" \/>\n<meta property=\"og:locale\" content=\"pt_BR\" \/>\n<meta property=\"og:type\" content=\"article\" \/>\n<meta property=\"og:title\" content=\"O que saber nesta sexta-feira em pol\u00edtica, neg\u00f3cios: aus\u00eancia de Bolsonaro divide campanha, fus\u00e3o da Suzano e Fibria\" \/>\n<meta property=\"og:description\" content=\"Nova cirurgia do candidato o tira da reta de campanha e causa atrito entre seu vice e sua fam\u00edlia. Clique para saber mais.\" \/>\n<meta property=\"og:url\" content=\"https:\/\/www.suno.com.br\/noticias\/sexta-politica-negocios-bolsonaro\/\" \/>\n<meta property=\"og:site_name\" content=\"Suno Not\u00edcias\" \/>\n<meta property=\"article:publisher\" content=\"https:\/\/facebook.com\/sunoresearch\" \/>\n<meta property=\"article:author\" content=\"https:\/\/www.linkedin.com\/in\/daniel-quandt-a49985110\/\" \/>\n<meta property=\"og:image\" content=\"https:\/\/files.sunoresearch.com.br\/n\/uploads\/2018\/09\/0686537c-bolsonaro.png\" \/>\n\t<meta property=\"og:image:width\" content=\"1424\" \/>\n\t<meta property=\"og:image:height\" content=\"511\" \/>\n\t<meta property=\"og:image:type\" content=\"image\/png\" \/>\n<meta name=\"author\" content=\"Daniel Quandt\" \/>\n<meta name=\"twitter:card\" content=\"summary_large_image\" \/>\n<meta name=\"twitter:creator\" content=\"@sunoresearch\" \/>\n<meta name=\"twitter:site\" content=\"@sunoresearch\" \/>\n<meta name=\"twitter:label1\" content=\"Escrito por\" \/>\n\t<meta name=\"twitter:data1\" content=\"Daniel Quandt\" \/>\n\t<meta name=\"twitter:label2\" content=\"Est. tempo de leitura\" \/>\n\t<meta name=\"twitter:data2\" content=\"2 minutos\" \/>\n<script type=\"application\/ld+json\" class=\"yoast-schema-graph\">{\"@context\":\"https:\/\/schema.org\",\"@graph\":[{\"@type\":\"NewsArticle\",\"@id\":\"https:\/\/www.suno.com.br\/noticias\/sexta-politica-negocios-bolsonaro\/#article\",\"isPartOf\":{\"@id\":\"https:\/\/www.suno.com.br\/noticias\/sexta-politica-negocios-bolsonaro\/\"},\"author\":{\"name\":\"Daniel Quandt\",\"@id\":\"https:\/\/www.suno.com.br\/noticias\/#\/schema\/person\/eca2bab82984722db00d1e6facd8bb26\"},\"headline\":\"O que saber nesta sexta-feira em pol\u00edtica, neg\u00f3cios: aus\u00eancia de Bolsonaro divide campanha, fus\u00e3o da Suzano e Fibria\",\"datePublished\":\"2018-09-14T12:51:24+00:00\",\"dateModified\":\"2021-05-11T01:41:20+00:00\",\"mainEntityOfPage\":{\"@id\":\"https:\/\/www.suno.com.br\/noticias\/sexta-politica-negocios-bolsonaro\/\"},\"wordCount\":328,\"publisher\":{\"@id\":\"https:\/\/www.suno.com.br\/noticias\/#organization\"},\"image\":{\"@id\":\"https:\/\/www.suno.com.br\/noticias\/sexta-politica-negocios-bolsonaro\/#primaryimage\"},\"thumbnailUrl\":\"https:\/\/files.sunoresearch.com.br\/n\/uploads\/2018\/09\/0686537c-bolsonaro-png.webp\",\"keywords\":[\"Elei\u00e7\u00f5es\",\"Equatorial (EQTL3)\",\"Eztec (EZTC3)\",\"Fibria\",\"Jair Bolsonaro\",\"Suzano (SUZB3)\"],\"articleSection\":[\"Pol\u00edtica\"],\"inLanguage\":\"pt-BR\"},{\"@type\":\"WebPage\",\"@id\":\"https:\/\/www.suno.com.br\/noticias\/sexta-politica-negocios-bolsonaro\/\",\"url\":\"https:\/\/www.suno.com.br\/noticias\/sexta-politica-negocios-bolsonaro\/\",\"name\":\"O que saber nesta sexta-feira em pol\u00edtica, neg\u00f3cios: aus\u00eancia de Bolsonaro divide campanha, fus\u00e3o da Suzano e Fibria\",\"isPartOf\":{\"@id\":\"https:\/\/www.suno.com.br\/noticias\/#website\"},\"primaryImageOfPage\":{\"@id\":\"https:\/\/www.suno.com.br\/noticias\/sexta-politica-negocios-bolsonaro\/#primaryimage\"},\"image\":{\"@id\":\"https:\/\/www.suno.com.br\/noticias\/sexta-politica-negocios-bolsonaro\/#primaryimage\"},\"thumbnailUrl\":\"https:\/\/files.sunoresearch.com.br\/n\/uploads\/2018\/09\/0686537c-bolsonaro-png.webp\",\"datePublished\":\"2018-09-14T12:51:24+00:00\",\"dateModified\":\"2021-05-11T01:41:20+00:00\",\"description\":\"Nova cirurgia do candidato o tira da reta de campanha e causa atrito entre seu vice e sua fam\u00edlia. Clique para saber mais.\",\"breadcrumb\":{\"@id\":\"https:\/\/www.suno.com.br\/noticias\/sexta-politica-negocios-bolsonaro\/#breadcrumb\"},\"inLanguage\":\"pt-BR\",\"potentialAction\":[{\"@type\":\"ReadAction\",\"target\":[\"https:\/\/www.suno.com.br\/noticias\/sexta-politica-negocios-bolsonaro\/\"]}]},{\"@type\":\"ImageObject\",\"inLanguage\":\"pt-BR\",\"@id\":\"https:\/\/www.suno.com.br\/noticias\/sexta-politica-negocios-bolsonaro\/#primaryimage\",\"url\":\"https:\/\/files.sunoresearch.com.br\/n\/uploads\/2018\/09\/0686537c-bolsonaro-png.webp\",\"contentUrl\":\"https:\/\/files.sunoresearch.com.br\/n\/uploads\/2018\/09\/0686537c-bolsonaro-png.webp\",\"width\":1424,\"height\":511,\"caption\":\"Bolsonaro faz novo exame para detectar coronav\u00edrus\"},{\"@type\":\"BreadcrumbList\",\"@id\":\"https:\/\/www.suno.com.br\/noticias\/sexta-politica-negocios-bolsonaro\/#breadcrumb\",\"itemListElement\":[{\"@type\":\"ListItem\",\"position\":1,\"name\":\"Not\u00edcias\",\"item\":\"https:\/\/www.suno.com.br\/noticias\/\"},{\"@type\":\"ListItem\",\"position\":2,\"name\":\"Pol\u00edtica\",\"item\":\"https:\/\/www.suno.com.br\/noticias\/politica\/\"},{\"@type\":\"ListItem\",\"position\":3,\"name\":\"O que saber nesta sexta-feira em pol\u00edtica, neg\u00f3cios: aus\u00eancia de Bolsonaro divide campanha, fus\u00e3o da Suzano e Fibria\"}]},{\"@type\":\"WebSite\",\"@id\":\"https:\/\/www.suno.com.br\/noticias\/#website\",\"url\":\"https:\/\/www.suno.com.br\/noticias\/\",\"name\":\"Suno Not\u00edcias\",\"description\":\"Seu portal de informa\u00e7\u00e3o sobre o mundo dos investimentos\",\"publisher\":{\"@id\":\"https:\/\/www.suno.com.br\/noticias\/#organization\"},\"potentialAction\":[{\"@type\":\"SearchAction\",\"target\":{\"@type\":\"EntryPoint\",\"urlTemplate\":\"https:\/\/www.suno.com.br\/noticias\/?s={search_term_string}\"},\"query-input\":{\"@type\":\"PropertyValueSpecification\",\"valueRequired\":true,\"valueName\":\"search_term_string\"}}],\"inLanguage\":\"pt-BR\"},{\"@type\":\"Organization\",\"@id\":\"https:\/\/www.suno.com.br\/noticias\/#organization\",\"name\":\"Suno Not\u00edcias\",\"url\":\"https:\/\/www.suno.com.br\/noticias\/\",\"logo\":{\"@type\":\"ImageObject\",\"inLanguage\":\"pt-BR\",\"@id\":\"https:\/\/www.suno.com.br\/noticias\/#\/schema\/logo\/image\/\",\"url\":\"https:\/\/files.sunoresearch.com.br\/n\/uploads\/2021\/09\/suno-logo.png\",\"contentUrl\":\"https:\/\/files.sunoresearch.com.br\/n\/uploads\/2021\/09\/suno-logo.png\",\"width\":180,\"height\":180,\"caption\":\"Suno Not\u00edcias\"},\"image\":{\"@id\":\"https:\/\/www.suno.com.br\/noticias\/#\/schema\/logo\/image\/\"},\"sameAs\":[\"https:\/\/facebook.com\/sunoresearch\",\"https:\/\/x.com\/sunoresearch\",\"https:\/\/www.instagram.com\/suno\",\"https:\/\/www.linkedin.com\/company\/suno-research\/\",\"https:\/\/www.youtube.com\/c\/sunoresearch\"]},{\"@type\":\"Person\",\"@id\":\"https:\/\/www.suno.com.br\/noticias\/#\/schema\/person\/eca2bab82984722db00d1e6facd8bb26\",\"name\":\"Daniel Quandt\",\"image\":{\"@type\":\"ImageObject\",\"inLanguage\":\"pt-BR\",\"@id\":\"https:\/\/www.suno.com.br\/noticias\/#\/schema\/person\/image\/\",\"url\":\"https:\/\/secure.gravatar.com\/avatar\/5faf4378f9fbf4557a5836a88d66f99a?s=96&r=g\",\"contentUrl\":\"https:\/\/secure.gravatar.com\/avatar\/5faf4378f9fbf4557a5836a88d66f99a?s=96&r=g\",\"caption\":\"Daniel Quandt\"},\"description\":\"Aluno da Universidade de S\u00e3o Paulo, Daniel Quandt escreve sobre economia, mercado financeiro e pol\u00edtica no portal da Suno Research. J\u00e1 passou pela Ag\u00eancia USP de Inova\u00e7\u00e3o e pela startup de v\u00eddeo em blockchain Paratii, desenvolvendo seu conhecimento da aplica\u00e7\u00e3o de tecnologia de ponta ao mercado.\",\"sameAs\":[\"https:\/\/www.suno.com.br\/\",\"https:\/\/www.linkedin.com\/in\/daniel-quandt-a49985110\/\"],\"url\":\"https:\/\/www.suno.com.br\/noticias\/author\/daniel-quandt\/\"}]}<\/script>\n<!-- \/ Yoast SEO plugin. -->","yoast_head_json":{"title":"O que saber nesta sexta-feira em pol\u00edtica, neg\u00f3cios: aus\u00eancia de Bolsonaro divide campanha, fus\u00e3o da Suzano e Fibria","description":"Nova cirurgia do candidato o tira da reta de campanha e causa atrito entre seu vice e sua fam\u00edlia. Clique para saber mais.","robots":{"index":"index","follow":"follow","max-snippet":"max-snippet:-1","max-image-preview":"max-image-preview:large","max-video-preview":"max-video-preview:-1"},"canonical":"https:\/\/www.suno.com.br\/noticias\/sexta-politica-negocios-bolsonaro\/","og_locale":"pt_BR","og_type":"article","og_title":"O que saber nesta sexta-feira em pol\u00edtica, neg\u00f3cios: aus\u00eancia de Bolsonaro divide campanha, fus\u00e3o da Suzano e Fibria","og_description":"Nova cirurgia do candidato o tira da reta de campanha e causa atrito entre seu vice e sua fam\u00edlia. Clique para saber mais.","og_url":"https:\/\/www.suno.com.br\/noticias\/sexta-politica-negocios-bolsonaro\/","og_site_name":"Suno Not\u00edcias","article_publisher":"https:\/\/facebook.com\/sunoresearch","article_author":"https:\/\/www.linkedin.com\/in\/daniel-quandt-a49985110\/","og_image":[{"width":1424,"height":511,"url":"https:\/\/files.sunoresearch.com.br\/n\/uploads\/2018\/09\/0686537c-bolsonaro.png","type":"image\/png"}],"author":"Daniel Quandt","twitter_card":"summary_large_image","twitter_creator":"@sunoresearch","twitter_site":"@sunoresearch","twitter_misc":{"Escrito por":"Daniel Quandt","Est. tempo de leitura":"2 minutos"},"schema":{"@context":"https:\/\/schema.org","@graph":[{"@type":"NewsArticle","@id":"https:\/\/www.suno.com.br\/noticias\/sexta-politica-negocios-bolsonaro\/#article","isPartOf":{"@id":"https:\/\/www.suno.com.br\/noticias\/sexta-politica-negocios-bolsonaro\/"},"author":{"name":"Daniel Quandt","@id":"https:\/\/www.suno.com.br\/noticias\/#\/schema\/person\/eca2bab82984722db00d1e6facd8bb26"},"headline":"O que saber nesta sexta-feira em pol\u00edtica, neg\u00f3cios: aus\u00eancia de Bolsonaro divide campanha, fus\u00e3o da Suzano e Fibria","datePublished":"2018-09-14T12:51:24+00:00","dateModified":"2021-05-11T01:41:20+00:00","mainEntityOfPage":{"@id":"https:\/\/www.suno.com.br\/noticias\/sexta-politica-negocios-bolsonaro\/"},"wordCount":328,"publisher":{"@id":"https:\/\/www.suno.com.br\/noticias\/#organization"},"image":{"@id":"https:\/\/www.suno.com.br\/noticias\/sexta-politica-negocios-bolsonaro\/#primaryimage"},"thumbnailUrl":"https:\/\/files.sunoresearch.com.br\/n\/uploads\/2018\/09\/0686537c-bolsonaro-png.webp","keywords":["Elei\u00e7\u00f5es","Equatorial (EQTL3)","Eztec (EZTC3)","Fibria","Jair Bolsonaro","Suzano (SUZB3)"],"articleSection":["Pol\u00edtica"],"inLanguage":"pt-BR"},{"@type":"WebPage","@id":"https:\/\/www.suno.com.br\/noticias\/sexta-politica-negocios-bolsonaro\/","url":"https:\/\/www.suno.com.br\/noticias\/sexta-politica-negocios-bolsonaro\/","name":"O que saber nesta sexta-feira em pol\u00edtica, neg\u00f3cios: aus\u00eancia de Bolsonaro divide campanha, fus\u00e3o da Suzano e Fibria","isPartOf":{"@id":"https:\/\/www.suno.com.br\/noticias\/#website"},"primaryImageOfPage":{"@id":"https:\/\/www.suno.com.br\/noticias\/sexta-politica-negocios-bolsonaro\/#primaryimage"},"image":{"@id":"https:\/\/www.suno.com.br\/noticias\/sexta-politica-negocios-bolsonaro\/#primaryimage"},"thumbnailUrl":"https:\/\/files.sunoresearch.com.br\/n\/uploads\/2018\/09\/0686537c-bolsonaro-png.webp","datePublished":"2018-09-14T12:51:24+00:00","dateModified":"2021-05-11T01:41:20+00:00","description":"Nova cirurgia do candidato o tira da reta de campanha e causa atrito entre seu vice e sua fam\u00edlia. Clique para saber mais.","breadcrumb":{"@id":"https:\/\/www.suno.com.br\/noticias\/sexta-politica-negocios-bolsonaro\/#breadcrumb"},"inLanguage":"pt-BR","potentialAction":[{"@type":"ReadAction","target":["https:\/\/www.suno.com.br\/noticias\/sexta-politica-negocios-bolsonaro\/"]}]},{"@type":"ImageObject","inLanguage":"pt-BR","@id":"https:\/\/www.suno.com.br\/noticias\/sexta-politica-negocios-bolsonaro\/#primaryimage","url":"https:\/\/files.sunoresearch.com.br\/n\/uploads\/2018\/09\/0686537c-bolsonaro-png.webp","contentUrl":"https:\/\/files.sunoresearch.com.br\/n\/uploads\/2018\/09\/0686537c-bolsonaro-png.webp","width":1424,"height":511,"caption":"Bolsonaro faz novo exame para detectar coronav\u00edrus"},{"@type":"BreadcrumbList","@id":"https:\/\/www.suno.com.br\/noticias\/sexta-politica-negocios-bolsonaro\/#breadcrumb","itemListElement":[{"@type":"ListItem","position":1,"name":"Not\u00edcias","item":"https:\/\/www.suno.com.br\/noticias\/"},{"@type":"ListItem","position":2,"name":"Pol\u00edtica","item":"https:\/\/www.suno.com.br\/noticias\/politica\/"},{"@type":"ListItem","position":3,"name":"O que saber nesta sexta-feira em pol\u00edtica, neg\u00f3cios: aus\u00eancia de Bolsonaro divide campanha, fus\u00e3o da Suzano e Fibria"}]},{"@type":"WebSite","@id":"https:\/\/www.suno.com.br\/noticias\/#website","url":"https:\/\/www.suno.com.br\/noticias\/","name":"Suno Not\u00edcias","description":"Seu portal de informa\u00e7\u00e3o sobre o mundo dos investimentos","publisher":{"@id":"https:\/\/www.suno.com.br\/noticias\/#organization"},"potentialAction":[{"@type":"SearchAction","target":{"@type":"EntryPoint","urlTemplate":"https:\/\/www.suno.com.br\/noticias\/?s={search_term_string}"},"query-input":{"@type":"PropertyValueSpecification","valueRequired":true,"valueName":"search_term_string"}}],"inLanguage":"pt-BR"},{"@type":"Organization","@id":"https:\/\/www.suno.com.br\/noticias\/#organization","name":"Suno Not\u00edcias","url":"https:\/\/www.suno.com.br\/noticias\/","logo":{"@type":"ImageObject","inLanguage":"pt-BR","@id":"https:\/\/www.suno.com.br\/noticias\/#\/schema\/logo\/image\/","url":"https:\/\/files.sunoresearch.com.br\/n\/uploads\/2021\/09\/suno-logo.png","contentUrl":"https:\/\/files.sunoresearch.com.br\/n\/uploads\/2021\/09\/suno-logo.png","width":180,"height":180,"caption":"Suno Not\u00edcias"},"image":{"@id":"https:\/\/www.suno.com.br\/noticias\/#\/schema\/logo\/image\/"},"sameAs":["https:\/\/facebook.com\/sunoresearch","https:\/\/x.com\/sunoresearch","https:\/\/www.instagram.com\/suno","https:\/\/www.linkedin.com\/company\/suno-research\/","https:\/\/www.youtube.com\/c\/sunoresearch"]},{"@type":"Person","@id":"https:\/\/www.suno.com.br\/noticias\/#\/schema\/person\/eca2bab82984722db00d1e6facd8bb26","name":"Daniel Quandt","image":{"@type":"ImageObject","inLanguage":"pt-BR","@id":"https:\/\/www.suno.com.br\/noticias\/#\/schema\/person\/image\/","url":"https:\/\/secure.gravatar.com\/avatar\/5faf4378f9fbf4557a5836a88d66f99a?s=96&r=g","contentUrl":"https:\/\/secure.gravatar.com\/avatar\/5faf4378f9fbf4557a5836a88d66f99a?s=96&r=g","caption":"Daniel Quandt"},"description":"Aluno da Universidade de S\u00e3o Paulo, Daniel Quandt escreve sobre economia, mercado financeiro e pol\u00edtica no portal da Suno Research. J\u00e1 passou pela Ag\u00eancia USP de Inova\u00e7\u00e3o e pela startup de v\u00eddeo em blockchain Paratii, desenvolvendo seu conhecimento da aplica\u00e7\u00e3o de tecnologia de ponta ao mercado.","sameAs":["https:\/\/www.suno.com.br\/","https:\/\/www.linkedin.com\/in\/daniel-quandt-a49985110\/"],"url":"https:\/\/www.suno.com.br\/noticias\/author\/daniel-quandt\/"}]}},"default_loop_html":"<div class=\"cardsPage__listCard__boxs\"><div class=\"cardsPage__listCard__boxs__img\"><a href=\"https:\/\/www.suno.com.br\/noticias\/sexta-politica-negocios-bolsonaro\/\"><img class=\"mask\" src=\"https:\/\/www.suno.com.br\/noticias\/wp-content\/themes\/suno\/resources\/images\/spotlight\/spotlight1img\/bg-mask.png\" alt=\"Image Mask\"\/><img src=\"https:\/\/files.sunoresearch.com.br\/n\/uploads\/2018\/09\/0686537c-bolsonaro-400x200.webp\" alt=\"O que saber nesta sexta-feira em pol\u00edtica, neg\u00f3cios: aus\u00eancia de Bolsonaro divide campanha, fus\u00e3o da Suzano e Fibria\"\/><\/a><span class=\"spotlightCategory\"><a href=\"https:\/\/www.suno.com.br\/noticias\/politica\/\">Pol\u00edtica<\/a><\/span><\/div><div class=\"cardsPage__listCard__boxs__content\"><a href=\"https:\/\/www.suno.com.br\/noticias\/sexta-politica-negocios-bolsonaro\/\"><h2 class=\"content__title\">O que saber nesta sexta-feira em pol\u00edtica, neg\u00f3cios: aus\u00eancia de Bolsonaro divide campanha, fus\u00e3o da Suzano e Fibria<\/h2><\/a><div class=\"newsContent__article__meta\"><div class=\"newsContent__article__meta__authorBox\"><a href=\"https:\/\/www.suno.com.br\/noticias\/author\/daniel-quandt\/\" class=\"authorBox__avatar noMobi\"><img src=\"https:\/\/secure.gravatar.com\/avatar\/5faf4378f9fbf4557a5836a88d66f99a?s=96&#038;r=g\" alt=\"Daniel Quandt\"><\/a><div class=\"authorBox__name\"><span>por\n\t\t\t<a href=\"https:\/\/www.suno.com.br\/noticias\/author\/daniel-quandt\/\"><span itemprop=\"author\">Daniel Quandt<\/span><\/a><\/span><time datetime=\"2018-09-14T09:51:24-03:00\" itemprop=\"datePublished\">14\/09\/2018 09:51<\/time><\/div><\/div><\/div><\/div><\/div>","single_layout":"posts","amp_enabled":true,"_links":{"self":[{"href":"https:\/\/www.suno.com.br\/noticias\/wp-json\/wp\/v2\/posts\/3931"}],"collection":[{"href":"https:\/\/www.suno.com.br\/noticias\/wp-json\/wp\/v2\/posts"}],"about":[{"href":"https:\/\/www.suno.com.br\/noticias\/wp-json\/wp\/v2\/types\/post"}],"author":[{"embeddable":true,"href":"https:\/\/www.suno.com.br\/noticias\/wp-json\/wp\/v2\/users\/5"}],"replies":[{"embeddable":true,"href":"https:\/\/www.suno.com.br\/noticias\/wp-json\/wp\/v2\/comments?post=3931"}],"version-history":[{"count":1,"href":"https:\/\/www.suno.com.br\/noticias\/wp-json\/wp\/v2\/posts\/3931\/revisions"}],"predecessor-version":[{"id":146777,"href":"https:\/\/www.suno.com.br\/noticias\/wp-json\/wp\/v2\/posts\/3931\/revisions\/146777"}],"wp:featuredmedia":[{"embeddable":true,"href":"https:\/\/www.suno.com.br\/noticias\/wp-json\/wp\/v2\/media\/3932"}],"wp:attachment":[{"href":"https:\/\/www.suno.com.br\/noticias\/wp-json\/wp\/v2\/media?parent=3931"}],"wp:term":[{"taxonomy":"category","embeddable":true,"href":"https:\/\/www.suno.com.br\/noticias\/wp-json\/wp\/v2\/categories?post=3931"},{"taxonomy":"post_tag","embeddable":true,"href":"https:\/\/www.suno.com.br\/noticias\/wp-json\/wp\/v2\/tags?post=3931"},{"taxonomy":"suno_strategy","embeddable":true,"href":"https:\/\/www.suno.com.br\/noticias\/wp-json\/wp\/v2\/suno_strategy?post=3931"}],"curies":[{"name":"wp","href":"https:\/\/api.w.org\/{rel}","templated":true}]}}