{"id":393037,"date":"2023-04-20T21:56:43","date_gmt":"2023-04-21T00:56:43","guid":{"rendered":"https:\/\/www.suno.com.br\/noticias\/?p=393037"},"modified":"2023-04-20T21:56:55","modified_gmt":"2023-04-21T00:56:55","slug":"radar-usiminas-usim5-magazine-luiza-mglu3-braskem-brkm5","status":"publish","type":"post","link":"https:\/\/www.suno.com.br\/noticias\/radar-usiminas-usim5-magazine-luiza-mglu3-braskem-brkm5\/","title":{"rendered":"Radar: Usiminas (USIM5) cai no Ibovespa ap\u00f3s 1T23, Magazine Luiza (MGLU3) demite fundadores do Kabum e Justi\u00e7a bloqueia R$ 1,1 bi da Braskem (BRKM5)"},"content":{"rendered":"<p>A&nbsp;<strong>Usiminas<\/strong>&nbsp;(USIM5) reportou nesta quinta (20) os resultados referentes ao primeiro trimestre de 2023 (1T23). Com um lucro antes juros, impostos,&nbsp;<a href=\"https:\/\/www.suno.com.br\/artigos\/depreciacao-amortizacao\/\" target=\"_blank\" rel=\"noreferrer noopener\">deprecia\u00e7\u00e3o e amortiza\u00e7\u00e3o<\/a>&nbsp;(Ebitda) de R$ 783 milh\u00f5es, acima das proje\u00e7\u00f5es, os n\u00fameros surpreenderam os analistas, mas nem todos se mostram otimistas com os resultados do 1T23.<\/p>\t<div class=\"wrapper-featured-image\">\n\t\t<figure class=\"spotlightImg\">\n\n\t\t\t<picture>\n\t\t\t\t<source media=\"(max-width: 768px)\" srcset=\"https:\/\/files.sunoresearch.com.br\/n\/uploads\/2021\/09\/usiminas-e1690543393391-400x200.jpg\">\n\t\t\t\t<img loading=\"lazy\" decoding=\"async\" class=\"newsContent__article__imgCapa lazyloadDisabled \" src=\"https:\/\/files.sunoresearch.com.br\/n\/uploads\/2021\/09\/usiminas-e1690543393391-800x450.jpg\" width=\"800\" height=\"450\" alt=\"Radar: Usiminas (USIM5) cai no Ibovespa ap\u00f3s 1T23, Magazine Luiza (MGLU3) demite fundadores do Kabum e Justi\u00e7a bloqueia R$ 1,1 bi da Braskem (BRKM5)\" fetchpriority=high \/>\n\t\t\t<\/picture>\n\n\t\t\t<figcaption class=\"wp-caption-text wp-caption-text--show\">Sede da Usiminas (USIM5). Foto: Divulga\u00e7\u00e3o<\/figcaption>\n\t\t<\/figure>\n\t<\/div>\n\n\n\n\n\n\t<p>\n\t\t<a href=\"https:\/\/lp.suno.com.br\/planilha-da-vida-financeira\/\" target=\"_blank\" data-element=\"shortcode-suno-banner\" title=\"Banner SUNO, clique e saiba mais\">\n\t\t\t<picture>\n\t\t\t\t<source media=\"(max-width: 500px)\" srcset=\"https:\/\/files.sunoresearch.com.br\/n\/uploads\/2023\/04\/400x300-Planilha-vida-financeira-true.png\">\n\t\t\t\t<img class=\"newsContent__article__imgCapa newsContent__article__imgCapa--banner\"\n\t\t\t\t\tsrc=\"https:\/\/files.sunoresearch.com.br\/n\/uploads\/2023\/04\/1420x240-Planilha-vida-financeira-true.png\"\n\t\t\t\t\tdata-promo-id=\"106682\"\t\t\t\t\t\t\t\t\t\twidth='1420' height='240'\t\t\t\t\talt=\"https:\/\/files.sunoresearch.com.br\/n\/uploads\/2023\/04\/1420x240-Planilha-vida-financeira-true.png\"\n\t\t\t\t>\n\t\t\t<\/picture>\n\t\t<\/a>\n\t<\/p>\n\n\n\n\n\n\n\n<p>Diante disso, as a\u00e7\u00f5es da sider\u00fargica recuam 0,94%, por volta das 13h30, no Ibovespa hoje.<\/p>\n\n\n\n<p>Guilherme Nippes, analista da XP Investimentos, destaca que o&nbsp;<strong>Ebidta reportado pela Usiminas<\/strong>&nbsp;foi 10% superior \u00e0s estimativas, com margens melhorando ligeiramente de 8% no \u00faltimo trimestre de 2022 para 11% no 1T23.<\/p>\n\n\n\n<p>Segundo ele, os principais destaques da sider\u00fargica s\u00e3o:<\/p>\n\n\n\n<ul class=\"wp-block-list\">\n<li>maiores pre\u00e7os do min\u00e9rio de ferro (+24% T\/T);<\/li>\n\n\n\n<li>maiores volumes de a\u00e7o (+7% T\/T);<\/li>\n\n\n\n<li>menor custo caixa\/t da divis\u00e3o de a\u00e7o (-9% T\/T), devido aos menores custos de insumos.<\/li>\n<\/ul>\n\n\n\n<p>\u201cNotamos que o FCL [<em>fluxo de caixa livre<\/em>] ficou positivo em R$ 764 milh\u00f5es, impulsionado por uma varia\u00e7\u00e3o positiva de capital de giro, com a&nbsp;<a target=\"_blank\" href=\"https:\/\/www.suno.com.br\/artigos\/divida-liquida\/\" rel=\"noreferrer noopener\">d\u00edvida l\u00edquida<\/a>&nbsp;caindo de R$ 1,1 bilh\u00e3o para R$ 254 milh\u00f5es\u201d, pontua o analista da XP.<\/p>\n\n\n\n<p>O FCL tamb\u00e9m \u00e9 um indicador que os analistas do BTG Pactual, Leonardo Correa e Caio Greiner, refor\u00e7am. Segundo eles, o resultado se deve \u00e0 redu\u00e7\u00e3o do estoque de mat\u00e9ria-prima que compensou o ac\u00famulo de placas, ficando acima das expectativas.<\/p>\n\n\n\n<p>\u201cA Usiminas apresentou n\u00fameros decentes, de maneira geral, em linha com nossas expectativas, bem acima do que o mercado esperava alguns meses atr\u00e1s\u201d, frisam.<\/p>\n\n\n\n<p>Al\u00e9m de Usiminas, confira outros destaques desta quinta-feira:<\/p>\n\n\n\n<h2 class=\"wp-block-heading\">Unipar (UNIP6) aprova pagamento de R$ 192 milh\u00f5es em dividendos; veja valor por a\u00e7\u00e3o<\/h2>\n\n\n\n<ul class=\"wp-block-list\">\n<li>O&nbsp;<a href=\"https:\/\/www.suno.com.br\/artigos\/conselho-administracao\/\" target=\"_blank\" rel=\"noreferrer noopener\">Conselho de Administra\u00e7\u00e3o<\/a>&nbsp;da<strong>&nbsp;Unipar<\/strong>&nbsp;(UNIP6)&nbsp;aprovou nesta quinta (20) o pagamento de R$ 109,3 milh\u00f5es em dividendos adicionais e mais R$ 82,8 milh\u00f5es de dividendos adicionais \u00e0 conta de reserva de investimentos. O valor bruto dos&nbsp;proventos por a\u00e7\u00e3o varia conforme a esp\u00e9cie e classe do papel.<\/li>\n<\/ul>\n\n\n\n<ul class=\"wp-block-list\">\n<li>Confira os valores para os dividendos adicionais da Unipar em R$ 109.371.628,41:<\/li>\n<\/ul>\n\n\n\n<ul class=\"wp-block-list\">\n<li><strong>A\u00e7\u00f5es ordin\u00e1rias:&nbsp;<\/strong>dividendos no total de R$ 35.703.137,08, correspondente a R$ 0,99203303763 por a\u00e7\u00e3o;<\/li>\n\n\n\n<li><strong>A\u00e7\u00f5es preferenciais classe A:<\/strong>&nbsp;dividendos no total de R$ 2.420.582,64, correspondente a R$ 1,09123634139 por a\u00e7\u00e3o<\/li>\n\n\n\n<li><strong>A\u00e7\u00f5es preferenciais classe B:&nbsp;<\/strong>dividendos no total de R$ 71.247.908,69, correspondente a R$ 1,09123634139 por a\u00e7\u00e3o.<\/li>\n<\/ul>\n\n\n\n<ul class=\"wp-block-list\">\n<li>J\u00e1 os dividendos adicionais \u00e0 conta de reserva de investimentos, em R$ 82.895.953,19, ser\u00e3o distribu\u00eddos da seguinte forma:<\/li>\n<\/ul>\n\n\n\n<ul class=\"wp-block-list\">\n<li><strong>A\u00e7\u00f5es ordin\u00e1rias:&nbsp;<\/strong>dividendos no total de R$ 27.011.450,33, correspondente a R$ 0,75052931800 por a\u00e7\u00e3o;<\/li>\n\n\n\n<li><strong>A\u00e7\u00f5es preferenciais classe A:<\/strong>&nbsp;dividendos no total de R$ 1.981.414,67, correspondente a R$ 0,89325258420 por a\u00e7\u00e3o<\/li>\n\n\n\n<li><strong>A\u00e7\u00f5es preferenciais classe B:&nbsp;<\/strong>dividendos no total de R$ 53.903.088,19, correspondente a R$ 0,82558224980 por a\u00e7\u00e3o.<\/li>\n<\/ul>\n\n\n\n<ul class=\"wp-block-list\">\n<li>Ainda segundo o&nbsp;<a href=\"https:\/\/www.suno.com.br\/artigos\/fato-relevante\/\" target=\"_blank\" rel=\"noreferrer noopener\">fato relevante<\/a>, apenas os investidores com&nbsp;<strong>a\u00e7\u00f5es da UNIP6<\/strong>&nbsp;hoje (20) ter\u00e3o direito de receber os&nbsp;rendimentos. A partir de segunda (24), os pap\u00e9is ser\u00e3o negociadas sem direito aos&nbsp;dividendos.<\/li>\n<\/ul>\n\n\n\n<ul class=\"wp-block-list\">\n<li>O&nbsp;<strong>pagamento dos&nbsp;<a href=\"https:\/\/www.suno.com.br\/guias\/dividendos\/\" target=\"_blank\" rel=\"noreferrer noopener\">dividendos<\/a>&nbsp;da Unipar&nbsp;<\/strong>est\u00e1 previsto para a partir de 4 de maio.<\/li>\n<\/ul>\n\n\n\n<h2 class=\"wp-block-heading\">A\u00e7\u00f5es da Braskem (BRKM5) caem no Ibovespa hoje; Justi\u00e7a bloqueia R$ 1,1 bi da empresa<\/h2>\n\n\n\n<ul class=\"wp-block-list\">\n<li>As a\u00e7\u00f5es da\u00a0<strong>Braskem (BRKM5)<\/strong>\u00a0fecharam em queda de 3,62%, a R$ 7,18, no preg\u00e3o desta quinta (20). Mais cedo, a 16\u00ba Vara C\u00edvel da Capital de Alagoas determinou o bloqueio cautelar de cerca de R$ 1,1 bilh\u00e3o. Essa decis\u00e3o atende a um pedido do Governo do Estado, que processa a companhia pelos preju\u00edzos sofridos ap\u00f3s o afundamento do solo em cinco bairros de Macei\u00f3.<\/li>\n<\/ul>\n\n\n\n<ul class=\"wp-block-list\">\n<li>De acordo com as informa\u00e7\u00f5es publicadas pelo G1, essa&nbsp;<strong>decis\u00e3o contra a Braskem<\/strong>&nbsp;foi tomada pelo juiz Jos\u00e9 Cavalcanti Manso Neto na quarta (19) e cabe recurso.<\/li>\n<\/ul>\n\n\n\n<ul class=\"wp-block-list\">\n<li>Em comunicado publicado na&nbsp;<a href=\"https:\/\/www.suno.com.br\/artigos\/cvm\/\" target=\"_blank\" rel=\"noreferrer noopener\">Comiss\u00e3o de Valores Mobili\u00e1rios (CVM)<\/a>, a Braskem disse que \u201ctomar\u00e1 as medidas pertinentes nos prazos legais aplic\u00e1veis e manter\u00e1 o mercado informado sobre qualquer desdobramento relevante sobre o assunto\u201d.<\/li>\n<\/ul>\n\n\n\n<ul class=\"wp-block-list\">\n<li>Segundo a empresa, os investidores que desejarem informa\u00e7\u00f5es adicionais sobre o tema podem entrar em contato com o Departamento de&nbsp;<a href=\"https:\/\/www.suno.com.br\/artigos\/relacoes-com-investidores\/\" target=\"_blank\" rel=\"noreferrer noopener\">Rela\u00e7\u00f5es com Investidores<\/a>&nbsp;da companhia.<\/li>\n<\/ul>\n\n\n\n<ul class=\"wp-block-list\">\n<li>De acordo com a reportagem do G1, o&nbsp;<strong>dinheiro bloqueado da Braskem<\/strong>&nbsp;ser\u00e1 utilizado como garantia do pagamento das indeniza\u00e7\u00f5es referentes aos danos sofridos pelo Estado.<\/li>\n<\/ul>\n\n\n\n<ul class=\"wp-block-list\">\n<li>Partes da capital de Alagoas vivem um lento processo de afundamento do solo, causado por d\u00e9cadas de minera\u00e7\u00e3o na cidade. Mais de 50 mil pessoas s\u00e3o afetadas por esse evento geol\u00f3gico e, segundo os especialistas, esse processo de afundamento pode durar at\u00e9 10 anos. Na decis\u00e3o judicial, o juiz disse que o Governo do Estado investiu em obras que ficaram inutilizadas ap\u00f3s a desocupa\u00e7\u00e3o involunt\u00e1ria causada pela Braskem.<\/li>\n<\/ul>\n\n\n\n<h2 class=\"wp-block-heading\">Magazine Luiza (MGLU3) demite fundadores do Kabum por justa causa; briga ganha novo cap\u00edtulo na Justi\u00e7a<\/h2>\n\n\n\n<ul class=\"wp-block-list\">\n<li>O&nbsp;<a href=\"https:\/\/suno.com.br\/acoes\/mglu3\/\" target=\"_blank\" rel=\"noreferrer noopener\"><strong>Magazine Luiza<\/strong>&nbsp;(MGLU3)<\/a>&nbsp;demitiu os irm\u00e3os Thiago e Leandro Ramos, fundadores do Kabum, por justa causa. Segundo informa\u00e7\u00f5es divulgadas nesta quinta (20), o desligamento ocorre ap\u00f3s o t\u00e9rmino dos 30 dias de suspens\u00e3o de contrato dos executivos. Contudo, esse novo desdobramento j\u00e1 foi parar na Justi\u00e7a.<\/li>\n<\/ul>\n\n\n\n<ul class=\"wp-block-list\">\n<li>De acordo com informa\u00e7\u00f5es publicadas pelo jornal Valor Econ\u00f4mico, os fundadores do<strong>&nbsp;Kabum<\/strong>, varejista online cujo dono \u00e9 o Magazine Luiza, entraram com uma a\u00e7\u00e3o trabalhista na qual alegam que o t\u00e9rmino ocorreu sem justa causa e, por isso, devem receber verbas rescis\u00f3rias, b\u00f4nus e um pagamento por danos morais.<\/li>\n<\/ul>\n\n\n\n<ul class=\"wp-block-list\">\n<li>Na a\u00e7\u00e3o obtida pela reportagem do Valor, os&nbsp;<strong>irm\u00e3os Ramos&nbsp;<\/strong>pedem que a demiss\u00e3o por justa causa seja entendida como \u201cimotivada\u201d, o que abriria espa\u00e7o para esses pagamentos. Segundo os c\u00e1lculos dos advogados, as verbas rescis\u00f3rias seriam de R$ 4,8 milh\u00f5es para cada irm\u00e3o, por ano.<\/li>\n<\/ul>\n\n\n\n<ul class=\"wp-block-list\">\n<li>Enquanto isso, a varejista alega que os irm\u00e3os trabalhavam em uma nova empresa, concorrente da companhia, em paralelo ao Kabum. O contrato da dupla era regido pela CLT.<\/li>\n<\/ul>\n\n\n\n<h2 class=\"wp-block-heading\">Proibida de entrar em recupera\u00e7\u00e3o judicial, Light (LIGT3) desenha estrat\u00e9gia para sair da crise<\/h2>\n\n\n\n<ul class=\"wp-block-list\">\n<li>Com uma d\u00edvida superior a R$ 11 bilh\u00f5es, a&nbsp;<strong>Light<\/strong>&nbsp;(<a href=\"https:\/\/www.suno.com.br\/acoes\/ligt3\/\" target=\"_blank\" rel=\"noreferrer noopener\">LIGT3<\/a>) estuda a possibilidade de entrar em recupera\u00e7\u00e3o judicial mesmo sendo proibida de contar com esse suporte jur\u00eddico. De acordo com informa\u00e7\u00f5es publicadas nesta quinta (20), a&nbsp;<a href=\"https:\/\/www.suno.com.br\/noticias\/sicupira-socio-americanas-amer3-perda-investimentos\/\" target=\"_blank\" rel=\"noreferrer noopener\">empresa investida por Carlos Alberto Sicupira&nbsp;<\/a>pode usar uma estrat\u00e9gia para conseguir as prote\u00e7\u00f5es asseguradas pelo sistema de recupera\u00e7\u00e3o.<\/li>\n<\/ul>\n\n\n\n<ul class=\"wp-block-list\">\n<li>De acordo com fontes da Coluna do Broadcast, do jornal O Estado de S\u00e3o Paulo, um dos caminhos na pauta da&nbsp;<strong>crise da Light<\/strong>&nbsp;\u00e9 pedir a&nbsp;<a href=\"https:\/\/www.suno.com.br\/artigos\/recuperacao-judicial\/\" target=\"_blank\" rel=\"noreferrer noopener\">recupera\u00e7\u00e3o judicial<\/a>&nbsp;das outras empresas do grupo, e n\u00e3o da distribuidora de energia em si \u2014 que \u00e9 proibida pela lei de usar essa modalidade.<\/li>\n<\/ul>\n\n\n\n<ul class=\"wp-block-list\">\n<li>Assim, os benef\u00edcios concedidos \u00e0s subsidi\u00e1rias podem ser expandidos para a empresa-m\u00e3e, conforme o entendimento do juiz.<\/li>\n<\/ul>\n\n\n\n<ul class=\"wp-block-list\">\n<li>Outra estrat\u00e9gia seria fazer um teste com a lei 14.112, de 2020, que mudou a lei de 2005 sobre o tema. A nova vers\u00e3o omite as&nbsp;<strong>concession\u00e1rias de energia<\/strong>&nbsp;no texto. Ou seja, conforme o entendimento dos juristas, ser\u00e1 poss\u00edvel dizer se a proibi\u00e7\u00e3o est\u00e1 em vigor ou n\u00e3o.<\/li>\n<\/ul>\n\n\n\n<ul class=\"wp-block-list\">\n<li>Atualmente, a empresa conta com uma prote\u00e7\u00e3o jur\u00eddica que suspende os vencimentos tempor\u00e1rios da empresa. Essa media\u00e7\u00e3o pode ser prorrogada por mais 30 dias.<\/li>\n<\/ul>\n\n\n\t<p>\n\t\t<a href=\"https:\/\/lp.suno.com.br\/ebook-como-analisar-uma-acao\/\" target=\"_blank\" data-element=\"shortcode-suno-banner\" title=\"Banner SUNO, clique e saiba mais\">\n\t\t\t<picture>\n\t\t\t\t<source media=\"(max-width: 500px)\" srcset=\"https:\/\/files.sunoresearch.com.br\/n\/uploads\/2023\/03\/Ebook-Acoes-Mobile.jpg\">\n\t\t\t\t<img class=\"newsContent__article__imgCapa newsContent__article__imgCapa--banner\"\n\t\t\t\t\tsrc=\"https:\/\/files.sunoresearch.com.br\/n\/uploads\/2023\/03\/Ebook-Acoes-Desktop.jpg\"\n\t\t\t\t\tdata-promo-id=\"378302\"\t\t\t\t\t\t\t\t\t\twidth='1420' height='286'\t\t\t\t\talt=\"https:\/\/files.sunoresearch.com.br\/n\/uploads\/2023\/03\/Ebook-Acoes-Desktop.jpg\"\n\t\t\t\t>\n\t\t\t<\/picture>\n\t\t<\/a>\n\t<\/p>\n\n\n\n\n\n<h2 class=\"wp-block-heading\">Eletrobras (ELET3) vai adiantar R$ 4 bilh\u00f5es em d\u00edvidas da Santo Ant\u00f4nio Energia com bancos<\/h2>\n\n\n\n<ul class=\"wp-block-list\">\n<li>A&nbsp;<strong>Eletrobras<\/strong>&nbsp;(ELET3) planeja fazer o aporte financeiro de R$ 4 bilh\u00f5es para o pr\u00e9-pagamento de d\u00edvidas de sua controlada indireta, a Santo Ant\u00f4nio Energia. O objetivo da companhia \u00e9 assumir o d\u00e9bito restante junto ao&nbsp;<a href=\"https:\/\/www.suno.com.br\/artigos\/bndes\/\" target=\"_blank\" rel=\"noreferrer noopener\">Banco Nacional de Desenvolvimento Econ\u00f4mico e Social (BNDES)<\/a>&nbsp;e aos bancos repassadores.<\/li>\n<\/ul>\n\n\n\n<ul class=\"wp-block-list\">\n<li>As&nbsp;<strong>a\u00e7\u00f5es da Eletrobras<\/strong>&nbsp;fecharam em alta de 0,44%, cotadas a R$ 33,87.<\/li>\n<\/ul>\n\n\n\n<ul class=\"wp-block-list\">\n<li>Ontem (19), a&nbsp;<strong>Santo Ant\u00f4nio Energia<\/strong>&nbsp;apresentou uma proposta da administra\u00e7\u00e3o em uma Assembleia Geral de Debenturistas marcada para 10 de maio. O objetivo \u00e9 obter a autoriza\u00e7\u00e3o de seus credores para o pr\u00e9-pagamento de d\u00edvidas que somam at\u00e9 R$ 4 bilh\u00f5es, a ser feito at\u00e9 31 de dezembro deste ano.<\/li>\n<\/ul>\n\n\n\n<ul class=\"wp-block-list\">\n<li>Conforme o documento, seriam pagas d\u00edvidas celebradas em mar\u00e7o de 2009 e agosto de 2013. Entre os credores, est\u00e3o BNDES,&nbsp;<a href=\"https:\/\/www.suno.com.br\/acoes\/SANB11\/\" target=\"_blank\" rel=\"noreferrer noopener\">Santander (SANB11)<\/a>,&nbsp;<a href=\"https:\/\/www.suno.com.br\/acoes\/BBAS3\/\" target=\"_blank\" rel=\"noreferrer noopener\">Banco do Brasil (BBAS3)<\/a>,&nbsp;<a href=\"https:\/\/www.suno.com.br\/acoes\/BBDC4\/\" target=\"_blank\" rel=\"noreferrer noopener\">Bradesco (BBDC4)<\/a>, Ita\u00fa BBA, Banco do Nordeste (BNB), Caixa Econ\u00f4mica Federal, Haitong Banco de Investimento e Banco da Amaz\u00f4nia (BASA).<\/li>\n<\/ul>\n\n\n\n<h2 class=\"wp-block-heading\">Tesla (TSLA34) v\u00ea lucro em queda no 1T23: a\u00e7\u00f5es e BDRs recuam hoje; veja an\u00e1lise<\/h2>\n\n\n\n<ul class=\"wp-block-list\">\n<li>A&nbsp;<strong>Tesla<\/strong>&nbsp;(<a href=\"https:\/\/www.suno.com.br\/bdrs\/tsla34\/\" target=\"_blank\" rel=\"noreferrer noopener\">TSLA34<\/a>) registrou&nbsp;<a href=\"https:\/\/www.suno.com.br\/artigos\/lucro-liquido\/\" target=\"_blank\" rel=\"noreferrer noopener\">lucro l\u00edquido<\/a>&nbsp;de US$ 2,513 bilh\u00f5es no primeiro trimestre de 2023, queda de 24% ante o mesmo per\u00edodo de 2022 (US$ 3,318 bilh\u00f5es). Os n\u00fameros foram divulgados na quarta (19) e, mesmo em linha com as expectativas dos analistas, provocaram uma queda nas a\u00e7\u00f5es e nas&nbsp;<a href=\"https:\/\/www.suno.com.br\/bdrs\/\" target=\"_blank\" rel=\"noreferrer noopener\">BDRs<\/a>&nbsp;da empresa de Elon Musk.<\/li>\n<\/ul>\n\n\n\n<ul class=\"wp-block-list\">\n<li>Por volta das 10h30 desta quinta (20), no hor\u00e1rio de Bras\u00edlia, as&nbsp;<strong>a\u00e7\u00f5es da Tesla<\/strong>&nbsp;recuavam 7,39% na Nasdaq, uma das bolsas dos Estados Unidos, ao pre\u00e7o de US$ 167,24. Neste mesmo intervalo, as&nbsp;<a href=\"https:\/\/www.suno.com.br\/bdrs\/\" target=\"_blank\" rel=\"noreferrer noopener\">BDRs<\/a>&nbsp;da empresa recuavam 6,47%, ao pre\u00e7o de R$ 26,47.<\/li>\n<\/ul>\n\n\n\n<ul class=\"wp-block-list\">\n<li>A receita da montadora de&nbsp;<strong>Elon Musk<\/strong>&nbsp;foi de US$ 23,3 bilh\u00f5es nos \u00faltimos tr\u00eas meses, um crescimento anual de 24%. No primeiro trimestre, a Tesla produziu mais de 440 mil ve\u00edculos e entregou mais de 422 mil.<\/li>\n<\/ul>\n\n\n\n<ul class=\"wp-block-list\">\n<li>\u201cNo primeiro trimestre, produzimos um n\u00famero recorde de ve\u00edculos, gra\u00e7as \u00e0s rampas cont\u00ednuas em nossas f\u00e1bricas em Austin e Berlim\u201d, apontou a companhia.<\/li>\n<\/ul>\n\n\n\n<ul class=\"wp-block-list\">\n<li>&#8220;Enquanto continuamos a executar inova\u00e7\u00f5es para reduzir o custo de fabrica\u00e7\u00e3o e opera\u00e7\u00f5es, ao longo do tempo, esperamos que nossos lucros relacionados a hardware sejam acompanhados por uma acelera\u00e7\u00e3o dos lucros relacionados a software. N\u00f3s continuamos acreditar que nossa margem operacional continuar\u00e1 entre as mais altas do setor&#8221;.<\/li>\n<\/ul>\n\n\n\n<ul class=\"wp-block-list\">\n<li>Al\u00e9m disso, a empresa anunciou que seu Cybertruck continua a caminho de iniciar a produ\u00e7\u00e3o ainda neste ano, no Texas.<\/li>\n<\/ul>\n\n\n\n<p>Da Usiminas \u00e0 Tesla, essas foram as empresas que se destacaram hoje. Para ler todas as mat\u00e9rias\u00a0<strong><a href=\"https:\/\/www.suno.com.br\/noticias\/todos\/\" target=\"_blank\" rel=\"noreferrer noopener\">clique aqui<\/a><\/strong>.<a href=\"https:\/\/lp.suno.com.br\/minicurso-investindo-fiis\/\" target=\"_blank\" rel=\"noreferrer noopener\"><\/a><a href=\"https:\/\/lp.suno.com.br\/ebook-investindo-em-dividendos\/\" target=\"_blank\" rel=\"noreferrer noopener\"><\/a><\/p>\n\n\n\t<p>\n\t\t<a href=\"https:\/\/lp.suno.com.br\/plataforma-de-controle-de-investimentos\/\" target=\"_blank\" data-element=\"shortcode-suno-banner\" title=\"Banner SUNO, clique e saiba mais\">\n\t\t\t<picture>\n\t\t\t\t<source media=\"(max-width: 500px)\" srcset=\"https:\/\/files.sunoresearch.com.br\/n\/uploads\/2023\/03\/400x300-Controle-de-Investimentos.png\">\n\t\t\t\t<img class=\"newsContent__article__imgCapa newsContent__article__imgCapa--banner\"\n\t\t\t\t\tsrc=\"https:\/\/files.sunoresearch.com.br\/n\/uploads\/2023\/03\/1420x240-Controle-de-Investimentos.png\"\n\t\t\t\t\tdata-promo-id=\"383162\"\t\t\t\t\t\t\t\t\t\twidth='1420' height='240'\t\t\t\t\talt=\"https:\/\/files.sunoresearch.com.br\/n\/uploads\/2023\/03\/1420x240-Controle-de-Investimentos.png\"\n\t\t\t\t>\n\t\t\t<\/picture>\n\t\t<\/a>\n\t<\/p>\n\n\n","protected":false},"excerpt":{"rendered":"<p>A&nbsp;Usiminas&nbsp;(USIM5) reportou nesta quinta (20) os resultados referentes ao primeiro trimestre de 2023 (1T23). Com um lucro antes juros, impostos,&nbsp;deprecia\u00e7\u00e3o e amortiza\u00e7\u00e3o&nbsp;(Ebitda) de R$ 783 milh\u00f5es, acima das proje\u00e7\u00f5es, os n\u00fameros surpreenderam os analistas, mas nem todos se mostram otimistas com os resultados do 1T23. Sede da Usiminas (USIM5). Foto: Divulga\u00e7\u00e3o Diante disso, as a\u00e7\u00f5es [&hellip;]<\/p>\n","protected":false},"author":227,"featured_media":187812,"comment_status":"closed","ping_status":"closed","sticky":false,"template":"","format":"standard","meta":[],"categories":[64],"tags":[395,455,41531,548,727,673,2609,675],"suno_strategy":[],"class_list":["post-393037","post","type-post","status-publish","format-standard","has-post-thumbnail","hentry","category-negocios","tag-braskem-brkm3-brkm5-brkm6","tag-eletrobras-elet3-elet5-elet6","tag-light-ligt3","tag-magazine-luiza-mglu3","tag-tesla-tsla34","tag-unipar-unip3-unip5-unip6","tag-usim5","tag-usiminas"],"yoast_head":"<!-- This site is optimized with the Yoast SEO plugin v24.4 - https:\/\/yoast.com\/wordpress\/plugins\/seo\/ -->\n<title>Radar: Usiminas (USIM5) cai no Ibovespa ap\u00f3s 1T23, Magazine Luiza (MGLU3) demite fundadores do Kabum e Justi\u00e7a bloqueia R$ 1,1 bi da Braskem (BRKM5)<\/title>\n<meta name=\"description\" content=\"Usiminas (USIM5) cai no Ibovespa ap\u00f3s 1T23, Magazine Luiza (MGLU3) demite fundadores do Kabum e Justi\u00e7a bloqueia R$ 1,1 bi de Braskem (BRKM5)\" \/>\n<meta name=\"robots\" content=\"index, follow, max-snippet:-1, max-image-preview:large, max-video-preview:-1\" \/>\n<link rel=\"canonical\" href=\"https:\/\/www.suno.com.br\/noticias\/radar-usiminas-usim5-magazine-luiza-mglu3-braskem-brkm5\/\" \/>\n<meta property=\"og:locale\" content=\"pt_BR\" \/>\n<meta property=\"og:type\" content=\"article\" \/>\n<meta property=\"og:title\" content=\"Radar: Usiminas (USIM5) cai no Ibovespa ap\u00f3s 1T23, Magazine Luiza (MGLU3) demite fundadores do Kabum e Justi\u00e7a bloqueia R$ 1,1 bi da Braskem (BRKM5)\" \/>\n<meta property=\"og:description\" content=\"Usiminas (USIM5) cai no Ibovespa ap\u00f3s 1T23, Magazine Luiza (MGLU3) demite fundadores do Kabum e Justi\u00e7a bloqueia R$ 1,1 bi de Braskem (BRKM5)\" \/>\n<meta property=\"og:url\" content=\"https:\/\/www.suno.com.br\/noticias\/radar-usiminas-usim5-magazine-luiza-mglu3-braskem-brkm5\/\" \/>\n<meta property=\"og:site_name\" content=\"Suno Not\u00edcias\" \/>\n<meta property=\"article:publisher\" content=\"https:\/\/facebook.com\/sunoresearch\" \/>\n<meta property=\"og:image\" content=\"https:\/\/files.sunoresearch.com.br\/n\/uploads\/2021\/09\/usiminas-e1690543393391.jpg\" \/>\n\t<meta property=\"og:image:width\" content=\"1200\" \/>\n\t<meta property=\"og:image:height\" content=\"800\" \/>\n\t<meta property=\"og:image:type\" content=\"image\/jpeg\" \/>\n<meta name=\"author\" content=\"Vanessa Loiola\" \/>\n<meta name=\"twitter:card\" content=\"summary_large_image\" \/>\n<meta name=\"twitter:creator\" content=\"@sunoresearch\" \/>\n<meta name=\"twitter:site\" content=\"@sunoresearch\" \/>\n<meta name=\"twitter:label1\" content=\"Escrito por\" \/>\n\t<meta name=\"twitter:data1\" content=\"Vanessa Loiola\" \/>\n\t<meta name=\"twitter:label2\" content=\"Est. tempo de leitura\" \/>\n\t<meta name=\"twitter:data2\" content=\"9 minutos\" \/>\n<script type=\"application\/ld+json\" class=\"yoast-schema-graph\">{\"@context\":\"https:\/\/schema.org\",\"@graph\":[{\"@type\":\"NewsArticle\",\"@id\":\"https:\/\/www.suno.com.br\/noticias\/radar-usiminas-usim5-magazine-luiza-mglu3-braskem-brkm5\/#article\",\"isPartOf\":{\"@id\":\"https:\/\/www.suno.com.br\/noticias\/radar-usiminas-usim5-magazine-luiza-mglu3-braskem-brkm5\/\"},\"author\":{\"name\":\"Vanessa Loiola\",\"@id\":\"https:\/\/www.suno.com.br\/noticias\/#\/schema\/person\/450c455ecff319bab1f1a0e643451479\"},\"headline\":\"Radar: Usiminas (USIM5) cai no Ibovespa ap\u00f3s 1T23, Magazine Luiza (MGLU3) demite fundadores do Kabum e Justi\u00e7a bloqueia R$ 1,1 bi da Braskem (BRKM5)\",\"datePublished\":\"2023-04-21T00:56:43+00:00\",\"dateModified\":\"2023-04-21T00:56:55+00:00\",\"mainEntityOfPage\":{\"@id\":\"https:\/\/www.suno.com.br\/noticias\/radar-usiminas-usim5-magazine-luiza-mglu3-braskem-brkm5\/\"},\"wordCount\":1778,\"publisher\":{\"@id\":\"https:\/\/www.suno.com.br\/noticias\/#organization\"},\"image\":{\"@id\":\"https:\/\/www.suno.com.br\/noticias\/radar-usiminas-usim5-magazine-luiza-mglu3-braskem-brkm5\/#primaryimage\"},\"thumbnailUrl\":\"https:\/\/files.sunoresearch.com.br\/n\/uploads\/2021\/09\/usiminas-e1690543393391.jpg\",\"keywords\":[\"Braskem (BRKM3\/BRKM5\/BRKM6)\",\"Eletrobras (ELET3\/ELET5\/ELET6)\",\"Light (LIGT3)\",\"Magazine Luiza (MGLU3)\",\"Tesla (TSLA34)\",\"Unipar (UNIP3\/UNIP5\/UNIP6)\",\"USIM5\",\"Usiminas\"],\"articleSection\":[\"Neg\u00f3cios\"],\"inLanguage\":\"pt-BR\"},{\"@type\":\"WebPage\",\"@id\":\"https:\/\/www.suno.com.br\/noticias\/radar-usiminas-usim5-magazine-luiza-mglu3-braskem-brkm5\/\",\"url\":\"https:\/\/www.suno.com.br\/noticias\/radar-usiminas-usim5-magazine-luiza-mglu3-braskem-brkm5\/\",\"name\":\"Radar: Usiminas (USIM5) cai no Ibovespa ap\u00f3s 1T23, Magazine Luiza (MGLU3) demite fundadores do Kabum e Justi\u00e7a bloqueia R$ 1,1 bi da Braskem (BRKM5)\",\"isPartOf\":{\"@id\":\"https:\/\/www.suno.com.br\/noticias\/#website\"},\"primaryImageOfPage\":{\"@id\":\"https:\/\/www.suno.com.br\/noticias\/radar-usiminas-usim5-magazine-luiza-mglu3-braskem-brkm5\/#primaryimage\"},\"image\":{\"@id\":\"https:\/\/www.suno.com.br\/noticias\/radar-usiminas-usim5-magazine-luiza-mglu3-braskem-brkm5\/#primaryimage\"},\"thumbnailUrl\":\"https:\/\/files.sunoresearch.com.br\/n\/uploads\/2021\/09\/usiminas-e1690543393391.jpg\",\"datePublished\":\"2023-04-21T00:56:43+00:00\",\"dateModified\":\"2023-04-21T00:56:55+00:00\",\"description\":\"Usiminas (USIM5) cai no Ibovespa ap\u00f3s 1T23, Magazine Luiza (MGLU3) demite fundadores do Kabum e Justi\u00e7a bloqueia R$ 1,1 bi de Braskem (BRKM5)\",\"breadcrumb\":{\"@id\":\"https:\/\/www.suno.com.br\/noticias\/radar-usiminas-usim5-magazine-luiza-mglu3-braskem-brkm5\/#breadcrumb\"},\"inLanguage\":\"pt-BR\",\"potentialAction\":[{\"@type\":\"ReadAction\",\"target\":[\"https:\/\/www.suno.com.br\/noticias\/radar-usiminas-usim5-magazine-luiza-mglu3-braskem-brkm5\/\"]}]},{\"@type\":\"ImageObject\",\"inLanguage\":\"pt-BR\",\"@id\":\"https:\/\/www.suno.com.br\/noticias\/radar-usiminas-usim5-magazine-luiza-mglu3-braskem-brkm5\/#primaryimage\",\"url\":\"https:\/\/files.sunoresearch.com.br\/n\/uploads\/2021\/09\/usiminas-e1690543393391.jpg\",\"contentUrl\":\"https:\/\/files.sunoresearch.com.br\/n\/uploads\/2021\/09\/usiminas-e1690543393391.jpg\",\"width\":1200,\"height\":800,\"caption\":\"Sede da Usiminas (USIM5). Foto: Divulga\u00e7\u00e3o\"},{\"@type\":\"BreadcrumbList\",\"@id\":\"https:\/\/www.suno.com.br\/noticias\/radar-usiminas-usim5-magazine-luiza-mglu3-braskem-brkm5\/#breadcrumb\",\"itemListElement\":[{\"@type\":\"ListItem\",\"position\":1,\"name\":\"Not\u00edcias\",\"item\":\"https:\/\/www.suno.com.br\/noticias\/\"},{\"@type\":\"ListItem\",\"position\":2,\"name\":\"Neg\u00f3cios\",\"item\":\"https:\/\/www.suno.com.br\/noticias\/negocios\/\"},{\"@type\":\"ListItem\",\"position\":3,\"name\":\"Radar: Usiminas (USIM5) cai no Ibovespa ap\u00f3s 1T23, Magazine Luiza (MGLU3) demite fundadores do Kabum e Justi\u00e7a bloqueia R$ 1,1 bi da Braskem (BRKM5)\"}]},{\"@type\":\"WebSite\",\"@id\":\"https:\/\/www.suno.com.br\/noticias\/#website\",\"url\":\"https:\/\/www.suno.com.br\/noticias\/\",\"name\":\"Suno Not\u00edcias\",\"description\":\"Seu portal de informa\u00e7\u00e3o sobre o mundo dos investimentos\",\"publisher\":{\"@id\":\"https:\/\/www.suno.com.br\/noticias\/#organization\"},\"potentialAction\":[{\"@type\":\"SearchAction\",\"target\":{\"@type\":\"EntryPoint\",\"urlTemplate\":\"https:\/\/www.suno.com.br\/noticias\/?s={search_term_string}\"},\"query-input\":{\"@type\":\"PropertyValueSpecification\",\"valueRequired\":true,\"valueName\":\"search_term_string\"}}],\"inLanguage\":\"pt-BR\"},{\"@type\":\"Organization\",\"@id\":\"https:\/\/www.suno.com.br\/noticias\/#organization\",\"name\":\"Suno Not\u00edcias\",\"url\":\"https:\/\/www.suno.com.br\/noticias\/\",\"logo\":{\"@type\":\"ImageObject\",\"inLanguage\":\"pt-BR\",\"@id\":\"https:\/\/www.suno.com.br\/noticias\/#\/schema\/logo\/image\/\",\"url\":\"https:\/\/files.sunoresearch.com.br\/n\/uploads\/2021\/09\/suno-logo.png\",\"contentUrl\":\"https:\/\/files.sunoresearch.com.br\/n\/uploads\/2021\/09\/suno-logo.png\",\"width\":180,\"height\":180,\"caption\":\"Suno Not\u00edcias\"},\"image\":{\"@id\":\"https:\/\/www.suno.com.br\/noticias\/#\/schema\/logo\/image\/\"},\"sameAs\":[\"https:\/\/facebook.com\/sunoresearch\",\"https:\/\/x.com\/sunoresearch\",\"https:\/\/www.instagram.com\/suno\",\"https:\/\/www.linkedin.com\/company\/suno-research\/\",\"https:\/\/www.youtube.com\/c\/sunoresearch\"]},{\"@type\":\"Person\",\"@id\":\"https:\/\/www.suno.com.br\/noticias\/#\/schema\/person\/450c455ecff319bab1f1a0e643451479\",\"name\":\"Vanessa Loiola\",\"image\":{\"@type\":\"ImageObject\",\"inLanguage\":\"pt-BR\",\"@id\":\"https:\/\/www.suno.com.br\/noticias\/#\/schema\/person\/image\/\",\"url\":\"https:\/\/secure.gravatar.com\/avatar\/8b41117f9780831919eb38da349c3f20?s=96&r=g\",\"contentUrl\":\"https:\/\/secure.gravatar.com\/avatar\/8b41117f9780831919eb38da349c3f20?s=96&r=g\",\"caption\":\"Vanessa Loiola\"},\"description\":\"Jornalista formada pela PUC-SP, com experi\u00eancia na cobertura das editorias de economia, finan\u00e7as, bolsa de valores, pol\u00edtica, energia solar e entretenimento. Com passagem pela BM&amp;C News e RedeTV!\",\"url\":\"https:\/\/www.suno.com.br\/noticias\/author\/vanessal-loiolagmail-com\/\"}]}<\/script>\n<!-- \/ Yoast SEO plugin. -->","yoast_head_json":{"title":"Radar: Usiminas (USIM5) cai no Ibovespa ap\u00f3s 1T23, Magazine Luiza (MGLU3) demite fundadores do Kabum e Justi\u00e7a bloqueia R$ 1,1 bi da Braskem (BRKM5)","description":"Usiminas (USIM5) cai no Ibovespa ap\u00f3s 1T23, Magazine Luiza (MGLU3) demite fundadores do Kabum e Justi\u00e7a bloqueia R$ 1,1 bi de Braskem (BRKM5)","robots":{"index":"index","follow":"follow","max-snippet":"max-snippet:-1","max-image-preview":"max-image-preview:large","max-video-preview":"max-video-preview:-1"},"canonical":"https:\/\/www.suno.com.br\/noticias\/radar-usiminas-usim5-magazine-luiza-mglu3-braskem-brkm5\/","og_locale":"pt_BR","og_type":"article","og_title":"Radar: Usiminas (USIM5) cai no Ibovespa ap\u00f3s 1T23, Magazine Luiza (MGLU3) demite fundadores do Kabum e Justi\u00e7a bloqueia R$ 1,1 bi da Braskem (BRKM5)","og_description":"Usiminas (USIM5) cai no Ibovespa ap\u00f3s 1T23, Magazine Luiza (MGLU3) demite fundadores do Kabum e Justi\u00e7a bloqueia R$ 1,1 bi de Braskem (BRKM5)","og_url":"https:\/\/www.suno.com.br\/noticias\/radar-usiminas-usim5-magazine-luiza-mglu3-braskem-brkm5\/","og_site_name":"Suno Not\u00edcias","article_publisher":"https:\/\/facebook.com\/sunoresearch","og_image":[{"width":1200,"height":800,"url":"https:\/\/files.sunoresearch.com.br\/n\/uploads\/2021\/09\/usiminas-e1690543393391.jpg","type":"image\/jpeg"}],"author":"Vanessa Loiola","twitter_card":"summary_large_image","twitter_creator":"@sunoresearch","twitter_site":"@sunoresearch","twitter_misc":{"Escrito por":"Vanessa Loiola","Est. tempo de leitura":"9 minutos"},"schema":{"@context":"https:\/\/schema.org","@graph":[{"@type":"NewsArticle","@id":"https:\/\/www.suno.com.br\/noticias\/radar-usiminas-usim5-magazine-luiza-mglu3-braskem-brkm5\/#article","isPartOf":{"@id":"https:\/\/www.suno.com.br\/noticias\/radar-usiminas-usim5-magazine-luiza-mglu3-braskem-brkm5\/"},"author":{"name":"Vanessa Loiola","@id":"https:\/\/www.suno.com.br\/noticias\/#\/schema\/person\/450c455ecff319bab1f1a0e643451479"},"headline":"Radar: Usiminas (USIM5) cai no Ibovespa ap\u00f3s 1T23, Magazine Luiza (MGLU3) demite fundadores do Kabum e Justi\u00e7a bloqueia R$ 1,1 bi da Braskem (BRKM5)","datePublished":"2023-04-21T00:56:43+00:00","dateModified":"2023-04-21T00:56:55+00:00","mainEntityOfPage":{"@id":"https:\/\/www.suno.com.br\/noticias\/radar-usiminas-usim5-magazine-luiza-mglu3-braskem-brkm5\/"},"wordCount":1778,"publisher":{"@id":"https:\/\/www.suno.com.br\/noticias\/#organization"},"image":{"@id":"https:\/\/www.suno.com.br\/noticias\/radar-usiminas-usim5-magazine-luiza-mglu3-braskem-brkm5\/#primaryimage"},"thumbnailUrl":"https:\/\/files.sunoresearch.com.br\/n\/uploads\/2021\/09\/usiminas-e1690543393391.jpg","keywords":["Braskem (BRKM3\/BRKM5\/BRKM6)","Eletrobras (ELET3\/ELET5\/ELET6)","Light (LIGT3)","Magazine Luiza (MGLU3)","Tesla (TSLA34)","Unipar (UNIP3\/UNIP5\/UNIP6)","USIM5","Usiminas"],"articleSection":["Neg\u00f3cios"],"inLanguage":"pt-BR"},{"@type":"WebPage","@id":"https:\/\/www.suno.com.br\/noticias\/radar-usiminas-usim5-magazine-luiza-mglu3-braskem-brkm5\/","url":"https:\/\/www.suno.com.br\/noticias\/radar-usiminas-usim5-magazine-luiza-mglu3-braskem-brkm5\/","name":"Radar: Usiminas (USIM5) cai no Ibovespa ap\u00f3s 1T23, Magazine Luiza (MGLU3) demite fundadores do Kabum e Justi\u00e7a bloqueia R$ 1,1 bi da Braskem (BRKM5)","isPartOf":{"@id":"https:\/\/www.suno.com.br\/noticias\/#website"},"primaryImageOfPage":{"@id":"https:\/\/www.suno.com.br\/noticias\/radar-usiminas-usim5-magazine-luiza-mglu3-braskem-brkm5\/#primaryimage"},"image":{"@id":"https:\/\/www.suno.com.br\/noticias\/radar-usiminas-usim5-magazine-luiza-mglu3-braskem-brkm5\/#primaryimage"},"thumbnailUrl":"https:\/\/files.sunoresearch.com.br\/n\/uploads\/2021\/09\/usiminas-e1690543393391.jpg","datePublished":"2023-04-21T00:56:43+00:00","dateModified":"2023-04-21T00:56:55+00:00","description":"Usiminas (USIM5) cai no Ibovespa ap\u00f3s 1T23, Magazine Luiza (MGLU3) demite fundadores do Kabum e Justi\u00e7a bloqueia R$ 1,1 bi de Braskem (BRKM5)","breadcrumb":{"@id":"https:\/\/www.suno.com.br\/noticias\/radar-usiminas-usim5-magazine-luiza-mglu3-braskem-brkm5\/#breadcrumb"},"inLanguage":"pt-BR","potentialAction":[{"@type":"ReadAction","target":["https:\/\/www.suno.com.br\/noticias\/radar-usiminas-usim5-magazine-luiza-mglu3-braskem-brkm5\/"]}]},{"@type":"ImageObject","inLanguage":"pt-BR","@id":"https:\/\/www.suno.com.br\/noticias\/radar-usiminas-usim5-magazine-luiza-mglu3-braskem-brkm5\/#primaryimage","url":"https:\/\/files.sunoresearch.com.br\/n\/uploads\/2021\/09\/usiminas-e1690543393391.jpg","contentUrl":"https:\/\/files.sunoresearch.com.br\/n\/uploads\/2021\/09\/usiminas-e1690543393391.jpg","width":1200,"height":800,"caption":"Sede da Usiminas (USIM5). Foto: Divulga\u00e7\u00e3o"},{"@type":"BreadcrumbList","@id":"https:\/\/www.suno.com.br\/noticias\/radar-usiminas-usim5-magazine-luiza-mglu3-braskem-brkm5\/#breadcrumb","itemListElement":[{"@type":"ListItem","position":1,"name":"Not\u00edcias","item":"https:\/\/www.suno.com.br\/noticias\/"},{"@type":"ListItem","position":2,"name":"Neg\u00f3cios","item":"https:\/\/www.suno.com.br\/noticias\/negocios\/"},{"@type":"ListItem","position":3,"name":"Radar: Usiminas (USIM5) cai no Ibovespa ap\u00f3s 1T23, Magazine Luiza (MGLU3) demite fundadores do Kabum e Justi\u00e7a bloqueia R$ 1,1 bi da Braskem (BRKM5)"}]},{"@type":"WebSite","@id":"https:\/\/www.suno.com.br\/noticias\/#website","url":"https:\/\/www.suno.com.br\/noticias\/","name":"Suno Not\u00edcias","description":"Seu portal de informa\u00e7\u00e3o sobre o mundo dos investimentos","publisher":{"@id":"https:\/\/www.suno.com.br\/noticias\/#organization"},"potentialAction":[{"@type":"SearchAction","target":{"@type":"EntryPoint","urlTemplate":"https:\/\/www.suno.com.br\/noticias\/?s={search_term_string}"},"query-input":{"@type":"PropertyValueSpecification","valueRequired":true,"valueName":"search_term_string"}}],"inLanguage":"pt-BR"},{"@type":"Organization","@id":"https:\/\/www.suno.com.br\/noticias\/#organization","name":"Suno Not\u00edcias","url":"https:\/\/www.suno.com.br\/noticias\/","logo":{"@type":"ImageObject","inLanguage":"pt-BR","@id":"https:\/\/www.suno.com.br\/noticias\/#\/schema\/logo\/image\/","url":"https:\/\/files.sunoresearch.com.br\/n\/uploads\/2021\/09\/suno-logo.png","contentUrl":"https:\/\/files.sunoresearch.com.br\/n\/uploads\/2021\/09\/suno-logo.png","width":180,"height":180,"caption":"Suno Not\u00edcias"},"image":{"@id":"https:\/\/www.suno.com.br\/noticias\/#\/schema\/logo\/image\/"},"sameAs":["https:\/\/facebook.com\/sunoresearch","https:\/\/x.com\/sunoresearch","https:\/\/www.instagram.com\/suno","https:\/\/www.linkedin.com\/company\/suno-research\/","https:\/\/www.youtube.com\/c\/sunoresearch"]},{"@type":"Person","@id":"https:\/\/www.suno.com.br\/noticias\/#\/schema\/person\/450c455ecff319bab1f1a0e643451479","name":"Vanessa Loiola","image":{"@type":"ImageObject","inLanguage":"pt-BR","@id":"https:\/\/www.suno.com.br\/noticias\/#\/schema\/person\/image\/","url":"https:\/\/secure.gravatar.com\/avatar\/8b41117f9780831919eb38da349c3f20?s=96&r=g","contentUrl":"https:\/\/secure.gravatar.com\/avatar\/8b41117f9780831919eb38da349c3f20?s=96&r=g","caption":"Vanessa Loiola"},"description":"Jornalista formada pela PUC-SP, com experi\u00eancia na cobertura das editorias de economia, finan\u00e7as, bolsa de valores, pol\u00edtica, energia solar e entretenimento. Com passagem pela BM&amp;C News e RedeTV!","url":"https:\/\/www.suno.com.br\/noticias\/author\/vanessal-loiolagmail-com\/"}]}},"default_loop_html":"<div class=\"cardsPage__listCard__boxs\"><div class=\"cardsPage__listCard__boxs__img\"><a href=\"https:\/\/www.suno.com.br\/noticias\/radar-usiminas-usim5-magazine-luiza-mglu3-braskem-brkm5\/\"><img class=\"mask\" src=\"https:\/\/www.suno.com.br\/noticias\/wp-content\/themes\/suno\/resources\/images\/spotlight\/spotlight1img\/bg-mask.png\" alt=\"Image Mask\"\/><img src=\"https:\/\/files.sunoresearch.com.br\/n\/uploads\/2021\/09\/usiminas-e1690543393391-400x200.jpg\" alt=\"Radar: Usiminas (USIM5) cai no Ibovespa ap\u00f3s 1T23, Magazine Luiza (MGLU3) demite fundadores do Kabum e Justi\u00e7a bloqueia R$ 1,1 bi da Braskem (BRKM5)\"\/><\/a><span class=\"spotlightCategory\"><a href=\"https:\/\/www.suno.com.br\/noticias\/negocios\/\">Neg\u00f3cios<\/a><\/span><\/div><div class=\"cardsPage__listCard__boxs__content\"><a href=\"https:\/\/www.suno.com.br\/noticias\/radar-usiminas-usim5-magazine-luiza-mglu3-braskem-brkm5\/\"><h2 class=\"content__title\">Radar: Usiminas (USIM5) cai no Ibovespa ap\u00f3s 1T23, Magazine Luiza (MGLU3) demite fundadores do Kabum e Justi\u00e7a bloqueia R$ 1,1 bi da Braskem (BRKM5)<\/h2><\/a><div class=\"newsContent__article__meta\"><div class=\"newsContent__article__meta__authorBox\"><a href=\"https:\/\/www.suno.com.br\/noticias\/author\/vanessal-loiolagmail-com\/\" class=\"authorBox__avatar noMobi\"><img src=\"https:\/\/secure.gravatar.com\/avatar\/8b41117f9780831919eb38da349c3f20?s=96&#038;r=g\" alt=\"Vanessa Loiola\"><\/a><div class=\"authorBox__name\"><span>por\n\t\t\t<a href=\"https:\/\/www.suno.com.br\/noticias\/author\/vanessal-loiolagmail-com\/\"><span itemprop=\"author\">Vanessa Loiola<\/span><\/a><\/span><time datetime=\"2023-04-20T21:56:43-03:00\" itemprop=\"datePublished\">20\/04\/2023 21:56<\/time><\/div><\/div><\/div><\/div><\/div>","single_layout":"posts","amp_enabled":true,"_links":{"self":[{"href":"https:\/\/www.suno.com.br\/noticias\/wp-json\/wp\/v2\/posts\/393037"}],"collection":[{"href":"https:\/\/www.suno.com.br\/noticias\/wp-json\/wp\/v2\/posts"}],"about":[{"href":"https:\/\/www.suno.com.br\/noticias\/wp-json\/wp\/v2\/types\/post"}],"author":[{"embeddable":true,"href":"https:\/\/www.suno.com.br\/noticias\/wp-json\/wp\/v2\/users\/227"}],"replies":[{"embeddable":true,"href":"https:\/\/www.suno.com.br\/noticias\/wp-json\/wp\/v2\/comments?post=393037"}],"version-history":[{"count":2,"href":"https:\/\/www.suno.com.br\/noticias\/wp-json\/wp\/v2\/posts\/393037\/revisions"}],"predecessor-version":[{"id":393093,"href":"https:\/\/www.suno.com.br\/noticias\/wp-json\/wp\/v2\/posts\/393037\/revisions\/393093"}],"wp:featuredmedia":[{"embeddable":true,"href":"https:\/\/www.suno.com.br\/noticias\/wp-json\/wp\/v2\/media\/187812"}],"wp:attachment":[{"href":"https:\/\/www.suno.com.br\/noticias\/wp-json\/wp\/v2\/media?parent=393037"}],"wp:term":[{"taxonomy":"category","embeddable":true,"href":"https:\/\/www.suno.com.br\/noticias\/wp-json\/wp\/v2\/categories?post=393037"},{"taxonomy":"post_tag","embeddable":true,"href":"https:\/\/www.suno.com.br\/noticias\/wp-json\/wp\/v2\/tags?post=393037"},{"taxonomy":"suno_strategy","embeddable":true,"href":"https:\/\/www.suno.com.br\/noticias\/wp-json\/wp\/v2\/suno_strategy?post=393037"}],"curies":[{"name":"wp","href":"https:\/\/api.w.org\/{rel}","templated":true}]}}