{"id":392876,"date":"2023-04-20T19:35:59","date_gmt":"2023-04-20T22:35:59","guid":{"rendered":"https:\/\/www.suno.com.br\/noticias\/?p=392876"},"modified":"2023-04-20T19:36:04","modified_gmt":"2023-04-20T22:36:04","slug":"tokstok-credora-pede-decretacao-falencia","status":"publish","type":"post","link":"https:\/\/www.suno.com.br\/noticias\/tokstok-credora-pede-decretacao-falencia\/","title":{"rendered":"Credora pede que Justi\u00e7a decrete fal\u00eancia da Tok&#038;Stok ap\u00f3s calote milion\u00e1rio"},"content":{"rendered":"<p>Entre d\u00edvidas milion\u00e1rias e o fechamento de lojas, um novo cap\u00edtulo da crise da <strong>Tok&amp;Stok<\/strong> explodiu nesta quinta (20). A Domus Aurea, consultoria de servi\u00e7os em tecnologia, entrou com um pedido de decreta\u00e7\u00e3o de fal\u00eancia da varejista de m\u00f3veis na Justi\u00e7a de S\u00e3o Paulo. Segundo as informa\u00e7\u00f5es divulgadas pelo Valor Econ\u00f4mico, a loja de m\u00f3veis deve R$ 3,8 milh\u00f5es h\u00e1 tr\u00eas meses \u00e0 consultoria.<\/p>\t<div class=\"wrapper-featured-image\">\n\t\t<figure class=\"spotlightImg\">\n\n\t\t\t<picture>\n\t\t\t\t<source media=\"(max-width: 768px)\" srcset=\"https:\/\/files.sunoresearch.com.br\/n\/uploads\/2023\/02\/tokestock-varejista-estrategia-americanas-amer3-foto-divulgacao-400x200.jpg\">\n\t\t\t\t<img loading=\"lazy\" decoding=\"async\" class=\"newsContent__article__imgCapa lazyloadDisabled \" src=\"https:\/\/files.sunoresearch.com.br\/n\/uploads\/2023\/02\/tokestock-varejista-estrategia-americanas-amer3-foto-divulgacao-800x450.jpg\" width=\"800\" height=\"450\" alt=\"Credora pede que Justi\u00e7a decrete fal\u00eancia da Tok&#038;Stok ap\u00f3s calote milion\u00e1rio\" fetchpriority=high \/>\n\t\t\t<\/picture>\n\n\t\t\t<figcaption class=\"wp-caption-text wp-caption-text--show\">Tok&amp;Stock. Foto: Divulga\u00e7\u00e3o<\/figcaption>\n\t\t<\/figure>\n\t<\/div>\n\n\n\n\n\n\t<p>\n\t\t<a href=\"https:\/\/lp.suno.com.br\/planilha-da-vida-financeira\/\" target=\"_blank\" data-element=\"shortcode-suno-banner\" title=\"Banner SUNO, clique e saiba mais\">\n\t\t\t<picture>\n\t\t\t\t<source media=\"(max-width: 500px)\" srcset=\"https:\/\/files.sunoresearch.com.br\/n\/uploads\/2023\/04\/400x300-Planilha-vida-financeira-true.png\">\n\t\t\t\t<img class=\"newsContent__article__imgCapa newsContent__article__imgCapa--banner\"\n\t\t\t\t\tsrc=\"https:\/\/files.sunoresearch.com.br\/n\/uploads\/2023\/04\/1420x240-Planilha-vida-financeira-true.png\"\n\t\t\t\t\tdata-promo-id=\"106682\"\t\t\t\t\t\t\t\t\t\twidth='1420' height='240'\t\t\t\t\talt=\"https:\/\/files.sunoresearch.com.br\/n\/uploads\/2023\/04\/1420x240-Planilha-vida-financeira-true.png\"\n\t\t\t\t>\n\t\t\t<\/picture>\n\t\t<\/a>\n\t<\/p>\n\n\n\n\n\n<p>No pedido protocolado na Justi\u00e7a paulista, a Domus diz que a &#8220;<strong>insolv\u00eancia da Tok&amp;Stok<\/strong> \u00e9 comprovada, pois est\u00e1 materializada em t\u00edtulo executivo cuja soma ultrapassa 40 sal\u00e1rios m\u00ednimos, sem pagamento&#8221;.<\/p>\n\n\n\n<p>Ao Valor, o vice-presidente da comiss\u00e3o de direitos banc\u00e1rios da OAB-SP, Leonardo Egawa, disse que a <strong>varejista<\/strong> ter\u00e1 10 dias para apresentar sua defesa ap\u00f3s a cita\u00e7\u00e3o e, neste per\u00edodo, poder\u00e1 depositar o valor do cr\u00e9dito para evitar a decreta\u00e7\u00e3o da fal\u00eancia.<\/p>\n\n\n\n<p>Procurada pelo Suno Not\u00edcias, a<strong> Tok&amp;Stok<\/strong> disse que n\u00e3o se pronunciar\u00e1 sobre o tema.<\/p>\n\n\n\t<p>\n\t\t<a href=\"https:\/\/lp.suno.com.br\/ebook-como-analisar-uma-acao\/\" target=\"_blank\" data-element=\"shortcode-suno-banner\" title=\"Banner SUNO, clique e saiba mais\">\n\t\t\t<picture>\n\t\t\t\t<source media=\"(max-width: 500px)\" srcset=\"https:\/\/files.sunoresearch.com.br\/n\/uploads\/2023\/03\/Ebook-Acoes-Mobile.jpg\">\n\t\t\t\t<img class=\"newsContent__article__imgCapa newsContent__article__imgCapa--banner\"\n\t\t\t\t\tsrc=\"https:\/\/files.sunoresearch.com.br\/n\/uploads\/2023\/03\/Ebook-Acoes-Desktop.jpg\"\n\t\t\t\t\tdata-promo-id=\"378302\"\t\t\t\t\t\t\t\t\t\twidth='1420' height='286'\t\t\t\t\talt=\"https:\/\/files.sunoresearch.com.br\/n\/uploads\/2023\/03\/Ebook-Acoes-Desktop.jpg\"\n\t\t\t\t>\n\t\t\t<\/picture>\n\t\t<\/a>\n\t<\/p>\n\n\n\n\n\n<h2 class=\"wp-block-heading\">Novo CEO na Tok&amp;Stok<\/h2>\n\n\n\n<p>Roberto Szachnowicz, ex-presidente da Etna, \u00e9 o novo <strong>CEO da Tok&amp;Stok<\/strong>. Segundo informa\u00e7\u00f5es divulgadas nesta quinta (20), o executivo que comandou a antiga varejista de m\u00f3veis at\u00e9 o encerramento das suas opera\u00e7\u00f5es j\u00e1 foi apresentado aos funcion\u00e1rios e ter\u00e1 a miss\u00e3o de liderar a reestrutura\u00e7\u00e3o operacional e financeira do neg\u00f3cio em crise.<\/p>\n\n\n\n\t<div data-element=\"shortcode-read-more\" class=\"readToo\">\n\t\t\t\t<span class=\"readToo__title\">Leia mais<\/span>\n\t\t\t\t<ul class=\"readToo__list\">\n\t\t\t<li><a href=\"https:\/\/www.suno.com.br\/noticias\/tokstok-ex-ceo-etna-crise-fechamento-lojas\/\">Tok&#038;Stok contrata ex-CEO da Etna para comandar empresa durante crise e fechamento de lojas<\/a><\/li><li><a href=\"https:\/\/www.suno.com.br\/noticias\/tokstok-liquidacao-fechamento-loja\/\">Tok&#038;Stok faz liquida\u00e7\u00e3o de 50% para fechar loja \u00e0s pressas; fundadora volta para empresa<\/a><\/li>\t\t<\/ul>\n\t<\/div>\n\n\n\n\n<p>De acordo com a Coluna do Broadcast, do jornal O Estado de S\u00e3o Paulo, Szachnowicz assumir\u00e1 a cadeira que havia sido ocupada at\u00e9 a semana passada por Ghislaine Dubrule, s\u00f3cia-fundadora da Tok&amp;Stok, ap\u00f3s mudan\u00e7as no alto escal\u00e3o da empresa. Com uma d\u00edvida superior a R$ 400 milh\u00f5es, as <strong>lojas da Tok&amp;Stok<\/strong> est\u00e3o sendo fechadas em algumas cidades do Pa\u00eds, como em Fortaleza e Recife.<\/p>\n\n\n\n<p>Esse movimento \u00e9 similar ao que ocorreu com a <strong>Etna<\/strong> no ano passado, que encerrou suas atividades ap\u00f3s n\u00e3o conseguir um novo s\u00f3cio e sofrer com o desinteresse da fam\u00edlia Kaufman, propriet\u00e1ria do neg\u00f3cio.<\/p>\n\n\n\n<p>Conforme a publica\u00e7\u00e3o, um dos pr\u00f3ximos cap\u00edtulos da crise na<strong> Tok&amp;Stok<\/strong> ser\u00e1 uma inje\u00e7\u00e3o de capital de aproximadamente R$ 100 milh\u00f5es pelo fundo Carlyle, s\u00f3cio controlador da empresa.<\/p>\n\n\n\t<p>\n\t\t<a href=\"https:\/\/lp.suno.com.br\/plataforma-de-controle-de-investimentos\/\" target=\"_blank\" data-element=\"shortcode-suno-banner\" title=\"Banner SUNO, clique e saiba mais\">\n\t\t\t<picture>\n\t\t\t\t<source media=\"(max-width: 500px)\" srcset=\"https:\/\/files.sunoresearch.com.br\/n\/uploads\/2023\/03\/400x300-Controle-de-Investimentos.png\">\n\t\t\t\t<img class=\"newsContent__article__imgCapa newsContent__article__imgCapa--banner\"\n\t\t\t\t\tsrc=\"https:\/\/files.sunoresearch.com.br\/n\/uploads\/2023\/03\/1420x240-Controle-de-Investimentos.png\"\n\t\t\t\t\tdata-promo-id=\"383162\"\t\t\t\t\t\t\t\t\t\twidth='1420' height='240'\t\t\t\t\talt=\"https:\/\/files.sunoresearch.com.br\/n\/uploads\/2023\/03\/1420x240-Controle-de-Investimentos.png\"\n\t\t\t\t>\n\t\t\t<\/picture>\n\t\t<\/a>\n\t<\/p>\n\n\n","protected":false},"excerpt":{"rendered":"<p>Entre d\u00edvidas milion\u00e1rias e o fechamento de lojas, um novo cap\u00edtulo da crise da Tok&amp;Stok explodiu nesta quinta (20). A Domus Aurea, consultoria de servi\u00e7os em tecnologia, entrou com um pedido de decreta\u00e7\u00e3o de fal\u00eancia da varejista de m\u00f3veis na Justi\u00e7a de S\u00e3o Paulo. Segundo as informa\u00e7\u00f5es divulgadas pelo Valor Econ\u00f4mico, a loja de m\u00f3veis [&hellip;]<\/p>\n","protected":false},"author":232,"featured_media":365539,"comment_status":"closed","ping_status":"closed","sticky":false,"template":"","format":"standard","meta":[],"categories":[60],"tags":[803],"suno_strategy":[],"class_list":["post-392876","post","type-post","status-publish","format-standard","has-post-thumbnail","hentry","category-mercado","tag-varejo"],"yoast_head":"<!-- This site is optimized with the Yoast SEO plugin v24.4 - https:\/\/yoast.com\/wordpress\/plugins\/seo\/ -->\n<title>Credora pede que Justi\u00e7a decrete fal\u00eancia da Tok&amp;Stok ap\u00f3s calote<\/title>\n<meta name=\"description\" content=\"Entre d\u00edvidas milion\u00e1rias e o fechamento de lojas, um novo cap\u00edtulo da crise da Tok&amp;Stok explodiu nesta quinta (20). Clique e saiba mais!\" \/>\n<meta name=\"robots\" content=\"index, follow, max-snippet:-1, max-image-preview:large, max-video-preview:-1\" \/>\n<link rel=\"canonical\" href=\"https:\/\/www.suno.com.br\/noticias\/tokstok-credora-pede-decretacao-falencia\/\" \/>\n<meta property=\"og:locale\" content=\"pt_BR\" \/>\n<meta property=\"og:type\" content=\"article\" \/>\n<meta property=\"og:title\" content=\"Credora pede que Justi\u00e7a decrete fal\u00eancia da Tok&amp;Stok ap\u00f3s calote\" \/>\n<meta property=\"og:description\" content=\"Entre d\u00edvidas milion\u00e1rias e o fechamento de lojas, um novo cap\u00edtulo da crise da Tok&amp;Stok explodiu nesta quinta (20). Clique e saiba mais!\" \/>\n<meta property=\"og:url\" content=\"https:\/\/www.suno.com.br\/noticias\/tokstok-credora-pede-decretacao-falencia\/\" \/>\n<meta property=\"og:site_name\" content=\"Suno Not\u00edcias\" \/>\n<meta property=\"article:publisher\" content=\"https:\/\/facebook.com\/sunoresearch\" \/>\n<meta property=\"og:image\" content=\"https:\/\/files.sunoresearch.com.br\/n\/uploads\/2023\/02\/tokestock-varejista-estrategia-americanas-amer3-foto-divulgacao.jpg\" \/>\n\t<meta property=\"og:image:width\" content=\"1200\" \/>\n\t<meta property=\"og:image:height\" content=\"675\" \/>\n\t<meta property=\"og:image:type\" content=\"image\/jpeg\" \/>\n<meta name=\"author\" content=\"Erick Matheus Nery\" \/>\n<meta name=\"twitter:card\" content=\"summary_large_image\" \/>\n<meta name=\"twitter:creator\" content=\"@sunoresearch\" \/>\n<meta name=\"twitter:site\" content=\"@sunoresearch\" \/>\n<meta name=\"twitter:label1\" content=\"Escrito por\" \/>\n\t<meta name=\"twitter:data1\" content=\"Erick Matheus Nery\" \/>\n\t<meta name=\"twitter:label2\" content=\"Est. tempo de leitura\" \/>\n\t<meta name=\"twitter:data2\" content=\"2 minutos\" \/>\n<script type=\"application\/ld+json\" class=\"yoast-schema-graph\">{\"@context\":\"https:\/\/schema.org\",\"@graph\":[{\"@type\":\"NewsArticle\",\"@id\":\"https:\/\/www.suno.com.br\/noticias\/tokstok-credora-pede-decretacao-falencia\/#article\",\"isPartOf\":{\"@id\":\"https:\/\/www.suno.com.br\/noticias\/tokstok-credora-pede-decretacao-falencia\/\"},\"author\":{\"name\":\"Erick Matheus Nery\",\"@id\":\"https:\/\/www.suno.com.br\/noticias\/#\/schema\/person\/6899bc3f19d1a7315f807131c2c013a0\"},\"headline\":\"Credora pede que Justi\u00e7a decrete fal\u00eancia da Tok&#038;Stok ap\u00f3s calote milion\u00e1rio\",\"datePublished\":\"2023-04-20T22:35:59+00:00\",\"dateModified\":\"2023-04-20T22:36:04+00:00\",\"mainEntityOfPage\":{\"@id\":\"https:\/\/www.suno.com.br\/noticias\/tokstok-credora-pede-decretacao-falencia\/\"},\"wordCount\":419,\"publisher\":{\"@id\":\"https:\/\/www.suno.com.br\/noticias\/#organization\"},\"image\":{\"@id\":\"https:\/\/www.suno.com.br\/noticias\/tokstok-credora-pede-decretacao-falencia\/#primaryimage\"},\"thumbnailUrl\":\"https:\/\/files.sunoresearch.com.br\/n\/uploads\/2023\/02\/tokestock-varejista-estrategia-americanas-amer3-foto-divulgacao.jpg\",\"keywords\":[\"varejo\"],\"articleSection\":[\"Mercado\"],\"inLanguage\":\"pt-BR\"},{\"@type\":\"WebPage\",\"@id\":\"https:\/\/www.suno.com.br\/noticias\/tokstok-credora-pede-decretacao-falencia\/\",\"url\":\"https:\/\/www.suno.com.br\/noticias\/tokstok-credora-pede-decretacao-falencia\/\",\"name\":\"Credora pede que Justi\u00e7a decrete fal\u00eancia da Tok&Stok ap\u00f3s calote\",\"isPartOf\":{\"@id\":\"https:\/\/www.suno.com.br\/noticias\/#website\"},\"primaryImageOfPage\":{\"@id\":\"https:\/\/www.suno.com.br\/noticias\/tokstok-credora-pede-decretacao-falencia\/#primaryimage\"},\"image\":{\"@id\":\"https:\/\/www.suno.com.br\/noticias\/tokstok-credora-pede-decretacao-falencia\/#primaryimage\"},\"thumbnailUrl\":\"https:\/\/files.sunoresearch.com.br\/n\/uploads\/2023\/02\/tokestock-varejista-estrategia-americanas-amer3-foto-divulgacao.jpg\",\"datePublished\":\"2023-04-20T22:35:59+00:00\",\"dateModified\":\"2023-04-20T22:36:04+00:00\",\"description\":\"Entre d\u00edvidas milion\u00e1rias e o fechamento de lojas, um novo cap\u00edtulo da crise da Tok&Stok explodiu nesta quinta (20). Clique e saiba mais!\",\"breadcrumb\":{\"@id\":\"https:\/\/www.suno.com.br\/noticias\/tokstok-credora-pede-decretacao-falencia\/#breadcrumb\"},\"inLanguage\":\"pt-BR\",\"potentialAction\":[{\"@type\":\"ReadAction\",\"target\":[\"https:\/\/www.suno.com.br\/noticias\/tokstok-credora-pede-decretacao-falencia\/\"]}]},{\"@type\":\"ImageObject\",\"inLanguage\":\"pt-BR\",\"@id\":\"https:\/\/www.suno.com.br\/noticias\/tokstok-credora-pede-decretacao-falencia\/#primaryimage\",\"url\":\"https:\/\/files.sunoresearch.com.br\/n\/uploads\/2023\/02\/tokestock-varejista-estrategia-americanas-amer3-foto-divulgacao.jpg\",\"contentUrl\":\"https:\/\/files.sunoresearch.com.br\/n\/uploads\/2023\/02\/tokestock-varejista-estrategia-americanas-amer3-foto-divulgacao.jpg\",\"width\":1200,\"height\":675,\"caption\":\"Tok&Stock. Foto: Divulga\u00e7\u00e3o\"},{\"@type\":\"BreadcrumbList\",\"@id\":\"https:\/\/www.suno.com.br\/noticias\/tokstok-credora-pede-decretacao-falencia\/#breadcrumb\",\"itemListElement\":[{\"@type\":\"ListItem\",\"position\":1,\"name\":\"Not\u00edcias\",\"item\":\"https:\/\/www.suno.com.br\/noticias\/\"},{\"@type\":\"ListItem\",\"position\":2,\"name\":\"Mercado\",\"item\":\"https:\/\/www.suno.com.br\/noticias\/mercado\/\"},{\"@type\":\"ListItem\",\"position\":3,\"name\":\"Credora pede que Justi\u00e7a decrete fal\u00eancia da Tok&#038;Stok ap\u00f3s calote milion\u00e1rio\"}]},{\"@type\":\"WebSite\",\"@id\":\"https:\/\/www.suno.com.br\/noticias\/#website\",\"url\":\"https:\/\/www.suno.com.br\/noticias\/\",\"name\":\"Suno Not\u00edcias\",\"description\":\"Seu portal de informa\u00e7\u00e3o sobre o mundo dos investimentos\",\"publisher\":{\"@id\":\"https:\/\/www.suno.com.br\/noticias\/#organization\"},\"potentialAction\":[{\"@type\":\"SearchAction\",\"target\":{\"@type\":\"EntryPoint\",\"urlTemplate\":\"https:\/\/www.suno.com.br\/noticias\/?s={search_term_string}\"},\"query-input\":{\"@type\":\"PropertyValueSpecification\",\"valueRequired\":true,\"valueName\":\"search_term_string\"}}],\"inLanguage\":\"pt-BR\"},{\"@type\":\"Organization\",\"@id\":\"https:\/\/www.suno.com.br\/noticias\/#organization\",\"name\":\"Suno Not\u00edcias\",\"url\":\"https:\/\/www.suno.com.br\/noticias\/\",\"logo\":{\"@type\":\"ImageObject\",\"inLanguage\":\"pt-BR\",\"@id\":\"https:\/\/www.suno.com.br\/noticias\/#\/schema\/logo\/image\/\",\"url\":\"https:\/\/files.sunoresearch.com.br\/n\/uploads\/2021\/09\/suno-logo.png\",\"contentUrl\":\"https:\/\/files.sunoresearch.com.br\/n\/uploads\/2021\/09\/suno-logo.png\",\"width\":180,\"height\":180,\"caption\":\"Suno Not\u00edcias\"},\"image\":{\"@id\":\"https:\/\/www.suno.com.br\/noticias\/#\/schema\/logo\/image\/\"},\"sameAs\":[\"https:\/\/facebook.com\/sunoresearch\",\"https:\/\/x.com\/sunoresearch\",\"https:\/\/www.instagram.com\/suno\",\"https:\/\/www.linkedin.com\/company\/suno-research\/\",\"https:\/\/www.youtube.com\/c\/sunoresearch\"]},{\"@type\":\"Person\",\"@id\":\"https:\/\/www.suno.com.br\/noticias\/#\/schema\/person\/6899bc3f19d1a7315f807131c2c013a0\",\"name\":\"Erick Matheus Nery\",\"image\":{\"@type\":\"ImageObject\",\"inLanguage\":\"pt-BR\",\"@id\":\"https:\/\/www.suno.com.br\/noticias\/#\/schema\/person\/image\/\",\"url\":\"https:\/\/secure.gravatar.com\/avatar\/518ddffe438ccb767782d372a66304d2?s=96&r=g\",\"contentUrl\":\"https:\/\/secure.gravatar.com\/avatar\/518ddffe438ccb767782d372a66304d2?s=96&r=g\",\"caption\":\"Erick Matheus Nery\"},\"description\":\"Formado em Jornalismo pela Universidade Federal do Par\u00e1 (UFPA), conta com extens\u00e3o em Jornalismo Econ\u00f4mico pela Funda\u00e7\u00e3o Get\u00falio Vargas (FGV). No Suno Not\u00edcias, atua como rep\u00f3rter de Mercado, com foco nos setores de telecomunica\u00e7\u00f5es, varejo, alimentos e renda fixa. Conta com passagens pelo jornal O Estado de S\u00e3o Paulo, como trainee de Jornalismo Econ\u00f4mico, e pelo site Not\u00edcias da TV.\",\"url\":\"https:\/\/www.suno.com.br\/noticias\/author\/erick-nery\/\"}]}<\/script>\n<!-- \/ Yoast SEO plugin. -->","yoast_head_json":{"title":"Credora pede que Justi\u00e7a decrete fal\u00eancia da Tok&Stok ap\u00f3s calote","description":"Entre d\u00edvidas milion\u00e1rias e o fechamento de lojas, um novo cap\u00edtulo da crise da Tok&Stok explodiu nesta quinta (20). Clique e saiba mais!","robots":{"index":"index","follow":"follow","max-snippet":"max-snippet:-1","max-image-preview":"max-image-preview:large","max-video-preview":"max-video-preview:-1"},"canonical":"https:\/\/www.suno.com.br\/noticias\/tokstok-credora-pede-decretacao-falencia\/","og_locale":"pt_BR","og_type":"article","og_title":"Credora pede que Justi\u00e7a decrete fal\u00eancia da Tok&Stok ap\u00f3s calote","og_description":"Entre d\u00edvidas milion\u00e1rias e o fechamento de lojas, um novo cap\u00edtulo da crise da Tok&Stok explodiu nesta quinta (20). Clique e saiba mais!","og_url":"https:\/\/www.suno.com.br\/noticias\/tokstok-credora-pede-decretacao-falencia\/","og_site_name":"Suno Not\u00edcias","article_publisher":"https:\/\/facebook.com\/sunoresearch","og_image":[{"width":1200,"height":675,"url":"https:\/\/files.sunoresearch.com.br\/n\/uploads\/2023\/02\/tokestock-varejista-estrategia-americanas-amer3-foto-divulgacao.jpg","type":"image\/jpeg"}],"author":"Erick Matheus Nery","twitter_card":"summary_large_image","twitter_creator":"@sunoresearch","twitter_site":"@sunoresearch","twitter_misc":{"Escrito por":"Erick Matheus Nery","Est. tempo de leitura":"2 minutos"},"schema":{"@context":"https:\/\/schema.org","@graph":[{"@type":"NewsArticle","@id":"https:\/\/www.suno.com.br\/noticias\/tokstok-credora-pede-decretacao-falencia\/#article","isPartOf":{"@id":"https:\/\/www.suno.com.br\/noticias\/tokstok-credora-pede-decretacao-falencia\/"},"author":{"name":"Erick Matheus Nery","@id":"https:\/\/www.suno.com.br\/noticias\/#\/schema\/person\/6899bc3f19d1a7315f807131c2c013a0"},"headline":"Credora pede que Justi\u00e7a decrete fal\u00eancia da Tok&#038;Stok ap\u00f3s calote milion\u00e1rio","datePublished":"2023-04-20T22:35:59+00:00","dateModified":"2023-04-20T22:36:04+00:00","mainEntityOfPage":{"@id":"https:\/\/www.suno.com.br\/noticias\/tokstok-credora-pede-decretacao-falencia\/"},"wordCount":419,"publisher":{"@id":"https:\/\/www.suno.com.br\/noticias\/#organization"},"image":{"@id":"https:\/\/www.suno.com.br\/noticias\/tokstok-credora-pede-decretacao-falencia\/#primaryimage"},"thumbnailUrl":"https:\/\/files.sunoresearch.com.br\/n\/uploads\/2023\/02\/tokestock-varejista-estrategia-americanas-amer3-foto-divulgacao.jpg","keywords":["varejo"],"articleSection":["Mercado"],"inLanguage":"pt-BR"},{"@type":"WebPage","@id":"https:\/\/www.suno.com.br\/noticias\/tokstok-credora-pede-decretacao-falencia\/","url":"https:\/\/www.suno.com.br\/noticias\/tokstok-credora-pede-decretacao-falencia\/","name":"Credora pede que Justi\u00e7a decrete fal\u00eancia da Tok&Stok ap\u00f3s calote","isPartOf":{"@id":"https:\/\/www.suno.com.br\/noticias\/#website"},"primaryImageOfPage":{"@id":"https:\/\/www.suno.com.br\/noticias\/tokstok-credora-pede-decretacao-falencia\/#primaryimage"},"image":{"@id":"https:\/\/www.suno.com.br\/noticias\/tokstok-credora-pede-decretacao-falencia\/#primaryimage"},"thumbnailUrl":"https:\/\/files.sunoresearch.com.br\/n\/uploads\/2023\/02\/tokestock-varejista-estrategia-americanas-amer3-foto-divulgacao.jpg","datePublished":"2023-04-20T22:35:59+00:00","dateModified":"2023-04-20T22:36:04+00:00","description":"Entre d\u00edvidas milion\u00e1rias e o fechamento de lojas, um novo cap\u00edtulo da crise da Tok&Stok explodiu nesta quinta (20). Clique e saiba mais!","breadcrumb":{"@id":"https:\/\/www.suno.com.br\/noticias\/tokstok-credora-pede-decretacao-falencia\/#breadcrumb"},"inLanguage":"pt-BR","potentialAction":[{"@type":"ReadAction","target":["https:\/\/www.suno.com.br\/noticias\/tokstok-credora-pede-decretacao-falencia\/"]}]},{"@type":"ImageObject","inLanguage":"pt-BR","@id":"https:\/\/www.suno.com.br\/noticias\/tokstok-credora-pede-decretacao-falencia\/#primaryimage","url":"https:\/\/files.sunoresearch.com.br\/n\/uploads\/2023\/02\/tokestock-varejista-estrategia-americanas-amer3-foto-divulgacao.jpg","contentUrl":"https:\/\/files.sunoresearch.com.br\/n\/uploads\/2023\/02\/tokestock-varejista-estrategia-americanas-amer3-foto-divulgacao.jpg","width":1200,"height":675,"caption":"Tok&Stock. Foto: Divulga\u00e7\u00e3o"},{"@type":"BreadcrumbList","@id":"https:\/\/www.suno.com.br\/noticias\/tokstok-credora-pede-decretacao-falencia\/#breadcrumb","itemListElement":[{"@type":"ListItem","position":1,"name":"Not\u00edcias","item":"https:\/\/www.suno.com.br\/noticias\/"},{"@type":"ListItem","position":2,"name":"Mercado","item":"https:\/\/www.suno.com.br\/noticias\/mercado\/"},{"@type":"ListItem","position":3,"name":"Credora pede que Justi\u00e7a decrete fal\u00eancia da Tok&#038;Stok ap\u00f3s calote milion\u00e1rio"}]},{"@type":"WebSite","@id":"https:\/\/www.suno.com.br\/noticias\/#website","url":"https:\/\/www.suno.com.br\/noticias\/","name":"Suno Not\u00edcias","description":"Seu portal de informa\u00e7\u00e3o sobre o mundo dos investimentos","publisher":{"@id":"https:\/\/www.suno.com.br\/noticias\/#organization"},"potentialAction":[{"@type":"SearchAction","target":{"@type":"EntryPoint","urlTemplate":"https:\/\/www.suno.com.br\/noticias\/?s={search_term_string}"},"query-input":{"@type":"PropertyValueSpecification","valueRequired":true,"valueName":"search_term_string"}}],"inLanguage":"pt-BR"},{"@type":"Organization","@id":"https:\/\/www.suno.com.br\/noticias\/#organization","name":"Suno Not\u00edcias","url":"https:\/\/www.suno.com.br\/noticias\/","logo":{"@type":"ImageObject","inLanguage":"pt-BR","@id":"https:\/\/www.suno.com.br\/noticias\/#\/schema\/logo\/image\/","url":"https:\/\/files.sunoresearch.com.br\/n\/uploads\/2021\/09\/suno-logo.png","contentUrl":"https:\/\/files.sunoresearch.com.br\/n\/uploads\/2021\/09\/suno-logo.png","width":180,"height":180,"caption":"Suno Not\u00edcias"},"image":{"@id":"https:\/\/www.suno.com.br\/noticias\/#\/schema\/logo\/image\/"},"sameAs":["https:\/\/facebook.com\/sunoresearch","https:\/\/x.com\/sunoresearch","https:\/\/www.instagram.com\/suno","https:\/\/www.linkedin.com\/company\/suno-research\/","https:\/\/www.youtube.com\/c\/sunoresearch"]},{"@type":"Person","@id":"https:\/\/www.suno.com.br\/noticias\/#\/schema\/person\/6899bc3f19d1a7315f807131c2c013a0","name":"Erick Matheus Nery","image":{"@type":"ImageObject","inLanguage":"pt-BR","@id":"https:\/\/www.suno.com.br\/noticias\/#\/schema\/person\/image\/","url":"https:\/\/secure.gravatar.com\/avatar\/518ddffe438ccb767782d372a66304d2?s=96&r=g","contentUrl":"https:\/\/secure.gravatar.com\/avatar\/518ddffe438ccb767782d372a66304d2?s=96&r=g","caption":"Erick Matheus Nery"},"description":"Formado em Jornalismo pela Universidade Federal do Par\u00e1 (UFPA), conta com extens\u00e3o em Jornalismo Econ\u00f4mico pela Funda\u00e7\u00e3o Get\u00falio Vargas (FGV). No Suno Not\u00edcias, atua como rep\u00f3rter de Mercado, com foco nos setores de telecomunica\u00e7\u00f5es, varejo, alimentos e renda fixa. Conta com passagens pelo jornal O Estado de S\u00e3o Paulo, como trainee de Jornalismo Econ\u00f4mico, e pelo site Not\u00edcias da TV.","url":"https:\/\/www.suno.com.br\/noticias\/author\/erick-nery\/"}]}},"default_loop_html":"<div class=\"cardsPage__listCard__boxs\"><div class=\"cardsPage__listCard__boxs__img\"><a href=\"https:\/\/www.suno.com.br\/noticias\/tokstok-credora-pede-decretacao-falencia\/\"><img class=\"mask\" src=\"https:\/\/www.suno.com.br\/noticias\/wp-content\/themes\/suno\/resources\/images\/spotlight\/spotlight1img\/bg-mask.png\" alt=\"Image Mask\"\/><img src=\"https:\/\/files.sunoresearch.com.br\/n\/uploads\/2023\/02\/tokestock-varejista-estrategia-americanas-amer3-foto-divulgacao-400x200.jpg\" alt=\"Credora pede que Justi\u00e7a decrete fal\u00eancia da Tok&#038;Stok ap\u00f3s calote milion\u00e1rio\"\/><\/a><span class=\"spotlightCategory\"><a href=\"https:\/\/www.suno.com.br\/noticias\/mercado\/\">Mercado<\/a><\/span><\/div><div class=\"cardsPage__listCard__boxs__content\"><a href=\"https:\/\/www.suno.com.br\/noticias\/tokstok-credora-pede-decretacao-falencia\/\"><h2 class=\"content__title\">Credora pede que Justi\u00e7a decrete fal\u00eancia da Tok&#038;Stok ap\u00f3s calote milion\u00e1rio<\/h2><\/a><div class=\"newsContent__article__meta\"><div class=\"newsContent__article__meta__authorBox\"><a href=\"https:\/\/www.suno.com.br\/noticias\/author\/erick-nery\/\" class=\"authorBox__avatar noMobi\"><img src=\"https:\/\/secure.gravatar.com\/avatar\/518ddffe438ccb767782d372a66304d2?s=96&#038;r=g\" alt=\"Erick Matheus Nery\"><\/a><div class=\"authorBox__name\"><span>por\n\t\t\t<a href=\"https:\/\/www.suno.com.br\/noticias\/author\/erick-nery\/\"><span itemprop=\"author\">Erick Matheus Nery<\/span><\/a><\/span><time datetime=\"2023-04-20T19:35:59-03:00\" itemprop=\"datePublished\">20\/04\/2023 19:35<\/time><\/div><\/div><\/div><\/div><\/div>","single_layout":"posts","amp_enabled":true,"_links":{"self":[{"href":"https:\/\/www.suno.com.br\/noticias\/wp-json\/wp\/v2\/posts\/392876"}],"collection":[{"href":"https:\/\/www.suno.com.br\/noticias\/wp-json\/wp\/v2\/posts"}],"about":[{"href":"https:\/\/www.suno.com.br\/noticias\/wp-json\/wp\/v2\/types\/post"}],"author":[{"embeddable":true,"href":"https:\/\/www.suno.com.br\/noticias\/wp-json\/wp\/v2\/users\/232"}],"replies":[{"embeddable":true,"href":"https:\/\/www.suno.com.br\/noticias\/wp-json\/wp\/v2\/comments?post=392876"}],"version-history":[{"count":2,"href":"https:\/\/www.suno.com.br\/noticias\/wp-json\/wp\/v2\/posts\/392876\/revisions"}],"predecessor-version":[{"id":392964,"href":"https:\/\/www.suno.com.br\/noticias\/wp-json\/wp\/v2\/posts\/392876\/revisions\/392964"}],"wp:featuredmedia":[{"embeddable":true,"href":"https:\/\/www.suno.com.br\/noticias\/wp-json\/wp\/v2\/media\/365539"}],"wp:attachment":[{"href":"https:\/\/www.suno.com.br\/noticias\/wp-json\/wp\/v2\/media?parent=392876"}],"wp:term":[{"taxonomy":"category","embeddable":true,"href":"https:\/\/www.suno.com.br\/noticias\/wp-json\/wp\/v2\/categories?post=392876"},{"taxonomy":"post_tag","embeddable":true,"href":"https:\/\/www.suno.com.br\/noticias\/wp-json\/wp\/v2\/tags?post=392876"},{"taxonomy":"suno_strategy","embeddable":true,"href":"https:\/\/www.suno.com.br\/noticias\/wp-json\/wp\/v2\/suno_strategy?post=392876"}],"curies":[{"name":"wp","href":"https:\/\/api.w.org\/{rel}","templated":true}]}}