{"id":39246,"date":"2019-09-30T08:08:19","date_gmt":"2019-09-30T11:08:19","guid":{"rendered":"https:\/\/www.suno.com.br\/noticias\/?p=39246"},"modified":"2019-10-03T10:24:40","modified_gmt":"2019-10-03T13:24:40","slug":"forever-21-pedido-recuperacao-judicial","status":"publish","type":"post","link":"https:\/\/www.suno.com.br\/noticias\/forever-21-pedido-recuperacao-judicial\/","title":{"rendered":"Forever 21 apresenta pedido de recupera\u00e7\u00e3o judicial nos EUA"},"content":{"rendered":"<p>A Forever 21, gigante internacional da moda, na noite do \u00faltimo domingo (29), apresentou o seu pedido de <a href=\"https:\/\/www.suno.com.br\/artigos\/recuperacao-judicial\/\"><strong>recupera\u00e7\u00e3o judicial<\/strong><\/a>. A companhia recorreu a um pedido de fal\u00eancia no \u00e2mbito do Cap\u00edtulo 11 da lei comercial dos <strong>Estados Unidos<\/strong>, que, na pr\u00e1tica, refere-se uma reestrutura\u00e7\u00e3o de suas d\u00edvidas.<\/p>\t<div class=\"wrapper-featured-image\">\n\t\t<figure class=\"spotlightImg\">\n\n\t\t\t<picture>\n\t\t\t\t<source media=\"(max-width: 768px)\" srcset=\"https:\/\/files.sunoresearch.com.br\/n\/uploads\/2019\/09\/a028b8bb-forever-21-400x200.webp\">\n\t\t\t\t<img loading=\"lazy\" decoding=\"async\" class=\"newsContent__article__imgCapa lazyloadDisabled newsContent__article__imgCapa--noCaption\" src=\"https:\/\/files.sunoresearch.com.br\/n\/uploads\/2019\/09\/a028b8bb-forever-21-800x450.webp\" width=\"800\" height=\"450\" alt=\"Forever 21 apresenta pedido de recupera\u00e7\u00e3o judicial nos EUA\" fetchpriority=high \/>\n\t\t\t<\/picture>\n\n\t\t\t<figcaption class=\"wp-caption-text wp-caption-text--hide\">A Forever 21 teve sua compra anunciada ainda na semana passada, pela Authentic Brands Group (ABG)<\/figcaption>\n\t\t<\/figure>\n\t<\/div>\n\n\n\n<p>Os documentos apresentados demonstram que a <strong>Forever 21<\/strong> possui entre US$ 1 bilh\u00e3o e U$ 10 bilh\u00f5es em d\u00edvidas. O processo permite que a empresa, sediada em Los Angeles, continue operando enquanto elabora um plano para quitar suas d\u00edvidas a seus credores.<\/p>\n<h2>Derrocada da Forever 21<\/h2>\n<p>A medida que o e-commerce expandiu-se, a <strong>Forever 21<\/strong> perdeu espa\u00e7o.<\/p>\n\t<p>\n\t\t<a href=\"https:\/\/lp.suno.com.br\/ebook-investindo-em-dividendos\/\" target=\"_blank\" data-element=\"shortcode-suno-banner\" title=\"Banner SUNO, clique e saiba mais\">\n\t\t\t<picture>\n\t\t\t\t<source media=\"(max-width: 500px)\" srcset=\"https:\/\/files.sunoresearch.com.br\/n\/uploads\/2023\/03\/400x300-Dividendos.png\">\n\t\t\t\t<img class=\"newsContent__article__imgCapa newsContent__article__imgCapa--banner\"\n\t\t\t\t\tsrc=\"https:\/\/files.sunoresearch.com.br\/n\/uploads\/2023\/03\/1420x240-Dividendos.png\"\n\t\t\t\t\tdata-promo-id=\"383163\"\t\t\t\t\t\t\t\t\t\twidth='1420' height='240'\t\t\t\t\talt=\"https:\/\/files.sunoresearch.com.br\/n\/uploads\/2023\/03\/1420x240-Dividendos.png\"\n\t\t\t\t>\n\t\t\t<\/picture>\n\t\t<\/a>\n\t<\/p>\n\n\n<p>O pedido de <strong>recupera\u00e7\u00e3o judicial<\/strong> pode fazer com que a <strong>Forever 21<\/strong> se livre das unidades pouco produtivas e captar novos fundos. Criada em 1984, a companhia possui mais de 800 lojas nos EUA, Europa, \u00c1sia e Am\u00e9rica Latina, incluindo o <strong>Brasil<\/strong>.<\/p>\n<p>Atualmente, a empresa possui US$ 275 milh\u00f5es em financiamento de credores como <strong>J.P. Morgan<\/strong> e Chase &amp; Co. Al\u00e9m disso, tamb\u00e9m captou de U$ 75 milh\u00f5es em capital novo de fundos liderados pelo TPG Sixth Street Partners.<\/p>\n<p><a href=\"https:\/\/www.suno.com.br\/noticias\/justica-homologa-recuperacao-judicial-saraiva\/\">Veja tamb\u00e9m: Justi\u00e7a homologa plano de recupera\u00e7\u00e3o judicial da Saraiva<\/a><\/p>\n<p>\u201cO financiamento fornecido pelo J.P. Morgan e pela TPG Sixth Street Partners fornecer\u00e1 \u00e0 Forever 21 o capital necess\u00e1rio para efetuar mudan\u00e7as cr\u00edticas nos Estados Unidos e no exterior para revitalizar nossa marca e impulsionar nosso crescimento, permitindo-nos cumprir nossas obriga\u00e7\u00f5es cont\u00ednuas com clientes, fornecedores e funcion\u00e1rios\u201d disse Linda Chang, vice-presidente executiva da companhia, em comunicado.<\/p>\n<p>O pedido de recupera\u00e7\u00e3o judicial da <strong>Forever 21<\/strong> representa mais uma grande companhia do segmento de moda que est\u00e1 em apuros. O setor de varejo segue em crise nos EUA. Somente no primeiro semestre deste ano, mais de sete mil lojas foram fechadas, mais que durante todo o ano de 2018.<\/p>\n","protected":false},"excerpt":{"rendered":"<p>A Forever 21, gigante internacional da moda, na noite do \u00faltimo domingo (29), apresentou o seu pedido de recupera\u00e7\u00e3o judicial. A companhia recorreu a um pedido de fal\u00eancia no \u00e2mbito do Cap\u00edtulo 11 da lei comercial dos Estados Unidos, que, na pr\u00e1tica, refere-se uma reestrutura\u00e7\u00e3o de suas d\u00edvidas. A Forever 21 teve sua compra anunciada [&hellip;]<\/p>\n","protected":false},"author":24,"featured_media":39249,"comment_status":"closed","ping_status":"closed","sticky":false,"template":"","format":"standard","meta":[],"categories":[64],"tags":[1927,314,803],"suno_strategy":[],"class_list":["post-39246","post","type-post","status-publish","format-standard","has-post-thumbnail","hentry","category-negocios","tag-forever-21","tag-recuperacao-judicial","tag-varejo"],"yoast_head":"<!-- This site is optimized with the Yoast SEO plugin v24.4 - https:\/\/yoast.com\/wordpress\/plugins\/seo\/ -->\n<title>Forever 21 apresenta pedido de recupera\u00e7\u00e3o judicial nos EUA<\/title>\n<meta name=\"description\" content=\"A Forever 21, varejista multinacional, na noite do \u00faltimo domingo (29), apresentou o seu pedido de recupera\u00e7\u00e3o judicial. Clique e saiba mais.\" \/>\n<meta name=\"robots\" content=\"index, follow, max-snippet:-1, max-image-preview:large, max-video-preview:-1\" \/>\n<link rel=\"canonical\" href=\"https:\/\/www.suno.com.br\/noticias\/forever-21-pedido-recuperacao-judicial\/\" \/>\n<meta property=\"og:locale\" content=\"pt_BR\" \/>\n<meta property=\"og:type\" content=\"article\" \/>\n<meta property=\"og:title\" content=\"Forever 21 apresenta pedido de recupera\u00e7\u00e3o judicial nos EUA\" \/>\n<meta property=\"og:description\" content=\"A Forever 21, varejista multinacional, na noite do \u00faltimo domingo (29), apresentou o seu pedido de recupera\u00e7\u00e3o judicial. Clique e saiba mais.\" \/>\n<meta property=\"og:url\" content=\"https:\/\/www.suno.com.br\/noticias\/forever-21-pedido-recuperacao-judicial\/\" \/>\n<meta property=\"og:site_name\" content=\"Suno Not\u00edcias\" \/>\n<meta property=\"article:publisher\" content=\"https:\/\/facebook.com\/sunoresearch\" \/>\n<meta property=\"og:image\" content=\"https:\/\/files.sunoresearch.com.br\/n\/uploads\/2019\/09\/a028b8bb-forever-21.jpg\" \/>\n\t<meta property=\"og:image:width\" content=\"2000\" \/>\n\t<meta property=\"og:image:height\" content=\"1333\" \/>\n\t<meta property=\"og:image:type\" content=\"image\/jpeg\" \/>\n<meta name=\"author\" content=\"Jader Lazarini\" \/>\n<meta name=\"twitter:card\" content=\"summary_large_image\" \/>\n<meta name=\"twitter:creator\" content=\"@sunoresearch\" \/>\n<meta name=\"twitter:site\" content=\"@sunoresearch\" \/>\n<meta name=\"twitter:label1\" content=\"Escrito por\" \/>\n\t<meta name=\"twitter:data1\" content=\"Jader Lazarini\" \/>\n\t<meta name=\"twitter:label2\" content=\"Est. tempo de leitura\" \/>\n\t<meta name=\"twitter:data2\" content=\"2 minutos\" \/>\n<script type=\"application\/ld+json\" class=\"yoast-schema-graph\">{\"@context\":\"https:\/\/schema.org\",\"@graph\":[{\"@type\":\"NewsArticle\",\"@id\":\"https:\/\/www.suno.com.br\/noticias\/forever-21-pedido-recuperacao-judicial\/#article\",\"isPartOf\":{\"@id\":\"https:\/\/www.suno.com.br\/noticias\/forever-21-pedido-recuperacao-judicial\/\"},\"author\":{\"name\":\"Jader Lazarini\",\"@id\":\"https:\/\/www.suno.com.br\/noticias\/#\/schema\/person\/918d79de1f0281f01599b93f9ea6e23f\"},\"headline\":\"Forever 21 apresenta pedido de recupera\u00e7\u00e3o judicial nos EUA\",\"datePublished\":\"2019-09-30T11:08:19+00:00\",\"dateModified\":\"2019-10-03T13:24:40+00:00\",\"mainEntityOfPage\":{\"@id\":\"https:\/\/www.suno.com.br\/noticias\/forever-21-pedido-recuperacao-judicial\/\"},\"wordCount\":327,\"publisher\":{\"@id\":\"https:\/\/www.suno.com.br\/noticias\/#organization\"},\"image\":{\"@id\":\"https:\/\/www.suno.com.br\/noticias\/forever-21-pedido-recuperacao-judicial\/#primaryimage\"},\"thumbnailUrl\":\"https:\/\/files.sunoresearch.com.br\/n\/uploads\/2019\/09\/a028b8bb-forever-21-jpg.webp\",\"keywords\":[\"forever 21\",\"recupera\u00e7\u00e3o judicial\",\"varejo\"],\"articleSection\":[\"Neg\u00f3cios\"],\"inLanguage\":\"pt-BR\"},{\"@type\":\"WebPage\",\"@id\":\"https:\/\/www.suno.com.br\/noticias\/forever-21-pedido-recuperacao-judicial\/\",\"url\":\"https:\/\/www.suno.com.br\/noticias\/forever-21-pedido-recuperacao-judicial\/\",\"name\":\"Forever 21 apresenta pedido de recupera\u00e7\u00e3o judicial nos EUA\",\"isPartOf\":{\"@id\":\"https:\/\/www.suno.com.br\/noticias\/#website\"},\"primaryImageOfPage\":{\"@id\":\"https:\/\/www.suno.com.br\/noticias\/forever-21-pedido-recuperacao-judicial\/#primaryimage\"},\"image\":{\"@id\":\"https:\/\/www.suno.com.br\/noticias\/forever-21-pedido-recuperacao-judicial\/#primaryimage\"},\"thumbnailUrl\":\"https:\/\/files.sunoresearch.com.br\/n\/uploads\/2019\/09\/a028b8bb-forever-21-jpg.webp\",\"datePublished\":\"2019-09-30T11:08:19+00:00\",\"dateModified\":\"2019-10-03T13:24:40+00:00\",\"description\":\"A Forever 21, varejista multinacional, na noite do \u00faltimo domingo (29), apresentou o seu pedido de recupera\u00e7\u00e3o judicial. Clique e saiba mais.\",\"breadcrumb\":{\"@id\":\"https:\/\/www.suno.com.br\/noticias\/forever-21-pedido-recuperacao-judicial\/#breadcrumb\"},\"inLanguage\":\"pt-BR\",\"potentialAction\":[{\"@type\":\"ReadAction\",\"target\":[\"https:\/\/www.suno.com.br\/noticias\/forever-21-pedido-recuperacao-judicial\/\"]}]},{\"@type\":\"ImageObject\",\"inLanguage\":\"pt-BR\",\"@id\":\"https:\/\/www.suno.com.br\/noticias\/forever-21-pedido-recuperacao-judicial\/#primaryimage\",\"url\":\"https:\/\/files.sunoresearch.com.br\/n\/uploads\/2019\/09\/a028b8bb-forever-21-jpg.webp\",\"contentUrl\":\"https:\/\/files.sunoresearch.com.br\/n\/uploads\/2019\/09\/a028b8bb-forever-21-jpg.webp\",\"width\":2000,\"height\":1333,\"caption\":\"A Forever 21 teve sua compra anunciada ainda na semana passada, pela Authentic Brands Group (ABG)\"},{\"@type\":\"BreadcrumbList\",\"@id\":\"https:\/\/www.suno.com.br\/noticias\/forever-21-pedido-recuperacao-judicial\/#breadcrumb\",\"itemListElement\":[{\"@type\":\"ListItem\",\"position\":1,\"name\":\"Not\u00edcias\",\"item\":\"https:\/\/www.suno.com.br\/noticias\/\"},{\"@type\":\"ListItem\",\"position\":2,\"name\":\"Neg\u00f3cios\",\"item\":\"https:\/\/www.suno.com.br\/noticias\/negocios\/\"},{\"@type\":\"ListItem\",\"position\":3,\"name\":\"Forever 21 apresenta pedido de recupera\u00e7\u00e3o judicial nos EUA\"}]},{\"@type\":\"WebSite\",\"@id\":\"https:\/\/www.suno.com.br\/noticias\/#website\",\"url\":\"https:\/\/www.suno.com.br\/noticias\/\",\"name\":\"Suno Not\u00edcias\",\"description\":\"Seu portal de informa\u00e7\u00e3o sobre o mundo dos investimentos\",\"publisher\":{\"@id\":\"https:\/\/www.suno.com.br\/noticias\/#organization\"},\"potentialAction\":[{\"@type\":\"SearchAction\",\"target\":{\"@type\":\"EntryPoint\",\"urlTemplate\":\"https:\/\/www.suno.com.br\/noticias\/?s={search_term_string}\"},\"query-input\":{\"@type\":\"PropertyValueSpecification\",\"valueRequired\":true,\"valueName\":\"search_term_string\"}}],\"inLanguage\":\"pt-BR\"},{\"@type\":\"Organization\",\"@id\":\"https:\/\/www.suno.com.br\/noticias\/#organization\",\"name\":\"Suno Not\u00edcias\",\"url\":\"https:\/\/www.suno.com.br\/noticias\/\",\"logo\":{\"@type\":\"ImageObject\",\"inLanguage\":\"pt-BR\",\"@id\":\"https:\/\/www.suno.com.br\/noticias\/#\/schema\/logo\/image\/\",\"url\":\"https:\/\/files.sunoresearch.com.br\/n\/uploads\/2021\/09\/suno-logo.png\",\"contentUrl\":\"https:\/\/files.sunoresearch.com.br\/n\/uploads\/2021\/09\/suno-logo.png\",\"width\":180,\"height\":180,\"caption\":\"Suno Not\u00edcias\"},\"image\":{\"@id\":\"https:\/\/www.suno.com.br\/noticias\/#\/schema\/logo\/image\/\"},\"sameAs\":[\"https:\/\/facebook.com\/sunoresearch\",\"https:\/\/x.com\/sunoresearch\",\"https:\/\/www.instagram.com\/suno\",\"https:\/\/www.linkedin.com\/company\/suno-research\/\",\"https:\/\/www.youtube.com\/c\/sunoresearch\"]},{\"@type\":\"Person\",\"@id\":\"https:\/\/www.suno.com.br\/noticias\/#\/schema\/person\/918d79de1f0281f01599b93f9ea6e23f\",\"name\":\"Jader Lazarini\",\"image\":{\"@type\":\"ImageObject\",\"inLanguage\":\"pt-BR\",\"@id\":\"https:\/\/www.suno.com.br\/noticias\/#\/schema\/person\/image\/\",\"url\":\"https:\/\/secure.gravatar.com\/avatar\/3c1ad8caa51589841baeb923fcddea97?s=96&r=g\",\"contentUrl\":\"https:\/\/secure.gravatar.com\/avatar\/3c1ad8caa51589841baeb923fcddea97?s=96&r=g\",\"caption\":\"Jader Lazarini\"},\"description\":\"Jader Lazarini escreve sobre investimentos, finan\u00e7as, economia e neg\u00f3cios. \u00c9 bacharel em Rela\u00e7\u00f5es Internacionais e analista CNPI (2619).\",\"url\":\"https:\/\/www.suno.com.br\/noticias\/author\/jader-lazarini\/\"}]}<\/script>\n<!-- \/ Yoast SEO plugin. -->","yoast_head_json":{"title":"Forever 21 apresenta pedido de recupera\u00e7\u00e3o judicial nos EUA","description":"A Forever 21, varejista multinacional, na noite do \u00faltimo domingo (29), apresentou o seu pedido de recupera\u00e7\u00e3o judicial. Clique e saiba mais.","robots":{"index":"index","follow":"follow","max-snippet":"max-snippet:-1","max-image-preview":"max-image-preview:large","max-video-preview":"max-video-preview:-1"},"canonical":"https:\/\/www.suno.com.br\/noticias\/forever-21-pedido-recuperacao-judicial\/","og_locale":"pt_BR","og_type":"article","og_title":"Forever 21 apresenta pedido de recupera\u00e7\u00e3o judicial nos EUA","og_description":"A Forever 21, varejista multinacional, na noite do \u00faltimo domingo (29), apresentou o seu pedido de recupera\u00e7\u00e3o judicial. Clique e saiba mais.","og_url":"https:\/\/www.suno.com.br\/noticias\/forever-21-pedido-recuperacao-judicial\/","og_site_name":"Suno Not\u00edcias","article_publisher":"https:\/\/facebook.com\/sunoresearch","og_image":[{"width":2000,"height":1333,"url":"https:\/\/files.sunoresearch.com.br\/n\/uploads\/2019\/09\/a028b8bb-forever-21.jpg","type":"image\/jpeg"}],"author":"Jader Lazarini","twitter_card":"summary_large_image","twitter_creator":"@sunoresearch","twitter_site":"@sunoresearch","twitter_misc":{"Escrito por":"Jader Lazarini","Est. tempo de leitura":"2 minutos"},"schema":{"@context":"https:\/\/schema.org","@graph":[{"@type":"NewsArticle","@id":"https:\/\/www.suno.com.br\/noticias\/forever-21-pedido-recuperacao-judicial\/#article","isPartOf":{"@id":"https:\/\/www.suno.com.br\/noticias\/forever-21-pedido-recuperacao-judicial\/"},"author":{"name":"Jader Lazarini","@id":"https:\/\/www.suno.com.br\/noticias\/#\/schema\/person\/918d79de1f0281f01599b93f9ea6e23f"},"headline":"Forever 21 apresenta pedido de recupera\u00e7\u00e3o judicial nos EUA","datePublished":"2019-09-30T11:08:19+00:00","dateModified":"2019-10-03T13:24:40+00:00","mainEntityOfPage":{"@id":"https:\/\/www.suno.com.br\/noticias\/forever-21-pedido-recuperacao-judicial\/"},"wordCount":327,"publisher":{"@id":"https:\/\/www.suno.com.br\/noticias\/#organization"},"image":{"@id":"https:\/\/www.suno.com.br\/noticias\/forever-21-pedido-recuperacao-judicial\/#primaryimage"},"thumbnailUrl":"https:\/\/files.sunoresearch.com.br\/n\/uploads\/2019\/09\/a028b8bb-forever-21-jpg.webp","keywords":["forever 21","recupera\u00e7\u00e3o judicial","varejo"],"articleSection":["Neg\u00f3cios"],"inLanguage":"pt-BR"},{"@type":"WebPage","@id":"https:\/\/www.suno.com.br\/noticias\/forever-21-pedido-recuperacao-judicial\/","url":"https:\/\/www.suno.com.br\/noticias\/forever-21-pedido-recuperacao-judicial\/","name":"Forever 21 apresenta pedido de recupera\u00e7\u00e3o judicial nos EUA","isPartOf":{"@id":"https:\/\/www.suno.com.br\/noticias\/#website"},"primaryImageOfPage":{"@id":"https:\/\/www.suno.com.br\/noticias\/forever-21-pedido-recuperacao-judicial\/#primaryimage"},"image":{"@id":"https:\/\/www.suno.com.br\/noticias\/forever-21-pedido-recuperacao-judicial\/#primaryimage"},"thumbnailUrl":"https:\/\/files.sunoresearch.com.br\/n\/uploads\/2019\/09\/a028b8bb-forever-21-jpg.webp","datePublished":"2019-09-30T11:08:19+00:00","dateModified":"2019-10-03T13:24:40+00:00","description":"A Forever 21, varejista multinacional, na noite do \u00faltimo domingo (29), apresentou o seu pedido de recupera\u00e7\u00e3o judicial. Clique e saiba mais.","breadcrumb":{"@id":"https:\/\/www.suno.com.br\/noticias\/forever-21-pedido-recuperacao-judicial\/#breadcrumb"},"inLanguage":"pt-BR","potentialAction":[{"@type":"ReadAction","target":["https:\/\/www.suno.com.br\/noticias\/forever-21-pedido-recuperacao-judicial\/"]}]},{"@type":"ImageObject","inLanguage":"pt-BR","@id":"https:\/\/www.suno.com.br\/noticias\/forever-21-pedido-recuperacao-judicial\/#primaryimage","url":"https:\/\/files.sunoresearch.com.br\/n\/uploads\/2019\/09\/a028b8bb-forever-21-jpg.webp","contentUrl":"https:\/\/files.sunoresearch.com.br\/n\/uploads\/2019\/09\/a028b8bb-forever-21-jpg.webp","width":2000,"height":1333,"caption":"A Forever 21 teve sua compra anunciada ainda na semana passada, pela Authentic Brands Group (ABG)"},{"@type":"BreadcrumbList","@id":"https:\/\/www.suno.com.br\/noticias\/forever-21-pedido-recuperacao-judicial\/#breadcrumb","itemListElement":[{"@type":"ListItem","position":1,"name":"Not\u00edcias","item":"https:\/\/www.suno.com.br\/noticias\/"},{"@type":"ListItem","position":2,"name":"Neg\u00f3cios","item":"https:\/\/www.suno.com.br\/noticias\/negocios\/"},{"@type":"ListItem","position":3,"name":"Forever 21 apresenta pedido de recupera\u00e7\u00e3o judicial nos EUA"}]},{"@type":"WebSite","@id":"https:\/\/www.suno.com.br\/noticias\/#website","url":"https:\/\/www.suno.com.br\/noticias\/","name":"Suno Not\u00edcias","description":"Seu portal de informa\u00e7\u00e3o sobre o mundo dos investimentos","publisher":{"@id":"https:\/\/www.suno.com.br\/noticias\/#organization"},"potentialAction":[{"@type":"SearchAction","target":{"@type":"EntryPoint","urlTemplate":"https:\/\/www.suno.com.br\/noticias\/?s={search_term_string}"},"query-input":{"@type":"PropertyValueSpecification","valueRequired":true,"valueName":"search_term_string"}}],"inLanguage":"pt-BR"},{"@type":"Organization","@id":"https:\/\/www.suno.com.br\/noticias\/#organization","name":"Suno Not\u00edcias","url":"https:\/\/www.suno.com.br\/noticias\/","logo":{"@type":"ImageObject","inLanguage":"pt-BR","@id":"https:\/\/www.suno.com.br\/noticias\/#\/schema\/logo\/image\/","url":"https:\/\/files.sunoresearch.com.br\/n\/uploads\/2021\/09\/suno-logo.png","contentUrl":"https:\/\/files.sunoresearch.com.br\/n\/uploads\/2021\/09\/suno-logo.png","width":180,"height":180,"caption":"Suno Not\u00edcias"},"image":{"@id":"https:\/\/www.suno.com.br\/noticias\/#\/schema\/logo\/image\/"},"sameAs":["https:\/\/facebook.com\/sunoresearch","https:\/\/x.com\/sunoresearch","https:\/\/www.instagram.com\/suno","https:\/\/www.linkedin.com\/company\/suno-research\/","https:\/\/www.youtube.com\/c\/sunoresearch"]},{"@type":"Person","@id":"https:\/\/www.suno.com.br\/noticias\/#\/schema\/person\/918d79de1f0281f01599b93f9ea6e23f","name":"Jader Lazarini","image":{"@type":"ImageObject","inLanguage":"pt-BR","@id":"https:\/\/www.suno.com.br\/noticias\/#\/schema\/person\/image\/","url":"https:\/\/secure.gravatar.com\/avatar\/3c1ad8caa51589841baeb923fcddea97?s=96&r=g","contentUrl":"https:\/\/secure.gravatar.com\/avatar\/3c1ad8caa51589841baeb923fcddea97?s=96&r=g","caption":"Jader Lazarini"},"description":"Jader Lazarini escreve sobre investimentos, finan\u00e7as, economia e neg\u00f3cios. \u00c9 bacharel em Rela\u00e7\u00f5es Internacionais e analista CNPI (2619).","url":"https:\/\/www.suno.com.br\/noticias\/author\/jader-lazarini\/"}]}},"default_loop_html":"<div class=\"cardsPage__listCard__boxs\"><div class=\"cardsPage__listCard__boxs__img\"><a href=\"https:\/\/www.suno.com.br\/noticias\/forever-21-pedido-recuperacao-judicial\/\"><img class=\"mask\" src=\"https:\/\/www.suno.com.br\/noticias\/wp-content\/themes\/suno\/resources\/images\/spotlight\/spotlight1img\/bg-mask.png\" alt=\"Image Mask\"\/><img src=\"https:\/\/files.sunoresearch.com.br\/n\/uploads\/2019\/09\/a028b8bb-forever-21-400x200.webp\" alt=\"Forever 21 apresenta pedido de recupera\u00e7\u00e3o judicial nos EUA\"\/><\/a><span class=\"spotlightCategory\"><a href=\"https:\/\/www.suno.com.br\/noticias\/negocios\/\">Neg\u00f3cios<\/a><\/span><\/div><div class=\"cardsPage__listCard__boxs__content\"><a href=\"https:\/\/www.suno.com.br\/noticias\/forever-21-pedido-recuperacao-judicial\/\"><h2 class=\"content__title\">Forever 21 apresenta pedido de recupera\u00e7\u00e3o judicial nos EUA<\/h2><\/a><div class=\"newsContent__article__meta\"><div class=\"newsContent__article__meta__authorBox\"><a href=\"https:\/\/www.suno.com.br\/noticias\/author\/jader-lazarini\/\" class=\"authorBox__avatar noMobi\"><img src=\"https:\/\/files.sunoresearch.com.br\/n\/uploads\/2021\/01\/178e6598-foto-perfil-2-150x150.jpg\" alt=\"Jader Lazarini\"><\/a><div class=\"authorBox__name\"><span>por\n\t\t\t<a href=\"https:\/\/www.suno.com.br\/noticias\/author\/jader-lazarini\/\"><span itemprop=\"author\">Jader Lazarini<\/span><\/a><\/span><time datetime=\"2019-09-30T08:08:19-03:00\" itemprop=\"datePublished\">30\/09\/2019 08:08<\/time><\/div><\/div><\/div><\/div><\/div>","single_layout":"posts","amp_enabled":true,"_links":{"self":[{"href":"https:\/\/www.suno.com.br\/noticias\/wp-json\/wp\/v2\/posts\/39246"}],"collection":[{"href":"https:\/\/www.suno.com.br\/noticias\/wp-json\/wp\/v2\/posts"}],"about":[{"href":"https:\/\/www.suno.com.br\/noticias\/wp-json\/wp\/v2\/types\/post"}],"author":[{"embeddable":true,"href":"https:\/\/www.suno.com.br\/noticias\/wp-json\/wp\/v2\/users\/24"}],"replies":[{"embeddable":true,"href":"https:\/\/www.suno.com.br\/noticias\/wp-json\/wp\/v2\/comments?post=39246"}],"version-history":[{"count":0,"href":"https:\/\/www.suno.com.br\/noticias\/wp-json\/wp\/v2\/posts\/39246\/revisions"}],"wp:featuredmedia":[{"embeddable":true,"href":"https:\/\/www.suno.com.br\/noticias\/wp-json\/wp\/v2\/media\/39249"}],"wp:attachment":[{"href":"https:\/\/www.suno.com.br\/noticias\/wp-json\/wp\/v2\/media?parent=39246"}],"wp:term":[{"taxonomy":"category","embeddable":true,"href":"https:\/\/www.suno.com.br\/noticias\/wp-json\/wp\/v2\/categories?post=39246"},{"taxonomy":"post_tag","embeddable":true,"href":"https:\/\/www.suno.com.br\/noticias\/wp-json\/wp\/v2\/tags?post=39246"},{"taxonomy":"suno_strategy","embeddable":true,"href":"https:\/\/www.suno.com.br\/noticias\/wp-json\/wp\/v2\/suno_strategy?post=39246"}],"curies":[{"name":"wp","href":"https:\/\/api.w.org\/{rel}","templated":true}]}}