{"id":39237,"date":"2019-09-29T14:46:10","date_gmt":"2019-09-29T17:46:10","guid":{"rendered":"https:\/\/www.suno.com.br\/noticias\/?p=39237"},"modified":"2019-09-29T14:46:10","modified_gmt":"2019-09-29T17:46:10","slug":"trump-eua-ira-sancoes-nao-acordo","status":"publish","type":"post","link":"https:\/\/www.suno.com.br\/noticias\/trump-eua-ira-sancoes-nao-acordo\/","title":{"rendered":"Trump afirma que n\u00e3o h\u00e1 acordo para suspender san\u00e7\u00f5es contra o Ir\u00e3"},"content":{"rendered":"<p>O presidente dos Estados Unidos, <strong><a href=\"https:\/\/www.suno.com.br\/tudo-sobre\/donald-trump\/\">Donald Trump<\/a><\/strong>, informou em seu Twitter que n\u00e3o h\u00e1 qualquer acordo que suspenda as san\u00e7\u00f5es impostas ao <strong>Ir\u00e3<\/strong>.<\/p>\t<div class=\"wrapper-featured-image\">\n\t\t<figure class=\"spotlightImg\">\n\n\t\t\t<picture>\n\t\t\t\t<source media=\"(max-width: 768px)\" srcset=\"https:\/\/files.sunoresearch.com.br\/n\/uploads\/2019\/06\/f836752b-trump-400x200.webp\">\n\t\t\t\t<img loading=\"lazy\" decoding=\"async\" class=\"newsContent__article__imgCapa lazyloadDisabled newsContent__article__imgCapa--noCaption\" src=\"https:\/\/files.sunoresearch.com.br\/n\/uploads\/2019\/06\/f836752b-trump-800x450.webp\" width=\"800\" height=\"450\" alt=\"Trump afirma que n\u00e3o h\u00e1 acordo para suspender san\u00e7\u00f5es contra o Ir\u00e3\" fetchpriority=high \/>\n\t\t\t<\/picture>\n\n\t\t\t<figcaption class=\"wp-caption-text wp-caption-text--hide\">Trump afirma que Boeing \u00e9 uma &quot;grande decep\u00e7\u00e3o&quot;<\/figcaption>\n\t\t<\/figure>\n\t<\/div>\n\n\n<p>O pronunciamento do presidente <strong>Trump<\/strong> faz refer\u00eancia as declara\u00e7\u00f5es do presidente iraniano, <strong>Hassan Rouhani<\/strong>, de que l\u00edderes da Fran\u00e7a e de outros pa\u00edses europeus haviam lhe dito que o governo americano estaria disposto a retirar as <strong>san\u00e7\u00f5es<\/strong> em troca de <strong>negocia\u00e7\u00f5es<\/strong>.<\/p>\n\n<p>No entanto, durante o evento da Assembleia Geral da Organiza\u00e7\u00e3o das Na\u00e7\u00f5es Unidas (ONU), nos <strong>Estados Unidos<\/strong>, Rouhani negou se encontrar com Trump. O presidente iraniano afirmou que enquanto houver san\u00e7\u00f5es impostas, ele n\u00e3o se encontrar\u00e1 com o mandat\u00e1rio dos Estados Unidos.<\/p>\n<p>Como resposta, o <strong>presidente Trump<\/strong> afirmou que n\u00e3o retiraria as san\u00e7\u00f5es apenas para realizar uma reuni\u00e3o.<\/p>\n<p>&#8220;O <strong>Ir\u00e3<\/strong> queria que eu suspendesse as san\u00e7\u00f5es impostas ao pa\u00eds para realizar a reuni\u00e3o. Eu, obviamente, disse n\u00e3o!&#8221;, escreveu o presidente americano.<\/p>\n<h2>Trump x Ir\u00e3<\/h2>\n<p>No dia 20 de junho, o <strong>Ir\u00e3<\/strong> derrubou um<strong> drone de vigil\u00e2ncia<\/strong> dos <strong>EUA<\/strong>. Tanto <strong>autoridades americanas<\/strong> quanto<strong> iranianas<\/strong> confirmaram a derrubada. No entanto, o pa\u00eds do <strong>Oriente M\u00e9dio<\/strong> afirmou que a aeronave havia violado o <strong>espa\u00e7o a\u00e9reo iraniano<\/strong>. Por sua vez, os <strong>EUA<\/strong> afirmam que n\u00e3o violou.<\/p>\n<p>Dessa forma, o <strong>presidente americano<\/strong> havia aprovado <strong>ataques militares<\/strong> contra o <strong>Ir\u00e3<\/strong>. Desse modo, o ataque seria uma retalia\u00e7\u00e3o pela derrubada. No entanto, minutos antes <strong>Trump<\/strong> desistiu afirmando que as <strong>consequ\u00eancias<\/strong> seriam &#8220;desproporcionais&#8221;.<\/p>\n\t<p>\n\t\t<a href=\"https:\/\/lp.suno.com.br\/cl\/webinario-suno-black-2024\/\" target=\"_blank\" data-element=\"shortcode-suno-banner\" title=\"Banner SUNO, clique e saiba mais\">\n\t\t\t<picture>\n\t\t\t\t<source media=\"(max-width: 500px)\" srcset=\"https:\/\/files.sunoresearch.com.br\/n\/uploads\/2024\/04\/400x300-Banner-Home-1.png\">\n\t\t\t\t<img class=\"newsContent__article__imgCapa newsContent__article__imgCapa--banner\"\n\t\t\t\t\tsrc=\"https:\/\/files.sunoresearch.com.br\/n\/uploads\/2024\/04\/400x300-Banner-Home-1.png\"\n\t\t\t\t\tdata-promo-id=\"102411\"\t\t\t\t\t\t\t\t\t\twidth='401' height='300'\t\t\t\t\talt=\"https:\/\/files.sunoresearch.com.br\/n\/uploads\/2024\/04\/400x300-Banner-Home-1.png\"\n\t\t\t\t>\n\t\t\t<\/picture>\n\t\t<\/a>\n\t<\/p>\n\n\n<p>Entretanto, na mesma quinta-feira, os <strong>EUA<\/strong> atacaram <strong>ciberneticamente<\/strong> o <strong>Ir\u00e3<\/strong>, desligando os <strong>computadores<\/strong> respons\u00e1veis por lan\u00e7amento de<strong> m\u00edsseis<\/strong> e <strong>foguetes<\/strong>.<\/p>\n<h2>San\u00e7\u00f5es econ\u00f4micas<\/h2>\n<p>Na dia 17 de junho, foi imposta <strong>novas san\u00e7\u00f5es<\/strong> ao<strong> Ir\u00e3<\/strong>. Dessa forma, o presidente disse que &#8220;san\u00e7\u00f5es impostas por meio de ordem executiva v\u00e3o negar ao <strong>l\u00edder do supremo<\/strong> e ao escrit\u00f3rio do l\u00edder do supremo, e \u00e0queles intimamente ligados a ele e ao escrit\u00f3rio, o acesso a<strong> recursos financeiros<\/strong> essenciais e apoio. O <strong>Ir\u00e3<\/strong> nunca poder\u00e1 ter uma <strong>arma nuclear<\/strong>&#8220;.<\/p>\n<p><a href=\"\/\/www.suno.com.br\/noticias\/ira-eua-sancoes-economicas-negociar\/\">Confira Tamb\u00e9m: Ir\u00e3 est\u00e1 disposto a negociar com os EUA desde que retirem as san\u00e7\u00f5es<\/a><\/p>\n<p>&#8220;Impor <strong>san\u00e7\u00f5es in\u00fateis<\/strong> ao<strong> l\u00edder do supremo do Ir\u00e3<\/strong> e ao chefe da diplomacia iraniana \u00e9 fechar permanente o caminho da <strong>diplomacia<\/strong>. O <strong>governo desesperado<\/strong> de <strong>Trump<\/strong> est\u00e1 destruindo os mecanismos <strong>internacionais<\/strong> para a manuten\u00e7\u00e3o da <strong>paz<\/strong> e <strong>seguran\u00e7a<\/strong>&#8220;, disse o porta-voz do Ir\u00e3 em resposta aos <strong>EUA<\/strong>.<\/p>\n","protected":false},"excerpt":{"rendered":"<p>O presidente dos Estados Unidos, Donald Trump, informou em seu Twitter que n\u00e3o h\u00e1 qualquer acordo que suspenda as san\u00e7\u00f5es impostas ao Ir\u00e3. Trump afirma que Boeing \u00e9 uma &quot;grande decep\u00e7\u00e3o&quot; O pronunciamento do presidente Trump faz refer\u00eancia as declara\u00e7\u00f5es do presidente iraniano, Hassan Rouhani, de que l\u00edderes da Fran\u00e7a e de outros pa\u00edses europeus [&hellip;]<\/p>\n","protected":false},"author":15,"featured_media":28893,"comment_status":"closed","ping_status":"closed","sticky":false,"template":"","format":"standard","meta":[],"categories":[63],"tags":[724,1458],"suno_strategy":[],"class_list":["post-39237","post","type-post","status-publish","format-standard","has-post-thumbnail","hentry","category-internacional","tag-donald-trump","tag-ira"],"yoast_head":"<!-- This site is optimized with the Yoast SEO plugin v24.4 - https:\/\/yoast.com\/wordpress\/plugins\/seo\/ -->\n<title>Trump afirma que n\u00e3o h\u00e1 acordo para suspender san\u00e7\u00f5es contra o Ir\u00e3<\/title>\n<meta name=\"description\" content=\"O presidente Trump, informou em seu Twitter que n\u00e3o h\u00e1 qualquer acordo que suspenda as san\u00e7\u00f5es impostas ao Ir\u00e3. Clique aqui e saiba mais\" \/>\n<meta name=\"robots\" content=\"index, follow, max-snippet:-1, max-image-preview:large, max-video-preview:-1\" \/>\n<link rel=\"canonical\" href=\"https:\/\/www.suno.com.br\/noticias\/trump-eua-ira-sancoes-nao-acordo\/\" \/>\n<meta property=\"og:locale\" content=\"pt_BR\" \/>\n<meta property=\"og:type\" content=\"article\" \/>\n<meta property=\"og:title\" content=\"Trump afirma que n\u00e3o h\u00e1 acordo para suspender san\u00e7\u00f5es contra o Ir\u00e3\" \/>\n<meta property=\"og:description\" content=\"O presidente Trump, informou em seu Twitter que n\u00e3o h\u00e1 qualquer acordo que suspenda as san\u00e7\u00f5es impostas ao Ir\u00e3. Clique aqui e saiba mais\" \/>\n<meta property=\"og:url\" content=\"https:\/\/www.suno.com.br\/noticias\/trump-eua-ira-sancoes-nao-acordo\/\" \/>\n<meta property=\"og:site_name\" content=\"Suno Not\u00edcias\" \/>\n<meta property=\"article:publisher\" content=\"https:\/\/facebook.com\/sunoresearch\" \/>\n<meta property=\"og:image\" content=\"https:\/\/files.sunoresearch.com.br\/n\/uploads\/2019\/06\/f836752b-trump.jpg\" \/>\n\t<meta property=\"og:image:width\" content=\"1140\" \/>\n\t<meta property=\"og:image:height\" content=\"760\" \/>\n\t<meta property=\"og:image:type\" content=\"image\/jpeg\" \/>\n<meta name=\"author\" content=\"Poliana Santos\" \/>\n<meta name=\"twitter:card\" content=\"summary_large_image\" \/>\n<meta name=\"twitter:creator\" content=\"@sunoresearch\" \/>\n<meta name=\"twitter:site\" content=\"@sunoresearch\" \/>\n<meta name=\"twitter:label1\" content=\"Escrito por\" \/>\n\t<meta name=\"twitter:data1\" content=\"Poliana Santos\" \/>\n\t<meta name=\"twitter:label2\" content=\"Est. tempo de leitura\" \/>\n\t<meta name=\"twitter:data2\" content=\"2 minutos\" \/>\n<script type=\"application\/ld+json\" class=\"yoast-schema-graph\">{\"@context\":\"https:\/\/schema.org\",\"@graph\":[{\"@type\":\"NewsArticle\",\"@id\":\"https:\/\/www.suno.com.br\/noticias\/trump-eua-ira-sancoes-nao-acordo\/#article\",\"isPartOf\":{\"@id\":\"https:\/\/www.suno.com.br\/noticias\/trump-eua-ira-sancoes-nao-acordo\/\"},\"author\":{\"name\":\"Poliana Santos\",\"@id\":\"https:\/\/www.suno.com.br\/noticias\/#\/schema\/person\/02ec1f752758247878a2bf4abee1aeda\"},\"headline\":\"Trump afirma que n\u00e3o h\u00e1 acordo para suspender san\u00e7\u00f5es contra o Ir\u00e3\",\"datePublished\":\"2019-09-29T17:46:10+00:00\",\"mainEntityOfPage\":{\"@id\":\"https:\/\/www.suno.com.br\/noticias\/trump-eua-ira-sancoes-nao-acordo\/\"},\"wordCount\":440,\"publisher\":{\"@id\":\"https:\/\/www.suno.com.br\/noticias\/#organization\"},\"image\":{\"@id\":\"https:\/\/www.suno.com.br\/noticias\/trump-eua-ira-sancoes-nao-acordo\/#primaryimage\"},\"thumbnailUrl\":\"https:\/\/files.sunoresearch.com.br\/n\/uploads\/2019\/06\/f836752b-trump-jpg.webp\",\"keywords\":[\"Donald Trump\",\"Ir\u00e3\"],\"articleSection\":[\"Internacional\"],\"inLanguage\":\"pt-BR\"},{\"@type\":\"WebPage\",\"@id\":\"https:\/\/www.suno.com.br\/noticias\/trump-eua-ira-sancoes-nao-acordo\/\",\"url\":\"https:\/\/www.suno.com.br\/noticias\/trump-eua-ira-sancoes-nao-acordo\/\",\"name\":\"Trump afirma que n\u00e3o h\u00e1 acordo para suspender san\u00e7\u00f5es contra o Ir\u00e3\",\"isPartOf\":{\"@id\":\"https:\/\/www.suno.com.br\/noticias\/#website\"},\"primaryImageOfPage\":{\"@id\":\"https:\/\/www.suno.com.br\/noticias\/trump-eua-ira-sancoes-nao-acordo\/#primaryimage\"},\"image\":{\"@id\":\"https:\/\/www.suno.com.br\/noticias\/trump-eua-ira-sancoes-nao-acordo\/#primaryimage\"},\"thumbnailUrl\":\"https:\/\/files.sunoresearch.com.br\/n\/uploads\/2019\/06\/f836752b-trump-jpg.webp\",\"datePublished\":\"2019-09-29T17:46:10+00:00\",\"description\":\"O presidente Trump, informou em seu Twitter que n\u00e3o h\u00e1 qualquer acordo que suspenda as san\u00e7\u00f5es impostas ao Ir\u00e3. Clique aqui e saiba mais\",\"breadcrumb\":{\"@id\":\"https:\/\/www.suno.com.br\/noticias\/trump-eua-ira-sancoes-nao-acordo\/#breadcrumb\"},\"inLanguage\":\"pt-BR\",\"potentialAction\":[{\"@type\":\"ReadAction\",\"target\":[\"https:\/\/www.suno.com.br\/noticias\/trump-eua-ira-sancoes-nao-acordo\/\"]}]},{\"@type\":\"ImageObject\",\"inLanguage\":\"pt-BR\",\"@id\":\"https:\/\/www.suno.com.br\/noticias\/trump-eua-ira-sancoes-nao-acordo\/#primaryimage\",\"url\":\"https:\/\/files.sunoresearch.com.br\/n\/uploads\/2019\/06\/f836752b-trump-jpg.webp\",\"contentUrl\":\"https:\/\/files.sunoresearch.com.br\/n\/uploads\/2019\/06\/f836752b-trump-jpg.webp\",\"width\":1140,\"height\":760,\"caption\":\"Trump afirma que Boeing \u00e9 uma \\\"grande decep\u00e7\u00e3o\\\"\"},{\"@type\":\"BreadcrumbList\",\"@id\":\"https:\/\/www.suno.com.br\/noticias\/trump-eua-ira-sancoes-nao-acordo\/#breadcrumb\",\"itemListElement\":[{\"@type\":\"ListItem\",\"position\":1,\"name\":\"Not\u00edcias\",\"item\":\"https:\/\/www.suno.com.br\/noticias\/\"},{\"@type\":\"ListItem\",\"position\":2,\"name\":\"Internacional\",\"item\":\"https:\/\/www.suno.com.br\/noticias\/internacional\/\"},{\"@type\":\"ListItem\",\"position\":3,\"name\":\"Trump afirma que n\u00e3o h\u00e1 acordo para suspender san\u00e7\u00f5es contra o Ir\u00e3\"}]},{\"@type\":\"WebSite\",\"@id\":\"https:\/\/www.suno.com.br\/noticias\/#website\",\"url\":\"https:\/\/www.suno.com.br\/noticias\/\",\"name\":\"Suno Not\u00edcias\",\"description\":\"Seu portal de informa\u00e7\u00e3o sobre o mundo dos investimentos\",\"publisher\":{\"@id\":\"https:\/\/www.suno.com.br\/noticias\/#organization\"},\"potentialAction\":[{\"@type\":\"SearchAction\",\"target\":{\"@type\":\"EntryPoint\",\"urlTemplate\":\"https:\/\/www.suno.com.br\/noticias\/?s={search_term_string}\"},\"query-input\":{\"@type\":\"PropertyValueSpecification\",\"valueRequired\":true,\"valueName\":\"search_term_string\"}}],\"inLanguage\":\"pt-BR\"},{\"@type\":\"Organization\",\"@id\":\"https:\/\/www.suno.com.br\/noticias\/#organization\",\"name\":\"Suno Not\u00edcias\",\"url\":\"https:\/\/www.suno.com.br\/noticias\/\",\"logo\":{\"@type\":\"ImageObject\",\"inLanguage\":\"pt-BR\",\"@id\":\"https:\/\/www.suno.com.br\/noticias\/#\/schema\/logo\/image\/\",\"url\":\"https:\/\/files.sunoresearch.com.br\/n\/uploads\/2021\/09\/suno-logo.png\",\"contentUrl\":\"https:\/\/files.sunoresearch.com.br\/n\/uploads\/2021\/09\/suno-logo.png\",\"width\":180,\"height\":180,\"caption\":\"Suno Not\u00edcias\"},\"image\":{\"@id\":\"https:\/\/www.suno.com.br\/noticias\/#\/schema\/logo\/image\/\"},\"sameAs\":[\"https:\/\/facebook.com\/sunoresearch\",\"https:\/\/x.com\/sunoresearch\",\"https:\/\/www.instagram.com\/suno\",\"https:\/\/www.linkedin.com\/company\/suno-research\/\",\"https:\/\/www.youtube.com\/c\/sunoresearch\"]},{\"@type\":\"Person\",\"@id\":\"https:\/\/www.suno.com.br\/noticias\/#\/schema\/person\/02ec1f752758247878a2bf4abee1aeda\",\"name\":\"Poliana Santos\",\"image\":{\"@type\":\"ImageObject\",\"inLanguage\":\"pt-BR\",\"@id\":\"https:\/\/www.suno.com.br\/noticias\/#\/schema\/person\/image\/\",\"url\":\"https:\/\/secure.gravatar.com\/avatar\/0645bd32f23d87b2130f2b2dff1d3f8d?s=96&r=g\",\"contentUrl\":\"https:\/\/secure.gravatar.com\/avatar\/0645bd32f23d87b2130f2b2dff1d3f8d?s=96&r=g\",\"caption\":\"Poliana Santos\"},\"description\":\"Rep\u00f3rter no Suno Not\u00edcias, com cobertura em mercado financeiro, economia, finan\u00e7as pessoais, renda fixa e varejo. Jornalista formada pela Faculdade C\u00e1sper L\u00edbero e possui passagem na R\u00e1dio Gazeta AM com a produ\u00e7\u00e3o de conte\u00fado sobre economia, pol\u00edtica, sa\u00fade, moda e m\u00fasica. Possui certificado de conclus\u00e3o do curso de An\u00e1lise de Balan\u00e7os pela Funda\u00e7\u00e3o Bradesco, Agenda Brasil pela FAAP, Educa\u00e7\u00e3o Pol\u00edtica por Alexandre Garcia e do Tesouro Direto e Mercado de A\u00e7\u00f5es pela B3.\",\"url\":\"https:\/\/www.suno.com.br\/noticias\/author\/poliana-santos\/\"}]}<\/script>\n<!-- \/ Yoast SEO plugin. -->","yoast_head_json":{"title":"Trump afirma que n\u00e3o h\u00e1 acordo para suspender san\u00e7\u00f5es contra o Ir\u00e3","description":"O presidente Trump, informou em seu Twitter que n\u00e3o h\u00e1 qualquer acordo que suspenda as san\u00e7\u00f5es impostas ao Ir\u00e3. Clique aqui e saiba mais","robots":{"index":"index","follow":"follow","max-snippet":"max-snippet:-1","max-image-preview":"max-image-preview:large","max-video-preview":"max-video-preview:-1"},"canonical":"https:\/\/www.suno.com.br\/noticias\/trump-eua-ira-sancoes-nao-acordo\/","og_locale":"pt_BR","og_type":"article","og_title":"Trump afirma que n\u00e3o h\u00e1 acordo para suspender san\u00e7\u00f5es contra o Ir\u00e3","og_description":"O presidente Trump, informou em seu Twitter que n\u00e3o h\u00e1 qualquer acordo que suspenda as san\u00e7\u00f5es impostas ao Ir\u00e3. Clique aqui e saiba mais","og_url":"https:\/\/www.suno.com.br\/noticias\/trump-eua-ira-sancoes-nao-acordo\/","og_site_name":"Suno Not\u00edcias","article_publisher":"https:\/\/facebook.com\/sunoresearch","og_image":[{"width":1140,"height":760,"url":"https:\/\/files.sunoresearch.com.br\/n\/uploads\/2019\/06\/f836752b-trump.jpg","type":"image\/jpeg"}],"author":"Poliana Santos","twitter_card":"summary_large_image","twitter_creator":"@sunoresearch","twitter_site":"@sunoresearch","twitter_misc":{"Escrito por":"Poliana Santos","Est. tempo de leitura":"2 minutos"},"schema":{"@context":"https:\/\/schema.org","@graph":[{"@type":"NewsArticle","@id":"https:\/\/www.suno.com.br\/noticias\/trump-eua-ira-sancoes-nao-acordo\/#article","isPartOf":{"@id":"https:\/\/www.suno.com.br\/noticias\/trump-eua-ira-sancoes-nao-acordo\/"},"author":{"name":"Poliana Santos","@id":"https:\/\/www.suno.com.br\/noticias\/#\/schema\/person\/02ec1f752758247878a2bf4abee1aeda"},"headline":"Trump afirma que n\u00e3o h\u00e1 acordo para suspender san\u00e7\u00f5es contra o Ir\u00e3","datePublished":"2019-09-29T17:46:10+00:00","mainEntityOfPage":{"@id":"https:\/\/www.suno.com.br\/noticias\/trump-eua-ira-sancoes-nao-acordo\/"},"wordCount":440,"publisher":{"@id":"https:\/\/www.suno.com.br\/noticias\/#organization"},"image":{"@id":"https:\/\/www.suno.com.br\/noticias\/trump-eua-ira-sancoes-nao-acordo\/#primaryimage"},"thumbnailUrl":"https:\/\/files.sunoresearch.com.br\/n\/uploads\/2019\/06\/f836752b-trump-jpg.webp","keywords":["Donald Trump","Ir\u00e3"],"articleSection":["Internacional"],"inLanguage":"pt-BR"},{"@type":"WebPage","@id":"https:\/\/www.suno.com.br\/noticias\/trump-eua-ira-sancoes-nao-acordo\/","url":"https:\/\/www.suno.com.br\/noticias\/trump-eua-ira-sancoes-nao-acordo\/","name":"Trump afirma que n\u00e3o h\u00e1 acordo para suspender san\u00e7\u00f5es contra o Ir\u00e3","isPartOf":{"@id":"https:\/\/www.suno.com.br\/noticias\/#website"},"primaryImageOfPage":{"@id":"https:\/\/www.suno.com.br\/noticias\/trump-eua-ira-sancoes-nao-acordo\/#primaryimage"},"image":{"@id":"https:\/\/www.suno.com.br\/noticias\/trump-eua-ira-sancoes-nao-acordo\/#primaryimage"},"thumbnailUrl":"https:\/\/files.sunoresearch.com.br\/n\/uploads\/2019\/06\/f836752b-trump-jpg.webp","datePublished":"2019-09-29T17:46:10+00:00","description":"O presidente Trump, informou em seu Twitter que n\u00e3o h\u00e1 qualquer acordo que suspenda as san\u00e7\u00f5es impostas ao Ir\u00e3. Clique aqui e saiba mais","breadcrumb":{"@id":"https:\/\/www.suno.com.br\/noticias\/trump-eua-ira-sancoes-nao-acordo\/#breadcrumb"},"inLanguage":"pt-BR","potentialAction":[{"@type":"ReadAction","target":["https:\/\/www.suno.com.br\/noticias\/trump-eua-ira-sancoes-nao-acordo\/"]}]},{"@type":"ImageObject","inLanguage":"pt-BR","@id":"https:\/\/www.suno.com.br\/noticias\/trump-eua-ira-sancoes-nao-acordo\/#primaryimage","url":"https:\/\/files.sunoresearch.com.br\/n\/uploads\/2019\/06\/f836752b-trump-jpg.webp","contentUrl":"https:\/\/files.sunoresearch.com.br\/n\/uploads\/2019\/06\/f836752b-trump-jpg.webp","width":1140,"height":760,"caption":"Trump afirma que Boeing \u00e9 uma \"grande decep\u00e7\u00e3o\""},{"@type":"BreadcrumbList","@id":"https:\/\/www.suno.com.br\/noticias\/trump-eua-ira-sancoes-nao-acordo\/#breadcrumb","itemListElement":[{"@type":"ListItem","position":1,"name":"Not\u00edcias","item":"https:\/\/www.suno.com.br\/noticias\/"},{"@type":"ListItem","position":2,"name":"Internacional","item":"https:\/\/www.suno.com.br\/noticias\/internacional\/"},{"@type":"ListItem","position":3,"name":"Trump afirma que n\u00e3o h\u00e1 acordo para suspender san\u00e7\u00f5es contra o Ir\u00e3"}]},{"@type":"WebSite","@id":"https:\/\/www.suno.com.br\/noticias\/#website","url":"https:\/\/www.suno.com.br\/noticias\/","name":"Suno Not\u00edcias","description":"Seu portal de informa\u00e7\u00e3o sobre o mundo dos investimentos","publisher":{"@id":"https:\/\/www.suno.com.br\/noticias\/#organization"},"potentialAction":[{"@type":"SearchAction","target":{"@type":"EntryPoint","urlTemplate":"https:\/\/www.suno.com.br\/noticias\/?s={search_term_string}"},"query-input":{"@type":"PropertyValueSpecification","valueRequired":true,"valueName":"search_term_string"}}],"inLanguage":"pt-BR"},{"@type":"Organization","@id":"https:\/\/www.suno.com.br\/noticias\/#organization","name":"Suno Not\u00edcias","url":"https:\/\/www.suno.com.br\/noticias\/","logo":{"@type":"ImageObject","inLanguage":"pt-BR","@id":"https:\/\/www.suno.com.br\/noticias\/#\/schema\/logo\/image\/","url":"https:\/\/files.sunoresearch.com.br\/n\/uploads\/2021\/09\/suno-logo.png","contentUrl":"https:\/\/files.sunoresearch.com.br\/n\/uploads\/2021\/09\/suno-logo.png","width":180,"height":180,"caption":"Suno Not\u00edcias"},"image":{"@id":"https:\/\/www.suno.com.br\/noticias\/#\/schema\/logo\/image\/"},"sameAs":["https:\/\/facebook.com\/sunoresearch","https:\/\/x.com\/sunoresearch","https:\/\/www.instagram.com\/suno","https:\/\/www.linkedin.com\/company\/suno-research\/","https:\/\/www.youtube.com\/c\/sunoresearch"]},{"@type":"Person","@id":"https:\/\/www.suno.com.br\/noticias\/#\/schema\/person\/02ec1f752758247878a2bf4abee1aeda","name":"Poliana Santos","image":{"@type":"ImageObject","inLanguage":"pt-BR","@id":"https:\/\/www.suno.com.br\/noticias\/#\/schema\/person\/image\/","url":"https:\/\/secure.gravatar.com\/avatar\/0645bd32f23d87b2130f2b2dff1d3f8d?s=96&r=g","contentUrl":"https:\/\/secure.gravatar.com\/avatar\/0645bd32f23d87b2130f2b2dff1d3f8d?s=96&r=g","caption":"Poliana Santos"},"description":"Rep\u00f3rter no Suno Not\u00edcias, com cobertura em mercado financeiro, economia, finan\u00e7as pessoais, renda fixa e varejo. Jornalista formada pela Faculdade C\u00e1sper L\u00edbero e possui passagem na R\u00e1dio Gazeta AM com a produ\u00e7\u00e3o de conte\u00fado sobre economia, pol\u00edtica, sa\u00fade, moda e m\u00fasica. Possui certificado de conclus\u00e3o do curso de An\u00e1lise de Balan\u00e7os pela Funda\u00e7\u00e3o Bradesco, Agenda Brasil pela FAAP, Educa\u00e7\u00e3o Pol\u00edtica por Alexandre Garcia e do Tesouro Direto e Mercado de A\u00e7\u00f5es pela B3.","url":"https:\/\/www.suno.com.br\/noticias\/author\/poliana-santos\/"}]}},"default_loop_html":"<div class=\"cardsPage__listCard__boxs\"><div class=\"cardsPage__listCard__boxs__img\"><a href=\"https:\/\/www.suno.com.br\/noticias\/trump-eua-ira-sancoes-nao-acordo\/\"><img class=\"mask\" src=\"https:\/\/www.suno.com.br\/noticias\/wp-content\/themes\/suno\/resources\/images\/spotlight\/spotlight1img\/bg-mask.png\" alt=\"Image Mask\"\/><img src=\"https:\/\/files.sunoresearch.com.br\/n\/uploads\/2019\/06\/f836752b-trump-400x200.webp\" alt=\"Trump afirma que n\u00e3o h\u00e1 acordo para suspender san\u00e7\u00f5es contra o Ir\u00e3\"\/><\/a><span class=\"spotlightCategory\"><a href=\"https:\/\/www.suno.com.br\/noticias\/internacional\/\">Internacional<\/a><\/span><\/div><div class=\"cardsPage__listCard__boxs__content\"><a href=\"https:\/\/www.suno.com.br\/noticias\/trump-eua-ira-sancoes-nao-acordo\/\"><h2 class=\"content__title\">Trump afirma que n\u00e3o h\u00e1 acordo para suspender san\u00e7\u00f5es contra o Ir\u00e3<\/h2><\/a><div class=\"newsContent__article__meta\"><div class=\"newsContent__article__meta__authorBox\"><a href=\"https:\/\/www.suno.com.br\/noticias\/author\/poliana-santos\/\" class=\"authorBox__avatar noMobi\"><img src=\"https:\/\/files.sunoresearch.com.br\/n\/uploads\/2020\/08\/7ef34026-whatsapp-image-2020-08-03-at-12.37.57-150x150.webp\" alt=\"Poliana Santos\"><\/a><div class=\"authorBox__name\"><span>por\n\t\t\t<a href=\"https:\/\/www.suno.com.br\/noticias\/author\/poliana-santos\/\"><span itemprop=\"author\">Poliana Santos<\/span><\/a><\/span><time datetime=\"2019-09-29T14:46:10-03:00\" itemprop=\"datePublished\">29\/09\/2019 14:46<\/time><\/div><\/div><\/div><\/div><\/div>","single_layout":"posts","amp_enabled":true,"_links":{"self":[{"href":"https:\/\/www.suno.com.br\/noticias\/wp-json\/wp\/v2\/posts\/39237"}],"collection":[{"href":"https:\/\/www.suno.com.br\/noticias\/wp-json\/wp\/v2\/posts"}],"about":[{"href":"https:\/\/www.suno.com.br\/noticias\/wp-json\/wp\/v2\/types\/post"}],"author":[{"embeddable":true,"href":"https:\/\/www.suno.com.br\/noticias\/wp-json\/wp\/v2\/users\/15"}],"replies":[{"embeddable":true,"href":"https:\/\/www.suno.com.br\/noticias\/wp-json\/wp\/v2\/comments?post=39237"}],"version-history":[{"count":0,"href":"https:\/\/www.suno.com.br\/noticias\/wp-json\/wp\/v2\/posts\/39237\/revisions"}],"wp:featuredmedia":[{"embeddable":true,"href":"https:\/\/www.suno.com.br\/noticias\/wp-json\/wp\/v2\/media\/28893"}],"wp:attachment":[{"href":"https:\/\/www.suno.com.br\/noticias\/wp-json\/wp\/v2\/media?parent=39237"}],"wp:term":[{"taxonomy":"category","embeddable":true,"href":"https:\/\/www.suno.com.br\/noticias\/wp-json\/wp\/v2\/categories?post=39237"},{"taxonomy":"post_tag","embeddable":true,"href":"https:\/\/www.suno.com.br\/noticias\/wp-json\/wp\/v2\/tags?post=39237"},{"taxonomy":"suno_strategy","embeddable":true,"href":"https:\/\/www.suno.com.br\/noticias\/wp-json\/wp\/v2\/suno_strategy?post=39237"}],"curies":[{"name":"wp","href":"https:\/\/api.w.org\/{rel}","templated":true}]}}