{"id":392339,"date":"2023-04-20T08:04:50","date_gmt":"2023-04-20T11:04:50","guid":{"rendered":"https:\/\/www.suno.com.br\/noticias\/?p=392339"},"modified":"2023-04-20T09:09:25","modified_gmt":"2023-04-20T12:09:25","slug":"imposto-de-renda-2023-irpf-prazos-15-milhoes","status":"publish","type":"post","link":"https:\/\/www.suno.com.br\/noticias\/imposto-de-renda-2023-irpf-prazos-15-milhoes\/","title":{"rendered":"Imposto de Renda: 15,2 milh\u00f5es entregaram at\u00e9 agora; veja prazos e datas"},"content":{"rendered":"<p>At\u00e9 esta quinta-feira (20), segundo dados da <a class=\"suno-keyword\" data-force=\"no\" data-priority=\"3\" href=\"https:\/\/www.suno.com.br\/artigos\/receita-federal\/\" target=\"_blank\" rel=\"noopener\">Receita Federal<\/a>, um volume de 15,2 milh\u00f5es de contribuintes entregaram suas declara\u00e7\u00f5es de <strong>Imposto de Renda<\/strong>.<\/p><div class=\"videoFull \">\n\t\t\t<div class=\"videoWrapper yt-lazyload center\"\n\t\t\t\tdata-width=\"960\"\n\t\t\t\tdata-height=\"540\"\n\t\t\t\tdata-id=\"7OQ8HzzorGI\"\n\t\t\t\tdata-alt=\"V\u00eddeo do YouTube - clique para reproduzir\"\n\t\t\t\tdata-logo=\"3\"\n\t\t\t\tdata-imagequality=\"maxres\">\n\t\t\t<\/div>\n\t\t<\/div><script type=\"application\/ld+json\">{\"@context\":\"https:\/\/schema.org\",\"@type\":\"VideoObject\",\"name\":\"Imposto de renda, como declarar? com Marcos Correa e Contadora da Bolsa\",\"description\":\"\ud83e\udd11 [\ud835\udc04\ud835\udc1b\ud835\udc28\ud835\udc28\ud835\udc24 \ud835\udc20\ud835\udc2b\ud835\udc1a\ud835\udc2d\ud835\udc2e\ud835\udc22\ud835\udc2d\ud835\udc28] \ud835\udc06\ud835\udc2e\ud835\udc22\ud835\udc1a \ud835\udc02\ud835\udc28\ud835\udc26\ud835\udc29\ud835\udc25\ud835\udc1e\ud835\udc2d\ud835\udc28: \ud835\udc03\ud835\udc22\ud835\udc2f\ud835\udc22\ud835\udc1d\ud835\udc1e\ud835\udc27\ud835\udc1d\ud835\udc28\ud835\udc2c \ud83d\udc49 https:\/\/lp.suno.com.br\/lm\/ebook\/guia-completo-dividendos\/?utm_source=youtube.suno&utm_medium=video&utm_campaign=ebook-guiacompleto:dividendos.20230109&utm_content=suno.01012023 \ud83d\udd0e [\ud835\uddf2\ud835\uddd5\ud835\uddfc\ud835\uddfc\ud835\uddf8 \ud835\uddda\ud835\udde8\ud835\uddd4\ud835\udde7\ud835\udde8\ud835\udddc\ud835\udde7\ud835\udde2] \ud835\uddd4\ud835\uddfd\ud835\uddff\ud835\uddf2\ud835\uddfb\ud835\uddf1\ud835\uddee \ud835\uddf0\ud835\uddfc\ud835\uddfa\ud835\uddfc \ud835\uddee\ud835\uddfb\ud835\uddee\ud835\uddf9\ud835\uddf6\ud835\ude00\ud835\uddee\ud835\uddff \ud835\ude02\ud835\uddfa\ud835\uddee \ud835\uddee\u00e7\u00e3\ud835\uddfc\u200b \ud83d\udc49 https:\/\/lp.suno.com.br\/ebook-como-analisar-uma-acao\/?utm_source=youtube.suno&utm_medium=video&utm_campaign=ebookcomoanalisarumaacao.20230109&utm_content=suno.01012023 \ud83e\udd29 \ud835\uddd9\ud835\uddee\ud835\uddf0\ud835\uddf6\ud835\uddf9\ud835\uddf6\ud835\ude01\ud835\uddf2 \ud835\uddee \ud835\ude00\ud835\ude02\ud835\uddee \ud835\ude03\ud835\uddf6\ud835\uddf1\ud835\uddee! \ud835\uddd4\ud835\ude00\ud835\ude00\ud835\uddf6\ud835\uddfb\ud835\uddf2 \ud835\uddee \ud835\udde6\ud835\ude02\ud835\uddfb\ud835\uddfc \ud835\udde3\ud835\uddff\ud835\uddf2\ud835\uddfa\ud835\uddf6\ud835\ude02\ud835\uddfa \ud83d\udc49 https:\/\/lp.suno.com.br\/nossas-assinaturas\/suno-premium\/?utm_source=youtube.suno&utm_medium=video&utm_campaign=assinaturasunopremium.20220412 \ud83d\ude01 \ud835\udc13\ud835\udc1e\ud835\udc25\ud835\udc1e\ud835\udc20\ud835\udc2b\ud835\udc1a\ud835\udc26 \ud835\udc1d\ud835\udc1a \ud835\udc12\ud835\udc2e\ud835\udc27\ud835\udc28 \ud835\udc11\ud835\udc1e\ud835\udc2c\ud835\udc1e\ud835\udc1a\ud835\udc2b\ud835\udc1c\ud835\udc21: https:\/\/t.me\/teamsuno \ud83d\udcdaLINKS PARA A COMPRA DOS LIVROS: Guia Suno Dividendos: https:\/\/amzn.to\/2Wx916g Guia Suno Fundos Imobili\u00e1rios: https:\/\/amzn.to\/2SagLMf Guia Suno Contabilidade: https:\/\/amzn.to\/2WrLnrP 101\u2026\",\"duration\":\"PT53M37S\",\"embedUrl\":\"https:\/\/www.youtube.com\/embed\/7OQ8HzzorGI\",\"regionsAllowed\":\"pt-BR\",\"interactionStatistic\":{\"@type\":\"InteractionCounter\",\"interactionType\":{\"@type\":\"WatchAction\"},\"userInteractionCount\":5555},\"thumbnailUrl\":\"https:\/\/i.ytimg.com\/vi\/7OQ8HzzorGI\/default.jpg\",\"uploadDate\":\"2023-03-27T22:06:59Z\"}<\/script>\n\n\n\n\n\t<p>\n\t\t<a href=\"https:\/\/lp.suno.com.br\/suno-one\/?utm_campaign=_SNC6964518A_\" target=\"_blank\" data-element=\"shortcode-suno-banner\" title=\"Banner SUNO, clique e saiba mais\">\n\t\t\t<picture>\n\t\t\t\t<source media=\"(max-width: 500px)\" srcset=\"https:\/\/files.sunoresearch.com.br\/n\/uploads\/2025\/09\/400x300-Suno-One-png.webp\">\n\t\t\t\t<img class=\"newsContent__article__imgCapa newsContent__article__imgCapa--banner\"\n\t\t\t\t\tsrc=\"https:\/\/files.sunoresearch.com.br\/n\/uploads\/2025\/09\/1420x240-Suno-One-png.webp\"\n\t\t\t\t\tdata-promo-id=\"383121\"\t\t\t\t\t\t\t\t\t\twidth='1420' height='240'\t\t\t\t\talt=\"https:\/\/files.sunoresearch.com.br\/n\/uploads\/2025\/09\/1420x240-Suno-One-png.webp\"\n\t\t\t\t>\n\t\t\t<\/picture>\n\t\t<\/a>\n\t<\/p>\n\n\n\n\n\n\n\n<p>Segundo a <strong><a href=\"https:\/\/www.gov.br\/receitafederal\/pt-br\" target=\"_blank\" rel=\"noreferrer noopener\">Receita Federal<\/a><\/strong>, o estado que mais entregou <strong>declara\u00e7\u00f5es do Imposto de Renda<\/strong> foi S\u00e3o Paulo, com 4,72 milh\u00f5es, ante 1,37 milh\u00f5es de Minas Gerais e 1,34 milh\u00f5es do Rio de Janeiro.<\/p>\n\n\n\n<p>A institui\u00e7\u00e3o tamb\u00e9m mostra que, do total de declara\u00e7\u00f5es do <strong>Imposto de Renda de 2023<\/strong> entregues at\u00e9 ent\u00e3o, 76,4% s\u00e3o a restituir ante 12,7% que s\u00e3o a pagar. Outros 10,75% n\u00e3o pagar\u00e3o o <strong>IRPF<\/strong>.<\/p>\n\n\n\n<p>Em 2022, no total, foram 36,4 milh\u00f5es de declara\u00e7\u00f5es entregues.<\/p>\n\n\n\n<p>Neste ano de 2023 <strong>prazo para entregar o Imposto de Renda<\/strong> \u00e9 o dia 31 de maio, sendo que as declara\u00e7\u00f5es come\u00e7aram a ser entregues no dia 15 de mar\u00e7o.<\/p>\n\n\n\n<p>Pelas regras atuais, deve declarar renda quem somou R$ 28.559,70 em <a class=\"suno-keyword\" target=\"_blank\" data-force=\"no\" data-priority=\"1\" href=\"https:\/\/www.suno.com.br\/artigos\/rendimentos-tributaveis\/\" rel=\"noopener\">rendimentos tribut\u00e1veis<\/a> no acumulado de 2022.<\/p>\n\n\n\n<p>Al\u00e9m disso, tamb\u00e9m deve declarar IRPF quem:<\/p>\n\n\n\n<ul class=\"wp-block-list\">\n<li>Possui terras com valor acima de R$ 300 mil<\/li>\n\n\n\n<li>Somou opera\u00e7\u00f5es que totalizam mais de R$ 40 mil no mercado financeiro<\/li>\n\n\n\n<li>Obteve receita bruta acima de R$ 142.798,50 no ano em atividade rural<\/li>\n\n\n\n<li>Quem obteve, em qualquer m\u00eas, ganho de capital na aliena\u00e7\u00e3o de bens ou direitos sujeito \u00e0 incid\u00eancia do Imposto<\/li>\n<\/ul>\n\n\n\t<p>\n\t\t<a href=\"https:\/\/lp.suno.com.br\/ebook-guia-ir\/\" target=\"_blank\" data-element=\"shortcode-suno-banner\" title=\"Banner SUNO, clique e saiba mais\">\n\t\t\t<picture>\n\t\t\t\t<source media=\"(max-width: 500px)\" srcset=\"https:\/\/files.sunoresearch.com.br\/n\/uploads\/2023\/03\/400x300-Ebook-IR.png\">\n\t\t\t\t<img class=\"newsContent__article__imgCapa newsContent__article__imgCapa--banner\"\n\t\t\t\t\tsrc=\"https:\/\/files.sunoresearch.com.br\/n\/uploads\/2023\/03\/1420x240-Ebook-IR.png\"\n\t\t\t\t\tdata-promo-id=\"383124\"\t\t\t\t\t\t\t\t\t\twidth='1420' height='240'\t\t\t\t\talt=\"https:\/\/files.sunoresearch.com.br\/n\/uploads\/2023\/03\/1420x240-Ebook-IR.png\"\n\t\t\t\t>\n\t\t\t<\/picture>\n\t\t<\/a>\n\t<\/p>\n\n\n\n\n\n<h2 class=\"wp-block-heading\">Veja mudan\u00e7as no Imposto de Renda<\/h2>\n\n\n\n<p>O processo de prestar contas ao Estado contou com algumas novidades no ano de 2023, incluindo mais praticidade na declara\u00e7\u00e3o pr\u00e9-preenchida.<\/p>\n\n\n\n<p>Dentre as mudan\u00e7as est\u00e3o:<\/p>\n\n\n\n<ul class=\"wp-block-list\">\n<li>Mudan\u00e7as nas regras da declara\u00e7\u00e3o obrigat\u00f3ria de investidores na Bolsa<\/li>\n\n\n\n<li>Novos casos de prioridade na restitui\u00e7\u00e3o<\/li>\n\n\n\n<li>Altera\u00e7\u00e3o na declara\u00e7\u00e3o de pens\u00e3o aliment\u00edcia<\/li>\n\n\n\n<li>Mudan\u00e7as na Faixa de Isen\u00e7\u00e3o<\/li>\n\n\n\n<li>Mais informa\u00e7\u00f5es ao optar pela declara\u00e7\u00e3o pr\u00e9-preenchida<\/li>\n<\/ul>\n\n\n\n<p>Voc\u00ea pode conferir, com detalhes, quais s\u00e3o essas mudan\u00e7as no <strong>IRPF 2023 <\/strong>e como elas te afetam <a href=\"https:\/\/www.suno.com.br\/noticias\/ir-2023-comeca-hoje-veja-mudancas\/\" target=\"_blank\" rel=\"noreferrer noopener\">clicando aqui<\/a>.<\/p>\n\n\n\n<p>Voc\u00ea tamb\u00e9m pode conferir como ficam os investimentos no <strong>Imposto de Renda<\/strong> deste ano e quais s\u00e3o os isentos <a href=\"https:\/\/www.suno.com.br\/noticias\/investimentos-isentos-imposto-de-renda-2023\/\" target=\"_blank\" rel=\"noreferrer noopener\">clicando aqui<\/a>.<\/p>\n\n\n\t<p>\n\t\t<a href=\"https:\/\/lp.suno.com.br\/planilha-da-vida-financeira\/\" target=\"_blank\" data-element=\"shortcode-suno-banner\" title=\"Banner SUNO, clique e saiba mais\">\n\t\t\t<picture>\n\t\t\t\t<source media=\"(max-width: 500px)\" srcset=\"https:\/\/files.sunoresearch.com.br\/n\/uploads\/2023\/04\/400x300-Planilha-vida-financeira-true.png\">\n\t\t\t\t<img class=\"newsContent__article__imgCapa newsContent__article__imgCapa--banner\"\n\t\t\t\t\tsrc=\"https:\/\/files.sunoresearch.com.br\/n\/uploads\/2023\/04\/1420x240-Planilha-vida-financeira-true.png\"\n\t\t\t\t\tdata-promo-id=\"383123\"\t\t\t\t\t\t\t\t\t\twidth='1420' height='240'\t\t\t\t\talt=\"https:\/\/files.sunoresearch.com.br\/n\/uploads\/2023\/04\/1420x240-Planilha-vida-financeira-true.png\"\n\t\t\t\t>\n\t\t\t<\/picture>\n\t\t<\/a>\n\t<\/p>\n\n\n","protected":false},"excerpt":{"rendered":"<p>At\u00e9 esta quinta-feira (20), segundo dados da Receita Federal, um volume de 15,2 milh\u00f5es de contribuintes entregaram suas declara\u00e7\u00f5es de Imposto de Renda. Segundo a Receita Federal, o estado que mais entregou declara\u00e7\u00f5es do Imposto de Renda foi S\u00e3o Paulo, com 4,72 milh\u00f5es, ante 1,37 milh\u00f5es de Minas Gerais e 1,34 milh\u00f5es do Rio de [&hellip;]<\/p>\n","protected":false},"author":73,"featured_media":379354,"comment_status":"closed","ping_status":"closed","sticky":false,"template":"","format":"standard","meta":[],"categories":[65],"tags":[303],"suno_strategy":[],"class_list":["post-392339","post","type-post","status-publish","format-standard","has-post-thumbnail","hentry","category-financas-pessoais","tag-imposto-de-renda"],"yoast_head":"<!-- This site is optimized with the Yoast SEO plugin v24.4 - https:\/\/yoast.com\/wordpress\/plugins\/seo\/ -->\n<title>Imposto de Renda: 15,2 milh\u00f5es entregaram at\u00e9 agora; veja prazos<\/title>\n<meta name=\"description\" content=\"Contribuintes tem at\u00e9 o fim de maio para entregar a declara\u00e7\u00e3o do Imposto de Renda, que conta com novidades em 2023. Clique e confira!\" \/>\n<meta name=\"robots\" content=\"index, follow, max-snippet:-1, max-image-preview:large, max-video-preview:-1\" \/>\n<link rel=\"canonical\" href=\"https:\/\/www.suno.com.br\/noticias\/imposto-de-renda-2023-irpf-prazos-15-milhoes\/\" \/>\n<meta property=\"og:locale\" content=\"pt_BR\" \/>\n<meta property=\"og:type\" content=\"article\" \/>\n<meta property=\"og:title\" content=\"Imposto de Renda: 15,2 milh\u00f5es entregaram at\u00e9 agora; veja prazos\" \/>\n<meta property=\"og:description\" content=\"Contribuintes tem at\u00e9 o fim de maio para entregar a declara\u00e7\u00e3o do Imposto de Renda, que conta com novidades em 2023. Clique e confira!\" \/>\n<meta property=\"og:url\" content=\"https:\/\/www.suno.com.br\/noticias\/imposto-de-renda-2023-irpf-prazos-15-milhoes\/\" \/>\n<meta property=\"og:site_name\" content=\"Suno Not\u00edcias\" \/>\n<meta property=\"article:publisher\" content=\"https:\/\/facebook.com\/sunoresearch\" \/>\n<meta property=\"og:image\" content=\"https:\/\/files.sunoresearch.com.br\/n\/uploads\/2023\/03\/impostorenda2023-leao-contribuinte-foto-joedson-alves-agencia-brasil.jpg\" \/>\n\t<meta property=\"og:image:width\" content=\"1200\" \/>\n\t<meta property=\"og:image:height\" content=\"675\" \/>\n\t<meta property=\"og:image:type\" content=\"image\/jpeg\" \/>\n<meta name=\"author\" content=\"Eduardo Vargas\" \/>\n<meta name=\"twitter:card\" content=\"summary_large_image\" \/>\n<meta name=\"twitter:creator\" content=\"@sunoresearch\" \/>\n<meta name=\"twitter:site\" content=\"@sunoresearch\" \/>\n<meta name=\"twitter:label1\" content=\"Escrito por\" \/>\n\t<meta name=\"twitter:data1\" content=\"Eduardo Vargas\" \/>\n\t<meta name=\"twitter:label2\" content=\"Est. tempo de leitura\" \/>\n\t<meta name=\"twitter:data2\" content=\"2 minutos\" \/>\n<script type=\"application\/ld+json\" class=\"yoast-schema-graph\">{\"@context\":\"https:\/\/schema.org\",\"@graph\":[{\"@type\":\"NewsArticle\",\"@id\":\"https:\/\/www.suno.com.br\/noticias\/imposto-de-renda-2023-irpf-prazos-15-milhoes\/#article\",\"isPartOf\":{\"@id\":\"https:\/\/www.suno.com.br\/noticias\/imposto-de-renda-2023-irpf-prazos-15-milhoes\/\"},\"author\":{\"name\":\"Eduardo Vargas\",\"@id\":\"https:\/\/www.suno.com.br\/noticias\/#\/schema\/person\/7f4d362bf3518e76090143ae77bb49a5\"},\"headline\":\"Imposto de Renda: 15,2 milh\u00f5es entregaram at\u00e9 agora; veja prazos e datas\",\"datePublished\":\"2023-04-20T11:04:50+00:00\",\"dateModified\":\"2023-04-20T12:09:25+00:00\",\"mainEntityOfPage\":{\"@id\":\"https:\/\/www.suno.com.br\/noticias\/imposto-de-renda-2023-irpf-prazos-15-milhoes\/\"},\"wordCount\":358,\"publisher\":{\"@id\":\"https:\/\/www.suno.com.br\/noticias\/#organization\"},\"image\":{\"@id\":\"https:\/\/www.suno.com.br\/noticias\/imposto-de-renda-2023-irpf-prazos-15-milhoes\/#primaryimage\"},\"thumbnailUrl\":\"https:\/\/files.sunoresearch.com.br\/n\/uploads\/2023\/03\/impostorenda2023-leao-contribuinte-foto-joedson-alves-agencia-brasil.jpg\",\"keywords\":[\"Imposto de Renda\"],\"articleSection\":[\"Finan\u00e7as Pessoais\"],\"inLanguage\":\"pt-BR\"},{\"@type\":\"WebPage\",\"@id\":\"https:\/\/www.suno.com.br\/noticias\/imposto-de-renda-2023-irpf-prazos-15-milhoes\/\",\"url\":\"https:\/\/www.suno.com.br\/noticias\/imposto-de-renda-2023-irpf-prazos-15-milhoes\/\",\"name\":\"Imposto de Renda: 15,2 milh\u00f5es entregaram at\u00e9 agora; veja prazos\",\"isPartOf\":{\"@id\":\"https:\/\/www.suno.com.br\/noticias\/#website\"},\"primaryImageOfPage\":{\"@id\":\"https:\/\/www.suno.com.br\/noticias\/imposto-de-renda-2023-irpf-prazos-15-milhoes\/#primaryimage\"},\"image\":{\"@id\":\"https:\/\/www.suno.com.br\/noticias\/imposto-de-renda-2023-irpf-prazos-15-milhoes\/#primaryimage\"},\"thumbnailUrl\":\"https:\/\/files.sunoresearch.com.br\/n\/uploads\/2023\/03\/impostorenda2023-leao-contribuinte-foto-joedson-alves-agencia-brasil.jpg\",\"datePublished\":\"2023-04-20T11:04:50+00:00\",\"dateModified\":\"2023-04-20T12:09:25+00:00\",\"description\":\"Contribuintes tem at\u00e9 o fim de maio para entregar a declara\u00e7\u00e3o do Imposto de Renda, que conta com novidades em 2023. Clique e confira!\",\"breadcrumb\":{\"@id\":\"https:\/\/www.suno.com.br\/noticias\/imposto-de-renda-2023-irpf-prazos-15-milhoes\/#breadcrumb\"},\"inLanguage\":\"pt-BR\",\"potentialAction\":[{\"@type\":\"ReadAction\",\"target\":[\"https:\/\/www.suno.com.br\/noticias\/imposto-de-renda-2023-irpf-prazos-15-milhoes\/\"]}]},{\"@type\":\"ImageObject\",\"inLanguage\":\"pt-BR\",\"@id\":\"https:\/\/www.suno.com.br\/noticias\/imposto-de-renda-2023-irpf-prazos-15-milhoes\/#primaryimage\",\"url\":\"https:\/\/files.sunoresearch.com.br\/n\/uploads\/2023\/03\/impostorenda2023-leao-contribuinte-foto-joedson-alves-agencia-brasil.jpg\",\"contentUrl\":\"https:\/\/files.sunoresearch.com.br\/n\/uploads\/2023\/03\/impostorenda2023-leao-contribuinte-foto-joedson-alves-agencia-brasil.jpg\",\"width\":1200,\"height\":675,\"caption\":\"Imposto de Renda. Foto: Jo\u00e9dson Alves\/Ag\u00eancia Brasil\"},{\"@type\":\"BreadcrumbList\",\"@id\":\"https:\/\/www.suno.com.br\/noticias\/imposto-de-renda-2023-irpf-prazos-15-milhoes\/#breadcrumb\",\"itemListElement\":[{\"@type\":\"ListItem\",\"position\":1,\"name\":\"Not\u00edcias\",\"item\":\"https:\/\/www.suno.com.br\/noticias\/\"},{\"@type\":\"ListItem\",\"position\":2,\"name\":\"Finan\u00e7as Pessoais\",\"item\":\"https:\/\/www.suno.com.br\/noticias\/financas-pessoais\/\"},{\"@type\":\"ListItem\",\"position\":3,\"name\":\"Imposto de Renda: 15,2 milh\u00f5es entregaram at\u00e9 agora; veja prazos e datas\"}]},{\"@type\":\"WebSite\",\"@id\":\"https:\/\/www.suno.com.br\/noticias\/#website\",\"url\":\"https:\/\/www.suno.com.br\/noticias\/\",\"name\":\"Suno Not\u00edcias\",\"description\":\"Seu portal de informa\u00e7\u00e3o sobre o mundo dos investimentos\",\"publisher\":{\"@id\":\"https:\/\/www.suno.com.br\/noticias\/#organization\"},\"potentialAction\":[{\"@type\":\"SearchAction\",\"target\":{\"@type\":\"EntryPoint\",\"urlTemplate\":\"https:\/\/www.suno.com.br\/noticias\/?s={search_term_string}\"},\"query-input\":{\"@type\":\"PropertyValueSpecification\",\"valueRequired\":true,\"valueName\":\"search_term_string\"}}],\"inLanguage\":\"pt-BR\"},{\"@type\":\"Organization\",\"@id\":\"https:\/\/www.suno.com.br\/noticias\/#organization\",\"name\":\"Suno Not\u00edcias\",\"url\":\"https:\/\/www.suno.com.br\/noticias\/\",\"logo\":{\"@type\":\"ImageObject\",\"inLanguage\":\"pt-BR\",\"@id\":\"https:\/\/www.suno.com.br\/noticias\/#\/schema\/logo\/image\/\",\"url\":\"https:\/\/files.sunoresearch.com.br\/n\/uploads\/2021\/09\/suno-logo.png\",\"contentUrl\":\"https:\/\/files.sunoresearch.com.br\/n\/uploads\/2021\/09\/suno-logo.png\",\"width\":180,\"height\":180,\"caption\":\"Suno Not\u00edcias\"},\"image\":{\"@id\":\"https:\/\/www.suno.com.br\/noticias\/#\/schema\/logo\/image\/\"},\"sameAs\":[\"https:\/\/facebook.com\/sunoresearch\",\"https:\/\/x.com\/sunoresearch\",\"https:\/\/www.instagram.com\/suno\",\"https:\/\/www.linkedin.com\/company\/suno-research\/\",\"https:\/\/www.youtube.com\/c\/sunoresearch\"]},{\"@type\":\"Person\",\"@id\":\"https:\/\/www.suno.com.br\/noticias\/#\/schema\/person\/7f4d362bf3518e76090143ae77bb49a5\",\"name\":\"Eduardo Vargas\",\"image\":{\"@type\":\"ImageObject\",\"inLanguage\":\"pt-BR\",\"@id\":\"https:\/\/www.suno.com.br\/noticias\/#\/schema\/person\/image\/\",\"url\":\"https:\/\/secure.gravatar.com\/avatar\/dac340933427a22924c9f99d1eb2e3f2?s=96&r=g\",\"contentUrl\":\"https:\/\/secure.gravatar.com\/avatar\/dac340933427a22924c9f99d1eb2e3f2?s=96&r=g\",\"caption\":\"Eduardo Vargas\"},\"description\":\"Jornalista formado pela UFSC, cobre macroeconomia, neg\u00f3cios e startups para o Suno Not\u00edcias, escrevendo principalmente not\u00edcias sobre o mercado financeiro e a bolsa de valores. No YouTube e no Instagram, \u00e9 respons\u00e1vel pela produ\u00e7\u00e3o de Reels e Shorts do Suno Not\u00edcias. Anteriormente, trabalhou cobrindo economia e cotidiano no ND+ e para o ND, maior jornal impresso de Santa Catarina. Cursou um semestre letivo de Estudos de M\u00eddia na Universidad de Buenos Aires.\",\"url\":\"https:\/\/www.suno.com.br\/noticias\/author\/eduardo-vargas\/\"}]}<\/script>\n<!-- \/ Yoast SEO plugin. -->","yoast_head_json":{"title":"Imposto de Renda: 15,2 milh\u00f5es entregaram at\u00e9 agora; veja prazos","description":"Contribuintes tem at\u00e9 o fim de maio para entregar a declara\u00e7\u00e3o do Imposto de Renda, que conta com novidades em 2023. Clique e confira!","robots":{"index":"index","follow":"follow","max-snippet":"max-snippet:-1","max-image-preview":"max-image-preview:large","max-video-preview":"max-video-preview:-1"},"canonical":"https:\/\/www.suno.com.br\/noticias\/imposto-de-renda-2023-irpf-prazos-15-milhoes\/","og_locale":"pt_BR","og_type":"article","og_title":"Imposto de Renda: 15,2 milh\u00f5es entregaram at\u00e9 agora; veja prazos","og_description":"Contribuintes tem at\u00e9 o fim de maio para entregar a declara\u00e7\u00e3o do Imposto de Renda, que conta com novidades em 2023. Clique e confira!","og_url":"https:\/\/www.suno.com.br\/noticias\/imposto-de-renda-2023-irpf-prazos-15-milhoes\/","og_site_name":"Suno Not\u00edcias","article_publisher":"https:\/\/facebook.com\/sunoresearch","og_image":[{"width":1200,"height":675,"url":"https:\/\/files.sunoresearch.com.br\/n\/uploads\/2023\/03\/impostorenda2023-leao-contribuinte-foto-joedson-alves-agencia-brasil.jpg","type":"image\/jpeg"}],"author":"Eduardo Vargas","twitter_card":"summary_large_image","twitter_creator":"@sunoresearch","twitter_site":"@sunoresearch","twitter_misc":{"Escrito por":"Eduardo Vargas","Est. tempo de leitura":"2 minutos"},"schema":{"@context":"https:\/\/schema.org","@graph":[{"@type":"NewsArticle","@id":"https:\/\/www.suno.com.br\/noticias\/imposto-de-renda-2023-irpf-prazos-15-milhoes\/#article","isPartOf":{"@id":"https:\/\/www.suno.com.br\/noticias\/imposto-de-renda-2023-irpf-prazos-15-milhoes\/"},"author":{"name":"Eduardo Vargas","@id":"https:\/\/www.suno.com.br\/noticias\/#\/schema\/person\/7f4d362bf3518e76090143ae77bb49a5"},"headline":"Imposto de Renda: 15,2 milh\u00f5es entregaram at\u00e9 agora; veja prazos e datas","datePublished":"2023-04-20T11:04:50+00:00","dateModified":"2023-04-20T12:09:25+00:00","mainEntityOfPage":{"@id":"https:\/\/www.suno.com.br\/noticias\/imposto-de-renda-2023-irpf-prazos-15-milhoes\/"},"wordCount":358,"publisher":{"@id":"https:\/\/www.suno.com.br\/noticias\/#organization"},"image":{"@id":"https:\/\/www.suno.com.br\/noticias\/imposto-de-renda-2023-irpf-prazos-15-milhoes\/#primaryimage"},"thumbnailUrl":"https:\/\/files.sunoresearch.com.br\/n\/uploads\/2023\/03\/impostorenda2023-leao-contribuinte-foto-joedson-alves-agencia-brasil.jpg","keywords":["Imposto de Renda"],"articleSection":["Finan\u00e7as Pessoais"],"inLanguage":"pt-BR"},{"@type":"WebPage","@id":"https:\/\/www.suno.com.br\/noticias\/imposto-de-renda-2023-irpf-prazos-15-milhoes\/","url":"https:\/\/www.suno.com.br\/noticias\/imposto-de-renda-2023-irpf-prazos-15-milhoes\/","name":"Imposto de Renda: 15,2 milh\u00f5es entregaram at\u00e9 agora; veja prazos","isPartOf":{"@id":"https:\/\/www.suno.com.br\/noticias\/#website"},"primaryImageOfPage":{"@id":"https:\/\/www.suno.com.br\/noticias\/imposto-de-renda-2023-irpf-prazos-15-milhoes\/#primaryimage"},"image":{"@id":"https:\/\/www.suno.com.br\/noticias\/imposto-de-renda-2023-irpf-prazos-15-milhoes\/#primaryimage"},"thumbnailUrl":"https:\/\/files.sunoresearch.com.br\/n\/uploads\/2023\/03\/impostorenda2023-leao-contribuinte-foto-joedson-alves-agencia-brasil.jpg","datePublished":"2023-04-20T11:04:50+00:00","dateModified":"2023-04-20T12:09:25+00:00","description":"Contribuintes tem at\u00e9 o fim de maio para entregar a declara\u00e7\u00e3o do Imposto de Renda, que conta com novidades em 2023. Clique e confira!","breadcrumb":{"@id":"https:\/\/www.suno.com.br\/noticias\/imposto-de-renda-2023-irpf-prazos-15-milhoes\/#breadcrumb"},"inLanguage":"pt-BR","potentialAction":[{"@type":"ReadAction","target":["https:\/\/www.suno.com.br\/noticias\/imposto-de-renda-2023-irpf-prazos-15-milhoes\/"]}]},{"@type":"ImageObject","inLanguage":"pt-BR","@id":"https:\/\/www.suno.com.br\/noticias\/imposto-de-renda-2023-irpf-prazos-15-milhoes\/#primaryimage","url":"https:\/\/files.sunoresearch.com.br\/n\/uploads\/2023\/03\/impostorenda2023-leao-contribuinte-foto-joedson-alves-agencia-brasil.jpg","contentUrl":"https:\/\/files.sunoresearch.com.br\/n\/uploads\/2023\/03\/impostorenda2023-leao-contribuinte-foto-joedson-alves-agencia-brasil.jpg","width":1200,"height":675,"caption":"Imposto de Renda. Foto: Jo\u00e9dson Alves\/Ag\u00eancia Brasil"},{"@type":"BreadcrumbList","@id":"https:\/\/www.suno.com.br\/noticias\/imposto-de-renda-2023-irpf-prazos-15-milhoes\/#breadcrumb","itemListElement":[{"@type":"ListItem","position":1,"name":"Not\u00edcias","item":"https:\/\/www.suno.com.br\/noticias\/"},{"@type":"ListItem","position":2,"name":"Finan\u00e7as Pessoais","item":"https:\/\/www.suno.com.br\/noticias\/financas-pessoais\/"},{"@type":"ListItem","position":3,"name":"Imposto de Renda: 15,2 milh\u00f5es entregaram at\u00e9 agora; veja prazos e datas"}]},{"@type":"WebSite","@id":"https:\/\/www.suno.com.br\/noticias\/#website","url":"https:\/\/www.suno.com.br\/noticias\/","name":"Suno Not\u00edcias","description":"Seu portal de informa\u00e7\u00e3o sobre o mundo dos investimentos","publisher":{"@id":"https:\/\/www.suno.com.br\/noticias\/#organization"},"potentialAction":[{"@type":"SearchAction","target":{"@type":"EntryPoint","urlTemplate":"https:\/\/www.suno.com.br\/noticias\/?s={search_term_string}"},"query-input":{"@type":"PropertyValueSpecification","valueRequired":true,"valueName":"search_term_string"}}],"inLanguage":"pt-BR"},{"@type":"Organization","@id":"https:\/\/www.suno.com.br\/noticias\/#organization","name":"Suno Not\u00edcias","url":"https:\/\/www.suno.com.br\/noticias\/","logo":{"@type":"ImageObject","inLanguage":"pt-BR","@id":"https:\/\/www.suno.com.br\/noticias\/#\/schema\/logo\/image\/","url":"https:\/\/files.sunoresearch.com.br\/n\/uploads\/2021\/09\/suno-logo.png","contentUrl":"https:\/\/files.sunoresearch.com.br\/n\/uploads\/2021\/09\/suno-logo.png","width":180,"height":180,"caption":"Suno Not\u00edcias"},"image":{"@id":"https:\/\/www.suno.com.br\/noticias\/#\/schema\/logo\/image\/"},"sameAs":["https:\/\/facebook.com\/sunoresearch","https:\/\/x.com\/sunoresearch","https:\/\/www.instagram.com\/suno","https:\/\/www.linkedin.com\/company\/suno-research\/","https:\/\/www.youtube.com\/c\/sunoresearch"]},{"@type":"Person","@id":"https:\/\/www.suno.com.br\/noticias\/#\/schema\/person\/7f4d362bf3518e76090143ae77bb49a5","name":"Eduardo Vargas","image":{"@type":"ImageObject","inLanguage":"pt-BR","@id":"https:\/\/www.suno.com.br\/noticias\/#\/schema\/person\/image\/","url":"https:\/\/secure.gravatar.com\/avatar\/dac340933427a22924c9f99d1eb2e3f2?s=96&r=g","contentUrl":"https:\/\/secure.gravatar.com\/avatar\/dac340933427a22924c9f99d1eb2e3f2?s=96&r=g","caption":"Eduardo Vargas"},"description":"Jornalista formado pela UFSC, cobre macroeconomia, neg\u00f3cios e startups para o Suno Not\u00edcias, escrevendo principalmente not\u00edcias sobre o mercado financeiro e a bolsa de valores. No YouTube e no Instagram, \u00e9 respons\u00e1vel pela produ\u00e7\u00e3o de Reels e Shorts do Suno Not\u00edcias. Anteriormente, trabalhou cobrindo economia e cotidiano no ND+ e para o ND, maior jornal impresso de Santa Catarina. Cursou um semestre letivo de Estudos de M\u00eddia na Universidad de Buenos Aires.","url":"https:\/\/www.suno.com.br\/noticias\/author\/eduardo-vargas\/"}]}},"default_loop_html":"<div class=\"cardsPage__listCard__boxs\"><div class=\"cardsPage__listCard__boxs__img\"><a href=\"https:\/\/www.suno.com.br\/noticias\/imposto-de-renda-2023-irpf-prazos-15-milhoes\/\"><img class=\"mask\" src=\"https:\/\/www.suno.com.br\/noticias\/wp-content\/themes\/suno\/resources\/images\/spotlight\/spotlight1img\/bg-mask.png\" alt=\"Image Mask\"\/><img src=\"https:\/\/files.sunoresearch.com.br\/n\/uploads\/2023\/03\/impostorenda2023-leao-contribuinte-foto-joedson-alves-agencia-brasil-400x200.jpg\" alt=\"Imposto de Renda: 15,2 milh\u00f5es entregaram at\u00e9 agora; veja prazos e datas\"\/><\/a><span class=\"spotlightCategory\"><a href=\"https:\/\/www.suno.com.br\/noticias\/financas-pessoais\/\">Finan\u00e7as Pessoais<\/a><\/span><\/div><div class=\"cardsPage__listCard__boxs__content\"><a href=\"https:\/\/www.suno.com.br\/noticias\/imposto-de-renda-2023-irpf-prazos-15-milhoes\/\"><h2 class=\"content__title\">Imposto de Renda: 15,2 milh\u00f5es entregaram at\u00e9 agora; veja prazos e datas<\/h2><\/a><div class=\"newsContent__article__meta\"><div class=\"newsContent__article__meta__authorBox\"><a href=\"https:\/\/www.suno.com.br\/noticias\/author\/eduardo-vargas\/\" class=\"authorBox__avatar noMobi\"><img src=\"https:\/\/secure.gravatar.com\/avatar\/dac340933427a22924c9f99d1eb2e3f2?s=96&#038;r=g\" alt=\"Eduardo Vargas\"><\/a><div class=\"authorBox__name\"><span>por\n\t\t\t<a href=\"https:\/\/www.suno.com.br\/noticias\/author\/eduardo-vargas\/\"><span itemprop=\"author\">Eduardo Vargas<\/span><\/a><\/span><time datetime=\"2023-04-20T08:04:50-03:00\" itemprop=\"datePublished\">20\/04\/2023 08:04<\/time><\/div><\/div><\/div><\/div><\/div>","single_layout":"posts","amp_enabled":true,"_links":{"self":[{"href":"https:\/\/www.suno.com.br\/noticias\/wp-json\/wp\/v2\/posts\/392339"}],"collection":[{"href":"https:\/\/www.suno.com.br\/noticias\/wp-json\/wp\/v2\/posts"}],"about":[{"href":"https:\/\/www.suno.com.br\/noticias\/wp-json\/wp\/v2\/types\/post"}],"author":[{"embeddable":true,"href":"https:\/\/www.suno.com.br\/noticias\/wp-json\/wp\/v2\/users\/73"}],"replies":[{"embeddable":true,"href":"https:\/\/www.suno.com.br\/noticias\/wp-json\/wp\/v2\/comments?post=392339"}],"version-history":[{"count":3,"href":"https:\/\/www.suno.com.br\/noticias\/wp-json\/wp\/v2\/posts\/392339\/revisions"}],"predecessor-version":[{"id":392364,"href":"https:\/\/www.suno.com.br\/noticias\/wp-json\/wp\/v2\/posts\/392339\/revisions\/392364"}],"wp:featuredmedia":[{"embeddable":true,"href":"https:\/\/www.suno.com.br\/noticias\/wp-json\/wp\/v2\/media\/379354"}],"wp:attachment":[{"href":"https:\/\/www.suno.com.br\/noticias\/wp-json\/wp\/v2\/media?parent=392339"}],"wp:term":[{"taxonomy":"category","embeddable":true,"href":"https:\/\/www.suno.com.br\/noticias\/wp-json\/wp\/v2\/categories?post=392339"},{"taxonomy":"post_tag","embeddable":true,"href":"https:\/\/www.suno.com.br\/noticias\/wp-json\/wp\/v2\/tags?post=392339"},{"taxonomy":"suno_strategy","embeddable":true,"href":"https:\/\/www.suno.com.br\/noticias\/wp-json\/wp\/v2\/suno_strategy?post=392339"}],"curies":[{"name":"wp","href":"https:\/\/api.w.org\/{rel}","templated":true}]}}