{"id":39215,"date":"2019-09-28T17:21:26","date_gmt":"2019-09-28T20:21:26","guid":{"rendered":"https:\/\/www.suno.com.br\/noticias\/?p=39215"},"modified":"2019-09-28T17:21:26","modified_gmt":"2019-09-28T20:21:26","slug":"criacao-imposto-moldes-cpmf-descartada-guedes","status":"publish","type":"post","link":"https:\/\/www.suno.com.br\/noticias\/criacao-imposto-moldes-cpmf-descartada-guedes\/","title":{"rendered":"Cria\u00e7\u00e3o de imposto nos moldes da CPMF est\u00e1 descartada, diz Guedes"},"content":{"rendered":"<p>O ministro da Economia, <a href=\"https:\/\/www.suno.com.br\/tudo-sobre\/paulo-guedes\/\"><strong>Paulo Guedes<\/strong><\/a>, voltou a dizer que a recria\u00e7\u00e3o da <a href=\"https:\/\/www.suno.com.br\/artigos\/cpmf\/\">Contribui\u00e7\u00e3o Provis\u00f3ria sobre Movimenta\u00e7\u00e3o Financeira<\/a> (CPMF) est\u00e1 descartada. A declara\u00e7\u00e3o ocorreu na \u00faltima sexta-feira (27) durante uma entrevista para a TV Record.<\/p>\t<div class=\"wrapper-featured-image\">\n\t\t<figure class=\"spotlightImg\">\n\n\t\t\t<picture>\n\t\t\t\t<source media=\"(max-width: 768px)\" srcset=\"https:\/\/files.sunoresearch.com.br\/n\/uploads\/2019\/08\/6d4ea4fe-guedes_paulo-400x200.webp\">\n\t\t\t\t<img loading=\"lazy\" decoding=\"async\" class=\"newsContent__article__imgCapa lazyloadDisabled newsContent__article__imgCapa--noCaption\" src=\"https:\/\/files.sunoresearch.com.br\/n\/uploads\/2019\/08\/6d4ea4fe-guedes_paulo-800x450.webp\" width=\"800\" height=\"450\" alt=\"Cria\u00e7\u00e3o de imposto nos moldes da CPMF est\u00e1 descartada, diz Guedes\" fetchpriority=high \/>\n\t\t\t<\/picture>\n\n\t\t\t<figcaption class=\"wp-caption-text wp-caption-text--hide\">O ministro da Economia, Paulo Guedes. <\/figcaption>\n\t\t<\/figure>\n\t<\/div>\n\n\n<p>Em refer\u00eancia a Marcos Cintra, ex-secret\u00e1rio da <strong>Receita Federal<\/strong>, o ministro afirmou que &#8216;a \u00faltima pessoa que disse isso [sobre a recria\u00e7\u00e3o do <strong>CPMF<\/strong>] foi demitida&#8217;.<\/p>\n\n<p>A medida j\u00e1 havia sido descartada pelo presidente <strong>Jair Bolsonaro<\/strong>, no entanto, ainda n\u00e3o existia consenso. Em meio a equipe econ\u00f4mica, o pr\u00f3prio Guedes era favor\u00e1vel a um imposto semelhante ao que foi extinto.<\/p>\n<p>Segundo o ministro, a novo imposto seria teria uma al\u00edquota de 0,2%, pago por toda a popula\u00e7\u00e3o.<\/p>\n<p>\u201cOs traficantes de drogas, os traficantes de armas, os sonegadores\u2026 Esse pessoal est\u00e1 fora da malha tribut\u00e1ria. Buscar essa turma e colocar para pagar era uma meta nossa. Estamos buscando alternativas\u201d, disse Guedes no dia 26 de agosto.<\/p>\n<h2>Crescimento econ\u00f4mico em 2020<\/h2>\n<p>Durante a entrevista, o ministro falou tamb\u00e9m que a economia do Brasil deve crescer 2% ou mais a partir de 2020.<\/p>\n<p><a href=\"https:\/\/www.suno.com.br\/noticias\/economia-brasileira-crescer-2-em-2020-paulo-guedes\/\">Saiba mais: \u201cEconomia brasileira pode crescer 2% ou mais em 2020\u201d, diz Paulo Guedes<\/a><\/p>\n<p>&#8220;Vamos recuperar a din\u00e2mica de crescimento. N\u00f3s achamos que, no ano que vem, o ritmo de crescimento pode dobrar. Ano que vem, vamos crescer acima de 2%&#8221;, afirmou o ministro.<\/p>\n<p>Segundo Guedes, a alta carga tribut\u00e1ria e os encargos trabalhistas contribu\u00edram para a desacelera\u00e7\u00e3o econ\u00f4mica neste ano. A previs\u00e3o de crescimento da economia para 2019, feita pelo governo federal, \u00e9 de 0,8%.<\/p>\n<h2>Tributa\u00e7\u00e3o de dividendos para substituir CPMF<\/h2>\n<p>Ap\u00f3s o veto do presidente da Rep\u00fablica,<strong> Jair Bolsonaro<\/strong>, sobre a recria\u00e7\u00e3o da<strong> CPMF<\/strong>, a equipe econ\u00f4mica estuda uma reforma tribut\u00e1ria que aumente a press\u00e3o tribut\u00e1ria sobre a camada mais rica.<\/p>\n\t<p>\n\t\t<a href=\"https:\/\/lp.suno.com.br\/ebook-gratuito-investindo-no-exterior\/\" target=\"_blank\" data-element=\"shortcode-suno-banner\" title=\"Banner SUNO, clique e saiba mais\">\n\t\t\t<picture>\n\t\t\t\t<source media=\"(max-width: 500px)\" srcset=\"https:\/\/files.sunoresearch.com.br\/n\/uploads\/2023\/03\/400x300-Investindo-no-exterior.png\">\n\t\t\t\t<img class=\"newsContent__article__imgCapa newsContent__article__imgCapa--banner\"\n\t\t\t\t\tsrc=\"https:\/\/files.sunoresearch.com.br\/n\/uploads\/2023\/03\/1420x240-Investindo-no-exterior.png\"\n\t\t\t\t\tdata-promo-id=\"383161\"\t\t\t\t\t\t\t\t\t\twidth='1420' height='240'\t\t\t\t\talt=\"https:\/\/files.sunoresearch.com.br\/n\/uploads\/2023\/03\/1420x240-Investindo-no-exterior.png\"\n\t\t\t\t>\n\t\t\t<\/picture>\n\t\t<\/a>\n\t<\/p>\n\n\n<p>De acordo com estudos da Receita Federal, os contribuintes que se encontram no topo da pir\u00e2mide s\u00e3o os que atualmente pagam menos impostos. Por conta disso, a reforma tem como foco a tributa\u00e7\u00e3o sobre os que possuem maior capital.<\/p>\n<p>Com a demiss\u00e3o de Cintra, ap\u00f3s a tentativa de recriar a <strong>CPMF<\/strong>, a pasta econ\u00f4mica estuda novos meios de arrecadar recursos.<\/p>\n","protected":false},"excerpt":{"rendered":"<p>O ministro da Economia, Paulo Guedes, voltou a dizer que a recria\u00e7\u00e3o da Contribui\u00e7\u00e3o Provis\u00f3ria sobre Movimenta\u00e7\u00e3o Financeira (CPMF) est\u00e1 descartada. A declara\u00e7\u00e3o ocorreu na \u00faltima sexta-feira (27) durante uma entrevista para a TV Record. O ministro da Economia, Paulo Guedes. Em refer\u00eancia a Marcos Cintra, ex-secret\u00e1rio da Receita Federal, o ministro afirmou que &#8216;a [&hellip;]<\/p>\n","protected":false},"author":18,"featured_media":34080,"comment_status":"closed","ping_status":"closed","sticky":false,"template":"","format":"standard","meta":[],"categories":[62],"tags":[1618,719,796,847],"suno_strategy":[],"class_list":["post-39215","post","type-post","status-publish","format-standard","has-post-thumbnail","hentry","category-economia","tag-cpmf","tag-jair-bolsonaro","tag-paulo-guedes","tag-receita-federal"],"yoast_head":"<!-- This site is optimized with the Yoast SEO plugin v24.4 - https:\/\/yoast.com\/wordpress\/plugins\/seo\/ -->\n<title>Cria\u00e7\u00e3o de imposto nos moldes da CPMF est\u00e1 descartada, diz Guedes<\/title>\n<meta name=\"description\" content=\"O ministro da Economia, Paulo Guedes voltou a dizer que a cria\u00e7\u00e3o de um imposto semelhante \u00e0 CPMF est\u00e1 descartada. Clique para saber mais.\" \/>\n<meta name=\"robots\" content=\"index, follow, max-snippet:-1, max-image-preview:large, max-video-preview:-1\" \/>\n<link rel=\"canonical\" href=\"https:\/\/www.suno.com.br\/noticias\/criacao-imposto-moldes-cpmf-descartada-guedes\/\" \/>\n<meta property=\"og:locale\" content=\"pt_BR\" \/>\n<meta property=\"og:type\" content=\"article\" \/>\n<meta property=\"og:title\" content=\"Cria\u00e7\u00e3o de imposto nos moldes da CPMF est\u00e1 descartada, diz Guedes\" \/>\n<meta property=\"og:description\" content=\"O ministro da Economia, Paulo Guedes voltou a dizer que a cria\u00e7\u00e3o de um imposto semelhante \u00e0 CPMF est\u00e1 descartada. Clique para saber mais.\" \/>\n<meta property=\"og:url\" content=\"https:\/\/www.suno.com.br\/noticias\/criacao-imposto-moldes-cpmf-descartada-guedes\/\" \/>\n<meta property=\"og:site_name\" content=\"Suno Not\u00edcias\" \/>\n<meta property=\"article:publisher\" content=\"https:\/\/facebook.com\/sunoresearch\" \/>\n<meta property=\"og:image\" content=\"https:\/\/files.sunoresearch.com.br\/n\/uploads\/2019\/08\/6d4ea4fe-guedes_paulo.jpg\" \/>\n\t<meta property=\"og:image:width\" content=\"800\" \/>\n\t<meta property=\"og:image:height\" content=\"500\" \/>\n\t<meta property=\"og:image:type\" content=\"image\/jpeg\" \/>\n<meta name=\"author\" content=\"Giovanna Oliveira\" \/>\n<meta name=\"twitter:card\" content=\"summary_large_image\" \/>\n<meta name=\"twitter:creator\" content=\"@sunoresearch\" \/>\n<meta name=\"twitter:site\" content=\"@sunoresearch\" \/>\n<meta name=\"twitter:label1\" content=\"Escrito por\" \/>\n\t<meta name=\"twitter:data1\" content=\"Giovanna Oliveira\" \/>\n\t<meta name=\"twitter:label2\" content=\"Est. tempo de leitura\" \/>\n\t<meta name=\"twitter:data2\" content=\"2 minutos\" \/>\n<script type=\"application\/ld+json\" class=\"yoast-schema-graph\">{\"@context\":\"https:\/\/schema.org\",\"@graph\":[{\"@type\":\"NewsArticle\",\"@id\":\"https:\/\/www.suno.com.br\/noticias\/criacao-imposto-moldes-cpmf-descartada-guedes\/#article\",\"isPartOf\":{\"@id\":\"https:\/\/www.suno.com.br\/noticias\/criacao-imposto-moldes-cpmf-descartada-guedes\/\"},\"author\":{\"name\":\"Giovanna Oliveira\",\"@id\":\"https:\/\/www.suno.com.br\/noticias\/#\/schema\/person\/4e19e3d2575736e5283d58eb3199d120\"},\"headline\":\"Cria\u00e7\u00e3o de imposto nos moldes da CPMF est\u00e1 descartada, diz Guedes\",\"datePublished\":\"2019-09-28T20:21:26+00:00\",\"mainEntityOfPage\":{\"@id\":\"https:\/\/www.suno.com.br\/noticias\/criacao-imposto-moldes-cpmf-descartada-guedes\/\"},\"wordCount\":391,\"publisher\":{\"@id\":\"https:\/\/www.suno.com.br\/noticias\/#organization\"},\"image\":{\"@id\":\"https:\/\/www.suno.com.br\/noticias\/criacao-imposto-moldes-cpmf-descartada-guedes\/#primaryimage\"},\"thumbnailUrl\":\"https:\/\/files.sunoresearch.com.br\/n\/uploads\/2019\/08\/6d4ea4fe-guedes_paulo-jpg.webp\",\"keywords\":[\"CPMF\",\"Jair Bolsonaro\",\"Paulo Guedes\",\"Receita Federal\"],\"articleSection\":[\"Economia\"],\"inLanguage\":\"pt-BR\"},{\"@type\":\"WebPage\",\"@id\":\"https:\/\/www.suno.com.br\/noticias\/criacao-imposto-moldes-cpmf-descartada-guedes\/\",\"url\":\"https:\/\/www.suno.com.br\/noticias\/criacao-imposto-moldes-cpmf-descartada-guedes\/\",\"name\":\"Cria\u00e7\u00e3o de imposto nos moldes da CPMF est\u00e1 descartada, diz Guedes\",\"isPartOf\":{\"@id\":\"https:\/\/www.suno.com.br\/noticias\/#website\"},\"primaryImageOfPage\":{\"@id\":\"https:\/\/www.suno.com.br\/noticias\/criacao-imposto-moldes-cpmf-descartada-guedes\/#primaryimage\"},\"image\":{\"@id\":\"https:\/\/www.suno.com.br\/noticias\/criacao-imposto-moldes-cpmf-descartada-guedes\/#primaryimage\"},\"thumbnailUrl\":\"https:\/\/files.sunoresearch.com.br\/n\/uploads\/2019\/08\/6d4ea4fe-guedes_paulo-jpg.webp\",\"datePublished\":\"2019-09-28T20:21:26+00:00\",\"description\":\"O ministro da Economia, Paulo Guedes voltou a dizer que a cria\u00e7\u00e3o de um imposto semelhante \u00e0 CPMF est\u00e1 descartada. Clique para saber mais.\",\"breadcrumb\":{\"@id\":\"https:\/\/www.suno.com.br\/noticias\/criacao-imposto-moldes-cpmf-descartada-guedes\/#breadcrumb\"},\"inLanguage\":\"pt-BR\",\"potentialAction\":[{\"@type\":\"ReadAction\",\"target\":[\"https:\/\/www.suno.com.br\/noticias\/criacao-imposto-moldes-cpmf-descartada-guedes\/\"]}]},{\"@type\":\"ImageObject\",\"inLanguage\":\"pt-BR\",\"@id\":\"https:\/\/www.suno.com.br\/noticias\/criacao-imposto-moldes-cpmf-descartada-guedes\/#primaryimage\",\"url\":\"https:\/\/files.sunoresearch.com.br\/n\/uploads\/2019\/08\/6d4ea4fe-guedes_paulo-jpg.webp\",\"contentUrl\":\"https:\/\/files.sunoresearch.com.br\/n\/uploads\/2019\/08\/6d4ea4fe-guedes_paulo-jpg.webp\",\"width\":800,\"height\":500,\"caption\":\"O ministro da Economia, Paulo Guedes.\"},{\"@type\":\"BreadcrumbList\",\"@id\":\"https:\/\/www.suno.com.br\/noticias\/criacao-imposto-moldes-cpmf-descartada-guedes\/#breadcrumb\",\"itemListElement\":[{\"@type\":\"ListItem\",\"position\":1,\"name\":\"Not\u00edcias\",\"item\":\"https:\/\/www.suno.com.br\/noticias\/\"},{\"@type\":\"ListItem\",\"position\":2,\"name\":\"Economia\",\"item\":\"https:\/\/www.suno.com.br\/noticias\/economia\/\"},{\"@type\":\"ListItem\",\"position\":3,\"name\":\"Cria\u00e7\u00e3o de imposto nos moldes da CPMF est\u00e1 descartada, diz Guedes\"}]},{\"@type\":\"WebSite\",\"@id\":\"https:\/\/www.suno.com.br\/noticias\/#website\",\"url\":\"https:\/\/www.suno.com.br\/noticias\/\",\"name\":\"Suno Not\u00edcias\",\"description\":\"Seu portal de informa\u00e7\u00e3o sobre o mundo dos investimentos\",\"publisher\":{\"@id\":\"https:\/\/www.suno.com.br\/noticias\/#organization\"},\"potentialAction\":[{\"@type\":\"SearchAction\",\"target\":{\"@type\":\"EntryPoint\",\"urlTemplate\":\"https:\/\/www.suno.com.br\/noticias\/?s={search_term_string}\"},\"query-input\":{\"@type\":\"PropertyValueSpecification\",\"valueRequired\":true,\"valueName\":\"search_term_string\"}}],\"inLanguage\":\"pt-BR\"},{\"@type\":\"Organization\",\"@id\":\"https:\/\/www.suno.com.br\/noticias\/#organization\",\"name\":\"Suno Not\u00edcias\",\"url\":\"https:\/\/www.suno.com.br\/noticias\/\",\"logo\":{\"@type\":\"ImageObject\",\"inLanguage\":\"pt-BR\",\"@id\":\"https:\/\/www.suno.com.br\/noticias\/#\/schema\/logo\/image\/\",\"url\":\"https:\/\/files.sunoresearch.com.br\/n\/uploads\/2021\/09\/suno-logo.png\",\"contentUrl\":\"https:\/\/files.sunoresearch.com.br\/n\/uploads\/2021\/09\/suno-logo.png\",\"width\":180,\"height\":180,\"caption\":\"Suno Not\u00edcias\"},\"image\":{\"@id\":\"https:\/\/www.suno.com.br\/noticias\/#\/schema\/logo\/image\/\"},\"sameAs\":[\"https:\/\/facebook.com\/sunoresearch\",\"https:\/\/x.com\/sunoresearch\",\"https:\/\/www.instagram.com\/suno\",\"https:\/\/www.linkedin.com\/company\/suno-research\/\",\"https:\/\/www.youtube.com\/c\/sunoresearch\"]},{\"@type\":\"Person\",\"@id\":\"https:\/\/www.suno.com.br\/noticias\/#\/schema\/person\/4e19e3d2575736e5283d58eb3199d120\",\"name\":\"Giovanna Oliveira\",\"image\":{\"@type\":\"ImageObject\",\"inLanguage\":\"pt-BR\",\"@id\":\"https:\/\/www.suno.com.br\/noticias\/#\/schema\/person\/image\/\",\"url\":\"https:\/\/secure.gravatar.com\/avatar\/9a37b3ae208962ac568992d0ffdbc2eb?s=96&r=g\",\"contentUrl\":\"https:\/\/secure.gravatar.com\/avatar\/9a37b3ae208962ac568992d0ffdbc2eb?s=96&r=g\",\"caption\":\"Giovanna Oliveira\"},\"description\":\"Giovanna Oliveira escreve sobre economia e pol\u00edtica. Foi rep\u00f3rter do portal de jornalismo da ESPM-SP e produziu conte\u00fado para a Corinthians TV. \u00c9 estudante da ESPM.\",\"url\":\"https:\/\/www.suno.com.br\/noticias\/author\/giovanna\/\"}]}<\/script>\n<!-- \/ Yoast SEO plugin. -->","yoast_head_json":{"title":"Cria\u00e7\u00e3o de imposto nos moldes da CPMF est\u00e1 descartada, diz Guedes","description":"O ministro da Economia, Paulo Guedes voltou a dizer que a cria\u00e7\u00e3o de um imposto semelhante \u00e0 CPMF est\u00e1 descartada. Clique para saber mais.","robots":{"index":"index","follow":"follow","max-snippet":"max-snippet:-1","max-image-preview":"max-image-preview:large","max-video-preview":"max-video-preview:-1"},"canonical":"https:\/\/www.suno.com.br\/noticias\/criacao-imposto-moldes-cpmf-descartada-guedes\/","og_locale":"pt_BR","og_type":"article","og_title":"Cria\u00e7\u00e3o de imposto nos moldes da CPMF est\u00e1 descartada, diz Guedes","og_description":"O ministro da Economia, Paulo Guedes voltou a dizer que a cria\u00e7\u00e3o de um imposto semelhante \u00e0 CPMF est\u00e1 descartada. Clique para saber mais.","og_url":"https:\/\/www.suno.com.br\/noticias\/criacao-imposto-moldes-cpmf-descartada-guedes\/","og_site_name":"Suno Not\u00edcias","article_publisher":"https:\/\/facebook.com\/sunoresearch","og_image":[{"width":800,"height":500,"url":"https:\/\/files.sunoresearch.com.br\/n\/uploads\/2019\/08\/6d4ea4fe-guedes_paulo.jpg","type":"image\/jpeg"}],"author":"Giovanna Oliveira","twitter_card":"summary_large_image","twitter_creator":"@sunoresearch","twitter_site":"@sunoresearch","twitter_misc":{"Escrito por":"Giovanna Oliveira","Est. tempo de leitura":"2 minutos"},"schema":{"@context":"https:\/\/schema.org","@graph":[{"@type":"NewsArticle","@id":"https:\/\/www.suno.com.br\/noticias\/criacao-imposto-moldes-cpmf-descartada-guedes\/#article","isPartOf":{"@id":"https:\/\/www.suno.com.br\/noticias\/criacao-imposto-moldes-cpmf-descartada-guedes\/"},"author":{"name":"Giovanna Oliveira","@id":"https:\/\/www.suno.com.br\/noticias\/#\/schema\/person\/4e19e3d2575736e5283d58eb3199d120"},"headline":"Cria\u00e7\u00e3o de imposto nos moldes da CPMF est\u00e1 descartada, diz Guedes","datePublished":"2019-09-28T20:21:26+00:00","mainEntityOfPage":{"@id":"https:\/\/www.suno.com.br\/noticias\/criacao-imposto-moldes-cpmf-descartada-guedes\/"},"wordCount":391,"publisher":{"@id":"https:\/\/www.suno.com.br\/noticias\/#organization"},"image":{"@id":"https:\/\/www.suno.com.br\/noticias\/criacao-imposto-moldes-cpmf-descartada-guedes\/#primaryimage"},"thumbnailUrl":"https:\/\/files.sunoresearch.com.br\/n\/uploads\/2019\/08\/6d4ea4fe-guedes_paulo-jpg.webp","keywords":["CPMF","Jair Bolsonaro","Paulo Guedes","Receita Federal"],"articleSection":["Economia"],"inLanguage":"pt-BR"},{"@type":"WebPage","@id":"https:\/\/www.suno.com.br\/noticias\/criacao-imposto-moldes-cpmf-descartada-guedes\/","url":"https:\/\/www.suno.com.br\/noticias\/criacao-imposto-moldes-cpmf-descartada-guedes\/","name":"Cria\u00e7\u00e3o de imposto nos moldes da CPMF est\u00e1 descartada, diz Guedes","isPartOf":{"@id":"https:\/\/www.suno.com.br\/noticias\/#website"},"primaryImageOfPage":{"@id":"https:\/\/www.suno.com.br\/noticias\/criacao-imposto-moldes-cpmf-descartada-guedes\/#primaryimage"},"image":{"@id":"https:\/\/www.suno.com.br\/noticias\/criacao-imposto-moldes-cpmf-descartada-guedes\/#primaryimage"},"thumbnailUrl":"https:\/\/files.sunoresearch.com.br\/n\/uploads\/2019\/08\/6d4ea4fe-guedes_paulo-jpg.webp","datePublished":"2019-09-28T20:21:26+00:00","description":"O ministro da Economia, Paulo Guedes voltou a dizer que a cria\u00e7\u00e3o de um imposto semelhante \u00e0 CPMF est\u00e1 descartada. Clique para saber mais.","breadcrumb":{"@id":"https:\/\/www.suno.com.br\/noticias\/criacao-imposto-moldes-cpmf-descartada-guedes\/#breadcrumb"},"inLanguage":"pt-BR","potentialAction":[{"@type":"ReadAction","target":["https:\/\/www.suno.com.br\/noticias\/criacao-imposto-moldes-cpmf-descartada-guedes\/"]}]},{"@type":"ImageObject","inLanguage":"pt-BR","@id":"https:\/\/www.suno.com.br\/noticias\/criacao-imposto-moldes-cpmf-descartada-guedes\/#primaryimage","url":"https:\/\/files.sunoresearch.com.br\/n\/uploads\/2019\/08\/6d4ea4fe-guedes_paulo-jpg.webp","contentUrl":"https:\/\/files.sunoresearch.com.br\/n\/uploads\/2019\/08\/6d4ea4fe-guedes_paulo-jpg.webp","width":800,"height":500,"caption":"O ministro da Economia, Paulo Guedes."},{"@type":"BreadcrumbList","@id":"https:\/\/www.suno.com.br\/noticias\/criacao-imposto-moldes-cpmf-descartada-guedes\/#breadcrumb","itemListElement":[{"@type":"ListItem","position":1,"name":"Not\u00edcias","item":"https:\/\/www.suno.com.br\/noticias\/"},{"@type":"ListItem","position":2,"name":"Economia","item":"https:\/\/www.suno.com.br\/noticias\/economia\/"},{"@type":"ListItem","position":3,"name":"Cria\u00e7\u00e3o de imposto nos moldes da CPMF est\u00e1 descartada, diz Guedes"}]},{"@type":"WebSite","@id":"https:\/\/www.suno.com.br\/noticias\/#website","url":"https:\/\/www.suno.com.br\/noticias\/","name":"Suno Not\u00edcias","description":"Seu portal de informa\u00e7\u00e3o sobre o mundo dos investimentos","publisher":{"@id":"https:\/\/www.suno.com.br\/noticias\/#organization"},"potentialAction":[{"@type":"SearchAction","target":{"@type":"EntryPoint","urlTemplate":"https:\/\/www.suno.com.br\/noticias\/?s={search_term_string}"},"query-input":{"@type":"PropertyValueSpecification","valueRequired":true,"valueName":"search_term_string"}}],"inLanguage":"pt-BR"},{"@type":"Organization","@id":"https:\/\/www.suno.com.br\/noticias\/#organization","name":"Suno Not\u00edcias","url":"https:\/\/www.suno.com.br\/noticias\/","logo":{"@type":"ImageObject","inLanguage":"pt-BR","@id":"https:\/\/www.suno.com.br\/noticias\/#\/schema\/logo\/image\/","url":"https:\/\/files.sunoresearch.com.br\/n\/uploads\/2021\/09\/suno-logo.png","contentUrl":"https:\/\/files.sunoresearch.com.br\/n\/uploads\/2021\/09\/suno-logo.png","width":180,"height":180,"caption":"Suno Not\u00edcias"},"image":{"@id":"https:\/\/www.suno.com.br\/noticias\/#\/schema\/logo\/image\/"},"sameAs":["https:\/\/facebook.com\/sunoresearch","https:\/\/x.com\/sunoresearch","https:\/\/www.instagram.com\/suno","https:\/\/www.linkedin.com\/company\/suno-research\/","https:\/\/www.youtube.com\/c\/sunoresearch"]},{"@type":"Person","@id":"https:\/\/www.suno.com.br\/noticias\/#\/schema\/person\/4e19e3d2575736e5283d58eb3199d120","name":"Giovanna Oliveira","image":{"@type":"ImageObject","inLanguage":"pt-BR","@id":"https:\/\/www.suno.com.br\/noticias\/#\/schema\/person\/image\/","url":"https:\/\/secure.gravatar.com\/avatar\/9a37b3ae208962ac568992d0ffdbc2eb?s=96&r=g","contentUrl":"https:\/\/secure.gravatar.com\/avatar\/9a37b3ae208962ac568992d0ffdbc2eb?s=96&r=g","caption":"Giovanna Oliveira"},"description":"Giovanna Oliveira escreve sobre economia e pol\u00edtica. Foi rep\u00f3rter do portal de jornalismo da ESPM-SP e produziu conte\u00fado para a Corinthians TV. \u00c9 estudante da ESPM.","url":"https:\/\/www.suno.com.br\/noticias\/author\/giovanna\/"}]}},"default_loop_html":"<div class=\"cardsPage__listCard__boxs\"><div class=\"cardsPage__listCard__boxs__img\"><a href=\"https:\/\/www.suno.com.br\/noticias\/criacao-imposto-moldes-cpmf-descartada-guedes\/\"><img class=\"mask\" src=\"https:\/\/www.suno.com.br\/noticias\/wp-content\/themes\/suno\/resources\/images\/spotlight\/spotlight1img\/bg-mask.png\" alt=\"Image Mask\"\/><img src=\"https:\/\/files.sunoresearch.com.br\/n\/uploads\/2019\/08\/6d4ea4fe-guedes_paulo-400x200.webp\" alt=\"Cria\u00e7\u00e3o de imposto nos moldes da CPMF est\u00e1 descartada, diz Guedes\"\/><\/a><span class=\"spotlightCategory\"><a href=\"https:\/\/www.suno.com.br\/noticias\/economia\/\">Economia<\/a><\/span><\/div><div class=\"cardsPage__listCard__boxs__content\"><a href=\"https:\/\/www.suno.com.br\/noticias\/criacao-imposto-moldes-cpmf-descartada-guedes\/\"><h2 class=\"content__title\">Cria\u00e7\u00e3o de imposto nos moldes da CPMF est\u00e1 descartada, diz Guedes<\/h2><\/a><div class=\"newsContent__article__meta\"><div class=\"newsContent__article__meta__authorBox\"><a href=\"https:\/\/www.suno.com.br\/noticias\/author\/giovanna\/\" class=\"authorBox__avatar noMobi\"><img src=\"https:\/\/files.sunoresearch.com.br\/n\/uploads\/2019\/06\/952a89ca-screenshot_20190608-171507-150x150.webp\" alt=\"Giovanna Oliveira\"><\/a><div class=\"authorBox__name\"><span>por\n\t\t\t<a href=\"https:\/\/www.suno.com.br\/noticias\/author\/giovanna\/\"><span itemprop=\"author\">Giovanna Oliveira<\/span><\/a><\/span><time datetime=\"2019-09-28T17:21:26-03:00\" itemprop=\"datePublished\">28\/09\/2019 17:21<\/time><\/div><\/div><\/div><\/div><\/div>","single_layout":"posts","amp_enabled":true,"_links":{"self":[{"href":"https:\/\/www.suno.com.br\/noticias\/wp-json\/wp\/v2\/posts\/39215"}],"collection":[{"href":"https:\/\/www.suno.com.br\/noticias\/wp-json\/wp\/v2\/posts"}],"about":[{"href":"https:\/\/www.suno.com.br\/noticias\/wp-json\/wp\/v2\/types\/post"}],"author":[{"embeddable":true,"href":"https:\/\/www.suno.com.br\/noticias\/wp-json\/wp\/v2\/users\/18"}],"replies":[{"embeddable":true,"href":"https:\/\/www.suno.com.br\/noticias\/wp-json\/wp\/v2\/comments?post=39215"}],"version-history":[{"count":0,"href":"https:\/\/www.suno.com.br\/noticias\/wp-json\/wp\/v2\/posts\/39215\/revisions"}],"wp:featuredmedia":[{"embeddable":true,"href":"https:\/\/www.suno.com.br\/noticias\/wp-json\/wp\/v2\/media\/34080"}],"wp:attachment":[{"href":"https:\/\/www.suno.com.br\/noticias\/wp-json\/wp\/v2\/media?parent=39215"}],"wp:term":[{"taxonomy":"category","embeddable":true,"href":"https:\/\/www.suno.com.br\/noticias\/wp-json\/wp\/v2\/categories?post=39215"},{"taxonomy":"post_tag","embeddable":true,"href":"https:\/\/www.suno.com.br\/noticias\/wp-json\/wp\/v2\/tags?post=39215"},{"taxonomy":"suno_strategy","embeddable":true,"href":"https:\/\/www.suno.com.br\/noticias\/wp-json\/wp\/v2\/suno_strategy?post=39215"}],"curies":[{"name":"wp","href":"https:\/\/api.w.org\/{rel}","templated":true}]}}