{"id":39187,"date":"2019-09-27T19:21:52","date_gmt":"2019-09-27T22:21:52","guid":{"rendered":"https:\/\/www.suno.com.br\/noticias\/?p=39187"},"modified":"2019-09-27T19:21:52","modified_gmt":"2019-09-27T22:21:52","slug":"petrobras-inicia-terceiro-programa-demissao-voluntaria","status":"publish","type":"post","link":"https:\/\/www.suno.com.br\/noticias\/petrobras-inicia-terceiro-programa-demissao-voluntaria\/","title":{"rendered":"Petrobras inicia seu terceiro programa de demiss\u00e3o volunt\u00e1ria"},"content":{"rendered":"<p>A Petrobras (PETR4) iniciou, nesta sexta-feira (27), seu terceiro <strong>programa de demiss\u00e3o volunt\u00e1ria (PDV)<\/strong> em 2019. A for\u00e7a de trabalho da empresa tem reduzido drasticamente desde a retra\u00e7\u00e3o do setor <strong>petrol\u00edfero<\/strong> em 2014.<\/p>\t<div class=\"wrapper-featured-image\">\n\t\t<figure class=\"spotlightImg\">\n\n\t\t\t<picture>\n\t\t\t\t<source media=\"(max-width: 768px)\" srcset=\"https:\/\/files.sunoresearch.com.br\/n\/uploads\/2019\/05\/a4e99772-petrobras-400x200.webp\">\n\t\t\t\t<img loading=\"lazy\" decoding=\"async\" class=\"newsContent__article__imgCapa lazyloadDisabled newsContent__article__imgCapa--noCaption\" src=\"https:\/\/files.sunoresearch.com.br\/n\/uploads\/2019\/05\/a4e99772-petrobras-800x450.webp\" width=\"800\" height=\"450\" alt=\"Petrobras inicia seu terceiro programa de demiss\u00e3o volunt\u00e1ria\" fetchpriority=high \/>\n\t\t\t<\/picture>\n\n\t\t\t<figcaption class=\"wp-caption-text wp-caption-text--hide\">A Petrobras (PETR3; PETR4) iniciou a fase vinculante referente \u00e0 venda de sua subsidi\u00e1ria integral Petrobras Biocombust\u00edvel (PBIO).<\/figcaption>\n\t\t<\/figure>\n\t<\/div>\n\n\n\n<p>A <strong>Petrobras<\/strong> comunicou na \u00faltima quinta-feira (26), que o foco deste <strong>PDV<\/strong> s\u00e3o cargos corporativos. Os funcion\u00e1rios receber\u00e3o os mesmos incentivos para se retirar da estatal que receberam os dois primeiros grupos do come\u00e7o do ano.<\/p>\n<p>Segundo a <strong>Petrobras<\/strong>, os tr\u00eas programas anunciados preveem as mesmas vantagens e indeniza\u00e7\u00f5es perante a lei.<\/p>\n<p>\u201cA companhia busca criar condi\u00e7\u00f5es para que os profissionais fa\u00e7am a melhor escolha, mantendo sempre o seu comprometimento com a \u00e9tica, a transpar\u00eancia e com os mais elevados n\u00edveis de seguran\u00e7a e efici\u00eancia das opera\u00e7\u00f5es\u201d, afirmou a <strong>petroleira<\/strong> atrav\u00e9s de uma nota.<\/p>\n\t<p>\n\t\t<a href=\"https:\/\/lp.suno.com.br\/ao\/sessao-estrategica-consultoria-c\/?utm_source=suno-noticias&#038;utm_medium=banner&#038;utm_campaing=dolar-cair-juros\" target=\"_blank\" data-element=\"shortcode-suno-banner\" title=\"Banner SUNO, clique e saiba mais\">\n\t\t\t<picture>\n\t\t\t\t<source media=\"(max-width: 500px)\" srcset=\"https:\/\/files.sunoresearch.com.br\/n\/uploads\/2025\/09\/300x400.webp\">\n\t\t\t\t<img class=\"newsContent__article__imgCapa newsContent__article__imgCapa--banner\"\n\t\t\t\t\tsrc=\"https:\/\/files.sunoresearch.com.br\/n\/uploads\/2025\/09\/SN-DT-1420x240-1.webp\"\n\t\t\t\t\tdata-promo-id=\"624946\"\t\t\t\t\t\t\t\t\t\twidth='1420' height='240'\t\t\t\t\talt=\"https:\/\/files.sunoresearch.com.br\/n\/uploads\/2025\/09\/SN-DT-1420x240-1.webp\"\n\t\t\t\t>\n\t\t\t<\/picture>\n\t\t<\/a>\n\t<\/p>\n\n\n<p>Em mar\u00e7o, o presidente da <strong>Petrobras, Roberto<\/strong>\u00a0<strong>Castello Branco,<\/strong> anunciou uma meta com o objetivo de enxugar o or\u00e7amento da <strong>companhia<\/strong> em US$ 8,1 bilh\u00f5es at\u00e9 2024, focando a redu\u00e7\u00e3o no n\u00famero de empregados e nos custos de <strong>marketing.<\/strong><\/p>\n<p>Al\u00e9m disso, <strong>Castello Branco<\/strong> deu continuidade nos planos de gera\u00e7\u00e3o de bilh\u00f5es de d\u00f3lares com a venda de ativos com o objetivo de refor\u00e7ar o balan\u00e7o da empresa. O presidente visa a sa\u00edda da empresa de setores diversos e que foque na produ\u00e7\u00e3o de petr\u00f3leo em \u00e1guas profundas.<\/p>\n<h2>Segmento digital da Petrobras<\/h2>\n<p>Nesta quinta (26), a <strong>Petrobras<\/strong> tamb\u00e9m anunciou que Nicol\u00e1s Simone er\u00e1 o novo diretor de transforma\u00e7\u00e3o digital e inova\u00e7\u00e3o. O executivo cuidar\u00e1 de uma nova \u00e1rea que ser\u00e1 estabelecida pela empresa. Ele assume o cargo no dia 1\u00ba de outubro.<\/p>\n\t<p>\n\t\t<a href=\"https:\/\/www.suno.com.br\/wealth\/\" target=\"_blank\" data-element=\"shortcode-suno-banner\" title=\"Banner SUNO, clique e saiba mais\">\n\t\t\t<picture>\n\t\t\t\t<source media=\"(max-width: 500px)\" srcset=\"https:\/\/files.sunoresearch.com.br\/n\/uploads\/2024\/01\/400x300-Mobile-WEALTH.png\">\n\t\t\t\t<img class=\"newsContent__article__imgCapa newsContent__article__imgCapa--banner\"\n\t\t\t\t\tsrc=\"https:\/\/files.sunoresearch.com.br\/n\/uploads\/2024\/01\/1420x240-Banner-Artigos-1-_-Banner-Materias-1-6.png\"\n\t\t\t\t\tdata-promo-id=\"512147\"\t\t\t\t\t\t\t\t\t\twidth='1420' height='240'\t\t\t\t\talt=\"https:\/\/files.sunoresearch.com.br\/n\/uploads\/2024\/01\/1420x240-Banner-Artigos-1-_-Banner-Materias-1-6.png\"\n\t\t\t\t>\n\t\t\t<\/picture>\n\t\t<\/a>\n\t<\/p>\n\n\n<p>Essa \u00e1rea, que ser\u00e1 analisa pelos acionistas em assembleia na pr\u00f3xima segunda-feira (30), refere-se \u00e0 <strong>tecnologia da informa\u00e7\u00e3o<\/strong> no processo de mudan\u00e7a da companhia, diz a <strong>Petrobras<\/strong>.<\/p>\n<p><a href=\"https:\/\/www.suno.com.br\/noticias\/petrobras-anuncia-novo-programa-de-demissao-voluntaria\/\">Leia mais: Petrobras anuncia novo programa de demiss\u00e3o volunt\u00e1ria<\/a><\/p>\n<p>Simone estudou na Universidade ORT, do Uruguai, onde estudou engenharia de softwares e sistemas. O novo executivo da <strong>Petrobras<\/strong> possui experi\u00eancia internacional e expertise em tecnologia da informa\u00e7\u00e3o e <strong>transforma\u00e7\u00e3o digital<\/strong>.<\/p>\n","protected":false},"excerpt":{"rendered":"<p>A Petrobras (PETR4) iniciou, nesta sexta-feira (27), seu terceiro programa de demiss\u00e3o volunt\u00e1ria (PDV) em 2019. A for\u00e7a de trabalho da empresa tem reduzido drasticamente desde a retra\u00e7\u00e3o do setor petrol\u00edfero em 2014. A Petrobras (PETR3; PETR4) iniciou a fase vinculante referente \u00e0 venda de sua subsidi\u00e1ria integral Petrobras Biocombust\u00edvel (PBIO). A Petrobras comunicou na [&hellip;]<\/p>\n","protected":false},"author":23,"featured_media":25113,"comment_status":"closed","ping_status":"closed","sticky":false,"template":"","format":"standard","meta":[],"categories":[64],"tags":[595,2059],"suno_strategy":[],"class_list":["post-39187","post","type-post","status-publish","format-standard","has-post-thumbnail","hentry","category-negocios","tag-petrobras-petr4","tag-programa-de-demissao-voluntaria-pdv"],"yoast_head":"<!-- This site is optimized with the Yoast SEO plugin v24.4 - https:\/\/yoast.com\/wordpress\/plugins\/seo\/ -->\n<title>Petrobras inicia seu terceiro programa de demiss\u00e3o volunt\u00e1ria<\/title>\n<meta name=\"description\" content=\"A Petrobras seu terceiro PDV em 2019. A for\u00e7a de trabalho da empresa tem reduzido desde 2014. Clique aqui para saber mais.\" \/>\n<meta name=\"robots\" content=\"index, follow, max-snippet:-1, max-image-preview:large, max-video-preview:-1\" \/>\n<link rel=\"canonical\" href=\"https:\/\/www.suno.com.br\/noticias\/petrobras-inicia-terceiro-programa-demissao-voluntaria\/\" \/>\n<meta property=\"og:locale\" content=\"pt_BR\" \/>\n<meta property=\"og:type\" content=\"article\" \/>\n<meta property=\"og:title\" content=\"Petrobras inicia seu terceiro programa de demiss\u00e3o volunt\u00e1ria\" \/>\n<meta property=\"og:description\" content=\"A Petrobras seu terceiro PDV em 2019. A for\u00e7a de trabalho da empresa tem reduzido desde 2014. Clique aqui para saber mais.\" \/>\n<meta property=\"og:url\" content=\"https:\/\/www.suno.com.br\/noticias\/petrobras-inicia-terceiro-programa-demissao-voluntaria\/\" \/>\n<meta property=\"og:site_name\" content=\"Suno Not\u00edcias\" \/>\n<meta property=\"article:publisher\" content=\"https:\/\/facebook.com\/sunoresearch\" \/>\n<meta property=\"og:image\" content=\"https:\/\/files.sunoresearch.com.br\/n\/uploads\/2019\/05\/a4e99772-petrobras.jpg\" \/>\n\t<meta property=\"og:image:width\" content=\"1140\" \/>\n\t<meta property=\"og:image:height\" content=\"760\" \/>\n\t<meta property=\"og:image:type\" content=\"image\/jpeg\" \/>\n<meta name=\"author\" content=\"Rafael Lara\" \/>\n<meta name=\"twitter:card\" content=\"summary_large_image\" \/>\n<meta name=\"twitter:creator\" content=\"@sunoresearch\" \/>\n<meta name=\"twitter:site\" content=\"@sunoresearch\" \/>\n<meta name=\"twitter:label1\" content=\"Escrito por\" \/>\n\t<meta name=\"twitter:data1\" content=\"Rafael Lara\" \/>\n\t<meta name=\"twitter:label2\" content=\"Est. tempo de leitura\" \/>\n\t<meta name=\"twitter:data2\" content=\"2 minutos\" \/>\n<script type=\"application\/ld+json\" class=\"yoast-schema-graph\">{\"@context\":\"https:\/\/schema.org\",\"@graph\":[{\"@type\":\"NewsArticle\",\"@id\":\"https:\/\/www.suno.com.br\/noticias\/petrobras-inicia-terceiro-programa-demissao-voluntaria\/#article\",\"isPartOf\":{\"@id\":\"https:\/\/www.suno.com.br\/noticias\/petrobras-inicia-terceiro-programa-demissao-voluntaria\/\"},\"author\":{\"name\":\"Rafael Lara\",\"@id\":\"https:\/\/www.suno.com.br\/noticias\/#\/schema\/person\/098743caeed97b37f51315c9576c4078\"},\"headline\":\"Petrobras inicia seu terceiro programa de demiss\u00e3o volunt\u00e1ria\",\"datePublished\":\"2019-09-27T22:21:52+00:00\",\"mainEntityOfPage\":{\"@id\":\"https:\/\/www.suno.com.br\/noticias\/petrobras-inicia-terceiro-programa-demissao-voluntaria\/\"},\"wordCount\":378,\"publisher\":{\"@id\":\"https:\/\/www.suno.com.br\/noticias\/#organization\"},\"image\":{\"@id\":\"https:\/\/www.suno.com.br\/noticias\/petrobras-inicia-terceiro-programa-demissao-voluntaria\/#primaryimage\"},\"thumbnailUrl\":\"https:\/\/files.sunoresearch.com.br\/n\/uploads\/2019\/05\/a4e99772-petrobras-jpg.webp\",\"keywords\":[\"Petrobras (PETR4)\",\"Programa de demiss\u00e3o volunt\u00e1ria (PDV)\"],\"articleSection\":[\"Neg\u00f3cios\"],\"inLanguage\":\"pt-BR\"},{\"@type\":\"WebPage\",\"@id\":\"https:\/\/www.suno.com.br\/noticias\/petrobras-inicia-terceiro-programa-demissao-voluntaria\/\",\"url\":\"https:\/\/www.suno.com.br\/noticias\/petrobras-inicia-terceiro-programa-demissao-voluntaria\/\",\"name\":\"Petrobras inicia seu terceiro programa de demiss\u00e3o volunt\u00e1ria\",\"isPartOf\":{\"@id\":\"https:\/\/www.suno.com.br\/noticias\/#website\"},\"primaryImageOfPage\":{\"@id\":\"https:\/\/www.suno.com.br\/noticias\/petrobras-inicia-terceiro-programa-demissao-voluntaria\/#primaryimage\"},\"image\":{\"@id\":\"https:\/\/www.suno.com.br\/noticias\/petrobras-inicia-terceiro-programa-demissao-voluntaria\/#primaryimage\"},\"thumbnailUrl\":\"https:\/\/files.sunoresearch.com.br\/n\/uploads\/2019\/05\/a4e99772-petrobras-jpg.webp\",\"datePublished\":\"2019-09-27T22:21:52+00:00\",\"description\":\"A Petrobras seu terceiro PDV em 2019. A for\u00e7a de trabalho da empresa tem reduzido desde 2014. Clique aqui para saber mais.\",\"breadcrumb\":{\"@id\":\"https:\/\/www.suno.com.br\/noticias\/petrobras-inicia-terceiro-programa-demissao-voluntaria\/#breadcrumb\"},\"inLanguage\":\"pt-BR\",\"potentialAction\":[{\"@type\":\"ReadAction\",\"target\":[\"https:\/\/www.suno.com.br\/noticias\/petrobras-inicia-terceiro-programa-demissao-voluntaria\/\"]}]},{\"@type\":\"ImageObject\",\"inLanguage\":\"pt-BR\",\"@id\":\"https:\/\/www.suno.com.br\/noticias\/petrobras-inicia-terceiro-programa-demissao-voluntaria\/#primaryimage\",\"url\":\"https:\/\/files.sunoresearch.com.br\/n\/uploads\/2019\/05\/a4e99772-petrobras-jpg.webp\",\"contentUrl\":\"https:\/\/files.sunoresearch.com.br\/n\/uploads\/2019\/05\/a4e99772-petrobras-jpg.webp\",\"width\":1140,\"height\":760,\"caption\":\"A Petrobras (PETR3; PETR4) iniciou a fase vinculante referente \u00e0 venda de sua subsidi\u00e1ria integral Petrobras Biocombust\u00edvel (PBIO).\"},{\"@type\":\"BreadcrumbList\",\"@id\":\"https:\/\/www.suno.com.br\/noticias\/petrobras-inicia-terceiro-programa-demissao-voluntaria\/#breadcrumb\",\"itemListElement\":[{\"@type\":\"ListItem\",\"position\":1,\"name\":\"Not\u00edcias\",\"item\":\"https:\/\/www.suno.com.br\/noticias\/\"},{\"@type\":\"ListItem\",\"position\":2,\"name\":\"Neg\u00f3cios\",\"item\":\"https:\/\/www.suno.com.br\/noticias\/negocios\/\"},{\"@type\":\"ListItem\",\"position\":3,\"name\":\"Petrobras inicia seu terceiro programa de demiss\u00e3o volunt\u00e1ria\"}]},{\"@type\":\"WebSite\",\"@id\":\"https:\/\/www.suno.com.br\/noticias\/#website\",\"url\":\"https:\/\/www.suno.com.br\/noticias\/\",\"name\":\"Suno Not\u00edcias\",\"description\":\"Seu portal de informa\u00e7\u00e3o sobre o mundo dos investimentos\",\"publisher\":{\"@id\":\"https:\/\/www.suno.com.br\/noticias\/#organization\"},\"potentialAction\":[{\"@type\":\"SearchAction\",\"target\":{\"@type\":\"EntryPoint\",\"urlTemplate\":\"https:\/\/www.suno.com.br\/noticias\/?s={search_term_string}\"},\"query-input\":{\"@type\":\"PropertyValueSpecification\",\"valueRequired\":true,\"valueName\":\"search_term_string\"}}],\"inLanguage\":\"pt-BR\"},{\"@type\":\"Organization\",\"@id\":\"https:\/\/www.suno.com.br\/noticias\/#organization\",\"name\":\"Suno Not\u00edcias\",\"url\":\"https:\/\/www.suno.com.br\/noticias\/\",\"logo\":{\"@type\":\"ImageObject\",\"inLanguage\":\"pt-BR\",\"@id\":\"https:\/\/www.suno.com.br\/noticias\/#\/schema\/logo\/image\/\",\"url\":\"https:\/\/files.sunoresearch.com.br\/n\/uploads\/2021\/09\/suno-logo.png\",\"contentUrl\":\"https:\/\/files.sunoresearch.com.br\/n\/uploads\/2021\/09\/suno-logo.png\",\"width\":180,\"height\":180,\"caption\":\"Suno Not\u00edcias\"},\"image\":{\"@id\":\"https:\/\/www.suno.com.br\/noticias\/#\/schema\/logo\/image\/\"},\"sameAs\":[\"https:\/\/facebook.com\/sunoresearch\",\"https:\/\/x.com\/sunoresearch\",\"https:\/\/www.instagram.com\/suno\",\"https:\/\/www.linkedin.com\/company\/suno-research\/\",\"https:\/\/www.youtube.com\/c\/sunoresearch\"]},{\"@type\":\"Person\",\"@id\":\"https:\/\/www.suno.com.br\/noticias\/#\/schema\/person\/098743caeed97b37f51315c9576c4078\",\"name\":\"Rafael Lara\",\"image\":{\"@type\":\"ImageObject\",\"inLanguage\":\"pt-BR\",\"@id\":\"https:\/\/www.suno.com.br\/noticias\/#\/schema\/person\/image\/\",\"url\":\"https:\/\/secure.gravatar.com\/avatar\/dfc254ab9bb2ea1895d98b9e9dae4bdd?s=96&r=g\",\"contentUrl\":\"https:\/\/secure.gravatar.com\/avatar\/dfc254ab9bb2ea1895d98b9e9dae4bdd?s=96&r=g\",\"caption\":\"Rafael Lara\"},\"description\":\"Rafael Lara cursa jornalismo na Faculdade C\u00e1sper L\u00edbero. Escreve sobre pol\u00edtica, economia e neg\u00f3cios para o portal Suno Not\u00edcias. Antes, colaborou na TV Gazeta na produ\u00e7\u00e3o do programa Edi\u00e7\u00e3o Extra.\",\"url\":\"https:\/\/www.suno.com.br\/noticias\/author\/rafael\/\"}]}<\/script>\n<!-- \/ Yoast SEO plugin. -->","yoast_head_json":{"title":"Petrobras inicia seu terceiro programa de demiss\u00e3o volunt\u00e1ria","description":"A Petrobras seu terceiro PDV em 2019. A for\u00e7a de trabalho da empresa tem reduzido desde 2014. Clique aqui para saber mais.","robots":{"index":"index","follow":"follow","max-snippet":"max-snippet:-1","max-image-preview":"max-image-preview:large","max-video-preview":"max-video-preview:-1"},"canonical":"https:\/\/www.suno.com.br\/noticias\/petrobras-inicia-terceiro-programa-demissao-voluntaria\/","og_locale":"pt_BR","og_type":"article","og_title":"Petrobras inicia seu terceiro programa de demiss\u00e3o volunt\u00e1ria","og_description":"A Petrobras seu terceiro PDV em 2019. A for\u00e7a de trabalho da empresa tem reduzido desde 2014. Clique aqui para saber mais.","og_url":"https:\/\/www.suno.com.br\/noticias\/petrobras-inicia-terceiro-programa-demissao-voluntaria\/","og_site_name":"Suno Not\u00edcias","article_publisher":"https:\/\/facebook.com\/sunoresearch","og_image":[{"width":1140,"height":760,"url":"https:\/\/files.sunoresearch.com.br\/n\/uploads\/2019\/05\/a4e99772-petrobras.jpg","type":"image\/jpeg"}],"author":"Rafael Lara","twitter_card":"summary_large_image","twitter_creator":"@sunoresearch","twitter_site":"@sunoresearch","twitter_misc":{"Escrito por":"Rafael Lara","Est. tempo de leitura":"2 minutos"},"schema":{"@context":"https:\/\/schema.org","@graph":[{"@type":"NewsArticle","@id":"https:\/\/www.suno.com.br\/noticias\/petrobras-inicia-terceiro-programa-demissao-voluntaria\/#article","isPartOf":{"@id":"https:\/\/www.suno.com.br\/noticias\/petrobras-inicia-terceiro-programa-demissao-voluntaria\/"},"author":{"name":"Rafael Lara","@id":"https:\/\/www.suno.com.br\/noticias\/#\/schema\/person\/098743caeed97b37f51315c9576c4078"},"headline":"Petrobras inicia seu terceiro programa de demiss\u00e3o volunt\u00e1ria","datePublished":"2019-09-27T22:21:52+00:00","mainEntityOfPage":{"@id":"https:\/\/www.suno.com.br\/noticias\/petrobras-inicia-terceiro-programa-demissao-voluntaria\/"},"wordCount":378,"publisher":{"@id":"https:\/\/www.suno.com.br\/noticias\/#organization"},"image":{"@id":"https:\/\/www.suno.com.br\/noticias\/petrobras-inicia-terceiro-programa-demissao-voluntaria\/#primaryimage"},"thumbnailUrl":"https:\/\/files.sunoresearch.com.br\/n\/uploads\/2019\/05\/a4e99772-petrobras-jpg.webp","keywords":["Petrobras (PETR4)","Programa de demiss\u00e3o volunt\u00e1ria (PDV)"],"articleSection":["Neg\u00f3cios"],"inLanguage":"pt-BR"},{"@type":"WebPage","@id":"https:\/\/www.suno.com.br\/noticias\/petrobras-inicia-terceiro-programa-demissao-voluntaria\/","url":"https:\/\/www.suno.com.br\/noticias\/petrobras-inicia-terceiro-programa-demissao-voluntaria\/","name":"Petrobras inicia seu terceiro programa de demiss\u00e3o volunt\u00e1ria","isPartOf":{"@id":"https:\/\/www.suno.com.br\/noticias\/#website"},"primaryImageOfPage":{"@id":"https:\/\/www.suno.com.br\/noticias\/petrobras-inicia-terceiro-programa-demissao-voluntaria\/#primaryimage"},"image":{"@id":"https:\/\/www.suno.com.br\/noticias\/petrobras-inicia-terceiro-programa-demissao-voluntaria\/#primaryimage"},"thumbnailUrl":"https:\/\/files.sunoresearch.com.br\/n\/uploads\/2019\/05\/a4e99772-petrobras-jpg.webp","datePublished":"2019-09-27T22:21:52+00:00","description":"A Petrobras seu terceiro PDV em 2019. A for\u00e7a de trabalho da empresa tem reduzido desde 2014. Clique aqui para saber mais.","breadcrumb":{"@id":"https:\/\/www.suno.com.br\/noticias\/petrobras-inicia-terceiro-programa-demissao-voluntaria\/#breadcrumb"},"inLanguage":"pt-BR","potentialAction":[{"@type":"ReadAction","target":["https:\/\/www.suno.com.br\/noticias\/petrobras-inicia-terceiro-programa-demissao-voluntaria\/"]}]},{"@type":"ImageObject","inLanguage":"pt-BR","@id":"https:\/\/www.suno.com.br\/noticias\/petrobras-inicia-terceiro-programa-demissao-voluntaria\/#primaryimage","url":"https:\/\/files.sunoresearch.com.br\/n\/uploads\/2019\/05\/a4e99772-petrobras-jpg.webp","contentUrl":"https:\/\/files.sunoresearch.com.br\/n\/uploads\/2019\/05\/a4e99772-petrobras-jpg.webp","width":1140,"height":760,"caption":"A Petrobras (PETR3; PETR4) iniciou a fase vinculante referente \u00e0 venda de sua subsidi\u00e1ria integral Petrobras Biocombust\u00edvel (PBIO)."},{"@type":"BreadcrumbList","@id":"https:\/\/www.suno.com.br\/noticias\/petrobras-inicia-terceiro-programa-demissao-voluntaria\/#breadcrumb","itemListElement":[{"@type":"ListItem","position":1,"name":"Not\u00edcias","item":"https:\/\/www.suno.com.br\/noticias\/"},{"@type":"ListItem","position":2,"name":"Neg\u00f3cios","item":"https:\/\/www.suno.com.br\/noticias\/negocios\/"},{"@type":"ListItem","position":3,"name":"Petrobras inicia seu terceiro programa de demiss\u00e3o volunt\u00e1ria"}]},{"@type":"WebSite","@id":"https:\/\/www.suno.com.br\/noticias\/#website","url":"https:\/\/www.suno.com.br\/noticias\/","name":"Suno Not\u00edcias","description":"Seu portal de informa\u00e7\u00e3o sobre o mundo dos investimentos","publisher":{"@id":"https:\/\/www.suno.com.br\/noticias\/#organization"},"potentialAction":[{"@type":"SearchAction","target":{"@type":"EntryPoint","urlTemplate":"https:\/\/www.suno.com.br\/noticias\/?s={search_term_string}"},"query-input":{"@type":"PropertyValueSpecification","valueRequired":true,"valueName":"search_term_string"}}],"inLanguage":"pt-BR"},{"@type":"Organization","@id":"https:\/\/www.suno.com.br\/noticias\/#organization","name":"Suno Not\u00edcias","url":"https:\/\/www.suno.com.br\/noticias\/","logo":{"@type":"ImageObject","inLanguage":"pt-BR","@id":"https:\/\/www.suno.com.br\/noticias\/#\/schema\/logo\/image\/","url":"https:\/\/files.sunoresearch.com.br\/n\/uploads\/2021\/09\/suno-logo.png","contentUrl":"https:\/\/files.sunoresearch.com.br\/n\/uploads\/2021\/09\/suno-logo.png","width":180,"height":180,"caption":"Suno Not\u00edcias"},"image":{"@id":"https:\/\/www.suno.com.br\/noticias\/#\/schema\/logo\/image\/"},"sameAs":["https:\/\/facebook.com\/sunoresearch","https:\/\/x.com\/sunoresearch","https:\/\/www.instagram.com\/suno","https:\/\/www.linkedin.com\/company\/suno-research\/","https:\/\/www.youtube.com\/c\/sunoresearch"]},{"@type":"Person","@id":"https:\/\/www.suno.com.br\/noticias\/#\/schema\/person\/098743caeed97b37f51315c9576c4078","name":"Rafael Lara","image":{"@type":"ImageObject","inLanguage":"pt-BR","@id":"https:\/\/www.suno.com.br\/noticias\/#\/schema\/person\/image\/","url":"https:\/\/secure.gravatar.com\/avatar\/dfc254ab9bb2ea1895d98b9e9dae4bdd?s=96&r=g","contentUrl":"https:\/\/secure.gravatar.com\/avatar\/dfc254ab9bb2ea1895d98b9e9dae4bdd?s=96&r=g","caption":"Rafael Lara"},"description":"Rafael Lara cursa jornalismo na Faculdade C\u00e1sper L\u00edbero. Escreve sobre pol\u00edtica, economia e neg\u00f3cios para o portal Suno Not\u00edcias. Antes, colaborou na TV Gazeta na produ\u00e7\u00e3o do programa Edi\u00e7\u00e3o Extra.","url":"https:\/\/www.suno.com.br\/noticias\/author\/rafael\/"}]}},"default_loop_html":"<div class=\"cardsPage__listCard__boxs\"><div class=\"cardsPage__listCard__boxs__img\"><a href=\"https:\/\/www.suno.com.br\/noticias\/petrobras-inicia-terceiro-programa-demissao-voluntaria\/\"><img class=\"mask\" src=\"https:\/\/www.suno.com.br\/noticias\/wp-content\/themes\/suno\/resources\/images\/spotlight\/spotlight1img\/bg-mask.png\" alt=\"Image Mask\"\/><img src=\"https:\/\/files.sunoresearch.com.br\/n\/uploads\/2019\/05\/a4e99772-petrobras-400x200.webp\" alt=\"Petrobras inicia seu terceiro programa de demiss\u00e3o volunt\u00e1ria\"\/><\/a><span class=\"spotlightCategory\"><a href=\"https:\/\/www.suno.com.br\/noticias\/negocios\/\">Neg\u00f3cios<\/a><\/span><\/div><div class=\"cardsPage__listCard__boxs__content\"><a href=\"https:\/\/www.suno.com.br\/noticias\/petrobras-inicia-terceiro-programa-demissao-voluntaria\/\"><h2 class=\"content__title\">Petrobras inicia seu terceiro programa de demiss\u00e3o volunt\u00e1ria<\/h2><\/a><div class=\"newsContent__article__meta\"><div class=\"newsContent__article__meta__authorBox\"><a href=\"https:\/\/www.suno.com.br\/noticias\/author\/rafael\/\" class=\"authorBox__avatar noMobi\"><img src=\"https:\/\/secure.gravatar.com\/avatar\/dfc254ab9bb2ea1895d98b9e9dae4bdd?s=96&#038;r=g\" alt=\"Rafael Lara\"><\/a><div class=\"authorBox__name\"><span>por\n\t\t\t<a href=\"https:\/\/www.suno.com.br\/noticias\/author\/rafael\/\"><span itemprop=\"author\">Rafael Lara<\/span><\/a><\/span><time datetime=\"2019-09-27T19:21:52-03:00\" itemprop=\"datePublished\">27\/09\/2019 19:21<\/time><\/div><\/div><\/div><\/div><\/div>","single_layout":"posts","amp_enabled":true,"_links":{"self":[{"href":"https:\/\/www.suno.com.br\/noticias\/wp-json\/wp\/v2\/posts\/39187"}],"collection":[{"href":"https:\/\/www.suno.com.br\/noticias\/wp-json\/wp\/v2\/posts"}],"about":[{"href":"https:\/\/www.suno.com.br\/noticias\/wp-json\/wp\/v2\/types\/post"}],"author":[{"embeddable":true,"href":"https:\/\/www.suno.com.br\/noticias\/wp-json\/wp\/v2\/users\/23"}],"replies":[{"embeddable":true,"href":"https:\/\/www.suno.com.br\/noticias\/wp-json\/wp\/v2\/comments?post=39187"}],"version-history":[{"count":0,"href":"https:\/\/www.suno.com.br\/noticias\/wp-json\/wp\/v2\/posts\/39187\/revisions"}],"wp:featuredmedia":[{"embeddable":true,"href":"https:\/\/www.suno.com.br\/noticias\/wp-json\/wp\/v2\/media\/25113"}],"wp:attachment":[{"href":"https:\/\/www.suno.com.br\/noticias\/wp-json\/wp\/v2\/media?parent=39187"}],"wp:term":[{"taxonomy":"category","embeddable":true,"href":"https:\/\/www.suno.com.br\/noticias\/wp-json\/wp\/v2\/categories?post=39187"},{"taxonomy":"post_tag","embeddable":true,"href":"https:\/\/www.suno.com.br\/noticias\/wp-json\/wp\/v2\/tags?post=39187"},{"taxonomy":"suno_strategy","embeddable":true,"href":"https:\/\/www.suno.com.br\/noticias\/wp-json\/wp\/v2\/suno_strategy?post=39187"}],"curies":[{"name":"wp","href":"https:\/\/api.w.org\/{rel}","templated":true}]}}