{"id":39178,"date":"2019-09-27T18:31:23","date_gmt":"2019-09-27T21:31:23","guid":{"rendered":"https:\/\/www.suno.com.br\/noticias\/?p=39178"},"modified":"2019-09-27T18:31:23","modified_gmt":"2019-09-27T21:31:23","slug":"ibovespa-queda-delta-latam-27092019","status":"publish","type":"post","link":"https:\/\/www.suno.com.br\/noticias\/ibovespa-queda-delta-latam-27092019\/","title":{"rendered":"Ibovespa fecha em queda ap\u00f3s Delta comprar parte da LATAM"},"content":{"rendered":"<p>O Ibovespa fechou nesta sexta-feira (27) em baixa. O <a href=\"https:\/\/www.suno.com.br\/artigos\/b3\/\"><strong>principal \u00edndice da Bolsa de Valores de<\/strong>\u00a0<strong>S\u00e3o Paulo (B3)<\/strong><\/a> teve <strong>queda<\/strong> de -0,23% a 105.077,633 pontos. Na <strong>semana,<\/strong> teve <strong>desempenho positivo<\/strong> de +0,27%<\/p>\t<div class=\"wrapper-featured-image\">\n\t\t<figure class=\"spotlightImg\">\n\n\t\t\t<picture>\n\t\t\t\t<source media=\"(max-width: 768px)\" srcset=\"https:\/\/files.sunoresearch.com.br\/n\/uploads\/2018\/12\/ab21ee1f-ibovespa2-400x200.webp\">\n\t\t\t\t<img loading=\"lazy\" decoding=\"async\" class=\"newsContent__article__imgCapa lazyloadDisabled newsContent__article__imgCapa--noCaption\" src=\"https:\/\/files.sunoresearch.com.br\/n\/uploads\/2018\/12\/ab21ee1f-ibovespa2-800x450.webp\" width=\"800\" height=\"450\" alt=\"Ibovespa fecha em queda ap\u00f3s Delta comprar parte da LATAM\" fetchpriority=high \/>\n\t\t\t<\/picture>\n\n\t\t\t<figcaption class=\"wp-caption-text wp-caption-text--hide\">Na \u00faltima sess\u00e3o, ter\u00e7a-feira (11), o Ibovespa encerrou em queda de 1,23%, a 102.174,398 pontos.\u00a0<\/figcaption>\n\t\t<\/figure>\n\t<\/div>\n\n\n\n<p>O <strong>Ibovespa<\/strong> registrou baixa devido a v\u00e1rios fatores. O principal deles, as consequ\u00eancias da compra de 20% da <strong>LATAM Airlines<\/strong> realizada pela <strong>Delta Airlines.<\/strong><\/p>\n<p>Al\u00e9m disso, contribu\u00edram para a <strong>queda:<\/strong><\/p>\n<ul>\n<li><strong>Desemprego cai<\/strong> para 11,8% com informalidade atingindo <strong>maior n\u00edvel desde 2016<\/strong><\/li>\n<li><strong>IGP-M<\/strong> registra queda de 0,01% em setembro, diz <strong>FGV<\/strong><\/li>\n<\/ul>\n<h2>Gol, Azul e Smiles em baixa ap\u00f3s venda da LATAM<\/h2>\n<p>Ap\u00f3s a <strong>Delta Airlines<\/strong> anunciar, na \u00faltima quinta (26), a compra de 20% da <strong>Latam Airlines Group<\/strong>, as companhias a\u00e9reas Gol e Azul, e a empresa de milhagens Smiles lideram as baixas da <a href=\"https:\/\/www.suno.com.br\/artigos\/bovespa-precedente-b3\/\"><strong>Bolsa de Valores de S\u00e3o Paulo<\/strong><\/a> nesta sexta-feira (27).<\/p>\n<p><a href=\"https:\/\/www.suno.com.br\/noticias\/gol-azul-smiles-acao-cotacao-queda-forte-delta-latam\/\">Saiba mais: Gol, Azul e Smiles lideram baixas na Bolsa ap\u00f3s Delta comprar parte da Latam<\/a><\/p>\n<p>A\u00a0 a\u00e7\u00e3o da<strong> Gol<\/strong> (GOLL4) fechou negativamente em -6,51%, sendo negociada a R$ 32,00. Por sua vez, a <strong>Smiles<\/strong> (SMLS3) fechou em -5,04% sendo cotada a R$ 37,50. A <strong>Azul <\/strong>(AZUL4) fechou negativamente em -0,50%, sendo cotada a R$ 49,62.<\/p>\n<p>Nesta sexta, o CEO da Delta Airlines, <strong>Edward Bastian<\/strong>, informou que a empresa precisar\u00e1 se desfazer de sua fatia acion\u00e1ria de 9% da <a href=\"https:\/\/www.youtube.com\/watch?v=C2CKEmkT0c8\">Gol<\/a>. <span style=\"font-size: 1.1429rem;\">De acordo o executivo, a companhia brasileira \u00e9 uma &#8220;\u00f3tima parceira&#8221;, no entanto, &#8220;n\u00e3o tiveram escolha&#8221; pois a Latam &#8220;se apresentou&#8221;.\u00a0<\/span><\/p>\n<h2>Desemprego<\/h2>\n<p>A <a href=\"https:\/\/www.suno.com.br\/artigos\/indice-de-desemprego\/\">taxa de desemprego<\/a> do <strong>Brasil<\/strong> caiu novamente e ficou em 11,8% no trimestre encerrado em agosto, ap\u00f3s ficar em 12,3% no trimestre finalizado em maio.<\/p>\n<p><a href=\"https:\/\/www.suno.com.br\/noticias\/desemprego-cai-permanece-emprego-ibge\/\">Saiba mais: Desemprego cai para 11,8% com informalidade atingindo maior n\u00edvel desde 2016<\/a><\/p>\n<p>De acordo com informa\u00e7\u00f5es da Pesquisa Nacional por Amostra de Domic\u00edlios Cont\u00ednua (PNAD Cont\u00ednua), divulgada nesta sexta, pelo Instituto Brasileiro de Geografia e Estat\u00edstica (IBGE), a queda no <strong>desemprego<\/strong>\u00a0foi devido a entrada de 684 mil trabalhadores no mercado, totalizando 93,6 milh\u00f5es de ocupados.<\/p>\n\t<p>\n\t\t<a href=\"https:\/\/www.seculus.com.br\/blackfriday\" target=\"_blank\" data-element=\"shortcode-suno-banner\" title=\"Banner SUNO, clique e saiba mais\">\n\t\t\t<picture>\n\t\t\t\t<source media=\"(max-width: 500px)\" srcset=\"https:\/\/files.sunoresearch.com.br\/n\/uploads\/2023\/11\/seculus_suno_mobile_2.jpg\">\n\t\t\t\t<img class=\"newsContent__article__imgCapa newsContent__article__imgCapa--banner\"\n\t\t\t\t\tsrc=\"https:\/\/files.sunoresearch.com.br\/n\/uploads\/2023\/11\/seculus_suno_desktop_2.jpg\"\n\t\t\t\t\tdata-promo-id=\"474123\"\t\t\t\t\t\t\t\t\t\twidth='1420' height='240'\t\t\t\t\talt=\"https:\/\/files.sunoresearch.com.br\/n\/uploads\/2023\/11\/seculus_suno_desktop_2.jpg\"\n\t\t\t\t>\n\t\t\t<\/picture>\n\t\t<\/a>\n\t<\/p>\n\n\n<p>Trata-se do maior n\u00famero desde 2012. Entretanto, o aumento foi acompanhado por recordes no n\u00edveis de<strong> trabalhos informais<\/strong>.<\/p>\n<p>Segundo a pesquisa, dos 684 mil novos trabalhadores, 87,1% entraram no <a href=\"https:\/\/www.suno.com.br\/artigos\/mercado-de-trabalho\/\"><strong>mercado de trabalho<\/strong><\/a> pela via informal. Al\u00e9m disso, 41,4% da popula\u00e7\u00e3o ocupada se encontra na informalidade, a maior propor\u00e7\u00e3o da s\u00e9rie hist\u00f3rica que tem in\u00edcio em 2016.<\/p>\n<h2>IGP-M<\/h2>\n<p>A Funda\u00e7\u00e3o Get\u00falio Vargas (FGV) comunicou nesta sexta que o <a href=\"https:\/\/www.suno.com.br\/artigos\/igp-m\/\"><strong>\u00cdndice Geral de Pre\u00e7os &#8211; Mercado<\/strong> (IGP-M)<\/a> variou -0,01% em setembro. O \u00edndice acumula alta de 4,09% no ano e 3,37% nos \u00faltimos 12 meses. Esse percentual \u00e9 superior a agosto que a taxa registrou -0,67%.<\/p>\n<p><a href=\"https:\/\/www.suno.com.br\/noticias\/igp-m-aluguel-imovel-taxa-queda-fgv-setembro\/\">Saiba mais: IGP-M registra queda de 0,01% em setembro, diz FGV<\/a><\/p>\n<p>Em setembro do ano passado, o \u00edndice registrou 1,52% no m\u00eas e acumulava alta de 10,04% em 12 meses.\u00a0O<strong> IGP-M<\/strong> \u00e9 usado como refer\u00eancia para reajustar valores de<strong> contratos imobili\u00e1rios<\/strong>.<\/p>\n<h2>\u00daltima cota\u00e7\u00e3o do Ibovespa<\/h2>\n<p>Na \u00faltima sess\u00e3o, quinta-feira, o<a href=\"https:\/\/www.youtube.com\/watch?v=DiXuBKAW7yY&amp;t=1s\"><strong> Ibovespa<\/strong><\/a> encerrou o preg\u00e3o em alta de 0,8%\u00a0 a 105.319,40 pontos.<\/p>\n","protected":false},"excerpt":{"rendered":"<p>O Ibovespa fechou nesta sexta-feira (27) em baixa. O principal \u00edndice da Bolsa de Valores de\u00a0S\u00e3o Paulo (B3) teve queda de -0,23% a 105.077,633 pontos. Na semana, teve desempenho positivo de +0,27% Na \u00faltima sess\u00e3o, ter\u00e7a-feira (11), o Ibovespa encerrou em queda de 1,23%, a 102.174,398 pontos.\u00a0 O Ibovespa registrou baixa devido a v\u00e1rios fatores. [&hellip;]<\/p>\n","protected":false},"author":23,"featured_media":8123,"comment_status":"closed","ping_status":"closed","sticky":false,"template":"","format":"standard","meta":[],"categories":[60],"tags":[106932,2051,1296,489,721,1045,739,637],"suno_strategy":[],"class_list":["post-39178","post","type-post","status-publish","format-standard","has-post-thumbnail","hentry","category-mercado","tag-azul-azul4","tag-delta-airlines-deai34","tag-desemprego","tag-gol-linhas-aereas-goll11-goll4","tag-ibovespa","tag-igp-m","tag-latam","tag-smiles-smls3"],"yoast_head":"<!-- This site is optimized with the Yoast SEO plugin v24.4 - https:\/\/yoast.com\/wordpress\/plugins\/seo\/ -->\n<title>Ibovespa fecha em queda ap\u00f3s Delta comprar parte da LATAM<\/title>\n<meta name=\"description\" content=\"O Ibovespa fechou em baixa. O principal \u00edndice da Bolsa de Valores de\u00a0S\u00e3o Paulo teve queda de -0,23% a 105.077,633 pontos. Clique para mais.\" \/>\n<meta name=\"robots\" content=\"index, follow, max-snippet:-1, max-image-preview:large, max-video-preview:-1\" \/>\n<link rel=\"canonical\" href=\"https:\/\/www.suno.com.br\/noticias\/ibovespa-queda-delta-latam-27092019\/\" \/>\n<meta property=\"og:locale\" content=\"pt_BR\" \/>\n<meta property=\"og:type\" content=\"article\" \/>\n<meta property=\"og:title\" content=\"Ibovespa fecha em queda ap\u00f3s Delta comprar parte da LATAM\" \/>\n<meta property=\"og:description\" content=\"O Ibovespa fechou em baixa. O principal \u00edndice da Bolsa de Valores de\u00a0S\u00e3o Paulo teve queda de -0,23% a 105.077,633 pontos. Clique para mais.\" \/>\n<meta property=\"og:url\" content=\"https:\/\/www.suno.com.br\/noticias\/ibovespa-queda-delta-latam-27092019\/\" \/>\n<meta property=\"og:site_name\" content=\"Suno Not\u00edcias\" \/>\n<meta property=\"article:publisher\" content=\"https:\/\/facebook.com\/sunoresearch\" \/>\n<meta property=\"og:image\" content=\"https:\/\/files.sunoresearch.com.br\/n\/uploads\/2018\/12\/ab21ee1f-ibovespa2.jpg\" \/>\n\t<meta property=\"og:image:width\" content=\"1909\" \/>\n\t<meta property=\"og:image:height\" content=\"1250\" \/>\n\t<meta property=\"og:image:type\" content=\"image\/jpeg\" \/>\n<meta name=\"author\" content=\"Rafael Lara\" \/>\n<meta name=\"twitter:card\" content=\"summary_large_image\" \/>\n<meta name=\"twitter:creator\" content=\"@sunoresearch\" \/>\n<meta name=\"twitter:site\" content=\"@sunoresearch\" \/>\n<meta name=\"twitter:label1\" content=\"Escrito por\" \/>\n\t<meta name=\"twitter:data1\" content=\"Rafael Lara\" \/>\n\t<meta name=\"twitter:label2\" content=\"Est. tempo de leitura\" \/>\n\t<meta name=\"twitter:data2\" content=\"2 minutos\" \/>\n<script type=\"application\/ld+json\" class=\"yoast-schema-graph\">{\"@context\":\"https:\/\/schema.org\",\"@graph\":[{\"@type\":\"NewsArticle\",\"@id\":\"https:\/\/www.suno.com.br\/noticias\/ibovespa-queda-delta-latam-27092019\/#article\",\"isPartOf\":{\"@id\":\"https:\/\/www.suno.com.br\/noticias\/ibovespa-queda-delta-latam-27092019\/\"},\"author\":{\"name\":\"Rafael Lara\",\"@id\":\"https:\/\/www.suno.com.br\/noticias\/#\/schema\/person\/098743caeed97b37f51315c9576c4078\"},\"headline\":\"Ibovespa fecha em queda ap\u00f3s Delta comprar parte da LATAM\",\"datePublished\":\"2019-09-27T21:31:23+00:00\",\"mainEntityOfPage\":{\"@id\":\"https:\/\/www.suno.com.br\/noticias\/ibovespa-queda-delta-latam-27092019\/\"},\"wordCount\":503,\"publisher\":{\"@id\":\"https:\/\/www.suno.com.br\/noticias\/#organization\"},\"image\":{\"@id\":\"https:\/\/www.suno.com.br\/noticias\/ibovespa-queda-delta-latam-27092019\/#primaryimage\"},\"thumbnailUrl\":\"https:\/\/files.sunoresearch.com.br\/n\/uploads\/2018\/12\/ab21ee1f-ibovespa2-jpg.webp\",\"keywords\":[\"Azul (AZUL4)\",\"Delta Airlines (DEAI34)\",\"Desemprego\",\"Gol Linhas A\u00e9reas (GOLL11\/GOLL4)\",\"Ibovespa\",\"IGP-M\",\"Latam\",\"Smiles (SMLS3)\"],\"articleSection\":[\"Mercado\"],\"inLanguage\":\"pt-BR\"},{\"@type\":\"WebPage\",\"@id\":\"https:\/\/www.suno.com.br\/noticias\/ibovespa-queda-delta-latam-27092019\/\",\"url\":\"https:\/\/www.suno.com.br\/noticias\/ibovespa-queda-delta-latam-27092019\/\",\"name\":\"Ibovespa fecha em queda ap\u00f3s Delta comprar parte da LATAM\",\"isPartOf\":{\"@id\":\"https:\/\/www.suno.com.br\/noticias\/#website\"},\"primaryImageOfPage\":{\"@id\":\"https:\/\/www.suno.com.br\/noticias\/ibovespa-queda-delta-latam-27092019\/#primaryimage\"},\"image\":{\"@id\":\"https:\/\/www.suno.com.br\/noticias\/ibovespa-queda-delta-latam-27092019\/#primaryimage\"},\"thumbnailUrl\":\"https:\/\/files.sunoresearch.com.br\/n\/uploads\/2018\/12\/ab21ee1f-ibovespa2-jpg.webp\",\"datePublished\":\"2019-09-27T21:31:23+00:00\",\"description\":\"O Ibovespa fechou em baixa. O principal \u00edndice da Bolsa de Valores de\u00a0S\u00e3o Paulo teve queda de -0,23% a 105.077,633 pontos. Clique para mais.\",\"breadcrumb\":{\"@id\":\"https:\/\/www.suno.com.br\/noticias\/ibovespa-queda-delta-latam-27092019\/#breadcrumb\"},\"inLanguage\":\"pt-BR\",\"potentialAction\":[{\"@type\":\"ReadAction\",\"target\":[\"https:\/\/www.suno.com.br\/noticias\/ibovespa-queda-delta-latam-27092019\/\"]}]},{\"@type\":\"ImageObject\",\"inLanguage\":\"pt-BR\",\"@id\":\"https:\/\/www.suno.com.br\/noticias\/ibovespa-queda-delta-latam-27092019\/#primaryimage\",\"url\":\"https:\/\/files.sunoresearch.com.br\/n\/uploads\/2018\/12\/ab21ee1f-ibovespa2-jpg.webp\",\"contentUrl\":\"https:\/\/files.sunoresearch.com.br\/n\/uploads\/2018\/12\/ab21ee1f-ibovespa2-jpg.webp\",\"width\":1909,\"height\":1250,\"caption\":\"Na \u00faltima sess\u00e3o, ter\u00e7a-feira (11), o Ibovespa encerrou em queda de 1,23%, a 102.174,398 pontos.\u00a0\"},{\"@type\":\"BreadcrumbList\",\"@id\":\"https:\/\/www.suno.com.br\/noticias\/ibovespa-queda-delta-latam-27092019\/#breadcrumb\",\"itemListElement\":[{\"@type\":\"ListItem\",\"position\":1,\"name\":\"Not\u00edcias\",\"item\":\"https:\/\/www.suno.com.br\/noticias\/\"},{\"@type\":\"ListItem\",\"position\":2,\"name\":\"Mercado\",\"item\":\"https:\/\/www.suno.com.br\/noticias\/mercado\/\"},{\"@type\":\"ListItem\",\"position\":3,\"name\":\"Ibovespa fecha em queda ap\u00f3s Delta comprar parte da LATAM\"}]},{\"@type\":\"WebSite\",\"@id\":\"https:\/\/www.suno.com.br\/noticias\/#website\",\"url\":\"https:\/\/www.suno.com.br\/noticias\/\",\"name\":\"Suno Not\u00edcias\",\"description\":\"Seu portal de informa\u00e7\u00e3o sobre o mundo dos investimentos\",\"publisher\":{\"@id\":\"https:\/\/www.suno.com.br\/noticias\/#organization\"},\"potentialAction\":[{\"@type\":\"SearchAction\",\"target\":{\"@type\":\"EntryPoint\",\"urlTemplate\":\"https:\/\/www.suno.com.br\/noticias\/?s={search_term_string}\"},\"query-input\":{\"@type\":\"PropertyValueSpecification\",\"valueRequired\":true,\"valueName\":\"search_term_string\"}}],\"inLanguage\":\"pt-BR\"},{\"@type\":\"Organization\",\"@id\":\"https:\/\/www.suno.com.br\/noticias\/#organization\",\"name\":\"Suno Not\u00edcias\",\"url\":\"https:\/\/www.suno.com.br\/noticias\/\",\"logo\":{\"@type\":\"ImageObject\",\"inLanguage\":\"pt-BR\",\"@id\":\"https:\/\/www.suno.com.br\/noticias\/#\/schema\/logo\/image\/\",\"url\":\"https:\/\/files.sunoresearch.com.br\/n\/uploads\/2021\/09\/suno-logo.png\",\"contentUrl\":\"https:\/\/files.sunoresearch.com.br\/n\/uploads\/2021\/09\/suno-logo.png\",\"width\":180,\"height\":180,\"caption\":\"Suno Not\u00edcias\"},\"image\":{\"@id\":\"https:\/\/www.suno.com.br\/noticias\/#\/schema\/logo\/image\/\"},\"sameAs\":[\"https:\/\/facebook.com\/sunoresearch\",\"https:\/\/x.com\/sunoresearch\",\"https:\/\/www.instagram.com\/suno\",\"https:\/\/www.linkedin.com\/company\/suno-research\/\",\"https:\/\/www.youtube.com\/c\/sunoresearch\"]},{\"@type\":\"Person\",\"@id\":\"https:\/\/www.suno.com.br\/noticias\/#\/schema\/person\/098743caeed97b37f51315c9576c4078\",\"name\":\"Rafael Lara\",\"image\":{\"@type\":\"ImageObject\",\"inLanguage\":\"pt-BR\",\"@id\":\"https:\/\/www.suno.com.br\/noticias\/#\/schema\/person\/image\/\",\"url\":\"https:\/\/secure.gravatar.com\/avatar\/dfc254ab9bb2ea1895d98b9e9dae4bdd?s=96&r=g\",\"contentUrl\":\"https:\/\/secure.gravatar.com\/avatar\/dfc254ab9bb2ea1895d98b9e9dae4bdd?s=96&r=g\",\"caption\":\"Rafael Lara\"},\"description\":\"Rafael Lara cursa jornalismo na Faculdade C\u00e1sper L\u00edbero. Escreve sobre pol\u00edtica, economia e neg\u00f3cios para o portal Suno Not\u00edcias. Antes, colaborou na TV Gazeta na produ\u00e7\u00e3o do programa Edi\u00e7\u00e3o Extra.\",\"url\":\"https:\/\/www.suno.com.br\/noticias\/author\/rafael\/\"}]}<\/script>\n<!-- \/ Yoast SEO plugin. -->","yoast_head_json":{"title":"Ibovespa fecha em queda ap\u00f3s Delta comprar parte da LATAM","description":"O Ibovespa fechou em baixa. O principal \u00edndice da Bolsa de Valores de\u00a0S\u00e3o Paulo teve queda de -0,23% a 105.077,633 pontos. Clique para mais.","robots":{"index":"index","follow":"follow","max-snippet":"max-snippet:-1","max-image-preview":"max-image-preview:large","max-video-preview":"max-video-preview:-1"},"canonical":"https:\/\/www.suno.com.br\/noticias\/ibovespa-queda-delta-latam-27092019\/","og_locale":"pt_BR","og_type":"article","og_title":"Ibovespa fecha em queda ap\u00f3s Delta comprar parte da LATAM","og_description":"O Ibovespa fechou em baixa. O principal \u00edndice da Bolsa de Valores de\u00a0S\u00e3o Paulo teve queda de -0,23% a 105.077,633 pontos. Clique para mais.","og_url":"https:\/\/www.suno.com.br\/noticias\/ibovespa-queda-delta-latam-27092019\/","og_site_name":"Suno Not\u00edcias","article_publisher":"https:\/\/facebook.com\/sunoresearch","og_image":[{"width":1909,"height":1250,"url":"https:\/\/files.sunoresearch.com.br\/n\/uploads\/2018\/12\/ab21ee1f-ibovespa2.jpg","type":"image\/jpeg"}],"author":"Rafael Lara","twitter_card":"summary_large_image","twitter_creator":"@sunoresearch","twitter_site":"@sunoresearch","twitter_misc":{"Escrito por":"Rafael Lara","Est. tempo de leitura":"2 minutos"},"schema":{"@context":"https:\/\/schema.org","@graph":[{"@type":"NewsArticle","@id":"https:\/\/www.suno.com.br\/noticias\/ibovespa-queda-delta-latam-27092019\/#article","isPartOf":{"@id":"https:\/\/www.suno.com.br\/noticias\/ibovespa-queda-delta-latam-27092019\/"},"author":{"name":"Rafael Lara","@id":"https:\/\/www.suno.com.br\/noticias\/#\/schema\/person\/098743caeed97b37f51315c9576c4078"},"headline":"Ibovespa fecha em queda ap\u00f3s Delta comprar parte da LATAM","datePublished":"2019-09-27T21:31:23+00:00","mainEntityOfPage":{"@id":"https:\/\/www.suno.com.br\/noticias\/ibovespa-queda-delta-latam-27092019\/"},"wordCount":503,"publisher":{"@id":"https:\/\/www.suno.com.br\/noticias\/#organization"},"image":{"@id":"https:\/\/www.suno.com.br\/noticias\/ibovespa-queda-delta-latam-27092019\/#primaryimage"},"thumbnailUrl":"https:\/\/files.sunoresearch.com.br\/n\/uploads\/2018\/12\/ab21ee1f-ibovespa2-jpg.webp","keywords":["Azul (AZUL4)","Delta Airlines (DEAI34)","Desemprego","Gol Linhas A\u00e9reas (GOLL11\/GOLL4)","Ibovespa","IGP-M","Latam","Smiles (SMLS3)"],"articleSection":["Mercado"],"inLanguage":"pt-BR"},{"@type":"WebPage","@id":"https:\/\/www.suno.com.br\/noticias\/ibovespa-queda-delta-latam-27092019\/","url":"https:\/\/www.suno.com.br\/noticias\/ibovespa-queda-delta-latam-27092019\/","name":"Ibovespa fecha em queda ap\u00f3s Delta comprar parte da LATAM","isPartOf":{"@id":"https:\/\/www.suno.com.br\/noticias\/#website"},"primaryImageOfPage":{"@id":"https:\/\/www.suno.com.br\/noticias\/ibovespa-queda-delta-latam-27092019\/#primaryimage"},"image":{"@id":"https:\/\/www.suno.com.br\/noticias\/ibovespa-queda-delta-latam-27092019\/#primaryimage"},"thumbnailUrl":"https:\/\/files.sunoresearch.com.br\/n\/uploads\/2018\/12\/ab21ee1f-ibovespa2-jpg.webp","datePublished":"2019-09-27T21:31:23+00:00","description":"O Ibovespa fechou em baixa. O principal \u00edndice da Bolsa de Valores de\u00a0S\u00e3o Paulo teve queda de -0,23% a 105.077,633 pontos. Clique para mais.","breadcrumb":{"@id":"https:\/\/www.suno.com.br\/noticias\/ibovespa-queda-delta-latam-27092019\/#breadcrumb"},"inLanguage":"pt-BR","potentialAction":[{"@type":"ReadAction","target":["https:\/\/www.suno.com.br\/noticias\/ibovespa-queda-delta-latam-27092019\/"]}]},{"@type":"ImageObject","inLanguage":"pt-BR","@id":"https:\/\/www.suno.com.br\/noticias\/ibovespa-queda-delta-latam-27092019\/#primaryimage","url":"https:\/\/files.sunoresearch.com.br\/n\/uploads\/2018\/12\/ab21ee1f-ibovespa2-jpg.webp","contentUrl":"https:\/\/files.sunoresearch.com.br\/n\/uploads\/2018\/12\/ab21ee1f-ibovespa2-jpg.webp","width":1909,"height":1250,"caption":"Na \u00faltima sess\u00e3o, ter\u00e7a-feira (11), o Ibovespa encerrou em queda de 1,23%, a 102.174,398 pontos.\u00a0"},{"@type":"BreadcrumbList","@id":"https:\/\/www.suno.com.br\/noticias\/ibovespa-queda-delta-latam-27092019\/#breadcrumb","itemListElement":[{"@type":"ListItem","position":1,"name":"Not\u00edcias","item":"https:\/\/www.suno.com.br\/noticias\/"},{"@type":"ListItem","position":2,"name":"Mercado","item":"https:\/\/www.suno.com.br\/noticias\/mercado\/"},{"@type":"ListItem","position":3,"name":"Ibovespa fecha em queda ap\u00f3s Delta comprar parte da LATAM"}]},{"@type":"WebSite","@id":"https:\/\/www.suno.com.br\/noticias\/#website","url":"https:\/\/www.suno.com.br\/noticias\/","name":"Suno Not\u00edcias","description":"Seu portal de informa\u00e7\u00e3o sobre o mundo dos investimentos","publisher":{"@id":"https:\/\/www.suno.com.br\/noticias\/#organization"},"potentialAction":[{"@type":"SearchAction","target":{"@type":"EntryPoint","urlTemplate":"https:\/\/www.suno.com.br\/noticias\/?s={search_term_string}"},"query-input":{"@type":"PropertyValueSpecification","valueRequired":true,"valueName":"search_term_string"}}],"inLanguage":"pt-BR"},{"@type":"Organization","@id":"https:\/\/www.suno.com.br\/noticias\/#organization","name":"Suno Not\u00edcias","url":"https:\/\/www.suno.com.br\/noticias\/","logo":{"@type":"ImageObject","inLanguage":"pt-BR","@id":"https:\/\/www.suno.com.br\/noticias\/#\/schema\/logo\/image\/","url":"https:\/\/files.sunoresearch.com.br\/n\/uploads\/2021\/09\/suno-logo.png","contentUrl":"https:\/\/files.sunoresearch.com.br\/n\/uploads\/2021\/09\/suno-logo.png","width":180,"height":180,"caption":"Suno Not\u00edcias"},"image":{"@id":"https:\/\/www.suno.com.br\/noticias\/#\/schema\/logo\/image\/"},"sameAs":["https:\/\/facebook.com\/sunoresearch","https:\/\/x.com\/sunoresearch","https:\/\/www.instagram.com\/suno","https:\/\/www.linkedin.com\/company\/suno-research\/","https:\/\/www.youtube.com\/c\/sunoresearch"]},{"@type":"Person","@id":"https:\/\/www.suno.com.br\/noticias\/#\/schema\/person\/098743caeed97b37f51315c9576c4078","name":"Rafael Lara","image":{"@type":"ImageObject","inLanguage":"pt-BR","@id":"https:\/\/www.suno.com.br\/noticias\/#\/schema\/person\/image\/","url":"https:\/\/secure.gravatar.com\/avatar\/dfc254ab9bb2ea1895d98b9e9dae4bdd?s=96&r=g","contentUrl":"https:\/\/secure.gravatar.com\/avatar\/dfc254ab9bb2ea1895d98b9e9dae4bdd?s=96&r=g","caption":"Rafael Lara"},"description":"Rafael Lara cursa jornalismo na Faculdade C\u00e1sper L\u00edbero. Escreve sobre pol\u00edtica, economia e neg\u00f3cios para o portal Suno Not\u00edcias. Antes, colaborou na TV Gazeta na produ\u00e7\u00e3o do programa Edi\u00e7\u00e3o Extra.","url":"https:\/\/www.suno.com.br\/noticias\/author\/rafael\/"}]}},"default_loop_html":"<div class=\"cardsPage__listCard__boxs\"><div class=\"cardsPage__listCard__boxs__img\"><a href=\"https:\/\/www.suno.com.br\/noticias\/ibovespa-queda-delta-latam-27092019\/\"><img class=\"mask\" src=\"https:\/\/www.suno.com.br\/noticias\/wp-content\/themes\/suno\/resources\/images\/spotlight\/spotlight1img\/bg-mask.png\" alt=\"Image Mask\"\/><img src=\"https:\/\/files.sunoresearch.com.br\/n\/uploads\/2018\/12\/ab21ee1f-ibovespa2-400x200.webp\" alt=\"Ibovespa fecha em queda ap\u00f3s Delta comprar parte da LATAM\"\/><\/a><span class=\"spotlightCategory\"><a href=\"https:\/\/www.suno.com.br\/noticias\/mercado\/\">Mercado<\/a><\/span><\/div><div class=\"cardsPage__listCard__boxs__content\"><a href=\"https:\/\/www.suno.com.br\/noticias\/ibovespa-queda-delta-latam-27092019\/\"><h2 class=\"content__title\">Ibovespa fecha em queda ap\u00f3s Delta comprar parte da LATAM<\/h2><\/a><div class=\"newsContent__article__meta\"><div class=\"newsContent__article__meta__authorBox\"><a href=\"https:\/\/www.suno.com.br\/noticias\/author\/rafael\/\" class=\"authorBox__avatar noMobi\"><img src=\"https:\/\/secure.gravatar.com\/avatar\/dfc254ab9bb2ea1895d98b9e9dae4bdd?s=96&#038;r=g\" alt=\"Rafael Lara\"><\/a><div class=\"authorBox__name\"><span>por\n\t\t\t<a href=\"https:\/\/www.suno.com.br\/noticias\/author\/rafael\/\"><span itemprop=\"author\">Rafael Lara<\/span><\/a><\/span><time datetime=\"2019-09-27T18:31:23-03:00\" itemprop=\"datePublished\">27\/09\/2019 18:31<\/time><\/div><\/div><\/div><\/div><\/div>","single_layout":"posts","amp_enabled":true,"_links":{"self":[{"href":"https:\/\/www.suno.com.br\/noticias\/wp-json\/wp\/v2\/posts\/39178"}],"collection":[{"href":"https:\/\/www.suno.com.br\/noticias\/wp-json\/wp\/v2\/posts"}],"about":[{"href":"https:\/\/www.suno.com.br\/noticias\/wp-json\/wp\/v2\/types\/post"}],"author":[{"embeddable":true,"href":"https:\/\/www.suno.com.br\/noticias\/wp-json\/wp\/v2\/users\/23"}],"replies":[{"embeddable":true,"href":"https:\/\/www.suno.com.br\/noticias\/wp-json\/wp\/v2\/comments?post=39178"}],"version-history":[{"count":0,"href":"https:\/\/www.suno.com.br\/noticias\/wp-json\/wp\/v2\/posts\/39178\/revisions"}],"wp:featuredmedia":[{"embeddable":true,"href":"https:\/\/www.suno.com.br\/noticias\/wp-json\/wp\/v2\/media\/8123"}],"wp:attachment":[{"href":"https:\/\/www.suno.com.br\/noticias\/wp-json\/wp\/v2\/media?parent=39178"}],"wp:term":[{"taxonomy":"category","embeddable":true,"href":"https:\/\/www.suno.com.br\/noticias\/wp-json\/wp\/v2\/categories?post=39178"},{"taxonomy":"post_tag","embeddable":true,"href":"https:\/\/www.suno.com.br\/noticias\/wp-json\/wp\/v2\/tags?post=39178"},{"taxonomy":"suno_strategy","embeddable":true,"href":"https:\/\/www.suno.com.br\/noticias\/wp-json\/wp\/v2\/suno_strategy?post=39178"}],"curies":[{"name":"wp","href":"https:\/\/api.w.org\/{rel}","templated":true}]}}