{"id":391703,"date":"2023-04-19T11:11:14","date_gmt":"2023-04-19T14:11:14","guid":{"rendered":"https:\/\/www.suno.com.br\/noticias\/?p=391703"},"modified":"2023-04-26T07:50:59","modified_gmt":"2023-04-26T10:50:59","slug":"agenda-mercado-arcabouco-vale-2","status":"publish","type":"post","link":"https:\/\/www.suno.com.br\/noticias\/agenda-mercado-arcabouco-vale-2\/","title":{"rendered":"Arcabou\u00e7o fiscal, Vale (VALE3) e mais: veja a agenda que deve movimentar o mercado hoje"},"content":{"rendered":"<p>O mercado desta quarta-feira (19) continuar\u00e1 a repercutir a proposta apresentada pelo novo <strong>arcabou\u00e7o fiscal<\/strong> ao Congresso. Ainda ontem, d\u00f3lar e <a class=\"suno-keyword\" target=\"_blank\" data-force=\"no\" data-priority=\"3\" href=\"https:\/\/www.suno.com.br\/guias\/bolsa-de-valores\/\" rel=\"noopener\">bolsa de valores<\/a> fecharam em alta. J\u00e1 no preg\u00e3o de hoje, o Ibovespa abriu em queda, tamb\u00e9m puxado pelas bolsas internacionais, e o d\u00f3lar voltou a operar no patamar de R$ 5.&nbsp;<\/p><div class=\"videoFull \">\n\t\t\t<div class=\"videoWrapper yt-lazyload center\"\n\t\t\t\tdata-width=\"960\"\n\t\t\t\tdata-height=\"540\"\n\t\t\t\tdata-id=\"E8Zw5PGJIf0\"\n\t\t\t\tdata-alt=\"V\u00eddeo do YouTube - clique para reproduzir\"\n\t\t\t\tdata-logo=\"3\"\n\t\t\t\tdata-imagequality=\"maxres\">\n\t\t\t<\/div>\n\t\t<\/div><script type=\"application\/ld+json\">{\"@context\":\"https:\/\/schema.org\",\"@type\":\"VideoObject\",\"name\":\"ARCABOU\u00c7O FISCAL: GOVERNO APRESENTA TEXTO AO CONGRESSO | Lula recua | 3R (RRRP3) na mira da CVM\",\"description\":\"#lula #haddad #pol\u00edtica #arcabou\u00e7ofiscal #rrrp3 #mercadofinanceiro #investimentos #bolsadevalores #ibovespa #d\u00f3lar #livedas19h \u23f1\u1d0d\u026a\u0274\u1d1c\u1d1b\u1d00\u0262\u1d07\u1d0d 00:00 Abertura 03:22 Governo Lula apresenta texto do arcabou\u00e7o fiscal; entenda a proposta 09:45 O que est\u00e1 fora do teto de gastos? 11:38 O que o arcabou\u00e7o fiscal importa do ponto de vista dos investimentos? 14:39 Governo recua e mant\u00e9m isen\u00e7\u00e3o de US$\u2026\",\"duration\":\"PT36M16S\",\"embedUrl\":\"https:\/\/www.youtube.com\/embed\/E8Zw5PGJIf0\",\"regionsAllowed\":\"pt-BR\",\"interactionStatistic\":{\"@type\":\"InteractionCounter\",\"interactionType\":{\"@type\":\"WatchAction\"},\"userInteractionCount\":2896},\"thumbnailUrl\":\"https:\/\/i.ytimg.com\/vi\/E8Zw5PGJIf0\/default.jpg\",\"uploadDate\":\"2023-04-18T22:44:48Z\"}<\/script>\n\n\n\n\n\t<p>\n\t\t<a href=\"https:\/\/lp.suno.com.br\/planilha-da-vida-financeira\/\" target=\"_blank\" data-element=\"shortcode-suno-banner\" title=\"Banner SUNO, clique e saiba mais\">\n\t\t\t<picture>\n\t\t\t\t<source media=\"(max-width: 500px)\" srcset=\"https:\/\/files.sunoresearch.com.br\/n\/uploads\/2023\/04\/400x300-Planilha-vida-financeira-true.png\">\n\t\t\t\t<img class=\"newsContent__article__imgCapa newsContent__article__imgCapa--banner\"\n\t\t\t\t\tsrc=\"https:\/\/files.sunoresearch.com.br\/n\/uploads\/2023\/04\/1420x240-Planilha-vida-financeira-true.png\"\n\t\t\t\t\tdata-promo-id=\"106682\"\t\t\t\t\t\t\t\t\t\twidth='1420' height='240'\t\t\t\t\talt=\"https:\/\/files.sunoresearch.com.br\/n\/uploads\/2023\/04\/1420x240-Planilha-vida-financeira-true.png\"\n\t\t\t\t>\n\t\t\t<\/picture>\n\t\t<\/a>\n\t<\/p>\n\n\n\n\n\n\n\n<p>Al\u00e9m disso, a <strong>Vale (VALE3)<\/strong> tamb\u00e9m est\u00e1 na lupa dos investidores hoje. Ontem, ap\u00f3s o <a class=\"suno-keyword\" target=\"_blank\" data-force=\"no\" data-priority=\"1\" href=\"https:\/\/www.suno.com.br\/artigos\/fechamento-do-mercado\/\" rel=\"noopener\">fechamento do mercado<\/a>, a empresa informou que registrou uma alta de 5,8% na sua <strong>produ\u00e7\u00e3o de min\u00e9rio de ferro<\/strong>, comparado com o mesmo per\u00edodo no ano passado. Totalizando 66,774 milh\u00f5es de toneladas no primeiro trimestre de 2023 (1T23), o volume ainda \u00e9 um recuo de 17,4% se comparado ao&nbsp; trimestre anterior (4T22).&nbsp;&nbsp;<\/p>\n\n\n\n<p>Nos mercados globais, a manh\u00e3 desta quarta-feira foi de baixa nos neg\u00f3cios. Enquanto isso, aguarda-se o balan\u00e7o de Morgan Stanley (<a class=\"suno-keyword\" target=\"_blank\" data-force=\"yes\" data-priority=\"2\" href=\"https:\/\/www.suno.com.br\/bdrs\/msbr34\/\" rel=\"noopener\">MSBR34<\/a>), <strong>Tesla (<a class=\"suno-keyword\" target=\"_blank\" data-force=\"yes\" data-priority=\"2\" href=\"https:\/\/www.suno.com.br\/bdrs\/tsla34\/\" rel=\"noopener\">TSLA34<\/a>)<\/strong> e outras empresas americanas. Na China, algumas decis\u00f5es relacionadas a pol\u00edticas monet\u00e1rias tamb\u00e9m s\u00e3o aguardadas.<\/p>\n\n\n\n<p>Confira a seguir tudo o vai rolar nesta quarta-feira:<\/p>\n\n\n\n<h2 class=\"wp-block-heading\">Proposta do arcabou\u00e7o entregue. E agora?<\/h2>\n\n\n\n<p>O mercado ansiava pelo momento da apresenta\u00e7\u00e3o da nova proposta do arcabou\u00e7o fiscal como substitui\u00e7\u00e3o do antigo <a class=\"suno-keyword\" target=\"_blank\" data-force=\"no\" data-priority=\"1\" href=\"https:\/\/www.suno.com.br\/artigos\/teto-de-gastos\/\" rel=\"noopener\">teto de gastos<\/a>.<\/p>\n\n\n\n<p>Ap\u00f3s o presidente Luiz In\u00e1cio Lula da Silva (PT) ter oficialmente entregue ao Congresso Nacional a proposta, os mercados est\u00e3o avaliando as min\u00facias do arcabou\u00e7o. Investidores e especialistas agora calculam o risco do governo ter constru\u00eddo uma regra fiscal que abre espa\u00e7o para mais gastos, sem a garantia das receitas necess\u00e1rias. O mercado ainda est\u00e1 apresentando <strong>rea\u00e7\u00f5es mistas<\/strong> a isso.&nbsp;<\/p>\n\n\n\n<h2 class=\"wp-block-heading\">Agenda brasileira<\/h2>\n\n\n\n<p>Na agenda do Brasil, o Banco Central (BC) tamb\u00e9m deve apresentar o resultado do <strong>fluxo cambial <\/strong>da semana no in\u00edcio da tarde, \u00e0s 14h30. Esse indicador refere-se ao capital direcionado ao Brasil por investidores estrangeiros, essenciais para mercados emergentes e em desenvolvimento.<\/p>\n\n\n\n<p>Al\u00e9m disso, \u00e9 esperado que o presidente Lula em breve confirme sua participa\u00e7\u00e3o da <strong>C\u00fapula do G7<\/strong>, grupo que re\u00fane os pa\u00edses mais industrializados do mundo. Convidado pelo \u201canfitri\u00e3o\u201d do evento, o primeiro-ministro do Jap\u00e3o, Fumio Kishida, o encontro \u00e9 um momento para Lula entrar em contato com l\u00edderes ocidentais e acontece entre 19 e 21 de maio.<\/p>\n\n\n\n<h2 class=\"wp-block-heading\">Mudan\u00e7a no cr\u00e9dito<\/h2>\n\n\n\n<p>Pela manh\u00e3, o ministro da Fazenda, Fernando Haddad, chegou a dizer que seriam anunciadas novas medidas na \u00e1rea de cr\u00e9dito. Mas o <a class=\"suno-keyword\" target=\"_blank\" data-force=\"no\" data-priority=\"2\" href=\"https:\/\/www.suno.com.br\/artigos\/ministerio-da-fazenda\/\" rel=\"noopener\">Minist\u00e9rio da Fazenda<\/a> enviou nota negando que teria entrevista sobre o assunto hoje. Na \u00faltima segunda-feira, 17, ele j\u00e1 havia mencionado que a sua equipe elaborou 14 medidas no setor.&nbsp;<\/p>\n\n\n\n<h2 class=\"wp-block-heading\">\u00cdndices do dia no Brasil<\/h2>\n\n\n\n<p>A FGV divulgou agora pela manh\u00e3 o <strong>IGP-M<\/strong>, ou \u201cinfla\u00e7\u00e3o do aluguel\u201d do 2\u00ba dec\u00eandio de abril. O \u00edndice apresentou uma defla\u00e7\u00e3o de 0,66%, ap\u00f3s uma alta de +0,11% no m\u00eas de mar\u00e7o.&nbsp;<\/p>\n\n\n\t<p>\n\t\t<a href=\"https:\/\/lp.suno.com.br\/ebook-como-analisar-uma-acao\/\" target=\"_blank\" data-element=\"shortcode-suno-banner\" title=\"Banner SUNO, clique e saiba mais\">\n\t\t\t<picture>\n\t\t\t\t<source media=\"(max-width: 500px)\" srcset=\"https:\/\/files.sunoresearch.com.br\/n\/uploads\/2023\/03\/Ebook-Acoes-Mobile.jpg\">\n\t\t\t\t<img class=\"newsContent__article__imgCapa newsContent__article__imgCapa--banner\"\n\t\t\t\t\tsrc=\"https:\/\/files.sunoresearch.com.br\/n\/uploads\/2023\/03\/Ebook-Acoes-Desktop.jpg\"\n\t\t\t\t\tdata-promo-id=\"378302\"\t\t\t\t\t\t\t\t\t\twidth='1420' height='286'\t\t\t\t\talt=\"https:\/\/files.sunoresearch.com.br\/n\/uploads\/2023\/03\/Ebook-Acoes-Desktop.jpg\"\n\t\t\t\t>\n\t\t\t<\/picture>\n\t\t<\/a>\n\t<\/p>\n\n\n\n\n\n<p>O IBGE tamb\u00e9m registrou uma queda de 0,2% na produ\u00e7\u00e3o industrial de fevereiro deste ano ante janeiro. Em compara\u00e7\u00e3o com o mesmo per\u00edodo do ano passado, a ind\u00fastria caiu 2,4%, e ao todo acumula uma queda de 0,6%.<\/p>\n\n\n\n<h2 class=\"wp-block-heading\">Divulga\u00e7\u00e3o do Livro Bege<\/h2>\n\n\n\n<p>N\u00e3o \u00e9 s\u00f3 no Brasil que as apresenta\u00e7\u00f5es est\u00e3o causando ansiedade nos investidores. Nos EUA, o <strong>Livro Bege<\/strong> \u00e9 aguardado com as atualiza\u00e7\u00f5es da situa\u00e7\u00e3o econ\u00f4mica norte-americana. Os \u00edndices futuros dos Estados Unidos come\u00e7aram a manh\u00e3 registrando uma queda ainda no aguardo dos resultados. O <strong>Federal Reserve (Fed)<\/strong> por enquanto aposta em uma eleva\u00e7\u00e3o de 0,25 ponto percentual na <a class=\"suno-keyword\" target=\"_blank\" data-force=\"no\" data-priority=\"2\" href=\"https:\/\/www.suno.com.br\/artigos\/juros\/\" rel=\"noopener\">taxa de juros<\/a>.<\/p>\n\n\n\n<p>Al\u00e9m disso, tamb\u00e9m \u00e9 aguardado a divulga\u00e7\u00e3o dos estoques de petr\u00f3leo da semana anterior, por parte do Departamento de Energia (DoE).&nbsp;<\/p>\n\n\n\n<h2 class=\"wp-block-heading\">Resultados de companhias americanas<\/h2>\n\n\n\n<p>Os <a class=\"suno-keyword\" target=\"_blank\" data-force=\"no\" data-priority=\"1\" href=\"https:\/\/www.suno.com.br\/artigos\/resultados-trimestrais\/\" rel=\"noopener\">resultados trimestrais<\/a> das companhias seguem no radar dos investidores. Ap\u00f3s o resultado da <strong>Netflix (NFLX34)<\/strong> ontem, que decepcionou o mercado e teve uma queda de 10% no after market, as expectativas agora est\u00e3o sobre o&nbsp; Morgan Stanley (<a class=\"suno-keyword\" target=\"_blank\" data-force=\"yes\" data-priority=\"2\" href=\"https:\/\/www.suno.com.br\/bdrs\/msbr34\/\" rel=\"noopener\">MSBR34<\/a>), que deve anunciar os resultados antes da abertura das <a class=\"suno-keyword\" target=\"_blank\" data-force=\"no\" data-priority=\"1\" href=\"https:\/\/www.suno.com.br\/artigos\/bolsas-americanas\/\" rel=\"noopener\">bolsas americanas<\/a>.&nbsp;<\/p>\n\n\n\n<p>Ap\u00f3s o fechamento, Tesla (<a class=\"suno-keyword\" target=\"_blank\" data-force=\"yes\" data-priority=\"2\" href=\"https:\/\/www.suno.com.br\/bdrs\/tsla34\/\" rel=\"noopener\">TSLA34<\/a>), Alcoa (AALC34) e IBM (<a class=\"suno-keyword\" target=\"_blank\" data-force=\"yes\" data-priority=\"2\" href=\"https:\/\/www.suno.com.br\/bdrs\/ibmb34\/\" rel=\"noopener\">IBMB34<\/a>) tamb\u00e9m ir\u00e3o divulgar seus balan\u00e7os do 1T23.&nbsp;<\/p>\n\n\n\n<h2 class=\"wp-block-heading\">Bacen do Reino Unido<\/h2>\n\n\n\n<p>Ainda nesta quarta-feira, o presidente do BC, Roberto Campos Neto, ter\u00e1 uma reuni\u00e3o com investidores organizada pelo European Economics &amp; Financial Centre (EEFC), em Londres (11h).&nbsp;<\/p>\n\n\n\n<h2 class=\"wp-block-heading\">Queda da infla\u00e7\u00e3o europeia<\/h2>\n\n\n\n<p>A <a class=\"suno-keyword\" target=\"_blank\" data-force=\"no\" data-priority=\"1\" href=\"https:\/\/www.suno.com.br\/artigos\/zona-do-euro\/\" rel=\"noopener\">Zona do Euro<\/a> confirmou hoje as proje\u00e7\u00f5es, como mostrou o \u00edndice de infla\u00e7\u00e3o ao consumidor (CPI, da sigla em ingl\u00eas). O crescimento de 0,9% em mar\u00e7o \u00e9 um sinal de desacelera\u00e7\u00e3o na <a class=\"suno-keyword\" target=\"_blank\" data-force=\"no\" data-priority=\"1\" href=\"https:\/\/www.suno.com.br\/artigos\/inflacao-acumulada\/\" rel=\"noopener\">infla\u00e7\u00e3o acumulada<\/a> nos \u00faltimos 12 meses, indo de 8,5% para 6,9% em um m\u00eas. Os dados s\u00e3o do Eurostat, o escrit\u00f3rio de estat\u00edsticas da Uni\u00e3o Europeia.&nbsp;<\/p>\n\n\n\n<h2 class=\"wp-block-heading\">Empr\u00e9stimos na China<\/h2>\n\n\n\n<p>Para fechar o dia, o <strong>BC chin\u00eas<\/strong> deve anunciar ao final do dia o juros das loan prime rates (LPRs) de 1 a 5 anos. Esse indicador \u00e9 usado pelos bancos chineses na hora de fazer empr\u00e9stimos e serve como m\u00e9dia para taxa\u00e7\u00e3o de demais empr\u00e9stimos no pa\u00eds.&nbsp;<\/p>\n\n\n\n<h2 class=\"wp-block-heading\">Semana do Agroneg\u00f3cio<\/h2>\n\n\n\n<p>Ao longo de toda essa semana, o Suno Not\u00edcias est\u00e1 promovendo a <strong>Semana do Agroneg\u00f3cio<\/strong>.&nbsp;<\/p>\n\n\n\n<p>Com o apoio da Suno Asset, AZ Quest e da Fator ORE, gestora do <a class=\"suno-keyword\" target=\"_blank\" data-force=\"no\" data-priority=\"2\" href=\"https:\/\/www.suno.com.br\/guias\/fiagro\/\" rel=\"noopener\">fiagro<\/a> Ourinvest Innovation Fiagro Imobili\u00e1rio Unica (OIAG11), os investidores podem aprender mais sobre as vantagens e como investir no agroneg\u00f3cio brasileiro.&nbsp;<\/p>\n\n\n\n<p>Acompanhe mais sobre a semana de agro do Suno Not\u00edcias <a href=\"https:\/\/www.suno.com.br\/noticias\/tags\/agronegocio\/\">neste link<\/a>.<\/p>\n\n\n\t<p>\n\t\t<a href=\"https:\/\/lp.suno.com.br\/plataforma-de-controle-de-investimentos\/\" target=\"_blank\" data-element=\"shortcode-suno-banner\" title=\"Banner SUNO, clique e saiba mais\">\n\t\t\t<picture>\n\t\t\t\t<source media=\"(max-width: 500px)\" srcset=\"https:\/\/files.sunoresearch.com.br\/n\/uploads\/2023\/03\/400x300-Controle-de-Investimentos.png\">\n\t\t\t\t<img class=\"newsContent__article__imgCapa newsContent__article__imgCapa--banner\"\n\t\t\t\t\tsrc=\"https:\/\/files.sunoresearch.com.br\/n\/uploads\/2023\/03\/1420x240-Controle-de-Investimentos.png\"\n\t\t\t\t\tdata-promo-id=\"383162\"\t\t\t\t\t\t\t\t\t\twidth='1420' height='240'\t\t\t\t\talt=\"https:\/\/files.sunoresearch.com.br\/n\/uploads\/2023\/03\/1420x240-Controle-de-Investimentos.png\"\n\t\t\t\t>\n\t\t\t<\/picture>\n\t\t<\/a>\n\t<\/p>\n\n\n","protected":false},"excerpt":{"rendered":"<p>O mercado desta quarta-feira (19) continuar\u00e1 a repercutir a proposta apresentada pelo novo arcabou\u00e7o fiscal ao Congresso. Ainda ontem, d\u00f3lar e bolsa de valores fecharam em alta. J\u00e1 no preg\u00e3o de hoje, o Ibovespa abriu em queda, tamb\u00e9m puxado pelas bolsas internacionais, e o d\u00f3lar voltou a operar no patamar de R$ 5.&nbsp; Al\u00e9m disso, [&hellip;]<\/p>\n","protected":false},"author":283,"featured_media":382115,"comment_status":"closed","ping_status":"closed","sticky":false,"template":"","format":"standard","meta":[],"categories":[60],"tags":[1980,721,676],"suno_strategy":[],"class_list":["post-391703","post","type-post","status-publish","format-standard","has-post-thumbnail","hentry","category-mercado","tag-agenda-do-dia","tag-ibovespa","tag-vale-vale3"],"yoast_head":"<!-- This site is optimized with the Yoast SEO plugin v24.4 - https:\/\/yoast.com\/wordpress\/plugins\/seo\/ -->\n<title>Arcabou\u00e7o fiscal, Vale (VALE3) e mais: veja agenda que deve movimentar o mercado<\/title>\n<meta name=\"description\" content=\"O mercado desta quarta-feira (19) continuar\u00e1 a repercutir a proposta apresentada pelo novo arcabou\u00e7o fiscal ao Congresso. Veja mais eventos de hoje\" \/>\n<meta name=\"robots\" content=\"index, follow, max-snippet:-1, max-image-preview:large, max-video-preview:-1\" \/>\n<link rel=\"canonical\" href=\"https:\/\/www.suno.com.br\/noticias\/agenda-mercado-arcabouco-vale-2\/\" \/>\n<meta property=\"og:locale\" content=\"pt_BR\" \/>\n<meta property=\"og:type\" content=\"article\" \/>\n<meta property=\"og:title\" content=\"Arcabou\u00e7o fiscal, Vale (VALE3) e mais: veja agenda que deve movimentar o mercado\" \/>\n<meta property=\"og:description\" content=\"O mercado desta quarta-feira (19) continuar\u00e1 a repercutir a proposta apresentada pelo novo arcabou\u00e7o fiscal ao Congresso. Veja mais eventos de hoje\" \/>\n<meta property=\"og:url\" content=\"https:\/\/www.suno.com.br\/noticias\/agenda-mercado-arcabouco-vale-2\/\" \/>\n<meta property=\"og:site_name\" content=\"Suno Not\u00edcias\" \/>\n<meta property=\"article:publisher\" content=\"https:\/\/facebook.com\/sunoresearch\" \/>\n<meta property=\"og:image\" content=\"https:\/\/files.sunoresearch.com.br\/n\/uploads\/2023\/03\/fernando-haddad-arcabouco-fiscal-foto-jose-cruz-agencia-brasil.jpg\" \/>\n\t<meta property=\"og:image:width\" content=\"1200\" \/>\n\t<meta property=\"og:image:height\" content=\"675\" \/>\n\t<meta property=\"og:image:type\" content=\"image\/jpeg\" \/>\n<meta name=\"author\" content=\"Camila Paim\" \/>\n<meta name=\"twitter:card\" content=\"summary_large_image\" \/>\n<meta name=\"twitter:creator\" content=\"@sunoresearch\" \/>\n<meta name=\"twitter:site\" content=\"@sunoresearch\" \/>\n<meta name=\"twitter:label1\" content=\"Escrito por\" \/>\n\t<meta name=\"twitter:data1\" content=\"Camila Paim\" \/>\n\t<meta name=\"twitter:label2\" content=\"Est. tempo de leitura\" \/>\n\t<meta name=\"twitter:data2\" content=\"5 minutos\" \/>\n<script type=\"application\/ld+json\" class=\"yoast-schema-graph\">{\"@context\":\"https:\/\/schema.org\",\"@graph\":[{\"@type\":\"NewsArticle\",\"@id\":\"https:\/\/www.suno.com.br\/noticias\/agenda-mercado-arcabouco-vale-2\/#article\",\"isPartOf\":{\"@id\":\"https:\/\/www.suno.com.br\/noticias\/agenda-mercado-arcabouco-vale-2\/\"},\"author\":{\"name\":\"Camila Paim\",\"@id\":\"https:\/\/www.suno.com.br\/noticias\/#\/schema\/person\/f341d3ae5d1cc685176c9a5327cdfdbb\"},\"headline\":\"Arcabou\u00e7o fiscal, Vale (VALE3) e mais: veja a agenda que deve movimentar o mercado hoje\",\"datePublished\":\"2023-04-19T14:11:14+00:00\",\"dateModified\":\"2023-04-26T10:50:59+00:00\",\"mainEntityOfPage\":{\"@id\":\"https:\/\/www.suno.com.br\/noticias\/agenda-mercado-arcabouco-vale-2\/\"},\"wordCount\":964,\"publisher\":{\"@id\":\"https:\/\/www.suno.com.br\/noticias\/#organization\"},\"image\":{\"@id\":\"https:\/\/www.suno.com.br\/noticias\/agenda-mercado-arcabouco-vale-2\/#primaryimage\"},\"thumbnailUrl\":\"https:\/\/files.sunoresearch.com.br\/n\/uploads\/2023\/03\/fernando-haddad-arcabouco-fiscal-foto-jose-cruz-agencia-brasil.jpg\",\"keywords\":[\"agenda do dia\",\"Ibovespa\",\"Vale (VALE3)\"],\"articleSection\":[\"Mercado\"],\"inLanguage\":\"pt-BR\"},{\"@type\":\"WebPage\",\"@id\":\"https:\/\/www.suno.com.br\/noticias\/agenda-mercado-arcabouco-vale-2\/\",\"url\":\"https:\/\/www.suno.com.br\/noticias\/agenda-mercado-arcabouco-vale-2\/\",\"name\":\"Arcabou\u00e7o fiscal, Vale (VALE3) e mais: veja agenda que deve movimentar o mercado\",\"isPartOf\":{\"@id\":\"https:\/\/www.suno.com.br\/noticias\/#website\"},\"primaryImageOfPage\":{\"@id\":\"https:\/\/www.suno.com.br\/noticias\/agenda-mercado-arcabouco-vale-2\/#primaryimage\"},\"image\":{\"@id\":\"https:\/\/www.suno.com.br\/noticias\/agenda-mercado-arcabouco-vale-2\/#primaryimage\"},\"thumbnailUrl\":\"https:\/\/files.sunoresearch.com.br\/n\/uploads\/2023\/03\/fernando-haddad-arcabouco-fiscal-foto-jose-cruz-agencia-brasil.jpg\",\"datePublished\":\"2023-04-19T14:11:14+00:00\",\"dateModified\":\"2023-04-26T10:50:59+00:00\",\"description\":\"O mercado desta quarta-feira (19) continuar\u00e1 a repercutir a proposta apresentada pelo novo arcabou\u00e7o fiscal ao Congresso. Veja mais eventos de hoje\",\"breadcrumb\":{\"@id\":\"https:\/\/www.suno.com.br\/noticias\/agenda-mercado-arcabouco-vale-2\/#breadcrumb\"},\"inLanguage\":\"pt-BR\",\"potentialAction\":[{\"@type\":\"ReadAction\",\"target\":[\"https:\/\/www.suno.com.br\/noticias\/agenda-mercado-arcabouco-vale-2\/\"]}]},{\"@type\":\"ImageObject\",\"inLanguage\":\"pt-BR\",\"@id\":\"https:\/\/www.suno.com.br\/noticias\/agenda-mercado-arcabouco-vale-2\/#primaryimage\",\"url\":\"https:\/\/files.sunoresearch.com.br\/n\/uploads\/2023\/03\/fernando-haddad-arcabouco-fiscal-foto-jose-cruz-agencia-brasil.jpg\",\"contentUrl\":\"https:\/\/files.sunoresearch.com.br\/n\/uploads\/2023\/03\/fernando-haddad-arcabouco-fiscal-foto-jose-cruz-agencia-brasil.jpg\",\"width\":1200,\"height\":675,\"caption\":\"Fernando Haddad, ministro da Fazenda. Foto: Jos\u00e9 Cruz\/Ag\u00eancia Brasil\"},{\"@type\":\"BreadcrumbList\",\"@id\":\"https:\/\/www.suno.com.br\/noticias\/agenda-mercado-arcabouco-vale-2\/#breadcrumb\",\"itemListElement\":[{\"@type\":\"ListItem\",\"position\":1,\"name\":\"Not\u00edcias\",\"item\":\"https:\/\/www.suno.com.br\/noticias\/\"},{\"@type\":\"ListItem\",\"position\":2,\"name\":\"Mercado\",\"item\":\"https:\/\/www.suno.com.br\/noticias\/mercado\/\"},{\"@type\":\"ListItem\",\"position\":3,\"name\":\"Arcabou\u00e7o fiscal, Vale (VALE3) e mais: veja a agenda que deve movimentar o mercado hoje\"}]},{\"@type\":\"WebSite\",\"@id\":\"https:\/\/www.suno.com.br\/noticias\/#website\",\"url\":\"https:\/\/www.suno.com.br\/noticias\/\",\"name\":\"Suno Not\u00edcias\",\"description\":\"Seu portal de informa\u00e7\u00e3o sobre o mundo dos investimentos\",\"publisher\":{\"@id\":\"https:\/\/www.suno.com.br\/noticias\/#organization\"},\"potentialAction\":[{\"@type\":\"SearchAction\",\"target\":{\"@type\":\"EntryPoint\",\"urlTemplate\":\"https:\/\/www.suno.com.br\/noticias\/?s={search_term_string}\"},\"query-input\":{\"@type\":\"PropertyValueSpecification\",\"valueRequired\":true,\"valueName\":\"search_term_string\"}}],\"inLanguage\":\"pt-BR\"},{\"@type\":\"Organization\",\"@id\":\"https:\/\/www.suno.com.br\/noticias\/#organization\",\"name\":\"Suno Not\u00edcias\",\"url\":\"https:\/\/www.suno.com.br\/noticias\/\",\"logo\":{\"@type\":\"ImageObject\",\"inLanguage\":\"pt-BR\",\"@id\":\"https:\/\/www.suno.com.br\/noticias\/#\/schema\/logo\/image\/\",\"url\":\"https:\/\/files.sunoresearch.com.br\/n\/uploads\/2021\/09\/suno-logo.png\",\"contentUrl\":\"https:\/\/files.sunoresearch.com.br\/n\/uploads\/2021\/09\/suno-logo.png\",\"width\":180,\"height\":180,\"caption\":\"Suno Not\u00edcias\"},\"image\":{\"@id\":\"https:\/\/www.suno.com.br\/noticias\/#\/schema\/logo\/image\/\"},\"sameAs\":[\"https:\/\/facebook.com\/sunoresearch\",\"https:\/\/x.com\/sunoresearch\",\"https:\/\/www.instagram.com\/suno\",\"https:\/\/www.linkedin.com\/company\/suno-research\/\",\"https:\/\/www.youtube.com\/c\/sunoresearch\"]},{\"@type\":\"Person\",\"@id\":\"https:\/\/www.suno.com.br\/noticias\/#\/schema\/person\/f341d3ae5d1cc685176c9a5327cdfdbb\",\"name\":\"Camila Paim\",\"image\":{\"@type\":\"ImageObject\",\"inLanguage\":\"pt-BR\",\"@id\":\"https:\/\/www.suno.com.br\/noticias\/#\/schema\/person\/image\/\",\"url\":\"https:\/\/secure.gravatar.com\/avatar\/f33728e65febb1aa7ecf6792956f9b20?s=96&r=g\",\"contentUrl\":\"https:\/\/secure.gravatar.com\/avatar\/f33728e65febb1aa7ecf6792956f9b20?s=96&r=g\",\"caption\":\"Camila Paim\"},\"description\":\"Jornalista formada pela USP, tem experi\u00eancia em reda\u00e7\u00f5es, SEO, Branded Content e Webdesign. Com passagem pelo Jornal da USP, Empiricus e C6 Bank, hoje \u00e9 rep\u00f3rter no Suno Not\u00edcias cobrindo macroeconomia, finan\u00e7as pessoais e startups.\",\"url\":\"https:\/\/www.suno.com.br\/noticias\/author\/camila-figueiredosuno-com-br\/\"}]}<\/script>\n<!-- \/ Yoast SEO plugin. -->","yoast_head_json":{"title":"Arcabou\u00e7o fiscal, Vale (VALE3) e mais: veja agenda que deve movimentar o mercado","description":"O mercado desta quarta-feira (19) continuar\u00e1 a repercutir a proposta apresentada pelo novo arcabou\u00e7o fiscal ao Congresso. Veja mais eventos de hoje","robots":{"index":"index","follow":"follow","max-snippet":"max-snippet:-1","max-image-preview":"max-image-preview:large","max-video-preview":"max-video-preview:-1"},"canonical":"https:\/\/www.suno.com.br\/noticias\/agenda-mercado-arcabouco-vale-2\/","og_locale":"pt_BR","og_type":"article","og_title":"Arcabou\u00e7o fiscal, Vale (VALE3) e mais: veja agenda que deve movimentar o mercado","og_description":"O mercado desta quarta-feira (19) continuar\u00e1 a repercutir a proposta apresentada pelo novo arcabou\u00e7o fiscal ao Congresso. Veja mais eventos de hoje","og_url":"https:\/\/www.suno.com.br\/noticias\/agenda-mercado-arcabouco-vale-2\/","og_site_name":"Suno Not\u00edcias","article_publisher":"https:\/\/facebook.com\/sunoresearch","og_image":[{"width":1200,"height":675,"url":"https:\/\/files.sunoresearch.com.br\/n\/uploads\/2023\/03\/fernando-haddad-arcabouco-fiscal-foto-jose-cruz-agencia-brasil.jpg","type":"image\/jpeg"}],"author":"Camila Paim","twitter_card":"summary_large_image","twitter_creator":"@sunoresearch","twitter_site":"@sunoresearch","twitter_misc":{"Escrito por":"Camila Paim","Est. tempo de leitura":"5 minutos"},"schema":{"@context":"https:\/\/schema.org","@graph":[{"@type":"NewsArticle","@id":"https:\/\/www.suno.com.br\/noticias\/agenda-mercado-arcabouco-vale-2\/#article","isPartOf":{"@id":"https:\/\/www.suno.com.br\/noticias\/agenda-mercado-arcabouco-vale-2\/"},"author":{"name":"Camila Paim","@id":"https:\/\/www.suno.com.br\/noticias\/#\/schema\/person\/f341d3ae5d1cc685176c9a5327cdfdbb"},"headline":"Arcabou\u00e7o fiscal, Vale (VALE3) e mais: veja a agenda que deve movimentar o mercado hoje","datePublished":"2023-04-19T14:11:14+00:00","dateModified":"2023-04-26T10:50:59+00:00","mainEntityOfPage":{"@id":"https:\/\/www.suno.com.br\/noticias\/agenda-mercado-arcabouco-vale-2\/"},"wordCount":964,"publisher":{"@id":"https:\/\/www.suno.com.br\/noticias\/#organization"},"image":{"@id":"https:\/\/www.suno.com.br\/noticias\/agenda-mercado-arcabouco-vale-2\/#primaryimage"},"thumbnailUrl":"https:\/\/files.sunoresearch.com.br\/n\/uploads\/2023\/03\/fernando-haddad-arcabouco-fiscal-foto-jose-cruz-agencia-brasil.jpg","keywords":["agenda do dia","Ibovespa","Vale (VALE3)"],"articleSection":["Mercado"],"inLanguage":"pt-BR"},{"@type":"WebPage","@id":"https:\/\/www.suno.com.br\/noticias\/agenda-mercado-arcabouco-vale-2\/","url":"https:\/\/www.suno.com.br\/noticias\/agenda-mercado-arcabouco-vale-2\/","name":"Arcabou\u00e7o fiscal, Vale (VALE3) e mais: veja agenda que deve movimentar o mercado","isPartOf":{"@id":"https:\/\/www.suno.com.br\/noticias\/#website"},"primaryImageOfPage":{"@id":"https:\/\/www.suno.com.br\/noticias\/agenda-mercado-arcabouco-vale-2\/#primaryimage"},"image":{"@id":"https:\/\/www.suno.com.br\/noticias\/agenda-mercado-arcabouco-vale-2\/#primaryimage"},"thumbnailUrl":"https:\/\/files.sunoresearch.com.br\/n\/uploads\/2023\/03\/fernando-haddad-arcabouco-fiscal-foto-jose-cruz-agencia-brasil.jpg","datePublished":"2023-04-19T14:11:14+00:00","dateModified":"2023-04-26T10:50:59+00:00","description":"O mercado desta quarta-feira (19) continuar\u00e1 a repercutir a proposta apresentada pelo novo arcabou\u00e7o fiscal ao Congresso. Veja mais eventos de hoje","breadcrumb":{"@id":"https:\/\/www.suno.com.br\/noticias\/agenda-mercado-arcabouco-vale-2\/#breadcrumb"},"inLanguage":"pt-BR","potentialAction":[{"@type":"ReadAction","target":["https:\/\/www.suno.com.br\/noticias\/agenda-mercado-arcabouco-vale-2\/"]}]},{"@type":"ImageObject","inLanguage":"pt-BR","@id":"https:\/\/www.suno.com.br\/noticias\/agenda-mercado-arcabouco-vale-2\/#primaryimage","url":"https:\/\/files.sunoresearch.com.br\/n\/uploads\/2023\/03\/fernando-haddad-arcabouco-fiscal-foto-jose-cruz-agencia-brasil.jpg","contentUrl":"https:\/\/files.sunoresearch.com.br\/n\/uploads\/2023\/03\/fernando-haddad-arcabouco-fiscal-foto-jose-cruz-agencia-brasil.jpg","width":1200,"height":675,"caption":"Fernando Haddad, ministro da Fazenda. Foto: Jos\u00e9 Cruz\/Ag\u00eancia Brasil"},{"@type":"BreadcrumbList","@id":"https:\/\/www.suno.com.br\/noticias\/agenda-mercado-arcabouco-vale-2\/#breadcrumb","itemListElement":[{"@type":"ListItem","position":1,"name":"Not\u00edcias","item":"https:\/\/www.suno.com.br\/noticias\/"},{"@type":"ListItem","position":2,"name":"Mercado","item":"https:\/\/www.suno.com.br\/noticias\/mercado\/"},{"@type":"ListItem","position":3,"name":"Arcabou\u00e7o fiscal, Vale (VALE3) e mais: veja a agenda que deve movimentar o mercado hoje"}]},{"@type":"WebSite","@id":"https:\/\/www.suno.com.br\/noticias\/#website","url":"https:\/\/www.suno.com.br\/noticias\/","name":"Suno Not\u00edcias","description":"Seu portal de informa\u00e7\u00e3o sobre o mundo dos investimentos","publisher":{"@id":"https:\/\/www.suno.com.br\/noticias\/#organization"},"potentialAction":[{"@type":"SearchAction","target":{"@type":"EntryPoint","urlTemplate":"https:\/\/www.suno.com.br\/noticias\/?s={search_term_string}"},"query-input":{"@type":"PropertyValueSpecification","valueRequired":true,"valueName":"search_term_string"}}],"inLanguage":"pt-BR"},{"@type":"Organization","@id":"https:\/\/www.suno.com.br\/noticias\/#organization","name":"Suno Not\u00edcias","url":"https:\/\/www.suno.com.br\/noticias\/","logo":{"@type":"ImageObject","inLanguage":"pt-BR","@id":"https:\/\/www.suno.com.br\/noticias\/#\/schema\/logo\/image\/","url":"https:\/\/files.sunoresearch.com.br\/n\/uploads\/2021\/09\/suno-logo.png","contentUrl":"https:\/\/files.sunoresearch.com.br\/n\/uploads\/2021\/09\/suno-logo.png","width":180,"height":180,"caption":"Suno Not\u00edcias"},"image":{"@id":"https:\/\/www.suno.com.br\/noticias\/#\/schema\/logo\/image\/"},"sameAs":["https:\/\/facebook.com\/sunoresearch","https:\/\/x.com\/sunoresearch","https:\/\/www.instagram.com\/suno","https:\/\/www.linkedin.com\/company\/suno-research\/","https:\/\/www.youtube.com\/c\/sunoresearch"]},{"@type":"Person","@id":"https:\/\/www.suno.com.br\/noticias\/#\/schema\/person\/f341d3ae5d1cc685176c9a5327cdfdbb","name":"Camila Paim","image":{"@type":"ImageObject","inLanguage":"pt-BR","@id":"https:\/\/www.suno.com.br\/noticias\/#\/schema\/person\/image\/","url":"https:\/\/secure.gravatar.com\/avatar\/f33728e65febb1aa7ecf6792956f9b20?s=96&r=g","contentUrl":"https:\/\/secure.gravatar.com\/avatar\/f33728e65febb1aa7ecf6792956f9b20?s=96&r=g","caption":"Camila Paim"},"description":"Jornalista formada pela USP, tem experi\u00eancia em reda\u00e7\u00f5es, SEO, Branded Content e Webdesign. Com passagem pelo Jornal da USP, Empiricus e C6 Bank, hoje \u00e9 rep\u00f3rter no Suno Not\u00edcias cobrindo macroeconomia, finan\u00e7as pessoais e startups.","url":"https:\/\/www.suno.com.br\/noticias\/author\/camila-figueiredosuno-com-br\/"}]}},"default_loop_html":"<div class=\"cardsPage__listCard__boxs\"><div class=\"cardsPage__listCard__boxs__img\"><a href=\"https:\/\/www.suno.com.br\/noticias\/agenda-mercado-arcabouco-vale-2\/\"><img class=\"mask\" src=\"https:\/\/www.suno.com.br\/noticias\/wp-content\/themes\/suno\/resources\/images\/spotlight\/spotlight1img\/bg-mask.png\" alt=\"Image Mask\"\/><img src=\"https:\/\/files.sunoresearch.com.br\/n\/uploads\/2023\/03\/fernando-haddad-arcabouco-fiscal-foto-jose-cruz-agencia-brasil-400x200.jpg\" alt=\"Arcabou\u00e7o fiscal, Vale (VALE3) e mais: veja a agenda que deve movimentar o mercado hoje\"\/><\/a><span class=\"spotlightCategory\"><a href=\"https:\/\/www.suno.com.br\/noticias\/mercado\/\">Mercado<\/a><\/span><\/div><div class=\"cardsPage__listCard__boxs__content\"><a href=\"https:\/\/www.suno.com.br\/noticias\/agenda-mercado-arcabouco-vale-2\/\"><h2 class=\"content__title\">Arcabou\u00e7o fiscal, Vale (VALE3) e mais: veja a agenda que deve movimentar o mercado hoje<\/h2><\/a><div class=\"newsContent__article__meta\"><div class=\"newsContent__article__meta__authorBox\"><a href=\"https:\/\/www.suno.com.br\/noticias\/author\/camila-figueiredosuno-com-br\/\" class=\"authorBox__avatar noMobi\"><img src=\"https:\/\/files.sunoresearch.com.br\/n\/uploads\/2024\/05\/camila-paim-square-150x150.jpg\" alt=\"Camila Paim\"><\/a><div class=\"authorBox__name\"><span>por\n\t\t\t<a href=\"https:\/\/www.suno.com.br\/noticias\/author\/camila-figueiredosuno-com-br\/\"><span itemprop=\"author\">Camila Paim<\/span><\/a><\/span><time datetime=\"2023-04-19T11:11:14-03:00\" itemprop=\"datePublished\">19\/04\/2023 11:11<\/time><\/div><\/div><\/div><\/div><\/div>","single_layout":"posts","amp_enabled":true,"_links":{"self":[{"href":"https:\/\/www.suno.com.br\/noticias\/wp-json\/wp\/v2\/posts\/391703"}],"collection":[{"href":"https:\/\/www.suno.com.br\/noticias\/wp-json\/wp\/v2\/posts"}],"about":[{"href":"https:\/\/www.suno.com.br\/noticias\/wp-json\/wp\/v2\/types\/post"}],"author":[{"embeddable":true,"href":"https:\/\/www.suno.com.br\/noticias\/wp-json\/wp\/v2\/users\/283"}],"replies":[{"embeddable":true,"href":"https:\/\/www.suno.com.br\/noticias\/wp-json\/wp\/v2\/comments?post=391703"}],"version-history":[{"count":3,"href":"https:\/\/www.suno.com.br\/noticias\/wp-json\/wp\/v2\/posts\/391703\/revisions"}],"predecessor-version":[{"id":394818,"href":"https:\/\/www.suno.com.br\/noticias\/wp-json\/wp\/v2\/posts\/391703\/revisions\/394818"}],"wp:featuredmedia":[{"embeddable":true,"href":"https:\/\/www.suno.com.br\/noticias\/wp-json\/wp\/v2\/media\/382115"}],"wp:attachment":[{"href":"https:\/\/www.suno.com.br\/noticias\/wp-json\/wp\/v2\/media?parent=391703"}],"wp:term":[{"taxonomy":"category","embeddable":true,"href":"https:\/\/www.suno.com.br\/noticias\/wp-json\/wp\/v2\/categories?post=391703"},{"taxonomy":"post_tag","embeddable":true,"href":"https:\/\/www.suno.com.br\/noticias\/wp-json\/wp\/v2\/tags?post=391703"},{"taxonomy":"suno_strategy","embeddable":true,"href":"https:\/\/www.suno.com.br\/noticias\/wp-json\/wp\/v2\/suno_strategy?post=391703"}],"curies":[{"name":"wp","href":"https:\/\/api.w.org\/{rel}","templated":true}]}}