{"id":39159,"date":"2019-09-27T16:26:35","date_gmt":"2019-09-27T19:26:35","guid":{"rendered":"https:\/\/www.suno.com.br\/noticias\/?p=39159"},"modified":"2021-02-18T15:23:30","modified_gmt":"2021-02-18T18:23:30","slug":"amazonas-energia-creditos-itau-pagar-br-distribuidora","status":"publish","type":"post","link":"https:\/\/www.suno.com.br\/noticias\/amazonas-energia-creditos-itau-pagar-br-distribuidora\/","title":{"rendered":"Amazonas Energia cede cr\u00e9ditos ao Ita\u00fa para pagar BR Distribuidora"},"content":{"rendered":"<p>A <strong>Amazonas Energia<\/strong> liquidou nesta sexta-feira (27) uma d\u00edvida de R$ 1,45 bilh\u00e3o que possu\u00eda com a <b>BR Distribuidora<\/b>. O pagamento antecipado ocorreu pois a companhia de energia cedeu fundos setoriais ao <strong>Ita\u00fa<\/strong>.<\/p>\t<div class=\"wrapper-featured-image\">\n\t\t<figure class=\"spotlightImg\">\n\n\t\t\t<picture>\n\t\t\t\t<source media=\"(max-width: 768px)\" srcset=\"https:\/\/files.sunoresearch.com.br\/n\/uploads\/2019\/06\/57787d4d-neoenergia-400x200.webp\">\n\t\t\t\t<img loading=\"lazy\" decoding=\"async\" class=\"newsContent__article__imgCapa lazyloadDisabled newsContent__article__imgCapa--noCaption\" src=\"https:\/\/files.sunoresearch.com.br\/n\/uploads\/2019\/06\/57787d4d-neoenergia-800x450.webp\" width=\"800\" height=\"450\" alt=\"Amazonas Energia cede cr\u00e9ditos ao Ita\u00fa para pagar BR Distribuidora\" fetchpriority=high \/>\n\t\t\t<\/picture>\n\n\t\t\t<figcaption class=\"wp-caption-text wp-caption-text--hide\">A eletrovia ir\u00e1 conectar as capitais Salvador (BA) e Natal (RN)<\/figcaption>\n\t\t<\/figure>\n\t<\/div>\n\n\n\n<p>O diretor financeiro da <strong>Amazonas Energia<\/strong>, Celso de Oliveira Sant&#8217;Anna, explicou que a negocia\u00e7\u00e3o com a institui\u00e7\u00e3o financeira poder\u00e1 aliviar o caixa da companhia de forma significativa.<\/p>\n<p>\u201cFoi um importante passo para a recupera\u00e7\u00e3o da sustentabilidade e liquidez da empresa, o que nos permitir\u00e1 alcan\u00e7ar os resultados previstos em nosso Plano de Neg\u00f3cios e o atendimento aos requisitos regulat\u00f3rios e de qualidade do servi\u00e7o\u201d, afirmou Sant&#8217;Anna.<\/p>\n<p>Durante a negocia\u00e7\u00e3o, a companhia cedeu cr\u00e9ditos no valor de R$ 1,9 bilh\u00e3o ao Ita\u00fa e recebeu R$ 1,6 bi do banco. Desse montante, R$ 1,45 bi foi utilizado no pagamento para a BR. Outros R$ 120 milh\u00f5es foram destinados \u00e0 garantia da opera\u00e7\u00e3o. O valor restante ir\u00e1 para o caixa da empresa.<\/p>\n<p>Os analisas do Credit Suisse, Regis Cardoso e Victor Schmidt, afirmaram que o pagamento antecipado \u00e9 positivo para ambas empresas. Visto que, com a d\u00edvida quitada, a <strong>BR<\/strong> pode eliminar os riscos da cobran\u00e7a dos recursos, que ocorreria em 20 parcelas por m\u00eas.<\/p>\n\t<p>\n\t\t<a href=\"https:\/\/lp.suno.com.br\/ebook-investindo-em-fiis\/\" target=\"_blank\" data-element=\"shortcode-suno-banner\" title=\"Banner SUNO, clique e saiba mais\">\n\t\t\t<picture>\n\t\t\t\t<source media=\"(max-width: 500px)\" srcset=\"https:\/\/files.sunoresearch.com.br\/n\/uploads\/2023\/07\/Ebook-Fundos-Imobiliarios-Mobile.jpg\">\n\t\t\t\t<img class=\"newsContent__article__imgCapa newsContent__article__imgCapa--banner\"\n\t\t\t\t\tsrc=\"https:\/\/files.sunoresearch.com.br\/n\/uploads\/2023\/07\/Ebook-Fundos-Imobiliarios-Desktop.jpg\"\n\t\t\t\t\tdata-promo-id=\"378301\"\t\t\t\t\t\t\t\t\t\twidth='1420' height='286'\t\t\t\t\talt=\"https:\/\/files.sunoresearch.com.br\/n\/uploads\/2023\/07\/Ebook-Fundos-Imobiliarios-Desktop.jpg\"\n\t\t\t\t>\n\t\t\t<\/picture>\n\t\t<\/a>\n\t<\/p>\n\n\n<p>&#8220;A liquida\u00e7\u00e3o em uma \u00fanica parcela n\u00e3o somente mitiga o risco de cobran\u00e7a, mas tamb\u00e9m antecipa os fluxos de caixa. Na nossa opini\u00e3o, a entrada adicional de caixa pode ser traduzida como pagamento de dividendo maior neste ano&#8221;, disseram os analistas.<\/p>\n<h2>Venda da Amazonas Energia<\/h2>\n<p>A distribuidora de energia era controlada pela <strong>Eletrobras<\/strong> at\u00e9 abril de 2019. Atualmente, a empresa Oliveira Energia controla a companhia ap\u00f3s vencer o leil\u00e3o de privatiza\u00e7\u00e3o, em dezembro do ano passado.<\/p>\n<p>A venda foi aprovada em fevereiro deste ano pelo <a href=\"https:\/\/www.suno.com.br\/artigos\/cade\/\">Conselho Administrativo de Defesa Econ\u00f4mica <strong>(Cade)<\/strong><\/a>. A negocia\u00e7\u00e3o s\u00f3 foi conclu\u00edda quando o \u00f3rg\u00e3o fiscalizador concluiu que a concorr\u00eancia do setor n\u00e3o seria amea\u00e7ada.<\/p>\n<p><a href=\"https:\/\/www.suno.com.br\/noticias\/cade-aprova-venda-distribuidora-eletrobras\/\">Saiba mais: Cade aprova venda da distribuidora Eletrobras Amazonas Energia<\/a><\/p>\n<p>Os questionamentos sobre a concorr\u00eancia ocorreram por conta de uma poss\u00edvel concentra\u00e7\u00e3o de mercado da compradora, que j\u00e1 havia comprado a Boa Vista Energia.<\/p>\n<p>A <strong>Amazonas Energia<\/strong> possu\u00ed uma d\u00edvida de R$ 4 bilh\u00f5es com a sua antiga controladora. No entanto, foram assegurados per\u00edodos de car\u00eancia para os pagamentos antes da privatiza\u00e7\u00e3o.<\/p>\n","protected":false},"excerpt":{"rendered":"<p>A Amazonas Energia liquidou nesta sexta-feira (27) uma d\u00edvida de R$ 1,45 bilh\u00e3o que possu\u00eda com a BR Distribuidora. O pagamento antecipado ocorreu pois a companhia de energia cedeu fundos setoriais ao Ita\u00fa. A eletrovia ir\u00e1 conectar as capitais Salvador (BA) e Natal (RN) O diretor financeiro da Amazonas Energia, Celso de Oliveira Sant&#8217;Anna, explicou [&hellip;]<\/p>\n","protected":false},"author":18,"featured_media":28250,"comment_status":"closed","ping_status":"closed","sticky":false,"template":"","format":"standard","meta":[],"categories":[64],"tags":[455,519,596],"suno_strategy":[],"class_list":["post-39159","post","type-post","status-publish","format-standard","has-post-thumbnail","hentry","category-negocios","tag-eletrobras-elet3-elet5-elet6","tag-itau-unibanco-itub3-itub4","tag-vibra-energia-vbbr3"],"yoast_head":"<!-- This site is optimized with the Yoast SEO plugin v24.4 - https:\/\/yoast.com\/wordpress\/plugins\/seo\/ -->\n<title>Amazonas Energia cede cr\u00e9ditos ao Ita\u00fa para pagar BR Distribuidora<\/title>\n<meta name=\"description\" content=\"A Amazonas Energia liquidou nesta sexta-feira uma d\u00edvida de R$ 1,45 bilh\u00e3o que possu\u00eda com a BR Distribuidora. Clique para saber mais.\" \/>\n<meta name=\"robots\" content=\"index, follow, max-snippet:-1, max-image-preview:large, max-video-preview:-1\" \/>\n<link rel=\"canonical\" href=\"https:\/\/www.suno.com.br\/noticias\/amazonas-energia-creditos-itau-pagar-br-distribuidora\/\" \/>\n<meta property=\"og:locale\" content=\"pt_BR\" \/>\n<meta property=\"og:type\" content=\"article\" \/>\n<meta property=\"og:title\" content=\"Amazonas Energia cede cr\u00e9ditos ao Ita\u00fa para pagar BR Distribuidora\" \/>\n<meta property=\"og:description\" content=\"A Amazonas Energia liquidou nesta sexta-feira uma d\u00edvida de R$ 1,45 bilh\u00e3o que possu\u00eda com a BR Distribuidora. Clique para saber mais.\" \/>\n<meta property=\"og:url\" content=\"https:\/\/www.suno.com.br\/noticias\/amazonas-energia-creditos-itau-pagar-br-distribuidora\/\" \/>\n<meta property=\"og:site_name\" content=\"Suno Not\u00edcias\" \/>\n<meta property=\"article:publisher\" content=\"https:\/\/facebook.com\/sunoresearch\" \/>\n<meta property=\"og:image\" content=\"https:\/\/files.sunoresearch.com.br\/n\/uploads\/2019\/06\/57787d4d-neoenergia.jpg\" \/>\n\t<meta property=\"og:image:width\" content=\"1920\" \/>\n\t<meta property=\"og:image:height\" content=\"1080\" \/>\n\t<meta property=\"og:image:type\" content=\"image\/jpeg\" \/>\n<meta name=\"author\" content=\"Giovanna Oliveira\" \/>\n<meta name=\"twitter:card\" content=\"summary_large_image\" \/>\n<meta name=\"twitter:creator\" content=\"@sunoresearch\" \/>\n<meta name=\"twitter:site\" content=\"@sunoresearch\" \/>\n<meta name=\"twitter:label1\" content=\"Escrito por\" \/>\n\t<meta name=\"twitter:data1\" content=\"Giovanna Oliveira\" \/>\n\t<meta name=\"twitter:label2\" content=\"Est. tempo de leitura\" \/>\n\t<meta name=\"twitter:data2\" content=\"2 minutos\" \/>\n<script type=\"application\/ld+json\" class=\"yoast-schema-graph\">{\"@context\":\"https:\/\/schema.org\",\"@graph\":[{\"@type\":\"NewsArticle\",\"@id\":\"https:\/\/www.suno.com.br\/noticias\/amazonas-energia-creditos-itau-pagar-br-distribuidora\/#article\",\"isPartOf\":{\"@id\":\"https:\/\/www.suno.com.br\/noticias\/amazonas-energia-creditos-itau-pagar-br-distribuidora\/\"},\"author\":{\"name\":\"Giovanna Oliveira\",\"@id\":\"https:\/\/www.suno.com.br\/noticias\/#\/schema\/person\/4e19e3d2575736e5283d58eb3199d120\"},\"headline\":\"Amazonas Energia cede cr\u00e9ditos ao Ita\u00fa para pagar BR Distribuidora\",\"datePublished\":\"2019-09-27T19:26:35+00:00\",\"dateModified\":\"2021-02-18T18:23:30+00:00\",\"mainEntityOfPage\":{\"@id\":\"https:\/\/www.suno.com.br\/noticias\/amazonas-energia-creditos-itau-pagar-br-distribuidora\/\"},\"wordCount\":414,\"publisher\":{\"@id\":\"https:\/\/www.suno.com.br\/noticias\/#organization\"},\"image\":{\"@id\":\"https:\/\/www.suno.com.br\/noticias\/amazonas-energia-creditos-itau-pagar-br-distribuidora\/#primaryimage\"},\"thumbnailUrl\":\"https:\/\/files.sunoresearch.com.br\/n\/uploads\/2019\/06\/57787d4d-neoenergia-jpg.webp\",\"keywords\":[\"Eletrobras (ELET3\/ELET5\/ELET6)\",\"Ita\u00fa Unibanco (ITUB3\/ITUB4)\",\"Vibra Energia (VBBR3)\"],\"articleSection\":[\"Neg\u00f3cios\"],\"inLanguage\":\"pt-BR\"},{\"@type\":\"WebPage\",\"@id\":\"https:\/\/www.suno.com.br\/noticias\/amazonas-energia-creditos-itau-pagar-br-distribuidora\/\",\"url\":\"https:\/\/www.suno.com.br\/noticias\/amazonas-energia-creditos-itau-pagar-br-distribuidora\/\",\"name\":\"Amazonas Energia cede cr\u00e9ditos ao Ita\u00fa para pagar BR Distribuidora\",\"isPartOf\":{\"@id\":\"https:\/\/www.suno.com.br\/noticias\/#website\"},\"primaryImageOfPage\":{\"@id\":\"https:\/\/www.suno.com.br\/noticias\/amazonas-energia-creditos-itau-pagar-br-distribuidora\/#primaryimage\"},\"image\":{\"@id\":\"https:\/\/www.suno.com.br\/noticias\/amazonas-energia-creditos-itau-pagar-br-distribuidora\/#primaryimage\"},\"thumbnailUrl\":\"https:\/\/files.sunoresearch.com.br\/n\/uploads\/2019\/06\/57787d4d-neoenergia-jpg.webp\",\"datePublished\":\"2019-09-27T19:26:35+00:00\",\"dateModified\":\"2021-02-18T18:23:30+00:00\",\"description\":\"A Amazonas Energia liquidou nesta sexta-feira uma d\u00edvida de R$ 1,45 bilh\u00e3o que possu\u00eda com a BR Distribuidora. Clique para saber mais.\",\"breadcrumb\":{\"@id\":\"https:\/\/www.suno.com.br\/noticias\/amazonas-energia-creditos-itau-pagar-br-distribuidora\/#breadcrumb\"},\"inLanguage\":\"pt-BR\",\"potentialAction\":[{\"@type\":\"ReadAction\",\"target\":[\"https:\/\/www.suno.com.br\/noticias\/amazonas-energia-creditos-itau-pagar-br-distribuidora\/\"]}]},{\"@type\":\"ImageObject\",\"inLanguage\":\"pt-BR\",\"@id\":\"https:\/\/www.suno.com.br\/noticias\/amazonas-energia-creditos-itau-pagar-br-distribuidora\/#primaryimage\",\"url\":\"https:\/\/files.sunoresearch.com.br\/n\/uploads\/2019\/06\/57787d4d-neoenergia-jpg.webp\",\"contentUrl\":\"https:\/\/files.sunoresearch.com.br\/n\/uploads\/2019\/06\/57787d4d-neoenergia-jpg.webp\",\"width\":1920,\"height\":1080,\"caption\":\"A eletrovia ir\u00e1 conectar as capitais Salvador (BA) e Natal (RN)\"},{\"@type\":\"BreadcrumbList\",\"@id\":\"https:\/\/www.suno.com.br\/noticias\/amazonas-energia-creditos-itau-pagar-br-distribuidora\/#breadcrumb\",\"itemListElement\":[{\"@type\":\"ListItem\",\"position\":1,\"name\":\"Not\u00edcias\",\"item\":\"https:\/\/www.suno.com.br\/noticias\/\"},{\"@type\":\"ListItem\",\"position\":2,\"name\":\"Neg\u00f3cios\",\"item\":\"https:\/\/www.suno.com.br\/noticias\/negocios\/\"},{\"@type\":\"ListItem\",\"position\":3,\"name\":\"Amazonas Energia cede cr\u00e9ditos ao Ita\u00fa para pagar BR Distribuidora\"}]},{\"@type\":\"WebSite\",\"@id\":\"https:\/\/www.suno.com.br\/noticias\/#website\",\"url\":\"https:\/\/www.suno.com.br\/noticias\/\",\"name\":\"Suno Not\u00edcias\",\"description\":\"Seu portal de informa\u00e7\u00e3o sobre o mundo dos investimentos\",\"publisher\":{\"@id\":\"https:\/\/www.suno.com.br\/noticias\/#organization\"},\"potentialAction\":[{\"@type\":\"SearchAction\",\"target\":{\"@type\":\"EntryPoint\",\"urlTemplate\":\"https:\/\/www.suno.com.br\/noticias\/?s={search_term_string}\"},\"query-input\":{\"@type\":\"PropertyValueSpecification\",\"valueRequired\":true,\"valueName\":\"search_term_string\"}}],\"inLanguage\":\"pt-BR\"},{\"@type\":\"Organization\",\"@id\":\"https:\/\/www.suno.com.br\/noticias\/#organization\",\"name\":\"Suno Not\u00edcias\",\"url\":\"https:\/\/www.suno.com.br\/noticias\/\",\"logo\":{\"@type\":\"ImageObject\",\"inLanguage\":\"pt-BR\",\"@id\":\"https:\/\/www.suno.com.br\/noticias\/#\/schema\/logo\/image\/\",\"url\":\"https:\/\/files.sunoresearch.com.br\/n\/uploads\/2021\/09\/suno-logo.png\",\"contentUrl\":\"https:\/\/files.sunoresearch.com.br\/n\/uploads\/2021\/09\/suno-logo.png\",\"width\":180,\"height\":180,\"caption\":\"Suno Not\u00edcias\"},\"image\":{\"@id\":\"https:\/\/www.suno.com.br\/noticias\/#\/schema\/logo\/image\/\"},\"sameAs\":[\"https:\/\/facebook.com\/sunoresearch\",\"https:\/\/x.com\/sunoresearch\",\"https:\/\/www.instagram.com\/suno\",\"https:\/\/www.linkedin.com\/company\/suno-research\/\",\"https:\/\/www.youtube.com\/c\/sunoresearch\"]},{\"@type\":\"Person\",\"@id\":\"https:\/\/www.suno.com.br\/noticias\/#\/schema\/person\/4e19e3d2575736e5283d58eb3199d120\",\"name\":\"Giovanna Oliveira\",\"image\":{\"@type\":\"ImageObject\",\"inLanguage\":\"pt-BR\",\"@id\":\"https:\/\/www.suno.com.br\/noticias\/#\/schema\/person\/image\/\",\"url\":\"https:\/\/secure.gravatar.com\/avatar\/9a37b3ae208962ac568992d0ffdbc2eb?s=96&r=g\",\"contentUrl\":\"https:\/\/secure.gravatar.com\/avatar\/9a37b3ae208962ac568992d0ffdbc2eb?s=96&r=g\",\"caption\":\"Giovanna Oliveira\"},\"description\":\"Giovanna Oliveira escreve sobre economia e pol\u00edtica. Foi rep\u00f3rter do portal de jornalismo da ESPM-SP e produziu conte\u00fado para a Corinthians TV. \u00c9 estudante da ESPM.\",\"url\":\"https:\/\/www.suno.com.br\/noticias\/author\/giovanna\/\"}]}<\/script>\n<!-- \/ Yoast SEO plugin. -->","yoast_head_json":{"title":"Amazonas Energia cede cr\u00e9ditos ao Ita\u00fa para pagar BR Distribuidora","description":"A Amazonas Energia liquidou nesta sexta-feira uma d\u00edvida de R$ 1,45 bilh\u00e3o que possu\u00eda com a BR Distribuidora. Clique para saber mais.","robots":{"index":"index","follow":"follow","max-snippet":"max-snippet:-1","max-image-preview":"max-image-preview:large","max-video-preview":"max-video-preview:-1"},"canonical":"https:\/\/www.suno.com.br\/noticias\/amazonas-energia-creditos-itau-pagar-br-distribuidora\/","og_locale":"pt_BR","og_type":"article","og_title":"Amazonas Energia cede cr\u00e9ditos ao Ita\u00fa para pagar BR Distribuidora","og_description":"A Amazonas Energia liquidou nesta sexta-feira uma d\u00edvida de R$ 1,45 bilh\u00e3o que possu\u00eda com a BR Distribuidora. Clique para saber mais.","og_url":"https:\/\/www.suno.com.br\/noticias\/amazonas-energia-creditos-itau-pagar-br-distribuidora\/","og_site_name":"Suno Not\u00edcias","article_publisher":"https:\/\/facebook.com\/sunoresearch","og_image":[{"width":1920,"height":1080,"url":"https:\/\/files.sunoresearch.com.br\/n\/uploads\/2019\/06\/57787d4d-neoenergia.jpg","type":"image\/jpeg"}],"author":"Giovanna Oliveira","twitter_card":"summary_large_image","twitter_creator":"@sunoresearch","twitter_site":"@sunoresearch","twitter_misc":{"Escrito por":"Giovanna Oliveira","Est. tempo de leitura":"2 minutos"},"schema":{"@context":"https:\/\/schema.org","@graph":[{"@type":"NewsArticle","@id":"https:\/\/www.suno.com.br\/noticias\/amazonas-energia-creditos-itau-pagar-br-distribuidora\/#article","isPartOf":{"@id":"https:\/\/www.suno.com.br\/noticias\/amazonas-energia-creditos-itau-pagar-br-distribuidora\/"},"author":{"name":"Giovanna Oliveira","@id":"https:\/\/www.suno.com.br\/noticias\/#\/schema\/person\/4e19e3d2575736e5283d58eb3199d120"},"headline":"Amazonas Energia cede cr\u00e9ditos ao Ita\u00fa para pagar BR Distribuidora","datePublished":"2019-09-27T19:26:35+00:00","dateModified":"2021-02-18T18:23:30+00:00","mainEntityOfPage":{"@id":"https:\/\/www.suno.com.br\/noticias\/amazonas-energia-creditos-itau-pagar-br-distribuidora\/"},"wordCount":414,"publisher":{"@id":"https:\/\/www.suno.com.br\/noticias\/#organization"},"image":{"@id":"https:\/\/www.suno.com.br\/noticias\/amazonas-energia-creditos-itau-pagar-br-distribuidora\/#primaryimage"},"thumbnailUrl":"https:\/\/files.sunoresearch.com.br\/n\/uploads\/2019\/06\/57787d4d-neoenergia-jpg.webp","keywords":["Eletrobras (ELET3\/ELET5\/ELET6)","Ita\u00fa Unibanco (ITUB3\/ITUB4)","Vibra Energia (VBBR3)"],"articleSection":["Neg\u00f3cios"],"inLanguage":"pt-BR"},{"@type":"WebPage","@id":"https:\/\/www.suno.com.br\/noticias\/amazonas-energia-creditos-itau-pagar-br-distribuidora\/","url":"https:\/\/www.suno.com.br\/noticias\/amazonas-energia-creditos-itau-pagar-br-distribuidora\/","name":"Amazonas Energia cede cr\u00e9ditos ao Ita\u00fa para pagar BR Distribuidora","isPartOf":{"@id":"https:\/\/www.suno.com.br\/noticias\/#website"},"primaryImageOfPage":{"@id":"https:\/\/www.suno.com.br\/noticias\/amazonas-energia-creditos-itau-pagar-br-distribuidora\/#primaryimage"},"image":{"@id":"https:\/\/www.suno.com.br\/noticias\/amazonas-energia-creditos-itau-pagar-br-distribuidora\/#primaryimage"},"thumbnailUrl":"https:\/\/files.sunoresearch.com.br\/n\/uploads\/2019\/06\/57787d4d-neoenergia-jpg.webp","datePublished":"2019-09-27T19:26:35+00:00","dateModified":"2021-02-18T18:23:30+00:00","description":"A Amazonas Energia liquidou nesta sexta-feira uma d\u00edvida de R$ 1,45 bilh\u00e3o que possu\u00eda com a BR Distribuidora. Clique para saber mais.","breadcrumb":{"@id":"https:\/\/www.suno.com.br\/noticias\/amazonas-energia-creditos-itau-pagar-br-distribuidora\/#breadcrumb"},"inLanguage":"pt-BR","potentialAction":[{"@type":"ReadAction","target":["https:\/\/www.suno.com.br\/noticias\/amazonas-energia-creditos-itau-pagar-br-distribuidora\/"]}]},{"@type":"ImageObject","inLanguage":"pt-BR","@id":"https:\/\/www.suno.com.br\/noticias\/amazonas-energia-creditos-itau-pagar-br-distribuidora\/#primaryimage","url":"https:\/\/files.sunoresearch.com.br\/n\/uploads\/2019\/06\/57787d4d-neoenergia-jpg.webp","contentUrl":"https:\/\/files.sunoresearch.com.br\/n\/uploads\/2019\/06\/57787d4d-neoenergia-jpg.webp","width":1920,"height":1080,"caption":"A eletrovia ir\u00e1 conectar as capitais Salvador (BA) e Natal (RN)"},{"@type":"BreadcrumbList","@id":"https:\/\/www.suno.com.br\/noticias\/amazonas-energia-creditos-itau-pagar-br-distribuidora\/#breadcrumb","itemListElement":[{"@type":"ListItem","position":1,"name":"Not\u00edcias","item":"https:\/\/www.suno.com.br\/noticias\/"},{"@type":"ListItem","position":2,"name":"Neg\u00f3cios","item":"https:\/\/www.suno.com.br\/noticias\/negocios\/"},{"@type":"ListItem","position":3,"name":"Amazonas Energia cede cr\u00e9ditos ao Ita\u00fa para pagar BR Distribuidora"}]},{"@type":"WebSite","@id":"https:\/\/www.suno.com.br\/noticias\/#website","url":"https:\/\/www.suno.com.br\/noticias\/","name":"Suno Not\u00edcias","description":"Seu portal de informa\u00e7\u00e3o sobre o mundo dos investimentos","publisher":{"@id":"https:\/\/www.suno.com.br\/noticias\/#organization"},"potentialAction":[{"@type":"SearchAction","target":{"@type":"EntryPoint","urlTemplate":"https:\/\/www.suno.com.br\/noticias\/?s={search_term_string}"},"query-input":{"@type":"PropertyValueSpecification","valueRequired":true,"valueName":"search_term_string"}}],"inLanguage":"pt-BR"},{"@type":"Organization","@id":"https:\/\/www.suno.com.br\/noticias\/#organization","name":"Suno Not\u00edcias","url":"https:\/\/www.suno.com.br\/noticias\/","logo":{"@type":"ImageObject","inLanguage":"pt-BR","@id":"https:\/\/www.suno.com.br\/noticias\/#\/schema\/logo\/image\/","url":"https:\/\/files.sunoresearch.com.br\/n\/uploads\/2021\/09\/suno-logo.png","contentUrl":"https:\/\/files.sunoresearch.com.br\/n\/uploads\/2021\/09\/suno-logo.png","width":180,"height":180,"caption":"Suno Not\u00edcias"},"image":{"@id":"https:\/\/www.suno.com.br\/noticias\/#\/schema\/logo\/image\/"},"sameAs":["https:\/\/facebook.com\/sunoresearch","https:\/\/x.com\/sunoresearch","https:\/\/www.instagram.com\/suno","https:\/\/www.linkedin.com\/company\/suno-research\/","https:\/\/www.youtube.com\/c\/sunoresearch"]},{"@type":"Person","@id":"https:\/\/www.suno.com.br\/noticias\/#\/schema\/person\/4e19e3d2575736e5283d58eb3199d120","name":"Giovanna Oliveira","image":{"@type":"ImageObject","inLanguage":"pt-BR","@id":"https:\/\/www.suno.com.br\/noticias\/#\/schema\/person\/image\/","url":"https:\/\/secure.gravatar.com\/avatar\/9a37b3ae208962ac568992d0ffdbc2eb?s=96&r=g","contentUrl":"https:\/\/secure.gravatar.com\/avatar\/9a37b3ae208962ac568992d0ffdbc2eb?s=96&r=g","caption":"Giovanna Oliveira"},"description":"Giovanna Oliveira escreve sobre economia e pol\u00edtica. Foi rep\u00f3rter do portal de jornalismo da ESPM-SP e produziu conte\u00fado para a Corinthians TV. \u00c9 estudante da ESPM.","url":"https:\/\/www.suno.com.br\/noticias\/author\/giovanna\/"}]}},"default_loop_html":"<div class=\"cardsPage__listCard__boxs\"><div class=\"cardsPage__listCard__boxs__img\"><a href=\"https:\/\/www.suno.com.br\/noticias\/amazonas-energia-creditos-itau-pagar-br-distribuidora\/\"><img class=\"mask\" src=\"https:\/\/www.suno.com.br\/noticias\/wp-content\/themes\/suno\/resources\/images\/spotlight\/spotlight1img\/bg-mask.png\" alt=\"Image Mask\"\/><img src=\"https:\/\/files.sunoresearch.com.br\/n\/uploads\/2019\/06\/57787d4d-neoenergia-400x200.webp\" alt=\"Amazonas Energia cede cr\u00e9ditos ao Ita\u00fa para pagar BR Distribuidora\"\/><\/a><span class=\"spotlightCategory\"><a href=\"https:\/\/www.suno.com.br\/noticias\/negocios\/\">Neg\u00f3cios<\/a><\/span><\/div><div class=\"cardsPage__listCard__boxs__content\"><a href=\"https:\/\/www.suno.com.br\/noticias\/amazonas-energia-creditos-itau-pagar-br-distribuidora\/\"><h2 class=\"content__title\">Amazonas Energia cede cr\u00e9ditos ao Ita\u00fa para pagar BR Distribuidora<\/h2><\/a><div class=\"newsContent__article__meta\"><div class=\"newsContent__article__meta__authorBox\"><a href=\"https:\/\/www.suno.com.br\/noticias\/author\/giovanna\/\" class=\"authorBox__avatar noMobi\"><img src=\"https:\/\/files.sunoresearch.com.br\/n\/uploads\/2019\/06\/952a89ca-screenshot_20190608-171507-150x150.webp\" alt=\"Giovanna Oliveira\"><\/a><div class=\"authorBox__name\"><span>por\n\t\t\t<a href=\"https:\/\/www.suno.com.br\/noticias\/author\/giovanna\/\"><span itemprop=\"author\">Giovanna Oliveira<\/span><\/a><\/span><time datetime=\"2019-09-27T16:26:35-03:00\" itemprop=\"datePublished\">27\/09\/2019 16:26<\/time><\/div><\/div><\/div><\/div><\/div>","single_layout":"posts","amp_enabled":true,"_links":{"self":[{"href":"https:\/\/www.suno.com.br\/noticias\/wp-json\/wp\/v2\/posts\/39159"}],"collection":[{"href":"https:\/\/www.suno.com.br\/noticias\/wp-json\/wp\/v2\/posts"}],"about":[{"href":"https:\/\/www.suno.com.br\/noticias\/wp-json\/wp\/v2\/types\/post"}],"author":[{"embeddable":true,"href":"https:\/\/www.suno.com.br\/noticias\/wp-json\/wp\/v2\/users\/18"}],"replies":[{"embeddable":true,"href":"https:\/\/www.suno.com.br\/noticias\/wp-json\/wp\/v2\/comments?post=39159"}],"version-history":[{"count":0,"href":"https:\/\/www.suno.com.br\/noticias\/wp-json\/wp\/v2\/posts\/39159\/revisions"}],"wp:featuredmedia":[{"embeddable":true,"href":"https:\/\/www.suno.com.br\/noticias\/wp-json\/wp\/v2\/media\/28250"}],"wp:attachment":[{"href":"https:\/\/www.suno.com.br\/noticias\/wp-json\/wp\/v2\/media?parent=39159"}],"wp:term":[{"taxonomy":"category","embeddable":true,"href":"https:\/\/www.suno.com.br\/noticias\/wp-json\/wp\/v2\/categories?post=39159"},{"taxonomy":"post_tag","embeddable":true,"href":"https:\/\/www.suno.com.br\/noticias\/wp-json\/wp\/v2\/tags?post=39159"},{"taxonomy":"suno_strategy","embeddable":true,"href":"https:\/\/www.suno.com.br\/noticias\/wp-json\/wp\/v2\/suno_strategy?post=39159"}],"curies":[{"name":"wp","href":"https:\/\/api.w.org\/{rel}","templated":true}]}}