{"id":39126,"date":"2019-09-27T12:36:42","date_gmt":"2019-09-27T15:36:42","guid":{"rendered":"https:\/\/www.suno.com.br\/noticias\/?p=39126"},"modified":"2019-09-27T12:42:32","modified_gmt":"2019-09-27T15:42:32","slug":"wework-rejeita-novas-ofertas-de-locacao-para-diminuir-perdas","status":"publish","type":"post","link":"https:\/\/www.suno.com.br\/noticias\/wework-rejeita-novas-ofertas-de-locacao-para-diminuir-perdas\/","title":{"rendered":"WeWork rejeita novas ofertas de loca\u00e7\u00e3o para diminuir perdas"},"content":{"rendered":"<p>A WeWork n\u00e3o est\u00e1 aceitando novos contratos de loca\u00e7\u00e3o com propriet\u00e1rios para reduzir os gastos e tentar controlar os custos da empresa. As informa\u00e7\u00f5es foram postadas nesta sexta-feira (27) pelo &#8220;Financial Time&#8221;.<\/p>\t<div class=\"wrapper-featured-image\">\n\t\t<figure class=\"spotlightImg\">\n\n\t\t\t<picture>\n\t\t\t\t<source media=\"(max-width: 768px)\" srcset=\"https:\/\/files.sunoresearch.com.br\/n\/uploads\/2019\/09\/b882b348-we-400x200.webp\">\n\t\t\t\t<img loading=\"lazy\" decoding=\"async\" class=\"newsContent__article__imgCapa lazyloadDisabled newsContent__article__imgCapa--noCaption\" src=\"https:\/\/files.sunoresearch.com.br\/n\/uploads\/2019\/09\/b882b348-we-800x450.webp\" width=\"800\" height=\"450\" alt=\"WeWork rejeita novas ofertas de loca\u00e7\u00e3o para diminuir perdas\" fetchpriority=high \/>\n\t\t\t<\/picture>\n\n\t\t\t<figcaption class=\"wp-caption-text wp-caption-text--hide\">Wework - Foto: Divulga\u00e7\u00e3o<\/figcaption>\n\t\t<\/figure>\n\t<\/div>\n\n\n\n<p>A provid\u00eancia tomada deve incomodar propriet\u00e1rios de im\u00f3veis comerciais que fizeram contratos para locar pr\u00e9dios para a <strong>WeWork<\/strong>. Com isso, a empresa tamb\u00e9m pode desistir de seu plano de expans\u00e3o.<\/p>\n<p>Nas pr\u00f3ximas semanas, 12 mil funcion\u00e1rios podem ser demitidos da We Company, grupo controlador da <strong>WeWork<\/strong>. Isso mostra a fragilidade da situa\u00e7\u00e3o atual da empresa.<\/p>\n<p>Ainda segundo informa\u00e7\u00f5es do jornal, a <strong>WeWork<\/strong> planejava fazer um corte de cerca de 20 funcion\u00e1rios que eram ligados ao co-fundador da empresa, <strong>Adam<\/strong> <strong>Neumann<\/strong>.<\/p>\n<p><a href=\"https:\/\/www.suno.com.br\/noticias\/softbank-estuda-investir-mais-de-us-1-bi-na-wework-diz-jornal\/\">Veja tamb\u00e9m: SoftBank estuda investir mais de US$ 1 bi na WeWork, diz jornal<\/a><\/p>\n<p>Entre os grandes executivos da empresa, que se encontram em situa\u00e7\u00f5es delicadas nos cargos executados, est\u00e3o: Michael Gross, vice-presidente da empresa e <strong>Chris<\/strong> <strong>Hill<\/strong>, que foi diretor de produtos do grupo, recentemente.<\/p>\n<h2>Adiamento de IPO da WeWork<\/h2>\n<p>A dona da WeWork, The We Company, adiou sua oferta <a href=\"https:\/\/www.suno.com.br\/artigos\/ipo\/\">p\u00fablica inicial de a\u00e7\u00f5es (IPO)<\/a> devido a baixa demanda de <strong><a href=\"https:\/\/www.suno.com.br\/artigos\/todo-investidor-deveria-imprimir-este-artigo-e-pendurar-na-parede-parte-1\/\">investidores<\/a> <\/strong>interessados em sua proposta. A <strong><a href=\"https:\/\/www.suno.com.br\/artigos\/aceleradoras\/\">startup<\/a><\/strong> americana\u00a0estava preparando um <strong><a href=\"https:\/\/www.suno.com.br\/artigos\/road-show\/\">roadshow<\/a><\/strong>, per\u00edodo no qual o projeto da empresa \u00e9 apresentado ao mercado, antes da decis\u00e3o de adiar seu IPO. A informa\u00e7\u00e3o sobre o adiamento foi divulgada no dia 18 de setembro.<\/p>\n\t<p>\n\t\t<a href=\"https:\/\/lp.suno.com.br\/ao\/servico-especializado-suno-tf\/?utm_source=adwords&#038;utm_medium=search&#038;utm_campaign=search.servico.funilconsultoria&#038;utm_content=1147_responsivo-a&#038;hsa_acc=2326072784&#038;hsa_cam=18022897917&#038;hsa_grp=141470255993&#038;hsa_ad=616145467912&#038;hsa_src=g&#038;hsa_tgt=kwd-303658942458&#038;hsa_kw=gestora+de+investimentos&#038;hsa_mt=b&#038;hsa_net=adwords&#038;hsa_ver=3&#038;gad_source=1&#038;gclid=CjwKCAjw1emzBhB8EiwAHwZZxQMvA3xJVRzLGZ70LmuSzR55X-KvxijSay8c5Hm88Sznnq97j8XbORoC-sMQAvD_BwE\" target=\"_blank\" data-element=\"shortcode-suno-banner\" title=\"Banner SUNO, clique e saiba mais\">\n\t\t\t<picture>\n\t\t\t\t<source media=\"(max-width: 500px)\" srcset=\"https:\/\/files.sunoresearch.com.br\/n\/uploads\/2024\/06\/400x300-Mobile-Artigos-5.png\">\n\t\t\t\t<img class=\"newsContent__article__imgCapa newsContent__article__imgCapa--banner\"\n\t\t\t\t\tsrc=\"https:\/\/files.sunoresearch.com.br\/n\/uploads\/2024\/06\/1420x240-Banner-Artigos-1-_-Banner-Materias-3.png\"\n\t\t\t\t\tdata-promo-id=\"563605\"\t\t\t\t\t\t\t\t\t\twidth='1420' height='240'\t\t\t\t\talt=\"https:\/\/files.sunoresearch.com.br\/n\/uploads\/2024\/06\/1420x240-Banner-Artigos-1-_-Banner-Materias-3.png\"\n\t\t\t\t>\n\t\t\t<\/picture>\n\t\t<\/a>\n\t<\/p>\n\n\n<p>A<strong> WeWork<\/strong>, empresa de escrit\u00f3rios compartilhados, enfrenta preocupa\u00e7\u00f5es com seus padr\u00f5es de corporativismo e de sua sustentabilidade de seu modelo de neg\u00f3cios, baseada em uma mistura de passivos a longo prazo e receita de curto prazo, e como esse tipo de funcionamento iria enfrentar uma crise econ\u00f4mica.<\/p>\n<p>&#8220;A We Company est\u00e1 ansiosa pelo IPO que est\u00e1 por vir, e esperamos concluir at\u00e9 o final do ano. Queremos agradecer a todos os nossos funcion\u00e1rios membros e parceiros por seu compromisso cont\u00ednuo&#8221;, informou a controladora da <strong>WeWork<\/strong> atrav\u00e9s de um comunicado.<\/p>\n","protected":false},"excerpt":{"rendered":"<p>A WeWork n\u00e3o est\u00e1 aceitando novos contratos de loca\u00e7\u00e3o com propriet\u00e1rios para reduzir os gastos e tentar controlar os custos da empresa. As informa\u00e7\u00f5es foram postadas nesta sexta-feira (27) pelo &#8220;Financial Time&#8221;. Wework &#8211; Foto: Divulga\u00e7\u00e3o A provid\u00eancia tomada deve incomodar propriet\u00e1rios de im\u00f3veis comerciais que fizeram contratos para locar pr\u00e9dios para a WeWork. Com [&hellip;]<\/p>\n","protected":false},"author":19,"featured_media":37500,"comment_status":"closed","ping_status":"closed","sticky":false,"template":"","format":"standard","meta":[],"categories":[64],"tags":[949],"suno_strategy":[],"class_list":["post-39126","post","type-post","status-publish","format-standard","has-post-thumbnail","hentry","category-negocios","tag-wework"],"yoast_head":"<!-- This site is optimized with the Yoast SEO plugin v24.4 - https:\/\/yoast.com\/wordpress\/plugins\/seo\/ -->\n<title>WeWork rejeita novas ofertas de loca\u00e7\u00e3o para diminuir perdas<\/title>\n<meta name=\"description\" content=\"A WeWork n\u00e3o est\u00e1 aceitando novos contratos de loca\u00e7\u00e3o com propriet\u00e1rios para reduzir os gastos e tentar controlar suas despesas. Saiba mais.\" \/>\n<meta name=\"robots\" content=\"index, follow, max-snippet:-1, max-image-preview:large, max-video-preview:-1\" \/>\n<link rel=\"canonical\" href=\"https:\/\/www.suno.com.br\/noticias\/wework-rejeita-novas-ofertas-de-locacao-para-diminuir-perdas\/\" \/>\n<meta property=\"og:locale\" content=\"pt_BR\" \/>\n<meta property=\"og:type\" content=\"article\" \/>\n<meta property=\"og:title\" content=\"WeWork rejeita novas ofertas de loca\u00e7\u00e3o para diminuir perdas\" \/>\n<meta property=\"og:description\" content=\"A WeWork n\u00e3o est\u00e1 aceitando novos contratos de loca\u00e7\u00e3o com propriet\u00e1rios para reduzir os gastos e tentar controlar suas despesas. Saiba mais.\" \/>\n<meta property=\"og:url\" content=\"https:\/\/www.suno.com.br\/noticias\/wework-rejeita-novas-ofertas-de-locacao-para-diminuir-perdas\/\" \/>\n<meta property=\"og:site_name\" content=\"Suno Not\u00edcias\" \/>\n<meta property=\"article:publisher\" content=\"https:\/\/facebook.com\/sunoresearch\" \/>\n<meta property=\"og:image\" content=\"https:\/\/files.sunoresearch.com.br\/n\/uploads\/2019\/09\/b882b348-we.jpg\" \/>\n\t<meta property=\"og:image:width\" content=\"1536\" \/>\n\t<meta property=\"og:image:height\" content=\"1024\" \/>\n\t<meta property=\"og:image:type\" content=\"image\/jpeg\" \/>\n<meta name=\"author\" content=\"Juliano Passaro\" \/>\n<meta name=\"twitter:card\" content=\"summary_large_image\" \/>\n<meta name=\"twitter:creator\" content=\"@sunoresearch\" \/>\n<meta name=\"twitter:site\" content=\"@sunoresearch\" \/>\n<meta name=\"twitter:label1\" content=\"Escrito por\" \/>\n\t<meta name=\"twitter:data1\" content=\"Juliano Passaro\" \/>\n\t<meta name=\"twitter:label2\" content=\"Est. tempo de leitura\" \/>\n\t<meta name=\"twitter:data2\" content=\"2 minutos\" \/>\n<script type=\"application\/ld+json\" class=\"yoast-schema-graph\">{\"@context\":\"https:\/\/schema.org\",\"@graph\":[{\"@type\":\"NewsArticle\",\"@id\":\"https:\/\/www.suno.com.br\/noticias\/wework-rejeita-novas-ofertas-de-locacao-para-diminuir-perdas\/#article\",\"isPartOf\":{\"@id\":\"https:\/\/www.suno.com.br\/noticias\/wework-rejeita-novas-ofertas-de-locacao-para-diminuir-perdas\/\"},\"author\":{\"name\":\"Juliano Passaro\",\"@id\":\"https:\/\/www.suno.com.br\/noticias\/#\/schema\/person\/1db762f78ffd8919a648a63e425953e3\"},\"headline\":\"WeWork rejeita novas ofertas de loca\u00e7\u00e3o para diminuir perdas\",\"datePublished\":\"2019-09-27T15:36:42+00:00\",\"dateModified\":\"2019-09-27T15:42:32+00:00\",\"mainEntityOfPage\":{\"@id\":\"https:\/\/www.suno.com.br\/noticias\/wework-rejeita-novas-ofertas-de-locacao-para-diminuir-perdas\/\"},\"wordCount\":354,\"publisher\":{\"@id\":\"https:\/\/www.suno.com.br\/noticias\/#organization\"},\"image\":{\"@id\":\"https:\/\/www.suno.com.br\/noticias\/wework-rejeita-novas-ofertas-de-locacao-para-diminuir-perdas\/#primaryimage\"},\"thumbnailUrl\":\"https:\/\/files.sunoresearch.com.br\/n\/uploads\/2019\/09\/b882b348-we-jpg.webp\",\"keywords\":[\"WeWork\"],\"articleSection\":[\"Neg\u00f3cios\"],\"inLanguage\":\"pt-BR\"},{\"@type\":\"WebPage\",\"@id\":\"https:\/\/www.suno.com.br\/noticias\/wework-rejeita-novas-ofertas-de-locacao-para-diminuir-perdas\/\",\"url\":\"https:\/\/www.suno.com.br\/noticias\/wework-rejeita-novas-ofertas-de-locacao-para-diminuir-perdas\/\",\"name\":\"WeWork rejeita novas ofertas de loca\u00e7\u00e3o para diminuir perdas\",\"isPartOf\":{\"@id\":\"https:\/\/www.suno.com.br\/noticias\/#website\"},\"primaryImageOfPage\":{\"@id\":\"https:\/\/www.suno.com.br\/noticias\/wework-rejeita-novas-ofertas-de-locacao-para-diminuir-perdas\/#primaryimage\"},\"image\":{\"@id\":\"https:\/\/www.suno.com.br\/noticias\/wework-rejeita-novas-ofertas-de-locacao-para-diminuir-perdas\/#primaryimage\"},\"thumbnailUrl\":\"https:\/\/files.sunoresearch.com.br\/n\/uploads\/2019\/09\/b882b348-we-jpg.webp\",\"datePublished\":\"2019-09-27T15:36:42+00:00\",\"dateModified\":\"2019-09-27T15:42:32+00:00\",\"description\":\"A WeWork n\u00e3o est\u00e1 aceitando novos contratos de loca\u00e7\u00e3o com propriet\u00e1rios para reduzir os gastos e tentar controlar suas despesas. Saiba mais.\",\"breadcrumb\":{\"@id\":\"https:\/\/www.suno.com.br\/noticias\/wework-rejeita-novas-ofertas-de-locacao-para-diminuir-perdas\/#breadcrumb\"},\"inLanguage\":\"pt-BR\",\"potentialAction\":[{\"@type\":\"ReadAction\",\"target\":[\"https:\/\/www.suno.com.br\/noticias\/wework-rejeita-novas-ofertas-de-locacao-para-diminuir-perdas\/\"]}]},{\"@type\":\"ImageObject\",\"inLanguage\":\"pt-BR\",\"@id\":\"https:\/\/www.suno.com.br\/noticias\/wework-rejeita-novas-ofertas-de-locacao-para-diminuir-perdas\/#primaryimage\",\"url\":\"https:\/\/files.sunoresearch.com.br\/n\/uploads\/2019\/09\/b882b348-we-jpg.webp\",\"contentUrl\":\"https:\/\/files.sunoresearch.com.br\/n\/uploads\/2019\/09\/b882b348-we-jpg.webp\",\"width\":1536,\"height\":1024,\"caption\":\"Wework - Foto: Divulga\u00e7\u00e3o\"},{\"@type\":\"BreadcrumbList\",\"@id\":\"https:\/\/www.suno.com.br\/noticias\/wework-rejeita-novas-ofertas-de-locacao-para-diminuir-perdas\/#breadcrumb\",\"itemListElement\":[{\"@type\":\"ListItem\",\"position\":1,\"name\":\"Not\u00edcias\",\"item\":\"https:\/\/www.suno.com.br\/noticias\/\"},{\"@type\":\"ListItem\",\"position\":2,\"name\":\"Neg\u00f3cios\",\"item\":\"https:\/\/www.suno.com.br\/noticias\/negocios\/\"},{\"@type\":\"ListItem\",\"position\":3,\"name\":\"WeWork rejeita novas ofertas de loca\u00e7\u00e3o para diminuir perdas\"}]},{\"@type\":\"WebSite\",\"@id\":\"https:\/\/www.suno.com.br\/noticias\/#website\",\"url\":\"https:\/\/www.suno.com.br\/noticias\/\",\"name\":\"Suno Not\u00edcias\",\"description\":\"Seu portal de informa\u00e7\u00e3o sobre o mundo dos investimentos\",\"publisher\":{\"@id\":\"https:\/\/www.suno.com.br\/noticias\/#organization\"},\"potentialAction\":[{\"@type\":\"SearchAction\",\"target\":{\"@type\":\"EntryPoint\",\"urlTemplate\":\"https:\/\/www.suno.com.br\/noticias\/?s={search_term_string}\"},\"query-input\":{\"@type\":\"PropertyValueSpecification\",\"valueRequired\":true,\"valueName\":\"search_term_string\"}}],\"inLanguage\":\"pt-BR\"},{\"@type\":\"Organization\",\"@id\":\"https:\/\/www.suno.com.br\/noticias\/#organization\",\"name\":\"Suno Not\u00edcias\",\"url\":\"https:\/\/www.suno.com.br\/noticias\/\",\"logo\":{\"@type\":\"ImageObject\",\"inLanguage\":\"pt-BR\",\"@id\":\"https:\/\/www.suno.com.br\/noticias\/#\/schema\/logo\/image\/\",\"url\":\"https:\/\/files.sunoresearch.com.br\/n\/uploads\/2021\/09\/suno-logo.png\",\"contentUrl\":\"https:\/\/files.sunoresearch.com.br\/n\/uploads\/2021\/09\/suno-logo.png\",\"width\":180,\"height\":180,\"caption\":\"Suno Not\u00edcias\"},\"image\":{\"@id\":\"https:\/\/www.suno.com.br\/noticias\/#\/schema\/logo\/image\/\"},\"sameAs\":[\"https:\/\/facebook.com\/sunoresearch\",\"https:\/\/x.com\/sunoresearch\",\"https:\/\/www.instagram.com\/suno\",\"https:\/\/www.linkedin.com\/company\/suno-research\/\",\"https:\/\/www.youtube.com\/c\/sunoresearch\"]},{\"@type\":\"Person\",\"@id\":\"https:\/\/www.suno.com.br\/noticias\/#\/schema\/person\/1db762f78ffd8919a648a63e425953e3\",\"name\":\"Juliano Passaro\",\"image\":{\"@type\":\"ImageObject\",\"inLanguage\":\"pt-BR\",\"@id\":\"https:\/\/www.suno.com.br\/noticias\/#\/schema\/person\/image\/\",\"url\":\"https:\/\/secure.gravatar.com\/avatar\/743d4df28eebf6dcc46b4ad03c319e92?s=96&r=g\",\"contentUrl\":\"https:\/\/secure.gravatar.com\/avatar\/743d4df28eebf6dcc46b4ad03c319e92?s=96&r=g\",\"caption\":\"Juliano Passaro\"},\"description\":\"Juliano Passaro escreve sobre pol\u00edtica, economia e neg\u00f3cios para o portal da Suno Research. Antes da Suno, trabalhou no Portal da Band. \u00c9 formado em jornalismo pela Universidade Presbiteriana Mackenzie.\",\"url\":\"https:\/\/www.suno.com.br\/noticias\/author\/juliano\/\"}]}<\/script>\n<!-- \/ Yoast SEO plugin. -->","yoast_head_json":{"title":"WeWork rejeita novas ofertas de loca\u00e7\u00e3o para diminuir perdas","description":"A WeWork n\u00e3o est\u00e1 aceitando novos contratos de loca\u00e7\u00e3o com propriet\u00e1rios para reduzir os gastos e tentar controlar suas despesas. Saiba mais.","robots":{"index":"index","follow":"follow","max-snippet":"max-snippet:-1","max-image-preview":"max-image-preview:large","max-video-preview":"max-video-preview:-1"},"canonical":"https:\/\/www.suno.com.br\/noticias\/wework-rejeita-novas-ofertas-de-locacao-para-diminuir-perdas\/","og_locale":"pt_BR","og_type":"article","og_title":"WeWork rejeita novas ofertas de loca\u00e7\u00e3o para diminuir perdas","og_description":"A WeWork n\u00e3o est\u00e1 aceitando novos contratos de loca\u00e7\u00e3o com propriet\u00e1rios para reduzir os gastos e tentar controlar suas despesas. Saiba mais.","og_url":"https:\/\/www.suno.com.br\/noticias\/wework-rejeita-novas-ofertas-de-locacao-para-diminuir-perdas\/","og_site_name":"Suno Not\u00edcias","article_publisher":"https:\/\/facebook.com\/sunoresearch","og_image":[{"width":1536,"height":1024,"url":"https:\/\/files.sunoresearch.com.br\/n\/uploads\/2019\/09\/b882b348-we.jpg","type":"image\/jpeg"}],"author":"Juliano Passaro","twitter_card":"summary_large_image","twitter_creator":"@sunoresearch","twitter_site":"@sunoresearch","twitter_misc":{"Escrito por":"Juliano Passaro","Est. tempo de leitura":"2 minutos"},"schema":{"@context":"https:\/\/schema.org","@graph":[{"@type":"NewsArticle","@id":"https:\/\/www.suno.com.br\/noticias\/wework-rejeita-novas-ofertas-de-locacao-para-diminuir-perdas\/#article","isPartOf":{"@id":"https:\/\/www.suno.com.br\/noticias\/wework-rejeita-novas-ofertas-de-locacao-para-diminuir-perdas\/"},"author":{"name":"Juliano Passaro","@id":"https:\/\/www.suno.com.br\/noticias\/#\/schema\/person\/1db762f78ffd8919a648a63e425953e3"},"headline":"WeWork rejeita novas ofertas de loca\u00e7\u00e3o para diminuir perdas","datePublished":"2019-09-27T15:36:42+00:00","dateModified":"2019-09-27T15:42:32+00:00","mainEntityOfPage":{"@id":"https:\/\/www.suno.com.br\/noticias\/wework-rejeita-novas-ofertas-de-locacao-para-diminuir-perdas\/"},"wordCount":354,"publisher":{"@id":"https:\/\/www.suno.com.br\/noticias\/#organization"},"image":{"@id":"https:\/\/www.suno.com.br\/noticias\/wework-rejeita-novas-ofertas-de-locacao-para-diminuir-perdas\/#primaryimage"},"thumbnailUrl":"https:\/\/files.sunoresearch.com.br\/n\/uploads\/2019\/09\/b882b348-we-jpg.webp","keywords":["WeWork"],"articleSection":["Neg\u00f3cios"],"inLanguage":"pt-BR"},{"@type":"WebPage","@id":"https:\/\/www.suno.com.br\/noticias\/wework-rejeita-novas-ofertas-de-locacao-para-diminuir-perdas\/","url":"https:\/\/www.suno.com.br\/noticias\/wework-rejeita-novas-ofertas-de-locacao-para-diminuir-perdas\/","name":"WeWork rejeita novas ofertas de loca\u00e7\u00e3o para diminuir perdas","isPartOf":{"@id":"https:\/\/www.suno.com.br\/noticias\/#website"},"primaryImageOfPage":{"@id":"https:\/\/www.suno.com.br\/noticias\/wework-rejeita-novas-ofertas-de-locacao-para-diminuir-perdas\/#primaryimage"},"image":{"@id":"https:\/\/www.suno.com.br\/noticias\/wework-rejeita-novas-ofertas-de-locacao-para-diminuir-perdas\/#primaryimage"},"thumbnailUrl":"https:\/\/files.sunoresearch.com.br\/n\/uploads\/2019\/09\/b882b348-we-jpg.webp","datePublished":"2019-09-27T15:36:42+00:00","dateModified":"2019-09-27T15:42:32+00:00","description":"A WeWork n\u00e3o est\u00e1 aceitando novos contratos de loca\u00e7\u00e3o com propriet\u00e1rios para reduzir os gastos e tentar controlar suas despesas. Saiba mais.","breadcrumb":{"@id":"https:\/\/www.suno.com.br\/noticias\/wework-rejeita-novas-ofertas-de-locacao-para-diminuir-perdas\/#breadcrumb"},"inLanguage":"pt-BR","potentialAction":[{"@type":"ReadAction","target":["https:\/\/www.suno.com.br\/noticias\/wework-rejeita-novas-ofertas-de-locacao-para-diminuir-perdas\/"]}]},{"@type":"ImageObject","inLanguage":"pt-BR","@id":"https:\/\/www.suno.com.br\/noticias\/wework-rejeita-novas-ofertas-de-locacao-para-diminuir-perdas\/#primaryimage","url":"https:\/\/files.sunoresearch.com.br\/n\/uploads\/2019\/09\/b882b348-we-jpg.webp","contentUrl":"https:\/\/files.sunoresearch.com.br\/n\/uploads\/2019\/09\/b882b348-we-jpg.webp","width":1536,"height":1024,"caption":"Wework - Foto: Divulga\u00e7\u00e3o"},{"@type":"BreadcrumbList","@id":"https:\/\/www.suno.com.br\/noticias\/wework-rejeita-novas-ofertas-de-locacao-para-diminuir-perdas\/#breadcrumb","itemListElement":[{"@type":"ListItem","position":1,"name":"Not\u00edcias","item":"https:\/\/www.suno.com.br\/noticias\/"},{"@type":"ListItem","position":2,"name":"Neg\u00f3cios","item":"https:\/\/www.suno.com.br\/noticias\/negocios\/"},{"@type":"ListItem","position":3,"name":"WeWork rejeita novas ofertas de loca\u00e7\u00e3o para diminuir perdas"}]},{"@type":"WebSite","@id":"https:\/\/www.suno.com.br\/noticias\/#website","url":"https:\/\/www.suno.com.br\/noticias\/","name":"Suno Not\u00edcias","description":"Seu portal de informa\u00e7\u00e3o sobre o mundo dos investimentos","publisher":{"@id":"https:\/\/www.suno.com.br\/noticias\/#organization"},"potentialAction":[{"@type":"SearchAction","target":{"@type":"EntryPoint","urlTemplate":"https:\/\/www.suno.com.br\/noticias\/?s={search_term_string}"},"query-input":{"@type":"PropertyValueSpecification","valueRequired":true,"valueName":"search_term_string"}}],"inLanguage":"pt-BR"},{"@type":"Organization","@id":"https:\/\/www.suno.com.br\/noticias\/#organization","name":"Suno Not\u00edcias","url":"https:\/\/www.suno.com.br\/noticias\/","logo":{"@type":"ImageObject","inLanguage":"pt-BR","@id":"https:\/\/www.suno.com.br\/noticias\/#\/schema\/logo\/image\/","url":"https:\/\/files.sunoresearch.com.br\/n\/uploads\/2021\/09\/suno-logo.png","contentUrl":"https:\/\/files.sunoresearch.com.br\/n\/uploads\/2021\/09\/suno-logo.png","width":180,"height":180,"caption":"Suno Not\u00edcias"},"image":{"@id":"https:\/\/www.suno.com.br\/noticias\/#\/schema\/logo\/image\/"},"sameAs":["https:\/\/facebook.com\/sunoresearch","https:\/\/x.com\/sunoresearch","https:\/\/www.instagram.com\/suno","https:\/\/www.linkedin.com\/company\/suno-research\/","https:\/\/www.youtube.com\/c\/sunoresearch"]},{"@type":"Person","@id":"https:\/\/www.suno.com.br\/noticias\/#\/schema\/person\/1db762f78ffd8919a648a63e425953e3","name":"Juliano Passaro","image":{"@type":"ImageObject","inLanguage":"pt-BR","@id":"https:\/\/www.suno.com.br\/noticias\/#\/schema\/person\/image\/","url":"https:\/\/secure.gravatar.com\/avatar\/743d4df28eebf6dcc46b4ad03c319e92?s=96&r=g","contentUrl":"https:\/\/secure.gravatar.com\/avatar\/743d4df28eebf6dcc46b4ad03c319e92?s=96&r=g","caption":"Juliano Passaro"},"description":"Juliano Passaro escreve sobre pol\u00edtica, economia e neg\u00f3cios para o portal da Suno Research. Antes da Suno, trabalhou no Portal da Band. \u00c9 formado em jornalismo pela Universidade Presbiteriana Mackenzie.","url":"https:\/\/www.suno.com.br\/noticias\/author\/juliano\/"}]}},"default_loop_html":"<div class=\"cardsPage__listCard__boxs\"><div class=\"cardsPage__listCard__boxs__img\"><a href=\"https:\/\/www.suno.com.br\/noticias\/wework-rejeita-novas-ofertas-de-locacao-para-diminuir-perdas\/\"><img class=\"mask\" src=\"https:\/\/www.suno.com.br\/noticias\/wp-content\/themes\/suno\/resources\/images\/spotlight\/spotlight1img\/bg-mask.png\" alt=\"Image Mask\"\/><img src=\"https:\/\/files.sunoresearch.com.br\/n\/uploads\/2019\/09\/b882b348-we-400x200.webp\" alt=\"WeWork rejeita novas ofertas de loca\u00e7\u00e3o para diminuir perdas\"\/><\/a><span class=\"spotlightCategory\"><a href=\"https:\/\/www.suno.com.br\/noticias\/negocios\/\">Neg\u00f3cios<\/a><\/span><\/div><div class=\"cardsPage__listCard__boxs__content\"><a href=\"https:\/\/www.suno.com.br\/noticias\/wework-rejeita-novas-ofertas-de-locacao-para-diminuir-perdas\/\"><h2 class=\"content__title\">WeWork rejeita novas ofertas de loca\u00e7\u00e3o para diminuir perdas<\/h2><\/a><div class=\"newsContent__article__meta\"><div class=\"newsContent__article__meta__authorBox\"><a href=\"https:\/\/www.suno.com.br\/noticias\/author\/juliano\/\" class=\"authorBox__avatar noMobi\"><img src=\"https:\/\/files.sunoresearch.com.br\/n\/uploads\/2019\/06\/7cc3efea-whatsapp-image-2019-07-18-at-21.59.33-e1563499821209-150x150.webp\" alt=\"Juliano Passaro\"><\/a><div class=\"authorBox__name\"><span>por\n\t\t\t<a href=\"https:\/\/www.suno.com.br\/noticias\/author\/juliano\/\"><span itemprop=\"author\">Juliano Passaro<\/span><\/a><\/span><time datetime=\"2019-09-27T12:36:42-03:00\" itemprop=\"datePublished\">27\/09\/2019 12:36<\/time><\/div><\/div><\/div><\/div><\/div>","single_layout":"posts","amp_enabled":true,"_links":{"self":[{"href":"https:\/\/www.suno.com.br\/noticias\/wp-json\/wp\/v2\/posts\/39126"}],"collection":[{"href":"https:\/\/www.suno.com.br\/noticias\/wp-json\/wp\/v2\/posts"}],"about":[{"href":"https:\/\/www.suno.com.br\/noticias\/wp-json\/wp\/v2\/types\/post"}],"author":[{"embeddable":true,"href":"https:\/\/www.suno.com.br\/noticias\/wp-json\/wp\/v2\/users\/19"}],"replies":[{"embeddable":true,"href":"https:\/\/www.suno.com.br\/noticias\/wp-json\/wp\/v2\/comments?post=39126"}],"version-history":[{"count":0,"href":"https:\/\/www.suno.com.br\/noticias\/wp-json\/wp\/v2\/posts\/39126\/revisions"}],"wp:featuredmedia":[{"embeddable":true,"href":"https:\/\/www.suno.com.br\/noticias\/wp-json\/wp\/v2\/media\/37500"}],"wp:attachment":[{"href":"https:\/\/www.suno.com.br\/noticias\/wp-json\/wp\/v2\/media?parent=39126"}],"wp:term":[{"taxonomy":"category","embeddable":true,"href":"https:\/\/www.suno.com.br\/noticias\/wp-json\/wp\/v2\/categories?post=39126"},{"taxonomy":"post_tag","embeddable":true,"href":"https:\/\/www.suno.com.br\/noticias\/wp-json\/wp\/v2\/tags?post=39126"},{"taxonomy":"suno_strategy","embeddable":true,"href":"https:\/\/www.suno.com.br\/noticias\/wp-json\/wp\/v2\/suno_strategy?post=39126"}],"curies":[{"name":"wp","href":"https:\/\/api.w.org\/{rel}","templated":true}]}}