{"id":39125,"date":"2019-09-27T12:46:04","date_gmt":"2019-09-27T15:46:04","guid":{"rendered":"https:\/\/www.suno.com.br\/noticias\/?p=39125"},"modified":"2019-09-27T15:18:35","modified_gmt":"2019-09-27T18:18:35","slug":"desemprego-cai-permanece-emprego-ibge","status":"publish","type":"post","link":"https:\/\/www.suno.com.br\/noticias\/desemprego-cai-permanece-emprego-ibge\/","title":{"rendered":"Desemprego cai para 11,8% com informalidade atingindo maior n\u00edvel desde 2016"},"content":{"rendered":"<p>A <a href=\"https:\/\/www.suno.com.br\/artigos\/indice-de-desemprego\/\">taxa de desemprego<\/a> do <strong>Brasil<\/strong> caiu novamente e ficou em 11,8% no trimestre encerrado em agosto, ap\u00f3s ficar em 12,3% no trimestre finalizado em maio.<\/p>\t<div class=\"wrapper-featured-image\">\n\t\t<figure class=\"spotlightImg\">\n\n\t\t\t<picture>\n\t\t\t\t<source media=\"(max-width: 768px)\" srcset=\"https:\/\/files.sunoresearch.com.br\/n\/uploads\/2019\/04\/d8254293-desemprego-400x200.webp\">\n\t\t\t\t<img loading=\"lazy\" decoding=\"async\" class=\"newsContent__article__imgCapa lazyloadDisabled newsContent__article__imgCapa--noCaption\" src=\"https:\/\/files.sunoresearch.com.br\/n\/uploads\/2019\/04\/d8254293-desemprego-800x450.webp\" width=\"800\" height=\"450\" alt=\"Desemprego cai para 11,8% com informalidade atingindo maior n\u00edvel desde 2016\" fetchpriority=high \/>\n\t\t\t<\/picture>\n\n\t\t\t<figcaption class=\"wp-caption-text wp-caption-text--hide\">Desemprego deve aumentar nos pr\u00f3ximos meses, segundo IBGE<\/figcaption>\n\t\t<\/figure>\n\t<\/div>\n\n\n\n<p>De acordo com informa\u00e7\u00f5es da Pesquisa Nacional por Amostra de Domic\u00edlios Cont\u00ednua (PNAD Cont\u00ednua), divulgada nesta sexta-feira (27), pelo Instituto Brasileiro de Geografia e Estat\u00edstica (IBGE), a queda no <strong>desemprego<\/strong>\u00a0foi devido a entrada de 684 mil trabalhadores no mercado, totalizando 93,6 milh\u00f5es de ocupados.<\/p>\n<p>Trata-se do maior n\u00famero desde 2012. Entretanto, o aumento foi acompanhado por recordes no n\u00edveis de<strong> trabalhos informais<\/strong>.<\/p>\n<h2>Queda no desemprego \u00e9 devido ao aumento de trabalho informal<\/h2>\n<p>Segundo a pesquisa, dos 684 mil novos trabalhadores, 87,1% entraram no <a href=\"https:\/\/www.suno.com.br\/artigos\/mercado-de-trabalho\/\"><strong>mercado de trabalho<\/strong><\/a> pela via informal. Al\u00e9m disso, 41,4% da popula\u00e7\u00e3o ocupada se encontra na informalidade, a maior propor\u00e7\u00e3o da s\u00e9rie hist\u00f3rica que tem in\u00edcio em 2016.<\/p>\n<p>O trabalhadores sem carteira assinada, os sem <a href=\"https:\/\/www.suno.com.br\/artigos\/cartao-cnpj\/\">Cadastro Nacional da Pessoa Jur\u00eddica (CNPJ)<\/a> e os sem remunera\u00e7\u00e3o fazem parte desse grupo.<\/p>\n<ul>\n<li><strong>sem carteira assinada<\/strong>: 11,8 milh\u00f5es de pessoas<\/li>\n<li><strong>sem CNPJ<\/strong>: 24,3 milh\u00f5es de pessoas<\/li>\n<\/ul>\n<p>S\u00e3o os maiores contingentes da s\u00e9rie hist\u00f3rica, iniciada em 2012.<\/p>\n<p>&#8220;Esse aumento na<strong> ocupa\u00e7\u00e3o<\/strong> n\u00e3o foi suficiente para aumentar a massa de <strong>rendimento<\/strong>, porque o emprego gerado foi voltado para postos de trabalho na <strong>\u00e1rea informal<\/strong>. E \u00e9 essa massa de rendimento que movimenta o mercado de trabalho de forma virtuosa&#8221;, disse o diretor de pesquisa do IBGE,<strong> Cimar Azevedo<\/strong>.<\/p>\n<p><a href=\"\/\/www.suno.com.br\/noticias\/desemprego-recua-2-trimestre-ibge\/\">Confira Tamb\u00e9m: Desemprego recua em 10 das 27 unidades da federa\u00e7\u00e3o no 2\u00ba tri, segundo IBGE<\/a><\/p>\n<p>Os setores de ocupa\u00e7\u00e3o que registram crescimento em compara\u00e7\u00e3o com o trimestre anterior foram:<\/p>\n<ul>\n<li><strong>ind\u00fastria<\/strong> (2,3%, mais de 272 mil pessoas)<\/li>\n<li><strong>constru\u00e7\u00e3o<\/strong> (2,8%, mais de 181 mil pessoas)<\/li>\n<\/ul>\n<p>&#8220;No caso da constru\u00e7\u00e3o, \u00e9 um grupamento que sofreu muito com a crise. Essas obras paradas demitiram muitos trabalhadores de &#8216;ch\u00e3o de fabrica&#8217;. A gente precisa aguardar mais edi\u00e7\u00f5es da pesquisa para entender se isso sinaliza uma recupera\u00e7\u00e3o&#8221;, completou Azevedo.<\/p>\n\t<p>\n\t\t<a href=\"https:\/\/lp.statusinvest.com.br\/ao\/assessoria-status-invest\/\" target=\"_blank\" data-element=\"shortcode-suno-banner\" title=\"Banner SUNO, clique e saiba mais\">\n\t\t\t<picture>\n\t\t\t\t<source media=\"(max-width: 500px)\" srcset=\"https:\/\/files.sunoresearch.com.br\/n\/uploads\/2024\/03\/400x300-Mobile.png\">\n\t\t\t\t<img class=\"newsContent__article__imgCapa newsContent__article__imgCapa--banner\"\n\t\t\t\t\tsrc=\"https:\/\/files.sunoresearch.com.br\/n\/uploads\/2024\/03\/1420x240-Desktop.png\"\n\t\t\t\t\tdata-promo-id=\"537248\"\t\t\t\t\t\t\t\t\t\twidth='1400' height='240'\t\t\t\t\talt=\"https:\/\/files.sunoresearch.com.br\/n\/uploads\/2024\/03\/1420x240-Desktop.png\"\n\t\t\t\t>\n\t\t\t<\/picture>\n\t\t<\/a>\n\t<\/p>\n\n\n<p>O n\u00famero de trabalhadores que gostariam de trabalhar mais horas, est\u00e1 em 7,2 milh\u00f5es de pessoas. Por sua vez, a taxa de subutiliza\u00e7\u00e3o caiu para 24,3%, devido ao aumento da ocupa\u00e7\u00e3o e queda de 3,9% na popula\u00e7\u00e3o desalentada, que se encontra em 47 milh\u00f5es de pessoas.<\/p>\n<p>Apesar do aumento na ocupa\u00e7\u00e3o, o <strong>desemprego<\/strong> no Brasil ainda atinge 12,6 milh\u00f5es de pessoas.<\/p>\n","protected":false},"excerpt":{"rendered":"<p>A taxa de desemprego do Brasil caiu novamente e ficou em 11,8% no trimestre encerrado em agosto, ap\u00f3s ficar em 12,3% no trimestre finalizado em maio. Desemprego deve aumentar nos pr\u00f3ximos meses, segundo IBGE De acordo com informa\u00e7\u00f5es da Pesquisa Nacional por Amostra de Domic\u00edlios Cont\u00ednua (PNAD Cont\u00ednua), divulgada nesta sexta-feira (27), pelo Instituto Brasileiro [&hellip;]<\/p>\n","protected":false},"author":15,"featured_media":22750,"comment_status":"closed","ping_status":"closed","sticky":false,"template":"","format":"standard","meta":[],"categories":[62],"tags":[1296,1796],"suno_strategy":[],"class_list":["post-39125","post","type-post","status-publish","format-standard","has-post-thumbnail","hentry","category-economia","tag-desemprego","tag-emprego"],"yoast_head":"<!-- This site is optimized with the Yoast SEO plugin v24.4 - https:\/\/yoast.com\/wordpress\/plugins\/seo\/ -->\n<title>Desemprego permanece em 11,8% com informalidade em maior n\u00edvel<\/title>\n<meta name=\"description\" content=\"A taxa de desemprego do Brasil caiu novamente e ficou em 11,8% no trimestre encerrado em agosto, ap\u00f3s ficar em 12,3% em maio.\u00a0Clique aqui\" \/>\n<meta name=\"robots\" content=\"index, follow, max-snippet:-1, max-image-preview:large, max-video-preview:-1\" \/>\n<link rel=\"canonical\" href=\"https:\/\/www.suno.com.br\/noticias\/desemprego-cai-permanece-emprego-ibge\/\" \/>\n<meta property=\"og:locale\" content=\"pt_BR\" \/>\n<meta property=\"og:type\" content=\"article\" \/>\n<meta property=\"og:title\" content=\"Desemprego permanece em 11,8% com informalidade em maior n\u00edvel\" \/>\n<meta property=\"og:description\" content=\"A taxa de desemprego do Brasil caiu novamente e ficou em 11,8% no trimestre encerrado em agosto, ap\u00f3s ficar em 12,3% em maio.\u00a0Clique aqui\" \/>\n<meta property=\"og:url\" content=\"https:\/\/www.suno.com.br\/noticias\/desemprego-cai-permanece-emprego-ibge\/\" \/>\n<meta property=\"og:site_name\" content=\"Suno Not\u00edcias\" \/>\n<meta property=\"article:publisher\" content=\"https:\/\/facebook.com\/sunoresearch\" \/>\n<meta property=\"og:image\" content=\"https:\/\/files.sunoresearch.com.br\/n\/uploads\/2019\/04\/d8254293-desemprego.jpg\" \/>\n\t<meta property=\"og:image:width\" content=\"1023\" \/>\n\t<meta property=\"og:image:height\" content=\"680\" \/>\n\t<meta property=\"og:image:type\" content=\"image\/jpeg\" \/>\n<meta name=\"author\" content=\"Poliana Santos\" \/>\n<meta name=\"twitter:card\" content=\"summary_large_image\" \/>\n<meta name=\"twitter:creator\" content=\"@sunoresearch\" \/>\n<meta name=\"twitter:site\" content=\"@sunoresearch\" \/>\n<meta name=\"twitter:label1\" content=\"Escrito por\" \/>\n\t<meta name=\"twitter:data1\" content=\"Poliana Santos\" \/>\n\t<meta name=\"twitter:label2\" content=\"Est. tempo de leitura\" \/>\n\t<meta name=\"twitter:data2\" content=\"2 minutos\" \/>\n<script type=\"application\/ld+json\" class=\"yoast-schema-graph\">{\"@context\":\"https:\/\/schema.org\",\"@graph\":[{\"@type\":\"NewsArticle\",\"@id\":\"https:\/\/www.suno.com.br\/noticias\/desemprego-cai-permanece-emprego-ibge\/#article\",\"isPartOf\":{\"@id\":\"https:\/\/www.suno.com.br\/noticias\/desemprego-cai-permanece-emprego-ibge\/\"},\"author\":{\"name\":\"Poliana Santos\",\"@id\":\"https:\/\/www.suno.com.br\/noticias\/#\/schema\/person\/02ec1f752758247878a2bf4abee1aeda\"},\"headline\":\"Desemprego cai para 11,8% com informalidade atingindo maior n\u00edvel desde 2016\",\"datePublished\":\"2019-09-27T15:46:04+00:00\",\"dateModified\":\"2019-09-27T18:18:35+00:00\",\"mainEntityOfPage\":{\"@id\":\"https:\/\/www.suno.com.br\/noticias\/desemprego-cai-permanece-emprego-ibge\/\"},\"wordCount\":405,\"publisher\":{\"@id\":\"https:\/\/www.suno.com.br\/noticias\/#organization\"},\"image\":{\"@id\":\"https:\/\/www.suno.com.br\/noticias\/desemprego-cai-permanece-emprego-ibge\/#primaryimage\"},\"thumbnailUrl\":\"https:\/\/files.sunoresearch.com.br\/n\/uploads\/2019\/04\/d8254293-desemprego-jpg.webp\",\"keywords\":[\"Desemprego\",\"Emprego\"],\"articleSection\":[\"Economia\"],\"inLanguage\":\"pt-BR\"},{\"@type\":\"WebPage\",\"@id\":\"https:\/\/www.suno.com.br\/noticias\/desemprego-cai-permanece-emprego-ibge\/\",\"url\":\"https:\/\/www.suno.com.br\/noticias\/desemprego-cai-permanece-emprego-ibge\/\",\"name\":\"Desemprego permanece em 11,8% com informalidade em maior n\u00edvel\",\"isPartOf\":{\"@id\":\"https:\/\/www.suno.com.br\/noticias\/#website\"},\"primaryImageOfPage\":{\"@id\":\"https:\/\/www.suno.com.br\/noticias\/desemprego-cai-permanece-emprego-ibge\/#primaryimage\"},\"image\":{\"@id\":\"https:\/\/www.suno.com.br\/noticias\/desemprego-cai-permanece-emprego-ibge\/#primaryimage\"},\"thumbnailUrl\":\"https:\/\/files.sunoresearch.com.br\/n\/uploads\/2019\/04\/d8254293-desemprego-jpg.webp\",\"datePublished\":\"2019-09-27T15:46:04+00:00\",\"dateModified\":\"2019-09-27T18:18:35+00:00\",\"description\":\"A taxa de desemprego do Brasil caiu novamente e ficou em 11,8% no trimestre encerrado em agosto, ap\u00f3s ficar em 12,3% em maio.\u00a0Clique aqui\",\"breadcrumb\":{\"@id\":\"https:\/\/www.suno.com.br\/noticias\/desemprego-cai-permanece-emprego-ibge\/#breadcrumb\"},\"inLanguage\":\"pt-BR\",\"potentialAction\":[{\"@type\":\"ReadAction\",\"target\":[\"https:\/\/www.suno.com.br\/noticias\/desemprego-cai-permanece-emprego-ibge\/\"]}]},{\"@type\":\"ImageObject\",\"inLanguage\":\"pt-BR\",\"@id\":\"https:\/\/www.suno.com.br\/noticias\/desemprego-cai-permanece-emprego-ibge\/#primaryimage\",\"url\":\"https:\/\/files.sunoresearch.com.br\/n\/uploads\/2019\/04\/d8254293-desemprego-jpg.webp\",\"contentUrl\":\"https:\/\/files.sunoresearch.com.br\/n\/uploads\/2019\/04\/d8254293-desemprego-jpg.webp\",\"width\":1023,\"height\":680,\"caption\":\"Desemprego deve aumentar nos pr\u00f3ximos meses, segundo IBGE\"},{\"@type\":\"BreadcrumbList\",\"@id\":\"https:\/\/www.suno.com.br\/noticias\/desemprego-cai-permanece-emprego-ibge\/#breadcrumb\",\"itemListElement\":[{\"@type\":\"ListItem\",\"position\":1,\"name\":\"Not\u00edcias\",\"item\":\"https:\/\/www.suno.com.br\/noticias\/\"},{\"@type\":\"ListItem\",\"position\":2,\"name\":\"Economia\",\"item\":\"https:\/\/www.suno.com.br\/noticias\/economia\/\"},{\"@type\":\"ListItem\",\"position\":3,\"name\":\"Desemprego cai para 11,8% com informalidade atingindo maior n\u00edvel desde 2016\"}]},{\"@type\":\"WebSite\",\"@id\":\"https:\/\/www.suno.com.br\/noticias\/#website\",\"url\":\"https:\/\/www.suno.com.br\/noticias\/\",\"name\":\"Suno Not\u00edcias\",\"description\":\"Seu portal de informa\u00e7\u00e3o sobre o mundo dos investimentos\",\"publisher\":{\"@id\":\"https:\/\/www.suno.com.br\/noticias\/#organization\"},\"potentialAction\":[{\"@type\":\"SearchAction\",\"target\":{\"@type\":\"EntryPoint\",\"urlTemplate\":\"https:\/\/www.suno.com.br\/noticias\/?s={search_term_string}\"},\"query-input\":{\"@type\":\"PropertyValueSpecification\",\"valueRequired\":true,\"valueName\":\"search_term_string\"}}],\"inLanguage\":\"pt-BR\"},{\"@type\":\"Organization\",\"@id\":\"https:\/\/www.suno.com.br\/noticias\/#organization\",\"name\":\"Suno Not\u00edcias\",\"url\":\"https:\/\/www.suno.com.br\/noticias\/\",\"logo\":{\"@type\":\"ImageObject\",\"inLanguage\":\"pt-BR\",\"@id\":\"https:\/\/www.suno.com.br\/noticias\/#\/schema\/logo\/image\/\",\"url\":\"https:\/\/files.sunoresearch.com.br\/n\/uploads\/2021\/09\/suno-logo.png\",\"contentUrl\":\"https:\/\/files.sunoresearch.com.br\/n\/uploads\/2021\/09\/suno-logo.png\",\"width\":180,\"height\":180,\"caption\":\"Suno Not\u00edcias\"},\"image\":{\"@id\":\"https:\/\/www.suno.com.br\/noticias\/#\/schema\/logo\/image\/\"},\"sameAs\":[\"https:\/\/facebook.com\/sunoresearch\",\"https:\/\/x.com\/sunoresearch\",\"https:\/\/www.instagram.com\/suno\",\"https:\/\/www.linkedin.com\/company\/suno-research\/\",\"https:\/\/www.youtube.com\/c\/sunoresearch\"]},{\"@type\":\"Person\",\"@id\":\"https:\/\/www.suno.com.br\/noticias\/#\/schema\/person\/02ec1f752758247878a2bf4abee1aeda\",\"name\":\"Poliana Santos\",\"image\":{\"@type\":\"ImageObject\",\"inLanguage\":\"pt-BR\",\"@id\":\"https:\/\/www.suno.com.br\/noticias\/#\/schema\/person\/image\/\",\"url\":\"https:\/\/secure.gravatar.com\/avatar\/0645bd32f23d87b2130f2b2dff1d3f8d?s=96&r=g\",\"contentUrl\":\"https:\/\/secure.gravatar.com\/avatar\/0645bd32f23d87b2130f2b2dff1d3f8d?s=96&r=g\",\"caption\":\"Poliana Santos\"},\"description\":\"Rep\u00f3rter no Suno Not\u00edcias, com cobertura em mercado financeiro, economia, finan\u00e7as pessoais, renda fixa e varejo. Jornalista formada pela Faculdade C\u00e1sper L\u00edbero e possui passagem na R\u00e1dio Gazeta AM com a produ\u00e7\u00e3o de conte\u00fado sobre economia, pol\u00edtica, sa\u00fade, moda e m\u00fasica. Possui certificado de conclus\u00e3o do curso de An\u00e1lise de Balan\u00e7os pela Funda\u00e7\u00e3o Bradesco, Agenda Brasil pela FAAP, Educa\u00e7\u00e3o Pol\u00edtica por Alexandre Garcia e do Tesouro Direto e Mercado de A\u00e7\u00f5es pela B3.\",\"url\":\"https:\/\/www.suno.com.br\/noticias\/author\/poliana-santos\/\"}]}<\/script>\n<!-- \/ Yoast SEO plugin. -->","yoast_head_json":{"title":"Desemprego permanece em 11,8% com informalidade em maior n\u00edvel","description":"A taxa de desemprego do Brasil caiu novamente e ficou em 11,8% no trimestre encerrado em agosto, ap\u00f3s ficar em 12,3% em maio.\u00a0Clique aqui","robots":{"index":"index","follow":"follow","max-snippet":"max-snippet:-1","max-image-preview":"max-image-preview:large","max-video-preview":"max-video-preview:-1"},"canonical":"https:\/\/www.suno.com.br\/noticias\/desemprego-cai-permanece-emprego-ibge\/","og_locale":"pt_BR","og_type":"article","og_title":"Desemprego permanece em 11,8% com informalidade em maior n\u00edvel","og_description":"A taxa de desemprego do Brasil caiu novamente e ficou em 11,8% no trimestre encerrado em agosto, ap\u00f3s ficar em 12,3% em maio.\u00a0Clique aqui","og_url":"https:\/\/www.suno.com.br\/noticias\/desemprego-cai-permanece-emprego-ibge\/","og_site_name":"Suno Not\u00edcias","article_publisher":"https:\/\/facebook.com\/sunoresearch","og_image":[{"width":1023,"height":680,"url":"https:\/\/files.sunoresearch.com.br\/n\/uploads\/2019\/04\/d8254293-desemprego.jpg","type":"image\/jpeg"}],"author":"Poliana Santos","twitter_card":"summary_large_image","twitter_creator":"@sunoresearch","twitter_site":"@sunoresearch","twitter_misc":{"Escrito por":"Poliana Santos","Est. tempo de leitura":"2 minutos"},"schema":{"@context":"https:\/\/schema.org","@graph":[{"@type":"NewsArticle","@id":"https:\/\/www.suno.com.br\/noticias\/desemprego-cai-permanece-emprego-ibge\/#article","isPartOf":{"@id":"https:\/\/www.suno.com.br\/noticias\/desemprego-cai-permanece-emprego-ibge\/"},"author":{"name":"Poliana Santos","@id":"https:\/\/www.suno.com.br\/noticias\/#\/schema\/person\/02ec1f752758247878a2bf4abee1aeda"},"headline":"Desemprego cai para 11,8% com informalidade atingindo maior n\u00edvel desde 2016","datePublished":"2019-09-27T15:46:04+00:00","dateModified":"2019-09-27T18:18:35+00:00","mainEntityOfPage":{"@id":"https:\/\/www.suno.com.br\/noticias\/desemprego-cai-permanece-emprego-ibge\/"},"wordCount":405,"publisher":{"@id":"https:\/\/www.suno.com.br\/noticias\/#organization"},"image":{"@id":"https:\/\/www.suno.com.br\/noticias\/desemprego-cai-permanece-emprego-ibge\/#primaryimage"},"thumbnailUrl":"https:\/\/files.sunoresearch.com.br\/n\/uploads\/2019\/04\/d8254293-desemprego-jpg.webp","keywords":["Desemprego","Emprego"],"articleSection":["Economia"],"inLanguage":"pt-BR"},{"@type":"WebPage","@id":"https:\/\/www.suno.com.br\/noticias\/desemprego-cai-permanece-emprego-ibge\/","url":"https:\/\/www.suno.com.br\/noticias\/desemprego-cai-permanece-emprego-ibge\/","name":"Desemprego permanece em 11,8% com informalidade em maior n\u00edvel","isPartOf":{"@id":"https:\/\/www.suno.com.br\/noticias\/#website"},"primaryImageOfPage":{"@id":"https:\/\/www.suno.com.br\/noticias\/desemprego-cai-permanece-emprego-ibge\/#primaryimage"},"image":{"@id":"https:\/\/www.suno.com.br\/noticias\/desemprego-cai-permanece-emprego-ibge\/#primaryimage"},"thumbnailUrl":"https:\/\/files.sunoresearch.com.br\/n\/uploads\/2019\/04\/d8254293-desemprego-jpg.webp","datePublished":"2019-09-27T15:46:04+00:00","dateModified":"2019-09-27T18:18:35+00:00","description":"A taxa de desemprego do Brasil caiu novamente e ficou em 11,8% no trimestre encerrado em agosto, ap\u00f3s ficar em 12,3% em maio.\u00a0Clique aqui","breadcrumb":{"@id":"https:\/\/www.suno.com.br\/noticias\/desemprego-cai-permanece-emprego-ibge\/#breadcrumb"},"inLanguage":"pt-BR","potentialAction":[{"@type":"ReadAction","target":["https:\/\/www.suno.com.br\/noticias\/desemprego-cai-permanece-emprego-ibge\/"]}]},{"@type":"ImageObject","inLanguage":"pt-BR","@id":"https:\/\/www.suno.com.br\/noticias\/desemprego-cai-permanece-emprego-ibge\/#primaryimage","url":"https:\/\/files.sunoresearch.com.br\/n\/uploads\/2019\/04\/d8254293-desemprego-jpg.webp","contentUrl":"https:\/\/files.sunoresearch.com.br\/n\/uploads\/2019\/04\/d8254293-desemprego-jpg.webp","width":1023,"height":680,"caption":"Desemprego deve aumentar nos pr\u00f3ximos meses, segundo IBGE"},{"@type":"BreadcrumbList","@id":"https:\/\/www.suno.com.br\/noticias\/desemprego-cai-permanece-emprego-ibge\/#breadcrumb","itemListElement":[{"@type":"ListItem","position":1,"name":"Not\u00edcias","item":"https:\/\/www.suno.com.br\/noticias\/"},{"@type":"ListItem","position":2,"name":"Economia","item":"https:\/\/www.suno.com.br\/noticias\/economia\/"},{"@type":"ListItem","position":3,"name":"Desemprego cai para 11,8% com informalidade atingindo maior n\u00edvel desde 2016"}]},{"@type":"WebSite","@id":"https:\/\/www.suno.com.br\/noticias\/#website","url":"https:\/\/www.suno.com.br\/noticias\/","name":"Suno Not\u00edcias","description":"Seu portal de informa\u00e7\u00e3o sobre o mundo dos investimentos","publisher":{"@id":"https:\/\/www.suno.com.br\/noticias\/#organization"},"potentialAction":[{"@type":"SearchAction","target":{"@type":"EntryPoint","urlTemplate":"https:\/\/www.suno.com.br\/noticias\/?s={search_term_string}"},"query-input":{"@type":"PropertyValueSpecification","valueRequired":true,"valueName":"search_term_string"}}],"inLanguage":"pt-BR"},{"@type":"Organization","@id":"https:\/\/www.suno.com.br\/noticias\/#organization","name":"Suno Not\u00edcias","url":"https:\/\/www.suno.com.br\/noticias\/","logo":{"@type":"ImageObject","inLanguage":"pt-BR","@id":"https:\/\/www.suno.com.br\/noticias\/#\/schema\/logo\/image\/","url":"https:\/\/files.sunoresearch.com.br\/n\/uploads\/2021\/09\/suno-logo.png","contentUrl":"https:\/\/files.sunoresearch.com.br\/n\/uploads\/2021\/09\/suno-logo.png","width":180,"height":180,"caption":"Suno Not\u00edcias"},"image":{"@id":"https:\/\/www.suno.com.br\/noticias\/#\/schema\/logo\/image\/"},"sameAs":["https:\/\/facebook.com\/sunoresearch","https:\/\/x.com\/sunoresearch","https:\/\/www.instagram.com\/suno","https:\/\/www.linkedin.com\/company\/suno-research\/","https:\/\/www.youtube.com\/c\/sunoresearch"]},{"@type":"Person","@id":"https:\/\/www.suno.com.br\/noticias\/#\/schema\/person\/02ec1f752758247878a2bf4abee1aeda","name":"Poliana Santos","image":{"@type":"ImageObject","inLanguage":"pt-BR","@id":"https:\/\/www.suno.com.br\/noticias\/#\/schema\/person\/image\/","url":"https:\/\/secure.gravatar.com\/avatar\/0645bd32f23d87b2130f2b2dff1d3f8d?s=96&r=g","contentUrl":"https:\/\/secure.gravatar.com\/avatar\/0645bd32f23d87b2130f2b2dff1d3f8d?s=96&r=g","caption":"Poliana Santos"},"description":"Rep\u00f3rter no Suno Not\u00edcias, com cobertura em mercado financeiro, economia, finan\u00e7as pessoais, renda fixa e varejo. Jornalista formada pela Faculdade C\u00e1sper L\u00edbero e possui passagem na R\u00e1dio Gazeta AM com a produ\u00e7\u00e3o de conte\u00fado sobre economia, pol\u00edtica, sa\u00fade, moda e m\u00fasica. Possui certificado de conclus\u00e3o do curso de An\u00e1lise de Balan\u00e7os pela Funda\u00e7\u00e3o Bradesco, Agenda Brasil pela FAAP, Educa\u00e7\u00e3o Pol\u00edtica por Alexandre Garcia e do Tesouro Direto e Mercado de A\u00e7\u00f5es pela B3.","url":"https:\/\/www.suno.com.br\/noticias\/author\/poliana-santos\/"}]}},"default_loop_html":"<div class=\"cardsPage__listCard__boxs\"><div class=\"cardsPage__listCard__boxs__img\"><a href=\"https:\/\/www.suno.com.br\/noticias\/desemprego-cai-permanece-emprego-ibge\/\"><img class=\"mask\" src=\"https:\/\/www.suno.com.br\/noticias\/wp-content\/themes\/suno\/resources\/images\/spotlight\/spotlight1img\/bg-mask.png\" alt=\"Image Mask\"\/><img src=\"https:\/\/files.sunoresearch.com.br\/n\/uploads\/2019\/04\/d8254293-desemprego-400x200.webp\" alt=\"Desemprego cai para 11,8% com informalidade atingindo maior n\u00edvel desde 2016\"\/><\/a><span class=\"spotlightCategory\"><a href=\"https:\/\/www.suno.com.br\/noticias\/economia\/\">Economia<\/a><\/span><\/div><div class=\"cardsPage__listCard__boxs__content\"><a href=\"https:\/\/www.suno.com.br\/noticias\/desemprego-cai-permanece-emprego-ibge\/\"><h2 class=\"content__title\">Desemprego cai para 11,8% com informalidade atingindo maior n\u00edvel desde 2016<\/h2><\/a><div class=\"newsContent__article__meta\"><div class=\"newsContent__article__meta__authorBox\"><a href=\"https:\/\/www.suno.com.br\/noticias\/author\/poliana-santos\/\" class=\"authorBox__avatar noMobi\"><img src=\"https:\/\/files.sunoresearch.com.br\/n\/uploads\/2020\/08\/7ef34026-whatsapp-image-2020-08-03-at-12.37.57-150x150.webp\" alt=\"Poliana Santos\"><\/a><div class=\"authorBox__name\"><span>por\n\t\t\t<a href=\"https:\/\/www.suno.com.br\/noticias\/author\/poliana-santos\/\"><span itemprop=\"author\">Poliana Santos<\/span><\/a><\/span><time datetime=\"2019-09-27T12:46:04-03:00\" itemprop=\"datePublished\">27\/09\/2019 12:46<\/time><\/div><\/div><\/div><\/div><\/div>","single_layout":"posts","amp_enabled":true,"_links":{"self":[{"href":"https:\/\/www.suno.com.br\/noticias\/wp-json\/wp\/v2\/posts\/39125"}],"collection":[{"href":"https:\/\/www.suno.com.br\/noticias\/wp-json\/wp\/v2\/posts"}],"about":[{"href":"https:\/\/www.suno.com.br\/noticias\/wp-json\/wp\/v2\/types\/post"}],"author":[{"embeddable":true,"href":"https:\/\/www.suno.com.br\/noticias\/wp-json\/wp\/v2\/users\/15"}],"replies":[{"embeddable":true,"href":"https:\/\/www.suno.com.br\/noticias\/wp-json\/wp\/v2\/comments?post=39125"}],"version-history":[{"count":0,"href":"https:\/\/www.suno.com.br\/noticias\/wp-json\/wp\/v2\/posts\/39125\/revisions"}],"wp:featuredmedia":[{"embeddable":true,"href":"https:\/\/www.suno.com.br\/noticias\/wp-json\/wp\/v2\/media\/22750"}],"wp:attachment":[{"href":"https:\/\/www.suno.com.br\/noticias\/wp-json\/wp\/v2\/media?parent=39125"}],"wp:term":[{"taxonomy":"category","embeddable":true,"href":"https:\/\/www.suno.com.br\/noticias\/wp-json\/wp\/v2\/categories?post=39125"},{"taxonomy":"post_tag","embeddable":true,"href":"https:\/\/www.suno.com.br\/noticias\/wp-json\/wp\/v2\/tags?post=39125"},{"taxonomy":"suno_strategy","embeddable":true,"href":"https:\/\/www.suno.com.br\/noticias\/wp-json\/wp\/v2\/suno_strategy?post=39125"}],"curies":[{"name":"wp","href":"https:\/\/api.w.org\/{rel}","templated":true}]}}