{"id":390545,"date":"2023-04-17T11:17:24","date_gmt":"2023-04-17T14:17:24","guid":{"rendered":"https:\/\/www.suno.com.br\/noticias\/?p=390545"},"modified":"2023-04-18T07:43:26","modified_gmt":"2023-04-18T10:43:26","slug":"ibc-br-previa-do-pib-trimestre-janeiro-banco-central","status":"publish","type":"post","link":"https:\/\/www.suno.com.br\/noticias\/ibc-br-previa-do-pib-trimestre-janeiro-banco-central\/","title":{"rendered":"IBC-Br: &#8216;Pr\u00e9via do PIB&#8217; mostra queda de 1,28% no trimestre at\u00e9 janeiro"},"content":{"rendered":"<p>A atividade econ\u00f4mica brasileira apresentou queda no trimestre finalizado em janeiro, conforme o <a href=\"https:\/\/www.suno.com.br\/noticias\/tags\/ibc-br\/\" target=\"_blank\" rel=\"noreferrer noopener\">\u00cdndice de Atividade do Banco Central, o <strong>IBC-Br<\/strong><\/a>. <\/p><div class=\"videoFull \">\n\t\t\t<div class=\"videoWrapper yt-lazyload center\"\n\t\t\t\tdata-width=\"960\"\n\t\t\t\tdata-height=\"540\"\n\t\t\t\tdata-id=\"gcJkR9JxhyU\"\n\t\t\t\tdata-alt=\"V\u00eddeo do YouTube - clique para reproduzir\"\n\t\t\t\tdata-logo=\"3\"\n\t\t\t\tdata-imagequality=\"maxres\">\n\t\t\t<\/div>\n\t\t<\/div><script type=\"application\/ld+json\">{\"@context\":\"https:\/\/schema.org\",\"@type\":\"VideoObject\",\"name\":\"D\u00d3LAR FECHA EM R$ 4,92: O QUE EST\u00c1 ACONTECENDO? | Realiza\u00e7\u00e3o de lucros derruba bolsa | Lula na China\",\"description\":\"#d\u00f3lar #c\u00e2mbio #real #ibovespa #bolsadevalores #mercadofinanceiro #lula #china #investimentos #livedas19h \u23f1\u1d0d\u026a\u0274\u1d1c\u1d1b\u1d00\u0262\u1d07\u1d0d 00:00 Abertura 02:00 Ibovespa cede 0,4%, mas mant\u00e9m 106 mil pontos; Petrobras #petr4 sobe e d\u00f3lar cai pela 3\u00aa vez na semana 04:45 Confira aqui o video do Ponto a Ponto sobre a curva de juros https:\/\/youtu.be\/d0_GptQgroo 05:01 Mapa dos ativos #viia3 #cemg3 #elet3\u2026\",\"duration\":\"PT27M50S\",\"embedUrl\":\"https:\/\/www.youtube.com\/embed\/gcJkR9JxhyU\",\"regionsAllowed\":\"pt-BR\",\"interactionStatistic\":{\"@type\":\"InteractionCounter\",\"interactionType\":{\"@type\":\"WatchAction\"},\"userInteractionCount\":3133},\"thumbnailUrl\":\"https:\/\/i.ytimg.com\/vi\/gcJkR9JxhyU\/default.jpg\",\"uploadDate\":\"2023-04-13T22:43:37Z\"}<\/script>\n\n\n\n\n\t<p>\n\t\t<a href=\"\" target=\"_blank\" data-element=\"shortcode-suno-banner\" title=\"Banner SUNO, clique e saiba mais\">\n\t\t\t<picture>\n\t\t\t\t<source media=\"(max-width: 500px)\" srcset=\"\">\n\t\t\t\t<img class=\"newsContent__article__imgCapa newsContent__article__imgCapa--banner\"\n\t\t\t\t\tsrc=\"\"\n\t\t\t\t\tdata-promo-id=\"240038\"\t\t\t\t\t\t\t\t\t\t\t\t\t\t\talt=\"\"\n\t\t\t\t>\n\t\t\t<\/picture>\n\t\t<\/a>\n\t<\/p>\n\n\n\n\n\n\n\n<p>Segundo os dados do Banco Central divulgados nesta segunda-feira (17), foi registrada uma <strong>queda de 1,28% no IBC-Br<\/strong> na compara\u00e7\u00e3o com os tr\u00eas meses anteriores (agosto a outubro), pela s\u00e9rie ajustada sazonalmente.<\/p>\n\n\n\n<p>Na compara\u00e7\u00e3o com o mesmo per\u00edodo de 2022, houve alta de 1,50% pela s\u00e9rie sem ajustes sazonais. Em 12 meses at\u00e9 janeiro, o IBC-Br mostra avan\u00e7o de 3,00%.<\/p>\n\n\n\n<p>Conhecido como uma esp\u00e9cie de &#8220;pr\u00e9via do BC&#8221; para o <a class=\"suno-keyword\" data-force=\"no\" data-priority=\"2\" href=\"https:\/\/www.suno.com.br\/artigos\/pib-produto-interno-bruto\/\" target=\"_blank\" rel=\"noopener\">Produto Interno Bruto (PIB)<\/a>, o IBC-Br serve mais precisamente como par\u00e2metro para avaliar o ritmo da economia brasileira ao longo dos meses.<\/p>\n\n\n\n<p>&#8220;A atividade econ\u00f4mica (IBC-Br) recuou 0,04% no comparativo mensal em janeiro (ap\u00f3s alta de 0,47% em dezembro), segundo o Banco Central. O n\u00famero ficou acima das expectativas do mercado de um recuo de 0,30% no m\u00eas, mas ainda abaixo das nossas expectativas de 0,60% de alta&#8221;, comentam os analistas David Beker e Natacha Perez, do Bank of American. <\/p>\n\n\n\n<p>&#8220;No comparativo anual, o \u00edndice aumentou 3,03% (de +0,83%). A impress\u00e3o refor\u00e7a a perspectiva de desacelera\u00e7\u00e3o para o in\u00edcio do ano, com o \u00edndice caindo 1,28% no trimestre, apesar do resultado positivo de dezembro&#8221;, completam.<\/p>\n\n\n\n<h2 class=\"wp-block-heading\">Revis\u00e3o do IBC-Br<\/h2>\n\n\n\n<p>O Banco Central revisou nesta segunda-feira dados de seu \u00cdndice de Atividade Econ\u00f4mica na margem, na s\u00e9rie com ajuste. O IBC-Br de dezembro foi ajustado de +0,29% para +0,47%.<\/p>\n\n\n\n<p>Em novembro, o \u00edndice passou de -0,77% para -1,13%, enquanto em outubro a revis\u00e3o foi de -0,43% para -0,51%. No caso de setembro, o desempenho foi atualizado de -0,22% para -0,33%.<\/p>\n\n\n\n<p>O \u00edndice de agosto passou de -1,38% para -1,51%.<\/p>\n\n\n\n<p>J\u00e1 o <strong>IBC-Br<\/strong> de julho foi alterado de +2,04% para +2,17%.<\/p>\n\n\n\n<p>Com Estad\u00e3o Conte\u00fado<\/p>\n\n\n\t<p>\n\t\t<a href=\"https:\/\/lp.suno.com.br\/ebook-gratuito-investindo-no-exterior\/\" target=\"_blank\" data-element=\"shortcode-suno-banner\" title=\"Banner SUNO, clique e saiba mais\">\n\t\t\t<picture>\n\t\t\t\t<source media=\"(max-width: 500px)\" srcset=\"https:\/\/files.sunoresearch.com.br\/n\/uploads\/2023\/03\/400x300-Investindo-no-exterior.png\">\n\t\t\t\t<img class=\"newsContent__article__imgCapa newsContent__article__imgCapa--banner\"\n\t\t\t\t\tsrc=\"https:\/\/files.sunoresearch.com.br\/n\/uploads\/2023\/03\/1420x240-Investindo-no-exterior.png\"\n\t\t\t\t\tdata-promo-id=\"383161\"\t\t\t\t\t\t\t\t\t\twidth='1420' height='240'\t\t\t\t\talt=\"https:\/\/files.sunoresearch.com.br\/n\/uploads\/2023\/03\/1420x240-Investindo-no-exterior.png\"\n\t\t\t\t>\n\t\t\t<\/picture>\n\t\t<\/a>\n\t<\/p>\n\n\n","protected":false},"excerpt":{"rendered":"<p>A atividade econ\u00f4mica brasileira apresentou queda no trimestre finalizado em janeiro, conforme o \u00cdndice de Atividade do Banco Central, o IBC-Br. Segundo os dados do Banco Central divulgados nesta segunda-feira (17), foi registrada uma queda de 1,28% no IBC-Br na compara\u00e7\u00e3o com os tr\u00eas meses anteriores (agosto a outubro), pela s\u00e9rie ajustada sazonalmente. Na compara\u00e7\u00e3o [&hellip;]<\/p>\n","protected":false},"author":73,"featured_media":5754,"comment_status":"closed","ping_status":"closed","sticky":false,"template":"","format":"standard","meta":[],"categories":[62],"tags":[106444,105816,875],"suno_strategy":[],"class_list":["post-390545","post","type-post","status-publish","format-standard","has-post-thumbnail","hentry","category-economia","tag-agencias","tag-especialistas","tag-ibc-br"],"yoast_head":"<!-- This site is optimized with the Yoast SEO plugin v24.4 - https:\/\/yoast.com\/wordpress\/plugins\/seo\/ -->\n<title>IBC-Br: &#039;Pr\u00e9via do PIB&#039; mostra queda de 1,28% no trimestre at\u00e9 janeiro<\/title>\n<meta name=\"description\" content=\"Na compara\u00e7\u00e3o com o mesmo per\u00edodo de 2022, houve alta de 1,50% no IBC-Br, pela s\u00e9rie sem ajustes sazonais. Clique e confira!\" \/>\n<meta name=\"robots\" content=\"index, follow, max-snippet:-1, max-image-preview:large, max-video-preview:-1\" \/>\n<link rel=\"canonical\" href=\"https:\/\/www.suno.com.br\/noticias\/ibc-br-previa-do-pib-trimestre-janeiro-banco-central\/\" \/>\n<meta property=\"og:locale\" content=\"pt_BR\" \/>\n<meta property=\"og:type\" content=\"article\" \/>\n<meta property=\"og:title\" content=\"IBC-Br: &#039;Pr\u00e9via do PIB&#039; mostra queda de 1,28% no trimestre at\u00e9 janeiro\" \/>\n<meta property=\"og:description\" content=\"Na compara\u00e7\u00e3o com o mesmo per\u00edodo de 2022, houve alta de 1,50% no IBC-Br, pela s\u00e9rie sem ajustes sazonais. Clique e confira!\" \/>\n<meta property=\"og:url\" content=\"https:\/\/www.suno.com.br\/noticias\/ibc-br-previa-do-pib-trimestre-janeiro-banco-central\/\" \/>\n<meta property=\"og:site_name\" content=\"Suno Not\u00edcias\" \/>\n<meta property=\"article:publisher\" content=\"https:\/\/facebook.com\/sunoresearch\" \/>\n<meta property=\"og:image\" content=\"https:\/\/files.sunoresearch.com.br\/n\/uploads\/2018\/10\/b3d8933a-eleitores-brasileiros.jpg\" \/>\n\t<meta property=\"og:image:width\" content=\"1920\" \/>\n\t<meta property=\"og:image:height\" content=\"1280\" \/>\n\t<meta property=\"og:image:type\" content=\"image\/jpeg\" \/>\n<meta name=\"author\" content=\"Eduardo Vargas\" \/>\n<meta name=\"twitter:card\" content=\"summary_large_image\" \/>\n<meta name=\"twitter:creator\" content=\"@sunoresearch\" \/>\n<meta name=\"twitter:site\" content=\"@sunoresearch\" \/>\n<meta name=\"twitter:label1\" content=\"Escrito por\" \/>\n\t<meta name=\"twitter:data1\" content=\"Eduardo Vargas\" \/>\n\t<meta name=\"twitter:label2\" content=\"Est. tempo de leitura\" \/>\n\t<meta name=\"twitter:data2\" content=\"2 minutos\" \/>\n<script type=\"application\/ld+json\" class=\"yoast-schema-graph\">{\"@context\":\"https:\/\/schema.org\",\"@graph\":[{\"@type\":\"NewsArticle\",\"@id\":\"https:\/\/www.suno.com.br\/noticias\/ibc-br-previa-do-pib-trimestre-janeiro-banco-central\/#article\",\"isPartOf\":{\"@id\":\"https:\/\/www.suno.com.br\/noticias\/ibc-br-previa-do-pib-trimestre-janeiro-banco-central\/\"},\"author\":{\"name\":\"Eduardo Vargas\",\"@id\":\"https:\/\/www.suno.com.br\/noticias\/#\/schema\/person\/7f4d362bf3518e76090143ae77bb49a5\"},\"headline\":\"IBC-Br: &#8216;Pr\u00e9via do PIB&#8217; mostra queda de 1,28% no trimestre at\u00e9 janeiro\",\"datePublished\":\"2023-04-17T14:17:24+00:00\",\"dateModified\":\"2023-04-18T10:43:26+00:00\",\"mainEntityOfPage\":{\"@id\":\"https:\/\/www.suno.com.br\/noticias\/ibc-br-previa-do-pib-trimestre-janeiro-banco-central\/\"},\"wordCount\":318,\"publisher\":{\"@id\":\"https:\/\/www.suno.com.br\/noticias\/#organization\"},\"image\":{\"@id\":\"https:\/\/www.suno.com.br\/noticias\/ibc-br-previa-do-pib-trimestre-janeiro-banco-central\/#primaryimage\"},\"thumbnailUrl\":\"https:\/\/files.sunoresearch.com.br\/n\/uploads\/2018\/10\/b3d8933a-eleitores-brasileiros-jpg.webp\",\"keywords\":[\"Ag\u00eancias\",\"Especialistas\",\"IBC-Br\"],\"articleSection\":[\"Economia\"],\"inLanguage\":\"pt-BR\"},{\"@type\":\"WebPage\",\"@id\":\"https:\/\/www.suno.com.br\/noticias\/ibc-br-previa-do-pib-trimestre-janeiro-banco-central\/\",\"url\":\"https:\/\/www.suno.com.br\/noticias\/ibc-br-previa-do-pib-trimestre-janeiro-banco-central\/\",\"name\":\"IBC-Br: 'Pr\u00e9via do PIB' mostra queda de 1,28% no trimestre at\u00e9 janeiro\",\"isPartOf\":{\"@id\":\"https:\/\/www.suno.com.br\/noticias\/#website\"},\"primaryImageOfPage\":{\"@id\":\"https:\/\/www.suno.com.br\/noticias\/ibc-br-previa-do-pib-trimestre-janeiro-banco-central\/#primaryimage\"},\"image\":{\"@id\":\"https:\/\/www.suno.com.br\/noticias\/ibc-br-previa-do-pib-trimestre-janeiro-banco-central\/#primaryimage\"},\"thumbnailUrl\":\"https:\/\/files.sunoresearch.com.br\/n\/uploads\/2018\/10\/b3d8933a-eleitores-brasileiros-jpg.webp\",\"datePublished\":\"2023-04-17T14:17:24+00:00\",\"dateModified\":\"2023-04-18T10:43:26+00:00\",\"description\":\"Na compara\u00e7\u00e3o com o mesmo per\u00edodo de 2022, houve alta de 1,50% no IBC-Br, pela s\u00e9rie sem ajustes sazonais. Clique e confira!\",\"breadcrumb\":{\"@id\":\"https:\/\/www.suno.com.br\/noticias\/ibc-br-previa-do-pib-trimestre-janeiro-banco-central\/#breadcrumb\"},\"inLanguage\":\"pt-BR\",\"potentialAction\":[{\"@type\":\"ReadAction\",\"target\":[\"https:\/\/www.suno.com.br\/noticias\/ibc-br-previa-do-pib-trimestre-janeiro-banco-central\/\"]}]},{\"@type\":\"ImageObject\",\"inLanguage\":\"pt-BR\",\"@id\":\"https:\/\/www.suno.com.br\/noticias\/ibc-br-previa-do-pib-trimestre-janeiro-banco-central\/#primaryimage\",\"url\":\"https:\/\/files.sunoresearch.com.br\/n\/uploads\/2018\/10\/b3d8933a-eleitores-brasileiros-jpg.webp\",\"contentUrl\":\"https:\/\/files.sunoresearch.com.br\/n\/uploads\/2018\/10\/b3d8933a-eleitores-brasileiros-jpg.webp\",\"width\":1920,\"height\":1280,\"caption\":\"IBC-Br recua 5,9% em mar\u00e7o devido \u00e0 pandemia do coronav\u00edrus\"},{\"@type\":\"BreadcrumbList\",\"@id\":\"https:\/\/www.suno.com.br\/noticias\/ibc-br-previa-do-pib-trimestre-janeiro-banco-central\/#breadcrumb\",\"itemListElement\":[{\"@type\":\"ListItem\",\"position\":1,\"name\":\"Not\u00edcias\",\"item\":\"https:\/\/www.suno.com.br\/noticias\/\"},{\"@type\":\"ListItem\",\"position\":2,\"name\":\"Economia\",\"item\":\"https:\/\/www.suno.com.br\/noticias\/economia\/\"},{\"@type\":\"ListItem\",\"position\":3,\"name\":\"IBC-Br: &#8216;Pr\u00e9via do PIB&#8217; mostra queda de 1,28% no trimestre at\u00e9 janeiro\"}]},{\"@type\":\"WebSite\",\"@id\":\"https:\/\/www.suno.com.br\/noticias\/#website\",\"url\":\"https:\/\/www.suno.com.br\/noticias\/\",\"name\":\"Suno Not\u00edcias\",\"description\":\"Seu portal de informa\u00e7\u00e3o sobre o mundo dos investimentos\",\"publisher\":{\"@id\":\"https:\/\/www.suno.com.br\/noticias\/#organization\"},\"potentialAction\":[{\"@type\":\"SearchAction\",\"target\":{\"@type\":\"EntryPoint\",\"urlTemplate\":\"https:\/\/www.suno.com.br\/noticias\/?s={search_term_string}\"},\"query-input\":{\"@type\":\"PropertyValueSpecification\",\"valueRequired\":true,\"valueName\":\"search_term_string\"}}],\"inLanguage\":\"pt-BR\"},{\"@type\":\"Organization\",\"@id\":\"https:\/\/www.suno.com.br\/noticias\/#organization\",\"name\":\"Suno Not\u00edcias\",\"url\":\"https:\/\/www.suno.com.br\/noticias\/\",\"logo\":{\"@type\":\"ImageObject\",\"inLanguage\":\"pt-BR\",\"@id\":\"https:\/\/www.suno.com.br\/noticias\/#\/schema\/logo\/image\/\",\"url\":\"https:\/\/files.sunoresearch.com.br\/n\/uploads\/2021\/09\/suno-logo.png\",\"contentUrl\":\"https:\/\/files.sunoresearch.com.br\/n\/uploads\/2021\/09\/suno-logo.png\",\"width\":180,\"height\":180,\"caption\":\"Suno Not\u00edcias\"},\"image\":{\"@id\":\"https:\/\/www.suno.com.br\/noticias\/#\/schema\/logo\/image\/\"},\"sameAs\":[\"https:\/\/facebook.com\/sunoresearch\",\"https:\/\/x.com\/sunoresearch\",\"https:\/\/www.instagram.com\/suno\",\"https:\/\/www.linkedin.com\/company\/suno-research\/\",\"https:\/\/www.youtube.com\/c\/sunoresearch\"]},{\"@type\":\"Person\",\"@id\":\"https:\/\/www.suno.com.br\/noticias\/#\/schema\/person\/7f4d362bf3518e76090143ae77bb49a5\",\"name\":\"Eduardo Vargas\",\"image\":{\"@type\":\"ImageObject\",\"inLanguage\":\"pt-BR\",\"@id\":\"https:\/\/www.suno.com.br\/noticias\/#\/schema\/person\/image\/\",\"url\":\"https:\/\/secure.gravatar.com\/avatar\/dac340933427a22924c9f99d1eb2e3f2?s=96&r=g\",\"contentUrl\":\"https:\/\/secure.gravatar.com\/avatar\/dac340933427a22924c9f99d1eb2e3f2?s=96&r=g\",\"caption\":\"Eduardo Vargas\"},\"description\":\"Jornalista formado pela UFSC, cobre macroeconomia, neg\u00f3cios e startups para o Suno Not\u00edcias, escrevendo principalmente not\u00edcias sobre o mercado financeiro e a bolsa de valores. No YouTube e no Instagram, \u00e9 respons\u00e1vel pela produ\u00e7\u00e3o de Reels e Shorts do Suno Not\u00edcias. Anteriormente, trabalhou cobrindo economia e cotidiano no ND+ e para o ND, maior jornal impresso de Santa Catarina. Cursou um semestre letivo de Estudos de M\u00eddia na Universidad de Buenos Aires.\",\"url\":\"https:\/\/www.suno.com.br\/noticias\/author\/eduardo-vargas\/\"}]}<\/script>\n<!-- \/ Yoast SEO plugin. -->","yoast_head_json":{"title":"IBC-Br: 'Pr\u00e9via do PIB' mostra queda de 1,28% no trimestre at\u00e9 janeiro","description":"Na compara\u00e7\u00e3o com o mesmo per\u00edodo de 2022, houve alta de 1,50% no IBC-Br, pela s\u00e9rie sem ajustes sazonais. Clique e confira!","robots":{"index":"index","follow":"follow","max-snippet":"max-snippet:-1","max-image-preview":"max-image-preview:large","max-video-preview":"max-video-preview:-1"},"canonical":"https:\/\/www.suno.com.br\/noticias\/ibc-br-previa-do-pib-trimestre-janeiro-banco-central\/","og_locale":"pt_BR","og_type":"article","og_title":"IBC-Br: 'Pr\u00e9via do PIB' mostra queda de 1,28% no trimestre at\u00e9 janeiro","og_description":"Na compara\u00e7\u00e3o com o mesmo per\u00edodo de 2022, houve alta de 1,50% no IBC-Br, pela s\u00e9rie sem ajustes sazonais. Clique e confira!","og_url":"https:\/\/www.suno.com.br\/noticias\/ibc-br-previa-do-pib-trimestre-janeiro-banco-central\/","og_site_name":"Suno Not\u00edcias","article_publisher":"https:\/\/facebook.com\/sunoresearch","og_image":[{"width":1920,"height":1280,"url":"https:\/\/files.sunoresearch.com.br\/n\/uploads\/2018\/10\/b3d8933a-eleitores-brasileiros.jpg","type":"image\/jpeg"}],"author":"Eduardo Vargas","twitter_card":"summary_large_image","twitter_creator":"@sunoresearch","twitter_site":"@sunoresearch","twitter_misc":{"Escrito por":"Eduardo Vargas","Est. tempo de leitura":"2 minutos"},"schema":{"@context":"https:\/\/schema.org","@graph":[{"@type":"NewsArticle","@id":"https:\/\/www.suno.com.br\/noticias\/ibc-br-previa-do-pib-trimestre-janeiro-banco-central\/#article","isPartOf":{"@id":"https:\/\/www.suno.com.br\/noticias\/ibc-br-previa-do-pib-trimestre-janeiro-banco-central\/"},"author":{"name":"Eduardo Vargas","@id":"https:\/\/www.suno.com.br\/noticias\/#\/schema\/person\/7f4d362bf3518e76090143ae77bb49a5"},"headline":"IBC-Br: &#8216;Pr\u00e9via do PIB&#8217; mostra queda de 1,28% no trimestre at\u00e9 janeiro","datePublished":"2023-04-17T14:17:24+00:00","dateModified":"2023-04-18T10:43:26+00:00","mainEntityOfPage":{"@id":"https:\/\/www.suno.com.br\/noticias\/ibc-br-previa-do-pib-trimestre-janeiro-banco-central\/"},"wordCount":318,"publisher":{"@id":"https:\/\/www.suno.com.br\/noticias\/#organization"},"image":{"@id":"https:\/\/www.suno.com.br\/noticias\/ibc-br-previa-do-pib-trimestre-janeiro-banco-central\/#primaryimage"},"thumbnailUrl":"https:\/\/files.sunoresearch.com.br\/n\/uploads\/2018\/10\/b3d8933a-eleitores-brasileiros-jpg.webp","keywords":["Ag\u00eancias","Especialistas","IBC-Br"],"articleSection":["Economia"],"inLanguage":"pt-BR"},{"@type":"WebPage","@id":"https:\/\/www.suno.com.br\/noticias\/ibc-br-previa-do-pib-trimestre-janeiro-banco-central\/","url":"https:\/\/www.suno.com.br\/noticias\/ibc-br-previa-do-pib-trimestre-janeiro-banco-central\/","name":"IBC-Br: 'Pr\u00e9via do PIB' mostra queda de 1,28% no trimestre at\u00e9 janeiro","isPartOf":{"@id":"https:\/\/www.suno.com.br\/noticias\/#website"},"primaryImageOfPage":{"@id":"https:\/\/www.suno.com.br\/noticias\/ibc-br-previa-do-pib-trimestre-janeiro-banco-central\/#primaryimage"},"image":{"@id":"https:\/\/www.suno.com.br\/noticias\/ibc-br-previa-do-pib-trimestre-janeiro-banco-central\/#primaryimage"},"thumbnailUrl":"https:\/\/files.sunoresearch.com.br\/n\/uploads\/2018\/10\/b3d8933a-eleitores-brasileiros-jpg.webp","datePublished":"2023-04-17T14:17:24+00:00","dateModified":"2023-04-18T10:43:26+00:00","description":"Na compara\u00e7\u00e3o com o mesmo per\u00edodo de 2022, houve alta de 1,50% no IBC-Br, pela s\u00e9rie sem ajustes sazonais. Clique e confira!","breadcrumb":{"@id":"https:\/\/www.suno.com.br\/noticias\/ibc-br-previa-do-pib-trimestre-janeiro-banco-central\/#breadcrumb"},"inLanguage":"pt-BR","potentialAction":[{"@type":"ReadAction","target":["https:\/\/www.suno.com.br\/noticias\/ibc-br-previa-do-pib-trimestre-janeiro-banco-central\/"]}]},{"@type":"ImageObject","inLanguage":"pt-BR","@id":"https:\/\/www.suno.com.br\/noticias\/ibc-br-previa-do-pib-trimestre-janeiro-banco-central\/#primaryimage","url":"https:\/\/files.sunoresearch.com.br\/n\/uploads\/2018\/10\/b3d8933a-eleitores-brasileiros-jpg.webp","contentUrl":"https:\/\/files.sunoresearch.com.br\/n\/uploads\/2018\/10\/b3d8933a-eleitores-brasileiros-jpg.webp","width":1920,"height":1280,"caption":"IBC-Br recua 5,9% em mar\u00e7o devido \u00e0 pandemia do coronav\u00edrus"},{"@type":"BreadcrumbList","@id":"https:\/\/www.suno.com.br\/noticias\/ibc-br-previa-do-pib-trimestre-janeiro-banco-central\/#breadcrumb","itemListElement":[{"@type":"ListItem","position":1,"name":"Not\u00edcias","item":"https:\/\/www.suno.com.br\/noticias\/"},{"@type":"ListItem","position":2,"name":"Economia","item":"https:\/\/www.suno.com.br\/noticias\/economia\/"},{"@type":"ListItem","position":3,"name":"IBC-Br: &#8216;Pr\u00e9via do PIB&#8217; mostra queda de 1,28% no trimestre at\u00e9 janeiro"}]},{"@type":"WebSite","@id":"https:\/\/www.suno.com.br\/noticias\/#website","url":"https:\/\/www.suno.com.br\/noticias\/","name":"Suno Not\u00edcias","description":"Seu portal de informa\u00e7\u00e3o sobre o mundo dos investimentos","publisher":{"@id":"https:\/\/www.suno.com.br\/noticias\/#organization"},"potentialAction":[{"@type":"SearchAction","target":{"@type":"EntryPoint","urlTemplate":"https:\/\/www.suno.com.br\/noticias\/?s={search_term_string}"},"query-input":{"@type":"PropertyValueSpecification","valueRequired":true,"valueName":"search_term_string"}}],"inLanguage":"pt-BR"},{"@type":"Organization","@id":"https:\/\/www.suno.com.br\/noticias\/#organization","name":"Suno Not\u00edcias","url":"https:\/\/www.suno.com.br\/noticias\/","logo":{"@type":"ImageObject","inLanguage":"pt-BR","@id":"https:\/\/www.suno.com.br\/noticias\/#\/schema\/logo\/image\/","url":"https:\/\/files.sunoresearch.com.br\/n\/uploads\/2021\/09\/suno-logo.png","contentUrl":"https:\/\/files.sunoresearch.com.br\/n\/uploads\/2021\/09\/suno-logo.png","width":180,"height":180,"caption":"Suno Not\u00edcias"},"image":{"@id":"https:\/\/www.suno.com.br\/noticias\/#\/schema\/logo\/image\/"},"sameAs":["https:\/\/facebook.com\/sunoresearch","https:\/\/x.com\/sunoresearch","https:\/\/www.instagram.com\/suno","https:\/\/www.linkedin.com\/company\/suno-research\/","https:\/\/www.youtube.com\/c\/sunoresearch"]},{"@type":"Person","@id":"https:\/\/www.suno.com.br\/noticias\/#\/schema\/person\/7f4d362bf3518e76090143ae77bb49a5","name":"Eduardo Vargas","image":{"@type":"ImageObject","inLanguage":"pt-BR","@id":"https:\/\/www.suno.com.br\/noticias\/#\/schema\/person\/image\/","url":"https:\/\/secure.gravatar.com\/avatar\/dac340933427a22924c9f99d1eb2e3f2?s=96&r=g","contentUrl":"https:\/\/secure.gravatar.com\/avatar\/dac340933427a22924c9f99d1eb2e3f2?s=96&r=g","caption":"Eduardo Vargas"},"description":"Jornalista formado pela UFSC, cobre macroeconomia, neg\u00f3cios e startups para o Suno Not\u00edcias, escrevendo principalmente not\u00edcias sobre o mercado financeiro e a bolsa de valores. No YouTube e no Instagram, \u00e9 respons\u00e1vel pela produ\u00e7\u00e3o de Reels e Shorts do Suno Not\u00edcias. Anteriormente, trabalhou cobrindo economia e cotidiano no ND+ e para o ND, maior jornal impresso de Santa Catarina. Cursou um semestre letivo de Estudos de M\u00eddia na Universidad de Buenos Aires.","url":"https:\/\/www.suno.com.br\/noticias\/author\/eduardo-vargas\/"}]}},"default_loop_html":"<div class=\"cardsPage__listCard__boxs\"><div class=\"cardsPage__listCard__boxs__img\"><a href=\"https:\/\/www.suno.com.br\/noticias\/ibc-br-previa-do-pib-trimestre-janeiro-banco-central\/\"><img class=\"mask\" src=\"https:\/\/www.suno.com.br\/noticias\/wp-content\/themes\/suno\/resources\/images\/spotlight\/spotlight1img\/bg-mask.png\" alt=\"Image Mask\"\/><img src=\"https:\/\/files.sunoresearch.com.br\/n\/uploads\/2018\/10\/b3d8933a-eleitores-brasileiros-400x200.webp\" alt=\"IBC-Br: &#8216;Pr\u00e9via do PIB&#8217; mostra queda de 1,28% no trimestre at\u00e9 janeiro\"\/><\/a><span class=\"spotlightCategory\"><a href=\"https:\/\/www.suno.com.br\/noticias\/economia\/\">Economia<\/a><\/span><\/div><div class=\"cardsPage__listCard__boxs__content\"><a href=\"https:\/\/www.suno.com.br\/noticias\/ibc-br-previa-do-pib-trimestre-janeiro-banco-central\/\"><h2 class=\"content__title\">IBC-Br: &#8216;Pr\u00e9via do PIB&#8217; mostra queda de 1,28% no trimestre at\u00e9 janeiro<\/h2><\/a><div class=\"newsContent__article__meta\"><div class=\"newsContent__article__meta__authorBox\"><a href=\"https:\/\/www.suno.com.br\/noticias\/author\/eduardo-vargas\/\" class=\"authorBox__avatar noMobi\"><img src=\"https:\/\/secure.gravatar.com\/avatar\/dac340933427a22924c9f99d1eb2e3f2?s=96&#038;r=g\" alt=\"Eduardo Vargas\"><\/a><div class=\"authorBox__name\"><span>por\n\t\t\t<a href=\"https:\/\/www.suno.com.br\/noticias\/author\/eduardo-vargas\/\"><span itemprop=\"author\">Eduardo Vargas<\/span><\/a><\/span><time datetime=\"2023-04-17T11:17:24-03:00\" itemprop=\"datePublished\">17\/04\/2023 11:17<\/time><\/div><\/div><\/div><\/div><\/div>","single_layout":"posts","amp_enabled":true,"_links":{"self":[{"href":"https:\/\/www.suno.com.br\/noticias\/wp-json\/wp\/v2\/posts\/390545"}],"collection":[{"href":"https:\/\/www.suno.com.br\/noticias\/wp-json\/wp\/v2\/posts"}],"about":[{"href":"https:\/\/www.suno.com.br\/noticias\/wp-json\/wp\/v2\/types\/post"}],"author":[{"embeddable":true,"href":"https:\/\/www.suno.com.br\/noticias\/wp-json\/wp\/v2\/users\/73"}],"replies":[{"embeddable":true,"href":"https:\/\/www.suno.com.br\/noticias\/wp-json\/wp\/v2\/comments?post=390545"}],"version-history":[{"count":3,"href":"https:\/\/www.suno.com.br\/noticias\/wp-json\/wp\/v2\/posts\/390545\/revisions"}],"predecessor-version":[{"id":391059,"href":"https:\/\/www.suno.com.br\/noticias\/wp-json\/wp\/v2\/posts\/390545\/revisions\/391059"}],"wp:featuredmedia":[{"embeddable":true,"href":"https:\/\/www.suno.com.br\/noticias\/wp-json\/wp\/v2\/media\/5754"}],"wp:attachment":[{"href":"https:\/\/www.suno.com.br\/noticias\/wp-json\/wp\/v2\/media?parent=390545"}],"wp:term":[{"taxonomy":"category","embeddable":true,"href":"https:\/\/www.suno.com.br\/noticias\/wp-json\/wp\/v2\/categories?post=390545"},{"taxonomy":"post_tag","embeddable":true,"href":"https:\/\/www.suno.com.br\/noticias\/wp-json\/wp\/v2\/tags?post=390545"},{"taxonomy":"suno_strategy","embeddable":true,"href":"https:\/\/www.suno.com.br\/noticias\/wp-json\/wp\/v2\/suno_strategy?post=390545"}],"curies":[{"name":"wp","href":"https:\/\/api.w.org\/{rel}","templated":true}]}}