{"id":38971,"date":"2019-09-26T12:23:46","date_gmt":"2019-09-26T15:23:46","guid":{"rendered":"https:\/\/www.suno.com.br\/noticias\/?p=38971"},"modified":"2019-09-30T12:58:13","modified_gmt":"2019-09-30T15:58:13","slug":"ca-deve-definir-preco-das-acoes-para-o-ipo","status":"publish","type":"post","link":"https:\/\/www.suno.com.br\/noticias\/ca-deve-definir-preco-das-acoes-para-o-ipo\/","title":{"rendered":"C&#038;A deve definir pre\u00e7o das a\u00e7\u00f5es para o IPO em outubro, diz jornal"},"content":{"rendered":"<p>Ap\u00f3s as primeiras reuni\u00f5es com investidores, a C&amp;A ir\u00e1 continuar com o processo da <a href=\"https:\/\/www.suno.com.br\/artigos\/vale-pena-investir-em-um-ipo\/\">oferta inicial de a\u00e7\u00f5es (IPO)<\/a>. Dessa forma, a companhia deve precificar os pap\u00e9is at\u00e9 o final de outubro.<\/p>\t<div class=\"wrapper-featured-image\">\n\t\t<figure class=\"spotlightImg\">\n\n\t\t\t<picture>\n\t\t\t\t<source media=\"(max-width: 768px)\" srcset=\"https:\/\/files.sunoresearch.com.br\/n\/uploads\/2019\/09\/472fab4d-ca-400x200.webp\">\n\t\t\t\t<img loading=\"lazy\" decoding=\"async\" class=\"newsContent__article__imgCapa lazyloadDisabled newsContent__article__imgCapa--noCaption\" src=\"https:\/\/files.sunoresearch.com.br\/n\/uploads\/2019\/09\/472fab4d-ca-800x450.webp\" width=\"800\" height=\"450\" alt=\"C&#038;A deve definir pre\u00e7o das a\u00e7\u00f5es para o IPO em outubro, diz jornal\" fetchpriority=high \/>\n\t\t\t<\/picture>\n\n\t\t\t<figcaption class=\"wp-caption-text wp-caption-text--hide\">C&amp;A (CEAB3). Foto: Divulga\u00e7\u00e3o<\/figcaption>\n\t\t<\/figure>\n\t<\/div>\n\n\n\n<p>De acordo com as informa\u00e7\u00f5es publicadas pelo &#8220;O Estado de S.Paulo&#8221; na manh\u00e3 desta quinta-feira (26), para que a <strong>C&amp;A<\/strong> consiga prosseguir no processo de sua abertura de capital, a marca holandesa necessita atualizar o prospecto encaminhado \u00e0 <a href=\"https:\/\/www.suno.com.br\/artigos\/cvm\/\"><strong>Comiss\u00e3o de Valores Mobili\u00e1rios (CVM)<\/strong><\/a> na pr\u00f3xima semana. A empresa estima ser avaliada em R$ 5 bilh\u00f5es em seu <a href=\"https:\/\/www.suno.com.br\/artigos\/o-que-fazer-9-fatos-sobre-valuation\/\">valuation<\/a>.<\/p>\n<p>No entanto, segundo fontes, a <strong>varejista<\/strong> n\u00e3o causou impacto nas primeiras reuni\u00f5es com investidores. A companhia afirma que, no ano passado, teve uma <a href=\"https:\/\/www.suno.com.br\/artigos\/o-que-receita-liquida\/\">receita l\u00edquida<\/a> de R$ 5,17 bilh\u00f5es, um aumento de 2,6% em compara\u00e7\u00e3o a 2017. J\u00e1 o <a href=\"https:\/\/www.suno.com.br\/artigos\/lucro-liquido\/\">lucro l\u00edquido<\/a> de 2018 somou R$ 173,6 milh\u00f5es, aumento de 79,2% na compara\u00e7\u00e3o anual.<\/p>\n<p><a href=\"https:\/\/www.suno.com.br\/noticias\/odebrecht-e-bancos-credores-reforcam-procura-por-acordo-sobre-braskem\/\">Confira: Odebrecht e bancos credores refor\u00e7am procura por acordo sobre Braskem<\/a><\/p>\n<p>Al\u00e9m de ter passado a impress\u00e3o de n\u00e3o ter crescido substancialmente nos \u00faltimos sete anos, a principal concorrente, a <strong>Lojas Renner<\/strong> (LREN3), demonstra prometer um futuro promissor.<\/p>\n<p>Segundo o &#8220;O Estado de S.Paulo&#8221;, a <strong>C&amp;A<\/strong> esperava atrair a aten\u00e7\u00e3o dos potenciais investidores, uma vez que \u00e9 uma marca consolidada no mercado brasileiro, possuindo 282 lojas f\u00edsicas. De acordo com o prospecto liminar encaminhado \u00e0 <strong>CVM<\/strong>, a participa\u00e7\u00e3o do varejo de vestu\u00e1rio fica por volta de 10% a 20%.<\/p>\n<p>Al\u00e9m da XP Investimentos, o <strong>IPO<\/strong> da <strong>C&amp;A<\/strong> ser\u00e1 coordenado pelos bancos:<\/p>\n<ul>\n<li>Morgan Stanley (NYSE:MS)<\/li>\n<li>Bradesco BBI (BBDC4)<\/li>\n<li>BTG Pactual (BPAC11)<\/li>\n<li>Citi Santander (SANB11)<\/li>\n<\/ul>\n<h2>Plano de expans\u00e3o da C&amp;A<\/h2>\n<p>No documento de representa\u00e7\u00e3o para o <strong>IPO<\/strong>, a <strong>C&amp;A<\/strong> apresentou\u00a0um plano de expans\u00e3o que prev\u00ea a abertura de 159 novas lojas no Brasil. Al\u00e9m disso, a empresa tamb\u00e9m pretende melhorar sua plataforma de com\u00e9rcio eletr\u00f4nico e as ofertas de produtos financeiros.<\/p>\n\t<p>\n\t\t<a href=\"https:\/\/lp.suno.com.br\/ebook-como-analisar-uma-acao\/\" target=\"_blank\" data-element=\"shortcode-suno-banner\" title=\"Banner SUNO, clique e saiba mais\">\n\t\t\t<picture>\n\t\t\t\t<source media=\"(max-width: 500px)\" srcset=\"https:\/\/files.sunoresearch.com.br\/n\/uploads\/2023\/03\/Ebook-Acoes-Mobile-1.jpg\">\n\t\t\t\t<img class=\"newsContent__article__imgCapa newsContent__article__imgCapa--banner\"\n\t\t\t\t\tsrc=\"https:\/\/files.sunoresearch.com.br\/n\/uploads\/2023\/03\/Ebook-Acoes-Desktop-1.jpg\"\n\t\t\t\t\tdata-promo-id=\"171998\"\t\t\t\t\t\t\t\t\t\twidth='1420' height='286'\t\t\t\t\talt=\"https:\/\/files.sunoresearch.com.br\/n\/uploads\/2023\/03\/Ebook-Acoes-Desktop-1.jpg\"\n\t\t\t\t>\n\t\t\t<\/picture>\n\t\t<\/a>\n\t<\/p>\n\n\n<p>A varejista deveria abrir mais um centro de distribui\u00e7\u00e3o para apoiar esse plano de crescimento. Ao mesmo tempo ser\u00e3o realizadas aquisi\u00e7\u00f5es de outras empresas.<\/p>\n<p>A acionista vendedora na oferta secund\u00e1ria ser\u00e1 a fam\u00edlia Brenninkmeijer, dos irm\u00e3os Clemens e August cujas iniciais deram origem \u00e0 marca na Holandesa em 1861.<\/p>\n<p><a href=\"https:\/\/www.suno.com.br\/noticias\/nova-oferta-de-acoes-banco-do-brasil-podera-levantar-2-bilhoes\/\">Veja tamb\u00e9m: Nova oferta de a\u00e7\u00f5es do Banco do Brasil poder\u00e1 levantar R$ 2,9 bilh\u00f5es<\/a><\/p>\n<p>A venda do lote secund\u00e1rio ser\u00e1 realizada por meio da Cofra Investments e Incas SA. Dois ve\u00edculos de investimentos baseados no Luxemburgo e controlados pela fam\u00edlia fundadora da <strong>C&amp;A<\/strong>.<\/p>\n<p>A <strong>C&amp;A<\/strong> chegou no no <strong>Brasil<\/strong> em 1976, abrindo sua primeira loja no shopping Ibirapuera, em S\u00e3o Paulo. Ela \u00e9 a segunda maior empresa do segmento em termos de receita l\u00edquida entre as companhias listadas na <a href=\"https:\/\/www.suno.com.br\/artigos\/bovespa-precedente-b3\/\"><strong>Bolsa de Valores de S\u00e3o Paulo (B3)<\/strong><\/a>.<\/p>\n","protected":false},"excerpt":{"rendered":"<p>Ap\u00f3s as primeiras reuni\u00f5es com investidores, a C&amp;A ir\u00e1 continuar com o processo da oferta inicial de a\u00e7\u00f5es (IPO). Dessa forma, a companhia deve precificar os pap\u00e9is at\u00e9 o final de outubro. C&amp;A (CEAB3). Foto: Divulga\u00e7\u00e3o De acordo com as informa\u00e7\u00f5es publicadas pelo &#8220;O Estado de S.Paulo&#8221; na manh\u00e3 desta quinta-feira (26), para que a [&hellip;]<\/p>\n","protected":false},"author":24,"featured_media":38972,"comment_status":"closed","ping_status":"closed","sticky":false,"template":"","format":"standard","meta":[],"categories":[64],"tags":[309,319,803],"suno_strategy":[],"class_list":["post-38971","post","type-post","status-publish","format-standard","has-post-thumbnail","hentry","category-negocios","tag-bolsa-de-valores","tag-ipo-oferta-inicial-de-acoes","tag-varejo"],"yoast_head":"<!-- This site is optimized with the Yoast SEO plugin v24.4 - https:\/\/yoast.com\/wordpress\/plugins\/seo\/ -->\n<title>C&amp;A deve definir pre\u00e7o das a\u00e7\u00f5es para o IPO em outubro, diz jornal<\/title>\n<meta name=\"description\" content=\"Ap\u00f3s as primeiras reuni\u00f5es com investidores, a C&amp;A, varejista de moda, ir\u00e1 continuar com o processo para o IPO. Clique aqui e saiba mais.\" \/>\n<meta name=\"robots\" content=\"index, follow, max-snippet:-1, max-image-preview:large, max-video-preview:-1\" \/>\n<link rel=\"canonical\" href=\"https:\/\/www.suno.com.br\/noticias\/ca-deve-definir-preco-das-acoes-para-o-ipo\/\" \/>\n<meta property=\"og:locale\" content=\"pt_BR\" \/>\n<meta property=\"og:type\" content=\"article\" \/>\n<meta property=\"og:title\" content=\"C&amp;A deve definir pre\u00e7o das a\u00e7\u00f5es para o IPO em outubro, diz jornal\" \/>\n<meta property=\"og:description\" content=\"Ap\u00f3s as primeiras reuni\u00f5es com investidores, a C&amp;A, varejista de moda, ir\u00e1 continuar com o processo para o IPO. Clique aqui e saiba mais.\" \/>\n<meta property=\"og:url\" content=\"https:\/\/www.suno.com.br\/noticias\/ca-deve-definir-preco-das-acoes-para-o-ipo\/\" \/>\n<meta property=\"og:site_name\" content=\"Suno Not\u00edcias\" \/>\n<meta property=\"article:publisher\" content=\"https:\/\/facebook.com\/sunoresearch\" \/>\n<meta property=\"og:image\" content=\"https:\/\/files.sunoresearch.com.br\/n\/uploads\/2019\/09\/472fab4d-ca.jpg\" \/>\n\t<meta property=\"og:image:width\" content=\"2048\" \/>\n\t<meta property=\"og:image:height\" content=\"1195\" \/>\n\t<meta property=\"og:image:type\" content=\"image\/jpeg\" \/>\n<meta name=\"author\" content=\"Jader Lazarini\" \/>\n<meta name=\"twitter:card\" content=\"summary_large_image\" \/>\n<meta name=\"twitter:creator\" content=\"@sunoresearch\" \/>\n<meta name=\"twitter:site\" content=\"@sunoresearch\" \/>\n<meta name=\"twitter:label1\" content=\"Escrito por\" \/>\n\t<meta name=\"twitter:data1\" content=\"Jader Lazarini\" \/>\n\t<meta name=\"twitter:label2\" content=\"Est. tempo de leitura\" \/>\n\t<meta name=\"twitter:data2\" content=\"2 minutos\" \/>\n<script type=\"application\/ld+json\" class=\"yoast-schema-graph\">{\"@context\":\"https:\/\/schema.org\",\"@graph\":[{\"@type\":\"NewsArticle\",\"@id\":\"https:\/\/www.suno.com.br\/noticias\/ca-deve-definir-preco-das-acoes-para-o-ipo\/#article\",\"isPartOf\":{\"@id\":\"https:\/\/www.suno.com.br\/noticias\/ca-deve-definir-preco-das-acoes-para-o-ipo\/\"},\"author\":{\"name\":\"Jader Lazarini\",\"@id\":\"https:\/\/www.suno.com.br\/noticias\/#\/schema\/person\/918d79de1f0281f01599b93f9ea6e23f\"},\"headline\":\"C&#038;A deve definir pre\u00e7o das a\u00e7\u00f5es para o IPO em outubro, diz jornal\",\"datePublished\":\"2019-09-26T15:23:46+00:00\",\"dateModified\":\"2019-09-30T15:58:13+00:00\",\"mainEntityOfPage\":{\"@id\":\"https:\/\/www.suno.com.br\/noticias\/ca-deve-definir-preco-das-acoes-para-o-ipo\/\"},\"wordCount\":507,\"publisher\":{\"@id\":\"https:\/\/www.suno.com.br\/noticias\/#organization\"},\"image\":{\"@id\":\"https:\/\/www.suno.com.br\/noticias\/ca-deve-definir-preco-das-acoes-para-o-ipo\/#primaryimage\"},\"thumbnailUrl\":\"https:\/\/files.sunoresearch.com.br\/n\/uploads\/2019\/09\/472fab4d-ca-jpg.webp\",\"keywords\":[\"Bolsa de Valores\",\"IPO (Oferta Inicial de A\u00e7\u00f5es)\",\"varejo\"],\"articleSection\":[\"Neg\u00f3cios\"],\"inLanguage\":\"pt-BR\"},{\"@type\":\"WebPage\",\"@id\":\"https:\/\/www.suno.com.br\/noticias\/ca-deve-definir-preco-das-acoes-para-o-ipo\/\",\"url\":\"https:\/\/www.suno.com.br\/noticias\/ca-deve-definir-preco-das-acoes-para-o-ipo\/\",\"name\":\"C&A deve definir pre\u00e7o das a\u00e7\u00f5es para o IPO em outubro, diz jornal\",\"isPartOf\":{\"@id\":\"https:\/\/www.suno.com.br\/noticias\/#website\"},\"primaryImageOfPage\":{\"@id\":\"https:\/\/www.suno.com.br\/noticias\/ca-deve-definir-preco-das-acoes-para-o-ipo\/#primaryimage\"},\"image\":{\"@id\":\"https:\/\/www.suno.com.br\/noticias\/ca-deve-definir-preco-das-acoes-para-o-ipo\/#primaryimage\"},\"thumbnailUrl\":\"https:\/\/files.sunoresearch.com.br\/n\/uploads\/2019\/09\/472fab4d-ca-jpg.webp\",\"datePublished\":\"2019-09-26T15:23:46+00:00\",\"dateModified\":\"2019-09-30T15:58:13+00:00\",\"description\":\"Ap\u00f3s as primeiras reuni\u00f5es com investidores, a C&A, varejista de moda, ir\u00e1 continuar com o processo para o IPO. Clique aqui e saiba mais.\",\"breadcrumb\":{\"@id\":\"https:\/\/www.suno.com.br\/noticias\/ca-deve-definir-preco-das-acoes-para-o-ipo\/#breadcrumb\"},\"inLanguage\":\"pt-BR\",\"potentialAction\":[{\"@type\":\"ReadAction\",\"target\":[\"https:\/\/www.suno.com.br\/noticias\/ca-deve-definir-preco-das-acoes-para-o-ipo\/\"]}]},{\"@type\":\"ImageObject\",\"inLanguage\":\"pt-BR\",\"@id\":\"https:\/\/www.suno.com.br\/noticias\/ca-deve-definir-preco-das-acoes-para-o-ipo\/#primaryimage\",\"url\":\"https:\/\/files.sunoresearch.com.br\/n\/uploads\/2019\/09\/472fab4d-ca-jpg.webp\",\"contentUrl\":\"https:\/\/files.sunoresearch.com.br\/n\/uploads\/2019\/09\/472fab4d-ca-jpg.webp\",\"width\":2048,\"height\":1195,\"caption\":\"C&A (CEAB3). Foto: Divulga\u00e7\u00e3o\"},{\"@type\":\"BreadcrumbList\",\"@id\":\"https:\/\/www.suno.com.br\/noticias\/ca-deve-definir-preco-das-acoes-para-o-ipo\/#breadcrumb\",\"itemListElement\":[{\"@type\":\"ListItem\",\"position\":1,\"name\":\"Not\u00edcias\",\"item\":\"https:\/\/www.suno.com.br\/noticias\/\"},{\"@type\":\"ListItem\",\"position\":2,\"name\":\"Neg\u00f3cios\",\"item\":\"https:\/\/www.suno.com.br\/noticias\/negocios\/\"},{\"@type\":\"ListItem\",\"position\":3,\"name\":\"C&#038;A deve definir pre\u00e7o das a\u00e7\u00f5es para o IPO em outubro, diz jornal\"}]},{\"@type\":\"WebSite\",\"@id\":\"https:\/\/www.suno.com.br\/noticias\/#website\",\"url\":\"https:\/\/www.suno.com.br\/noticias\/\",\"name\":\"Suno Not\u00edcias\",\"description\":\"Seu portal de informa\u00e7\u00e3o sobre o mundo dos investimentos\",\"publisher\":{\"@id\":\"https:\/\/www.suno.com.br\/noticias\/#organization\"},\"potentialAction\":[{\"@type\":\"SearchAction\",\"target\":{\"@type\":\"EntryPoint\",\"urlTemplate\":\"https:\/\/www.suno.com.br\/noticias\/?s={search_term_string}\"},\"query-input\":{\"@type\":\"PropertyValueSpecification\",\"valueRequired\":true,\"valueName\":\"search_term_string\"}}],\"inLanguage\":\"pt-BR\"},{\"@type\":\"Organization\",\"@id\":\"https:\/\/www.suno.com.br\/noticias\/#organization\",\"name\":\"Suno Not\u00edcias\",\"url\":\"https:\/\/www.suno.com.br\/noticias\/\",\"logo\":{\"@type\":\"ImageObject\",\"inLanguage\":\"pt-BR\",\"@id\":\"https:\/\/www.suno.com.br\/noticias\/#\/schema\/logo\/image\/\",\"url\":\"https:\/\/files.sunoresearch.com.br\/n\/uploads\/2021\/09\/suno-logo.png\",\"contentUrl\":\"https:\/\/files.sunoresearch.com.br\/n\/uploads\/2021\/09\/suno-logo.png\",\"width\":180,\"height\":180,\"caption\":\"Suno Not\u00edcias\"},\"image\":{\"@id\":\"https:\/\/www.suno.com.br\/noticias\/#\/schema\/logo\/image\/\"},\"sameAs\":[\"https:\/\/facebook.com\/sunoresearch\",\"https:\/\/x.com\/sunoresearch\",\"https:\/\/www.instagram.com\/suno\",\"https:\/\/www.linkedin.com\/company\/suno-research\/\",\"https:\/\/www.youtube.com\/c\/sunoresearch\"]},{\"@type\":\"Person\",\"@id\":\"https:\/\/www.suno.com.br\/noticias\/#\/schema\/person\/918d79de1f0281f01599b93f9ea6e23f\",\"name\":\"Jader Lazarini\",\"image\":{\"@type\":\"ImageObject\",\"inLanguage\":\"pt-BR\",\"@id\":\"https:\/\/www.suno.com.br\/noticias\/#\/schema\/person\/image\/\",\"url\":\"https:\/\/secure.gravatar.com\/avatar\/3c1ad8caa51589841baeb923fcddea97?s=96&r=g\",\"contentUrl\":\"https:\/\/secure.gravatar.com\/avatar\/3c1ad8caa51589841baeb923fcddea97?s=96&r=g\",\"caption\":\"Jader Lazarini\"},\"description\":\"Jader Lazarini escreve sobre investimentos, finan\u00e7as, economia e neg\u00f3cios. \u00c9 bacharel em Rela\u00e7\u00f5es Internacionais e analista CNPI (2619).\",\"url\":\"https:\/\/www.suno.com.br\/noticias\/author\/jader-lazarini\/\"}]}<\/script>\n<!-- \/ Yoast SEO plugin. -->","yoast_head_json":{"title":"C&A deve definir pre\u00e7o das a\u00e7\u00f5es para o IPO em outubro, diz jornal","description":"Ap\u00f3s as primeiras reuni\u00f5es com investidores, a C&A, varejista de moda, ir\u00e1 continuar com o processo para o IPO. Clique aqui e saiba mais.","robots":{"index":"index","follow":"follow","max-snippet":"max-snippet:-1","max-image-preview":"max-image-preview:large","max-video-preview":"max-video-preview:-1"},"canonical":"https:\/\/www.suno.com.br\/noticias\/ca-deve-definir-preco-das-acoes-para-o-ipo\/","og_locale":"pt_BR","og_type":"article","og_title":"C&A deve definir pre\u00e7o das a\u00e7\u00f5es para o IPO em outubro, diz jornal","og_description":"Ap\u00f3s as primeiras reuni\u00f5es com investidores, a C&A, varejista de moda, ir\u00e1 continuar com o processo para o IPO. Clique aqui e saiba mais.","og_url":"https:\/\/www.suno.com.br\/noticias\/ca-deve-definir-preco-das-acoes-para-o-ipo\/","og_site_name":"Suno Not\u00edcias","article_publisher":"https:\/\/facebook.com\/sunoresearch","og_image":[{"width":2048,"height":1195,"url":"https:\/\/files.sunoresearch.com.br\/n\/uploads\/2019\/09\/472fab4d-ca.jpg","type":"image\/jpeg"}],"author":"Jader Lazarini","twitter_card":"summary_large_image","twitter_creator":"@sunoresearch","twitter_site":"@sunoresearch","twitter_misc":{"Escrito por":"Jader Lazarini","Est. tempo de leitura":"2 minutos"},"schema":{"@context":"https:\/\/schema.org","@graph":[{"@type":"NewsArticle","@id":"https:\/\/www.suno.com.br\/noticias\/ca-deve-definir-preco-das-acoes-para-o-ipo\/#article","isPartOf":{"@id":"https:\/\/www.suno.com.br\/noticias\/ca-deve-definir-preco-das-acoes-para-o-ipo\/"},"author":{"name":"Jader Lazarini","@id":"https:\/\/www.suno.com.br\/noticias\/#\/schema\/person\/918d79de1f0281f01599b93f9ea6e23f"},"headline":"C&#038;A deve definir pre\u00e7o das a\u00e7\u00f5es para o IPO em outubro, diz jornal","datePublished":"2019-09-26T15:23:46+00:00","dateModified":"2019-09-30T15:58:13+00:00","mainEntityOfPage":{"@id":"https:\/\/www.suno.com.br\/noticias\/ca-deve-definir-preco-das-acoes-para-o-ipo\/"},"wordCount":507,"publisher":{"@id":"https:\/\/www.suno.com.br\/noticias\/#organization"},"image":{"@id":"https:\/\/www.suno.com.br\/noticias\/ca-deve-definir-preco-das-acoes-para-o-ipo\/#primaryimage"},"thumbnailUrl":"https:\/\/files.sunoresearch.com.br\/n\/uploads\/2019\/09\/472fab4d-ca-jpg.webp","keywords":["Bolsa de Valores","IPO (Oferta Inicial de A\u00e7\u00f5es)","varejo"],"articleSection":["Neg\u00f3cios"],"inLanguage":"pt-BR"},{"@type":"WebPage","@id":"https:\/\/www.suno.com.br\/noticias\/ca-deve-definir-preco-das-acoes-para-o-ipo\/","url":"https:\/\/www.suno.com.br\/noticias\/ca-deve-definir-preco-das-acoes-para-o-ipo\/","name":"C&A deve definir pre\u00e7o das a\u00e7\u00f5es para o IPO em outubro, diz jornal","isPartOf":{"@id":"https:\/\/www.suno.com.br\/noticias\/#website"},"primaryImageOfPage":{"@id":"https:\/\/www.suno.com.br\/noticias\/ca-deve-definir-preco-das-acoes-para-o-ipo\/#primaryimage"},"image":{"@id":"https:\/\/www.suno.com.br\/noticias\/ca-deve-definir-preco-das-acoes-para-o-ipo\/#primaryimage"},"thumbnailUrl":"https:\/\/files.sunoresearch.com.br\/n\/uploads\/2019\/09\/472fab4d-ca-jpg.webp","datePublished":"2019-09-26T15:23:46+00:00","dateModified":"2019-09-30T15:58:13+00:00","description":"Ap\u00f3s as primeiras reuni\u00f5es com investidores, a C&A, varejista de moda, ir\u00e1 continuar com o processo para o IPO. Clique aqui e saiba mais.","breadcrumb":{"@id":"https:\/\/www.suno.com.br\/noticias\/ca-deve-definir-preco-das-acoes-para-o-ipo\/#breadcrumb"},"inLanguage":"pt-BR","potentialAction":[{"@type":"ReadAction","target":["https:\/\/www.suno.com.br\/noticias\/ca-deve-definir-preco-das-acoes-para-o-ipo\/"]}]},{"@type":"ImageObject","inLanguage":"pt-BR","@id":"https:\/\/www.suno.com.br\/noticias\/ca-deve-definir-preco-das-acoes-para-o-ipo\/#primaryimage","url":"https:\/\/files.sunoresearch.com.br\/n\/uploads\/2019\/09\/472fab4d-ca-jpg.webp","contentUrl":"https:\/\/files.sunoresearch.com.br\/n\/uploads\/2019\/09\/472fab4d-ca-jpg.webp","width":2048,"height":1195,"caption":"C&A (CEAB3). Foto: Divulga\u00e7\u00e3o"},{"@type":"BreadcrumbList","@id":"https:\/\/www.suno.com.br\/noticias\/ca-deve-definir-preco-das-acoes-para-o-ipo\/#breadcrumb","itemListElement":[{"@type":"ListItem","position":1,"name":"Not\u00edcias","item":"https:\/\/www.suno.com.br\/noticias\/"},{"@type":"ListItem","position":2,"name":"Neg\u00f3cios","item":"https:\/\/www.suno.com.br\/noticias\/negocios\/"},{"@type":"ListItem","position":3,"name":"C&#038;A deve definir pre\u00e7o das a\u00e7\u00f5es para o IPO em outubro, diz jornal"}]},{"@type":"WebSite","@id":"https:\/\/www.suno.com.br\/noticias\/#website","url":"https:\/\/www.suno.com.br\/noticias\/","name":"Suno Not\u00edcias","description":"Seu portal de informa\u00e7\u00e3o sobre o mundo dos investimentos","publisher":{"@id":"https:\/\/www.suno.com.br\/noticias\/#organization"},"potentialAction":[{"@type":"SearchAction","target":{"@type":"EntryPoint","urlTemplate":"https:\/\/www.suno.com.br\/noticias\/?s={search_term_string}"},"query-input":{"@type":"PropertyValueSpecification","valueRequired":true,"valueName":"search_term_string"}}],"inLanguage":"pt-BR"},{"@type":"Organization","@id":"https:\/\/www.suno.com.br\/noticias\/#organization","name":"Suno Not\u00edcias","url":"https:\/\/www.suno.com.br\/noticias\/","logo":{"@type":"ImageObject","inLanguage":"pt-BR","@id":"https:\/\/www.suno.com.br\/noticias\/#\/schema\/logo\/image\/","url":"https:\/\/files.sunoresearch.com.br\/n\/uploads\/2021\/09\/suno-logo.png","contentUrl":"https:\/\/files.sunoresearch.com.br\/n\/uploads\/2021\/09\/suno-logo.png","width":180,"height":180,"caption":"Suno Not\u00edcias"},"image":{"@id":"https:\/\/www.suno.com.br\/noticias\/#\/schema\/logo\/image\/"},"sameAs":["https:\/\/facebook.com\/sunoresearch","https:\/\/x.com\/sunoresearch","https:\/\/www.instagram.com\/suno","https:\/\/www.linkedin.com\/company\/suno-research\/","https:\/\/www.youtube.com\/c\/sunoresearch"]},{"@type":"Person","@id":"https:\/\/www.suno.com.br\/noticias\/#\/schema\/person\/918d79de1f0281f01599b93f9ea6e23f","name":"Jader Lazarini","image":{"@type":"ImageObject","inLanguage":"pt-BR","@id":"https:\/\/www.suno.com.br\/noticias\/#\/schema\/person\/image\/","url":"https:\/\/secure.gravatar.com\/avatar\/3c1ad8caa51589841baeb923fcddea97?s=96&r=g","contentUrl":"https:\/\/secure.gravatar.com\/avatar\/3c1ad8caa51589841baeb923fcddea97?s=96&r=g","caption":"Jader Lazarini"},"description":"Jader Lazarini escreve sobre investimentos, finan\u00e7as, economia e neg\u00f3cios. \u00c9 bacharel em Rela\u00e7\u00f5es Internacionais e analista CNPI (2619).","url":"https:\/\/www.suno.com.br\/noticias\/author\/jader-lazarini\/"}]}},"default_loop_html":"<div class=\"cardsPage__listCard__boxs\"><div class=\"cardsPage__listCard__boxs__img\"><a href=\"https:\/\/www.suno.com.br\/noticias\/ca-deve-definir-preco-das-acoes-para-o-ipo\/\"><img class=\"mask\" src=\"https:\/\/www.suno.com.br\/noticias\/wp-content\/themes\/suno\/resources\/images\/spotlight\/spotlight1img\/bg-mask.png\" alt=\"Image Mask\"\/><img src=\"https:\/\/files.sunoresearch.com.br\/n\/uploads\/2019\/09\/472fab4d-ca-400x200.webp\" alt=\"C&#038;A deve definir pre\u00e7o das a\u00e7\u00f5es para o IPO em outubro, diz jornal\"\/><\/a><span class=\"spotlightCategory\"><a href=\"https:\/\/www.suno.com.br\/noticias\/negocios\/\">Neg\u00f3cios<\/a><\/span><\/div><div class=\"cardsPage__listCard__boxs__content\"><a href=\"https:\/\/www.suno.com.br\/noticias\/ca-deve-definir-preco-das-acoes-para-o-ipo\/\"><h2 class=\"content__title\">C&#038;A deve definir pre\u00e7o das a\u00e7\u00f5es para o IPO em outubro, diz jornal<\/h2><\/a><div class=\"newsContent__article__meta\"><div class=\"newsContent__article__meta__authorBox\"><a href=\"https:\/\/www.suno.com.br\/noticias\/author\/jader-lazarini\/\" class=\"authorBox__avatar noMobi\"><img src=\"https:\/\/files.sunoresearch.com.br\/n\/uploads\/2021\/01\/178e6598-foto-perfil-2-150x150.jpg\" alt=\"Jader Lazarini\"><\/a><div class=\"authorBox__name\"><span>por\n\t\t\t<a href=\"https:\/\/www.suno.com.br\/noticias\/author\/jader-lazarini\/\"><span itemprop=\"author\">Jader Lazarini<\/span><\/a><\/span><time datetime=\"2019-09-26T12:23:46-03:00\" itemprop=\"datePublished\">26\/09\/2019 12:23<\/time><\/div><\/div><\/div><\/div><\/div>","single_layout":"posts","amp_enabled":true,"_links":{"self":[{"href":"https:\/\/www.suno.com.br\/noticias\/wp-json\/wp\/v2\/posts\/38971"}],"collection":[{"href":"https:\/\/www.suno.com.br\/noticias\/wp-json\/wp\/v2\/posts"}],"about":[{"href":"https:\/\/www.suno.com.br\/noticias\/wp-json\/wp\/v2\/types\/post"}],"author":[{"embeddable":true,"href":"https:\/\/www.suno.com.br\/noticias\/wp-json\/wp\/v2\/users\/24"}],"replies":[{"embeddable":true,"href":"https:\/\/www.suno.com.br\/noticias\/wp-json\/wp\/v2\/comments?post=38971"}],"version-history":[{"count":0,"href":"https:\/\/www.suno.com.br\/noticias\/wp-json\/wp\/v2\/posts\/38971\/revisions"}],"wp:featuredmedia":[{"embeddable":true,"href":"https:\/\/www.suno.com.br\/noticias\/wp-json\/wp\/v2\/media\/38972"}],"wp:attachment":[{"href":"https:\/\/www.suno.com.br\/noticias\/wp-json\/wp\/v2\/media?parent=38971"}],"wp:term":[{"taxonomy":"category","embeddable":true,"href":"https:\/\/www.suno.com.br\/noticias\/wp-json\/wp\/v2\/categories?post=38971"},{"taxonomy":"post_tag","embeddable":true,"href":"https:\/\/www.suno.com.br\/noticias\/wp-json\/wp\/v2\/tags?post=38971"},{"taxonomy":"suno_strategy","embeddable":true,"href":"https:\/\/www.suno.com.br\/noticias\/wp-json\/wp\/v2\/suno_strategy?post=38971"}],"curies":[{"name":"wp","href":"https:\/\/api.w.org\/{rel}","templated":true}]}}