{"id":389549,"date":"2023-04-14T10:51:40","date_gmt":"2023-04-14T13:51:40","guid":{"rendered":"https:\/\/www.suno.com.br\/noticias\/?p=389549"},"modified":"2023-04-14T12:46:09","modified_gmt":"2023-04-14T15:46:09","slug":"tokstok-pe-acelerador-fechamento-lojas","status":"publish","type":"post","link":"https:\/\/www.suno.com.br\/noticias\/tokstok-pe-acelerador-fechamento-lojas\/","title":{"rendered":"Tok&#038;Stok p\u00f5e o p\u00e9 no acelerador para fechar lojas durante crise financeira"},"content":{"rendered":"<p>Em meio a uma <a class=\"suno-keyword\" data-force=\"no\" data-priority=\"1\" href=\"https:\/\/www.suno.com.br\/artigos\/crise-financeira\/\" target=\"_blank\" rel=\"noopener\">crise financeira<\/a>, a <strong>Tok&amp;Stok<\/strong> decidiu colocar o p\u00e9 no acelerador no seu plano de fechamento de lojas. A empresa confirmou o encerramento de duas unidades em Fortaleza (CE) e deve finalizar outra opera\u00e7\u00e3o em Porto Alegre (RS).<\/p>\t<div class=\"wrapper-featured-image\">\n\t\t<figure class=\"spotlightImg\">\n\n\t\t\t<picture>\n\t\t\t\t<source media=\"(max-width: 768px)\" srcset=\"https:\/\/files.sunoresearch.com.br\/n\/uploads\/2023\/02\/tokestock-varejista-estrategia-americanas-amer3-foto-divulgacao-400x200.jpg\">\n\t\t\t\t<img loading=\"lazy\" decoding=\"async\" class=\"newsContent__article__imgCapa lazyloadDisabled \" src=\"https:\/\/files.sunoresearch.com.br\/n\/uploads\/2023\/02\/tokestock-varejista-estrategia-americanas-amer3-foto-divulgacao-800x450.jpg\" width=\"800\" height=\"450\" alt=\"Tok&#038;Stok p\u00f5e o p\u00e9 no acelerador para fechar lojas durante crise financeira\" fetchpriority=high \/>\n\t\t\t<\/picture>\n\n\t\t\t<figcaption class=\"wp-caption-text wp-caption-text--show\">Tok&amp;Stock. Foto: Divulga\u00e7\u00e3o<\/figcaption>\n\t\t<\/figure>\n\t<\/div>\n\n\n\n\n\n\t<p>\n\t\t<a href=\"https:\/\/lp.suno.com.br\/planilha-da-vida-financeira\/\" target=\"_blank\" data-element=\"shortcode-suno-banner\" title=\"Banner SUNO, clique e saiba mais\">\n\t\t\t<picture>\n\t\t\t\t<source media=\"(max-width: 500px)\" srcset=\"https:\/\/files.sunoresearch.com.br\/n\/uploads\/2023\/04\/400x300-Planilha-vida-financeira-true.png\">\n\t\t\t\t<img class=\"newsContent__article__imgCapa newsContent__article__imgCapa--banner\"\n\t\t\t\t\tsrc=\"https:\/\/files.sunoresearch.com.br\/n\/uploads\/2023\/04\/1420x240-Planilha-vida-financeira-true.png\"\n\t\t\t\t\tdata-promo-id=\"106682\"\t\t\t\t\t\t\t\t\t\twidth='1420' height='240'\t\t\t\t\talt=\"https:\/\/files.sunoresearch.com.br\/n\/uploads\/2023\/04\/1420x240-Planilha-vida-financeira-true.png\"\n\t\t\t\t>\n\t\t\t<\/picture>\n\t\t<\/a>\n\t<\/p>\n\n\n\n\n\n<p>Ao Bloomberg L\u00ednea, a <strong>empresa de m\u00f3veis<\/strong> confirmou o fim dessas unidades no Cear\u00e1. Al\u00e9m disso, fontes do ve\u00edculo destacaram que os fechamentos devem ocorrer at\u00e9 o fim deste m\u00eas e que outra unidade em risco \u00e9 a do Praia de Belas Shopping, localizado na capital ga\u00facha.<\/p>\n\n\n\n<p>Os <strong>resultados da Tok&amp;Stok<\/strong> de 2022 ainda n\u00e3o foram divulgados. Contudo, estima-se que a empresa tenha uma d\u00edvida de R$ 600 milh\u00f5es.<\/p>\n\n\n\n<p>Em fevereiro, a empresa contratou a consultoria Alvarez &amp; Marsal para formalizar uma reestrutura\u00e7\u00e3o financeira e, segundo uma fonte da Bloomberg L\u00ednea, a alternativa de um pedido de <a class=\"suno-keyword\" target=\"_blank\" data-force=\"no\" data-priority=\"2\" href=\"https:\/\/www.suno.com.br\/artigos\/recuperacao-judicial\/\" rel=\"noopener\">recupera\u00e7\u00e3o judicial<\/a> n\u00e3o est\u00e1 descartada.<\/p>\n\n\n\n<p>Procurada pelo ve\u00edculo, a empresa disse que n\u00e3o se manifestar\u00e1 sobre o tema.<\/p>\n\n\n\t<p>\n\t\t<a href=\"https:\/\/lp.suno.com.br\/ebook-como-analisar-uma-acao\/\" target=\"_blank\" data-element=\"shortcode-suno-banner\" title=\"Banner SUNO, clique e saiba mais\">\n\t\t\t<picture>\n\t\t\t\t<source media=\"(max-width: 500px)\" srcset=\"https:\/\/files.sunoresearch.com.br\/n\/uploads\/2023\/03\/Ebook-Acoes-Mobile.jpg\">\n\t\t\t\t<img class=\"newsContent__article__imgCapa newsContent__article__imgCapa--banner\"\n\t\t\t\t\tsrc=\"https:\/\/files.sunoresearch.com.br\/n\/uploads\/2023\/03\/Ebook-Acoes-Desktop.jpg\"\n\t\t\t\t\tdata-promo-id=\"378302\"\t\t\t\t\t\t\t\t\t\twidth='1420' height='286'\t\t\t\t\talt=\"https:\/\/files.sunoresearch.com.br\/n\/uploads\/2023\/03\/Ebook-Acoes-Desktop.jpg\"\n\t\t\t\t>\n\t\t\t<\/picture>\n\t\t<\/a>\n\t<\/p>\n\n\n\n\n\n<h2 class=\"wp-block-heading\">Ap\u00f3s calote, Tok&amp;Stok paga R$ 2 milh\u00f5es para FII<\/h2>\n\n\n\n<p>Em <a href=\"https:\/\/www.suno.com.br\/artigos\/crise-financeira\/\" target=\"_blank\" rel=\"noreferrer noopener\">crise financeira<\/a>, a <strong>varejista de m\u00f3veis<\/strong> depositou em ju\u00edzo R$ 2.092.178,01 referentes ao aluguel vencido em fevereiro de 2023 do empreendimento Extrema Business Park I, im\u00f3vel que integra o portf\u00f3lio do fundo imobili\u00e1rio <a href=\"https:\/\/www.suno.com.br\/fundos-imobiliarios\/vilg11\/\" target=\"_blank\" rel=\"noreferrer noopener\">VILG11<\/a>. Com esse pagamento, os administradores do FII pretendem encerrar a a\u00e7\u00e3o de despejo contra a empresa.<\/p>\n\n\n\n<p>&#8220;No dia 27 de mar\u00e7o de 2023, o fundo pediu o imediato levantamento dos valores que est\u00e3o depositados na conta judicial. Ap\u00f3s o levantamento dos valores depositados em Ju\u00edzo, o fundo solicitar\u00e1 o encerramento formal da a\u00e7\u00e3o de despejo&#8221;, destacaram os gestores do <strong>VILG11<\/strong> em comunicado publicado na <a class=\"suno-keyword\" data-force=\"no\" data-priority=\"2\" href=\"https:\/\/www.suno.com.br\/artigos\/cvm\/\" target=\"_blank\" rel=\"noopener\">Comiss\u00e3o de Valores Mobili\u00e1rios (CVM)<\/a>.<\/p>\n\n\n\n<p>&#8220;Vale ressaltar que a Tok&amp;Stok pagou o aluguel de fevereiro, que tinha vencimento no dia 6 de mar\u00e7o de 2023 e que, com o pagamento do valor referente ao aluguel de janeiro, encontra-se adimplente no contrato de loca\u00e7\u00e3o. A ap\u00f3lice de seguro de fian\u00e7a locat\u00edcia segue vigente com o valor de garantia equivalente a 12 meses de alugu\u00e9is&#8221;, complementaram os administradores do <strong>fundo imobili\u00e1rio<\/strong>.<\/p>\n\n\n\n<p>Uma das hip\u00f3teses do mercado para a crise na <strong>Tok&amp;Stok<\/strong> \u00e9 de que a empresa teria feito um grande estoque para o Natal e n\u00e3o consegiu desov\u00e1-lo como planejado, desorganizando o <a class=\"suno-keyword\" data-force=\"no\" data-priority=\"2\" href=\"https:\/\/www.suno.com.br\/artigos\/capital-giro\/\" target=\"_blank\" rel=\"noopener\">capital de giro<\/a>. Todo o segundo semestre de 2022 foi de vendas baixas para as varejistas de modo geral. O setor vem de dois anos de dificuldades, com o salto dos juros em um momento de alto endividamento ap\u00f3s a pandemia de Covid-19.<\/p>\n\n\n\t<p>\n\t\t<a href=\"https:\/\/lp.suno.com.br\/plataforma-de-controle-de-investimentos\/\" target=\"_blank\" data-element=\"shortcode-suno-banner\" title=\"Banner SUNO, clique e saiba mais\">\n\t\t\t<picture>\n\t\t\t\t<source media=\"(max-width: 500px)\" srcset=\"https:\/\/files.sunoresearch.com.br\/n\/uploads\/2023\/03\/400x300-Controle-de-Investimentos.png\">\n\t\t\t\t<img class=\"newsContent__article__imgCapa newsContent__article__imgCapa--banner\"\n\t\t\t\t\tsrc=\"https:\/\/files.sunoresearch.com.br\/n\/uploads\/2023\/03\/1420x240-Controle-de-Investimentos.png\"\n\t\t\t\t\tdata-promo-id=\"383162\"\t\t\t\t\t\t\t\t\t\twidth='1420' height='240'\t\t\t\t\talt=\"https:\/\/files.sunoresearch.com.br\/n\/uploads\/2023\/03\/1420x240-Controle-de-Investimentos.png\"\n\t\t\t\t>\n\t\t\t<\/picture>\n\t\t<\/a>\n\t<\/p>\n\n\n","protected":false},"excerpt":{"rendered":"<p>Em meio a uma crise financeira, a Tok&amp;Stok decidiu colocar o p\u00e9 no acelerador no seu plano de fechamento de lojas. A empresa confirmou o encerramento de duas unidades em Fortaleza (CE) e deve finalizar outra opera\u00e7\u00e3o em Porto Alegre (RS). Tok&amp;Stock. Foto: Divulga\u00e7\u00e3o Ao Bloomberg L\u00ednea, a empresa de m\u00f3veis confirmou o fim dessas [&hellip;]<\/p>\n","protected":false},"author":232,"featured_media":365539,"comment_status":"closed","ping_status":"closed","sticky":false,"template":"","format":"standard","meta":[],"categories":[64],"tags":[803],"suno_strategy":[],"class_list":["post-389549","post","type-post","status-publish","format-standard","has-post-thumbnail","hentry","category-negocios","tag-varejo"],"yoast_head":"<!-- This site is optimized with the Yoast SEO plugin v24.4 - https:\/\/yoast.com\/wordpress\/plugins\/seo\/ -->\n<title>Tok&amp;Stok p\u00f5e o p\u00e9 no acelerador para fechar lojas durante crise financeira<\/title>\n<meta name=\"description\" content=\"Em meio a uma crise financeira, a Tok&amp;Stok decidiu colocar o p\u00e9 no acelerador no seu plano de fechamento de lojas. Saiba mais!\" \/>\n<meta name=\"robots\" content=\"index, follow, max-snippet:-1, max-image-preview:large, max-video-preview:-1\" \/>\n<link rel=\"canonical\" href=\"https:\/\/www.suno.com.br\/noticias\/tokstok-pe-acelerador-fechamento-lojas\/\" \/>\n<meta property=\"og:locale\" content=\"pt_BR\" \/>\n<meta property=\"og:type\" content=\"article\" \/>\n<meta property=\"og:title\" content=\"Tok&amp;Stok p\u00f5e o p\u00e9 no acelerador para fechar lojas durante crise financeira\" \/>\n<meta property=\"og:description\" content=\"Em meio a uma crise financeira, a Tok&amp;Stok decidiu colocar o p\u00e9 no acelerador no seu plano de fechamento de lojas. Saiba mais!\" \/>\n<meta property=\"og:url\" content=\"https:\/\/www.suno.com.br\/noticias\/tokstok-pe-acelerador-fechamento-lojas\/\" \/>\n<meta property=\"og:site_name\" content=\"Suno Not\u00edcias\" \/>\n<meta property=\"article:publisher\" content=\"https:\/\/facebook.com\/sunoresearch\" \/>\n<meta property=\"og:image\" content=\"https:\/\/files.sunoresearch.com.br\/n\/uploads\/2023\/02\/tokestock-varejista-estrategia-americanas-amer3-foto-divulgacao.jpg\" \/>\n\t<meta property=\"og:image:width\" content=\"1200\" \/>\n\t<meta property=\"og:image:height\" content=\"675\" \/>\n\t<meta property=\"og:image:type\" content=\"image\/jpeg\" \/>\n<meta name=\"author\" content=\"Erick Matheus Nery\" \/>\n<meta name=\"twitter:card\" content=\"summary_large_image\" \/>\n<meta name=\"twitter:creator\" content=\"@sunoresearch\" \/>\n<meta name=\"twitter:site\" content=\"@sunoresearch\" \/>\n<meta name=\"twitter:label1\" content=\"Escrito por\" \/>\n\t<meta name=\"twitter:data1\" content=\"Erick Matheus Nery\" \/>\n\t<meta name=\"twitter:label2\" content=\"Est. tempo de leitura\" \/>\n\t<meta name=\"twitter:data2\" content=\"3 minutos\" \/>\n<script type=\"application\/ld+json\" class=\"yoast-schema-graph\">{\"@context\":\"https:\/\/schema.org\",\"@graph\":[{\"@type\":\"NewsArticle\",\"@id\":\"https:\/\/www.suno.com.br\/noticias\/tokstok-pe-acelerador-fechamento-lojas\/#article\",\"isPartOf\":{\"@id\":\"https:\/\/www.suno.com.br\/noticias\/tokstok-pe-acelerador-fechamento-lojas\/\"},\"author\":{\"name\":\"Erick Matheus Nery\",\"@id\":\"https:\/\/www.suno.com.br\/noticias\/#\/schema\/person\/6899bc3f19d1a7315f807131c2c013a0\"},\"headline\":\"Tok&#038;Stok p\u00f5e o p\u00e9 no acelerador para fechar lojas durante crise financeira\",\"datePublished\":\"2023-04-14T13:51:40+00:00\",\"dateModified\":\"2023-04-14T15:46:09+00:00\",\"mainEntityOfPage\":{\"@id\":\"https:\/\/www.suno.com.br\/noticias\/tokstok-pe-acelerador-fechamento-lojas\/\"},\"wordCount\":469,\"publisher\":{\"@id\":\"https:\/\/www.suno.com.br\/noticias\/#organization\"},\"image\":{\"@id\":\"https:\/\/www.suno.com.br\/noticias\/tokstok-pe-acelerador-fechamento-lojas\/#primaryimage\"},\"thumbnailUrl\":\"https:\/\/files.sunoresearch.com.br\/n\/uploads\/2023\/02\/tokestock-varejista-estrategia-americanas-amer3-foto-divulgacao.jpg\",\"keywords\":[\"varejo\"],\"articleSection\":[\"Neg\u00f3cios\"],\"inLanguage\":\"pt-BR\"},{\"@type\":\"WebPage\",\"@id\":\"https:\/\/www.suno.com.br\/noticias\/tokstok-pe-acelerador-fechamento-lojas\/\",\"url\":\"https:\/\/www.suno.com.br\/noticias\/tokstok-pe-acelerador-fechamento-lojas\/\",\"name\":\"Tok&Stok p\u00f5e o p\u00e9 no acelerador para fechar lojas durante crise financeira\",\"isPartOf\":{\"@id\":\"https:\/\/www.suno.com.br\/noticias\/#website\"},\"primaryImageOfPage\":{\"@id\":\"https:\/\/www.suno.com.br\/noticias\/tokstok-pe-acelerador-fechamento-lojas\/#primaryimage\"},\"image\":{\"@id\":\"https:\/\/www.suno.com.br\/noticias\/tokstok-pe-acelerador-fechamento-lojas\/#primaryimage\"},\"thumbnailUrl\":\"https:\/\/files.sunoresearch.com.br\/n\/uploads\/2023\/02\/tokestock-varejista-estrategia-americanas-amer3-foto-divulgacao.jpg\",\"datePublished\":\"2023-04-14T13:51:40+00:00\",\"dateModified\":\"2023-04-14T15:46:09+00:00\",\"description\":\"Em meio a uma crise financeira, a Tok&Stok decidiu colocar o p\u00e9 no acelerador no seu plano de fechamento de lojas. Saiba mais!\",\"breadcrumb\":{\"@id\":\"https:\/\/www.suno.com.br\/noticias\/tokstok-pe-acelerador-fechamento-lojas\/#breadcrumb\"},\"inLanguage\":\"pt-BR\",\"potentialAction\":[{\"@type\":\"ReadAction\",\"target\":[\"https:\/\/www.suno.com.br\/noticias\/tokstok-pe-acelerador-fechamento-lojas\/\"]}]},{\"@type\":\"ImageObject\",\"inLanguage\":\"pt-BR\",\"@id\":\"https:\/\/www.suno.com.br\/noticias\/tokstok-pe-acelerador-fechamento-lojas\/#primaryimage\",\"url\":\"https:\/\/files.sunoresearch.com.br\/n\/uploads\/2023\/02\/tokestock-varejista-estrategia-americanas-amer3-foto-divulgacao.jpg\",\"contentUrl\":\"https:\/\/files.sunoresearch.com.br\/n\/uploads\/2023\/02\/tokestock-varejista-estrategia-americanas-amer3-foto-divulgacao.jpg\",\"width\":1200,\"height\":675,\"caption\":\"Tok&Stock. Foto: Divulga\u00e7\u00e3o\"},{\"@type\":\"BreadcrumbList\",\"@id\":\"https:\/\/www.suno.com.br\/noticias\/tokstok-pe-acelerador-fechamento-lojas\/#breadcrumb\",\"itemListElement\":[{\"@type\":\"ListItem\",\"position\":1,\"name\":\"Not\u00edcias\",\"item\":\"https:\/\/www.suno.com.br\/noticias\/\"},{\"@type\":\"ListItem\",\"position\":2,\"name\":\"Neg\u00f3cios\",\"item\":\"https:\/\/www.suno.com.br\/noticias\/negocios\/\"},{\"@type\":\"ListItem\",\"position\":3,\"name\":\"Tok&#038;Stok p\u00f5e o p\u00e9 no acelerador para fechar lojas durante crise financeira\"}]},{\"@type\":\"WebSite\",\"@id\":\"https:\/\/www.suno.com.br\/noticias\/#website\",\"url\":\"https:\/\/www.suno.com.br\/noticias\/\",\"name\":\"Suno Not\u00edcias\",\"description\":\"Seu portal de informa\u00e7\u00e3o sobre o mundo dos investimentos\",\"publisher\":{\"@id\":\"https:\/\/www.suno.com.br\/noticias\/#organization\"},\"potentialAction\":[{\"@type\":\"SearchAction\",\"target\":{\"@type\":\"EntryPoint\",\"urlTemplate\":\"https:\/\/www.suno.com.br\/noticias\/?s={search_term_string}\"},\"query-input\":{\"@type\":\"PropertyValueSpecification\",\"valueRequired\":true,\"valueName\":\"search_term_string\"}}],\"inLanguage\":\"pt-BR\"},{\"@type\":\"Organization\",\"@id\":\"https:\/\/www.suno.com.br\/noticias\/#organization\",\"name\":\"Suno Not\u00edcias\",\"url\":\"https:\/\/www.suno.com.br\/noticias\/\",\"logo\":{\"@type\":\"ImageObject\",\"inLanguage\":\"pt-BR\",\"@id\":\"https:\/\/www.suno.com.br\/noticias\/#\/schema\/logo\/image\/\",\"url\":\"https:\/\/files.sunoresearch.com.br\/n\/uploads\/2021\/09\/suno-logo.png\",\"contentUrl\":\"https:\/\/files.sunoresearch.com.br\/n\/uploads\/2021\/09\/suno-logo.png\",\"width\":180,\"height\":180,\"caption\":\"Suno Not\u00edcias\"},\"image\":{\"@id\":\"https:\/\/www.suno.com.br\/noticias\/#\/schema\/logo\/image\/\"},\"sameAs\":[\"https:\/\/facebook.com\/sunoresearch\",\"https:\/\/x.com\/sunoresearch\",\"https:\/\/www.instagram.com\/suno\",\"https:\/\/www.linkedin.com\/company\/suno-research\/\",\"https:\/\/www.youtube.com\/c\/sunoresearch\"]},{\"@type\":\"Person\",\"@id\":\"https:\/\/www.suno.com.br\/noticias\/#\/schema\/person\/6899bc3f19d1a7315f807131c2c013a0\",\"name\":\"Erick Matheus Nery\",\"image\":{\"@type\":\"ImageObject\",\"inLanguage\":\"pt-BR\",\"@id\":\"https:\/\/www.suno.com.br\/noticias\/#\/schema\/person\/image\/\",\"url\":\"https:\/\/secure.gravatar.com\/avatar\/518ddffe438ccb767782d372a66304d2?s=96&r=g\",\"contentUrl\":\"https:\/\/secure.gravatar.com\/avatar\/518ddffe438ccb767782d372a66304d2?s=96&r=g\",\"caption\":\"Erick Matheus Nery\"},\"description\":\"Formado em Jornalismo pela Universidade Federal do Par\u00e1 (UFPA), conta com extens\u00e3o em Jornalismo Econ\u00f4mico pela Funda\u00e7\u00e3o Get\u00falio Vargas (FGV). No Suno Not\u00edcias, atua como rep\u00f3rter de Mercado, com foco nos setores de telecomunica\u00e7\u00f5es, varejo, alimentos e renda fixa. Conta com passagens pelo jornal O Estado de S\u00e3o Paulo, como trainee de Jornalismo Econ\u00f4mico, e pelo site Not\u00edcias da TV.\",\"url\":\"https:\/\/www.suno.com.br\/noticias\/author\/erick-nery\/\"}]}<\/script>\n<!-- \/ Yoast SEO plugin. -->","yoast_head_json":{"title":"Tok&Stok p\u00f5e o p\u00e9 no acelerador para fechar lojas durante crise financeira","description":"Em meio a uma crise financeira, a Tok&Stok decidiu colocar o p\u00e9 no acelerador no seu plano de fechamento de lojas. Saiba mais!","robots":{"index":"index","follow":"follow","max-snippet":"max-snippet:-1","max-image-preview":"max-image-preview:large","max-video-preview":"max-video-preview:-1"},"canonical":"https:\/\/www.suno.com.br\/noticias\/tokstok-pe-acelerador-fechamento-lojas\/","og_locale":"pt_BR","og_type":"article","og_title":"Tok&Stok p\u00f5e o p\u00e9 no acelerador para fechar lojas durante crise financeira","og_description":"Em meio a uma crise financeira, a Tok&Stok decidiu colocar o p\u00e9 no acelerador no seu plano de fechamento de lojas. Saiba mais!","og_url":"https:\/\/www.suno.com.br\/noticias\/tokstok-pe-acelerador-fechamento-lojas\/","og_site_name":"Suno Not\u00edcias","article_publisher":"https:\/\/facebook.com\/sunoresearch","og_image":[{"width":1200,"height":675,"url":"https:\/\/files.sunoresearch.com.br\/n\/uploads\/2023\/02\/tokestock-varejista-estrategia-americanas-amer3-foto-divulgacao.jpg","type":"image\/jpeg"}],"author":"Erick Matheus Nery","twitter_card":"summary_large_image","twitter_creator":"@sunoresearch","twitter_site":"@sunoresearch","twitter_misc":{"Escrito por":"Erick Matheus Nery","Est. tempo de leitura":"3 minutos"},"schema":{"@context":"https:\/\/schema.org","@graph":[{"@type":"NewsArticle","@id":"https:\/\/www.suno.com.br\/noticias\/tokstok-pe-acelerador-fechamento-lojas\/#article","isPartOf":{"@id":"https:\/\/www.suno.com.br\/noticias\/tokstok-pe-acelerador-fechamento-lojas\/"},"author":{"name":"Erick Matheus Nery","@id":"https:\/\/www.suno.com.br\/noticias\/#\/schema\/person\/6899bc3f19d1a7315f807131c2c013a0"},"headline":"Tok&#038;Stok p\u00f5e o p\u00e9 no acelerador para fechar lojas durante crise financeira","datePublished":"2023-04-14T13:51:40+00:00","dateModified":"2023-04-14T15:46:09+00:00","mainEntityOfPage":{"@id":"https:\/\/www.suno.com.br\/noticias\/tokstok-pe-acelerador-fechamento-lojas\/"},"wordCount":469,"publisher":{"@id":"https:\/\/www.suno.com.br\/noticias\/#organization"},"image":{"@id":"https:\/\/www.suno.com.br\/noticias\/tokstok-pe-acelerador-fechamento-lojas\/#primaryimage"},"thumbnailUrl":"https:\/\/files.sunoresearch.com.br\/n\/uploads\/2023\/02\/tokestock-varejista-estrategia-americanas-amer3-foto-divulgacao.jpg","keywords":["varejo"],"articleSection":["Neg\u00f3cios"],"inLanguage":"pt-BR"},{"@type":"WebPage","@id":"https:\/\/www.suno.com.br\/noticias\/tokstok-pe-acelerador-fechamento-lojas\/","url":"https:\/\/www.suno.com.br\/noticias\/tokstok-pe-acelerador-fechamento-lojas\/","name":"Tok&Stok p\u00f5e o p\u00e9 no acelerador para fechar lojas durante crise financeira","isPartOf":{"@id":"https:\/\/www.suno.com.br\/noticias\/#website"},"primaryImageOfPage":{"@id":"https:\/\/www.suno.com.br\/noticias\/tokstok-pe-acelerador-fechamento-lojas\/#primaryimage"},"image":{"@id":"https:\/\/www.suno.com.br\/noticias\/tokstok-pe-acelerador-fechamento-lojas\/#primaryimage"},"thumbnailUrl":"https:\/\/files.sunoresearch.com.br\/n\/uploads\/2023\/02\/tokestock-varejista-estrategia-americanas-amer3-foto-divulgacao.jpg","datePublished":"2023-04-14T13:51:40+00:00","dateModified":"2023-04-14T15:46:09+00:00","description":"Em meio a uma crise financeira, a Tok&Stok decidiu colocar o p\u00e9 no acelerador no seu plano de fechamento de lojas. Saiba mais!","breadcrumb":{"@id":"https:\/\/www.suno.com.br\/noticias\/tokstok-pe-acelerador-fechamento-lojas\/#breadcrumb"},"inLanguage":"pt-BR","potentialAction":[{"@type":"ReadAction","target":["https:\/\/www.suno.com.br\/noticias\/tokstok-pe-acelerador-fechamento-lojas\/"]}]},{"@type":"ImageObject","inLanguage":"pt-BR","@id":"https:\/\/www.suno.com.br\/noticias\/tokstok-pe-acelerador-fechamento-lojas\/#primaryimage","url":"https:\/\/files.sunoresearch.com.br\/n\/uploads\/2023\/02\/tokestock-varejista-estrategia-americanas-amer3-foto-divulgacao.jpg","contentUrl":"https:\/\/files.sunoresearch.com.br\/n\/uploads\/2023\/02\/tokestock-varejista-estrategia-americanas-amer3-foto-divulgacao.jpg","width":1200,"height":675,"caption":"Tok&Stock. Foto: Divulga\u00e7\u00e3o"},{"@type":"BreadcrumbList","@id":"https:\/\/www.suno.com.br\/noticias\/tokstok-pe-acelerador-fechamento-lojas\/#breadcrumb","itemListElement":[{"@type":"ListItem","position":1,"name":"Not\u00edcias","item":"https:\/\/www.suno.com.br\/noticias\/"},{"@type":"ListItem","position":2,"name":"Neg\u00f3cios","item":"https:\/\/www.suno.com.br\/noticias\/negocios\/"},{"@type":"ListItem","position":3,"name":"Tok&#038;Stok p\u00f5e o p\u00e9 no acelerador para fechar lojas durante crise financeira"}]},{"@type":"WebSite","@id":"https:\/\/www.suno.com.br\/noticias\/#website","url":"https:\/\/www.suno.com.br\/noticias\/","name":"Suno Not\u00edcias","description":"Seu portal de informa\u00e7\u00e3o sobre o mundo dos investimentos","publisher":{"@id":"https:\/\/www.suno.com.br\/noticias\/#organization"},"potentialAction":[{"@type":"SearchAction","target":{"@type":"EntryPoint","urlTemplate":"https:\/\/www.suno.com.br\/noticias\/?s={search_term_string}"},"query-input":{"@type":"PropertyValueSpecification","valueRequired":true,"valueName":"search_term_string"}}],"inLanguage":"pt-BR"},{"@type":"Organization","@id":"https:\/\/www.suno.com.br\/noticias\/#organization","name":"Suno Not\u00edcias","url":"https:\/\/www.suno.com.br\/noticias\/","logo":{"@type":"ImageObject","inLanguage":"pt-BR","@id":"https:\/\/www.suno.com.br\/noticias\/#\/schema\/logo\/image\/","url":"https:\/\/files.sunoresearch.com.br\/n\/uploads\/2021\/09\/suno-logo.png","contentUrl":"https:\/\/files.sunoresearch.com.br\/n\/uploads\/2021\/09\/suno-logo.png","width":180,"height":180,"caption":"Suno Not\u00edcias"},"image":{"@id":"https:\/\/www.suno.com.br\/noticias\/#\/schema\/logo\/image\/"},"sameAs":["https:\/\/facebook.com\/sunoresearch","https:\/\/x.com\/sunoresearch","https:\/\/www.instagram.com\/suno","https:\/\/www.linkedin.com\/company\/suno-research\/","https:\/\/www.youtube.com\/c\/sunoresearch"]},{"@type":"Person","@id":"https:\/\/www.suno.com.br\/noticias\/#\/schema\/person\/6899bc3f19d1a7315f807131c2c013a0","name":"Erick Matheus Nery","image":{"@type":"ImageObject","inLanguage":"pt-BR","@id":"https:\/\/www.suno.com.br\/noticias\/#\/schema\/person\/image\/","url":"https:\/\/secure.gravatar.com\/avatar\/518ddffe438ccb767782d372a66304d2?s=96&r=g","contentUrl":"https:\/\/secure.gravatar.com\/avatar\/518ddffe438ccb767782d372a66304d2?s=96&r=g","caption":"Erick Matheus Nery"},"description":"Formado em Jornalismo pela Universidade Federal do Par\u00e1 (UFPA), conta com extens\u00e3o em Jornalismo Econ\u00f4mico pela Funda\u00e7\u00e3o Get\u00falio Vargas (FGV). No Suno Not\u00edcias, atua como rep\u00f3rter de Mercado, com foco nos setores de telecomunica\u00e7\u00f5es, varejo, alimentos e renda fixa. Conta com passagens pelo jornal O Estado de S\u00e3o Paulo, como trainee de Jornalismo Econ\u00f4mico, e pelo site Not\u00edcias da TV.","url":"https:\/\/www.suno.com.br\/noticias\/author\/erick-nery\/"}]}},"default_loop_html":"<div class=\"cardsPage__listCard__boxs\"><div class=\"cardsPage__listCard__boxs__img\"><a href=\"https:\/\/www.suno.com.br\/noticias\/tokstok-pe-acelerador-fechamento-lojas\/\"><img class=\"mask\" src=\"https:\/\/www.suno.com.br\/noticias\/wp-content\/themes\/suno\/resources\/images\/spotlight\/spotlight1img\/bg-mask.png\" alt=\"Image Mask\"\/><img src=\"https:\/\/files.sunoresearch.com.br\/n\/uploads\/2023\/02\/tokestock-varejista-estrategia-americanas-amer3-foto-divulgacao-400x200.jpg\" alt=\"Tok&#038;Stok p\u00f5e o p\u00e9 no acelerador para fechar lojas durante crise financeira\"\/><\/a><span class=\"spotlightCategory\"><a href=\"https:\/\/www.suno.com.br\/noticias\/negocios\/\">Neg\u00f3cios<\/a><\/span><\/div><div class=\"cardsPage__listCard__boxs__content\"><a href=\"https:\/\/www.suno.com.br\/noticias\/tokstok-pe-acelerador-fechamento-lojas\/\"><h2 class=\"content__title\">Tok&#038;Stok p\u00f5e o p\u00e9 no acelerador para fechar lojas durante crise financeira<\/h2><\/a><div class=\"newsContent__article__meta\"><div class=\"newsContent__article__meta__authorBox\"><a href=\"https:\/\/www.suno.com.br\/noticias\/author\/erick-nery\/\" class=\"authorBox__avatar noMobi\"><img src=\"https:\/\/secure.gravatar.com\/avatar\/518ddffe438ccb767782d372a66304d2?s=96&#038;r=g\" alt=\"Erick Matheus Nery\"><\/a><div class=\"authorBox__name\"><span>por\n\t\t\t<a href=\"https:\/\/www.suno.com.br\/noticias\/author\/erick-nery\/\"><span itemprop=\"author\">Erick Matheus Nery<\/span><\/a><\/span><time datetime=\"2023-04-14T10:51:40-03:00\" itemprop=\"datePublished\">14\/04\/2023 10:51<\/time><\/div><\/div><\/div><\/div><\/div>","single_layout":"posts","amp_enabled":true,"_links":{"self":[{"href":"https:\/\/www.suno.com.br\/noticias\/wp-json\/wp\/v2\/posts\/389549"}],"collection":[{"href":"https:\/\/www.suno.com.br\/noticias\/wp-json\/wp\/v2\/posts"}],"about":[{"href":"https:\/\/www.suno.com.br\/noticias\/wp-json\/wp\/v2\/types\/post"}],"author":[{"embeddable":true,"href":"https:\/\/www.suno.com.br\/noticias\/wp-json\/wp\/v2\/users\/232"}],"replies":[{"embeddable":true,"href":"https:\/\/www.suno.com.br\/noticias\/wp-json\/wp\/v2\/comments?post=389549"}],"version-history":[{"count":3,"href":"https:\/\/www.suno.com.br\/noticias\/wp-json\/wp\/v2\/posts\/389549\/revisions"}],"predecessor-version":[{"id":389744,"href":"https:\/\/www.suno.com.br\/noticias\/wp-json\/wp\/v2\/posts\/389549\/revisions\/389744"}],"wp:featuredmedia":[{"embeddable":true,"href":"https:\/\/www.suno.com.br\/noticias\/wp-json\/wp\/v2\/media\/365539"}],"wp:attachment":[{"href":"https:\/\/www.suno.com.br\/noticias\/wp-json\/wp\/v2\/media?parent=389549"}],"wp:term":[{"taxonomy":"category","embeddable":true,"href":"https:\/\/www.suno.com.br\/noticias\/wp-json\/wp\/v2\/categories?post=389549"},{"taxonomy":"post_tag","embeddable":true,"href":"https:\/\/www.suno.com.br\/noticias\/wp-json\/wp\/v2\/tags?post=389549"},{"taxonomy":"suno_strategy","embeddable":true,"href":"https:\/\/www.suno.com.br\/noticias\/wp-json\/wp\/v2\/suno_strategy?post=389549"}],"curies":[{"name":"wp","href":"https:\/\/api.w.org\/{rel}","templated":true}]}}