{"id":38951,"date":"2019-09-26T11:08:44","date_gmt":"2019-09-26T14:08:44","guid":{"rendered":"https:\/\/www.suno.com.br\/noticias\/?p=38951"},"modified":"2019-09-26T11:13:22","modified_gmt":"2019-09-26T14:13:22","slug":"odebrecht-e-bancos-credores-reforcam-procura-por-acordo-sobre-braskem","status":"publish","type":"post","link":"https:\/\/www.suno.com.br\/noticias\/odebrecht-e-bancos-credores-reforcam-procura-por-acordo-sobre-braskem\/","title":{"rendered":"Odebrecht e bancos credores refor\u00e7am procura por acordo sobre Braskem"},"content":{"rendered":"<p>A Odebrecht e seus bancos credores est\u00e3o refor\u00e7ando as tratativas sobre o plano de <a href=\"https:\/\/www.suno.com.br\/artigos\/recuperacao-judicial\/\">recupera\u00e7\u00e3o judicial<\/a> da empresa do setor de constru\u00e7\u00e3o e engenharia. Ao passo que as conversas sobre esse processo s\u00e3o intensificadas, os credores tamb\u00e9m tentam decidir o que ser\u00e1 feito em rela\u00e7\u00e3o a petroqu\u00edmica <strong>Braskem<\/strong>, controlada pelo grupo Odebrecht.<\/p>\t<div class=\"wrapper-featured-image\">\n\t\t<figure class=\"spotlightImg\">\n\n\t\t\t<picture>\n\t\t\t\t<source media=\"(max-width: 768px)\" srcset=\"https:\/\/files.sunoresearch.com.br\/n\/uploads\/2019\/06\/e310ada8-odebrecht-400x200.webp\">\n\t\t\t\t<img loading=\"lazy\" decoding=\"async\" class=\"newsContent__article__imgCapa lazyloadDisabled newsContent__article__imgCapa--noCaption\" src=\"https:\/\/files.sunoresearch.com.br\/n\/uploads\/2019\/06\/e310ada8-odebrecht-800x450.webp\" width=\"800\" height=\"450\" alt=\"Odebrecht e bancos credores refor\u00e7am procura por acordo sobre Braskem\" fetchpriority=high \/>\n\t\t\t<\/picture>\n\n\t\t\t<figcaption class=\"wp-caption-text wp-caption-text--hide\">Odebrecht <\/figcaption>\n\t\t<\/figure>\n\t<\/div>\n\n\n\n<p>As opera\u00e7\u00f5es sobre a empresa controlada pela<b> Odebrecht <\/b>devem ganhar mais peso a partir da pr\u00f3xima semana. As negocia\u00e7\u00f5es devem incluir:<\/p>\n<ul>\n<li>Pagamento de dividendo<\/li>\n<li>Execu\u00e7\u00e3o de garantias<\/li>\n<li>Venda da empresa<\/li>\n<\/ul>\n<p>A <strong>Braskem<\/strong> possui um monop\u00f3lio na produ\u00e7\u00e3o de polipropileno e poliestireno no Brasil. A receita anual da empresa fica acima dos R$ 50 bilh\u00f5es. A <strong>petroqu\u00edmica<\/strong> conta com 8 mil funcion\u00e1rios e \u00e9 avaliada em aproximadamente R$ 26 bilh\u00f5es na bolsa. Especialistas aguardam por informa\u00e7\u00f5es, mas estimam que a empresa possa ser colocada a venda no ano que vem.<\/p>\n<p>Os bancos que ir\u00e3o decidir o futuro da <strong>Braskem<\/strong> s\u00e3o:<\/p>\n<ul>\n<li>Ita\u00fa<\/li>\n<li>Bradesco<\/li>\n<li>Banco do Brasil<\/li>\n<li>BNDES<\/li>\n<li>Santander<\/li>\n<\/ul>\n<p>Por conta da recupera\u00e7\u00e3o judicial da <strong>Odebrecht<\/strong>, estes bancos possuem 38% do capital da petroqu\u00edmica. A <strong>Petrobras<\/strong> tamb\u00e9m det\u00e9m parte das a\u00e7\u00f5es, sendo 36% pertencentes a ela.<\/p>\n<p><a href=\"https:\/\/www.suno.com.br\/noticias\/petrobras-anuncia-novo-programa-de-demissao-voluntaria\/\">Veja tamb\u00e9m: Petrobras anuncia novo programa de demiss\u00e3o volunt\u00e1ria<\/a><\/p>\n<h2>Plano de recupera\u00e7\u00e3o judicial da ODB<\/h2>\n<p>A Odebrecht est\u00e1 tentando agilizar a defini\u00e7\u00e3o sobre o futuro das a\u00e7\u00f5es que se encontram em poder das institui\u00e7\u00f5es financeiras credoras. A <strong>Odebrecht<\/strong> possui R$ 101,5 bilh\u00f5es em d\u00edvidas, levando em conta o compromisso de acordo de leni\u00eancia com o <strong>Minist\u00e9rio P\u00fablico Federal (MPF)<\/strong>.<\/p>\n\t<p>\n\t\t<a href=\"https:\/\/lp.suno.com.br\/cl\/webinario-suno-black-2024\/\" target=\"_blank\" data-element=\"shortcode-suno-banner\" title=\"Banner SUNO, clique e saiba mais\">\n\t\t\t<picture>\n\t\t\t\t<source media=\"(max-width: 500px)\" srcset=\"https:\/\/files.sunoresearch.com.br\/n\/uploads\/2024\/04\/400x300-Banner-Home-1.png\">\n\t\t\t\t<img class=\"newsContent__article__imgCapa newsContent__article__imgCapa--banner\"\n\t\t\t\t\tsrc=\"https:\/\/files.sunoresearch.com.br\/n\/uploads\/2024\/04\/400x300-Banner-Home-1.png\"\n\t\t\t\t\tdata-promo-id=\"102411\"\t\t\t\t\t\t\t\t\t\twidth='401' height='300'\t\t\t\t\talt=\"https:\/\/files.sunoresearch.com.br\/n\/uploads\/2024\/04\/400x300-Banner-Home-1.png\"\n\t\t\t\t>\n\t\t\t<\/picture>\n\t\t<\/a>\n\t<\/p>\n\n\n<p>A empresa precisa, entretanto, recompor R$ 65,5 bilh\u00f5es. No dia 17 de junho, a empresa solicitou uma prote\u00e7\u00e3o contra os credores. As informa\u00e7\u00f5es s\u00e3o do &#8220;Valor Econ\u00f4mico&#8221;.<\/p>\n<h2>Empresa da Odebrecht anuncia investimento de R$ 600 mi<\/h2>\n<p>A <strong>Atvos<\/strong>, empresa controlada pela Odebrecht, que est\u00e1 em recupera\u00e7\u00e3o judicial, afirmou, na \u00faltima quarta-feira (25), que est\u00e1 analisando investir o montante de R$ 632 milh\u00f5es. O valor aplicado seria utilizado para a produ\u00e7\u00e3o de cerca de 2,1 bilh\u00f5es de litros de etanol.<\/p>\n<p>Em agosto, a empresa controlada pela <strong>Odebrecht<\/strong> prop\u00f4s, em seu plano de recupera\u00e7\u00e3o, o pagamento de 40% da d\u00edvida, aproximadamente R$ 5 bilh\u00f5es, em um prazo de 15 anos. As informa\u00e7\u00f5es foram reveladas por fontes pr\u00f3ximas ao assunto.<\/p>\n","protected":false},"excerpt":{"rendered":"<p>A Odebrecht e seus bancos credores est\u00e3o refor\u00e7ando as tratativas sobre o plano de recupera\u00e7\u00e3o judicial da empresa do setor de constru\u00e7\u00e3o e engenharia. Ao passo que as conversas sobre esse processo s\u00e3o intensificadas, os credores tamb\u00e9m tentam decidir o que ser\u00e1 feito em rela\u00e7\u00e3o a petroqu\u00edmica Braskem, controlada pelo grupo Odebrecht. Odebrecht As opera\u00e7\u00f5es [&hellip;]<\/p>\n","protected":false},"author":19,"featured_media":27900,"comment_status":"closed","ping_status":"closed","sticky":false,"template":"","format":"standard","meta":[],"categories":[64],"tags":[395,783],"suno_strategy":[],"class_list":["post-38951","post","type-post","status-publish","format-standard","has-post-thumbnail","hentry","category-negocios","tag-braskem-brkm3-brkm5-brkm6","tag-odebrecht"],"yoast_head":"<!-- This site is optimized with the Yoast SEO plugin v24.4 - https:\/\/yoast.com\/wordpress\/plugins\/seo\/ -->\n<title>Odebrecht e bancos credores refor\u00e7am procura por acordo sobre Braskem<\/title>\n<meta name=\"description\" content=\"A Odebrecht e seus bancos credores est\u00e3o refor\u00e7ando as tratativas sobre o plano de recupera\u00e7\u00e3o judicial da empresa. Clique e saiba mais.\" \/>\n<meta name=\"robots\" content=\"index, follow, max-snippet:-1, max-image-preview:large, max-video-preview:-1\" \/>\n<link rel=\"canonical\" href=\"https:\/\/www.suno.com.br\/noticias\/odebrecht-e-bancos-credores-reforcam-procura-por-acordo-sobre-braskem\/\" \/>\n<meta property=\"og:locale\" content=\"pt_BR\" \/>\n<meta property=\"og:type\" content=\"article\" \/>\n<meta property=\"og:title\" content=\"Odebrecht e bancos credores refor\u00e7am procura por acordo sobre Braskem\" \/>\n<meta property=\"og:description\" content=\"A Odebrecht e seus bancos credores est\u00e3o refor\u00e7ando as tratativas sobre o plano de recupera\u00e7\u00e3o judicial da empresa. Clique e saiba mais.\" \/>\n<meta property=\"og:url\" content=\"https:\/\/www.suno.com.br\/noticias\/odebrecht-e-bancos-credores-reforcam-procura-por-acordo-sobre-braskem\/\" \/>\n<meta property=\"og:site_name\" content=\"Suno Not\u00edcias\" \/>\n<meta property=\"article:publisher\" content=\"https:\/\/facebook.com\/sunoresearch\" \/>\n<meta property=\"og:image\" content=\"https:\/\/files.sunoresearch.com.br\/n\/uploads\/2019\/06\/e310ada8-odebrecht.jpg\" \/>\n\t<meta property=\"og:image:width\" content=\"1200\" \/>\n\t<meta property=\"og:image:height\" content=\"787\" \/>\n\t<meta property=\"og:image:type\" content=\"image\/jpeg\" \/>\n<meta name=\"author\" content=\"Juliano Passaro\" \/>\n<meta name=\"twitter:card\" content=\"summary_large_image\" \/>\n<meta name=\"twitter:creator\" content=\"@sunoresearch\" \/>\n<meta name=\"twitter:site\" content=\"@sunoresearch\" \/>\n<meta name=\"twitter:label1\" content=\"Escrito por\" \/>\n\t<meta name=\"twitter:data1\" content=\"Juliano Passaro\" \/>\n\t<meta name=\"twitter:label2\" content=\"Est. tempo de leitura\" \/>\n\t<meta name=\"twitter:data2\" content=\"2 minutos\" \/>\n<script type=\"application\/ld+json\" class=\"yoast-schema-graph\">{\"@context\":\"https:\/\/schema.org\",\"@graph\":[{\"@type\":\"NewsArticle\",\"@id\":\"https:\/\/www.suno.com.br\/noticias\/odebrecht-e-bancos-credores-reforcam-procura-por-acordo-sobre-braskem\/#article\",\"isPartOf\":{\"@id\":\"https:\/\/www.suno.com.br\/noticias\/odebrecht-e-bancos-credores-reforcam-procura-por-acordo-sobre-braskem\/\"},\"author\":{\"name\":\"Juliano Passaro\",\"@id\":\"https:\/\/www.suno.com.br\/noticias\/#\/schema\/person\/1db762f78ffd8919a648a63e425953e3\"},\"headline\":\"Odebrecht e bancos credores refor\u00e7am procura por acordo sobre Braskem\",\"datePublished\":\"2019-09-26T14:08:44+00:00\",\"dateModified\":\"2019-09-26T14:13:22+00:00\",\"mainEntityOfPage\":{\"@id\":\"https:\/\/www.suno.com.br\/noticias\/odebrecht-e-bancos-credores-reforcam-procura-por-acordo-sobre-braskem\/\"},\"wordCount\":414,\"publisher\":{\"@id\":\"https:\/\/www.suno.com.br\/noticias\/#organization\"},\"image\":{\"@id\":\"https:\/\/www.suno.com.br\/noticias\/odebrecht-e-bancos-credores-reforcam-procura-por-acordo-sobre-braskem\/#primaryimage\"},\"thumbnailUrl\":\"https:\/\/files.sunoresearch.com.br\/n\/uploads\/2019\/06\/e310ada8-odebrecht-jpg.webp\",\"keywords\":[\"Braskem (BRKM3\/BRKM5\/BRKM6)\",\"Odebrecht\"],\"articleSection\":[\"Neg\u00f3cios\"],\"inLanguage\":\"pt-BR\"},{\"@type\":\"WebPage\",\"@id\":\"https:\/\/www.suno.com.br\/noticias\/odebrecht-e-bancos-credores-reforcam-procura-por-acordo-sobre-braskem\/\",\"url\":\"https:\/\/www.suno.com.br\/noticias\/odebrecht-e-bancos-credores-reforcam-procura-por-acordo-sobre-braskem\/\",\"name\":\"Odebrecht e bancos credores refor\u00e7am procura por acordo sobre Braskem\",\"isPartOf\":{\"@id\":\"https:\/\/www.suno.com.br\/noticias\/#website\"},\"primaryImageOfPage\":{\"@id\":\"https:\/\/www.suno.com.br\/noticias\/odebrecht-e-bancos-credores-reforcam-procura-por-acordo-sobre-braskem\/#primaryimage\"},\"image\":{\"@id\":\"https:\/\/www.suno.com.br\/noticias\/odebrecht-e-bancos-credores-reforcam-procura-por-acordo-sobre-braskem\/#primaryimage\"},\"thumbnailUrl\":\"https:\/\/files.sunoresearch.com.br\/n\/uploads\/2019\/06\/e310ada8-odebrecht-jpg.webp\",\"datePublished\":\"2019-09-26T14:08:44+00:00\",\"dateModified\":\"2019-09-26T14:13:22+00:00\",\"description\":\"A Odebrecht e seus bancos credores est\u00e3o refor\u00e7ando as tratativas sobre o plano de recupera\u00e7\u00e3o judicial da empresa. Clique e saiba mais.\",\"breadcrumb\":{\"@id\":\"https:\/\/www.suno.com.br\/noticias\/odebrecht-e-bancos-credores-reforcam-procura-por-acordo-sobre-braskem\/#breadcrumb\"},\"inLanguage\":\"pt-BR\",\"potentialAction\":[{\"@type\":\"ReadAction\",\"target\":[\"https:\/\/www.suno.com.br\/noticias\/odebrecht-e-bancos-credores-reforcam-procura-por-acordo-sobre-braskem\/\"]}]},{\"@type\":\"ImageObject\",\"inLanguage\":\"pt-BR\",\"@id\":\"https:\/\/www.suno.com.br\/noticias\/odebrecht-e-bancos-credores-reforcam-procura-por-acordo-sobre-braskem\/#primaryimage\",\"url\":\"https:\/\/files.sunoresearch.com.br\/n\/uploads\/2019\/06\/e310ada8-odebrecht-jpg.webp\",\"contentUrl\":\"https:\/\/files.sunoresearch.com.br\/n\/uploads\/2019\/06\/e310ada8-odebrecht-jpg.webp\",\"width\":1200,\"height\":787,\"caption\":\"Odebrecht\"},{\"@type\":\"BreadcrumbList\",\"@id\":\"https:\/\/www.suno.com.br\/noticias\/odebrecht-e-bancos-credores-reforcam-procura-por-acordo-sobre-braskem\/#breadcrumb\",\"itemListElement\":[{\"@type\":\"ListItem\",\"position\":1,\"name\":\"Not\u00edcias\",\"item\":\"https:\/\/www.suno.com.br\/noticias\/\"},{\"@type\":\"ListItem\",\"position\":2,\"name\":\"Neg\u00f3cios\",\"item\":\"https:\/\/www.suno.com.br\/noticias\/negocios\/\"},{\"@type\":\"ListItem\",\"position\":3,\"name\":\"Odebrecht e bancos credores refor\u00e7am procura por acordo sobre Braskem\"}]},{\"@type\":\"WebSite\",\"@id\":\"https:\/\/www.suno.com.br\/noticias\/#website\",\"url\":\"https:\/\/www.suno.com.br\/noticias\/\",\"name\":\"Suno Not\u00edcias\",\"description\":\"Seu portal de informa\u00e7\u00e3o sobre o mundo dos investimentos\",\"publisher\":{\"@id\":\"https:\/\/www.suno.com.br\/noticias\/#organization\"},\"potentialAction\":[{\"@type\":\"SearchAction\",\"target\":{\"@type\":\"EntryPoint\",\"urlTemplate\":\"https:\/\/www.suno.com.br\/noticias\/?s={search_term_string}\"},\"query-input\":{\"@type\":\"PropertyValueSpecification\",\"valueRequired\":true,\"valueName\":\"search_term_string\"}}],\"inLanguage\":\"pt-BR\"},{\"@type\":\"Organization\",\"@id\":\"https:\/\/www.suno.com.br\/noticias\/#organization\",\"name\":\"Suno Not\u00edcias\",\"url\":\"https:\/\/www.suno.com.br\/noticias\/\",\"logo\":{\"@type\":\"ImageObject\",\"inLanguage\":\"pt-BR\",\"@id\":\"https:\/\/www.suno.com.br\/noticias\/#\/schema\/logo\/image\/\",\"url\":\"https:\/\/files.sunoresearch.com.br\/n\/uploads\/2021\/09\/suno-logo.png\",\"contentUrl\":\"https:\/\/files.sunoresearch.com.br\/n\/uploads\/2021\/09\/suno-logo.png\",\"width\":180,\"height\":180,\"caption\":\"Suno Not\u00edcias\"},\"image\":{\"@id\":\"https:\/\/www.suno.com.br\/noticias\/#\/schema\/logo\/image\/\"},\"sameAs\":[\"https:\/\/facebook.com\/sunoresearch\",\"https:\/\/x.com\/sunoresearch\",\"https:\/\/www.instagram.com\/suno\",\"https:\/\/www.linkedin.com\/company\/suno-research\/\",\"https:\/\/www.youtube.com\/c\/sunoresearch\"]},{\"@type\":\"Person\",\"@id\":\"https:\/\/www.suno.com.br\/noticias\/#\/schema\/person\/1db762f78ffd8919a648a63e425953e3\",\"name\":\"Juliano Passaro\",\"image\":{\"@type\":\"ImageObject\",\"inLanguage\":\"pt-BR\",\"@id\":\"https:\/\/www.suno.com.br\/noticias\/#\/schema\/person\/image\/\",\"url\":\"https:\/\/secure.gravatar.com\/avatar\/743d4df28eebf6dcc46b4ad03c319e92?s=96&r=g\",\"contentUrl\":\"https:\/\/secure.gravatar.com\/avatar\/743d4df28eebf6dcc46b4ad03c319e92?s=96&r=g\",\"caption\":\"Juliano Passaro\"},\"description\":\"Juliano Passaro escreve sobre pol\u00edtica, economia e neg\u00f3cios para o portal da Suno Research. Antes da Suno, trabalhou no Portal da Band. \u00c9 formado em jornalismo pela Universidade Presbiteriana Mackenzie.\",\"url\":\"https:\/\/www.suno.com.br\/noticias\/author\/juliano\/\"}]}<\/script>\n<!-- \/ Yoast SEO plugin. -->","yoast_head_json":{"title":"Odebrecht e bancos credores refor\u00e7am procura por acordo sobre Braskem","description":"A Odebrecht e seus bancos credores est\u00e3o refor\u00e7ando as tratativas sobre o plano de recupera\u00e7\u00e3o judicial da empresa. Clique e saiba mais.","robots":{"index":"index","follow":"follow","max-snippet":"max-snippet:-1","max-image-preview":"max-image-preview:large","max-video-preview":"max-video-preview:-1"},"canonical":"https:\/\/www.suno.com.br\/noticias\/odebrecht-e-bancos-credores-reforcam-procura-por-acordo-sobre-braskem\/","og_locale":"pt_BR","og_type":"article","og_title":"Odebrecht e bancos credores refor\u00e7am procura por acordo sobre Braskem","og_description":"A Odebrecht e seus bancos credores est\u00e3o refor\u00e7ando as tratativas sobre o plano de recupera\u00e7\u00e3o judicial da empresa. Clique e saiba mais.","og_url":"https:\/\/www.suno.com.br\/noticias\/odebrecht-e-bancos-credores-reforcam-procura-por-acordo-sobre-braskem\/","og_site_name":"Suno Not\u00edcias","article_publisher":"https:\/\/facebook.com\/sunoresearch","og_image":[{"width":1200,"height":787,"url":"https:\/\/files.sunoresearch.com.br\/n\/uploads\/2019\/06\/e310ada8-odebrecht.jpg","type":"image\/jpeg"}],"author":"Juliano Passaro","twitter_card":"summary_large_image","twitter_creator":"@sunoresearch","twitter_site":"@sunoresearch","twitter_misc":{"Escrito por":"Juliano Passaro","Est. tempo de leitura":"2 minutos"},"schema":{"@context":"https:\/\/schema.org","@graph":[{"@type":"NewsArticle","@id":"https:\/\/www.suno.com.br\/noticias\/odebrecht-e-bancos-credores-reforcam-procura-por-acordo-sobre-braskem\/#article","isPartOf":{"@id":"https:\/\/www.suno.com.br\/noticias\/odebrecht-e-bancos-credores-reforcam-procura-por-acordo-sobre-braskem\/"},"author":{"name":"Juliano Passaro","@id":"https:\/\/www.suno.com.br\/noticias\/#\/schema\/person\/1db762f78ffd8919a648a63e425953e3"},"headline":"Odebrecht e bancos credores refor\u00e7am procura por acordo sobre Braskem","datePublished":"2019-09-26T14:08:44+00:00","dateModified":"2019-09-26T14:13:22+00:00","mainEntityOfPage":{"@id":"https:\/\/www.suno.com.br\/noticias\/odebrecht-e-bancos-credores-reforcam-procura-por-acordo-sobre-braskem\/"},"wordCount":414,"publisher":{"@id":"https:\/\/www.suno.com.br\/noticias\/#organization"},"image":{"@id":"https:\/\/www.suno.com.br\/noticias\/odebrecht-e-bancos-credores-reforcam-procura-por-acordo-sobre-braskem\/#primaryimage"},"thumbnailUrl":"https:\/\/files.sunoresearch.com.br\/n\/uploads\/2019\/06\/e310ada8-odebrecht-jpg.webp","keywords":["Braskem (BRKM3\/BRKM5\/BRKM6)","Odebrecht"],"articleSection":["Neg\u00f3cios"],"inLanguage":"pt-BR"},{"@type":"WebPage","@id":"https:\/\/www.suno.com.br\/noticias\/odebrecht-e-bancos-credores-reforcam-procura-por-acordo-sobre-braskem\/","url":"https:\/\/www.suno.com.br\/noticias\/odebrecht-e-bancos-credores-reforcam-procura-por-acordo-sobre-braskem\/","name":"Odebrecht e bancos credores refor\u00e7am procura por acordo sobre Braskem","isPartOf":{"@id":"https:\/\/www.suno.com.br\/noticias\/#website"},"primaryImageOfPage":{"@id":"https:\/\/www.suno.com.br\/noticias\/odebrecht-e-bancos-credores-reforcam-procura-por-acordo-sobre-braskem\/#primaryimage"},"image":{"@id":"https:\/\/www.suno.com.br\/noticias\/odebrecht-e-bancos-credores-reforcam-procura-por-acordo-sobre-braskem\/#primaryimage"},"thumbnailUrl":"https:\/\/files.sunoresearch.com.br\/n\/uploads\/2019\/06\/e310ada8-odebrecht-jpg.webp","datePublished":"2019-09-26T14:08:44+00:00","dateModified":"2019-09-26T14:13:22+00:00","description":"A Odebrecht e seus bancos credores est\u00e3o refor\u00e7ando as tratativas sobre o plano de recupera\u00e7\u00e3o judicial da empresa. Clique e saiba mais.","breadcrumb":{"@id":"https:\/\/www.suno.com.br\/noticias\/odebrecht-e-bancos-credores-reforcam-procura-por-acordo-sobre-braskem\/#breadcrumb"},"inLanguage":"pt-BR","potentialAction":[{"@type":"ReadAction","target":["https:\/\/www.suno.com.br\/noticias\/odebrecht-e-bancos-credores-reforcam-procura-por-acordo-sobre-braskem\/"]}]},{"@type":"ImageObject","inLanguage":"pt-BR","@id":"https:\/\/www.suno.com.br\/noticias\/odebrecht-e-bancos-credores-reforcam-procura-por-acordo-sobre-braskem\/#primaryimage","url":"https:\/\/files.sunoresearch.com.br\/n\/uploads\/2019\/06\/e310ada8-odebrecht-jpg.webp","contentUrl":"https:\/\/files.sunoresearch.com.br\/n\/uploads\/2019\/06\/e310ada8-odebrecht-jpg.webp","width":1200,"height":787,"caption":"Odebrecht"},{"@type":"BreadcrumbList","@id":"https:\/\/www.suno.com.br\/noticias\/odebrecht-e-bancos-credores-reforcam-procura-por-acordo-sobre-braskem\/#breadcrumb","itemListElement":[{"@type":"ListItem","position":1,"name":"Not\u00edcias","item":"https:\/\/www.suno.com.br\/noticias\/"},{"@type":"ListItem","position":2,"name":"Neg\u00f3cios","item":"https:\/\/www.suno.com.br\/noticias\/negocios\/"},{"@type":"ListItem","position":3,"name":"Odebrecht e bancos credores refor\u00e7am procura por acordo sobre Braskem"}]},{"@type":"WebSite","@id":"https:\/\/www.suno.com.br\/noticias\/#website","url":"https:\/\/www.suno.com.br\/noticias\/","name":"Suno Not\u00edcias","description":"Seu portal de informa\u00e7\u00e3o sobre o mundo dos investimentos","publisher":{"@id":"https:\/\/www.suno.com.br\/noticias\/#organization"},"potentialAction":[{"@type":"SearchAction","target":{"@type":"EntryPoint","urlTemplate":"https:\/\/www.suno.com.br\/noticias\/?s={search_term_string}"},"query-input":{"@type":"PropertyValueSpecification","valueRequired":true,"valueName":"search_term_string"}}],"inLanguage":"pt-BR"},{"@type":"Organization","@id":"https:\/\/www.suno.com.br\/noticias\/#organization","name":"Suno Not\u00edcias","url":"https:\/\/www.suno.com.br\/noticias\/","logo":{"@type":"ImageObject","inLanguage":"pt-BR","@id":"https:\/\/www.suno.com.br\/noticias\/#\/schema\/logo\/image\/","url":"https:\/\/files.sunoresearch.com.br\/n\/uploads\/2021\/09\/suno-logo.png","contentUrl":"https:\/\/files.sunoresearch.com.br\/n\/uploads\/2021\/09\/suno-logo.png","width":180,"height":180,"caption":"Suno Not\u00edcias"},"image":{"@id":"https:\/\/www.suno.com.br\/noticias\/#\/schema\/logo\/image\/"},"sameAs":["https:\/\/facebook.com\/sunoresearch","https:\/\/x.com\/sunoresearch","https:\/\/www.instagram.com\/suno","https:\/\/www.linkedin.com\/company\/suno-research\/","https:\/\/www.youtube.com\/c\/sunoresearch"]},{"@type":"Person","@id":"https:\/\/www.suno.com.br\/noticias\/#\/schema\/person\/1db762f78ffd8919a648a63e425953e3","name":"Juliano Passaro","image":{"@type":"ImageObject","inLanguage":"pt-BR","@id":"https:\/\/www.suno.com.br\/noticias\/#\/schema\/person\/image\/","url":"https:\/\/secure.gravatar.com\/avatar\/743d4df28eebf6dcc46b4ad03c319e92?s=96&r=g","contentUrl":"https:\/\/secure.gravatar.com\/avatar\/743d4df28eebf6dcc46b4ad03c319e92?s=96&r=g","caption":"Juliano Passaro"},"description":"Juliano Passaro escreve sobre pol\u00edtica, economia e neg\u00f3cios para o portal da Suno Research. Antes da Suno, trabalhou no Portal da Band. \u00c9 formado em jornalismo pela Universidade Presbiteriana Mackenzie.","url":"https:\/\/www.suno.com.br\/noticias\/author\/juliano\/"}]}},"default_loop_html":"<div class=\"cardsPage__listCard__boxs\"><div class=\"cardsPage__listCard__boxs__img\"><a href=\"https:\/\/www.suno.com.br\/noticias\/odebrecht-e-bancos-credores-reforcam-procura-por-acordo-sobre-braskem\/\"><img class=\"mask\" src=\"https:\/\/www.suno.com.br\/noticias\/wp-content\/themes\/suno\/resources\/images\/spotlight\/spotlight1img\/bg-mask.png\" alt=\"Image Mask\"\/><img src=\"https:\/\/files.sunoresearch.com.br\/n\/uploads\/2019\/06\/e310ada8-odebrecht-400x200.webp\" alt=\"Odebrecht e bancos credores refor\u00e7am procura por acordo sobre Braskem\"\/><\/a><span class=\"spotlightCategory\"><a href=\"https:\/\/www.suno.com.br\/noticias\/negocios\/\">Neg\u00f3cios<\/a><\/span><\/div><div class=\"cardsPage__listCard__boxs__content\"><a href=\"https:\/\/www.suno.com.br\/noticias\/odebrecht-e-bancos-credores-reforcam-procura-por-acordo-sobre-braskem\/\"><h2 class=\"content__title\">Odebrecht e bancos credores refor\u00e7am procura por acordo sobre Braskem<\/h2><\/a><div class=\"newsContent__article__meta\"><div class=\"newsContent__article__meta__authorBox\"><a href=\"https:\/\/www.suno.com.br\/noticias\/author\/juliano\/\" class=\"authorBox__avatar noMobi\"><img src=\"https:\/\/files.sunoresearch.com.br\/n\/uploads\/2019\/06\/7cc3efea-whatsapp-image-2019-07-18-at-21.59.33-e1563499821209-150x150.webp\" alt=\"Juliano Passaro\"><\/a><div class=\"authorBox__name\"><span>por\n\t\t\t<a href=\"https:\/\/www.suno.com.br\/noticias\/author\/juliano\/\"><span itemprop=\"author\">Juliano Passaro<\/span><\/a><\/span><time datetime=\"2019-09-26T11:08:44-03:00\" itemprop=\"datePublished\">26\/09\/2019 11:08<\/time><\/div><\/div><\/div><\/div><\/div>","single_layout":"posts","amp_enabled":true,"_links":{"self":[{"href":"https:\/\/www.suno.com.br\/noticias\/wp-json\/wp\/v2\/posts\/38951"}],"collection":[{"href":"https:\/\/www.suno.com.br\/noticias\/wp-json\/wp\/v2\/posts"}],"about":[{"href":"https:\/\/www.suno.com.br\/noticias\/wp-json\/wp\/v2\/types\/post"}],"author":[{"embeddable":true,"href":"https:\/\/www.suno.com.br\/noticias\/wp-json\/wp\/v2\/users\/19"}],"replies":[{"embeddable":true,"href":"https:\/\/www.suno.com.br\/noticias\/wp-json\/wp\/v2\/comments?post=38951"}],"version-history":[{"count":0,"href":"https:\/\/www.suno.com.br\/noticias\/wp-json\/wp\/v2\/posts\/38951\/revisions"}],"wp:featuredmedia":[{"embeddable":true,"href":"https:\/\/www.suno.com.br\/noticias\/wp-json\/wp\/v2\/media\/27900"}],"wp:attachment":[{"href":"https:\/\/www.suno.com.br\/noticias\/wp-json\/wp\/v2\/media?parent=38951"}],"wp:term":[{"taxonomy":"category","embeddable":true,"href":"https:\/\/www.suno.com.br\/noticias\/wp-json\/wp\/v2\/categories?post=38951"},{"taxonomy":"post_tag","embeddable":true,"href":"https:\/\/www.suno.com.br\/noticias\/wp-json\/wp\/v2\/tags?post=38951"},{"taxonomy":"suno_strategy","embeddable":true,"href":"https:\/\/www.suno.com.br\/noticias\/wp-json\/wp\/v2\/suno_strategy?post=38951"}],"curies":[{"name":"wp","href":"https:\/\/api.w.org\/{rel}","templated":true}]}}