{"id":38949,"date":"2019-09-26T10:21:19","date_gmt":"2019-09-26T13:21:19","guid":{"rendered":"https:\/\/www.suno.com.br\/noticias\/?p=38949"},"modified":"2019-09-30T12:56:01","modified_gmt":"2019-09-30T15:56:01","slug":"petrobras-anuncia-novo-programa-de-demissao-voluntaria","status":"publish","type":"post","link":"https:\/\/www.suno.com.br\/noticias\/petrobras-anuncia-novo-programa-de-demissao-voluntaria\/","title":{"rendered":"Petrobras anuncia novo programa de demiss\u00e3o volunt\u00e1ria"},"content":{"rendered":"<p>A Petrobras (<strong>PETR3<\/strong>; <strong>PETR4<\/strong>) anunciou nesta quinta-feira (26), o terceiro programa de demiss\u00e3o volunt\u00e1ria (PDV) deste ano. Dessa vez, o foco \u00e9 no segmento corporativo.<\/p>\t<div class=\"wrapper-featured-image\">\n\t\t<figure class=\"spotlightImg\">\n\n\t\t\t<picture>\n\t\t\t\t<source media=\"(max-width: 768px)\" srcset=\"https:\/\/files.sunoresearch.com.br\/n\/uploads\/2019\/09\/c3ebac60-petrobras-400x200.webp\">\n\t\t\t\t<img loading=\"lazy\" decoding=\"async\" class=\"newsContent__article__imgCapa lazyloadDisabled newsContent__article__imgCapa--noCaption\" src=\"https:\/\/files.sunoresearch.com.br\/n\/uploads\/2019\/09\/c3ebac60-petrobras-800x450.webp\" width=\"800\" height=\"450\" alt=\"Petrobras anuncia novo programa de demiss\u00e3o volunt\u00e1ria\" fetchpriority=high \/>\n\t\t\t<\/picture>\n\n\t\t\t<figcaption class=\"wp-caption-text wp-caption-text--hide\">Petrobras (PETR4) tamb\u00e9m far\u00e1 primeira aquisi\u00e7\u00e3o com tecnologia OBN para o Parque das Baleias - Foto: Divulga\u00e7\u00e3o<\/figcaption>\n\t\t<\/figure>\n\t<\/div>\n\n\n\n<p>De acordo com a <strong>Petrobras<\/strong>, a iniciativa faz parte do esfor\u00e7o constante para se tornar &#8220;mais sustent\u00e1vel, com uma gest\u00e3o eficiente de pessoal&#8221;. A estatal, entretanto, n\u00e3o estipulou quantos funcion\u00e1rios devem aderir ao programa.<\/p>\n<p>O primeiro <strong>PDV<\/strong>, anunciado em fevereiro, foi direcionado a colaboradores que se aposentariam at\u00e9 junho de 2020. O outro programa, em maio, foi voltado a funcion\u00e1rios das unidades da estatal que estavam em processo de desinvestimento, como a <strong>BR Distribuidora<\/strong>.<\/p>\n<p><a href=\"https:\/\/www.suno.com.br\/noticias\/nova-oferta-de-acoes-banco-do-brasil-podera-levantar-2-bilhoes\/\">Confira: Nova oferta de a\u00e7\u00f5es do Banco do Brasil poder\u00e1 levantar R$ 2,9 bilh\u00f5es<\/a><\/p>\n<p>Segundo a <strong>Petrobras<\/strong>, os tr\u00eas programas anunciados preveem as mesmas vantagens e indeniza\u00e7\u00f5es perante a lei.<\/p>\n<p>\u201cA companhia busca criar condi\u00e7\u00f5es para que os profissionais fa\u00e7am a melhor escolha, mantendo sempre o seu comprometimento com a \u00e9tica, a transpar\u00eancia e com os mais elevados n\u00edveis de seguran\u00e7a e efici\u00eancia das opera\u00e7\u00f5es\u201d, anunciou a petroleira atrav\u00e9s de uma nota.<\/p>\n<h2>Petrobras revitaliza o segmento digital<\/h2>\n<p>Nesta quinta (26), a <strong>Petrobras<\/strong> tamb\u00e9m anunciou que Nicol\u00e1s Simone er\u00e1 o novo diretor de transforma\u00e7\u00e3o digital e inova\u00e7\u00e3o. O executivo cuidar\u00e1 de uma nova \u00e1rea que ser\u00e1 estabelecida pela empresa. Ele assume o cargo no dia 1\u00ba de outubro.<\/p>\n\t<p>\n\t\t<a href=\"https:\/\/lp.suno.com.br\/suno-one\/?utm_campaign=_SNC6964518A_\" target=\"_blank\" data-element=\"shortcode-suno-banner\" title=\"Banner SUNO, clique e saiba mais\">\n\t\t\t<picture>\n\t\t\t\t<source media=\"(max-width: 500px)\" srcset=\"https:\/\/files.sunoresearch.com.br\/n\/uploads\/2025\/09\/400x300-Suno-One-png.webp\">\n\t\t\t\t<img class=\"newsContent__article__imgCapa newsContent__article__imgCapa--banner\"\n\t\t\t\t\tsrc=\"https:\/\/files.sunoresearch.com.br\/n\/uploads\/2025\/09\/1420x240-Suno-One-png.webp\"\n\t\t\t\t\tdata-promo-id=\"85810\"\t\t\t\t\t\t\t\t\t\twidth='1420' height='240'\t\t\t\t\talt=\"https:\/\/files.sunoresearch.com.br\/n\/uploads\/2025\/09\/1420x240-Suno-One-png.webp\"\n\t\t\t\t>\n\t\t\t<\/picture>\n\t\t<\/a>\n\t<\/p>\n\n\n<p>Essa \u00e1rea, que ser\u00e1 analisa pelos acionistas em assembleia na pr\u00f3xima segunda-feira (30), refere-se \u00e0 <strong>tecnologia da informa\u00e7\u00e3o<\/strong> no processo de mudan\u00e7a da companhia, diz a <strong>Petrobras<\/strong>.<\/p>\n<p>Simone estudou na Universidade ORT, do Uruguai, onde se graduou engenharia de softwares e sistemas. O executivo possui experi\u00eancia internacional e expertise em tecnologia da informa\u00e7\u00e3o e <strong>transforma\u00e7\u00e3o digital<\/strong>.<\/p>\n<p><a href=\"https:\/\/www.suno.com.br\/noticias\/aereas-podem-continuar-cobrando-bagagem-apos-congresso-manter-veto-bolsonaro\/\">Veja tamb\u00e9m: A\u00e9reas podem continuar cobrando por bagagem ap\u00f3s Congresso manter veto de Bolsonaro<\/a><\/p>\n<p>\u201cA dedica\u00e7\u00e3o dessa nova diretoria da <strong>Petrobras<\/strong> \u00e0 transforma\u00e7\u00e3o digital e inova\u00e7\u00e3o \u00e9 consistente com a \u00eanfase dada \u00e0\u00a0tecnologia\u00a0da informa\u00e7\u00e3o no processo de mudan\u00e7a transformacional da companhia para a maximiza\u00e7\u00e3o da gera\u00e7\u00e3o de valor para os acionistas e o\u00a0<strong>Brasil<\/strong>\u201c, informou a estatal.<\/p>\n<p>O profissional escolhido pela <strong>Petrobras<\/strong> j\u00e1 trabalhou no Ita\u00fa Unibanco (ITUB3; ITUB4), Lojas Renner (LREN3) e Botic\u00e1rio.<\/p>\n","protected":false},"excerpt":{"rendered":"<p>A Petrobras (PETR3; PETR4) anunciou nesta quinta-feira (26), o terceiro programa de demiss\u00e3o volunt\u00e1ria (PDV) deste ano. Dessa vez, o foco \u00e9 no segmento corporativo. Petrobras (PETR4) tamb\u00e9m far\u00e1 primeira aquisi\u00e7\u00e3o com tecnologia OBN para o Parque das Baleias &#8211; Foto: Divulga\u00e7\u00e3o De acordo com a Petrobras, a iniciativa faz parte do esfor\u00e7o constante para [&hellip;]<\/p>\n","protected":false},"author":24,"featured_media":36923,"comment_status":"closed","ping_status":"closed","sticky":false,"template":"","format":"standard","meta":[],"categories":[64],"tags":[309,595,1134],"suno_strategy":[],"class_list":["post-38949","post","type-post","status-publish","format-standard","has-post-thumbnail","hentry","category-negocios","tag-bolsa-de-valores","tag-petrobras-petr4","tag-tecnologia"],"yoast_head":"<!-- This site is optimized with the Yoast SEO plugin v24.4 - https:\/\/yoast.com\/wordpress\/plugins\/seo\/ -->\n<title>Petrobras anuncia novo programa de demiss\u00e3o volunt\u00e1ria<\/title>\n<meta name=\"description\" content=\"A Petrobras anunciou nesta quinta-feira (26), o terceiro programa de demiss\u00e3o volunt\u00e1ria (PDV) deste ano. Clique e saiba mais.\" \/>\n<meta name=\"robots\" content=\"index, follow, max-snippet:-1, max-image-preview:large, max-video-preview:-1\" \/>\n<link rel=\"canonical\" href=\"https:\/\/www.suno.com.br\/noticias\/petrobras-anuncia-novo-programa-de-demissao-voluntaria\/\" \/>\n<meta property=\"og:locale\" content=\"pt_BR\" \/>\n<meta property=\"og:type\" content=\"article\" \/>\n<meta property=\"og:title\" content=\"Petrobras anuncia novo programa de demiss\u00e3o volunt\u00e1ria\" \/>\n<meta property=\"og:description\" content=\"A Petrobras anunciou nesta quinta-feira (26), o terceiro programa de demiss\u00e3o volunt\u00e1ria (PDV) deste ano. Clique e saiba mais.\" \/>\n<meta property=\"og:url\" content=\"https:\/\/www.suno.com.br\/noticias\/petrobras-anuncia-novo-programa-de-demissao-voluntaria\/\" \/>\n<meta property=\"og:site_name\" content=\"Suno Not\u00edcias\" \/>\n<meta property=\"article:publisher\" content=\"https:\/\/facebook.com\/sunoresearch\" \/>\n<meta property=\"og:image\" content=\"https:\/\/files.sunoresearch.com.br\/n\/uploads\/2019\/09\/c3ebac60-petrobras.jpg\" \/>\n\t<meta property=\"og:image:width\" content=\"4000\" \/>\n\t<meta property=\"og:image:height\" content=\"2667\" \/>\n\t<meta property=\"og:image:type\" content=\"image\/jpeg\" \/>\n<meta name=\"author\" content=\"Jader Lazarini\" \/>\n<meta name=\"twitter:card\" content=\"summary_large_image\" \/>\n<meta name=\"twitter:creator\" content=\"@sunoresearch\" \/>\n<meta name=\"twitter:site\" content=\"@sunoresearch\" \/>\n<meta name=\"twitter:label1\" content=\"Escrito por\" \/>\n\t<meta name=\"twitter:data1\" content=\"Jader Lazarini\" \/>\n\t<meta name=\"twitter:label2\" content=\"Est. tempo de leitura\" \/>\n\t<meta name=\"twitter:data2\" content=\"2 minutos\" \/>\n<script type=\"application\/ld+json\" class=\"yoast-schema-graph\">{\"@context\":\"https:\/\/schema.org\",\"@graph\":[{\"@type\":\"NewsArticle\",\"@id\":\"https:\/\/www.suno.com.br\/noticias\/petrobras-anuncia-novo-programa-de-demissao-voluntaria\/#article\",\"isPartOf\":{\"@id\":\"https:\/\/www.suno.com.br\/noticias\/petrobras-anuncia-novo-programa-de-demissao-voluntaria\/\"},\"author\":{\"name\":\"Jader Lazarini\",\"@id\":\"https:\/\/www.suno.com.br\/noticias\/#\/schema\/person\/918d79de1f0281f01599b93f9ea6e23f\"},\"headline\":\"Petrobras anuncia novo programa de demiss\u00e3o volunt\u00e1ria\",\"datePublished\":\"2019-09-26T13:21:19+00:00\",\"dateModified\":\"2019-09-30T15:56:01+00:00\",\"mainEntityOfPage\":{\"@id\":\"https:\/\/www.suno.com.br\/noticias\/petrobras-anuncia-novo-programa-de-demissao-voluntaria\/\"},\"wordCount\":392,\"publisher\":{\"@id\":\"https:\/\/www.suno.com.br\/noticias\/#organization\"},\"image\":{\"@id\":\"https:\/\/www.suno.com.br\/noticias\/petrobras-anuncia-novo-programa-de-demissao-voluntaria\/#primaryimage\"},\"thumbnailUrl\":\"https:\/\/files.sunoresearch.com.br\/n\/uploads\/2019\/09\/c3ebac60-petrobras-scaled.webp\",\"keywords\":[\"Bolsa de Valores\",\"Petrobras (PETR4)\",\"Tecnologia\"],\"articleSection\":[\"Neg\u00f3cios\"],\"inLanguage\":\"pt-BR\"},{\"@type\":\"WebPage\",\"@id\":\"https:\/\/www.suno.com.br\/noticias\/petrobras-anuncia-novo-programa-de-demissao-voluntaria\/\",\"url\":\"https:\/\/www.suno.com.br\/noticias\/petrobras-anuncia-novo-programa-de-demissao-voluntaria\/\",\"name\":\"Petrobras anuncia novo programa de demiss\u00e3o volunt\u00e1ria\",\"isPartOf\":{\"@id\":\"https:\/\/www.suno.com.br\/noticias\/#website\"},\"primaryImageOfPage\":{\"@id\":\"https:\/\/www.suno.com.br\/noticias\/petrobras-anuncia-novo-programa-de-demissao-voluntaria\/#primaryimage\"},\"image\":{\"@id\":\"https:\/\/www.suno.com.br\/noticias\/petrobras-anuncia-novo-programa-de-demissao-voluntaria\/#primaryimage\"},\"thumbnailUrl\":\"https:\/\/files.sunoresearch.com.br\/n\/uploads\/2019\/09\/c3ebac60-petrobras-scaled.webp\",\"datePublished\":\"2019-09-26T13:21:19+00:00\",\"dateModified\":\"2019-09-30T15:56:01+00:00\",\"description\":\"A Petrobras anunciou nesta quinta-feira (26), o terceiro programa de demiss\u00e3o volunt\u00e1ria (PDV) deste ano. Clique e saiba mais.\",\"breadcrumb\":{\"@id\":\"https:\/\/www.suno.com.br\/noticias\/petrobras-anuncia-novo-programa-de-demissao-voluntaria\/#breadcrumb\"},\"inLanguage\":\"pt-BR\",\"potentialAction\":[{\"@type\":\"ReadAction\",\"target\":[\"https:\/\/www.suno.com.br\/noticias\/petrobras-anuncia-novo-programa-de-demissao-voluntaria\/\"]}]},{\"@type\":\"ImageObject\",\"inLanguage\":\"pt-BR\",\"@id\":\"https:\/\/www.suno.com.br\/noticias\/petrobras-anuncia-novo-programa-de-demissao-voluntaria\/#primaryimage\",\"url\":\"https:\/\/files.sunoresearch.com.br\/n\/uploads\/2019\/09\/c3ebac60-petrobras-scaled.webp\",\"contentUrl\":\"https:\/\/files.sunoresearch.com.br\/n\/uploads\/2019\/09\/c3ebac60-petrobras-scaled.webp\",\"width\":2560,\"height\":1707,\"caption\":\"Petrobras (PETR4) tamb\u00e9m far\u00e1 primeira aquisi\u00e7\u00e3o com tecnologia OBN para o Parque das Baleias - Foto: Divulga\u00e7\u00e3o\"},{\"@type\":\"BreadcrumbList\",\"@id\":\"https:\/\/www.suno.com.br\/noticias\/petrobras-anuncia-novo-programa-de-demissao-voluntaria\/#breadcrumb\",\"itemListElement\":[{\"@type\":\"ListItem\",\"position\":1,\"name\":\"Not\u00edcias\",\"item\":\"https:\/\/www.suno.com.br\/noticias\/\"},{\"@type\":\"ListItem\",\"position\":2,\"name\":\"Neg\u00f3cios\",\"item\":\"https:\/\/www.suno.com.br\/noticias\/negocios\/\"},{\"@type\":\"ListItem\",\"position\":3,\"name\":\"Petrobras anuncia novo programa de demiss\u00e3o volunt\u00e1ria\"}]},{\"@type\":\"WebSite\",\"@id\":\"https:\/\/www.suno.com.br\/noticias\/#website\",\"url\":\"https:\/\/www.suno.com.br\/noticias\/\",\"name\":\"Suno Not\u00edcias\",\"description\":\"Seu portal de informa\u00e7\u00e3o sobre o mundo dos investimentos\",\"publisher\":{\"@id\":\"https:\/\/www.suno.com.br\/noticias\/#organization\"},\"potentialAction\":[{\"@type\":\"SearchAction\",\"target\":{\"@type\":\"EntryPoint\",\"urlTemplate\":\"https:\/\/www.suno.com.br\/noticias\/?s={search_term_string}\"},\"query-input\":{\"@type\":\"PropertyValueSpecification\",\"valueRequired\":true,\"valueName\":\"search_term_string\"}}],\"inLanguage\":\"pt-BR\"},{\"@type\":\"Organization\",\"@id\":\"https:\/\/www.suno.com.br\/noticias\/#organization\",\"name\":\"Suno Not\u00edcias\",\"url\":\"https:\/\/www.suno.com.br\/noticias\/\",\"logo\":{\"@type\":\"ImageObject\",\"inLanguage\":\"pt-BR\",\"@id\":\"https:\/\/www.suno.com.br\/noticias\/#\/schema\/logo\/image\/\",\"url\":\"https:\/\/files.sunoresearch.com.br\/n\/uploads\/2021\/09\/suno-logo.png\",\"contentUrl\":\"https:\/\/files.sunoresearch.com.br\/n\/uploads\/2021\/09\/suno-logo.png\",\"width\":180,\"height\":180,\"caption\":\"Suno Not\u00edcias\"},\"image\":{\"@id\":\"https:\/\/www.suno.com.br\/noticias\/#\/schema\/logo\/image\/\"},\"sameAs\":[\"https:\/\/facebook.com\/sunoresearch\",\"https:\/\/x.com\/sunoresearch\",\"https:\/\/www.instagram.com\/suno\",\"https:\/\/www.linkedin.com\/company\/suno-research\/\",\"https:\/\/www.youtube.com\/c\/sunoresearch\"]},{\"@type\":\"Person\",\"@id\":\"https:\/\/www.suno.com.br\/noticias\/#\/schema\/person\/918d79de1f0281f01599b93f9ea6e23f\",\"name\":\"Jader Lazarini\",\"image\":{\"@type\":\"ImageObject\",\"inLanguage\":\"pt-BR\",\"@id\":\"https:\/\/www.suno.com.br\/noticias\/#\/schema\/person\/image\/\",\"url\":\"https:\/\/secure.gravatar.com\/avatar\/3c1ad8caa51589841baeb923fcddea97?s=96&r=g\",\"contentUrl\":\"https:\/\/secure.gravatar.com\/avatar\/3c1ad8caa51589841baeb923fcddea97?s=96&r=g\",\"caption\":\"Jader Lazarini\"},\"description\":\"Jader Lazarini escreve sobre investimentos, finan\u00e7as, economia e neg\u00f3cios. \u00c9 bacharel em Rela\u00e7\u00f5es Internacionais e analista CNPI (2619).\",\"url\":\"https:\/\/www.suno.com.br\/noticias\/author\/jader-lazarini\/\"}]}<\/script>\n<!-- \/ Yoast SEO plugin. -->","yoast_head_json":{"title":"Petrobras anuncia novo programa de demiss\u00e3o volunt\u00e1ria","description":"A Petrobras anunciou nesta quinta-feira (26), o terceiro programa de demiss\u00e3o volunt\u00e1ria (PDV) deste ano. Clique e saiba mais.","robots":{"index":"index","follow":"follow","max-snippet":"max-snippet:-1","max-image-preview":"max-image-preview:large","max-video-preview":"max-video-preview:-1"},"canonical":"https:\/\/www.suno.com.br\/noticias\/petrobras-anuncia-novo-programa-de-demissao-voluntaria\/","og_locale":"pt_BR","og_type":"article","og_title":"Petrobras anuncia novo programa de demiss\u00e3o volunt\u00e1ria","og_description":"A Petrobras anunciou nesta quinta-feira (26), o terceiro programa de demiss\u00e3o volunt\u00e1ria (PDV) deste ano. Clique e saiba mais.","og_url":"https:\/\/www.suno.com.br\/noticias\/petrobras-anuncia-novo-programa-de-demissao-voluntaria\/","og_site_name":"Suno Not\u00edcias","article_publisher":"https:\/\/facebook.com\/sunoresearch","og_image":[{"width":4000,"height":2667,"url":"https:\/\/files.sunoresearch.com.br\/n\/uploads\/2019\/09\/c3ebac60-petrobras.jpg","type":"image\/jpeg"}],"author":"Jader Lazarini","twitter_card":"summary_large_image","twitter_creator":"@sunoresearch","twitter_site":"@sunoresearch","twitter_misc":{"Escrito por":"Jader Lazarini","Est. tempo de leitura":"2 minutos"},"schema":{"@context":"https:\/\/schema.org","@graph":[{"@type":"NewsArticle","@id":"https:\/\/www.suno.com.br\/noticias\/petrobras-anuncia-novo-programa-de-demissao-voluntaria\/#article","isPartOf":{"@id":"https:\/\/www.suno.com.br\/noticias\/petrobras-anuncia-novo-programa-de-demissao-voluntaria\/"},"author":{"name":"Jader Lazarini","@id":"https:\/\/www.suno.com.br\/noticias\/#\/schema\/person\/918d79de1f0281f01599b93f9ea6e23f"},"headline":"Petrobras anuncia novo programa de demiss\u00e3o volunt\u00e1ria","datePublished":"2019-09-26T13:21:19+00:00","dateModified":"2019-09-30T15:56:01+00:00","mainEntityOfPage":{"@id":"https:\/\/www.suno.com.br\/noticias\/petrobras-anuncia-novo-programa-de-demissao-voluntaria\/"},"wordCount":392,"publisher":{"@id":"https:\/\/www.suno.com.br\/noticias\/#organization"},"image":{"@id":"https:\/\/www.suno.com.br\/noticias\/petrobras-anuncia-novo-programa-de-demissao-voluntaria\/#primaryimage"},"thumbnailUrl":"https:\/\/files.sunoresearch.com.br\/n\/uploads\/2019\/09\/c3ebac60-petrobras-scaled.webp","keywords":["Bolsa de Valores","Petrobras (PETR4)","Tecnologia"],"articleSection":["Neg\u00f3cios"],"inLanguage":"pt-BR"},{"@type":"WebPage","@id":"https:\/\/www.suno.com.br\/noticias\/petrobras-anuncia-novo-programa-de-demissao-voluntaria\/","url":"https:\/\/www.suno.com.br\/noticias\/petrobras-anuncia-novo-programa-de-demissao-voluntaria\/","name":"Petrobras anuncia novo programa de demiss\u00e3o volunt\u00e1ria","isPartOf":{"@id":"https:\/\/www.suno.com.br\/noticias\/#website"},"primaryImageOfPage":{"@id":"https:\/\/www.suno.com.br\/noticias\/petrobras-anuncia-novo-programa-de-demissao-voluntaria\/#primaryimage"},"image":{"@id":"https:\/\/www.suno.com.br\/noticias\/petrobras-anuncia-novo-programa-de-demissao-voluntaria\/#primaryimage"},"thumbnailUrl":"https:\/\/files.sunoresearch.com.br\/n\/uploads\/2019\/09\/c3ebac60-petrobras-scaled.webp","datePublished":"2019-09-26T13:21:19+00:00","dateModified":"2019-09-30T15:56:01+00:00","description":"A Petrobras anunciou nesta quinta-feira (26), o terceiro programa de demiss\u00e3o volunt\u00e1ria (PDV) deste ano. Clique e saiba mais.","breadcrumb":{"@id":"https:\/\/www.suno.com.br\/noticias\/petrobras-anuncia-novo-programa-de-demissao-voluntaria\/#breadcrumb"},"inLanguage":"pt-BR","potentialAction":[{"@type":"ReadAction","target":["https:\/\/www.suno.com.br\/noticias\/petrobras-anuncia-novo-programa-de-demissao-voluntaria\/"]}]},{"@type":"ImageObject","inLanguage":"pt-BR","@id":"https:\/\/www.suno.com.br\/noticias\/petrobras-anuncia-novo-programa-de-demissao-voluntaria\/#primaryimage","url":"https:\/\/files.sunoresearch.com.br\/n\/uploads\/2019\/09\/c3ebac60-petrobras-scaled.webp","contentUrl":"https:\/\/files.sunoresearch.com.br\/n\/uploads\/2019\/09\/c3ebac60-petrobras-scaled.webp","width":2560,"height":1707,"caption":"Petrobras (PETR4) tamb\u00e9m far\u00e1 primeira aquisi\u00e7\u00e3o com tecnologia OBN para o Parque das Baleias - Foto: Divulga\u00e7\u00e3o"},{"@type":"BreadcrumbList","@id":"https:\/\/www.suno.com.br\/noticias\/petrobras-anuncia-novo-programa-de-demissao-voluntaria\/#breadcrumb","itemListElement":[{"@type":"ListItem","position":1,"name":"Not\u00edcias","item":"https:\/\/www.suno.com.br\/noticias\/"},{"@type":"ListItem","position":2,"name":"Neg\u00f3cios","item":"https:\/\/www.suno.com.br\/noticias\/negocios\/"},{"@type":"ListItem","position":3,"name":"Petrobras anuncia novo programa de demiss\u00e3o volunt\u00e1ria"}]},{"@type":"WebSite","@id":"https:\/\/www.suno.com.br\/noticias\/#website","url":"https:\/\/www.suno.com.br\/noticias\/","name":"Suno Not\u00edcias","description":"Seu portal de informa\u00e7\u00e3o sobre o mundo dos investimentos","publisher":{"@id":"https:\/\/www.suno.com.br\/noticias\/#organization"},"potentialAction":[{"@type":"SearchAction","target":{"@type":"EntryPoint","urlTemplate":"https:\/\/www.suno.com.br\/noticias\/?s={search_term_string}"},"query-input":{"@type":"PropertyValueSpecification","valueRequired":true,"valueName":"search_term_string"}}],"inLanguage":"pt-BR"},{"@type":"Organization","@id":"https:\/\/www.suno.com.br\/noticias\/#organization","name":"Suno Not\u00edcias","url":"https:\/\/www.suno.com.br\/noticias\/","logo":{"@type":"ImageObject","inLanguage":"pt-BR","@id":"https:\/\/www.suno.com.br\/noticias\/#\/schema\/logo\/image\/","url":"https:\/\/files.sunoresearch.com.br\/n\/uploads\/2021\/09\/suno-logo.png","contentUrl":"https:\/\/files.sunoresearch.com.br\/n\/uploads\/2021\/09\/suno-logo.png","width":180,"height":180,"caption":"Suno Not\u00edcias"},"image":{"@id":"https:\/\/www.suno.com.br\/noticias\/#\/schema\/logo\/image\/"},"sameAs":["https:\/\/facebook.com\/sunoresearch","https:\/\/x.com\/sunoresearch","https:\/\/www.instagram.com\/suno","https:\/\/www.linkedin.com\/company\/suno-research\/","https:\/\/www.youtube.com\/c\/sunoresearch"]},{"@type":"Person","@id":"https:\/\/www.suno.com.br\/noticias\/#\/schema\/person\/918d79de1f0281f01599b93f9ea6e23f","name":"Jader Lazarini","image":{"@type":"ImageObject","inLanguage":"pt-BR","@id":"https:\/\/www.suno.com.br\/noticias\/#\/schema\/person\/image\/","url":"https:\/\/secure.gravatar.com\/avatar\/3c1ad8caa51589841baeb923fcddea97?s=96&r=g","contentUrl":"https:\/\/secure.gravatar.com\/avatar\/3c1ad8caa51589841baeb923fcddea97?s=96&r=g","caption":"Jader Lazarini"},"description":"Jader Lazarini escreve sobre investimentos, finan\u00e7as, economia e neg\u00f3cios. \u00c9 bacharel em Rela\u00e7\u00f5es Internacionais e analista CNPI (2619).","url":"https:\/\/www.suno.com.br\/noticias\/author\/jader-lazarini\/"}]}},"default_loop_html":"<div class=\"cardsPage__listCard__boxs\"><div class=\"cardsPage__listCard__boxs__img\"><a href=\"https:\/\/www.suno.com.br\/noticias\/petrobras-anuncia-novo-programa-de-demissao-voluntaria\/\"><img class=\"mask\" src=\"https:\/\/www.suno.com.br\/noticias\/wp-content\/themes\/suno\/resources\/images\/spotlight\/spotlight1img\/bg-mask.png\" alt=\"Image Mask\"\/><img src=\"https:\/\/files.sunoresearch.com.br\/n\/uploads\/2019\/09\/c3ebac60-petrobras-400x200.webp\" alt=\"Petrobras anuncia novo programa de demiss\u00e3o volunt\u00e1ria\"\/><\/a><span class=\"spotlightCategory\"><a href=\"https:\/\/www.suno.com.br\/noticias\/negocios\/\">Neg\u00f3cios<\/a><\/span><\/div><div class=\"cardsPage__listCard__boxs__content\"><a href=\"https:\/\/www.suno.com.br\/noticias\/petrobras-anuncia-novo-programa-de-demissao-voluntaria\/\"><h2 class=\"content__title\">Petrobras anuncia novo programa de demiss\u00e3o volunt\u00e1ria<\/h2><\/a><div class=\"newsContent__article__meta\"><div class=\"newsContent__article__meta__authorBox\"><a href=\"https:\/\/www.suno.com.br\/noticias\/author\/jader-lazarini\/\" class=\"authorBox__avatar noMobi\"><img src=\"https:\/\/files.sunoresearch.com.br\/n\/uploads\/2021\/01\/178e6598-foto-perfil-2-150x150.jpg\" alt=\"Jader Lazarini\"><\/a><div class=\"authorBox__name\"><span>por\n\t\t\t<a href=\"https:\/\/www.suno.com.br\/noticias\/author\/jader-lazarini\/\"><span itemprop=\"author\">Jader Lazarini<\/span><\/a><\/span><time datetime=\"2019-09-26T10:21:19-03:00\" itemprop=\"datePublished\">26\/09\/2019 10:21<\/time><\/div><\/div><\/div><\/div><\/div>","single_layout":"posts","amp_enabled":true,"_links":{"self":[{"href":"https:\/\/www.suno.com.br\/noticias\/wp-json\/wp\/v2\/posts\/38949"}],"collection":[{"href":"https:\/\/www.suno.com.br\/noticias\/wp-json\/wp\/v2\/posts"}],"about":[{"href":"https:\/\/www.suno.com.br\/noticias\/wp-json\/wp\/v2\/types\/post"}],"author":[{"embeddable":true,"href":"https:\/\/www.suno.com.br\/noticias\/wp-json\/wp\/v2\/users\/24"}],"replies":[{"embeddable":true,"href":"https:\/\/www.suno.com.br\/noticias\/wp-json\/wp\/v2\/comments?post=38949"}],"version-history":[{"count":0,"href":"https:\/\/www.suno.com.br\/noticias\/wp-json\/wp\/v2\/posts\/38949\/revisions"}],"wp:featuredmedia":[{"embeddable":true,"href":"https:\/\/www.suno.com.br\/noticias\/wp-json\/wp\/v2\/media\/36923"}],"wp:attachment":[{"href":"https:\/\/www.suno.com.br\/noticias\/wp-json\/wp\/v2\/media?parent=38949"}],"wp:term":[{"taxonomy":"category","embeddable":true,"href":"https:\/\/www.suno.com.br\/noticias\/wp-json\/wp\/v2\/categories?post=38949"},{"taxonomy":"post_tag","embeddable":true,"href":"https:\/\/www.suno.com.br\/noticias\/wp-json\/wp\/v2\/tags?post=38949"},{"taxonomy":"suno_strategy","embeddable":true,"href":"https:\/\/www.suno.com.br\/noticias\/wp-json\/wp\/v2\/suno_strategy?post=38949"}],"curies":[{"name":"wp","href":"https:\/\/api.w.org\/{rel}","templated":true}]}}