{"id":38918,"date":"2019-09-26T08:47:08","date_gmt":"2019-09-26T11:47:08","guid":{"rendered":"https:\/\/www.suno.com.br\/noticias\/?p=38918"},"modified":"2021-06-14T00:24:58","modified_gmt":"2021-06-14T03:24:58","slug":"agenda-do-dia-oi-banco-inter-br-distribuidora-odebrecht-260919","status":"publish","type":"post","link":"https:\/\/www.suno.com.br\/noticias\/agenda-do-dia-oi-banco-inter-br-distribuidora-odebrecht-260919\/","title":{"rendered":"Agenda do Dia: Oi; Banco Inter; BR Distribuidora; Odebrecht; BB Seguridade"},"content":{"rendered":"<p>Os assuntos da Agenda do Dia desta quinta-feira (26) prometem agitar o mercado interno e externo.<\/p>\t<div class=\"wrapper-featured-image\">\n\t\t<figure class=\"spotlightImg\">\n\n\t\t\t<picture>\n\t\t\t\t<source media=\"(max-width: 768px)\" srcset=\"https:\/\/files.sunoresearch.com.br\/n\/uploads\/2019\/09\/b73895b9-oi-400x200.webp\">\n\t\t\t\t<img loading=\"lazy\" decoding=\"async\" class=\"newsContent__article__imgCapa lazyloadDisabled newsContent__article__imgCapa--noCaption\" src=\"https:\/\/files.sunoresearch.com.br\/n\/uploads\/2019\/09\/b73895b9-oi-800x450.webp\" width=\"800\" height=\"450\" alt=\"Agenda do Dia: Oi; Banco Inter; BR Distribuidora; Odebrecht; BB Seguridade\" fetchpriority=high \/>\n\t\t\t<\/picture>\n\n\t\t\t<figcaption class=\"wp-caption-text wp-caption-text--hide\">Agenda do Dia<\/figcaption>\n\t\t<\/figure>\n\t<\/div>\n\n\n\n<p>A<strong> Oi <\/strong>negou, em comunicado ao mercado, na \u00faltima quinta-feira (26), que ir\u00e1 fatiar suas opera\u00e7\u00f5es entre a <strong>Tim<\/strong>, a <strong>Vivo<\/strong> e a <strong>Claro<\/strong>. O Banco Inter dever\u00e1 pagar R$ 12,8 milh\u00f5es em juros sobre o capital pr\u00f3prio.\u00a0Estas e outras not\u00edcias fazem parte da Agenda do Dia desta quinta.<\/p>\n<p>A Agenda do Dia conta tamb\u00e9m com a not\u00edcia sobre a <strong>Odebrecht<\/strong> e seus bancos credores, que est\u00e3o intensificando a busca por um acordo sobre a petroqu\u00edmica <strong>Braskem<\/strong>.<\/p>\n<p>Confira os principais pontos da Agenda do Dia:<\/p>\n<h2>Oi<\/h2>\n<div>\n<p>A <a href=\"https:\/\/www.suno.com.br\/artigos\/radar-oibr3-esclarece-noticia\/\">Oi (OIBR3;OIBR4)<\/a> divulgou, na \u00faltima quarta-feira (25), um comunicado ao mercado em que nega que poderia fatiar as suas opera\u00e7\u00f5es entre telefonia m\u00f3vel, fixa e de infraestrutura para a <strong>TIM (TIMP3), Vivo (VIVT4)<\/strong> e <strong>Claro.<\/strong><\/p>\n<p>No comunicado, a <strong>Oi<\/strong> salienta que continua focada na execu\u00e7\u00e3o dos esfor\u00e7os de controle de custos e em outras iniciativas para a execu\u00e7\u00e3o dos planos de investimentos nos planos estrat\u00e9gicos, al\u00e9m de visar a maximiza\u00e7\u00e3o do valor da empresa.<\/p>\n<p><a href=\"https:\/\/www.suno.com.br\/noticias\/vale-retira-acoes-cotacao-de-paris-franca\/\">Veja tamb\u00e9m: Vale encerra sua participa\u00e7\u00e3o na Bolsa de Valores de Paris<\/a><\/p>\n<\/div>\n<h2>Banco Inter<\/h2>\n<p>O Conselho de Administra\u00e7\u00e3o do <strong>Banco Inter (BIDI4)<\/strong> anunciou, na \u00faltima quarta-feira, que pagar\u00e1 <strong><a href=\"https:\/\/www.suno.com.br\/artigos\/entenda-o-jcp\/\">juros sobre o capital pr\u00f3prio<\/a><\/strong> no valor bruto de R$ 12,812 milh\u00f5es.<\/p>\n<p>O valor do juros sobre o capital pr\u00f3prio do <strong>Banco Inter<\/strong> \u00e9 correspondente a R$ 0,018231110 por<strong> <a href=\"https:\/\/www.suno.com.br\/artigos\/tipos-de-acoes\/\">a\u00e7\u00e3o<\/a><\/strong> e R$0,054693330 por<strong><a href=\"https:\/\/www.suno.com.br\/artigos\/o-que-sao-acoes-ordinarias-preferenciais-e-units\/\"> unit<\/a><\/strong> (BIDI11). O pagamento ser\u00e1 realizado no dia oito de outubro aos acionistas que possuem a\u00e7\u00f5es da institui\u00e7\u00e3o no dia 30 de setembro.<\/p>\n<h2>BR Distribuidora<\/h2>\n<p>A <strong>BR Distribuidora<\/strong> comunicou, na \u00faltima quarta-feira (25), que a Amazonas Energia assinou a quita\u00e7\u00e3o antecipada de sua d\u00edvida com a ex-subsidi\u00e1ria da Petrobras. O pagamento ser\u00e1 feito em uma parcela de R$ 1,446 bilh\u00e3o.<\/p>\n<p><a href=\"https:\/\/www.suno.com.br\/noticias\/aereas-podem-continuar-cobrando-bagagem-apos-congresso-manter-veto-bolsonaro\/\">Veja tamb\u00e9m: A\u00e9reas podem continuar cobrando por bagagem ap\u00f3s Congresso manter veto de Bolsonaro<\/a><\/p>\n<h2>Odebrecht<\/h2>\n<div>A <strong>Odebrecht<\/strong> est\u00e1 intensificando, junto aos seus bancos credores, as tratativas para acelerar o plano de recupera\u00e7\u00e3o judicial.<\/div>\n<div><\/div>\n<div>Simultaneamente, tamb\u00e9m colocam na mesa o debate sobre a execu\u00e7\u00e3o de garantias das institui\u00e7\u00f5es financeiras quem possuem as a\u00e7\u00f5es da <strong>Braskem<\/strong>. Al\u00e9m disso, tamb\u00e9m \u00e9 discutido para onde ir\u00e3o os dividendos da petroqu\u00edmica.<\/div>\n<h2>BB Seguridade<\/h2>\n<div>O BB Seguridade anunciou na \u00faltima quarta-feira que or\u00e1 diminuir seu capital. Do montante total de R$ 2,7 bilh\u00f5es, o <strong>Banco do Brasil<\/strong> dever\u00e1 receber R$ 1,8 bilh\u00e3o. De acordo com o comunicado, o <strong>BB Seguridade<\/strong> v\u00ea seu capital social atual como &#8220;excessivo&#8221;.<\/div>\n<div>\n<p>A Agenda do Dia da <a href=\"https:\/\/www.youtube.com\/watch?v=b4354q8sGYQ\">Suno<\/a> mostra os principais acontecimentos que prometem movimentar o mercado durante o dia.<\/p>\n<\/div>\n","protected":false},"excerpt":{"rendered":"<p>Os assuntos da Agenda do Dia desta quinta-feira (26) prometem agitar o mercado interno e externo. Agenda do Dia A Oi negou, em comunicado ao mercado, na \u00faltima quinta-feira (26), que ir\u00e1 fatiar suas opera\u00e7\u00f5es entre a Tim, a Vivo e a Claro. O Banco Inter dever\u00e1 pagar R$ 12,8 milh\u00f5es em juros sobre o [&hellip;]<\/p>\n","protected":false},"author":19,"featured_media":38930,"comment_status":"closed","ping_status":"closed","sticky":false,"template":"","format":"standard","meta":[],"categories":[64],"tags":[1980,369,378,783,584,596],"suno_strategy":[],"class_list":["post-38918","post","type-post","status-publish","format-standard","has-post-thumbnail","hentry","category-negocios","tag-agenda-do-dia","tag-banco-inter-bidi11-bidi4-bidi3","tag-bb-seguridade-bbse3","tag-odebrecht","tag-oi-oibr3-oibr4","tag-vibra-energia-vbbr3"],"yoast_head":"<!-- This site is optimized with the Yoast SEO plugin v24.4 - https:\/\/yoast.com\/wordpress\/plugins\/seo\/ -->\n<title>Agenda do Dia: Oi; Banco Inter; BR Distribuidora; Odebrecht<\/title>\n<meta name=\"description\" content=\"Agenda do Dia: Oi diz que n\u00e3o ir\u00e1 fatiar opera\u00e7\u00f5es; Banco Inter; BR Distribuidora; Odebrecht; BB Seguridade. Clique e saiba mais.\" \/>\n<meta name=\"robots\" content=\"index, follow, max-snippet:-1, max-image-preview:large, max-video-preview:-1\" \/>\n<link rel=\"canonical\" href=\"https:\/\/www.suno.com.br\/noticias\/agenda-do-dia-oi-banco-inter-br-distribuidora-odebrecht-260919\/\" \/>\n<meta property=\"og:locale\" content=\"pt_BR\" \/>\n<meta property=\"og:type\" content=\"article\" \/>\n<meta property=\"og:title\" content=\"Agenda do Dia: Oi; Banco Inter; BR Distribuidora; Odebrecht\" \/>\n<meta property=\"og:description\" content=\"Agenda do Dia: Oi diz que n\u00e3o ir\u00e1 fatiar opera\u00e7\u00f5es; Banco Inter; BR Distribuidora; Odebrecht; BB Seguridade. Clique e saiba mais.\" \/>\n<meta property=\"og:url\" content=\"https:\/\/www.suno.com.br\/noticias\/agenda-do-dia-oi-banco-inter-br-distribuidora-odebrecht-260919\/\" \/>\n<meta property=\"og:site_name\" content=\"Suno Not\u00edcias\" \/>\n<meta property=\"article:publisher\" content=\"https:\/\/facebook.com\/sunoresearch\" \/>\n<meta property=\"og:image\" content=\"https:\/\/files.sunoresearch.com.br\/n\/uploads\/2019\/09\/b73895b9-oi.jpg\" \/>\n\t<meta property=\"og:image:width\" content=\"2600\" \/>\n\t<meta property=\"og:image:height\" content=\"1734\" \/>\n\t<meta property=\"og:image:type\" content=\"image\/jpeg\" \/>\n<meta name=\"author\" content=\"Juliano Passaro\" \/>\n<meta name=\"twitter:card\" content=\"summary_large_image\" \/>\n<meta name=\"twitter:creator\" content=\"@sunoresearch\" \/>\n<meta name=\"twitter:site\" content=\"@sunoresearch\" \/>\n<meta name=\"twitter:label1\" content=\"Escrito por\" \/>\n\t<meta name=\"twitter:data1\" content=\"Juliano Passaro\" \/>\n\t<meta name=\"twitter:label2\" content=\"Est. tempo de leitura\" \/>\n\t<meta name=\"twitter:data2\" content=\"2 minutos\" \/>\n<script type=\"application\/ld+json\" class=\"yoast-schema-graph\">{\"@context\":\"https:\/\/schema.org\",\"@graph\":[{\"@type\":\"NewsArticle\",\"@id\":\"https:\/\/www.suno.com.br\/noticias\/agenda-do-dia-oi-banco-inter-br-distribuidora-odebrecht-260919\/#article\",\"isPartOf\":{\"@id\":\"https:\/\/www.suno.com.br\/noticias\/agenda-do-dia-oi-banco-inter-br-distribuidora-odebrecht-260919\/\"},\"author\":{\"name\":\"Juliano Passaro\",\"@id\":\"https:\/\/www.suno.com.br\/noticias\/#\/schema\/person\/1db762f78ffd8919a648a63e425953e3\"},\"headline\":\"Agenda do Dia: Oi; Banco Inter; BR Distribuidora; Odebrecht; BB Seguridade\",\"datePublished\":\"2019-09-26T11:47:08+00:00\",\"dateModified\":\"2021-06-14T03:24:58+00:00\",\"mainEntityOfPage\":{\"@id\":\"https:\/\/www.suno.com.br\/noticias\/agenda-do-dia-oi-banco-inter-br-distribuidora-odebrecht-260919\/\"},\"wordCount\":472,\"publisher\":{\"@id\":\"https:\/\/www.suno.com.br\/noticias\/#organization\"},\"image\":{\"@id\":\"https:\/\/www.suno.com.br\/noticias\/agenda-do-dia-oi-banco-inter-br-distribuidora-odebrecht-260919\/#primaryimage\"},\"thumbnailUrl\":\"https:\/\/files.sunoresearch.com.br\/n\/uploads\/2019\/09\/b73895b9-oi-scaled.webp\",\"keywords\":[\"agenda do dia\",\"Banco Inter (BIDI11\/BIDI4\/BIDI3)\",\"BB Seguridade (BBSE3)\",\"Odebrecht\",\"Oi (OIBR3\/OIBR4)\",\"Vibra Energia (VBBR3)\"],\"articleSection\":[\"Neg\u00f3cios\"],\"inLanguage\":\"pt-BR\"},{\"@type\":\"WebPage\",\"@id\":\"https:\/\/www.suno.com.br\/noticias\/agenda-do-dia-oi-banco-inter-br-distribuidora-odebrecht-260919\/\",\"url\":\"https:\/\/www.suno.com.br\/noticias\/agenda-do-dia-oi-banco-inter-br-distribuidora-odebrecht-260919\/\",\"name\":\"Agenda do Dia: Oi; Banco Inter; BR Distribuidora; Odebrecht\",\"isPartOf\":{\"@id\":\"https:\/\/www.suno.com.br\/noticias\/#website\"},\"primaryImageOfPage\":{\"@id\":\"https:\/\/www.suno.com.br\/noticias\/agenda-do-dia-oi-banco-inter-br-distribuidora-odebrecht-260919\/#primaryimage\"},\"image\":{\"@id\":\"https:\/\/www.suno.com.br\/noticias\/agenda-do-dia-oi-banco-inter-br-distribuidora-odebrecht-260919\/#primaryimage\"},\"thumbnailUrl\":\"https:\/\/files.sunoresearch.com.br\/n\/uploads\/2019\/09\/b73895b9-oi-scaled.webp\",\"datePublished\":\"2019-09-26T11:47:08+00:00\",\"dateModified\":\"2021-06-14T03:24:58+00:00\",\"description\":\"Agenda do Dia: Oi diz que n\u00e3o ir\u00e1 fatiar opera\u00e7\u00f5es; Banco Inter; BR Distribuidora; Odebrecht; BB Seguridade. Clique e saiba mais.\",\"breadcrumb\":{\"@id\":\"https:\/\/www.suno.com.br\/noticias\/agenda-do-dia-oi-banco-inter-br-distribuidora-odebrecht-260919\/#breadcrumb\"},\"inLanguage\":\"pt-BR\",\"potentialAction\":[{\"@type\":\"ReadAction\",\"target\":[\"https:\/\/www.suno.com.br\/noticias\/agenda-do-dia-oi-banco-inter-br-distribuidora-odebrecht-260919\/\"]}]},{\"@type\":\"ImageObject\",\"inLanguage\":\"pt-BR\",\"@id\":\"https:\/\/www.suno.com.br\/noticias\/agenda-do-dia-oi-banco-inter-br-distribuidora-odebrecht-260919\/#primaryimage\",\"url\":\"https:\/\/files.sunoresearch.com.br\/n\/uploads\/2019\/09\/b73895b9-oi-scaled.webp\",\"contentUrl\":\"https:\/\/files.sunoresearch.com.br\/n\/uploads\/2019\/09\/b73895b9-oi-scaled.webp\",\"width\":2560,\"height\":1707,\"caption\":\"Agenda do Dia\"},{\"@type\":\"BreadcrumbList\",\"@id\":\"https:\/\/www.suno.com.br\/noticias\/agenda-do-dia-oi-banco-inter-br-distribuidora-odebrecht-260919\/#breadcrumb\",\"itemListElement\":[{\"@type\":\"ListItem\",\"position\":1,\"name\":\"Not\u00edcias\",\"item\":\"https:\/\/www.suno.com.br\/noticias\/\"},{\"@type\":\"ListItem\",\"position\":2,\"name\":\"Neg\u00f3cios\",\"item\":\"https:\/\/www.suno.com.br\/noticias\/negocios\/\"},{\"@type\":\"ListItem\",\"position\":3,\"name\":\"Agenda do Dia: Oi; Banco Inter; BR Distribuidora; Odebrecht; BB Seguridade\"}]},{\"@type\":\"WebSite\",\"@id\":\"https:\/\/www.suno.com.br\/noticias\/#website\",\"url\":\"https:\/\/www.suno.com.br\/noticias\/\",\"name\":\"Suno Not\u00edcias\",\"description\":\"Seu portal de informa\u00e7\u00e3o sobre o mundo dos investimentos\",\"publisher\":{\"@id\":\"https:\/\/www.suno.com.br\/noticias\/#organization\"},\"potentialAction\":[{\"@type\":\"SearchAction\",\"target\":{\"@type\":\"EntryPoint\",\"urlTemplate\":\"https:\/\/www.suno.com.br\/noticias\/?s={search_term_string}\"},\"query-input\":{\"@type\":\"PropertyValueSpecification\",\"valueRequired\":true,\"valueName\":\"search_term_string\"}}],\"inLanguage\":\"pt-BR\"},{\"@type\":\"Organization\",\"@id\":\"https:\/\/www.suno.com.br\/noticias\/#organization\",\"name\":\"Suno Not\u00edcias\",\"url\":\"https:\/\/www.suno.com.br\/noticias\/\",\"logo\":{\"@type\":\"ImageObject\",\"inLanguage\":\"pt-BR\",\"@id\":\"https:\/\/www.suno.com.br\/noticias\/#\/schema\/logo\/image\/\",\"url\":\"https:\/\/files.sunoresearch.com.br\/n\/uploads\/2021\/09\/suno-logo.png\",\"contentUrl\":\"https:\/\/files.sunoresearch.com.br\/n\/uploads\/2021\/09\/suno-logo.png\",\"width\":180,\"height\":180,\"caption\":\"Suno Not\u00edcias\"},\"image\":{\"@id\":\"https:\/\/www.suno.com.br\/noticias\/#\/schema\/logo\/image\/\"},\"sameAs\":[\"https:\/\/facebook.com\/sunoresearch\",\"https:\/\/x.com\/sunoresearch\",\"https:\/\/www.instagram.com\/suno\",\"https:\/\/www.linkedin.com\/company\/suno-research\/\",\"https:\/\/www.youtube.com\/c\/sunoresearch\"]},{\"@type\":\"Person\",\"@id\":\"https:\/\/www.suno.com.br\/noticias\/#\/schema\/person\/1db762f78ffd8919a648a63e425953e3\",\"name\":\"Juliano Passaro\",\"image\":{\"@type\":\"ImageObject\",\"inLanguage\":\"pt-BR\",\"@id\":\"https:\/\/www.suno.com.br\/noticias\/#\/schema\/person\/image\/\",\"url\":\"https:\/\/secure.gravatar.com\/avatar\/743d4df28eebf6dcc46b4ad03c319e92?s=96&r=g\",\"contentUrl\":\"https:\/\/secure.gravatar.com\/avatar\/743d4df28eebf6dcc46b4ad03c319e92?s=96&r=g\",\"caption\":\"Juliano Passaro\"},\"description\":\"Juliano Passaro escreve sobre pol\u00edtica, economia e neg\u00f3cios para o portal da Suno Research. Antes da Suno, trabalhou no Portal da Band. \u00c9 formado em jornalismo pela Universidade Presbiteriana Mackenzie.\",\"url\":\"https:\/\/www.suno.com.br\/noticias\/author\/juliano\/\"}]}<\/script>\n<!-- \/ Yoast SEO plugin. -->","yoast_head_json":{"title":"Agenda do Dia: Oi; Banco Inter; BR Distribuidora; Odebrecht","description":"Agenda do Dia: Oi diz que n\u00e3o ir\u00e1 fatiar opera\u00e7\u00f5es; Banco Inter; BR Distribuidora; Odebrecht; BB Seguridade. Clique e saiba mais.","robots":{"index":"index","follow":"follow","max-snippet":"max-snippet:-1","max-image-preview":"max-image-preview:large","max-video-preview":"max-video-preview:-1"},"canonical":"https:\/\/www.suno.com.br\/noticias\/agenda-do-dia-oi-banco-inter-br-distribuidora-odebrecht-260919\/","og_locale":"pt_BR","og_type":"article","og_title":"Agenda do Dia: Oi; Banco Inter; BR Distribuidora; Odebrecht","og_description":"Agenda do Dia: Oi diz que n\u00e3o ir\u00e1 fatiar opera\u00e7\u00f5es; Banco Inter; BR Distribuidora; Odebrecht; BB Seguridade. Clique e saiba mais.","og_url":"https:\/\/www.suno.com.br\/noticias\/agenda-do-dia-oi-banco-inter-br-distribuidora-odebrecht-260919\/","og_site_name":"Suno Not\u00edcias","article_publisher":"https:\/\/facebook.com\/sunoresearch","og_image":[{"width":2600,"height":1734,"url":"https:\/\/files.sunoresearch.com.br\/n\/uploads\/2019\/09\/b73895b9-oi.jpg","type":"image\/jpeg"}],"author":"Juliano Passaro","twitter_card":"summary_large_image","twitter_creator":"@sunoresearch","twitter_site":"@sunoresearch","twitter_misc":{"Escrito por":"Juliano Passaro","Est. tempo de leitura":"2 minutos"},"schema":{"@context":"https:\/\/schema.org","@graph":[{"@type":"NewsArticle","@id":"https:\/\/www.suno.com.br\/noticias\/agenda-do-dia-oi-banco-inter-br-distribuidora-odebrecht-260919\/#article","isPartOf":{"@id":"https:\/\/www.suno.com.br\/noticias\/agenda-do-dia-oi-banco-inter-br-distribuidora-odebrecht-260919\/"},"author":{"name":"Juliano Passaro","@id":"https:\/\/www.suno.com.br\/noticias\/#\/schema\/person\/1db762f78ffd8919a648a63e425953e3"},"headline":"Agenda do Dia: Oi; Banco Inter; BR Distribuidora; Odebrecht; BB Seguridade","datePublished":"2019-09-26T11:47:08+00:00","dateModified":"2021-06-14T03:24:58+00:00","mainEntityOfPage":{"@id":"https:\/\/www.suno.com.br\/noticias\/agenda-do-dia-oi-banco-inter-br-distribuidora-odebrecht-260919\/"},"wordCount":472,"publisher":{"@id":"https:\/\/www.suno.com.br\/noticias\/#organization"},"image":{"@id":"https:\/\/www.suno.com.br\/noticias\/agenda-do-dia-oi-banco-inter-br-distribuidora-odebrecht-260919\/#primaryimage"},"thumbnailUrl":"https:\/\/files.sunoresearch.com.br\/n\/uploads\/2019\/09\/b73895b9-oi-scaled.webp","keywords":["agenda do dia","Banco Inter (BIDI11\/BIDI4\/BIDI3)","BB Seguridade (BBSE3)","Odebrecht","Oi (OIBR3\/OIBR4)","Vibra Energia (VBBR3)"],"articleSection":["Neg\u00f3cios"],"inLanguage":"pt-BR"},{"@type":"WebPage","@id":"https:\/\/www.suno.com.br\/noticias\/agenda-do-dia-oi-banco-inter-br-distribuidora-odebrecht-260919\/","url":"https:\/\/www.suno.com.br\/noticias\/agenda-do-dia-oi-banco-inter-br-distribuidora-odebrecht-260919\/","name":"Agenda do Dia: Oi; Banco Inter; BR Distribuidora; Odebrecht","isPartOf":{"@id":"https:\/\/www.suno.com.br\/noticias\/#website"},"primaryImageOfPage":{"@id":"https:\/\/www.suno.com.br\/noticias\/agenda-do-dia-oi-banco-inter-br-distribuidora-odebrecht-260919\/#primaryimage"},"image":{"@id":"https:\/\/www.suno.com.br\/noticias\/agenda-do-dia-oi-banco-inter-br-distribuidora-odebrecht-260919\/#primaryimage"},"thumbnailUrl":"https:\/\/files.sunoresearch.com.br\/n\/uploads\/2019\/09\/b73895b9-oi-scaled.webp","datePublished":"2019-09-26T11:47:08+00:00","dateModified":"2021-06-14T03:24:58+00:00","description":"Agenda do Dia: Oi diz que n\u00e3o ir\u00e1 fatiar opera\u00e7\u00f5es; Banco Inter; BR Distribuidora; Odebrecht; BB Seguridade. Clique e saiba mais.","breadcrumb":{"@id":"https:\/\/www.suno.com.br\/noticias\/agenda-do-dia-oi-banco-inter-br-distribuidora-odebrecht-260919\/#breadcrumb"},"inLanguage":"pt-BR","potentialAction":[{"@type":"ReadAction","target":["https:\/\/www.suno.com.br\/noticias\/agenda-do-dia-oi-banco-inter-br-distribuidora-odebrecht-260919\/"]}]},{"@type":"ImageObject","inLanguage":"pt-BR","@id":"https:\/\/www.suno.com.br\/noticias\/agenda-do-dia-oi-banco-inter-br-distribuidora-odebrecht-260919\/#primaryimage","url":"https:\/\/files.sunoresearch.com.br\/n\/uploads\/2019\/09\/b73895b9-oi-scaled.webp","contentUrl":"https:\/\/files.sunoresearch.com.br\/n\/uploads\/2019\/09\/b73895b9-oi-scaled.webp","width":2560,"height":1707,"caption":"Agenda do Dia"},{"@type":"BreadcrumbList","@id":"https:\/\/www.suno.com.br\/noticias\/agenda-do-dia-oi-banco-inter-br-distribuidora-odebrecht-260919\/#breadcrumb","itemListElement":[{"@type":"ListItem","position":1,"name":"Not\u00edcias","item":"https:\/\/www.suno.com.br\/noticias\/"},{"@type":"ListItem","position":2,"name":"Neg\u00f3cios","item":"https:\/\/www.suno.com.br\/noticias\/negocios\/"},{"@type":"ListItem","position":3,"name":"Agenda do Dia: Oi; Banco Inter; BR Distribuidora; Odebrecht; BB Seguridade"}]},{"@type":"WebSite","@id":"https:\/\/www.suno.com.br\/noticias\/#website","url":"https:\/\/www.suno.com.br\/noticias\/","name":"Suno Not\u00edcias","description":"Seu portal de informa\u00e7\u00e3o sobre o mundo dos investimentos","publisher":{"@id":"https:\/\/www.suno.com.br\/noticias\/#organization"},"potentialAction":[{"@type":"SearchAction","target":{"@type":"EntryPoint","urlTemplate":"https:\/\/www.suno.com.br\/noticias\/?s={search_term_string}"},"query-input":{"@type":"PropertyValueSpecification","valueRequired":true,"valueName":"search_term_string"}}],"inLanguage":"pt-BR"},{"@type":"Organization","@id":"https:\/\/www.suno.com.br\/noticias\/#organization","name":"Suno Not\u00edcias","url":"https:\/\/www.suno.com.br\/noticias\/","logo":{"@type":"ImageObject","inLanguage":"pt-BR","@id":"https:\/\/www.suno.com.br\/noticias\/#\/schema\/logo\/image\/","url":"https:\/\/files.sunoresearch.com.br\/n\/uploads\/2021\/09\/suno-logo.png","contentUrl":"https:\/\/files.sunoresearch.com.br\/n\/uploads\/2021\/09\/suno-logo.png","width":180,"height":180,"caption":"Suno Not\u00edcias"},"image":{"@id":"https:\/\/www.suno.com.br\/noticias\/#\/schema\/logo\/image\/"},"sameAs":["https:\/\/facebook.com\/sunoresearch","https:\/\/x.com\/sunoresearch","https:\/\/www.instagram.com\/suno","https:\/\/www.linkedin.com\/company\/suno-research\/","https:\/\/www.youtube.com\/c\/sunoresearch"]},{"@type":"Person","@id":"https:\/\/www.suno.com.br\/noticias\/#\/schema\/person\/1db762f78ffd8919a648a63e425953e3","name":"Juliano Passaro","image":{"@type":"ImageObject","inLanguage":"pt-BR","@id":"https:\/\/www.suno.com.br\/noticias\/#\/schema\/person\/image\/","url":"https:\/\/secure.gravatar.com\/avatar\/743d4df28eebf6dcc46b4ad03c319e92?s=96&r=g","contentUrl":"https:\/\/secure.gravatar.com\/avatar\/743d4df28eebf6dcc46b4ad03c319e92?s=96&r=g","caption":"Juliano Passaro"},"description":"Juliano Passaro escreve sobre pol\u00edtica, economia e neg\u00f3cios para o portal da Suno Research. Antes da Suno, trabalhou no Portal da Band. \u00c9 formado em jornalismo pela Universidade Presbiteriana Mackenzie.","url":"https:\/\/www.suno.com.br\/noticias\/author\/juliano\/"}]}},"default_loop_html":"<div class=\"cardsPage__listCard__boxs\"><div class=\"cardsPage__listCard__boxs__img\"><a href=\"https:\/\/www.suno.com.br\/noticias\/agenda-do-dia-oi-banco-inter-br-distribuidora-odebrecht-260919\/\"><img class=\"mask\" src=\"https:\/\/www.suno.com.br\/noticias\/wp-content\/themes\/suno\/resources\/images\/spotlight\/spotlight1img\/bg-mask.png\" alt=\"Image Mask\"\/><img src=\"https:\/\/files.sunoresearch.com.br\/n\/uploads\/2019\/09\/b73895b9-oi-400x200.webp\" alt=\"Agenda do Dia: Oi; Banco Inter; BR Distribuidora; Odebrecht; BB Seguridade\"\/><\/a><span class=\"spotlightCategory\"><a href=\"https:\/\/www.suno.com.br\/noticias\/negocios\/\">Neg\u00f3cios<\/a><\/span><\/div><div class=\"cardsPage__listCard__boxs__content\"><a href=\"https:\/\/www.suno.com.br\/noticias\/agenda-do-dia-oi-banco-inter-br-distribuidora-odebrecht-260919\/\"><h2 class=\"content__title\">Agenda do Dia: Oi; Banco Inter; BR Distribuidora; Odebrecht; BB Seguridade<\/h2><\/a><div class=\"newsContent__article__meta\"><div class=\"newsContent__article__meta__authorBox\"><a href=\"https:\/\/www.suno.com.br\/noticias\/author\/juliano\/\" class=\"authorBox__avatar noMobi\"><img src=\"https:\/\/files.sunoresearch.com.br\/n\/uploads\/2019\/06\/7cc3efea-whatsapp-image-2019-07-18-at-21.59.33-e1563499821209-150x150.webp\" alt=\"Juliano Passaro\"><\/a><div class=\"authorBox__name\"><span>por\n\t\t\t<a href=\"https:\/\/www.suno.com.br\/noticias\/author\/juliano\/\"><span itemprop=\"author\">Juliano Passaro<\/span><\/a><\/span><time datetime=\"2019-09-26T08:47:08-03:00\" itemprop=\"datePublished\">26\/09\/2019 08:47<\/time><\/div><\/div><\/div><\/div><\/div>","single_layout":"posts","amp_enabled":true,"_links":{"self":[{"href":"https:\/\/www.suno.com.br\/noticias\/wp-json\/wp\/v2\/posts\/38918"}],"collection":[{"href":"https:\/\/www.suno.com.br\/noticias\/wp-json\/wp\/v2\/posts"}],"about":[{"href":"https:\/\/www.suno.com.br\/noticias\/wp-json\/wp\/v2\/types\/post"}],"author":[{"embeddable":true,"href":"https:\/\/www.suno.com.br\/noticias\/wp-json\/wp\/v2\/users\/19"}],"replies":[{"embeddable":true,"href":"https:\/\/www.suno.com.br\/noticias\/wp-json\/wp\/v2\/comments?post=38918"}],"version-history":[{"count":1,"href":"https:\/\/www.suno.com.br\/noticias\/wp-json\/wp\/v2\/posts\/38918\/revisions"}],"predecessor-version":[{"id":157701,"href":"https:\/\/www.suno.com.br\/noticias\/wp-json\/wp\/v2\/posts\/38918\/revisions\/157701"}],"wp:featuredmedia":[{"embeddable":true,"href":"https:\/\/www.suno.com.br\/noticias\/wp-json\/wp\/v2\/media\/38930"}],"wp:attachment":[{"href":"https:\/\/www.suno.com.br\/noticias\/wp-json\/wp\/v2\/media?parent=38918"}],"wp:term":[{"taxonomy":"category","embeddable":true,"href":"https:\/\/www.suno.com.br\/noticias\/wp-json\/wp\/v2\/categories?post=38918"},{"taxonomy":"post_tag","embeddable":true,"href":"https:\/\/www.suno.com.br\/noticias\/wp-json\/wp\/v2\/tags?post=38918"},{"taxonomy":"suno_strategy","embeddable":true,"href":"https:\/\/www.suno.com.br\/noticias\/wp-json\/wp\/v2\/suno_strategy?post=38918"}],"curies":[{"name":"wp","href":"https:\/\/api.w.org\/{rel}","templated":true}]}}