{"id":388768,"date":"2023-04-12T19:53:49","date_gmt":"2023-04-12T22:53:49","guid":{"rendered":"https:\/\/www.suno.com.br\/noticias\/?p=388768"},"modified":"2023-04-27T14:34:13","modified_gmt":"2023-04-27T17:34:13","slug":"taxacao-shein-fazenda-nega-nova-tributacao","status":"publish","type":"post","link":"https:\/\/www.suno.com.br\/noticias\/taxacao-shein-fazenda-nega-nova-tributacao\/","title":{"rendered":"Taxa\u00e7\u00e3o na Shein: minist\u00e9rio da Fazenda nega nova tributa\u00e7\u00e3o em compras online e diz que refor\u00e7ar\u00e1 fiscaliza\u00e7\u00e3o"},"content":{"rendered":"<p>Em meio \u00e0 crescente tributa\u00e7\u00e3o \u00e0s varejistas asi\u00e1ticas, como a <strong>Shein<\/strong>, o <a class=\"suno-keyword\" target=\"_blank\" data-force=\"no\" data-priority=\"2\" href=\"https:\/\/www.suno.com.br\/artigos\/ministerio-da-fazenda\/\" rel=\"noopener\">Minist\u00e9rio da Fazenda<\/a> reafirmou nesta quarta-feira (12) que n\u00e3o ser\u00e1 criada taxa para compras online. O que se pretende fazer, segundo a Pasta, \u00e9 refor\u00e7ar a fiscaliza\u00e7\u00e3o.<\/p><div class=\"videoFull \">\n\t\t\t<div class=\"videoWrapper yt-lazyload center\"\n\t\t\t\tdata-width=\"960\"\n\t\t\t\tdata-height=\"540\"\n\t\t\t\tdata-id=\"keEJdUIQAuQ\"\n\t\t\t\tdata-alt=\"V\u00eddeo do YouTube - clique para reproduzir\"\n\t\t\t\tdata-logo=\"3\"\n\t\t\t\tdata-imagequality=\"maxres\">\n\t\t\t<\/div>\n\t\t<\/div><script type=\"application\/ld+json\">{\"@context\":\"https:\/\/schema.org\",\"@type\":\"VideoObject\",\"name\":\"FIM DA SHEIN E DA SHOPEE NO BRASIL? RECEITA VAI ACABAR COM ISEN\u00c7\u00c3O PARA COMPRAS DE AT\u00c9 US$ 50\",\"description\":\"#shein #shopee #aliexpress #compras #china #receitafederal #impostos #importa\u00e7\u00e3o #breakingnews Uma das medidas no radar do governo para aumentar a arrecada\u00e7\u00e3o tribut\u00e1ria com o novo arcabou\u00e7o fiscal \u00e9 fechar o cerco contra as empresas de com\u00e9rcio eletr\u00f4nico asi\u00e1ticas, caso da Shein. De acordo com informa\u00e7\u00f5es divulgadas na ter\u00e7a (11), as autoridades querem acabar com a isen\u00e7\u00e3o\u2026\",\"duration\":\"PT8M41S\",\"embedUrl\":\"https:\/\/www.youtube.com\/embed\/keEJdUIQAuQ\",\"regionsAllowed\":\"pt-BR\",\"interactionStatistic\":{\"@type\":\"InteractionCounter\",\"interactionType\":{\"@type\":\"WatchAction\"},\"userInteractionCount\":3986},\"thumbnailUrl\":\"https:\/\/i.ytimg.com\/vi\/keEJdUIQAuQ\/default.jpg\",\"uploadDate\":\"2023-04-12T15:43:03Z\"}<\/script>\n\n\n\n\n\t<p>\n\t\t<a href=\"\" target=\"_blank\" data-element=\"shortcode-suno-banner\" title=\"Banner SUNO, clique e saiba mais\">\n\t\t\t<picture>\n\t\t\t\t<source media=\"(max-width: 500px)\" srcset=\"\">\n\t\t\t\t<img class=\"newsContent__article__imgCapa newsContent__article__imgCapa--banner\"\n\t\t\t\t\tsrc=\"\"\n\t\t\t\t\tdata-promo-id=\"240038\"\t\t\t\t\t\t\t\t\t\t\t\t\t\t\talt=\"\"\n\t\t\t\t>\n\t\t\t<\/picture>\n\t\t<\/a>\n\t<\/p>\n\n\n\n\n\n<p>&#8220;Nunca existiu isen\u00e7\u00e3o de US$ 50 para compras online do exterior. Portanto, n\u00e3o faz sentido afirmar que se pretende acabar com o que n\u00e3o existe. Nada muda para o comprador e para o vendedor online que atua na legalidade&#8221;, destaca o minist\u00e9rio em nota divulgada hoje.<\/p>\n\n\n\n<p>A <strong>isen\u00e7\u00e3o de US$ 50<\/strong> se aplica somente para o envio de remessas de <a class=\"suno-keyword\" target=\"_blank\" data-force=\"no\" data-priority=\"1\" href=\"https:\/\/www.suno.com.br\/artigos\/pessoa-fisica\/\" rel=\"noopener\">pessoa f\u00edsica<\/a> para pessoa f\u00edsica. &#8220;Se, com base nele, empresas estiverem fracionando as compras, e se fazendo passar por pessoas f\u00edsicas, est\u00e3o agindo ilegalmente&#8221;, acrescenta.<\/p>\n\n\n\n<p>O governo pretende refor\u00e7ar a fiscaliza\u00e7\u00e3o de compras feitas nas varejistas asi\u00e1ticas, como Shein, Shopee e Aliexpress, obrigando o exportador a prestar declara\u00e7\u00e3o antecipada com dados do vendedor e de quem compra, al\u00e9m do produto. <\/p>\n\n\n\n<p>Segundo a Fazenda, n\u00e3o haver\u00e1 qualquer mudan\u00e7a para quem compra e vende legalmente pela internet.<\/p>\n\n\n\n<p>&#8220;As mudan\u00e7as v\u00e3o beneficiar o consumidor que vai receber suas<strong> compras online<\/strong> mais r\u00e1pido, com mais seguran\u00e7a e qualidade. Isso porque os produtos ter\u00e3o o processo de libera\u00e7\u00e3o agilizado, a partir das informa\u00e7\u00f5es prestadas pelo vendedor legal, enquanto ainda estiverem em tr\u00e2nsito para o pa\u00eds.&#8221;<\/p>\n\n\n\n<p>A nota destaca ainda que as<strong> varejistas brasileiras<\/strong> tamb\u00e9m saem beneficiadas, principalmente as pequenas firmas, que mais empregam e pagam corretamente os seus impostos.<\/p>\n\n\n\n<p>A \u00e1rea econ\u00f4mica vinha sendo pressionada a tomar alguma medida no sentido de impedir que lojas virtuais estrangeiras, como as asi\u00e1ticas Shein, Shopee e Aliexpress, driblassem a tributa\u00e7\u00e3o brasileira.<\/p>\n\n\n\t<p>\n\t\t<a href=\"https:\/\/lp.suno.com.br\/ebook-gratuito-investindo-no-exterior\/\" target=\"_blank\" data-element=\"shortcode-suno-banner\" title=\"Banner SUNO, clique e saiba mais\">\n\t\t\t<picture>\n\t\t\t\t<source media=\"(max-width: 500px)\" srcset=\"https:\/\/files.sunoresearch.com.br\/n\/uploads\/2023\/03\/400x300-Investindo-no-exterior.png\">\n\t\t\t\t<img class=\"newsContent__article__imgCapa newsContent__article__imgCapa--banner\"\n\t\t\t\t\tsrc=\"https:\/\/files.sunoresearch.com.br\/n\/uploads\/2023\/03\/1420x240-Investindo-no-exterior.png\"\n\t\t\t\t\tdata-promo-id=\"383161\"\t\t\t\t\t\t\t\t\t\twidth='1420' height='240'\t\t\t\t\talt=\"https:\/\/files.sunoresearch.com.br\/n\/uploads\/2023\/03\/1420x240-Investindo-no-exterior.png\"\n\t\t\t\t>\n\t\t\t<\/picture>\n\t\t<\/a>\n\t<\/p>\n\n\n\n\n\n<h2 class=\"wp-block-heading\">Compras na Shein v\u00e3o ficar mais caras? Veja simula\u00e7\u00e3o<\/h2>\n\n\n\n<p>A pedido do Suno Not\u00edcias, Rodrigo Giraldelli, consultor em importa\u00e7\u00e3o e CEO da China Gate, fez uma simula\u00e7\u00e3o de quanto os&nbsp;<strong>produtos importados<\/strong>&nbsp;podem ficar mais caros caso essa medida entrar em vigor, tendo como base as informa\u00e7\u00f5es dispon\u00edveis at\u00e9 o momento.<\/p>\n\n\n\n<p>O especialista em importa\u00e7\u00e3o considera um produto hipot\u00e9tico de US$ 30 somado a um frete de US$ 10 \u2014 ou seja, uma encomenda de US$ 40. Atualmente, esse pacote est\u00e1 livre da tributa\u00e7\u00e3o, caso seja enviado de&nbsp;<a href=\"https:\/\/www.suno.com.br\/artigos\/pessoa-fisica\/\" target=\"_blank\" rel=\"noreferrer noopener\">pessoa f\u00edsica<\/a>&nbsp;para pessoa f\u00edsica.<\/p>\n\n\n\n<p>\u201cA partir do momento em que essa medida entrar em vigor, vai entrar uma tributa\u00e7\u00e3o de 60% do&nbsp;<strong>imposto de importa\u00e7\u00e3o<\/strong>&nbsp;sobre o produto mais o frete (US$ 40). Isso \u00e9 cobrado antes de a mercadoria chegar, direto na transportadora. Ent\u00e3o, se n\u00e3o pagar, n\u00e3o recebe o produto\u201d, detalha Giraldelli.<\/p>\n\n\n\n<p>Assim o produto de US$ 40 j\u00e1 sobe para US$ 64. Conforme a legisla\u00e7\u00e3o de cada Estado, o ICMS tamb\u00e9m entra na conta. Usando uma al\u00edquota de 15% (o valor varia em cada unidade federativa), esse produto chega na m\u00e3o do consumidor por US$ 73,6, aumento de 84%.<\/p>\n\n\n\n<p>Giraldelli refor\u00e7a que, mesmo com essa tributa\u00e7\u00e3o \u00e0 <strong>Shein<\/strong> e outras varejistas asi\u00e1ticas, a importa\u00e7\u00e3o ainda ser\u00e1 vantajosa em alguns produtos. Por\u00e9m, para verificar se vale a pena ou n\u00e3o, o jeito \u00e9 pesquisar. \u201cUm produto pode estar chegando aqui por R$ 160 a R$ 180, sendo que no Brasil est\u00e1 sendo vendido por R$ 180 e a entrega ser\u00e1 feita de forma r\u00e1pida. Ent\u00e3o, o consumidor vai preferir comprar diretamente aqui\u201d, acredita.<\/p>\n\n\n\n<p><em>Com informa\u00e7\u00f5es do Estad\u00e3o Conte\u00fado<\/em><\/p>\n\n\n\t<p>\n\t\t<a href=\"https:\/\/lp.suno.com.br\/planilha-da-vida-financeira\/\" target=\"_blank\" data-element=\"shortcode-suno-banner\" title=\"Banner SUNO, clique e saiba mais\">\n\t\t\t<picture>\n\t\t\t\t<source media=\"(max-width: 500px)\" srcset=\"https:\/\/files.sunoresearch.com.br\/n\/uploads\/2023\/04\/400x300-Planilha-vida-financeira-true.png\">\n\t\t\t\t<img class=\"newsContent__article__imgCapa newsContent__article__imgCapa--banner\"\n\t\t\t\t\tsrc=\"https:\/\/files.sunoresearch.com.br\/n\/uploads\/2023\/04\/1420x240-Planilha-vida-financeira-true.png\"\n\t\t\t\t\tdata-promo-id=\"383123\"\t\t\t\t\t\t\t\t\t\twidth='1420' height='240'\t\t\t\t\talt=\"https:\/\/files.sunoresearch.com.br\/n\/uploads\/2023\/04\/1420x240-Planilha-vida-financeira-true.png\"\n\t\t\t\t>\n\t\t\t<\/picture>\n\t\t<\/a>\n\t<\/p>\n\n\n","protected":false},"excerpt":{"rendered":"<p>Em meio \u00e0 crescente tributa\u00e7\u00e3o \u00e0s varejistas asi\u00e1ticas, como a Shein, o Minist\u00e9rio da Fazenda reafirmou nesta quarta-feira (12) que n\u00e3o ser\u00e1 criada taxa para compras online. O que se pretende fazer, segundo a Pasta, \u00e9 refor\u00e7ar a fiscaliza\u00e7\u00e3o. &#8220;Nunca existiu isen\u00e7\u00e3o de US$ 50 para compras online do exterior. Portanto, n\u00e3o faz sentido afirmar [&hellip;]<\/p>\n","protected":false},"author":233,"featured_media":234056,"comment_status":"closed","ping_status":"closed","sticky":false,"template":"","format":"standard","meta":[],"categories":[60],"tags":[716,824,847],"suno_strategy":[],"class_list":["post-388768","post","type-post","status-publish","format-standard","has-post-thumbnail","hentry","category-mercado","tag-fernando-haddad","tag-ministerio-fazenda","tag-receita-federal"],"yoast_head":"<!-- This site is optimized with the Yoast SEO plugin v24.4 - https:\/\/yoast.com\/wordpress\/plugins\/seo\/ -->\n<title>Taxa\u00e7\u00e3o na Shein: Fazenda nega novos tributos e mira em fiscaliza\u00e7\u00e3o<\/title>\n<meta name=\"description\" content=\"Em meio \u00e0 tributa\u00e7\u00e3o \u00e0s varejistas asi\u00e1ticas, como a Shein, o Minist\u00e9rio da Fazenda reafirmou que n\u00e3o criar\u00e1 nova taxa para compras online.\" \/>\n<meta name=\"robots\" content=\"index, follow, max-snippet:-1, max-image-preview:large, max-video-preview:-1\" \/>\n<link rel=\"canonical\" href=\"https:\/\/www.suno.com.br\/noticias\/taxacao-shein-fazenda-nega-nova-tributacao\/\" \/>\n<meta property=\"og:locale\" content=\"pt_BR\" \/>\n<meta property=\"og:type\" content=\"article\" \/>\n<meta property=\"og:title\" content=\"Taxa\u00e7\u00e3o na Shein: Fazenda nega novos tributos e mira em fiscaliza\u00e7\u00e3o\" \/>\n<meta property=\"og:description\" content=\"Em meio \u00e0 tributa\u00e7\u00e3o \u00e0s varejistas asi\u00e1ticas, como a Shein, o Minist\u00e9rio da Fazenda reafirmou que n\u00e3o criar\u00e1 nova taxa para compras online.\" \/>\n<meta property=\"og:url\" content=\"https:\/\/www.suno.com.br\/noticias\/taxacao-shein-fazenda-nega-nova-tributacao\/\" \/>\n<meta property=\"og:site_name\" content=\"Suno Not\u00edcias\" \/>\n<meta property=\"article:publisher\" content=\"https:\/\/facebook.com\/sunoresearch\" \/>\n<meta property=\"og:image\" content=\"https:\/\/files.sunoresearch.com.br\/n\/uploads\/2022\/02\/Shein.jpg\" \/>\n\t<meta property=\"og:image:width\" content=\"2048\" \/>\n\t<meta property=\"og:image:height\" content=\"1365\" \/>\n\t<meta property=\"og:image:type\" content=\"image\/jpeg\" \/>\n<meta name=\"author\" content=\"Janize Cola\u00e7o\" \/>\n<meta name=\"twitter:card\" content=\"summary_large_image\" \/>\n<meta name=\"twitter:creator\" content=\"@sunoresearch\" \/>\n<meta name=\"twitter:site\" content=\"@sunoresearch\" \/>\n<meta name=\"twitter:label1\" content=\"Escrito por\" \/>\n\t<meta name=\"twitter:data1\" content=\"Janize Cola\u00e7o\" \/>\n\t<meta name=\"twitter:label2\" content=\"Est. tempo de leitura\" \/>\n\t<meta name=\"twitter:data2\" content=\"4 minutos\" \/>\n<script type=\"application\/ld+json\" class=\"yoast-schema-graph\">{\"@context\":\"https:\/\/schema.org\",\"@graph\":[{\"@type\":\"NewsArticle\",\"@id\":\"https:\/\/www.suno.com.br\/noticias\/taxacao-shein-fazenda-nega-nova-tributacao\/#article\",\"isPartOf\":{\"@id\":\"https:\/\/www.suno.com.br\/noticias\/taxacao-shein-fazenda-nega-nova-tributacao\/\"},\"author\":{\"name\":\"Janize Cola\u00e7o\",\"@id\":\"https:\/\/www.suno.com.br\/noticias\/#\/schema\/person\/d689f06da5678e1f0b1ee402f001d676\"},\"headline\":\"Taxa\u00e7\u00e3o na Shein: minist\u00e9rio da Fazenda nega nova tributa\u00e7\u00e3o em compras online e diz que refor\u00e7ar\u00e1 fiscaliza\u00e7\u00e3o\",\"datePublished\":\"2023-04-12T22:53:49+00:00\",\"dateModified\":\"2023-04-27T17:34:13+00:00\",\"mainEntityOfPage\":{\"@id\":\"https:\/\/www.suno.com.br\/noticias\/taxacao-shein-fazenda-nega-nova-tributacao\/\"},\"wordCount\":623,\"publisher\":{\"@id\":\"https:\/\/www.suno.com.br\/noticias\/#organization\"},\"image\":{\"@id\":\"https:\/\/www.suno.com.br\/noticias\/taxacao-shein-fazenda-nega-nova-tributacao\/#primaryimage\"},\"thumbnailUrl\":\"https:\/\/files.sunoresearch.com.br\/n\/uploads\/2022\/02\/Shein.jpg\",\"keywords\":[\"Fernando Haddad\",\"Minist\u00e9rio da Fazenda\",\"Receita Federal\"],\"articleSection\":[\"Mercado\"],\"inLanguage\":\"pt-BR\"},{\"@type\":\"WebPage\",\"@id\":\"https:\/\/www.suno.com.br\/noticias\/taxacao-shein-fazenda-nega-nova-tributacao\/\",\"url\":\"https:\/\/www.suno.com.br\/noticias\/taxacao-shein-fazenda-nega-nova-tributacao\/\",\"name\":\"Taxa\u00e7\u00e3o na Shein: Fazenda nega novos tributos e mira em fiscaliza\u00e7\u00e3o\",\"isPartOf\":{\"@id\":\"https:\/\/www.suno.com.br\/noticias\/#website\"},\"primaryImageOfPage\":{\"@id\":\"https:\/\/www.suno.com.br\/noticias\/taxacao-shein-fazenda-nega-nova-tributacao\/#primaryimage\"},\"image\":{\"@id\":\"https:\/\/www.suno.com.br\/noticias\/taxacao-shein-fazenda-nega-nova-tributacao\/#primaryimage\"},\"thumbnailUrl\":\"https:\/\/files.sunoresearch.com.br\/n\/uploads\/2022\/02\/Shein.jpg\",\"datePublished\":\"2023-04-12T22:53:49+00:00\",\"dateModified\":\"2023-04-27T17:34:13+00:00\",\"description\":\"Em meio \u00e0 tributa\u00e7\u00e3o \u00e0s varejistas asi\u00e1ticas, como a Shein, o Minist\u00e9rio da Fazenda reafirmou que n\u00e3o criar\u00e1 nova taxa para compras online.\",\"breadcrumb\":{\"@id\":\"https:\/\/www.suno.com.br\/noticias\/taxacao-shein-fazenda-nega-nova-tributacao\/#breadcrumb\"},\"inLanguage\":\"pt-BR\",\"potentialAction\":[{\"@type\":\"ReadAction\",\"target\":[\"https:\/\/www.suno.com.br\/noticias\/taxacao-shein-fazenda-nega-nova-tributacao\/\"]}]},{\"@type\":\"ImageObject\",\"inLanguage\":\"pt-BR\",\"@id\":\"https:\/\/www.suno.com.br\/noticias\/taxacao-shein-fazenda-nega-nova-tributacao\/#primaryimage\",\"url\":\"https:\/\/files.sunoresearch.com.br\/n\/uploads\/2022\/02\/Shein.jpg\",\"contentUrl\":\"https:\/\/files.sunoresearch.com.br\/n\/uploads\/2022\/02\/Shein.jpg\",\"width\":2048,\"height\":1365,\"caption\":\"Loja Shein. Foto: Reprodu\u00e7\u00e3o\/ Facebook Shein\"},{\"@type\":\"BreadcrumbList\",\"@id\":\"https:\/\/www.suno.com.br\/noticias\/taxacao-shein-fazenda-nega-nova-tributacao\/#breadcrumb\",\"itemListElement\":[{\"@type\":\"ListItem\",\"position\":1,\"name\":\"Not\u00edcias\",\"item\":\"https:\/\/www.suno.com.br\/noticias\/\"},{\"@type\":\"ListItem\",\"position\":2,\"name\":\"Mercado\",\"item\":\"https:\/\/www.suno.com.br\/noticias\/mercado\/\"},{\"@type\":\"ListItem\",\"position\":3,\"name\":\"Taxa\u00e7\u00e3o na Shein: minist\u00e9rio da Fazenda nega nova tributa\u00e7\u00e3o em compras online e diz que refor\u00e7ar\u00e1 fiscaliza\u00e7\u00e3o\"}]},{\"@type\":\"WebSite\",\"@id\":\"https:\/\/www.suno.com.br\/noticias\/#website\",\"url\":\"https:\/\/www.suno.com.br\/noticias\/\",\"name\":\"Suno Not\u00edcias\",\"description\":\"Seu portal de informa\u00e7\u00e3o sobre o mundo dos investimentos\",\"publisher\":{\"@id\":\"https:\/\/www.suno.com.br\/noticias\/#organization\"},\"potentialAction\":[{\"@type\":\"SearchAction\",\"target\":{\"@type\":\"EntryPoint\",\"urlTemplate\":\"https:\/\/www.suno.com.br\/noticias\/?s={search_term_string}\"},\"query-input\":{\"@type\":\"PropertyValueSpecification\",\"valueRequired\":true,\"valueName\":\"search_term_string\"}}],\"inLanguage\":\"pt-BR\"},{\"@type\":\"Organization\",\"@id\":\"https:\/\/www.suno.com.br\/noticias\/#organization\",\"name\":\"Suno Not\u00edcias\",\"url\":\"https:\/\/www.suno.com.br\/noticias\/\",\"logo\":{\"@type\":\"ImageObject\",\"inLanguage\":\"pt-BR\",\"@id\":\"https:\/\/www.suno.com.br\/noticias\/#\/schema\/logo\/image\/\",\"url\":\"https:\/\/files.sunoresearch.com.br\/n\/uploads\/2021\/09\/suno-logo.png\",\"contentUrl\":\"https:\/\/files.sunoresearch.com.br\/n\/uploads\/2021\/09\/suno-logo.png\",\"width\":180,\"height\":180,\"caption\":\"Suno Not\u00edcias\"},\"image\":{\"@id\":\"https:\/\/www.suno.com.br\/noticias\/#\/schema\/logo\/image\/\"},\"sameAs\":[\"https:\/\/facebook.com\/sunoresearch\",\"https:\/\/x.com\/sunoresearch\",\"https:\/\/www.instagram.com\/suno\",\"https:\/\/www.linkedin.com\/company\/suno-research\/\",\"https:\/\/www.youtube.com\/c\/sunoresearch\"]},{\"@type\":\"Person\",\"@id\":\"https:\/\/www.suno.com.br\/noticias\/#\/schema\/person\/d689f06da5678e1f0b1ee402f001d676\",\"name\":\"Janize Cola\u00e7o\",\"image\":{\"@type\":\"ImageObject\",\"inLanguage\":\"pt-BR\",\"@id\":\"https:\/\/www.suno.com.br\/noticias\/#\/schema\/person\/image\/\",\"url\":\"https:\/\/secure.gravatar.com\/avatar\/32b3bf89abae63ca2cf961bc051522d0?s=96&r=g\",\"contentUrl\":\"https:\/\/secure.gravatar.com\/avatar\/32b3bf89abae63ca2cf961bc051522d0?s=96&r=g\",\"caption\":\"Janize Cola\u00e7o\"},\"description\":\"Jornalista formada pela PUC-SP com passagens pela Record TV, Globo Cond\u00e9 Nast, Revista Panrotas e Editora Via. Hoje, \u00e9 rep\u00f3rter no Suno Not\u00edcias, cobrindo pautas sobre mercado, pol\u00edtica, economia e bolsa de valores.\",\"url\":\"https:\/\/www.suno.com.br\/noticias\/author\/janize-colaco\/\"}]}<\/script>\n<!-- \/ Yoast SEO plugin. -->","yoast_head_json":{"title":"Taxa\u00e7\u00e3o na Shein: Fazenda nega novos tributos e mira em fiscaliza\u00e7\u00e3o","description":"Em meio \u00e0 tributa\u00e7\u00e3o \u00e0s varejistas asi\u00e1ticas, como a Shein, o Minist\u00e9rio da Fazenda reafirmou que n\u00e3o criar\u00e1 nova taxa para compras online.","robots":{"index":"index","follow":"follow","max-snippet":"max-snippet:-1","max-image-preview":"max-image-preview:large","max-video-preview":"max-video-preview:-1"},"canonical":"https:\/\/www.suno.com.br\/noticias\/taxacao-shein-fazenda-nega-nova-tributacao\/","og_locale":"pt_BR","og_type":"article","og_title":"Taxa\u00e7\u00e3o na Shein: Fazenda nega novos tributos e mira em fiscaliza\u00e7\u00e3o","og_description":"Em meio \u00e0 tributa\u00e7\u00e3o \u00e0s varejistas asi\u00e1ticas, como a Shein, o Minist\u00e9rio da Fazenda reafirmou que n\u00e3o criar\u00e1 nova taxa para compras online.","og_url":"https:\/\/www.suno.com.br\/noticias\/taxacao-shein-fazenda-nega-nova-tributacao\/","og_site_name":"Suno Not\u00edcias","article_publisher":"https:\/\/facebook.com\/sunoresearch","og_image":[{"width":2048,"height":1365,"url":"https:\/\/files.sunoresearch.com.br\/n\/uploads\/2022\/02\/Shein.jpg","type":"image\/jpeg"}],"author":"Janize Cola\u00e7o","twitter_card":"summary_large_image","twitter_creator":"@sunoresearch","twitter_site":"@sunoresearch","twitter_misc":{"Escrito por":"Janize Cola\u00e7o","Est. tempo de leitura":"4 minutos"},"schema":{"@context":"https:\/\/schema.org","@graph":[{"@type":"NewsArticle","@id":"https:\/\/www.suno.com.br\/noticias\/taxacao-shein-fazenda-nega-nova-tributacao\/#article","isPartOf":{"@id":"https:\/\/www.suno.com.br\/noticias\/taxacao-shein-fazenda-nega-nova-tributacao\/"},"author":{"name":"Janize Cola\u00e7o","@id":"https:\/\/www.suno.com.br\/noticias\/#\/schema\/person\/d689f06da5678e1f0b1ee402f001d676"},"headline":"Taxa\u00e7\u00e3o na Shein: minist\u00e9rio da Fazenda nega nova tributa\u00e7\u00e3o em compras online e diz que refor\u00e7ar\u00e1 fiscaliza\u00e7\u00e3o","datePublished":"2023-04-12T22:53:49+00:00","dateModified":"2023-04-27T17:34:13+00:00","mainEntityOfPage":{"@id":"https:\/\/www.suno.com.br\/noticias\/taxacao-shein-fazenda-nega-nova-tributacao\/"},"wordCount":623,"publisher":{"@id":"https:\/\/www.suno.com.br\/noticias\/#organization"},"image":{"@id":"https:\/\/www.suno.com.br\/noticias\/taxacao-shein-fazenda-nega-nova-tributacao\/#primaryimage"},"thumbnailUrl":"https:\/\/files.sunoresearch.com.br\/n\/uploads\/2022\/02\/Shein.jpg","keywords":["Fernando Haddad","Minist\u00e9rio da Fazenda","Receita Federal"],"articleSection":["Mercado"],"inLanguage":"pt-BR"},{"@type":"WebPage","@id":"https:\/\/www.suno.com.br\/noticias\/taxacao-shein-fazenda-nega-nova-tributacao\/","url":"https:\/\/www.suno.com.br\/noticias\/taxacao-shein-fazenda-nega-nova-tributacao\/","name":"Taxa\u00e7\u00e3o na Shein: Fazenda nega novos tributos e mira em fiscaliza\u00e7\u00e3o","isPartOf":{"@id":"https:\/\/www.suno.com.br\/noticias\/#website"},"primaryImageOfPage":{"@id":"https:\/\/www.suno.com.br\/noticias\/taxacao-shein-fazenda-nega-nova-tributacao\/#primaryimage"},"image":{"@id":"https:\/\/www.suno.com.br\/noticias\/taxacao-shein-fazenda-nega-nova-tributacao\/#primaryimage"},"thumbnailUrl":"https:\/\/files.sunoresearch.com.br\/n\/uploads\/2022\/02\/Shein.jpg","datePublished":"2023-04-12T22:53:49+00:00","dateModified":"2023-04-27T17:34:13+00:00","description":"Em meio \u00e0 tributa\u00e7\u00e3o \u00e0s varejistas asi\u00e1ticas, como a Shein, o Minist\u00e9rio da Fazenda reafirmou que n\u00e3o criar\u00e1 nova taxa para compras online.","breadcrumb":{"@id":"https:\/\/www.suno.com.br\/noticias\/taxacao-shein-fazenda-nega-nova-tributacao\/#breadcrumb"},"inLanguage":"pt-BR","potentialAction":[{"@type":"ReadAction","target":["https:\/\/www.suno.com.br\/noticias\/taxacao-shein-fazenda-nega-nova-tributacao\/"]}]},{"@type":"ImageObject","inLanguage":"pt-BR","@id":"https:\/\/www.suno.com.br\/noticias\/taxacao-shein-fazenda-nega-nova-tributacao\/#primaryimage","url":"https:\/\/files.sunoresearch.com.br\/n\/uploads\/2022\/02\/Shein.jpg","contentUrl":"https:\/\/files.sunoresearch.com.br\/n\/uploads\/2022\/02\/Shein.jpg","width":2048,"height":1365,"caption":"Loja Shein. Foto: Reprodu\u00e7\u00e3o\/ Facebook Shein"},{"@type":"BreadcrumbList","@id":"https:\/\/www.suno.com.br\/noticias\/taxacao-shein-fazenda-nega-nova-tributacao\/#breadcrumb","itemListElement":[{"@type":"ListItem","position":1,"name":"Not\u00edcias","item":"https:\/\/www.suno.com.br\/noticias\/"},{"@type":"ListItem","position":2,"name":"Mercado","item":"https:\/\/www.suno.com.br\/noticias\/mercado\/"},{"@type":"ListItem","position":3,"name":"Taxa\u00e7\u00e3o na Shein: minist\u00e9rio da Fazenda nega nova tributa\u00e7\u00e3o em compras online e diz que refor\u00e7ar\u00e1 fiscaliza\u00e7\u00e3o"}]},{"@type":"WebSite","@id":"https:\/\/www.suno.com.br\/noticias\/#website","url":"https:\/\/www.suno.com.br\/noticias\/","name":"Suno Not\u00edcias","description":"Seu portal de informa\u00e7\u00e3o sobre o mundo dos investimentos","publisher":{"@id":"https:\/\/www.suno.com.br\/noticias\/#organization"},"potentialAction":[{"@type":"SearchAction","target":{"@type":"EntryPoint","urlTemplate":"https:\/\/www.suno.com.br\/noticias\/?s={search_term_string}"},"query-input":{"@type":"PropertyValueSpecification","valueRequired":true,"valueName":"search_term_string"}}],"inLanguage":"pt-BR"},{"@type":"Organization","@id":"https:\/\/www.suno.com.br\/noticias\/#organization","name":"Suno Not\u00edcias","url":"https:\/\/www.suno.com.br\/noticias\/","logo":{"@type":"ImageObject","inLanguage":"pt-BR","@id":"https:\/\/www.suno.com.br\/noticias\/#\/schema\/logo\/image\/","url":"https:\/\/files.sunoresearch.com.br\/n\/uploads\/2021\/09\/suno-logo.png","contentUrl":"https:\/\/files.sunoresearch.com.br\/n\/uploads\/2021\/09\/suno-logo.png","width":180,"height":180,"caption":"Suno Not\u00edcias"},"image":{"@id":"https:\/\/www.suno.com.br\/noticias\/#\/schema\/logo\/image\/"},"sameAs":["https:\/\/facebook.com\/sunoresearch","https:\/\/x.com\/sunoresearch","https:\/\/www.instagram.com\/suno","https:\/\/www.linkedin.com\/company\/suno-research\/","https:\/\/www.youtube.com\/c\/sunoresearch"]},{"@type":"Person","@id":"https:\/\/www.suno.com.br\/noticias\/#\/schema\/person\/d689f06da5678e1f0b1ee402f001d676","name":"Janize Cola\u00e7o","image":{"@type":"ImageObject","inLanguage":"pt-BR","@id":"https:\/\/www.suno.com.br\/noticias\/#\/schema\/person\/image\/","url":"https:\/\/secure.gravatar.com\/avatar\/32b3bf89abae63ca2cf961bc051522d0?s=96&r=g","contentUrl":"https:\/\/secure.gravatar.com\/avatar\/32b3bf89abae63ca2cf961bc051522d0?s=96&r=g","caption":"Janize Cola\u00e7o"},"description":"Jornalista formada pela PUC-SP com passagens pela Record TV, Globo Cond\u00e9 Nast, Revista Panrotas e Editora Via. Hoje, \u00e9 rep\u00f3rter no Suno Not\u00edcias, cobrindo pautas sobre mercado, pol\u00edtica, economia e bolsa de valores.","url":"https:\/\/www.suno.com.br\/noticias\/author\/janize-colaco\/"}]}},"default_loop_html":"<div class=\"cardsPage__listCard__boxs\"><div class=\"cardsPage__listCard__boxs__img\"><a href=\"https:\/\/www.suno.com.br\/noticias\/taxacao-shein-fazenda-nega-nova-tributacao\/\"><img class=\"mask\" src=\"https:\/\/www.suno.com.br\/noticias\/wp-content\/themes\/suno\/resources\/images\/spotlight\/spotlight1img\/bg-mask.png\" alt=\"Image Mask\"\/><img src=\"https:\/\/files.sunoresearch.com.br\/n\/uploads\/2022\/02\/Shein-400x200.jpg\" alt=\"Taxa\u00e7\u00e3o na Shein: minist\u00e9rio da Fazenda nega nova tributa\u00e7\u00e3o em compras online e diz que refor\u00e7ar\u00e1 fiscaliza\u00e7\u00e3o\"\/><\/a><span class=\"spotlightCategory\"><a href=\"https:\/\/www.suno.com.br\/noticias\/mercado\/\">Mercado<\/a><\/span><\/div><div class=\"cardsPage__listCard__boxs__content\"><a href=\"https:\/\/www.suno.com.br\/noticias\/taxacao-shein-fazenda-nega-nova-tributacao\/\"><h2 class=\"content__title\">Taxa\u00e7\u00e3o na Shein: minist\u00e9rio da Fazenda nega nova tributa\u00e7\u00e3o em compras online e diz que refor\u00e7ar\u00e1 fiscaliza\u00e7\u00e3o<\/h2><\/a><div class=\"newsContent__article__meta\"><div class=\"newsContent__article__meta__authorBox\"><a href=\"https:\/\/www.suno.com.br\/noticias\/author\/janize-colaco\/\" class=\"authorBox__avatar noMobi\"><img src=\"https:\/\/files.sunoresearch.com.br\/n\/uploads\/2022\/11\/20221120_111807-1-150x150.jpg\" alt=\"Janize Cola\u00e7o\"><\/a><div class=\"authorBox__name\"><span>por\n\t\t\t<a href=\"https:\/\/www.suno.com.br\/noticias\/author\/janize-colaco\/\"><span itemprop=\"author\">Janize Cola\u00e7o<\/span><\/a><\/span><time datetime=\"2023-04-12T19:53:49-03:00\" itemprop=\"datePublished\">12\/04\/2023 19:53<\/time><\/div><\/div><\/div><\/div><\/div>","single_layout":"posts","amp_enabled":true,"_links":{"self":[{"href":"https:\/\/www.suno.com.br\/noticias\/wp-json\/wp\/v2\/posts\/388768"}],"collection":[{"href":"https:\/\/www.suno.com.br\/noticias\/wp-json\/wp\/v2\/posts"}],"about":[{"href":"https:\/\/www.suno.com.br\/noticias\/wp-json\/wp\/v2\/types\/post"}],"author":[{"embeddable":true,"href":"https:\/\/www.suno.com.br\/noticias\/wp-json\/wp\/v2\/users\/233"}],"replies":[{"embeddable":true,"href":"https:\/\/www.suno.com.br\/noticias\/wp-json\/wp\/v2\/comments?post=388768"}],"version-history":[{"count":3,"href":"https:\/\/www.suno.com.br\/noticias\/wp-json\/wp\/v2\/posts\/388768\/revisions"}],"predecessor-version":[{"id":395944,"href":"https:\/\/www.suno.com.br\/noticias\/wp-json\/wp\/v2\/posts\/388768\/revisions\/395944"}],"wp:featuredmedia":[{"embeddable":true,"href":"https:\/\/www.suno.com.br\/noticias\/wp-json\/wp\/v2\/media\/234056"}],"wp:attachment":[{"href":"https:\/\/www.suno.com.br\/noticias\/wp-json\/wp\/v2\/media?parent=388768"}],"wp:term":[{"taxonomy":"category","embeddable":true,"href":"https:\/\/www.suno.com.br\/noticias\/wp-json\/wp\/v2\/categories?post=388768"},{"taxonomy":"post_tag","embeddable":true,"href":"https:\/\/www.suno.com.br\/noticias\/wp-json\/wp\/v2\/tags?post=388768"},{"taxonomy":"suno_strategy","embeddable":true,"href":"https:\/\/www.suno.com.br\/noticias\/wp-json\/wp\/v2\/suno_strategy?post=388768"}],"curies":[{"name":"wp","href":"https:\/\/api.w.org\/{rel}","templated":true}]}}