{"id":38875,"date":"2019-09-25T16:55:13","date_gmt":"2019-09-25T19:55:13","guid":{"rendered":"https:\/\/www.suno.com.br\/noticias\/?p=38875"},"modified":"2019-09-25T16:55:30","modified_gmt":"2019-09-25T19:55:30","slug":"fmi-kristalina-georgieva-nova-diretora-gerente","status":"publish","type":"post","link":"https:\/\/www.suno.com.br\/noticias\/fmi-kristalina-georgieva-nova-diretora-gerente\/","title":{"rendered":"FMI anuncia Kristalina Georgieva como sua nova diretora-gerente"},"content":{"rendered":"<p>O <a href=\"https:\/\/www.suno.com.br\/artigos\/fmi\/\">Fundo Monet\u00e1rio Internacional (FMI)<\/a> anunciou, nesta quarta-feira (25), que a economista b\u00falgara <strong>Kristalina Georgieva<\/strong> ser\u00e1 a nova diretora-gerente do Fundo.<\/p>\t<div class=\"wrapper-featured-image\">\n\t\t<figure class=\"spotlightImg\">\n\n\t\t\t<picture>\n\t\t\t\t<source media=\"(max-width: 768px)\" srcset=\"https:\/\/files.sunoresearch.com.br\/n\/uploads\/2019\/09\/d73fd8ac-fmi-georgieva-400x200.webp\">\n\t\t\t\t<img loading=\"lazy\" decoding=\"async\" class=\"newsContent__article__imgCapa lazyloadDisabled newsContent__article__imgCapa--noCaption\" src=\"https:\/\/files.sunoresearch.com.br\/n\/uploads\/2019\/09\/d73fd8ac-fmi-georgieva-800x450.webp\" width=\"800\" height=\"450\" alt=\"FMI anuncia Kristalina Georgieva como sua nova diretora-gerente\" fetchpriority=high \/>\n\t\t\t<\/picture>\n\n\t\t\t<figcaption class=\"wp-caption-text wp-caption-text--hide\">FMI est\u00e1 focado em ajudar a Argentina, afirma Georgieva<\/figcaption>\n\t\t<\/figure>\n\t<\/div>\n\n\n\n<p><strong>Georgieva<\/strong> se tornar\u00e1 a primeira pessoa vinda de uma economia emergente a comandar o <strong>FMI.<\/strong> O mandato ser\u00e1 de cinco anos e iniciar\u00e1 no dia 1\u00ba de outubro.<\/p>\n<p>A economista, que tem uma ideologia pr\u00f3xima \u00e0 centro-direita, cresceu na Bulg\u00e1ria enquanto o pa\u00eds era governado sob uma ideologia comunista. <strong>Georgieva<\/strong> construiu sua reputa\u00e7\u00e3o durante o per\u00edodo que trabalhou no <strong>Banco Mundial<\/strong> como executiva-chefe desde 2017. Al\u00e9m disso, foi presidente interina do Banco entre 1\u00ba de fevereiro e 8 de abril de 2019.<\/p>\n\t<p>\n\t\t<a href=\"https:\/\/www.seculus.com.br\/blackfriday\" target=\"_blank\" data-element=\"shortcode-suno-banner\" title=\"Banner SUNO, clique e saiba mais\">\n\t\t\t<picture>\n\t\t\t\t<source media=\"(max-width: 500px)\" srcset=\"https:\/\/files.sunoresearch.com.br\/n\/uploads\/2023\/11\/seculus_suno_mobile_1.jpg\">\n\t\t\t\t<img class=\"newsContent__article__imgCapa newsContent__article__imgCapa--banner\"\n\t\t\t\t\tsrc=\"https:\/\/files.sunoresearch.com.br\/n\/uploads\/2023\/11\/seculus_suno_desktop_1.jpg\"\n\t\t\t\t\tdata-promo-id=\"474122\"\t\t\t\t\t\t\t\t\t\twidth='1420' height='240'\t\t\t\t\talt=\"https:\/\/files.sunoresearch.com.br\/n\/uploads\/2023\/11\/seculus_suno_desktop_1.jpg\"\n\t\t\t\t>\n\t\t\t<\/picture>\n\t\t<\/a>\n\t<\/p>\n\n\n<p>De acordo com o jornal &#8220;Financial Times&#8221;, pessoas pr\u00f3ximas a <strong>Georgieva<\/strong> falaram que a economista \u00e9 <strong>&#8220;tenaz<\/strong> e <strong>franca&#8221;,<\/strong> mas com bom senso de humor. Al\u00e9m disso, sua capacidade de criar consenso entre diversos grupos e seu instinto pol\u00edtico afiado s\u00e3o comparados ao de sua antecessora, <strong>Cristine Lagarde.<\/strong><\/p>\n<p>A <strong>b\u00falgara<\/strong> foi sugerida para o cargo pelo presidente da Fran\u00e7a, <strong>Emmanuel Macron,<\/strong> e foi apoiada pelo resto da <strong>Uni\u00e3o Europeia (UE)<\/strong> e pelos <strong>EUA.<\/strong><\/p>\n<h2>FMI e Brasil<\/h2>\n<p>Enquanto isso, na \u00faltima ter\u00e7a (25), o <b>FMI <\/b>orientou o <strong>Brasil<\/strong> a refor\u00e7ar suas regras fiscais relacionadas aos estados e munic\u00edpios. Com isso, o Pa\u00eds poderia adotar uma regra para diminuir o aumento de despesas, passando a reduzir o endividamento dessas duas esferas.<\/p>\n<p><a href=\"https:\/\/www.suno.com.br\/noticias\/fmi-orienta-que-estados-e-municipios-brasileiros-limitem-suas-despesas\/\">Saiba mais: FMI orienta estados e munic\u00edpios brasileiros a limitarem suas despesas<\/a><\/p>\n<p>As propostas est\u00e3o no relat\u00f3rio do Departamento de Assuntos Fiscais do <strong>FMI<\/strong>. O \u00f3rg\u00e3o sediado nos <strong>Estados Unidos<\/strong> enviou miss\u00e3o ao <strong>Brasil<\/strong> para estudar maneiras de tornar mais r\u00edgida a estrutura fiscal de estados e munic\u00edpios. O relat\u00f3rio foi divulgado nesta ter\u00e7a-feira (24).<\/p>\n<p>O fundo tamb\u00e9m aconselhou o Pa\u00eds a restringir ou banir a oferta de garantias da Uni\u00e3o a opera\u00e7\u00f5es de cr\u00e9dito de estados e munic\u00edpios. Al\u00e9m disso, o <strong>FMI<\/strong> orientou o Brasil a permitir que estados e munic\u00edpios tenham maior acesso ao financiamento banc\u00e1rio.<\/p>\n","protected":false},"excerpt":{"rendered":"<p>O Fundo Monet\u00e1rio Internacional (FMI) anunciou, nesta quarta-feira (25), que a economista b\u00falgara Kristalina Georgieva ser\u00e1 a nova diretora-gerente do Fundo. FMI est\u00e1 focado em ajudar a Argentina, afirma Georgieva Georgieva se tornar\u00e1 a primeira pessoa vinda de uma economia emergente a comandar o FMI. O mandato ser\u00e1 de cinco anos e iniciar\u00e1 no dia [&hellip;]<\/p>\n","protected":false},"author":23,"featured_media":38879,"comment_status":"closed","ping_status":"closed","sticky":false,"template":"","format":"standard","meta":[],"categories":[63],"tags":[934,1908,806],"suno_strategy":[],"class_list":["post-38875","post","type-post","status-publish","format-standard","has-post-thumbnail","hentry","category-internacional","tag-banco-mundial","tag-emmanuel-macron","tag-fundo-monetario-internacional-fmi"],"yoast_head":"<!-- This site is optimized with the Yoast SEO plugin v24.4 - https:\/\/yoast.com\/wordpress\/plugins\/seo\/ -->\n<title>FMI anuncia Kristalina Georgieva como sua nova diretora-gerente<\/title>\n<meta name=\"description\" content=\"O FMI anunciou que a economista b\u00falgara Kristalina Georgieva ser\u00e1 a nova diretora-gerente do Fundo. Clique para saber mais.\" \/>\n<meta name=\"robots\" content=\"index, follow, max-snippet:-1, max-image-preview:large, max-video-preview:-1\" \/>\n<link rel=\"canonical\" href=\"https:\/\/www.suno.com.br\/noticias\/fmi-kristalina-georgieva-nova-diretora-gerente\/\" \/>\n<meta property=\"og:locale\" content=\"pt_BR\" \/>\n<meta property=\"og:type\" content=\"article\" \/>\n<meta property=\"og:title\" content=\"FMI anuncia Kristalina Georgieva como sua nova diretora-gerente\" \/>\n<meta property=\"og:description\" content=\"O FMI anunciou que a economista b\u00falgara Kristalina Georgieva ser\u00e1 a nova diretora-gerente do Fundo. Clique para saber mais.\" \/>\n<meta property=\"og:url\" content=\"https:\/\/www.suno.com.br\/noticias\/fmi-kristalina-georgieva-nova-diretora-gerente\/\" \/>\n<meta property=\"og:site_name\" content=\"Suno Not\u00edcias\" \/>\n<meta property=\"article:publisher\" content=\"https:\/\/facebook.com\/sunoresearch\" \/>\n<meta property=\"og:image\" content=\"https:\/\/files.sunoresearch.com.br\/n\/uploads\/2019\/09\/d73fd8ac-fmi-georgieva.jpg\" \/>\n\t<meta property=\"og:image:width\" content=\"1499\" \/>\n\t<meta property=\"og:image:height\" content=\"822\" \/>\n\t<meta property=\"og:image:type\" content=\"image\/jpeg\" \/>\n<meta name=\"author\" content=\"Rafael Lara\" \/>\n<meta name=\"twitter:card\" content=\"summary_large_image\" \/>\n<meta name=\"twitter:creator\" content=\"@sunoresearch\" \/>\n<meta name=\"twitter:site\" content=\"@sunoresearch\" \/>\n<meta name=\"twitter:label1\" content=\"Escrito por\" \/>\n\t<meta name=\"twitter:data1\" content=\"Rafael Lara\" \/>\n\t<meta name=\"twitter:label2\" content=\"Est. tempo de leitura\" \/>\n\t<meta name=\"twitter:data2\" content=\"2 minutos\" \/>\n<script type=\"application\/ld+json\" class=\"yoast-schema-graph\">{\"@context\":\"https:\/\/schema.org\",\"@graph\":[{\"@type\":\"NewsArticle\",\"@id\":\"https:\/\/www.suno.com.br\/noticias\/fmi-kristalina-georgieva-nova-diretora-gerente\/#article\",\"isPartOf\":{\"@id\":\"https:\/\/www.suno.com.br\/noticias\/fmi-kristalina-georgieva-nova-diretora-gerente\/\"},\"author\":{\"name\":\"Rafael Lara\",\"@id\":\"https:\/\/www.suno.com.br\/noticias\/#\/schema\/person\/098743caeed97b37f51315c9576c4078\"},\"headline\":\"FMI anuncia Kristalina Georgieva como sua nova diretora-gerente\",\"datePublished\":\"2019-09-25T19:55:13+00:00\",\"dateModified\":\"2019-09-25T19:55:30+00:00\",\"mainEntityOfPage\":{\"@id\":\"https:\/\/www.suno.com.br\/noticias\/fmi-kristalina-georgieva-nova-diretora-gerente\/\"},\"wordCount\":360,\"publisher\":{\"@id\":\"https:\/\/www.suno.com.br\/noticias\/#organization\"},\"image\":{\"@id\":\"https:\/\/www.suno.com.br\/noticias\/fmi-kristalina-georgieva-nova-diretora-gerente\/#primaryimage\"},\"thumbnailUrl\":\"https:\/\/files.sunoresearch.com.br\/n\/uploads\/2019\/09\/d73fd8ac-fmi-georgieva-jpg.webp\",\"keywords\":[\"Banco Mundial\",\"Emmanuel Macron\",\"Fundo Monet\u00e1rio Internacional (FMI)\"],\"articleSection\":[\"Internacional\"],\"inLanguage\":\"pt-BR\"},{\"@type\":\"WebPage\",\"@id\":\"https:\/\/www.suno.com.br\/noticias\/fmi-kristalina-georgieva-nova-diretora-gerente\/\",\"url\":\"https:\/\/www.suno.com.br\/noticias\/fmi-kristalina-georgieva-nova-diretora-gerente\/\",\"name\":\"FMI anuncia Kristalina Georgieva como sua nova diretora-gerente\",\"isPartOf\":{\"@id\":\"https:\/\/www.suno.com.br\/noticias\/#website\"},\"primaryImageOfPage\":{\"@id\":\"https:\/\/www.suno.com.br\/noticias\/fmi-kristalina-georgieva-nova-diretora-gerente\/#primaryimage\"},\"image\":{\"@id\":\"https:\/\/www.suno.com.br\/noticias\/fmi-kristalina-georgieva-nova-diretora-gerente\/#primaryimage\"},\"thumbnailUrl\":\"https:\/\/files.sunoresearch.com.br\/n\/uploads\/2019\/09\/d73fd8ac-fmi-georgieva-jpg.webp\",\"datePublished\":\"2019-09-25T19:55:13+00:00\",\"dateModified\":\"2019-09-25T19:55:30+00:00\",\"description\":\"O FMI anunciou que a economista b\u00falgara Kristalina Georgieva ser\u00e1 a nova diretora-gerente do Fundo. Clique para saber mais.\",\"breadcrumb\":{\"@id\":\"https:\/\/www.suno.com.br\/noticias\/fmi-kristalina-georgieva-nova-diretora-gerente\/#breadcrumb\"},\"inLanguage\":\"pt-BR\",\"potentialAction\":[{\"@type\":\"ReadAction\",\"target\":[\"https:\/\/www.suno.com.br\/noticias\/fmi-kristalina-georgieva-nova-diretora-gerente\/\"]}]},{\"@type\":\"ImageObject\",\"inLanguage\":\"pt-BR\",\"@id\":\"https:\/\/www.suno.com.br\/noticias\/fmi-kristalina-georgieva-nova-diretora-gerente\/#primaryimage\",\"url\":\"https:\/\/files.sunoresearch.com.br\/n\/uploads\/2019\/09\/d73fd8ac-fmi-georgieva-jpg.webp\",\"contentUrl\":\"https:\/\/files.sunoresearch.com.br\/n\/uploads\/2019\/09\/d73fd8ac-fmi-georgieva-jpg.webp\",\"width\":1499,\"height\":822,\"caption\":\"FMI est\u00e1 focado em ajudar a Argentina, afirma Georgieva\"},{\"@type\":\"BreadcrumbList\",\"@id\":\"https:\/\/www.suno.com.br\/noticias\/fmi-kristalina-georgieva-nova-diretora-gerente\/#breadcrumb\",\"itemListElement\":[{\"@type\":\"ListItem\",\"position\":1,\"name\":\"Not\u00edcias\",\"item\":\"https:\/\/www.suno.com.br\/noticias\/\"},{\"@type\":\"ListItem\",\"position\":2,\"name\":\"Internacional\",\"item\":\"https:\/\/www.suno.com.br\/noticias\/internacional\/\"},{\"@type\":\"ListItem\",\"position\":3,\"name\":\"FMI anuncia Kristalina Georgieva como sua nova diretora-gerente\"}]},{\"@type\":\"WebSite\",\"@id\":\"https:\/\/www.suno.com.br\/noticias\/#website\",\"url\":\"https:\/\/www.suno.com.br\/noticias\/\",\"name\":\"Suno Not\u00edcias\",\"description\":\"Seu portal de informa\u00e7\u00e3o sobre o mundo dos investimentos\",\"publisher\":{\"@id\":\"https:\/\/www.suno.com.br\/noticias\/#organization\"},\"potentialAction\":[{\"@type\":\"SearchAction\",\"target\":{\"@type\":\"EntryPoint\",\"urlTemplate\":\"https:\/\/www.suno.com.br\/noticias\/?s={search_term_string}\"},\"query-input\":{\"@type\":\"PropertyValueSpecification\",\"valueRequired\":true,\"valueName\":\"search_term_string\"}}],\"inLanguage\":\"pt-BR\"},{\"@type\":\"Organization\",\"@id\":\"https:\/\/www.suno.com.br\/noticias\/#organization\",\"name\":\"Suno Not\u00edcias\",\"url\":\"https:\/\/www.suno.com.br\/noticias\/\",\"logo\":{\"@type\":\"ImageObject\",\"inLanguage\":\"pt-BR\",\"@id\":\"https:\/\/www.suno.com.br\/noticias\/#\/schema\/logo\/image\/\",\"url\":\"https:\/\/files.sunoresearch.com.br\/n\/uploads\/2021\/09\/suno-logo.png\",\"contentUrl\":\"https:\/\/files.sunoresearch.com.br\/n\/uploads\/2021\/09\/suno-logo.png\",\"width\":180,\"height\":180,\"caption\":\"Suno Not\u00edcias\"},\"image\":{\"@id\":\"https:\/\/www.suno.com.br\/noticias\/#\/schema\/logo\/image\/\"},\"sameAs\":[\"https:\/\/facebook.com\/sunoresearch\",\"https:\/\/x.com\/sunoresearch\",\"https:\/\/www.instagram.com\/suno\",\"https:\/\/www.linkedin.com\/company\/suno-research\/\",\"https:\/\/www.youtube.com\/c\/sunoresearch\"]},{\"@type\":\"Person\",\"@id\":\"https:\/\/www.suno.com.br\/noticias\/#\/schema\/person\/098743caeed97b37f51315c9576c4078\",\"name\":\"Rafael Lara\",\"image\":{\"@type\":\"ImageObject\",\"inLanguage\":\"pt-BR\",\"@id\":\"https:\/\/www.suno.com.br\/noticias\/#\/schema\/person\/image\/\",\"url\":\"https:\/\/secure.gravatar.com\/avatar\/dfc254ab9bb2ea1895d98b9e9dae4bdd?s=96&r=g\",\"contentUrl\":\"https:\/\/secure.gravatar.com\/avatar\/dfc254ab9bb2ea1895d98b9e9dae4bdd?s=96&r=g\",\"caption\":\"Rafael Lara\"},\"description\":\"Rafael Lara cursa jornalismo na Faculdade C\u00e1sper L\u00edbero. Escreve sobre pol\u00edtica, economia e neg\u00f3cios para o portal Suno Not\u00edcias. Antes, colaborou na TV Gazeta na produ\u00e7\u00e3o do programa Edi\u00e7\u00e3o Extra.\",\"url\":\"https:\/\/www.suno.com.br\/noticias\/author\/rafael\/\"}]}<\/script>\n<!-- \/ Yoast SEO plugin. -->","yoast_head_json":{"title":"FMI anuncia Kristalina Georgieva como sua nova diretora-gerente","description":"O FMI anunciou que a economista b\u00falgara Kristalina Georgieva ser\u00e1 a nova diretora-gerente do Fundo. Clique para saber mais.","robots":{"index":"index","follow":"follow","max-snippet":"max-snippet:-1","max-image-preview":"max-image-preview:large","max-video-preview":"max-video-preview:-1"},"canonical":"https:\/\/www.suno.com.br\/noticias\/fmi-kristalina-georgieva-nova-diretora-gerente\/","og_locale":"pt_BR","og_type":"article","og_title":"FMI anuncia Kristalina Georgieva como sua nova diretora-gerente","og_description":"O FMI anunciou que a economista b\u00falgara Kristalina Georgieva ser\u00e1 a nova diretora-gerente do Fundo. Clique para saber mais.","og_url":"https:\/\/www.suno.com.br\/noticias\/fmi-kristalina-georgieva-nova-diretora-gerente\/","og_site_name":"Suno Not\u00edcias","article_publisher":"https:\/\/facebook.com\/sunoresearch","og_image":[{"width":1499,"height":822,"url":"https:\/\/files.sunoresearch.com.br\/n\/uploads\/2019\/09\/d73fd8ac-fmi-georgieva.jpg","type":"image\/jpeg"}],"author":"Rafael Lara","twitter_card":"summary_large_image","twitter_creator":"@sunoresearch","twitter_site":"@sunoresearch","twitter_misc":{"Escrito por":"Rafael Lara","Est. tempo de leitura":"2 minutos"},"schema":{"@context":"https:\/\/schema.org","@graph":[{"@type":"NewsArticle","@id":"https:\/\/www.suno.com.br\/noticias\/fmi-kristalina-georgieva-nova-diretora-gerente\/#article","isPartOf":{"@id":"https:\/\/www.suno.com.br\/noticias\/fmi-kristalina-georgieva-nova-diretora-gerente\/"},"author":{"name":"Rafael Lara","@id":"https:\/\/www.suno.com.br\/noticias\/#\/schema\/person\/098743caeed97b37f51315c9576c4078"},"headline":"FMI anuncia Kristalina Georgieva como sua nova diretora-gerente","datePublished":"2019-09-25T19:55:13+00:00","dateModified":"2019-09-25T19:55:30+00:00","mainEntityOfPage":{"@id":"https:\/\/www.suno.com.br\/noticias\/fmi-kristalina-georgieva-nova-diretora-gerente\/"},"wordCount":360,"publisher":{"@id":"https:\/\/www.suno.com.br\/noticias\/#organization"},"image":{"@id":"https:\/\/www.suno.com.br\/noticias\/fmi-kristalina-georgieva-nova-diretora-gerente\/#primaryimage"},"thumbnailUrl":"https:\/\/files.sunoresearch.com.br\/n\/uploads\/2019\/09\/d73fd8ac-fmi-georgieva-jpg.webp","keywords":["Banco Mundial","Emmanuel Macron","Fundo Monet\u00e1rio Internacional (FMI)"],"articleSection":["Internacional"],"inLanguage":"pt-BR"},{"@type":"WebPage","@id":"https:\/\/www.suno.com.br\/noticias\/fmi-kristalina-georgieva-nova-diretora-gerente\/","url":"https:\/\/www.suno.com.br\/noticias\/fmi-kristalina-georgieva-nova-diretora-gerente\/","name":"FMI anuncia Kristalina Georgieva como sua nova diretora-gerente","isPartOf":{"@id":"https:\/\/www.suno.com.br\/noticias\/#website"},"primaryImageOfPage":{"@id":"https:\/\/www.suno.com.br\/noticias\/fmi-kristalina-georgieva-nova-diretora-gerente\/#primaryimage"},"image":{"@id":"https:\/\/www.suno.com.br\/noticias\/fmi-kristalina-georgieva-nova-diretora-gerente\/#primaryimage"},"thumbnailUrl":"https:\/\/files.sunoresearch.com.br\/n\/uploads\/2019\/09\/d73fd8ac-fmi-georgieva-jpg.webp","datePublished":"2019-09-25T19:55:13+00:00","dateModified":"2019-09-25T19:55:30+00:00","description":"O FMI anunciou que a economista b\u00falgara Kristalina Georgieva ser\u00e1 a nova diretora-gerente do Fundo. Clique para saber mais.","breadcrumb":{"@id":"https:\/\/www.suno.com.br\/noticias\/fmi-kristalina-georgieva-nova-diretora-gerente\/#breadcrumb"},"inLanguage":"pt-BR","potentialAction":[{"@type":"ReadAction","target":["https:\/\/www.suno.com.br\/noticias\/fmi-kristalina-georgieva-nova-diretora-gerente\/"]}]},{"@type":"ImageObject","inLanguage":"pt-BR","@id":"https:\/\/www.suno.com.br\/noticias\/fmi-kristalina-georgieva-nova-diretora-gerente\/#primaryimage","url":"https:\/\/files.sunoresearch.com.br\/n\/uploads\/2019\/09\/d73fd8ac-fmi-georgieva-jpg.webp","contentUrl":"https:\/\/files.sunoresearch.com.br\/n\/uploads\/2019\/09\/d73fd8ac-fmi-georgieva-jpg.webp","width":1499,"height":822,"caption":"FMI est\u00e1 focado em ajudar a Argentina, afirma Georgieva"},{"@type":"BreadcrumbList","@id":"https:\/\/www.suno.com.br\/noticias\/fmi-kristalina-georgieva-nova-diretora-gerente\/#breadcrumb","itemListElement":[{"@type":"ListItem","position":1,"name":"Not\u00edcias","item":"https:\/\/www.suno.com.br\/noticias\/"},{"@type":"ListItem","position":2,"name":"Internacional","item":"https:\/\/www.suno.com.br\/noticias\/internacional\/"},{"@type":"ListItem","position":3,"name":"FMI anuncia Kristalina Georgieva como sua nova diretora-gerente"}]},{"@type":"WebSite","@id":"https:\/\/www.suno.com.br\/noticias\/#website","url":"https:\/\/www.suno.com.br\/noticias\/","name":"Suno Not\u00edcias","description":"Seu portal de informa\u00e7\u00e3o sobre o mundo dos investimentos","publisher":{"@id":"https:\/\/www.suno.com.br\/noticias\/#organization"},"potentialAction":[{"@type":"SearchAction","target":{"@type":"EntryPoint","urlTemplate":"https:\/\/www.suno.com.br\/noticias\/?s={search_term_string}"},"query-input":{"@type":"PropertyValueSpecification","valueRequired":true,"valueName":"search_term_string"}}],"inLanguage":"pt-BR"},{"@type":"Organization","@id":"https:\/\/www.suno.com.br\/noticias\/#organization","name":"Suno Not\u00edcias","url":"https:\/\/www.suno.com.br\/noticias\/","logo":{"@type":"ImageObject","inLanguage":"pt-BR","@id":"https:\/\/www.suno.com.br\/noticias\/#\/schema\/logo\/image\/","url":"https:\/\/files.sunoresearch.com.br\/n\/uploads\/2021\/09\/suno-logo.png","contentUrl":"https:\/\/files.sunoresearch.com.br\/n\/uploads\/2021\/09\/suno-logo.png","width":180,"height":180,"caption":"Suno Not\u00edcias"},"image":{"@id":"https:\/\/www.suno.com.br\/noticias\/#\/schema\/logo\/image\/"},"sameAs":["https:\/\/facebook.com\/sunoresearch","https:\/\/x.com\/sunoresearch","https:\/\/www.instagram.com\/suno","https:\/\/www.linkedin.com\/company\/suno-research\/","https:\/\/www.youtube.com\/c\/sunoresearch"]},{"@type":"Person","@id":"https:\/\/www.suno.com.br\/noticias\/#\/schema\/person\/098743caeed97b37f51315c9576c4078","name":"Rafael Lara","image":{"@type":"ImageObject","inLanguage":"pt-BR","@id":"https:\/\/www.suno.com.br\/noticias\/#\/schema\/person\/image\/","url":"https:\/\/secure.gravatar.com\/avatar\/dfc254ab9bb2ea1895d98b9e9dae4bdd?s=96&r=g","contentUrl":"https:\/\/secure.gravatar.com\/avatar\/dfc254ab9bb2ea1895d98b9e9dae4bdd?s=96&r=g","caption":"Rafael Lara"},"description":"Rafael Lara cursa jornalismo na Faculdade C\u00e1sper L\u00edbero. Escreve sobre pol\u00edtica, economia e neg\u00f3cios para o portal Suno Not\u00edcias. Antes, colaborou na TV Gazeta na produ\u00e7\u00e3o do programa Edi\u00e7\u00e3o Extra.","url":"https:\/\/www.suno.com.br\/noticias\/author\/rafael\/"}]}},"default_loop_html":"<div class=\"cardsPage__listCard__boxs\"><div class=\"cardsPage__listCard__boxs__img\"><a href=\"https:\/\/www.suno.com.br\/noticias\/fmi-kristalina-georgieva-nova-diretora-gerente\/\"><img class=\"mask\" src=\"https:\/\/www.suno.com.br\/noticias\/wp-content\/themes\/suno\/resources\/images\/spotlight\/spotlight1img\/bg-mask.png\" alt=\"Image Mask\"\/><img src=\"https:\/\/files.sunoresearch.com.br\/n\/uploads\/2019\/09\/d73fd8ac-fmi-georgieva-400x200.webp\" alt=\"FMI anuncia Kristalina Georgieva como sua nova diretora-gerente\"\/><\/a><span class=\"spotlightCategory\"><a href=\"https:\/\/www.suno.com.br\/noticias\/internacional\/\">Internacional<\/a><\/span><\/div><div class=\"cardsPage__listCard__boxs__content\"><a href=\"https:\/\/www.suno.com.br\/noticias\/fmi-kristalina-georgieva-nova-diretora-gerente\/\"><h2 class=\"content__title\">FMI anuncia Kristalina Georgieva como sua nova diretora-gerente<\/h2><\/a><div class=\"newsContent__article__meta\"><div class=\"newsContent__article__meta__authorBox\"><a href=\"https:\/\/www.suno.com.br\/noticias\/author\/rafael\/\" class=\"authorBox__avatar noMobi\"><img src=\"https:\/\/secure.gravatar.com\/avatar\/dfc254ab9bb2ea1895d98b9e9dae4bdd?s=96&#038;r=g\" alt=\"Rafael Lara\"><\/a><div class=\"authorBox__name\"><span>por\n\t\t\t<a href=\"https:\/\/www.suno.com.br\/noticias\/author\/rafael\/\"><span itemprop=\"author\">Rafael Lara<\/span><\/a><\/span><time datetime=\"2019-09-25T16:55:13-03:00\" itemprop=\"datePublished\">25\/09\/2019 16:55<\/time><\/div><\/div><\/div><\/div><\/div>","single_layout":"posts","amp_enabled":true,"_links":{"self":[{"href":"https:\/\/www.suno.com.br\/noticias\/wp-json\/wp\/v2\/posts\/38875"}],"collection":[{"href":"https:\/\/www.suno.com.br\/noticias\/wp-json\/wp\/v2\/posts"}],"about":[{"href":"https:\/\/www.suno.com.br\/noticias\/wp-json\/wp\/v2\/types\/post"}],"author":[{"embeddable":true,"href":"https:\/\/www.suno.com.br\/noticias\/wp-json\/wp\/v2\/users\/23"}],"replies":[{"embeddable":true,"href":"https:\/\/www.suno.com.br\/noticias\/wp-json\/wp\/v2\/comments?post=38875"}],"version-history":[{"count":0,"href":"https:\/\/www.suno.com.br\/noticias\/wp-json\/wp\/v2\/posts\/38875\/revisions"}],"wp:featuredmedia":[{"embeddable":true,"href":"https:\/\/www.suno.com.br\/noticias\/wp-json\/wp\/v2\/media\/38879"}],"wp:attachment":[{"href":"https:\/\/www.suno.com.br\/noticias\/wp-json\/wp\/v2\/media?parent=38875"}],"wp:term":[{"taxonomy":"category","embeddable":true,"href":"https:\/\/www.suno.com.br\/noticias\/wp-json\/wp\/v2\/categories?post=38875"},{"taxonomy":"post_tag","embeddable":true,"href":"https:\/\/www.suno.com.br\/noticias\/wp-json\/wp\/v2\/tags?post=38875"},{"taxonomy":"suno_strategy","embeddable":true,"href":"https:\/\/www.suno.com.br\/noticias\/wp-json\/wp\/v2\/suno_strategy?post=38875"}],"curies":[{"name":"wp","href":"https:\/\/api.w.org\/{rel}","templated":true}]}}