{"id":388211,"date":"2023-04-11T21:40:52","date_gmt":"2023-04-12T00:40:52","guid":{"rendered":"https:\/\/www.suno.com.br\/noticias\/?p=388211"},"modified":"2023-04-11T21:41:04","modified_gmt":"2023-04-12T00:41:04","slug":"radar-carrefour-crfb3-gol-goll4-brasilagro-agro3","status":"publish","type":"post","link":"https:\/\/www.suno.com.br\/noticias\/radar-carrefour-crfb3-gol-goll4-brasilagro-agro3\/","title":{"rendered":"Radar: Carrefour (CRFB3) reduz pre\u00e7o de aquisi\u00e7\u00e3o do BIG em at\u00e9 R$ 1 bi, a\u00e7\u00f5es da Gol (GOLL4) decolam e BrasilAgro (AGRO3) fecha venda milion\u00e1ria de fazenda"},"content":{"rendered":"<p>O&nbsp;<strong>Carrefour<\/strong>&nbsp;Brasil (CRFB3) anunciou nesta ter\u00e7a-feira a redu\u00e7\u00e3o do valor da aquisi\u00e7\u00e3o do Grupo BIG em at\u00e9 R$ 1 bilh\u00e3o. O acordo foi feito com os principais vendedores do BIG e realizado em contrapartida \u00e0 quita\u00e7\u00e3o de determinadas obriga\u00e7\u00f5es, que n\u00e3o foram detalhadas pela empresa.<\/p>\t<div class=\"wrapper-featured-image\">\n\t\t<figure class=\"spotlightImg\">\n\n\t\t\t<picture>\n\t\t\t\t<source media=\"(max-width: 768px)\" srcset=\"https:\/\/files.sunoresearch.com.br\/n\/uploads\/2022\/12\/carrefour-crfb3-400x200.jpeg\">\n\t\t\t\t<img loading=\"lazy\" decoding=\"async\" class=\"newsContent__article__imgCapa lazyloadDisabled \" src=\"https:\/\/files.sunoresearch.com.br\/n\/uploads\/2022\/12\/carrefour-crfb3-800x450.jpeg\" width=\"800\" height=\"450\" alt=\"Radar: Carrefour (CRFB3) reduz pre\u00e7o de aquisi\u00e7\u00e3o do BIG em at\u00e9 R$ 1 bi, a\u00e7\u00f5es da Gol (GOLL4) decolam e BrasilAgro (AGRO3) fecha venda milion\u00e1ria de fazenda\" fetchpriority=high \/>\n\t\t\t<\/picture>\n\n\t\t\t<figcaption class=\"wp-caption-text wp-caption-text--show\">Carrefour (CRFB3). Foto: Divulga\u00e7\u00e3o<\/figcaption>\n\t\t<\/figure>\n\t<\/div>\n\n\n\n\n\n\t<p>\n\t\t<a href=\"https:\/\/lp.suno.com.br\/planilha-da-vida-financeira\/\" target=\"_blank\" data-element=\"shortcode-suno-banner\" title=\"Banner SUNO, clique e saiba mais\">\n\t\t\t<picture>\n\t\t\t\t<source media=\"(max-width: 500px)\" srcset=\"https:\/\/files.sunoresearch.com.br\/n\/uploads\/2023\/04\/400x300-Planilha-vida-financeira-true.png\">\n\t\t\t\t<img class=\"newsContent__article__imgCapa newsContent__article__imgCapa--banner\"\n\t\t\t\t\tsrc=\"https:\/\/files.sunoresearch.com.br\/n\/uploads\/2023\/04\/1420x240-Planilha-vida-financeira-true.png\"\n\t\t\t\t\tdata-promo-id=\"106682\"\t\t\t\t\t\t\t\t\t\twidth='1420' height='240'\t\t\t\t\talt=\"https:\/\/files.sunoresearch.com.br\/n\/uploads\/2023\/04\/1420x240-Planilha-vida-financeira-true.png\"\n\t\t\t\t>\n\t\t\t<\/picture>\n\t\t<\/a>\n\t<\/p>\n\n\n\n\n\n\n\n<p>Segundo o&nbsp;<a target=\"_blank\" href=\"https:\/\/www.suno.com.br\/artigos\/fato-relevante\/\" rel=\"noreferrer noopener\">fato relevante<\/a>&nbsp;divulgado pelo Carrefour, o valor ser\u00e1 pago da seguinte forma:<\/p>\n\n\n\n<ul class=\"wp-block-list\">\n<li>uma parcela fixa de R$ 350 milh\u00f5es foi paga \u00e0 companhia nesta ter\u00e7a-feira (11);<\/li>\n\n\n\n<li>uma parcela de R$ 550 milh\u00f5es, ajustada pelo CDI, ser\u00e1 paga at\u00e9 31 de maio de 2024 (data de pagamento final);<\/li>\n\n\n\n<li>uma parcela vari\u00e1vel, a ser calculada conforme m\u00e9trica acordada entre as partes, no valor de at\u00e9 R$ 100 milh\u00f5es, ajustada pelo CDI, ser\u00e1 paga at\u00e9 a data de pagamento final.<\/li>\n<\/ul>\n\n\n\n<p>Vale lembrar que o&nbsp;<strong>Carrefour comprou o BIG<\/strong>&nbsp;h\u00e1 pouco mais de dois anos, por R$ 7,5 bilh\u00f5es. A aprova\u00e7\u00e3o da compra pelo Cade ocorreu um ano depois, no final de maio de 2022.<\/p>\n\n\n\n<p>Al\u00e9m de Carrefour<strong>&nbsp;<\/strong>, confira outros destaques desta ter\u00e7a-feira:<\/p>\n\n\n\n<h2 class=\"wp-block-heading\">Gol (GOLL4), Azul (AZUL4) e CVC (CVCB3): por que as a\u00e7\u00f5es voaram at\u00e9 17% no Ibovespa hoje?<\/h2>\n\n\n\n<ul class=\"wp-block-list\">\n<li>Se voc\u00ea acompanha as movimenta\u00e7\u00f5es do mercado, \u00e9 prov\u00e1vel que nesta ter\u00e7a (11) as a\u00e7\u00f5es da&nbsp;<strong>Gol<\/strong>&nbsp;(GOLL4),&nbsp;<a href=\"https:\/\/www.suno.com.br\/acoes\/AZUL4\/\" target=\"_blank\" rel=\"noreferrer noopener\">Azul (AZUL4)<\/a>&nbsp;e&nbsp;<a href=\"https:\/\/www.suno.com.br\/acoes\/CVCB3\/\" target=\"_blank\" rel=\"noreferrer noopener\">CVC (CVCB3)<\/a>&nbsp;tenham chamado a aten\u00e7\u00e3o. Os pap\u00e9is, que amargaram in\u00fameras quedas desde o in\u00edcio da pandemia, tiveram altas expressivas, que chegaram a 17% no Ibovespa hoje. Mas o que aconteceu, afinal?<\/li>\n<\/ul>\n\n\n\n<ul class=\"wp-block-list\">\n<li>O Suno Not\u00edcias consultou especialistas para entender o que houve e tr\u00eas raz\u00f5es explicam a disparada das a\u00e7\u00f5es dos setores a\u00e9reo e tur\u00edstico. Sendo eles:<\/li>\n<\/ul>\n\n\n\n<ul class=\"wp-block-list\">\n<li>IPCA<\/li>\n\n\n\n<li>D\u00f3lar<\/li>\n\n\n\n<li>o pr\u00f3prio salto do Ibovespa<\/li>\n<\/ul>\n\n\n\n<ul class=\"wp-block-list\">\n<li>Nesta ter\u00e7a, dados divulgados pelo \u00cdndice de Pre\u00e7os ao Consumidor Amplo (IPCA) mostraram uma alta de 0,71% em mar\u00e7o, abaixo das proje\u00e7\u00f5es do consenso de mercado, que miravam 0,78%. Segundo especialistas, os n\u00fameros da infla\u00e7\u00e3o foram melhores que o esperado.<\/li>\n<\/ul>\n\n\n\n<ul class=\"wp-block-list\">\n<li>\u201cQuando se est\u00e1 em um cen\u00e1rio de previs\u00e3o de alta dos pre\u00e7os (infla\u00e7\u00e3o), o que se v\u00ea \u00e9 a alta dos juros a fim de dificultar o acesso ao cr\u00e9dito \u2014 para assim frear o consumo e, em consequ\u00eancia, a infla\u00e7\u00e3o. Por este motivo, hoje, vemos a queda dos juros puxada pela expectativa de uma poss\u00edvel desacelera\u00e7\u00e3o da infla\u00e7\u00e3o\u201d, explica Guilherme Lamonica, especialista em investimentos e s\u00f3cio da Matriz Capital.<\/li>\n<\/ul>\n\n\n\n<ul class=\"wp-block-list\">\n<li>Segundo o especialista, essa situa\u00e7\u00e3o acabou por atrair o investidor para ativos de maior risco \u2014 caso dos pap\u00e9is da Gol, Azul e CVC \u2014, saindo dos ativos mais seguros. Diante disso, os&nbsp;<a href=\"https:\/\/www.suno.com.br\/artigos\/juros-futuros\/\" target=\"_blank\" rel=\"noreferrer noopener\">juros futuros<\/a>&nbsp;tiveram um forte recuo e o d\u00f3lar hoje caiu 1,16%.<\/li>\n<\/ul>\n\n\n\n<ul class=\"wp-block-list\">\n<li>\u201cS\u00e3o empresas de setores sens\u00edveis \u00e0 infla\u00e7\u00e3o. Logo, a not\u00edcia [<em>sobre o IPCA<\/em>] auxiliou os setores e, por serem destaques destes nichos, essas empresas foram os principais alvos dos compradores\u201d, explica.<\/li>\n<\/ul>\n\n\n\n<h2 class=\"wp-block-heading\">Magazine Luiza (MGLU3): com boas novas, a\u00e7\u00f5es disparam no Ibovespa hoje; entenda<\/h2>\n\n\n\n<ul class=\"wp-block-list\">\n<li>As a\u00e7\u00f5es do&nbsp;<strong>Magazine Luiza<\/strong>&nbsp;(<a href=\"https:\/\/suno.com.br\/acoes\/mglu3\/\" target=\"_blank\" rel=\"noreferrer noopener\">MGLU3<\/a>) se destacam no Ibovespa hoje desta ter\u00e7a (11). Os pap\u00e9is fecharam em alta de 12,8%, a R$ 3,78. De acordo com os especialistas, essa alta \u00e9 explicada pelas not\u00edcias positivas que atingiram o&nbsp;<a href=\"https:\/\/www.suno.com.br\/guias\/mercado-financeiro\/\" target=\"_blank\" rel=\"noreferrer noopener\">mercado financeiro<\/a>&nbsp;nas \u00faltimas horas.<\/li>\n<\/ul>\n\n\n\n<ul class=\"wp-block-list\">\n<li>\u201cO&nbsp;<strong>Magalu<\/strong>&nbsp;se beneficia desse cen\u00e1rio de perspectiva de queda de juros: a leitura do mercado \u00e9 de que o IPCA divulgado hoje sugere que o corte de juros pode estar mais pr\u00f3ximo\u201d, detalha Leandro Petrokas, diretor de&nbsp;<em>research&nbsp;<\/em>e s\u00f3cio da Quantzed.<\/li>\n<\/ul>\n\n\n\n<ul class=\"wp-block-list\">\n<li>Na manh\u00e3 desta ter\u00e7a, o Instituto Brasileiro de Geografia e Estat\u00edstica (IBGE) divulgou que o \u00cdndice de Pre\u00e7os ao Consumidor Amplo (<strong>IPCA<\/strong>) de mar\u00e7o subiu 0,71%, sendo que a estimativa do mercado era de que a alta chegasse a 0,78%.<\/li>\n<\/ul>\n\n\n\n<ul class=\"wp-block-list\">\n<li>A alta de mar\u00e7o foi menor do que a registrada em fevereiro, quando o principal indicador de infla\u00e7\u00e3o do Pa\u00eds havia subido 0,84%. Para Gustavo Sung, economista-chefe da Suno Research, o dado apresentado hoje pode ajudar positivamente o cen\u00e1rio do Banco Central no caminho de um eventual corte nos juros: \u201cNossa expectativa \u00e9 de que o primeiro corte seja em agosto deste ano\u201d.<\/li>\n<\/ul>\n\n\n\n<ul class=\"wp-block-list\">\n<li>\u201cA autoridade monet\u00e1ria s\u00f3 dar\u00e1 in\u00edcio ao processo de cortes na&nbsp;<strong>taxa de juros<\/strong>&nbsp;quando tiver certeza de que a infla\u00e7\u00e3o est\u00e1 em trajet\u00f3ria est\u00e1vel e em dire\u00e7\u00e3o \u00e0 meta, as expectativas ancoradas e sem grandes choques que o fa\u00e7am mudar a rota no meio do caminho\u201d, analisa Sung.<\/li>\n<\/ul>\n\n\n\n<ul class=\"wp-block-list\">\n<li>Com esse cen\u00e1rio positivo, as&nbsp;<strong>a\u00e7\u00f5es do Magazine Luiza<\/strong>&nbsp;acompanham a alta de outros pap\u00e9is tamb\u00e9m diretamente expostos a consequ\u00eancias sobre os juros, como as a\u00e9reas&nbsp;<a href=\"https:\/\/www.suno.com.br\/acoes\/GOLL4\/\" target=\"_blank\" rel=\"noreferrer noopener\">Gol (GOLL4)<\/a>&nbsp;e&nbsp;<a href=\"https:\/\/www.suno.com.br\/acoes\/AZUL4\/\" target=\"_blank\" rel=\"noreferrer noopener\">Azul (AZUL4)<\/a>.<\/li>\n<\/ul>\n\n\n\t<p>\n\t\t<a href=\"https:\/\/lp.suno.com.br\/ebook-como-analisar-uma-acao\/\" target=\"_blank\" data-element=\"shortcode-suno-banner\" title=\"Banner SUNO, clique e saiba mais\">\n\t\t\t<picture>\n\t\t\t\t<source media=\"(max-width: 500px)\" srcset=\"https:\/\/files.sunoresearch.com.br\/n\/uploads\/2023\/03\/Ebook-Acoes-Mobile.jpg\">\n\t\t\t\t<img class=\"newsContent__article__imgCapa newsContent__article__imgCapa--banner\"\n\t\t\t\t\tsrc=\"https:\/\/files.sunoresearch.com.br\/n\/uploads\/2023\/03\/Ebook-Acoes-Desktop.jpg\"\n\t\t\t\t\tdata-promo-id=\"378302\"\t\t\t\t\t\t\t\t\t\twidth='1420' height='286'\t\t\t\t\talt=\"https:\/\/files.sunoresearch.com.br\/n\/uploads\/2023\/03\/Ebook-Acoes-Desktop.jpg\"\n\t\t\t\t>\n\t\t\t<\/picture>\n\t\t<\/a>\n\t<\/p>\n\n\n\n\n\n<h2 class=\"wp-block-heading\">EDP Brasil (ENBR3) reduz pr\u00eamio por a\u00e7\u00e3o devido ao pagamento de dividendos<\/h2>\n\n\n\n<ul class=\"wp-block-list\">\n<li>A&nbsp;<strong>EDP<\/strong>&nbsp;Brasil (ENBR3) anunciou nesta ter\u00e7a-feira (11) uma redu\u00e7\u00e3o no pre\u00e7o da&nbsp;<a href=\"https:\/\/www.suno.com.br\/artigos\/oferta-publica-aquisicao\/\" target=\"_blank\" rel=\"noreferrer noopener\">oferta p\u00fablica de aquisi\u00e7\u00e3o<\/a>&nbsp;(OPA) de a\u00e7\u00f5es de R$ 24 para R$ 23,73 por a\u00e7\u00e3o. Segundo o&nbsp;<a href=\"http:\/\/rad.cvm.gov.br\/ENET\/frmExibirArquivoIPEExterno.aspx?NumeroProtocoloEntrega=1085148\" target=\"_blank\" rel=\"noreferrer noopener\">fato relevante da companhia<\/a>, o ajuste deve-se ao&nbsp;<a href=\"https:\/\/www.suno.com.br\/noticias\/edp-brasil-enbr3-803-milhoes-dividendos-jcp\/\" target=\"_blank\" rel=\"noreferrer noopener\">pagamento de dividendos na ordem de R$ 152,5 milh\u00f5es<\/a>.<\/li>\n<\/ul>\n\n\n\n<ul class=\"wp-block-list\">\n<li>A<strong>&nbsp;EDP \u2013 Energias de Portugal<\/strong>, controladora da EDP Brasil, anunciou no come\u00e7o de mar\u00e7o uma oferta p\u00fablica para a aquisi\u00e7\u00e3o de at\u00e9 a totalidade das a\u00e7\u00f5es de emiss\u00e3o da companhia.<\/li>\n<\/ul>\n\n\n\n<ul class=\"wp-block-list\">\n<li>O movimento visa cancelar o registro de companhia aberta na categoria A, converter para categoria B e sair do \u201c<a href=\"https:\/\/www.suno.com.br\/artigos\/novo-mercado\/\" target=\"_blank\" rel=\"noreferrer noopener\">Novo Mercado<\/a>\u201d da&nbsp;<a href=\"https:\/\/www.suno.com.br\/acoes\/B3SA3\/\" target=\"_blank\" rel=\"noreferrer noopener\">B3 (B3SA3)<\/a>.<\/li>\n<\/ul>\n\n\n\n<ul class=\"wp-block-list\">\n<li>O grupo portugu\u00eas de energia disse que o objetivo da opera\u00e7\u00e3o \u00e9 acelerar e refor\u00e7ar a posi\u00e7\u00e3o no Pa\u00eds, \u201cuma vez que o ativo possui um alto valor agregado e estrat\u00e9gico ao neg\u00f3cio, al\u00e9m de ser uma aposta no mercado brasileiro\u201d.<\/li>\n<\/ul>\n\n\n\n<ul class=\"wp-block-list\">\n<li>A<strong>&nbsp;EDP \u2013 Energias de Portugal<\/strong>, controladora da EDP Brasil, anunciou no come\u00e7o de mar\u00e7o uma oferta p\u00fablica para a aquisi\u00e7\u00e3o de at\u00e9 a totalidade das a\u00e7\u00f5es de emiss\u00e3o da companhia.<\/li>\n<\/ul>\n\n\n\n<ul class=\"wp-block-list\">\n<li>O movimento visa cancelar o registro de companhia aberta na categoria A, converter para categoria B e sair do \u201c<a href=\"https:\/\/www.suno.com.br\/artigos\/novo-mercado\/\" target=\"_blank\" rel=\"noreferrer noopener\">Novo Mercado<\/a>\u201d da&nbsp;<a href=\"https:\/\/www.suno.com.br\/acoes\/B3SA3\/\" target=\"_blank\" rel=\"noreferrer noopener\">B3 (B3SA3)<\/a>.<\/li>\n<\/ul>\n\n\n\n<ul class=\"wp-block-list\">\n<li>O grupo portugu\u00eas de energia disse que o objetivo da opera\u00e7\u00e3o \u00e9 acelerar e refor\u00e7ar a posi\u00e7\u00e3o no Pa\u00eds, \u201cuma vez que o ativo possui um alto valor agregado e estrat\u00e9gico ao neg\u00f3cio, al\u00e9m de ser uma aposta no mercado brasileiro\u201d.<\/li>\n<\/ul>\n\n\n\n<h2 class=\"wp-block-heading\">BrasilAgro (AGRO3) fecha venda de fazenda em GO por R$ 417,8 milh\u00f5es<\/h2>\n\n\n\n<ul class=\"wp-block-list\">\n<li>A&nbsp;<strong>BrasilAgro<\/strong>&nbsp;(<a href=\"https:\/\/suno.com.br\/acoes\/agro3\/\" target=\"_blank\" rel=\"noreferrer noopener\">AGRO3<\/a>) realizou a venda da \u00e1rea remanescente da Fazenda Arauc\u00e1ria, localizada em Mineiros (GO). Segundo informa\u00e7\u00f5es divulgadas nesta ter\u00e7a (11), a opera\u00e7\u00e3o foi conclu\u00edda ao pre\u00e7o de R$ 417,8 milh\u00f5es.<a href=\"https:\/\/lp.suno.com.br\/cl\/viva-de-rendimentos\/\" target=\"_blank\" rel=\"noreferrer noopener\"><\/a><\/li>\n<\/ul>\n\n\n\n<ul class=\"wp-block-list\">\n<li>O neg\u00f3cio foi dividido em&nbsp;<strong>duas vendas<\/strong>. A primeira foi de R$ 8,5 milh\u00f5es, referente a 332 hectares de \u00e1rea de baixada. A segunda ficou em R$ 409,3 milh\u00f5es, correspondente a 5,1 mil hectares de \u00e1rea mista (baixada e chapada).<\/li>\n<\/ul>\n\n\n\n<ul class=\"wp-block-list\">\n<li>Em comunicado publicado na&nbsp;<a href=\"https:\/\/www.suno.com.br\/artigos\/cvm\/\" target=\"_blank\" rel=\"noreferrer noopener\">Comiss\u00e3o de Valores Mobili\u00e1rios (CVM)<\/a>, a empresa do&nbsp;<strong>setor agr\u00edcola<\/strong>&nbsp;ressaltou que existem diferen\u00e7as entre essas \u00e1reas.<\/li>\n<\/ul>\n\n\n\n<ul class=\"wp-block-list\">\n<li>\u201cAs \u00e1reas de chapada possuem uma rentabilidade maior, pois s\u00e3o planas e possuem maior percentual de argila em rela\u00e7\u00e3o \u00e0s \u00e1reas de baixada e, portanto, valem mais. J\u00e1 as \u00e1reas de baixada possuem menor percentual de argila e aptid\u00e3o limitada para segunda safra\u201d, explicaram os&nbsp;<strong>gestores da BrasilAgro<\/strong>.<\/li>\n<\/ul>\n\n\n\n<ul class=\"wp-block-list\">\n<li>&#8220;Estas vendas s\u00e3o mais um grande marco para a Companhia, pois encerram o ciclo desta propriedade dentro do nosso portf\u00f3lio, e confirmam a nossa capacidade de gera\u00e7\u00e3o e captura de valor no desenvolvimento de propriedades agr\u00edcolas, otimizando os retornos operacionais e imobili\u00e1rios&#8221;.<\/li>\n<\/ul>\n\n\n\n<h2 class=\"wp-block-heading\">Oi (OIBR3): Justi\u00e7a autoriza financiamento bilion\u00e1rio na segunda recupera\u00e7\u00e3o judicial<\/h2>\n\n\n\n<ul class=\"wp-block-list\">\n<li>A Justi\u00e7a do Rio de Janeiro autorizou a&nbsp;<strong>Oi (<a href=\"https:\/\/suno.com.br\/acoes\/oibr3\/\" target=\"_blank\" rel=\"noreferrer noopener\">OIBR3<\/a>)<\/strong>&nbsp;a fechar um financiamento emergencial na modalidade DIP (<em>debtor-in-possession<\/em>) na cifra de US$ 275 milh\u00f5es, valor superior a R$ 1,3 bilh\u00e3o. Segundo a decis\u00e3o publicada na segunda (10), a empresa j\u00e1 fechou um acordo preliminar com os principais credores e precisar\u00e1 dos recursos desse empr\u00e9stimo para seguir com as suas opera\u00e7\u00f5es.<\/li>\n<\/ul>\n\n\n\n<ul class=\"wp-block-list\">\n<li>\u201cO fechamento desse acordo, que prever\u00e1 novo financiamento, constar\u00e1 futuramente no Plano de&nbsp;<strong>Recupera\u00e7\u00e3o Judicial<\/strong>&nbsp;(PRJ). A companhia necessita garantir o financiamento de suas opera\u00e7\u00f5es at\u00e9 a delibera\u00e7\u00e3o e aprova\u00e7\u00e3o do PRJ\u201d, escreveu o juiz Fernando Viana, da 7\u00aa Vara Empresarial do Rio de Janeiro, na decis\u00e3o.<\/li>\n<\/ul>\n\n\n\n<ul class=\"wp-block-list\">\n<li>De acordo com as informa\u00e7\u00f5es publicadas pelo jornal Valor Econ\u00f4mico, esse acordo pr\u00e9vio com os&nbsp;<strong>credores da Oi<\/strong>&nbsp;tem que ser aprovado em assembleia.<\/li>\n<\/ul>\n\n\n\n<ul class=\"wp-block-list\">\n<li>O financiamento ser\u00e1 dividido em duas parcelas: a primeira de US$ 200 milh\u00f5es, enquanto a segunda incluir\u00e1 os US$ 75 milh\u00f5es restantes.<\/li>\n<\/ul>\n\n\n\n<ul class=\"wp-block-list\">\n<li>Um dos diferenciais dos empr\u00e9stimos via DIP \u00e9 que esse credor \u201cfura a fila\u201d na hora do pagamento das d\u00edvidas. O prazo de vencimento previsto \u00e9 de 15 meses, sendo que a garantia da Oi nesta opera\u00e7\u00e3o \u00e9 a&nbsp;<a href=\"https:\/\/www.suno.com.br\/artigos\/alienacao-fiduciaria\/\" target=\"_blank\" rel=\"noreferrer noopener\">aliena\u00e7\u00e3o fiduci\u00e1ria<\/a>&nbsp;das a\u00e7\u00f5es da empresa na<strong>&nbsp;V.tal<\/strong>.<\/li>\n<\/ul>\n\n\n\n<ul class=\"wp-block-list\">\n<li>No texto, o juiz refor\u00e7ou uma informa\u00e7\u00e3o disponibilizada pela operadora de telecomunica\u00e7\u00f5es de que \u201cainda no m\u00eas de abril, o caixa do&nbsp;<strong>Grupo Oi<\/strong>&nbsp;poder\u00e1 atingir n\u00edvel incompat\u00edvel com a gest\u00e3o respons\u00e1vel de uma empresa desse porte, com poss\u00edvel impacto na manuten\u00e7\u00e3o regular de suas atividades\u201d.<\/li>\n<\/ul>\n\n\n\n<h2 class=\"wp-block-heading\">Carf retira processos bilion\u00e1rios que envolvem Petrobras (PETR4), Vale (VALE3) e Ita\u00fa (ITUB4)<\/h2>\n\n\n\n<ul class=\"wp-block-list\">\n<li>O Conselho Administrativo de Recursos Fiscais (<strong>Carf<\/strong>) retirou da pauta de julgamentos da 3\u00aa Turma da C\u00e2mara Superior pelo menos 65 processos de um total de 236 itens que seriam analisados nesta semana. Entre os processos que n\u00e3o ser\u00e3o julgados, est\u00e3o casos bilion\u00e1rios da&nbsp;<a href=\"https:\/\/www.suno.com.br\/acoes\/PETR4\/\" target=\"_blank\" rel=\"noreferrer noopener\">Petrobras (PETR4)<\/a>,&nbsp;<a href=\"https:\/\/www.suno.com.br\/acoes\/VALE3\/\" target=\"_blank\" rel=\"noreferrer noopener\">Vale (VALE3)<\/a>&nbsp;e&nbsp;<a href=\"https:\/\/www.suno.com.br\/acoes\/ITUB4\/\" target=\"_blank\" rel=\"noreferrer noopener\">Ita\u00fa (ITUB4)<\/a>.<\/li>\n<\/ul>\n\n\n\n<ul class=\"wp-block-list\">\n<li>Ao todo, os&nbsp;<strong>casos retirados do Carf<\/strong>&nbsp;somam mais de R$ 11,98 bilh\u00f5es. A medida foi poss\u00edvel gra\u00e7as \u00e0 Portaria n\u00ba 139, publicada na \u00faltima semana, que permite a retirada de processos durante a vig\u00eancia da Medida Provis\u00f3ria n\u00ba 1.160\/2023, que tem validade at\u00e9 junho deste ano.<\/li>\n<\/ul>\n\n\n\n<ul class=\"wp-block-list\">\n<li>No caso dos processos envolvendo a&nbsp;<strong>Petrobras, Vale e Ita\u00fa<\/strong>, os pedidos de retirada de pauta foram feitos pelos pr\u00f3prios contribuintes. A presidente da 3\u00aa Se\u00e7\u00e3o, conselheira Liziane Angelotti Meira, anunciou no in\u00edcio da sess\u00e3o que o pedido de retirada \u00e9 poss\u00edvel at\u00e9 o momento em que se inicie o julgamento.<\/li>\n<\/ul>\n\n\n\n<h2 class=\"wp-block-heading\">RECR11 distribuir\u00e1 mais de R$ 33 milh\u00f5es em rendimentos; valor por cota \u00e9 turbinado<\/h2>\n\n\n\n<ul class=\"wp-block-list\">\n<li>O fundo imobili\u00e1rio REC Receb\u00edveis Imobili\u00e1rios (<strong>RECR11<\/strong>) aumentou o valor dos proventos que distribuir\u00e1 aos seus cotistas em abril. De acordo com informa\u00e7\u00f5es divulgadas na segunda (10), os&nbsp;<a href=\"https:\/\/www.suno.com.br\/guias\/dividendos\/\" target=\"_blank\" rel=\"noreferrer noopener\">dividendos<\/a>&nbsp;deste m\u00eas ultrapassam a casa dos R$ 33 milh\u00f5es.<\/li>\n<\/ul>\n\n\n\n<ul class=\"wp-block-list\">\n<li>No \u00faltimo relat\u00f3rio gerencial, os gestores do fundo informaram que os&nbsp;<strong>dividendos do RECR11<\/strong>&nbsp;ser\u00e3o de R$ 1,2563 por cota.<\/li>\n\n\n\n<li>\u201cQuando comparado ao valor da cota de fechamento do m\u00eas de mar\u00e7o, no valor de R$ 77,25, representa um&nbsp;<em>dividend yield<\/em>&nbsp;de 1,63% ao m\u00eas, ou a um&nbsp;<em>dividend yield<\/em>&nbsp;anualizado de 19,52%. Ap\u00f3s dedu\u00e7\u00e3o do Imposto de Renda, tributo que incide sobre rendimentos decorrentes de&nbsp;<a href=\"https:\/\/www.suno.com.br\/artigos\/aplicacoes-financeiras\/\" target=\"_blank\" rel=\"noreferrer noopener\">aplica\u00e7\u00f5es financeiras<\/a>, a rentabilidade do m\u00eas passa a equivaler a 163% do CDI l\u00edquido do tributo\u201d, explica o&nbsp;<strong>FII<\/strong>, que pagar\u00e1 esses rendimentos no dia 17 de abril.<\/li>\n<\/ul>\n\n\n\n<ul class=\"wp-block-list\">\n<li>De acordo com o mapeamento do Status Invest, o&nbsp;<strong>fundo imobili\u00e1rio<\/strong>&nbsp;pagou R$ 0,91 por cota em mar\u00e7o\/23. <\/li>\n<\/ul>\n\n\n\n<p>Do\u00a0Carrefour ao RECR11, essas foram as empresas que se destacaram hoje. Para ler todas as mat\u00e9rias\u00a0<strong><a href=\"https:\/\/www.suno.com.br\/noticias\/todos\/\" target=\"_blank\" rel=\"noreferrer noopener\">clique aqui<\/a><\/strong>.<\/p>\n\n\n\n","protected":false},"excerpt":{"rendered":"<p>O&nbsp;Carrefour&nbsp;Brasil (CRFB3) anunciou nesta ter\u00e7a-feira a redu\u00e7\u00e3o do valor da aquisi\u00e7\u00e3o do Grupo BIG em at\u00e9 R$ 1 bilh\u00e3o. O acordo foi feito com os principais vendedores do BIG e realizado em contrapartida \u00e0 quita\u00e7\u00e3o de determinadas obriga\u00e7\u00f5es, que n\u00e3o foram detalhadas pela empresa. Carrefour (CRFB3). Foto: Divulga\u00e7\u00e3o Segundo o&nbsp;fato relevante&nbsp;divulgado pelo Carrefour, o valor [&hellip;]<\/p>\n","protected":false},"author":227,"featured_media":333329,"comment_status":"closed","ping_status":"closed","sticky":false,"template":"","format":"standard","meta":[],"categories":[64],"tags":[106932,105738,405,442,1207,489,519,548,584,595,676],"suno_strategy":[],"class_list":["post-388211","post","type-post","status-publish","format-standard","has-post-thumbnail","hentry","category-negocios","tag-azul-azul4","tag-brasilagro-agro3","tag-carrefour-crfb3","tag-cvc-cvcb3","tag-edp-brasil-enbr3","tag-gol-linhas-aereas-goll11-goll4","tag-itau-unibanco-itub3-itub4","tag-magazine-luiza-mglu3","tag-oi-oibr3-oibr4","tag-petrobras-petr4","tag-vale-vale3"],"yoast_head":"<!-- This site is optimized with the Yoast SEO plugin v24.4 - https:\/\/yoast.com\/wordpress\/plugins\/seo\/ -->\n<title>Radar: Carrefour (CRFB3) reduz pre\u00e7o do BIG em at\u00e9 R$ 1 bi, a\u00e7\u00f5es da Gol (GOLL4) decolam e BrasilAgro (AGRO3) fecha venda milion\u00e1ria de fazenda<\/title>\n<meta name=\"description\" content=\"Carrefour (CRFB3) reduz pre\u00e7o do BIG em at\u00e9 R$ 1 bi, a\u00e7\u00f5es de Gol (GOLL4) disparam no Ibovespa e BrasilAgro vende fazenda em GO por R$ 417 mi\" \/>\n<meta name=\"robots\" content=\"index, follow, max-snippet:-1, max-image-preview:large, max-video-preview:-1\" \/>\n<link rel=\"canonical\" href=\"https:\/\/www.suno.com.br\/noticias\/radar-carrefour-crfb3-gol-goll4-brasilagro-agro3\/\" \/>\n<meta property=\"og:locale\" content=\"pt_BR\" \/>\n<meta property=\"og:type\" content=\"article\" \/>\n<meta property=\"og:title\" content=\"Radar: Carrefour (CRFB3) reduz pre\u00e7o do BIG em at\u00e9 R$ 1 bi, a\u00e7\u00f5es da Gol (GOLL4) decolam e BrasilAgro (AGRO3) fecha venda milion\u00e1ria de fazenda\" \/>\n<meta property=\"og:description\" content=\"Carrefour (CRFB3) reduz pre\u00e7o do BIG em at\u00e9 R$ 1 bi, a\u00e7\u00f5es de Gol (GOLL4) disparam no Ibovespa e BrasilAgro vende fazenda em GO por R$ 417 mi\" \/>\n<meta property=\"og:url\" content=\"https:\/\/www.suno.com.br\/noticias\/radar-carrefour-crfb3-gol-goll4-brasilagro-agro3\/\" \/>\n<meta property=\"og:site_name\" content=\"Suno Not\u00edcias\" \/>\n<meta property=\"article:publisher\" content=\"https:\/\/facebook.com\/sunoresearch\" \/>\n<meta property=\"og:image\" content=\"https:\/\/files.sunoresearch.com.br\/n\/uploads\/2022\/12\/carrefour-crfb3.jpeg\" \/>\n\t<meta property=\"og:image:width\" content=\"1200\" \/>\n\t<meta property=\"og:image:height\" content=\"800\" \/>\n\t<meta property=\"og:image:type\" content=\"image\/jpeg\" \/>\n<meta name=\"author\" content=\"Vanessa Loiola\" \/>\n<meta name=\"twitter:card\" content=\"summary_large_image\" \/>\n<meta name=\"twitter:creator\" content=\"@sunoresearch\" \/>\n<meta name=\"twitter:site\" content=\"@sunoresearch\" \/>\n<meta name=\"twitter:label1\" content=\"Escrito por\" \/>\n\t<meta name=\"twitter:data1\" content=\"Vanessa Loiola\" \/>\n\t<meta name=\"twitter:label2\" content=\"Est. tempo de leitura\" \/>\n\t<meta name=\"twitter:data2\" content=\"10 minutos\" \/>\n<script type=\"application\/ld+json\" class=\"yoast-schema-graph\">{\"@context\":\"https:\/\/schema.org\",\"@graph\":[{\"@type\":\"NewsArticle\",\"@id\":\"https:\/\/www.suno.com.br\/noticias\/radar-carrefour-crfb3-gol-goll4-brasilagro-agro3\/#article\",\"isPartOf\":{\"@id\":\"https:\/\/www.suno.com.br\/noticias\/radar-carrefour-crfb3-gol-goll4-brasilagro-agro3\/\"},\"author\":{\"name\":\"Vanessa Loiola\",\"@id\":\"https:\/\/www.suno.com.br\/noticias\/#\/schema\/person\/450c455ecff319bab1f1a0e643451479\"},\"headline\":\"Radar: Carrefour (CRFB3) reduz pre\u00e7o de aquisi\u00e7\u00e3o do BIG em at\u00e9 R$ 1 bi, a\u00e7\u00f5es da Gol (GOLL4) decolam e BrasilAgro (AGRO3) fecha venda milion\u00e1ria de fazenda\",\"datePublished\":\"2023-04-12T00:40:52+00:00\",\"dateModified\":\"2023-04-12T00:41:04+00:00\",\"mainEntityOfPage\":{\"@id\":\"https:\/\/www.suno.com.br\/noticias\/radar-carrefour-crfb3-gol-goll4-brasilagro-agro3\/\"},\"wordCount\":2045,\"publisher\":{\"@id\":\"https:\/\/www.suno.com.br\/noticias\/#organization\"},\"image\":{\"@id\":\"https:\/\/www.suno.com.br\/noticias\/radar-carrefour-crfb3-gol-goll4-brasilagro-agro3\/#primaryimage\"},\"thumbnailUrl\":\"https:\/\/files.sunoresearch.com.br\/n\/uploads\/2022\/12\/carrefour-crfb3.jpeg\",\"keywords\":[\"Azul (AZUL4)\",\"BrasilAgro (AGRO3)\",\"Carrefour (CRFB3)\",\"CVC (CVCB3)\",\"EDP Brasil (ENBR3)\",\"Gol Linhas A\u00e9reas (GOLL11\/GOLL4)\",\"Ita\u00fa Unibanco (ITUB3\/ITUB4)\",\"Magazine Luiza (MGLU3)\",\"Oi (OIBR3\/OIBR4)\",\"Petrobras (PETR4)\",\"Vale (VALE3)\"],\"articleSection\":[\"Neg\u00f3cios\"],\"inLanguage\":\"pt-BR\"},{\"@type\":\"WebPage\",\"@id\":\"https:\/\/www.suno.com.br\/noticias\/radar-carrefour-crfb3-gol-goll4-brasilagro-agro3\/\",\"url\":\"https:\/\/www.suno.com.br\/noticias\/radar-carrefour-crfb3-gol-goll4-brasilagro-agro3\/\",\"name\":\"Radar: Carrefour (CRFB3) reduz pre\u00e7o do BIG em at\u00e9 R$ 1 bi, a\u00e7\u00f5es da Gol (GOLL4) decolam e BrasilAgro (AGRO3) fecha venda milion\u00e1ria de fazenda\",\"isPartOf\":{\"@id\":\"https:\/\/www.suno.com.br\/noticias\/#website\"},\"primaryImageOfPage\":{\"@id\":\"https:\/\/www.suno.com.br\/noticias\/radar-carrefour-crfb3-gol-goll4-brasilagro-agro3\/#primaryimage\"},\"image\":{\"@id\":\"https:\/\/www.suno.com.br\/noticias\/radar-carrefour-crfb3-gol-goll4-brasilagro-agro3\/#primaryimage\"},\"thumbnailUrl\":\"https:\/\/files.sunoresearch.com.br\/n\/uploads\/2022\/12\/carrefour-crfb3.jpeg\",\"datePublished\":\"2023-04-12T00:40:52+00:00\",\"dateModified\":\"2023-04-12T00:41:04+00:00\",\"description\":\"Carrefour (CRFB3) reduz pre\u00e7o do BIG em at\u00e9 R$ 1 bi, a\u00e7\u00f5es de Gol (GOLL4) disparam no Ibovespa e BrasilAgro vende fazenda em GO por R$ 417 mi\",\"breadcrumb\":{\"@id\":\"https:\/\/www.suno.com.br\/noticias\/radar-carrefour-crfb3-gol-goll4-brasilagro-agro3\/#breadcrumb\"},\"inLanguage\":\"pt-BR\",\"potentialAction\":[{\"@type\":\"ReadAction\",\"target\":[\"https:\/\/www.suno.com.br\/noticias\/radar-carrefour-crfb3-gol-goll4-brasilagro-agro3\/\"]}]},{\"@type\":\"ImageObject\",\"inLanguage\":\"pt-BR\",\"@id\":\"https:\/\/www.suno.com.br\/noticias\/radar-carrefour-crfb3-gol-goll4-brasilagro-agro3\/#primaryimage\",\"url\":\"https:\/\/files.sunoresearch.com.br\/n\/uploads\/2022\/12\/carrefour-crfb3.jpeg\",\"contentUrl\":\"https:\/\/files.sunoresearch.com.br\/n\/uploads\/2022\/12\/carrefour-crfb3.jpeg\",\"width\":1200,\"height\":800,\"caption\":\"Carrefour (CRFB3). Foto: Divulga\u00e7\u00e3o\"},{\"@type\":\"BreadcrumbList\",\"@id\":\"https:\/\/www.suno.com.br\/noticias\/radar-carrefour-crfb3-gol-goll4-brasilagro-agro3\/#breadcrumb\",\"itemListElement\":[{\"@type\":\"ListItem\",\"position\":1,\"name\":\"Not\u00edcias\",\"item\":\"https:\/\/www.suno.com.br\/noticias\/\"},{\"@type\":\"ListItem\",\"position\":2,\"name\":\"Neg\u00f3cios\",\"item\":\"https:\/\/www.suno.com.br\/noticias\/negocios\/\"},{\"@type\":\"ListItem\",\"position\":3,\"name\":\"Radar: Carrefour (CRFB3) reduz pre\u00e7o de aquisi\u00e7\u00e3o do BIG em at\u00e9 R$ 1 bi, a\u00e7\u00f5es da Gol (GOLL4) decolam e BrasilAgro (AGRO3) fecha venda milion\u00e1ria de fazenda\"}]},{\"@type\":\"WebSite\",\"@id\":\"https:\/\/www.suno.com.br\/noticias\/#website\",\"url\":\"https:\/\/www.suno.com.br\/noticias\/\",\"name\":\"Suno Not\u00edcias\",\"description\":\"Seu portal de informa\u00e7\u00e3o sobre o mundo dos investimentos\",\"publisher\":{\"@id\":\"https:\/\/www.suno.com.br\/noticias\/#organization\"},\"potentialAction\":[{\"@type\":\"SearchAction\",\"target\":{\"@type\":\"EntryPoint\",\"urlTemplate\":\"https:\/\/www.suno.com.br\/noticias\/?s={search_term_string}\"},\"query-input\":{\"@type\":\"PropertyValueSpecification\",\"valueRequired\":true,\"valueName\":\"search_term_string\"}}],\"inLanguage\":\"pt-BR\"},{\"@type\":\"Organization\",\"@id\":\"https:\/\/www.suno.com.br\/noticias\/#organization\",\"name\":\"Suno Not\u00edcias\",\"url\":\"https:\/\/www.suno.com.br\/noticias\/\",\"logo\":{\"@type\":\"ImageObject\",\"inLanguage\":\"pt-BR\",\"@id\":\"https:\/\/www.suno.com.br\/noticias\/#\/schema\/logo\/image\/\",\"url\":\"https:\/\/files.sunoresearch.com.br\/n\/uploads\/2021\/09\/suno-logo.png\",\"contentUrl\":\"https:\/\/files.sunoresearch.com.br\/n\/uploads\/2021\/09\/suno-logo.png\",\"width\":180,\"height\":180,\"caption\":\"Suno Not\u00edcias\"},\"image\":{\"@id\":\"https:\/\/www.suno.com.br\/noticias\/#\/schema\/logo\/image\/\"},\"sameAs\":[\"https:\/\/facebook.com\/sunoresearch\",\"https:\/\/x.com\/sunoresearch\",\"https:\/\/www.instagram.com\/suno\",\"https:\/\/www.linkedin.com\/company\/suno-research\/\",\"https:\/\/www.youtube.com\/c\/sunoresearch\"]},{\"@type\":\"Person\",\"@id\":\"https:\/\/www.suno.com.br\/noticias\/#\/schema\/person\/450c455ecff319bab1f1a0e643451479\",\"name\":\"Vanessa Loiola\",\"image\":{\"@type\":\"ImageObject\",\"inLanguage\":\"pt-BR\",\"@id\":\"https:\/\/www.suno.com.br\/noticias\/#\/schema\/person\/image\/\",\"url\":\"https:\/\/secure.gravatar.com\/avatar\/8b41117f9780831919eb38da349c3f20?s=96&r=g\",\"contentUrl\":\"https:\/\/secure.gravatar.com\/avatar\/8b41117f9780831919eb38da349c3f20?s=96&r=g\",\"caption\":\"Vanessa Loiola\"},\"description\":\"Jornalista formada pela PUC-SP, com experi\u00eancia na cobertura das editorias de economia, finan\u00e7as, bolsa de valores, pol\u00edtica, energia solar e entretenimento. Com passagem pela BM&amp;C News e RedeTV!\",\"url\":\"https:\/\/www.suno.com.br\/noticias\/author\/vanessal-loiolagmail-com\/\"}]}<\/script>\n<!-- \/ Yoast SEO plugin. -->","yoast_head_json":{"title":"Radar: Carrefour (CRFB3) reduz pre\u00e7o do BIG em at\u00e9 R$ 1 bi, a\u00e7\u00f5es da Gol (GOLL4) decolam e BrasilAgro (AGRO3) fecha venda milion\u00e1ria de fazenda","description":"Carrefour (CRFB3) reduz pre\u00e7o do BIG em at\u00e9 R$ 1 bi, a\u00e7\u00f5es de Gol (GOLL4) disparam no Ibovespa e BrasilAgro vende fazenda em GO por R$ 417 mi","robots":{"index":"index","follow":"follow","max-snippet":"max-snippet:-1","max-image-preview":"max-image-preview:large","max-video-preview":"max-video-preview:-1"},"canonical":"https:\/\/www.suno.com.br\/noticias\/radar-carrefour-crfb3-gol-goll4-brasilagro-agro3\/","og_locale":"pt_BR","og_type":"article","og_title":"Radar: Carrefour (CRFB3) reduz pre\u00e7o do BIG em at\u00e9 R$ 1 bi, a\u00e7\u00f5es da Gol (GOLL4) decolam e BrasilAgro (AGRO3) fecha venda milion\u00e1ria de fazenda","og_description":"Carrefour (CRFB3) reduz pre\u00e7o do BIG em at\u00e9 R$ 1 bi, a\u00e7\u00f5es de Gol (GOLL4) disparam no Ibovespa e BrasilAgro vende fazenda em GO por R$ 417 mi","og_url":"https:\/\/www.suno.com.br\/noticias\/radar-carrefour-crfb3-gol-goll4-brasilagro-agro3\/","og_site_name":"Suno Not\u00edcias","article_publisher":"https:\/\/facebook.com\/sunoresearch","og_image":[{"width":1200,"height":800,"url":"https:\/\/files.sunoresearch.com.br\/n\/uploads\/2022\/12\/carrefour-crfb3.jpeg","type":"image\/jpeg"}],"author":"Vanessa Loiola","twitter_card":"summary_large_image","twitter_creator":"@sunoresearch","twitter_site":"@sunoresearch","twitter_misc":{"Escrito por":"Vanessa Loiola","Est. tempo de leitura":"10 minutos"},"schema":{"@context":"https:\/\/schema.org","@graph":[{"@type":"NewsArticle","@id":"https:\/\/www.suno.com.br\/noticias\/radar-carrefour-crfb3-gol-goll4-brasilagro-agro3\/#article","isPartOf":{"@id":"https:\/\/www.suno.com.br\/noticias\/radar-carrefour-crfb3-gol-goll4-brasilagro-agro3\/"},"author":{"name":"Vanessa Loiola","@id":"https:\/\/www.suno.com.br\/noticias\/#\/schema\/person\/450c455ecff319bab1f1a0e643451479"},"headline":"Radar: Carrefour (CRFB3) reduz pre\u00e7o de aquisi\u00e7\u00e3o do BIG em at\u00e9 R$ 1 bi, a\u00e7\u00f5es da Gol (GOLL4) decolam e BrasilAgro (AGRO3) fecha venda milion\u00e1ria de fazenda","datePublished":"2023-04-12T00:40:52+00:00","dateModified":"2023-04-12T00:41:04+00:00","mainEntityOfPage":{"@id":"https:\/\/www.suno.com.br\/noticias\/radar-carrefour-crfb3-gol-goll4-brasilagro-agro3\/"},"wordCount":2045,"publisher":{"@id":"https:\/\/www.suno.com.br\/noticias\/#organization"},"image":{"@id":"https:\/\/www.suno.com.br\/noticias\/radar-carrefour-crfb3-gol-goll4-brasilagro-agro3\/#primaryimage"},"thumbnailUrl":"https:\/\/files.sunoresearch.com.br\/n\/uploads\/2022\/12\/carrefour-crfb3.jpeg","keywords":["Azul (AZUL4)","BrasilAgro (AGRO3)","Carrefour (CRFB3)","CVC (CVCB3)","EDP Brasil (ENBR3)","Gol Linhas A\u00e9reas (GOLL11\/GOLL4)","Ita\u00fa Unibanco (ITUB3\/ITUB4)","Magazine Luiza (MGLU3)","Oi (OIBR3\/OIBR4)","Petrobras (PETR4)","Vale (VALE3)"],"articleSection":["Neg\u00f3cios"],"inLanguage":"pt-BR"},{"@type":"WebPage","@id":"https:\/\/www.suno.com.br\/noticias\/radar-carrefour-crfb3-gol-goll4-brasilagro-agro3\/","url":"https:\/\/www.suno.com.br\/noticias\/radar-carrefour-crfb3-gol-goll4-brasilagro-agro3\/","name":"Radar: Carrefour (CRFB3) reduz pre\u00e7o do BIG em at\u00e9 R$ 1 bi, a\u00e7\u00f5es da Gol (GOLL4) decolam e BrasilAgro (AGRO3) fecha venda milion\u00e1ria de fazenda","isPartOf":{"@id":"https:\/\/www.suno.com.br\/noticias\/#website"},"primaryImageOfPage":{"@id":"https:\/\/www.suno.com.br\/noticias\/radar-carrefour-crfb3-gol-goll4-brasilagro-agro3\/#primaryimage"},"image":{"@id":"https:\/\/www.suno.com.br\/noticias\/radar-carrefour-crfb3-gol-goll4-brasilagro-agro3\/#primaryimage"},"thumbnailUrl":"https:\/\/files.sunoresearch.com.br\/n\/uploads\/2022\/12\/carrefour-crfb3.jpeg","datePublished":"2023-04-12T00:40:52+00:00","dateModified":"2023-04-12T00:41:04+00:00","description":"Carrefour (CRFB3) reduz pre\u00e7o do BIG em at\u00e9 R$ 1 bi, a\u00e7\u00f5es de Gol (GOLL4) disparam no Ibovespa e BrasilAgro vende fazenda em GO por R$ 417 mi","breadcrumb":{"@id":"https:\/\/www.suno.com.br\/noticias\/radar-carrefour-crfb3-gol-goll4-brasilagro-agro3\/#breadcrumb"},"inLanguage":"pt-BR","potentialAction":[{"@type":"ReadAction","target":["https:\/\/www.suno.com.br\/noticias\/radar-carrefour-crfb3-gol-goll4-brasilagro-agro3\/"]}]},{"@type":"ImageObject","inLanguage":"pt-BR","@id":"https:\/\/www.suno.com.br\/noticias\/radar-carrefour-crfb3-gol-goll4-brasilagro-agro3\/#primaryimage","url":"https:\/\/files.sunoresearch.com.br\/n\/uploads\/2022\/12\/carrefour-crfb3.jpeg","contentUrl":"https:\/\/files.sunoresearch.com.br\/n\/uploads\/2022\/12\/carrefour-crfb3.jpeg","width":1200,"height":800,"caption":"Carrefour (CRFB3). Foto: Divulga\u00e7\u00e3o"},{"@type":"BreadcrumbList","@id":"https:\/\/www.suno.com.br\/noticias\/radar-carrefour-crfb3-gol-goll4-brasilagro-agro3\/#breadcrumb","itemListElement":[{"@type":"ListItem","position":1,"name":"Not\u00edcias","item":"https:\/\/www.suno.com.br\/noticias\/"},{"@type":"ListItem","position":2,"name":"Neg\u00f3cios","item":"https:\/\/www.suno.com.br\/noticias\/negocios\/"},{"@type":"ListItem","position":3,"name":"Radar: Carrefour (CRFB3) reduz pre\u00e7o de aquisi\u00e7\u00e3o do BIG em at\u00e9 R$ 1 bi, a\u00e7\u00f5es da Gol (GOLL4) decolam e BrasilAgro (AGRO3) fecha venda milion\u00e1ria de fazenda"}]},{"@type":"WebSite","@id":"https:\/\/www.suno.com.br\/noticias\/#website","url":"https:\/\/www.suno.com.br\/noticias\/","name":"Suno Not\u00edcias","description":"Seu portal de informa\u00e7\u00e3o sobre o mundo dos investimentos","publisher":{"@id":"https:\/\/www.suno.com.br\/noticias\/#organization"},"potentialAction":[{"@type":"SearchAction","target":{"@type":"EntryPoint","urlTemplate":"https:\/\/www.suno.com.br\/noticias\/?s={search_term_string}"},"query-input":{"@type":"PropertyValueSpecification","valueRequired":true,"valueName":"search_term_string"}}],"inLanguage":"pt-BR"},{"@type":"Organization","@id":"https:\/\/www.suno.com.br\/noticias\/#organization","name":"Suno Not\u00edcias","url":"https:\/\/www.suno.com.br\/noticias\/","logo":{"@type":"ImageObject","inLanguage":"pt-BR","@id":"https:\/\/www.suno.com.br\/noticias\/#\/schema\/logo\/image\/","url":"https:\/\/files.sunoresearch.com.br\/n\/uploads\/2021\/09\/suno-logo.png","contentUrl":"https:\/\/files.sunoresearch.com.br\/n\/uploads\/2021\/09\/suno-logo.png","width":180,"height":180,"caption":"Suno Not\u00edcias"},"image":{"@id":"https:\/\/www.suno.com.br\/noticias\/#\/schema\/logo\/image\/"},"sameAs":["https:\/\/facebook.com\/sunoresearch","https:\/\/x.com\/sunoresearch","https:\/\/www.instagram.com\/suno","https:\/\/www.linkedin.com\/company\/suno-research\/","https:\/\/www.youtube.com\/c\/sunoresearch"]},{"@type":"Person","@id":"https:\/\/www.suno.com.br\/noticias\/#\/schema\/person\/450c455ecff319bab1f1a0e643451479","name":"Vanessa Loiola","image":{"@type":"ImageObject","inLanguage":"pt-BR","@id":"https:\/\/www.suno.com.br\/noticias\/#\/schema\/person\/image\/","url":"https:\/\/secure.gravatar.com\/avatar\/8b41117f9780831919eb38da349c3f20?s=96&r=g","contentUrl":"https:\/\/secure.gravatar.com\/avatar\/8b41117f9780831919eb38da349c3f20?s=96&r=g","caption":"Vanessa Loiola"},"description":"Jornalista formada pela PUC-SP, com experi\u00eancia na cobertura das editorias de economia, finan\u00e7as, bolsa de valores, pol\u00edtica, energia solar e entretenimento. Com passagem pela BM&amp;C News e RedeTV!","url":"https:\/\/www.suno.com.br\/noticias\/author\/vanessal-loiolagmail-com\/"}]}},"default_loop_html":"<div class=\"cardsPage__listCard__boxs\"><div class=\"cardsPage__listCard__boxs__img\"><a href=\"https:\/\/www.suno.com.br\/noticias\/radar-carrefour-crfb3-gol-goll4-brasilagro-agro3\/\"><img class=\"mask\" src=\"https:\/\/www.suno.com.br\/noticias\/wp-content\/themes\/suno\/resources\/images\/spotlight\/spotlight1img\/bg-mask.png\" alt=\"Image Mask\"\/><img src=\"https:\/\/files.sunoresearch.com.br\/n\/uploads\/2022\/12\/carrefour-crfb3-400x200.jpeg\" alt=\"Radar: Carrefour (CRFB3) reduz pre\u00e7o de aquisi\u00e7\u00e3o do BIG em at\u00e9 R$ 1 bi, a\u00e7\u00f5es da Gol (GOLL4) decolam e BrasilAgro (AGRO3) fecha venda milion\u00e1ria de fazenda\"\/><\/a><span class=\"spotlightCategory\"><a href=\"https:\/\/www.suno.com.br\/noticias\/negocios\/\">Neg\u00f3cios<\/a><\/span><\/div><div class=\"cardsPage__listCard__boxs__content\"><a href=\"https:\/\/www.suno.com.br\/noticias\/radar-carrefour-crfb3-gol-goll4-brasilagro-agro3\/\"><h2 class=\"content__title\">Radar: Carrefour (CRFB3) reduz pre\u00e7o de aquisi\u00e7\u00e3o do BIG em at\u00e9 R$ 1 bi, a\u00e7\u00f5es da Gol (GOLL4) decolam e BrasilAgro (AGRO3) fecha venda milion\u00e1ria de fazenda<\/h2><\/a><div class=\"newsContent__article__meta\"><div class=\"newsContent__article__meta__authorBox\"><a href=\"https:\/\/www.suno.com.br\/noticias\/author\/vanessal-loiolagmail-com\/\" class=\"authorBox__avatar noMobi\"><img src=\"https:\/\/secure.gravatar.com\/avatar\/8b41117f9780831919eb38da349c3f20?s=96&#038;r=g\" alt=\"Vanessa Loiola\"><\/a><div class=\"authorBox__name\"><span>por\n\t\t\t<a href=\"https:\/\/www.suno.com.br\/noticias\/author\/vanessal-loiolagmail-com\/\"><span itemprop=\"author\">Vanessa Loiola<\/span><\/a><\/span><time datetime=\"2023-04-11T21:40:52-03:00\" itemprop=\"datePublished\">11\/04\/2023 21:40<\/time><\/div><\/div><\/div><\/div><\/div>","single_layout":"posts","amp_enabled":true,"_links":{"self":[{"href":"https:\/\/www.suno.com.br\/noticias\/wp-json\/wp\/v2\/posts\/388211"}],"collection":[{"href":"https:\/\/www.suno.com.br\/noticias\/wp-json\/wp\/v2\/posts"}],"about":[{"href":"https:\/\/www.suno.com.br\/noticias\/wp-json\/wp\/v2\/types\/post"}],"author":[{"embeddable":true,"href":"https:\/\/www.suno.com.br\/noticias\/wp-json\/wp\/v2\/users\/227"}],"replies":[{"embeddable":true,"href":"https:\/\/www.suno.com.br\/noticias\/wp-json\/wp\/v2\/comments?post=388211"}],"version-history":[{"count":2,"href":"https:\/\/www.suno.com.br\/noticias\/wp-json\/wp\/v2\/posts\/388211\/revisions"}],"predecessor-version":[{"id":388271,"href":"https:\/\/www.suno.com.br\/noticias\/wp-json\/wp\/v2\/posts\/388211\/revisions\/388271"}],"wp:featuredmedia":[{"embeddable":true,"href":"https:\/\/www.suno.com.br\/noticias\/wp-json\/wp\/v2\/media\/333329"}],"wp:attachment":[{"href":"https:\/\/www.suno.com.br\/noticias\/wp-json\/wp\/v2\/media?parent=388211"}],"wp:term":[{"taxonomy":"category","embeddable":true,"href":"https:\/\/www.suno.com.br\/noticias\/wp-json\/wp\/v2\/categories?post=388211"},{"taxonomy":"post_tag","embeddable":true,"href":"https:\/\/www.suno.com.br\/noticias\/wp-json\/wp\/v2\/tags?post=388211"},{"taxonomy":"suno_strategy","embeddable":true,"href":"https:\/\/www.suno.com.br\/noticias\/wp-json\/wp\/v2\/suno_strategy?post=388211"}],"curies":[{"name":"wp","href":"https:\/\/api.w.org\/{rel}","templated":true}]}}