{"id":38820,"date":"2019-09-25T11:22:10","date_gmt":"2019-09-25T14:22:10","guid":{"rendered":"https:\/\/www.suno.com.br\/noticias\/?p=38820"},"modified":"2019-09-25T11:22:10","modified_gmt":"2019-09-25T14:22:10","slug":"eztec-precifica-acoes-em-follow-on","status":"publish","type":"post","link":"https:\/\/www.suno.com.br\/noticias\/eztec-precifica-acoes-em-follow-on\/","title":{"rendered":"Eztec precifica a\u00e7\u00f5es em follow-on; liquida\u00e7\u00e3o ser\u00e1 na pr\u00f3xima sexta-feira"},"content":{"rendered":"<p>O <a href=\"https:\/\/www.suno.com.br\/artigos\/conselho-administracao\/\">Conselho de Administra\u00e7\u00e3o<\/a> da Eztec (<strong>EZTC3<\/strong>), companhia do segmento de constru\u00e7\u00e3o e engenharia, aprovou a precifica\u00e7\u00e3o das suas novas a\u00e7\u00f5es. As 27 milh\u00f5es de <a href=\"https:\/\/www.suno.com.br\/artigos\/o-que-sao-acoes-ordinarias-preferenciais-e-units\/\">a\u00e7\u00f5es ordin\u00e1rias<\/a> foram precificados em R$ 36,25, segundo o <a href=\"https:\/\/www.suno.com.br\/artigos\/fato-relevante\/\">fato relevante<\/a> divulgado.<\/p>\t<div class=\"wrapper-featured-image\">\n\t\t<figure class=\"spotlightImg\">\n\n\t\t\t<picture>\n\t\t\t\t<source media=\"(max-width: 768px)\" srcset=\"https:\/\/files.sunoresearch.com.br\/n\/uploads\/2019\/09\/afdcdc3e-eztec-400x200.webp\">\n\t\t\t\t<img loading=\"lazy\" decoding=\"async\" class=\"newsContent__article__imgCapa lazyloadDisabled newsContent__article__imgCapa--noCaption\" src=\"https:\/\/files.sunoresearch.com.br\/n\/uploads\/2019\/09\/afdcdc3e-eztec-800x450.webp\" width=\"800\" height=\"450\" alt=\"Eztec precifica a\u00e7\u00f5es em follow-on; liquida\u00e7\u00e3o ser\u00e1 na pr\u00f3xima sexta-feira\" fetchpriority=high \/>\n\t\t\t<\/picture>\n\n\t\t\t<figcaption class=\"wp-caption-text wp-caption-text--hide\">Eztec (foto: divulga\u00e7\u00e3o)<\/figcaption>\n\t\t<\/figure>\n\t<\/div>\n\n\n\n<p>Ap\u00f3s a <a href=\"https:\/\/www.suno.com.br\/artigos\/follow-on\/\">oferta subsequente de a\u00e7\u00f5es (follow-on)<\/a>, a <strong>Eztec<\/strong> aumentou seu capital social de R$ 1,91 bilh\u00e3o, separados em 200 milh\u00f5es de pap\u00e9is, para R$ 2,88 bilh\u00f5es, agora em 227 milh\u00f5es de a\u00e7\u00f5es.<\/p>\n<p><a href=\"https:\/\/www.suno.com.br\/noticias\/brasil-investimento-juros-baixos-grau-investimento\/\">Veja tamb\u00e9m: Juros baixos n\u00e3o s\u00e3o \u2018gatilhos\u2019 para Brasil retornar ao grau de investimento, diz Moody\u2019s<\/a><\/p>\n<p>Segundo a <strong>Eztec<\/strong>, a capta\u00e7\u00e3o dos recursos tem por objetivo os seguintes fatores:<\/p>\n<ul>\n<li>expans\u00e3o dos neg\u00f3cios<\/li>\n<li>aquisi\u00e7\u00e3o de terrenos para novas incorpora\u00e7\u00f5es<\/li>\n<li>participa\u00e7\u00e3o em novos projetos<\/li>\n<\/ul>\n<p>A opera\u00e7\u00e3o, que foi coordenada pelos bancos <strong>BTG Pactual<\/strong> (BPAC11) e <strong>Ita\u00fa BBA<\/strong> (ITUB3; ITUB4), acrescentou novas 7 milh\u00f5es de a\u00e7\u00f5es. A<span style=\"font-size: 1.21429rem;\"> liquida\u00e7\u00e3o da oferta ocorrer\u00e1 na pr\u00f3xima sexta-feira (27).<\/span><\/p>\n<h2>Pre\u00e7o m\u00e9dio de venda de im\u00f3veis comerciais recua<\/h2>\n<p>Segundo o \u00cdndice FipeZap, o pre\u00e7o m\u00e9dio de venda de salas e outros im\u00f3veis comerciais no Brasil recuou aproximadamente em 3% em 12 meses. A infla\u00e7\u00e3o medida pelo <a href=\"https:\/\/www.suno.com.br\/artigos\/ipca\/\">\u00cdndice de Pre\u00e7os ao Consumidor<\/a> <strong>(IPCA)<\/strong> neste per\u00edodo \u00e9 de 3,43%.<\/p>\n\t<p>\n\t\t<a href=\"https:\/\/lp2.suno.com.br\/pv\/bolsa-para-iniciantes?utm_campaign=_SNC757A2733_rs.mpr26---meu-primeiro-rendimento---venda---not\u00edcias&#038;utm_source=suno-not\u00edcias&#038;utm_medium=banner.noticias\" target=\"_blank\" data-element=\"shortcode-suno-banner\" title=\"Banner SUNO, clique e saiba mais\">\n\t\t\t<picture>\n\t\t\t\t<source media=\"(max-width: 500px)\" srcset=\"https:\/\/files.sunoresearch.com.br\/n\/uploads\/2026\/04\/400x300-Banner-Materias-01-png.webp\">\n\t\t\t\t<img class=\"newsContent__article__imgCapa newsContent__article__imgCapa--banner\"\n\t\t\t\t\tsrc=\"https:\/\/files.sunoresearch.com.br\/n\/uploads\/2026\/04\/1420x240-Banner-Materias-01-png.webp\"\n\t\t\t\t\tdata-promo-id=\"647482\"\t\t\t\t\t\t\t\t\t\twidth='1420' height='240'\t\t\t\t\talt=\"https:\/\/files.sunoresearch.com.br\/n\/uploads\/2026\/04\/1420x240-Banner-Materias-01-png.webp\"\n\t\t\t\t>\n\t\t\t<\/picture>\n\t\t<\/a>\n\t<\/p>\n\n\n<p>No m\u00eas passado, o pre\u00e7o m\u00e9dio de <strong>im\u00f3veis<\/strong> <strong>comerciais<\/strong> teve queda de 0,45%, enquanto a <a href=\"https:\/\/www.suno.com.br\/artigos\/inflacao-em-2019\/\">infla\u00e7\u00e3o<\/a> cresceu 0,11%. A \u00fanica cidade monitorada que registrou crescimento no m\u00eas em quest\u00e3o foi Bras\u00edlia, com 0,13%.<\/p>\n<p>O valor m\u00e9dio do metro quadrado de <strong>im\u00f3veis<\/strong> comerciais nas cidades monitoradas pelo \u00edndice foi R$ 8,812\/m\u00b2. Sendo assim, o Rio de Janeiro registrou o maior pre\u00e7o em agosto, sendo R$ 10,082\/m\u00b2.<\/p>\n<h2>Eztec reporta melhores resultados<\/h2>\n<p>No segundo trimestre deste ano, a <strong>Eztec<\/strong> apresentou um <a href=\"https:\/\/www.suno.com.br\/artigos\/lucro-liquido\/\">lucro l\u00edquido<\/a> de R$ 95 milh\u00f5es, frente a R$ 17 milh\u00f5es reportados no primeiro trimestre de 2019.<\/p>\n<p>A <a href=\"https:\/\/www.suno.com.br\/artigos\/o-que-receita-liquida\/\">receita l\u00edquida<\/a> da construtora foi de R$ 162 milh\u00f5es, um pouco acima de R$ 146 milh\u00f5es apresentados nos tr\u00eas primeiros meses deste ano.<\/p>\n<p><a href=\"https:\/\/www.suno.com.br\/noticias\/att-nao-tem-planos-para-comprar-a-oi-diz-jornal\/\">Confira: AT&amp;T n\u00e3o tem planos para comprar a Oi, diz jornal<\/a><\/p>\n<p>Na \u00faltima ter\u00e7a-feira (24), ap\u00f3s o fechamento do preg\u00e3o na <a href=\"https:\/\/www.suno.com.br\/artigos\/b3\/\">Bolsa de Valores de S\u00e3o Paulo<\/a>, as a\u00e7\u00f5es ordin\u00e1rias da <strong>Eztec<\/strong> apresentaram leve alta de 0,24%, sendo negociadas a R$ 37,53. Nos \u00faltimos 12 meses, a empresa viu seus pap\u00e9is valorizarem 172,15%.<\/p>\n","protected":false},"excerpt":{"rendered":"<p>O Conselho de Administra\u00e7\u00e3o da Eztec (EZTC3), companhia do segmento de constru\u00e7\u00e3o e engenharia, aprovou a precifica\u00e7\u00e3o das suas novas a\u00e7\u00f5es. As 27 milh\u00f5es de a\u00e7\u00f5es ordin\u00e1rias foram precificados em R$ 36,25, segundo o fato relevante divulgado. Eztec (foto: divulga\u00e7\u00e3o) Ap\u00f3s a oferta subsequente de a\u00e7\u00f5es (follow-on), a Eztec aumentou seu capital social de R$ [&hellip;]<\/p>\n","protected":false},"author":24,"featured_media":38824,"comment_status":"closed","ping_status":"closed","sticky":false,"template":"","format":"standard","meta":[],"categories":[64],"tags":[473,1436,1607],"suno_strategy":[],"class_list":["post-38820","post","type-post","status-publish","format-standard","has-post-thumbnail","hentry","category-negocios","tag-eztec-eztc3","tag-follow-on-oferta-subsequente-de-acoes","tag-resultado-das-empresas"],"yoast_head":"<!-- This site is optimized with the Yoast SEO plugin v24.4 - https:\/\/yoast.com\/wordpress\/plugins\/seo\/ -->\n<title>Eztec precifica a\u00e7\u00f5es em follow-on; liquida\u00e7\u00e3o ser\u00e1 na pr\u00f3xima sexta-feira<\/title>\n<meta name=\"description\" content=\"O Conselho de Administra\u00e7\u00e3o da Eztec aprovou a precifica\u00e7\u00e3o das suas novas a\u00e7\u00f5es de seu follow-on. Clique aqui e saiba mais.\" \/>\n<meta name=\"robots\" content=\"index, follow, max-snippet:-1, max-image-preview:large, max-video-preview:-1\" \/>\n<link rel=\"canonical\" href=\"https:\/\/www.suno.com.br\/noticias\/eztec-precifica-acoes-em-follow-on\/\" \/>\n<meta property=\"og:locale\" content=\"pt_BR\" \/>\n<meta property=\"og:type\" content=\"article\" \/>\n<meta property=\"og:title\" content=\"Eztec precifica a\u00e7\u00f5es em follow-on; liquida\u00e7\u00e3o ser\u00e1 na pr\u00f3xima sexta-feira\" \/>\n<meta property=\"og:description\" content=\"O Conselho de Administra\u00e7\u00e3o da Eztec aprovou a precifica\u00e7\u00e3o das suas novas a\u00e7\u00f5es de seu follow-on. Clique aqui e saiba mais.\" \/>\n<meta property=\"og:url\" content=\"https:\/\/www.suno.com.br\/noticias\/eztec-precifica-acoes-em-follow-on\/\" \/>\n<meta property=\"og:site_name\" content=\"Suno Not\u00edcias\" \/>\n<meta property=\"article:publisher\" content=\"https:\/\/facebook.com\/sunoresearch\" \/>\n<meta property=\"og:image\" content=\"https:\/\/files.sunoresearch.com.br\/n\/uploads\/2019\/09\/afdcdc3e-eztec.jpg\" \/>\n\t<meta property=\"og:image:width\" content=\"1280\" \/>\n\t<meta property=\"og:image:height\" content=\"750\" \/>\n\t<meta property=\"og:image:type\" content=\"image\/jpeg\" \/>\n<meta name=\"author\" content=\"Jader Lazarini\" \/>\n<meta name=\"twitter:card\" content=\"summary_large_image\" \/>\n<meta name=\"twitter:creator\" content=\"@sunoresearch\" \/>\n<meta name=\"twitter:site\" content=\"@sunoresearch\" \/>\n<meta name=\"twitter:label1\" content=\"Escrito por\" \/>\n\t<meta name=\"twitter:data1\" content=\"Jader Lazarini\" \/>\n\t<meta name=\"twitter:label2\" content=\"Est. tempo de leitura\" \/>\n\t<meta name=\"twitter:data2\" content=\"2 minutos\" \/>\n<script type=\"application\/ld+json\" class=\"yoast-schema-graph\">{\"@context\":\"https:\/\/schema.org\",\"@graph\":[{\"@type\":\"NewsArticle\",\"@id\":\"https:\/\/www.suno.com.br\/noticias\/eztec-precifica-acoes-em-follow-on\/#article\",\"isPartOf\":{\"@id\":\"https:\/\/www.suno.com.br\/noticias\/eztec-precifica-acoes-em-follow-on\/\"},\"author\":{\"name\":\"Jader Lazarini\",\"@id\":\"https:\/\/www.suno.com.br\/noticias\/#\/schema\/person\/918d79de1f0281f01599b93f9ea6e23f\"},\"headline\":\"Eztec precifica a\u00e7\u00f5es em follow-on; liquida\u00e7\u00e3o ser\u00e1 na pr\u00f3xima sexta-feira\",\"datePublished\":\"2019-09-25T14:22:10+00:00\",\"mainEntityOfPage\":{\"@id\":\"https:\/\/www.suno.com.br\/noticias\/eztec-precifica-acoes-em-follow-on\/\"},\"wordCount\":421,\"publisher\":{\"@id\":\"https:\/\/www.suno.com.br\/noticias\/#organization\"},\"image\":{\"@id\":\"https:\/\/www.suno.com.br\/noticias\/eztec-precifica-acoes-em-follow-on\/#primaryimage\"},\"thumbnailUrl\":\"https:\/\/files.sunoresearch.com.br\/n\/uploads\/2019\/09\/afdcdc3e-eztec.jpg\",\"keywords\":[\"Eztec (EZTC3)\",\"Follow-on (Oferta Subsequente de A\u00e7\u00f5es)\",\"Resultado das empresas\"],\"articleSection\":[\"Neg\u00f3cios\"],\"inLanguage\":\"pt-BR\"},{\"@type\":\"WebPage\",\"@id\":\"https:\/\/www.suno.com.br\/noticias\/eztec-precifica-acoes-em-follow-on\/\",\"url\":\"https:\/\/www.suno.com.br\/noticias\/eztec-precifica-acoes-em-follow-on\/\",\"name\":\"Eztec precifica a\u00e7\u00f5es em follow-on; liquida\u00e7\u00e3o ser\u00e1 na pr\u00f3xima sexta-feira\",\"isPartOf\":{\"@id\":\"https:\/\/www.suno.com.br\/noticias\/#website\"},\"primaryImageOfPage\":{\"@id\":\"https:\/\/www.suno.com.br\/noticias\/eztec-precifica-acoes-em-follow-on\/#primaryimage\"},\"image\":{\"@id\":\"https:\/\/www.suno.com.br\/noticias\/eztec-precifica-acoes-em-follow-on\/#primaryimage\"},\"thumbnailUrl\":\"https:\/\/files.sunoresearch.com.br\/n\/uploads\/2019\/09\/afdcdc3e-eztec.jpg\",\"datePublished\":\"2019-09-25T14:22:10+00:00\",\"description\":\"O Conselho de Administra\u00e7\u00e3o da Eztec aprovou a precifica\u00e7\u00e3o das suas novas a\u00e7\u00f5es de seu follow-on. Clique aqui e saiba mais.\",\"breadcrumb\":{\"@id\":\"https:\/\/www.suno.com.br\/noticias\/eztec-precifica-acoes-em-follow-on\/#breadcrumb\"},\"inLanguage\":\"pt-BR\",\"potentialAction\":[{\"@type\":\"ReadAction\",\"target\":[\"https:\/\/www.suno.com.br\/noticias\/eztec-precifica-acoes-em-follow-on\/\"]}]},{\"@type\":\"ImageObject\",\"inLanguage\":\"pt-BR\",\"@id\":\"https:\/\/www.suno.com.br\/noticias\/eztec-precifica-acoes-em-follow-on\/#primaryimage\",\"url\":\"https:\/\/files.sunoresearch.com.br\/n\/uploads\/2019\/09\/afdcdc3e-eztec.jpg\",\"contentUrl\":\"https:\/\/files.sunoresearch.com.br\/n\/uploads\/2019\/09\/afdcdc3e-eztec.jpg\",\"width\":1280,\"height\":750,\"caption\":\"Eztec (foto: divulga\u00e7\u00e3o)\"},{\"@type\":\"BreadcrumbList\",\"@id\":\"https:\/\/www.suno.com.br\/noticias\/eztec-precifica-acoes-em-follow-on\/#breadcrumb\",\"itemListElement\":[{\"@type\":\"ListItem\",\"position\":1,\"name\":\"Not\u00edcias\",\"item\":\"https:\/\/www.suno.com.br\/noticias\/\"},{\"@type\":\"ListItem\",\"position\":2,\"name\":\"Neg\u00f3cios\",\"item\":\"https:\/\/www.suno.com.br\/noticias\/negocios\/\"},{\"@type\":\"ListItem\",\"position\":3,\"name\":\"Eztec precifica a\u00e7\u00f5es em follow-on; liquida\u00e7\u00e3o ser\u00e1 na pr\u00f3xima sexta-feira\"}]},{\"@type\":\"WebSite\",\"@id\":\"https:\/\/www.suno.com.br\/noticias\/#website\",\"url\":\"https:\/\/www.suno.com.br\/noticias\/\",\"name\":\"Suno Not\u00edcias\",\"description\":\"Seu portal de informa\u00e7\u00e3o sobre o mundo dos investimentos\",\"publisher\":{\"@id\":\"https:\/\/www.suno.com.br\/noticias\/#organization\"},\"potentialAction\":[{\"@type\":\"SearchAction\",\"target\":{\"@type\":\"EntryPoint\",\"urlTemplate\":\"https:\/\/www.suno.com.br\/noticias\/?s={search_term_string}\"},\"query-input\":{\"@type\":\"PropertyValueSpecification\",\"valueRequired\":true,\"valueName\":\"search_term_string\"}}],\"inLanguage\":\"pt-BR\"},{\"@type\":\"Organization\",\"@id\":\"https:\/\/www.suno.com.br\/noticias\/#organization\",\"name\":\"Suno Not\u00edcias\",\"url\":\"https:\/\/www.suno.com.br\/noticias\/\",\"logo\":{\"@type\":\"ImageObject\",\"inLanguage\":\"pt-BR\",\"@id\":\"https:\/\/www.suno.com.br\/noticias\/#\/schema\/logo\/image\/\",\"url\":\"https:\/\/files.sunoresearch.com.br\/n\/uploads\/2021\/09\/suno-logo.png\",\"contentUrl\":\"https:\/\/files.sunoresearch.com.br\/n\/uploads\/2021\/09\/suno-logo.png\",\"width\":180,\"height\":180,\"caption\":\"Suno Not\u00edcias\"},\"image\":{\"@id\":\"https:\/\/www.suno.com.br\/noticias\/#\/schema\/logo\/image\/\"},\"sameAs\":[\"https:\/\/facebook.com\/sunoresearch\",\"https:\/\/x.com\/sunoresearch\",\"https:\/\/www.instagram.com\/suno\",\"https:\/\/www.linkedin.com\/company\/suno-research\/\",\"https:\/\/www.youtube.com\/c\/sunoresearch\"]},{\"@type\":\"Person\",\"@id\":\"https:\/\/www.suno.com.br\/noticias\/#\/schema\/person\/918d79de1f0281f01599b93f9ea6e23f\",\"name\":\"Jader Lazarini\",\"image\":{\"@type\":\"ImageObject\",\"inLanguage\":\"pt-BR\",\"@id\":\"https:\/\/www.suno.com.br\/noticias\/#\/schema\/person\/image\/\",\"url\":\"https:\/\/secure.gravatar.com\/avatar\/3c1ad8caa51589841baeb923fcddea97?s=96&r=g\",\"contentUrl\":\"https:\/\/secure.gravatar.com\/avatar\/3c1ad8caa51589841baeb923fcddea97?s=96&r=g\",\"caption\":\"Jader Lazarini\"},\"description\":\"Jader Lazarini escreve sobre investimentos, finan\u00e7as, economia e neg\u00f3cios. \u00c9 bacharel em Rela\u00e7\u00f5es Internacionais e analista CNPI (2619).\",\"url\":\"https:\/\/www.suno.com.br\/noticias\/author\/jader-lazarini\/\"}]}<\/script>\n<!-- \/ Yoast SEO plugin. -->","yoast_head_json":{"title":"Eztec precifica a\u00e7\u00f5es em follow-on; liquida\u00e7\u00e3o ser\u00e1 na pr\u00f3xima sexta-feira","description":"O Conselho de Administra\u00e7\u00e3o da Eztec aprovou a precifica\u00e7\u00e3o das suas novas a\u00e7\u00f5es de seu follow-on. Clique aqui e saiba mais.","robots":{"index":"index","follow":"follow","max-snippet":"max-snippet:-1","max-image-preview":"max-image-preview:large","max-video-preview":"max-video-preview:-1"},"canonical":"https:\/\/www.suno.com.br\/noticias\/eztec-precifica-acoes-em-follow-on\/","og_locale":"pt_BR","og_type":"article","og_title":"Eztec precifica a\u00e7\u00f5es em follow-on; liquida\u00e7\u00e3o ser\u00e1 na pr\u00f3xima sexta-feira","og_description":"O Conselho de Administra\u00e7\u00e3o da Eztec aprovou a precifica\u00e7\u00e3o das suas novas a\u00e7\u00f5es de seu follow-on. Clique aqui e saiba mais.","og_url":"https:\/\/www.suno.com.br\/noticias\/eztec-precifica-acoes-em-follow-on\/","og_site_name":"Suno Not\u00edcias","article_publisher":"https:\/\/facebook.com\/sunoresearch","og_image":[{"width":1280,"height":750,"url":"https:\/\/files.sunoresearch.com.br\/n\/uploads\/2019\/09\/afdcdc3e-eztec.jpg","type":"image\/jpeg"}],"author":"Jader Lazarini","twitter_card":"summary_large_image","twitter_creator":"@sunoresearch","twitter_site":"@sunoresearch","twitter_misc":{"Escrito por":"Jader Lazarini","Est. tempo de leitura":"2 minutos"},"schema":{"@context":"https:\/\/schema.org","@graph":[{"@type":"NewsArticle","@id":"https:\/\/www.suno.com.br\/noticias\/eztec-precifica-acoes-em-follow-on\/#article","isPartOf":{"@id":"https:\/\/www.suno.com.br\/noticias\/eztec-precifica-acoes-em-follow-on\/"},"author":{"name":"Jader Lazarini","@id":"https:\/\/www.suno.com.br\/noticias\/#\/schema\/person\/918d79de1f0281f01599b93f9ea6e23f"},"headline":"Eztec precifica a\u00e7\u00f5es em follow-on; liquida\u00e7\u00e3o ser\u00e1 na pr\u00f3xima sexta-feira","datePublished":"2019-09-25T14:22:10+00:00","mainEntityOfPage":{"@id":"https:\/\/www.suno.com.br\/noticias\/eztec-precifica-acoes-em-follow-on\/"},"wordCount":421,"publisher":{"@id":"https:\/\/www.suno.com.br\/noticias\/#organization"},"image":{"@id":"https:\/\/www.suno.com.br\/noticias\/eztec-precifica-acoes-em-follow-on\/#primaryimage"},"thumbnailUrl":"https:\/\/files.sunoresearch.com.br\/n\/uploads\/2019\/09\/afdcdc3e-eztec.jpg","keywords":["Eztec (EZTC3)","Follow-on (Oferta Subsequente de A\u00e7\u00f5es)","Resultado das empresas"],"articleSection":["Neg\u00f3cios"],"inLanguage":"pt-BR"},{"@type":"WebPage","@id":"https:\/\/www.suno.com.br\/noticias\/eztec-precifica-acoes-em-follow-on\/","url":"https:\/\/www.suno.com.br\/noticias\/eztec-precifica-acoes-em-follow-on\/","name":"Eztec precifica a\u00e7\u00f5es em follow-on; liquida\u00e7\u00e3o ser\u00e1 na pr\u00f3xima sexta-feira","isPartOf":{"@id":"https:\/\/www.suno.com.br\/noticias\/#website"},"primaryImageOfPage":{"@id":"https:\/\/www.suno.com.br\/noticias\/eztec-precifica-acoes-em-follow-on\/#primaryimage"},"image":{"@id":"https:\/\/www.suno.com.br\/noticias\/eztec-precifica-acoes-em-follow-on\/#primaryimage"},"thumbnailUrl":"https:\/\/files.sunoresearch.com.br\/n\/uploads\/2019\/09\/afdcdc3e-eztec.jpg","datePublished":"2019-09-25T14:22:10+00:00","description":"O Conselho de Administra\u00e7\u00e3o da Eztec aprovou a precifica\u00e7\u00e3o das suas novas a\u00e7\u00f5es de seu follow-on. Clique aqui e saiba mais.","breadcrumb":{"@id":"https:\/\/www.suno.com.br\/noticias\/eztec-precifica-acoes-em-follow-on\/#breadcrumb"},"inLanguage":"pt-BR","potentialAction":[{"@type":"ReadAction","target":["https:\/\/www.suno.com.br\/noticias\/eztec-precifica-acoes-em-follow-on\/"]}]},{"@type":"ImageObject","inLanguage":"pt-BR","@id":"https:\/\/www.suno.com.br\/noticias\/eztec-precifica-acoes-em-follow-on\/#primaryimage","url":"https:\/\/files.sunoresearch.com.br\/n\/uploads\/2019\/09\/afdcdc3e-eztec.jpg","contentUrl":"https:\/\/files.sunoresearch.com.br\/n\/uploads\/2019\/09\/afdcdc3e-eztec.jpg","width":1280,"height":750,"caption":"Eztec (foto: divulga\u00e7\u00e3o)"},{"@type":"BreadcrumbList","@id":"https:\/\/www.suno.com.br\/noticias\/eztec-precifica-acoes-em-follow-on\/#breadcrumb","itemListElement":[{"@type":"ListItem","position":1,"name":"Not\u00edcias","item":"https:\/\/www.suno.com.br\/noticias\/"},{"@type":"ListItem","position":2,"name":"Neg\u00f3cios","item":"https:\/\/www.suno.com.br\/noticias\/negocios\/"},{"@type":"ListItem","position":3,"name":"Eztec precifica a\u00e7\u00f5es em follow-on; liquida\u00e7\u00e3o ser\u00e1 na pr\u00f3xima sexta-feira"}]},{"@type":"WebSite","@id":"https:\/\/www.suno.com.br\/noticias\/#website","url":"https:\/\/www.suno.com.br\/noticias\/","name":"Suno Not\u00edcias","description":"Seu portal de informa\u00e7\u00e3o sobre o mundo dos investimentos","publisher":{"@id":"https:\/\/www.suno.com.br\/noticias\/#organization"},"potentialAction":[{"@type":"SearchAction","target":{"@type":"EntryPoint","urlTemplate":"https:\/\/www.suno.com.br\/noticias\/?s={search_term_string}"},"query-input":{"@type":"PropertyValueSpecification","valueRequired":true,"valueName":"search_term_string"}}],"inLanguage":"pt-BR"},{"@type":"Organization","@id":"https:\/\/www.suno.com.br\/noticias\/#organization","name":"Suno Not\u00edcias","url":"https:\/\/www.suno.com.br\/noticias\/","logo":{"@type":"ImageObject","inLanguage":"pt-BR","@id":"https:\/\/www.suno.com.br\/noticias\/#\/schema\/logo\/image\/","url":"https:\/\/files.sunoresearch.com.br\/n\/uploads\/2021\/09\/suno-logo.png","contentUrl":"https:\/\/files.sunoresearch.com.br\/n\/uploads\/2021\/09\/suno-logo.png","width":180,"height":180,"caption":"Suno Not\u00edcias"},"image":{"@id":"https:\/\/www.suno.com.br\/noticias\/#\/schema\/logo\/image\/"},"sameAs":["https:\/\/facebook.com\/sunoresearch","https:\/\/x.com\/sunoresearch","https:\/\/www.instagram.com\/suno","https:\/\/www.linkedin.com\/company\/suno-research\/","https:\/\/www.youtube.com\/c\/sunoresearch"]},{"@type":"Person","@id":"https:\/\/www.suno.com.br\/noticias\/#\/schema\/person\/918d79de1f0281f01599b93f9ea6e23f","name":"Jader Lazarini","image":{"@type":"ImageObject","inLanguage":"pt-BR","@id":"https:\/\/www.suno.com.br\/noticias\/#\/schema\/person\/image\/","url":"https:\/\/secure.gravatar.com\/avatar\/3c1ad8caa51589841baeb923fcddea97?s=96&r=g","contentUrl":"https:\/\/secure.gravatar.com\/avatar\/3c1ad8caa51589841baeb923fcddea97?s=96&r=g","caption":"Jader Lazarini"},"description":"Jader Lazarini escreve sobre investimentos, finan\u00e7as, economia e neg\u00f3cios. \u00c9 bacharel em Rela\u00e7\u00f5es Internacionais e analista CNPI (2619).","url":"https:\/\/www.suno.com.br\/noticias\/author\/jader-lazarini\/"}]}},"default_loop_html":"<div class=\"cardsPage__listCard__boxs\"><div class=\"cardsPage__listCard__boxs__img\"><a href=\"https:\/\/www.suno.com.br\/noticias\/eztec-precifica-acoes-em-follow-on\/\"><img class=\"mask\" src=\"https:\/\/www.suno.com.br\/noticias\/wp-content\/themes\/suno\/resources\/images\/spotlight\/spotlight1img\/bg-mask.png\" alt=\"Image Mask\"\/><img src=\"https:\/\/files.sunoresearch.com.br\/n\/uploads\/2019\/09\/afdcdc3e-eztec-400x200.webp\" alt=\"Eztec precifica a\u00e7\u00f5es em follow-on; liquida\u00e7\u00e3o ser\u00e1 na pr\u00f3xima sexta-feira\"\/><\/a><span class=\"spotlightCategory\"><a href=\"https:\/\/www.suno.com.br\/noticias\/negocios\/\">Neg\u00f3cios<\/a><\/span><\/div><div class=\"cardsPage__listCard__boxs__content\"><a href=\"https:\/\/www.suno.com.br\/noticias\/eztec-precifica-acoes-em-follow-on\/\"><h2 class=\"content__title\">Eztec precifica a\u00e7\u00f5es em follow-on; liquida\u00e7\u00e3o ser\u00e1 na pr\u00f3xima sexta-feira<\/h2><\/a><div class=\"newsContent__article__meta\"><div class=\"newsContent__article__meta__authorBox\"><a href=\"https:\/\/www.suno.com.br\/noticias\/author\/jader-lazarini\/\" class=\"authorBox__avatar noMobi\"><img src=\"https:\/\/files.sunoresearch.com.br\/n\/uploads\/2021\/01\/178e6598-foto-perfil-2-150x150.jpg\" alt=\"Jader Lazarini\"><\/a><div class=\"authorBox__name\"><span>por\n\t\t\t<a href=\"https:\/\/www.suno.com.br\/noticias\/author\/jader-lazarini\/\"><span itemprop=\"author\">Jader Lazarini<\/span><\/a><\/span><time datetime=\"2019-09-25T11:22:10-03:00\" itemprop=\"datePublished\">25\/09\/2019 11:22<\/time><\/div><\/div><\/div><\/div><\/div>","single_layout":"posts","amp_enabled":true,"_links":{"self":[{"href":"https:\/\/www.suno.com.br\/noticias\/wp-json\/wp\/v2\/posts\/38820"}],"collection":[{"href":"https:\/\/www.suno.com.br\/noticias\/wp-json\/wp\/v2\/posts"}],"about":[{"href":"https:\/\/www.suno.com.br\/noticias\/wp-json\/wp\/v2\/types\/post"}],"author":[{"embeddable":true,"href":"https:\/\/www.suno.com.br\/noticias\/wp-json\/wp\/v2\/users\/24"}],"replies":[{"embeddable":true,"href":"https:\/\/www.suno.com.br\/noticias\/wp-json\/wp\/v2\/comments?post=38820"}],"version-history":[{"count":0,"href":"https:\/\/www.suno.com.br\/noticias\/wp-json\/wp\/v2\/posts\/38820\/revisions"}],"wp:featuredmedia":[{"embeddable":true,"href":"https:\/\/www.suno.com.br\/noticias\/wp-json\/wp\/v2\/media\/38824"}],"wp:attachment":[{"href":"https:\/\/www.suno.com.br\/noticias\/wp-json\/wp\/v2\/media?parent=38820"}],"wp:term":[{"taxonomy":"category","embeddable":true,"href":"https:\/\/www.suno.com.br\/noticias\/wp-json\/wp\/v2\/categories?post=38820"},{"taxonomy":"post_tag","embeddable":true,"href":"https:\/\/www.suno.com.br\/noticias\/wp-json\/wp\/v2\/tags?post=38820"},{"taxonomy":"suno_strategy","embeddable":true,"href":"https:\/\/www.suno.com.br\/noticias\/wp-json\/wp\/v2\/suno_strategy?post=38820"}],"curies":[{"name":"wp","href":"https:\/\/api.w.org\/{rel}","templated":true}]}}