{"id":38802,"date":"2019-09-25T10:37:50","date_gmt":"2019-09-25T13:37:50","guid":{"rendered":"https:\/\/www.suno.com.br\/noticias\/?p=38802"},"modified":"2019-09-30T12:52:48","modified_gmt":"2019-09-30T15:52:48","slug":"att-nao-tem-planos-para-comprar-a-oi-diz-jornal","status":"publish","type":"post","link":"https:\/\/www.suno.com.br\/noticias\/att-nao-tem-planos-para-comprar-a-oi-diz-jornal\/","title":{"rendered":"AT&#038;T n\u00e3o tem planos para comprar a Oi, diz jornal"},"content":{"rendered":"<p>O caminho para a Oi (<strong>OIBR3<\/strong>; <strong>OIBR4<\/strong>) voltar ao azul ap\u00f3s a <a href=\"https:\/\/www.suno.com.br\/artigos\/recuperacao-judicial\/\"><span style=\"font-size: 19.4286px;\">recupera\u00e7\u00e3o judicia<\/span><\/a><span style=\"font-size: 1.21429rem;\"><a href=\"https:\/\/www.suno.com.br\/artigos\/recuperacao-judicial\/\">l<\/a> anunciada em 2016 continua encontrando obst\u00e1culos. A tentativa de se reerguer financeiramente, que passa pela venda de ativos, precisa passar pela reuni\u00e3o do <a href=\"https:\/\/www.suno.com.br\/artigos\/conselho-administracao\/\">Conselho de Administra\u00e7\u00e3o<\/a>.<\/span><\/p>\t<div class=\"wrapper-featured-image\">\n\t\t<figure class=\"spotlightImg\">\n\n\t\t\t<picture>\n\t\t\t\t<source media=\"(max-width: 768px)\" srcset=\"https:\/\/files.sunoresearch.com.br\/n\/uploads\/2019\/08\/c7b884fb-logotipo-da-operadora-de-telecomunicacoes-oi-durante-inauguracao-de-loja-1426871751488_1920x1440-400x200.webp\">\n\t\t\t\t<img loading=\"lazy\" decoding=\"async\" class=\"newsContent__article__imgCapa lazyloadDisabled newsContent__article__imgCapa--noCaption\" src=\"https:\/\/files.sunoresearch.com.br\/n\/uploads\/2019\/08\/c7b884fb-logotipo-da-operadora-de-telecomunicacoes-oi-durante-inauguracao-de-loja-1426871751488_1920x1440-800x450.webp\" width=\"800\" height=\"450\" alt=\"AT&#038;T n\u00e3o tem planos para comprar a Oi, diz jornal\" fetchpriority=high \/>\n\t\t\t<\/picture>\n\n\t\t\t<figcaption class=\"wp-caption-text wp-caption-text--hide\">Oi (divulga\u00e7\u00e3o)<\/figcaption>\n\t\t<\/figure>\n\t<\/div>\n\n\n\n<p>Al\u00e9m disso, o Conselho de Administra\u00e7\u00e3o da <strong>Oi<\/strong>, que negocia a venda de ativos com a Telef\u00f4nica Vivo (VIVT4) e Tim Brasil (TIMP3), precisa ser ratificado por uma nova assembleia de credores, segundo o jornal &#8220;Valor Econ\u00f4mico&#8221;.<\/p>\n<p>\u201cQuando voc\u00ea fala de <strong>Oi<\/strong>, n\u00e3o existe a Oi M\u00f3vel, a Oi Fixa. Foi votado [na assembleia de credores, no final de 2017] que a d\u00edvida toda est\u00e1 consolidada em todos os CNPJs, existe uma am\u00e1lgama \u00fanica de d\u00edvida\u201d, disse uma fonte.<\/p>\n<p>\u201cTeria de haver uma assembleia que votasse contra essa consolida\u00e7\u00e3o, no desmembramento e na retalha\u00e7\u00e3o da d\u00edvida. E, ap\u00f3s isso, voc\u00ea votaria um poss\u00edvel desfazimento da opera\u00e7\u00e3o m\u00f3vel, nesse contexto&#8221;.<\/p>\n<p><a href=\"https:\/\/www.suno.com.br\/noticias\/b3-quer-criar-acao-ordinaria-potencializada\/\">Veja tamb\u00e9m: B3 quer criar a\u00e7\u00e3o ordin\u00e1ria potencializada na Bolsa de Valores<\/a><\/p>\n<p>Entretanto, a consolida\u00e7\u00e3o da d\u00edvida do Grupo <strong>Oi<\/strong> est\u00e1 distante de ser unanimidade entre juristas especializados em recupera\u00e7\u00e3o judicial.<\/p>\n<p>\u201cA consolida\u00e7\u00e3o se deu para efeitos da aprova\u00e7\u00e3o da recupera\u00e7\u00e3o judicial e do plano de recupera\u00e7\u00e3o. O que vem depois faz parte da opera\u00e7\u00e3o normal da empresa\u201d, declarou um especialista do setor privado, experiente no assunto.<\/p>\n<p><a href=\"https:\/\/www.suno.com.br\/noticias\/oi-fatiada-distribuida-vivo-claro-tim\/\">Confira: Oi pode ter suas opera\u00e7\u00f5es distribu\u00eddas entre Claro, Vivo e Tim, diz jornal<\/a><\/p>\n<p>Segundo ele, o caminho ser\u00e1 a apresenta\u00e7\u00e3o de uma proposta de venda dos ativos \u00e0 <strong>Justi\u00e7a<\/strong>, mas sem a necessidade de uma nova assembleia. \u201cO papel dos credores acabou, em sentido amplo, com a aprova\u00e7\u00e3o do plano\u201d, afirma.<\/p>\n<h2>AT&amp;T estaria interessada na Oi<\/h2>\n<p>A poss\u00edvel aquisi\u00e7\u00e3o da <strong>Oi<\/strong> pela <strong>AT&amp;T<\/strong> passou a ser especulada no mercado ap\u00f3s a <a href=\"https:\/\/www.suno.com.br\/noticias\/presidente-da-att-sinaliza-interesse-na-oi-com-bolsonaro\/\">visita do CEO da gigante estadunidense<\/a>, <strong>Randall Stephenson<\/strong>, se encontrar com o presidente <strong>Jair Bolsonaro<\/strong>, al\u00e9m de ministros e deputados, no final de agosto.<\/p>\n\t<p>\n\t\t<a href=\"https:\/\/lp.suno.com.br\/ebook-como-analisar-uma-acao\/\" target=\"_blank\" data-element=\"shortcode-suno-banner\" title=\"Banner SUNO, clique e saiba mais\">\n\t\t\t<picture>\n\t\t\t\t<source media=\"(max-width: 500px)\" srcset=\"https:\/\/files.sunoresearch.com.br\/n\/uploads\/2023\/03\/Ebook-Acoes-Mobile.jpg\">\n\t\t\t\t<img class=\"newsContent__article__imgCapa newsContent__article__imgCapa--banner\"\n\t\t\t\t\tsrc=\"https:\/\/files.sunoresearch.com.br\/n\/uploads\/2023\/03\/Ebook-Acoes-Desktop.jpg\"\n\t\t\t\t\tdata-promo-id=\"378302\"\t\t\t\t\t\t\t\t\t\twidth='1420' height='286'\t\t\t\t\talt=\"https:\/\/files.sunoresearch.com.br\/n\/uploads\/2023\/03\/Ebook-Acoes-Desktop.jpg\"\n\t\t\t\t>\n\t\t\t<\/picture>\n\t\t<\/a>\n\t<\/p>\n\n\n<p>\u00c0 \u00e9poca, o jornal &#8220;O Estado de S.Paulo&#8221; afirmou que na reuni\u00e3o, o executivo declarou que o interesse da norte-americana na empresa brasileira era concreto.<\/p>\n<p>A <strong>AT&amp;T<\/strong>, que pretende comprar o conglomerado Time Warner, enfrenta problemas no <strong>Brasil<\/strong>. A Lei n\u00ba 12.485\/2011 (Lei do Servi\u00e7o de Acesso Condicionado &#8211; SeAC), imp\u00f5e um limite \u00e0 participa\u00e7\u00e3o acion\u00e1ria entre produtoras e distribuidoras de conte\u00fado.<\/p>\n<h2>Plano estrat\u00e9gico<\/h2>\n<p>O planejamento da <strong>Oi<\/strong> divulgado em julho projeta uma capta\u00e7\u00e3o de R$ 6,5 bilh\u00f5es a R$ 7,5 bilh\u00f5es com a venda de ativos n\u00e3o essenciais para a companhia.<\/p>\n<p>Esse montante entraria para o <a href=\"https:\/\/www.suno.com.br\/artigos\/fluxo-de-caixa\/\">caixa da empresa<\/a> entre o final de 2019 e o primeiro trimestre de 2021, de acordo com o documento divulgado.<\/p>\n\t<p>\n\t\t<a href=\"https:\/\/lp.suno.com.br\/planilha-controle-gastos\/\" target=\"_blank\" data-element=\"shortcode-suno-banner\" title=\"Banner SUNO, clique e saiba mais\">\n\t\t\t<picture>\n\t\t\t\t<source media=\"(max-width: 500px)\" srcset=\"https:\/\/files.sunoresearch.com.br\/n\/uploads\/2023\/03\/400x300-Planilha-controle-de-gastos.png\">\n\t\t\t\t<img class=\"newsContent__article__imgCapa newsContent__article__imgCapa--banner\"\n\t\t\t\t\tsrc=\"https:\/\/files.sunoresearch.com.br\/n\/uploads\/2023\/03\/1420x240-Planilha-controle-de-gastos.png\"\n\t\t\t\t\tdata-promo-id=\"101751\"\t\t\t\t\t\t\t\t\t\twidth='1420' height='240'\t\t\t\t\talt=\"https:\/\/files.sunoresearch.com.br\/n\/uploads\/2023\/03\/1420x240-Planilha-controle-de-gastos.png\"\n\t\t\t\t>\n\t\t\t<\/picture>\n\t\t<\/a>\n\t<\/p>\n\n\n<p>O ativo mais relevante em termos financeiros que est\u00e1 \u00e0 venda \u00e9 a participa\u00e7\u00e3o de 25% que a <strong>Oi<\/strong> det\u00e9m na operadora angolana <strong>Unitel<\/strong>. A fatia equivale a US$ 1 bilh\u00e3o (R$ 4,17 bilh\u00f5es, pela cota\u00e7\u00e3o atual).<\/p>\n<p>A dona de outros 25% da Unitel, a petroleira <strong>Sonangol<\/strong>, tamb\u00e9m angolana, \u00e9 a poss\u00edvel compradora da fatia da <strong>Oi<\/strong>. A Sonangol, inclusive, j\u00e1 diz possuir o financiamento necess\u00e1rio para o neg\u00f3cio.<\/p>\n<p>Em fato relevante divulgado na \u00faltima segunda-feira (23), a <strong>Oi<\/strong> reiterou que \u201ctem dedicado foco especial ao plano de venda de ativos non-core [n\u00e3o essenciais] e \u00e0 gera\u00e7\u00e3o de liquidez de curto prazo\u201d, mas a companhia tamb\u00e9m estuda outras alternativas para financiar seu plano de investimentos.<\/p>\n","protected":false},"excerpt":{"rendered":"<p>O caminho para a Oi (OIBR3; OIBR4) voltar ao azul ap\u00f3s a recupera\u00e7\u00e3o judicial anunciada em 2016 continua encontrando obst\u00e1culos. A tentativa de se reerguer financeiramente, que passa pela venda de ativos, precisa passar pela reuni\u00e3o do Conselho de Administra\u00e7\u00e3o. Oi (divulga\u00e7\u00e3o) Al\u00e9m disso, o Conselho de Administra\u00e7\u00e3o da Oi, que negocia a venda de [&hellip;]<\/p>\n","protected":false},"author":24,"featured_media":34594,"comment_status":"closed","ping_status":"closed","sticky":false,"template":"","format":"standard","meta":[],"categories":[64],"tags":[831,584,314],"suno_strategy":[],"class_list":["post-38802","post","type-post","status-publish","format-standard","has-post-thumbnail","hentry","category-negocios","tag-anatel","tag-oi-oibr3-oibr4","tag-recuperacao-judicial"],"yoast_head":"<!-- This site is optimized with the Yoast SEO plugin v24.4 - https:\/\/yoast.com\/wordpress\/plugins\/seo\/ -->\n<title>AT&amp;T n\u00e3o tem planos para comprar a Oi, diz jornal<\/title>\n<meta name=\"description\" content=\"O caminho para a Oi se restabelecer ap\u00f3s a recupera\u00e7\u00e3o judicial anunciada em 2016 continua encontrando obst\u00e1culos. Clique e saiba mais.\" \/>\n<meta name=\"robots\" content=\"index, follow, max-snippet:-1, max-image-preview:large, max-video-preview:-1\" \/>\n<link rel=\"canonical\" href=\"https:\/\/www.suno.com.br\/noticias\/att-nao-tem-planos-para-comprar-a-oi-diz-jornal\/\" \/>\n<meta property=\"og:locale\" content=\"pt_BR\" \/>\n<meta property=\"og:type\" content=\"article\" \/>\n<meta property=\"og:title\" content=\"AT&amp;T n\u00e3o tem planos para comprar a Oi, diz jornal\" \/>\n<meta property=\"og:description\" content=\"O caminho para a Oi se restabelecer ap\u00f3s a recupera\u00e7\u00e3o judicial anunciada em 2016 continua encontrando obst\u00e1culos. Clique e saiba mais.\" \/>\n<meta property=\"og:url\" content=\"https:\/\/www.suno.com.br\/noticias\/att-nao-tem-planos-para-comprar-a-oi-diz-jornal\/\" \/>\n<meta property=\"og:site_name\" content=\"Suno Not\u00edcias\" \/>\n<meta property=\"article:publisher\" content=\"https:\/\/facebook.com\/sunoresearch\" \/>\n<meta property=\"og:image\" content=\"https:\/\/files.sunoresearch.com.br\/n\/uploads\/2019\/08\/c7b884fb-logotipo-da-operadora-de-telecomunicacoes-oi-durante-inauguracao-de-loja-1426871751488_1920x1440.jpg\" \/>\n\t<meta property=\"og:image:width\" content=\"1920\" \/>\n\t<meta property=\"og:image:height\" content=\"1440\" \/>\n\t<meta property=\"og:image:type\" content=\"image\/jpeg\" \/>\n<meta name=\"author\" content=\"Jader Lazarini\" \/>\n<meta name=\"twitter:card\" content=\"summary_large_image\" \/>\n<meta name=\"twitter:creator\" content=\"@sunoresearch\" \/>\n<meta name=\"twitter:site\" content=\"@sunoresearch\" \/>\n<meta name=\"twitter:label1\" content=\"Escrito por\" \/>\n\t<meta name=\"twitter:data1\" content=\"Jader Lazarini\" \/>\n\t<meta name=\"twitter:label2\" content=\"Est. tempo de leitura\" \/>\n\t<meta name=\"twitter:data2\" content=\"3 minutos\" \/>\n<script type=\"application\/ld+json\" class=\"yoast-schema-graph\">{\"@context\":\"https:\/\/schema.org\",\"@graph\":[{\"@type\":\"NewsArticle\",\"@id\":\"https:\/\/www.suno.com.br\/noticias\/att-nao-tem-planos-para-comprar-a-oi-diz-jornal\/#article\",\"isPartOf\":{\"@id\":\"https:\/\/www.suno.com.br\/noticias\/att-nao-tem-planos-para-comprar-a-oi-diz-jornal\/\"},\"author\":{\"name\":\"Jader Lazarini\",\"@id\":\"https:\/\/www.suno.com.br\/noticias\/#\/schema\/person\/918d79de1f0281f01599b93f9ea6e23f\"},\"headline\":\"AT&#038;T n\u00e3o tem planos para comprar a Oi, diz jornal\",\"datePublished\":\"2019-09-25T13:37:50+00:00\",\"dateModified\":\"2019-09-30T15:52:48+00:00\",\"mainEntityOfPage\":{\"@id\":\"https:\/\/www.suno.com.br\/noticias\/att-nao-tem-planos-para-comprar-a-oi-diz-jornal\/\"},\"wordCount\":617,\"publisher\":{\"@id\":\"https:\/\/www.suno.com.br\/noticias\/#organization\"},\"image\":{\"@id\":\"https:\/\/www.suno.com.br\/noticias\/att-nao-tem-planos-para-comprar-a-oi-diz-jornal\/#primaryimage\"},\"thumbnailUrl\":\"https:\/\/files.sunoresearch.com.br\/n\/uploads\/2019\/08\/c7b884fb-logotipo-da-operadora-de-telecomunicacoes-oi-durante-inauguracao-de-loja-1426871751488_1920x1440-jpg.webp\",\"keywords\":[\"Anatel\",\"Oi (OIBR3\/OIBR4)\",\"recupera\u00e7\u00e3o judicial\"],\"articleSection\":[\"Neg\u00f3cios\"],\"inLanguage\":\"pt-BR\"},{\"@type\":\"WebPage\",\"@id\":\"https:\/\/www.suno.com.br\/noticias\/att-nao-tem-planos-para-comprar-a-oi-diz-jornal\/\",\"url\":\"https:\/\/www.suno.com.br\/noticias\/att-nao-tem-planos-para-comprar-a-oi-diz-jornal\/\",\"name\":\"AT&T n\u00e3o tem planos para comprar a Oi, diz jornal\",\"isPartOf\":{\"@id\":\"https:\/\/www.suno.com.br\/noticias\/#website\"},\"primaryImageOfPage\":{\"@id\":\"https:\/\/www.suno.com.br\/noticias\/att-nao-tem-planos-para-comprar-a-oi-diz-jornal\/#primaryimage\"},\"image\":{\"@id\":\"https:\/\/www.suno.com.br\/noticias\/att-nao-tem-planos-para-comprar-a-oi-diz-jornal\/#primaryimage\"},\"thumbnailUrl\":\"https:\/\/files.sunoresearch.com.br\/n\/uploads\/2019\/08\/c7b884fb-logotipo-da-operadora-de-telecomunicacoes-oi-durante-inauguracao-de-loja-1426871751488_1920x1440-jpg.webp\",\"datePublished\":\"2019-09-25T13:37:50+00:00\",\"dateModified\":\"2019-09-30T15:52:48+00:00\",\"description\":\"O caminho para a Oi se restabelecer ap\u00f3s a recupera\u00e7\u00e3o judicial anunciada em 2016 continua encontrando obst\u00e1culos. Clique e saiba mais.\",\"breadcrumb\":{\"@id\":\"https:\/\/www.suno.com.br\/noticias\/att-nao-tem-planos-para-comprar-a-oi-diz-jornal\/#breadcrumb\"},\"inLanguage\":\"pt-BR\",\"potentialAction\":[{\"@type\":\"ReadAction\",\"target\":[\"https:\/\/www.suno.com.br\/noticias\/att-nao-tem-planos-para-comprar-a-oi-diz-jornal\/\"]}]},{\"@type\":\"ImageObject\",\"inLanguage\":\"pt-BR\",\"@id\":\"https:\/\/www.suno.com.br\/noticias\/att-nao-tem-planos-para-comprar-a-oi-diz-jornal\/#primaryimage\",\"url\":\"https:\/\/files.sunoresearch.com.br\/n\/uploads\/2019\/08\/c7b884fb-logotipo-da-operadora-de-telecomunicacoes-oi-durante-inauguracao-de-loja-1426871751488_1920x1440-jpg.webp\",\"contentUrl\":\"https:\/\/files.sunoresearch.com.br\/n\/uploads\/2019\/08\/c7b884fb-logotipo-da-operadora-de-telecomunicacoes-oi-durante-inauguracao-de-loja-1426871751488_1920x1440-jpg.webp\",\"width\":1920,\"height\":1440,\"caption\":\"Oi (divulga\u00e7\u00e3o)\"},{\"@type\":\"BreadcrumbList\",\"@id\":\"https:\/\/www.suno.com.br\/noticias\/att-nao-tem-planos-para-comprar-a-oi-diz-jornal\/#breadcrumb\",\"itemListElement\":[{\"@type\":\"ListItem\",\"position\":1,\"name\":\"Not\u00edcias\",\"item\":\"https:\/\/www.suno.com.br\/noticias\/\"},{\"@type\":\"ListItem\",\"position\":2,\"name\":\"Neg\u00f3cios\",\"item\":\"https:\/\/www.suno.com.br\/noticias\/negocios\/\"},{\"@type\":\"ListItem\",\"position\":3,\"name\":\"AT&#038;T n\u00e3o tem planos para comprar a Oi, diz jornal\"}]},{\"@type\":\"WebSite\",\"@id\":\"https:\/\/www.suno.com.br\/noticias\/#website\",\"url\":\"https:\/\/www.suno.com.br\/noticias\/\",\"name\":\"Suno Not\u00edcias\",\"description\":\"Seu portal de informa\u00e7\u00e3o sobre o mundo dos investimentos\",\"publisher\":{\"@id\":\"https:\/\/www.suno.com.br\/noticias\/#organization\"},\"potentialAction\":[{\"@type\":\"SearchAction\",\"target\":{\"@type\":\"EntryPoint\",\"urlTemplate\":\"https:\/\/www.suno.com.br\/noticias\/?s={search_term_string}\"},\"query-input\":{\"@type\":\"PropertyValueSpecification\",\"valueRequired\":true,\"valueName\":\"search_term_string\"}}],\"inLanguage\":\"pt-BR\"},{\"@type\":\"Organization\",\"@id\":\"https:\/\/www.suno.com.br\/noticias\/#organization\",\"name\":\"Suno Not\u00edcias\",\"url\":\"https:\/\/www.suno.com.br\/noticias\/\",\"logo\":{\"@type\":\"ImageObject\",\"inLanguage\":\"pt-BR\",\"@id\":\"https:\/\/www.suno.com.br\/noticias\/#\/schema\/logo\/image\/\",\"url\":\"https:\/\/files.sunoresearch.com.br\/n\/uploads\/2021\/09\/suno-logo.png\",\"contentUrl\":\"https:\/\/files.sunoresearch.com.br\/n\/uploads\/2021\/09\/suno-logo.png\",\"width\":180,\"height\":180,\"caption\":\"Suno Not\u00edcias\"},\"image\":{\"@id\":\"https:\/\/www.suno.com.br\/noticias\/#\/schema\/logo\/image\/\"},\"sameAs\":[\"https:\/\/facebook.com\/sunoresearch\",\"https:\/\/x.com\/sunoresearch\",\"https:\/\/www.instagram.com\/suno\",\"https:\/\/www.linkedin.com\/company\/suno-research\/\",\"https:\/\/www.youtube.com\/c\/sunoresearch\"]},{\"@type\":\"Person\",\"@id\":\"https:\/\/www.suno.com.br\/noticias\/#\/schema\/person\/918d79de1f0281f01599b93f9ea6e23f\",\"name\":\"Jader Lazarini\",\"image\":{\"@type\":\"ImageObject\",\"inLanguage\":\"pt-BR\",\"@id\":\"https:\/\/www.suno.com.br\/noticias\/#\/schema\/person\/image\/\",\"url\":\"https:\/\/secure.gravatar.com\/avatar\/3c1ad8caa51589841baeb923fcddea97?s=96&r=g\",\"contentUrl\":\"https:\/\/secure.gravatar.com\/avatar\/3c1ad8caa51589841baeb923fcddea97?s=96&r=g\",\"caption\":\"Jader Lazarini\"},\"description\":\"Jader Lazarini escreve sobre investimentos, finan\u00e7as, economia e neg\u00f3cios. \u00c9 bacharel em Rela\u00e7\u00f5es Internacionais e analista CNPI (2619).\",\"url\":\"https:\/\/www.suno.com.br\/noticias\/author\/jader-lazarini\/\"}]}<\/script>\n<!-- \/ Yoast SEO plugin. -->","yoast_head_json":{"title":"AT&T n\u00e3o tem planos para comprar a Oi, diz jornal","description":"O caminho para a Oi se restabelecer ap\u00f3s a recupera\u00e7\u00e3o judicial anunciada em 2016 continua encontrando obst\u00e1culos. Clique e saiba mais.","robots":{"index":"index","follow":"follow","max-snippet":"max-snippet:-1","max-image-preview":"max-image-preview:large","max-video-preview":"max-video-preview:-1"},"canonical":"https:\/\/www.suno.com.br\/noticias\/att-nao-tem-planos-para-comprar-a-oi-diz-jornal\/","og_locale":"pt_BR","og_type":"article","og_title":"AT&T n\u00e3o tem planos para comprar a Oi, diz jornal","og_description":"O caminho para a Oi se restabelecer ap\u00f3s a recupera\u00e7\u00e3o judicial anunciada em 2016 continua encontrando obst\u00e1culos. Clique e saiba mais.","og_url":"https:\/\/www.suno.com.br\/noticias\/att-nao-tem-planos-para-comprar-a-oi-diz-jornal\/","og_site_name":"Suno Not\u00edcias","article_publisher":"https:\/\/facebook.com\/sunoresearch","og_image":[{"width":1920,"height":1440,"url":"https:\/\/files.sunoresearch.com.br\/n\/uploads\/2019\/08\/c7b884fb-logotipo-da-operadora-de-telecomunicacoes-oi-durante-inauguracao-de-loja-1426871751488_1920x1440.jpg","type":"image\/jpeg"}],"author":"Jader Lazarini","twitter_card":"summary_large_image","twitter_creator":"@sunoresearch","twitter_site":"@sunoresearch","twitter_misc":{"Escrito por":"Jader Lazarini","Est. tempo de leitura":"3 minutos"},"schema":{"@context":"https:\/\/schema.org","@graph":[{"@type":"NewsArticle","@id":"https:\/\/www.suno.com.br\/noticias\/att-nao-tem-planos-para-comprar-a-oi-diz-jornal\/#article","isPartOf":{"@id":"https:\/\/www.suno.com.br\/noticias\/att-nao-tem-planos-para-comprar-a-oi-diz-jornal\/"},"author":{"name":"Jader Lazarini","@id":"https:\/\/www.suno.com.br\/noticias\/#\/schema\/person\/918d79de1f0281f01599b93f9ea6e23f"},"headline":"AT&#038;T n\u00e3o tem planos para comprar a Oi, diz jornal","datePublished":"2019-09-25T13:37:50+00:00","dateModified":"2019-09-30T15:52:48+00:00","mainEntityOfPage":{"@id":"https:\/\/www.suno.com.br\/noticias\/att-nao-tem-planos-para-comprar-a-oi-diz-jornal\/"},"wordCount":617,"publisher":{"@id":"https:\/\/www.suno.com.br\/noticias\/#organization"},"image":{"@id":"https:\/\/www.suno.com.br\/noticias\/att-nao-tem-planos-para-comprar-a-oi-diz-jornal\/#primaryimage"},"thumbnailUrl":"https:\/\/files.sunoresearch.com.br\/n\/uploads\/2019\/08\/c7b884fb-logotipo-da-operadora-de-telecomunicacoes-oi-durante-inauguracao-de-loja-1426871751488_1920x1440-jpg.webp","keywords":["Anatel","Oi (OIBR3\/OIBR4)","recupera\u00e7\u00e3o judicial"],"articleSection":["Neg\u00f3cios"],"inLanguage":"pt-BR"},{"@type":"WebPage","@id":"https:\/\/www.suno.com.br\/noticias\/att-nao-tem-planos-para-comprar-a-oi-diz-jornal\/","url":"https:\/\/www.suno.com.br\/noticias\/att-nao-tem-planos-para-comprar-a-oi-diz-jornal\/","name":"AT&T n\u00e3o tem planos para comprar a Oi, diz jornal","isPartOf":{"@id":"https:\/\/www.suno.com.br\/noticias\/#website"},"primaryImageOfPage":{"@id":"https:\/\/www.suno.com.br\/noticias\/att-nao-tem-planos-para-comprar-a-oi-diz-jornal\/#primaryimage"},"image":{"@id":"https:\/\/www.suno.com.br\/noticias\/att-nao-tem-planos-para-comprar-a-oi-diz-jornal\/#primaryimage"},"thumbnailUrl":"https:\/\/files.sunoresearch.com.br\/n\/uploads\/2019\/08\/c7b884fb-logotipo-da-operadora-de-telecomunicacoes-oi-durante-inauguracao-de-loja-1426871751488_1920x1440-jpg.webp","datePublished":"2019-09-25T13:37:50+00:00","dateModified":"2019-09-30T15:52:48+00:00","description":"O caminho para a Oi se restabelecer ap\u00f3s a recupera\u00e7\u00e3o judicial anunciada em 2016 continua encontrando obst\u00e1culos. Clique e saiba mais.","breadcrumb":{"@id":"https:\/\/www.suno.com.br\/noticias\/att-nao-tem-planos-para-comprar-a-oi-diz-jornal\/#breadcrumb"},"inLanguage":"pt-BR","potentialAction":[{"@type":"ReadAction","target":["https:\/\/www.suno.com.br\/noticias\/att-nao-tem-planos-para-comprar-a-oi-diz-jornal\/"]}]},{"@type":"ImageObject","inLanguage":"pt-BR","@id":"https:\/\/www.suno.com.br\/noticias\/att-nao-tem-planos-para-comprar-a-oi-diz-jornal\/#primaryimage","url":"https:\/\/files.sunoresearch.com.br\/n\/uploads\/2019\/08\/c7b884fb-logotipo-da-operadora-de-telecomunicacoes-oi-durante-inauguracao-de-loja-1426871751488_1920x1440-jpg.webp","contentUrl":"https:\/\/files.sunoresearch.com.br\/n\/uploads\/2019\/08\/c7b884fb-logotipo-da-operadora-de-telecomunicacoes-oi-durante-inauguracao-de-loja-1426871751488_1920x1440-jpg.webp","width":1920,"height":1440,"caption":"Oi (divulga\u00e7\u00e3o)"},{"@type":"BreadcrumbList","@id":"https:\/\/www.suno.com.br\/noticias\/att-nao-tem-planos-para-comprar-a-oi-diz-jornal\/#breadcrumb","itemListElement":[{"@type":"ListItem","position":1,"name":"Not\u00edcias","item":"https:\/\/www.suno.com.br\/noticias\/"},{"@type":"ListItem","position":2,"name":"Neg\u00f3cios","item":"https:\/\/www.suno.com.br\/noticias\/negocios\/"},{"@type":"ListItem","position":3,"name":"AT&#038;T n\u00e3o tem planos para comprar a Oi, diz jornal"}]},{"@type":"WebSite","@id":"https:\/\/www.suno.com.br\/noticias\/#website","url":"https:\/\/www.suno.com.br\/noticias\/","name":"Suno Not\u00edcias","description":"Seu portal de informa\u00e7\u00e3o sobre o mundo dos investimentos","publisher":{"@id":"https:\/\/www.suno.com.br\/noticias\/#organization"},"potentialAction":[{"@type":"SearchAction","target":{"@type":"EntryPoint","urlTemplate":"https:\/\/www.suno.com.br\/noticias\/?s={search_term_string}"},"query-input":{"@type":"PropertyValueSpecification","valueRequired":true,"valueName":"search_term_string"}}],"inLanguage":"pt-BR"},{"@type":"Organization","@id":"https:\/\/www.suno.com.br\/noticias\/#organization","name":"Suno Not\u00edcias","url":"https:\/\/www.suno.com.br\/noticias\/","logo":{"@type":"ImageObject","inLanguage":"pt-BR","@id":"https:\/\/www.suno.com.br\/noticias\/#\/schema\/logo\/image\/","url":"https:\/\/files.sunoresearch.com.br\/n\/uploads\/2021\/09\/suno-logo.png","contentUrl":"https:\/\/files.sunoresearch.com.br\/n\/uploads\/2021\/09\/suno-logo.png","width":180,"height":180,"caption":"Suno Not\u00edcias"},"image":{"@id":"https:\/\/www.suno.com.br\/noticias\/#\/schema\/logo\/image\/"},"sameAs":["https:\/\/facebook.com\/sunoresearch","https:\/\/x.com\/sunoresearch","https:\/\/www.instagram.com\/suno","https:\/\/www.linkedin.com\/company\/suno-research\/","https:\/\/www.youtube.com\/c\/sunoresearch"]},{"@type":"Person","@id":"https:\/\/www.suno.com.br\/noticias\/#\/schema\/person\/918d79de1f0281f01599b93f9ea6e23f","name":"Jader Lazarini","image":{"@type":"ImageObject","inLanguage":"pt-BR","@id":"https:\/\/www.suno.com.br\/noticias\/#\/schema\/person\/image\/","url":"https:\/\/secure.gravatar.com\/avatar\/3c1ad8caa51589841baeb923fcddea97?s=96&r=g","contentUrl":"https:\/\/secure.gravatar.com\/avatar\/3c1ad8caa51589841baeb923fcddea97?s=96&r=g","caption":"Jader Lazarini"},"description":"Jader Lazarini escreve sobre investimentos, finan\u00e7as, economia e neg\u00f3cios. \u00c9 bacharel em Rela\u00e7\u00f5es Internacionais e analista CNPI (2619).","url":"https:\/\/www.suno.com.br\/noticias\/author\/jader-lazarini\/"}]}},"default_loop_html":"<div class=\"cardsPage__listCard__boxs\"><div class=\"cardsPage__listCard__boxs__img\"><a href=\"https:\/\/www.suno.com.br\/noticias\/att-nao-tem-planos-para-comprar-a-oi-diz-jornal\/\"><img class=\"mask\" src=\"https:\/\/www.suno.com.br\/noticias\/wp-content\/themes\/suno\/resources\/images\/spotlight\/spotlight1img\/bg-mask.png\" alt=\"Image Mask\"\/><img src=\"https:\/\/files.sunoresearch.com.br\/n\/uploads\/2019\/08\/c7b884fb-logotipo-da-operadora-de-telecomunicacoes-oi-durante-inauguracao-de-loja-1426871751488_1920x1440-400x200.webp\" alt=\"AT&#038;T n\u00e3o tem planos para comprar a Oi, diz jornal\"\/><\/a><span class=\"spotlightCategory\"><a href=\"https:\/\/www.suno.com.br\/noticias\/negocios\/\">Neg\u00f3cios<\/a><\/span><\/div><div class=\"cardsPage__listCard__boxs__content\"><a href=\"https:\/\/www.suno.com.br\/noticias\/att-nao-tem-planos-para-comprar-a-oi-diz-jornal\/\"><h2 class=\"content__title\">AT&#038;T n\u00e3o tem planos para comprar a Oi, diz jornal<\/h2><\/a><div class=\"newsContent__article__meta\"><div class=\"newsContent__article__meta__authorBox\"><a href=\"https:\/\/www.suno.com.br\/noticias\/author\/jader-lazarini\/\" class=\"authorBox__avatar noMobi\"><img src=\"https:\/\/files.sunoresearch.com.br\/n\/uploads\/2021\/01\/178e6598-foto-perfil-2-150x150.jpg\" alt=\"Jader Lazarini\"><\/a><div class=\"authorBox__name\"><span>por\n\t\t\t<a href=\"https:\/\/www.suno.com.br\/noticias\/author\/jader-lazarini\/\"><span itemprop=\"author\">Jader Lazarini<\/span><\/a><\/span><time datetime=\"2019-09-25T10:37:50-03:00\" itemprop=\"datePublished\">25\/09\/2019 10:37<\/time><\/div><\/div><\/div><\/div><\/div>","single_layout":"posts","amp_enabled":true,"_links":{"self":[{"href":"https:\/\/www.suno.com.br\/noticias\/wp-json\/wp\/v2\/posts\/38802"}],"collection":[{"href":"https:\/\/www.suno.com.br\/noticias\/wp-json\/wp\/v2\/posts"}],"about":[{"href":"https:\/\/www.suno.com.br\/noticias\/wp-json\/wp\/v2\/types\/post"}],"author":[{"embeddable":true,"href":"https:\/\/www.suno.com.br\/noticias\/wp-json\/wp\/v2\/users\/24"}],"replies":[{"embeddable":true,"href":"https:\/\/www.suno.com.br\/noticias\/wp-json\/wp\/v2\/comments?post=38802"}],"version-history":[{"count":0,"href":"https:\/\/www.suno.com.br\/noticias\/wp-json\/wp\/v2\/posts\/38802\/revisions"}],"wp:featuredmedia":[{"embeddable":true,"href":"https:\/\/www.suno.com.br\/noticias\/wp-json\/wp\/v2\/media\/34594"}],"wp:attachment":[{"href":"https:\/\/www.suno.com.br\/noticias\/wp-json\/wp\/v2\/media?parent=38802"}],"wp:term":[{"taxonomy":"category","embeddable":true,"href":"https:\/\/www.suno.com.br\/noticias\/wp-json\/wp\/v2\/categories?post=38802"},{"taxonomy":"post_tag","embeddable":true,"href":"https:\/\/www.suno.com.br\/noticias\/wp-json\/wp\/v2\/tags?post=38802"},{"taxonomy":"suno_strategy","embeddable":true,"href":"https:\/\/www.suno.com.br\/noticias\/wp-json\/wp\/v2\/suno_strategy?post=38802"}],"curies":[{"name":"wp","href":"https:\/\/api.w.org\/{rel}","templated":true}]}}