{"id":38784,"date":"2019-09-25T08:48:33","date_gmt":"2019-09-25T11:48:33","guid":{"rendered":"https:\/\/www.suno.com.br\/noticias\/?p=38784"},"modified":"2021-06-14T00:24:59","modified_gmt":"2021-06-14T03:24:59","slug":"agenda-do-dia-odebrecht-b3-cielo-vale-reforma-tributaria-250919","status":"publish","type":"post","link":"https:\/\/www.suno.com.br\/noticias\/agenda-do-dia-odebrecht-b3-cielo-vale-reforma-tributaria-250919\/","title":{"rendered":"Agenda do Dia: Odebrecht; B3; Cielo; Vale; reforma tribut\u00e1ria; Oi"},"content":{"rendered":"<p>Os assuntos da Agenda do Dia desta quarta-feira (25) prometem agitar o mercado interno e externo.<\/p>\t<div class=\"wrapper-featured-image\">\n\t\t<figure class=\"spotlightImg\">\n\n\t\t\t<picture>\n\t\t\t\t<source media=\"(max-width: 768px)\" srcset=\"https:\/\/files.sunoresearch.com.br\/n\/uploads\/2019\/02\/dc07e48d-odebrecht-400x200.webp\">\n\t\t\t\t<img loading=\"lazy\" decoding=\"async\" class=\"newsContent__article__imgCapa lazyloadDisabled newsContent__article__imgCapa--noCaption\" src=\"https:\/\/files.sunoresearch.com.br\/n\/uploads\/2019\/02\/dc07e48d-odebrecht-800x450.webp\" width=\"800\" height=\"450\" alt=\"Agenda do Dia: Odebrecht; B3; Cielo; Vale; reforma tribut\u00e1ria; Oi\" fetchpriority=high \/>\n\t\t\t<\/picture>\n\n\t\t\t<figcaption class=\"wp-caption-text wp-caption-text--hide\">Odebrecht abre nova a\u00e7\u00e3o judicial para cancelar pagamento de R$ 52 mi a Marcelo <\/figcaption>\n\t\t<\/figure>\n\t<\/div>\n\n\n\n<p>A<strong> Atvos<\/strong>, empresa do grupo <strong>Odebrecht<\/strong>, que est\u00e1 em recupera\u00e7\u00e3o judicial, quer investir R$ 630 milh\u00f5es.A <strong>B3<\/strong> quer criar uma a\u00e7\u00e3o ordin\u00e1ria potencializada na <strong>Bolsa de Valores<\/strong>. Estas e outras not\u00edcias fazem parte da Agenda do Dia desta quarta.<\/p>\n<p>A Agenda do Dia conta tamb\u00e9m com a not\u00edcia sobre a <strong>Cielo<\/strong>, que anunciou o seu novo diretor do departamento de tesouraria.<\/p>\n<p>Confira os principais pontos da Agenda do Dia:<\/p>\n<h2>Odebrecht<\/h2>\n<div>A <strong>Atvos<\/strong>, empresa controlada pela <strong>Odebrecht<\/strong>, que se encontra em recupera\u00e7\u00e3o judicial, afirmou que at\u00e9 o final da safra de 2020 ir\u00e1 investir R$ 632 milh\u00f5es. Com isso, a empresa espera produzir 2,1 bilh\u00f5es de litros de etanol.<\/div>\n<div><\/div>\n<div>As informa\u00e7\u00f5es s\u00e3o do jornal &#8220;Folha de S. Paulo&#8221;.<\/div>\n<h2>B3<\/h2>\n<p>A <strong>B3<\/strong> planeja a cria\u00e7\u00e3o de uma a\u00e7\u00e3o &#8220;super ordin\u00e1ria&#8221;. De acordo com o diretor executivo da empresa, Gilson Finkelsztain, &#8220;em empresas em que o fundador tem um papel importante, ele poderia pulverizar o capital e manter o controle da companhia com 10% [das a\u00e7\u00f5es].<\/p>\n<p>A ideia, entretanto, precisaria de apoio do Congresso para poder vigorar. Sendo assim, as empresas nacionais poderiam fazer ofertas iniciais de a\u00e7\u00f5es de mais de 50% de seus pap\u00e9is, sem que o controlador oficial perdesse a m\u00e3o do neg\u00f3cio.<\/p>\n<p><a href=\"https:\/\/www.suno.com.br\/noticias\/banco-central-usara-blockchain-sistema-de-pagamentos-instantaneos\/\">Veja tamb\u00e9m: Banco Central usar\u00e1 blockchain em sistema de pagamentos instant\u00e2neos<\/a><\/p>\n<h2>Cielo<\/h2>\n<p>A empresa de servi\u00e7os financeiros, <strong>Cielo<\/strong> (CIEL3), informou na \u00faltima ter\u00e7a-feira (24), mudan\u00e7as na estrutura da empresa.<\/p>\n\t<p>\n\t\t<a href=\"https:\/\/lp.suno.com.br\/ebook-como-analisar-uma-acao\/\" target=\"_blank\" data-element=\"shortcode-suno-banner\" title=\"Banner SUNO, clique e saiba mais\">\n\t\t\t<picture>\n\t\t\t\t<source media=\"(max-width: 500px)\" srcset=\"https:\/\/files.sunoresearch.com.br\/n\/uploads\/2023\/12\/Ebook-Acoes-Mobile.jpg\">\n\t\t\t\t<img class=\"newsContent__article__imgCapa newsContent__article__imgCapa--banner\"\n\t\t\t\t\tsrc=\"https:\/\/files.sunoresearch.com.br\/n\/uploads\/2023\/12\/Ebook-Acoes-Mobile.jpg\"\n\t\t\t\t\tdata-promo-id=\"101750\"\t\t\t\t\t\t\t\t\t\twidth='400' height='300'\t\t\t\t\talt=\"https:\/\/files.sunoresearch.com.br\/n\/uploads\/2023\/12\/Ebook-Acoes-Mobile.jpg\"\n\t\t\t\t>\n\t\t\t<\/picture>\n\t\t<\/a>\n\t<\/p>\n\n\n<p>A <strong>Cielo<\/strong> anunciou seu novo chefe\u00a0do departamento de tesouraria da empresa, <strong>Thiago Stanger<\/strong>. Desse modo, <strong>Ricardo Breakwell<\/strong>, que estava \u00e0 frente da tesouraria, permanece como diretor dos departamentos da contabilidade e tributos.<\/p>\n<h2>Vale<\/h2>\n<p>A <strong>Vale<\/strong> permanece com o objetivo de chegar a uma produ\u00e7\u00e3o de 400 milh\u00f5es de toneladas de min\u00e9rio de ferro por ano, segundo o diretor executivo do setor financeiro da empresa, Luciano Siani. Esta meta, por\u00e9m, n\u00e3o tem prazo para ser alcan\u00e7ada.<\/p>\n<h2>Reforma tribut\u00e1ria<\/h2>\n<p>O vice-presidente do Brasil, <strong>Hamilton<\/strong> <strong>Mour\u00e3o<\/strong>, disse, na \u00faltima ter\u00e7a-feira (24), que o governo pretende ver a <strong>reforma tribut\u00e1ria<\/strong> aprovada pelo Legislativo at\u00e9 o fim do primeiro semestre do ano que vem. A pron\u00fancia foi feita durante uma palestra para s\u00f3cios de um clube localizado no Rio de Janeiro.<\/p>\n<div>\u201cA decis\u00e3o que se encaminha \u00e9 casar as duas propostas, da <strong>C\u00e2mara<\/strong> e do Senado. Vamos ver se, na pior hip\u00f3tese, essa reforma se concretiza at\u00e9 o fim do primeiro semestre do ano que vem\u201d, afirmou . \u201cJunto com a <strong>Previd\u00eancia<\/strong>, ser\u00e3o duas vit\u00f3rias inimagin\u00e1veis\u201d, completou Mour\u00e3o.<\/p>\n<h2>Oi<\/h2>\n<p>A <strong>Oi<\/strong> pode ter suas opera\u00e7\u00f5es distribu\u00eddas entre tr\u00eas operadoras que atuam no Brasil. Dessa forma, <strong>Claro<\/strong>, <strong>Vivo<\/strong> e <strong>Tim<\/strong> ficariam com fatias da empresa, tanto da parte de telefonia fixa, quanto de m\u00f3vel e infraestrutura.<\/p>\n<p>Para isso ocorrer, entretanto, \u00e9 necess\u00e1rio que a Ag\u00eancia Nacional de Telecomunica\u00e7\u00f5es <strong>(Anatel)<\/strong> conceda permiss\u00e3o.<\/p>\n<p>A Agenda do Dia da <a href=\"https:\/\/www.youtube.com\/watch?v=yCQ5d7VLDO8\">Suno<\/a> mostra os principais acontecimentos que prometem movimentar o mercado durante o dia.<\/p>\n","protected":false},"excerpt":{"rendered":"<p>Os assuntos da Agenda do Dia desta quarta-feira (25) prometem agitar o mercado interno e externo. Odebrecht abre nova a\u00e7\u00e3o judicial para cancelar pagamento de R$ 52 mi a Marcelo A Atvos, empresa do grupo Odebrecht, que est\u00e1 em recupera\u00e7\u00e3o judicial, quer investir R$ 630 milh\u00f5es.A B3 quer criar uma a\u00e7\u00e3o ordin\u00e1ria potencializada na Bolsa [&hellip;]<\/p>\n","protected":false},"author":19,"featured_media":15570,"comment_status":"closed","ping_status":"closed","sticky":false,"template":"","format":"standard","meta":[],"categories":[64],"tags":[1980,423,783,1286,676],"suno_strategy":[],"class_list":["post-38784","post","type-post","status-publish","format-standard","has-post-thumbnail","hentry","category-negocios","tag-agenda-do-dia","tag-cielo-ciel3","tag-odebrecht","tag-reforma-tributaria","tag-vale-vale3"],"yoast_head":"<!-- This site is optimized with the Yoast SEO plugin v24.4 - https:\/\/yoast.com\/wordpress\/plugins\/seo\/ -->\n<title>Agenda do Dia: Odebrecht; B3; Cielo; Vale; reforma tribut\u00e1ria<\/title>\n<meta name=\"description\" content=\"Agenda do Dia: empresa da Odebrecht quer investir 600 milh\u00f5es; B3; Cielo anuncia novo nome; Vale; reforma tribut\u00e1ria. Clique e saiba mais.\" \/>\n<meta name=\"robots\" content=\"index, follow, max-snippet:-1, max-image-preview:large, max-video-preview:-1\" \/>\n<link rel=\"canonical\" href=\"https:\/\/www.suno.com.br\/noticias\/agenda-do-dia-odebrecht-b3-cielo-vale-reforma-tributaria-250919\/\" \/>\n<meta property=\"og:locale\" content=\"pt_BR\" \/>\n<meta property=\"og:type\" content=\"article\" \/>\n<meta property=\"og:title\" content=\"Agenda do Dia: Odebrecht; B3; Cielo; Vale; reforma tribut\u00e1ria\" \/>\n<meta property=\"og:description\" content=\"Agenda do Dia: empresa da Odebrecht quer investir 600 milh\u00f5es; B3; Cielo anuncia novo nome; Vale; reforma tribut\u00e1ria. Clique e saiba mais.\" \/>\n<meta property=\"og:url\" content=\"https:\/\/www.suno.com.br\/noticias\/agenda-do-dia-odebrecht-b3-cielo-vale-reforma-tributaria-250919\/\" \/>\n<meta property=\"og:site_name\" content=\"Suno Not\u00edcias\" \/>\n<meta property=\"article:publisher\" content=\"https:\/\/facebook.com\/sunoresearch\" \/>\n<meta property=\"og:image\" content=\"https:\/\/files.sunoresearch.com.br\/n\/uploads\/2019\/02\/dc07e48d-odebrecht.jpg\" \/>\n\t<meta property=\"og:image:width\" content=\"1280\" \/>\n\t<meta property=\"og:image:height\" content=\"853\" \/>\n\t<meta property=\"og:image:type\" content=\"image\/jpeg\" \/>\n<meta name=\"author\" content=\"Juliano Passaro\" \/>\n<meta name=\"twitter:card\" content=\"summary_large_image\" \/>\n<meta name=\"twitter:creator\" content=\"@sunoresearch\" \/>\n<meta name=\"twitter:site\" content=\"@sunoresearch\" \/>\n<meta name=\"twitter:label1\" content=\"Escrito por\" \/>\n\t<meta name=\"twitter:data1\" content=\"Juliano Passaro\" \/>\n\t<meta name=\"twitter:label2\" content=\"Est. tempo de leitura\" \/>\n\t<meta name=\"twitter:data2\" content=\"3 minutos\" \/>\n<script type=\"application\/ld+json\" class=\"yoast-schema-graph\">{\"@context\":\"https:\/\/schema.org\",\"@graph\":[{\"@type\":\"NewsArticle\",\"@id\":\"https:\/\/www.suno.com.br\/noticias\/agenda-do-dia-odebrecht-b3-cielo-vale-reforma-tributaria-250919\/#article\",\"isPartOf\":{\"@id\":\"https:\/\/www.suno.com.br\/noticias\/agenda-do-dia-odebrecht-b3-cielo-vale-reforma-tributaria-250919\/\"},\"author\":{\"name\":\"Juliano Passaro\",\"@id\":\"https:\/\/www.suno.com.br\/noticias\/#\/schema\/person\/1db762f78ffd8919a648a63e425953e3\"},\"headline\":\"Agenda do Dia: Odebrecht; B3; Cielo; Vale; reforma tribut\u00e1ria; Oi\",\"datePublished\":\"2019-09-25T11:48:33+00:00\",\"dateModified\":\"2021-06-14T03:24:59+00:00\",\"mainEntityOfPage\":{\"@id\":\"https:\/\/www.suno.com.br\/noticias\/agenda-do-dia-odebrecht-b3-cielo-vale-reforma-tributaria-250919\/\"},\"wordCount\":547,\"publisher\":{\"@id\":\"https:\/\/www.suno.com.br\/noticias\/#organization\"},\"image\":{\"@id\":\"https:\/\/www.suno.com.br\/noticias\/agenda-do-dia-odebrecht-b3-cielo-vale-reforma-tributaria-250919\/#primaryimage\"},\"thumbnailUrl\":\"https:\/\/files.sunoresearch.com.br\/n\/uploads\/2019\/02\/dc07e48d-odebrecht-jpg.webp\",\"keywords\":[\"agenda do dia\",\"Cielo (CIEL3)\",\"Odebrecht\",\"reforma tribut\u00e1ria\",\"Vale (VALE3)\"],\"articleSection\":[\"Neg\u00f3cios\"],\"inLanguage\":\"pt-BR\"},{\"@type\":\"WebPage\",\"@id\":\"https:\/\/www.suno.com.br\/noticias\/agenda-do-dia-odebrecht-b3-cielo-vale-reforma-tributaria-250919\/\",\"url\":\"https:\/\/www.suno.com.br\/noticias\/agenda-do-dia-odebrecht-b3-cielo-vale-reforma-tributaria-250919\/\",\"name\":\"Agenda do Dia: Odebrecht; B3; Cielo; Vale; reforma tribut\u00e1ria\",\"isPartOf\":{\"@id\":\"https:\/\/www.suno.com.br\/noticias\/#website\"},\"primaryImageOfPage\":{\"@id\":\"https:\/\/www.suno.com.br\/noticias\/agenda-do-dia-odebrecht-b3-cielo-vale-reforma-tributaria-250919\/#primaryimage\"},\"image\":{\"@id\":\"https:\/\/www.suno.com.br\/noticias\/agenda-do-dia-odebrecht-b3-cielo-vale-reforma-tributaria-250919\/#primaryimage\"},\"thumbnailUrl\":\"https:\/\/files.sunoresearch.com.br\/n\/uploads\/2019\/02\/dc07e48d-odebrecht-jpg.webp\",\"datePublished\":\"2019-09-25T11:48:33+00:00\",\"dateModified\":\"2021-06-14T03:24:59+00:00\",\"description\":\"Agenda do Dia: empresa da Odebrecht quer investir 600 milh\u00f5es; B3; Cielo anuncia novo nome; Vale; reforma tribut\u00e1ria. Clique e saiba mais.\",\"breadcrumb\":{\"@id\":\"https:\/\/www.suno.com.br\/noticias\/agenda-do-dia-odebrecht-b3-cielo-vale-reforma-tributaria-250919\/#breadcrumb\"},\"inLanguage\":\"pt-BR\",\"potentialAction\":[{\"@type\":\"ReadAction\",\"target\":[\"https:\/\/www.suno.com.br\/noticias\/agenda-do-dia-odebrecht-b3-cielo-vale-reforma-tributaria-250919\/\"]}]},{\"@type\":\"ImageObject\",\"inLanguage\":\"pt-BR\",\"@id\":\"https:\/\/www.suno.com.br\/noticias\/agenda-do-dia-odebrecht-b3-cielo-vale-reforma-tributaria-250919\/#primaryimage\",\"url\":\"https:\/\/files.sunoresearch.com.br\/n\/uploads\/2019\/02\/dc07e48d-odebrecht-jpg.webp\",\"contentUrl\":\"https:\/\/files.sunoresearch.com.br\/n\/uploads\/2019\/02\/dc07e48d-odebrecht-jpg.webp\",\"width\":1280,\"height\":853,\"caption\":\"Odebrecht abre nova a\u00e7\u00e3o judicial para cancelar pagamento de R$ 52 mi a Marcelo\"},{\"@type\":\"BreadcrumbList\",\"@id\":\"https:\/\/www.suno.com.br\/noticias\/agenda-do-dia-odebrecht-b3-cielo-vale-reforma-tributaria-250919\/#breadcrumb\",\"itemListElement\":[{\"@type\":\"ListItem\",\"position\":1,\"name\":\"Not\u00edcias\",\"item\":\"https:\/\/www.suno.com.br\/noticias\/\"},{\"@type\":\"ListItem\",\"position\":2,\"name\":\"Neg\u00f3cios\",\"item\":\"https:\/\/www.suno.com.br\/noticias\/negocios\/\"},{\"@type\":\"ListItem\",\"position\":3,\"name\":\"Agenda do Dia: Odebrecht; B3; Cielo; Vale; reforma tribut\u00e1ria; Oi\"}]},{\"@type\":\"WebSite\",\"@id\":\"https:\/\/www.suno.com.br\/noticias\/#website\",\"url\":\"https:\/\/www.suno.com.br\/noticias\/\",\"name\":\"Suno Not\u00edcias\",\"description\":\"Seu portal de informa\u00e7\u00e3o sobre o mundo dos investimentos\",\"publisher\":{\"@id\":\"https:\/\/www.suno.com.br\/noticias\/#organization\"},\"potentialAction\":[{\"@type\":\"SearchAction\",\"target\":{\"@type\":\"EntryPoint\",\"urlTemplate\":\"https:\/\/www.suno.com.br\/noticias\/?s={search_term_string}\"},\"query-input\":{\"@type\":\"PropertyValueSpecification\",\"valueRequired\":true,\"valueName\":\"search_term_string\"}}],\"inLanguage\":\"pt-BR\"},{\"@type\":\"Organization\",\"@id\":\"https:\/\/www.suno.com.br\/noticias\/#organization\",\"name\":\"Suno Not\u00edcias\",\"url\":\"https:\/\/www.suno.com.br\/noticias\/\",\"logo\":{\"@type\":\"ImageObject\",\"inLanguage\":\"pt-BR\",\"@id\":\"https:\/\/www.suno.com.br\/noticias\/#\/schema\/logo\/image\/\",\"url\":\"https:\/\/files.sunoresearch.com.br\/n\/uploads\/2021\/09\/suno-logo.png\",\"contentUrl\":\"https:\/\/files.sunoresearch.com.br\/n\/uploads\/2021\/09\/suno-logo.png\",\"width\":180,\"height\":180,\"caption\":\"Suno Not\u00edcias\"},\"image\":{\"@id\":\"https:\/\/www.suno.com.br\/noticias\/#\/schema\/logo\/image\/\"},\"sameAs\":[\"https:\/\/facebook.com\/sunoresearch\",\"https:\/\/x.com\/sunoresearch\",\"https:\/\/www.instagram.com\/suno\",\"https:\/\/www.linkedin.com\/company\/suno-research\/\",\"https:\/\/www.youtube.com\/c\/sunoresearch\"]},{\"@type\":\"Person\",\"@id\":\"https:\/\/www.suno.com.br\/noticias\/#\/schema\/person\/1db762f78ffd8919a648a63e425953e3\",\"name\":\"Juliano Passaro\",\"image\":{\"@type\":\"ImageObject\",\"inLanguage\":\"pt-BR\",\"@id\":\"https:\/\/www.suno.com.br\/noticias\/#\/schema\/person\/image\/\",\"url\":\"https:\/\/secure.gravatar.com\/avatar\/743d4df28eebf6dcc46b4ad03c319e92?s=96&r=g\",\"contentUrl\":\"https:\/\/secure.gravatar.com\/avatar\/743d4df28eebf6dcc46b4ad03c319e92?s=96&r=g\",\"caption\":\"Juliano Passaro\"},\"description\":\"Juliano Passaro escreve sobre pol\u00edtica, economia e neg\u00f3cios para o portal da Suno Research. Antes da Suno, trabalhou no Portal da Band. \u00c9 formado em jornalismo pela Universidade Presbiteriana Mackenzie.\",\"url\":\"https:\/\/www.suno.com.br\/noticias\/author\/juliano\/\"}]}<\/script>\n<!-- \/ Yoast SEO plugin. -->","yoast_head_json":{"title":"Agenda do Dia: Odebrecht; B3; Cielo; Vale; reforma tribut\u00e1ria","description":"Agenda do Dia: empresa da Odebrecht quer investir 600 milh\u00f5es; B3; Cielo anuncia novo nome; Vale; reforma tribut\u00e1ria. Clique e saiba mais.","robots":{"index":"index","follow":"follow","max-snippet":"max-snippet:-1","max-image-preview":"max-image-preview:large","max-video-preview":"max-video-preview:-1"},"canonical":"https:\/\/www.suno.com.br\/noticias\/agenda-do-dia-odebrecht-b3-cielo-vale-reforma-tributaria-250919\/","og_locale":"pt_BR","og_type":"article","og_title":"Agenda do Dia: Odebrecht; B3; Cielo; Vale; reforma tribut\u00e1ria","og_description":"Agenda do Dia: empresa da Odebrecht quer investir 600 milh\u00f5es; B3; Cielo anuncia novo nome; Vale; reforma tribut\u00e1ria. Clique e saiba mais.","og_url":"https:\/\/www.suno.com.br\/noticias\/agenda-do-dia-odebrecht-b3-cielo-vale-reforma-tributaria-250919\/","og_site_name":"Suno Not\u00edcias","article_publisher":"https:\/\/facebook.com\/sunoresearch","og_image":[{"width":1280,"height":853,"url":"https:\/\/files.sunoresearch.com.br\/n\/uploads\/2019\/02\/dc07e48d-odebrecht.jpg","type":"image\/jpeg"}],"author":"Juliano Passaro","twitter_card":"summary_large_image","twitter_creator":"@sunoresearch","twitter_site":"@sunoresearch","twitter_misc":{"Escrito por":"Juliano Passaro","Est. tempo de leitura":"3 minutos"},"schema":{"@context":"https:\/\/schema.org","@graph":[{"@type":"NewsArticle","@id":"https:\/\/www.suno.com.br\/noticias\/agenda-do-dia-odebrecht-b3-cielo-vale-reforma-tributaria-250919\/#article","isPartOf":{"@id":"https:\/\/www.suno.com.br\/noticias\/agenda-do-dia-odebrecht-b3-cielo-vale-reforma-tributaria-250919\/"},"author":{"name":"Juliano Passaro","@id":"https:\/\/www.suno.com.br\/noticias\/#\/schema\/person\/1db762f78ffd8919a648a63e425953e3"},"headline":"Agenda do Dia: Odebrecht; B3; Cielo; Vale; reforma tribut\u00e1ria; Oi","datePublished":"2019-09-25T11:48:33+00:00","dateModified":"2021-06-14T03:24:59+00:00","mainEntityOfPage":{"@id":"https:\/\/www.suno.com.br\/noticias\/agenda-do-dia-odebrecht-b3-cielo-vale-reforma-tributaria-250919\/"},"wordCount":547,"publisher":{"@id":"https:\/\/www.suno.com.br\/noticias\/#organization"},"image":{"@id":"https:\/\/www.suno.com.br\/noticias\/agenda-do-dia-odebrecht-b3-cielo-vale-reforma-tributaria-250919\/#primaryimage"},"thumbnailUrl":"https:\/\/files.sunoresearch.com.br\/n\/uploads\/2019\/02\/dc07e48d-odebrecht-jpg.webp","keywords":["agenda do dia","Cielo (CIEL3)","Odebrecht","reforma tribut\u00e1ria","Vale (VALE3)"],"articleSection":["Neg\u00f3cios"],"inLanguage":"pt-BR"},{"@type":"WebPage","@id":"https:\/\/www.suno.com.br\/noticias\/agenda-do-dia-odebrecht-b3-cielo-vale-reforma-tributaria-250919\/","url":"https:\/\/www.suno.com.br\/noticias\/agenda-do-dia-odebrecht-b3-cielo-vale-reforma-tributaria-250919\/","name":"Agenda do Dia: Odebrecht; B3; Cielo; Vale; reforma tribut\u00e1ria","isPartOf":{"@id":"https:\/\/www.suno.com.br\/noticias\/#website"},"primaryImageOfPage":{"@id":"https:\/\/www.suno.com.br\/noticias\/agenda-do-dia-odebrecht-b3-cielo-vale-reforma-tributaria-250919\/#primaryimage"},"image":{"@id":"https:\/\/www.suno.com.br\/noticias\/agenda-do-dia-odebrecht-b3-cielo-vale-reforma-tributaria-250919\/#primaryimage"},"thumbnailUrl":"https:\/\/files.sunoresearch.com.br\/n\/uploads\/2019\/02\/dc07e48d-odebrecht-jpg.webp","datePublished":"2019-09-25T11:48:33+00:00","dateModified":"2021-06-14T03:24:59+00:00","description":"Agenda do Dia: empresa da Odebrecht quer investir 600 milh\u00f5es; B3; Cielo anuncia novo nome; Vale; reforma tribut\u00e1ria. Clique e saiba mais.","breadcrumb":{"@id":"https:\/\/www.suno.com.br\/noticias\/agenda-do-dia-odebrecht-b3-cielo-vale-reforma-tributaria-250919\/#breadcrumb"},"inLanguage":"pt-BR","potentialAction":[{"@type":"ReadAction","target":["https:\/\/www.suno.com.br\/noticias\/agenda-do-dia-odebrecht-b3-cielo-vale-reforma-tributaria-250919\/"]}]},{"@type":"ImageObject","inLanguage":"pt-BR","@id":"https:\/\/www.suno.com.br\/noticias\/agenda-do-dia-odebrecht-b3-cielo-vale-reforma-tributaria-250919\/#primaryimage","url":"https:\/\/files.sunoresearch.com.br\/n\/uploads\/2019\/02\/dc07e48d-odebrecht-jpg.webp","contentUrl":"https:\/\/files.sunoresearch.com.br\/n\/uploads\/2019\/02\/dc07e48d-odebrecht-jpg.webp","width":1280,"height":853,"caption":"Odebrecht abre nova a\u00e7\u00e3o judicial para cancelar pagamento de R$ 52 mi a Marcelo"},{"@type":"BreadcrumbList","@id":"https:\/\/www.suno.com.br\/noticias\/agenda-do-dia-odebrecht-b3-cielo-vale-reforma-tributaria-250919\/#breadcrumb","itemListElement":[{"@type":"ListItem","position":1,"name":"Not\u00edcias","item":"https:\/\/www.suno.com.br\/noticias\/"},{"@type":"ListItem","position":2,"name":"Neg\u00f3cios","item":"https:\/\/www.suno.com.br\/noticias\/negocios\/"},{"@type":"ListItem","position":3,"name":"Agenda do Dia: Odebrecht; B3; Cielo; Vale; reforma tribut\u00e1ria; Oi"}]},{"@type":"WebSite","@id":"https:\/\/www.suno.com.br\/noticias\/#website","url":"https:\/\/www.suno.com.br\/noticias\/","name":"Suno Not\u00edcias","description":"Seu portal de informa\u00e7\u00e3o sobre o mundo dos investimentos","publisher":{"@id":"https:\/\/www.suno.com.br\/noticias\/#organization"},"potentialAction":[{"@type":"SearchAction","target":{"@type":"EntryPoint","urlTemplate":"https:\/\/www.suno.com.br\/noticias\/?s={search_term_string}"},"query-input":{"@type":"PropertyValueSpecification","valueRequired":true,"valueName":"search_term_string"}}],"inLanguage":"pt-BR"},{"@type":"Organization","@id":"https:\/\/www.suno.com.br\/noticias\/#organization","name":"Suno Not\u00edcias","url":"https:\/\/www.suno.com.br\/noticias\/","logo":{"@type":"ImageObject","inLanguage":"pt-BR","@id":"https:\/\/www.suno.com.br\/noticias\/#\/schema\/logo\/image\/","url":"https:\/\/files.sunoresearch.com.br\/n\/uploads\/2021\/09\/suno-logo.png","contentUrl":"https:\/\/files.sunoresearch.com.br\/n\/uploads\/2021\/09\/suno-logo.png","width":180,"height":180,"caption":"Suno Not\u00edcias"},"image":{"@id":"https:\/\/www.suno.com.br\/noticias\/#\/schema\/logo\/image\/"},"sameAs":["https:\/\/facebook.com\/sunoresearch","https:\/\/x.com\/sunoresearch","https:\/\/www.instagram.com\/suno","https:\/\/www.linkedin.com\/company\/suno-research\/","https:\/\/www.youtube.com\/c\/sunoresearch"]},{"@type":"Person","@id":"https:\/\/www.suno.com.br\/noticias\/#\/schema\/person\/1db762f78ffd8919a648a63e425953e3","name":"Juliano Passaro","image":{"@type":"ImageObject","inLanguage":"pt-BR","@id":"https:\/\/www.suno.com.br\/noticias\/#\/schema\/person\/image\/","url":"https:\/\/secure.gravatar.com\/avatar\/743d4df28eebf6dcc46b4ad03c319e92?s=96&r=g","contentUrl":"https:\/\/secure.gravatar.com\/avatar\/743d4df28eebf6dcc46b4ad03c319e92?s=96&r=g","caption":"Juliano Passaro"},"description":"Juliano Passaro escreve sobre pol\u00edtica, economia e neg\u00f3cios para o portal da Suno Research. Antes da Suno, trabalhou no Portal da Band. \u00c9 formado em jornalismo pela Universidade Presbiteriana Mackenzie.","url":"https:\/\/www.suno.com.br\/noticias\/author\/juliano\/"}]}},"default_loop_html":"<div class=\"cardsPage__listCard__boxs\"><div class=\"cardsPage__listCard__boxs__img\"><a href=\"https:\/\/www.suno.com.br\/noticias\/agenda-do-dia-odebrecht-b3-cielo-vale-reforma-tributaria-250919\/\"><img class=\"mask\" src=\"https:\/\/www.suno.com.br\/noticias\/wp-content\/themes\/suno\/resources\/images\/spotlight\/spotlight1img\/bg-mask.png\" alt=\"Image Mask\"\/><img src=\"https:\/\/files.sunoresearch.com.br\/n\/uploads\/2019\/02\/dc07e48d-odebrecht-400x200.webp\" alt=\"Agenda do Dia: Odebrecht; B3; Cielo; Vale; reforma tribut\u00e1ria; Oi\"\/><\/a><span class=\"spotlightCategory\"><a href=\"https:\/\/www.suno.com.br\/noticias\/negocios\/\">Neg\u00f3cios<\/a><\/span><\/div><div class=\"cardsPage__listCard__boxs__content\"><a href=\"https:\/\/www.suno.com.br\/noticias\/agenda-do-dia-odebrecht-b3-cielo-vale-reforma-tributaria-250919\/\"><h2 class=\"content__title\">Agenda do Dia: Odebrecht; B3; Cielo; Vale; reforma tribut\u00e1ria; Oi<\/h2><\/a><div class=\"newsContent__article__meta\"><div class=\"newsContent__article__meta__authorBox\"><a href=\"https:\/\/www.suno.com.br\/noticias\/author\/juliano\/\" class=\"authorBox__avatar noMobi\"><img src=\"https:\/\/files.sunoresearch.com.br\/n\/uploads\/2019\/06\/7cc3efea-whatsapp-image-2019-07-18-at-21.59.33-e1563499821209-150x150.webp\" alt=\"Juliano Passaro\"><\/a><div class=\"authorBox__name\"><span>por\n\t\t\t<a href=\"https:\/\/www.suno.com.br\/noticias\/author\/juliano\/\"><span itemprop=\"author\">Juliano Passaro<\/span><\/a><\/span><time datetime=\"2019-09-25T08:48:33-03:00\" itemprop=\"datePublished\">25\/09\/2019 08:48<\/time><\/div><\/div><\/div><\/div><\/div>","single_layout":"posts","amp_enabled":true,"_links":{"self":[{"href":"https:\/\/www.suno.com.br\/noticias\/wp-json\/wp\/v2\/posts\/38784"}],"collection":[{"href":"https:\/\/www.suno.com.br\/noticias\/wp-json\/wp\/v2\/posts"}],"about":[{"href":"https:\/\/www.suno.com.br\/noticias\/wp-json\/wp\/v2\/types\/post"}],"author":[{"embeddable":true,"href":"https:\/\/www.suno.com.br\/noticias\/wp-json\/wp\/v2\/users\/19"}],"replies":[{"embeddable":true,"href":"https:\/\/www.suno.com.br\/noticias\/wp-json\/wp\/v2\/comments?post=38784"}],"version-history":[{"count":1,"href":"https:\/\/www.suno.com.br\/noticias\/wp-json\/wp\/v2\/posts\/38784\/revisions"}],"predecessor-version":[{"id":157702,"href":"https:\/\/www.suno.com.br\/noticias\/wp-json\/wp\/v2\/posts\/38784\/revisions\/157702"}],"wp:featuredmedia":[{"embeddable":true,"href":"https:\/\/www.suno.com.br\/noticias\/wp-json\/wp\/v2\/media\/15570"}],"wp:attachment":[{"href":"https:\/\/www.suno.com.br\/noticias\/wp-json\/wp\/v2\/media?parent=38784"}],"wp:term":[{"taxonomy":"category","embeddable":true,"href":"https:\/\/www.suno.com.br\/noticias\/wp-json\/wp\/v2\/categories?post=38784"},{"taxonomy":"post_tag","embeddable":true,"href":"https:\/\/www.suno.com.br\/noticias\/wp-json\/wp\/v2\/tags?post=38784"},{"taxonomy":"suno_strategy","embeddable":true,"href":"https:\/\/www.suno.com.br\/noticias\/wp-json\/wp\/v2\/suno_strategy?post=38784"}],"curies":[{"name":"wp","href":"https:\/\/api.w.org\/{rel}","templated":true}]}}