{"id":38781,"date":"2019-09-25T09:11:25","date_gmt":"2019-09-25T12:11:25","guid":{"rendered":"https:\/\/www.suno.com.br\/noticias\/?p=38781"},"modified":"2019-09-30T12:48:32","modified_gmt":"2019-09-30T15:48:32","slug":"b3-quer-criar-acao-ordinaria-potencializada","status":"publish","type":"post","link":"https:\/\/www.suno.com.br\/noticias\/b3-quer-criar-acao-ordinaria-potencializada\/","title":{"rendered":"B3 quer criar a\u00e7\u00e3o ordin\u00e1ria potencializada na Bolsa de Valores"},"content":{"rendered":"<p>A\u00a0<a href=\"https:\/\/www.suno.com.br\/artigos\/b3\/\">Bolsa de Valores de S\u00e3o Paulo (B3)<\/a>, anunciou a inten\u00e7\u00e3o de criar uma a\u00e7\u00e3o &#8220;super ON&#8221;. Isso faria com que empresas poderiam realizar suas <a href=\"https:\/\/www.suno.com.br\/artigos\/vale-pena-investir-em-um-ipo\/\">ofertas iniciais de a\u00e7\u00f5es (IPO)<\/a> de mais de 50% de suas a\u00e7\u00f5es, sem que o controlador original perdesse o controle da empresa, como acontece nos <strong>Estados Unidos<\/strong>.<\/p>\t<div class=\"wrapper-featured-image\">\n\t\t<figure class=\"spotlightImg\">\n\n\t\t\t<picture>\n\t\t\t\t<source media=\"(max-width: 768px)\" srcset=\"https:\/\/files.sunoresearch.com.br\/n\/uploads\/2019\/08\/6cf70dbf-b3-400x200.webp\">\n\t\t\t\t<img loading=\"lazy\" decoding=\"async\" class=\"newsContent__article__imgCapa lazyloadDisabled newsContent__article__imgCapa--noCaption\" src=\"https:\/\/files.sunoresearch.com.br\/n\/uploads\/2019\/08\/6cf70dbf-b3-800x450.webp\" width=\"800\" height=\"450\" alt=\"B3 quer criar a\u00e7\u00e3o ordin\u00e1ria potencializada na Bolsa de Valores\" fetchpriority=high \/>\n\t\t\t<\/picture>\n\n\t\t\t<figcaption class=\"wp-caption-text wp-caption-text--hide\">A CVM informou que setembro registrou um recorde mensal de IPOs<\/figcaption>\n\t\t<\/figure>\n\t<\/div>\n\n\n\n<p>Segundo o <a href=\"https:\/\/www.suno.com.br\/artigos\/ceo\/\">CEO<\/a> da <strong>B3<\/strong>, Gilson Finkelsztain, em entrevista \u00e0 &#8220;Exame&#8221;, \u201cem empresas em que o fundador tem um papel importante, ele poderia pulverizar o capital e manter o controle da companhia com 10% [das a\u00e7\u00f5es]\u201d.<\/p>\n<p>O ativo &#8220;super ON&#8221; \u00e9 uma esp\u00e9cie de <a href=\"https:\/\/www.suno.com.br\/artigos\/o-que-sao-acoes-ordinarias-preferenciais-e-units\/\">a\u00e7\u00e3o ordin\u00e1ria (ON)<\/a>, por\u00e9m, que proporciona um direito a mais votos do que o habitual.<\/p>\n<p>O papel proporciona maior poder ao controlador, j\u00e1 que tem maior peso na hora de decidir o futuro da companhia em compara\u00e7\u00e3o aos outros acionistas. Entretanto, os <a href=\"https:\/\/www.suno.com.br\/artigos\/dividendos\/\">dividendos<\/a> n\u00e3o ser\u00e3o repartidos na mesma propor\u00e7\u00e3o do n\u00famero de votos.<\/p>\n<h2>B3 se espelha em mercados de capitais internacionais<\/h2>\n<p>Essa estrutura do mercado de capitais j\u00e1 acontece fora do Brasil com certa regularidade. <strong>Google<\/strong> e <strong>Facebook<\/strong>, por exemplo, gigantes do segmento de tecnologia, j\u00e1 adotaram essa categoria de capitaliza\u00e7\u00e3o.<\/p>\n\t<p>\n\t\t<a href=\"https:\/\/lp.suno.com.br\/ebook-como-analisar-uma-acao\/\" target=\"_blank\" data-element=\"shortcode-suno-banner\" title=\"Banner SUNO, clique e saiba mais\">\n\t\t\t<picture>\n\t\t\t\t<source media=\"(max-width: 500px)\" srcset=\"https:\/\/files.sunoresearch.com.br\/n\/uploads\/2023\/12\/Ebook-Acoes-Mobile.jpg\">\n\t\t\t\t<img class=\"newsContent__article__imgCapa newsContent__article__imgCapa--banner\"\n\t\t\t\t\tsrc=\"https:\/\/files.sunoresearch.com.br\/n\/uploads\/2023\/12\/Ebook-Acoes-Desktop.webp\"\n\t\t\t\t\tdata-promo-id=\"311260\"\t\t\t\t\t\t\t\t\t\twidth='1420' height='286'\t\t\t\t\talt=\"https:\/\/files.sunoresearch.com.br\/n\/uploads\/2023\/12\/Ebook-Acoes-Desktop.webp\"\n\t\t\t\t>\n\t\t\t<\/picture>\n\t\t<\/a>\n\t<\/p>\n\n\n<p>Em n\u00famero de votos, cada papel de <a href=\"https:\/\/www.suno.com.br\/tudo-sobre\/mark-zuckerberg\/\">Mark Zuckerberg<\/a>, CEO da maior rede social do mundo, pesa 10 vezes mais que uma a\u00e7\u00e3o comum. A regra garante autonomia nas decis\u00f5es sem que ele possua mais de 20% das a\u00e7\u00f5es da companhia. Recentemente, inclusive, acionistas do <strong>Facebook<\/strong> pressionaram a companhia para que o criador da rede social diminu\u00edsse seu controle sobre a empresa.<\/p>\n<p>No caso do Google, o poder de voto tamb\u00e9m est\u00e1 concentrado no trio Sergey Brin, <strong>Larry Page<\/strong> e Eric Schmidt, que possui as a\u00e7\u00f5es &#8220;superordin\u00e1rias&#8221; da <strong>Alphabet<\/strong>, sua controladora.<\/p>\n<p><a href=\"https:\/\/www.suno.com.br\/noticias\/wework-neumann-renuncia-presidencia-executiva\/\">Veja tamb\u00e9m: WeWork: Neumann renuncia presid\u00eancia-executiva<\/a><\/p>\n<p>Nos dois casos, os controladores podem ser pressionados por resultados, mas a possibilidade de eles serem retirados de suas companhias \u00e9 praticamente nula.<\/p>\n<h2>Barreiras legislativas<\/h2>\n<p>A implementa\u00e7\u00e3o da nova categoria de a\u00e7\u00f5es, no entanto, ser\u00e1 complicada. A proposta precisa passar pelo <strong>Congresso<\/strong>, j\u00e1 que esbarra na lei federal 6.404\/1976, que, entre outras coisas, impede mais de um voto por a\u00e7\u00e3o.<\/p>\n<p>Segundo a coordenadora do N\u00facleo de Estudos de Mercados e Investimentos da FGV\/Direito, Viviane Prado, em entrevista ao &#8220;Exame&#8221;, a poss\u00edvel mudan\u00e7a tamb\u00e9m \u00e9 contr\u00e1ria \u00e0 evolu\u00e7\u00e3o nos aspectos de <a href=\"https:\/\/www.suno.com.br\/artigos\/governanca-corporativa\/\">governan\u00e7a<\/a> no Brasil.<\/p>\n<p>Ela diz que antes era permitido emitir at\u00e9 dois ter\u00e7os de <strong>a\u00e7\u00f5es preferenciais (PN)<\/strong>, que eram priorit\u00e1rias na distribui\u00e7\u00e3o de dividendos, mas n\u00e3o garantem pode de voto.<\/p>\n<p><a href=\"https:\/\/www.suno.com.br\/noticias\/oi-fatiada-distribuida-vivo-claro-tim\/\">Confira: Oi pode ter suas opera\u00e7\u00f5es distribu\u00eddas entre Claro, Vivo e Tim, diz jornal<\/a><\/p>\n<p>\u201cEm 2001, mudaram para 50% de preferencias. Agora se v\u00ea um movimento de excluir as a\u00e7\u00f5es preferenciais como uma boa pr\u00e1tica de governan\u00e7a corporativa. Para se adotar esta estrutura norte-americana, \u00e9 preciso dar um passo atr\u00e1s de toda evolu\u00e7\u00e3o de nossas regras\u201d, explica a professora, em alus\u00e3o \u00e0 proposta da <strong>B3<\/strong>.<\/p>\n","protected":false},"excerpt":{"rendered":"<p>A\u00a0Bolsa de Valores de S\u00e3o Paulo (B3), anunciou a inten\u00e7\u00e3o de criar uma a\u00e7\u00e3o &#8220;super ON&#8221;. Isso faria com que empresas poderiam realizar suas ofertas iniciais de a\u00e7\u00f5es (IPO) de mais de 50% de suas a\u00e7\u00f5es, sem que o controlador original perdesse o controle da empresa, como acontece nos Estados Unidos. A CVM informou que [&hellip;]<\/p>\n","protected":false},"author":24,"featured_media":35465,"comment_status":"closed","ping_status":"closed","sticky":false,"template":"","format":"standard","meta":[],"categories":[64],"tags":[1595,367,309],"suno_strategy":[],"class_list":["post-38781","post","type-post","status-publish","format-standard","has-post-thumbnail","hentry","category-negocios","tag-acoes-ordinarias","tag-b3-b3sa3","tag-bolsa-de-valores"],"yoast_head":"<!-- This site is optimized with the Yoast SEO plugin v24.4 - https:\/\/yoast.com\/wordpress\/plugins\/seo\/ -->\n<title>B3 quer criar a\u00e7\u00e3o ordin\u00e1ria potencializada na Bolsa de Valores<\/title>\n<meta name=\"description\" content=\"A B3, a Bolsa de Valores de S\u00e3o Paulo, pretende criar uma a\u00e7\u00e3o &quot;super ON&quot;, uma a\u00e7\u00e3o ordin\u00e1ria potencializada. Clique e saiba mais.\" \/>\n<meta name=\"robots\" content=\"index, follow, max-snippet:-1, max-image-preview:large, max-video-preview:-1\" \/>\n<link rel=\"canonical\" href=\"https:\/\/www.suno.com.br\/noticias\/b3-quer-criar-acao-ordinaria-potencializada\/\" \/>\n<meta property=\"og:locale\" content=\"pt_BR\" \/>\n<meta property=\"og:type\" content=\"article\" \/>\n<meta property=\"og:title\" content=\"B3 quer criar a\u00e7\u00e3o ordin\u00e1ria potencializada na Bolsa de Valores\" \/>\n<meta property=\"og:description\" content=\"A B3, a Bolsa de Valores de S\u00e3o Paulo, pretende criar uma a\u00e7\u00e3o &quot;super ON&quot;, uma a\u00e7\u00e3o ordin\u00e1ria potencializada. Clique e saiba mais.\" \/>\n<meta property=\"og:url\" content=\"https:\/\/www.suno.com.br\/noticias\/b3-quer-criar-acao-ordinaria-potencializada\/\" \/>\n<meta property=\"og:site_name\" content=\"Suno Not\u00edcias\" \/>\n<meta property=\"article:publisher\" content=\"https:\/\/facebook.com\/sunoresearch\" \/>\n<meta property=\"og:image\" content=\"https:\/\/files.sunoresearch.com.br\/n\/uploads\/2019\/08\/6cf70dbf-b3-1024x683.jpg\" \/>\n\t<meta property=\"og:image:width\" content=\"1024\" \/>\n\t<meta property=\"og:image:height\" content=\"683\" \/>\n\t<meta property=\"og:image:type\" content=\"image\/jpeg\" \/>\n<meta name=\"author\" content=\"Jader Lazarini\" \/>\n<meta name=\"twitter:card\" content=\"summary_large_image\" \/>\n<meta name=\"twitter:creator\" content=\"@sunoresearch\" \/>\n<meta name=\"twitter:site\" content=\"@sunoresearch\" \/>\n<meta name=\"twitter:label1\" content=\"Escrito por\" \/>\n\t<meta name=\"twitter:data1\" content=\"Jader Lazarini\" \/>\n\t<meta name=\"twitter:label2\" content=\"Est. tempo de leitura\" \/>\n\t<meta name=\"twitter:data2\" content=\"3 minutos\" \/>\n<script type=\"application\/ld+json\" class=\"yoast-schema-graph\">{\"@context\":\"https:\/\/schema.org\",\"@graph\":[{\"@type\":\"NewsArticle\",\"@id\":\"https:\/\/www.suno.com.br\/noticias\/b3-quer-criar-acao-ordinaria-potencializada\/#article\",\"isPartOf\":{\"@id\":\"https:\/\/www.suno.com.br\/noticias\/b3-quer-criar-acao-ordinaria-potencializada\/\"},\"author\":{\"name\":\"Jader Lazarini\",\"@id\":\"https:\/\/www.suno.com.br\/noticias\/#\/schema\/person\/918d79de1f0281f01599b93f9ea6e23f\"},\"headline\":\"B3 quer criar a\u00e7\u00e3o ordin\u00e1ria potencializada na Bolsa de Valores\",\"datePublished\":\"2019-09-25T12:11:25+00:00\",\"dateModified\":\"2019-09-30T15:48:32+00:00\",\"mainEntityOfPage\":{\"@id\":\"https:\/\/www.suno.com.br\/noticias\/b3-quer-criar-acao-ordinaria-potencializada\/\"},\"wordCount\":522,\"publisher\":{\"@id\":\"https:\/\/www.suno.com.br\/noticias\/#organization\"},\"image\":{\"@id\":\"https:\/\/www.suno.com.br\/noticias\/b3-quer-criar-acao-ordinaria-potencializada\/#primaryimage\"},\"thumbnailUrl\":\"https:\/\/files.sunoresearch.com.br\/n\/uploads\/2019\/08\/6cf70dbf-b3-scaled.webp\",\"keywords\":[\"a\u00e7\u00f5es ordin\u00e1rias\",\"B3 (B3SA3)\",\"Bolsa de Valores\"],\"articleSection\":[\"Neg\u00f3cios\"],\"inLanguage\":\"pt-BR\"},{\"@type\":\"WebPage\",\"@id\":\"https:\/\/www.suno.com.br\/noticias\/b3-quer-criar-acao-ordinaria-potencializada\/\",\"url\":\"https:\/\/www.suno.com.br\/noticias\/b3-quer-criar-acao-ordinaria-potencializada\/\",\"name\":\"B3 quer criar a\u00e7\u00e3o ordin\u00e1ria potencializada na Bolsa de Valores\",\"isPartOf\":{\"@id\":\"https:\/\/www.suno.com.br\/noticias\/#website\"},\"primaryImageOfPage\":{\"@id\":\"https:\/\/www.suno.com.br\/noticias\/b3-quer-criar-acao-ordinaria-potencializada\/#primaryimage\"},\"image\":{\"@id\":\"https:\/\/www.suno.com.br\/noticias\/b3-quer-criar-acao-ordinaria-potencializada\/#primaryimage\"},\"thumbnailUrl\":\"https:\/\/files.sunoresearch.com.br\/n\/uploads\/2019\/08\/6cf70dbf-b3-scaled.webp\",\"datePublished\":\"2019-09-25T12:11:25+00:00\",\"dateModified\":\"2019-09-30T15:48:32+00:00\",\"description\":\"A B3, a Bolsa de Valores de S\u00e3o Paulo, pretende criar uma a\u00e7\u00e3o \\\"super ON\\\", uma a\u00e7\u00e3o ordin\u00e1ria potencializada. Clique e saiba mais.\",\"breadcrumb\":{\"@id\":\"https:\/\/www.suno.com.br\/noticias\/b3-quer-criar-acao-ordinaria-potencializada\/#breadcrumb\"},\"inLanguage\":\"pt-BR\",\"potentialAction\":[{\"@type\":\"ReadAction\",\"target\":[\"https:\/\/www.suno.com.br\/noticias\/b3-quer-criar-acao-ordinaria-potencializada\/\"]}]},{\"@type\":\"ImageObject\",\"inLanguage\":\"pt-BR\",\"@id\":\"https:\/\/www.suno.com.br\/noticias\/b3-quer-criar-acao-ordinaria-potencializada\/#primaryimage\",\"url\":\"https:\/\/files.sunoresearch.com.br\/n\/uploads\/2019\/08\/6cf70dbf-b3-scaled.webp\",\"contentUrl\":\"https:\/\/files.sunoresearch.com.br\/n\/uploads\/2019\/08\/6cf70dbf-b3-scaled.webp\",\"width\":2560,\"height\":1707,\"caption\":\"A CVM informou que setembro registrou um recorde mensal de IPOs\"},{\"@type\":\"BreadcrumbList\",\"@id\":\"https:\/\/www.suno.com.br\/noticias\/b3-quer-criar-acao-ordinaria-potencializada\/#breadcrumb\",\"itemListElement\":[{\"@type\":\"ListItem\",\"position\":1,\"name\":\"Not\u00edcias\",\"item\":\"https:\/\/www.suno.com.br\/noticias\/\"},{\"@type\":\"ListItem\",\"position\":2,\"name\":\"Neg\u00f3cios\",\"item\":\"https:\/\/www.suno.com.br\/noticias\/negocios\/\"},{\"@type\":\"ListItem\",\"position\":3,\"name\":\"B3 quer criar a\u00e7\u00e3o ordin\u00e1ria potencializada na Bolsa de Valores\"}]},{\"@type\":\"WebSite\",\"@id\":\"https:\/\/www.suno.com.br\/noticias\/#website\",\"url\":\"https:\/\/www.suno.com.br\/noticias\/\",\"name\":\"Suno Not\u00edcias\",\"description\":\"Seu portal de informa\u00e7\u00e3o sobre o mundo dos investimentos\",\"publisher\":{\"@id\":\"https:\/\/www.suno.com.br\/noticias\/#organization\"},\"potentialAction\":[{\"@type\":\"SearchAction\",\"target\":{\"@type\":\"EntryPoint\",\"urlTemplate\":\"https:\/\/www.suno.com.br\/noticias\/?s={search_term_string}\"},\"query-input\":{\"@type\":\"PropertyValueSpecification\",\"valueRequired\":true,\"valueName\":\"search_term_string\"}}],\"inLanguage\":\"pt-BR\"},{\"@type\":\"Organization\",\"@id\":\"https:\/\/www.suno.com.br\/noticias\/#organization\",\"name\":\"Suno Not\u00edcias\",\"url\":\"https:\/\/www.suno.com.br\/noticias\/\",\"logo\":{\"@type\":\"ImageObject\",\"inLanguage\":\"pt-BR\",\"@id\":\"https:\/\/www.suno.com.br\/noticias\/#\/schema\/logo\/image\/\",\"url\":\"https:\/\/files.sunoresearch.com.br\/n\/uploads\/2021\/09\/suno-logo.png\",\"contentUrl\":\"https:\/\/files.sunoresearch.com.br\/n\/uploads\/2021\/09\/suno-logo.png\",\"width\":180,\"height\":180,\"caption\":\"Suno Not\u00edcias\"},\"image\":{\"@id\":\"https:\/\/www.suno.com.br\/noticias\/#\/schema\/logo\/image\/\"},\"sameAs\":[\"https:\/\/facebook.com\/sunoresearch\",\"https:\/\/x.com\/sunoresearch\",\"https:\/\/www.instagram.com\/suno\",\"https:\/\/www.linkedin.com\/company\/suno-research\/\",\"https:\/\/www.youtube.com\/c\/sunoresearch\"]},{\"@type\":\"Person\",\"@id\":\"https:\/\/www.suno.com.br\/noticias\/#\/schema\/person\/918d79de1f0281f01599b93f9ea6e23f\",\"name\":\"Jader Lazarini\",\"image\":{\"@type\":\"ImageObject\",\"inLanguage\":\"pt-BR\",\"@id\":\"https:\/\/www.suno.com.br\/noticias\/#\/schema\/person\/image\/\",\"url\":\"https:\/\/secure.gravatar.com\/avatar\/3c1ad8caa51589841baeb923fcddea97?s=96&r=g\",\"contentUrl\":\"https:\/\/secure.gravatar.com\/avatar\/3c1ad8caa51589841baeb923fcddea97?s=96&r=g\",\"caption\":\"Jader Lazarini\"},\"description\":\"Jader Lazarini escreve sobre investimentos, finan\u00e7as, economia e neg\u00f3cios. \u00c9 bacharel em Rela\u00e7\u00f5es Internacionais e analista CNPI (2619).\",\"url\":\"https:\/\/www.suno.com.br\/noticias\/author\/jader-lazarini\/\"}]}<\/script>\n<!-- \/ Yoast SEO plugin. -->","yoast_head_json":{"title":"B3 quer criar a\u00e7\u00e3o ordin\u00e1ria potencializada na Bolsa de Valores","description":"A B3, a Bolsa de Valores de S\u00e3o Paulo, pretende criar uma a\u00e7\u00e3o \"super ON\", uma a\u00e7\u00e3o ordin\u00e1ria potencializada. Clique e saiba mais.","robots":{"index":"index","follow":"follow","max-snippet":"max-snippet:-1","max-image-preview":"max-image-preview:large","max-video-preview":"max-video-preview:-1"},"canonical":"https:\/\/www.suno.com.br\/noticias\/b3-quer-criar-acao-ordinaria-potencializada\/","og_locale":"pt_BR","og_type":"article","og_title":"B3 quer criar a\u00e7\u00e3o ordin\u00e1ria potencializada na Bolsa de Valores","og_description":"A B3, a Bolsa de Valores de S\u00e3o Paulo, pretende criar uma a\u00e7\u00e3o \"super ON\", uma a\u00e7\u00e3o ordin\u00e1ria potencializada. Clique e saiba mais.","og_url":"https:\/\/www.suno.com.br\/noticias\/b3-quer-criar-acao-ordinaria-potencializada\/","og_site_name":"Suno Not\u00edcias","article_publisher":"https:\/\/facebook.com\/sunoresearch","og_image":[{"width":1024,"height":683,"url":"https:\/\/files.sunoresearch.com.br\/n\/uploads\/2019\/08\/6cf70dbf-b3-1024x683.jpg","type":"image\/jpeg"}],"author":"Jader Lazarini","twitter_card":"summary_large_image","twitter_creator":"@sunoresearch","twitter_site":"@sunoresearch","twitter_misc":{"Escrito por":"Jader Lazarini","Est. tempo de leitura":"3 minutos"},"schema":{"@context":"https:\/\/schema.org","@graph":[{"@type":"NewsArticle","@id":"https:\/\/www.suno.com.br\/noticias\/b3-quer-criar-acao-ordinaria-potencializada\/#article","isPartOf":{"@id":"https:\/\/www.suno.com.br\/noticias\/b3-quer-criar-acao-ordinaria-potencializada\/"},"author":{"name":"Jader Lazarini","@id":"https:\/\/www.suno.com.br\/noticias\/#\/schema\/person\/918d79de1f0281f01599b93f9ea6e23f"},"headline":"B3 quer criar a\u00e7\u00e3o ordin\u00e1ria potencializada na Bolsa de Valores","datePublished":"2019-09-25T12:11:25+00:00","dateModified":"2019-09-30T15:48:32+00:00","mainEntityOfPage":{"@id":"https:\/\/www.suno.com.br\/noticias\/b3-quer-criar-acao-ordinaria-potencializada\/"},"wordCount":522,"publisher":{"@id":"https:\/\/www.suno.com.br\/noticias\/#organization"},"image":{"@id":"https:\/\/www.suno.com.br\/noticias\/b3-quer-criar-acao-ordinaria-potencializada\/#primaryimage"},"thumbnailUrl":"https:\/\/files.sunoresearch.com.br\/n\/uploads\/2019\/08\/6cf70dbf-b3-scaled.webp","keywords":["a\u00e7\u00f5es ordin\u00e1rias","B3 (B3SA3)","Bolsa de Valores"],"articleSection":["Neg\u00f3cios"],"inLanguage":"pt-BR"},{"@type":"WebPage","@id":"https:\/\/www.suno.com.br\/noticias\/b3-quer-criar-acao-ordinaria-potencializada\/","url":"https:\/\/www.suno.com.br\/noticias\/b3-quer-criar-acao-ordinaria-potencializada\/","name":"B3 quer criar a\u00e7\u00e3o ordin\u00e1ria potencializada na Bolsa de Valores","isPartOf":{"@id":"https:\/\/www.suno.com.br\/noticias\/#website"},"primaryImageOfPage":{"@id":"https:\/\/www.suno.com.br\/noticias\/b3-quer-criar-acao-ordinaria-potencializada\/#primaryimage"},"image":{"@id":"https:\/\/www.suno.com.br\/noticias\/b3-quer-criar-acao-ordinaria-potencializada\/#primaryimage"},"thumbnailUrl":"https:\/\/files.sunoresearch.com.br\/n\/uploads\/2019\/08\/6cf70dbf-b3-scaled.webp","datePublished":"2019-09-25T12:11:25+00:00","dateModified":"2019-09-30T15:48:32+00:00","description":"A B3, a Bolsa de Valores de S\u00e3o Paulo, pretende criar uma a\u00e7\u00e3o \"super ON\", uma a\u00e7\u00e3o ordin\u00e1ria potencializada. Clique e saiba mais.","breadcrumb":{"@id":"https:\/\/www.suno.com.br\/noticias\/b3-quer-criar-acao-ordinaria-potencializada\/#breadcrumb"},"inLanguage":"pt-BR","potentialAction":[{"@type":"ReadAction","target":["https:\/\/www.suno.com.br\/noticias\/b3-quer-criar-acao-ordinaria-potencializada\/"]}]},{"@type":"ImageObject","inLanguage":"pt-BR","@id":"https:\/\/www.suno.com.br\/noticias\/b3-quer-criar-acao-ordinaria-potencializada\/#primaryimage","url":"https:\/\/files.sunoresearch.com.br\/n\/uploads\/2019\/08\/6cf70dbf-b3-scaled.webp","contentUrl":"https:\/\/files.sunoresearch.com.br\/n\/uploads\/2019\/08\/6cf70dbf-b3-scaled.webp","width":2560,"height":1707,"caption":"A CVM informou que setembro registrou um recorde mensal de IPOs"},{"@type":"BreadcrumbList","@id":"https:\/\/www.suno.com.br\/noticias\/b3-quer-criar-acao-ordinaria-potencializada\/#breadcrumb","itemListElement":[{"@type":"ListItem","position":1,"name":"Not\u00edcias","item":"https:\/\/www.suno.com.br\/noticias\/"},{"@type":"ListItem","position":2,"name":"Neg\u00f3cios","item":"https:\/\/www.suno.com.br\/noticias\/negocios\/"},{"@type":"ListItem","position":3,"name":"B3 quer criar a\u00e7\u00e3o ordin\u00e1ria potencializada na Bolsa de Valores"}]},{"@type":"WebSite","@id":"https:\/\/www.suno.com.br\/noticias\/#website","url":"https:\/\/www.suno.com.br\/noticias\/","name":"Suno Not\u00edcias","description":"Seu portal de informa\u00e7\u00e3o sobre o mundo dos investimentos","publisher":{"@id":"https:\/\/www.suno.com.br\/noticias\/#organization"},"potentialAction":[{"@type":"SearchAction","target":{"@type":"EntryPoint","urlTemplate":"https:\/\/www.suno.com.br\/noticias\/?s={search_term_string}"},"query-input":{"@type":"PropertyValueSpecification","valueRequired":true,"valueName":"search_term_string"}}],"inLanguage":"pt-BR"},{"@type":"Organization","@id":"https:\/\/www.suno.com.br\/noticias\/#organization","name":"Suno Not\u00edcias","url":"https:\/\/www.suno.com.br\/noticias\/","logo":{"@type":"ImageObject","inLanguage":"pt-BR","@id":"https:\/\/www.suno.com.br\/noticias\/#\/schema\/logo\/image\/","url":"https:\/\/files.sunoresearch.com.br\/n\/uploads\/2021\/09\/suno-logo.png","contentUrl":"https:\/\/files.sunoresearch.com.br\/n\/uploads\/2021\/09\/suno-logo.png","width":180,"height":180,"caption":"Suno Not\u00edcias"},"image":{"@id":"https:\/\/www.suno.com.br\/noticias\/#\/schema\/logo\/image\/"},"sameAs":["https:\/\/facebook.com\/sunoresearch","https:\/\/x.com\/sunoresearch","https:\/\/www.instagram.com\/suno","https:\/\/www.linkedin.com\/company\/suno-research\/","https:\/\/www.youtube.com\/c\/sunoresearch"]},{"@type":"Person","@id":"https:\/\/www.suno.com.br\/noticias\/#\/schema\/person\/918d79de1f0281f01599b93f9ea6e23f","name":"Jader Lazarini","image":{"@type":"ImageObject","inLanguage":"pt-BR","@id":"https:\/\/www.suno.com.br\/noticias\/#\/schema\/person\/image\/","url":"https:\/\/secure.gravatar.com\/avatar\/3c1ad8caa51589841baeb923fcddea97?s=96&r=g","contentUrl":"https:\/\/secure.gravatar.com\/avatar\/3c1ad8caa51589841baeb923fcddea97?s=96&r=g","caption":"Jader Lazarini"},"description":"Jader Lazarini escreve sobre investimentos, finan\u00e7as, economia e neg\u00f3cios. \u00c9 bacharel em Rela\u00e7\u00f5es Internacionais e analista CNPI (2619).","url":"https:\/\/www.suno.com.br\/noticias\/author\/jader-lazarini\/"}]}},"default_loop_html":"<div class=\"cardsPage__listCard__boxs\"><div class=\"cardsPage__listCard__boxs__img\"><a href=\"https:\/\/www.suno.com.br\/noticias\/b3-quer-criar-acao-ordinaria-potencializada\/\"><img class=\"mask\" src=\"https:\/\/www.suno.com.br\/noticias\/wp-content\/themes\/suno\/resources\/images\/spotlight\/spotlight1img\/bg-mask.png\" alt=\"Image Mask\"\/><img src=\"https:\/\/files.sunoresearch.com.br\/n\/uploads\/2019\/08\/6cf70dbf-b3-400x200.webp\" alt=\"B3 quer criar a\u00e7\u00e3o ordin\u00e1ria potencializada na Bolsa de Valores\"\/><\/a><span class=\"spotlightCategory\"><a href=\"https:\/\/www.suno.com.br\/noticias\/negocios\/\">Neg\u00f3cios<\/a><\/span><\/div><div class=\"cardsPage__listCard__boxs__content\"><a href=\"https:\/\/www.suno.com.br\/noticias\/b3-quer-criar-acao-ordinaria-potencializada\/\"><h2 class=\"content__title\">B3 quer criar a\u00e7\u00e3o ordin\u00e1ria potencializada na Bolsa de Valores<\/h2><\/a><div class=\"newsContent__article__meta\"><div class=\"newsContent__article__meta__authorBox\"><a href=\"https:\/\/www.suno.com.br\/noticias\/author\/jader-lazarini\/\" class=\"authorBox__avatar noMobi\"><img src=\"https:\/\/files.sunoresearch.com.br\/n\/uploads\/2021\/01\/178e6598-foto-perfil-2-150x150.jpg\" alt=\"Jader Lazarini\"><\/a><div class=\"authorBox__name\"><span>por\n\t\t\t<a href=\"https:\/\/www.suno.com.br\/noticias\/author\/jader-lazarini\/\"><span itemprop=\"author\">Jader Lazarini<\/span><\/a><\/span><time datetime=\"2019-09-25T09:11:25-03:00\" itemprop=\"datePublished\">25\/09\/2019 09:11<\/time><\/div><\/div><\/div><\/div><\/div>","single_layout":"posts","amp_enabled":true,"_links":{"self":[{"href":"https:\/\/www.suno.com.br\/noticias\/wp-json\/wp\/v2\/posts\/38781"}],"collection":[{"href":"https:\/\/www.suno.com.br\/noticias\/wp-json\/wp\/v2\/posts"}],"about":[{"href":"https:\/\/www.suno.com.br\/noticias\/wp-json\/wp\/v2\/types\/post"}],"author":[{"embeddable":true,"href":"https:\/\/www.suno.com.br\/noticias\/wp-json\/wp\/v2\/users\/24"}],"replies":[{"embeddable":true,"href":"https:\/\/www.suno.com.br\/noticias\/wp-json\/wp\/v2\/comments?post=38781"}],"version-history":[{"count":0,"href":"https:\/\/www.suno.com.br\/noticias\/wp-json\/wp\/v2\/posts\/38781\/revisions"}],"wp:featuredmedia":[{"embeddable":true,"href":"https:\/\/www.suno.com.br\/noticias\/wp-json\/wp\/v2\/media\/35465"}],"wp:attachment":[{"href":"https:\/\/www.suno.com.br\/noticias\/wp-json\/wp\/v2\/media?parent=38781"}],"wp:term":[{"taxonomy":"category","embeddable":true,"href":"https:\/\/www.suno.com.br\/noticias\/wp-json\/wp\/v2\/categories?post=38781"},{"taxonomy":"post_tag","embeddable":true,"href":"https:\/\/www.suno.com.br\/noticias\/wp-json\/wp\/v2\/tags?post=38781"},{"taxonomy":"suno_strategy","embeddable":true,"href":"https:\/\/www.suno.com.br\/noticias\/wp-json\/wp\/v2\/suno_strategy?post=38781"}],"curies":[{"name":"wp","href":"https:\/\/api.w.org\/{rel}","templated":true}]}}