{"id":387697,"date":"2023-04-10T21:28:46","date_gmt":"2023-04-11T00:28:46","guid":{"rendered":"https:\/\/www.suno.com.br\/noticias\/?p=387697"},"modified":"2023-04-10T21:28:58","modified_gmt":"2023-04-11T00:28:58","slug":"radar-marisa-amar3-petrobras-petr4-nubank-nubr33","status":"publish","type":"post","link":"https:\/\/www.suno.com.br\/noticias\/radar-marisa-amar3-petrobras-petr4-nubank-nubr33\/","title":{"rendered":"Radar: Marisa (AMAR3) diz como far\u00e1 a a\u00e7\u00e3o subir acima de R$ 1, venda de ativo da Petrobras (PETR4) \u00e9 questionada e Nubank (NUBR33) tem pre\u00e7o-alvo cortado"},"content":{"rendered":"<p>A&nbsp;<strong>Marisa<\/strong>&nbsp;(AMAR3) respondeu nesta segunda (10) ao of\u00edcio emitido pela&nbsp;<a target=\"_blank\" href=\"https:\/\/www.suno.com.br\/acoes\/B3SA3\/\" rel=\"noreferrer noopener\">B3 (B3SA3)<\/a>&nbsp;sobre as negocia\u00e7\u00f5es de suas a\u00e7\u00f5es. Entre os dias 09 de fevereiro a 24 de mar\u00e7o, a bolsa brasileira observou que os pap\u00e9is ficaram abaixo de R$ 1 e questionou a varejista.<\/p>\t<div class=\"wrapper-featured-image\">\n\t\t<figure class=\"spotlightImg\">\n\n\t\t\t<picture>\n\t\t\t\t<source media=\"(max-width: 768px)\" srcset=\"https:\/\/files.sunoresearch.com.br\/n\/uploads\/2021\/06\/3d482005-reproducao-site-lojas-marisa-400x200.webp\">\n\t\t\t\t<img loading=\"lazy\" decoding=\"async\" class=\"newsContent__article__imgCapa lazyloadDisabled \" src=\"https:\/\/files.sunoresearch.com.br\/n\/uploads\/2021\/06\/3d482005-reproducao-site-lojas-marisa-800x450.webp\" width=\"800\" height=\"450\" alt=\"Radar: Marisa (AMAR3) diz como far\u00e1 a a\u00e7\u00e3o subir acima de R$ 1, venda de ativo da Petrobras (PETR4) \u00e9 questionada e Nubank (NUBR33) tem pre\u00e7o-alvo cortado\" fetchpriority=high \/>\n\t\t\t<\/picture>\n\n\t\t\t<figcaption class=\"wp-caption-text wp-caption-text--show\">Marisa (AMAR3). Foto: Divulga\u00e7\u00e3o<\/figcaption>\n\t\t<\/figure>\n\t<\/div>\n\n\n\n\n\n\t<p>\n\t\t<a href=\"https:\/\/lp.suno.com.br\/planilha-da-vida-financeira\/\" target=\"_blank\" data-element=\"shortcode-suno-banner\" title=\"Banner SUNO, clique e saiba mais\">\n\t\t\t<picture>\n\t\t\t\t<source media=\"(max-width: 500px)\" srcset=\"https:\/\/files.sunoresearch.com.br\/n\/uploads\/2023\/04\/400x300-Planilha-vida-financeira-true.png\">\n\t\t\t\t<img class=\"newsContent__article__imgCapa newsContent__article__imgCapa--banner\"\n\t\t\t\t\tsrc=\"https:\/\/files.sunoresearch.com.br\/n\/uploads\/2023\/04\/1420x240-Planilha-vida-financeira-true.png\"\n\t\t\t\t\tdata-promo-id=\"106682\"\t\t\t\t\t\t\t\t\t\twidth='1420' height='240'\t\t\t\t\talt=\"https:\/\/files.sunoresearch.com.br\/n\/uploads\/2023\/04\/1420x240-Planilha-vida-financeira-true.png\"\n\t\t\t\t>\n\t\t\t<\/picture>\n\t\t<\/a>\n\t<\/p>\n\n\n\n\n\n\n\n<p>Embora n\u00e3o tenha apontado as raz\u00f5es para o baixo valor das a\u00e7\u00f5es, a Marisa comunicou que os resultados do novo plano de reestrutura\u00e7\u00e3o, j\u00e1 em curso e explicitado nos \u00faltimos avisos, \u201cdever\u00e1 ser suficiente para os investidores no mercado acion\u00e1rio reconhecerem o valor impl\u00edcito e elevarem a cota\u00e7\u00e3o das a\u00e7\u00f5es acima de R$ 1\u201d.<\/p>\n\n\n\n<p>Ainda no comunicado, a Marisa destaca que em termos de procedimentos e cronograma, seguir\u00e1 monitorando diariamente a cota\u00e7\u00e3o de suas a\u00e7\u00f5es. Al\u00e9m disso, a companhia diz que ir\u00e1 avaliar, ao longo dos pr\u00f3ximos meses at\u00e9 a data limite dada pela B3, de 27 de setembro, as alternativas indicadas para o enquadramento das cota\u00e7\u00f5es das a\u00e7\u00f5es, inclusive o procedimento de&nbsp;<a target=\"_blank\" href=\"https:\/\/www.suno.com.br\/artigos\/grupamento-de-acoes\/\" rel=\"noreferrer noopener\">grupamento de a\u00e7\u00f5es<\/a>.<\/p>\n\n\n\n<p>\u201cCaso ainda necess\u00e1rio, proceder\u00e1 com o grupamento de a\u00e7\u00f5es da Companhia, seguindo as orienta\u00e7\u00f5es da B3 e as determina\u00e7\u00f5es da assembleia de acionistas, at\u00e9 a data limite\u201d, pontua o&nbsp;<a href=\"https:\/\/www.suno.com.br\/artigos\/fato-relevante\/\" target=\"_blank\" rel=\"noreferrer noopener\">fato relevante<\/a>.<\/p>\n\n\n\n<p>Al\u00e9m da&nbsp;<strong>Marisa&nbsp;<\/strong>, confira outros destaques desta segunda-feira:<\/p>\n\n\n\n<h2 class=\"wp-block-heading\">Petrobras (PETR4): entidades v\u00e3o \u00e0 CVM e TCU por poss\u00edveis irregularidades na venda da SIX<\/h2>\n\n\n\n<ul class=\"wp-block-list\">\n<li>Nesta segunda-feira (10), duas entidades do setor petroleiro anunciaram que entraram com a\u00e7\u00f5es na&nbsp;<a href=\"https:\/\/www.suno.com.br\/artigos\/cvm\/\" target=\"_blank\" rel=\"noreferrer noopener\">Comiss\u00e3o de Valores Mobili\u00e1rios (CVM)<\/a>&nbsp;e no Tribunal de Contas da Uni\u00e3o (TCU) para averiguar irregularidades na venda feita pela&nbsp;<strong>Petrobras<\/strong>&nbsp;(PETR4) da Unidade de Industrializa\u00e7\u00e3o do Xisto (SIX), relativas \u00e0 pirataria industrial em neg\u00f3cios envolvendo a tecnologia Petrosix.<\/li>\n<\/ul>\n\n\n\n<ul class=\"wp-block-list\">\n<li>A Associa\u00e7\u00e3o Nacional dos Petroleiros Acionistas Minorit\u00e1rios da Petrobras (Anapetro) e a Federa\u00e7\u00e3o \u00danica dos Petroleiros (FUP) apontam den\u00fancias feitas pelo&nbsp;<a href=\"https:\/\/www.agrandeguerra.com.br\/p\/o-obscuro-negocio-do-pai-da-juiza\" target=\"_blank\" rel=\"noreferrer noopener\">jornalista Leandro Demori, publicadas na semana passada<\/a>.<\/li>\n<\/ul>\n\n\n\n<ul class=\"wp-block-list\">\n<li>Segundo a reportagem, houve o favorecimento \u00e0 empreiteira Engevix e \u00e0 Irati Energy, subsidi\u00e1ria do grupo canadense Forbes &amp; Manhattan pela&nbsp;<strong>compra da SIX<\/strong>, em novembro do ano passado, por US$ 41,6 milh\u00f5es (R$ 210 milh\u00f5es) \u2014 valor considerado abaixo do pre\u00e7o de mercado.<\/li>\n<\/ul>\n\n\n\n<ul class=\"wp-block-list\">\n<li>Afinal, o lucro registrado pela SIX no \u00faltimo ano foi cerca de R$ 200 milh\u00f5es. \u201cAl\u00e9m disso, o pre\u00e7o de venda foi menos da metade do que a SIX desembolsou, no acordo com a Ag\u00eancia Nacional do Petr\u00f3leo (ANP), para sanar as d\u00edvidas relativas ao n\u00e3o recolhimento de royalties sobre as atividades de lavra do xisto durante o per\u00edodo entre 2002 e 2012 (R$ 540 milh\u00f5es)\u201d, afirma o presidente da Anapetro, Mario Dal Zot.<\/li>\n<\/ul>\n\n\n\n<h2 class=\"wp-block-heading\">Taesa (TAEE11) pode anunciar oferta de at\u00e9 R$ 2 bi em novas a\u00e7\u00f5es<\/h2>\n\n\n\n<ul class=\"wp-block-list\">\n<li>Com o objetivo de se preparar para leil\u00f5es de transmiss\u00e3o de energia, a&nbsp;<strong>Taesa<\/strong>&nbsp;(<a href=\"https:\/\/suno.com.br\/acoes\/taee11\/\" target=\"_blank\" rel=\"noreferrer noopener\">TAEE11<\/a>) quer fazer uma oferta de novas a\u00e7\u00f5es avaliada entre R$ 1,5 bilh\u00e3o ao R$ 2 bilh\u00f5es. As informa\u00e7\u00f5es foram divulgadas no domingo (9) e, nesta segunda (10), os pap\u00e9is amargam uma queda no Ibovespa hoje.<\/li>\n<\/ul>\n\n\n\n<ul class=\"wp-block-list\">\n<li>Por volta das 16h40 do Ibovespa hoje, as&nbsp;<strong>a\u00e7\u00f5es da Taesa<\/strong>&nbsp;eram negociadas em queda de 2,8%, ao pre\u00e7o de R$ 34,04.<\/li>\n<\/ul>\n\n\n\n<ul class=\"wp-block-list\">\n<li>Essa&nbsp;<strong>oferta de a\u00e7\u00f5es da Taesa<\/strong>&nbsp;deve ocorrer na segunda metade deste m\u00eas ou no pr\u00f3ximo, caso a empresa prefira aguardar a divulga\u00e7\u00e3o dos n\u00fameros do primeiro trimestre de 2023 (1T23), marcada para 3 de maio.<\/li>\n<\/ul>\n\n\n\n<ul class=\"wp-block-list\">\n<li>A informa\u00e7\u00e3o do poss\u00edvel&nbsp;<strong>follow-on da Taesa<\/strong>&nbsp;foi divulgada pelo Brazil Journal. De acordo com as fontes do ve\u00edculo, esses novos leil\u00f5es est\u00e3o previstos para 2023 e 2024, e os vencedores dever\u00e3o ter um&nbsp;<em>capex<\/em>&nbsp;de cerca de R$ 50 bilh\u00f5es.<\/li>\n<\/ul>\n\n\n\n<ul class=\"wp-block-list\">\n<li>Contudo, essa opera\u00e7\u00e3o n\u00e3o est\u00e1 atrelada aos planos da&nbsp;<a href=\"https:\/\/www.suno.com.br\/acoes\/CMIG4\/\" target=\"_blank\" rel=\"noreferrer noopener\">Cemig (CMIG4)<\/a>&nbsp;de eventualmente reduzir sua participa\u00e7\u00e3o na Taesa \u2014 a empresa mineira e a ISA det\u00e9m hoje 63% das a\u00e7\u00f5es votantes. Caso a Cemig siga com esse plano, uma nova&nbsp;<a href=\"https:\/\/www.suno.com.br\/artigos\/oferta-secundaria\/\" target=\"_blank\" rel=\"noreferrer noopener\">oferta secund\u00e1ria<\/a>&nbsp;de a\u00e7\u00f5es pode ocorrer ainda neste ano.<\/li>\n<\/ul>\n\n\n\n<ul class=\"wp-block-list\">\n<li>Ap\u00f3s ser questionada pela Comiss\u00e3o de Valores Mobili\u00e1rios (CVM), a empresa disse que \u201cbusca e avalia constantemente\u201d oportunidades de financiamento e otimiza\u00e7\u00e3o da sua estrutura de capital mas que, at\u00e9 o momento, \u201cn\u00e3o h\u00e1 qualquer decis\u00e3o formal sobre qualquer oferta p\u00fablica de a\u00e7\u00f5es, deb\u00eantures ou outros valores mobili\u00e1rios via distribui\u00e7\u00e3o em mercado de capitais\u201d. Confira o posicionamento na \u00edntegra:<\/li>\n<\/ul>\n\n\n\n<ul class=\"wp-block-list\">\n<li><em>Em resposta ao of\u00edcio, a Companhia esclarece que busca e avalia constantemente oportunidades e alternativas de financiamento e otimiza\u00e7\u00e3o da sua estrutura de capital, visando a execu\u00e7\u00e3o do seu planejamento estrat\u00e9gico baseado nos pilares de crescimento sustent\u00e1vel, excel\u00eancia operacional, disciplina financeira e gera\u00e7\u00e3o de valor.<\/em><\/li>\n<\/ul>\n\n\n\n<ul class=\"wp-block-list\">\n<li><em>A Taesa esclarece, contudo, que n\u00e3o h\u00e1 qualquer decis\u00e3o formal da Companhia nesta data sobre qualquer oferta p\u00fablica de a\u00e7\u00f5es, deb\u00eantures ou outros valores mobili\u00e1rios via distribui\u00e7\u00e3o em mercado de capitais. Tal decis\u00e3o est\u00e1 sujeita, dentre outros fatores, \u00e0 obten\u00e7\u00e3o das aprova\u00e7\u00f5es societ\u00e1rias necess\u00e1rias, a condi\u00e7\u00f5es pol\u00edticas e macroecon\u00f4micas favor\u00e1veis e ao interesse de investidores. A Companhia informa ainda que, caso tal oferta p\u00fablica ocorra, ela ser\u00e1 realizada nos termos da legisla\u00e7\u00e3o e regulamenta\u00e7\u00e3o aplic\u00e1vel.<\/em><\/li>\n<\/ul>\n\n\n\t<p>\n\t\t<a href=\"https:\/\/lp.suno.com.br\/ebook-como-analisar-uma-acao\/\" target=\"_blank\" data-element=\"shortcode-suno-banner\" title=\"Banner SUNO, clique e saiba mais\">\n\t\t\t<picture>\n\t\t\t\t<source media=\"(max-width: 500px)\" srcset=\"https:\/\/files.sunoresearch.com.br\/n\/uploads\/2023\/03\/Ebook-Acoes-Mobile.jpg\">\n\t\t\t\t<img class=\"newsContent__article__imgCapa newsContent__article__imgCapa--banner\"\n\t\t\t\t\tsrc=\"https:\/\/files.sunoresearch.com.br\/n\/uploads\/2023\/03\/Ebook-Acoes-Desktop.jpg\"\n\t\t\t\t\tdata-promo-id=\"378302\"\t\t\t\t\t\t\t\t\t\twidth='1420' height='286'\t\t\t\t\talt=\"https:\/\/files.sunoresearch.com.br\/n\/uploads\/2023\/03\/Ebook-Acoes-Desktop.jpg\"\n\t\t\t\t>\n\t\t\t<\/picture>\n\t\t<\/a>\n\t<\/p>\n\n\n\n\n\n<h2 class=\"wp-block-heading\">Nubank (NUBR33) tem pre\u00e7o-alvo cortado; grande impacto negativo pode atingir empresa, diz UBS-BB<\/h2>\n\n\n\n<ul class=\"wp-block-list\">\n<li>O time do UBS-BB cortou o pre\u00e7o-alvo das a\u00e7\u00f5es do&nbsp;<strong>Nubank&nbsp;<\/strong>(<a href=\"https:\/\/www.suno.com.br\/bdrs\/nubr33\/\" target=\"_blank\" rel=\"noreferrer noopener\">NUBR33<\/a>) na Nasdaq para US$ 7 (antes, eram US$ 7,50). Em relat\u00f3rio divulgado no domingo (9), os analistas justificaram essa decis\u00e3o sob o argumento de um ajuste nas expectativas e afirmaram que a empresa pode sofrer um grande impacto negativo caso o Congresso limite as taxas do&nbsp;<a href=\"https:\/\/www.suno.com.br\/artigos\/credito-rotativo\/\" target=\"_blank\" rel=\"noreferrer noopener\">cr\u00e9dito rotativo<\/a>.<\/li>\n<\/ul>\n\n\n\n<ul class=\"wp-block-list\">\n<li>Segundo os analistas do UBS-BB Thiago Batista, Olavo Arthuzo e Kaio Prato, caso esse projeto saia do papel, o Ebitda (Lucros antes de juros, impostos, deprecia\u00e7\u00e3o e amortiza\u00e7\u00e3o) do Nubank pode cair 20%. Enquanto isso,&nbsp;<a href=\"https:\/\/www.suno.com.br\/acoes\/BBDC4\/\" target=\"_blank\" rel=\"noreferrer noopener\">Bradesco (BBDC4)<\/a>&nbsp;e&nbsp;<a href=\"https:\/\/www.suno.com.br\/acoes\/SANB11\/\" target=\"_blank\" rel=\"noreferrer noopener\">Santander (SANB11)<\/a>&nbsp;sofreriam uma queda de 11%. O&nbsp;<a href=\"https:\/\/www.suno.com.br\/acoes\/ITUB4\/\" target=\"_blank\" rel=\"noreferrer noopener\">Ita\u00fa (ITUB4)<\/a>&nbsp;veria esse indicador cair 6%, enquanto o Inter (INBR32) sofreria com uma redu\u00e7\u00e3o de apenas 3%.<\/li>\n<\/ul>\n\n\n\n<ul class=\"wp-block-list\">\n<li>O trio recorda que a implanta\u00e7\u00e3o de um&nbsp;<strong>teto no cheque especial<\/strong>, em 2020, fez com que a modalidade crescesse 36%, enquanto os empr\u00e9stimos no cart\u00e3o de cr\u00e9dito rotativo dispararam 105%. \u201cDo lado positivo, a inadimpl\u00eancia do cheque especial caiu, enquanto esse \u00edndice aumentou para a maioria das outras linhas residenciais\u201d, ressaltaram.<\/li>\n<\/ul>\n\n\n\n<ul class=\"wp-block-list\">\n<li>Com esse cen\u00e1rio adverso pela frente, os especialistas afirmam que o \u201c<strong>roxinho<\/strong>\u201d e as demais empresas do setor podem tomar as seguintes atitudes:<\/li>\n<\/ul>\n\n\n\n<ul class=\"wp-block-list\">\n<li>redu\u00e7\u00e3o significativa das parcelas sem juros;<\/li>\n\n\n\n<li>menor apetite por cr\u00e9dito, principalmente para pessoas f\u00edsicas de baixa renda;<\/li>\n\n\n\n<li>taxas anuais mais altas para titulares de cart\u00e3o de cr\u00e9dito.<\/li>\n<\/ul>\n\n\n\n<h2 class=\"wp-block-heading\">Se o min\u00e9rio caiu, por que as a\u00e7\u00f5es da Vale (VALE3) e das mineradoras subiram no Ibovespa hoje?<\/h2>\n\n\n\n<ul class=\"wp-block-list\">\n<li>As a\u00e7\u00f5es da&nbsp;<strong>Vale<\/strong>&nbsp;(VALE3) fecharam em alta de 1,93%, cotadas a R$ 78,23, nesta segunda-feira (10). Junto aos ganhos da blue chip, o Ibovespa avan\u00e7ou 1,02%, aos 101.846,64 pontos.<\/li>\n<\/ul>\n\n\n\n<ul class=\"wp-block-list\">\n<li>Al\u00e9m da Vale, os pap\u00e9is de outras mineradoras e sider\u00fargicassubiram no preg\u00e3o de hoje. Confira abaixo:<\/li>\n<\/ul>\n\n\n\n<ul class=\"wp-block-list\">\n<li>CSN Minera\u00e7\u00e3o (CMIN3): +1,75%<\/li>\n\n\n\n<li>CSN (CSNA3): +3,78%<\/li>\n\n\n\n<li>Gerdau (GGBR4): +2,80%<\/li>\n\n\n\n<li>Metal\u00fargica Gerdau (GOAU3): +2,47%<\/li>\n\n\n\n<li>Usiminas (USIM5): +3,28%<\/li>\n<\/ul>\n\n\n\n<ul class=\"wp-block-list\">\n<li>Para muitos investidores, a&nbsp;<strong>alta das mineradoras e sider\u00fargicas no Ibovespa<\/strong>&nbsp;foi at\u00edpica, visto que os contratos futuros do min\u00e9rio de ferro recuaram nesta segunda. Na Dalian Commodity Exchange (DCE), o min\u00e9rio de ferro fechou em baixa de 1,83%, US$ 113 (777 iuanes) a tonelada.<\/li>\n<\/ul>\n\n\n\n<ul class=\"wp-block-list\">\n<li>No entanto, segundo Rodrigo Cohen, analista de investimentos e co-fundador da Escola de Investimentos, a explica\u00e7\u00e3o para a valoriza\u00e7\u00e3o da Vale, junto a mineradoras e sider\u00fargicas no preg\u00e3o de hoje, vai al\u00e9m da cota\u00e7\u00e3o das commodities.<\/li>\n<\/ul>\n\n\n\n<ul class=\"wp-block-list\">\n<li>\u201cApesar do min\u00e9rio e petr\u00f3leo n\u00e3o andarem de forma positiva, com o min\u00e9rio e petr\u00f3leo caindo hoje, temos altas generalizadas em empresas de diversos setores devido ao otimismo no mercado que tem gerado altas sist\u00eamicas. Destaque tamb\u00e9m para as altas para 3R (RRP3) e empresas de educa\u00e7\u00e3o\u201d, explica.<\/li>\n<\/ul>\n\n\n\n<ul class=\"wp-block-list\">\n<li>Cohen pontua que nesta segunda houve uma alta generalizada no Ibovespa. A Bolsa operou embalada pelo otimismo em rela\u00e7\u00e3o ao arcabou\u00e7o fiscal. Isso porque, hoje, o presidente da Rep\u00fablica, Luiz In\u00e1cio Lula da Silva, disse ter certeza de que a nova regra fiscal ser\u00e1 aprovado no Congresso.<\/li>\n<\/ul>\n\n\n\n<ul class=\"wp-block-list\">\n<li>Visto que a viagem do chefe do executivo para a China foi adiada para esta semana, a expectativa \u00e9 de que a apresenta\u00e7\u00e3o da proposta \u00e0 C\u00e2mara dos Deputados e ao Senado seja adiantada.<\/li>\n<\/ul>\n\n\n\n<ul class=\"wp-block-list\">\n<li>\u201cO pr\u00f3prio Haddad [<em>ministro da Fazenda<\/em>] afirmou que o governo ir\u00e1 fechar o texto antes da viagem. Com isso o mercado se anima em virtude de uma defini\u00e7\u00e3o de pr\u00f3ximos passos da nossa&nbsp;<a href=\"https:\/\/www.suno.com.br\/artigos\/politica-economica\/\" target=\"_blank\" rel=\"noreferrer noopener\">pol\u00edtica econ\u00f4mica<\/a>. O que deixa o mercado em queda \u00e9 a indefini\u00e7\u00e3o, e n\u00e3o \u00e9 isso que vemos hoje\u201d, afirma o co-fundador da Escola de Investimentos.<\/li>\n<\/ul>\n\n\n\n<h2 class=\"wp-block-heading\">CEEE-G come\u00e7a a ser negociada na B3 (B3SA3) a partir de amanh\u00e3<\/h2>\n\n\n\n<ul class=\"wp-block-list\">\n<li>A Companhia Estadual de Gera\u00e7\u00e3o de Energia El\u00e9trica (<strong>CEEE-G<\/strong>) iniciar\u00e1 as negocia\u00e7\u00f5es de a\u00e7\u00f5es na&nbsp;<a href=\"https:\/\/www.suno.com.br\/acoes\/B3SA3\/\" target=\"_blank\" rel=\"noreferrer noopener\">B3 (B3SA3)<\/a>&nbsp;a partir de de amanha (11). Em comunicado, a empresa controlada pela Companhia Sider\u00fargica Nacional (CSNA3) informou que, sob o c\u00f3digo \u201cCGEE\u201d, obteve o registro como emissor categoria \u201cA\u201d.<\/li>\n<\/ul>\n\n\n\n<ul class=\"wp-block-list\">\n<li>\u201cForam deferidos pela Comiss\u00e3o de Valores Mobili\u00e1rios (CVM) e pela B3 os pedidos de registro de emissor de valores mobili\u00e1rios e de listagem e admiss\u00e3o das a\u00e7\u00f5es de sua emiss\u00e3o \u00e0 negocia\u00e7\u00e3o\u201d, destaca o comunicado da CEEE-G.<\/li>\n<\/ul>\n\n\n\n<ul class=\"wp-block-list\">\n<li>A&nbsp;<strong>CEEE-G \u00e9 controlada pela CSN<\/strong>&nbsp;por meio da Companhia Florestal do Brasil (CFB), que disp\u00f5e de 99,5% das&nbsp;<a href=\"https:\/\/www.suno.com.br\/artigos\/o-que-sao-acoes-ordinarias-preferenciais-e-units\/\" target=\"_blank\" rel=\"noreferrer noopener\">a\u00e7\u00f5es ordin\u00e1rias<\/a>&nbsp;e 60,9% das preferenciais. Desta forma, segundo o \u00faltimo&nbsp;<a href=\"https:\/\/www.suno.com.br\/artigos\/formulario-de-referencia\/\" target=\"_blank\" rel=\"noreferrer noopener\">formul\u00e1rio de refer\u00eancia<\/a>&nbsp;da companhia de gera\u00e7\u00e3o de energia el\u00e9trica, a CFB tem 98,9% do seu capital social.<\/li>\n<\/ul>\n\n\n\n<ul class=\"wp-block-list\">\n<li>Antes, a CEEE foi uma companhia integrada do setor de energia el\u00e9trica do Rio Grande do Sul. A \u00e1rea de distribui\u00e7\u00e3o (CEEE-D) foi vendida para a Equatorial Energia em 2021. J\u00e1 a parte de transmiss\u00e3o (CEEE-T) foi vendida para a&nbsp;<a href=\"https:\/\/www.suno.com.br\/acoes\/cpfe3\/\" target=\"_blank\" rel=\"noreferrer noopener\">CPFL Energia (CPFE3)<\/a>) no ano passado.<\/li>\n<\/ul>\n\n\n\n<p>Do\u00a0Marisa \u00e0 CEEE-G, essas foram as empresas que se destacaram hoje. Para ler todas as mat\u00e9rias\u00a0<strong><a href=\"https:\/\/www.suno.com.br\/noticias\/todos\/\" target=\"_blank\" rel=\"noreferrer noopener\">clique aqui<\/a><\/strong>.<\/p>\n\n\n\n<p><a href=\"https:\/\/lp.suno.com.br\/cl\/viva-de-rendimentos\/\" target=\"_blank\" rel=\"noreferrer noopener\"><\/a><\/p>\n\n\n\n","protected":false},"excerpt":{"rendered":"<p>A&nbsp;Marisa&nbsp;(AMAR3) respondeu nesta segunda (10) ao of\u00edcio emitido pela&nbsp;B3 (B3SA3)&nbsp;sobre as negocia\u00e7\u00f5es de suas a\u00e7\u00f5es. Entre os dias 09 de fevereiro a 24 de mar\u00e7o, a bolsa brasileira observou que os pap\u00e9is ficaram abaixo de R$ 1 e questionou a varejista. Marisa (AMAR3). Foto: Divulga\u00e7\u00e3o Embora n\u00e3o tenha apontado as raz\u00f5es para o baixo valor [&hellip;]<\/p>\n","protected":false},"author":227,"featured_media":154150,"comment_status":"closed","ping_status":"closed","sticky":false,"template":"","format":"standard","meta":[],"categories":[64],"tags":[848,595,649,676],"suno_strategy":[],"class_list":["post-387697","post","type-post","status-publish","format-standard","has-post-thumbnail","hentry","category-negocios","tag-nubank","tag-petrobras-petr4","tag-taesa-taee11-taee3-taee4","tag-vale-vale3"],"yoast_head":"<!-- This site is optimized with the Yoast SEO plugin v24.4 - https:\/\/yoast.com\/wordpress\/plugins\/seo\/ -->\n<title>Radar: Marisa (AMAR3) diz como far\u00e1 a a\u00e7\u00e3o subir acima de R$ 1, venda de ativo da Petrobras (PETR4) e Nubank (NUBR33) tem pre\u00e7o-alvo cortado<\/title>\n<meta name=\"description\" content=\"Marisa (AMAR3) quer a\u00e7\u00e3o acima de R$ 1, venda de ativo da Petrobras (PETR4) \u00e9 questionada e analistas veem desvaloriza\u00e7\u00e3o do Nubank\" \/>\n<meta name=\"robots\" content=\"index, follow, max-snippet:-1, max-image-preview:large, max-video-preview:-1\" \/>\n<link rel=\"canonical\" href=\"https:\/\/www.suno.com.br\/noticias\/radar-marisa-amar3-petrobras-petr4-nubank-nubr33\/\" \/>\n<meta property=\"og:locale\" content=\"pt_BR\" \/>\n<meta property=\"og:type\" content=\"article\" \/>\n<meta property=\"og:title\" content=\"Radar: Marisa (AMAR3) diz como far\u00e1 a a\u00e7\u00e3o subir acima de R$ 1, venda de ativo da Petrobras (PETR4) e Nubank (NUBR33) tem pre\u00e7o-alvo cortado\" \/>\n<meta property=\"og:description\" content=\"Marisa (AMAR3) quer a\u00e7\u00e3o acima de R$ 1, venda de ativo da Petrobras (PETR4) \u00e9 questionada e analistas veem desvaloriza\u00e7\u00e3o do Nubank\" \/>\n<meta property=\"og:url\" content=\"https:\/\/www.suno.com.br\/noticias\/radar-marisa-amar3-petrobras-petr4-nubank-nubr33\/\" \/>\n<meta property=\"og:site_name\" content=\"Suno Not\u00edcias\" \/>\n<meta property=\"article:publisher\" content=\"https:\/\/facebook.com\/sunoresearch\" \/>\n<meta property=\"og:image\" content=\"https:\/\/files.sunoresearch.com.br\/n\/uploads\/2021\/06\/3d482005-reproducao-site-lojas-marisa.jpg\" \/>\n\t<meta property=\"og:image:width\" content=\"1600\" \/>\n\t<meta property=\"og:image:height\" content=\"1200\" \/>\n\t<meta property=\"og:image:type\" content=\"image\/jpeg\" \/>\n<meta name=\"author\" content=\"Vanessa Loiola\" \/>\n<meta name=\"twitter:card\" content=\"summary_large_image\" \/>\n<meta name=\"twitter:creator\" content=\"@sunoresearch\" \/>\n<meta name=\"twitter:site\" content=\"@sunoresearch\" \/>\n<meta name=\"twitter:label1\" content=\"Escrito por\" \/>\n\t<meta name=\"twitter:data1\" content=\"Vanessa Loiola\" \/>\n\t<meta name=\"twitter:label2\" content=\"Est. tempo de leitura\" \/>\n\t<meta name=\"twitter:data2\" content=\"9 minutos\" \/>\n<script type=\"application\/ld+json\" class=\"yoast-schema-graph\">{\"@context\":\"https:\/\/schema.org\",\"@graph\":[{\"@type\":\"NewsArticle\",\"@id\":\"https:\/\/www.suno.com.br\/noticias\/radar-marisa-amar3-petrobras-petr4-nubank-nubr33\/#article\",\"isPartOf\":{\"@id\":\"https:\/\/www.suno.com.br\/noticias\/radar-marisa-amar3-petrobras-petr4-nubank-nubr33\/\"},\"author\":{\"name\":\"Vanessa Loiola\",\"@id\":\"https:\/\/www.suno.com.br\/noticias\/#\/schema\/person\/450c455ecff319bab1f1a0e643451479\"},\"headline\":\"Radar: Marisa (AMAR3) diz como far\u00e1 a a\u00e7\u00e3o subir acima de R$ 1, venda de ativo da Petrobras (PETR4) \u00e9 questionada e Nubank (NUBR33) tem pre\u00e7o-alvo cortado\",\"datePublished\":\"2023-04-11T00:28:46+00:00\",\"dateModified\":\"2023-04-11T00:28:58+00:00\",\"mainEntityOfPage\":{\"@id\":\"https:\/\/www.suno.com.br\/noticias\/radar-marisa-amar3-petrobras-petr4-nubank-nubr33\/\"},\"wordCount\":1827,\"publisher\":{\"@id\":\"https:\/\/www.suno.com.br\/noticias\/#organization\"},\"image\":{\"@id\":\"https:\/\/www.suno.com.br\/noticias\/radar-marisa-amar3-petrobras-petr4-nubank-nubr33\/#primaryimage\"},\"thumbnailUrl\":\"https:\/\/files.sunoresearch.com.br\/n\/uploads\/2021\/06\/3d482005-reproducao-site-lojas-marisa-jpg.webp\",\"keywords\":[\"Nubank (NUBR33)\",\"Petrobras (PETR4)\",\"Taesa (TAEE11\/TAEE3\/TAEE4)\",\"Vale (VALE3)\"],\"articleSection\":[\"Neg\u00f3cios\"],\"inLanguage\":\"pt-BR\"},{\"@type\":\"WebPage\",\"@id\":\"https:\/\/www.suno.com.br\/noticias\/radar-marisa-amar3-petrobras-petr4-nubank-nubr33\/\",\"url\":\"https:\/\/www.suno.com.br\/noticias\/radar-marisa-amar3-petrobras-petr4-nubank-nubr33\/\",\"name\":\"Radar: Marisa (AMAR3) diz como far\u00e1 a a\u00e7\u00e3o subir acima de R$ 1, venda de ativo da Petrobras (PETR4) e Nubank (NUBR33) tem pre\u00e7o-alvo cortado\",\"isPartOf\":{\"@id\":\"https:\/\/www.suno.com.br\/noticias\/#website\"},\"primaryImageOfPage\":{\"@id\":\"https:\/\/www.suno.com.br\/noticias\/radar-marisa-amar3-petrobras-petr4-nubank-nubr33\/#primaryimage\"},\"image\":{\"@id\":\"https:\/\/www.suno.com.br\/noticias\/radar-marisa-amar3-petrobras-petr4-nubank-nubr33\/#primaryimage\"},\"thumbnailUrl\":\"https:\/\/files.sunoresearch.com.br\/n\/uploads\/2021\/06\/3d482005-reproducao-site-lojas-marisa-jpg.webp\",\"datePublished\":\"2023-04-11T00:28:46+00:00\",\"dateModified\":\"2023-04-11T00:28:58+00:00\",\"description\":\"Marisa (AMAR3) quer a\u00e7\u00e3o acima de R$ 1, venda de ativo da Petrobras (PETR4) \u00e9 questionada e analistas veem desvaloriza\u00e7\u00e3o do Nubank\",\"breadcrumb\":{\"@id\":\"https:\/\/www.suno.com.br\/noticias\/radar-marisa-amar3-petrobras-petr4-nubank-nubr33\/#breadcrumb\"},\"inLanguage\":\"pt-BR\",\"potentialAction\":[{\"@type\":\"ReadAction\",\"target\":[\"https:\/\/www.suno.com.br\/noticias\/radar-marisa-amar3-petrobras-petr4-nubank-nubr33\/\"]}]},{\"@type\":\"ImageObject\",\"inLanguage\":\"pt-BR\",\"@id\":\"https:\/\/www.suno.com.br\/noticias\/radar-marisa-amar3-petrobras-petr4-nubank-nubr33\/#primaryimage\",\"url\":\"https:\/\/files.sunoresearch.com.br\/n\/uploads\/2021\/06\/3d482005-reproducao-site-lojas-marisa-jpg.webp\",\"contentUrl\":\"https:\/\/files.sunoresearch.com.br\/n\/uploads\/2021\/06\/3d482005-reproducao-site-lojas-marisa-jpg.webp\",\"width\":1600,\"height\":1200,\"caption\":\"Marisa (AMAR3). Foto: Divulga\u00e7\u00e3o\"},{\"@type\":\"BreadcrumbList\",\"@id\":\"https:\/\/www.suno.com.br\/noticias\/radar-marisa-amar3-petrobras-petr4-nubank-nubr33\/#breadcrumb\",\"itemListElement\":[{\"@type\":\"ListItem\",\"position\":1,\"name\":\"Not\u00edcias\",\"item\":\"https:\/\/www.suno.com.br\/noticias\/\"},{\"@type\":\"ListItem\",\"position\":2,\"name\":\"Neg\u00f3cios\",\"item\":\"https:\/\/www.suno.com.br\/noticias\/negocios\/\"},{\"@type\":\"ListItem\",\"position\":3,\"name\":\"Radar: Marisa (AMAR3) diz como far\u00e1 a a\u00e7\u00e3o subir acima de R$ 1, venda de ativo da Petrobras (PETR4) \u00e9 questionada e Nubank (NUBR33) tem pre\u00e7o-alvo cortado\"}]},{\"@type\":\"WebSite\",\"@id\":\"https:\/\/www.suno.com.br\/noticias\/#website\",\"url\":\"https:\/\/www.suno.com.br\/noticias\/\",\"name\":\"Suno Not\u00edcias\",\"description\":\"Seu portal de informa\u00e7\u00e3o sobre o mundo dos investimentos\",\"publisher\":{\"@id\":\"https:\/\/www.suno.com.br\/noticias\/#organization\"},\"potentialAction\":[{\"@type\":\"SearchAction\",\"target\":{\"@type\":\"EntryPoint\",\"urlTemplate\":\"https:\/\/www.suno.com.br\/noticias\/?s={search_term_string}\"},\"query-input\":{\"@type\":\"PropertyValueSpecification\",\"valueRequired\":true,\"valueName\":\"search_term_string\"}}],\"inLanguage\":\"pt-BR\"},{\"@type\":\"Organization\",\"@id\":\"https:\/\/www.suno.com.br\/noticias\/#organization\",\"name\":\"Suno Not\u00edcias\",\"url\":\"https:\/\/www.suno.com.br\/noticias\/\",\"logo\":{\"@type\":\"ImageObject\",\"inLanguage\":\"pt-BR\",\"@id\":\"https:\/\/www.suno.com.br\/noticias\/#\/schema\/logo\/image\/\",\"url\":\"https:\/\/files.sunoresearch.com.br\/n\/uploads\/2021\/09\/suno-logo.png\",\"contentUrl\":\"https:\/\/files.sunoresearch.com.br\/n\/uploads\/2021\/09\/suno-logo.png\",\"width\":180,\"height\":180,\"caption\":\"Suno Not\u00edcias\"},\"image\":{\"@id\":\"https:\/\/www.suno.com.br\/noticias\/#\/schema\/logo\/image\/\"},\"sameAs\":[\"https:\/\/facebook.com\/sunoresearch\",\"https:\/\/x.com\/sunoresearch\",\"https:\/\/www.instagram.com\/suno\",\"https:\/\/www.linkedin.com\/company\/suno-research\/\",\"https:\/\/www.youtube.com\/c\/sunoresearch\"]},{\"@type\":\"Person\",\"@id\":\"https:\/\/www.suno.com.br\/noticias\/#\/schema\/person\/450c455ecff319bab1f1a0e643451479\",\"name\":\"Vanessa Loiola\",\"image\":{\"@type\":\"ImageObject\",\"inLanguage\":\"pt-BR\",\"@id\":\"https:\/\/www.suno.com.br\/noticias\/#\/schema\/person\/image\/\",\"url\":\"https:\/\/secure.gravatar.com\/avatar\/8b41117f9780831919eb38da349c3f20?s=96&r=g\",\"contentUrl\":\"https:\/\/secure.gravatar.com\/avatar\/8b41117f9780831919eb38da349c3f20?s=96&r=g\",\"caption\":\"Vanessa Loiola\"},\"description\":\"Jornalista formada pela PUC-SP, com experi\u00eancia na cobertura das editorias de economia, finan\u00e7as, bolsa de valores, pol\u00edtica, energia solar e entretenimento. Com passagem pela BM&amp;C News e RedeTV!\",\"url\":\"https:\/\/www.suno.com.br\/noticias\/author\/vanessal-loiolagmail-com\/\"}]}<\/script>\n<!-- \/ Yoast SEO plugin. -->","yoast_head_json":{"title":"Radar: Marisa (AMAR3) diz como far\u00e1 a a\u00e7\u00e3o subir acima de R$ 1, venda de ativo da Petrobras (PETR4) e Nubank (NUBR33) tem pre\u00e7o-alvo cortado","description":"Marisa (AMAR3) quer a\u00e7\u00e3o acima de R$ 1, venda de ativo da Petrobras (PETR4) \u00e9 questionada e analistas veem desvaloriza\u00e7\u00e3o do Nubank","robots":{"index":"index","follow":"follow","max-snippet":"max-snippet:-1","max-image-preview":"max-image-preview:large","max-video-preview":"max-video-preview:-1"},"canonical":"https:\/\/www.suno.com.br\/noticias\/radar-marisa-amar3-petrobras-petr4-nubank-nubr33\/","og_locale":"pt_BR","og_type":"article","og_title":"Radar: Marisa (AMAR3) diz como far\u00e1 a a\u00e7\u00e3o subir acima de R$ 1, venda de ativo da Petrobras (PETR4) e Nubank (NUBR33) tem pre\u00e7o-alvo cortado","og_description":"Marisa (AMAR3) quer a\u00e7\u00e3o acima de R$ 1, venda de ativo da Petrobras (PETR4) \u00e9 questionada e analistas veem desvaloriza\u00e7\u00e3o do Nubank","og_url":"https:\/\/www.suno.com.br\/noticias\/radar-marisa-amar3-petrobras-petr4-nubank-nubr33\/","og_site_name":"Suno Not\u00edcias","article_publisher":"https:\/\/facebook.com\/sunoresearch","og_image":[{"width":1600,"height":1200,"url":"https:\/\/files.sunoresearch.com.br\/n\/uploads\/2021\/06\/3d482005-reproducao-site-lojas-marisa.jpg","type":"image\/jpeg"}],"author":"Vanessa Loiola","twitter_card":"summary_large_image","twitter_creator":"@sunoresearch","twitter_site":"@sunoresearch","twitter_misc":{"Escrito por":"Vanessa Loiola","Est. tempo de leitura":"9 minutos"},"schema":{"@context":"https:\/\/schema.org","@graph":[{"@type":"NewsArticle","@id":"https:\/\/www.suno.com.br\/noticias\/radar-marisa-amar3-petrobras-petr4-nubank-nubr33\/#article","isPartOf":{"@id":"https:\/\/www.suno.com.br\/noticias\/radar-marisa-amar3-petrobras-petr4-nubank-nubr33\/"},"author":{"name":"Vanessa Loiola","@id":"https:\/\/www.suno.com.br\/noticias\/#\/schema\/person\/450c455ecff319bab1f1a0e643451479"},"headline":"Radar: Marisa (AMAR3) diz como far\u00e1 a a\u00e7\u00e3o subir acima de R$ 1, venda de ativo da Petrobras (PETR4) \u00e9 questionada e Nubank (NUBR33) tem pre\u00e7o-alvo cortado","datePublished":"2023-04-11T00:28:46+00:00","dateModified":"2023-04-11T00:28:58+00:00","mainEntityOfPage":{"@id":"https:\/\/www.suno.com.br\/noticias\/radar-marisa-amar3-petrobras-petr4-nubank-nubr33\/"},"wordCount":1827,"publisher":{"@id":"https:\/\/www.suno.com.br\/noticias\/#organization"},"image":{"@id":"https:\/\/www.suno.com.br\/noticias\/radar-marisa-amar3-petrobras-petr4-nubank-nubr33\/#primaryimage"},"thumbnailUrl":"https:\/\/files.sunoresearch.com.br\/n\/uploads\/2021\/06\/3d482005-reproducao-site-lojas-marisa-jpg.webp","keywords":["Nubank (NUBR33)","Petrobras (PETR4)","Taesa (TAEE11\/TAEE3\/TAEE4)","Vale (VALE3)"],"articleSection":["Neg\u00f3cios"],"inLanguage":"pt-BR"},{"@type":"WebPage","@id":"https:\/\/www.suno.com.br\/noticias\/radar-marisa-amar3-petrobras-petr4-nubank-nubr33\/","url":"https:\/\/www.suno.com.br\/noticias\/radar-marisa-amar3-petrobras-petr4-nubank-nubr33\/","name":"Radar: Marisa (AMAR3) diz como far\u00e1 a a\u00e7\u00e3o subir acima de R$ 1, venda de ativo da Petrobras (PETR4) e Nubank (NUBR33) tem pre\u00e7o-alvo cortado","isPartOf":{"@id":"https:\/\/www.suno.com.br\/noticias\/#website"},"primaryImageOfPage":{"@id":"https:\/\/www.suno.com.br\/noticias\/radar-marisa-amar3-petrobras-petr4-nubank-nubr33\/#primaryimage"},"image":{"@id":"https:\/\/www.suno.com.br\/noticias\/radar-marisa-amar3-petrobras-petr4-nubank-nubr33\/#primaryimage"},"thumbnailUrl":"https:\/\/files.sunoresearch.com.br\/n\/uploads\/2021\/06\/3d482005-reproducao-site-lojas-marisa-jpg.webp","datePublished":"2023-04-11T00:28:46+00:00","dateModified":"2023-04-11T00:28:58+00:00","description":"Marisa (AMAR3) quer a\u00e7\u00e3o acima de R$ 1, venda de ativo da Petrobras (PETR4) \u00e9 questionada e analistas veem desvaloriza\u00e7\u00e3o do Nubank","breadcrumb":{"@id":"https:\/\/www.suno.com.br\/noticias\/radar-marisa-amar3-petrobras-petr4-nubank-nubr33\/#breadcrumb"},"inLanguage":"pt-BR","potentialAction":[{"@type":"ReadAction","target":["https:\/\/www.suno.com.br\/noticias\/radar-marisa-amar3-petrobras-petr4-nubank-nubr33\/"]}]},{"@type":"ImageObject","inLanguage":"pt-BR","@id":"https:\/\/www.suno.com.br\/noticias\/radar-marisa-amar3-petrobras-petr4-nubank-nubr33\/#primaryimage","url":"https:\/\/files.sunoresearch.com.br\/n\/uploads\/2021\/06\/3d482005-reproducao-site-lojas-marisa-jpg.webp","contentUrl":"https:\/\/files.sunoresearch.com.br\/n\/uploads\/2021\/06\/3d482005-reproducao-site-lojas-marisa-jpg.webp","width":1600,"height":1200,"caption":"Marisa (AMAR3). Foto: Divulga\u00e7\u00e3o"},{"@type":"BreadcrumbList","@id":"https:\/\/www.suno.com.br\/noticias\/radar-marisa-amar3-petrobras-petr4-nubank-nubr33\/#breadcrumb","itemListElement":[{"@type":"ListItem","position":1,"name":"Not\u00edcias","item":"https:\/\/www.suno.com.br\/noticias\/"},{"@type":"ListItem","position":2,"name":"Neg\u00f3cios","item":"https:\/\/www.suno.com.br\/noticias\/negocios\/"},{"@type":"ListItem","position":3,"name":"Radar: Marisa (AMAR3) diz como far\u00e1 a a\u00e7\u00e3o subir acima de R$ 1, venda de ativo da Petrobras (PETR4) \u00e9 questionada e Nubank (NUBR33) tem pre\u00e7o-alvo cortado"}]},{"@type":"WebSite","@id":"https:\/\/www.suno.com.br\/noticias\/#website","url":"https:\/\/www.suno.com.br\/noticias\/","name":"Suno Not\u00edcias","description":"Seu portal de informa\u00e7\u00e3o sobre o mundo dos investimentos","publisher":{"@id":"https:\/\/www.suno.com.br\/noticias\/#organization"},"potentialAction":[{"@type":"SearchAction","target":{"@type":"EntryPoint","urlTemplate":"https:\/\/www.suno.com.br\/noticias\/?s={search_term_string}"},"query-input":{"@type":"PropertyValueSpecification","valueRequired":true,"valueName":"search_term_string"}}],"inLanguage":"pt-BR"},{"@type":"Organization","@id":"https:\/\/www.suno.com.br\/noticias\/#organization","name":"Suno Not\u00edcias","url":"https:\/\/www.suno.com.br\/noticias\/","logo":{"@type":"ImageObject","inLanguage":"pt-BR","@id":"https:\/\/www.suno.com.br\/noticias\/#\/schema\/logo\/image\/","url":"https:\/\/files.sunoresearch.com.br\/n\/uploads\/2021\/09\/suno-logo.png","contentUrl":"https:\/\/files.sunoresearch.com.br\/n\/uploads\/2021\/09\/suno-logo.png","width":180,"height":180,"caption":"Suno Not\u00edcias"},"image":{"@id":"https:\/\/www.suno.com.br\/noticias\/#\/schema\/logo\/image\/"},"sameAs":["https:\/\/facebook.com\/sunoresearch","https:\/\/x.com\/sunoresearch","https:\/\/www.instagram.com\/suno","https:\/\/www.linkedin.com\/company\/suno-research\/","https:\/\/www.youtube.com\/c\/sunoresearch"]},{"@type":"Person","@id":"https:\/\/www.suno.com.br\/noticias\/#\/schema\/person\/450c455ecff319bab1f1a0e643451479","name":"Vanessa Loiola","image":{"@type":"ImageObject","inLanguage":"pt-BR","@id":"https:\/\/www.suno.com.br\/noticias\/#\/schema\/person\/image\/","url":"https:\/\/secure.gravatar.com\/avatar\/8b41117f9780831919eb38da349c3f20?s=96&r=g","contentUrl":"https:\/\/secure.gravatar.com\/avatar\/8b41117f9780831919eb38da349c3f20?s=96&r=g","caption":"Vanessa Loiola"},"description":"Jornalista formada pela PUC-SP, com experi\u00eancia na cobertura das editorias de economia, finan\u00e7as, bolsa de valores, pol\u00edtica, energia solar e entretenimento. Com passagem pela BM&amp;C News e RedeTV!","url":"https:\/\/www.suno.com.br\/noticias\/author\/vanessal-loiolagmail-com\/"}]}},"default_loop_html":"<div class=\"cardsPage__listCard__boxs\"><div class=\"cardsPage__listCard__boxs__img\"><a href=\"https:\/\/www.suno.com.br\/noticias\/radar-marisa-amar3-petrobras-petr4-nubank-nubr33\/\"><img class=\"mask\" src=\"https:\/\/www.suno.com.br\/noticias\/wp-content\/themes\/suno\/resources\/images\/spotlight\/spotlight1img\/bg-mask.png\" alt=\"Image Mask\"\/><img src=\"https:\/\/files.sunoresearch.com.br\/n\/uploads\/2021\/06\/3d482005-reproducao-site-lojas-marisa-400x200.webp\" alt=\"Radar: Marisa (AMAR3) diz como far\u00e1 a a\u00e7\u00e3o subir acima de R$ 1, venda de ativo da Petrobras (PETR4) \u00e9 questionada e Nubank (NUBR33) tem pre\u00e7o-alvo cortado\"\/><\/a><span class=\"spotlightCategory\"><a href=\"https:\/\/www.suno.com.br\/noticias\/negocios\/\">Neg\u00f3cios<\/a><\/span><\/div><div class=\"cardsPage__listCard__boxs__content\"><a href=\"https:\/\/www.suno.com.br\/noticias\/radar-marisa-amar3-petrobras-petr4-nubank-nubr33\/\"><h2 class=\"content__title\">Radar: Marisa (AMAR3) diz como far\u00e1 a a\u00e7\u00e3o subir acima de R$ 1, venda de ativo da Petrobras (PETR4) \u00e9 questionada e Nubank (NUBR33) tem pre\u00e7o-alvo cortado<\/h2><\/a><div class=\"newsContent__article__meta\"><div class=\"newsContent__article__meta__authorBox\"><a href=\"https:\/\/www.suno.com.br\/noticias\/author\/vanessal-loiolagmail-com\/\" class=\"authorBox__avatar noMobi\"><img src=\"https:\/\/secure.gravatar.com\/avatar\/8b41117f9780831919eb38da349c3f20?s=96&#038;r=g\" alt=\"Vanessa Loiola\"><\/a><div class=\"authorBox__name\"><span>por\n\t\t\t<a href=\"https:\/\/www.suno.com.br\/noticias\/author\/vanessal-loiolagmail-com\/\"><span itemprop=\"author\">Vanessa Loiola<\/span><\/a><\/span><time datetime=\"2023-04-10T21:28:46-03:00\" itemprop=\"datePublished\">10\/04\/2023 21:28<\/time><\/div><\/div><\/div><\/div><\/div>","single_layout":"posts","amp_enabled":true,"_links":{"self":[{"href":"https:\/\/www.suno.com.br\/noticias\/wp-json\/wp\/v2\/posts\/387697"}],"collection":[{"href":"https:\/\/www.suno.com.br\/noticias\/wp-json\/wp\/v2\/posts"}],"about":[{"href":"https:\/\/www.suno.com.br\/noticias\/wp-json\/wp\/v2\/types\/post"}],"author":[{"embeddable":true,"href":"https:\/\/www.suno.com.br\/noticias\/wp-json\/wp\/v2\/users\/227"}],"replies":[{"embeddable":true,"href":"https:\/\/www.suno.com.br\/noticias\/wp-json\/wp\/v2\/comments?post=387697"}],"version-history":[{"count":2,"href":"https:\/\/www.suno.com.br\/noticias\/wp-json\/wp\/v2\/posts\/387697\/revisions"}],"predecessor-version":[{"id":387741,"href":"https:\/\/www.suno.com.br\/noticias\/wp-json\/wp\/v2\/posts\/387697\/revisions\/387741"}],"wp:featuredmedia":[{"embeddable":true,"href":"https:\/\/www.suno.com.br\/noticias\/wp-json\/wp\/v2\/media\/154150"}],"wp:attachment":[{"href":"https:\/\/www.suno.com.br\/noticias\/wp-json\/wp\/v2\/media?parent=387697"}],"wp:term":[{"taxonomy":"category","embeddable":true,"href":"https:\/\/www.suno.com.br\/noticias\/wp-json\/wp\/v2\/categories?post=387697"},{"taxonomy":"post_tag","embeddable":true,"href":"https:\/\/www.suno.com.br\/noticias\/wp-json\/wp\/v2\/tags?post=387697"},{"taxonomy":"suno_strategy","embeddable":true,"href":"https:\/\/www.suno.com.br\/noticias\/wp-json\/wp\/v2\/suno_strategy?post=387697"}],"curies":[{"name":"wp","href":"https:\/\/api.w.org\/{rel}","templated":true}]}}