{"id":38759,"date":"2019-09-24T18:10:26","date_gmt":"2019-09-24T21:10:26","guid":{"rendered":"https:\/\/www.suno.com.br\/noticias\/?p=38759"},"modified":"2019-09-24T18:10:26","modified_gmt":"2019-09-24T21:10:26","slug":"dolar-queda-declaracao-otimista-copom-24092019","status":"publish","type":"post","link":"https:\/\/www.suno.com.br\/noticias\/dolar-queda-declaracao-otimista-copom-24092019\/","title":{"rendered":"D\u00f3lar fecha em queda ap\u00f3s declara\u00e7\u00e3o otimista do Copom"},"content":{"rendered":"<p>O d\u00f3lar encerrou nesta ter\u00e7a-feira (24) em queda de -0,034% sendo vendido a R$ 4,1695.<\/p>\t<div class=\"wrapper-featured-image\">\n\t\t<figure class=\"spotlightImg\">\n\n\t\t\t<picture>\n\t\t\t\t<source media=\"(max-width: 768px)\" srcset=\"https:\/\/files.sunoresearch.com.br\/n\/uploads\/2019\/04\/0c912b7d-d\u00f3lar-400x200.webp\">\n\t\t\t\t<img loading=\"lazy\" decoding=\"async\" class=\"newsContent__article__imgCapa lazyloadDisabled newsContent__article__imgCapa--noCaption\" src=\"https:\/\/files.sunoresearch.com.br\/n\/uploads\/2019\/04\/0c912b7d-d\u00f3lar-jpg.webp\" width=\"800\" height=\"450\" alt=\"D\u00f3lar fecha em queda ap\u00f3s declara\u00e7\u00e3o otimista do Copom\" fetchpriority=high \/>\n\t\t\t<\/picture>\n\n\t\t\t<figcaption class=\"wp-caption-text wp-caption-text--hide\">D\u00f3lar fecha em alta de 0,374% a R$ 5,32 com incertezas sobre covid-19<\/figcaption>\n\t\t<\/figure>\n\t<\/div>\n\n\n\n<p>O <strong>d\u00f3lar<\/strong> caiu devido a v\u00e1rios fatores. O principal deles, a orienta\u00e7\u00e3o do <strong>Fundo Monet\u00e1rio Internacional (FMI)<\/strong> para o <strong>Brasil<\/strong> refor\u00e7ar suas regras fiscais relacionadas aos <strong>estados<\/strong> e <strong>munic\u00edpios.<\/strong><\/p>\n<p>Al\u00e9m disso, contribu\u00edram para a queda:<\/p>\n<ul>\n<li><strong>Copom<\/strong> diz que <strong>economia brasileira<\/strong> tem se recuperado gradualmente<\/li>\n<li><strong>Primeiro-ministro<\/strong> do Reino Unido promete <strong>Brexit<\/strong> at\u00e9 31 de outubro<\/li>\n<li>a confirma\u00e7\u00e3o do <strong>secret\u00e1rio do Tesouro<\/strong> dos <strong>Estados Unidos<\/strong>, <strong>Steven Mnuchin,<\/strong> de que a pr\u00f3xima rodada de negocia\u00e7\u00f5es com a <strong>China<\/strong> ocorrer\u00e1 em duas semanas.<\/li>\n<\/ul>\n<h2>FMI<\/h2>\n<p>O <strong>Fundo Monet\u00e1rio Internacional<\/strong> <a href=\"https:\/\/www.suno.com.br\/artigos\/fmi\/\">(FMI)<\/a> orientou o <strong>Brasil<\/strong> a refor\u00e7ar suas regras fiscais relacionadas aos estados e munic\u00edpios. Com isso, o Pa\u00eds poderia adotar uma regra para diminuir o aumento de despesas, passando a reduzir o endividamento dessas duas esferas.<\/p>\n<p><a href=\"https:\/\/www.suno.com.br\/noticias\/fmi-orienta-que-estados-e-municipios-brasileiros-limitem-suas-despesas\/\">Saiba mais: FMI orienta estados e munic\u00edpios brasileiros a limitarem suas despesas<\/a><\/p>\n<p>As propostas est\u00e3o no relat\u00f3rio do Departamento de Assuntos Fiscais do <strong>FMI<\/strong>. O \u00f3rg\u00e3o sediado nos <strong>Estados Unidos<\/strong> enviou miss\u00e3o ao <strong>Brasil<\/strong> para estudar maneiras de tornar mais r\u00edgida a estrutura fiscal de estados e munic\u00edpios. O relat\u00f3rio foi divulgado nesta ter\u00e7a.<\/p>\n<p>O fundo tamb\u00e9m aconselhou o Pa\u00eds a restringir ou banir a oferta de garantias da Uni\u00e3o a opera\u00e7\u00f5es de cr\u00e9dito de estados e munic\u00edpios. Al\u00e9m disso, o <strong>FMI<\/strong> orientou o Brasil a permitir que estados e munic\u00edpios tenham maior acesso ao financiamento banc\u00e1rio.<\/p>\n<h2>Economia Brasileira<\/h2>\n<p>O<a href=\"https:\/\/www.suno.com.br\/artigos\/bacen\/\"> <strong>Banco Central<\/strong> (BC)<\/a> divulgou, nesta ter\u00e7a, a ata do \u00faltimo encontro do <a href=\"https:\/\/www.suno.com.br\/artigos\/copom\/\"><strong>Comit\u00ea de Pol\u00edtica Monet\u00e1ria (Copom)<\/strong><\/a>. De acordo com o documento, a economia do <strong>Brasil<\/strong> sugere retomada de recupera\u00e7\u00e3o gradual.<\/p>\n<p><a href=\"https:\/\/www.suno.com.br\/noticias\/economia-brasileira-tem-se-recuperado-gradualmente-diz-copom\/\">Saiba mais: Economia brasileira tem se recuperado gradualmente, diz Copom<\/a><\/p>\n<p>&#8220;Os membro do<strong> Copom<\/strong> avaliaram a evolu\u00e7\u00e3o da<strong> atividade econ\u00f4mica<\/strong> \u00e0 luz dos indicadores e informa\u00e7\u00f5es dispon\u00edveis. Conclu\u00edram que os dados divulgados desde sua reuni\u00e3o anterior sugerem retomada do processo de recupera\u00e7\u00e3o da<strong> economia brasileira<\/strong>&#8220;, informou o documento.<\/p>\n<h2>Brexit<\/h2>\n<p>Ap\u00f3s a <strong>Suprema Corte brit\u00e2nica<\/strong> declarar que a suspens\u00e3o do Parlamento foi um ato ilegal do primeiro-ministro do <strong>Reino Unido<\/strong>, <strong>Boris Johnson<\/strong> prometeu entregar o <strong>Brexit<\/strong> at\u00e9 o dia 31 de outubro.<\/p>\n<p><a href=\"https:\/\/www.suno.com.br\/noticias\/brexit-ate-31-de-outubro-primeiro-ministro\/\">Saiba mais: Primeiro-ministro do Reino Unido promete Brexit at\u00e9 31 de outubro<\/a><\/p>\n<p>O <strong>primeiro-ministro,<\/strong> tamb\u00e9m, criticou a decis\u00e3o da Suprema Corte, que segundo<strong> Johnson<\/strong>, &#8220;n\u00e3o ajuda muito&#8221; a resolver a situa\u00e7\u00e3o do<strong> Brexit<\/strong>. As declara\u00e7\u00f5es do primeiro-ministro foi feita aos jornalistas, durante 74\u00aa Assembleia Geral das Na\u00e7\u00f5es Unidas (ONU), que ocorre em Nova York, nos Estados Unidos, nesta ter\u00e7a.<\/p>\n<p>&#8220;Como a lei determina, o <strong>Reino Unido<\/strong> deixar\u00e1 a <strong>Uni\u00e3o Europeia<\/strong> em 31 de outubro independente do que acontecer, mas a situa\u00e7\u00e3o agora \u00e9 que precisamos conseguir um bom acordo&#8221;, disse <strong>Johnson.<\/strong><\/p>\n<h2>Guerra comercial<\/h2>\n<p>O mercado ficou atento ao desdobramento da <strong>guerra comercial<\/strong> ap\u00f3s a confirma\u00e7\u00e3o do secret\u00e1rio do Tesouro dos <strong>Estados Unidos<\/strong>, <strong>Steven Mnuchin,<\/strong> de que a pr\u00f3xima rodada de negocia\u00e7\u00f5es ocorrer\u00e1 em duas semanas.<\/p>\n<p>Segundo <strong>Mnuchin,<\/strong> houve certo avan\u00e7o nas negocia\u00e7\u00f5es entre representantes <strong>americanos<\/strong> e <strong>chineses.<\/strong> Al\u00e9m disso, informou que dever\u00e1 ocorrer no in\u00edcio de outubro outra reuni\u00e3o com o vice-premi\u00ea da China, <strong>Liu<\/strong>\u00a0<strong>He.<\/strong><\/p>\n\t<p>\n\t\t<a href=\"https:\/\/lp.suno.com.br\/minicurso-valuation\/\" target=\"_blank\" data-element=\"shortcode-suno-banner\" title=\"Banner SUNO, clique e saiba mais\">\n\t\t\t<picture>\n\t\t\t\t<source media=\"(max-width: 500px)\" srcset=\"https:\/\/files.sunoresearch.com.br\/n\/uploads\/2023\/03\/400x300-Minicurso-Valuation.png\">\n\t\t\t\t<img class=\"newsContent__article__imgCapa newsContent__article__imgCapa--banner\"\n\t\t\t\t\tsrc=\"https:\/\/files.sunoresearch.com.br\/n\/uploads\/2023\/03\/1420x240-Minicurso-Valuation.png\"\n\t\t\t\t\tdata-promo-id=\"383160\"\t\t\t\t\t\t\t\t\t\twidth='1420' height='240'\t\t\t\t\talt=\"https:\/\/files.sunoresearch.com.br\/n\/uploads\/2023\/03\/1420x240-Minicurso-Valuation.png\"\n\t\t\t\t>\n\t\t\t<\/picture>\n\t\t<\/a>\n\t<\/p>\n\n\n<p>Em entrevista \u00e0 emissora Fox Business, <strong>Mnuchin<\/strong> informou que os asi\u00e1ticos compraram 600 mil toneladas dos <strong>EUA,<\/strong> trazendo al\u00edvio \u00e0s tens\u00f5es. Trata-se de uma cordo entre os presidentes <a href=\"https:\/\/www.suno.com.br\/tudo-sobre\/donald-trump\/\"><strong>Donald Trump<\/strong><\/a> e <strong>Xi Jiping.<\/strong><\/p>\n<h2>\u00daltima cota\u00e7\u00e3o do d\u00f3lar<\/h2>\n<p>Na \u00faltima sess\u00e3o, segunda-feira (23), o<strong><a href=\"https:\/\/www.youtube.com\/watch?v=WT3eY8HTz-4&amp;t=7s\"> d\u00f3lar<\/a><\/strong> encerrou em alta de 0,419% sendo vendido a R$ 4,1709.<\/p>\n","protected":false},"excerpt":{"rendered":"<p>O d\u00f3lar encerrou nesta ter\u00e7a-feira (24) em queda de -0,034% sendo vendido a R$ 4,1695. D\u00f3lar fecha em alta de 0,374% a R$ 5,32 com incertezas sobre covid-19 O d\u00f3lar caiu devido a v\u00e1rios fatores. O principal deles, a orienta\u00e7\u00e3o do Fundo Monet\u00e1rio Internacional (FMI) para o Brasil refor\u00e7ar suas regras fiscais relacionadas aos estados [&hellip;]<\/p>\n","protected":false},"author":23,"featured_media":20712,"comment_status":"closed","ping_status":"closed","sticky":false,"template":"","format":"standard","meta":[],"categories":[60],"tags":[753,1104,326,980],"suno_strategy":[],"class_list":["post-38759","post","type-post","status-publish","format-standard","has-post-thumbnail","hentry","category-mercado","tag-brexit","tag-copom","tag-dolar","tag-guerra-comercial"],"yoast_head":"<!-- This site is optimized with the Yoast SEO plugin v24.4 - https:\/\/yoast.com\/wordpress\/plugins\/seo\/ -->\n<title>D\u00f3lar fecha em queda ap\u00f3s declara\u00e7\u00e3o otimista do Copom<\/title>\n<meta name=\"description\" content=\"O d\u00f3lar fechou em queda de -0,034% com venda a R$ 4,1695 motivado pela fala otimista do Copom sobre a economia brasileira. Clique para mais.\" \/>\n<meta name=\"robots\" content=\"index, follow, max-snippet:-1, max-image-preview:large, max-video-preview:-1\" \/>\n<link rel=\"canonical\" href=\"https:\/\/www.suno.com.br\/noticias\/dolar-queda-declaracao-otimista-copom-24092019\/\" \/>\n<meta property=\"og:locale\" content=\"pt_BR\" \/>\n<meta property=\"og:type\" content=\"article\" \/>\n<meta property=\"og:title\" content=\"D\u00f3lar fecha em queda ap\u00f3s declara\u00e7\u00e3o otimista do Copom\" \/>\n<meta property=\"og:description\" content=\"O d\u00f3lar fechou em queda de -0,034% com venda a R$ 4,1695 motivado pela fala otimista do Copom sobre a economia brasileira. Clique para mais.\" \/>\n<meta property=\"og:url\" content=\"https:\/\/www.suno.com.br\/noticias\/dolar-queda-declaracao-otimista-copom-24092019\/\" \/>\n<meta property=\"og:site_name\" content=\"Suno Not\u00edcias\" \/>\n<meta property=\"article:publisher\" content=\"https:\/\/facebook.com\/sunoresearch\" \/>\n<meta property=\"og:image\" content=\"https:\/\/files.sunoresearch.com.br\/n\/uploads\/2019\/04\/0c912b7d-d\u00f3lar.jpg\" \/>\n\t<meta property=\"og:image:width\" content=\"960\" \/>\n\t<meta property=\"og:image:height\" content=\"376\" \/>\n\t<meta property=\"og:image:type\" content=\"image\/jpeg\" \/>\n<meta name=\"author\" content=\"Rafael Lara\" \/>\n<meta name=\"twitter:card\" content=\"summary_large_image\" \/>\n<meta name=\"twitter:creator\" content=\"@sunoresearch\" \/>\n<meta name=\"twitter:site\" content=\"@sunoresearch\" \/>\n<meta name=\"twitter:label1\" content=\"Escrito por\" \/>\n\t<meta name=\"twitter:data1\" content=\"Rafael Lara\" \/>\n\t<meta name=\"twitter:label2\" content=\"Est. tempo de leitura\" \/>\n\t<meta name=\"twitter:data2\" content=\"3 minutos\" \/>\n<script type=\"application\/ld+json\" class=\"yoast-schema-graph\">{\"@context\":\"https:\/\/schema.org\",\"@graph\":[{\"@type\":\"NewsArticle\",\"@id\":\"https:\/\/www.suno.com.br\/noticias\/dolar-queda-declaracao-otimista-copom-24092019\/#article\",\"isPartOf\":{\"@id\":\"https:\/\/www.suno.com.br\/noticias\/dolar-queda-declaracao-otimista-copom-24092019\/\"},\"author\":{\"name\":\"Rafael Lara\",\"@id\":\"https:\/\/www.suno.com.br\/noticias\/#\/schema\/person\/098743caeed97b37f51315c9576c4078\"},\"headline\":\"D\u00f3lar fecha em queda ap\u00f3s declara\u00e7\u00e3o otimista do Copom\",\"datePublished\":\"2019-09-24T21:10:26+00:00\",\"mainEntityOfPage\":{\"@id\":\"https:\/\/www.suno.com.br\/noticias\/dolar-queda-declaracao-otimista-copom-24092019\/\"},\"wordCount\":636,\"publisher\":{\"@id\":\"https:\/\/www.suno.com.br\/noticias\/#organization\"},\"image\":{\"@id\":\"https:\/\/www.suno.com.br\/noticias\/dolar-queda-declaracao-otimista-copom-24092019\/#primaryimage\"},\"thumbnailUrl\":\"https:\/\/files.sunoresearch.com.br\/n\/uploads\/2019\/04\/0c912b7d-d\u00f3lar-jpg.webp\",\"keywords\":[\"Brexit\",\"Copom\",\"d\u00f3lar\",\"guerra comercial\"],\"articleSection\":[\"Mercado\"],\"inLanguage\":\"pt-BR\"},{\"@type\":\"WebPage\",\"@id\":\"https:\/\/www.suno.com.br\/noticias\/dolar-queda-declaracao-otimista-copom-24092019\/\",\"url\":\"https:\/\/www.suno.com.br\/noticias\/dolar-queda-declaracao-otimista-copom-24092019\/\",\"name\":\"D\u00f3lar fecha em queda ap\u00f3s declara\u00e7\u00e3o otimista do Copom\",\"isPartOf\":{\"@id\":\"https:\/\/www.suno.com.br\/noticias\/#website\"},\"primaryImageOfPage\":{\"@id\":\"https:\/\/www.suno.com.br\/noticias\/dolar-queda-declaracao-otimista-copom-24092019\/#primaryimage\"},\"image\":{\"@id\":\"https:\/\/www.suno.com.br\/noticias\/dolar-queda-declaracao-otimista-copom-24092019\/#primaryimage\"},\"thumbnailUrl\":\"https:\/\/files.sunoresearch.com.br\/n\/uploads\/2019\/04\/0c912b7d-d\u00f3lar-jpg.webp\",\"datePublished\":\"2019-09-24T21:10:26+00:00\",\"description\":\"O d\u00f3lar fechou em queda de -0,034% com venda a R$ 4,1695 motivado pela fala otimista do Copom sobre a economia brasileira. Clique para mais.\",\"breadcrumb\":{\"@id\":\"https:\/\/www.suno.com.br\/noticias\/dolar-queda-declaracao-otimista-copom-24092019\/#breadcrumb\"},\"inLanguage\":\"pt-BR\",\"potentialAction\":[{\"@type\":\"ReadAction\",\"target\":[\"https:\/\/www.suno.com.br\/noticias\/dolar-queda-declaracao-otimista-copom-24092019\/\"]}]},{\"@type\":\"ImageObject\",\"inLanguage\":\"pt-BR\",\"@id\":\"https:\/\/www.suno.com.br\/noticias\/dolar-queda-declaracao-otimista-copom-24092019\/#primaryimage\",\"url\":\"https:\/\/files.sunoresearch.com.br\/n\/uploads\/2019\/04\/0c912b7d-d\u00f3lar-jpg.webp\",\"contentUrl\":\"https:\/\/files.sunoresearch.com.br\/n\/uploads\/2019\/04\/0c912b7d-d\u00f3lar-jpg.webp\",\"width\":960,\"height\":376,\"caption\":\"D\u00f3lar fecha em alta de 0,374% a R$ 5,32 com incertezas sobre covid-19\"},{\"@type\":\"BreadcrumbList\",\"@id\":\"https:\/\/www.suno.com.br\/noticias\/dolar-queda-declaracao-otimista-copom-24092019\/#breadcrumb\",\"itemListElement\":[{\"@type\":\"ListItem\",\"position\":1,\"name\":\"Not\u00edcias\",\"item\":\"https:\/\/www.suno.com.br\/noticias\/\"},{\"@type\":\"ListItem\",\"position\":2,\"name\":\"Mercado\",\"item\":\"https:\/\/www.suno.com.br\/noticias\/mercado\/\"},{\"@type\":\"ListItem\",\"position\":3,\"name\":\"D\u00f3lar fecha em queda ap\u00f3s declara\u00e7\u00e3o otimista do Copom\"}]},{\"@type\":\"WebSite\",\"@id\":\"https:\/\/www.suno.com.br\/noticias\/#website\",\"url\":\"https:\/\/www.suno.com.br\/noticias\/\",\"name\":\"Suno Not\u00edcias\",\"description\":\"Seu portal de informa\u00e7\u00e3o sobre o mundo dos investimentos\",\"publisher\":{\"@id\":\"https:\/\/www.suno.com.br\/noticias\/#organization\"},\"potentialAction\":[{\"@type\":\"SearchAction\",\"target\":{\"@type\":\"EntryPoint\",\"urlTemplate\":\"https:\/\/www.suno.com.br\/noticias\/?s={search_term_string}\"},\"query-input\":{\"@type\":\"PropertyValueSpecification\",\"valueRequired\":true,\"valueName\":\"search_term_string\"}}],\"inLanguage\":\"pt-BR\"},{\"@type\":\"Organization\",\"@id\":\"https:\/\/www.suno.com.br\/noticias\/#organization\",\"name\":\"Suno Not\u00edcias\",\"url\":\"https:\/\/www.suno.com.br\/noticias\/\",\"logo\":{\"@type\":\"ImageObject\",\"inLanguage\":\"pt-BR\",\"@id\":\"https:\/\/www.suno.com.br\/noticias\/#\/schema\/logo\/image\/\",\"url\":\"https:\/\/files.sunoresearch.com.br\/n\/uploads\/2021\/09\/suno-logo.png\",\"contentUrl\":\"https:\/\/files.sunoresearch.com.br\/n\/uploads\/2021\/09\/suno-logo.png\",\"width\":180,\"height\":180,\"caption\":\"Suno Not\u00edcias\"},\"image\":{\"@id\":\"https:\/\/www.suno.com.br\/noticias\/#\/schema\/logo\/image\/\"},\"sameAs\":[\"https:\/\/facebook.com\/sunoresearch\",\"https:\/\/x.com\/sunoresearch\",\"https:\/\/www.instagram.com\/suno\",\"https:\/\/www.linkedin.com\/company\/suno-research\/\",\"https:\/\/www.youtube.com\/c\/sunoresearch\"]},{\"@type\":\"Person\",\"@id\":\"https:\/\/www.suno.com.br\/noticias\/#\/schema\/person\/098743caeed97b37f51315c9576c4078\",\"name\":\"Rafael Lara\",\"image\":{\"@type\":\"ImageObject\",\"inLanguage\":\"pt-BR\",\"@id\":\"https:\/\/www.suno.com.br\/noticias\/#\/schema\/person\/image\/\",\"url\":\"https:\/\/secure.gravatar.com\/avatar\/dfc254ab9bb2ea1895d98b9e9dae4bdd?s=96&r=g\",\"contentUrl\":\"https:\/\/secure.gravatar.com\/avatar\/dfc254ab9bb2ea1895d98b9e9dae4bdd?s=96&r=g\",\"caption\":\"Rafael Lara\"},\"description\":\"Rafael Lara cursa jornalismo na Faculdade C\u00e1sper L\u00edbero. Escreve sobre pol\u00edtica, economia e neg\u00f3cios para o portal Suno Not\u00edcias. Antes, colaborou na TV Gazeta na produ\u00e7\u00e3o do programa Edi\u00e7\u00e3o Extra.\",\"url\":\"https:\/\/www.suno.com.br\/noticias\/author\/rafael\/\"}]}<\/script>\n<!-- \/ Yoast SEO plugin. -->","yoast_head_json":{"title":"D\u00f3lar fecha em queda ap\u00f3s declara\u00e7\u00e3o otimista do Copom","description":"O d\u00f3lar fechou em queda de -0,034% com venda a R$ 4,1695 motivado pela fala otimista do Copom sobre a economia brasileira. Clique para mais.","robots":{"index":"index","follow":"follow","max-snippet":"max-snippet:-1","max-image-preview":"max-image-preview:large","max-video-preview":"max-video-preview:-1"},"canonical":"https:\/\/www.suno.com.br\/noticias\/dolar-queda-declaracao-otimista-copom-24092019\/","og_locale":"pt_BR","og_type":"article","og_title":"D\u00f3lar fecha em queda ap\u00f3s declara\u00e7\u00e3o otimista do Copom","og_description":"O d\u00f3lar fechou em queda de -0,034% com venda a R$ 4,1695 motivado pela fala otimista do Copom sobre a economia brasileira. Clique para mais.","og_url":"https:\/\/www.suno.com.br\/noticias\/dolar-queda-declaracao-otimista-copom-24092019\/","og_site_name":"Suno Not\u00edcias","article_publisher":"https:\/\/facebook.com\/sunoresearch","og_image":[{"width":960,"height":376,"url":"https:\/\/files.sunoresearch.com.br\/n\/uploads\/2019\/04\/0c912b7d-d\u00f3lar.jpg","type":"image\/jpeg"}],"author":"Rafael Lara","twitter_card":"summary_large_image","twitter_creator":"@sunoresearch","twitter_site":"@sunoresearch","twitter_misc":{"Escrito por":"Rafael Lara","Est. tempo de leitura":"3 minutos"},"schema":{"@context":"https:\/\/schema.org","@graph":[{"@type":"NewsArticle","@id":"https:\/\/www.suno.com.br\/noticias\/dolar-queda-declaracao-otimista-copom-24092019\/#article","isPartOf":{"@id":"https:\/\/www.suno.com.br\/noticias\/dolar-queda-declaracao-otimista-copom-24092019\/"},"author":{"name":"Rafael Lara","@id":"https:\/\/www.suno.com.br\/noticias\/#\/schema\/person\/098743caeed97b37f51315c9576c4078"},"headline":"D\u00f3lar fecha em queda ap\u00f3s declara\u00e7\u00e3o otimista do Copom","datePublished":"2019-09-24T21:10:26+00:00","mainEntityOfPage":{"@id":"https:\/\/www.suno.com.br\/noticias\/dolar-queda-declaracao-otimista-copom-24092019\/"},"wordCount":636,"publisher":{"@id":"https:\/\/www.suno.com.br\/noticias\/#organization"},"image":{"@id":"https:\/\/www.suno.com.br\/noticias\/dolar-queda-declaracao-otimista-copom-24092019\/#primaryimage"},"thumbnailUrl":"https:\/\/files.sunoresearch.com.br\/n\/uploads\/2019\/04\/0c912b7d-d\u00f3lar-jpg.webp","keywords":["Brexit","Copom","d\u00f3lar","guerra comercial"],"articleSection":["Mercado"],"inLanguage":"pt-BR"},{"@type":"WebPage","@id":"https:\/\/www.suno.com.br\/noticias\/dolar-queda-declaracao-otimista-copom-24092019\/","url":"https:\/\/www.suno.com.br\/noticias\/dolar-queda-declaracao-otimista-copom-24092019\/","name":"D\u00f3lar fecha em queda ap\u00f3s declara\u00e7\u00e3o otimista do Copom","isPartOf":{"@id":"https:\/\/www.suno.com.br\/noticias\/#website"},"primaryImageOfPage":{"@id":"https:\/\/www.suno.com.br\/noticias\/dolar-queda-declaracao-otimista-copom-24092019\/#primaryimage"},"image":{"@id":"https:\/\/www.suno.com.br\/noticias\/dolar-queda-declaracao-otimista-copom-24092019\/#primaryimage"},"thumbnailUrl":"https:\/\/files.sunoresearch.com.br\/n\/uploads\/2019\/04\/0c912b7d-d\u00f3lar-jpg.webp","datePublished":"2019-09-24T21:10:26+00:00","description":"O d\u00f3lar fechou em queda de -0,034% com venda a R$ 4,1695 motivado pela fala otimista do Copom sobre a economia brasileira. Clique para mais.","breadcrumb":{"@id":"https:\/\/www.suno.com.br\/noticias\/dolar-queda-declaracao-otimista-copom-24092019\/#breadcrumb"},"inLanguage":"pt-BR","potentialAction":[{"@type":"ReadAction","target":["https:\/\/www.suno.com.br\/noticias\/dolar-queda-declaracao-otimista-copom-24092019\/"]}]},{"@type":"ImageObject","inLanguage":"pt-BR","@id":"https:\/\/www.suno.com.br\/noticias\/dolar-queda-declaracao-otimista-copom-24092019\/#primaryimage","url":"https:\/\/files.sunoresearch.com.br\/n\/uploads\/2019\/04\/0c912b7d-d\u00f3lar-jpg.webp","contentUrl":"https:\/\/files.sunoresearch.com.br\/n\/uploads\/2019\/04\/0c912b7d-d\u00f3lar-jpg.webp","width":960,"height":376,"caption":"D\u00f3lar fecha em alta de 0,374% a R$ 5,32 com incertezas sobre covid-19"},{"@type":"BreadcrumbList","@id":"https:\/\/www.suno.com.br\/noticias\/dolar-queda-declaracao-otimista-copom-24092019\/#breadcrumb","itemListElement":[{"@type":"ListItem","position":1,"name":"Not\u00edcias","item":"https:\/\/www.suno.com.br\/noticias\/"},{"@type":"ListItem","position":2,"name":"Mercado","item":"https:\/\/www.suno.com.br\/noticias\/mercado\/"},{"@type":"ListItem","position":3,"name":"D\u00f3lar fecha em queda ap\u00f3s declara\u00e7\u00e3o otimista do Copom"}]},{"@type":"WebSite","@id":"https:\/\/www.suno.com.br\/noticias\/#website","url":"https:\/\/www.suno.com.br\/noticias\/","name":"Suno Not\u00edcias","description":"Seu portal de informa\u00e7\u00e3o sobre o mundo dos investimentos","publisher":{"@id":"https:\/\/www.suno.com.br\/noticias\/#organization"},"potentialAction":[{"@type":"SearchAction","target":{"@type":"EntryPoint","urlTemplate":"https:\/\/www.suno.com.br\/noticias\/?s={search_term_string}"},"query-input":{"@type":"PropertyValueSpecification","valueRequired":true,"valueName":"search_term_string"}}],"inLanguage":"pt-BR"},{"@type":"Organization","@id":"https:\/\/www.suno.com.br\/noticias\/#organization","name":"Suno Not\u00edcias","url":"https:\/\/www.suno.com.br\/noticias\/","logo":{"@type":"ImageObject","inLanguage":"pt-BR","@id":"https:\/\/www.suno.com.br\/noticias\/#\/schema\/logo\/image\/","url":"https:\/\/files.sunoresearch.com.br\/n\/uploads\/2021\/09\/suno-logo.png","contentUrl":"https:\/\/files.sunoresearch.com.br\/n\/uploads\/2021\/09\/suno-logo.png","width":180,"height":180,"caption":"Suno Not\u00edcias"},"image":{"@id":"https:\/\/www.suno.com.br\/noticias\/#\/schema\/logo\/image\/"},"sameAs":["https:\/\/facebook.com\/sunoresearch","https:\/\/x.com\/sunoresearch","https:\/\/www.instagram.com\/suno","https:\/\/www.linkedin.com\/company\/suno-research\/","https:\/\/www.youtube.com\/c\/sunoresearch"]},{"@type":"Person","@id":"https:\/\/www.suno.com.br\/noticias\/#\/schema\/person\/098743caeed97b37f51315c9576c4078","name":"Rafael Lara","image":{"@type":"ImageObject","inLanguage":"pt-BR","@id":"https:\/\/www.suno.com.br\/noticias\/#\/schema\/person\/image\/","url":"https:\/\/secure.gravatar.com\/avatar\/dfc254ab9bb2ea1895d98b9e9dae4bdd?s=96&r=g","contentUrl":"https:\/\/secure.gravatar.com\/avatar\/dfc254ab9bb2ea1895d98b9e9dae4bdd?s=96&r=g","caption":"Rafael Lara"},"description":"Rafael Lara cursa jornalismo na Faculdade C\u00e1sper L\u00edbero. Escreve sobre pol\u00edtica, economia e neg\u00f3cios para o portal Suno Not\u00edcias. Antes, colaborou na TV Gazeta na produ\u00e7\u00e3o do programa Edi\u00e7\u00e3o Extra.","url":"https:\/\/www.suno.com.br\/noticias\/author\/rafael\/"}]}},"default_loop_html":"<div class=\"cardsPage__listCard__boxs\"><div class=\"cardsPage__listCard__boxs__img\"><a href=\"https:\/\/www.suno.com.br\/noticias\/dolar-queda-declaracao-otimista-copom-24092019\/\"><img class=\"mask\" src=\"https:\/\/www.suno.com.br\/noticias\/wp-content\/themes\/suno\/resources\/images\/spotlight\/spotlight1img\/bg-mask.png\" alt=\"Image Mask\"\/><img src=\"https:\/\/files.sunoresearch.com.br\/n\/uploads\/2019\/04\/0c912b7d-d\u00f3lar-400x200.webp\" alt=\"D\u00f3lar fecha em queda ap\u00f3s declara\u00e7\u00e3o otimista do Copom\"\/><\/a><span class=\"spotlightCategory\"><a href=\"https:\/\/www.suno.com.br\/noticias\/mercado\/\">Mercado<\/a><\/span><\/div><div class=\"cardsPage__listCard__boxs__content\"><a href=\"https:\/\/www.suno.com.br\/noticias\/dolar-queda-declaracao-otimista-copom-24092019\/\"><h2 class=\"content__title\">D\u00f3lar fecha em queda ap\u00f3s declara\u00e7\u00e3o otimista do Copom<\/h2><\/a><div class=\"newsContent__article__meta\"><div class=\"newsContent__article__meta__authorBox\"><a href=\"https:\/\/www.suno.com.br\/noticias\/author\/rafael\/\" class=\"authorBox__avatar noMobi\"><img src=\"https:\/\/secure.gravatar.com\/avatar\/dfc254ab9bb2ea1895d98b9e9dae4bdd?s=96&#038;r=g\" alt=\"Rafael Lara\"><\/a><div class=\"authorBox__name\"><span>por\n\t\t\t<a href=\"https:\/\/www.suno.com.br\/noticias\/author\/rafael\/\"><span itemprop=\"author\">Rafael Lara<\/span><\/a><\/span><time datetime=\"2019-09-24T18:10:26-03:00\" itemprop=\"datePublished\">24\/09\/2019 18:10<\/time><\/div><\/div><\/div><\/div><\/div>","single_layout":"posts","amp_enabled":true,"_links":{"self":[{"href":"https:\/\/www.suno.com.br\/noticias\/wp-json\/wp\/v2\/posts\/38759"}],"collection":[{"href":"https:\/\/www.suno.com.br\/noticias\/wp-json\/wp\/v2\/posts"}],"about":[{"href":"https:\/\/www.suno.com.br\/noticias\/wp-json\/wp\/v2\/types\/post"}],"author":[{"embeddable":true,"href":"https:\/\/www.suno.com.br\/noticias\/wp-json\/wp\/v2\/users\/23"}],"replies":[{"embeddable":true,"href":"https:\/\/www.suno.com.br\/noticias\/wp-json\/wp\/v2\/comments?post=38759"}],"version-history":[{"count":0,"href":"https:\/\/www.suno.com.br\/noticias\/wp-json\/wp\/v2\/posts\/38759\/revisions"}],"wp:featuredmedia":[{"embeddable":true,"href":"https:\/\/www.suno.com.br\/noticias\/wp-json\/wp\/v2\/media\/20712"}],"wp:attachment":[{"href":"https:\/\/www.suno.com.br\/noticias\/wp-json\/wp\/v2\/media?parent=38759"}],"wp:term":[{"taxonomy":"category","embeddable":true,"href":"https:\/\/www.suno.com.br\/noticias\/wp-json\/wp\/v2\/categories?post=38759"},{"taxonomy":"post_tag","embeddable":true,"href":"https:\/\/www.suno.com.br\/noticias\/wp-json\/wp\/v2\/tags?post=38759"},{"taxonomy":"suno_strategy","embeddable":true,"href":"https:\/\/www.suno.com.br\/noticias\/wp-json\/wp\/v2\/suno_strategy?post=38759"}],"curies":[{"name":"wp","href":"https:\/\/api.w.org\/{rel}","templated":true}]}}