{"id":387140,"date":"2023-04-09T12:38:22","date_gmt":"2023-04-09T15:38:22","guid":{"rendered":"https:\/\/www.suno.com.br\/noticias\/?p=387140"},"modified":"2023-04-09T12:38:47","modified_gmt":"2023-04-09T15:38:47","slug":"privatizacoes-datafolha-apoio-brasileiros","status":"publish","type":"post","link":"https:\/\/www.suno.com.br\/noticias\/privatizacoes-datafolha-apoio-brasileiros\/","title":{"rendered":"Apoio \u00e0s privatiza\u00e7\u00f5es bate recorde e chega a 38% da popula\u00e7\u00e3o, diz Datafolha"},"content":{"rendered":"<p>Segundo um novo levantamento do Datafolha, publicado neste final de semana pela Folha de S. Paulo, uma fatia de 38% da popula\u00e7\u00e3o brasileira apoia <strong>privatiza\u00e7\u00f5es<\/strong> de empresas estatais.<\/p><div class=\"videoFull \">\n\t\t\t<div class=\"videoWrapper yt-lazyload center\"\n\t\t\t\tdata-width=\"960\"\n\t\t\t\tdata-height=\"540\"\n\t\t\t\tdata-id=\"Se5aBJRMe14\"\n\t\t\t\tdata-alt=\"V\u00eddeo do YouTube - clique para reproduzir\"\n\t\t\t\tdata-logo=\"3\"\n\t\t\t\tdata-imagequality=\"maxres\">\n\t\t\t<\/div>\n\t\t<\/div><script type=\"application\/ld+json\">{\"@context\":\"https:\/\/schema.org\",\"@type\":\"VideoObject\",\"name\":\"MERCADO DESCONFIA DO GOVERNO E BOLSA ANDA DE LADO NA QUINTA-FEIRA | Lula altera marco do saneamento\",\"description\":\"#lula #pol\u00edtica #haddad #petrobras #petr3 #petr4 #saneamento #sabesp #copasa #sanepar #ibovespa #mercadofinanceiro #bolsadevalores #d\u00f3lar #investimentos #livedas19h \u23f1\u1d0d\u026a\u0274\u1d1c\u1d1b\u1d00\u0262\u1d07\u1d0d 00:00 Abertura 02:01 Petrobras #petr4 Vale #vale3 e bancos pressionam Ibovespa e \u00edndice fecha semana em queda 03:18 Cota\u00e7\u00e3o do #dolar 03:37 Mapa dos ativos #bbdc4 #itub4 #itsa4 #bpac11 #sanb11 #vale3 #petr4 #petr3 #goau4 #csna3 05:17 Lula sobre\u2026\",\"duration\":\"PT22M37S\",\"embedUrl\":\"https:\/\/www.youtube.com\/embed\/Se5aBJRMe14\",\"regionsAllowed\":\"pt-BR\",\"interactionStatistic\":{\"@type\":\"InteractionCounter\",\"interactionType\":{\"@type\":\"WatchAction\"},\"userInteractionCount\":2162},\"thumbnailUrl\":\"https:\/\/i.ytimg.com\/vi\/Se5aBJRMe14\/default.jpg\",\"uploadDate\":\"2023-04-06T22:29:44Z\"}<\/script>\n\n\n\n\n\t<p>\n\t\t<a href=\"https:\/\/lp.suno.com.br\/planilha-da-vida-financeira\/\" target=\"_blank\" data-element=\"shortcode-suno-banner\" title=\"Banner SUNO, clique e saiba mais\">\n\t\t\t<picture>\n\t\t\t\t<source media=\"(max-width: 500px)\" srcset=\"https:\/\/files.sunoresearch.com.br\/n\/uploads\/2023\/04\/400x300-Planilha-vida-financeira-true.png\">\n\t\t\t\t<img class=\"newsContent__article__imgCapa newsContent__article__imgCapa--banner\"\n\t\t\t\t\tsrc=\"https:\/\/files.sunoresearch.com.br\/n\/uploads\/2023\/04\/1420x240-Planilha-vida-financeira-true.png\"\n\t\t\t\t\tdata-promo-id=\"106682\"\t\t\t\t\t\t\t\t\t\twidth='1420' height='240'\t\t\t\t\talt=\"https:\/\/files.sunoresearch.com.br\/n\/uploads\/2023\/04\/1420x240-Planilha-vida-financeira-true.png\"\n\t\t\t\t>\n\t\t\t<\/picture>\n\t\t<\/a>\n\t<\/p>\n\n\n\n\n\n\n\n<p>Contudo, uma fatia maior, de 45%, ainda segue sendo contra as <strong>privatiza\u00e7\u00f5es de estatais<\/strong>.<\/p>\n\n\n\n<p>O que chama aten\u00e7\u00e3o nos n\u00fameros \u00e9 o fato de que na mesma pesquisa em meados de setembro de 2022, foram somente 26% dos entrevistados que se disseram favor\u00e1veis \u00e0s privatiza\u00e7\u00f5es.<\/p>\n\n\n\n<p>Al\u00e9m disso, trata-se do maior volume da s\u00e9rie hist\u00f3rica do <strong>Datafolha<\/strong>, sendo que em 2017 eram somente 20% que apoiavam uma pol\u00edtica de privatia\u00e7\u00e3o.<\/p>\n\n\n\n<p>Pesquisadores relacionaram esse aumento ao resultado das \u00faltima corrida eleitoral, citando uma reafirma\u00e7\u00e3o das convic\u00e7\u00f5es da ala pr\u00f3-privatiza\u00e7\u00f5es.<\/p>\n\n\n\n<p>Os apoiadores do PL, partido do ex-presidente Jair Bolsonaro, s\u00e3o majoritariamente favor\u00e1veis aos programas de <strong>desestatiza\u00e7\u00f5es<\/strong> &#8211; cerca de 70%.<\/p>\n\n\n\n<p>J\u00e1 os apoiadores do PT s\u00e3o majoritariamente favor\u00e1veis a manter as companhias como <strong>estatais<\/strong>, sendo que somente 28% dos apoiadores do partido de Lula s\u00e3o favor\u00e1veis \u00e0s privatiza\u00e7\u00f5es.<\/p>\n\n\n\t<p>\n\t\t<a href=\"https:\/\/lp.suno.com.br\/ebook-como-analisar-uma-acao\/\" target=\"_blank\" data-element=\"shortcode-suno-banner\" title=\"Banner SUNO, clique e saiba mais\">\n\t\t\t<picture>\n\t\t\t\t<source media=\"(max-width: 500px)\" srcset=\"https:\/\/files.sunoresearch.com.br\/n\/uploads\/2023\/03\/Ebook-Acoes-Mobile.jpg\">\n\t\t\t\t<img class=\"newsContent__article__imgCapa newsContent__article__imgCapa--banner\"\n\t\t\t\t\tsrc=\"https:\/\/files.sunoresearch.com.br\/n\/uploads\/2023\/03\/Ebook-Acoes-Desktop.jpg\"\n\t\t\t\t\tdata-promo-id=\"378302\"\t\t\t\t\t\t\t\t\t\twidth='1420' height='286'\t\t\t\t\talt=\"https:\/\/files.sunoresearch.com.br\/n\/uploads\/2023\/03\/Ebook-Acoes-Desktop.jpg\"\n\t\t\t\t>\n\t\t\t<\/picture>\n\t\t<\/a>\n\t<\/p>\n\n\n\n\n\n<p>Al\u00e9m disso, a ades\u00e3o da popula\u00e7\u00e3o \u00e0 continuidade da venda de ativos estatais \u00e9 substancialmente maior quando se tratam de setores que j\u00e1 vinham sendo colocados dentro da esfera privada &#8211; como saneamento, aeroportos e energia el\u00e9trica.<\/p>\n\n\n\n<p>No que diz respeito a avalia\u00e7\u00e3o dos servi\u00e7os, mais da metade (54%) avalia que os servi\u00e7os concedidos pela <a class=\"suno-keyword\" target=\"_blank\" data-force=\"no\" data-priority=\"1\" href=\"https:\/\/www.suno.com.br\/artigos\/iniciativa-privada\/\" rel=\"noopener\">iniciativa privada<\/a> s\u00e3o melhores do que as estatais. Enquanto isso, 25% consideram piores, 6% consideram iguais e outros 15% n\u00e3o souberam responder.<\/p>\n\n\n\n<h2 class=\"wp-block-heading\">Privatiza\u00e7\u00f5es da Petrobras, Correios e Banco do Brasil<\/h2>\n\n\n\n<p>Quando indagados acerca de empresas espec\u00edficas &#8211; e relevantes &#8211; os percentuais de apoio mudam. No caso da <a class=\"suno-keyword\" target=\"_blank\" data-force=\"yes\" data-priority=\"2\" href=\"https:\/\/www.suno.com.br\/acoes\/PETR4\/\" rel=\"noopener\">Petrobras (PETR4)<\/a>, s\u00e3o 37% a favor da privatiza\u00e7\u00e3o, ante 53% contra.<\/p>\n\n\n\n<p>J\u00e1 o <a class=\"suno-keyword\" target=\"_blank\" data-force=\"yes\" data-priority=\"2\" href=\"https:\/\/www.suno.com.br\/acoes\/BBAS3\/\" rel=\"noopener\">Banco do Brasil (BBAS3)<\/a> e a Caixa contam com 36% dos brasileiros que apoiam suas respectivas privatiza\u00e7\u00f5es, ante 55% contra.<\/p>\n\n\n\n<p>Os correios mostram um cen\u00e1rio mais acirrado, com 45% favor\u00e1veis \u00e0 privatiza\u00e7\u00e3o e 46% contra.<\/p>\n\n\n\n<h2 class=\"wp-block-heading\">Como funciona o Datafolha<\/h2>\n\n\n\n<p>Conforme transparecido pela Folha de S. Paulo, a pesquisa sobre a privatiza\u00e7\u00f5es ouviu 2.028 pessoas a partir de 16 anos em 126 munic\u00edpios, entre os dias 29 e 30 de mar\u00e7o. A pesquisa Datafolha tem uma margem de erro de 2 pontos percentuais.<\/p>\n\n\n\n","protected":false},"excerpt":{"rendered":"<p>Segundo um novo levantamento do Datafolha, publicado neste final de semana pela Folha de S. Paulo, uma fatia de 38% da popula\u00e7\u00e3o brasileira apoia privatiza\u00e7\u00f5es de empresas estatais. Contudo, uma fatia maior, de 45%, ainda segue sendo contra as privatiza\u00e7\u00f5es de estatais. O que chama aten\u00e7\u00e3o nos n\u00fameros \u00e9 o fato de que na mesma [&hellip;]<\/p>\n","protected":false},"author":73,"featured_media":152959,"comment_status":"closed","ping_status":"closed","sticky":false,"template":"","format":"standard","meta":[],"categories":[62],"tags":[732,700,595,945],"suno_strategy":[],"class_list":["post-387140","post","type-post","status-publish","format-standard","has-post-thumbnail","hentry","category-economia","tag-banco-do-brasil-bbas3","tag-correios","tag-petrobras-petr4","tag-privatizacoes"],"yoast_head":"<!-- This site is optimized with the Yoast SEO plugin v24.4 - https:\/\/yoast.com\/wordpress\/plugins\/seo\/ -->\n<title>Apoio \u00e0s privatiza\u00e7\u00f5es bate recorde e chega a 38% da popula\u00e7\u00e3o<\/title>\n<meta name=\"description\" content=\"No caso de questionamento sobre privatiza\u00e7\u00f5es espec\u00edficas, como Correios e Petrobras, os percentuais muda. Clique aqui e confira!\" \/>\n<meta name=\"robots\" content=\"index, follow, max-snippet:-1, max-image-preview:large, max-video-preview:-1\" \/>\n<link rel=\"canonical\" href=\"https:\/\/www.suno.com.br\/noticias\/privatizacoes-datafolha-apoio-brasileiros\/\" \/>\n<meta property=\"og:locale\" content=\"pt_BR\" \/>\n<meta property=\"og:type\" content=\"article\" \/>\n<meta property=\"og:title\" content=\"Apoio \u00e0s privatiza\u00e7\u00f5es bate recorde e chega a 38% da popula\u00e7\u00e3o\" \/>\n<meta property=\"og:description\" content=\"No caso de questionamento sobre privatiza\u00e7\u00f5es espec\u00edficas, como Correios e Petrobras, os percentuais muda. Clique aqui e confira!\" \/>\n<meta property=\"og:url\" content=\"https:\/\/www.suno.com.br\/noticias\/privatizacoes-datafolha-apoio-brasileiros\/\" \/>\n<meta property=\"og:site_name\" content=\"Suno Not\u00edcias\" \/>\n<meta property=\"article:publisher\" content=\"https:\/\/facebook.com\/sunoresearch\" \/>\n<meta property=\"og:image\" content=\"https:\/\/files.sunoresearch.com.br\/n\/uploads\/2021\/05\/df91ff5f-correios.jpg\" \/>\n\t<meta property=\"og:image:width\" content=\"1926\" \/>\n\t<meta property=\"og:image:height\" content=\"1452\" \/>\n\t<meta property=\"og:image:type\" content=\"image\/jpeg\" \/>\n<meta name=\"author\" content=\"Eduardo Vargas\" \/>\n<meta name=\"twitter:card\" content=\"summary_large_image\" \/>\n<meta name=\"twitter:creator\" content=\"@sunoresearch\" \/>\n<meta name=\"twitter:site\" content=\"@sunoresearch\" \/>\n<meta name=\"twitter:label1\" content=\"Escrito por\" \/>\n\t<meta name=\"twitter:data1\" content=\"Eduardo Vargas\" \/>\n\t<meta name=\"twitter:label2\" content=\"Est. tempo de leitura\" \/>\n\t<meta name=\"twitter:data2\" content=\"3 minutos\" \/>\n<script type=\"application\/ld+json\" class=\"yoast-schema-graph\">{\"@context\":\"https:\/\/schema.org\",\"@graph\":[{\"@type\":\"NewsArticle\",\"@id\":\"https:\/\/www.suno.com.br\/noticias\/privatizacoes-datafolha-apoio-brasileiros\/#article\",\"isPartOf\":{\"@id\":\"https:\/\/www.suno.com.br\/noticias\/privatizacoes-datafolha-apoio-brasileiros\/\"},\"author\":{\"name\":\"Eduardo Vargas\",\"@id\":\"https:\/\/www.suno.com.br\/noticias\/#\/schema\/person\/7f4d362bf3518e76090143ae77bb49a5\"},\"headline\":\"Apoio \u00e0s privatiza\u00e7\u00f5es bate recorde e chega a 38% da popula\u00e7\u00e3o, diz Datafolha\",\"datePublished\":\"2023-04-09T15:38:22+00:00\",\"dateModified\":\"2023-04-09T15:38:47+00:00\",\"mainEntityOfPage\":{\"@id\":\"https:\/\/www.suno.com.br\/noticias\/privatizacoes-datafolha-apoio-brasileiros\/\"},\"wordCount\":400,\"publisher\":{\"@id\":\"https:\/\/www.suno.com.br\/noticias\/#organization\"},\"image\":{\"@id\":\"https:\/\/www.suno.com.br\/noticias\/privatizacoes-datafolha-apoio-brasileiros\/#primaryimage\"},\"thumbnailUrl\":\"https:\/\/files.sunoresearch.com.br\/n\/uploads\/2021\/05\/df91ff5f-correios-jpg.webp\",\"keywords\":[\"Banco do Brasil (BBAS3)\",\"Correios\",\"Petrobras (PETR4)\",\"privatiza\u00e7\u00f5es\"],\"articleSection\":[\"Economia\"],\"inLanguage\":\"pt-BR\"},{\"@type\":\"WebPage\",\"@id\":\"https:\/\/www.suno.com.br\/noticias\/privatizacoes-datafolha-apoio-brasileiros\/\",\"url\":\"https:\/\/www.suno.com.br\/noticias\/privatizacoes-datafolha-apoio-brasileiros\/\",\"name\":\"Apoio \u00e0s privatiza\u00e7\u00f5es bate recorde e chega a 38% da popula\u00e7\u00e3o\",\"isPartOf\":{\"@id\":\"https:\/\/www.suno.com.br\/noticias\/#website\"},\"primaryImageOfPage\":{\"@id\":\"https:\/\/www.suno.com.br\/noticias\/privatizacoes-datafolha-apoio-brasileiros\/#primaryimage\"},\"image\":{\"@id\":\"https:\/\/www.suno.com.br\/noticias\/privatizacoes-datafolha-apoio-brasileiros\/#primaryimage\"},\"thumbnailUrl\":\"https:\/\/files.sunoresearch.com.br\/n\/uploads\/2021\/05\/df91ff5f-correios-jpg.webp\",\"datePublished\":\"2023-04-09T15:38:22+00:00\",\"dateModified\":\"2023-04-09T15:38:47+00:00\",\"description\":\"No caso de questionamento sobre privatiza\u00e7\u00f5es espec\u00edficas, como Correios e Petrobras, os percentuais muda. Clique aqui e confira!\",\"breadcrumb\":{\"@id\":\"https:\/\/www.suno.com.br\/noticias\/privatizacoes-datafolha-apoio-brasileiros\/#breadcrumb\"},\"inLanguage\":\"pt-BR\",\"potentialAction\":[{\"@type\":\"ReadAction\",\"target\":[\"https:\/\/www.suno.com.br\/noticias\/privatizacoes-datafolha-apoio-brasileiros\/\"]}]},{\"@type\":\"ImageObject\",\"inLanguage\":\"pt-BR\",\"@id\":\"https:\/\/www.suno.com.br\/noticias\/privatizacoes-datafolha-apoio-brasileiros\/#primaryimage\",\"url\":\"https:\/\/files.sunoresearch.com.br\/n\/uploads\/2021\/05\/df91ff5f-correios-jpg.webp\",\"contentUrl\":\"https:\/\/files.sunoresearch.com.br\/n\/uploads\/2021\/05\/df91ff5f-correios-jpg.webp\",\"width\":1926,\"height\":1452,\"caption\":\"Correios - Foto: Reprodu\u00e7\u00e3o Facebook\"},{\"@type\":\"BreadcrumbList\",\"@id\":\"https:\/\/www.suno.com.br\/noticias\/privatizacoes-datafolha-apoio-brasileiros\/#breadcrumb\",\"itemListElement\":[{\"@type\":\"ListItem\",\"position\":1,\"name\":\"Not\u00edcias\",\"item\":\"https:\/\/www.suno.com.br\/noticias\/\"},{\"@type\":\"ListItem\",\"position\":2,\"name\":\"Economia\",\"item\":\"https:\/\/www.suno.com.br\/noticias\/economia\/\"},{\"@type\":\"ListItem\",\"position\":3,\"name\":\"Apoio \u00e0s privatiza\u00e7\u00f5es bate recorde e chega a 38% da popula\u00e7\u00e3o, diz Datafolha\"}]},{\"@type\":\"WebSite\",\"@id\":\"https:\/\/www.suno.com.br\/noticias\/#website\",\"url\":\"https:\/\/www.suno.com.br\/noticias\/\",\"name\":\"Suno Not\u00edcias\",\"description\":\"Seu portal de informa\u00e7\u00e3o sobre o mundo dos investimentos\",\"publisher\":{\"@id\":\"https:\/\/www.suno.com.br\/noticias\/#organization\"},\"potentialAction\":[{\"@type\":\"SearchAction\",\"target\":{\"@type\":\"EntryPoint\",\"urlTemplate\":\"https:\/\/www.suno.com.br\/noticias\/?s={search_term_string}\"},\"query-input\":{\"@type\":\"PropertyValueSpecification\",\"valueRequired\":true,\"valueName\":\"search_term_string\"}}],\"inLanguage\":\"pt-BR\"},{\"@type\":\"Organization\",\"@id\":\"https:\/\/www.suno.com.br\/noticias\/#organization\",\"name\":\"Suno Not\u00edcias\",\"url\":\"https:\/\/www.suno.com.br\/noticias\/\",\"logo\":{\"@type\":\"ImageObject\",\"inLanguage\":\"pt-BR\",\"@id\":\"https:\/\/www.suno.com.br\/noticias\/#\/schema\/logo\/image\/\",\"url\":\"https:\/\/files.sunoresearch.com.br\/n\/uploads\/2021\/09\/suno-logo.png\",\"contentUrl\":\"https:\/\/files.sunoresearch.com.br\/n\/uploads\/2021\/09\/suno-logo.png\",\"width\":180,\"height\":180,\"caption\":\"Suno Not\u00edcias\"},\"image\":{\"@id\":\"https:\/\/www.suno.com.br\/noticias\/#\/schema\/logo\/image\/\"},\"sameAs\":[\"https:\/\/facebook.com\/sunoresearch\",\"https:\/\/x.com\/sunoresearch\",\"https:\/\/www.instagram.com\/suno\",\"https:\/\/www.linkedin.com\/company\/suno-research\/\",\"https:\/\/www.youtube.com\/c\/sunoresearch\"]},{\"@type\":\"Person\",\"@id\":\"https:\/\/www.suno.com.br\/noticias\/#\/schema\/person\/7f4d362bf3518e76090143ae77bb49a5\",\"name\":\"Eduardo Vargas\",\"image\":{\"@type\":\"ImageObject\",\"inLanguage\":\"pt-BR\",\"@id\":\"https:\/\/www.suno.com.br\/noticias\/#\/schema\/person\/image\/\",\"url\":\"https:\/\/secure.gravatar.com\/avatar\/dac340933427a22924c9f99d1eb2e3f2?s=96&r=g\",\"contentUrl\":\"https:\/\/secure.gravatar.com\/avatar\/dac340933427a22924c9f99d1eb2e3f2?s=96&r=g\",\"caption\":\"Eduardo Vargas\"},\"description\":\"Jornalista formado pela UFSC, cobre macroeconomia, neg\u00f3cios e startups para o Suno Not\u00edcias, escrevendo principalmente not\u00edcias sobre o mercado financeiro e a bolsa de valores. No YouTube e no Instagram, \u00e9 respons\u00e1vel pela produ\u00e7\u00e3o de Reels e Shorts do Suno Not\u00edcias. Anteriormente, trabalhou cobrindo economia e cotidiano no ND+ e para o ND, maior jornal impresso de Santa Catarina. Cursou um semestre letivo de Estudos de M\u00eddia na Universidad de Buenos Aires.\",\"url\":\"https:\/\/www.suno.com.br\/noticias\/author\/eduardo-vargas\/\"}]}<\/script>\n<!-- \/ Yoast SEO plugin. -->","yoast_head_json":{"title":"Apoio \u00e0s privatiza\u00e7\u00f5es bate recorde e chega a 38% da popula\u00e7\u00e3o","description":"No caso de questionamento sobre privatiza\u00e7\u00f5es espec\u00edficas, como Correios e Petrobras, os percentuais muda. Clique aqui e confira!","robots":{"index":"index","follow":"follow","max-snippet":"max-snippet:-1","max-image-preview":"max-image-preview:large","max-video-preview":"max-video-preview:-1"},"canonical":"https:\/\/www.suno.com.br\/noticias\/privatizacoes-datafolha-apoio-brasileiros\/","og_locale":"pt_BR","og_type":"article","og_title":"Apoio \u00e0s privatiza\u00e7\u00f5es bate recorde e chega a 38% da popula\u00e7\u00e3o","og_description":"No caso de questionamento sobre privatiza\u00e7\u00f5es espec\u00edficas, como Correios e Petrobras, os percentuais muda. Clique aqui e confira!","og_url":"https:\/\/www.suno.com.br\/noticias\/privatizacoes-datafolha-apoio-brasileiros\/","og_site_name":"Suno Not\u00edcias","article_publisher":"https:\/\/facebook.com\/sunoresearch","og_image":[{"width":1926,"height":1452,"url":"https:\/\/files.sunoresearch.com.br\/n\/uploads\/2021\/05\/df91ff5f-correios.jpg","type":"image\/jpeg"}],"author":"Eduardo Vargas","twitter_card":"summary_large_image","twitter_creator":"@sunoresearch","twitter_site":"@sunoresearch","twitter_misc":{"Escrito por":"Eduardo Vargas","Est. tempo de leitura":"3 minutos"},"schema":{"@context":"https:\/\/schema.org","@graph":[{"@type":"NewsArticle","@id":"https:\/\/www.suno.com.br\/noticias\/privatizacoes-datafolha-apoio-brasileiros\/#article","isPartOf":{"@id":"https:\/\/www.suno.com.br\/noticias\/privatizacoes-datafolha-apoio-brasileiros\/"},"author":{"name":"Eduardo Vargas","@id":"https:\/\/www.suno.com.br\/noticias\/#\/schema\/person\/7f4d362bf3518e76090143ae77bb49a5"},"headline":"Apoio \u00e0s privatiza\u00e7\u00f5es bate recorde e chega a 38% da popula\u00e7\u00e3o, diz Datafolha","datePublished":"2023-04-09T15:38:22+00:00","dateModified":"2023-04-09T15:38:47+00:00","mainEntityOfPage":{"@id":"https:\/\/www.suno.com.br\/noticias\/privatizacoes-datafolha-apoio-brasileiros\/"},"wordCount":400,"publisher":{"@id":"https:\/\/www.suno.com.br\/noticias\/#organization"},"image":{"@id":"https:\/\/www.suno.com.br\/noticias\/privatizacoes-datafolha-apoio-brasileiros\/#primaryimage"},"thumbnailUrl":"https:\/\/files.sunoresearch.com.br\/n\/uploads\/2021\/05\/df91ff5f-correios-jpg.webp","keywords":["Banco do Brasil (BBAS3)","Correios","Petrobras (PETR4)","privatiza\u00e7\u00f5es"],"articleSection":["Economia"],"inLanguage":"pt-BR"},{"@type":"WebPage","@id":"https:\/\/www.suno.com.br\/noticias\/privatizacoes-datafolha-apoio-brasileiros\/","url":"https:\/\/www.suno.com.br\/noticias\/privatizacoes-datafolha-apoio-brasileiros\/","name":"Apoio \u00e0s privatiza\u00e7\u00f5es bate recorde e chega a 38% da popula\u00e7\u00e3o","isPartOf":{"@id":"https:\/\/www.suno.com.br\/noticias\/#website"},"primaryImageOfPage":{"@id":"https:\/\/www.suno.com.br\/noticias\/privatizacoes-datafolha-apoio-brasileiros\/#primaryimage"},"image":{"@id":"https:\/\/www.suno.com.br\/noticias\/privatizacoes-datafolha-apoio-brasileiros\/#primaryimage"},"thumbnailUrl":"https:\/\/files.sunoresearch.com.br\/n\/uploads\/2021\/05\/df91ff5f-correios-jpg.webp","datePublished":"2023-04-09T15:38:22+00:00","dateModified":"2023-04-09T15:38:47+00:00","description":"No caso de questionamento sobre privatiza\u00e7\u00f5es espec\u00edficas, como Correios e Petrobras, os percentuais muda. Clique aqui e confira!","breadcrumb":{"@id":"https:\/\/www.suno.com.br\/noticias\/privatizacoes-datafolha-apoio-brasileiros\/#breadcrumb"},"inLanguage":"pt-BR","potentialAction":[{"@type":"ReadAction","target":["https:\/\/www.suno.com.br\/noticias\/privatizacoes-datafolha-apoio-brasileiros\/"]}]},{"@type":"ImageObject","inLanguage":"pt-BR","@id":"https:\/\/www.suno.com.br\/noticias\/privatizacoes-datafolha-apoio-brasileiros\/#primaryimage","url":"https:\/\/files.sunoresearch.com.br\/n\/uploads\/2021\/05\/df91ff5f-correios-jpg.webp","contentUrl":"https:\/\/files.sunoresearch.com.br\/n\/uploads\/2021\/05\/df91ff5f-correios-jpg.webp","width":1926,"height":1452,"caption":"Correios - Foto: Reprodu\u00e7\u00e3o Facebook"},{"@type":"BreadcrumbList","@id":"https:\/\/www.suno.com.br\/noticias\/privatizacoes-datafolha-apoio-brasileiros\/#breadcrumb","itemListElement":[{"@type":"ListItem","position":1,"name":"Not\u00edcias","item":"https:\/\/www.suno.com.br\/noticias\/"},{"@type":"ListItem","position":2,"name":"Economia","item":"https:\/\/www.suno.com.br\/noticias\/economia\/"},{"@type":"ListItem","position":3,"name":"Apoio \u00e0s privatiza\u00e7\u00f5es bate recorde e chega a 38% da popula\u00e7\u00e3o, diz Datafolha"}]},{"@type":"WebSite","@id":"https:\/\/www.suno.com.br\/noticias\/#website","url":"https:\/\/www.suno.com.br\/noticias\/","name":"Suno Not\u00edcias","description":"Seu portal de informa\u00e7\u00e3o sobre o mundo dos investimentos","publisher":{"@id":"https:\/\/www.suno.com.br\/noticias\/#organization"},"potentialAction":[{"@type":"SearchAction","target":{"@type":"EntryPoint","urlTemplate":"https:\/\/www.suno.com.br\/noticias\/?s={search_term_string}"},"query-input":{"@type":"PropertyValueSpecification","valueRequired":true,"valueName":"search_term_string"}}],"inLanguage":"pt-BR"},{"@type":"Organization","@id":"https:\/\/www.suno.com.br\/noticias\/#organization","name":"Suno Not\u00edcias","url":"https:\/\/www.suno.com.br\/noticias\/","logo":{"@type":"ImageObject","inLanguage":"pt-BR","@id":"https:\/\/www.suno.com.br\/noticias\/#\/schema\/logo\/image\/","url":"https:\/\/files.sunoresearch.com.br\/n\/uploads\/2021\/09\/suno-logo.png","contentUrl":"https:\/\/files.sunoresearch.com.br\/n\/uploads\/2021\/09\/suno-logo.png","width":180,"height":180,"caption":"Suno Not\u00edcias"},"image":{"@id":"https:\/\/www.suno.com.br\/noticias\/#\/schema\/logo\/image\/"},"sameAs":["https:\/\/facebook.com\/sunoresearch","https:\/\/x.com\/sunoresearch","https:\/\/www.instagram.com\/suno","https:\/\/www.linkedin.com\/company\/suno-research\/","https:\/\/www.youtube.com\/c\/sunoresearch"]},{"@type":"Person","@id":"https:\/\/www.suno.com.br\/noticias\/#\/schema\/person\/7f4d362bf3518e76090143ae77bb49a5","name":"Eduardo Vargas","image":{"@type":"ImageObject","inLanguage":"pt-BR","@id":"https:\/\/www.suno.com.br\/noticias\/#\/schema\/person\/image\/","url":"https:\/\/secure.gravatar.com\/avatar\/dac340933427a22924c9f99d1eb2e3f2?s=96&r=g","contentUrl":"https:\/\/secure.gravatar.com\/avatar\/dac340933427a22924c9f99d1eb2e3f2?s=96&r=g","caption":"Eduardo Vargas"},"description":"Jornalista formado pela UFSC, cobre macroeconomia, neg\u00f3cios e startups para o Suno Not\u00edcias, escrevendo principalmente not\u00edcias sobre o mercado financeiro e a bolsa de valores. No YouTube e no Instagram, \u00e9 respons\u00e1vel pela produ\u00e7\u00e3o de Reels e Shorts do Suno Not\u00edcias. Anteriormente, trabalhou cobrindo economia e cotidiano no ND+ e para o ND, maior jornal impresso de Santa Catarina. Cursou um semestre letivo de Estudos de M\u00eddia na Universidad de Buenos Aires.","url":"https:\/\/www.suno.com.br\/noticias\/author\/eduardo-vargas\/"}]}},"default_loop_html":"<div class=\"cardsPage__listCard__boxs\"><div class=\"cardsPage__listCard__boxs__img\"><a href=\"https:\/\/www.suno.com.br\/noticias\/privatizacoes-datafolha-apoio-brasileiros\/\"><img class=\"mask\" src=\"https:\/\/www.suno.com.br\/noticias\/wp-content\/themes\/suno\/resources\/images\/spotlight\/spotlight1img\/bg-mask.png\" alt=\"Image Mask\"\/><img src=\"https:\/\/files.sunoresearch.com.br\/n\/uploads\/2021\/05\/df91ff5f-correios-400x200.webp\" alt=\"Apoio \u00e0s privatiza\u00e7\u00f5es bate recorde e chega a 38% da popula\u00e7\u00e3o, diz Datafolha\"\/><\/a><span class=\"spotlightCategory\"><a href=\"https:\/\/www.suno.com.br\/noticias\/economia\/\">Economia<\/a><\/span><\/div><div class=\"cardsPage__listCard__boxs__content\"><a href=\"https:\/\/www.suno.com.br\/noticias\/privatizacoes-datafolha-apoio-brasileiros\/\"><h2 class=\"content__title\">Apoio \u00e0s privatiza\u00e7\u00f5es bate recorde e chega a 38% da popula\u00e7\u00e3o, diz Datafolha<\/h2><\/a><div class=\"newsContent__article__meta\"><div class=\"newsContent__article__meta__authorBox\"><a href=\"https:\/\/www.suno.com.br\/noticias\/author\/eduardo-vargas\/\" class=\"authorBox__avatar noMobi\"><img src=\"https:\/\/secure.gravatar.com\/avatar\/dac340933427a22924c9f99d1eb2e3f2?s=96&#038;r=g\" alt=\"Eduardo Vargas\"><\/a><div class=\"authorBox__name\"><span>por\n\t\t\t<a href=\"https:\/\/www.suno.com.br\/noticias\/author\/eduardo-vargas\/\"><span itemprop=\"author\">Eduardo Vargas<\/span><\/a><\/span><time datetime=\"2023-04-09T12:38:22-03:00\" itemprop=\"datePublished\">09\/04\/2023 12:38<\/time><\/div><\/div><\/div><\/div><\/div>","single_layout":"posts","amp_enabled":true,"_links":{"self":[{"href":"https:\/\/www.suno.com.br\/noticias\/wp-json\/wp\/v2\/posts\/387140"}],"collection":[{"href":"https:\/\/www.suno.com.br\/noticias\/wp-json\/wp\/v2\/posts"}],"about":[{"href":"https:\/\/www.suno.com.br\/noticias\/wp-json\/wp\/v2\/types\/post"}],"author":[{"embeddable":true,"href":"https:\/\/www.suno.com.br\/noticias\/wp-json\/wp\/v2\/users\/73"}],"replies":[{"embeddable":true,"href":"https:\/\/www.suno.com.br\/noticias\/wp-json\/wp\/v2\/comments?post=387140"}],"version-history":[{"count":3,"href":"https:\/\/www.suno.com.br\/noticias\/wp-json\/wp\/v2\/posts\/387140\/revisions"}],"predecessor-version":[{"id":387146,"href":"https:\/\/www.suno.com.br\/noticias\/wp-json\/wp\/v2\/posts\/387140\/revisions\/387146"}],"wp:featuredmedia":[{"embeddable":true,"href":"https:\/\/www.suno.com.br\/noticias\/wp-json\/wp\/v2\/media\/152959"}],"wp:attachment":[{"href":"https:\/\/www.suno.com.br\/noticias\/wp-json\/wp\/v2\/media?parent=387140"}],"wp:term":[{"taxonomy":"category","embeddable":true,"href":"https:\/\/www.suno.com.br\/noticias\/wp-json\/wp\/v2\/categories?post=387140"},{"taxonomy":"post_tag","embeddable":true,"href":"https:\/\/www.suno.com.br\/noticias\/wp-json\/wp\/v2\/tags?post=387140"},{"taxonomy":"suno_strategy","embeddable":true,"href":"https:\/\/www.suno.com.br\/noticias\/wp-json\/wp\/v2\/suno_strategy?post=387140"}],"curies":[{"name":"wp","href":"https:\/\/api.w.org\/{rel}","templated":true}]}}