{"id":387090,"date":"2023-04-08T15:11:26","date_gmt":"2023-04-08T18:11:26","guid":{"rendered":"https:\/\/www.suno.com.br\/noticias\/?p=387090"},"modified":"2023-04-08T15:16:48","modified_gmt":"2023-04-08T18:16:48","slug":"mercosul-canada-acordo-livre-comercio","status":"publish","type":"post","link":"https:\/\/www.suno.com.br\/noticias\/mercosul-canada-acordo-livre-comercio\/","title":{"rendered":"Mercosul e Canad\u00e1 devem voltar a negociar acordo de livre com\u00e9rcio"},"content":{"rendered":"<p>Paradas desde o in\u00edcio da pandemia, o <strong>Mercosul<\/strong> e o Canad\u00e1 devem retomar negocia\u00e7\u00f5es para um acordo de livre com\u00e9rcio em maio deste ano, quando uma equipe de negociadores canadenses vir\u00e1 a Bras\u00edlia para a primeira rodada de discuss\u00f5es.<\/p>\t<div class=\"wrapper-featured-image\">\n\t\t<figure class=\"spotlightImg\">\n\n\t\t\t<picture>\n\t\t\t\t<source media=\"(max-width: 768px)\" srcset=\"https:\/\/files.sunoresearch.com.br\/n\/uploads\/2021\/07\/1f48164c-port-1845350_1280-400x200.jpg\">\n\t\t\t\t<img loading=\"lazy\" decoding=\"async\" class=\"newsContent__article__imgCapa lazyloadDisabled \" src=\"https:\/\/files.sunoresearch.com.br\/n\/uploads\/2021\/07\/1f48164c-port-1845350_1280-800x450.jpg\" width=\"800\" height=\"450\" alt=\"Mercosul e Canad\u00e1 devem voltar a negociar acordo de livre com\u00e9rcio\" fetchpriority=high \/>\n\t\t\t<\/picture>\n\n\t\t\t<figcaption class=\"wp-caption-text wp-caption-text--show\">Balan\u00e7a comercial. Foto: Pixabay<\/figcaption>\n\t\t<\/figure>\n\t<\/div>\n\n\n\n\n\n\t<p>\n\t\t<a href=\"https:\/\/lp.suno.com.br\/suno-one\/?utm_campaign=_SNC6964518A_\" target=\"_blank\" data-element=\"shortcode-suno-banner\" title=\"Banner SUNO, clique e saiba mais\">\n\t\t\t<picture>\n\t\t\t\t<source media=\"(max-width: 500px)\" srcset=\"https:\/\/files.sunoresearch.com.br\/n\/uploads\/2025\/09\/400x300-Suno-One-png.webp\">\n\t\t\t\t<img class=\"newsContent__article__imgCapa newsContent__article__imgCapa--banner\"\n\t\t\t\t\tsrc=\"https:\/\/files.sunoresearch.com.br\/n\/uploads\/2025\/09\/1420x240-Suno-One-png.webp\"\n\t\t\t\t\tdata-promo-id=\"383121\"\t\t\t\t\t\t\t\t\t\twidth='1420' height='240'\t\t\t\t\talt=\"https:\/\/files.sunoresearch.com.br\/n\/uploads\/2025\/09\/1420x240-Suno-One-png.webp\"\n\t\t\t\t>\n\t\t\t<\/picture>\n\t\t<\/a>\n\t<\/p>\n\n\n\n\n\n\n\n<p>O lan\u00e7amento das negocia\u00e7\u00f5es entre Brasil e Canad\u00e1 foi anunciado h\u00e1 cinco anos, no Paraguai, e o Brasil ficou encarregado de conduzir as negocia\u00e7\u00f5es do grupo. Desde ent\u00e3o, foram realizadas 7 rodadas negociadoras.<\/p>\n\n\n\n<p>As tratativas evolu\u00edam bem e havia interesse do setor privado em um <strong>acordo de livre-com\u00e9rcio<\/strong>, mas a pandemia congelou tudo.<\/p>\n\n\n\n<p>Segundo relatos feitos \u00e0 CNN por funcion\u00e1rios do governo brasileiro envolvidos nas discuss\u00f5es, a expectativa \u00e9 de que um <strong>tratado de livre com\u00e9rcio<\/strong> possa ser conclu\u00eddo logo \u2013em quest\u00e3o de meses, e n\u00e3o de anos.<\/p>\n\n\n\n<p>A ideia, conforme a CNN, \u00e9 ter um acordo moderno e abrangente, contemplando n\u00e3o apenas a elimina\u00e7\u00e3o de tarifas sobre bens industriais e agr\u00edcolas, mas \u00e1reas como servi\u00e7os, investimentos, medidas sanit\u00e1rias e fitossanit\u00e1rias, <a class=\"suno-keyword\" target=\"_blank\" data-force=\"no\" data-priority=\"2\" href=\"https:\/\/www.suno.com.br\/artigos\/propriedade-intelectual\/\" rel=\"noopener\">propriedade intelectual<\/a> e compras governamentais, entre outras.<\/p>\n\n\n\n<h2 class=\"wp-block-heading\">Com\u00e9rcio atual Brasil e Canad\u00e1<\/h2>\n\n\n\n<p>Embora n\u00e3o seja uma parceria comercial relevante para o Brasil, o acordo com o Canad\u00e1 seria importante para aumentar o n\u00famero de tratados do tipo pelo bloco e evitar acordos unilaterais, assim como agilizar o <strong>acordo Mercosul e Uni\u00e3o Europeia<\/strong>, o qual encontra resist\u00eancia em temas ambientais por parte dos europeus.<\/p>\n\n\n\t<p>\n\t\t<a href=\"https:\/\/lp.suno.com.br\/ebook-gratuito-investindo-no-exterior\/\" target=\"_blank\" data-element=\"shortcode-suno-banner\" title=\"Banner SUNO, clique e saiba mais\">\n\t\t\t<picture>\n\t\t\t\t<source media=\"(max-width: 500px)\" srcset=\"https:\/\/files.sunoresearch.com.br\/n\/uploads\/2023\/03\/400x300-Investindo-no-exterior.png\">\n\t\t\t\t<img class=\"newsContent__article__imgCapa newsContent__article__imgCapa--banner\"\n\t\t\t\t\tsrc=\"https:\/\/files.sunoresearch.com.br\/n\/uploads\/2023\/03\/1420x240-Investindo-no-exterior.png\"\n\t\t\t\t\tdata-promo-id=\"383161\"\t\t\t\t\t\t\t\t\t\twidth='1420' height='240'\t\t\t\t\talt=\"https:\/\/files.sunoresearch.com.br\/n\/uploads\/2023\/03\/1420x240-Investindo-no-exterior.png\"\n\t\t\t\t>\n\t\t\t<\/picture>\n\t\t<\/a>\n\t<\/p>\n\n\n\n\n\n<p>De acordo com dados do governo, o Canad\u00e1 \u00e9 o 13\u00ba maior exportador de produtos brasileiros. No primeiro trimestre deste ano, foram US$ 1,217 bilh\u00e3o comercializados, uma alta de 5,1% na compara\u00e7\u00e3o com igual per\u00edodo de 2022. <strong>Ouro<\/strong>, alum\u00ednio, semimanufaturados de ferro e a\u00e7o, a\u00e7\u00facar, caf\u00e9 e avi\u00f5es da <strong>Embraer<\/strong> est\u00e3o entre os principais produtos exportados.<\/p>\n\n\n\n<p>No caso das importa\u00e7\u00f5es, o Canad\u00e1 est\u00e1 18\u00ba posi\u00e7\u00e3o na nossa <strong>balan\u00e7a comercial<\/strong>, tendo como principais produtos comprados cloreto de pot\u00e1ssio para uso como fertilizantes, produtos qu\u00edmicos, medicamentos, avi\u00f5es da <strong>Bombardier<\/strong>, m\u00e1quinas e equipamentos.&nbsp;<\/p>\n\n\n\n<p>Nos primeiros tr\u00eas meses deste ano, foram importados US$ 734 milh\u00f5es, uma queda anual de 3,4%.<\/p>\n\n\n\n<p>Dados informados pela <strong>Secretaria de Com\u00e9rcio Exterior<\/strong> (Secex) mostram que o eventual acordo do <strong>Mercosul<\/strong> com o Canad\u00e1 representaria aumento de R$ 33,4 bilh\u00f5es no PIB brasileiro \u2013na compara\u00e7\u00e3o com um cen\u00e1rio sem o <strong>tratado de livre-com\u00e9rcio<\/strong>.<\/p>\n\n\n\t<p>\n\t\t<a href=\"https:\/\/lp.suno.com.br\/ebook-como-analisar-uma-acao\/\" target=\"_blank\" data-element=\"shortcode-suno-banner\" title=\"Banner SUNO, clique e saiba mais\">\n\t\t\t<picture>\n\t\t\t\t<source media=\"(max-width: 500px)\" srcset=\"https:\/\/files.sunoresearch.com.br\/n\/uploads\/2023\/03\/Ebook-Acoes-Mobile.jpg\">\n\t\t\t\t<img class=\"newsContent__article__imgCapa newsContent__article__imgCapa--banner\"\n\t\t\t\t\tsrc=\"https:\/\/files.sunoresearch.com.br\/n\/uploads\/2023\/03\/Ebook-Acoes-Desktop.jpg\"\n\t\t\t\t\tdata-promo-id=\"378302\"\t\t\t\t\t\t\t\t\t\twidth='1420' height='286'\t\t\t\t\talt=\"https:\/\/files.sunoresearch.com.br\/n\/uploads\/2023\/03\/Ebook-Acoes-Desktop.jpg\"\n\t\t\t\t>\n\t\t\t<\/picture>\n\t\t<\/a>\n\t<\/p>\n\n\n","protected":false},"excerpt":{"rendered":"<p>Paradas desde o in\u00edcio da pandemia, o Mercosul e o Canad\u00e1 devem retomar negocia\u00e7\u00f5es para um acordo de livre com\u00e9rcio em maio deste ano, quando uma equipe de negociadores canadenses vir\u00e1 a Bras\u00edlia para a primeira rodada de discuss\u00f5es. Balan\u00e7a comercial. Foto: Pixabay O lan\u00e7amento das negocia\u00e7\u00f5es entre Brasil e Canad\u00e1 foi anunciado h\u00e1 cinco [&hellip;]<\/p>\n","protected":false},"author":266,"featured_media":167075,"comment_status":"closed","ping_status":"closed","sticky":false,"template":"","format":"standard","meta":[],"categories":[63],"tags":[1546,914,923,868],"suno_strategy":[],"class_list":["post-387090","post","type-post","status-publish","format-standard","has-post-thumbnail","hentry","category-internacional","tag-acordo-comercial","tag-balanca-comercial","tag-comercio-exterior","tag-mercosul"],"yoast_head":"<!-- This site is optimized with the Yoast SEO plugin v24.4 - https:\/\/yoast.com\/wordpress\/plugins\/seo\/ -->\n<title>Mercosul e Canad\u00e1 devem voltar a negociar acordo de livre com\u00e9rcio<\/title>\n<meta name=\"description\" content=\"Paradas desde o in\u00edcio da pandemia, o Mercosul e o Canad\u00e1 devem ter sua primeira primeira rodada de discuss\u00f5es em maio.\" \/>\n<meta name=\"robots\" content=\"index, follow, max-snippet:-1, max-image-preview:large, max-video-preview:-1\" \/>\n<link rel=\"canonical\" href=\"https:\/\/www.suno.com.br\/noticias\/mercosul-canada-acordo-livre-comercio\/\" \/>\n<meta property=\"og:locale\" content=\"pt_BR\" \/>\n<meta property=\"og:type\" content=\"article\" \/>\n<meta property=\"og:title\" content=\"Mercosul e Canad\u00e1 devem voltar a negociar acordo de livre com\u00e9rcio\" \/>\n<meta property=\"og:description\" content=\"Paradas desde o in\u00edcio da pandemia, o Mercosul e o Canad\u00e1 devem ter sua primeira primeira rodada de discuss\u00f5es em maio.\" \/>\n<meta property=\"og:url\" content=\"https:\/\/www.suno.com.br\/noticias\/mercosul-canada-acordo-livre-comercio\/\" \/>\n<meta property=\"og:site_name\" content=\"Suno Not\u00edcias\" \/>\n<meta property=\"article:publisher\" content=\"https:\/\/facebook.com\/sunoresearch\" \/>\n<meta property=\"og:image\" content=\"https:\/\/files.sunoresearch.com.br\/n\/uploads\/2021\/07\/1f48164c-port-1845350_1280.jpg\" \/>\n\t<meta property=\"og:image:width\" content=\"1280\" \/>\n\t<meta property=\"og:image:height\" content=\"853\" \/>\n\t<meta property=\"og:image:type\" content=\"image\/jpeg\" \/>\n<meta name=\"author\" content=\"Fernanda Bompan\" \/>\n<meta name=\"twitter:card\" content=\"summary_large_image\" \/>\n<meta name=\"twitter:creator\" content=\"@sunoresearch\" \/>\n<meta name=\"twitter:site\" content=\"@sunoresearch\" \/>\n<meta name=\"twitter:label1\" content=\"Escrito por\" \/>\n\t<meta name=\"twitter:data1\" content=\"Fernanda Bompan\" \/>\n\t<meta name=\"twitter:label2\" content=\"Est. tempo de leitura\" \/>\n\t<meta name=\"twitter:data2\" content=\"3 minutos\" \/>\n<script type=\"application\/ld+json\" class=\"yoast-schema-graph\">{\"@context\":\"https:\/\/schema.org\",\"@graph\":[{\"@type\":\"NewsArticle\",\"@id\":\"https:\/\/www.suno.com.br\/noticias\/mercosul-canada-acordo-livre-comercio\/#article\",\"isPartOf\":{\"@id\":\"https:\/\/www.suno.com.br\/noticias\/mercosul-canada-acordo-livre-comercio\/\"},\"author\":{\"name\":\"Fernanda Bompan\",\"@id\":\"https:\/\/www.suno.com.br\/noticias\/#\/schema\/person\/1f832c1c0e64406f37dbc20563c01a26\"},\"headline\":\"Mercosul e Canad\u00e1 devem voltar a negociar acordo de livre com\u00e9rcio\",\"datePublished\":\"2023-04-08T18:11:26+00:00\",\"dateModified\":\"2023-04-08T18:16:48+00:00\",\"mainEntityOfPage\":{\"@id\":\"https:\/\/www.suno.com.br\/noticias\/mercosul-canada-acordo-livre-comercio\/\"},\"wordCount\":425,\"publisher\":{\"@id\":\"https:\/\/www.suno.com.br\/noticias\/#organization\"},\"image\":{\"@id\":\"https:\/\/www.suno.com.br\/noticias\/mercosul-canada-acordo-livre-comercio\/#primaryimage\"},\"thumbnailUrl\":\"https:\/\/files.sunoresearch.com.br\/n\/uploads\/2021\/07\/1f48164c-port-1845350_1280.jpg\",\"keywords\":[\"acordo comercial\",\"balan\u00e7a comercial\",\"comercio exterior\",\"Mercosul\"],\"articleSection\":[\"Internacional\"],\"inLanguage\":\"pt-BR\"},{\"@type\":\"WebPage\",\"@id\":\"https:\/\/www.suno.com.br\/noticias\/mercosul-canada-acordo-livre-comercio\/\",\"url\":\"https:\/\/www.suno.com.br\/noticias\/mercosul-canada-acordo-livre-comercio\/\",\"name\":\"Mercosul e Canad\u00e1 devem voltar a negociar acordo de livre com\u00e9rcio\",\"isPartOf\":{\"@id\":\"https:\/\/www.suno.com.br\/noticias\/#website\"},\"primaryImageOfPage\":{\"@id\":\"https:\/\/www.suno.com.br\/noticias\/mercosul-canada-acordo-livre-comercio\/#primaryimage\"},\"image\":{\"@id\":\"https:\/\/www.suno.com.br\/noticias\/mercosul-canada-acordo-livre-comercio\/#primaryimage\"},\"thumbnailUrl\":\"https:\/\/files.sunoresearch.com.br\/n\/uploads\/2021\/07\/1f48164c-port-1845350_1280.jpg\",\"datePublished\":\"2023-04-08T18:11:26+00:00\",\"dateModified\":\"2023-04-08T18:16:48+00:00\",\"description\":\"Paradas desde o in\u00edcio da pandemia, o Mercosul e o Canad\u00e1 devem ter sua primeira primeira rodada de discuss\u00f5es em maio.\",\"breadcrumb\":{\"@id\":\"https:\/\/www.suno.com.br\/noticias\/mercosul-canada-acordo-livre-comercio\/#breadcrumb\"},\"inLanguage\":\"pt-BR\",\"potentialAction\":[{\"@type\":\"ReadAction\",\"target\":[\"https:\/\/www.suno.com.br\/noticias\/mercosul-canada-acordo-livre-comercio\/\"]}]},{\"@type\":\"ImageObject\",\"inLanguage\":\"pt-BR\",\"@id\":\"https:\/\/www.suno.com.br\/noticias\/mercosul-canada-acordo-livre-comercio\/#primaryimage\",\"url\":\"https:\/\/files.sunoresearch.com.br\/n\/uploads\/2021\/07\/1f48164c-port-1845350_1280.jpg\",\"contentUrl\":\"https:\/\/files.sunoresearch.com.br\/n\/uploads\/2021\/07\/1f48164c-port-1845350_1280.jpg\",\"width\":1280,\"height\":853,\"caption\":\"Balan\u00e7a comercial. Foto: Pixabay\"},{\"@type\":\"BreadcrumbList\",\"@id\":\"https:\/\/www.suno.com.br\/noticias\/mercosul-canada-acordo-livre-comercio\/#breadcrumb\",\"itemListElement\":[{\"@type\":\"ListItem\",\"position\":1,\"name\":\"Not\u00edcias\",\"item\":\"https:\/\/www.suno.com.br\/noticias\/\"},{\"@type\":\"ListItem\",\"position\":2,\"name\":\"Internacional\",\"item\":\"https:\/\/www.suno.com.br\/noticias\/internacional\/\"},{\"@type\":\"ListItem\",\"position\":3,\"name\":\"Mercosul e Canad\u00e1 devem voltar a negociar acordo de livre com\u00e9rcio\"}]},{\"@type\":\"WebSite\",\"@id\":\"https:\/\/www.suno.com.br\/noticias\/#website\",\"url\":\"https:\/\/www.suno.com.br\/noticias\/\",\"name\":\"Suno Not\u00edcias\",\"description\":\"Seu portal de informa\u00e7\u00e3o sobre o mundo dos investimentos\",\"publisher\":{\"@id\":\"https:\/\/www.suno.com.br\/noticias\/#organization\"},\"potentialAction\":[{\"@type\":\"SearchAction\",\"target\":{\"@type\":\"EntryPoint\",\"urlTemplate\":\"https:\/\/www.suno.com.br\/noticias\/?s={search_term_string}\"},\"query-input\":{\"@type\":\"PropertyValueSpecification\",\"valueRequired\":true,\"valueName\":\"search_term_string\"}}],\"inLanguage\":\"pt-BR\"},{\"@type\":\"Organization\",\"@id\":\"https:\/\/www.suno.com.br\/noticias\/#organization\",\"name\":\"Suno Not\u00edcias\",\"url\":\"https:\/\/www.suno.com.br\/noticias\/\",\"logo\":{\"@type\":\"ImageObject\",\"inLanguage\":\"pt-BR\",\"@id\":\"https:\/\/www.suno.com.br\/noticias\/#\/schema\/logo\/image\/\",\"url\":\"https:\/\/files.sunoresearch.com.br\/n\/uploads\/2021\/09\/suno-logo.png\",\"contentUrl\":\"https:\/\/files.sunoresearch.com.br\/n\/uploads\/2021\/09\/suno-logo.png\",\"width\":180,\"height\":180,\"caption\":\"Suno Not\u00edcias\"},\"image\":{\"@id\":\"https:\/\/www.suno.com.br\/noticias\/#\/schema\/logo\/image\/\"},\"sameAs\":[\"https:\/\/facebook.com\/sunoresearch\",\"https:\/\/x.com\/sunoresearch\",\"https:\/\/www.instagram.com\/suno\",\"https:\/\/www.linkedin.com\/company\/suno-research\/\",\"https:\/\/www.youtube.com\/c\/sunoresearch\"]},{\"@type\":\"Person\",\"@id\":\"https:\/\/www.suno.com.br\/noticias\/#\/schema\/person\/1f832c1c0e64406f37dbc20563c01a26\",\"name\":\"Fernanda Bompan\",\"image\":{\"@type\":\"ImageObject\",\"inLanguage\":\"pt-BR\",\"@id\":\"https:\/\/www.suno.com.br\/noticias\/#\/schema\/person\/image\/\",\"url\":\"https:\/\/secure.gravatar.com\/avatar\/963efa2e75b13e4118442129692cb5cb?s=96&r=g\",\"contentUrl\":\"https:\/\/secure.gravatar.com\/avatar\/963efa2e75b13e4118442129692cb5cb?s=96&r=g\",\"caption\":\"Fernanda Bompan\"},\"description\":\"Fernanda Bompan \u00e9 jornalista e acumula 15 anos de experi\u00eancia na cobertura das editorias de economia, finan\u00e7as e neg\u00f3cios, com passagens por Gazeta Mercantil, DCI, Valor Econ\u00f4mico e Finsiders. Ainda\u00a0atuou em assessorias de imprensa e na cria\u00e7\u00e3o de conte\u00fado para redes sociais de fundos de investimento.\",\"url\":\"https:\/\/www.suno.com.br\/noticias\/author\/fernanda-bompansuno-com-br\/\"}]}<\/script>\n<!-- \/ Yoast SEO plugin. -->","yoast_head_json":{"title":"Mercosul e Canad\u00e1 devem voltar a negociar acordo de livre com\u00e9rcio","description":"Paradas desde o in\u00edcio da pandemia, o Mercosul e o Canad\u00e1 devem ter sua primeira primeira rodada de discuss\u00f5es em maio.","robots":{"index":"index","follow":"follow","max-snippet":"max-snippet:-1","max-image-preview":"max-image-preview:large","max-video-preview":"max-video-preview:-1"},"canonical":"https:\/\/www.suno.com.br\/noticias\/mercosul-canada-acordo-livre-comercio\/","og_locale":"pt_BR","og_type":"article","og_title":"Mercosul e Canad\u00e1 devem voltar a negociar acordo de livre com\u00e9rcio","og_description":"Paradas desde o in\u00edcio da pandemia, o Mercosul e o Canad\u00e1 devem ter sua primeira primeira rodada de discuss\u00f5es em maio.","og_url":"https:\/\/www.suno.com.br\/noticias\/mercosul-canada-acordo-livre-comercio\/","og_site_name":"Suno Not\u00edcias","article_publisher":"https:\/\/facebook.com\/sunoresearch","og_image":[{"width":1280,"height":853,"url":"https:\/\/files.sunoresearch.com.br\/n\/uploads\/2021\/07\/1f48164c-port-1845350_1280.jpg","type":"image\/jpeg"}],"author":"Fernanda Bompan","twitter_card":"summary_large_image","twitter_creator":"@sunoresearch","twitter_site":"@sunoresearch","twitter_misc":{"Escrito por":"Fernanda Bompan","Est. tempo de leitura":"3 minutos"},"schema":{"@context":"https:\/\/schema.org","@graph":[{"@type":"NewsArticle","@id":"https:\/\/www.suno.com.br\/noticias\/mercosul-canada-acordo-livre-comercio\/#article","isPartOf":{"@id":"https:\/\/www.suno.com.br\/noticias\/mercosul-canada-acordo-livre-comercio\/"},"author":{"name":"Fernanda Bompan","@id":"https:\/\/www.suno.com.br\/noticias\/#\/schema\/person\/1f832c1c0e64406f37dbc20563c01a26"},"headline":"Mercosul e Canad\u00e1 devem voltar a negociar acordo de livre com\u00e9rcio","datePublished":"2023-04-08T18:11:26+00:00","dateModified":"2023-04-08T18:16:48+00:00","mainEntityOfPage":{"@id":"https:\/\/www.suno.com.br\/noticias\/mercosul-canada-acordo-livre-comercio\/"},"wordCount":425,"publisher":{"@id":"https:\/\/www.suno.com.br\/noticias\/#organization"},"image":{"@id":"https:\/\/www.suno.com.br\/noticias\/mercosul-canada-acordo-livre-comercio\/#primaryimage"},"thumbnailUrl":"https:\/\/files.sunoresearch.com.br\/n\/uploads\/2021\/07\/1f48164c-port-1845350_1280.jpg","keywords":["acordo comercial","balan\u00e7a comercial","comercio exterior","Mercosul"],"articleSection":["Internacional"],"inLanguage":"pt-BR"},{"@type":"WebPage","@id":"https:\/\/www.suno.com.br\/noticias\/mercosul-canada-acordo-livre-comercio\/","url":"https:\/\/www.suno.com.br\/noticias\/mercosul-canada-acordo-livre-comercio\/","name":"Mercosul e Canad\u00e1 devem voltar a negociar acordo de livre com\u00e9rcio","isPartOf":{"@id":"https:\/\/www.suno.com.br\/noticias\/#website"},"primaryImageOfPage":{"@id":"https:\/\/www.suno.com.br\/noticias\/mercosul-canada-acordo-livre-comercio\/#primaryimage"},"image":{"@id":"https:\/\/www.suno.com.br\/noticias\/mercosul-canada-acordo-livre-comercio\/#primaryimage"},"thumbnailUrl":"https:\/\/files.sunoresearch.com.br\/n\/uploads\/2021\/07\/1f48164c-port-1845350_1280.jpg","datePublished":"2023-04-08T18:11:26+00:00","dateModified":"2023-04-08T18:16:48+00:00","description":"Paradas desde o in\u00edcio da pandemia, o Mercosul e o Canad\u00e1 devem ter sua primeira primeira rodada de discuss\u00f5es em maio.","breadcrumb":{"@id":"https:\/\/www.suno.com.br\/noticias\/mercosul-canada-acordo-livre-comercio\/#breadcrumb"},"inLanguage":"pt-BR","potentialAction":[{"@type":"ReadAction","target":["https:\/\/www.suno.com.br\/noticias\/mercosul-canada-acordo-livre-comercio\/"]}]},{"@type":"ImageObject","inLanguage":"pt-BR","@id":"https:\/\/www.suno.com.br\/noticias\/mercosul-canada-acordo-livre-comercio\/#primaryimage","url":"https:\/\/files.sunoresearch.com.br\/n\/uploads\/2021\/07\/1f48164c-port-1845350_1280.jpg","contentUrl":"https:\/\/files.sunoresearch.com.br\/n\/uploads\/2021\/07\/1f48164c-port-1845350_1280.jpg","width":1280,"height":853,"caption":"Balan\u00e7a comercial. Foto: Pixabay"},{"@type":"BreadcrumbList","@id":"https:\/\/www.suno.com.br\/noticias\/mercosul-canada-acordo-livre-comercio\/#breadcrumb","itemListElement":[{"@type":"ListItem","position":1,"name":"Not\u00edcias","item":"https:\/\/www.suno.com.br\/noticias\/"},{"@type":"ListItem","position":2,"name":"Internacional","item":"https:\/\/www.suno.com.br\/noticias\/internacional\/"},{"@type":"ListItem","position":3,"name":"Mercosul e Canad\u00e1 devem voltar a negociar acordo de livre com\u00e9rcio"}]},{"@type":"WebSite","@id":"https:\/\/www.suno.com.br\/noticias\/#website","url":"https:\/\/www.suno.com.br\/noticias\/","name":"Suno Not\u00edcias","description":"Seu portal de informa\u00e7\u00e3o sobre o mundo dos investimentos","publisher":{"@id":"https:\/\/www.suno.com.br\/noticias\/#organization"},"potentialAction":[{"@type":"SearchAction","target":{"@type":"EntryPoint","urlTemplate":"https:\/\/www.suno.com.br\/noticias\/?s={search_term_string}"},"query-input":{"@type":"PropertyValueSpecification","valueRequired":true,"valueName":"search_term_string"}}],"inLanguage":"pt-BR"},{"@type":"Organization","@id":"https:\/\/www.suno.com.br\/noticias\/#organization","name":"Suno Not\u00edcias","url":"https:\/\/www.suno.com.br\/noticias\/","logo":{"@type":"ImageObject","inLanguage":"pt-BR","@id":"https:\/\/www.suno.com.br\/noticias\/#\/schema\/logo\/image\/","url":"https:\/\/files.sunoresearch.com.br\/n\/uploads\/2021\/09\/suno-logo.png","contentUrl":"https:\/\/files.sunoresearch.com.br\/n\/uploads\/2021\/09\/suno-logo.png","width":180,"height":180,"caption":"Suno Not\u00edcias"},"image":{"@id":"https:\/\/www.suno.com.br\/noticias\/#\/schema\/logo\/image\/"},"sameAs":["https:\/\/facebook.com\/sunoresearch","https:\/\/x.com\/sunoresearch","https:\/\/www.instagram.com\/suno","https:\/\/www.linkedin.com\/company\/suno-research\/","https:\/\/www.youtube.com\/c\/sunoresearch"]},{"@type":"Person","@id":"https:\/\/www.suno.com.br\/noticias\/#\/schema\/person\/1f832c1c0e64406f37dbc20563c01a26","name":"Fernanda Bompan","image":{"@type":"ImageObject","inLanguage":"pt-BR","@id":"https:\/\/www.suno.com.br\/noticias\/#\/schema\/person\/image\/","url":"https:\/\/secure.gravatar.com\/avatar\/963efa2e75b13e4118442129692cb5cb?s=96&r=g","contentUrl":"https:\/\/secure.gravatar.com\/avatar\/963efa2e75b13e4118442129692cb5cb?s=96&r=g","caption":"Fernanda Bompan"},"description":"Fernanda Bompan \u00e9 jornalista e acumula 15 anos de experi\u00eancia na cobertura das editorias de economia, finan\u00e7as e neg\u00f3cios, com passagens por Gazeta Mercantil, DCI, Valor Econ\u00f4mico e Finsiders. Ainda\u00a0atuou em assessorias de imprensa e na cria\u00e7\u00e3o de conte\u00fado para redes sociais de fundos de investimento.","url":"https:\/\/www.suno.com.br\/noticias\/author\/fernanda-bompansuno-com-br\/"}]}},"default_loop_html":"<div class=\"cardsPage__listCard__boxs\"><div class=\"cardsPage__listCard__boxs__img\"><a href=\"https:\/\/www.suno.com.br\/noticias\/mercosul-canada-acordo-livre-comercio\/\"><img class=\"mask\" src=\"https:\/\/www.suno.com.br\/noticias\/wp-content\/themes\/suno\/resources\/images\/spotlight\/spotlight1img\/bg-mask.png\" alt=\"Image Mask\"\/><img src=\"https:\/\/files.sunoresearch.com.br\/n\/uploads\/2021\/07\/1f48164c-port-1845350_1280-400x200.jpg\" alt=\"Mercosul e Canad\u00e1 devem voltar a negociar acordo de livre com\u00e9rcio\"\/><\/a><span class=\"spotlightCategory\"><a href=\"https:\/\/www.suno.com.br\/noticias\/internacional\/\">Internacional<\/a><\/span><\/div><div class=\"cardsPage__listCard__boxs__content\"><a href=\"https:\/\/www.suno.com.br\/noticias\/mercosul-canada-acordo-livre-comercio\/\"><h2 class=\"content__title\">Mercosul e Canad\u00e1 devem voltar a negociar acordo de livre com\u00e9rcio<\/h2><\/a><div class=\"newsContent__article__meta\"><div class=\"newsContent__article__meta__authorBox\"><a href=\"https:\/\/www.suno.com.br\/noticias\/author\/fernanda-bompansuno-com-br\/\" class=\"authorBox__avatar noMobi\"><img src=\"https:\/\/secure.gravatar.com\/avatar\/963efa2e75b13e4118442129692cb5cb?s=96&#038;r=g\" alt=\"Fernanda Bompan\"><\/a><div class=\"authorBox__name\"><span>por\n\t\t\t<a href=\"https:\/\/www.suno.com.br\/noticias\/author\/fernanda-bompansuno-com-br\/\"><span itemprop=\"author\">Fernanda Bompan<\/span><\/a><\/span><time datetime=\"2023-04-08T15:11:26-03:00\" itemprop=\"datePublished\">08\/04\/2023 15:11<\/time><\/div><\/div><\/div><\/div><\/div>","single_layout":"posts","amp_enabled":true,"_links":{"self":[{"href":"https:\/\/www.suno.com.br\/noticias\/wp-json\/wp\/v2\/posts\/387090"}],"collection":[{"href":"https:\/\/www.suno.com.br\/noticias\/wp-json\/wp\/v2\/posts"}],"about":[{"href":"https:\/\/www.suno.com.br\/noticias\/wp-json\/wp\/v2\/types\/post"}],"author":[{"embeddable":true,"href":"https:\/\/www.suno.com.br\/noticias\/wp-json\/wp\/v2\/users\/266"}],"replies":[{"embeddable":true,"href":"https:\/\/www.suno.com.br\/noticias\/wp-json\/wp\/v2\/comments?post=387090"}],"version-history":[{"count":3,"href":"https:\/\/www.suno.com.br\/noticias\/wp-json\/wp\/v2\/posts\/387090\/revisions"}],"predecessor-version":[{"id":387098,"href":"https:\/\/www.suno.com.br\/noticias\/wp-json\/wp\/v2\/posts\/387090\/revisions\/387098"}],"wp:featuredmedia":[{"embeddable":true,"href":"https:\/\/www.suno.com.br\/noticias\/wp-json\/wp\/v2\/media\/167075"}],"wp:attachment":[{"href":"https:\/\/www.suno.com.br\/noticias\/wp-json\/wp\/v2\/media?parent=387090"}],"wp:term":[{"taxonomy":"category","embeddable":true,"href":"https:\/\/www.suno.com.br\/noticias\/wp-json\/wp\/v2\/categories?post=387090"},{"taxonomy":"post_tag","embeddable":true,"href":"https:\/\/www.suno.com.br\/noticias\/wp-json\/wp\/v2\/tags?post=387090"},{"taxonomy":"suno_strategy","embeddable":true,"href":"https:\/\/www.suno.com.br\/noticias\/wp-json\/wp\/v2\/suno_strategy?post=387090"}],"curies":[{"name":"wp","href":"https:\/\/api.w.org\/{rel}","templated":true}]}}