{"id":386296,"date":"2023-04-07T11:00:00","date_gmt":"2023-04-07T14:00:00","guid":{"rendered":"https:\/\/www.suno.com.br\/noticias\/?p=386296"},"modified":"2023-05-31T19:15:13","modified_gmt":"2023-05-31T22:15:13","slug":"snci11-avalia-aumentar-dividendos-fii-suno","status":"publish","type":"post","link":"https:\/\/www.suno.com.br\/noticias\/snci11-avalia-aumentar-dividendos-fii-suno\/","title":{"rendered":"SNCI11: FII da Suno avalia aumentar patamar de dividendos"},"content":{"rendered":"<p>Em nova Carta de Gest\u00e3o, a Suno Asset sinalizou que pode aumentar o patamar de dividendos pagos aos cotistas do <a class=\"suno-keyword\" data-force=\"no\" data-priority=\"2\" href=\"https:\/\/www.suno.com.br\/fundos-imobiliarios\/snci11\/\" target=\"_blank\" rel=\"noopener\"><strong>SNCI11<\/strong><\/a>.<\/p><div class=\"videoFull \">\n\t\t\t<div class=\"videoWrapper yt-lazyload center\"\n\t\t\t\tdata-width=\"960\"\n\t\t\t\tdata-height=\"540\"\n\t\t\t\tdata-id=\"brZ-bJ0V2S8\"\n\t\t\t\tdata-alt=\"V\u00eddeo do YouTube - clique para reproduzir\"\n\t\t\t\tdata-logo=\"3\"\n\t\t\t\tdata-imagequality=\"maxres\">\n\t\t\t<\/div>\n\t\t<\/div><script type=\"application\/ld+json\">{\"@context\":\"https:\/\/schema.org\",\"@type\":\"VideoObject\",\"name\":\"Vale (VALE3) em queda; o que est\u00e1 acontecendo? | Suno Not\u00edcias\",\"description\":\"As a\u00e7\u00f5es da Vale (VALE3) est\u00e3o caindo nos \u00faltimos preg\u00f5es. O tombo tem rela\u00e7\u00e3o com as sucessivas quedas no pre\u00e7o do min\u00e9rio de ferro. Entenda o que est\u00e1 acontecendo com a commodity e como isso est\u00e1 relacionado aos movimentos recentes das a\u00e7\u00f5es dos setores de minera\u00e7\u00e3o e siderurgia. \ud83d\udcc8 \ud835\udc00 \ud835\udc12\ud835\udc2e\ud835\udc27\ud835\udc28 \ud835\udc1e \ud835\udc1a \ud835\udc01\ud835\udfd1 \ud835\uddf9\ud835\uddee\ud835\uddfb\u00e7\ud835\uddee\ud835\uddff\ud835\uddee\ud835\uddfa\u2026\",\"duration\":\"PT2M32S\",\"embedUrl\":\"https:\/\/www.youtube.com\/embed\/brZ-bJ0V2S8\",\"regionsAllowed\":\"pt-BR\",\"interactionStatistic\":{\"@type\":\"InteractionCounter\",\"interactionType\":{\"@type\":\"WatchAction\"},\"userInteractionCount\":1078},\"thumbnailUrl\":\"https:\/\/i.ytimg.com\/vi\/brZ-bJ0V2S8\/default.jpg\",\"uploadDate\":\"2023-04-06T19:00:15Z\"}<\/script>\n\n\n\n\n\t<p>\n\t\t<a href=\"https:\/\/lp.suno.com.br\/4-emissao-snel11\/\" target=\"_blank\" data-element=\"shortcode-suno-banner\" title=\"Banner SUNO, clique e saiba mais\">\n\t\t\t<picture>\n\t\t\t\t<source media=\"(max-width: 500px)\" srcset=\"https:\/\/files.sunoresearch.com.br\/n\/uploads\/2025\/07\/400x300-Mobile-Artigos-7.webp\">\n\t\t\t\t<img class=\"newsContent__article__imgCapa newsContent__article__imgCapa--banner\"\n\t\t\t\t\tsrc=\"https:\/\/files.sunoresearch.com.br\/n\/uploads\/2025\/07\/1420x240-Banner-Artigos-1-_-Banner-Materias-5.webp\"\n\t\t\t\t\tdata-promo-id=\"364417\"\t\t\t\t\t\t\t\t\t\twidth='1420' height='240'\t\t\t\t\talt=\"https:\/\/files.sunoresearch.com.br\/n\/uploads\/2025\/07\/1420x240-Banner-Artigos-1-_-Banner-Materias-5.webp\"\n\t\t\t\t>\n\t\t\t<\/picture>\n\t\t<\/a>\n\t<\/p>\n\n\n\n\n\n<p>A ideia, segundo a casa, \u00e9 incrementar o pagamento de <strong>dividendos do SNCI11<\/strong> sem &#8220;impactar negativamente a const\u00e2ncia de distribui\u00e7\u00e3o&#8221; dos rendimentos do Fundo Imobili\u00e1rio (FII).<\/p>\n\n\n\n<p>Conforme os dados oficiais do fundo, foi cerca de R$ 1 por m\u00eas pago= aos cotistas do <strong>FII da Suno<\/strong> nos \u00faltimos seis meses, considerando uma janela de outubro de 2022 a mar\u00e7o de 2023.<\/p>\n\n\n\n<p>Com isso, o dividend yield (DY) anualizado do FII \u00e9 de 15,05%, conforme dados do Status Invest &#8211; com R$ 13,85 pagos por cota.<\/p>\n\n\n\n<p>Vale lembrar que, al\u00e9m da carta de gest\u00e3o, o SNCI11 recentemente divulgou relat\u00f3rio de monitoramento, detalhando os riscos de cada ativo da carteira do <strong>fundo imobili\u00e1rio<\/strong>.<\/p>\n\n\n\n<p>Em entrevista ao Suno Not\u00edcias, o CIO da Suno Asset, Vitor Duarte, afirma que &#8220;o monitoramento das opera\u00e7\u00f5es \u00e9 um dos pilares fundamentais dos investimentos, uma das muitas vantagens do acompanhamento por uma equipe profissional como a da Suno Asset&#8221;. <\/p>\n\n\n\t<p>\n\t\t<a href=\"https:\/\/lp.suno.com.br\/planilha-controle-gastos\/\" target=\"_blank\" data-element=\"shortcode-suno-banner\" title=\"Banner SUNO, clique e saiba mais\">\n\t\t\t<picture>\n\t\t\t\t<source media=\"(max-width: 500px)\" srcset=\"https:\/\/files.sunoresearch.com.br\/n\/uploads\/2023\/03\/400x300-Planilha-controle-de-gastos.png\">\n\t\t\t\t<img class=\"newsContent__article__imgCapa newsContent__article__imgCapa--banner\"\n\t\t\t\t\tsrc=\"https:\/\/files.sunoresearch.com.br\/n\/uploads\/2023\/03\/1420x240-Planilha-controle-de-gastos.png\"\n\t\t\t\t\tdata-promo-id=\"101751\"\t\t\t\t\t\t\t\t\t\twidth='1420' height='240'\t\t\t\t\talt=\"https:\/\/files.sunoresearch.com.br\/n\/uploads\/2023\/03\/1420x240-Planilha-controle-de-gastos.png\"\n\t\t\t\t>\n\t\t\t<\/picture>\n\t\t<\/a>\n\t<\/p>\n\n\n\n\n\n<p>&#8220;O relat\u00f3rio \u00e9 feito para os cotistas, uma vez que \u00e9 muito importante acompanhar de perto as obras, vendas e a adimpl\u00eancia da carteira de receb\u00edveis&#8221;, acrescenta.<\/p>\n\n\n\n<p>Por fim, o gestor aponta que que &#8220;este tipo de documento deveria ser padr\u00e3o na ind\u00fastria de <a class=\"suno-keyword\" data-force=\"no\" data-priority=\"1\" href=\"https:\/\/www.suno.com.br\/artigos\/fundos-de-papel-valem-a-pena\/\" target=\"_blank\" rel=\"noopener\">fundos de papel<\/a>. Todos deveriam fazer, j\u00e1 que \u00e9 uma forma clara do investidor entender no que ele est\u00e1 investindo, os perigos, as garantias, os cuidados e os dados relevantes de cada ativo&#8221;.<\/p>\n\n\n\n<h2 class=\"wp-block-heading\">Veja os dividendos mais recentes do SNCI11<\/h2>\n\n\n\n<p>O <a href=\"https:\/\/www.suno.com.br\/fundos-imobiliarios\/snci11\/\" target=\"_blank\" rel=\"noreferrer noopener\">Fundo Imobili\u00e1rio Suno Receb\u00edveis<\/a>, ou SNCI11, pagou um valor de R$ 1,0 por cota aos seus cotistas na sexta-feira, dia 24 de mar\u00e7o.<\/p>\n\n\n\n<p>Com isso, o pagamento de <strong>proventos do SNCI11<\/strong> proporcional ao valor da cota (ou <a class=\"suno-keyword\" data-force=\"no\" data-priority=\"2\" href=\"https:\/\/www.suno.com.br\/artigos\/dividend-yield-como-calcular\/\" target=\"_blank\" rel=\"noopener\">dividend yield<\/a>) \u00e9 de 1,04% nessa distribui\u00e7\u00e3o. O dividend yield anualizado fica em 13,17%.<\/p>\n\n\n\t<p>\n\t\t<a href=\"https:\/\/lp.suno.com.br\/ebook-como-analisar-uma-acao\/\" target=\"_blank\" data-element=\"shortcode-suno-banner\" title=\"Banner SUNO, clique e saiba mais\">\n\t\t\t<picture>\n\t\t\t\t<source media=\"(max-width: 500px)\" srcset=\"https:\/\/files.sunoresearch.com.br\/n\/uploads\/2023\/03\/Ebook-Acoes-Mobile-1.jpg\">\n\t\t\t\t<img class=\"newsContent__article__imgCapa newsContent__article__imgCapa--banner\"\n\t\t\t\t\tsrc=\"https:\/\/files.sunoresearch.com.br\/n\/uploads\/2023\/03\/Ebook-Acoes-Desktop-1.jpg\"\n\t\t\t\t\tdata-promo-id=\"171998\"\t\t\t\t\t\t\t\t\t\twidth='1420' height='286'\t\t\t\t\talt=\"https:\/\/files.sunoresearch.com.br\/n\/uploads\/2023\/03\/Ebook-Acoes-Desktop-1.jpg\"\n\t\t\t\t>\n\t\t\t<\/picture>\n\t\t<\/a>\n\t<\/p>\n\n\n\n\n\n<p>Os <strong><a class=\"suno-keyword\" data-force=\"no\" data-priority=\"1\" href=\"https:\/\/www.suno.com.br\/guias\/dividendos\/\" target=\"_blank\" rel=\"noopener\">dividendos<\/a> <\/strong>dos fundos da Suno s\u00e3o tradicionalmente anunciados nos dias 15 de cada m\u00eas e pagos no dia 25. <\/p>\n\n\n\n<p>Quando alguma dessas duas datas n\u00e3o \u00e9 um dia \u00fatil (feriado e fins de semana), o pagamento ou a divulga\u00e7\u00e3o \u00e9 antecipada para o dia \u00fatil anterior &#8211; como em mar\u00e7o, com pagamento em uma sexta-feira, dia 24.<\/p>\n\n\n\n<h2 class=\"wp-block-heading\" id=\"h-dividendos-do-snci11\">Dividendos do SNCI11<\/h2>\n\n\n\n<ul class=\"wp-block-list\">\n<li>Dividendos: R$ 1,00 por cota<\/li>\n\n\n\n<li>Data com: 15\/03\/2023<\/li>\n\n\n\n<li>Per\u00edodo de refer\u00eancia: Fevereiro<\/li>\n\n\n\n<li>Dividend yield (DY): 1,04%<\/li>\n\n\n\n<li>DY 12 meses: 13,17%<\/li>\n<\/ul>\n\n\n\n<p>O <strong>SNCI11<\/strong> teve seu segundo melhor resultado da sua hist\u00f3ria em janeiro, <a href=\"https:\/\/www.suno.com.br\/asset\/wp-content\/uploads\/2022\/07\/Carta_Gestor_SNCI11_2023.01_VF-1.pdf\" target=\"_blank\" rel=\"noreferrer noopener\">conforme relat\u00f3rio gerencial publicado em mar\u00e7o<\/a>. O dado desconsidera as movimenta\u00e7\u00f5es mensais, ficando somente atr\u00e1s de julho de 2022.<\/p>\n\n\n\t<p>\n\t\t<a href=\"https:\/\/lp.suno.com.br\/planilha-de-controle-de-investimentos\/\" target=\"_blank\" data-element=\"shortcode-suno-banner\" title=\"Banner SUNO, clique e saiba mais\">\n\t\t\t<picture>\n\t\t\t\t<source media=\"(max-width: 500px)\" srcset=\"https:\/\/files.sunoresearch.com.br\/n\/uploads\/2023\/03\/400x300-Controle-de-Investimentos.png\">\n\t\t\t\t<img class=\"newsContent__article__imgCapa newsContent__article__imgCapa--banner\"\n\t\t\t\t\tsrc=\"https:\/\/files.sunoresearch.com.br\/n\/uploads\/2023\/03\/1420x240-Controle-de-Investimentos.png\"\n\t\t\t\t\tdata-promo-id=\"75934\"\t\t\t\t\t\t\t\t\t\twidth='1420' height='240'\t\t\t\t\talt=\"https:\/\/files.sunoresearch.com.br\/n\/uploads\/2023\/03\/1420x240-Controle-de-Investimentos.png\"\n\t\t\t\t>\n\t\t\t<\/picture>\n\t\t<\/a>\n\t<\/p>\n\n\n","protected":false},"excerpt":{"rendered":"<p>Em nova Carta de Gest\u00e3o, a Suno Asset sinalizou que pode aumentar o patamar de dividendos pagos aos cotistas do SNCI11. A ideia, segundo a casa, \u00e9 incrementar o pagamento de dividendos do SNCI11 sem &#8220;impactar negativamente a const\u00e2ncia de distribui\u00e7\u00e3o&#8221; dos rendimentos do Fundo Imobili\u00e1rio (FII). Conforme os dados oficiais do fundo, foi cerca [&hellip;]<\/p>\n","protected":false},"author":73,"featured_media":257733,"comment_status":"closed","ping_status":"closed","sticky":false,"template":"","format":"standard","meta":[],"categories":[66],"tags":[295,105816,106792,105966],"suno_strategy":[],"class_list":["post-386296","post","type-post","status-publish","format-standard","has-post-thumbnail","hentry","category-fiis","tag-dividendos","tag-especialistas","tag-snci11","tag-suno-asset"],"yoast_head":"<!-- This site is optimized with the Yoast SEO plugin v24.4 - https:\/\/yoast.com\/wordpress\/plugins\/seo\/ -->\n<title>SNCI11: FII da Suno avalia aumentar patamar de dividendos<\/title>\n<meta name=\"description\" content=\"A ideia, segundo a casa, \u00e9 incrementar o pagamento de dividendos do SNCI11 sem &quot;impactar negativamente a const\u00e2ncia de distribui\u00e7\u00e3o&quot;.\" \/>\n<meta name=\"robots\" content=\"index, follow, max-snippet:-1, max-image-preview:large, max-video-preview:-1\" \/>\n<link rel=\"canonical\" href=\"https:\/\/www.suno.com.br\/noticias\/snci11-avalia-aumentar-dividendos-fii-suno\/\" \/>\n<meta property=\"og:locale\" content=\"pt_BR\" \/>\n<meta property=\"og:type\" content=\"article\" \/>\n<meta property=\"og:title\" content=\"SNCI11: FII da Suno avalia aumentar patamar de dividendos\" \/>\n<meta property=\"og:description\" content=\"A ideia, segundo a casa, \u00e9 incrementar o pagamento de dividendos do SNCI11 sem &quot;impactar negativamente a const\u00e2ncia de distribui\u00e7\u00e3o&quot;.\" \/>\n<meta property=\"og:url\" content=\"https:\/\/www.suno.com.br\/noticias\/snci11-avalia-aumentar-dividendos-fii-suno\/\" \/>\n<meta property=\"og:site_name\" content=\"Suno Not\u00edcias\" \/>\n<meta property=\"article:publisher\" content=\"https:\/\/facebook.com\/sunoresearch\" \/>\n<meta property=\"og:image\" content=\"https:\/\/files.sunoresearch.com.br\/n\/uploads\/2022\/05\/SNCI11-FOTO-IPO.jpg\" \/>\n\t<meta property=\"og:image:width\" content=\"2560\" \/>\n\t<meta property=\"og:image:height\" content=\"1920\" \/>\n\t<meta property=\"og:image:type\" content=\"image\/jpeg\" \/>\n<meta name=\"author\" content=\"Eduardo Vargas\" \/>\n<meta name=\"twitter:card\" content=\"summary_large_image\" \/>\n<meta name=\"twitter:creator\" content=\"@sunoresearch\" \/>\n<meta name=\"twitter:site\" content=\"@sunoresearch\" \/>\n<meta name=\"twitter:label1\" content=\"Escrito por\" \/>\n\t<meta name=\"twitter:data1\" content=\"Eduardo Vargas\" \/>\n\t<meta name=\"twitter:label2\" content=\"Est. tempo de leitura\" \/>\n\t<meta name=\"twitter:data2\" content=\"3 minutos\" \/>\n<script type=\"application\/ld+json\" class=\"yoast-schema-graph\">{\"@context\":\"https:\/\/schema.org\",\"@graph\":[{\"@type\":\"NewsArticle\",\"@id\":\"https:\/\/www.suno.com.br\/noticias\/snci11-avalia-aumentar-dividendos-fii-suno\/#article\",\"isPartOf\":{\"@id\":\"https:\/\/www.suno.com.br\/noticias\/snci11-avalia-aumentar-dividendos-fii-suno\/\"},\"author\":{\"name\":\"Eduardo Vargas\",\"@id\":\"https:\/\/www.suno.com.br\/noticias\/#\/schema\/person\/7f4d362bf3518e76090143ae77bb49a5\"},\"headline\":\"SNCI11: FII da Suno avalia aumentar patamar de dividendos\",\"datePublished\":\"2023-04-07T14:00:00+00:00\",\"dateModified\":\"2023-05-31T22:15:13+00:00\",\"mainEntityOfPage\":{\"@id\":\"https:\/\/www.suno.com.br\/noticias\/snci11-avalia-aumentar-dividendos-fii-suno\/\"},\"wordCount\":447,\"publisher\":{\"@id\":\"https:\/\/www.suno.com.br\/noticias\/#organization\"},\"image\":{\"@id\":\"https:\/\/www.suno.com.br\/noticias\/snci11-avalia-aumentar-dividendos-fii-suno\/#primaryimage\"},\"thumbnailUrl\":\"https:\/\/files.sunoresearch.com.br\/n\/uploads\/2022\/05\/SNCI11-FOTO-IPO.jpg\",\"keywords\":[\"dividendos\",\"Especialistas\",\"SNCI11\",\"Suno Asset\"],\"articleSection\":[\"FIIs\"],\"inLanguage\":\"pt-BR\"},{\"@type\":\"WebPage\",\"@id\":\"https:\/\/www.suno.com.br\/noticias\/snci11-avalia-aumentar-dividendos-fii-suno\/\",\"url\":\"https:\/\/www.suno.com.br\/noticias\/snci11-avalia-aumentar-dividendos-fii-suno\/\",\"name\":\"SNCI11: FII da Suno avalia aumentar patamar de dividendos\",\"isPartOf\":{\"@id\":\"https:\/\/www.suno.com.br\/noticias\/#website\"},\"primaryImageOfPage\":{\"@id\":\"https:\/\/www.suno.com.br\/noticias\/snci11-avalia-aumentar-dividendos-fii-suno\/#primaryimage\"},\"image\":{\"@id\":\"https:\/\/www.suno.com.br\/noticias\/snci11-avalia-aumentar-dividendos-fii-suno\/#primaryimage\"},\"thumbnailUrl\":\"https:\/\/files.sunoresearch.com.br\/n\/uploads\/2022\/05\/SNCI11-FOTO-IPO.jpg\",\"datePublished\":\"2023-04-07T14:00:00+00:00\",\"dateModified\":\"2023-05-31T22:15:13+00:00\",\"description\":\"A ideia, segundo a casa, \u00e9 incrementar o pagamento de dividendos do SNCI11 sem \\\"impactar negativamente a const\u00e2ncia de distribui\u00e7\u00e3o\\\".\",\"breadcrumb\":{\"@id\":\"https:\/\/www.suno.com.br\/noticias\/snci11-avalia-aumentar-dividendos-fii-suno\/#breadcrumb\"},\"inLanguage\":\"pt-BR\",\"potentialAction\":[{\"@type\":\"ReadAction\",\"target\":[\"https:\/\/www.suno.com.br\/noticias\/snci11-avalia-aumentar-dividendos-fii-suno\/\"]}]},{\"@type\":\"ImageObject\",\"inLanguage\":\"pt-BR\",\"@id\":\"https:\/\/www.suno.com.br\/noticias\/snci11-avalia-aumentar-dividendos-fii-suno\/#primaryimage\",\"url\":\"https:\/\/files.sunoresearch.com.br\/n\/uploads\/2022\/05\/SNCI11-FOTO-IPO.jpg\",\"contentUrl\":\"https:\/\/files.sunoresearch.com.br\/n\/uploads\/2022\/05\/SNCI11-FOTO-IPO.jpg\",\"width\":2560,\"height\":1920,\"caption\":\"SNCI11 mais que dobra de tamanho em 2022; Veja as perspectivas do FII para 2023. Foto: Divulga\u00e7\u00e3o\"},{\"@type\":\"BreadcrumbList\",\"@id\":\"https:\/\/www.suno.com.br\/noticias\/snci11-avalia-aumentar-dividendos-fii-suno\/#breadcrumb\",\"itemListElement\":[{\"@type\":\"ListItem\",\"position\":1,\"name\":\"Not\u00edcias\",\"item\":\"https:\/\/www.suno.com.br\/noticias\/\"},{\"@type\":\"ListItem\",\"position\":2,\"name\":\"FIIs\",\"item\":\"https:\/\/www.suno.com.br\/noticias\/fiis\/\"},{\"@type\":\"ListItem\",\"position\":3,\"name\":\"SNCI11: FII da Suno avalia aumentar patamar de dividendos\"}]},{\"@type\":\"WebSite\",\"@id\":\"https:\/\/www.suno.com.br\/noticias\/#website\",\"url\":\"https:\/\/www.suno.com.br\/noticias\/\",\"name\":\"Suno Not\u00edcias\",\"description\":\"Seu portal de informa\u00e7\u00e3o sobre o mundo dos investimentos\",\"publisher\":{\"@id\":\"https:\/\/www.suno.com.br\/noticias\/#organization\"},\"potentialAction\":[{\"@type\":\"SearchAction\",\"target\":{\"@type\":\"EntryPoint\",\"urlTemplate\":\"https:\/\/www.suno.com.br\/noticias\/?s={search_term_string}\"},\"query-input\":{\"@type\":\"PropertyValueSpecification\",\"valueRequired\":true,\"valueName\":\"search_term_string\"}}],\"inLanguage\":\"pt-BR\"},{\"@type\":\"Organization\",\"@id\":\"https:\/\/www.suno.com.br\/noticias\/#organization\",\"name\":\"Suno Not\u00edcias\",\"url\":\"https:\/\/www.suno.com.br\/noticias\/\",\"logo\":{\"@type\":\"ImageObject\",\"inLanguage\":\"pt-BR\",\"@id\":\"https:\/\/www.suno.com.br\/noticias\/#\/schema\/logo\/image\/\",\"url\":\"https:\/\/files.sunoresearch.com.br\/n\/uploads\/2021\/09\/suno-logo.png\",\"contentUrl\":\"https:\/\/files.sunoresearch.com.br\/n\/uploads\/2021\/09\/suno-logo.png\",\"width\":180,\"height\":180,\"caption\":\"Suno Not\u00edcias\"},\"image\":{\"@id\":\"https:\/\/www.suno.com.br\/noticias\/#\/schema\/logo\/image\/\"},\"sameAs\":[\"https:\/\/facebook.com\/sunoresearch\",\"https:\/\/x.com\/sunoresearch\",\"https:\/\/www.instagram.com\/suno\",\"https:\/\/www.linkedin.com\/company\/suno-research\/\",\"https:\/\/www.youtube.com\/c\/sunoresearch\"]},{\"@type\":\"Person\",\"@id\":\"https:\/\/www.suno.com.br\/noticias\/#\/schema\/person\/7f4d362bf3518e76090143ae77bb49a5\",\"name\":\"Eduardo Vargas\",\"image\":{\"@type\":\"ImageObject\",\"inLanguage\":\"pt-BR\",\"@id\":\"https:\/\/www.suno.com.br\/noticias\/#\/schema\/person\/image\/\",\"url\":\"https:\/\/secure.gravatar.com\/avatar\/dac340933427a22924c9f99d1eb2e3f2?s=96&r=g\",\"contentUrl\":\"https:\/\/secure.gravatar.com\/avatar\/dac340933427a22924c9f99d1eb2e3f2?s=96&r=g\",\"caption\":\"Eduardo Vargas\"},\"description\":\"Jornalista formado pela UFSC, cobre macroeconomia, neg\u00f3cios e startups para o Suno Not\u00edcias, escrevendo principalmente not\u00edcias sobre o mercado financeiro e a bolsa de valores. No YouTube e no Instagram, \u00e9 respons\u00e1vel pela produ\u00e7\u00e3o de Reels e Shorts do Suno Not\u00edcias. Anteriormente, trabalhou cobrindo economia e cotidiano no ND+ e para o ND, maior jornal impresso de Santa Catarina. Cursou um semestre letivo de Estudos de M\u00eddia na Universidad de Buenos Aires.\",\"url\":\"https:\/\/www.suno.com.br\/noticias\/author\/eduardo-vargas\/\"}]}<\/script>\n<!-- \/ Yoast SEO plugin. -->","yoast_head_json":{"title":"SNCI11: FII da Suno avalia aumentar patamar de dividendos","description":"A ideia, segundo a casa, \u00e9 incrementar o pagamento de dividendos do SNCI11 sem \"impactar negativamente a const\u00e2ncia de distribui\u00e7\u00e3o\".","robots":{"index":"index","follow":"follow","max-snippet":"max-snippet:-1","max-image-preview":"max-image-preview:large","max-video-preview":"max-video-preview:-1"},"canonical":"https:\/\/www.suno.com.br\/noticias\/snci11-avalia-aumentar-dividendos-fii-suno\/","og_locale":"pt_BR","og_type":"article","og_title":"SNCI11: FII da Suno avalia aumentar patamar de dividendos","og_description":"A ideia, segundo a casa, \u00e9 incrementar o pagamento de dividendos do SNCI11 sem \"impactar negativamente a const\u00e2ncia de distribui\u00e7\u00e3o\".","og_url":"https:\/\/www.suno.com.br\/noticias\/snci11-avalia-aumentar-dividendos-fii-suno\/","og_site_name":"Suno Not\u00edcias","article_publisher":"https:\/\/facebook.com\/sunoresearch","og_image":[{"width":2560,"height":1920,"url":"https:\/\/files.sunoresearch.com.br\/n\/uploads\/2022\/05\/SNCI11-FOTO-IPO.jpg","type":"image\/jpeg"}],"author":"Eduardo Vargas","twitter_card":"summary_large_image","twitter_creator":"@sunoresearch","twitter_site":"@sunoresearch","twitter_misc":{"Escrito por":"Eduardo Vargas","Est. tempo de leitura":"3 minutos"},"schema":{"@context":"https:\/\/schema.org","@graph":[{"@type":"NewsArticle","@id":"https:\/\/www.suno.com.br\/noticias\/snci11-avalia-aumentar-dividendos-fii-suno\/#article","isPartOf":{"@id":"https:\/\/www.suno.com.br\/noticias\/snci11-avalia-aumentar-dividendos-fii-suno\/"},"author":{"name":"Eduardo Vargas","@id":"https:\/\/www.suno.com.br\/noticias\/#\/schema\/person\/7f4d362bf3518e76090143ae77bb49a5"},"headline":"SNCI11: FII da Suno avalia aumentar patamar de dividendos","datePublished":"2023-04-07T14:00:00+00:00","dateModified":"2023-05-31T22:15:13+00:00","mainEntityOfPage":{"@id":"https:\/\/www.suno.com.br\/noticias\/snci11-avalia-aumentar-dividendos-fii-suno\/"},"wordCount":447,"publisher":{"@id":"https:\/\/www.suno.com.br\/noticias\/#organization"},"image":{"@id":"https:\/\/www.suno.com.br\/noticias\/snci11-avalia-aumentar-dividendos-fii-suno\/#primaryimage"},"thumbnailUrl":"https:\/\/files.sunoresearch.com.br\/n\/uploads\/2022\/05\/SNCI11-FOTO-IPO.jpg","keywords":["dividendos","Especialistas","SNCI11","Suno Asset"],"articleSection":["FIIs"],"inLanguage":"pt-BR"},{"@type":"WebPage","@id":"https:\/\/www.suno.com.br\/noticias\/snci11-avalia-aumentar-dividendos-fii-suno\/","url":"https:\/\/www.suno.com.br\/noticias\/snci11-avalia-aumentar-dividendos-fii-suno\/","name":"SNCI11: FII da Suno avalia aumentar patamar de dividendos","isPartOf":{"@id":"https:\/\/www.suno.com.br\/noticias\/#website"},"primaryImageOfPage":{"@id":"https:\/\/www.suno.com.br\/noticias\/snci11-avalia-aumentar-dividendos-fii-suno\/#primaryimage"},"image":{"@id":"https:\/\/www.suno.com.br\/noticias\/snci11-avalia-aumentar-dividendos-fii-suno\/#primaryimage"},"thumbnailUrl":"https:\/\/files.sunoresearch.com.br\/n\/uploads\/2022\/05\/SNCI11-FOTO-IPO.jpg","datePublished":"2023-04-07T14:00:00+00:00","dateModified":"2023-05-31T22:15:13+00:00","description":"A ideia, segundo a casa, \u00e9 incrementar o pagamento de dividendos do SNCI11 sem \"impactar negativamente a const\u00e2ncia de distribui\u00e7\u00e3o\".","breadcrumb":{"@id":"https:\/\/www.suno.com.br\/noticias\/snci11-avalia-aumentar-dividendos-fii-suno\/#breadcrumb"},"inLanguage":"pt-BR","potentialAction":[{"@type":"ReadAction","target":["https:\/\/www.suno.com.br\/noticias\/snci11-avalia-aumentar-dividendos-fii-suno\/"]}]},{"@type":"ImageObject","inLanguage":"pt-BR","@id":"https:\/\/www.suno.com.br\/noticias\/snci11-avalia-aumentar-dividendos-fii-suno\/#primaryimage","url":"https:\/\/files.sunoresearch.com.br\/n\/uploads\/2022\/05\/SNCI11-FOTO-IPO.jpg","contentUrl":"https:\/\/files.sunoresearch.com.br\/n\/uploads\/2022\/05\/SNCI11-FOTO-IPO.jpg","width":2560,"height":1920,"caption":"SNCI11 mais que dobra de tamanho em 2022; Veja as perspectivas do FII para 2023. Foto: Divulga\u00e7\u00e3o"},{"@type":"BreadcrumbList","@id":"https:\/\/www.suno.com.br\/noticias\/snci11-avalia-aumentar-dividendos-fii-suno\/#breadcrumb","itemListElement":[{"@type":"ListItem","position":1,"name":"Not\u00edcias","item":"https:\/\/www.suno.com.br\/noticias\/"},{"@type":"ListItem","position":2,"name":"FIIs","item":"https:\/\/www.suno.com.br\/noticias\/fiis\/"},{"@type":"ListItem","position":3,"name":"SNCI11: FII da Suno avalia aumentar patamar de dividendos"}]},{"@type":"WebSite","@id":"https:\/\/www.suno.com.br\/noticias\/#website","url":"https:\/\/www.suno.com.br\/noticias\/","name":"Suno Not\u00edcias","description":"Seu portal de informa\u00e7\u00e3o sobre o mundo dos investimentos","publisher":{"@id":"https:\/\/www.suno.com.br\/noticias\/#organization"},"potentialAction":[{"@type":"SearchAction","target":{"@type":"EntryPoint","urlTemplate":"https:\/\/www.suno.com.br\/noticias\/?s={search_term_string}"},"query-input":{"@type":"PropertyValueSpecification","valueRequired":true,"valueName":"search_term_string"}}],"inLanguage":"pt-BR"},{"@type":"Organization","@id":"https:\/\/www.suno.com.br\/noticias\/#organization","name":"Suno Not\u00edcias","url":"https:\/\/www.suno.com.br\/noticias\/","logo":{"@type":"ImageObject","inLanguage":"pt-BR","@id":"https:\/\/www.suno.com.br\/noticias\/#\/schema\/logo\/image\/","url":"https:\/\/files.sunoresearch.com.br\/n\/uploads\/2021\/09\/suno-logo.png","contentUrl":"https:\/\/files.sunoresearch.com.br\/n\/uploads\/2021\/09\/suno-logo.png","width":180,"height":180,"caption":"Suno Not\u00edcias"},"image":{"@id":"https:\/\/www.suno.com.br\/noticias\/#\/schema\/logo\/image\/"},"sameAs":["https:\/\/facebook.com\/sunoresearch","https:\/\/x.com\/sunoresearch","https:\/\/www.instagram.com\/suno","https:\/\/www.linkedin.com\/company\/suno-research\/","https:\/\/www.youtube.com\/c\/sunoresearch"]},{"@type":"Person","@id":"https:\/\/www.suno.com.br\/noticias\/#\/schema\/person\/7f4d362bf3518e76090143ae77bb49a5","name":"Eduardo Vargas","image":{"@type":"ImageObject","inLanguage":"pt-BR","@id":"https:\/\/www.suno.com.br\/noticias\/#\/schema\/person\/image\/","url":"https:\/\/secure.gravatar.com\/avatar\/dac340933427a22924c9f99d1eb2e3f2?s=96&r=g","contentUrl":"https:\/\/secure.gravatar.com\/avatar\/dac340933427a22924c9f99d1eb2e3f2?s=96&r=g","caption":"Eduardo Vargas"},"description":"Jornalista formado pela UFSC, cobre macroeconomia, neg\u00f3cios e startups para o Suno Not\u00edcias, escrevendo principalmente not\u00edcias sobre o mercado financeiro e a bolsa de valores. No YouTube e no Instagram, \u00e9 respons\u00e1vel pela produ\u00e7\u00e3o de Reels e Shorts do Suno Not\u00edcias. Anteriormente, trabalhou cobrindo economia e cotidiano no ND+ e para o ND, maior jornal impresso de Santa Catarina. Cursou um semestre letivo de Estudos de M\u00eddia na Universidad de Buenos Aires.","url":"https:\/\/www.suno.com.br\/noticias\/author\/eduardo-vargas\/"}]}},"default_loop_html":"<div class=\"cardsPage__listCard__boxs\"><div class=\"cardsPage__listCard__boxs__img\"><a href=\"https:\/\/www.suno.com.br\/noticias\/snci11-avalia-aumentar-dividendos-fii-suno\/\"><img class=\"mask\" src=\"https:\/\/www.suno.com.br\/noticias\/wp-content\/themes\/suno\/resources\/images\/spotlight\/spotlight1img\/bg-mask.png\" alt=\"Image Mask\"\/><img src=\"https:\/\/files.sunoresearch.com.br\/n\/uploads\/2022\/05\/SNCI11-FOTO-IPO-400x200.jpg\" alt=\"SNCI11: FII da Suno avalia aumentar patamar de dividendos\"\/><\/a><span class=\"spotlightCategory\"><a href=\"https:\/\/www.suno.com.br\/noticias\/fiis\/\">FIIs<\/a><\/span><\/div><div class=\"cardsPage__listCard__boxs__content\"><a href=\"https:\/\/www.suno.com.br\/noticias\/snci11-avalia-aumentar-dividendos-fii-suno\/\"><h2 class=\"content__title\">SNCI11: FII da Suno avalia aumentar patamar de dividendos<\/h2><\/a><div class=\"newsContent__article__meta\"><div class=\"newsContent__article__meta__authorBox\"><a href=\"https:\/\/www.suno.com.br\/noticias\/author\/eduardo-vargas\/\" class=\"authorBox__avatar noMobi\"><img src=\"https:\/\/secure.gravatar.com\/avatar\/dac340933427a22924c9f99d1eb2e3f2?s=96&#038;r=g\" alt=\"Eduardo Vargas\"><\/a><div class=\"authorBox__name\"><span>por\n\t\t\t<a href=\"https:\/\/www.suno.com.br\/noticias\/author\/eduardo-vargas\/\"><span itemprop=\"author\">Eduardo Vargas<\/span><\/a><\/span><time datetime=\"2023-04-07T11:00:00-03:00\" itemprop=\"datePublished\">07\/04\/2023 11:00<\/time><\/div><\/div><\/div><\/div><\/div>","single_layout":"posts","amp_enabled":true,"_links":{"self":[{"href":"https:\/\/www.suno.com.br\/noticias\/wp-json\/wp\/v2\/posts\/386296"}],"collection":[{"href":"https:\/\/www.suno.com.br\/noticias\/wp-json\/wp\/v2\/posts"}],"about":[{"href":"https:\/\/www.suno.com.br\/noticias\/wp-json\/wp\/v2\/types\/post"}],"author":[{"embeddable":true,"href":"https:\/\/www.suno.com.br\/noticias\/wp-json\/wp\/v2\/users\/73"}],"replies":[{"embeddable":true,"href":"https:\/\/www.suno.com.br\/noticias\/wp-json\/wp\/v2\/comments?post=386296"}],"version-history":[{"count":2,"href":"https:\/\/www.suno.com.br\/noticias\/wp-json\/wp\/v2\/posts\/386296\/revisions"}],"predecessor-version":[{"id":386721,"href":"https:\/\/www.suno.com.br\/noticias\/wp-json\/wp\/v2\/posts\/386296\/revisions\/386721"}],"wp:featuredmedia":[{"embeddable":true,"href":"https:\/\/www.suno.com.br\/noticias\/wp-json\/wp\/v2\/media\/257733"}],"wp:attachment":[{"href":"https:\/\/www.suno.com.br\/noticias\/wp-json\/wp\/v2\/media?parent=386296"}],"wp:term":[{"taxonomy":"category","embeddable":true,"href":"https:\/\/www.suno.com.br\/noticias\/wp-json\/wp\/v2\/categories?post=386296"},{"taxonomy":"post_tag","embeddable":true,"href":"https:\/\/www.suno.com.br\/noticias\/wp-json\/wp\/v2\/tags?post=386296"},{"taxonomy":"suno_strategy","embeddable":true,"href":"https:\/\/www.suno.com.br\/noticias\/wp-json\/wp\/v2\/suno_strategy?post=386296"}],"curies":[{"name":"wp","href":"https:\/\/api.w.org\/{rel}","templated":true}]}}