{"id":38619,"date":"2019-09-23T20:02:02","date_gmt":"2019-09-23T23:02:02","guid":{"rendered":"https:\/\/www.suno.com.br\/noticias\/?p=38619"},"modified":"2021-02-17T22:41:55","modified_gmt":"2021-02-18T01:41:55","slug":"votacao-reforma-da-previdencia-senado-adiada","status":"publish","type":"post","link":"https:\/\/www.suno.com.br\/noticias\/votacao-reforma-da-previdencia-senado-adiada\/","title":{"rendered":"Vota\u00e7\u00e3o do primeiro turno da reforma da Previd\u00eancia no Senado \u00e9 adiada"},"content":{"rendered":"<p>O presidente do <strong>Senado<\/strong>, Davi Alcolumbre (DEM-AP) adiou a vota\u00e7\u00e3o do primeiro turno reforma da Previd\u00eancia para a pr\u00f3xima quarta-feira (25).<\/p>\t<div class=\"wrapper-featured-image\">\n\t\t<figure class=\"spotlightImg\">\n\n\t\t\t<picture>\n\t\t\t\t<source media=\"(max-width: 768px)\" srcset=\"https:\/\/files.sunoresearch.com.br\/n\/uploads\/2019\/09\/2e2440ac-alcolumbre-400x200.webp\">\n\t\t\t\t<img loading=\"lazy\" decoding=\"async\" class=\"newsContent__article__imgCapa lazyloadDisabled newsContent__article__imgCapa--noCaption\" src=\"https:\/\/files.sunoresearch.com.br\/n\/uploads\/2019\/09\/2e2440ac-alcolumbre-800x450.webp\" width=\"800\" height=\"450\" alt=\"Vota\u00e7\u00e3o do primeiro turno da reforma da Previd\u00eancia no Senado \u00e9 adiada\" fetchpriority=high \/>\n\t\t\t<\/picture>\n\n\t\t\t<figcaption class=\"wp-caption-text wp-caption-text--hide\">Vota\u00e7\u00e3o da reforma da Previd\u00eancia no Senado \u00e9 adiada<\/figcaption>\n\t\t<\/figure>\n\t<\/div>\n\n\n<p>Al\u00e9m de postergar a vota\u00e7\u00e3o da <strong>reforma da Previd\u00eancia<\/strong>, Alcolumbre agendou uma sess\u00e3o do Congresso Nacional para a pr\u00f3xima ter\u00e7a-feira (24), data prevista inicialmente para a vota\u00e7\u00e3o.<\/p>\n\n<p>A nova sess\u00e3o, agendada para \u00e0s 15h, ocorrer\u00e1 para a vota\u00e7\u00e3o do <a href=\"https:\/\/www.suno.com.br\/artigos\/lei-orcamentaria-anual\/\">Projeto de Lei de Diretrizes Or\u00e7ament\u00e1rias (PLDO)<\/a>. Al\u00e9m disso, os parlamentares tamb\u00e9m dever\u00e3o debater a libera\u00e7\u00e3o de recursos do Or\u00e7amento. A vota\u00e7\u00e3o<\/p>\n<p>Dessa forma, a vota\u00e7\u00e3o da Previd\u00eancia ter\u00e1 in\u00edcio \u00e0s 16h, na quarta-feira. As informa\u00e7\u00f5es foram divulgadas por meio do Twitter do senador.<\/p>\n<p class=\"twitter-tweet\">\n<p dir=\"ltr\" lang=\"pt\">Por conta da realiza\u00e7\u00e3o da sess\u00e3o do Congresso Nacional na pr\u00f3xima ter\u00e7a-feira, a vota\u00e7\u00e3o em primeiro turno da Reforma da Previd\u00eancia (PEC 6\/2019), no Plen\u00e1rio do <a href=\"https:\/\/twitter.com\/SenadoFederal?ref_src=twsrc%5Etfw\">@SenadoFederal<\/a>, iniciar\u00e1 na quarta-feira (25), \u00e0s 16 horas.<\/p>\n<p>\u2014 Davi Alcolumbre (@davialcolumbre) <a href=\"https:\/\/twitter.com\/davialcolumbre\/status\/1176209221593026562?ref_src=twsrc%5Etfw\">September 23, 2019<\/a><\/p>\n<p><script async src=\"https:\/\/platform.twitter.com\/widgets.js\" charset=\"utf-8\"><\/script><\/p>\n<p>A decis\u00e3o comunicada por Alcolumbre n\u00e3o era esperada pelo <strong>Minist\u00e9rio da Economia<\/strong> e pela Casa Civil. Ambos \u00f3rg\u00e3os esperavam que a vota\u00e7\u00e3o ocorresse amanh\u00e3, visto que n\u00e3o foram comunicados com anteced\u00eancia sobre o cancelamento.<\/p>\n<p>&#8220;Fomos pegos de cal\u00e7a curta. N\u00e3o sabemos o que motivou esse adiamento. Estava tudo combinado para que a reforma fosse votada em plen\u00e1rio no dia 24 de setembro&#8221;, afirmou um membro do governo em entrevista ao &#8220;UOL&#8221;.<\/p>\n\t<p>\n\t\t<a href=\"https:\/\/lp.suno.com.br\/planilha-controle-gastos\/\" target=\"_blank\" data-element=\"shortcode-suno-banner\" title=\"Banner SUNO, clique e saiba mais\">\n\t\t\t<picture>\n\t\t\t\t<source media=\"(max-width: 500px)\" srcset=\"https:\/\/files.sunoresearch.com.br\/n\/uploads\/2023\/03\/400x300-Planilha-controle-de-gastos.png\">\n\t\t\t\t<img class=\"newsContent__article__imgCapa newsContent__article__imgCapa--banner\"\n\t\t\t\t\tsrc=\"https:\/\/files.sunoresearch.com.br\/n\/uploads\/2023\/03\/1420x240-Planilha-controle-de-gastos.png\"\n\t\t\t\t\tdata-promo-id=\"383122\"\t\t\t\t\t\t\t\t\t\twidth='1420' height='240'\t\t\t\t\talt=\"https:\/\/files.sunoresearch.com.br\/n\/uploads\/2023\/03\/1420x240-Planilha-controle-de-gastos.png\"\n\t\t\t\t>\n\t\t\t<\/picture>\n\t\t<\/a>\n\t<\/p>\n\n\n<h2>Reforma da Previd\u00eancia<\/h2>\n<p>O texto da <strong>reforma<\/strong>\u00a0<strong>da Previd\u00eancia<\/strong> foi aprovado na C\u00e2mara dos Deputados no dia 7 de agosto, ap\u00f3s dois turnos.<\/p>\n<p>Na \u00faltima semana, o senador Tasso Jereissati (PSDB-CE), relator da reforma, apresentou seu novo parecer sobre a proposta.<\/p>\n<p><a href=\"https:\/\/www.suno.com.br\/noticias\/jereissati-rejeita-76-emendas-reforma-da-previdencia-e-acata-apenas-1\/\">Saiba mais: Jereissati rejeita 76 emendas \u00e0 reforma da Previd\u00eancia e acata apenas uma<\/a><\/p>\n<p>No texto, o deputado considerou apenas uma das 77 emendas apresentadas por senadores no plen\u00e1rio do Senado. A emenda acatada pelo relator beneficia os servidores estaduais, municipais e federais que t\u00eam remunera\u00e7\u00e3o vari\u00e1vel.<\/p>\n<p>\u201cO impacto \u00e9 virtualmente nulo para Uni\u00e3o, pois trata do c\u00e1lculo da integralidade na presen\u00e7a de vantagens vari\u00e1veis vinculadas a indicadores de desempenho ou produtividade, incomuns em \u00e2mbito federal\u201d, afirmou o relator da <strong>reforma da Previd\u00eancia<\/strong>.<\/p>\n","protected":false},"excerpt":{"rendered":"<p>O presidente do Senado, Davi Alcolumbre (DEM-AP) adiou a vota\u00e7\u00e3o do primeiro turno reforma da Previd\u00eancia para a pr\u00f3xima quarta-feira (25). Vota\u00e7\u00e3o da reforma da Previd\u00eancia no Senado \u00e9 adiada Al\u00e9m de postergar a vota\u00e7\u00e3o da reforma da Previd\u00eancia, Alcolumbre agendou uma sess\u00e3o do Congresso Nacional para a pr\u00f3xima ter\u00e7a-feira (24), data prevista inicialmente para [&hellip;]<\/p>\n","protected":false},"author":18,"featured_media":38620,"comment_status":"closed","ping_status":"closed","sticky":false,"template":"","format":"standard","meta":[],"categories":[62],"tags":[909,940,1068],"suno_strategy":[],"class_list":["post-38619","post","type-post","status-publish","format-standard","has-post-thumbnail","hentry","category-economia","tag-ministerio-da-economia","tag-reforma-da-previdencia","tag-senado-federal"],"yoast_head":"<!-- This site is optimized with the Yoast SEO plugin v24.4 - https:\/\/yoast.com\/wordpress\/plugins\/seo\/ -->\n<title>Vota\u00e7\u00e3o do primeiro turno da reforma da Previd\u00eancia no Senado \u00e9 adiada<\/title>\n<meta name=\"description\" content=\"O presidente do Senado, Davi Alcolumbre adiou a vota\u00e7\u00e3o da reforma da Previd\u00eancia para a pr\u00f3xima quarta-feira (25). Clique para saber mais.\" \/>\n<meta name=\"robots\" content=\"index, follow, max-snippet:-1, max-image-preview:large, max-video-preview:-1\" \/>\n<link rel=\"canonical\" href=\"https:\/\/www.suno.com.br\/noticias\/votacao-reforma-da-previdencia-senado-adiada\/\" \/>\n<meta property=\"og:locale\" content=\"pt_BR\" \/>\n<meta property=\"og:type\" content=\"article\" \/>\n<meta property=\"og:title\" content=\"Vota\u00e7\u00e3o do primeiro turno da reforma da Previd\u00eancia no Senado \u00e9 adiada\" \/>\n<meta property=\"og:description\" content=\"O presidente do Senado, Davi Alcolumbre adiou a vota\u00e7\u00e3o da reforma da Previd\u00eancia para a pr\u00f3xima quarta-feira (25). Clique para saber mais.\" \/>\n<meta property=\"og:url\" content=\"https:\/\/www.suno.com.br\/noticias\/votacao-reforma-da-previdencia-senado-adiada\/\" \/>\n<meta property=\"og:site_name\" content=\"Suno Not\u00edcias\" \/>\n<meta property=\"article:publisher\" content=\"https:\/\/facebook.com\/sunoresearch\" \/>\n<meta property=\"og:image\" content=\"https:\/\/files.sunoresearch.com.br\/n\/uploads\/2019\/09\/2e2440ac-alcolumbre.jpg\" \/>\n\t<meta property=\"og:image:width\" content=\"1024\" \/>\n\t<meta property=\"og:image:height\" content=\"679\" \/>\n\t<meta property=\"og:image:type\" content=\"image\/jpeg\" \/>\n<meta name=\"author\" content=\"Giovanna Oliveira\" \/>\n<meta name=\"twitter:card\" content=\"summary_large_image\" \/>\n<meta name=\"twitter:creator\" content=\"@sunoresearch\" \/>\n<meta name=\"twitter:site\" content=\"@sunoresearch\" \/>\n<meta name=\"twitter:label1\" content=\"Escrito por\" \/>\n\t<meta name=\"twitter:data1\" content=\"Giovanna Oliveira\" \/>\n\t<meta name=\"twitter:label2\" content=\"Est. tempo de leitura\" \/>\n\t<meta name=\"twitter:data2\" content=\"2 minutos\" \/>\n<script type=\"application\/ld+json\" class=\"yoast-schema-graph\">{\"@context\":\"https:\/\/schema.org\",\"@graph\":[{\"@type\":\"NewsArticle\",\"@id\":\"https:\/\/www.suno.com.br\/noticias\/votacao-reforma-da-previdencia-senado-adiada\/#article\",\"isPartOf\":{\"@id\":\"https:\/\/www.suno.com.br\/noticias\/votacao-reforma-da-previdencia-senado-adiada\/\"},\"author\":{\"name\":\"Giovanna Oliveira\",\"@id\":\"https:\/\/www.suno.com.br\/noticias\/#\/schema\/person\/4e19e3d2575736e5283d58eb3199d120\"},\"headline\":\"Vota\u00e7\u00e3o do primeiro turno da reforma da Previd\u00eancia no Senado \u00e9 adiada\",\"datePublished\":\"2019-09-23T23:02:02+00:00\",\"dateModified\":\"2021-02-18T01:41:55+00:00\",\"mainEntityOfPage\":{\"@id\":\"https:\/\/www.suno.com.br\/noticias\/votacao-reforma-da-previdencia-senado-adiada\/\"},\"wordCount\":399,\"publisher\":{\"@id\":\"https:\/\/www.suno.com.br\/noticias\/#organization\"},\"image\":{\"@id\":\"https:\/\/www.suno.com.br\/noticias\/votacao-reforma-da-previdencia-senado-adiada\/#primaryimage\"},\"thumbnailUrl\":\"https:\/\/files.sunoresearch.com.br\/n\/uploads\/2019\/09\/2e2440ac-alcolumbre-jpg.webp\",\"keywords\":[\"Minist\u00e9rio da Economia\",\"Reforma da Previd\u00eancia\",\"Senado Federal\"],\"articleSection\":[\"Economia\"],\"inLanguage\":\"pt-BR\"},{\"@type\":\"WebPage\",\"@id\":\"https:\/\/www.suno.com.br\/noticias\/votacao-reforma-da-previdencia-senado-adiada\/\",\"url\":\"https:\/\/www.suno.com.br\/noticias\/votacao-reforma-da-previdencia-senado-adiada\/\",\"name\":\"Vota\u00e7\u00e3o do primeiro turno da reforma da Previd\u00eancia no Senado \u00e9 adiada\",\"isPartOf\":{\"@id\":\"https:\/\/www.suno.com.br\/noticias\/#website\"},\"primaryImageOfPage\":{\"@id\":\"https:\/\/www.suno.com.br\/noticias\/votacao-reforma-da-previdencia-senado-adiada\/#primaryimage\"},\"image\":{\"@id\":\"https:\/\/www.suno.com.br\/noticias\/votacao-reforma-da-previdencia-senado-adiada\/#primaryimage\"},\"thumbnailUrl\":\"https:\/\/files.sunoresearch.com.br\/n\/uploads\/2019\/09\/2e2440ac-alcolumbre-jpg.webp\",\"datePublished\":\"2019-09-23T23:02:02+00:00\",\"dateModified\":\"2021-02-18T01:41:55+00:00\",\"description\":\"O presidente do Senado, Davi Alcolumbre adiou a vota\u00e7\u00e3o da reforma da Previd\u00eancia para a pr\u00f3xima quarta-feira (25). Clique para saber mais.\",\"breadcrumb\":{\"@id\":\"https:\/\/www.suno.com.br\/noticias\/votacao-reforma-da-previdencia-senado-adiada\/#breadcrumb\"},\"inLanguage\":\"pt-BR\",\"potentialAction\":[{\"@type\":\"ReadAction\",\"target\":[\"https:\/\/www.suno.com.br\/noticias\/votacao-reforma-da-previdencia-senado-adiada\/\"]}]},{\"@type\":\"ImageObject\",\"inLanguage\":\"pt-BR\",\"@id\":\"https:\/\/www.suno.com.br\/noticias\/votacao-reforma-da-previdencia-senado-adiada\/#primaryimage\",\"url\":\"https:\/\/files.sunoresearch.com.br\/n\/uploads\/2019\/09\/2e2440ac-alcolumbre-jpg.webp\",\"contentUrl\":\"https:\/\/files.sunoresearch.com.br\/n\/uploads\/2019\/09\/2e2440ac-alcolumbre-jpg.webp\",\"width\":1024,\"height\":679,\"caption\":\"Vota\u00e7\u00e3o da reforma da Previd\u00eancia no Senado \u00e9 adiada\"},{\"@type\":\"BreadcrumbList\",\"@id\":\"https:\/\/www.suno.com.br\/noticias\/votacao-reforma-da-previdencia-senado-adiada\/#breadcrumb\",\"itemListElement\":[{\"@type\":\"ListItem\",\"position\":1,\"name\":\"Not\u00edcias\",\"item\":\"https:\/\/www.suno.com.br\/noticias\/\"},{\"@type\":\"ListItem\",\"position\":2,\"name\":\"Economia\",\"item\":\"https:\/\/www.suno.com.br\/noticias\/economia\/\"},{\"@type\":\"ListItem\",\"position\":3,\"name\":\"Vota\u00e7\u00e3o do primeiro turno da reforma da Previd\u00eancia no Senado \u00e9 adiada\"}]},{\"@type\":\"WebSite\",\"@id\":\"https:\/\/www.suno.com.br\/noticias\/#website\",\"url\":\"https:\/\/www.suno.com.br\/noticias\/\",\"name\":\"Suno Not\u00edcias\",\"description\":\"Seu portal de informa\u00e7\u00e3o sobre o mundo dos investimentos\",\"publisher\":{\"@id\":\"https:\/\/www.suno.com.br\/noticias\/#organization\"},\"potentialAction\":[{\"@type\":\"SearchAction\",\"target\":{\"@type\":\"EntryPoint\",\"urlTemplate\":\"https:\/\/www.suno.com.br\/noticias\/?s={search_term_string}\"},\"query-input\":{\"@type\":\"PropertyValueSpecification\",\"valueRequired\":true,\"valueName\":\"search_term_string\"}}],\"inLanguage\":\"pt-BR\"},{\"@type\":\"Organization\",\"@id\":\"https:\/\/www.suno.com.br\/noticias\/#organization\",\"name\":\"Suno Not\u00edcias\",\"url\":\"https:\/\/www.suno.com.br\/noticias\/\",\"logo\":{\"@type\":\"ImageObject\",\"inLanguage\":\"pt-BR\",\"@id\":\"https:\/\/www.suno.com.br\/noticias\/#\/schema\/logo\/image\/\",\"url\":\"https:\/\/files.sunoresearch.com.br\/n\/uploads\/2021\/09\/suno-logo.png\",\"contentUrl\":\"https:\/\/files.sunoresearch.com.br\/n\/uploads\/2021\/09\/suno-logo.png\",\"width\":180,\"height\":180,\"caption\":\"Suno Not\u00edcias\"},\"image\":{\"@id\":\"https:\/\/www.suno.com.br\/noticias\/#\/schema\/logo\/image\/\"},\"sameAs\":[\"https:\/\/facebook.com\/sunoresearch\",\"https:\/\/x.com\/sunoresearch\",\"https:\/\/www.instagram.com\/suno\",\"https:\/\/www.linkedin.com\/company\/suno-research\/\",\"https:\/\/www.youtube.com\/c\/sunoresearch\"]},{\"@type\":\"Person\",\"@id\":\"https:\/\/www.suno.com.br\/noticias\/#\/schema\/person\/4e19e3d2575736e5283d58eb3199d120\",\"name\":\"Giovanna Oliveira\",\"image\":{\"@type\":\"ImageObject\",\"inLanguage\":\"pt-BR\",\"@id\":\"https:\/\/www.suno.com.br\/noticias\/#\/schema\/person\/image\/\",\"url\":\"https:\/\/secure.gravatar.com\/avatar\/9a37b3ae208962ac568992d0ffdbc2eb?s=96&r=g\",\"contentUrl\":\"https:\/\/secure.gravatar.com\/avatar\/9a37b3ae208962ac568992d0ffdbc2eb?s=96&r=g\",\"caption\":\"Giovanna Oliveira\"},\"description\":\"Giovanna Oliveira escreve sobre economia e pol\u00edtica. Foi rep\u00f3rter do portal de jornalismo da ESPM-SP e produziu conte\u00fado para a Corinthians TV. \u00c9 estudante da ESPM.\",\"url\":\"https:\/\/www.suno.com.br\/noticias\/author\/giovanna\/\"}]}<\/script>\n<!-- \/ Yoast SEO plugin. -->","yoast_head_json":{"title":"Vota\u00e7\u00e3o do primeiro turno da reforma da Previd\u00eancia no Senado \u00e9 adiada","description":"O presidente do Senado, Davi Alcolumbre adiou a vota\u00e7\u00e3o da reforma da Previd\u00eancia para a pr\u00f3xima quarta-feira (25). Clique para saber mais.","robots":{"index":"index","follow":"follow","max-snippet":"max-snippet:-1","max-image-preview":"max-image-preview:large","max-video-preview":"max-video-preview:-1"},"canonical":"https:\/\/www.suno.com.br\/noticias\/votacao-reforma-da-previdencia-senado-adiada\/","og_locale":"pt_BR","og_type":"article","og_title":"Vota\u00e7\u00e3o do primeiro turno da reforma da Previd\u00eancia no Senado \u00e9 adiada","og_description":"O presidente do Senado, Davi Alcolumbre adiou a vota\u00e7\u00e3o da reforma da Previd\u00eancia para a pr\u00f3xima quarta-feira (25). Clique para saber mais.","og_url":"https:\/\/www.suno.com.br\/noticias\/votacao-reforma-da-previdencia-senado-adiada\/","og_site_name":"Suno Not\u00edcias","article_publisher":"https:\/\/facebook.com\/sunoresearch","og_image":[{"width":1024,"height":679,"url":"https:\/\/files.sunoresearch.com.br\/n\/uploads\/2019\/09\/2e2440ac-alcolumbre.jpg","type":"image\/jpeg"}],"author":"Giovanna Oliveira","twitter_card":"summary_large_image","twitter_creator":"@sunoresearch","twitter_site":"@sunoresearch","twitter_misc":{"Escrito por":"Giovanna Oliveira","Est. tempo de leitura":"2 minutos"},"schema":{"@context":"https:\/\/schema.org","@graph":[{"@type":"NewsArticle","@id":"https:\/\/www.suno.com.br\/noticias\/votacao-reforma-da-previdencia-senado-adiada\/#article","isPartOf":{"@id":"https:\/\/www.suno.com.br\/noticias\/votacao-reforma-da-previdencia-senado-adiada\/"},"author":{"name":"Giovanna Oliveira","@id":"https:\/\/www.suno.com.br\/noticias\/#\/schema\/person\/4e19e3d2575736e5283d58eb3199d120"},"headline":"Vota\u00e7\u00e3o do primeiro turno da reforma da Previd\u00eancia no Senado \u00e9 adiada","datePublished":"2019-09-23T23:02:02+00:00","dateModified":"2021-02-18T01:41:55+00:00","mainEntityOfPage":{"@id":"https:\/\/www.suno.com.br\/noticias\/votacao-reforma-da-previdencia-senado-adiada\/"},"wordCount":399,"publisher":{"@id":"https:\/\/www.suno.com.br\/noticias\/#organization"},"image":{"@id":"https:\/\/www.suno.com.br\/noticias\/votacao-reforma-da-previdencia-senado-adiada\/#primaryimage"},"thumbnailUrl":"https:\/\/files.sunoresearch.com.br\/n\/uploads\/2019\/09\/2e2440ac-alcolumbre-jpg.webp","keywords":["Minist\u00e9rio da Economia","Reforma da Previd\u00eancia","Senado Federal"],"articleSection":["Economia"],"inLanguage":"pt-BR"},{"@type":"WebPage","@id":"https:\/\/www.suno.com.br\/noticias\/votacao-reforma-da-previdencia-senado-adiada\/","url":"https:\/\/www.suno.com.br\/noticias\/votacao-reforma-da-previdencia-senado-adiada\/","name":"Vota\u00e7\u00e3o do primeiro turno da reforma da Previd\u00eancia no Senado \u00e9 adiada","isPartOf":{"@id":"https:\/\/www.suno.com.br\/noticias\/#website"},"primaryImageOfPage":{"@id":"https:\/\/www.suno.com.br\/noticias\/votacao-reforma-da-previdencia-senado-adiada\/#primaryimage"},"image":{"@id":"https:\/\/www.suno.com.br\/noticias\/votacao-reforma-da-previdencia-senado-adiada\/#primaryimage"},"thumbnailUrl":"https:\/\/files.sunoresearch.com.br\/n\/uploads\/2019\/09\/2e2440ac-alcolumbre-jpg.webp","datePublished":"2019-09-23T23:02:02+00:00","dateModified":"2021-02-18T01:41:55+00:00","description":"O presidente do Senado, Davi Alcolumbre adiou a vota\u00e7\u00e3o da reforma da Previd\u00eancia para a pr\u00f3xima quarta-feira (25). Clique para saber mais.","breadcrumb":{"@id":"https:\/\/www.suno.com.br\/noticias\/votacao-reforma-da-previdencia-senado-adiada\/#breadcrumb"},"inLanguage":"pt-BR","potentialAction":[{"@type":"ReadAction","target":["https:\/\/www.suno.com.br\/noticias\/votacao-reforma-da-previdencia-senado-adiada\/"]}]},{"@type":"ImageObject","inLanguage":"pt-BR","@id":"https:\/\/www.suno.com.br\/noticias\/votacao-reforma-da-previdencia-senado-adiada\/#primaryimage","url":"https:\/\/files.sunoresearch.com.br\/n\/uploads\/2019\/09\/2e2440ac-alcolumbre-jpg.webp","contentUrl":"https:\/\/files.sunoresearch.com.br\/n\/uploads\/2019\/09\/2e2440ac-alcolumbre-jpg.webp","width":1024,"height":679,"caption":"Vota\u00e7\u00e3o da reforma da Previd\u00eancia no Senado \u00e9 adiada"},{"@type":"BreadcrumbList","@id":"https:\/\/www.suno.com.br\/noticias\/votacao-reforma-da-previdencia-senado-adiada\/#breadcrumb","itemListElement":[{"@type":"ListItem","position":1,"name":"Not\u00edcias","item":"https:\/\/www.suno.com.br\/noticias\/"},{"@type":"ListItem","position":2,"name":"Economia","item":"https:\/\/www.suno.com.br\/noticias\/economia\/"},{"@type":"ListItem","position":3,"name":"Vota\u00e7\u00e3o do primeiro turno da reforma da Previd\u00eancia no Senado \u00e9 adiada"}]},{"@type":"WebSite","@id":"https:\/\/www.suno.com.br\/noticias\/#website","url":"https:\/\/www.suno.com.br\/noticias\/","name":"Suno Not\u00edcias","description":"Seu portal de informa\u00e7\u00e3o sobre o mundo dos investimentos","publisher":{"@id":"https:\/\/www.suno.com.br\/noticias\/#organization"},"potentialAction":[{"@type":"SearchAction","target":{"@type":"EntryPoint","urlTemplate":"https:\/\/www.suno.com.br\/noticias\/?s={search_term_string}"},"query-input":{"@type":"PropertyValueSpecification","valueRequired":true,"valueName":"search_term_string"}}],"inLanguage":"pt-BR"},{"@type":"Organization","@id":"https:\/\/www.suno.com.br\/noticias\/#organization","name":"Suno Not\u00edcias","url":"https:\/\/www.suno.com.br\/noticias\/","logo":{"@type":"ImageObject","inLanguage":"pt-BR","@id":"https:\/\/www.suno.com.br\/noticias\/#\/schema\/logo\/image\/","url":"https:\/\/files.sunoresearch.com.br\/n\/uploads\/2021\/09\/suno-logo.png","contentUrl":"https:\/\/files.sunoresearch.com.br\/n\/uploads\/2021\/09\/suno-logo.png","width":180,"height":180,"caption":"Suno Not\u00edcias"},"image":{"@id":"https:\/\/www.suno.com.br\/noticias\/#\/schema\/logo\/image\/"},"sameAs":["https:\/\/facebook.com\/sunoresearch","https:\/\/x.com\/sunoresearch","https:\/\/www.instagram.com\/suno","https:\/\/www.linkedin.com\/company\/suno-research\/","https:\/\/www.youtube.com\/c\/sunoresearch"]},{"@type":"Person","@id":"https:\/\/www.suno.com.br\/noticias\/#\/schema\/person\/4e19e3d2575736e5283d58eb3199d120","name":"Giovanna Oliveira","image":{"@type":"ImageObject","inLanguage":"pt-BR","@id":"https:\/\/www.suno.com.br\/noticias\/#\/schema\/person\/image\/","url":"https:\/\/secure.gravatar.com\/avatar\/9a37b3ae208962ac568992d0ffdbc2eb?s=96&r=g","contentUrl":"https:\/\/secure.gravatar.com\/avatar\/9a37b3ae208962ac568992d0ffdbc2eb?s=96&r=g","caption":"Giovanna Oliveira"},"description":"Giovanna Oliveira escreve sobre economia e pol\u00edtica. Foi rep\u00f3rter do portal de jornalismo da ESPM-SP e produziu conte\u00fado para a Corinthians TV. \u00c9 estudante da ESPM.","url":"https:\/\/www.suno.com.br\/noticias\/author\/giovanna\/"}]}},"default_loop_html":"<div class=\"cardsPage__listCard__boxs\"><div class=\"cardsPage__listCard__boxs__img\"><a href=\"https:\/\/www.suno.com.br\/noticias\/votacao-reforma-da-previdencia-senado-adiada\/\"><img class=\"mask\" src=\"https:\/\/www.suno.com.br\/noticias\/wp-content\/themes\/suno\/resources\/images\/spotlight\/spotlight1img\/bg-mask.png\" alt=\"Image Mask\"\/><img src=\"https:\/\/files.sunoresearch.com.br\/n\/uploads\/2019\/09\/2e2440ac-alcolumbre-400x200.webp\" alt=\"Vota\u00e7\u00e3o do primeiro turno da reforma da Previd\u00eancia no Senado \u00e9 adiada\"\/><\/a><span class=\"spotlightCategory\"><a href=\"https:\/\/www.suno.com.br\/noticias\/economia\/\">Economia<\/a><\/span><\/div><div class=\"cardsPage__listCard__boxs__content\"><a href=\"https:\/\/www.suno.com.br\/noticias\/votacao-reforma-da-previdencia-senado-adiada\/\"><h2 class=\"content__title\">Vota\u00e7\u00e3o do primeiro turno da reforma da Previd\u00eancia no Senado \u00e9 adiada<\/h2><\/a><div class=\"newsContent__article__meta\"><div class=\"newsContent__article__meta__authorBox\"><a href=\"https:\/\/www.suno.com.br\/noticias\/author\/giovanna\/\" class=\"authorBox__avatar noMobi\"><img src=\"https:\/\/files.sunoresearch.com.br\/n\/uploads\/2019\/06\/952a89ca-screenshot_20190608-171507-150x150.webp\" alt=\"Giovanna Oliveira\"><\/a><div class=\"authorBox__name\"><span>por\n\t\t\t<a href=\"https:\/\/www.suno.com.br\/noticias\/author\/giovanna\/\"><span itemprop=\"author\">Giovanna Oliveira<\/span><\/a><\/span><time datetime=\"2019-09-23T20:02:02-03:00\" itemprop=\"datePublished\">23\/09\/2019 20:02<\/time><\/div><\/div><\/div><\/div><\/div>","single_layout":"posts","amp_enabled":true,"_links":{"self":[{"href":"https:\/\/www.suno.com.br\/noticias\/wp-json\/wp\/v2\/posts\/38619"}],"collection":[{"href":"https:\/\/www.suno.com.br\/noticias\/wp-json\/wp\/v2\/posts"}],"about":[{"href":"https:\/\/www.suno.com.br\/noticias\/wp-json\/wp\/v2\/types\/post"}],"author":[{"embeddable":true,"href":"https:\/\/www.suno.com.br\/noticias\/wp-json\/wp\/v2\/users\/18"}],"replies":[{"embeddable":true,"href":"https:\/\/www.suno.com.br\/noticias\/wp-json\/wp\/v2\/comments?post=38619"}],"version-history":[{"count":0,"href":"https:\/\/www.suno.com.br\/noticias\/wp-json\/wp\/v2\/posts\/38619\/revisions"}],"wp:featuredmedia":[{"embeddable":true,"href":"https:\/\/www.suno.com.br\/noticias\/wp-json\/wp\/v2\/media\/38620"}],"wp:attachment":[{"href":"https:\/\/www.suno.com.br\/noticias\/wp-json\/wp\/v2\/media?parent=38619"}],"wp:term":[{"taxonomy":"category","embeddable":true,"href":"https:\/\/www.suno.com.br\/noticias\/wp-json\/wp\/v2\/categories?post=38619"},{"taxonomy":"post_tag","embeddable":true,"href":"https:\/\/www.suno.com.br\/noticias\/wp-json\/wp\/v2\/tags?post=38619"},{"taxonomy":"suno_strategy","embeddable":true,"href":"https:\/\/www.suno.com.br\/noticias\/wp-json\/wp\/v2\/suno_strategy?post=38619"}],"curies":[{"name":"wp","href":"https:\/\/api.w.org\/{rel}","templated":true}]}}