{"id":38612,"date":"2019-09-23T18:08:20","date_gmt":"2019-09-23T21:08:20","guid":{"rendered":"https:\/\/www.suno.com.br\/noticias\/?p=38612"},"modified":"2021-02-17T22:43:40","modified_gmt":"2021-02-18T01:43:40","slug":"dolar-encerra-alta-declaracao-presidente-bce-23092019","status":"publish","type":"post","link":"https:\/\/www.suno.com.br\/noticias\/dolar-encerra-alta-declaracao-presidente-bce-23092019\/","title":{"rendered":"D\u00f3lar encerra em alta ap\u00f3s declara\u00e7\u00e3o de presidente do BCE"},"content":{"rendered":"<p>O d\u00f3lar encerrou, nesta segunda-feira (23), em alta de 0,419% sendo vendido a R$ 4,1709.<\/p>\t<div class=\"wrapper-featured-image\">\n\t\t<figure class=\"spotlightImg\">\n\n\t\t\t<picture>\n\t\t\t\t<source media=\"(max-width: 768px)\" srcset=\"https:\/\/files.sunoresearch.com.br\/n\/uploads\/2019\/03\/de905e16-d\u00f3lar-400x200.webp\">\n\t\t\t\t<img loading=\"lazy\" decoding=\"async\" class=\"newsContent__article__imgCapa lazyloadDisabled newsContent__article__imgCapa--noCaption\" src=\"https:\/\/files.sunoresearch.com.br\/n\/uploads\/2019\/03\/de905e16-d\u00f3lar-800x450.webp\" width=\"800\" height=\"450\" alt=\"D\u00f3lar encerra em alta ap\u00f3s declara\u00e7\u00e3o de presidente do BCE\" fetchpriority=high \/>\n\t\t\t<\/picture>\n\n\t\t\t<figcaption class=\"wp-caption-text wp-caption-text--hide\">O d\u00f3lar hoje teve um dia de forte volatilidade, respercutindo a vit\u00f3ria de Biden e as not\u00edcias sobre a vacina da Pfizer<\/figcaption>\n\t\t<\/figure>\n\t<\/div>\n\n\n\n<p>O <a href=\"https:\/\/www.suno.com.br\/artigos\/dolar\/\"><strong>d\u00f3lar<\/strong> <\/a>subiu devido a v\u00e1rios fatores. O principal deles,\u00a0a declara\u00e7\u00e3o do presidente do <strong>Banco Central Europeu (BCE)<\/strong> de que h\u00e1 espa\u00e7o para mais <strong>cortes de juros.<\/strong><\/p>\n<p>Al\u00e9m disso, contribu\u00edram para a <strong>alta<\/strong>:<\/p>\n<ul>\n<li><strong>atividade industrial<\/strong> da <strong>zona<\/strong> do <strong>euro<\/strong> atinge pior n\u00edvel desde 2013;<\/li>\n<li>produ\u00e7\u00e3o completa de <strong>petr\u00f3leo<\/strong> da <strong>Saudi Aramco<\/strong> dever\u00e1 levar meses, segundo jornal.<\/li>\n<\/ul>\n<h2>BCE<\/h2>\n<p>O presidente do <strong>Banco Central Europeu<\/strong> (BCE), <strong>Mario Draghi<\/strong>, disse que o conselho da institui\u00e7\u00e3o monet\u00e1ria considera diminuir ainda mais a taxa b\u00e1sica de <strong>juros<\/strong> na <strong>Europa,<\/strong> caso seja necess\u00e1rio. O discurso foi feito nesta segunda.<\/p>\n<p>&#8220;Continuamos preparados para ajustar todos os nossos instrumentos, se justificado pela perspectiva para a <a href=\"https:\/\/www.suno.com.br\/artigos\/inflacao-em-2019\/\">infla\u00e7\u00e3o<\/a>&#8220;, disse o presidente do <strong>BCE<\/strong> sobre alcan\u00e7ar uma estabilidade nos pre\u00e7os.<\/p>\n<p><a href=\"https:\/\/www.suno.com.br\/noticias\/presidente-bce-diz-que-ha-espaco-cortes-juros\/\">Saiba mais: Presidente do BCE diz que h\u00e1 espa\u00e7o para mais cortes de juros<\/a><\/p>\n<p>Para ele, isso pode ser visto pela retomada das compras l\u00edquidas de ativos, tamb\u00e9m nomeadas de afrouxamento quantitativo (QE), ao ritmo de 20 bilh\u00f5es de euros mensais a partir de novembro. O an\u00fancio da retomada de compra de ativos foi feito no dia 12 de setembro, ap\u00f3s a reuni\u00e3o pol\u00edtica monet\u00e1ria.<\/p>\n<p>Draghi destacou que a baixa do setor industrial da <a href=\"https:\/\/www.suno.com.br\/artigos\/zona-do-euro\/\"><strong>zona do euro<\/strong><\/a> pode fazer com que outros setores sejam atingidos pela desacelera\u00e7\u00e3o da economia. \u201c\u00c0 medida que o setor de servi\u00e7os da zona do euro continue resiliente, n\u00e3o devemos ser complacentes sobre a sua capacidade de resistir a transbordamentos negativos&#8221;, disse o presidente do <strong>BCE<\/strong>.<\/p>\n<h2>Atividade industrial na zona do euro<\/h2>\n<p>O \u00edndice de gerentes de compra (<strong>PMI<\/strong>, na sigla em ingl\u00eas), que mede a atividade industrial na <a href=\"https:\/\/www.suno.com.br\/artigos\/zona-do-euro\/\">zona do euro<\/a>, chegou ao pior n\u00edvel em quase sete anos.<\/p>\n<p><a href=\"https:\/\/www.suno.com.br\/noticias\/atividade-industrial-zona-do-euro-pior-nivel-em-sete-anos\/\">Saiba mais: Atividade industrial da zona do euro chega ao pior n\u00edvel em sete anos<\/a><\/p>\n<p>O estudo preliminar divulgado nesta segunda-feira (23) mostram que a atividade de manufatura da <strong>zona do euro<\/strong> caiu para 45,6 em setembro, frente a 47,0 em agosto.<\/p>\n<p>Nessa m\u00e9trica, qualquer resultado abaixo de 50,00 significa uma contra\u00e7\u00e3o da atividade. Economistas que foram ouvidos pela &#8220;FactSet&#8221;, consultoria especializada, esperavam uma leitura de 47,3.<\/p>\n<h2>Saudi Aramco<\/h2>\n<p>Ao contr\u00e1rio do que foi informado pelos executivos sauditas, a retomada da produ\u00e7\u00e3o de <strong>petr\u00f3leo<\/strong> da Saudi Aramco pode demorar meses.<\/p>\n<p>De acordo com os executivos da <strong>Saudi Aramco<\/strong>, a retomada da produ\u00e7\u00e3o demoraria no m\u00e1ximo 10 semanas. No entanto, o ve\u00edculo americano &#8220;The Wall Street Journal&#8221; apurou que a produ\u00e7\u00e3o completa demorar\u00e1 meses.<\/p>\n<p><a href=\"https:\/\/www.suno.com.br\/noticias\/saudi-aramco-petroleo-producao-arabia-saudita\/\">Saiba mais: Produ\u00e7\u00e3o completa de petr\u00f3leo da Saudi Aramco dever\u00e1 levar meses, diz jornal<\/a><\/p>\n<p>O CEO da petrol\u00edfera disse no \u00faltimo s\u00e1bado (21) que &#8220;nem um \u00fanico envio aos nossos clientes internacionais foi atrasado ou cancelado devido aos ataques&#8221;.<\/p>\n<p>Entretanto, os oficiais da <strong>Ar\u00e1bia Saudita<\/strong>, desmentem a calmaria que os executivos passam em seus discursos e afirmam que a situa\u00e7\u00e3o n\u00e3o \u00e9 &#8220;t\u00e3o bonita&#8221; assim.<\/p>\n<h2>\u00daltima cota\u00e7\u00e3o do d\u00f3lar<\/h2>\n<p>Na \u00faltima sess\u00e3o, sexta-feira (20), o <strong>d\u00f3lar<\/strong> encerrou em queda de 0,257%, sendo negociado a R$ 4,1535.<\/p>\n","protected":false},"excerpt":{"rendered":"<p>O d\u00f3lar encerrou, nesta segunda-feira (23), em alta de 0,419% sendo vendido a R$ 4,1709. O d\u00f3lar hoje teve um dia de forte volatilidade, respercutindo a vit\u00f3ria de Biden e as not\u00edcias sobre a vacina da Pfizer O d\u00f3lar subiu devido a v\u00e1rios fatores. O principal deles,\u00a0a declara\u00e7\u00e3o do presidente do Banco Central Europeu (BCE) [&hellip;]<\/p>\n","protected":false},"author":23,"featured_media":19509,"comment_status":"closed","ping_status":"closed","sticky":false,"template":"","format":"standard","meta":[],"categories":[60],"tags":[1526,863,326,1981],"suno_strategy":[],"class_list":["post-38612","post","type-post","status-publish","format-standard","has-post-thumbnail","hentry","category-mercado","tag-atividade-industrial","tag-banco-central-europeu-bce","tag-dolar","tag-saudi-aramco"],"yoast_head":"<!-- This site is optimized with the Yoast SEO plugin v24.4 - https:\/\/yoast.com\/wordpress\/plugins\/seo\/ -->\n<title>D\u00f3lar encerra em alta ap\u00f3s declara\u00e7\u00e3o de presidente do BCE<\/title>\n<meta name=\"description\" content=\"O d\u00f3lar encerrou em alta de 0,419% vendido a R$ 4,1709 motivado pela fala do presidente do BCE sobre mais cortes de juros. Clique para mais.\" \/>\n<meta name=\"robots\" content=\"index, follow, max-snippet:-1, max-image-preview:large, max-video-preview:-1\" \/>\n<link rel=\"canonical\" href=\"https:\/\/www.suno.com.br\/noticias\/dolar-encerra-alta-declaracao-presidente-bce-23092019\/\" \/>\n<meta property=\"og:locale\" content=\"pt_BR\" \/>\n<meta property=\"og:type\" content=\"article\" \/>\n<meta property=\"og:title\" content=\"D\u00f3lar encerra em alta ap\u00f3s declara\u00e7\u00e3o de presidente do BCE\" \/>\n<meta property=\"og:description\" content=\"O d\u00f3lar encerrou em alta de 0,419% vendido a R$ 4,1709 motivado pela fala do presidente do BCE sobre mais cortes de juros. Clique para mais.\" \/>\n<meta property=\"og:url\" content=\"https:\/\/www.suno.com.br\/noticias\/dolar-encerra-alta-declaracao-presidente-bce-23092019\/\" \/>\n<meta property=\"og:site_name\" content=\"Suno Not\u00edcias\" \/>\n<meta property=\"article:publisher\" content=\"https:\/\/facebook.com\/sunoresearch\" \/>\n<meta property=\"og:image\" content=\"https:\/\/files.sunoresearch.com.br\/n\/uploads\/2019\/03\/de905e16-d\u00f3lar.jpg\" \/>\n\t<meta property=\"og:image:width\" content=\"960\" \/>\n\t<meta property=\"og:image:height\" content=\"617\" \/>\n\t<meta property=\"og:image:type\" content=\"image\/jpeg\" \/>\n<meta name=\"author\" content=\"Rafael Lara\" \/>\n<meta name=\"twitter:card\" content=\"summary_large_image\" \/>\n<meta name=\"twitter:creator\" content=\"@sunoresearch\" \/>\n<meta name=\"twitter:site\" content=\"@sunoresearch\" \/>\n<meta name=\"twitter:label1\" content=\"Escrito por\" \/>\n\t<meta name=\"twitter:data1\" content=\"Rafael Lara\" \/>\n\t<meta name=\"twitter:label2\" content=\"Est. tempo de leitura\" \/>\n\t<meta name=\"twitter:data2\" content=\"3 minutos\" \/>\n<script type=\"application\/ld+json\" class=\"yoast-schema-graph\">{\"@context\":\"https:\/\/schema.org\",\"@graph\":[{\"@type\":\"NewsArticle\",\"@id\":\"https:\/\/www.suno.com.br\/noticias\/dolar-encerra-alta-declaracao-presidente-bce-23092019\/#article\",\"isPartOf\":{\"@id\":\"https:\/\/www.suno.com.br\/noticias\/dolar-encerra-alta-declaracao-presidente-bce-23092019\/\"},\"author\":{\"name\":\"Rafael Lara\",\"@id\":\"https:\/\/www.suno.com.br\/noticias\/#\/schema\/person\/098743caeed97b37f51315c9576c4078\"},\"headline\":\"D\u00f3lar encerra em alta ap\u00f3s declara\u00e7\u00e3o de presidente do BCE\",\"datePublished\":\"2019-09-23T21:08:20+00:00\",\"dateModified\":\"2021-02-18T01:43:40+00:00\",\"mainEntityOfPage\":{\"@id\":\"https:\/\/www.suno.com.br\/noticias\/dolar-encerra-alta-declaracao-presidente-bce-23092019\/\"},\"wordCount\":548,\"publisher\":{\"@id\":\"https:\/\/www.suno.com.br\/noticias\/#organization\"},\"image\":{\"@id\":\"https:\/\/www.suno.com.br\/noticias\/dolar-encerra-alta-declaracao-presidente-bce-23092019\/#primaryimage\"},\"thumbnailUrl\":\"https:\/\/files.sunoresearch.com.br\/n\/uploads\/2019\/03\/de905e16-d\u00f3lar-jpg.webp\",\"keywords\":[\"atividade industrial\",\"Banco Central Europeu (BCE)\",\"d\u00f3lar\",\"Saudi Aramco\"],\"articleSection\":[\"Mercado\"],\"inLanguage\":\"pt-BR\"},{\"@type\":\"WebPage\",\"@id\":\"https:\/\/www.suno.com.br\/noticias\/dolar-encerra-alta-declaracao-presidente-bce-23092019\/\",\"url\":\"https:\/\/www.suno.com.br\/noticias\/dolar-encerra-alta-declaracao-presidente-bce-23092019\/\",\"name\":\"D\u00f3lar encerra em alta ap\u00f3s declara\u00e7\u00e3o de presidente do BCE\",\"isPartOf\":{\"@id\":\"https:\/\/www.suno.com.br\/noticias\/#website\"},\"primaryImageOfPage\":{\"@id\":\"https:\/\/www.suno.com.br\/noticias\/dolar-encerra-alta-declaracao-presidente-bce-23092019\/#primaryimage\"},\"image\":{\"@id\":\"https:\/\/www.suno.com.br\/noticias\/dolar-encerra-alta-declaracao-presidente-bce-23092019\/#primaryimage\"},\"thumbnailUrl\":\"https:\/\/files.sunoresearch.com.br\/n\/uploads\/2019\/03\/de905e16-d\u00f3lar-jpg.webp\",\"datePublished\":\"2019-09-23T21:08:20+00:00\",\"dateModified\":\"2021-02-18T01:43:40+00:00\",\"description\":\"O d\u00f3lar encerrou em alta de 0,419% vendido a R$ 4,1709 motivado pela fala do presidente do BCE sobre mais cortes de juros. Clique para mais.\",\"breadcrumb\":{\"@id\":\"https:\/\/www.suno.com.br\/noticias\/dolar-encerra-alta-declaracao-presidente-bce-23092019\/#breadcrumb\"},\"inLanguage\":\"pt-BR\",\"potentialAction\":[{\"@type\":\"ReadAction\",\"target\":[\"https:\/\/www.suno.com.br\/noticias\/dolar-encerra-alta-declaracao-presidente-bce-23092019\/\"]}]},{\"@type\":\"ImageObject\",\"inLanguage\":\"pt-BR\",\"@id\":\"https:\/\/www.suno.com.br\/noticias\/dolar-encerra-alta-declaracao-presidente-bce-23092019\/#primaryimage\",\"url\":\"https:\/\/files.sunoresearch.com.br\/n\/uploads\/2019\/03\/de905e16-d\u00f3lar-jpg.webp\",\"contentUrl\":\"https:\/\/files.sunoresearch.com.br\/n\/uploads\/2019\/03\/de905e16-d\u00f3lar-jpg.webp\",\"width\":960,\"height\":617,\"caption\":\"O d\u00f3lar hoje teve um dia de forte volatilidade, respercutindo a vit\u00f3ria de Biden e as not\u00edcias sobre a vacina da Pfizer\"},{\"@type\":\"BreadcrumbList\",\"@id\":\"https:\/\/www.suno.com.br\/noticias\/dolar-encerra-alta-declaracao-presidente-bce-23092019\/#breadcrumb\",\"itemListElement\":[{\"@type\":\"ListItem\",\"position\":1,\"name\":\"Not\u00edcias\",\"item\":\"https:\/\/www.suno.com.br\/noticias\/\"},{\"@type\":\"ListItem\",\"position\":2,\"name\":\"Mercado\",\"item\":\"https:\/\/www.suno.com.br\/noticias\/mercado\/\"},{\"@type\":\"ListItem\",\"position\":3,\"name\":\"D\u00f3lar encerra em alta ap\u00f3s declara\u00e7\u00e3o de presidente do BCE\"}]},{\"@type\":\"WebSite\",\"@id\":\"https:\/\/www.suno.com.br\/noticias\/#website\",\"url\":\"https:\/\/www.suno.com.br\/noticias\/\",\"name\":\"Suno Not\u00edcias\",\"description\":\"Seu portal de informa\u00e7\u00e3o sobre o mundo dos investimentos\",\"publisher\":{\"@id\":\"https:\/\/www.suno.com.br\/noticias\/#organization\"},\"potentialAction\":[{\"@type\":\"SearchAction\",\"target\":{\"@type\":\"EntryPoint\",\"urlTemplate\":\"https:\/\/www.suno.com.br\/noticias\/?s={search_term_string}\"},\"query-input\":{\"@type\":\"PropertyValueSpecification\",\"valueRequired\":true,\"valueName\":\"search_term_string\"}}],\"inLanguage\":\"pt-BR\"},{\"@type\":\"Organization\",\"@id\":\"https:\/\/www.suno.com.br\/noticias\/#organization\",\"name\":\"Suno Not\u00edcias\",\"url\":\"https:\/\/www.suno.com.br\/noticias\/\",\"logo\":{\"@type\":\"ImageObject\",\"inLanguage\":\"pt-BR\",\"@id\":\"https:\/\/www.suno.com.br\/noticias\/#\/schema\/logo\/image\/\",\"url\":\"https:\/\/files.sunoresearch.com.br\/n\/uploads\/2021\/09\/suno-logo.png\",\"contentUrl\":\"https:\/\/files.sunoresearch.com.br\/n\/uploads\/2021\/09\/suno-logo.png\",\"width\":180,\"height\":180,\"caption\":\"Suno Not\u00edcias\"},\"image\":{\"@id\":\"https:\/\/www.suno.com.br\/noticias\/#\/schema\/logo\/image\/\"},\"sameAs\":[\"https:\/\/facebook.com\/sunoresearch\",\"https:\/\/x.com\/sunoresearch\",\"https:\/\/www.instagram.com\/suno\",\"https:\/\/www.linkedin.com\/company\/suno-research\/\",\"https:\/\/www.youtube.com\/c\/sunoresearch\"]},{\"@type\":\"Person\",\"@id\":\"https:\/\/www.suno.com.br\/noticias\/#\/schema\/person\/098743caeed97b37f51315c9576c4078\",\"name\":\"Rafael Lara\",\"image\":{\"@type\":\"ImageObject\",\"inLanguage\":\"pt-BR\",\"@id\":\"https:\/\/www.suno.com.br\/noticias\/#\/schema\/person\/image\/\",\"url\":\"https:\/\/secure.gravatar.com\/avatar\/dfc254ab9bb2ea1895d98b9e9dae4bdd?s=96&r=g\",\"contentUrl\":\"https:\/\/secure.gravatar.com\/avatar\/dfc254ab9bb2ea1895d98b9e9dae4bdd?s=96&r=g\",\"caption\":\"Rafael Lara\"},\"description\":\"Rafael Lara cursa jornalismo na Faculdade C\u00e1sper L\u00edbero. Escreve sobre pol\u00edtica, economia e neg\u00f3cios para o portal Suno Not\u00edcias. Antes, colaborou na TV Gazeta na produ\u00e7\u00e3o do programa Edi\u00e7\u00e3o Extra.\",\"url\":\"https:\/\/www.suno.com.br\/noticias\/author\/rafael\/\"}]}<\/script>\n<!-- \/ Yoast SEO plugin. -->","yoast_head_json":{"title":"D\u00f3lar encerra em alta ap\u00f3s declara\u00e7\u00e3o de presidente do BCE","description":"O d\u00f3lar encerrou em alta de 0,419% vendido a R$ 4,1709 motivado pela fala do presidente do BCE sobre mais cortes de juros. Clique para mais.","robots":{"index":"index","follow":"follow","max-snippet":"max-snippet:-1","max-image-preview":"max-image-preview:large","max-video-preview":"max-video-preview:-1"},"canonical":"https:\/\/www.suno.com.br\/noticias\/dolar-encerra-alta-declaracao-presidente-bce-23092019\/","og_locale":"pt_BR","og_type":"article","og_title":"D\u00f3lar encerra em alta ap\u00f3s declara\u00e7\u00e3o de presidente do BCE","og_description":"O d\u00f3lar encerrou em alta de 0,419% vendido a R$ 4,1709 motivado pela fala do presidente do BCE sobre mais cortes de juros. Clique para mais.","og_url":"https:\/\/www.suno.com.br\/noticias\/dolar-encerra-alta-declaracao-presidente-bce-23092019\/","og_site_name":"Suno Not\u00edcias","article_publisher":"https:\/\/facebook.com\/sunoresearch","og_image":[{"width":960,"height":617,"url":"https:\/\/files.sunoresearch.com.br\/n\/uploads\/2019\/03\/de905e16-d\u00f3lar.jpg","type":"image\/jpeg"}],"author":"Rafael Lara","twitter_card":"summary_large_image","twitter_creator":"@sunoresearch","twitter_site":"@sunoresearch","twitter_misc":{"Escrito por":"Rafael Lara","Est. tempo de leitura":"3 minutos"},"schema":{"@context":"https:\/\/schema.org","@graph":[{"@type":"NewsArticle","@id":"https:\/\/www.suno.com.br\/noticias\/dolar-encerra-alta-declaracao-presidente-bce-23092019\/#article","isPartOf":{"@id":"https:\/\/www.suno.com.br\/noticias\/dolar-encerra-alta-declaracao-presidente-bce-23092019\/"},"author":{"name":"Rafael Lara","@id":"https:\/\/www.suno.com.br\/noticias\/#\/schema\/person\/098743caeed97b37f51315c9576c4078"},"headline":"D\u00f3lar encerra em alta ap\u00f3s declara\u00e7\u00e3o de presidente do BCE","datePublished":"2019-09-23T21:08:20+00:00","dateModified":"2021-02-18T01:43:40+00:00","mainEntityOfPage":{"@id":"https:\/\/www.suno.com.br\/noticias\/dolar-encerra-alta-declaracao-presidente-bce-23092019\/"},"wordCount":548,"publisher":{"@id":"https:\/\/www.suno.com.br\/noticias\/#organization"},"image":{"@id":"https:\/\/www.suno.com.br\/noticias\/dolar-encerra-alta-declaracao-presidente-bce-23092019\/#primaryimage"},"thumbnailUrl":"https:\/\/files.sunoresearch.com.br\/n\/uploads\/2019\/03\/de905e16-d\u00f3lar-jpg.webp","keywords":["atividade industrial","Banco Central Europeu (BCE)","d\u00f3lar","Saudi Aramco"],"articleSection":["Mercado"],"inLanguage":"pt-BR"},{"@type":"WebPage","@id":"https:\/\/www.suno.com.br\/noticias\/dolar-encerra-alta-declaracao-presidente-bce-23092019\/","url":"https:\/\/www.suno.com.br\/noticias\/dolar-encerra-alta-declaracao-presidente-bce-23092019\/","name":"D\u00f3lar encerra em alta ap\u00f3s declara\u00e7\u00e3o de presidente do BCE","isPartOf":{"@id":"https:\/\/www.suno.com.br\/noticias\/#website"},"primaryImageOfPage":{"@id":"https:\/\/www.suno.com.br\/noticias\/dolar-encerra-alta-declaracao-presidente-bce-23092019\/#primaryimage"},"image":{"@id":"https:\/\/www.suno.com.br\/noticias\/dolar-encerra-alta-declaracao-presidente-bce-23092019\/#primaryimage"},"thumbnailUrl":"https:\/\/files.sunoresearch.com.br\/n\/uploads\/2019\/03\/de905e16-d\u00f3lar-jpg.webp","datePublished":"2019-09-23T21:08:20+00:00","dateModified":"2021-02-18T01:43:40+00:00","description":"O d\u00f3lar encerrou em alta de 0,419% vendido a R$ 4,1709 motivado pela fala do presidente do BCE sobre mais cortes de juros. Clique para mais.","breadcrumb":{"@id":"https:\/\/www.suno.com.br\/noticias\/dolar-encerra-alta-declaracao-presidente-bce-23092019\/#breadcrumb"},"inLanguage":"pt-BR","potentialAction":[{"@type":"ReadAction","target":["https:\/\/www.suno.com.br\/noticias\/dolar-encerra-alta-declaracao-presidente-bce-23092019\/"]}]},{"@type":"ImageObject","inLanguage":"pt-BR","@id":"https:\/\/www.suno.com.br\/noticias\/dolar-encerra-alta-declaracao-presidente-bce-23092019\/#primaryimage","url":"https:\/\/files.sunoresearch.com.br\/n\/uploads\/2019\/03\/de905e16-d\u00f3lar-jpg.webp","contentUrl":"https:\/\/files.sunoresearch.com.br\/n\/uploads\/2019\/03\/de905e16-d\u00f3lar-jpg.webp","width":960,"height":617,"caption":"O d\u00f3lar hoje teve um dia de forte volatilidade, respercutindo a vit\u00f3ria de Biden e as not\u00edcias sobre a vacina da Pfizer"},{"@type":"BreadcrumbList","@id":"https:\/\/www.suno.com.br\/noticias\/dolar-encerra-alta-declaracao-presidente-bce-23092019\/#breadcrumb","itemListElement":[{"@type":"ListItem","position":1,"name":"Not\u00edcias","item":"https:\/\/www.suno.com.br\/noticias\/"},{"@type":"ListItem","position":2,"name":"Mercado","item":"https:\/\/www.suno.com.br\/noticias\/mercado\/"},{"@type":"ListItem","position":3,"name":"D\u00f3lar encerra em alta ap\u00f3s declara\u00e7\u00e3o de presidente do BCE"}]},{"@type":"WebSite","@id":"https:\/\/www.suno.com.br\/noticias\/#website","url":"https:\/\/www.suno.com.br\/noticias\/","name":"Suno Not\u00edcias","description":"Seu portal de informa\u00e7\u00e3o sobre o mundo dos investimentos","publisher":{"@id":"https:\/\/www.suno.com.br\/noticias\/#organization"},"potentialAction":[{"@type":"SearchAction","target":{"@type":"EntryPoint","urlTemplate":"https:\/\/www.suno.com.br\/noticias\/?s={search_term_string}"},"query-input":{"@type":"PropertyValueSpecification","valueRequired":true,"valueName":"search_term_string"}}],"inLanguage":"pt-BR"},{"@type":"Organization","@id":"https:\/\/www.suno.com.br\/noticias\/#organization","name":"Suno Not\u00edcias","url":"https:\/\/www.suno.com.br\/noticias\/","logo":{"@type":"ImageObject","inLanguage":"pt-BR","@id":"https:\/\/www.suno.com.br\/noticias\/#\/schema\/logo\/image\/","url":"https:\/\/files.sunoresearch.com.br\/n\/uploads\/2021\/09\/suno-logo.png","contentUrl":"https:\/\/files.sunoresearch.com.br\/n\/uploads\/2021\/09\/suno-logo.png","width":180,"height":180,"caption":"Suno Not\u00edcias"},"image":{"@id":"https:\/\/www.suno.com.br\/noticias\/#\/schema\/logo\/image\/"},"sameAs":["https:\/\/facebook.com\/sunoresearch","https:\/\/x.com\/sunoresearch","https:\/\/www.instagram.com\/suno","https:\/\/www.linkedin.com\/company\/suno-research\/","https:\/\/www.youtube.com\/c\/sunoresearch"]},{"@type":"Person","@id":"https:\/\/www.suno.com.br\/noticias\/#\/schema\/person\/098743caeed97b37f51315c9576c4078","name":"Rafael Lara","image":{"@type":"ImageObject","inLanguage":"pt-BR","@id":"https:\/\/www.suno.com.br\/noticias\/#\/schema\/person\/image\/","url":"https:\/\/secure.gravatar.com\/avatar\/dfc254ab9bb2ea1895d98b9e9dae4bdd?s=96&r=g","contentUrl":"https:\/\/secure.gravatar.com\/avatar\/dfc254ab9bb2ea1895d98b9e9dae4bdd?s=96&r=g","caption":"Rafael Lara"},"description":"Rafael Lara cursa jornalismo na Faculdade C\u00e1sper L\u00edbero. Escreve sobre pol\u00edtica, economia e neg\u00f3cios para o portal Suno Not\u00edcias. Antes, colaborou na TV Gazeta na produ\u00e7\u00e3o do programa Edi\u00e7\u00e3o Extra.","url":"https:\/\/www.suno.com.br\/noticias\/author\/rafael\/"}]}},"default_loop_html":"<div class=\"cardsPage__listCard__boxs\"><div class=\"cardsPage__listCard__boxs__img\"><a href=\"https:\/\/www.suno.com.br\/noticias\/dolar-encerra-alta-declaracao-presidente-bce-23092019\/\"><img class=\"mask\" src=\"https:\/\/www.suno.com.br\/noticias\/wp-content\/themes\/suno\/resources\/images\/spotlight\/spotlight1img\/bg-mask.png\" alt=\"Image Mask\"\/><img src=\"https:\/\/files.sunoresearch.com.br\/n\/uploads\/2019\/03\/de905e16-d\u00f3lar-400x200.webp\" alt=\"D\u00f3lar encerra em alta ap\u00f3s declara\u00e7\u00e3o de presidente do BCE\"\/><\/a><span class=\"spotlightCategory\"><a href=\"https:\/\/www.suno.com.br\/noticias\/mercado\/\">Mercado<\/a><\/span><\/div><div class=\"cardsPage__listCard__boxs__content\"><a href=\"https:\/\/www.suno.com.br\/noticias\/dolar-encerra-alta-declaracao-presidente-bce-23092019\/\"><h2 class=\"content__title\">D\u00f3lar encerra em alta ap\u00f3s declara\u00e7\u00e3o de presidente do BCE<\/h2><\/a><div class=\"newsContent__article__meta\"><div class=\"newsContent__article__meta__authorBox\"><a href=\"https:\/\/www.suno.com.br\/noticias\/author\/rafael\/\" class=\"authorBox__avatar noMobi\"><img src=\"https:\/\/secure.gravatar.com\/avatar\/dfc254ab9bb2ea1895d98b9e9dae4bdd?s=96&#038;r=g\" alt=\"Rafael Lara\"><\/a><div class=\"authorBox__name\"><span>por\n\t\t\t<a href=\"https:\/\/www.suno.com.br\/noticias\/author\/rafael\/\"><span itemprop=\"author\">Rafael Lara<\/span><\/a><\/span><time datetime=\"2019-09-23T18:08:20-03:00\" itemprop=\"datePublished\">23\/09\/2019 18:08<\/time><\/div><\/div><\/div><\/div><\/div>","single_layout":"posts","amp_enabled":true,"_links":{"self":[{"href":"https:\/\/www.suno.com.br\/noticias\/wp-json\/wp\/v2\/posts\/38612"}],"collection":[{"href":"https:\/\/www.suno.com.br\/noticias\/wp-json\/wp\/v2\/posts"}],"about":[{"href":"https:\/\/www.suno.com.br\/noticias\/wp-json\/wp\/v2\/types\/post"}],"author":[{"embeddable":true,"href":"https:\/\/www.suno.com.br\/noticias\/wp-json\/wp\/v2\/users\/23"}],"replies":[{"embeddable":true,"href":"https:\/\/www.suno.com.br\/noticias\/wp-json\/wp\/v2\/comments?post=38612"}],"version-history":[{"count":0,"href":"https:\/\/www.suno.com.br\/noticias\/wp-json\/wp\/v2\/posts\/38612\/revisions"}],"wp:featuredmedia":[{"embeddable":true,"href":"https:\/\/www.suno.com.br\/noticias\/wp-json\/wp\/v2\/media\/19509"}],"wp:attachment":[{"href":"https:\/\/www.suno.com.br\/noticias\/wp-json\/wp\/v2\/media?parent=38612"}],"wp:term":[{"taxonomy":"category","embeddable":true,"href":"https:\/\/www.suno.com.br\/noticias\/wp-json\/wp\/v2\/categories?post=38612"},{"taxonomy":"post_tag","embeddable":true,"href":"https:\/\/www.suno.com.br\/noticias\/wp-json\/wp\/v2\/tags?post=38612"},{"taxonomy":"suno_strategy","embeddable":true,"href":"https:\/\/www.suno.com.br\/noticias\/wp-json\/wp\/v2\/suno_strategy?post=38612"}],"curies":[{"name":"wp","href":"https:\/\/api.w.org\/{rel}","templated":true}]}}