{"id":38566,"date":"2019-09-23T15:35:08","date_gmt":"2019-09-23T18:35:08","guid":{"rendered":"https:\/\/www.suno.com.br\/noticias\/?p=38566"},"modified":"2019-09-23T15:35:08","modified_gmt":"2019-09-23T18:35:08","slug":"deutsche-bank-vende-corretagem-bnp-paribas","status":"publish","type":"post","link":"https:\/\/www.suno.com.br\/noticias\/deutsche-bank-vende-corretagem-bnp-paribas\/","title":{"rendered":"Deutsche Bank vende parte do neg\u00f3cio de corretagem ao BNP Paribas"},"content":{"rendered":"<p>O Deutsche Bank informou nesta segunda-feira (23) que concordou em vender parte de seu neg\u00f3cio de <strong>corretagem<\/strong> e negocia\u00e7\u00e3o eletr\u00f4nica de <strong>a\u00e7\u00f5es<\/strong> ao <strong>BNP Paribas<\/strong>.<\/p>\t<div class=\"wrapper-featured-image\">\n\t\t<figure class=\"spotlightImg\">\n\n\t\t\t<picture>\n\t\t\t\t<source media=\"(max-width: 768px)\" srcset=\"https:\/\/files.sunoresearch.com.br\/n\/uploads\/2019\/04\/20f1ca5b-deutsche-bank-400x200.webp\">\n\t\t\t\t<img loading=\"lazy\" decoding=\"async\" class=\"newsContent__article__imgCapa lazyloadDisabled newsContent__article__imgCapa--noCaption\" src=\"https:\/\/files.sunoresearch.com.br\/n\/uploads\/2019\/04\/20f1ca5b-deutsche-bank-800x450.webp\" width=\"800\" height=\"450\" alt=\"Deutsche Bank vende parte do neg\u00f3cio de corretagem ao BNP Paribas\" fetchpriority=high \/>\n\t\t\t<\/picture>\n\n\t\t\t<figcaption class=\"wp-caption-text wp-caption-text--hide\">Para a Deutsche Bank, maior banco alem\u00e3o, a pol\u00edtica ambiental brasileira atrapalharia os investimentos estrangeiros no Pa\u00eds.<\/figcaption>\n\t\t<\/figure>\n\t<\/div>\n\n\n<p>Ap\u00f3s a conclus\u00e3o da negocia\u00e7\u00e3o, o <strong>Deutsche Bank<\/strong> transferir\u00e1 os clientes e funcion\u00e1rios deste setor ao BNP. Al\u00e9m disso, a tecnologia utilizada para os neg\u00f3cios de a\u00e7\u00f5es tamb\u00e9m ser\u00e1 vendida ao banco.<\/p>\n\n<p>A venda faz parte do plano de reestrutura\u00e7\u00e3o do banco alem\u00e3o. Ao longo dos \u00faltimos meses, ap\u00f3s o esc\u00e2ndalo dos &#8220;Panama Papers&#8221;, a institui\u00e7\u00e3o financeira est\u00e1 anunciando uma s\u00e9rie de cortes em postos de trabalho.<\/p>\n<p>Em contrapartida, o BNP est\u00e1 ampliando sua atua\u00e7\u00e3o no mercado financeiro. &#8220;Este acordo demonstra o forte compromisso do BNP Paribas com investidores institucionais em todo o mundo&#8221;, afirmou o chefe corporativo e institucional do banco franc\u00eas, Yann G\u00e9rardin.<\/p>\n<p>Com a divulga\u00e7\u00e3o do acordo, as a\u00e7\u00f5es do BNP ca\u00edram 2,48% na <a href=\"https:\/\/www.suno.com.br\/artigos\/euronext\/\">Bolsa de Valores de Paris<\/a>. Os pap\u00e9is est\u00e3o sendo negociados a 44,01 euros.<\/p>\n<h2>Investiga\u00e7\u00f5es sobre o Deutsche Bank<\/h2>\n<p>Desde novembro de 2018, a institui\u00e7\u00e3o est\u00e1 passando por um cen\u00e1rio conturbado. Nesta data, a sede central do banco alem\u00e3o, localizada em Frankfurt, foi alvo de uma opera\u00e7\u00e3o policial.<\/p>\n\t<p>\n\t\t<a href=\"https:\/\/lp.statusinvest.com.br\/ao\/assessoria-status-invest\/\" target=\"_blank\" data-element=\"shortcode-suno-banner\" title=\"Banner SUNO, clique e saiba mais\">\n\t\t\t<picture>\n\t\t\t\t<source media=\"(max-width: 500px)\" srcset=\"https:\/\/files.sunoresearch.com.br\/n\/uploads\/2024\/03\/400x300-Mobile.png\">\n\t\t\t\t<img class=\"newsContent__article__imgCapa newsContent__article__imgCapa--banner\"\n\t\t\t\t\tsrc=\"https:\/\/files.sunoresearch.com.br\/n\/uploads\/2024\/03\/1420x240-Desktop.png\"\n\t\t\t\t\tdata-promo-id=\"537248\"\t\t\t\t\t\t\t\t\t\twidth='1400' height='240'\t\t\t\t\talt=\"https:\/\/files.sunoresearch.com.br\/n\/uploads\/2024\/03\/1420x240-Desktop.png\"\n\t\t\t\t>\n\t\t\t<\/picture>\n\t\t<\/a>\n\t<\/p>\n\n\n<p>A a\u00e7\u00e3o foi uma consequ\u00eancia da divulga\u00e7\u00e3o do esc\u00e2ndalo dos &#8220;Panama Papers&#8221;. Esse material consiste em uma s\u00e9rie de documentos sigilosos sobre irregularidades financeiras que foram publicados em grandes ve\u00edculos de comunica\u00e7\u00e3o do mundo.<\/p>\n<p>Com as informa\u00e7\u00f5es publicadas, o banco foi acusado de lavagem de dinheiro. Ap\u00f3s essa investiga\u00e7\u00e3o, as a\u00e7\u00f5es registraram queda recorde.<\/p>\n<p>Em decorr\u00eancia, em julho deste ano, o banco anunciou o corte de 20 mil postos de trabalho. Ademais, o diretor de investimento da institui\u00e7\u00e3o, Garth Ritchie, deixou o cargo.<\/p>\n<h2>Diminui\u00e7\u00e3o na estimativa da receita<\/h2>\n<p>O diretor financeiro do <strong>Deutsche Bank<\/strong>, James von Moltke, informou na \u00faltima semana que a previs\u00e3o da receita do banco foi reduzida para o m\u00e9dio prazo.<\/p>\n<p><a href=\"https:\/\/www.suno.com.br\/noticias\/deutsche-bank-diminui-estimativa-receitas\/\">Saiba mais: Deutsche Bank diminui a estimativa de receitas para 2022<\/a><\/p>\n<p>A nova meta para 2022 varia entre \u20ac 24 bilh\u00f5es e \u20ac 25 bilh\u00f5es. Em um primeiro momento, a expectativa era de que a receita para este per\u00edodo fosse de \u20ac 25 bi.<\/p>\n<p>\u201cAchamos que (a meta) continua pass\u00edvel de alcan\u00e7ar, mas estamos obviamente enfrentando obst\u00e1culos por causa das taxas de juro\u201d, afirmou o CEO do <strong>Deutsche Bank<\/strong>.<\/p>\n","protected":false},"excerpt":{"rendered":"<p>O Deutsche Bank informou nesta segunda-feira (23) que concordou em vender parte de seu neg\u00f3cio de corretagem e negocia\u00e7\u00e3o eletr\u00f4nica de a\u00e7\u00f5es ao BNP Paribas. Para a Deutsche Bank, maior banco alem\u00e3o, a pol\u00edtica ambiental brasileira atrapalharia os investimentos estrangeiros no Pa\u00eds. Ap\u00f3s a conclus\u00e3o da negocia\u00e7\u00e3o, o Deutsche Bank transferir\u00e1 os clientes e funcion\u00e1rios [&hellip;]<\/p>\n","protected":false},"author":18,"featured_media":22472,"comment_status":"closed","ping_status":"closed","sticky":false,"template":"","format":"standard","meta":[],"categories":[64],"tags":[286,1385,1005],"suno_strategy":[],"class_list":["post-38566","post","type-post","status-publish","format-standard","has-post-thumbnail","hentry","category-negocios","tag-acoes","tag-bnp-paribas","tag-deutsche-bank"],"yoast_head":"<!-- This site is optimized with the Yoast SEO plugin v24.4 - https:\/\/yoast.com\/wordpress\/plugins\/seo\/ -->\n<title>Deutsche Bank vende parte do neg\u00f3cio de corretagem ao BNP Paribas<\/title>\n<meta name=\"description\" content=\"O Deutsche Bank informou que vendeu parte de seu neg\u00f3cio de negocia\u00e7\u00e3o eletr\u00f4nica de a\u00e7\u00f5es ao BNP Paribas. Clique para saber mais.\" \/>\n<meta name=\"robots\" content=\"index, follow, max-snippet:-1, max-image-preview:large, max-video-preview:-1\" \/>\n<link rel=\"canonical\" href=\"https:\/\/www.suno.com.br\/noticias\/deutsche-bank-vende-corretagem-bnp-paribas\/\" \/>\n<meta property=\"og:locale\" content=\"pt_BR\" \/>\n<meta property=\"og:type\" content=\"article\" \/>\n<meta property=\"og:title\" content=\"Deutsche Bank vende parte do neg\u00f3cio de corretagem ao BNP Paribas\" \/>\n<meta property=\"og:description\" content=\"O Deutsche Bank informou que vendeu parte de seu neg\u00f3cio de negocia\u00e7\u00e3o eletr\u00f4nica de a\u00e7\u00f5es ao BNP Paribas. Clique para saber mais.\" \/>\n<meta property=\"og:url\" content=\"https:\/\/www.suno.com.br\/noticias\/deutsche-bank-vende-corretagem-bnp-paribas\/\" \/>\n<meta property=\"og:site_name\" content=\"Suno Not\u00edcias\" \/>\n<meta property=\"article:publisher\" content=\"https:\/\/facebook.com\/sunoresearch\" \/>\n<meta property=\"og:image\" content=\"https:\/\/files.sunoresearch.com.br\/n\/uploads\/2019\/04\/20f1ca5b-deutsche-bank.jpg\" \/>\n\t<meta property=\"og:image:width\" content=\"2048\" \/>\n\t<meta property=\"og:image:height\" content=\"1345\" \/>\n\t<meta property=\"og:image:type\" content=\"image\/jpeg\" \/>\n<meta name=\"author\" content=\"Giovanna Oliveira\" \/>\n<meta name=\"twitter:card\" content=\"summary_large_image\" \/>\n<meta name=\"twitter:creator\" content=\"@sunoresearch\" \/>\n<meta name=\"twitter:site\" content=\"@sunoresearch\" \/>\n<meta name=\"twitter:label1\" content=\"Escrito por\" \/>\n\t<meta name=\"twitter:data1\" content=\"Giovanna Oliveira\" \/>\n\t<meta name=\"twitter:label2\" content=\"Est. tempo de leitura\" \/>\n\t<meta name=\"twitter:data2\" content=\"2 minutos\" \/>\n<script type=\"application\/ld+json\" class=\"yoast-schema-graph\">{\"@context\":\"https:\/\/schema.org\",\"@graph\":[{\"@type\":\"NewsArticle\",\"@id\":\"https:\/\/www.suno.com.br\/noticias\/deutsche-bank-vende-corretagem-bnp-paribas\/#article\",\"isPartOf\":{\"@id\":\"https:\/\/www.suno.com.br\/noticias\/deutsche-bank-vende-corretagem-bnp-paribas\/\"},\"author\":{\"name\":\"Giovanna Oliveira\",\"@id\":\"https:\/\/www.suno.com.br\/noticias\/#\/schema\/person\/4e19e3d2575736e5283d58eb3199d120\"},\"headline\":\"Deutsche Bank vende parte do neg\u00f3cio de corretagem ao BNP Paribas\",\"datePublished\":\"2019-09-23T18:35:08+00:00\",\"mainEntityOfPage\":{\"@id\":\"https:\/\/www.suno.com.br\/noticias\/deutsche-bank-vende-corretagem-bnp-paribas\/\"},\"wordCount\":429,\"publisher\":{\"@id\":\"https:\/\/www.suno.com.br\/noticias\/#organization\"},\"image\":{\"@id\":\"https:\/\/www.suno.com.br\/noticias\/deutsche-bank-vende-corretagem-bnp-paribas\/#primaryimage\"},\"thumbnailUrl\":\"https:\/\/files.sunoresearch.com.br\/n\/uploads\/2019\/04\/20f1ca5b-deutsche-bank-jpg.webp\",\"keywords\":[\"A\u00e7\u00f5es\",\"BNP Paribas\",\"Deutsche Bank\"],\"articleSection\":[\"Neg\u00f3cios\"],\"inLanguage\":\"pt-BR\"},{\"@type\":\"WebPage\",\"@id\":\"https:\/\/www.suno.com.br\/noticias\/deutsche-bank-vende-corretagem-bnp-paribas\/\",\"url\":\"https:\/\/www.suno.com.br\/noticias\/deutsche-bank-vende-corretagem-bnp-paribas\/\",\"name\":\"Deutsche Bank vende parte do neg\u00f3cio de corretagem ao BNP Paribas\",\"isPartOf\":{\"@id\":\"https:\/\/www.suno.com.br\/noticias\/#website\"},\"primaryImageOfPage\":{\"@id\":\"https:\/\/www.suno.com.br\/noticias\/deutsche-bank-vende-corretagem-bnp-paribas\/#primaryimage\"},\"image\":{\"@id\":\"https:\/\/www.suno.com.br\/noticias\/deutsche-bank-vende-corretagem-bnp-paribas\/#primaryimage\"},\"thumbnailUrl\":\"https:\/\/files.sunoresearch.com.br\/n\/uploads\/2019\/04\/20f1ca5b-deutsche-bank-jpg.webp\",\"datePublished\":\"2019-09-23T18:35:08+00:00\",\"description\":\"O Deutsche Bank informou que vendeu parte de seu neg\u00f3cio de negocia\u00e7\u00e3o eletr\u00f4nica de a\u00e7\u00f5es ao BNP Paribas. Clique para saber mais.\",\"breadcrumb\":{\"@id\":\"https:\/\/www.suno.com.br\/noticias\/deutsche-bank-vende-corretagem-bnp-paribas\/#breadcrumb\"},\"inLanguage\":\"pt-BR\",\"potentialAction\":[{\"@type\":\"ReadAction\",\"target\":[\"https:\/\/www.suno.com.br\/noticias\/deutsche-bank-vende-corretagem-bnp-paribas\/\"]}]},{\"@type\":\"ImageObject\",\"inLanguage\":\"pt-BR\",\"@id\":\"https:\/\/www.suno.com.br\/noticias\/deutsche-bank-vende-corretagem-bnp-paribas\/#primaryimage\",\"url\":\"https:\/\/files.sunoresearch.com.br\/n\/uploads\/2019\/04\/20f1ca5b-deutsche-bank-jpg.webp\",\"contentUrl\":\"https:\/\/files.sunoresearch.com.br\/n\/uploads\/2019\/04\/20f1ca5b-deutsche-bank-jpg.webp\",\"width\":2048,\"height\":1345,\"caption\":\"Para a Deutsche Bank, maior banco alem\u00e3o, a pol\u00edtica ambiental brasileira atrapalharia os investimentos estrangeiros no Pa\u00eds.\"},{\"@type\":\"BreadcrumbList\",\"@id\":\"https:\/\/www.suno.com.br\/noticias\/deutsche-bank-vende-corretagem-bnp-paribas\/#breadcrumb\",\"itemListElement\":[{\"@type\":\"ListItem\",\"position\":1,\"name\":\"Not\u00edcias\",\"item\":\"https:\/\/www.suno.com.br\/noticias\/\"},{\"@type\":\"ListItem\",\"position\":2,\"name\":\"Neg\u00f3cios\",\"item\":\"https:\/\/www.suno.com.br\/noticias\/negocios\/\"},{\"@type\":\"ListItem\",\"position\":3,\"name\":\"Deutsche Bank vende parte do neg\u00f3cio de corretagem ao BNP Paribas\"}]},{\"@type\":\"WebSite\",\"@id\":\"https:\/\/www.suno.com.br\/noticias\/#website\",\"url\":\"https:\/\/www.suno.com.br\/noticias\/\",\"name\":\"Suno Not\u00edcias\",\"description\":\"Seu portal de informa\u00e7\u00e3o sobre o mundo dos investimentos\",\"publisher\":{\"@id\":\"https:\/\/www.suno.com.br\/noticias\/#organization\"},\"potentialAction\":[{\"@type\":\"SearchAction\",\"target\":{\"@type\":\"EntryPoint\",\"urlTemplate\":\"https:\/\/www.suno.com.br\/noticias\/?s={search_term_string}\"},\"query-input\":{\"@type\":\"PropertyValueSpecification\",\"valueRequired\":true,\"valueName\":\"search_term_string\"}}],\"inLanguage\":\"pt-BR\"},{\"@type\":\"Organization\",\"@id\":\"https:\/\/www.suno.com.br\/noticias\/#organization\",\"name\":\"Suno Not\u00edcias\",\"url\":\"https:\/\/www.suno.com.br\/noticias\/\",\"logo\":{\"@type\":\"ImageObject\",\"inLanguage\":\"pt-BR\",\"@id\":\"https:\/\/www.suno.com.br\/noticias\/#\/schema\/logo\/image\/\",\"url\":\"https:\/\/files.sunoresearch.com.br\/n\/uploads\/2021\/09\/suno-logo.png\",\"contentUrl\":\"https:\/\/files.sunoresearch.com.br\/n\/uploads\/2021\/09\/suno-logo.png\",\"width\":180,\"height\":180,\"caption\":\"Suno Not\u00edcias\"},\"image\":{\"@id\":\"https:\/\/www.suno.com.br\/noticias\/#\/schema\/logo\/image\/\"},\"sameAs\":[\"https:\/\/facebook.com\/sunoresearch\",\"https:\/\/x.com\/sunoresearch\",\"https:\/\/www.instagram.com\/suno\",\"https:\/\/www.linkedin.com\/company\/suno-research\/\",\"https:\/\/www.youtube.com\/c\/sunoresearch\"]},{\"@type\":\"Person\",\"@id\":\"https:\/\/www.suno.com.br\/noticias\/#\/schema\/person\/4e19e3d2575736e5283d58eb3199d120\",\"name\":\"Giovanna Oliveira\",\"image\":{\"@type\":\"ImageObject\",\"inLanguage\":\"pt-BR\",\"@id\":\"https:\/\/www.suno.com.br\/noticias\/#\/schema\/person\/image\/\",\"url\":\"https:\/\/secure.gravatar.com\/avatar\/9a37b3ae208962ac568992d0ffdbc2eb?s=96&r=g\",\"contentUrl\":\"https:\/\/secure.gravatar.com\/avatar\/9a37b3ae208962ac568992d0ffdbc2eb?s=96&r=g\",\"caption\":\"Giovanna Oliveira\"},\"description\":\"Giovanna Oliveira escreve sobre economia e pol\u00edtica. Foi rep\u00f3rter do portal de jornalismo da ESPM-SP e produziu conte\u00fado para a Corinthians TV. \u00c9 estudante da ESPM.\",\"url\":\"https:\/\/www.suno.com.br\/noticias\/author\/giovanna\/\"}]}<\/script>\n<!-- \/ Yoast SEO plugin. -->","yoast_head_json":{"title":"Deutsche Bank vende parte do neg\u00f3cio de corretagem ao BNP Paribas","description":"O Deutsche Bank informou que vendeu parte de seu neg\u00f3cio de negocia\u00e7\u00e3o eletr\u00f4nica de a\u00e7\u00f5es ao BNP Paribas. Clique para saber mais.","robots":{"index":"index","follow":"follow","max-snippet":"max-snippet:-1","max-image-preview":"max-image-preview:large","max-video-preview":"max-video-preview:-1"},"canonical":"https:\/\/www.suno.com.br\/noticias\/deutsche-bank-vende-corretagem-bnp-paribas\/","og_locale":"pt_BR","og_type":"article","og_title":"Deutsche Bank vende parte do neg\u00f3cio de corretagem ao BNP Paribas","og_description":"O Deutsche Bank informou que vendeu parte de seu neg\u00f3cio de negocia\u00e7\u00e3o eletr\u00f4nica de a\u00e7\u00f5es ao BNP Paribas. Clique para saber mais.","og_url":"https:\/\/www.suno.com.br\/noticias\/deutsche-bank-vende-corretagem-bnp-paribas\/","og_site_name":"Suno Not\u00edcias","article_publisher":"https:\/\/facebook.com\/sunoresearch","og_image":[{"width":2048,"height":1345,"url":"https:\/\/files.sunoresearch.com.br\/n\/uploads\/2019\/04\/20f1ca5b-deutsche-bank.jpg","type":"image\/jpeg"}],"author":"Giovanna Oliveira","twitter_card":"summary_large_image","twitter_creator":"@sunoresearch","twitter_site":"@sunoresearch","twitter_misc":{"Escrito por":"Giovanna Oliveira","Est. tempo de leitura":"2 minutos"},"schema":{"@context":"https:\/\/schema.org","@graph":[{"@type":"NewsArticle","@id":"https:\/\/www.suno.com.br\/noticias\/deutsche-bank-vende-corretagem-bnp-paribas\/#article","isPartOf":{"@id":"https:\/\/www.suno.com.br\/noticias\/deutsche-bank-vende-corretagem-bnp-paribas\/"},"author":{"name":"Giovanna Oliveira","@id":"https:\/\/www.suno.com.br\/noticias\/#\/schema\/person\/4e19e3d2575736e5283d58eb3199d120"},"headline":"Deutsche Bank vende parte do neg\u00f3cio de corretagem ao BNP Paribas","datePublished":"2019-09-23T18:35:08+00:00","mainEntityOfPage":{"@id":"https:\/\/www.suno.com.br\/noticias\/deutsche-bank-vende-corretagem-bnp-paribas\/"},"wordCount":429,"publisher":{"@id":"https:\/\/www.suno.com.br\/noticias\/#organization"},"image":{"@id":"https:\/\/www.suno.com.br\/noticias\/deutsche-bank-vende-corretagem-bnp-paribas\/#primaryimage"},"thumbnailUrl":"https:\/\/files.sunoresearch.com.br\/n\/uploads\/2019\/04\/20f1ca5b-deutsche-bank-jpg.webp","keywords":["A\u00e7\u00f5es","BNP Paribas","Deutsche Bank"],"articleSection":["Neg\u00f3cios"],"inLanguage":"pt-BR"},{"@type":"WebPage","@id":"https:\/\/www.suno.com.br\/noticias\/deutsche-bank-vende-corretagem-bnp-paribas\/","url":"https:\/\/www.suno.com.br\/noticias\/deutsche-bank-vende-corretagem-bnp-paribas\/","name":"Deutsche Bank vende parte do neg\u00f3cio de corretagem ao BNP Paribas","isPartOf":{"@id":"https:\/\/www.suno.com.br\/noticias\/#website"},"primaryImageOfPage":{"@id":"https:\/\/www.suno.com.br\/noticias\/deutsche-bank-vende-corretagem-bnp-paribas\/#primaryimage"},"image":{"@id":"https:\/\/www.suno.com.br\/noticias\/deutsche-bank-vende-corretagem-bnp-paribas\/#primaryimage"},"thumbnailUrl":"https:\/\/files.sunoresearch.com.br\/n\/uploads\/2019\/04\/20f1ca5b-deutsche-bank-jpg.webp","datePublished":"2019-09-23T18:35:08+00:00","description":"O Deutsche Bank informou que vendeu parte de seu neg\u00f3cio de negocia\u00e7\u00e3o eletr\u00f4nica de a\u00e7\u00f5es ao BNP Paribas. Clique para saber mais.","breadcrumb":{"@id":"https:\/\/www.suno.com.br\/noticias\/deutsche-bank-vende-corretagem-bnp-paribas\/#breadcrumb"},"inLanguage":"pt-BR","potentialAction":[{"@type":"ReadAction","target":["https:\/\/www.suno.com.br\/noticias\/deutsche-bank-vende-corretagem-bnp-paribas\/"]}]},{"@type":"ImageObject","inLanguage":"pt-BR","@id":"https:\/\/www.suno.com.br\/noticias\/deutsche-bank-vende-corretagem-bnp-paribas\/#primaryimage","url":"https:\/\/files.sunoresearch.com.br\/n\/uploads\/2019\/04\/20f1ca5b-deutsche-bank-jpg.webp","contentUrl":"https:\/\/files.sunoresearch.com.br\/n\/uploads\/2019\/04\/20f1ca5b-deutsche-bank-jpg.webp","width":2048,"height":1345,"caption":"Para a Deutsche Bank, maior banco alem\u00e3o, a pol\u00edtica ambiental brasileira atrapalharia os investimentos estrangeiros no Pa\u00eds."},{"@type":"BreadcrumbList","@id":"https:\/\/www.suno.com.br\/noticias\/deutsche-bank-vende-corretagem-bnp-paribas\/#breadcrumb","itemListElement":[{"@type":"ListItem","position":1,"name":"Not\u00edcias","item":"https:\/\/www.suno.com.br\/noticias\/"},{"@type":"ListItem","position":2,"name":"Neg\u00f3cios","item":"https:\/\/www.suno.com.br\/noticias\/negocios\/"},{"@type":"ListItem","position":3,"name":"Deutsche Bank vende parte do neg\u00f3cio de corretagem ao BNP Paribas"}]},{"@type":"WebSite","@id":"https:\/\/www.suno.com.br\/noticias\/#website","url":"https:\/\/www.suno.com.br\/noticias\/","name":"Suno Not\u00edcias","description":"Seu portal de informa\u00e7\u00e3o sobre o mundo dos investimentos","publisher":{"@id":"https:\/\/www.suno.com.br\/noticias\/#organization"},"potentialAction":[{"@type":"SearchAction","target":{"@type":"EntryPoint","urlTemplate":"https:\/\/www.suno.com.br\/noticias\/?s={search_term_string}"},"query-input":{"@type":"PropertyValueSpecification","valueRequired":true,"valueName":"search_term_string"}}],"inLanguage":"pt-BR"},{"@type":"Organization","@id":"https:\/\/www.suno.com.br\/noticias\/#organization","name":"Suno Not\u00edcias","url":"https:\/\/www.suno.com.br\/noticias\/","logo":{"@type":"ImageObject","inLanguage":"pt-BR","@id":"https:\/\/www.suno.com.br\/noticias\/#\/schema\/logo\/image\/","url":"https:\/\/files.sunoresearch.com.br\/n\/uploads\/2021\/09\/suno-logo.png","contentUrl":"https:\/\/files.sunoresearch.com.br\/n\/uploads\/2021\/09\/suno-logo.png","width":180,"height":180,"caption":"Suno Not\u00edcias"},"image":{"@id":"https:\/\/www.suno.com.br\/noticias\/#\/schema\/logo\/image\/"},"sameAs":["https:\/\/facebook.com\/sunoresearch","https:\/\/x.com\/sunoresearch","https:\/\/www.instagram.com\/suno","https:\/\/www.linkedin.com\/company\/suno-research\/","https:\/\/www.youtube.com\/c\/sunoresearch"]},{"@type":"Person","@id":"https:\/\/www.suno.com.br\/noticias\/#\/schema\/person\/4e19e3d2575736e5283d58eb3199d120","name":"Giovanna Oliveira","image":{"@type":"ImageObject","inLanguage":"pt-BR","@id":"https:\/\/www.suno.com.br\/noticias\/#\/schema\/person\/image\/","url":"https:\/\/secure.gravatar.com\/avatar\/9a37b3ae208962ac568992d0ffdbc2eb?s=96&r=g","contentUrl":"https:\/\/secure.gravatar.com\/avatar\/9a37b3ae208962ac568992d0ffdbc2eb?s=96&r=g","caption":"Giovanna Oliveira"},"description":"Giovanna Oliveira escreve sobre economia e pol\u00edtica. Foi rep\u00f3rter do portal de jornalismo da ESPM-SP e produziu conte\u00fado para a Corinthians TV. \u00c9 estudante da ESPM.","url":"https:\/\/www.suno.com.br\/noticias\/author\/giovanna\/"}]}},"default_loop_html":"<div class=\"cardsPage__listCard__boxs\"><div class=\"cardsPage__listCard__boxs__img\"><a href=\"https:\/\/www.suno.com.br\/noticias\/deutsche-bank-vende-corretagem-bnp-paribas\/\"><img class=\"mask\" src=\"https:\/\/www.suno.com.br\/noticias\/wp-content\/themes\/suno\/resources\/images\/spotlight\/spotlight1img\/bg-mask.png\" alt=\"Image Mask\"\/><img src=\"https:\/\/files.sunoresearch.com.br\/n\/uploads\/2019\/04\/20f1ca5b-deutsche-bank-400x200.webp\" alt=\"Deutsche Bank vende parte do neg\u00f3cio de corretagem ao BNP Paribas\"\/><\/a><span class=\"spotlightCategory\"><a href=\"https:\/\/www.suno.com.br\/noticias\/negocios\/\">Neg\u00f3cios<\/a><\/span><\/div><div class=\"cardsPage__listCard__boxs__content\"><a href=\"https:\/\/www.suno.com.br\/noticias\/deutsche-bank-vende-corretagem-bnp-paribas\/\"><h2 class=\"content__title\">Deutsche Bank vende parte do neg\u00f3cio de corretagem ao BNP Paribas<\/h2><\/a><div class=\"newsContent__article__meta\"><div class=\"newsContent__article__meta__authorBox\"><a href=\"https:\/\/www.suno.com.br\/noticias\/author\/giovanna\/\" class=\"authorBox__avatar noMobi\"><img src=\"https:\/\/files.sunoresearch.com.br\/n\/uploads\/2019\/06\/952a89ca-screenshot_20190608-171507-150x150.webp\" alt=\"Giovanna Oliveira\"><\/a><div class=\"authorBox__name\"><span>por\n\t\t\t<a href=\"https:\/\/www.suno.com.br\/noticias\/author\/giovanna\/\"><span itemprop=\"author\">Giovanna Oliveira<\/span><\/a><\/span><time datetime=\"2019-09-23T15:35:08-03:00\" itemprop=\"datePublished\">23\/09\/2019 15:35<\/time><\/div><\/div><\/div><\/div><\/div>","single_layout":"posts","amp_enabled":true,"_links":{"self":[{"href":"https:\/\/www.suno.com.br\/noticias\/wp-json\/wp\/v2\/posts\/38566"}],"collection":[{"href":"https:\/\/www.suno.com.br\/noticias\/wp-json\/wp\/v2\/posts"}],"about":[{"href":"https:\/\/www.suno.com.br\/noticias\/wp-json\/wp\/v2\/types\/post"}],"author":[{"embeddable":true,"href":"https:\/\/www.suno.com.br\/noticias\/wp-json\/wp\/v2\/users\/18"}],"replies":[{"embeddable":true,"href":"https:\/\/www.suno.com.br\/noticias\/wp-json\/wp\/v2\/comments?post=38566"}],"version-history":[{"count":0,"href":"https:\/\/www.suno.com.br\/noticias\/wp-json\/wp\/v2\/posts\/38566\/revisions"}],"wp:featuredmedia":[{"embeddable":true,"href":"https:\/\/www.suno.com.br\/noticias\/wp-json\/wp\/v2\/media\/22472"}],"wp:attachment":[{"href":"https:\/\/www.suno.com.br\/noticias\/wp-json\/wp\/v2\/media?parent=38566"}],"wp:term":[{"taxonomy":"category","embeddable":true,"href":"https:\/\/www.suno.com.br\/noticias\/wp-json\/wp\/v2\/categories?post=38566"},{"taxonomy":"post_tag","embeddable":true,"href":"https:\/\/www.suno.com.br\/noticias\/wp-json\/wp\/v2\/tags?post=38566"},{"taxonomy":"suno_strategy","embeddable":true,"href":"https:\/\/www.suno.com.br\/noticias\/wp-json\/wp\/v2\/suno_strategy?post=38566"}],"curies":[{"name":"wp","href":"https:\/\/api.w.org\/{rel}","templated":true}]}}