{"id":385655,"date":"2023-04-05T08:14:06","date_gmt":"2023-04-05T11:14:06","guid":{"rendered":"https:\/\/www.suno.com.br\/noticias\/?p=385655"},"modified":"2023-04-05T08:14:12","modified_gmt":"2023-04-05T11:14:12","slug":"parcelamento-divida-pix-hadda-campos-neto","status":"publish","type":"post","link":"https:\/\/www.suno.com.br\/noticias\/parcelamento-divida-pix-hadda-campos-neto\/","title":{"rendered":"Parcelar d\u00edvida no Pix: Haddad discute possibilidade com Campos Neto"},"content":{"rendered":"<p>O ministro da Fazenda, Fernando Haddad, pediu na \u00faltima segunda-feira (3) ao presidente do <a class=\"suno-keyword\" data-force=\"no\" data-priority=\"3\" href=\"https:\/\/www.suno.com.br\/artigos\/bacen\/\" target=\"_blank\" rel=\"noopener\">Banco Central (BC)<\/a>, Roberto Campos Neto, a possibilidade de <strong>parcelamento de d\u00edvidas no Pix<\/strong>, sistema de transfer\u00eancias instant\u00e2neas do BC. Segundo o ministro, a ferramenta ajudaria a baratear o cr\u00e9dito no pa\u00eds.<\/p><div class=\"videoFull \">\n\t\t\t<div class=\"videoWrapper yt-lazyload center\"\n\t\t\t\tdata-width=\"960\"\n\t\t\t\tdata-height=\"540\"\n\t\t\t\tdata-id=\"PYyKhF4xjBs\"\n\t\t\t\tdata-alt=\"V\u00eddeo do YouTube - clique para reproduzir\"\n\t\t\t\tdata-logo=\"3\"\n\t\t\t\tdata-imagequality=\"maxres\">\n\t\t\t<\/div>\n\t\t<\/div><script type=\"application\/ld+json\">{\"@context\":\"https:\/\/schema.org\",\"@type\":\"VideoObject\",\"name\":\"O DILEMA DE HADDAD: MAIS ARRECADA\u00c7\u00c3O, MESMOS IMPOSTOS | Natura (NTCO3) vende Aesop, mas a\u00e7\u00e3o cai 3%\",\"description\":\"#natura #ntco3 #aesop #loreal #lorealparis #vale3 #ibovespa #haddad #lula #arcabou\u00e7ofiscal #impostos #dividendos #investimentos #mercadofinanceiro #bolsadevalores #livedas19h DECLARA\u00c7\u00c3O DOS FIIS: Declare seus FIIs de forma correta e evite problemas com a Receita Federal! \ud83e\udd81 \ud835\uddda\ud835\udde8\ud835\udddc\ud835\uddd4 \ud835\uddd7\ud835\udde2 \ud835\udddc\ud835\udde0\ud835\udde3\ud835\udde2\ud835\udde6\ud835\udde7\ud835\udde2 \ud835\uddd7\ud835\uddd8 \ud835\udde5\ud835\uddd8\ud835\udde1\ud835\uddd7\ud835\uddd4 \ud835\udde3\ud835\uddd4\ud835\udde5\ud835\uddd4 \ud835\udddc\ud835\udde1\ud835\udde9\ud835\uddd8\ud835\udde6\ud835\udde7\ud835\udddc\ud835\uddd7\ud835\udde2\ud835\udde5\ud835\uddd8\ud835\udde6 \ud835\uddd8\ud835\udde0 \ud835\udfee\ud835\udfec\ud835\udfee\ud835\udfef \ud83d\udc49https:\/\/lp.suno.com.br\/ebook-guia-ir\/?utm_source=youtube.noticias&utm_medium=live&utm_campaign=ebookimpostoderenda.20230404&utm_content=noticias.live19h.040423 \u23f1\u1d0d\u026a\u0274\u1d1c\u1d1b\u1d00\u0262\u1d07\u1d0d 00:00 Abertura 02:30 Natura #ntco3 anuncia venda da Aesop para L'Oreal\u2026\",\"duration\":\"PT45M19S\",\"embedUrl\":\"https:\/\/www.youtube.com\/embed\/PYyKhF4xjBs\",\"regionsAllowed\":\"pt-BR\",\"interactionStatistic\":{\"@type\":\"InteractionCounter\",\"interactionType\":{\"@type\":\"WatchAction\"},\"userInteractionCount\":3338},\"thumbnailUrl\":\"https:\/\/i.ytimg.com\/vi\/PYyKhF4xjBs\/default.jpg\",\"uploadDate\":\"2023-04-04T22:53:07Z\"}<\/script>\n\n\n\n\n\n\n\t<p>\n\t\t<a href=\"\" target=\"_blank\" data-element=\"shortcode-suno-banner\" title=\"Banner SUNO, clique e saiba mais\">\n\t\t\t<picture>\n\t\t\t\t<source media=\"(max-width: 500px)\" srcset=\"\">\n\t\t\t\t<img class=\"newsContent__article__imgCapa newsContent__article__imgCapa--banner\"\n\t\t\t\t\tsrc=\"\"\n\t\t\t\t\tdata-promo-id=\"240038\"\t\t\t\t\t\t\t\t\t\t\t\t\t\t\talt=\"\"\n\t\t\t\t>\n\t\t\t<\/picture>\n\t\t<\/a>\n\t<\/p>\n\n\n\n\n\n<p>\u201cFalava ontem com Roberto Campos Neto sobre o <strong>parcelamento de d\u00e9bito pelo Pix<\/strong>. Pode ser uma grande inova\u00e7\u00e3o do nosso <a class=\"suno-keyword\" data-force=\"no\" data-priority=\"1\" href=\"https:\/\/www.suno.com.br\/artigos\/sistema-bancario\/\" target=\"_blank\" rel=\"noopener\">sistema banc\u00e1rio<\/a> voc\u00ea parcelar usando essa ferramenta. Isso melhora as condi\u00e7\u00f5es de competitividade e de cr\u00e9dito no pa\u00eds\u201d, disse o ministro em evento virtual promovido por um banco de investimentos.<\/p>\n\n\n\n<p>De acordo com <strong>Haddad<\/strong>, a proposta integra um pacote de est\u00edmulo ao cr\u00e9dito. O ministro voltou a informar que o governo prepara 12 medidas para melhorar as condi\u00e7\u00f5es de cr\u00e9dito, das quais a metade teve aval do Banco Central.<\/p>\n\n\n\n<h2 class=\"wp-block-heading\">Desenrola<\/h2>\n\n\n\n<p>O ministro tamb\u00e9m falou sobre o Programa Desenrola, que pretende renegociar at\u00e9 R$ 50 bilh\u00f5es em d\u00edvidas de 37 milh\u00f5es de pessoas f\u00edsicas. Segundo Haddad, a medida provis\u00f3ria do programa est\u00e1 pronta e s\u00f3 espera a B3, a <strong><a class=\"suno-keyword\" data-force=\"no\" data-priority=\"3\" href=\"https:\/\/www.suno.com.br\/guias\/bolsa-de-valores\/\" target=\"_blank\" rel=\"noopener\">bolsa de valores<\/a> <\/strong>brasileira, concluir o sistema que ser\u00e1 usado pelo governo e pelos credores.<\/p>\n\n\n\n<p>Em rela\u00e7\u00e3o ao fundo que vai cobrir as negocia\u00e7\u00f5es, j\u00e1 existem R$ 11 bilh\u00f5es reservados no Or\u00e7amento. No m\u00eas passado, o ministro havia afirmado que o fundo, formado com recursos do Tesouro Nacional, <a href=\"https:\/\/agenciabrasil.ebc.com.br\/economia\/noticia\/2023-03\/fundo-garantidor-de-r-10-bi-cobrira-renegociacoes-do-desenrola\" target=\"_blank\" rel=\"noopener\">teria cerca de R$ 10 bilh\u00f5es<\/a>, mas o valor foi recentemente aumentado para R$ 15 bilh\u00f5es.<\/p>\n\n\n\t<p>\n\t\t<a href=\"https:\/\/lp.suno.com.br\/planilha-controle-gastos\/\" target=\"_blank\" data-element=\"shortcode-suno-banner\" title=\"Banner SUNO, clique e saiba mais\">\n\t\t\t<picture>\n\t\t\t\t<source media=\"(max-width: 500px)\" srcset=\"https:\/\/files.sunoresearch.com.br\/n\/uploads\/2023\/03\/400x300-Planilha-controle-de-gastos.png\">\n\t\t\t\t<img class=\"newsContent__article__imgCapa newsContent__article__imgCapa--banner\"\n\t\t\t\t\tsrc=\"https:\/\/files.sunoresearch.com.br\/n\/uploads\/2023\/03\/1420x240-Planilha-controle-de-gastos.png\"\n\t\t\t\t\tdata-promo-id=\"101751\"\t\t\t\t\t\t\t\t\t\twidth='1420' height='240'\t\t\t\t\talt=\"https:\/\/files.sunoresearch.com.br\/n\/uploads\/2023\/03\/1420x240-Planilha-controle-de-gastos.png\"\n\t\t\t\t>\n\t\t\t<\/picture>\n\t\t<\/a>\n\t<\/p>\n\n\n\n\n\n<p>Esse fundo garantidor cobrir\u00e1 eventuais calotes de pessoas que aderirem \u00e0s renegocia\u00e7\u00f5es. O Desenrola abranger\u00e1 todas as pessoas f\u00edsicas negativadas, mas aquelas que ganham at\u00e9 dois sal\u00e1rios m\u00ednimos (R$ 2.604) poder\u00e3o renegociar em condi\u00e7\u00f5es mais vantajosas, porque contar\u00e3o com os aportes do Tesouro no fundo garantidor.<\/p>\n\n\n\n<h2 class=\"wp-block-heading\">Metas de infla\u00e7\u00e3o<\/h2>\n\n\n\n<p>Haddad tamb\u00e9m disse ter debatido com <strong>Campos Neto<\/strong> nesta segunda-feira uma poss\u00edvel mudan\u00e7a no calend\u00e1rio de metas de infla\u00e7\u00e3o para os pr\u00f3ximos anos. <\/p>\n\n\n\n<p>O ministro, no entanto, negou qualquer inten\u00e7\u00e3o de alterar a <a class=\"suno-keyword\" data-force=\"no\" data-priority=\"1\" href=\"https:\/\/www.suno.com.br\/artigos\/meta-de-inflacao\/\" target=\"_blank\" rel=\"noopener\">meta de infla\u00e7\u00e3o<\/a> deste ano, definida pelo Conselho Monet\u00e1rio Nacional em 3,25%, com margem de toler\u00e2ncia de 1,5 ponto para mais ou para menos.<\/p>\n\n\n\n<p>\u201c[Nos pr\u00f3ximos anos] ser\u00e1 o momento de verificar se as metas foram bem calibradas. Se \u00e9 o caso de manter, se \u00e9 o caso de n\u00e3o adotar o calend\u00e1rio gregoriano, se \u00e9 o caso fazer aquela meta cont\u00ednua que a maioria dos pa\u00edses adota\u201d, declarou Haddad. <\/p>\n\n\n\n<p>Segundo ele, apenas o Brasil e a Turquia fixam metas para o ano-calend\u00e1rio. Os demais pa\u00edses adotam o sistema de calend\u00e1rio cont\u00ednuo, no qual o Banco Central atinge a meta pouco a pouco, por aproxima\u00e7\u00e3o.<\/p>\n\n\n\n<p>O ministro repetiu a inten\u00e7\u00e3o de buscar a harmoniza\u00e7\u00e3o das pol\u00edticas monet\u00e1ria e fiscal. Segundo Haddad, o envio do novo arcabou\u00e7o fiscal ao Congresso e a aprova\u00e7\u00e3o da <a class=\"suno-keyword\" target=\"_blank\" data-force=\"no\" data-priority=\"2\" href=\"https:\/\/www.suno.com.br\/artigos\/reforma-tributaria\/\" rel=\"noopener\">reforma tribut\u00e1ria<\/a> poder\u00e3o gerar um \u201cchoque de crescimento\u201d em 2024, caso o Banco Central contribua com a redu\u00e7\u00e3o dos juros.<\/p>\n\n\n\n<p>\u201cSe a <a class=\"suno-keyword\" target=\"_blank\" data-force=\"no\" data-priority=\"1\" href=\"https:\/\/www.suno.com.br\/artigos\/politica-monetaria\/\" rel=\"noopener\">pol\u00edtica monet\u00e1ria<\/a> vier ao encontro dos resultados fiscais anunciados, com as b\u00ean\u00e7\u00e3os do Congresso e do Judici\u00e1rio, vamos chegar ao fim do ano com um ambiente econ\u00f4mico favor\u00e1vel\u201d, ressaltou o ministro.<\/p>\n\n\n\n<p>O encontro entre Haddad e Campos Neto ocorreu no fim da tarde de segunda-feira, no pr\u00e9dio do Minist\u00e9rio da Fazenda. <\/p>\n\n\n\n<p>O presidente do BC entrou e saiu pela garagem, sem falar com a imprensa. Cerca de uma hora depois da reuni\u00e3o, Haddad disse que o encontro foi uma <a href=\"https:\/\/agenciabrasil.ebc.com.br\/economia\/noticia\/2023-04\/fundo-de-petroleiras-podera-ser-usado-para-renovar-frota-de-carros\" target=\"_blank\" rel=\"noopener\">\u201creuni\u00e3o de rotina\u201d<\/a>, em que v\u00e1rios assuntos foram tratados, incluindo o desenrola e o <strong>parcelamento de d\u00edvidas pelo Pix<\/strong>.<\/p>\n\n\n\n<p>Com Ag\u00eancia Brasil<\/p>\n\n\n\t<p>\n\t\t<a href=\"https:\/\/lp.suno.com.br\/planilha-da-vida-financeira\/\" target=\"_blank\" data-element=\"shortcode-suno-banner\" title=\"Banner SUNO, clique e saiba mais\">\n\t\t\t<picture>\n\t\t\t\t<source media=\"(max-width: 500px)\" srcset=\"https:\/\/files.sunoresearch.com.br\/n\/uploads\/2023\/04\/400x300-Planilha-vida-financeira-true.png\">\n\t\t\t\t<img class=\"newsContent__article__imgCapa newsContent__article__imgCapa--banner\"\n\t\t\t\t\tsrc=\"https:\/\/files.sunoresearch.com.br\/n\/uploads\/2023\/04\/1420x240-Planilha-vida-financeira-true.png\"\n\t\t\t\t\tdata-promo-id=\"106682\"\t\t\t\t\t\t\t\t\t\twidth='1420' height='240'\t\t\t\t\talt=\"https:\/\/files.sunoresearch.com.br\/n\/uploads\/2023\/04\/1420x240-Planilha-vida-financeira-true.png\"\n\t\t\t\t>\n\t\t\t<\/picture>\n\t\t<\/a>\n\t<\/p>\n\n\n","protected":false},"excerpt":{"rendered":"<p>O ministro da Fazenda, Fernando Haddad, pediu na \u00faltima segunda-feira (3) ao presidente do Banco Central (BC), Roberto Campos Neto, a possibilidade de parcelamento de d\u00edvidas no Pix, sistema de transfer\u00eancias instant\u00e2neas do BC. Segundo o ministro, a ferramenta ajudaria a baratear o cr\u00e9dito no pa\u00eds. \u201cFalava ontem com Roberto Campos Neto sobre o parcelamento [&hellip;]<\/p>\n","protected":false},"author":73,"featured_media":242599,"comment_status":"closed","ping_status":"closed","sticky":false,"template":"","format":"standard","meta":[],"categories":[62],"tags":[106444,1858,2637],"suno_strategy":[],"class_list":["post-385655","post","type-post","status-publish","format-standard","has-post-thumbnail","hentry","category-economia","tag-agencias","tag-endividamento","tag-pix"],"yoast_head":"<!-- This site is optimized with the Yoast SEO plugin v24.4 - https:\/\/yoast.com\/wordpress\/plugins\/seo\/ -->\n<title>Parcelar d\u00edvida no Pix: Haddad discute possibilidade com Campos Neto<\/title>\n<meta name=\"description\" content=\"Segundo o ministro, a ferramenta de parcelar d\u00edvida no Pix ajudaria a baratear o cr\u00e9dito no pa\u00eds. Clique aqui e saiba mais!\" \/>\n<meta name=\"robots\" content=\"index, follow, max-snippet:-1, max-image-preview:large, max-video-preview:-1\" \/>\n<link rel=\"canonical\" href=\"https:\/\/www.suno.com.br\/noticias\/parcelamento-divida-pix-hadda-campos-neto\/\" \/>\n<meta property=\"og:locale\" content=\"pt_BR\" \/>\n<meta property=\"og:type\" content=\"article\" \/>\n<meta property=\"og:title\" content=\"Parcelar d\u00edvida no Pix: Haddad discute possibilidade com Campos Neto\" \/>\n<meta property=\"og:description\" content=\"Segundo o ministro, a ferramenta de parcelar d\u00edvida no Pix ajudaria a baratear o cr\u00e9dito no pa\u00eds. Clique aqui e saiba mais!\" \/>\n<meta property=\"og:url\" content=\"https:\/\/www.suno.com.br\/noticias\/parcelamento-divida-pix-hadda-campos-neto\/\" \/>\n<meta property=\"og:site_name\" content=\"Suno Not\u00edcias\" \/>\n<meta property=\"article:publisher\" content=\"https:\/\/facebook.com\/sunoresearch\" \/>\n<meta property=\"og:image\" content=\"https:\/\/files.sunoresearch.com.br\/n\/uploads\/2022\/03\/RCN-scaled.jpg\" \/>\n\t<meta property=\"og:image:width\" content=\"2560\" \/>\n\t<meta property=\"og:image:height\" content=\"1707\" \/>\n\t<meta property=\"og:image:type\" content=\"image\/jpeg\" \/>\n<meta name=\"author\" content=\"Eduardo Vargas\" \/>\n<meta name=\"twitter:card\" content=\"summary_large_image\" \/>\n<meta name=\"twitter:creator\" content=\"@sunoresearch\" \/>\n<meta name=\"twitter:site\" content=\"@sunoresearch\" \/>\n<meta name=\"twitter:label1\" content=\"Escrito por\" \/>\n\t<meta name=\"twitter:data1\" content=\"Eduardo Vargas\" \/>\n\t<meta name=\"twitter:label2\" content=\"Est. tempo de leitura\" \/>\n\t<meta name=\"twitter:data2\" content=\"4 minutos\" \/>\n<script type=\"application\/ld+json\" class=\"yoast-schema-graph\">{\"@context\":\"https:\/\/schema.org\",\"@graph\":[{\"@type\":\"NewsArticle\",\"@id\":\"https:\/\/www.suno.com.br\/noticias\/parcelamento-divida-pix-hadda-campos-neto\/#article\",\"isPartOf\":{\"@id\":\"https:\/\/www.suno.com.br\/noticias\/parcelamento-divida-pix-hadda-campos-neto\/\"},\"author\":{\"name\":\"Eduardo Vargas\",\"@id\":\"https:\/\/www.suno.com.br\/noticias\/#\/schema\/person\/7f4d362bf3518e76090143ae77bb49a5\"},\"headline\":\"Parcelar d\u00edvida no Pix: Haddad discute possibilidade com Campos Neto\",\"datePublished\":\"2023-04-05T11:14:06+00:00\",\"dateModified\":\"2023-04-05T11:14:12+00:00\",\"mainEntityOfPage\":{\"@id\":\"https:\/\/www.suno.com.br\/noticias\/parcelamento-divida-pix-hadda-campos-neto\/\"},\"wordCount\":661,\"publisher\":{\"@id\":\"https:\/\/www.suno.com.br\/noticias\/#organization\"},\"image\":{\"@id\":\"https:\/\/www.suno.com.br\/noticias\/parcelamento-divida-pix-hadda-campos-neto\/#primaryimage\"},\"thumbnailUrl\":\"https:\/\/files.sunoresearch.com.br\/n\/uploads\/2022\/03\/RCN-scaled.jpg\",\"keywords\":[\"Ag\u00eancias\",\"endividamento\",\"PIX\"],\"articleSection\":[\"Economia\"],\"inLanguage\":\"pt-BR\"},{\"@type\":\"WebPage\",\"@id\":\"https:\/\/www.suno.com.br\/noticias\/parcelamento-divida-pix-hadda-campos-neto\/\",\"url\":\"https:\/\/www.suno.com.br\/noticias\/parcelamento-divida-pix-hadda-campos-neto\/\",\"name\":\"Parcelar d\u00edvida no Pix: Haddad discute possibilidade com Campos Neto\",\"isPartOf\":{\"@id\":\"https:\/\/www.suno.com.br\/noticias\/#website\"},\"primaryImageOfPage\":{\"@id\":\"https:\/\/www.suno.com.br\/noticias\/parcelamento-divida-pix-hadda-campos-neto\/#primaryimage\"},\"image\":{\"@id\":\"https:\/\/www.suno.com.br\/noticias\/parcelamento-divida-pix-hadda-campos-neto\/#primaryimage\"},\"thumbnailUrl\":\"https:\/\/files.sunoresearch.com.br\/n\/uploads\/2022\/03\/RCN-scaled.jpg\",\"datePublished\":\"2023-04-05T11:14:06+00:00\",\"dateModified\":\"2023-04-05T11:14:12+00:00\",\"description\":\"Segundo o ministro, a ferramenta de parcelar d\u00edvida no Pix ajudaria a baratear o cr\u00e9dito no pa\u00eds. Clique aqui e saiba mais!\",\"breadcrumb\":{\"@id\":\"https:\/\/www.suno.com.br\/noticias\/parcelamento-divida-pix-hadda-campos-neto\/#breadcrumb\"},\"inLanguage\":\"pt-BR\",\"potentialAction\":[{\"@type\":\"ReadAction\",\"target\":[\"https:\/\/www.suno.com.br\/noticias\/parcelamento-divida-pix-hadda-campos-neto\/\"]}]},{\"@type\":\"ImageObject\",\"inLanguage\":\"pt-BR\",\"@id\":\"https:\/\/www.suno.com.br\/noticias\/parcelamento-divida-pix-hadda-campos-neto\/#primaryimage\",\"url\":\"https:\/\/files.sunoresearch.com.br\/n\/uploads\/2022\/03\/RCN-scaled.jpg\",\"contentUrl\":\"https:\/\/files.sunoresearch.com.br\/n\/uploads\/2022\/03\/RCN-scaled.jpg\",\"width\":2560,\"height\":1707,\"caption\":\"Presidente do BC Campos Neto Foto: Marcelo Camargo\/Ag\u00eancia Brasil\"},{\"@type\":\"BreadcrumbList\",\"@id\":\"https:\/\/www.suno.com.br\/noticias\/parcelamento-divida-pix-hadda-campos-neto\/#breadcrumb\",\"itemListElement\":[{\"@type\":\"ListItem\",\"position\":1,\"name\":\"Not\u00edcias\",\"item\":\"https:\/\/www.suno.com.br\/noticias\/\"},{\"@type\":\"ListItem\",\"position\":2,\"name\":\"Economia\",\"item\":\"https:\/\/www.suno.com.br\/noticias\/economia\/\"},{\"@type\":\"ListItem\",\"position\":3,\"name\":\"Parcelar d\u00edvida no Pix: Haddad discute possibilidade com Campos Neto\"}]},{\"@type\":\"WebSite\",\"@id\":\"https:\/\/www.suno.com.br\/noticias\/#website\",\"url\":\"https:\/\/www.suno.com.br\/noticias\/\",\"name\":\"Suno Not\u00edcias\",\"description\":\"Seu portal de informa\u00e7\u00e3o sobre o mundo dos investimentos\",\"publisher\":{\"@id\":\"https:\/\/www.suno.com.br\/noticias\/#organization\"},\"potentialAction\":[{\"@type\":\"SearchAction\",\"target\":{\"@type\":\"EntryPoint\",\"urlTemplate\":\"https:\/\/www.suno.com.br\/noticias\/?s={search_term_string}\"},\"query-input\":{\"@type\":\"PropertyValueSpecification\",\"valueRequired\":true,\"valueName\":\"search_term_string\"}}],\"inLanguage\":\"pt-BR\"},{\"@type\":\"Organization\",\"@id\":\"https:\/\/www.suno.com.br\/noticias\/#organization\",\"name\":\"Suno Not\u00edcias\",\"url\":\"https:\/\/www.suno.com.br\/noticias\/\",\"logo\":{\"@type\":\"ImageObject\",\"inLanguage\":\"pt-BR\",\"@id\":\"https:\/\/www.suno.com.br\/noticias\/#\/schema\/logo\/image\/\",\"url\":\"https:\/\/files.sunoresearch.com.br\/n\/uploads\/2021\/09\/suno-logo.png\",\"contentUrl\":\"https:\/\/files.sunoresearch.com.br\/n\/uploads\/2021\/09\/suno-logo.png\",\"width\":180,\"height\":180,\"caption\":\"Suno Not\u00edcias\"},\"image\":{\"@id\":\"https:\/\/www.suno.com.br\/noticias\/#\/schema\/logo\/image\/\"},\"sameAs\":[\"https:\/\/facebook.com\/sunoresearch\",\"https:\/\/x.com\/sunoresearch\",\"https:\/\/www.instagram.com\/suno\",\"https:\/\/www.linkedin.com\/company\/suno-research\/\",\"https:\/\/www.youtube.com\/c\/sunoresearch\"]},{\"@type\":\"Person\",\"@id\":\"https:\/\/www.suno.com.br\/noticias\/#\/schema\/person\/7f4d362bf3518e76090143ae77bb49a5\",\"name\":\"Eduardo Vargas\",\"image\":{\"@type\":\"ImageObject\",\"inLanguage\":\"pt-BR\",\"@id\":\"https:\/\/www.suno.com.br\/noticias\/#\/schema\/person\/image\/\",\"url\":\"https:\/\/secure.gravatar.com\/avatar\/dac340933427a22924c9f99d1eb2e3f2?s=96&r=g\",\"contentUrl\":\"https:\/\/secure.gravatar.com\/avatar\/dac340933427a22924c9f99d1eb2e3f2?s=96&r=g\",\"caption\":\"Eduardo Vargas\"},\"description\":\"Jornalista formado pela UFSC, cobre macroeconomia, neg\u00f3cios e startups para o Suno Not\u00edcias, escrevendo principalmente not\u00edcias sobre o mercado financeiro e a bolsa de valores. No YouTube e no Instagram, \u00e9 respons\u00e1vel pela produ\u00e7\u00e3o de Reels e Shorts do Suno Not\u00edcias. Anteriormente, trabalhou cobrindo economia e cotidiano no ND+ e para o ND, maior jornal impresso de Santa Catarina. Cursou um semestre letivo de Estudos de M\u00eddia na Universidad de Buenos Aires.\",\"url\":\"https:\/\/www.suno.com.br\/noticias\/author\/eduardo-vargas\/\"}]}<\/script>\n<!-- \/ Yoast SEO plugin. -->","yoast_head_json":{"title":"Parcelar d\u00edvida no Pix: Haddad discute possibilidade com Campos Neto","description":"Segundo o ministro, a ferramenta de parcelar d\u00edvida no Pix ajudaria a baratear o cr\u00e9dito no pa\u00eds. Clique aqui e saiba mais!","robots":{"index":"index","follow":"follow","max-snippet":"max-snippet:-1","max-image-preview":"max-image-preview:large","max-video-preview":"max-video-preview:-1"},"canonical":"https:\/\/www.suno.com.br\/noticias\/parcelamento-divida-pix-hadda-campos-neto\/","og_locale":"pt_BR","og_type":"article","og_title":"Parcelar d\u00edvida no Pix: Haddad discute possibilidade com Campos Neto","og_description":"Segundo o ministro, a ferramenta de parcelar d\u00edvida no Pix ajudaria a baratear o cr\u00e9dito no pa\u00eds. Clique aqui e saiba mais!","og_url":"https:\/\/www.suno.com.br\/noticias\/parcelamento-divida-pix-hadda-campos-neto\/","og_site_name":"Suno Not\u00edcias","article_publisher":"https:\/\/facebook.com\/sunoresearch","og_image":[{"width":2560,"height":1707,"url":"https:\/\/files.sunoresearch.com.br\/n\/uploads\/2022\/03\/RCN-scaled.jpg","type":"image\/jpeg"}],"author":"Eduardo Vargas","twitter_card":"summary_large_image","twitter_creator":"@sunoresearch","twitter_site":"@sunoresearch","twitter_misc":{"Escrito por":"Eduardo Vargas","Est. tempo de leitura":"4 minutos"},"schema":{"@context":"https:\/\/schema.org","@graph":[{"@type":"NewsArticle","@id":"https:\/\/www.suno.com.br\/noticias\/parcelamento-divida-pix-hadda-campos-neto\/#article","isPartOf":{"@id":"https:\/\/www.suno.com.br\/noticias\/parcelamento-divida-pix-hadda-campos-neto\/"},"author":{"name":"Eduardo Vargas","@id":"https:\/\/www.suno.com.br\/noticias\/#\/schema\/person\/7f4d362bf3518e76090143ae77bb49a5"},"headline":"Parcelar d\u00edvida no Pix: Haddad discute possibilidade com Campos Neto","datePublished":"2023-04-05T11:14:06+00:00","dateModified":"2023-04-05T11:14:12+00:00","mainEntityOfPage":{"@id":"https:\/\/www.suno.com.br\/noticias\/parcelamento-divida-pix-hadda-campos-neto\/"},"wordCount":661,"publisher":{"@id":"https:\/\/www.suno.com.br\/noticias\/#organization"},"image":{"@id":"https:\/\/www.suno.com.br\/noticias\/parcelamento-divida-pix-hadda-campos-neto\/#primaryimage"},"thumbnailUrl":"https:\/\/files.sunoresearch.com.br\/n\/uploads\/2022\/03\/RCN-scaled.jpg","keywords":["Ag\u00eancias","endividamento","PIX"],"articleSection":["Economia"],"inLanguage":"pt-BR"},{"@type":"WebPage","@id":"https:\/\/www.suno.com.br\/noticias\/parcelamento-divida-pix-hadda-campos-neto\/","url":"https:\/\/www.suno.com.br\/noticias\/parcelamento-divida-pix-hadda-campos-neto\/","name":"Parcelar d\u00edvida no Pix: Haddad discute possibilidade com Campos Neto","isPartOf":{"@id":"https:\/\/www.suno.com.br\/noticias\/#website"},"primaryImageOfPage":{"@id":"https:\/\/www.suno.com.br\/noticias\/parcelamento-divida-pix-hadda-campos-neto\/#primaryimage"},"image":{"@id":"https:\/\/www.suno.com.br\/noticias\/parcelamento-divida-pix-hadda-campos-neto\/#primaryimage"},"thumbnailUrl":"https:\/\/files.sunoresearch.com.br\/n\/uploads\/2022\/03\/RCN-scaled.jpg","datePublished":"2023-04-05T11:14:06+00:00","dateModified":"2023-04-05T11:14:12+00:00","description":"Segundo o ministro, a ferramenta de parcelar d\u00edvida no Pix ajudaria a baratear o cr\u00e9dito no pa\u00eds. Clique aqui e saiba mais!","breadcrumb":{"@id":"https:\/\/www.suno.com.br\/noticias\/parcelamento-divida-pix-hadda-campos-neto\/#breadcrumb"},"inLanguage":"pt-BR","potentialAction":[{"@type":"ReadAction","target":["https:\/\/www.suno.com.br\/noticias\/parcelamento-divida-pix-hadda-campos-neto\/"]}]},{"@type":"ImageObject","inLanguage":"pt-BR","@id":"https:\/\/www.suno.com.br\/noticias\/parcelamento-divida-pix-hadda-campos-neto\/#primaryimage","url":"https:\/\/files.sunoresearch.com.br\/n\/uploads\/2022\/03\/RCN-scaled.jpg","contentUrl":"https:\/\/files.sunoresearch.com.br\/n\/uploads\/2022\/03\/RCN-scaled.jpg","width":2560,"height":1707,"caption":"Presidente do BC Campos Neto Foto: Marcelo Camargo\/Ag\u00eancia Brasil"},{"@type":"BreadcrumbList","@id":"https:\/\/www.suno.com.br\/noticias\/parcelamento-divida-pix-hadda-campos-neto\/#breadcrumb","itemListElement":[{"@type":"ListItem","position":1,"name":"Not\u00edcias","item":"https:\/\/www.suno.com.br\/noticias\/"},{"@type":"ListItem","position":2,"name":"Economia","item":"https:\/\/www.suno.com.br\/noticias\/economia\/"},{"@type":"ListItem","position":3,"name":"Parcelar d\u00edvida no Pix: Haddad discute possibilidade com Campos Neto"}]},{"@type":"WebSite","@id":"https:\/\/www.suno.com.br\/noticias\/#website","url":"https:\/\/www.suno.com.br\/noticias\/","name":"Suno Not\u00edcias","description":"Seu portal de informa\u00e7\u00e3o sobre o mundo dos investimentos","publisher":{"@id":"https:\/\/www.suno.com.br\/noticias\/#organization"},"potentialAction":[{"@type":"SearchAction","target":{"@type":"EntryPoint","urlTemplate":"https:\/\/www.suno.com.br\/noticias\/?s={search_term_string}"},"query-input":{"@type":"PropertyValueSpecification","valueRequired":true,"valueName":"search_term_string"}}],"inLanguage":"pt-BR"},{"@type":"Organization","@id":"https:\/\/www.suno.com.br\/noticias\/#organization","name":"Suno Not\u00edcias","url":"https:\/\/www.suno.com.br\/noticias\/","logo":{"@type":"ImageObject","inLanguage":"pt-BR","@id":"https:\/\/www.suno.com.br\/noticias\/#\/schema\/logo\/image\/","url":"https:\/\/files.sunoresearch.com.br\/n\/uploads\/2021\/09\/suno-logo.png","contentUrl":"https:\/\/files.sunoresearch.com.br\/n\/uploads\/2021\/09\/suno-logo.png","width":180,"height":180,"caption":"Suno Not\u00edcias"},"image":{"@id":"https:\/\/www.suno.com.br\/noticias\/#\/schema\/logo\/image\/"},"sameAs":["https:\/\/facebook.com\/sunoresearch","https:\/\/x.com\/sunoresearch","https:\/\/www.instagram.com\/suno","https:\/\/www.linkedin.com\/company\/suno-research\/","https:\/\/www.youtube.com\/c\/sunoresearch"]},{"@type":"Person","@id":"https:\/\/www.suno.com.br\/noticias\/#\/schema\/person\/7f4d362bf3518e76090143ae77bb49a5","name":"Eduardo Vargas","image":{"@type":"ImageObject","inLanguage":"pt-BR","@id":"https:\/\/www.suno.com.br\/noticias\/#\/schema\/person\/image\/","url":"https:\/\/secure.gravatar.com\/avatar\/dac340933427a22924c9f99d1eb2e3f2?s=96&r=g","contentUrl":"https:\/\/secure.gravatar.com\/avatar\/dac340933427a22924c9f99d1eb2e3f2?s=96&r=g","caption":"Eduardo Vargas"},"description":"Jornalista formado pela UFSC, cobre macroeconomia, neg\u00f3cios e startups para o Suno Not\u00edcias, escrevendo principalmente not\u00edcias sobre o mercado financeiro e a bolsa de valores. No YouTube e no Instagram, \u00e9 respons\u00e1vel pela produ\u00e7\u00e3o de Reels e Shorts do Suno Not\u00edcias. Anteriormente, trabalhou cobrindo economia e cotidiano no ND+ e para o ND, maior jornal impresso de Santa Catarina. Cursou um semestre letivo de Estudos de M\u00eddia na Universidad de Buenos Aires.","url":"https:\/\/www.suno.com.br\/noticias\/author\/eduardo-vargas\/"}]}},"default_loop_html":"<div class=\"cardsPage__listCard__boxs\"><div class=\"cardsPage__listCard__boxs__img\"><a href=\"https:\/\/www.suno.com.br\/noticias\/parcelamento-divida-pix-hadda-campos-neto\/\"><img class=\"mask\" src=\"https:\/\/www.suno.com.br\/noticias\/wp-content\/themes\/suno\/resources\/images\/spotlight\/spotlight1img\/bg-mask.png\" alt=\"Image Mask\"\/><img src=\"https:\/\/files.sunoresearch.com.br\/n\/uploads\/2022\/03\/RCN-400x200.jpg\" alt=\"Parcelar d\u00edvida no Pix: Haddad discute possibilidade com Campos Neto\"\/><\/a><span class=\"spotlightCategory\"><a href=\"https:\/\/www.suno.com.br\/noticias\/economia\/\">Economia<\/a><\/span><\/div><div class=\"cardsPage__listCard__boxs__content\"><a href=\"https:\/\/www.suno.com.br\/noticias\/parcelamento-divida-pix-hadda-campos-neto\/\"><h2 class=\"content__title\">Parcelar d\u00edvida no Pix: Haddad discute possibilidade com Campos Neto<\/h2><\/a><div class=\"newsContent__article__meta\"><div class=\"newsContent__article__meta__authorBox\"><a href=\"https:\/\/www.suno.com.br\/noticias\/author\/eduardo-vargas\/\" class=\"authorBox__avatar noMobi\"><img src=\"https:\/\/secure.gravatar.com\/avatar\/dac340933427a22924c9f99d1eb2e3f2?s=96&#038;r=g\" alt=\"Eduardo Vargas\"><\/a><div class=\"authorBox__name\"><span>por\n\t\t\t<a href=\"https:\/\/www.suno.com.br\/noticias\/author\/eduardo-vargas\/\"><span itemprop=\"author\">Eduardo Vargas<\/span><\/a><\/span><time datetime=\"2023-04-05T08:14:06-03:00\" itemprop=\"datePublished\">05\/04\/2023 08:14<\/time><\/div><\/div><\/div><\/div><\/div>","single_layout":"posts","amp_enabled":true,"_links":{"self":[{"href":"https:\/\/www.suno.com.br\/noticias\/wp-json\/wp\/v2\/posts\/385655"}],"collection":[{"href":"https:\/\/www.suno.com.br\/noticias\/wp-json\/wp\/v2\/posts"}],"about":[{"href":"https:\/\/www.suno.com.br\/noticias\/wp-json\/wp\/v2\/types\/post"}],"author":[{"embeddable":true,"href":"https:\/\/www.suno.com.br\/noticias\/wp-json\/wp\/v2\/users\/73"}],"replies":[{"embeddable":true,"href":"https:\/\/www.suno.com.br\/noticias\/wp-json\/wp\/v2\/comments?post=385655"}],"version-history":[{"count":3,"href":"https:\/\/www.suno.com.br\/noticias\/wp-json\/wp\/v2\/posts\/385655\/revisions"}],"predecessor-version":[{"id":385665,"href":"https:\/\/www.suno.com.br\/noticias\/wp-json\/wp\/v2\/posts\/385655\/revisions\/385665"}],"wp:featuredmedia":[{"embeddable":true,"href":"https:\/\/www.suno.com.br\/noticias\/wp-json\/wp\/v2\/media\/242599"}],"wp:attachment":[{"href":"https:\/\/www.suno.com.br\/noticias\/wp-json\/wp\/v2\/media?parent=385655"}],"wp:term":[{"taxonomy":"category","embeddable":true,"href":"https:\/\/www.suno.com.br\/noticias\/wp-json\/wp\/v2\/categories?post=385655"},{"taxonomy":"post_tag","embeddable":true,"href":"https:\/\/www.suno.com.br\/noticias\/wp-json\/wp\/v2\/tags?post=385655"},{"taxonomy":"suno_strategy","embeddable":true,"href":"https:\/\/www.suno.com.br\/noticias\/wp-json\/wp\/v2\/suno_strategy?post=385655"}],"curies":[{"name":"wp","href":"https:\/\/api.w.org\/{rel}","templated":true}]}}