{"id":38557,"date":"2019-09-23T14:05:49","date_gmt":"2019-09-23T17:05:49","guid":{"rendered":"https:\/\/www.suno.com.br\/noticias\/?p=38557"},"modified":"2019-10-11T11:05:58","modified_gmt":"2019-10-11T14:05:58","slug":"investigacao-de-carlos-ghosn-na-nissan-pode-ter-conflitos-de-interesse","status":"publish","type":"post","link":"https:\/\/www.suno.com.br\/noticias\/investigacao-de-carlos-ghosn-na-nissan-pode-ter-conflitos-de-interesse\/","title":{"rendered":"Investiga\u00e7\u00e3o de Carlos Ghosn na Nissan pode ter conflitos de interesse, diz jornal"},"content":{"rendered":"<p>Advogados da Nissan Motor afirmaram que as investiga\u00e7\u00f5es sobre os ex-presidente do conselho da empresa multinacional japonesa, Carlos Ghosn, pode ter conflitos de interesses que est\u00e3o criando &#8220;um risco e uma exposi\u00e7\u00e3o desnecess\u00e1ria&#8221; para a companhia.<\/p>\t<div class=\"wrapper-featured-image\">\n\t\t<figure class=\"spotlightImg\">\n\n\t\t\t<picture>\n\t\t\t\t<source media=\"(max-width: 768px)\" srcset=\"https:\/\/files.sunoresearch.com.br\/n\/uploads\/2019\/09\/a38e80d6-ghosn-400x200.webp\">\n\t\t\t\t<img loading=\"lazy\" decoding=\"async\" class=\"newsContent__article__imgCapa lazyloadDisabled newsContent__article__imgCapa--noCaption\" src=\"https:\/\/files.sunoresearch.com.br\/n\/uploads\/2019\/09\/a38e80d6-ghosn-jpg.webp\" width=\"800\" height=\"450\" alt=\"Investiga\u00e7\u00e3o de Carlos Ghosn na Nissan pode ter conflitos de interesse, diz jornal\" fetchpriority=high \/>\n\t\t\t<\/picture>\n\n\t\t\t<figcaption class=\"wp-caption-text wp-caption-text--hide\">Carlos Ghosn (divulga\u00e7\u00e3o)<\/figcaption>\n\t\t<\/figure>\n\t<\/div>\n\n\n\n<p>De acordo com informa\u00e7\u00f5es do &#8220;The Wall Street Journal&#8221;, os conflitos de interesses seriam entre advogados externos da empresa Latham &amp; Watkins LLP e um executivo da <strong>Nissan<\/strong>.<\/p>\n<p>A <strong>Latham &amp; Watkins<\/strong> \u00e9 o escrit\u00f3rio de advocacia respons\u00e1vel pela investiga\u00e7\u00e3o interna da <strong>Nissan<\/strong> sobre as supostas irregularidades de Ghosn e outros membro da empresa.<\/p>\n<p>&#8220;Acredito que essas quest\u00f5es criem preocupa\u00e7\u00f5es substantivas e que vir\u00e3o \u00e0 tona no devido tempo e criar\u00e3o exposi\u00e7\u00e3o e risco para a empresa&#8221;, disse o conselheiro geral da Nissan, <strong>Ravinder<\/strong> <strong>Passi<\/strong>.<\/p>\n<p>A <a href=\"https:\/\/www.suno.com.br\/artigos\/sec\/\">Securities and Exchange Comission (SEC)<\/a> anunciou nesta segunda-feira (23) que a Nissan e o ex-executivo da empresa dever\u00e3o pagar US$ 16 milh\u00f5es para reverter a situa\u00e7\u00e3o. As acusa\u00e7\u00f5es s\u00e3o sobre relat\u00f3rios financeiros falsificados. <strong>Ghosn<\/strong> teria se envolvido em um esquema para ocultar valores e utilizar fundos da empresa para aumentar seu subs\u00eddio de aposentadoria em mais de US$ 50 milh\u00f5es, segundo informa\u00e7\u00f5es da Forbes.<\/p>\n<p><a href=\"https:\/\/www.suno.com.br\/noticias\/wework-softbank-ceo-neumann\/\">Veja tamb\u00e9m: Ap\u00f3s adiamento do IPO, SoftBank deseja substituir o presidente da WeWork<\/a><\/p>\n<p>A SEC alega que a Nissan, Carlos Ghosn e Greg Kelly (executivo da Nissan) n\u00e3o divulgaram publicamente US$ 140 milh\u00f5es em compensa\u00e7\u00e3o de aposentadoria. Entretanto, Ghosn ter\u00e1 que pagar apenas US$ 1 milh\u00e3o.<\/p>\n<p><strong>Carlos Ghosn<\/strong> tamb\u00e9m \u00e9 acusado, no Jap\u00e3o, por abuso de poder corporativo, por n\u00e3o ter declarado US$ 80 milh\u00f5es em <a href=\"https:\/\/www.youtube.com\/watch?v=Q7guEK_o3o0\">receita<\/a> e ter feito a <strong>Nissan<\/strong> assumir uma de suas d\u00edvidas pessoais.\u00a0 Sobre o assunto, a equipe de defesa de <strong>Ghosn<\/strong> afirma que seu cliente permanecer\u00e1 &#8220;negando e contestando&#8221; as acusa\u00e7\u00f5es contra ele.<\/p>\n\t<p>\n\t\t<a href=\"https:\/\/lp2.suno.com.br\/pv\/curso-zero-ao-primeiro-rendimento\/?utm_source=suno-noticias&#038;utm_medium=banner&#038;utm_campaign=_SNC4CCF8112_\" target=\"_blank\" data-element=\"shortcode-suno-banner\" title=\"Banner SUNO, clique e saiba mais\">\n\t\t\t<picture>\n\t\t\t\t<source media=\"(max-width: 500px)\" srcset=\"https:\/\/files.sunoresearch.com.br\/n\/uploads\/2025\/12\/Artigos-e-Noticias-Banner-Materias-02-Mobile_-400x300-1-png.webp\">\n\t\t\t\t<img class=\"newsContent__article__imgCapa newsContent__article__imgCapa--banner\"\n\t\t\t\t\tsrc=\"https:\/\/files.sunoresearch.com.br\/n\/uploads\/2025\/12\/Artigos-e-Noticias-Banner-Materias-01-Desktop_-1420x240-1-png.webp\"\n\t\t\t\t\tdata-promo-id=\"635313\"\t\t\t\t\t\t\t\t\t\twidth='1420' height='240'\t\t\t\t\talt=\"https:\/\/files.sunoresearch.com.br\/n\/uploads\/2025\/12\/Artigos-e-Noticias-Banner-Materias-01-Desktop_-1420x240-1-png.webp\"\n\t\t\t\t>\n\t\t\t<\/picture>\n\t\t<\/a>\n\t<\/p>\n\n\n<p>A Nissan, em contrapartida, luta para recuperar as consequ\u00eancias sofridas por um per\u00edodo de m\u00e1 governan\u00e7a, com destaque para <strong>Carlos<\/strong> <strong>Ghosn<\/strong>. Os lucros da empresa ca\u00edram significativamente. Dessa forma, a empresa japonesa anunciou em julho que iria cortar mais de 12 mil vagas de empregos.<\/p>\n","protected":false},"excerpt":{"rendered":"<p>Advogados da Nissan Motor afirmaram que as investiga\u00e7\u00f5es sobre os ex-presidente do conselho da empresa multinacional japonesa, Carlos Ghosn, pode ter conflitos de interesses que est\u00e3o criando &#8220;um risco e uma exposi\u00e7\u00e3o desnecess\u00e1ria&#8221; para a companhia. Carlos Ghosn (divulga\u00e7\u00e3o) De acordo com informa\u00e7\u00f5es do &#8220;The Wall Street Journal&#8221;, os conflitos de interesses seriam entre advogados [&hellip;]<\/p>\n","protected":false},"author":19,"featured_media":38558,"comment_status":"closed","ping_status":"closed","sticky":false,"template":"","format":"standard","meta":[],"categories":[64],"tags":[877],"suno_strategy":[],"class_list":["post-38557","post","type-post","status-publish","format-standard","has-post-thumbnail","hentry","category-negocios","tag-nissan"],"yoast_head":"<!-- This site is optimized with the Yoast SEO plugin v24.4 - https:\/\/yoast.com\/wordpress\/plugins\/seo\/ -->\n<title>Investiga\u00e7\u00e3o de Carlos Ghosn na Nissan pode ter conflitos de interesse<\/title>\n<meta name=\"description\" content=\"Advogados da Nissam afirmaram que as investiga\u00e7\u00f5es sobre os ex-CEO da empresa, Carlos Ghosn, pode ter conflitos de interesse. Saiba mais.\" \/>\n<meta name=\"robots\" content=\"index, follow, max-snippet:-1, max-image-preview:large, max-video-preview:-1\" \/>\n<link rel=\"canonical\" href=\"https:\/\/www.suno.com.br\/noticias\/investigacao-de-carlos-ghosn-na-nissan-pode-ter-conflitos-de-interesse\/\" \/>\n<meta property=\"og:locale\" content=\"pt_BR\" \/>\n<meta property=\"og:type\" content=\"article\" \/>\n<meta property=\"og:title\" content=\"Investiga\u00e7\u00e3o de Carlos Ghosn na Nissan pode ter conflitos de interesse\" \/>\n<meta property=\"og:description\" content=\"Advogados da Nissam afirmaram que as investiga\u00e7\u00f5es sobre os ex-CEO da empresa, Carlos Ghosn, pode ter conflitos de interesse. Saiba mais.\" \/>\n<meta property=\"og:url\" content=\"https:\/\/www.suno.com.br\/noticias\/investigacao-de-carlos-ghosn-na-nissan-pode-ter-conflitos-de-interesse\/\" \/>\n<meta property=\"og:site_name\" content=\"Suno Not\u00edcias\" \/>\n<meta property=\"article:publisher\" content=\"https:\/\/facebook.com\/sunoresearch\" \/>\n<meta property=\"og:image\" content=\"https:\/\/files.sunoresearch.com.br\/n\/uploads\/2019\/09\/a38e80d6-ghosn.jpg\" \/>\n\t<meta property=\"og:image:width\" content=\"620\" \/>\n\t<meta property=\"og:image:height\" content=\"350\" \/>\n\t<meta property=\"og:image:type\" content=\"image\/jpeg\" \/>\n<meta name=\"author\" content=\"Juliano Passaro\" \/>\n<meta name=\"twitter:card\" content=\"summary_large_image\" \/>\n<meta name=\"twitter:creator\" content=\"@sunoresearch\" \/>\n<meta name=\"twitter:site\" content=\"@sunoresearch\" \/>\n<meta name=\"twitter:label1\" content=\"Escrito por\" \/>\n\t<meta name=\"twitter:data1\" content=\"Juliano Passaro\" \/>\n\t<meta name=\"twitter:label2\" content=\"Est. tempo de leitura\" \/>\n\t<meta name=\"twitter:data2\" content=\"2 minutos\" \/>\n<script type=\"application\/ld+json\" class=\"yoast-schema-graph\">{\"@context\":\"https:\/\/schema.org\",\"@graph\":[{\"@type\":\"NewsArticle\",\"@id\":\"https:\/\/www.suno.com.br\/noticias\/investigacao-de-carlos-ghosn-na-nissan-pode-ter-conflitos-de-interesse\/#article\",\"isPartOf\":{\"@id\":\"https:\/\/www.suno.com.br\/noticias\/investigacao-de-carlos-ghosn-na-nissan-pode-ter-conflitos-de-interesse\/\"},\"author\":{\"name\":\"Juliano Passaro\",\"@id\":\"https:\/\/www.suno.com.br\/noticias\/#\/schema\/person\/1db762f78ffd8919a648a63e425953e3\"},\"headline\":\"Investiga\u00e7\u00e3o de Carlos Ghosn na Nissan pode ter conflitos de interesse, diz jornal\",\"datePublished\":\"2019-09-23T17:05:49+00:00\",\"dateModified\":\"2019-10-11T14:05:58+00:00\",\"mainEntityOfPage\":{\"@id\":\"https:\/\/www.suno.com.br\/noticias\/investigacao-de-carlos-ghosn-na-nissan-pode-ter-conflitos-de-interesse\/\"},\"wordCount\":377,\"publisher\":{\"@id\":\"https:\/\/www.suno.com.br\/noticias\/#organization\"},\"image\":{\"@id\":\"https:\/\/www.suno.com.br\/noticias\/investigacao-de-carlos-ghosn-na-nissan-pode-ter-conflitos-de-interesse\/#primaryimage\"},\"thumbnailUrl\":\"https:\/\/files.sunoresearch.com.br\/n\/uploads\/2019\/09\/a38e80d6-ghosn-jpg.webp\",\"keywords\":[\"Nissan\"],\"articleSection\":[\"Neg\u00f3cios\"],\"inLanguage\":\"pt-BR\"},{\"@type\":\"WebPage\",\"@id\":\"https:\/\/www.suno.com.br\/noticias\/investigacao-de-carlos-ghosn-na-nissan-pode-ter-conflitos-de-interesse\/\",\"url\":\"https:\/\/www.suno.com.br\/noticias\/investigacao-de-carlos-ghosn-na-nissan-pode-ter-conflitos-de-interesse\/\",\"name\":\"Investiga\u00e7\u00e3o de Carlos Ghosn na Nissan pode ter conflitos de interesse\",\"isPartOf\":{\"@id\":\"https:\/\/www.suno.com.br\/noticias\/#website\"},\"primaryImageOfPage\":{\"@id\":\"https:\/\/www.suno.com.br\/noticias\/investigacao-de-carlos-ghosn-na-nissan-pode-ter-conflitos-de-interesse\/#primaryimage\"},\"image\":{\"@id\":\"https:\/\/www.suno.com.br\/noticias\/investigacao-de-carlos-ghosn-na-nissan-pode-ter-conflitos-de-interesse\/#primaryimage\"},\"thumbnailUrl\":\"https:\/\/files.sunoresearch.com.br\/n\/uploads\/2019\/09\/a38e80d6-ghosn-jpg.webp\",\"datePublished\":\"2019-09-23T17:05:49+00:00\",\"dateModified\":\"2019-10-11T14:05:58+00:00\",\"description\":\"Advogados da Nissam afirmaram que as investiga\u00e7\u00f5es sobre os ex-CEO da empresa, Carlos Ghosn, pode ter conflitos de interesse. Saiba mais.\",\"breadcrumb\":{\"@id\":\"https:\/\/www.suno.com.br\/noticias\/investigacao-de-carlos-ghosn-na-nissan-pode-ter-conflitos-de-interesse\/#breadcrumb\"},\"inLanguage\":\"pt-BR\",\"potentialAction\":[{\"@type\":\"ReadAction\",\"target\":[\"https:\/\/www.suno.com.br\/noticias\/investigacao-de-carlos-ghosn-na-nissan-pode-ter-conflitos-de-interesse\/\"]}]},{\"@type\":\"ImageObject\",\"inLanguage\":\"pt-BR\",\"@id\":\"https:\/\/www.suno.com.br\/noticias\/investigacao-de-carlos-ghosn-na-nissan-pode-ter-conflitos-de-interesse\/#primaryimage\",\"url\":\"https:\/\/files.sunoresearch.com.br\/n\/uploads\/2019\/09\/a38e80d6-ghosn-jpg.webp\",\"contentUrl\":\"https:\/\/files.sunoresearch.com.br\/n\/uploads\/2019\/09\/a38e80d6-ghosn-jpg.webp\",\"width\":620,\"height\":350,\"caption\":\"Carlos Ghosn (divulga\u00e7\u00e3o)\"},{\"@type\":\"BreadcrumbList\",\"@id\":\"https:\/\/www.suno.com.br\/noticias\/investigacao-de-carlos-ghosn-na-nissan-pode-ter-conflitos-de-interesse\/#breadcrumb\",\"itemListElement\":[{\"@type\":\"ListItem\",\"position\":1,\"name\":\"Not\u00edcias\",\"item\":\"https:\/\/www.suno.com.br\/noticias\/\"},{\"@type\":\"ListItem\",\"position\":2,\"name\":\"Neg\u00f3cios\",\"item\":\"https:\/\/www.suno.com.br\/noticias\/negocios\/\"},{\"@type\":\"ListItem\",\"position\":3,\"name\":\"Investiga\u00e7\u00e3o de Carlos Ghosn na Nissan pode ter conflitos de interesse, diz jornal\"}]},{\"@type\":\"WebSite\",\"@id\":\"https:\/\/www.suno.com.br\/noticias\/#website\",\"url\":\"https:\/\/www.suno.com.br\/noticias\/\",\"name\":\"Suno Not\u00edcias\",\"description\":\"Seu portal de informa\u00e7\u00e3o sobre o mundo dos investimentos\",\"publisher\":{\"@id\":\"https:\/\/www.suno.com.br\/noticias\/#organization\"},\"potentialAction\":[{\"@type\":\"SearchAction\",\"target\":{\"@type\":\"EntryPoint\",\"urlTemplate\":\"https:\/\/www.suno.com.br\/noticias\/?s={search_term_string}\"},\"query-input\":{\"@type\":\"PropertyValueSpecification\",\"valueRequired\":true,\"valueName\":\"search_term_string\"}}],\"inLanguage\":\"pt-BR\"},{\"@type\":\"Organization\",\"@id\":\"https:\/\/www.suno.com.br\/noticias\/#organization\",\"name\":\"Suno Not\u00edcias\",\"url\":\"https:\/\/www.suno.com.br\/noticias\/\",\"logo\":{\"@type\":\"ImageObject\",\"inLanguage\":\"pt-BR\",\"@id\":\"https:\/\/www.suno.com.br\/noticias\/#\/schema\/logo\/image\/\",\"url\":\"https:\/\/files.sunoresearch.com.br\/n\/uploads\/2021\/09\/suno-logo.png\",\"contentUrl\":\"https:\/\/files.sunoresearch.com.br\/n\/uploads\/2021\/09\/suno-logo.png\",\"width\":180,\"height\":180,\"caption\":\"Suno Not\u00edcias\"},\"image\":{\"@id\":\"https:\/\/www.suno.com.br\/noticias\/#\/schema\/logo\/image\/\"},\"sameAs\":[\"https:\/\/facebook.com\/sunoresearch\",\"https:\/\/x.com\/sunoresearch\",\"https:\/\/www.instagram.com\/suno\",\"https:\/\/www.linkedin.com\/company\/suno-research\/\",\"https:\/\/www.youtube.com\/c\/sunoresearch\"]},{\"@type\":\"Person\",\"@id\":\"https:\/\/www.suno.com.br\/noticias\/#\/schema\/person\/1db762f78ffd8919a648a63e425953e3\",\"name\":\"Juliano Passaro\",\"image\":{\"@type\":\"ImageObject\",\"inLanguage\":\"pt-BR\",\"@id\":\"https:\/\/www.suno.com.br\/noticias\/#\/schema\/person\/image\/\",\"url\":\"https:\/\/secure.gravatar.com\/avatar\/743d4df28eebf6dcc46b4ad03c319e92?s=96&r=g\",\"contentUrl\":\"https:\/\/secure.gravatar.com\/avatar\/743d4df28eebf6dcc46b4ad03c319e92?s=96&r=g\",\"caption\":\"Juliano Passaro\"},\"description\":\"Juliano Passaro escreve sobre pol\u00edtica, economia e neg\u00f3cios para o portal da Suno Research. Antes da Suno, trabalhou no Portal da Band. \u00c9 formado em jornalismo pela Universidade Presbiteriana Mackenzie.\",\"url\":\"https:\/\/www.suno.com.br\/noticias\/author\/juliano\/\"}]}<\/script>\n<!-- \/ Yoast SEO plugin. -->","yoast_head_json":{"title":"Investiga\u00e7\u00e3o de Carlos Ghosn na Nissan pode ter conflitos de interesse","description":"Advogados da Nissam afirmaram que as investiga\u00e7\u00f5es sobre os ex-CEO da empresa, Carlos Ghosn, pode ter conflitos de interesse. Saiba mais.","robots":{"index":"index","follow":"follow","max-snippet":"max-snippet:-1","max-image-preview":"max-image-preview:large","max-video-preview":"max-video-preview:-1"},"canonical":"https:\/\/www.suno.com.br\/noticias\/investigacao-de-carlos-ghosn-na-nissan-pode-ter-conflitos-de-interesse\/","og_locale":"pt_BR","og_type":"article","og_title":"Investiga\u00e7\u00e3o de Carlos Ghosn na Nissan pode ter conflitos de interesse","og_description":"Advogados da Nissam afirmaram que as investiga\u00e7\u00f5es sobre os ex-CEO da empresa, Carlos Ghosn, pode ter conflitos de interesse. Saiba mais.","og_url":"https:\/\/www.suno.com.br\/noticias\/investigacao-de-carlos-ghosn-na-nissan-pode-ter-conflitos-de-interesse\/","og_site_name":"Suno Not\u00edcias","article_publisher":"https:\/\/facebook.com\/sunoresearch","og_image":[{"width":620,"height":350,"url":"https:\/\/files.sunoresearch.com.br\/n\/uploads\/2019\/09\/a38e80d6-ghosn.jpg","type":"image\/jpeg"}],"author":"Juliano Passaro","twitter_card":"summary_large_image","twitter_creator":"@sunoresearch","twitter_site":"@sunoresearch","twitter_misc":{"Escrito por":"Juliano Passaro","Est. tempo de leitura":"2 minutos"},"schema":{"@context":"https:\/\/schema.org","@graph":[{"@type":"NewsArticle","@id":"https:\/\/www.suno.com.br\/noticias\/investigacao-de-carlos-ghosn-na-nissan-pode-ter-conflitos-de-interesse\/#article","isPartOf":{"@id":"https:\/\/www.suno.com.br\/noticias\/investigacao-de-carlos-ghosn-na-nissan-pode-ter-conflitos-de-interesse\/"},"author":{"name":"Juliano Passaro","@id":"https:\/\/www.suno.com.br\/noticias\/#\/schema\/person\/1db762f78ffd8919a648a63e425953e3"},"headline":"Investiga\u00e7\u00e3o de Carlos Ghosn na Nissan pode ter conflitos de interesse, diz jornal","datePublished":"2019-09-23T17:05:49+00:00","dateModified":"2019-10-11T14:05:58+00:00","mainEntityOfPage":{"@id":"https:\/\/www.suno.com.br\/noticias\/investigacao-de-carlos-ghosn-na-nissan-pode-ter-conflitos-de-interesse\/"},"wordCount":377,"publisher":{"@id":"https:\/\/www.suno.com.br\/noticias\/#organization"},"image":{"@id":"https:\/\/www.suno.com.br\/noticias\/investigacao-de-carlos-ghosn-na-nissan-pode-ter-conflitos-de-interesse\/#primaryimage"},"thumbnailUrl":"https:\/\/files.sunoresearch.com.br\/n\/uploads\/2019\/09\/a38e80d6-ghosn-jpg.webp","keywords":["Nissan"],"articleSection":["Neg\u00f3cios"],"inLanguage":"pt-BR"},{"@type":"WebPage","@id":"https:\/\/www.suno.com.br\/noticias\/investigacao-de-carlos-ghosn-na-nissan-pode-ter-conflitos-de-interesse\/","url":"https:\/\/www.suno.com.br\/noticias\/investigacao-de-carlos-ghosn-na-nissan-pode-ter-conflitos-de-interesse\/","name":"Investiga\u00e7\u00e3o de Carlos Ghosn na Nissan pode ter conflitos de interesse","isPartOf":{"@id":"https:\/\/www.suno.com.br\/noticias\/#website"},"primaryImageOfPage":{"@id":"https:\/\/www.suno.com.br\/noticias\/investigacao-de-carlos-ghosn-na-nissan-pode-ter-conflitos-de-interesse\/#primaryimage"},"image":{"@id":"https:\/\/www.suno.com.br\/noticias\/investigacao-de-carlos-ghosn-na-nissan-pode-ter-conflitos-de-interesse\/#primaryimage"},"thumbnailUrl":"https:\/\/files.sunoresearch.com.br\/n\/uploads\/2019\/09\/a38e80d6-ghosn-jpg.webp","datePublished":"2019-09-23T17:05:49+00:00","dateModified":"2019-10-11T14:05:58+00:00","description":"Advogados da Nissam afirmaram que as investiga\u00e7\u00f5es sobre os ex-CEO da empresa, Carlos Ghosn, pode ter conflitos de interesse. Saiba mais.","breadcrumb":{"@id":"https:\/\/www.suno.com.br\/noticias\/investigacao-de-carlos-ghosn-na-nissan-pode-ter-conflitos-de-interesse\/#breadcrumb"},"inLanguage":"pt-BR","potentialAction":[{"@type":"ReadAction","target":["https:\/\/www.suno.com.br\/noticias\/investigacao-de-carlos-ghosn-na-nissan-pode-ter-conflitos-de-interesse\/"]}]},{"@type":"ImageObject","inLanguage":"pt-BR","@id":"https:\/\/www.suno.com.br\/noticias\/investigacao-de-carlos-ghosn-na-nissan-pode-ter-conflitos-de-interesse\/#primaryimage","url":"https:\/\/files.sunoresearch.com.br\/n\/uploads\/2019\/09\/a38e80d6-ghosn-jpg.webp","contentUrl":"https:\/\/files.sunoresearch.com.br\/n\/uploads\/2019\/09\/a38e80d6-ghosn-jpg.webp","width":620,"height":350,"caption":"Carlos Ghosn (divulga\u00e7\u00e3o)"},{"@type":"BreadcrumbList","@id":"https:\/\/www.suno.com.br\/noticias\/investigacao-de-carlos-ghosn-na-nissan-pode-ter-conflitos-de-interesse\/#breadcrumb","itemListElement":[{"@type":"ListItem","position":1,"name":"Not\u00edcias","item":"https:\/\/www.suno.com.br\/noticias\/"},{"@type":"ListItem","position":2,"name":"Neg\u00f3cios","item":"https:\/\/www.suno.com.br\/noticias\/negocios\/"},{"@type":"ListItem","position":3,"name":"Investiga\u00e7\u00e3o de Carlos Ghosn na Nissan pode ter conflitos de interesse, diz jornal"}]},{"@type":"WebSite","@id":"https:\/\/www.suno.com.br\/noticias\/#website","url":"https:\/\/www.suno.com.br\/noticias\/","name":"Suno Not\u00edcias","description":"Seu portal de informa\u00e7\u00e3o sobre o mundo dos investimentos","publisher":{"@id":"https:\/\/www.suno.com.br\/noticias\/#organization"},"potentialAction":[{"@type":"SearchAction","target":{"@type":"EntryPoint","urlTemplate":"https:\/\/www.suno.com.br\/noticias\/?s={search_term_string}"},"query-input":{"@type":"PropertyValueSpecification","valueRequired":true,"valueName":"search_term_string"}}],"inLanguage":"pt-BR"},{"@type":"Organization","@id":"https:\/\/www.suno.com.br\/noticias\/#organization","name":"Suno Not\u00edcias","url":"https:\/\/www.suno.com.br\/noticias\/","logo":{"@type":"ImageObject","inLanguage":"pt-BR","@id":"https:\/\/www.suno.com.br\/noticias\/#\/schema\/logo\/image\/","url":"https:\/\/files.sunoresearch.com.br\/n\/uploads\/2021\/09\/suno-logo.png","contentUrl":"https:\/\/files.sunoresearch.com.br\/n\/uploads\/2021\/09\/suno-logo.png","width":180,"height":180,"caption":"Suno Not\u00edcias"},"image":{"@id":"https:\/\/www.suno.com.br\/noticias\/#\/schema\/logo\/image\/"},"sameAs":["https:\/\/facebook.com\/sunoresearch","https:\/\/x.com\/sunoresearch","https:\/\/www.instagram.com\/suno","https:\/\/www.linkedin.com\/company\/suno-research\/","https:\/\/www.youtube.com\/c\/sunoresearch"]},{"@type":"Person","@id":"https:\/\/www.suno.com.br\/noticias\/#\/schema\/person\/1db762f78ffd8919a648a63e425953e3","name":"Juliano Passaro","image":{"@type":"ImageObject","inLanguage":"pt-BR","@id":"https:\/\/www.suno.com.br\/noticias\/#\/schema\/person\/image\/","url":"https:\/\/secure.gravatar.com\/avatar\/743d4df28eebf6dcc46b4ad03c319e92?s=96&r=g","contentUrl":"https:\/\/secure.gravatar.com\/avatar\/743d4df28eebf6dcc46b4ad03c319e92?s=96&r=g","caption":"Juliano Passaro"},"description":"Juliano Passaro escreve sobre pol\u00edtica, economia e neg\u00f3cios para o portal da Suno Research. Antes da Suno, trabalhou no Portal da Band. \u00c9 formado em jornalismo pela Universidade Presbiteriana Mackenzie.","url":"https:\/\/www.suno.com.br\/noticias\/author\/juliano\/"}]}},"default_loop_html":"<div class=\"cardsPage__listCard__boxs\"><div class=\"cardsPage__listCard__boxs__img\"><a href=\"https:\/\/www.suno.com.br\/noticias\/investigacao-de-carlos-ghosn-na-nissan-pode-ter-conflitos-de-interesse\/\"><img class=\"mask\" src=\"https:\/\/www.suno.com.br\/noticias\/wp-content\/themes\/suno\/resources\/images\/spotlight\/spotlight1img\/bg-mask.png\" alt=\"Image Mask\"\/><img src=\"https:\/\/files.sunoresearch.com.br\/n\/uploads\/2019\/09\/a38e80d6-ghosn-400x200.webp\" alt=\"Investiga\u00e7\u00e3o de Carlos Ghosn na Nissan pode ter conflitos de interesse, diz jornal\"\/><\/a><span class=\"spotlightCategory\"><a href=\"https:\/\/www.suno.com.br\/noticias\/negocios\/\">Neg\u00f3cios<\/a><\/span><\/div><div class=\"cardsPage__listCard__boxs__content\"><a href=\"https:\/\/www.suno.com.br\/noticias\/investigacao-de-carlos-ghosn-na-nissan-pode-ter-conflitos-de-interesse\/\"><h2 class=\"content__title\">Investiga\u00e7\u00e3o de Carlos Ghosn na Nissan pode ter conflitos de interesse, diz jornal<\/h2><\/a><div class=\"newsContent__article__meta\"><div class=\"newsContent__article__meta__authorBox\"><a href=\"https:\/\/www.suno.com.br\/noticias\/author\/juliano\/\" class=\"authorBox__avatar noMobi\"><img src=\"https:\/\/files.sunoresearch.com.br\/n\/uploads\/2019\/06\/7cc3efea-whatsapp-image-2019-07-18-at-21.59.33-e1563499821209-150x150.webp\" alt=\"Juliano Passaro\"><\/a><div class=\"authorBox__name\"><span>por\n\t\t\t<a href=\"https:\/\/www.suno.com.br\/noticias\/author\/juliano\/\"><span itemprop=\"author\">Juliano Passaro<\/span><\/a><\/span><time datetime=\"2019-09-23T14:05:49-03:00\" itemprop=\"datePublished\">23\/09\/2019 14:05<\/time><\/div><\/div><\/div><\/div><\/div>","single_layout":"posts","amp_enabled":true,"_links":{"self":[{"href":"https:\/\/www.suno.com.br\/noticias\/wp-json\/wp\/v2\/posts\/38557"}],"collection":[{"href":"https:\/\/www.suno.com.br\/noticias\/wp-json\/wp\/v2\/posts"}],"about":[{"href":"https:\/\/www.suno.com.br\/noticias\/wp-json\/wp\/v2\/types\/post"}],"author":[{"embeddable":true,"href":"https:\/\/www.suno.com.br\/noticias\/wp-json\/wp\/v2\/users\/19"}],"replies":[{"embeddable":true,"href":"https:\/\/www.suno.com.br\/noticias\/wp-json\/wp\/v2\/comments?post=38557"}],"version-history":[{"count":0,"href":"https:\/\/www.suno.com.br\/noticias\/wp-json\/wp\/v2\/posts\/38557\/revisions"}],"wp:featuredmedia":[{"embeddable":true,"href":"https:\/\/www.suno.com.br\/noticias\/wp-json\/wp\/v2\/media\/38558"}],"wp:attachment":[{"href":"https:\/\/www.suno.com.br\/noticias\/wp-json\/wp\/v2\/media?parent=38557"}],"wp:term":[{"taxonomy":"category","embeddable":true,"href":"https:\/\/www.suno.com.br\/noticias\/wp-json\/wp\/v2\/categories?post=38557"},{"taxonomy":"post_tag","embeddable":true,"href":"https:\/\/www.suno.com.br\/noticias\/wp-json\/wp\/v2\/tags?post=38557"},{"taxonomy":"suno_strategy","embeddable":true,"href":"https:\/\/www.suno.com.br\/noticias\/wp-json\/wp\/v2\/suno_strategy?post=38557"}],"curies":[{"name":"wp","href":"https:\/\/api.w.org\/{rel}","templated":true}]}}