{"id":385392,"date":"2023-04-04T17:14:00","date_gmt":"2023-04-04T20:14:00","guid":{"rendered":"https:\/\/www.suno.com.br\/noticias\/?p=385392"},"modified":"2023-04-27T14:41:23","modified_gmt":"2023-04-27T17:41:23","slug":"americanas-amer3-reducao-salario-filho-lemann","status":"publish","type":"post","link":"https:\/\/www.suno.com.br\/noticias\/americanas-amer3-reducao-salario-filho-lemann\/","title":{"rendered":"Americanas (AMER3) aperta os cintos, muda plano e tenta reduzir sal\u00e1rio de filho de Lemann"},"content":{"rendered":"<p>Ap\u00f3s sugerir aumentar o sal\u00e1rio do filho de <a class=\"suno-keyword\" data-force=\"no\" data-priority=\"2\" href=\"https:\/\/www.suno.com.br\/tudo-sobre\/jorge-paulo-lemann\/\" target=\"_blank\" rel=\"noopener\">Jorge Paulo Lemann<\/a> mesmo enfrentando uma crise sem precedentes, a <strong>Americanas<\/strong> (<a href=\"https:\/\/suno.com.br\/acoes\/amer3\/\" target=\"_blank\" rel=\"noreferrer noopener\">AMER3<\/a>) mudou sua proposta. <\/p>\t<div class=\"wrapper-featured-image\">\n\t\t<figure class=\"spotlightImg\">\n\n\t\t\t<picture>\n\t\t\t\t<source media=\"(max-width: 768px)\" srcset=\"https:\/\/files.sunoresearch.com.br\/n\/uploads\/2023\/01\/jorge-paulo-lemann-americanas-amer3-crise-foto-youtube-400x200.jpg\">\n\t\t\t\t<img loading=\"lazy\" decoding=\"async\" class=\"newsContent__article__imgCapa lazyloadDisabled \" src=\"https:\/\/files.sunoresearch.com.br\/n\/uploads\/2023\/01\/jorge-paulo-lemann-americanas-amer3-crise-foto-youtube-800x450.jpg\" width=\"800\" height=\"450\" alt=\"Americanas (AMER3) aperta os cintos, muda plano e tenta reduzir sal\u00e1rio de filho de Lemann\" fetchpriority=high \/>\n\t\t\t<\/picture>\n\n\t\t\t<figcaption class=\"wp-caption-text wp-caption-text--show\">Jorge Paulo Lemann. Foto: YouTube<\/figcaption>\n\t\t<\/figure>\n\t<\/div>\n\n\n\n\n\n\n<p>De acordo com informa\u00e7\u00f5es divulgadas nesta ter\u00e7a (4), agora a ideia \u00e9 reduzir o sal\u00e1rio do executivo e dos demais administradores da companhia.<\/p>\n\n\n\t<p>\n\t\t<a href=\"https:\/\/lp.suno.com.br\/planilha-da-vida-financeira\/\" target=\"_blank\" data-element=\"shortcode-suno-banner\" title=\"Banner SUNO, clique e saiba mais\">\n\t\t\t<picture>\n\t\t\t\t<source media=\"(max-width: 500px)\" srcset=\"https:\/\/files.sunoresearch.com.br\/n\/uploads\/2023\/04\/400x300-Planilha-vida-financeira-true.png\">\n\t\t\t\t<img class=\"newsContent__article__imgCapa newsContent__article__imgCapa--banner\"\n\t\t\t\t\tsrc=\"https:\/\/files.sunoresearch.com.br\/n\/uploads\/2023\/04\/1420x240-Planilha-vida-financeira-true.png\"\n\t\t\t\t\tdata-promo-id=\"106682\"\t\t\t\t\t\t\t\t\t\twidth='1420' height='240'\t\t\t\t\talt=\"https:\/\/files.sunoresearch.com.br\/n\/uploads\/2023\/04\/1420x240-Planilha-vida-financeira-true.png\"\n\t\t\t\t>\n\t\t\t<\/picture>\n\t\t<\/a>\n\t<\/p>\n\n\n\n\n\n<p>Segundo o jornal Valor Econ\u00f4mico, a nova proposta prev\u00ea que a remunera\u00e7\u00e3o do <strong>conselho de administra\u00e7\u00e3o da Americanas<\/strong> fique em R$ 3,6 milh\u00f5es neste ano. No ano passado, o valor total pago foi de R$ 4,56 milh\u00f5es, e o plano apresentado anteriormente previa que essa cifra aumentasse para R$ 5 milh\u00f5es.<\/p>\n\n\n\n<p>Entre os nomes presentes no <a class=\"suno-keyword\" data-force=\"no\" data-priority=\"1\" href=\"https:\/\/www.suno.com.br\/artigos\/conselho-administracao\/\" target=\"_blank\" rel=\"noopener\">conselho de administra\u00e7\u00e3o<\/a> da varejista, est\u00e3o<strong> Paulo Alberto Lemann<\/strong>, filho do principal acionista de refer\u00eancia da empresa, e <a href=\"https:\/\/www.suno.com.br\/tudo-sobre\/carlos-alberto-sicupira\/\" target=\"_blank\" rel=\"noreferrer noopener\">Carlos Alberto Sicupira<\/a>.<\/p>\n\n\n\n<p>Em 2022, cada integrante do conselho recebeu, em m\u00e9dia, R$ 651,4 milh\u00f5es\/ano. Com a atual proposta, a remunera\u00e7\u00e3o m\u00e9dia cai para R$ 514,2 milh\u00f5es, sendo que o plano anterior previa turbinar os proventos para uma cifra superior a R$ 700 mil.<\/p>\n\n\n\n<p>A varejista pretende manter a atual forma\u00e7\u00e3o do conselho neste novo ciclo: al\u00e9m de Alberto Lemann e Sicupira, integram a equipe Claudio Barreto Garcia, Eduardo Saggioro Garcia, Sidney Victor da Costa Breyer, Mauro Not e Vanessa Claro Lopes.<\/p>\n\n\n\n<p>A proposta ser\u00e1 debatida na Assembleia Geral e Extraordin\u00e1ria da companhia, marcada para 29 de abril. Ou seja, o <strong>filho de Lemann<\/strong> ter\u00e1 seu sal\u00e1rio reduzido caso os acionistas aprovem sua perman\u00eancia no conselho e, em seguida, o reajuste nos proventos.<\/p>\n\n\n\t<p>\n\t\t<a href=\"https:\/\/lp.suno.com.br\/plataforma-de-controle-de-investimentos\/\" target=\"_blank\" data-element=\"shortcode-suno-banner\" title=\"Banner SUNO, clique e saiba mais\">\n\t\t\t<picture>\n\t\t\t\t<source media=\"(max-width: 500px)\" srcset=\"https:\/\/files.sunoresearch.com.br\/n\/uploads\/2023\/03\/400x300-Controle-de-Investimentos.png\">\n\t\t\t\t<img class=\"newsContent__article__imgCapa newsContent__article__imgCapa--banner\"\n\t\t\t\t\tsrc=\"https:\/\/files.sunoresearch.com.br\/n\/uploads\/2023\/03\/1420x240-Controle-de-Investimentos.png\"\n\t\t\t\t\tdata-promo-id=\"383162\"\t\t\t\t\t\t\t\t\t\twidth='1420' height='240'\t\t\t\t\talt=\"https:\/\/files.sunoresearch.com.br\/n\/uploads\/2023\/03\/1420x240-Controle-de-Investimentos.png\"\n\t\t\t\t>\n\t\t\t<\/picture>\n\t\t<\/a>\n\t<\/p>\n\n\n\n\n\n<h2 class=\"wp-block-heading\">Americanas em recupera\u00e7\u00e3o judicial<\/h2>\n\n\n\n<p>A varejista est\u00e1 em <a class=\"suno-keyword\" data-force=\"no\" data-priority=\"2\" href=\"https:\/\/www.suno.com.br\/artigos\/recuperacao-judicial\/\" target=\"_blank\" rel=\"noopener\">recupera\u00e7\u00e3o judicial<\/a> com d\u00e9bitos que ultrapassam a casa dos R$ 40 bilh\u00f5es. A&nbsp;<strong>crise cont\u00e1bil na Americanas<\/strong>&nbsp;explodiu no come\u00e7o do ano, quando S\u00e9rgio Rial, ent\u00e3o CEO da varejista, revelou ter encontrado inconsist\u00eancias cont\u00e1beis de R$ 20 bilh\u00f5es.<\/p>\n\n\n\n<p>Jo\u00e3o Pedro Nascimento, presidente da&nbsp;<a href=\"https:\/\/www.suno.com.br\/artigos\/cvm\/\" target=\"_blank\" rel=\"noreferrer noopener\">CVM<\/a>, disse que a&nbsp;<strong>crise na&nbsp;Americanas<\/strong>&nbsp;colocou os neg\u00f3cios de Lemann, Sicupira e Marcel Telles na mira da autarquia. Em uma audi\u00eancia no Senado, o executivo chamou o esc\u00e2ndalo cont\u00e1bil da varejista de \u201clament\u00e1vel e grav\u00edssimo\u201d.<\/p>\n\n\n\n<p>&#8220;Sem querer tirar conclus\u00f5es, os&nbsp;acionistas controladores&nbsp;t\u00eam pol\u00edticas bastante agressivas sobre contabiliza\u00e7\u00e3o de despesa, buscando tirar o maior prazo poss\u00edvel dos fornecedores. As pol\u00edticas dos acionistas controladores nos deixam atentos a outras empresas de que participam&#8221;, argumentou Nascimento durante uma audi\u00eancia p\u00fablica no Senado Federal sobre a&nbsp;crise na&nbsp;<strong>Americanas<\/strong>.<\/p>\n\n\n\t<p>\n\t\t<a href=\"https:\/\/lp.suno.com.br\/ebook-investindo-em-dividendos\/\" target=\"_blank\" data-element=\"shortcode-suno-banner\" title=\"Banner SUNO, clique e saiba mais\">\n\t\t\t<picture>\n\t\t\t\t<source media=\"(max-width: 500px)\" srcset=\"https:\/\/files.sunoresearch.com.br\/n\/uploads\/2023\/03\/400x300-Dividendos.png\">\n\t\t\t\t<img class=\"newsContent__article__imgCapa newsContent__article__imgCapa--banner\"\n\t\t\t\t\tsrc=\"https:\/\/files.sunoresearch.com.br\/n\/uploads\/2023\/03\/1420x240-Dividendos.png\"\n\t\t\t\t\tdata-promo-id=\"383163\"\t\t\t\t\t\t\t\t\t\twidth='1420' height='240'\t\t\t\t\talt=\"https:\/\/files.sunoresearch.com.br\/n\/uploads\/2023\/03\/1420x240-Dividendos.png\"\n\t\t\t\t>\n\t\t\t<\/picture>\n\t\t<\/a>\n\t<\/p>\n\n\n","protected":false},"excerpt":{"rendered":"<p>Ap\u00f3s sugerir aumentar o sal\u00e1rio do filho de Jorge Paulo Lemann mesmo enfrentando uma crise sem precedentes, a Americanas (AMER3) mudou sua proposta. Jorge Paulo Lemann. Foto: YouTube De acordo com informa\u00e7\u00f5es divulgadas nesta ter\u00e7a (4), agora a ideia \u00e9 reduzir o sal\u00e1rio do executivo e dos demais administradores da companhia. Segundo o jornal Valor [&hellip;]<\/p>\n","protected":false},"author":232,"featured_media":355346,"comment_status":"closed","ping_status":"closed","sticky":false,"template":"","format":"standard","meta":[],"categories":[60],"tags":[106605,1550],"suno_strategy":[],"class_list":["post-385392","post","type-post","status-publish","format-standard","has-post-thumbnail","hentry","category-mercado","tag-americanas-s-a-amer3","tag-jorge-paulo-lemann"],"yoast_head":"<!-- This site is optimized with the Yoast SEO plugin v24.4 - https:\/\/yoast.com\/wordpress\/plugins\/seo\/ -->\n<title>Americanas (AMER3) muda e tenta reduzir sal\u00e1rio de filho de Lemann<\/title>\n<meta name=\"description\" content=\"Ap\u00f3s sugerir aumentar o sal\u00e1rio do filho de Jorge Paulo Lemann mesmo enfrentando uma crise, a Americanas (AMER3) mudou de ideia.\" \/>\n<meta name=\"robots\" content=\"index, follow, max-snippet:-1, max-image-preview:large, max-video-preview:-1\" \/>\n<link rel=\"canonical\" href=\"https:\/\/www.suno.com.br\/noticias\/americanas-amer3-reducao-salario-filho-lemann\/\" \/>\n<meta property=\"og:locale\" content=\"pt_BR\" \/>\n<meta property=\"og:type\" content=\"article\" \/>\n<meta property=\"og:title\" content=\"Americanas (AMER3) muda e tenta reduzir sal\u00e1rio de filho de Lemann\" \/>\n<meta property=\"og:description\" content=\"Ap\u00f3s sugerir aumentar o sal\u00e1rio do filho de Jorge Paulo Lemann mesmo enfrentando uma crise, a Americanas (AMER3) mudou de ideia.\" \/>\n<meta property=\"og:url\" content=\"https:\/\/www.suno.com.br\/noticias\/americanas-amer3-reducao-salario-filho-lemann\/\" \/>\n<meta property=\"og:site_name\" content=\"Suno Not\u00edcias\" \/>\n<meta property=\"article:publisher\" content=\"https:\/\/facebook.com\/sunoresearch\" \/>\n<meta property=\"og:image\" content=\"https:\/\/files.sunoresearch.com.br\/n\/uploads\/2023\/01\/jorge-paulo-lemann-americanas-amer3-crise-foto-youtube.jpg\" \/>\n\t<meta property=\"og:image:width\" content=\"1200\" \/>\n\t<meta property=\"og:image:height\" content=\"675\" \/>\n\t<meta property=\"og:image:type\" content=\"image\/jpeg\" \/>\n<meta name=\"author\" content=\"Erick Matheus Nery\" \/>\n<meta name=\"twitter:card\" content=\"summary_large_image\" \/>\n<meta name=\"twitter:creator\" content=\"@sunoresearch\" \/>\n<meta name=\"twitter:site\" content=\"@sunoresearch\" \/>\n<meta name=\"twitter:label1\" content=\"Escrito por\" \/>\n\t<meta name=\"twitter:data1\" content=\"Erick Matheus Nery\" \/>\n\t<meta name=\"twitter:label2\" content=\"Est. tempo de leitura\" \/>\n\t<meta name=\"twitter:data2\" content=\"3 minutos\" \/>\n<script type=\"application\/ld+json\" class=\"yoast-schema-graph\">{\"@context\":\"https:\/\/schema.org\",\"@graph\":[{\"@type\":\"NewsArticle\",\"@id\":\"https:\/\/www.suno.com.br\/noticias\/americanas-amer3-reducao-salario-filho-lemann\/#article\",\"isPartOf\":{\"@id\":\"https:\/\/www.suno.com.br\/noticias\/americanas-amer3-reducao-salario-filho-lemann\/\"},\"author\":{\"name\":\"Erick Matheus Nery\",\"@id\":\"https:\/\/www.suno.com.br\/noticias\/#\/schema\/person\/6899bc3f19d1a7315f807131c2c013a0\"},\"headline\":\"Americanas (AMER3) aperta os cintos, muda plano e tenta reduzir sal\u00e1rio de filho de Lemann\",\"datePublished\":\"2023-04-04T20:14:00+00:00\",\"dateModified\":\"2023-04-27T17:41:23+00:00\",\"mainEntityOfPage\":{\"@id\":\"https:\/\/www.suno.com.br\/noticias\/americanas-amer3-reducao-salario-filho-lemann\/\"},\"wordCount\":456,\"publisher\":{\"@id\":\"https:\/\/www.suno.com.br\/noticias\/#organization\"},\"image\":{\"@id\":\"https:\/\/www.suno.com.br\/noticias\/americanas-amer3-reducao-salario-filho-lemann\/#primaryimage\"},\"thumbnailUrl\":\"https:\/\/files.sunoresearch.com.br\/n\/uploads\/2023\/01\/jorge-paulo-lemann-americanas-amer3-crise-foto-youtube.jpg\",\"keywords\":[\"Americanas (AMER3)\",\"Jorge Paulo Lemann\"],\"articleSection\":[\"Mercado\"],\"inLanguage\":\"pt-BR\"},{\"@type\":\"WebPage\",\"@id\":\"https:\/\/www.suno.com.br\/noticias\/americanas-amer3-reducao-salario-filho-lemann\/\",\"url\":\"https:\/\/www.suno.com.br\/noticias\/americanas-amer3-reducao-salario-filho-lemann\/\",\"name\":\"Americanas (AMER3) muda e tenta reduzir sal\u00e1rio de filho de Lemann\",\"isPartOf\":{\"@id\":\"https:\/\/www.suno.com.br\/noticias\/#website\"},\"primaryImageOfPage\":{\"@id\":\"https:\/\/www.suno.com.br\/noticias\/americanas-amer3-reducao-salario-filho-lemann\/#primaryimage\"},\"image\":{\"@id\":\"https:\/\/www.suno.com.br\/noticias\/americanas-amer3-reducao-salario-filho-lemann\/#primaryimage\"},\"thumbnailUrl\":\"https:\/\/files.sunoresearch.com.br\/n\/uploads\/2023\/01\/jorge-paulo-lemann-americanas-amer3-crise-foto-youtube.jpg\",\"datePublished\":\"2023-04-04T20:14:00+00:00\",\"dateModified\":\"2023-04-27T17:41:23+00:00\",\"description\":\"Ap\u00f3s sugerir aumentar o sal\u00e1rio do filho de Jorge Paulo Lemann mesmo enfrentando uma crise, a Americanas (AMER3) mudou de ideia.\",\"breadcrumb\":{\"@id\":\"https:\/\/www.suno.com.br\/noticias\/americanas-amer3-reducao-salario-filho-lemann\/#breadcrumb\"},\"inLanguage\":\"pt-BR\",\"potentialAction\":[{\"@type\":\"ReadAction\",\"target\":[\"https:\/\/www.suno.com.br\/noticias\/americanas-amer3-reducao-salario-filho-lemann\/\"]}]},{\"@type\":\"ImageObject\",\"inLanguage\":\"pt-BR\",\"@id\":\"https:\/\/www.suno.com.br\/noticias\/americanas-amer3-reducao-salario-filho-lemann\/#primaryimage\",\"url\":\"https:\/\/files.sunoresearch.com.br\/n\/uploads\/2023\/01\/jorge-paulo-lemann-americanas-amer3-crise-foto-youtube.jpg\",\"contentUrl\":\"https:\/\/files.sunoresearch.com.br\/n\/uploads\/2023\/01\/jorge-paulo-lemann-americanas-amer3-crise-foto-youtube.jpg\",\"width\":1200,\"height\":675,\"caption\":\"Jorge Paulo Lemann. Foto: YouTube\"},{\"@type\":\"BreadcrumbList\",\"@id\":\"https:\/\/www.suno.com.br\/noticias\/americanas-amer3-reducao-salario-filho-lemann\/#breadcrumb\",\"itemListElement\":[{\"@type\":\"ListItem\",\"position\":1,\"name\":\"Not\u00edcias\",\"item\":\"https:\/\/www.suno.com.br\/noticias\/\"},{\"@type\":\"ListItem\",\"position\":2,\"name\":\"Mercado\",\"item\":\"https:\/\/www.suno.com.br\/noticias\/mercado\/\"},{\"@type\":\"ListItem\",\"position\":3,\"name\":\"Americanas (AMER3) aperta os cintos, muda plano e tenta reduzir sal\u00e1rio de filho de Lemann\"}]},{\"@type\":\"WebSite\",\"@id\":\"https:\/\/www.suno.com.br\/noticias\/#website\",\"url\":\"https:\/\/www.suno.com.br\/noticias\/\",\"name\":\"Suno Not\u00edcias\",\"description\":\"Seu portal de informa\u00e7\u00e3o sobre o mundo dos investimentos\",\"publisher\":{\"@id\":\"https:\/\/www.suno.com.br\/noticias\/#organization\"},\"potentialAction\":[{\"@type\":\"SearchAction\",\"target\":{\"@type\":\"EntryPoint\",\"urlTemplate\":\"https:\/\/www.suno.com.br\/noticias\/?s={search_term_string}\"},\"query-input\":{\"@type\":\"PropertyValueSpecification\",\"valueRequired\":true,\"valueName\":\"search_term_string\"}}],\"inLanguage\":\"pt-BR\"},{\"@type\":\"Organization\",\"@id\":\"https:\/\/www.suno.com.br\/noticias\/#organization\",\"name\":\"Suno Not\u00edcias\",\"url\":\"https:\/\/www.suno.com.br\/noticias\/\",\"logo\":{\"@type\":\"ImageObject\",\"inLanguage\":\"pt-BR\",\"@id\":\"https:\/\/www.suno.com.br\/noticias\/#\/schema\/logo\/image\/\",\"url\":\"https:\/\/files.sunoresearch.com.br\/n\/uploads\/2021\/09\/suno-logo.png\",\"contentUrl\":\"https:\/\/files.sunoresearch.com.br\/n\/uploads\/2021\/09\/suno-logo.png\",\"width\":180,\"height\":180,\"caption\":\"Suno Not\u00edcias\"},\"image\":{\"@id\":\"https:\/\/www.suno.com.br\/noticias\/#\/schema\/logo\/image\/\"},\"sameAs\":[\"https:\/\/facebook.com\/sunoresearch\",\"https:\/\/x.com\/sunoresearch\",\"https:\/\/www.instagram.com\/suno\",\"https:\/\/www.linkedin.com\/company\/suno-research\/\",\"https:\/\/www.youtube.com\/c\/sunoresearch\"]},{\"@type\":\"Person\",\"@id\":\"https:\/\/www.suno.com.br\/noticias\/#\/schema\/person\/6899bc3f19d1a7315f807131c2c013a0\",\"name\":\"Erick Matheus Nery\",\"image\":{\"@type\":\"ImageObject\",\"inLanguage\":\"pt-BR\",\"@id\":\"https:\/\/www.suno.com.br\/noticias\/#\/schema\/person\/image\/\",\"url\":\"https:\/\/secure.gravatar.com\/avatar\/518ddffe438ccb767782d372a66304d2?s=96&r=g\",\"contentUrl\":\"https:\/\/secure.gravatar.com\/avatar\/518ddffe438ccb767782d372a66304d2?s=96&r=g\",\"caption\":\"Erick Matheus Nery\"},\"description\":\"Formado em Jornalismo pela Universidade Federal do Par\u00e1 (UFPA), conta com extens\u00e3o em Jornalismo Econ\u00f4mico pela Funda\u00e7\u00e3o Get\u00falio Vargas (FGV). No Suno Not\u00edcias, atua como rep\u00f3rter de Mercado, com foco nos setores de telecomunica\u00e7\u00f5es, varejo, alimentos e renda fixa. Conta com passagens pelo jornal O Estado de S\u00e3o Paulo, como trainee de Jornalismo Econ\u00f4mico, e pelo site Not\u00edcias da TV.\",\"url\":\"https:\/\/www.suno.com.br\/noticias\/author\/erick-nery\/\"}]}<\/script>\n<!-- \/ Yoast SEO plugin. -->","yoast_head_json":{"title":"Americanas (AMER3) muda e tenta reduzir sal\u00e1rio de filho de Lemann","description":"Ap\u00f3s sugerir aumentar o sal\u00e1rio do filho de Jorge Paulo Lemann mesmo enfrentando uma crise, a Americanas (AMER3) mudou de ideia.","robots":{"index":"index","follow":"follow","max-snippet":"max-snippet:-1","max-image-preview":"max-image-preview:large","max-video-preview":"max-video-preview:-1"},"canonical":"https:\/\/www.suno.com.br\/noticias\/americanas-amer3-reducao-salario-filho-lemann\/","og_locale":"pt_BR","og_type":"article","og_title":"Americanas (AMER3) muda e tenta reduzir sal\u00e1rio de filho de Lemann","og_description":"Ap\u00f3s sugerir aumentar o sal\u00e1rio do filho de Jorge Paulo Lemann mesmo enfrentando uma crise, a Americanas (AMER3) mudou de ideia.","og_url":"https:\/\/www.suno.com.br\/noticias\/americanas-amer3-reducao-salario-filho-lemann\/","og_site_name":"Suno Not\u00edcias","article_publisher":"https:\/\/facebook.com\/sunoresearch","og_image":[{"width":1200,"height":675,"url":"https:\/\/files.sunoresearch.com.br\/n\/uploads\/2023\/01\/jorge-paulo-lemann-americanas-amer3-crise-foto-youtube.jpg","type":"image\/jpeg"}],"author":"Erick Matheus Nery","twitter_card":"summary_large_image","twitter_creator":"@sunoresearch","twitter_site":"@sunoresearch","twitter_misc":{"Escrito por":"Erick Matheus Nery","Est. tempo de leitura":"3 minutos"},"schema":{"@context":"https:\/\/schema.org","@graph":[{"@type":"NewsArticle","@id":"https:\/\/www.suno.com.br\/noticias\/americanas-amer3-reducao-salario-filho-lemann\/#article","isPartOf":{"@id":"https:\/\/www.suno.com.br\/noticias\/americanas-amer3-reducao-salario-filho-lemann\/"},"author":{"name":"Erick Matheus Nery","@id":"https:\/\/www.suno.com.br\/noticias\/#\/schema\/person\/6899bc3f19d1a7315f807131c2c013a0"},"headline":"Americanas (AMER3) aperta os cintos, muda plano e tenta reduzir sal\u00e1rio de filho de Lemann","datePublished":"2023-04-04T20:14:00+00:00","dateModified":"2023-04-27T17:41:23+00:00","mainEntityOfPage":{"@id":"https:\/\/www.suno.com.br\/noticias\/americanas-amer3-reducao-salario-filho-lemann\/"},"wordCount":456,"publisher":{"@id":"https:\/\/www.suno.com.br\/noticias\/#organization"},"image":{"@id":"https:\/\/www.suno.com.br\/noticias\/americanas-amer3-reducao-salario-filho-lemann\/#primaryimage"},"thumbnailUrl":"https:\/\/files.sunoresearch.com.br\/n\/uploads\/2023\/01\/jorge-paulo-lemann-americanas-amer3-crise-foto-youtube.jpg","keywords":["Americanas (AMER3)","Jorge Paulo Lemann"],"articleSection":["Mercado"],"inLanguage":"pt-BR"},{"@type":"WebPage","@id":"https:\/\/www.suno.com.br\/noticias\/americanas-amer3-reducao-salario-filho-lemann\/","url":"https:\/\/www.suno.com.br\/noticias\/americanas-amer3-reducao-salario-filho-lemann\/","name":"Americanas (AMER3) muda e tenta reduzir sal\u00e1rio de filho de Lemann","isPartOf":{"@id":"https:\/\/www.suno.com.br\/noticias\/#website"},"primaryImageOfPage":{"@id":"https:\/\/www.suno.com.br\/noticias\/americanas-amer3-reducao-salario-filho-lemann\/#primaryimage"},"image":{"@id":"https:\/\/www.suno.com.br\/noticias\/americanas-amer3-reducao-salario-filho-lemann\/#primaryimage"},"thumbnailUrl":"https:\/\/files.sunoresearch.com.br\/n\/uploads\/2023\/01\/jorge-paulo-lemann-americanas-amer3-crise-foto-youtube.jpg","datePublished":"2023-04-04T20:14:00+00:00","dateModified":"2023-04-27T17:41:23+00:00","description":"Ap\u00f3s sugerir aumentar o sal\u00e1rio do filho de Jorge Paulo Lemann mesmo enfrentando uma crise, a Americanas (AMER3) mudou de ideia.","breadcrumb":{"@id":"https:\/\/www.suno.com.br\/noticias\/americanas-amer3-reducao-salario-filho-lemann\/#breadcrumb"},"inLanguage":"pt-BR","potentialAction":[{"@type":"ReadAction","target":["https:\/\/www.suno.com.br\/noticias\/americanas-amer3-reducao-salario-filho-lemann\/"]}]},{"@type":"ImageObject","inLanguage":"pt-BR","@id":"https:\/\/www.suno.com.br\/noticias\/americanas-amer3-reducao-salario-filho-lemann\/#primaryimage","url":"https:\/\/files.sunoresearch.com.br\/n\/uploads\/2023\/01\/jorge-paulo-lemann-americanas-amer3-crise-foto-youtube.jpg","contentUrl":"https:\/\/files.sunoresearch.com.br\/n\/uploads\/2023\/01\/jorge-paulo-lemann-americanas-amer3-crise-foto-youtube.jpg","width":1200,"height":675,"caption":"Jorge Paulo Lemann. Foto: YouTube"},{"@type":"BreadcrumbList","@id":"https:\/\/www.suno.com.br\/noticias\/americanas-amer3-reducao-salario-filho-lemann\/#breadcrumb","itemListElement":[{"@type":"ListItem","position":1,"name":"Not\u00edcias","item":"https:\/\/www.suno.com.br\/noticias\/"},{"@type":"ListItem","position":2,"name":"Mercado","item":"https:\/\/www.suno.com.br\/noticias\/mercado\/"},{"@type":"ListItem","position":3,"name":"Americanas (AMER3) aperta os cintos, muda plano e tenta reduzir sal\u00e1rio de filho de Lemann"}]},{"@type":"WebSite","@id":"https:\/\/www.suno.com.br\/noticias\/#website","url":"https:\/\/www.suno.com.br\/noticias\/","name":"Suno Not\u00edcias","description":"Seu portal de informa\u00e7\u00e3o sobre o mundo dos investimentos","publisher":{"@id":"https:\/\/www.suno.com.br\/noticias\/#organization"},"potentialAction":[{"@type":"SearchAction","target":{"@type":"EntryPoint","urlTemplate":"https:\/\/www.suno.com.br\/noticias\/?s={search_term_string}"},"query-input":{"@type":"PropertyValueSpecification","valueRequired":true,"valueName":"search_term_string"}}],"inLanguage":"pt-BR"},{"@type":"Organization","@id":"https:\/\/www.suno.com.br\/noticias\/#organization","name":"Suno Not\u00edcias","url":"https:\/\/www.suno.com.br\/noticias\/","logo":{"@type":"ImageObject","inLanguage":"pt-BR","@id":"https:\/\/www.suno.com.br\/noticias\/#\/schema\/logo\/image\/","url":"https:\/\/files.sunoresearch.com.br\/n\/uploads\/2021\/09\/suno-logo.png","contentUrl":"https:\/\/files.sunoresearch.com.br\/n\/uploads\/2021\/09\/suno-logo.png","width":180,"height":180,"caption":"Suno Not\u00edcias"},"image":{"@id":"https:\/\/www.suno.com.br\/noticias\/#\/schema\/logo\/image\/"},"sameAs":["https:\/\/facebook.com\/sunoresearch","https:\/\/x.com\/sunoresearch","https:\/\/www.instagram.com\/suno","https:\/\/www.linkedin.com\/company\/suno-research\/","https:\/\/www.youtube.com\/c\/sunoresearch"]},{"@type":"Person","@id":"https:\/\/www.suno.com.br\/noticias\/#\/schema\/person\/6899bc3f19d1a7315f807131c2c013a0","name":"Erick Matheus Nery","image":{"@type":"ImageObject","inLanguage":"pt-BR","@id":"https:\/\/www.suno.com.br\/noticias\/#\/schema\/person\/image\/","url":"https:\/\/secure.gravatar.com\/avatar\/518ddffe438ccb767782d372a66304d2?s=96&r=g","contentUrl":"https:\/\/secure.gravatar.com\/avatar\/518ddffe438ccb767782d372a66304d2?s=96&r=g","caption":"Erick Matheus Nery"},"description":"Formado em Jornalismo pela Universidade Federal do Par\u00e1 (UFPA), conta com extens\u00e3o em Jornalismo Econ\u00f4mico pela Funda\u00e7\u00e3o Get\u00falio Vargas (FGV). No Suno Not\u00edcias, atua como rep\u00f3rter de Mercado, com foco nos setores de telecomunica\u00e7\u00f5es, varejo, alimentos e renda fixa. Conta com passagens pelo jornal O Estado de S\u00e3o Paulo, como trainee de Jornalismo Econ\u00f4mico, e pelo site Not\u00edcias da TV.","url":"https:\/\/www.suno.com.br\/noticias\/author\/erick-nery\/"}]}},"default_loop_html":"<div class=\"cardsPage__listCard__boxs\"><div class=\"cardsPage__listCard__boxs__img\"><a href=\"https:\/\/www.suno.com.br\/noticias\/americanas-amer3-reducao-salario-filho-lemann\/\"><img class=\"mask\" src=\"https:\/\/www.suno.com.br\/noticias\/wp-content\/themes\/suno\/resources\/images\/spotlight\/spotlight1img\/bg-mask.png\" alt=\"Image Mask\"\/><img src=\"https:\/\/files.sunoresearch.com.br\/n\/uploads\/2023\/01\/jorge-paulo-lemann-americanas-amer3-crise-foto-youtube-400x200.jpg\" alt=\"Americanas (AMER3) aperta os cintos, muda plano e tenta reduzir sal\u00e1rio de filho de Lemann\"\/><\/a><span class=\"spotlightCategory\"><a href=\"https:\/\/www.suno.com.br\/noticias\/mercado\/\">Mercado<\/a><\/span><\/div><div class=\"cardsPage__listCard__boxs__content\"><a href=\"https:\/\/www.suno.com.br\/noticias\/americanas-amer3-reducao-salario-filho-lemann\/\"><h2 class=\"content__title\">Americanas (AMER3) aperta os cintos, muda plano e tenta reduzir sal\u00e1rio de filho de Lemann<\/h2><\/a><div class=\"newsContent__article__meta\"><div class=\"newsContent__article__meta__authorBox\"><a href=\"https:\/\/www.suno.com.br\/noticias\/author\/erick-nery\/\" class=\"authorBox__avatar noMobi\"><img src=\"https:\/\/secure.gravatar.com\/avatar\/518ddffe438ccb767782d372a66304d2?s=96&#038;r=g\" alt=\"Erick Matheus Nery\"><\/a><div class=\"authorBox__name\"><span>por\n\t\t\t<a href=\"https:\/\/www.suno.com.br\/noticias\/author\/erick-nery\/\"><span itemprop=\"author\">Erick Matheus Nery<\/span><\/a><\/span><time datetime=\"2023-04-04T17:14:00-03:00\" itemprop=\"datePublished\">04\/04\/2023 17:14<\/time><\/div><\/div><\/div><\/div><\/div>","single_layout":"posts","amp_enabled":true,"_links":{"self":[{"href":"https:\/\/www.suno.com.br\/noticias\/wp-json\/wp\/v2\/posts\/385392"}],"collection":[{"href":"https:\/\/www.suno.com.br\/noticias\/wp-json\/wp\/v2\/posts"}],"about":[{"href":"https:\/\/www.suno.com.br\/noticias\/wp-json\/wp\/v2\/types\/post"}],"author":[{"embeddable":true,"href":"https:\/\/www.suno.com.br\/noticias\/wp-json\/wp\/v2\/users\/232"}],"replies":[{"embeddable":true,"href":"https:\/\/www.suno.com.br\/noticias\/wp-json\/wp\/v2\/comments?post=385392"}],"version-history":[{"count":3,"href":"https:\/\/www.suno.com.br\/noticias\/wp-json\/wp\/v2\/posts\/385392\/revisions"}],"predecessor-version":[{"id":395955,"href":"https:\/\/www.suno.com.br\/noticias\/wp-json\/wp\/v2\/posts\/385392\/revisions\/395955"}],"wp:featuredmedia":[{"embeddable":true,"href":"https:\/\/www.suno.com.br\/noticias\/wp-json\/wp\/v2\/media\/355346"}],"wp:attachment":[{"href":"https:\/\/www.suno.com.br\/noticias\/wp-json\/wp\/v2\/media?parent=385392"}],"wp:term":[{"taxonomy":"category","embeddable":true,"href":"https:\/\/www.suno.com.br\/noticias\/wp-json\/wp\/v2\/categories?post=385392"},{"taxonomy":"post_tag","embeddable":true,"href":"https:\/\/www.suno.com.br\/noticias\/wp-json\/wp\/v2\/tags?post=385392"},{"taxonomy":"suno_strategy","embeddable":true,"href":"https:\/\/www.suno.com.br\/noticias\/wp-json\/wp\/v2\/suno_strategy?post=385392"}],"curies":[{"name":"wp","href":"https:\/\/api.w.org\/{rel}","templated":true}]}}